{"id":58249,"date":"2023-07-17T11:23:33","date_gmt":"2023-07-17T09:23:33","guid":{"rendered":"https:\/\/ppdegalicia.com\/rueda-lembra-que-uns-poucos-votos-poden-marcar-a-diferenza-entre-gobernar-ou-non-e-apela-as-maiorias-que-conseguiu-feijoo-en-galicia-para-que-o-leven-agora-a-moncloa\/"},"modified":"2023-07-17T11:23:33","modified_gmt":"2023-07-17T09:23:33","slug":"rueda-lembra-que-uns-poucos-votos-poden-marcar-a-diferenza-entre-gobernar-ou-non-e-apela-as-maiorias-que-conseguiu-feijoo-en-galicia-para-que-o-leven-agora-a-moncloa","status":"publish","type":"post","link":"https:\/\/ppdegalicia.com\/es\/rueda-lembra-que-uns-poucos-votos-poden-marcar-a-diferenza-entre-gobernar-ou-non-e-apela-as-maiorias-que-conseguiu-feijoo-en-galicia-para-que-o-leven-agora-a-moncloa\/","title":{"rendered":"Rueda lembra que uns poucos votos poden marcar a diferenza entre gobernar ou non e apela \u00e1s maior\u00edas que conseguiu Feij\u00f3o en Galicia para que o leven agora \u00e1 Moncloa"},"content":{"rendered":"<p><img fetchpriority=\"high\" decoding=\"async\" class=\" size-full wp-image-58248\" src=\"https:\/\/ppdegalicia.com\/wp-content\/uploads\/2023\/07\/0f6623a2c7da45f807dcc9b070fbfab6-scaled.jpg\" alt=\"\" width=\"2560\" height=\"1828\" srcset=\"https:\/\/ppdegalicia.com\/wp-content\/uploads\/2023\/07\/0f6623a2c7da45f807dcc9b070fbfab6-scaled.jpg 2560w, https:\/\/ppdegalicia.com\/wp-content\/uploads\/2023\/07\/0f6623a2c7da45f807dcc9b070fbfab6-300x214.jpg 300w, https:\/\/ppdegalicia.com\/wp-content\/uploads\/2023\/07\/0f6623a2c7da45f807dcc9b070fbfab6-1024x731.jpg 1024w, https:\/\/ppdegalicia.com\/wp-content\/uploads\/2023\/07\/0f6623a2c7da45f807dcc9b070fbfab6-768x548.jpg 768w, https:\/\/ppdegalicia.com\/wp-content\/uploads\/2023\/07\/0f6623a2c7da45f807dcc9b070fbfab6-1536x1097.jpg 1536w, https:\/\/ppdegalicia.com\/wp-content\/uploads\/2023\/07\/0f6623a2c7da45f807dcc9b070fbfab6-2048x1462.jpg 2048w\" sizes=\"(max-width: 2560px) 100vw, 2560px\" \/><\/p>\n<p>O presidente do PPdeG asegurou, nun mitin celebrado no Pazo do Monte de Ferrol, que os galegos te\u00f1en na s\u00faa man evitar catro anos m\u00e1is de sanchismo derrog\u00e1ndoo ao grande: contribu\u00edndo desde Galicia a unha maior\u00eda contundente que permita a Alberto N\u00fa\u00f1ez Feij\u00f3o formar un goberno cohesionado, estable e sen ataduras.<\/p>\n<p><!--more--><\/p>\n<p><strong>Diego Calvo<\/strong> contrap\u00f3n a \u201cdivisi\u00f3n de Espa\u00f1a\u201d que ofrecen o PSOE e os seus socios fronte ao \u201cGoberno forte, sen intermediarios e sen chantaxes\u201d que ofrece o PP<\/p>\n<p><strong>Miguel Tellado:<\/strong> \u201cNon imos permitir que os que saben que van perder impidan o Goberno de cambio que queren a maior\u00eda dos espa\u00f1ois\u201d<\/p>\n<p><strong>Jos\u00e9 Manuel Rey<\/strong>: \u201cSe queremos que non siga Pedro S\u00e1nchez, temos que ser capaces de unir o voto. Porque xa temos comprobado e sufrido o que ocorre cando se divide: un minuto de acordo e catro anos de enfrontamentos permanentes\u201d<\/p>\n<p>Recordou que uns votos poden marcar a diferenza entre gobernar e que \u201cnon nos deixen gobernar\u201d e por iso apelou \u00e1 ampla maior\u00eda que Feij\u00f3o conseguiu catro veces en Galicia para que agora o leve ao Palacio da Moncloa<\/p>\n<p>Un chamamento no que inclu\u00edu aos votante moderados que queren unha pol\u00edtica tranquila e eficaz, aos votantes socialistas decepcionados coa mentira e a ineficacia, e aos votantes de esquerda que queren unha Galicia relevante e cuxos partidos s\u00f3 lles poden garantir ser \u201cmuleta do sanchismo\u201d<\/p>\n<p>Alfonso Rueda puxo a Jos\u00e9 Manuel Rey como referente de como se goberna e de como se ga\u00f1a, asegurando que \u00e9 o mesmo modelo que sempre practicou Feij\u00f3o en Galicia e agora en Espa\u00f1a: escoitar \u00e1 xente, ofrecer un programa crible, apelar \u00e1 maior\u00eda e exercer o poder non como fin, sen\u00f3n como medio para mellorar a vida da xente<\/p>\n<p>Criticou a falta de seriedade e de rigor do Goberno de S\u00e1nchez con Ferrol e a s\u00faa comarca, remarcando a s\u00faa incapacidade de aprobar unha tarifa el\u00e9ctrica competitiva para que a central t\u00e9rmica das Pontes non suspendera a s\u00faa actividade, de impulsar a modernizaci\u00f3n da li\u00f1a ferroviaria con Coru\u00f1a e de avanzar no dique seco<\/p>\n<p>Recordou ademais que a Xunta puxo \u00e1 disposici\u00f3n do Goberno central un Pacto de Estado por Ferrol con medidas concretas para que a comarca tivera por fin o impulso que merec\u00eda, pero que o \u00fanico que atoparon do outro lado foi \u201cao Goberno m\u00e1is incumpridor desde que temos memoria\u201d<\/p>\n<p>Fronte aos cambios de opini\u00f3n de Pedro S\u00e1nchez, o l\u00edder dos populares galegos puxo en valor que Alberto N\u00fa\u00f1ez Feij\u00f3o sempre tivo a mesma porque aprecia a Ferrol, a co\u00f1ece ben e nunca deixou de considerala como un pulm\u00f3n industrial que hab\u00eda que revitalizar<\/p>\n<p><strong>DIEGO CALVO: \u201cS\u00c1NCHEZ NON QUERE QUE VOTEMOS\u201d<\/strong><\/p>\n<p>O presidente provincial afirmou que a data de convocatoria destas elecci\u00f3ns xerais responde unicamente a que \u201cS\u00e1nchez non queren que votemos\u201d e contrapuxo a \u201cdivisi\u00f3n de Espa\u00f1a\u201d que ofrecen o PSOE e os seus socios fronte ao \u201cGoberno forte, sen intermediarios e sen chantaxes\u201d que ofrece o PP<\/p>\n<p>Diego Calvo reivindicou as propostas \u201cfirmes e realistas\u201d do programa co que Alberto N\u00fa\u00f1ez Feij\u00f3o aspira a ser o pr\u00f3ximo presidente de Espa\u00f1a: \u201cPo\u00f1emos a disposici\u00f3n de todo o pa\u00eds unha nova forma de gobernar, gobernar \u00e1 galega\u201d<\/p>\n<p>En clave local, falou dun \u201cmaltrato hist\u00f3rico e permanente\u201d do PSOE \u00e1 comarca de Ferrol coa complicidade do BNG, remarcando que o Goberno galego si mostrou un compromiso claro co cumprimento do Pacto de Estado<\/p>\n<p><strong>MIGUEL TELLADO: \u201cXA PODEMOS VER A LI\u00d1A DE META\u201d<\/strong><\/p>\n<p>Tam\u00e9n o n\u00famero 1 ao Congreso pola Coru\u00f1a se referiu na s\u00faa intervenci\u00f3n ao \u201cdesprezo\u201d e o \u201cabandono\u201d do socialismo a Ferrol, exemplific\u00e1ndoo na falta de investimentos e no ataque do Goberno de S\u00e1nchez a empresas fundamentais para a econom\u00eda e o desenvolvemento da cidade, como \u00e9 o caso de Navantia<\/p>\n<p>En contraposici\u00f3n, Miguel Tellado subli\u00f1ou que o que Feij\u00f3o ofrece \u00e9 un proxecto para po\u00f1er os problemas dos cidad\u00e1ns no centro das pol\u00edticas p\u00fablicas e recuperar a ilusi\u00f3n e a confianza no futuro<\/p>\n<p>\u201cEstamos na recta final e xa podemos ver a li\u00f1a de meta. Non imos deixar que se saian coa s\u00faa. Non imos permitir que os que saben que van perder impidan o Goberno de cambio que queren a maior\u00eda dos espa\u00f1ois\u201d, conclu\u00edu<\/p>\n<p><strong>JOS\u00c9 MANUEL REY: \u201cNECESITAMOS UN GOBERNO QUE SAIBA ONDE EST\u00c1 FERROL E CALES SON OS TEMAS IMPORTANTE<\/strong>S\u201d<\/p>\n<p>O alcalde ferrol\u00e1n subli\u00f1ou que o PP \u00e9 \u201ca \u00fanica alternativa real a que sigan os mesmos\u201d e \u201co \u00fanico partido que pode garantirlle a Espa\u00f1a catro anos de estabilidade, ilusi\u00f3n por cambiar as cousas e capacidade de xesti\u00f3n\u201d<\/p>\n<p>\u201cSe queremos que non siga Pedro S\u00e1nchez, temos que ser capaces de unir o voto. Porque xa temos comprobado e sufrido o que ocorre cando se divide: un minuto de acordo e catro anos de enfrontamentos permanentes\u201d, explicou<\/p>\n<p>Nesta li\u00f1a chamou a unir o voto en torno a Alberto N\u00fa\u00f1ez Feij\u00f3o do mesmo xeito que se fixo en Ferrol nas elecci\u00f3ns municipais para contar as\u00ed cun Goberno que, ao igual que o da cidade, \u201cgoberne desde o minuto un\u201d<\/p>\n<p>\u201cNecesitamos un Goberno que nada m\u00e1is chegar saiba o que hai que facer, que saiba onde est\u00e1 Ferrol e cales son os temas importantes\u201d, engadiu Rey Varela para a continuaci\u00f3n mencionar o dique seco cuberto, a conexi\u00f3n coa Alta Velocidade, a modernizaci\u00f3n e renovaci\u00f3n da li\u00f1a ferroviaria Ferrol-A Coru\u00f1a ou a mellora da li\u00f1a de V\u00eda Estreita (FEVE)<\/p>\n<p>\u201cNecesitamos un Goberno que aposte pola diversificaci\u00f3n econ\u00f3mica creando unha Zona Franca na nosa cidade e incentivos \u00e1 implantaci\u00f3n empresarial, e que aposte pola nosa r\u00eda mediante un plan de rexeneraci\u00f3n marisqueira\u201d, continuou<\/p>\n<p>En contraposici\u00f3n ao sanchismo, o rexedor definiu o Goberno galego que preside Alfonso Rueda como o da normalidade, a cercan\u00eda, a confianza e a resoluci\u00f3n<\/p>\n<p>Neste sentido considera que o Goberno de Espa\u00f1a deber\u00eda representar os valores que encarna Alberto N\u00fa\u00f1ez Feij\u00f3o: a unidade, os principios, o interese xeral e o servizo p\u00fablico<\/p>\n<p>\u201cFeij\u00f3o \u00e9 o \u00fanico que se presenta para unir e non para dividir e confrontar e cun proxecto ao servizo de Espa\u00f1a, de Galicia e de Ferrol\u201d, remataba ao tempo que ped\u00eda para o candidato popular o mesmo apoio e a mesma unidade que recibiu el mesmo o pasado 28 de maio<\/p>\n","protected":false},"excerpt":{"rendered":"<p>O presidente do PPdeG asegurou, nun mitin celebrado no Pazo do Monte de Ferrol, que os galegos te\u00f1en na s\u00faa man evitar catro anos m\u00e1is de sanchismo derrog\u00e1ndoo ao grande: contribu\u00edndo desde Galicia a unha maior\u00eda contundente que permita a Alberto N\u00fa\u00f1ez Feij\u00f3o formar un goberno cohesionado, estable e sen ataduras.<\/p>\n","protected":false},"author":38,"featured_media":58248,"comment_status":"open","ping_status":"open","sticky":false,"template":"","format":"standard","meta":{"_acf_changed":false,"footnotes":""},"categories":[1],"tags":[],"class_list":["post-58249","post","type-post","status-publish","format-standard","has-post-thumbnail","hentry","category-pp-de-galicia"],"acf":[],"yoast_head":"<!-- This site is optimized with the Yoast SEO plugin v27.3 - https:\/\/yoast.com\/product\/yoast-seo-wordpress\/ -->\n<title>Rueda lembra que uns poucos votos poden marcar a diferenza entre gobernar ou non e apela \u00e1s maior\u00edas que conseguiu Feij\u00f3o en Galicia para que o leven agora \u00e1 Moncloa - PP de Galicia<\/title>\n<meta name=\"robots\" content=\"index, follow, max-snippet:-1, max-image-preview:large, max-video-preview:-1\" \/>\n<link rel=\"canonical\" href=\"https:\/\/ppdegalicia.com\/es\/rueda-lembra-que-uns-poucos-votos-poden-marcar-a-diferenza-entre-gobernar-ou-non-e-apela-as-maiorias-que-conseguiu-feijoo-en-galicia-para-que-o-leven-agora-a-moncloa\/\" \/>\n<meta property=\"og:locale\" content=\"es_ES\" \/>\n<meta property=\"og:type\" content=\"article\" \/>\n<meta property=\"og:title\" content=\"Rueda lembra que uns poucos votos poden marcar a diferenza entre gobernar ou non e apela \u00e1s maior\u00edas que conseguiu Feij\u00f3o en Galicia para que o leven agora \u00e1 Moncloa - PP de Galicia\" \/>\n<meta property=\"og:description\" content=\"O presidente do PPdeG asegurou, nun mitin celebrado no Pazo do Monte de Ferrol, que os galegos te\u00f1en na s\u00faa man evitar catro anos m\u00e1is de sanchismo derrog\u00e1ndoo ao grande: contribu\u00edndo desde Galicia a unha maior\u00eda contundente que permita a Alberto N\u00fa\u00f1ez Feij\u00f3o formar un goberno cohesionado, estable e sen ataduras.\" \/>\n<meta property=\"og:url\" content=\"https:\/\/ppdegalicia.com\/es\/rueda-lembra-que-uns-poucos-votos-poden-marcar-a-diferenza-entre-gobernar-ou-non-e-apela-as-maiorias-que-conseguiu-feijoo-en-galicia-para-que-o-leven-agora-a-moncloa\/\" \/>\n<meta property=\"og:site_name\" content=\"PP de Galicia\" \/>\n<meta property=\"article:publisher\" content=\"https:\/\/www.instagram.com\/ppdegalicia\/\" \/>\n<meta property=\"article:published_time\" content=\"2023-07-17T09:23:33+00:00\" \/>\n<meta property=\"og:image\" content=\"https:\/\/ppdegalicia.com\/wp-content\/uploads\/2023\/07\/0f6623a2c7da45f807dcc9b070fbfab6-scaled.jpg\" \/>\n\t<meta property=\"og:image:width\" content=\"2560\" \/>\n\t<meta property=\"og:image:height\" content=\"1828\" \/>\n\t<meta property=\"og:image:type\" content=\"image\/jpeg\" \/>\n<meta name=\"author\" content=\"ppdegaliciaredes\" \/>\n<meta name=\"twitter:card\" content=\"summary_large_image\" \/>\n<meta name=\"twitter:creator\" content=\"@ppdegalicia\" \/>\n<meta name=\"twitter:site\" content=\"@ppdegalicia\" \/>\n<meta name=\"twitter:label1\" content=\"Escrito por\" \/>\n\t<meta name=\"twitter:data1\" content=\"ppdegaliciaredes\" \/>\n\t<meta name=\"twitter:label2\" content=\"Tiempo de lectura\" \/>\n\t<meta name=\"twitter:data2\" content=\"6 minutos\" \/>\n<script type=\"application\/ld+json\" class=\"yoast-schema-graph\">{\"@context\":\"https:\\\/\\\/schema.org\",\"@graph\":[{\"@type\":\"Article\",\"@id\":\"https:\\\/\\\/ppdegalicia.com\\\/es\\\/rueda-lembra-que-uns-poucos-votos-poden-marcar-a-diferenza-entre-gobernar-ou-non-e-apela-as-maiorias-que-conseguiu-feijoo-en-galicia-para-que-o-leven-agora-a-moncloa\\\/#article\",\"isPartOf\":{\"@id\":\"https:\\\/\\\/ppdegalicia.com\\\/es\\\/rueda-lembra-que-uns-poucos-votos-poden-marcar-a-diferenza-entre-gobernar-ou-non-e-apela-as-maiorias-que-conseguiu-feijoo-en-galicia-para-que-o-leven-agora-a-moncloa\\\/\"},\"author\":{\"name\":\"ppdegaliciaredes\",\"@id\":\"https:\\\/\\\/ppdegalicia.com\\\/es\\\/#\\\/schema\\\/person\\\/5b822c6f59e872ebdd1142f307dbcb59\"},\"headline\":\"Rueda lembra que uns poucos votos poden marcar a diferenza entre gobernar ou non e apela \u00e1s maior\u00edas que conseguiu Feij\u00f3o en Galicia para que o leven agora \u00e1 Moncloa\",\"datePublished\":\"2023-07-17T09:23:33+00:00\",\"mainEntityOfPage\":{\"@id\":\"https:\\\/\\\/ppdegalicia.com\\\/es\\\/rueda-lembra-que-uns-poucos-votos-poden-marcar-a-diferenza-entre-gobernar-ou-non-e-apela-as-maiorias-que-conseguiu-feijoo-en-galicia-para-que-o-leven-agora-a-moncloa\\\/\"},\"wordCount\":1158,\"commentCount\":0,\"publisher\":{\"@id\":\"https:\\\/\\\/ppdegalicia.com\\\/es\\\/#organization\"},\"image\":{\"@id\":\"https:\\\/\\\/ppdegalicia.com\\\/es\\\/rueda-lembra-que-uns-poucos-votos-poden-marcar-a-diferenza-entre-gobernar-ou-non-e-apela-as-maiorias-que-conseguiu-feijoo-en-galicia-para-que-o-leven-agora-a-moncloa\\\/#primaryimage\"},\"thumbnailUrl\":\"https:\\\/\\\/ppdegalicia.com\\\/wp-content\\\/uploads\\\/2023\\\/07\\\/0f6623a2c7da45f807dcc9b070fbfab6-scaled.jpg\",\"articleSection\":[\"PP de Galicia\"],\"inLanguage\":\"es\",\"potentialAction\":[{\"@type\":\"CommentAction\",\"name\":\"Comment\",\"target\":[\"https:\\\/\\\/ppdegalicia.com\\\/es\\\/rueda-lembra-que-uns-poucos-votos-poden-marcar-a-diferenza-entre-gobernar-ou-non-e-apela-as-maiorias-que-conseguiu-feijoo-en-galicia-para-que-o-leven-agora-a-moncloa\\\/#respond\"]}]},{\"@type\":\"WebPage\",\"@id\":\"https:\\\/\\\/ppdegalicia.com\\\/es\\\/rueda-lembra-que-uns-poucos-votos-poden-marcar-a-diferenza-entre-gobernar-ou-non-e-apela-as-maiorias-que-conseguiu-feijoo-en-galicia-para-que-o-leven-agora-a-moncloa\\\/\",\"url\":\"https:\\\/\\\/ppdegalicia.com\\\/es\\\/rueda-lembra-que-uns-poucos-votos-poden-marcar-a-diferenza-entre-gobernar-ou-non-e-apela-as-maiorias-que-conseguiu-feijoo-en-galicia-para-que-o-leven-agora-a-moncloa\\\/\",\"name\":\"Rueda lembra que uns poucos votos poden marcar a diferenza entre gobernar ou non e apela \u00e1s maior\u00edas que conseguiu Feij\u00f3o en Galicia para que o leven agora \u00e1 Moncloa - PP de Galicia\",\"isPartOf\":{\"@id\":\"https:\\\/\\\/ppdegalicia.com\\\/es\\\/#website\"},\"primaryImageOfPage\":{\"@id\":\"https:\\\/\\\/ppdegalicia.com\\\/es\\\/rueda-lembra-que-uns-poucos-votos-poden-marcar-a-diferenza-entre-gobernar-ou-non-e-apela-as-maiorias-que-conseguiu-feijoo-en-galicia-para-que-o-leven-agora-a-moncloa\\\/#primaryimage\"},\"image\":{\"@id\":\"https:\\\/\\\/ppdegalicia.com\\\/es\\\/rueda-lembra-que-uns-poucos-votos-poden-marcar-a-diferenza-entre-gobernar-ou-non-e-apela-as-maiorias-que-conseguiu-feijoo-en-galicia-para-que-o-leven-agora-a-moncloa\\\/#primaryimage\"},\"thumbnailUrl\":\"https:\\\/\\\/ppdegalicia.com\\\/wp-content\\\/uploads\\\/2023\\\/07\\\/0f6623a2c7da45f807dcc9b070fbfab6-scaled.jpg\",\"datePublished\":\"2023-07-17T09:23:33+00:00\",\"breadcrumb\":{\"@id\":\"https:\\\/\\\/ppdegalicia.com\\\/es\\\/rueda-lembra-que-uns-poucos-votos-poden-marcar-a-diferenza-entre-gobernar-ou-non-e-apela-as-maiorias-que-conseguiu-feijoo-en-galicia-para-que-o-leven-agora-a-moncloa\\\/#breadcrumb\"},\"inLanguage\":\"es\",\"potentialAction\":[{\"@type\":\"ReadAction\",\"target\":[\"https:\\\/\\\/ppdegalicia.com\\\/es\\\/rueda-lembra-que-uns-poucos-votos-poden-marcar-a-diferenza-entre-gobernar-ou-non-e-apela-as-maiorias-que-conseguiu-feijoo-en-galicia-para-que-o-leven-agora-a-moncloa\\\/\"]}]},{\"@type\":\"ImageObject\",\"inLanguage\":\"es\",\"@id\":\"https:\\\/\\\/ppdegalicia.com\\\/es\\\/rueda-lembra-que-uns-poucos-votos-poden-marcar-a-diferenza-entre-gobernar-ou-non-e-apela-as-maiorias-que-conseguiu-feijoo-en-galicia-para-que-o-leven-agora-a-moncloa\\\/#primaryimage\",\"url\":\"https:\\\/\\\/ppdegalicia.com\\\/wp-content\\\/uploads\\\/2023\\\/07\\\/0f6623a2c7da45f807dcc9b070fbfab6-scaled.jpg\",\"contentUrl\":\"https:\\\/\\\/ppdegalicia.com\\\/wp-content\\\/uploads\\\/2023\\\/07\\\/0f6623a2c7da45f807dcc9b070fbfab6-scaled.jpg\",\"width\":2560,\"height\":1828},{\"@type\":\"BreadcrumbList\",\"@id\":\"https:\\\/\\\/ppdegalicia.com\\\/es\\\/rueda-lembra-que-uns-poucos-votos-poden-marcar-a-diferenza-entre-gobernar-ou-non-e-apela-as-maiorias-que-conseguiu-feijoo-en-galicia-para-que-o-leven-agora-a-moncloa\\\/#breadcrumb\",\"itemListElement\":[{\"@type\":\"ListItem\",\"position\":1,\"name\":\"Portada\",\"item\":\"https:\\\/\\\/ppdegalicia.com\\\/es\\\/\"},{\"@type\":\"ListItem\",\"position\":2,\"name\":\"Rueda lembra que uns poucos votos poden marcar a diferenza entre gobernar ou non e apela \u00e1s maior\u00edas que conseguiu Feij\u00f3o en Galicia para que o leven agora \u00e1 Moncloa\"}]},{\"@type\":\"WebSite\",\"@id\":\"https:\\\/\\\/ppdegalicia.com\\\/es\\\/#website\",\"url\":\"https:\\\/\\\/ppdegalicia.com\\\/es\\\/\",\"name\":\"Partido Popular de Galicia\",\"description\":\"Partido Popular de Galicia\",\"publisher\":{\"@id\":\"https:\\\/\\\/ppdegalicia.com\\\/es\\\/#organization\"},\"alternateName\":\"PP de Galicia\",\"potentialAction\":[{\"@type\":\"SearchAction\",\"target\":{\"@type\":\"EntryPoint\",\"urlTemplate\":\"https:\\\/\\\/ppdegalicia.com\\\/es\\\/?s={search_term_string}\"},\"query-input\":{\"@type\":\"PropertyValueSpecification\",\"valueRequired\":true,\"valueName\":\"search_term_string\"}}],\"inLanguage\":\"es\"},{\"@type\":\"Organization\",\"@id\":\"https:\\\/\\\/ppdegalicia.com\\\/es\\\/#organization\",\"name\":\"Partido Popular de Galicia\",\"alternateName\":\"PP de Galicia\",\"url\":\"https:\\\/\\\/ppdegalicia.com\\\/es\\\/\",\"logo\":{\"@type\":\"ImageObject\",\"inLanguage\":\"es\",\"@id\":\"https:\\\/\\\/ppdegalicia.com\\\/es\\\/#\\\/schema\\\/logo\\\/image\\\/\",\"url\":\"https:\\\/\\\/ppdegalicia.com\\\/wp-content\\\/uploads\\\/2023\\\/04\\\/logoPP512.png\",\"contentUrl\":\"https:\\\/\\\/ppdegalicia.com\\\/wp-content\\\/uploads\\\/2023\\\/04\\\/logoPP512.png\",\"width\":512,\"height\":512,\"caption\":\"Partido Popular de Galicia\"},\"image\":{\"@id\":\"https:\\\/\\\/ppdegalicia.com\\\/es\\\/#\\\/schema\\\/logo\\\/image\\\/\"},\"sameAs\":[\"https:\\\/\\\/www.instagram.com\\\/ppdegalicia\\\/\",\"https:\\\/\\\/x.com\\\/ppdegalicia\",\"https:\\\/\\\/www.tiktok.com\\\/@ppdegalicia\",\"https:\\\/\\\/www.youtube.com\\\/user\\\/ppdegalicia\"]},{\"@type\":\"Person\",\"@id\":\"https:\\\/\\\/ppdegalicia.com\\\/es\\\/#\\\/schema\\\/person\\\/5b822c6f59e872ebdd1142f307dbcb59\",\"name\":\"ppdegaliciaredes\",\"image\":{\"@type\":\"ImageObject\",\"inLanguage\":\"es\",\"@id\":\"https:\\\/\\\/secure.gravatar.com\\\/avatar\\\/3c9179cf0256d00c72a48d1f25783c58b6842cd56e85ef3a572881c8e28ccd59?s=96&d=mm&r=g\",\"url\":\"https:\\\/\\\/secure.gravatar.com\\\/avatar\\\/3c9179cf0256d00c72a48d1f25783c58b6842cd56e85ef3a572881c8e28ccd59?s=96&d=mm&r=g\",\"contentUrl\":\"https:\\\/\\\/secure.gravatar.com\\\/avatar\\\/3c9179cf0256d00c72a48d1f25783c58b6842cd56e85ef3a572881c8e28ccd59?s=96&d=mm&r=g\",\"caption\":\"ppdegaliciaredes\"},\"url\":\"https:\\\/\\\/ppdegalicia.com\\\/es\\\/author\\\/ppdegaliciaredes\\\/\"}]}<\/script>\n<!-- \/ Yoast SEO plugin. -->","yoast_head_json":{"title":"Rueda lembra que uns poucos votos poden marcar a diferenza entre gobernar ou non e apela \u00e1s maior\u00edas que conseguiu Feij\u00f3o en Galicia para que o leven agora \u00e1 Moncloa - PP de Galicia","robots":{"index":"index","follow":"follow","max-snippet":"max-snippet:-1","max-image-preview":"max-image-preview:large","max-video-preview":"max-video-preview:-1"},"canonical":"https:\/\/ppdegalicia.com\/es\/rueda-lembra-que-uns-poucos-votos-poden-marcar-a-diferenza-entre-gobernar-ou-non-e-apela-as-maiorias-que-conseguiu-feijoo-en-galicia-para-que-o-leven-agora-a-moncloa\/","og_locale":"es_ES","og_type":"article","og_title":"Rueda lembra que uns poucos votos poden marcar a diferenza entre gobernar ou non e apela \u00e1s maior\u00edas que conseguiu Feij\u00f3o en Galicia para que o leven agora \u00e1 Moncloa - PP de Galicia","og_description":"O presidente do PPdeG asegurou, nun mitin celebrado no Pazo do Monte de Ferrol, que os galegos te\u00f1en na s\u00faa man evitar catro anos m\u00e1is de sanchismo derrog\u00e1ndoo ao grande: contribu\u00edndo desde Galicia a unha maior\u00eda contundente que permita a Alberto N\u00fa\u00f1ez Feij\u00f3o formar un goberno cohesionado, estable e sen ataduras.","og_url":"https:\/\/ppdegalicia.com\/es\/rueda-lembra-que-uns-poucos-votos-poden-marcar-a-diferenza-entre-gobernar-ou-non-e-apela-as-maiorias-que-conseguiu-feijoo-en-galicia-para-que-o-leven-agora-a-moncloa\/","og_site_name":"PP de Galicia","article_publisher":"https:\/\/www.instagram.com\/ppdegalicia\/","article_published_time":"2023-07-17T09:23:33+00:00","og_image":[{"width":2560,"height":1828,"url":"https:\/\/ppdegalicia.com\/wp-content\/uploads\/2023\/07\/0f6623a2c7da45f807dcc9b070fbfab6-scaled.jpg","type":"image\/jpeg"}],"author":"ppdegaliciaredes","twitter_card":"summary_large_image","twitter_creator":"@ppdegalicia","twitter_site":"@ppdegalicia","twitter_misc":{"Escrito por":"ppdegaliciaredes","Tiempo de lectura":"6 minutos"},"schema":{"@context":"https:\/\/schema.org","@graph":[{"@type":"Article","@id":"https:\/\/ppdegalicia.com\/es\/rueda-lembra-que-uns-poucos-votos-poden-marcar-a-diferenza-entre-gobernar-ou-non-e-apela-as-maiorias-que-conseguiu-feijoo-en-galicia-para-que-o-leven-agora-a-moncloa\/#article","isPartOf":{"@id":"https:\/\/ppdegalicia.com\/es\/rueda-lembra-que-uns-poucos-votos-poden-marcar-a-diferenza-entre-gobernar-ou-non-e-apela-as-maiorias-que-conseguiu-feijoo-en-galicia-para-que-o-leven-agora-a-moncloa\/"},"author":{"name":"ppdegaliciaredes","@id":"https:\/\/ppdegalicia.com\/es\/#\/schema\/person\/5b822c6f59e872ebdd1142f307dbcb59"},"headline":"Rueda lembra que uns poucos votos poden marcar a diferenza entre gobernar ou non e apela \u00e1s maior\u00edas que conseguiu Feij\u00f3o en Galicia para que o leven agora \u00e1 Moncloa","datePublished":"2023-07-17T09:23:33+00:00","mainEntityOfPage":{"@id":"https:\/\/ppdegalicia.com\/es\/rueda-lembra-que-uns-poucos-votos-poden-marcar-a-diferenza-entre-gobernar-ou-non-e-apela-as-maiorias-que-conseguiu-feijoo-en-galicia-para-que-o-leven-agora-a-moncloa\/"},"wordCount":1158,"commentCount":0,"publisher":{"@id":"https:\/\/ppdegalicia.com\/es\/#organization"},"image":{"@id":"https:\/\/ppdegalicia.com\/es\/rueda-lembra-que-uns-poucos-votos-poden-marcar-a-diferenza-entre-gobernar-ou-non-e-apela-as-maiorias-que-conseguiu-feijoo-en-galicia-para-que-o-leven-agora-a-moncloa\/#primaryimage"},"thumbnailUrl":"https:\/\/ppdegalicia.com\/wp-content\/uploads\/2023\/07\/0f6623a2c7da45f807dcc9b070fbfab6-scaled.jpg","articleSection":["PP de Galicia"],"inLanguage":"es","potentialAction":[{"@type":"CommentAction","name":"Comment","target":["https:\/\/ppdegalicia.com\/es\/rueda-lembra-que-uns-poucos-votos-poden-marcar-a-diferenza-entre-gobernar-ou-non-e-apela-as-maiorias-que-conseguiu-feijoo-en-galicia-para-que-o-leven-agora-a-moncloa\/#respond"]}]},{"@type":"WebPage","@id":"https:\/\/ppdegalicia.com\/es\/rueda-lembra-que-uns-poucos-votos-poden-marcar-a-diferenza-entre-gobernar-ou-non-e-apela-as-maiorias-que-conseguiu-feijoo-en-galicia-para-que-o-leven-agora-a-moncloa\/","url":"https:\/\/ppdegalicia.com\/es\/rueda-lembra-que-uns-poucos-votos-poden-marcar-a-diferenza-entre-gobernar-ou-non-e-apela-as-maiorias-que-conseguiu-feijoo-en-galicia-para-que-o-leven-agora-a-moncloa\/","name":"Rueda lembra que uns poucos votos poden marcar a diferenza entre gobernar ou non e apela \u00e1s maior\u00edas que conseguiu Feij\u00f3o en Galicia para que o leven agora \u00e1 Moncloa - PP de Galicia","isPartOf":{"@id":"https:\/\/ppdegalicia.com\/es\/#website"},"primaryImageOfPage":{"@id":"https:\/\/ppdegalicia.com\/es\/rueda-lembra-que-uns-poucos-votos-poden-marcar-a-diferenza-entre-gobernar-ou-non-e-apela-as-maiorias-que-conseguiu-feijoo-en-galicia-para-que-o-leven-agora-a-moncloa\/#primaryimage"},"image":{"@id":"https:\/\/ppdegalicia.com\/es\/rueda-lembra-que-uns-poucos-votos-poden-marcar-a-diferenza-entre-gobernar-ou-non-e-apela-as-maiorias-que-conseguiu-feijoo-en-galicia-para-que-o-leven-agora-a-moncloa\/#primaryimage"},"thumbnailUrl":"https:\/\/ppdegalicia.com\/wp-content\/uploads\/2023\/07\/0f6623a2c7da45f807dcc9b070fbfab6-scaled.jpg","datePublished":"2023-07-17T09:23:33+00:00","breadcrumb":{"@id":"https:\/\/ppdegalicia.com\/es\/rueda-lembra-que-uns-poucos-votos-poden-marcar-a-diferenza-entre-gobernar-ou-non-e-apela-as-maiorias-que-conseguiu-feijoo-en-galicia-para-que-o-leven-agora-a-moncloa\/#breadcrumb"},"inLanguage":"es","potentialAction":[{"@type":"ReadAction","target":["https:\/\/ppdegalicia.com\/es\/rueda-lembra-que-uns-poucos-votos-poden-marcar-a-diferenza-entre-gobernar-ou-non-e-apela-as-maiorias-que-conseguiu-feijoo-en-galicia-para-que-o-leven-agora-a-moncloa\/"]}]},{"@type":"ImageObject","inLanguage":"es","@id":"https:\/\/ppdegalicia.com\/es\/rueda-lembra-que-uns-poucos-votos-poden-marcar-a-diferenza-entre-gobernar-ou-non-e-apela-as-maiorias-que-conseguiu-feijoo-en-galicia-para-que-o-leven-agora-a-moncloa\/#primaryimage","url":"https:\/\/ppdegalicia.com\/wp-content\/uploads\/2023\/07\/0f6623a2c7da45f807dcc9b070fbfab6-scaled.jpg","contentUrl":"https:\/\/ppdegalicia.com\/wp-content\/uploads\/2023\/07\/0f6623a2c7da45f807dcc9b070fbfab6-scaled.jpg","width":2560,"height":1828},{"@type":"BreadcrumbList","@id":"https:\/\/ppdegalicia.com\/es\/rueda-lembra-que-uns-poucos-votos-poden-marcar-a-diferenza-entre-gobernar-ou-non-e-apela-as-maiorias-que-conseguiu-feijoo-en-galicia-para-que-o-leven-agora-a-moncloa\/#breadcrumb","itemListElement":[{"@type":"ListItem","position":1,"name":"Portada","item":"https:\/\/ppdegalicia.com\/es\/"},{"@type":"ListItem","position":2,"name":"Rueda lembra que uns poucos votos poden marcar a diferenza entre gobernar ou non e apela \u00e1s maior\u00edas que conseguiu Feij\u00f3o en Galicia para que o leven agora \u00e1 Moncloa"}]},{"@type":"WebSite","@id":"https:\/\/ppdegalicia.com\/es\/#website","url":"https:\/\/ppdegalicia.com\/es\/","name":"Partido Popular de Galicia","description":"Partido Popular de Galicia","publisher":{"@id":"https:\/\/ppdegalicia.com\/es\/#organization"},"alternateName":"PP de Galicia","potentialAction":[{"@type":"SearchAction","target":{"@type":"EntryPoint","urlTemplate":"https:\/\/ppdegalicia.com\/es\/?s={search_term_string}"},"query-input":{"@type":"PropertyValueSpecification","valueRequired":true,"valueName":"search_term_string"}}],"inLanguage":"es"},{"@type":"Organization","@id":"https:\/\/ppdegalicia.com\/es\/#organization","name":"Partido Popular de Galicia","alternateName":"PP de Galicia","url":"https:\/\/ppdegalicia.com\/es\/","logo":{"@type":"ImageObject","inLanguage":"es","@id":"https:\/\/ppdegalicia.com\/es\/#\/schema\/logo\/image\/","url":"https:\/\/ppdegalicia.com\/wp-content\/uploads\/2023\/04\/logoPP512.png","contentUrl":"https:\/\/ppdegalicia.com\/wp-content\/uploads\/2023\/04\/logoPP512.png","width":512,"height":512,"caption":"Partido Popular de Galicia"},"image":{"@id":"https:\/\/ppdegalicia.com\/es\/#\/schema\/logo\/image\/"},"sameAs":["https:\/\/www.instagram.com\/ppdegalicia\/","https:\/\/x.com\/ppdegalicia","https:\/\/www.tiktok.com\/@ppdegalicia","https:\/\/www.youtube.com\/user\/ppdegalicia"]},{"@type":"Person","@id":"https:\/\/ppdegalicia.com\/es\/#\/schema\/person\/5b822c6f59e872ebdd1142f307dbcb59","name":"ppdegaliciaredes","image":{"@type":"ImageObject","inLanguage":"es","@id":"https:\/\/secure.gravatar.com\/avatar\/3c9179cf0256d00c72a48d1f25783c58b6842cd56e85ef3a572881c8e28ccd59?s=96&d=mm&r=g","url":"https:\/\/secure.gravatar.com\/avatar\/3c9179cf0256d00c72a48d1f25783c58b6842cd56e85ef3a572881c8e28ccd59?s=96&d=mm&r=g","contentUrl":"https:\/\/secure.gravatar.com\/avatar\/3c9179cf0256d00c72a48d1f25783c58b6842cd56e85ef3a572881c8e28ccd59?s=96&d=mm&r=g","caption":"ppdegaliciaredes"},"url":"https:\/\/ppdegalicia.com\/es\/author\/ppdegaliciaredes\/"}]}},"_links":{"self":[{"href":"https:\/\/ppdegalicia.com\/es\/wp-json\/wp\/v2\/posts\/58249","targetHints":{"allow":["GET"]}}],"collection":[{"href":"https:\/\/ppdegalicia.com\/es\/wp-json\/wp\/v2\/posts"}],"about":[{"href":"https:\/\/ppdegalicia.com\/es\/wp-json\/wp\/v2\/types\/post"}],"author":[{"embeddable":true,"href":"https:\/\/ppdegalicia.com\/es\/wp-json\/wp\/v2\/users\/38"}],"replies":[{"embeddable":true,"href":"https:\/\/ppdegalicia.com\/es\/wp-json\/wp\/v2\/comments?post=58249"}],"version-history":[{"count":0,"href":"https:\/\/ppdegalicia.com\/es\/wp-json\/wp\/v2\/posts\/58249\/revisions"}],"wp:featuredmedia":[{"embeddable":true,"href":"https:\/\/ppdegalicia.com\/es\/wp-json\/wp\/v2\/media\/58248"}],"wp:attachment":[{"href":"https:\/\/ppdegalicia.com\/es\/wp-json\/wp\/v2\/media?parent=58249"}],"wp:term":[{"taxonomy":"category","embeddable":true,"href":"https:\/\/ppdegalicia.com\/es\/wp-json\/wp\/v2\/categories?post=58249"},{"taxonomy":"post_tag","embeddable":true,"href":"https:\/\/ppdegalicia.com\/es\/wp-json\/wp\/v2\/tags?post=58249"}],"curies":[{"name":"wp","href":"https:\/\/api.w.org\/{rel}","templated":true}]}}