{"id":58251,"date":"2023-07-16T11:30:51","date_gmt":"2023-07-16T09:30:51","guid":{"rendered":"https:\/\/ppdegalicia.com\/alfonso-rueda-pide-aos-galegos-que-acudan-as-urnas-coa-ilusion-e-a-conviccion-de-que-nada-e-imposible-e-de-que-galicia-votara-por-unha-maioria-ampla-para-alberto-nunez-feijoo\/"},"modified":"2023-07-16T11:30:51","modified_gmt":"2023-07-16T09:30:51","slug":"alfonso-rueda-pide-aos-galegos-que-acudan-as-urnas-coa-ilusion-e-a-conviccion-de-que-nada-e-imposible-e-de-que-galicia-votara-por-unha-maioria-ampla-para-alberto-nunez-feijoo","status":"publish","type":"post","link":"https:\/\/ppdegalicia.com\/es\/alfonso-rueda-pide-aos-galegos-que-acudan-as-urnas-coa-ilusion-e-a-conviccion-de-que-nada-e-imposible-e-de-que-galicia-votara-por-unha-maioria-ampla-para-alberto-nunez-feijoo\/","title":{"rendered":"Alfonso Rueda pide aos galegos que acudan \u00e1s urnas coa ilusi\u00f3n e a convicci\u00f3n de que nada \u00e9 imposible e de que Galicia votar\u00e1 por unha maior\u00eda ampla para Alberto N\u00fa\u00f1ez Feij\u00f3o"},"content":{"rendered":"<p><img fetchpriority=\"high\" decoding=\"async\" class=\" size-full wp-image-58250\" src=\"https:\/\/ppdegalicia.com\/wp-content\/uploads\/2023\/07\/9069a2fb6b5ae209ee0a0753e1d63a84-scaled.jpg\" alt=\"\" width=\"2560\" height=\"1707\" srcset=\"https:\/\/ppdegalicia.com\/wp-content\/uploads\/2023\/07\/9069a2fb6b5ae209ee0a0753e1d63a84-scaled.jpg 2560w, https:\/\/ppdegalicia.com\/wp-content\/uploads\/2023\/07\/9069a2fb6b5ae209ee0a0753e1d63a84-300x200.jpg 300w, https:\/\/ppdegalicia.com\/wp-content\/uploads\/2023\/07\/9069a2fb6b5ae209ee0a0753e1d63a84-1024x683.jpg 1024w, https:\/\/ppdegalicia.com\/wp-content\/uploads\/2023\/07\/9069a2fb6b5ae209ee0a0753e1d63a84-768x512.jpg 768w, https:\/\/ppdegalicia.com\/wp-content\/uploads\/2023\/07\/9069a2fb6b5ae209ee0a0753e1d63a84-1536x1024.jpg 1536w, https:\/\/ppdegalicia.com\/wp-content\/uploads\/2023\/07\/9069a2fb6b5ae209ee0a0753e1d63a84-2048x1365.jpg 2048w\" sizes=\"(max-width: 2560px) 100vw, 2560px\" \/><\/p>\n<p>A unha semana das elecci\u00f3ns, Alfonso Rueda pediu, nun mitin en Sanxenxo, aos galegos que acudan as urnas coa ilusi\u00f3n e a convicci\u00f3n de que nada \u00e9 imposible e de que Galicia votar\u00e1 por unha maior\u00eda ampla para Alberto N\u00fa\u00f1ez Feij\u00f3o o pr\u00f3ximo domingo.<\/p>\n<p><!--more--><\/p>\n<p><strong><\/p>\n<p>Ana Pastor:<\/strong> \u201cFeij\u00f3o xa demostrou do que \u00e9 capaz como presidente de todos os galegos e agora chegou o momento de que volva demostralo como presidente de todos os espa\u00f1ois\u201d<\/p>\n<p><strong>Telmo Mart\u00edn<\/strong> apela ao voto \u00fatil para evitar o que ocorreu en Sanxenxo en 2019, cando case 1.000 veci\u00f1os votaron a outros partidos de dereita que non obtiveron representaci\u00f3n: \u201cEses votos prexudicaron ao PP e facilitaron que o PSOE conseguise un deputado m\u00e1is por Pontevedra\u201d<\/p>\n<p>\u00a0<\/p>\n<p>O presidente do PPdeG remarcou que a capacidade de traballo en beneficio dos seus veci\u00f1os e a vocaci\u00f3n de servizo aos demais son d\u00faas das caracter\u00edsticas que definen a Telmo Mart\u00edn e, ao mesmo, a tempo a li\u00f1a a seguir de todo pol\u00edtico<\/p>\n<p>Neste sentido asegurou que o compromiso co ben com\u00fan \u00e9 algo intr\u00ednseco dos galegos e, por suposto, dun Alberto N\u00fa\u00f1ez Feij\u00f3o que non ten m\u00e1is aspiraci\u00f3n que a de volver unir a todos os espa\u00f1ois e que ten na s\u00faa xesti\u00f3n o mellor aval<\/p>\n<p>Alfonso Rueda aposta por deixar atr\u00e1s estes cinco longos de sanchismo e liortas e ter por fin un Goberno como o que ofrece o PP, que mire polo conxunto do territorio, sen favoritismos nin menosprezos, sen\u00f3n con rigor e solvencia<\/p>\n<p>Pero para lograr ese cambio, subli\u00f1ou, \u00e9 fundamental concentrar o voto no PP e obter na provincia de Pontevedra un gran resultado: \u201cPara que Feij\u00f3o conte coa forza necesaria, temos que ir a polo cuarto deputado\u201d<\/p>\n<p>En clave local, o l\u00edder dos populares galegos recordou que o Goberno central ten actuaci\u00f3ns pendentes na costa de Sanxenxo ao tempo que afirmaba que estas d\u00e9bedas son o resultado de tomar decisi\u00f3ns sen saber do que se fala, pretendendo lexislar sen pisar o terreo, sen dialogar, nin atender a raz\u00f3ns<\/p>\n<p>Reivindicando a Lei do litoral de Galicia, subli\u00f1ou que ningu\u00e9n mellor que os propios galegos para salvagardar a s\u00faa costa e salvagardar as\u00ed tam\u00e9n o crecemento econ\u00f3mico que esta xera: \u201cSomos unha terra con moit\u00edsimo potencial e o xusto \u00e9 que nos deixen aproveitalo e faciliten o noso crecemento\u201d<\/p>\n<p>Explicou que derrogar o sanchismo non s\u00f3 \u00e9 botar da Moncloa a Pedro S\u00e1nchez, sen\u00f3n tam\u00e9n facer un cambio nas pol\u00edticas e volver de novo a gobernar para os cidad\u00e1ns desde a pol\u00edtica \u00fatil que ofrece Alberto N\u00fa\u00f1ez Feij\u00f3o<\/p>\n<p>\u00c9 o momento, engadiu, de abrir as portas das instituci\u00f3ns \u00e1 xente, de investir na xente e no seu futuro, de mellorar a econom\u00eda, de apostar pola educaci\u00f3n, pola industria e polas infraestruturas e de que chegue a pol\u00edtica do sentidi\u00f1o ao conxunto de Espa\u00f1a<\/p>\n<p>\u201cEspa\u00f1a perdeu o rumbo durante os \u00faltimos cinco anos e ningu\u00e9n mellor que un galego como Feij\u00f3o para atopalo de novo\u201d, conclu\u00edu<\/p>\n<p><strong>ANA PASTOR: \u201cESPA\u00d1A NECESITA ESTABILIDADE, MIRAR CARA AO FUTURO E AVANZAR, NUNCA RETROCEDER\u201d<\/strong><\/p>\n<p>A n\u00famero 1 co Congreso pola provincia sinalou que \u201cEspa\u00f1a necesita estabilidade, mirar cara ao futuro e avanzar, nunca retroceder\u201d e que por iso precisa un Goberno do PP \u201ccunha maior\u00eda forte para cambiar o ciclo pol\u00edtico\u201d<\/p>\n<p>Expuxo que Alberto N\u00fa\u00f1ez Feij\u00f3o representa \u201co mellor estilo de pol\u00edtica\u201d, que \u00e9 a pol\u00edtica \u201c\u00e1 galega\u201d e que consiste en \u201cgobernar con responsabilidade, con profesionalidade, con entrega, di\u00e1logo, ideas reformistas e construtivas pero, sobre todo, con palabra\u201d<\/p>\n<p>Ana Pastor pediu o voto a \u201ctodas as persoas que a\u00ednda non o decidiron ou que noutras elecci\u00f3ns votaron por outros partidos pero te\u00f1en claro que a partir do 23 de xullo queren un cambio\u201d<\/p>\n<p>\u201cFeij\u00f3o xa demostrou do que \u00e9 capaz como presidente de todos os galegos e por iso recibiu o apoio de catro maior\u00edas absolutas \u00e1 s\u00faa xesti\u00f3n. E agora chegou o momento de que volva demostralo como presidente do Goberno de todos os espa\u00f1ois\u201d, engadiu<\/p>\n<p><strong>TELMO MART\u00cdN: \u201cQUE GOBERNE FEIJ\u00d3O \u00c9 NECESARIO PARA SANXENXO\u201d<\/strong><\/p>\n<p>Tam\u00e9n o alcalde de Sanxenxo apelou ao voto \u00fatil para evitar o que ocorreu neste concello en 2019, cando case 1.000 veci\u00f1os votaron a outros partidos de dereita que non obtiveron representaci\u00f3n na provincia<\/p>\n<p>\u201cEses votos prexudicaron ao PP e facilitaron que o PSOE conseguise un deputado m\u00e1is por Pontevedra\u201d, recordou mentres remarcaba que \u201cnon votar ao PP o pr\u00f3ximo domingo \u00e9 impedir o cambio\u201d<\/p>\n<p>Para Telmo Mart\u00edn \u00e9 necesario que goberne Feij\u00f3o para recuperar proxectos importantes e fundamentais para Sanxenxo, como a recuperaci\u00f3n do patrimonio arqueol\u00f3xico da Lanzada ou a recuperaci\u00f3n da fachada mar\u00edtima entre as praias de Barreiros e Canelas<\/p>\n<p>Sobre este \u00faltimo proxecto, o rexedor recordou que xa contaba cun convenio de 6 mill\u00f3ns de euros co Ministerio de Medio Ambiente no Goberno de Mariano Rajoy e que \u201cquedou paralizado co Goberno de Pedro S\u00e1nchez\u201d<\/p>\n","protected":false},"excerpt":{"rendered":"<p>A unha semana das elecci\u00f3ns, Alfonso Rueda pediu, nun mitin en Sanxenxo, aos galegos que acudan as urnas coa ilusi\u00f3n e a convicci\u00f3n de que nada \u00e9 imposible e de que Galicia votar\u00e1 por unha maior\u00eda ampla para Alberto N\u00fa\u00f1ez Feij\u00f3o o pr\u00f3ximo domingo.<\/p>\n","protected":false},"author":38,"featured_media":58250,"comment_status":"open","ping_status":"open","sticky":false,"template":"","format":"standard","meta":{"_acf_changed":false,"footnotes":""},"categories":[1],"tags":[],"class_list":["post-58251","post","type-post","status-publish","format-standard","has-post-thumbnail","hentry","category-pp-de-galicia"],"acf":[],"yoast_head":"<!-- This site is optimized with the Yoast SEO plugin v27.3 - https:\/\/yoast.com\/product\/yoast-seo-wordpress\/ -->\n<title>Alfonso Rueda pide aos galegos que acudan \u00e1s urnas coa ilusi\u00f3n e a convicci\u00f3n de que nada \u00e9 imposible e de que Galicia votar\u00e1 por unha maior\u00eda ampla para Alberto N\u00fa\u00f1ez Feij\u00f3o - PP de Galicia<\/title>\n<meta name=\"robots\" content=\"index, follow, max-snippet:-1, max-image-preview:large, max-video-preview:-1\" \/>\n<link rel=\"canonical\" href=\"https:\/\/ppdegalicia.com\/es\/alfonso-rueda-pide-aos-galegos-que-acudan-as-urnas-coa-ilusion-e-a-conviccion-de-que-nada-e-imposible-e-de-que-galicia-votara-por-unha-maioria-ampla-para-alberto-nunez-feijoo\/\" \/>\n<meta property=\"og:locale\" content=\"es_ES\" \/>\n<meta property=\"og:type\" content=\"article\" \/>\n<meta property=\"og:title\" content=\"Alfonso Rueda pide aos galegos que acudan \u00e1s urnas coa ilusi\u00f3n e a convicci\u00f3n de que nada \u00e9 imposible e de que Galicia votar\u00e1 por unha maior\u00eda ampla para Alberto N\u00fa\u00f1ez Feij\u00f3o - PP de Galicia\" \/>\n<meta property=\"og:description\" content=\"A unha semana das elecci\u00f3ns, Alfonso Rueda pediu, nun mitin en Sanxenxo, aos galegos que acudan as urnas coa ilusi\u00f3n e a convicci\u00f3n de que nada \u00e9 imposible e de que Galicia votar\u00e1 por unha maior\u00eda ampla para Alberto N\u00fa\u00f1ez Feij\u00f3o o pr\u00f3ximo domingo.\" \/>\n<meta property=\"og:url\" content=\"https:\/\/ppdegalicia.com\/es\/alfonso-rueda-pide-aos-galegos-que-acudan-as-urnas-coa-ilusion-e-a-conviccion-de-que-nada-e-imposible-e-de-que-galicia-votara-por-unha-maioria-ampla-para-alberto-nunez-feijoo\/\" \/>\n<meta property=\"og:site_name\" content=\"PP de Galicia\" \/>\n<meta property=\"article:publisher\" content=\"https:\/\/www.instagram.com\/ppdegalicia\/\" \/>\n<meta property=\"article:published_time\" content=\"2023-07-16T09:30:51+00:00\" \/>\n<meta property=\"og:image\" content=\"https:\/\/ppdegalicia.com\/wp-content\/uploads\/2023\/07\/9069a2fb6b5ae209ee0a0753e1d63a84-scaled.jpg\" \/>\n\t<meta property=\"og:image:width\" content=\"2560\" \/>\n\t<meta property=\"og:image:height\" content=\"1707\" \/>\n\t<meta property=\"og:image:type\" content=\"image\/jpeg\" \/>\n<meta name=\"author\" content=\"ppdegaliciaredes\" \/>\n<meta name=\"twitter:card\" content=\"summary_large_image\" \/>\n<meta name=\"twitter:creator\" content=\"@ppdegalicia\" \/>\n<meta name=\"twitter:site\" content=\"@ppdegalicia\" \/>\n<meta name=\"twitter:label1\" content=\"Escrito por\" \/>\n\t<meta name=\"twitter:data1\" content=\"ppdegaliciaredes\" \/>\n\t<meta name=\"twitter:label2\" content=\"Tiempo de lectura\" \/>\n\t<meta name=\"twitter:data2\" content=\"4 minutos\" \/>\n<script type=\"application\/ld+json\" class=\"yoast-schema-graph\">{\"@context\":\"https:\\\/\\\/schema.org\",\"@graph\":[{\"@type\":\"Article\",\"@id\":\"https:\\\/\\\/ppdegalicia.com\\\/es\\\/alfonso-rueda-pide-aos-galegos-que-acudan-as-urnas-coa-ilusion-e-a-conviccion-de-que-nada-e-imposible-e-de-que-galicia-votara-por-unha-maioria-ampla-para-alberto-nunez-feijoo\\\/#article\",\"isPartOf\":{\"@id\":\"https:\\\/\\\/ppdegalicia.com\\\/es\\\/alfonso-rueda-pide-aos-galegos-que-acudan-as-urnas-coa-ilusion-e-a-conviccion-de-que-nada-e-imposible-e-de-que-galicia-votara-por-unha-maioria-ampla-para-alberto-nunez-feijoo\\\/\"},\"author\":{\"name\":\"ppdegaliciaredes\",\"@id\":\"https:\\\/\\\/ppdegalicia.com\\\/es\\\/#\\\/schema\\\/person\\\/5b822c6f59e872ebdd1142f307dbcb59\"},\"headline\":\"Alfonso Rueda pide aos galegos que acudan \u00e1s urnas coa ilusi\u00f3n e a convicci\u00f3n de que nada \u00e9 imposible e de que Galicia votar\u00e1 por unha maior\u00eda ampla para Alberto N\u00fa\u00f1ez Feij\u00f3o\",\"datePublished\":\"2023-07-16T09:30:51+00:00\",\"mainEntityOfPage\":{\"@id\":\"https:\\\/\\\/ppdegalicia.com\\\/es\\\/alfonso-rueda-pide-aos-galegos-que-acudan-as-urnas-coa-ilusion-e-a-conviccion-de-que-nada-e-imposible-e-de-que-galicia-votara-por-unha-maioria-ampla-para-alberto-nunez-feijoo\\\/\"},\"wordCount\":911,\"commentCount\":0,\"publisher\":{\"@id\":\"https:\\\/\\\/ppdegalicia.com\\\/es\\\/#organization\"},\"image\":{\"@id\":\"https:\\\/\\\/ppdegalicia.com\\\/es\\\/alfonso-rueda-pide-aos-galegos-que-acudan-as-urnas-coa-ilusion-e-a-conviccion-de-que-nada-e-imposible-e-de-que-galicia-votara-por-unha-maioria-ampla-para-alberto-nunez-feijoo\\\/#primaryimage\"},\"thumbnailUrl\":\"https:\\\/\\\/ppdegalicia.com\\\/wp-content\\\/uploads\\\/2023\\\/07\\\/9069a2fb6b5ae209ee0a0753e1d63a84-scaled.jpg\",\"articleSection\":[\"PP de Galicia\"],\"inLanguage\":\"es\",\"potentialAction\":[{\"@type\":\"CommentAction\",\"name\":\"Comment\",\"target\":[\"https:\\\/\\\/ppdegalicia.com\\\/es\\\/alfonso-rueda-pide-aos-galegos-que-acudan-as-urnas-coa-ilusion-e-a-conviccion-de-que-nada-e-imposible-e-de-que-galicia-votara-por-unha-maioria-ampla-para-alberto-nunez-feijoo\\\/#respond\"]}]},{\"@type\":\"WebPage\",\"@id\":\"https:\\\/\\\/ppdegalicia.com\\\/es\\\/alfonso-rueda-pide-aos-galegos-que-acudan-as-urnas-coa-ilusion-e-a-conviccion-de-que-nada-e-imposible-e-de-que-galicia-votara-por-unha-maioria-ampla-para-alberto-nunez-feijoo\\\/\",\"url\":\"https:\\\/\\\/ppdegalicia.com\\\/es\\\/alfonso-rueda-pide-aos-galegos-que-acudan-as-urnas-coa-ilusion-e-a-conviccion-de-que-nada-e-imposible-e-de-que-galicia-votara-por-unha-maioria-ampla-para-alberto-nunez-feijoo\\\/\",\"name\":\"Alfonso Rueda pide aos galegos que acudan \u00e1s urnas coa ilusi\u00f3n e a convicci\u00f3n de que nada \u00e9 imposible e de que Galicia votar\u00e1 por unha maior\u00eda ampla para Alberto N\u00fa\u00f1ez Feij\u00f3o - PP de Galicia\",\"isPartOf\":{\"@id\":\"https:\\\/\\\/ppdegalicia.com\\\/es\\\/#website\"},\"primaryImageOfPage\":{\"@id\":\"https:\\\/\\\/ppdegalicia.com\\\/es\\\/alfonso-rueda-pide-aos-galegos-que-acudan-as-urnas-coa-ilusion-e-a-conviccion-de-que-nada-e-imposible-e-de-que-galicia-votara-por-unha-maioria-ampla-para-alberto-nunez-feijoo\\\/#primaryimage\"},\"image\":{\"@id\":\"https:\\\/\\\/ppdegalicia.com\\\/es\\\/alfonso-rueda-pide-aos-galegos-que-acudan-as-urnas-coa-ilusion-e-a-conviccion-de-que-nada-e-imposible-e-de-que-galicia-votara-por-unha-maioria-ampla-para-alberto-nunez-feijoo\\\/#primaryimage\"},\"thumbnailUrl\":\"https:\\\/\\\/ppdegalicia.com\\\/wp-content\\\/uploads\\\/2023\\\/07\\\/9069a2fb6b5ae209ee0a0753e1d63a84-scaled.jpg\",\"datePublished\":\"2023-07-16T09:30:51+00:00\",\"breadcrumb\":{\"@id\":\"https:\\\/\\\/ppdegalicia.com\\\/es\\\/alfonso-rueda-pide-aos-galegos-que-acudan-as-urnas-coa-ilusion-e-a-conviccion-de-que-nada-e-imposible-e-de-que-galicia-votara-por-unha-maioria-ampla-para-alberto-nunez-feijoo\\\/#breadcrumb\"},\"inLanguage\":\"es\",\"potentialAction\":[{\"@type\":\"ReadAction\",\"target\":[\"https:\\\/\\\/ppdegalicia.com\\\/es\\\/alfonso-rueda-pide-aos-galegos-que-acudan-as-urnas-coa-ilusion-e-a-conviccion-de-que-nada-e-imposible-e-de-que-galicia-votara-por-unha-maioria-ampla-para-alberto-nunez-feijoo\\\/\"]}]},{\"@type\":\"ImageObject\",\"inLanguage\":\"es\",\"@id\":\"https:\\\/\\\/ppdegalicia.com\\\/es\\\/alfonso-rueda-pide-aos-galegos-que-acudan-as-urnas-coa-ilusion-e-a-conviccion-de-que-nada-e-imposible-e-de-que-galicia-votara-por-unha-maioria-ampla-para-alberto-nunez-feijoo\\\/#primaryimage\",\"url\":\"https:\\\/\\\/ppdegalicia.com\\\/wp-content\\\/uploads\\\/2023\\\/07\\\/9069a2fb6b5ae209ee0a0753e1d63a84-scaled.jpg\",\"contentUrl\":\"https:\\\/\\\/ppdegalicia.com\\\/wp-content\\\/uploads\\\/2023\\\/07\\\/9069a2fb6b5ae209ee0a0753e1d63a84-scaled.jpg\",\"width\":2560,\"height\":1707},{\"@type\":\"BreadcrumbList\",\"@id\":\"https:\\\/\\\/ppdegalicia.com\\\/es\\\/alfonso-rueda-pide-aos-galegos-que-acudan-as-urnas-coa-ilusion-e-a-conviccion-de-que-nada-e-imposible-e-de-que-galicia-votara-por-unha-maioria-ampla-para-alberto-nunez-feijoo\\\/#breadcrumb\",\"itemListElement\":[{\"@type\":\"ListItem\",\"position\":1,\"name\":\"Portada\",\"item\":\"https:\\\/\\\/ppdegalicia.com\\\/es\\\/\"},{\"@type\":\"ListItem\",\"position\":2,\"name\":\"Alfonso Rueda pide aos galegos que acudan \u00e1s urnas coa ilusi\u00f3n e a convicci\u00f3n de que nada \u00e9 imposible e de que Galicia votar\u00e1 por unha maior\u00eda ampla para Alberto N\u00fa\u00f1ez Feij\u00f3o\"}]},{\"@type\":\"WebSite\",\"@id\":\"https:\\\/\\\/ppdegalicia.com\\\/es\\\/#website\",\"url\":\"https:\\\/\\\/ppdegalicia.com\\\/es\\\/\",\"name\":\"Partido Popular de Galicia\",\"description\":\"Partido Popular de Galicia\",\"publisher\":{\"@id\":\"https:\\\/\\\/ppdegalicia.com\\\/es\\\/#organization\"},\"alternateName\":\"PP de Galicia\",\"potentialAction\":[{\"@type\":\"SearchAction\",\"target\":{\"@type\":\"EntryPoint\",\"urlTemplate\":\"https:\\\/\\\/ppdegalicia.com\\\/es\\\/?s={search_term_string}\"},\"query-input\":{\"@type\":\"PropertyValueSpecification\",\"valueRequired\":true,\"valueName\":\"search_term_string\"}}],\"inLanguage\":\"es\"},{\"@type\":\"Organization\",\"@id\":\"https:\\\/\\\/ppdegalicia.com\\\/es\\\/#organization\",\"name\":\"Partido Popular de Galicia\",\"alternateName\":\"PP de Galicia\",\"url\":\"https:\\\/\\\/ppdegalicia.com\\\/es\\\/\",\"logo\":{\"@type\":\"ImageObject\",\"inLanguage\":\"es\",\"@id\":\"https:\\\/\\\/ppdegalicia.com\\\/es\\\/#\\\/schema\\\/logo\\\/image\\\/\",\"url\":\"https:\\\/\\\/ppdegalicia.com\\\/wp-content\\\/uploads\\\/2023\\\/04\\\/logoPP512.png\",\"contentUrl\":\"https:\\\/\\\/ppdegalicia.com\\\/wp-content\\\/uploads\\\/2023\\\/04\\\/logoPP512.png\",\"width\":512,\"height\":512,\"caption\":\"Partido Popular de Galicia\"},\"image\":{\"@id\":\"https:\\\/\\\/ppdegalicia.com\\\/es\\\/#\\\/schema\\\/logo\\\/image\\\/\"},\"sameAs\":[\"https:\\\/\\\/www.instagram.com\\\/ppdegalicia\\\/\",\"https:\\\/\\\/x.com\\\/ppdegalicia\",\"https:\\\/\\\/www.tiktok.com\\\/@ppdegalicia\",\"https:\\\/\\\/www.youtube.com\\\/user\\\/ppdegalicia\"]},{\"@type\":\"Person\",\"@id\":\"https:\\\/\\\/ppdegalicia.com\\\/es\\\/#\\\/schema\\\/person\\\/5b822c6f59e872ebdd1142f307dbcb59\",\"name\":\"ppdegaliciaredes\",\"image\":{\"@type\":\"ImageObject\",\"inLanguage\":\"es\",\"@id\":\"https:\\\/\\\/secure.gravatar.com\\\/avatar\\\/3c9179cf0256d00c72a48d1f25783c58b6842cd56e85ef3a572881c8e28ccd59?s=96&d=mm&r=g\",\"url\":\"https:\\\/\\\/secure.gravatar.com\\\/avatar\\\/3c9179cf0256d00c72a48d1f25783c58b6842cd56e85ef3a572881c8e28ccd59?s=96&d=mm&r=g\",\"contentUrl\":\"https:\\\/\\\/secure.gravatar.com\\\/avatar\\\/3c9179cf0256d00c72a48d1f25783c58b6842cd56e85ef3a572881c8e28ccd59?s=96&d=mm&r=g\",\"caption\":\"ppdegaliciaredes\"},\"url\":\"https:\\\/\\\/ppdegalicia.com\\\/es\\\/author\\\/ppdegaliciaredes\\\/\"}]}<\/script>\n<!-- \/ Yoast SEO plugin. -->","yoast_head_json":{"title":"Alfonso Rueda pide aos galegos que acudan \u00e1s urnas coa ilusi\u00f3n e a convicci\u00f3n de que nada \u00e9 imposible e de que Galicia votar\u00e1 por unha maior\u00eda ampla para Alberto N\u00fa\u00f1ez Feij\u00f3o - PP de Galicia","robots":{"index":"index","follow":"follow","max-snippet":"max-snippet:-1","max-image-preview":"max-image-preview:large","max-video-preview":"max-video-preview:-1"},"canonical":"https:\/\/ppdegalicia.com\/es\/alfonso-rueda-pide-aos-galegos-que-acudan-as-urnas-coa-ilusion-e-a-conviccion-de-que-nada-e-imposible-e-de-que-galicia-votara-por-unha-maioria-ampla-para-alberto-nunez-feijoo\/","og_locale":"es_ES","og_type":"article","og_title":"Alfonso Rueda pide aos galegos que acudan \u00e1s urnas coa ilusi\u00f3n e a convicci\u00f3n de que nada \u00e9 imposible e de que Galicia votar\u00e1 por unha maior\u00eda ampla para Alberto N\u00fa\u00f1ez Feij\u00f3o - PP de Galicia","og_description":"A unha semana das elecci\u00f3ns, Alfonso Rueda pediu, nun mitin en Sanxenxo, aos galegos que acudan as urnas coa ilusi\u00f3n e a convicci\u00f3n de que nada \u00e9 imposible e de que Galicia votar\u00e1 por unha maior\u00eda ampla para Alberto N\u00fa\u00f1ez Feij\u00f3o o pr\u00f3ximo domingo.","og_url":"https:\/\/ppdegalicia.com\/es\/alfonso-rueda-pide-aos-galegos-que-acudan-as-urnas-coa-ilusion-e-a-conviccion-de-que-nada-e-imposible-e-de-que-galicia-votara-por-unha-maioria-ampla-para-alberto-nunez-feijoo\/","og_site_name":"PP de Galicia","article_publisher":"https:\/\/www.instagram.com\/ppdegalicia\/","article_published_time":"2023-07-16T09:30:51+00:00","og_image":[{"width":2560,"height":1707,"url":"https:\/\/ppdegalicia.com\/wp-content\/uploads\/2023\/07\/9069a2fb6b5ae209ee0a0753e1d63a84-scaled.jpg","type":"image\/jpeg"}],"author":"ppdegaliciaredes","twitter_card":"summary_large_image","twitter_creator":"@ppdegalicia","twitter_site":"@ppdegalicia","twitter_misc":{"Escrito por":"ppdegaliciaredes","Tiempo de lectura":"4 minutos"},"schema":{"@context":"https:\/\/schema.org","@graph":[{"@type":"Article","@id":"https:\/\/ppdegalicia.com\/es\/alfonso-rueda-pide-aos-galegos-que-acudan-as-urnas-coa-ilusion-e-a-conviccion-de-que-nada-e-imposible-e-de-que-galicia-votara-por-unha-maioria-ampla-para-alberto-nunez-feijoo\/#article","isPartOf":{"@id":"https:\/\/ppdegalicia.com\/es\/alfonso-rueda-pide-aos-galegos-que-acudan-as-urnas-coa-ilusion-e-a-conviccion-de-que-nada-e-imposible-e-de-que-galicia-votara-por-unha-maioria-ampla-para-alberto-nunez-feijoo\/"},"author":{"name":"ppdegaliciaredes","@id":"https:\/\/ppdegalicia.com\/es\/#\/schema\/person\/5b822c6f59e872ebdd1142f307dbcb59"},"headline":"Alfonso Rueda pide aos galegos que acudan \u00e1s urnas coa ilusi\u00f3n e a convicci\u00f3n de que nada \u00e9 imposible e de que Galicia votar\u00e1 por unha maior\u00eda ampla para Alberto N\u00fa\u00f1ez Feij\u00f3o","datePublished":"2023-07-16T09:30:51+00:00","mainEntityOfPage":{"@id":"https:\/\/ppdegalicia.com\/es\/alfonso-rueda-pide-aos-galegos-que-acudan-as-urnas-coa-ilusion-e-a-conviccion-de-que-nada-e-imposible-e-de-que-galicia-votara-por-unha-maioria-ampla-para-alberto-nunez-feijoo\/"},"wordCount":911,"commentCount":0,"publisher":{"@id":"https:\/\/ppdegalicia.com\/es\/#organization"},"image":{"@id":"https:\/\/ppdegalicia.com\/es\/alfonso-rueda-pide-aos-galegos-que-acudan-as-urnas-coa-ilusion-e-a-conviccion-de-que-nada-e-imposible-e-de-que-galicia-votara-por-unha-maioria-ampla-para-alberto-nunez-feijoo\/#primaryimage"},"thumbnailUrl":"https:\/\/ppdegalicia.com\/wp-content\/uploads\/2023\/07\/9069a2fb6b5ae209ee0a0753e1d63a84-scaled.jpg","articleSection":["PP de Galicia"],"inLanguage":"es","potentialAction":[{"@type":"CommentAction","name":"Comment","target":["https:\/\/ppdegalicia.com\/es\/alfonso-rueda-pide-aos-galegos-que-acudan-as-urnas-coa-ilusion-e-a-conviccion-de-que-nada-e-imposible-e-de-que-galicia-votara-por-unha-maioria-ampla-para-alberto-nunez-feijoo\/#respond"]}]},{"@type":"WebPage","@id":"https:\/\/ppdegalicia.com\/es\/alfonso-rueda-pide-aos-galegos-que-acudan-as-urnas-coa-ilusion-e-a-conviccion-de-que-nada-e-imposible-e-de-que-galicia-votara-por-unha-maioria-ampla-para-alberto-nunez-feijoo\/","url":"https:\/\/ppdegalicia.com\/es\/alfonso-rueda-pide-aos-galegos-que-acudan-as-urnas-coa-ilusion-e-a-conviccion-de-que-nada-e-imposible-e-de-que-galicia-votara-por-unha-maioria-ampla-para-alberto-nunez-feijoo\/","name":"Alfonso Rueda pide aos galegos que acudan \u00e1s urnas coa ilusi\u00f3n e a convicci\u00f3n de que nada \u00e9 imposible e de que Galicia votar\u00e1 por unha maior\u00eda ampla para Alberto N\u00fa\u00f1ez Feij\u00f3o - PP de Galicia","isPartOf":{"@id":"https:\/\/ppdegalicia.com\/es\/#website"},"primaryImageOfPage":{"@id":"https:\/\/ppdegalicia.com\/es\/alfonso-rueda-pide-aos-galegos-que-acudan-as-urnas-coa-ilusion-e-a-conviccion-de-que-nada-e-imposible-e-de-que-galicia-votara-por-unha-maioria-ampla-para-alberto-nunez-feijoo\/#primaryimage"},"image":{"@id":"https:\/\/ppdegalicia.com\/es\/alfonso-rueda-pide-aos-galegos-que-acudan-as-urnas-coa-ilusion-e-a-conviccion-de-que-nada-e-imposible-e-de-que-galicia-votara-por-unha-maioria-ampla-para-alberto-nunez-feijoo\/#primaryimage"},"thumbnailUrl":"https:\/\/ppdegalicia.com\/wp-content\/uploads\/2023\/07\/9069a2fb6b5ae209ee0a0753e1d63a84-scaled.jpg","datePublished":"2023-07-16T09:30:51+00:00","breadcrumb":{"@id":"https:\/\/ppdegalicia.com\/es\/alfonso-rueda-pide-aos-galegos-que-acudan-as-urnas-coa-ilusion-e-a-conviccion-de-que-nada-e-imposible-e-de-que-galicia-votara-por-unha-maioria-ampla-para-alberto-nunez-feijoo\/#breadcrumb"},"inLanguage":"es","potentialAction":[{"@type":"ReadAction","target":["https:\/\/ppdegalicia.com\/es\/alfonso-rueda-pide-aos-galegos-que-acudan-as-urnas-coa-ilusion-e-a-conviccion-de-que-nada-e-imposible-e-de-que-galicia-votara-por-unha-maioria-ampla-para-alberto-nunez-feijoo\/"]}]},{"@type":"ImageObject","inLanguage":"es","@id":"https:\/\/ppdegalicia.com\/es\/alfonso-rueda-pide-aos-galegos-que-acudan-as-urnas-coa-ilusion-e-a-conviccion-de-que-nada-e-imposible-e-de-que-galicia-votara-por-unha-maioria-ampla-para-alberto-nunez-feijoo\/#primaryimage","url":"https:\/\/ppdegalicia.com\/wp-content\/uploads\/2023\/07\/9069a2fb6b5ae209ee0a0753e1d63a84-scaled.jpg","contentUrl":"https:\/\/ppdegalicia.com\/wp-content\/uploads\/2023\/07\/9069a2fb6b5ae209ee0a0753e1d63a84-scaled.jpg","width":2560,"height":1707},{"@type":"BreadcrumbList","@id":"https:\/\/ppdegalicia.com\/es\/alfonso-rueda-pide-aos-galegos-que-acudan-as-urnas-coa-ilusion-e-a-conviccion-de-que-nada-e-imposible-e-de-que-galicia-votara-por-unha-maioria-ampla-para-alberto-nunez-feijoo\/#breadcrumb","itemListElement":[{"@type":"ListItem","position":1,"name":"Portada","item":"https:\/\/ppdegalicia.com\/es\/"},{"@type":"ListItem","position":2,"name":"Alfonso Rueda pide aos galegos que acudan \u00e1s urnas coa ilusi\u00f3n e a convicci\u00f3n de que nada \u00e9 imposible e de que Galicia votar\u00e1 por unha maior\u00eda ampla para Alberto N\u00fa\u00f1ez Feij\u00f3o"}]},{"@type":"WebSite","@id":"https:\/\/ppdegalicia.com\/es\/#website","url":"https:\/\/ppdegalicia.com\/es\/","name":"Partido Popular de Galicia","description":"Partido Popular de Galicia","publisher":{"@id":"https:\/\/ppdegalicia.com\/es\/#organization"},"alternateName":"PP de Galicia","potentialAction":[{"@type":"SearchAction","target":{"@type":"EntryPoint","urlTemplate":"https:\/\/ppdegalicia.com\/es\/?s={search_term_string}"},"query-input":{"@type":"PropertyValueSpecification","valueRequired":true,"valueName":"search_term_string"}}],"inLanguage":"es"},{"@type":"Organization","@id":"https:\/\/ppdegalicia.com\/es\/#organization","name":"Partido Popular de Galicia","alternateName":"PP de Galicia","url":"https:\/\/ppdegalicia.com\/es\/","logo":{"@type":"ImageObject","inLanguage":"es","@id":"https:\/\/ppdegalicia.com\/es\/#\/schema\/logo\/image\/","url":"https:\/\/ppdegalicia.com\/wp-content\/uploads\/2023\/04\/logoPP512.png","contentUrl":"https:\/\/ppdegalicia.com\/wp-content\/uploads\/2023\/04\/logoPP512.png","width":512,"height":512,"caption":"Partido Popular de Galicia"},"image":{"@id":"https:\/\/ppdegalicia.com\/es\/#\/schema\/logo\/image\/"},"sameAs":["https:\/\/www.instagram.com\/ppdegalicia\/","https:\/\/x.com\/ppdegalicia","https:\/\/www.tiktok.com\/@ppdegalicia","https:\/\/www.youtube.com\/user\/ppdegalicia"]},{"@type":"Person","@id":"https:\/\/ppdegalicia.com\/es\/#\/schema\/person\/5b822c6f59e872ebdd1142f307dbcb59","name":"ppdegaliciaredes","image":{"@type":"ImageObject","inLanguage":"es","@id":"https:\/\/secure.gravatar.com\/avatar\/3c9179cf0256d00c72a48d1f25783c58b6842cd56e85ef3a572881c8e28ccd59?s=96&d=mm&r=g","url":"https:\/\/secure.gravatar.com\/avatar\/3c9179cf0256d00c72a48d1f25783c58b6842cd56e85ef3a572881c8e28ccd59?s=96&d=mm&r=g","contentUrl":"https:\/\/secure.gravatar.com\/avatar\/3c9179cf0256d00c72a48d1f25783c58b6842cd56e85ef3a572881c8e28ccd59?s=96&d=mm&r=g","caption":"ppdegaliciaredes"},"url":"https:\/\/ppdegalicia.com\/es\/author\/ppdegaliciaredes\/"}]}},"_links":{"self":[{"href":"https:\/\/ppdegalicia.com\/es\/wp-json\/wp\/v2\/posts\/58251","targetHints":{"allow":["GET"]}}],"collection":[{"href":"https:\/\/ppdegalicia.com\/es\/wp-json\/wp\/v2\/posts"}],"about":[{"href":"https:\/\/ppdegalicia.com\/es\/wp-json\/wp\/v2\/types\/post"}],"author":[{"embeddable":true,"href":"https:\/\/ppdegalicia.com\/es\/wp-json\/wp\/v2\/users\/38"}],"replies":[{"embeddable":true,"href":"https:\/\/ppdegalicia.com\/es\/wp-json\/wp\/v2\/comments?post=58251"}],"version-history":[{"count":0,"href":"https:\/\/ppdegalicia.com\/es\/wp-json\/wp\/v2\/posts\/58251\/revisions"}],"wp:featuredmedia":[{"embeddable":true,"href":"https:\/\/ppdegalicia.com\/es\/wp-json\/wp\/v2\/media\/58250"}],"wp:attachment":[{"href":"https:\/\/ppdegalicia.com\/es\/wp-json\/wp\/v2\/media?parent=58251"}],"wp:term":[{"taxonomy":"category","embeddable":true,"href":"https:\/\/ppdegalicia.com\/es\/wp-json\/wp\/v2\/categories?post=58251"},{"taxonomy":"post_tag","embeddable":true,"href":"https:\/\/ppdegalicia.com\/es\/wp-json\/wp\/v2\/tags?post=58251"}],"curies":[{"name":"wp","href":"https:\/\/api.w.org\/{rel}","templated":true}]}}