{"id":58271,"date":"2023-07-11T09:36:37","date_gmt":"2023-07-11T07:36:37","guid":{"rendered":"https:\/\/ppdegalicia.com\/alfonso-rueda-remarca-a-diferenza-entre-a-campana-de-rua-e-de-gran-mobilizacion-do-pp-fronte-a-dun-psoe-de-baixa-intensidade-cun-candidato-virtual-e-incapaz-de-mobilizar\/"},"modified":"2023-07-11T09:36:37","modified_gmt":"2023-07-11T07:36:37","slug":"alfonso-rueda-remarca-a-diferenza-entre-a-campana-de-rua-e-de-gran-mobilizacion-do-pp-fronte-a-dun-psoe-de-baixa-intensidade-cun-candidato-virtual-e-incapaz-de-mobilizar","status":"publish","type":"post","link":"https:\/\/ppdegalicia.com\/es\/alfonso-rueda-remarca-a-diferenza-entre-a-campana-de-rua-e-de-gran-mobilizacion-do-pp-fronte-a-dun-psoe-de-baixa-intensidade-cun-candidato-virtual-e-incapaz-de-mobilizar\/","title":{"rendered":"Alfonso Rueda remarca a diferenza entre a campa\u00f1a \u201cde r\u00faa e de gran mobilizaci\u00f3n\u201d do PP fronte \u00e1 dun PSOE \u201cde baixa intensidade, cun candidato virtual e incapaz de mobilizar\u00bb"},"content":{"rendered":"<p><img fetchpriority=\"high\" decoding=\"async\" class=\" size-full wp-image-58270\" src=\"https:\/\/ppdegalicia.com\/wp-content\/uploads\/2023\/07\/d763d41eff7aa0d535c0b756060c660e-scaled.jpg\" alt=\"\" width=\"2560\" height=\"1707\" srcset=\"https:\/\/ppdegalicia.com\/wp-content\/uploads\/2023\/07\/d763d41eff7aa0d535c0b756060c660e-scaled.jpg 2560w, https:\/\/ppdegalicia.com\/wp-content\/uploads\/2023\/07\/d763d41eff7aa0d535c0b756060c660e-300x200.jpg 300w, https:\/\/ppdegalicia.com\/wp-content\/uploads\/2023\/07\/d763d41eff7aa0d535c0b756060c660e-1024x683.jpg 1024w, https:\/\/ppdegalicia.com\/wp-content\/uploads\/2023\/07\/d763d41eff7aa0d535c0b756060c660e-768x512.jpg 768w, https:\/\/ppdegalicia.com\/wp-content\/uploads\/2023\/07\/d763d41eff7aa0d535c0b756060c660e-1536x1024.jpg 1536w, https:\/\/ppdegalicia.com\/wp-content\/uploads\/2023\/07\/d763d41eff7aa0d535c0b756060c660e-2048x1365.jpg 2048w\" sizes=\"(max-width: 2560px) 100vw, 2560px\" \/><\/p>\n<p>O presidente do PPdeG referiuse ao cara a cara de onte contrapo\u00f1endo a un S\u00e1nchez \u201cirritado e incapaz de contestar a practicamente ningunha das propostas que se plantexaron\u201d fronte a \u201cun ourens\u00e1n dos Peares que deu a talla e demostrou que pode ser un magn\u00edfico presidente de Espa\u00f1a\u201d.<\/p>\n<p><!--more--><\/p>\n<p><strong><\/p>\n<p>Manuel Baltar:<\/strong> \u201cD\u00eda a d\u00eda pisamos o territorio, falamos, escoitamos e programamos o que v\u00e9n por diante, que \u00e9 unha gran vitoria da man do mellor candidato, Alberto N\u00fa\u00f1ez Feij\u00f3o, que co\u00f1ece perfectamente esta provincia\u201d<\/p>\n<p>Lamentou as\u00ed mesmo os \u201cdesprezos continuos\u201d do candidato socialista \u201cdando a entender que presidir Galicia \u00e9 unha cousa menor\u201d, reivindicando a \u201cmagn\u00edfica xesti\u00f3n\u201d de Alberto N\u00fa\u00f1ez Feij\u00f3o: \u201cAs\u00ed se demostrou coa confianza dos galegos en forma de catro maior\u00edas absolutas e as\u00ed se repetir\u00e1 este 23 de xullo\u201d<\/p>\n<p>Alfonso Rueda remarcou tam\u00e9n a diferencia entre a campa\u00f1a \u201cde r\u00faa e de gran mobilizaci\u00f3n\u201d dos populares fronte \u00e1 campa\u00f1a dun PSOE \u201cde baixa intensidade, cun candidato virtual e incapaz de mobilizar \u00e1s 12.000 persoas que se congregaron o domingo na Praza de Touros de Pontevedra\u201d<\/p>\n<p>Ao f\u00edo da cancelaci\u00f3n da reuni\u00f3n que o comisionado do Corredor Atl\u00e1ntico ti\u00f1a prevista cos empresarios galegos, o presidente do PPdeG consid\u00e9rao un novo \u201cagravio\u201d e critica que desde xaneiro a\u00ednda non fose posible unha reuni\u00f3n co Goberno galego para co\u00f1ecer os investimentos pendentes nesta infraestrutura<\/p>\n<p>\u201cAgardo que toda esta inconcreci\u00f3n cambie a partir do 23 de xullo e continuaremos sendo esixentes. Pero por sorte o pr\u00f3ximo presidente do Goberno de Espa\u00f1a co\u00f1ece perfectamente Galicia e estou convencido de que atender\u00e1 todas as cousas que levan cinco anos desatendidas\u201d, engadiu<\/p>\n<p><strong>MANUEL BALTAR: \u201cRESTAN 12 D\u00cdAS PARA QUE SE RATIFIQUE O GRAND\u00cdSIMO RESULTADO QUE ANTICIPAN TODAS AS ENQUISAS\u201d<\/strong><\/p>\n<p>O presidente provincial do PP de Ourense amosouse convencido de que esta campa\u00f1a desembocar\u00e1 nun \u201ctriunfo inapelable do PP e cun ourens\u00e1n como presidente do Goberno\u201d<\/p>\n<p>Manuel Baltar quixo facer p\u00fablica a s\u00faa felicitaci\u00f3n aos candidatos e candidatas ao Congreso e ao Senado pola provincia polo seu traballo no que vai de campa\u00f1a: \u201cRestan 12 d\u00edas para que as urnas se enchan de votos cos nomes de Ana V\u00e1zquez, Carmen Leyte e todos os seus compa\u00f1eiros e se ratifique o grand\u00edsimo resultado que anticipan todas as enquisas, que non deixan de ser o retrato dunha tendencia que debemos certificar o 23 de xullo\u201d<\/p>\n<p>\u201cO PP de Ourense ten o plus de contar co ourens\u00e1n Feij\u00f3o, que onte no debate deu boa conta do seu adversario, ratificando esa gran faceta de xestor pol\u00edtico solvente, que \u00e9 o que necesita Espa\u00f1a\u201d, afirmou<\/p>\n<p>O l\u00edder dos populares ourens\u00e1ns reivindicou que a s\u00faa formaci\u00f3n ten \u201cabsolutamente enchufada\u201d \u00e1 militancia nesta campa\u00f1a: \u201cD\u00eda a d\u00eda pisamos o territorio, falamos, escoitamos e programamos o que v\u00e9n por diante, que \u00e9 unha gran vitoria da man do mellor candidato, Alberto N\u00fa\u00f1ez Feij\u00f3o, que co\u00f1ece perfectamente esta provincia\u201d<\/p>\n","protected":false},"excerpt":{"rendered":"<p>O presidente do PPdeG referiuse ao cara a cara de onte contrapo\u00f1endo a un S\u00e1nchez \u201cirritado e incapaz de contestar a practicamente ningunha das propostas que se plantexaron\u201d fronte a \u201cun ourens\u00e1n dos Peares que deu a talla e demostrou que pode ser un magn\u00edfico presidente de Espa\u00f1a\u201d.<\/p>\n","protected":false},"author":38,"featured_media":58270,"comment_status":"open","ping_status":"open","sticky":false,"template":"","format":"standard","meta":{"_acf_changed":false,"footnotes":""},"categories":[1],"tags":[],"class_list":["post-58271","post","type-post","status-publish","format-standard","has-post-thumbnail","hentry","category-pp-de-galicia"],"acf":[],"yoast_head":"<!-- This site is optimized with the Yoast SEO plugin v27.3 - https:\/\/yoast.com\/product\/yoast-seo-wordpress\/ -->\n<title>Alfonso Rueda remarca a diferenza entre a campa\u00f1a \u201cde r\u00faa e de gran mobilizaci\u00f3n\u201d do PP fronte \u00e1 dun PSOE \u201cde baixa intensidade, cun candidato virtual e incapaz de mobilizar&quot; - PP de Galicia<\/title>\n<meta name=\"robots\" content=\"index, follow, max-snippet:-1, max-image-preview:large, max-video-preview:-1\" \/>\n<link rel=\"canonical\" href=\"https:\/\/ppdegalicia.com\/es\/alfonso-rueda-remarca-a-diferenza-entre-a-campana-de-rua-e-de-gran-mobilizacion-do-pp-fronte-a-dun-psoe-de-baixa-intensidade-cun-candidato-virtual-e-incapaz-de-mobilizar\/\" \/>\n<meta property=\"og:locale\" content=\"es_ES\" \/>\n<meta property=\"og:type\" content=\"article\" \/>\n<meta property=\"og:title\" content=\"Alfonso Rueda remarca a diferenza entre a campa\u00f1a \u201cde r\u00faa e de gran mobilizaci\u00f3n\u201d do PP fronte \u00e1 dun PSOE \u201cde baixa intensidade, cun candidato virtual e incapaz de mobilizar&quot; - PP de Galicia\" \/>\n<meta property=\"og:description\" content=\"O presidente do PPdeG referiuse ao cara a cara de onte contrapo\u00f1endo a un S\u00e1nchez \u201cirritado e incapaz de contestar a practicamente ningunha das propostas que se plantexaron\u201d fronte a \u201cun ourens\u00e1n dos Peares que deu a talla e demostrou que pode ser un magn\u00edfico presidente de Espa\u00f1a\u201d.\" \/>\n<meta property=\"og:url\" content=\"https:\/\/ppdegalicia.com\/es\/alfonso-rueda-remarca-a-diferenza-entre-a-campana-de-rua-e-de-gran-mobilizacion-do-pp-fronte-a-dun-psoe-de-baixa-intensidade-cun-candidato-virtual-e-incapaz-de-mobilizar\/\" \/>\n<meta property=\"og:site_name\" content=\"PP de Galicia\" \/>\n<meta property=\"article:publisher\" content=\"https:\/\/www.instagram.com\/ppdegalicia\/\" \/>\n<meta property=\"article:published_time\" content=\"2023-07-11T07:36:37+00:00\" \/>\n<meta property=\"og:image\" content=\"https:\/\/ppdegalicia.com\/wp-content\/uploads\/2023\/07\/d763d41eff7aa0d535c0b756060c660e-scaled.jpg\" \/>\n\t<meta property=\"og:image:width\" content=\"2560\" \/>\n\t<meta property=\"og:image:height\" content=\"1707\" \/>\n\t<meta property=\"og:image:type\" content=\"image\/jpeg\" \/>\n<meta name=\"author\" content=\"ppdegaliciaredes\" \/>\n<meta name=\"twitter:card\" content=\"summary_large_image\" \/>\n<meta name=\"twitter:creator\" content=\"@ppdegalicia\" \/>\n<meta name=\"twitter:site\" content=\"@ppdegalicia\" \/>\n<meta name=\"twitter:label1\" content=\"Escrito por\" \/>\n\t<meta name=\"twitter:data1\" content=\"ppdegaliciaredes\" \/>\n\t<meta name=\"twitter:label2\" content=\"Tiempo de lectura\" \/>\n\t<meta name=\"twitter:data2\" content=\"3 minutos\" \/>\n<script type=\"application\/ld+json\" class=\"yoast-schema-graph\">{\"@context\":\"https:\\\/\\\/schema.org\",\"@graph\":[{\"@type\":\"Article\",\"@id\":\"https:\\\/\\\/ppdegalicia.com\\\/es\\\/alfonso-rueda-remarca-a-diferenza-entre-a-campana-de-rua-e-de-gran-mobilizacion-do-pp-fronte-a-dun-psoe-de-baixa-intensidade-cun-candidato-virtual-e-incapaz-de-mobilizar\\\/#article\",\"isPartOf\":{\"@id\":\"https:\\\/\\\/ppdegalicia.com\\\/es\\\/alfonso-rueda-remarca-a-diferenza-entre-a-campana-de-rua-e-de-gran-mobilizacion-do-pp-fronte-a-dun-psoe-de-baixa-intensidade-cun-candidato-virtual-e-incapaz-de-mobilizar\\\/\"},\"author\":{\"name\":\"ppdegaliciaredes\",\"@id\":\"https:\\\/\\\/ppdegalicia.com\\\/es\\\/#\\\/schema\\\/person\\\/5b822c6f59e872ebdd1142f307dbcb59\"},\"headline\":\"Alfonso Rueda remarca a diferenza entre a campa\u00f1a \u201cde r\u00faa e de gran mobilizaci\u00f3n\u201d do PP fronte \u00e1 dun PSOE \u201cde baixa intensidade, cun candidato virtual e incapaz de mobilizar\u00bb\",\"datePublished\":\"2023-07-11T07:36:37+00:00\",\"mainEntityOfPage\":{\"@id\":\"https:\\\/\\\/ppdegalicia.com\\\/es\\\/alfonso-rueda-remarca-a-diferenza-entre-a-campana-de-rua-e-de-gran-mobilizacion-do-pp-fronte-a-dun-psoe-de-baixa-intensidade-cun-candidato-virtual-e-incapaz-de-mobilizar\\\/\"},\"wordCount\":555,\"commentCount\":0,\"publisher\":{\"@id\":\"https:\\\/\\\/ppdegalicia.com\\\/es\\\/#organization\"},\"image\":{\"@id\":\"https:\\\/\\\/ppdegalicia.com\\\/es\\\/alfonso-rueda-remarca-a-diferenza-entre-a-campana-de-rua-e-de-gran-mobilizacion-do-pp-fronte-a-dun-psoe-de-baixa-intensidade-cun-candidato-virtual-e-incapaz-de-mobilizar\\\/#primaryimage\"},\"thumbnailUrl\":\"https:\\\/\\\/ppdegalicia.com\\\/wp-content\\\/uploads\\\/2023\\\/07\\\/d763d41eff7aa0d535c0b756060c660e-scaled.jpg\",\"articleSection\":[\"PP de Galicia\"],\"inLanguage\":\"es\",\"potentialAction\":[{\"@type\":\"CommentAction\",\"name\":\"Comment\",\"target\":[\"https:\\\/\\\/ppdegalicia.com\\\/es\\\/alfonso-rueda-remarca-a-diferenza-entre-a-campana-de-rua-e-de-gran-mobilizacion-do-pp-fronte-a-dun-psoe-de-baixa-intensidade-cun-candidato-virtual-e-incapaz-de-mobilizar\\\/#respond\"]}]},{\"@type\":\"WebPage\",\"@id\":\"https:\\\/\\\/ppdegalicia.com\\\/es\\\/alfonso-rueda-remarca-a-diferenza-entre-a-campana-de-rua-e-de-gran-mobilizacion-do-pp-fronte-a-dun-psoe-de-baixa-intensidade-cun-candidato-virtual-e-incapaz-de-mobilizar\\\/\",\"url\":\"https:\\\/\\\/ppdegalicia.com\\\/es\\\/alfonso-rueda-remarca-a-diferenza-entre-a-campana-de-rua-e-de-gran-mobilizacion-do-pp-fronte-a-dun-psoe-de-baixa-intensidade-cun-candidato-virtual-e-incapaz-de-mobilizar\\\/\",\"name\":\"Alfonso Rueda remarca a diferenza entre a campa\u00f1a \u201cde r\u00faa e de gran mobilizaci\u00f3n\u201d do PP fronte \u00e1 dun PSOE \u201cde baixa intensidade, cun candidato virtual e incapaz de mobilizar\\\" - PP de Galicia\",\"isPartOf\":{\"@id\":\"https:\\\/\\\/ppdegalicia.com\\\/es\\\/#website\"},\"primaryImageOfPage\":{\"@id\":\"https:\\\/\\\/ppdegalicia.com\\\/es\\\/alfonso-rueda-remarca-a-diferenza-entre-a-campana-de-rua-e-de-gran-mobilizacion-do-pp-fronte-a-dun-psoe-de-baixa-intensidade-cun-candidato-virtual-e-incapaz-de-mobilizar\\\/#primaryimage\"},\"image\":{\"@id\":\"https:\\\/\\\/ppdegalicia.com\\\/es\\\/alfonso-rueda-remarca-a-diferenza-entre-a-campana-de-rua-e-de-gran-mobilizacion-do-pp-fronte-a-dun-psoe-de-baixa-intensidade-cun-candidato-virtual-e-incapaz-de-mobilizar\\\/#primaryimage\"},\"thumbnailUrl\":\"https:\\\/\\\/ppdegalicia.com\\\/wp-content\\\/uploads\\\/2023\\\/07\\\/d763d41eff7aa0d535c0b756060c660e-scaled.jpg\",\"datePublished\":\"2023-07-11T07:36:37+00:00\",\"breadcrumb\":{\"@id\":\"https:\\\/\\\/ppdegalicia.com\\\/es\\\/alfonso-rueda-remarca-a-diferenza-entre-a-campana-de-rua-e-de-gran-mobilizacion-do-pp-fronte-a-dun-psoe-de-baixa-intensidade-cun-candidato-virtual-e-incapaz-de-mobilizar\\\/#breadcrumb\"},\"inLanguage\":\"es\",\"potentialAction\":[{\"@type\":\"ReadAction\",\"target\":[\"https:\\\/\\\/ppdegalicia.com\\\/es\\\/alfonso-rueda-remarca-a-diferenza-entre-a-campana-de-rua-e-de-gran-mobilizacion-do-pp-fronte-a-dun-psoe-de-baixa-intensidade-cun-candidato-virtual-e-incapaz-de-mobilizar\\\/\"]}]},{\"@type\":\"ImageObject\",\"inLanguage\":\"es\",\"@id\":\"https:\\\/\\\/ppdegalicia.com\\\/es\\\/alfonso-rueda-remarca-a-diferenza-entre-a-campana-de-rua-e-de-gran-mobilizacion-do-pp-fronte-a-dun-psoe-de-baixa-intensidade-cun-candidato-virtual-e-incapaz-de-mobilizar\\\/#primaryimage\",\"url\":\"https:\\\/\\\/ppdegalicia.com\\\/wp-content\\\/uploads\\\/2023\\\/07\\\/d763d41eff7aa0d535c0b756060c660e-scaled.jpg\",\"contentUrl\":\"https:\\\/\\\/ppdegalicia.com\\\/wp-content\\\/uploads\\\/2023\\\/07\\\/d763d41eff7aa0d535c0b756060c660e-scaled.jpg\",\"width\":2560,\"height\":1707},{\"@type\":\"BreadcrumbList\",\"@id\":\"https:\\\/\\\/ppdegalicia.com\\\/es\\\/alfonso-rueda-remarca-a-diferenza-entre-a-campana-de-rua-e-de-gran-mobilizacion-do-pp-fronte-a-dun-psoe-de-baixa-intensidade-cun-candidato-virtual-e-incapaz-de-mobilizar\\\/#breadcrumb\",\"itemListElement\":[{\"@type\":\"ListItem\",\"position\":1,\"name\":\"Portada\",\"item\":\"https:\\\/\\\/ppdegalicia.com\\\/es\\\/\"},{\"@type\":\"ListItem\",\"position\":2,\"name\":\"Alfonso Rueda remarca a diferenza entre a campa\u00f1a \u201cde r\u00faa e de gran mobilizaci\u00f3n\u201d do PP fronte \u00e1 dun PSOE \u201cde baixa intensidade, cun candidato virtual e incapaz de mobilizar&#8221;\"}]},{\"@type\":\"WebSite\",\"@id\":\"https:\\\/\\\/ppdegalicia.com\\\/es\\\/#website\",\"url\":\"https:\\\/\\\/ppdegalicia.com\\\/es\\\/\",\"name\":\"Partido Popular de Galicia\",\"description\":\"Partido Popular de Galicia\",\"publisher\":{\"@id\":\"https:\\\/\\\/ppdegalicia.com\\\/es\\\/#organization\"},\"alternateName\":\"PP de Galicia\",\"potentialAction\":[{\"@type\":\"SearchAction\",\"target\":{\"@type\":\"EntryPoint\",\"urlTemplate\":\"https:\\\/\\\/ppdegalicia.com\\\/es\\\/?s={search_term_string}\"},\"query-input\":{\"@type\":\"PropertyValueSpecification\",\"valueRequired\":true,\"valueName\":\"search_term_string\"}}],\"inLanguage\":\"es\"},{\"@type\":\"Organization\",\"@id\":\"https:\\\/\\\/ppdegalicia.com\\\/es\\\/#organization\",\"name\":\"Partido Popular de Galicia\",\"alternateName\":\"PP de Galicia\",\"url\":\"https:\\\/\\\/ppdegalicia.com\\\/es\\\/\",\"logo\":{\"@type\":\"ImageObject\",\"inLanguage\":\"es\",\"@id\":\"https:\\\/\\\/ppdegalicia.com\\\/es\\\/#\\\/schema\\\/logo\\\/image\\\/\",\"url\":\"https:\\\/\\\/ppdegalicia.com\\\/wp-content\\\/uploads\\\/2023\\\/04\\\/logoPP512.png\",\"contentUrl\":\"https:\\\/\\\/ppdegalicia.com\\\/wp-content\\\/uploads\\\/2023\\\/04\\\/logoPP512.png\",\"width\":512,\"height\":512,\"caption\":\"Partido Popular de Galicia\"},\"image\":{\"@id\":\"https:\\\/\\\/ppdegalicia.com\\\/es\\\/#\\\/schema\\\/logo\\\/image\\\/\"},\"sameAs\":[\"https:\\\/\\\/www.instagram.com\\\/ppdegalicia\\\/\",\"https:\\\/\\\/x.com\\\/ppdegalicia\",\"https:\\\/\\\/www.tiktok.com\\\/@ppdegalicia\",\"https:\\\/\\\/www.youtube.com\\\/user\\\/ppdegalicia\"]},{\"@type\":\"Person\",\"@id\":\"https:\\\/\\\/ppdegalicia.com\\\/es\\\/#\\\/schema\\\/person\\\/5b822c6f59e872ebdd1142f307dbcb59\",\"name\":\"ppdegaliciaredes\",\"image\":{\"@type\":\"ImageObject\",\"inLanguage\":\"es\",\"@id\":\"https:\\\/\\\/secure.gravatar.com\\\/avatar\\\/3c9179cf0256d00c72a48d1f25783c58b6842cd56e85ef3a572881c8e28ccd59?s=96&d=mm&r=g\",\"url\":\"https:\\\/\\\/secure.gravatar.com\\\/avatar\\\/3c9179cf0256d00c72a48d1f25783c58b6842cd56e85ef3a572881c8e28ccd59?s=96&d=mm&r=g\",\"contentUrl\":\"https:\\\/\\\/secure.gravatar.com\\\/avatar\\\/3c9179cf0256d00c72a48d1f25783c58b6842cd56e85ef3a572881c8e28ccd59?s=96&d=mm&r=g\",\"caption\":\"ppdegaliciaredes\"},\"url\":\"https:\\\/\\\/ppdegalicia.com\\\/es\\\/author\\\/ppdegaliciaredes\\\/\"}]}<\/script>\n<!-- \/ Yoast SEO plugin. -->","yoast_head_json":{"title":"Alfonso Rueda remarca a diferenza entre a campa\u00f1a \u201cde r\u00faa e de gran mobilizaci\u00f3n\u201d do PP fronte \u00e1 dun PSOE \u201cde baixa intensidade, cun candidato virtual e incapaz de mobilizar\" - PP de Galicia","robots":{"index":"index","follow":"follow","max-snippet":"max-snippet:-1","max-image-preview":"max-image-preview:large","max-video-preview":"max-video-preview:-1"},"canonical":"https:\/\/ppdegalicia.com\/es\/alfonso-rueda-remarca-a-diferenza-entre-a-campana-de-rua-e-de-gran-mobilizacion-do-pp-fronte-a-dun-psoe-de-baixa-intensidade-cun-candidato-virtual-e-incapaz-de-mobilizar\/","og_locale":"es_ES","og_type":"article","og_title":"Alfonso Rueda remarca a diferenza entre a campa\u00f1a \u201cde r\u00faa e de gran mobilizaci\u00f3n\u201d do PP fronte \u00e1 dun PSOE \u201cde baixa intensidade, cun candidato virtual e incapaz de mobilizar\" - PP de Galicia","og_description":"O presidente do PPdeG referiuse ao cara a cara de onte contrapo\u00f1endo a un S\u00e1nchez \u201cirritado e incapaz de contestar a practicamente ningunha das propostas que se plantexaron\u201d fronte a \u201cun ourens\u00e1n dos Peares que deu a talla e demostrou que pode ser un magn\u00edfico presidente de Espa\u00f1a\u201d.","og_url":"https:\/\/ppdegalicia.com\/es\/alfonso-rueda-remarca-a-diferenza-entre-a-campana-de-rua-e-de-gran-mobilizacion-do-pp-fronte-a-dun-psoe-de-baixa-intensidade-cun-candidato-virtual-e-incapaz-de-mobilizar\/","og_site_name":"PP de Galicia","article_publisher":"https:\/\/www.instagram.com\/ppdegalicia\/","article_published_time":"2023-07-11T07:36:37+00:00","og_image":[{"width":2560,"height":1707,"url":"https:\/\/ppdegalicia.com\/wp-content\/uploads\/2023\/07\/d763d41eff7aa0d535c0b756060c660e-scaled.jpg","type":"image\/jpeg"}],"author":"ppdegaliciaredes","twitter_card":"summary_large_image","twitter_creator":"@ppdegalicia","twitter_site":"@ppdegalicia","twitter_misc":{"Escrito por":"ppdegaliciaredes","Tiempo de lectura":"3 minutos"},"schema":{"@context":"https:\/\/schema.org","@graph":[{"@type":"Article","@id":"https:\/\/ppdegalicia.com\/es\/alfonso-rueda-remarca-a-diferenza-entre-a-campana-de-rua-e-de-gran-mobilizacion-do-pp-fronte-a-dun-psoe-de-baixa-intensidade-cun-candidato-virtual-e-incapaz-de-mobilizar\/#article","isPartOf":{"@id":"https:\/\/ppdegalicia.com\/es\/alfonso-rueda-remarca-a-diferenza-entre-a-campana-de-rua-e-de-gran-mobilizacion-do-pp-fronte-a-dun-psoe-de-baixa-intensidade-cun-candidato-virtual-e-incapaz-de-mobilizar\/"},"author":{"name":"ppdegaliciaredes","@id":"https:\/\/ppdegalicia.com\/es\/#\/schema\/person\/5b822c6f59e872ebdd1142f307dbcb59"},"headline":"Alfonso Rueda remarca a diferenza entre a campa\u00f1a \u201cde r\u00faa e de gran mobilizaci\u00f3n\u201d do PP fronte \u00e1 dun PSOE \u201cde baixa intensidade, cun candidato virtual e incapaz de mobilizar\u00bb","datePublished":"2023-07-11T07:36:37+00:00","mainEntityOfPage":{"@id":"https:\/\/ppdegalicia.com\/es\/alfonso-rueda-remarca-a-diferenza-entre-a-campana-de-rua-e-de-gran-mobilizacion-do-pp-fronte-a-dun-psoe-de-baixa-intensidade-cun-candidato-virtual-e-incapaz-de-mobilizar\/"},"wordCount":555,"commentCount":0,"publisher":{"@id":"https:\/\/ppdegalicia.com\/es\/#organization"},"image":{"@id":"https:\/\/ppdegalicia.com\/es\/alfonso-rueda-remarca-a-diferenza-entre-a-campana-de-rua-e-de-gran-mobilizacion-do-pp-fronte-a-dun-psoe-de-baixa-intensidade-cun-candidato-virtual-e-incapaz-de-mobilizar\/#primaryimage"},"thumbnailUrl":"https:\/\/ppdegalicia.com\/wp-content\/uploads\/2023\/07\/d763d41eff7aa0d535c0b756060c660e-scaled.jpg","articleSection":["PP de Galicia"],"inLanguage":"es","potentialAction":[{"@type":"CommentAction","name":"Comment","target":["https:\/\/ppdegalicia.com\/es\/alfonso-rueda-remarca-a-diferenza-entre-a-campana-de-rua-e-de-gran-mobilizacion-do-pp-fronte-a-dun-psoe-de-baixa-intensidade-cun-candidato-virtual-e-incapaz-de-mobilizar\/#respond"]}]},{"@type":"WebPage","@id":"https:\/\/ppdegalicia.com\/es\/alfonso-rueda-remarca-a-diferenza-entre-a-campana-de-rua-e-de-gran-mobilizacion-do-pp-fronte-a-dun-psoe-de-baixa-intensidade-cun-candidato-virtual-e-incapaz-de-mobilizar\/","url":"https:\/\/ppdegalicia.com\/es\/alfonso-rueda-remarca-a-diferenza-entre-a-campana-de-rua-e-de-gran-mobilizacion-do-pp-fronte-a-dun-psoe-de-baixa-intensidade-cun-candidato-virtual-e-incapaz-de-mobilizar\/","name":"Alfonso Rueda remarca a diferenza entre a campa\u00f1a \u201cde r\u00faa e de gran mobilizaci\u00f3n\u201d do PP fronte \u00e1 dun PSOE \u201cde baixa intensidade, cun candidato virtual e incapaz de mobilizar\" - PP de Galicia","isPartOf":{"@id":"https:\/\/ppdegalicia.com\/es\/#website"},"primaryImageOfPage":{"@id":"https:\/\/ppdegalicia.com\/es\/alfonso-rueda-remarca-a-diferenza-entre-a-campana-de-rua-e-de-gran-mobilizacion-do-pp-fronte-a-dun-psoe-de-baixa-intensidade-cun-candidato-virtual-e-incapaz-de-mobilizar\/#primaryimage"},"image":{"@id":"https:\/\/ppdegalicia.com\/es\/alfonso-rueda-remarca-a-diferenza-entre-a-campana-de-rua-e-de-gran-mobilizacion-do-pp-fronte-a-dun-psoe-de-baixa-intensidade-cun-candidato-virtual-e-incapaz-de-mobilizar\/#primaryimage"},"thumbnailUrl":"https:\/\/ppdegalicia.com\/wp-content\/uploads\/2023\/07\/d763d41eff7aa0d535c0b756060c660e-scaled.jpg","datePublished":"2023-07-11T07:36:37+00:00","breadcrumb":{"@id":"https:\/\/ppdegalicia.com\/es\/alfonso-rueda-remarca-a-diferenza-entre-a-campana-de-rua-e-de-gran-mobilizacion-do-pp-fronte-a-dun-psoe-de-baixa-intensidade-cun-candidato-virtual-e-incapaz-de-mobilizar\/#breadcrumb"},"inLanguage":"es","potentialAction":[{"@type":"ReadAction","target":["https:\/\/ppdegalicia.com\/es\/alfonso-rueda-remarca-a-diferenza-entre-a-campana-de-rua-e-de-gran-mobilizacion-do-pp-fronte-a-dun-psoe-de-baixa-intensidade-cun-candidato-virtual-e-incapaz-de-mobilizar\/"]}]},{"@type":"ImageObject","inLanguage":"es","@id":"https:\/\/ppdegalicia.com\/es\/alfonso-rueda-remarca-a-diferenza-entre-a-campana-de-rua-e-de-gran-mobilizacion-do-pp-fronte-a-dun-psoe-de-baixa-intensidade-cun-candidato-virtual-e-incapaz-de-mobilizar\/#primaryimage","url":"https:\/\/ppdegalicia.com\/wp-content\/uploads\/2023\/07\/d763d41eff7aa0d535c0b756060c660e-scaled.jpg","contentUrl":"https:\/\/ppdegalicia.com\/wp-content\/uploads\/2023\/07\/d763d41eff7aa0d535c0b756060c660e-scaled.jpg","width":2560,"height":1707},{"@type":"BreadcrumbList","@id":"https:\/\/ppdegalicia.com\/es\/alfonso-rueda-remarca-a-diferenza-entre-a-campana-de-rua-e-de-gran-mobilizacion-do-pp-fronte-a-dun-psoe-de-baixa-intensidade-cun-candidato-virtual-e-incapaz-de-mobilizar\/#breadcrumb","itemListElement":[{"@type":"ListItem","position":1,"name":"Portada","item":"https:\/\/ppdegalicia.com\/es\/"},{"@type":"ListItem","position":2,"name":"Alfonso Rueda remarca a diferenza entre a campa\u00f1a \u201cde r\u00faa e de gran mobilizaci\u00f3n\u201d do PP fronte \u00e1 dun PSOE \u201cde baixa intensidade, cun candidato virtual e incapaz de mobilizar&#8221;"}]},{"@type":"WebSite","@id":"https:\/\/ppdegalicia.com\/es\/#website","url":"https:\/\/ppdegalicia.com\/es\/","name":"Partido Popular de Galicia","description":"Partido Popular de Galicia","publisher":{"@id":"https:\/\/ppdegalicia.com\/es\/#organization"},"alternateName":"PP de Galicia","potentialAction":[{"@type":"SearchAction","target":{"@type":"EntryPoint","urlTemplate":"https:\/\/ppdegalicia.com\/es\/?s={search_term_string}"},"query-input":{"@type":"PropertyValueSpecification","valueRequired":true,"valueName":"search_term_string"}}],"inLanguage":"es"},{"@type":"Organization","@id":"https:\/\/ppdegalicia.com\/es\/#organization","name":"Partido Popular de Galicia","alternateName":"PP de Galicia","url":"https:\/\/ppdegalicia.com\/es\/","logo":{"@type":"ImageObject","inLanguage":"es","@id":"https:\/\/ppdegalicia.com\/es\/#\/schema\/logo\/image\/","url":"https:\/\/ppdegalicia.com\/wp-content\/uploads\/2023\/04\/logoPP512.png","contentUrl":"https:\/\/ppdegalicia.com\/wp-content\/uploads\/2023\/04\/logoPP512.png","width":512,"height":512,"caption":"Partido Popular de Galicia"},"image":{"@id":"https:\/\/ppdegalicia.com\/es\/#\/schema\/logo\/image\/"},"sameAs":["https:\/\/www.instagram.com\/ppdegalicia\/","https:\/\/x.com\/ppdegalicia","https:\/\/www.tiktok.com\/@ppdegalicia","https:\/\/www.youtube.com\/user\/ppdegalicia"]},{"@type":"Person","@id":"https:\/\/ppdegalicia.com\/es\/#\/schema\/person\/5b822c6f59e872ebdd1142f307dbcb59","name":"ppdegaliciaredes","image":{"@type":"ImageObject","inLanguage":"es","@id":"https:\/\/secure.gravatar.com\/avatar\/3c9179cf0256d00c72a48d1f25783c58b6842cd56e85ef3a572881c8e28ccd59?s=96&d=mm&r=g","url":"https:\/\/secure.gravatar.com\/avatar\/3c9179cf0256d00c72a48d1f25783c58b6842cd56e85ef3a572881c8e28ccd59?s=96&d=mm&r=g","contentUrl":"https:\/\/secure.gravatar.com\/avatar\/3c9179cf0256d00c72a48d1f25783c58b6842cd56e85ef3a572881c8e28ccd59?s=96&d=mm&r=g","caption":"ppdegaliciaredes"},"url":"https:\/\/ppdegalicia.com\/es\/author\/ppdegaliciaredes\/"}]}},"_links":{"self":[{"href":"https:\/\/ppdegalicia.com\/es\/wp-json\/wp\/v2\/posts\/58271","targetHints":{"allow":["GET"]}}],"collection":[{"href":"https:\/\/ppdegalicia.com\/es\/wp-json\/wp\/v2\/posts"}],"about":[{"href":"https:\/\/ppdegalicia.com\/es\/wp-json\/wp\/v2\/types\/post"}],"author":[{"embeddable":true,"href":"https:\/\/ppdegalicia.com\/es\/wp-json\/wp\/v2\/users\/38"}],"replies":[{"embeddable":true,"href":"https:\/\/ppdegalicia.com\/es\/wp-json\/wp\/v2\/comments?post=58271"}],"version-history":[{"count":0,"href":"https:\/\/ppdegalicia.com\/es\/wp-json\/wp\/v2\/posts\/58271\/revisions"}],"wp:featuredmedia":[{"embeddable":true,"href":"https:\/\/ppdegalicia.com\/es\/wp-json\/wp\/v2\/media\/58270"}],"wp:attachment":[{"href":"https:\/\/ppdegalicia.com\/es\/wp-json\/wp\/v2\/media?parent=58271"}],"wp:term":[{"taxonomy":"category","embeddable":true,"href":"https:\/\/ppdegalicia.com\/es\/wp-json\/wp\/v2\/categories?post=58271"},{"taxonomy":"post_tag","embeddable":true,"href":"https:\/\/ppdegalicia.com\/es\/wp-json\/wp\/v2\/tags?post=58271"}],"curies":[{"name":"wp","href":"https:\/\/api.w.org\/{rel}","templated":true}]}}