{"id":58273,"date":"2023-07-11T09:44:05","date_gmt":"2023-07-11T07:44:05","guid":{"rendered":"https:\/\/ppdegalicia.com\/o-pp-aposta-por-acadar-a-igualdade-real-e-efectiva-mediante-leis-eficaces-e-consensuadas-a-igualdade-debe-ser-un-motivo-de-union-e-non-de-enfrontamento\/"},"modified":"2023-07-11T09:44:05","modified_gmt":"2023-07-11T07:44:05","slug":"o-pp-aposta-por-acadar-a-igualdade-real-e-efectiva-mediante-leis-eficaces-e-consensuadas-a-igualdade-debe-ser-un-motivo-de-union-e-non-de-enfrontamento","status":"publish","type":"post","link":"https:\/\/ppdegalicia.com\/es\/o-pp-aposta-por-acadar-a-igualdade-real-e-efectiva-mediante-leis-eficaces-e-consensuadas-a-igualdade-debe-ser-un-motivo-de-union-e-non-de-enfrontamento\/","title":{"rendered":"O PP aposta por acadar a igualdade real e efectiva mediante leis eficaces e consensuadas: \u201cA igualdade debe ser un motivo de uni\u00f3n e non de enfrontamento\u201d"},"content":{"rendered":"<p><img fetchpriority=\"high\" decoding=\"async\" class=\" size-full wp-image-58272\" src=\"https:\/\/ppdegalicia.com\/wp-content\/uploads\/2023\/07\/829965d15a096584928b932718ca6178-scaled.jpg\" alt=\"\" width=\"2560\" height=\"1619\" srcset=\"https:\/\/ppdegalicia.com\/wp-content\/uploads\/2023\/07\/829965d15a096584928b932718ca6178-scaled.jpg 2560w, https:\/\/ppdegalicia.com\/wp-content\/uploads\/2023\/07\/829965d15a096584928b932718ca6178-300x190.jpg 300w, https:\/\/ppdegalicia.com\/wp-content\/uploads\/2023\/07\/829965d15a096584928b932718ca6178-1024x648.jpg 1024w, https:\/\/ppdegalicia.com\/wp-content\/uploads\/2023\/07\/829965d15a096584928b932718ca6178-768x486.jpg 768w, https:\/\/ppdegalicia.com\/wp-content\/uploads\/2023\/07\/829965d15a096584928b932718ca6178-1536x972.jpg 1536w, https:\/\/ppdegalicia.com\/wp-content\/uploads\/2023\/07\/829965d15a096584928b932718ca6178-2048x1295.jpg 2048w\" sizes=\"(max-width: 2560px) 100vw, 2560px\" \/><\/p>\n<p>A secretaria xeral do PPdeG, Paula Prado, e a n\u00famero 2 ao Senado pola Coru\u00f1a, Ver\u00f3nica Casal, participaron hoxe nun acto sectorial celebrado en Ferrol para abordar as propostas inclu\u00eddas no programa electoral do Partido Popular co obxectivo de acadar a igualdade real e efectiva entre homes e mulleres en Espa\u00f1a. Un obxectivo para o que propo\u00f1en \u201cleis eficaces e froito do consenso\u201d, xa que, na s\u00faa opini\u00f3n, \u201ca igualdade debe ser un motivo de uni\u00f3n e non de enfrontamento\u201d.<\/p>\n<p><!--more--><\/p>\n<p>No acto, no que exerceu de anfitri\u00f3n o alcalde da cidade, Jos\u00e9 Manuel Rey Varela, reafirmouse o compromiso irrenunciable dos populares coa igualdade e a erradicaci\u00f3n de todo tipo de violencia contra as mulleres. O cal se materializa nun programa no que se incl\u00faen medidas como o dese\u00f1o dun plan contra o desemprego feminino ou actuaci\u00f3ns destinadas a combater a brecha salarial causada pola maternidade.<\/p>\n<p>\u00a0<\/p>\n<p>\u201cQueremos lograr que ningunha muller te\u00f1a que elixir entre a s\u00faa vida profesional e a maternidade e que o n\u00famero de fillos que se te\u00f1en se corresponda co n\u00famero de fillos que se desexa\u201d, explicou Ver\u00f3nica Casal ao tempo que reafirmaba a aposta do seu partido pola conciliaci\u00f3n mediante medidas como a gratuidade das escolas infant\u00eds de 0 a 3 anos. Algo que Alberto N\u00fa\u00f1ez Feij\u00f3o puxo en marcha en Galicia e que, tal e como se comprometeu, implantar\u00e1 tam\u00e9n en toda Espa\u00f1a.<\/p>\n<p>\u00a0<\/p>\n<p>No que se refire \u00e1 erradicaci\u00f3n da violencia de x\u00e9nero, que a candidata definiu como \u201cunha das grandes lacras da nosa sociedade e un obxectivo prioritario\u201d, os populares garanten o cumprimento do Pacto de Estado contra a violencia de x\u00e9nero, a aprobaci\u00f3n dunha Lei Org\u00e1nica integral de loita contra a trata con fins de explotaci\u00f3n sexual ou o reforzo das unidades destinadas a esta materia tanto na Polic\u00eda Nacional como na Garda Civil.<\/p>\n<p>\u00a0<\/p>\n<p>Do mesmo xeito, o programa incl\u00fae outras medidas como a dotaci\u00f3n con persoal e recursos suficientes \u00e1s oficinas de atenci\u00f3n \u00e1s v\u00edtimas nos xulgados e \u00e1s unidades de valoraci\u00f3n forense integral, a extensi\u00f3n da realizaci\u00f3n do curso de iniciaci\u00f3n sobre a violencia de x\u00e9nero aos funcionarios p\u00fablicos, o impulso da tecnolox\u00eda no control de penas e medidas cautelares de afastamento ou a reforma da Lei Org\u00e1nica do Poder Xudicial para atribu\u00edr a competencia aos Xulgados de Violencia sobre a muller de todos os delitos comprendidos no \u00e1mbito de aplicaci\u00f3n do Convenio de Istambul.<\/p>\n<p>\u00a0<\/p>\n<p>\u201cDurante este mandato, os avances en igualdade que se conseguiran nas \u00faltimas d\u00e9cadas sufriron un importante retroceso e a sociedade espa\u00f1ola nin debe nin pode permitir un paso atr\u00e1s neste tema\u201d, conclu\u00edu Casal.<\/p>\n<p>\u00a0<\/p>\n<p><strong>PAULA PRADO: \u201cO COMPROMISO NA LOITA CONTRA A VIOLENCIA DE X\u00c9NERO DEM\u00d3STRASE CON FEITOS E CON MEDIDAS, NON CON PALABRER\u00cdA\u201d<\/strong><\/p>\n<p>\u00a0<\/p>\n<p>Pola s\u00faa banda, a secretaria xeral do PPdeG remarcou que ningu\u00e9n pode dar lecci\u00f3ns de feminismo \u00e1 s\u00faa formaci\u00f3n \u201ce moit\u00edsimo menos\u201d os partidos que aprobaron a Lei do s\u00f3 si \u00e9 si, que cualificou de \u201cretroceso nos dereitos das mulleres\u201d ao tempo que responsabilizaba ao PSOE e ao BNG de que \u201choxe nas r\u00faas de Espa\u00f1a haxa m\u00e1is de 100 delincuentes sexuais con v\u00eda libre para reincidir e m\u00e1is de 1.000 se beneficiaran de rebaixas nas s\u00faas penas\u201d.<\/p>\n<p>\u00a0<\/p>\n<p>Puxo en valor que, baixo a presidencia de Alberto N\u00fa\u00f1ez Feij\u00f3o, Galicia converteuse na primeira Comunidade Aut\u00f3noma en po\u00f1er en marcha o servizo de quenda de garda psicol\u00f3xica para as mulleres v\u00edtimas de violencia de x\u00e9nero e os seus fillos menores e a asistencia integral dos orfos das v\u00edtimas de violencia de x\u00e9nero. E, m\u00e1is recentemente, en 2021, foi pioneira respecto ao Estado en reco\u00f1ecer a violencia dixital como unha forma de violencia de x\u00e9nero.<\/p>\n<p>\u00a0<\/p>\n<p>\u201cO compromiso na loita contra a violencia de x\u00e9nero dem\u00f3strase con feitos e con medidas reais e efectivas. Non con palabrer\u00eda. No PP t\u00e9molo claro e por iso levamos anos demostr\u00e1ndoo. Demostrouno Feij\u00f3o en Galicia e volver\u00e1 demostralo en Espa\u00f1a a partir do 23 de xullo\u201d, afirmou.<\/p>\n","protected":false},"excerpt":{"rendered":"<p>A secretaria xeral do PPdeG, Paula Prado, e a n\u00famero 2 ao Senado pola Coru\u00f1a, Ver\u00f3nica Casal, participaron hoxe nun acto sectorial celebrado en Ferrol para abordar as propostas inclu\u00eddas no programa electoral do Partido Popular co obxectivo de acadar a igualdade real e efectiva entre homes e mulleres en Espa\u00f1a. Un obxectivo para o [&hellip;]<\/p>\n","protected":false},"author":38,"featured_media":58272,"comment_status":"open","ping_status":"open","sticky":false,"template":"","format":"standard","meta":{"_acf_changed":false,"footnotes":""},"categories":[1],"tags":[],"class_list":["post-58273","post","type-post","status-publish","format-standard","has-post-thumbnail","hentry","category-pp-de-galicia"],"acf":[],"yoast_head":"<!-- This site is optimized with the Yoast SEO plugin v27.3 - https:\/\/yoast.com\/product\/yoast-seo-wordpress\/ -->\n<title>O PP aposta por acadar a igualdade real e efectiva mediante leis eficaces e consensuadas: \u201cA igualdade debe ser un motivo de uni\u00f3n e non de enfrontamento\u201d - PP de Galicia<\/title>\n<meta name=\"robots\" content=\"index, follow, max-snippet:-1, max-image-preview:large, max-video-preview:-1\" \/>\n<link rel=\"canonical\" href=\"https:\/\/ppdegalicia.com\/es\/o-pp-aposta-por-acadar-a-igualdade-real-e-efectiva-mediante-leis-eficaces-e-consensuadas-a-igualdade-debe-ser-un-motivo-de-union-e-non-de-enfrontamento\/\" \/>\n<meta property=\"og:locale\" content=\"es_ES\" \/>\n<meta property=\"og:type\" content=\"article\" \/>\n<meta property=\"og:title\" content=\"O PP aposta por acadar a igualdade real e efectiva mediante leis eficaces e consensuadas: \u201cA igualdade debe ser un motivo de uni\u00f3n e non de enfrontamento\u201d - PP de Galicia\" \/>\n<meta property=\"og:description\" content=\"A secretaria xeral do PPdeG, Paula Prado, e a n\u00famero 2 ao Senado pola Coru\u00f1a, Ver\u00f3nica Casal, participaron hoxe nun acto sectorial celebrado en Ferrol para abordar as propostas inclu\u00eddas no programa electoral do Partido Popular co obxectivo de acadar a igualdade real e efectiva entre homes e mulleres en Espa\u00f1a. Un obxectivo para o [&hellip;]\" \/>\n<meta property=\"og:url\" content=\"https:\/\/ppdegalicia.com\/es\/o-pp-aposta-por-acadar-a-igualdade-real-e-efectiva-mediante-leis-eficaces-e-consensuadas-a-igualdade-debe-ser-un-motivo-de-union-e-non-de-enfrontamento\/\" \/>\n<meta property=\"og:site_name\" content=\"PP de Galicia\" \/>\n<meta property=\"article:publisher\" content=\"https:\/\/www.instagram.com\/ppdegalicia\/\" \/>\n<meta property=\"article:published_time\" content=\"2023-07-11T07:44:05+00:00\" \/>\n<meta property=\"og:image\" content=\"https:\/\/ppdegalicia.com\/wp-content\/uploads\/2023\/07\/829965d15a096584928b932718ca6178-scaled.jpg\" \/>\n\t<meta property=\"og:image:width\" content=\"2560\" \/>\n\t<meta property=\"og:image:height\" content=\"1619\" \/>\n\t<meta property=\"og:image:type\" content=\"image\/jpeg\" \/>\n<meta name=\"author\" content=\"ppdegaliciaredes\" \/>\n<meta name=\"twitter:card\" content=\"summary_large_image\" \/>\n<meta name=\"twitter:creator\" content=\"@ppdegalicia\" \/>\n<meta name=\"twitter:site\" content=\"@ppdegalicia\" \/>\n<meta name=\"twitter:label1\" content=\"Escrito por\" \/>\n\t<meta name=\"twitter:data1\" content=\"ppdegaliciaredes\" \/>\n\t<meta name=\"twitter:label2\" content=\"Tiempo de lectura\" \/>\n\t<meta name=\"twitter:data2\" content=\"4 minutos\" \/>\n<script type=\"application\/ld+json\" class=\"yoast-schema-graph\">{\"@context\":\"https:\\\/\\\/schema.org\",\"@graph\":[{\"@type\":\"Article\",\"@id\":\"https:\\\/\\\/ppdegalicia.com\\\/es\\\/o-pp-aposta-por-acadar-a-igualdade-real-e-efectiva-mediante-leis-eficaces-e-consensuadas-a-igualdade-debe-ser-un-motivo-de-union-e-non-de-enfrontamento\\\/#article\",\"isPartOf\":{\"@id\":\"https:\\\/\\\/ppdegalicia.com\\\/es\\\/o-pp-aposta-por-acadar-a-igualdade-real-e-efectiva-mediante-leis-eficaces-e-consensuadas-a-igualdade-debe-ser-un-motivo-de-union-e-non-de-enfrontamento\\\/\"},\"author\":{\"name\":\"ppdegaliciaredes\",\"@id\":\"https:\\\/\\\/ppdegalicia.com\\\/es\\\/#\\\/schema\\\/person\\\/5b822c6f59e872ebdd1142f307dbcb59\"},\"headline\":\"O PP aposta por acadar a igualdade real e efectiva mediante leis eficaces e consensuadas: \u201cA igualdade debe ser un motivo de uni\u00f3n e non de enfrontamento\u201d\",\"datePublished\":\"2023-07-11T07:44:05+00:00\",\"mainEntityOfPage\":{\"@id\":\"https:\\\/\\\/ppdegalicia.com\\\/es\\\/o-pp-aposta-por-acadar-a-igualdade-real-e-efectiva-mediante-leis-eficaces-e-consensuadas-a-igualdade-debe-ser-un-motivo-de-union-e-non-de-enfrontamento\\\/\"},\"wordCount\":751,\"commentCount\":0,\"publisher\":{\"@id\":\"https:\\\/\\\/ppdegalicia.com\\\/es\\\/#organization\"},\"image\":{\"@id\":\"https:\\\/\\\/ppdegalicia.com\\\/es\\\/o-pp-aposta-por-acadar-a-igualdade-real-e-efectiva-mediante-leis-eficaces-e-consensuadas-a-igualdade-debe-ser-un-motivo-de-union-e-non-de-enfrontamento\\\/#primaryimage\"},\"thumbnailUrl\":\"https:\\\/\\\/ppdegalicia.com\\\/wp-content\\\/uploads\\\/2023\\\/07\\\/829965d15a096584928b932718ca6178-scaled.jpg\",\"articleSection\":[\"PP de Galicia\"],\"inLanguage\":\"es\",\"potentialAction\":[{\"@type\":\"CommentAction\",\"name\":\"Comment\",\"target\":[\"https:\\\/\\\/ppdegalicia.com\\\/es\\\/o-pp-aposta-por-acadar-a-igualdade-real-e-efectiva-mediante-leis-eficaces-e-consensuadas-a-igualdade-debe-ser-un-motivo-de-union-e-non-de-enfrontamento\\\/#respond\"]}]},{\"@type\":\"WebPage\",\"@id\":\"https:\\\/\\\/ppdegalicia.com\\\/es\\\/o-pp-aposta-por-acadar-a-igualdade-real-e-efectiva-mediante-leis-eficaces-e-consensuadas-a-igualdade-debe-ser-un-motivo-de-union-e-non-de-enfrontamento\\\/\",\"url\":\"https:\\\/\\\/ppdegalicia.com\\\/es\\\/o-pp-aposta-por-acadar-a-igualdade-real-e-efectiva-mediante-leis-eficaces-e-consensuadas-a-igualdade-debe-ser-un-motivo-de-union-e-non-de-enfrontamento\\\/\",\"name\":\"O PP aposta por acadar a igualdade real e efectiva mediante leis eficaces e consensuadas: \u201cA igualdade debe ser un motivo de uni\u00f3n e non de enfrontamento\u201d - PP de Galicia\",\"isPartOf\":{\"@id\":\"https:\\\/\\\/ppdegalicia.com\\\/es\\\/#website\"},\"primaryImageOfPage\":{\"@id\":\"https:\\\/\\\/ppdegalicia.com\\\/es\\\/o-pp-aposta-por-acadar-a-igualdade-real-e-efectiva-mediante-leis-eficaces-e-consensuadas-a-igualdade-debe-ser-un-motivo-de-union-e-non-de-enfrontamento\\\/#primaryimage\"},\"image\":{\"@id\":\"https:\\\/\\\/ppdegalicia.com\\\/es\\\/o-pp-aposta-por-acadar-a-igualdade-real-e-efectiva-mediante-leis-eficaces-e-consensuadas-a-igualdade-debe-ser-un-motivo-de-union-e-non-de-enfrontamento\\\/#primaryimage\"},\"thumbnailUrl\":\"https:\\\/\\\/ppdegalicia.com\\\/wp-content\\\/uploads\\\/2023\\\/07\\\/829965d15a096584928b932718ca6178-scaled.jpg\",\"datePublished\":\"2023-07-11T07:44:05+00:00\",\"breadcrumb\":{\"@id\":\"https:\\\/\\\/ppdegalicia.com\\\/es\\\/o-pp-aposta-por-acadar-a-igualdade-real-e-efectiva-mediante-leis-eficaces-e-consensuadas-a-igualdade-debe-ser-un-motivo-de-union-e-non-de-enfrontamento\\\/#breadcrumb\"},\"inLanguage\":\"es\",\"potentialAction\":[{\"@type\":\"ReadAction\",\"target\":[\"https:\\\/\\\/ppdegalicia.com\\\/es\\\/o-pp-aposta-por-acadar-a-igualdade-real-e-efectiva-mediante-leis-eficaces-e-consensuadas-a-igualdade-debe-ser-un-motivo-de-union-e-non-de-enfrontamento\\\/\"]}]},{\"@type\":\"ImageObject\",\"inLanguage\":\"es\",\"@id\":\"https:\\\/\\\/ppdegalicia.com\\\/es\\\/o-pp-aposta-por-acadar-a-igualdade-real-e-efectiva-mediante-leis-eficaces-e-consensuadas-a-igualdade-debe-ser-un-motivo-de-union-e-non-de-enfrontamento\\\/#primaryimage\",\"url\":\"https:\\\/\\\/ppdegalicia.com\\\/wp-content\\\/uploads\\\/2023\\\/07\\\/829965d15a096584928b932718ca6178-scaled.jpg\",\"contentUrl\":\"https:\\\/\\\/ppdegalicia.com\\\/wp-content\\\/uploads\\\/2023\\\/07\\\/829965d15a096584928b932718ca6178-scaled.jpg\",\"width\":2560,\"height\":1619},{\"@type\":\"BreadcrumbList\",\"@id\":\"https:\\\/\\\/ppdegalicia.com\\\/es\\\/o-pp-aposta-por-acadar-a-igualdade-real-e-efectiva-mediante-leis-eficaces-e-consensuadas-a-igualdade-debe-ser-un-motivo-de-union-e-non-de-enfrontamento\\\/#breadcrumb\",\"itemListElement\":[{\"@type\":\"ListItem\",\"position\":1,\"name\":\"Portada\",\"item\":\"https:\\\/\\\/ppdegalicia.com\\\/es\\\/\"},{\"@type\":\"ListItem\",\"position\":2,\"name\":\"O PP aposta por acadar a igualdade real e efectiva mediante leis eficaces e consensuadas: \u201cA igualdade debe ser un motivo de uni\u00f3n e non de enfrontamento\u201d\"}]},{\"@type\":\"WebSite\",\"@id\":\"https:\\\/\\\/ppdegalicia.com\\\/es\\\/#website\",\"url\":\"https:\\\/\\\/ppdegalicia.com\\\/es\\\/\",\"name\":\"Partido Popular de Galicia\",\"description\":\"Partido Popular de Galicia\",\"publisher\":{\"@id\":\"https:\\\/\\\/ppdegalicia.com\\\/es\\\/#organization\"},\"alternateName\":\"PP de Galicia\",\"potentialAction\":[{\"@type\":\"SearchAction\",\"target\":{\"@type\":\"EntryPoint\",\"urlTemplate\":\"https:\\\/\\\/ppdegalicia.com\\\/es\\\/?s={search_term_string}\"},\"query-input\":{\"@type\":\"PropertyValueSpecification\",\"valueRequired\":true,\"valueName\":\"search_term_string\"}}],\"inLanguage\":\"es\"},{\"@type\":\"Organization\",\"@id\":\"https:\\\/\\\/ppdegalicia.com\\\/es\\\/#organization\",\"name\":\"Partido Popular de Galicia\",\"alternateName\":\"PP de Galicia\",\"url\":\"https:\\\/\\\/ppdegalicia.com\\\/es\\\/\",\"logo\":{\"@type\":\"ImageObject\",\"inLanguage\":\"es\",\"@id\":\"https:\\\/\\\/ppdegalicia.com\\\/es\\\/#\\\/schema\\\/logo\\\/image\\\/\",\"url\":\"https:\\\/\\\/ppdegalicia.com\\\/wp-content\\\/uploads\\\/2023\\\/04\\\/logoPP512.png\",\"contentUrl\":\"https:\\\/\\\/ppdegalicia.com\\\/wp-content\\\/uploads\\\/2023\\\/04\\\/logoPP512.png\",\"width\":512,\"height\":512,\"caption\":\"Partido Popular de Galicia\"},\"image\":{\"@id\":\"https:\\\/\\\/ppdegalicia.com\\\/es\\\/#\\\/schema\\\/logo\\\/image\\\/\"},\"sameAs\":[\"https:\\\/\\\/www.instagram.com\\\/ppdegalicia\\\/\",\"https:\\\/\\\/x.com\\\/ppdegalicia\",\"https:\\\/\\\/www.tiktok.com\\\/@ppdegalicia\",\"https:\\\/\\\/www.youtube.com\\\/user\\\/ppdegalicia\"]},{\"@type\":\"Person\",\"@id\":\"https:\\\/\\\/ppdegalicia.com\\\/es\\\/#\\\/schema\\\/person\\\/5b822c6f59e872ebdd1142f307dbcb59\",\"name\":\"ppdegaliciaredes\",\"image\":{\"@type\":\"ImageObject\",\"inLanguage\":\"es\",\"@id\":\"https:\\\/\\\/secure.gravatar.com\\\/avatar\\\/3c9179cf0256d00c72a48d1f25783c58b6842cd56e85ef3a572881c8e28ccd59?s=96&d=mm&r=g\",\"url\":\"https:\\\/\\\/secure.gravatar.com\\\/avatar\\\/3c9179cf0256d00c72a48d1f25783c58b6842cd56e85ef3a572881c8e28ccd59?s=96&d=mm&r=g\",\"contentUrl\":\"https:\\\/\\\/secure.gravatar.com\\\/avatar\\\/3c9179cf0256d00c72a48d1f25783c58b6842cd56e85ef3a572881c8e28ccd59?s=96&d=mm&r=g\",\"caption\":\"ppdegaliciaredes\"},\"url\":\"https:\\\/\\\/ppdegalicia.com\\\/es\\\/author\\\/ppdegaliciaredes\\\/\"}]}<\/script>\n<!-- \/ Yoast SEO plugin. -->","yoast_head_json":{"title":"O PP aposta por acadar a igualdade real e efectiva mediante leis eficaces e consensuadas: \u201cA igualdade debe ser un motivo de uni\u00f3n e non de enfrontamento\u201d - PP de Galicia","robots":{"index":"index","follow":"follow","max-snippet":"max-snippet:-1","max-image-preview":"max-image-preview:large","max-video-preview":"max-video-preview:-1"},"canonical":"https:\/\/ppdegalicia.com\/es\/o-pp-aposta-por-acadar-a-igualdade-real-e-efectiva-mediante-leis-eficaces-e-consensuadas-a-igualdade-debe-ser-un-motivo-de-union-e-non-de-enfrontamento\/","og_locale":"es_ES","og_type":"article","og_title":"O PP aposta por acadar a igualdade real e efectiva mediante leis eficaces e consensuadas: \u201cA igualdade debe ser un motivo de uni\u00f3n e non de enfrontamento\u201d - PP de Galicia","og_description":"A secretaria xeral do PPdeG, Paula Prado, e a n\u00famero 2 ao Senado pola Coru\u00f1a, Ver\u00f3nica Casal, participaron hoxe nun acto sectorial celebrado en Ferrol para abordar as propostas inclu\u00eddas no programa electoral do Partido Popular co obxectivo de acadar a igualdade real e efectiva entre homes e mulleres en Espa\u00f1a. Un obxectivo para o [&hellip;]","og_url":"https:\/\/ppdegalicia.com\/es\/o-pp-aposta-por-acadar-a-igualdade-real-e-efectiva-mediante-leis-eficaces-e-consensuadas-a-igualdade-debe-ser-un-motivo-de-union-e-non-de-enfrontamento\/","og_site_name":"PP de Galicia","article_publisher":"https:\/\/www.instagram.com\/ppdegalicia\/","article_published_time":"2023-07-11T07:44:05+00:00","og_image":[{"width":2560,"height":1619,"url":"https:\/\/ppdegalicia.com\/wp-content\/uploads\/2023\/07\/829965d15a096584928b932718ca6178-scaled.jpg","type":"image\/jpeg"}],"author":"ppdegaliciaredes","twitter_card":"summary_large_image","twitter_creator":"@ppdegalicia","twitter_site":"@ppdegalicia","twitter_misc":{"Escrito por":"ppdegaliciaredes","Tiempo de lectura":"4 minutos"},"schema":{"@context":"https:\/\/schema.org","@graph":[{"@type":"Article","@id":"https:\/\/ppdegalicia.com\/es\/o-pp-aposta-por-acadar-a-igualdade-real-e-efectiva-mediante-leis-eficaces-e-consensuadas-a-igualdade-debe-ser-un-motivo-de-union-e-non-de-enfrontamento\/#article","isPartOf":{"@id":"https:\/\/ppdegalicia.com\/es\/o-pp-aposta-por-acadar-a-igualdade-real-e-efectiva-mediante-leis-eficaces-e-consensuadas-a-igualdade-debe-ser-un-motivo-de-union-e-non-de-enfrontamento\/"},"author":{"name":"ppdegaliciaredes","@id":"https:\/\/ppdegalicia.com\/es\/#\/schema\/person\/5b822c6f59e872ebdd1142f307dbcb59"},"headline":"O PP aposta por acadar a igualdade real e efectiva mediante leis eficaces e consensuadas: \u201cA igualdade debe ser un motivo de uni\u00f3n e non de enfrontamento\u201d","datePublished":"2023-07-11T07:44:05+00:00","mainEntityOfPage":{"@id":"https:\/\/ppdegalicia.com\/es\/o-pp-aposta-por-acadar-a-igualdade-real-e-efectiva-mediante-leis-eficaces-e-consensuadas-a-igualdade-debe-ser-un-motivo-de-union-e-non-de-enfrontamento\/"},"wordCount":751,"commentCount":0,"publisher":{"@id":"https:\/\/ppdegalicia.com\/es\/#organization"},"image":{"@id":"https:\/\/ppdegalicia.com\/es\/o-pp-aposta-por-acadar-a-igualdade-real-e-efectiva-mediante-leis-eficaces-e-consensuadas-a-igualdade-debe-ser-un-motivo-de-union-e-non-de-enfrontamento\/#primaryimage"},"thumbnailUrl":"https:\/\/ppdegalicia.com\/wp-content\/uploads\/2023\/07\/829965d15a096584928b932718ca6178-scaled.jpg","articleSection":["PP de Galicia"],"inLanguage":"es","potentialAction":[{"@type":"CommentAction","name":"Comment","target":["https:\/\/ppdegalicia.com\/es\/o-pp-aposta-por-acadar-a-igualdade-real-e-efectiva-mediante-leis-eficaces-e-consensuadas-a-igualdade-debe-ser-un-motivo-de-union-e-non-de-enfrontamento\/#respond"]}]},{"@type":"WebPage","@id":"https:\/\/ppdegalicia.com\/es\/o-pp-aposta-por-acadar-a-igualdade-real-e-efectiva-mediante-leis-eficaces-e-consensuadas-a-igualdade-debe-ser-un-motivo-de-union-e-non-de-enfrontamento\/","url":"https:\/\/ppdegalicia.com\/es\/o-pp-aposta-por-acadar-a-igualdade-real-e-efectiva-mediante-leis-eficaces-e-consensuadas-a-igualdade-debe-ser-un-motivo-de-union-e-non-de-enfrontamento\/","name":"O PP aposta por acadar a igualdade real e efectiva mediante leis eficaces e consensuadas: \u201cA igualdade debe ser un motivo de uni\u00f3n e non de enfrontamento\u201d - PP de Galicia","isPartOf":{"@id":"https:\/\/ppdegalicia.com\/es\/#website"},"primaryImageOfPage":{"@id":"https:\/\/ppdegalicia.com\/es\/o-pp-aposta-por-acadar-a-igualdade-real-e-efectiva-mediante-leis-eficaces-e-consensuadas-a-igualdade-debe-ser-un-motivo-de-union-e-non-de-enfrontamento\/#primaryimage"},"image":{"@id":"https:\/\/ppdegalicia.com\/es\/o-pp-aposta-por-acadar-a-igualdade-real-e-efectiva-mediante-leis-eficaces-e-consensuadas-a-igualdade-debe-ser-un-motivo-de-union-e-non-de-enfrontamento\/#primaryimage"},"thumbnailUrl":"https:\/\/ppdegalicia.com\/wp-content\/uploads\/2023\/07\/829965d15a096584928b932718ca6178-scaled.jpg","datePublished":"2023-07-11T07:44:05+00:00","breadcrumb":{"@id":"https:\/\/ppdegalicia.com\/es\/o-pp-aposta-por-acadar-a-igualdade-real-e-efectiva-mediante-leis-eficaces-e-consensuadas-a-igualdade-debe-ser-un-motivo-de-union-e-non-de-enfrontamento\/#breadcrumb"},"inLanguage":"es","potentialAction":[{"@type":"ReadAction","target":["https:\/\/ppdegalicia.com\/es\/o-pp-aposta-por-acadar-a-igualdade-real-e-efectiva-mediante-leis-eficaces-e-consensuadas-a-igualdade-debe-ser-un-motivo-de-union-e-non-de-enfrontamento\/"]}]},{"@type":"ImageObject","inLanguage":"es","@id":"https:\/\/ppdegalicia.com\/es\/o-pp-aposta-por-acadar-a-igualdade-real-e-efectiva-mediante-leis-eficaces-e-consensuadas-a-igualdade-debe-ser-un-motivo-de-union-e-non-de-enfrontamento\/#primaryimage","url":"https:\/\/ppdegalicia.com\/wp-content\/uploads\/2023\/07\/829965d15a096584928b932718ca6178-scaled.jpg","contentUrl":"https:\/\/ppdegalicia.com\/wp-content\/uploads\/2023\/07\/829965d15a096584928b932718ca6178-scaled.jpg","width":2560,"height":1619},{"@type":"BreadcrumbList","@id":"https:\/\/ppdegalicia.com\/es\/o-pp-aposta-por-acadar-a-igualdade-real-e-efectiva-mediante-leis-eficaces-e-consensuadas-a-igualdade-debe-ser-un-motivo-de-union-e-non-de-enfrontamento\/#breadcrumb","itemListElement":[{"@type":"ListItem","position":1,"name":"Portada","item":"https:\/\/ppdegalicia.com\/es\/"},{"@type":"ListItem","position":2,"name":"O PP aposta por acadar a igualdade real e efectiva mediante leis eficaces e consensuadas: \u201cA igualdade debe ser un motivo de uni\u00f3n e non de enfrontamento\u201d"}]},{"@type":"WebSite","@id":"https:\/\/ppdegalicia.com\/es\/#website","url":"https:\/\/ppdegalicia.com\/es\/","name":"Partido Popular de Galicia","description":"Partido Popular de Galicia","publisher":{"@id":"https:\/\/ppdegalicia.com\/es\/#organization"},"alternateName":"PP de Galicia","potentialAction":[{"@type":"SearchAction","target":{"@type":"EntryPoint","urlTemplate":"https:\/\/ppdegalicia.com\/es\/?s={search_term_string}"},"query-input":{"@type":"PropertyValueSpecification","valueRequired":true,"valueName":"search_term_string"}}],"inLanguage":"es"},{"@type":"Organization","@id":"https:\/\/ppdegalicia.com\/es\/#organization","name":"Partido Popular de Galicia","alternateName":"PP de Galicia","url":"https:\/\/ppdegalicia.com\/es\/","logo":{"@type":"ImageObject","inLanguage":"es","@id":"https:\/\/ppdegalicia.com\/es\/#\/schema\/logo\/image\/","url":"https:\/\/ppdegalicia.com\/wp-content\/uploads\/2023\/04\/logoPP512.png","contentUrl":"https:\/\/ppdegalicia.com\/wp-content\/uploads\/2023\/04\/logoPP512.png","width":512,"height":512,"caption":"Partido Popular de Galicia"},"image":{"@id":"https:\/\/ppdegalicia.com\/es\/#\/schema\/logo\/image\/"},"sameAs":["https:\/\/www.instagram.com\/ppdegalicia\/","https:\/\/x.com\/ppdegalicia","https:\/\/www.tiktok.com\/@ppdegalicia","https:\/\/www.youtube.com\/user\/ppdegalicia"]},{"@type":"Person","@id":"https:\/\/ppdegalicia.com\/es\/#\/schema\/person\/5b822c6f59e872ebdd1142f307dbcb59","name":"ppdegaliciaredes","image":{"@type":"ImageObject","inLanguage":"es","@id":"https:\/\/secure.gravatar.com\/avatar\/3c9179cf0256d00c72a48d1f25783c58b6842cd56e85ef3a572881c8e28ccd59?s=96&d=mm&r=g","url":"https:\/\/secure.gravatar.com\/avatar\/3c9179cf0256d00c72a48d1f25783c58b6842cd56e85ef3a572881c8e28ccd59?s=96&d=mm&r=g","contentUrl":"https:\/\/secure.gravatar.com\/avatar\/3c9179cf0256d00c72a48d1f25783c58b6842cd56e85ef3a572881c8e28ccd59?s=96&d=mm&r=g","caption":"ppdegaliciaredes"},"url":"https:\/\/ppdegalicia.com\/es\/author\/ppdegaliciaredes\/"}]}},"_links":{"self":[{"href":"https:\/\/ppdegalicia.com\/es\/wp-json\/wp\/v2\/posts\/58273","targetHints":{"allow":["GET"]}}],"collection":[{"href":"https:\/\/ppdegalicia.com\/es\/wp-json\/wp\/v2\/posts"}],"about":[{"href":"https:\/\/ppdegalicia.com\/es\/wp-json\/wp\/v2\/types\/post"}],"author":[{"embeddable":true,"href":"https:\/\/ppdegalicia.com\/es\/wp-json\/wp\/v2\/users\/38"}],"replies":[{"embeddable":true,"href":"https:\/\/ppdegalicia.com\/es\/wp-json\/wp\/v2\/comments?post=58273"}],"version-history":[{"count":0,"href":"https:\/\/ppdegalicia.com\/es\/wp-json\/wp\/v2\/posts\/58273\/revisions"}],"wp:featuredmedia":[{"embeddable":true,"href":"https:\/\/ppdegalicia.com\/es\/wp-json\/wp\/v2\/media\/58272"}],"wp:attachment":[{"href":"https:\/\/ppdegalicia.com\/es\/wp-json\/wp\/v2\/media?parent=58273"}],"wp:term":[{"taxonomy":"category","embeddable":true,"href":"https:\/\/ppdegalicia.com\/es\/wp-json\/wp\/v2\/categories?post=58273"},{"taxonomy":"post_tag","embeddable":true,"href":"https:\/\/ppdegalicia.com\/es\/wp-json\/wp\/v2\/tags?post=58273"}],"curies":[{"name":"wp","href":"https:\/\/api.w.org\/{rel}","templated":true}]}}