{"id":58275,"date":"2023-07-11T10:35:48","date_gmt":"2023-07-11T08:35:48","guid":{"rendered":"https:\/\/ppdegalicia.com\/paula-prado-considera-que-feijoo-foi-o-claro-ganador-do-debate-de-onte-mentres-que-pedro-sanchez-mostrou-a-sua-incomodidade-por-escoitar-que-en-cinco-anos-non-fixo-nada-por-resolver-os-problemas-da-xe\/"},"modified":"2023-07-11T10:35:48","modified_gmt":"2023-07-11T08:35:48","slug":"paula-prado-considera-que-feijoo-foi-o-claro-ganador-do-debate-de-onte-mentres-que-pedro-sanchez-mostrou-a-sua-incomodidade-por-escoitar-que-en-cinco-anos-non-fixo-nada-por-resolver-os-problemas-da-xe","status":"publish","type":"post","link":"https:\/\/ppdegalicia.com\/es\/paula-prado-considera-que-feijoo-foi-o-claro-ganador-do-debate-de-onte-mentres-que-pedro-sanchez-mostrou-a-sua-incomodidade-por-escoitar-que-en-cinco-anos-non-fixo-nada-por-resolver-os-problemas-da-xe\/","title":{"rendered":"Paula Prado considera que Feij\u00f3o foi o \u201cclaro ga\u00f1ador\u201d do debate de onte, mentres que Pedro S\u00e1nchez \u201cmostrou a s\u00faa incomodidade por escoitar que en cinco anos non fixo nada por resolver os problemas da xente\u201d"},"content":{"rendered":"<p><img fetchpriority=\"high\" decoding=\"async\" class=\" size-full wp-image-58274\" src=\"https:\/\/ppdegalicia.com\/wp-content\/uploads\/2023\/07\/98f7016e30dc47dcd3155812e475d168-scaled.jpg\" alt=\"\" width=\"2560\" height=\"1895\" srcset=\"https:\/\/ppdegalicia.com\/wp-content\/uploads\/2023\/07\/98f7016e30dc47dcd3155812e475d168-scaled.jpg 2560w, https:\/\/ppdegalicia.com\/wp-content\/uploads\/2023\/07\/98f7016e30dc47dcd3155812e475d168-300x222.jpg 300w, https:\/\/ppdegalicia.com\/wp-content\/uploads\/2023\/07\/98f7016e30dc47dcd3155812e475d168-1024x758.jpg 1024w, https:\/\/ppdegalicia.com\/wp-content\/uploads\/2023\/07\/98f7016e30dc47dcd3155812e475d168-768x569.jpg 768w, https:\/\/ppdegalicia.com\/wp-content\/uploads\/2023\/07\/98f7016e30dc47dcd3155812e475d168-1536x1137.jpg 1536w, https:\/\/ppdegalicia.com\/wp-content\/uploads\/2023\/07\/98f7016e30dc47dcd3155812e475d168-2048x1516.jpg 2048w\" sizes=\"(max-width: 2560px) 100vw, 2560px\" \/><\/p>\n<p>A secretaria xeral do PPdeG reivindica que \u201cse A Mari\u00f1a tivo voz no Congreso e no Senado na pasada lexislatura non foi grazas a Pedro S\u00e1nchez, sen\u00f3n aos representantes do PP que levaron al\u00ed os problemas, as inquedanzas e as necesidades de toda a comarca\u201d<\/p>\n<p><!--more--><\/p>\n<p>Jos\u00e9 Manuel Barreiro subli\u00f1a que o sector do mar \u00e9 \u201cun motor econ\u00f3mico fundamental\u201d e pon sobre a mesa as consecuencias negativas que est\u00e1 tendo sobre o consumo dos seus produtos a negativa do Goberno a rebaixar o IVE<\/p>\n<p>A secretaria xeral do PPdeG considera que Alberto N\u00fa\u00f1ez Feij\u00f3o foi o \u201cclaro ga\u00f1ador\u201d do cara a cara celebrado onte cun Pedro S\u00e1nchez \u201cmoi nervioso e inc\u00f3modo\u201d porque \u201cnon lle gusta escoitar que durante cinco anos non fixo absolutamente nada por resolver os problemas da xente e, a\u00ednda por riba, xerou problemas que poder\u00edan ser evitados\u201d.<\/p>\n<p>O candidato do PP, segundo Paula Prado, foi \u201co \u00fanico que fixo propostas claras\u201d como a dun pacto para que goberne a lista m\u00e1is votada: \u201cS\u00e1nchez negouse a firmar un pacto que en Galicia evitar\u00eda situaci\u00f3ns como as de Santiago, Lugo, A Coru\u00f1a ou Pontevedra; onde se xuntaron os perdedores para impedir que gobernara o PP a pesar de ser o partido con m\u00e1is votos\u201d<\/p>\n<p>\u201cNon sabemos para que S\u00e1nchez estivo catro d\u00edas encerrado, porque onte vimos que non ti\u00f1a nada que ofrecer aos cidad\u00e1ns\u201d, ironizou a n\u00famero dous dos populares galegos ao tempo que conclu\u00eda: \u201cSospeitamos que eses catro d\u00edas estivo encerrado realmente porque non pode sa\u00edr \u00e1 r\u00faa e o seu partido nin lle fai actos nin ten capacidade para facelo\u201d<\/p>\n<p>Fronte a isto, os populares seguir\u00e1n facendo \u201cunha campa\u00f1a a p\u00e9 de r\u00faa, escoitando \u00e1 xente, facendo propostas e ofrecendo soluci\u00f3ns concretas a problemas concretos\u201d<\/p>\n<p>En clave local, a secretaria xeral do PPdeG reivindicou que \u201cse A Mari\u00f1a lucense tivo voz no Congreso e no Senado na pasada lexislatura non foi grazas a Pedro S\u00e1nchez, sen\u00f3n aos representantes do PP que levaron al\u00ed os problemas, as inquedanzas e as necesidades de toda a comarca\u201d<\/p>\n<p>Este 23 de xullo, engadiu, a xente da Mari\u00f1a ten a oportunidade de facer presidente do Goberno de Espa\u00f1a a \u201cunha persoa que co\u00f1ece perfectamente a comarca e sabe de primeira man os seus problemas\u201d<\/p>\n<p>Problemas como os do litoral que creou Pedro S\u00e1nchez con actuaci\u00f3ns lesivas como foi a reforma do regulamento estatal de Costas ou a Lei de cambio clim\u00e1tico e transici\u00f3n enerx\u00e9tica, fronte aos cales desde Galicia se puxeron soluci\u00f3ns<\/p>\n<p>Citou neste sentido a recentemente aprobada Lei de ordenaci\u00f3n e xesti\u00f3n integrada do litoral de Galicia, coa que se busca facilitar a xesti\u00f3n do dominio p\u00fablico mar\u00edtimo-terrestre xa que \u201cen Galicia non s\u00f3 vivimos no litoral, sen\u00f3n que vivimos do litoral\u201d<\/p>\n<p>Paula Prado salientou ademais que unha das propostas que o PP leva no seu programa electoral e que se far\u00e1 realidade se Feij\u00f3o acada a maior\u00eda suficiente para presidir o Goberno de Espa\u00f1a \u00e9 a rebaixa do IVE ao peixe e aos produtos do mar, unha medida \u201cfundamental para os produtores e para os consumidores\u201d<\/p>\n<p><strong>BARREIRO: \u201cO APOIO E COMPROMISO DO PP CO SECTOR DO MAR \u00c9 CLARO\u201d<\/strong><\/p>\n<p>O cabeza de lista ao Senado por Lugo reivindicou ao sector do mar como \u201cun dos sectores econ\u00f3micos fundamentais\u201d de Galicia e de Espa\u00f1a, po\u00f1endo sobre a mesa as consecuencias negativas que est\u00e1 tendo sobre o consumo dos seus produtos a carga impositiva que te\u00f1en<\/p>\n<p>Sobre a visita de hoxe a Burela, Jos\u00e9 Manuel Barreiro asegurou que o obxectivo \u00e9 \u201cescoitar aos armadores, que nos trasladen os seus problemas e trasladarlles o noso apoio e compromiso claro con este sector que \u00e9 un dos motores claves da Mari\u00f1a e que ter\u00e1 do pr\u00f3ximo Goberno de Alberto N\u00fa\u00f1ez Feij\u00f3o o apoio que lle faltou durante estes anos de sanchismo\u201d<\/p>\n<p>Lamentou tam\u00e9n que os asteleiros \u201cnon estean atravesando o seu mellor momento pola falta de consideraci\u00f3n que tiveron ata agora por parte do Goberno do Estado e a pesar de que a fabricaci\u00f3n de barcos \u00e9 un dos motores fundamentais desta zona\u201d<\/p>\n<p>\u201cN\u00f3s queremos que todo isto cambie a trav\u00e9s do esforzo e do compromiso que Alberto N\u00fa\u00f1ez Feij\u00f3o ten\u201d, conclu\u00edu<\/p>\n","protected":false},"excerpt":{"rendered":"<p>A secretaria xeral do PPdeG reivindica que \u201cse A Mari\u00f1a tivo voz no Congreso e no Senado na pasada lexislatura non foi grazas a Pedro S\u00e1nchez, sen\u00f3n aos representantes do PP que levaron al\u00ed os problemas, as inquedanzas e as necesidades de toda a comarca\u201d<\/p>\n","protected":false},"author":38,"featured_media":58274,"comment_status":"open","ping_status":"open","sticky":false,"template":"","format":"standard","meta":{"_acf_changed":false,"footnotes":""},"categories":[1],"tags":[],"class_list":["post-58275","post","type-post","status-publish","format-standard","has-post-thumbnail","hentry","category-pp-de-galicia"],"acf":[],"yoast_head":"<!-- This site is optimized with the Yoast SEO plugin v27.3 - https:\/\/yoast.com\/product\/yoast-seo-wordpress\/ -->\n<title>Paula Prado considera que Feij\u00f3o foi o \u201cclaro ga\u00f1ador\u201d do debate de onte, mentres que Pedro S\u00e1nchez \u201cmostrou a s\u00faa incomodidade por escoitar que en cinco anos non fixo nada por resolver os problemas da xente\u201d - PP de Galicia<\/title>\n<meta name=\"robots\" content=\"index, follow, max-snippet:-1, max-image-preview:large, max-video-preview:-1\" \/>\n<link rel=\"canonical\" href=\"https:\/\/ppdegalicia.com\/es\/paula-prado-considera-que-feijoo-foi-o-claro-ganador-do-debate-de-onte-mentres-que-pedro-sanchez-mostrou-a-sua-incomodidade-por-escoitar-que-en-cinco-anos-non-fixo-nada-por-resolver-os-problemas-da-xe\/\" \/>\n<meta property=\"og:locale\" content=\"es_ES\" \/>\n<meta property=\"og:type\" content=\"article\" \/>\n<meta property=\"og:title\" content=\"Paula Prado considera que Feij\u00f3o foi o \u201cclaro ga\u00f1ador\u201d do debate de onte, mentres que Pedro S\u00e1nchez \u201cmostrou a s\u00faa incomodidade por escoitar que en cinco anos non fixo nada por resolver os problemas da xente\u201d - PP de Galicia\" \/>\n<meta property=\"og:description\" content=\"A secretaria xeral do PPdeG reivindica que \u201cse A Mari\u00f1a tivo voz no Congreso e no Senado na pasada lexislatura non foi grazas a Pedro S\u00e1nchez, sen\u00f3n aos representantes do PP que levaron al\u00ed os problemas, as inquedanzas e as necesidades de toda a comarca\u201d\" \/>\n<meta property=\"og:url\" content=\"https:\/\/ppdegalicia.com\/es\/paula-prado-considera-que-feijoo-foi-o-claro-ganador-do-debate-de-onte-mentres-que-pedro-sanchez-mostrou-a-sua-incomodidade-por-escoitar-que-en-cinco-anos-non-fixo-nada-por-resolver-os-problemas-da-xe\/\" \/>\n<meta property=\"og:site_name\" content=\"PP de Galicia\" \/>\n<meta property=\"article:publisher\" content=\"https:\/\/www.instagram.com\/ppdegalicia\/\" \/>\n<meta property=\"article:published_time\" content=\"2023-07-11T08:35:48+00:00\" \/>\n<meta property=\"og:image\" content=\"https:\/\/ppdegalicia.com\/wp-content\/uploads\/2023\/07\/98f7016e30dc47dcd3155812e475d168-scaled.jpg\" \/>\n\t<meta property=\"og:image:width\" content=\"2560\" \/>\n\t<meta property=\"og:image:height\" content=\"1895\" \/>\n\t<meta property=\"og:image:type\" content=\"image\/jpeg\" \/>\n<meta name=\"author\" content=\"ppdegaliciaredes\" \/>\n<meta name=\"twitter:card\" content=\"summary_large_image\" \/>\n<meta name=\"twitter:creator\" content=\"@ppdegalicia\" \/>\n<meta name=\"twitter:site\" content=\"@ppdegalicia\" \/>\n<meta name=\"twitter:label1\" content=\"Escrito por\" \/>\n\t<meta name=\"twitter:data1\" content=\"ppdegaliciaredes\" \/>\n\t<meta name=\"twitter:label2\" content=\"Tiempo de lectura\" \/>\n\t<meta name=\"twitter:data2\" content=\"4 minutos\" \/>\n<script type=\"application\/ld+json\" class=\"yoast-schema-graph\">{\"@context\":\"https:\\\/\\\/schema.org\",\"@graph\":[{\"@type\":\"Article\",\"@id\":\"https:\\\/\\\/ppdegalicia.com\\\/es\\\/paula-prado-considera-que-feijoo-foi-o-claro-ganador-do-debate-de-onte-mentres-que-pedro-sanchez-mostrou-a-sua-incomodidade-por-escoitar-que-en-cinco-anos-non-fixo-nada-por-resolver-os-problemas-da-xe\\\/#article\",\"isPartOf\":{\"@id\":\"https:\\\/\\\/ppdegalicia.com\\\/es\\\/paula-prado-considera-que-feijoo-foi-o-claro-ganador-do-debate-de-onte-mentres-que-pedro-sanchez-mostrou-a-sua-incomodidade-por-escoitar-que-en-cinco-anos-non-fixo-nada-por-resolver-os-problemas-da-xe\\\/\"},\"author\":{\"name\":\"ppdegaliciaredes\",\"@id\":\"https:\\\/\\\/ppdegalicia.com\\\/es\\\/#\\\/schema\\\/person\\\/5b822c6f59e872ebdd1142f307dbcb59\"},\"headline\":\"Paula Prado considera que Feij\u00f3o foi o \u201cclaro ga\u00f1ador\u201d do debate de onte, mentres que Pedro S\u00e1nchez \u201cmostrou a s\u00faa incomodidade por escoitar que en cinco anos non fixo nada por resolver os problemas da xente\u201d\",\"datePublished\":\"2023-07-11T08:35:48+00:00\",\"mainEntityOfPage\":{\"@id\":\"https:\\\/\\\/ppdegalicia.com\\\/es\\\/paula-prado-considera-que-feijoo-foi-o-claro-ganador-do-debate-de-onte-mentres-que-pedro-sanchez-mostrou-a-sua-incomodidade-por-escoitar-que-en-cinco-anos-non-fixo-nada-por-resolver-os-problemas-da-xe\\\/\"},\"wordCount\":787,\"commentCount\":0,\"publisher\":{\"@id\":\"https:\\\/\\\/ppdegalicia.com\\\/es\\\/#organization\"},\"image\":{\"@id\":\"https:\\\/\\\/ppdegalicia.com\\\/es\\\/paula-prado-considera-que-feijoo-foi-o-claro-ganador-do-debate-de-onte-mentres-que-pedro-sanchez-mostrou-a-sua-incomodidade-por-escoitar-que-en-cinco-anos-non-fixo-nada-por-resolver-os-problemas-da-xe\\\/#primaryimage\"},\"thumbnailUrl\":\"https:\\\/\\\/ppdegalicia.com\\\/wp-content\\\/uploads\\\/2023\\\/07\\\/98f7016e30dc47dcd3155812e475d168-scaled.jpg\",\"articleSection\":[\"PP de Galicia\"],\"inLanguage\":\"es\",\"potentialAction\":[{\"@type\":\"CommentAction\",\"name\":\"Comment\",\"target\":[\"https:\\\/\\\/ppdegalicia.com\\\/es\\\/paula-prado-considera-que-feijoo-foi-o-claro-ganador-do-debate-de-onte-mentres-que-pedro-sanchez-mostrou-a-sua-incomodidade-por-escoitar-que-en-cinco-anos-non-fixo-nada-por-resolver-os-problemas-da-xe\\\/#respond\"]}]},{\"@type\":\"WebPage\",\"@id\":\"https:\\\/\\\/ppdegalicia.com\\\/es\\\/paula-prado-considera-que-feijoo-foi-o-claro-ganador-do-debate-de-onte-mentres-que-pedro-sanchez-mostrou-a-sua-incomodidade-por-escoitar-que-en-cinco-anos-non-fixo-nada-por-resolver-os-problemas-da-xe\\\/\",\"url\":\"https:\\\/\\\/ppdegalicia.com\\\/es\\\/paula-prado-considera-que-feijoo-foi-o-claro-ganador-do-debate-de-onte-mentres-que-pedro-sanchez-mostrou-a-sua-incomodidade-por-escoitar-que-en-cinco-anos-non-fixo-nada-por-resolver-os-problemas-da-xe\\\/\",\"name\":\"Paula Prado considera que Feij\u00f3o foi o \u201cclaro ga\u00f1ador\u201d do debate de onte, mentres que Pedro S\u00e1nchez \u201cmostrou a s\u00faa incomodidade por escoitar que en cinco anos non fixo nada por resolver os problemas da xente\u201d - PP de Galicia\",\"isPartOf\":{\"@id\":\"https:\\\/\\\/ppdegalicia.com\\\/es\\\/#website\"},\"primaryImageOfPage\":{\"@id\":\"https:\\\/\\\/ppdegalicia.com\\\/es\\\/paula-prado-considera-que-feijoo-foi-o-claro-ganador-do-debate-de-onte-mentres-que-pedro-sanchez-mostrou-a-sua-incomodidade-por-escoitar-que-en-cinco-anos-non-fixo-nada-por-resolver-os-problemas-da-xe\\\/#primaryimage\"},\"image\":{\"@id\":\"https:\\\/\\\/ppdegalicia.com\\\/es\\\/paula-prado-considera-que-feijoo-foi-o-claro-ganador-do-debate-de-onte-mentres-que-pedro-sanchez-mostrou-a-sua-incomodidade-por-escoitar-que-en-cinco-anos-non-fixo-nada-por-resolver-os-problemas-da-xe\\\/#primaryimage\"},\"thumbnailUrl\":\"https:\\\/\\\/ppdegalicia.com\\\/wp-content\\\/uploads\\\/2023\\\/07\\\/98f7016e30dc47dcd3155812e475d168-scaled.jpg\",\"datePublished\":\"2023-07-11T08:35:48+00:00\",\"breadcrumb\":{\"@id\":\"https:\\\/\\\/ppdegalicia.com\\\/es\\\/paula-prado-considera-que-feijoo-foi-o-claro-ganador-do-debate-de-onte-mentres-que-pedro-sanchez-mostrou-a-sua-incomodidade-por-escoitar-que-en-cinco-anos-non-fixo-nada-por-resolver-os-problemas-da-xe\\\/#breadcrumb\"},\"inLanguage\":\"es\",\"potentialAction\":[{\"@type\":\"ReadAction\",\"target\":[\"https:\\\/\\\/ppdegalicia.com\\\/es\\\/paula-prado-considera-que-feijoo-foi-o-claro-ganador-do-debate-de-onte-mentres-que-pedro-sanchez-mostrou-a-sua-incomodidade-por-escoitar-que-en-cinco-anos-non-fixo-nada-por-resolver-os-problemas-da-xe\\\/\"]}]},{\"@type\":\"ImageObject\",\"inLanguage\":\"es\",\"@id\":\"https:\\\/\\\/ppdegalicia.com\\\/es\\\/paula-prado-considera-que-feijoo-foi-o-claro-ganador-do-debate-de-onte-mentres-que-pedro-sanchez-mostrou-a-sua-incomodidade-por-escoitar-que-en-cinco-anos-non-fixo-nada-por-resolver-os-problemas-da-xe\\\/#primaryimage\",\"url\":\"https:\\\/\\\/ppdegalicia.com\\\/wp-content\\\/uploads\\\/2023\\\/07\\\/98f7016e30dc47dcd3155812e475d168-scaled.jpg\",\"contentUrl\":\"https:\\\/\\\/ppdegalicia.com\\\/wp-content\\\/uploads\\\/2023\\\/07\\\/98f7016e30dc47dcd3155812e475d168-scaled.jpg\",\"width\":2560,\"height\":1895},{\"@type\":\"BreadcrumbList\",\"@id\":\"https:\\\/\\\/ppdegalicia.com\\\/es\\\/paula-prado-considera-que-feijoo-foi-o-claro-ganador-do-debate-de-onte-mentres-que-pedro-sanchez-mostrou-a-sua-incomodidade-por-escoitar-que-en-cinco-anos-non-fixo-nada-por-resolver-os-problemas-da-xe\\\/#breadcrumb\",\"itemListElement\":[{\"@type\":\"ListItem\",\"position\":1,\"name\":\"Portada\",\"item\":\"https:\\\/\\\/ppdegalicia.com\\\/es\\\/\"},{\"@type\":\"ListItem\",\"position\":2,\"name\":\"Paula Prado considera que Feij\u00f3o foi o \u201cclaro ga\u00f1ador\u201d do debate de onte, mentres que Pedro S\u00e1nchez \u201cmostrou a s\u00faa incomodidade por escoitar que en cinco anos non fixo nada por resolver os problemas da xente\u201d\"}]},{\"@type\":\"WebSite\",\"@id\":\"https:\\\/\\\/ppdegalicia.com\\\/es\\\/#website\",\"url\":\"https:\\\/\\\/ppdegalicia.com\\\/es\\\/\",\"name\":\"Partido Popular de Galicia\",\"description\":\"Partido Popular de Galicia\",\"publisher\":{\"@id\":\"https:\\\/\\\/ppdegalicia.com\\\/es\\\/#organization\"},\"alternateName\":\"PP de Galicia\",\"potentialAction\":[{\"@type\":\"SearchAction\",\"target\":{\"@type\":\"EntryPoint\",\"urlTemplate\":\"https:\\\/\\\/ppdegalicia.com\\\/es\\\/?s={search_term_string}\"},\"query-input\":{\"@type\":\"PropertyValueSpecification\",\"valueRequired\":true,\"valueName\":\"search_term_string\"}}],\"inLanguage\":\"es\"},{\"@type\":\"Organization\",\"@id\":\"https:\\\/\\\/ppdegalicia.com\\\/es\\\/#organization\",\"name\":\"Partido Popular de Galicia\",\"alternateName\":\"PP de Galicia\",\"url\":\"https:\\\/\\\/ppdegalicia.com\\\/es\\\/\",\"logo\":{\"@type\":\"ImageObject\",\"inLanguage\":\"es\",\"@id\":\"https:\\\/\\\/ppdegalicia.com\\\/es\\\/#\\\/schema\\\/logo\\\/image\\\/\",\"url\":\"https:\\\/\\\/ppdegalicia.com\\\/wp-content\\\/uploads\\\/2023\\\/04\\\/logoPP512.png\",\"contentUrl\":\"https:\\\/\\\/ppdegalicia.com\\\/wp-content\\\/uploads\\\/2023\\\/04\\\/logoPP512.png\",\"width\":512,\"height\":512,\"caption\":\"Partido Popular de Galicia\"},\"image\":{\"@id\":\"https:\\\/\\\/ppdegalicia.com\\\/es\\\/#\\\/schema\\\/logo\\\/image\\\/\"},\"sameAs\":[\"https:\\\/\\\/www.instagram.com\\\/ppdegalicia\\\/\",\"https:\\\/\\\/x.com\\\/ppdegalicia\",\"https:\\\/\\\/www.tiktok.com\\\/@ppdegalicia\",\"https:\\\/\\\/www.youtube.com\\\/user\\\/ppdegalicia\"]},{\"@type\":\"Person\",\"@id\":\"https:\\\/\\\/ppdegalicia.com\\\/es\\\/#\\\/schema\\\/person\\\/5b822c6f59e872ebdd1142f307dbcb59\",\"name\":\"ppdegaliciaredes\",\"image\":{\"@type\":\"ImageObject\",\"inLanguage\":\"es\",\"@id\":\"https:\\\/\\\/secure.gravatar.com\\\/avatar\\\/3c9179cf0256d00c72a48d1f25783c58b6842cd56e85ef3a572881c8e28ccd59?s=96&d=mm&r=g\",\"url\":\"https:\\\/\\\/secure.gravatar.com\\\/avatar\\\/3c9179cf0256d00c72a48d1f25783c58b6842cd56e85ef3a572881c8e28ccd59?s=96&d=mm&r=g\",\"contentUrl\":\"https:\\\/\\\/secure.gravatar.com\\\/avatar\\\/3c9179cf0256d00c72a48d1f25783c58b6842cd56e85ef3a572881c8e28ccd59?s=96&d=mm&r=g\",\"caption\":\"ppdegaliciaredes\"},\"url\":\"https:\\\/\\\/ppdegalicia.com\\\/es\\\/author\\\/ppdegaliciaredes\\\/\"}]}<\/script>\n<!-- \/ Yoast SEO plugin. -->","yoast_head_json":{"title":"Paula Prado considera que Feij\u00f3o foi o \u201cclaro ga\u00f1ador\u201d do debate de onte, mentres que Pedro S\u00e1nchez \u201cmostrou a s\u00faa incomodidade por escoitar que en cinco anos non fixo nada por resolver os problemas da xente\u201d - PP de Galicia","robots":{"index":"index","follow":"follow","max-snippet":"max-snippet:-1","max-image-preview":"max-image-preview:large","max-video-preview":"max-video-preview:-1"},"canonical":"https:\/\/ppdegalicia.com\/es\/paula-prado-considera-que-feijoo-foi-o-claro-ganador-do-debate-de-onte-mentres-que-pedro-sanchez-mostrou-a-sua-incomodidade-por-escoitar-que-en-cinco-anos-non-fixo-nada-por-resolver-os-problemas-da-xe\/","og_locale":"es_ES","og_type":"article","og_title":"Paula Prado considera que Feij\u00f3o foi o \u201cclaro ga\u00f1ador\u201d do debate de onte, mentres que Pedro S\u00e1nchez \u201cmostrou a s\u00faa incomodidade por escoitar que en cinco anos non fixo nada por resolver os problemas da xente\u201d - PP de Galicia","og_description":"A secretaria xeral do PPdeG reivindica que \u201cse A Mari\u00f1a tivo voz no Congreso e no Senado na pasada lexislatura non foi grazas a Pedro S\u00e1nchez, sen\u00f3n aos representantes do PP que levaron al\u00ed os problemas, as inquedanzas e as necesidades de toda a comarca\u201d","og_url":"https:\/\/ppdegalicia.com\/es\/paula-prado-considera-que-feijoo-foi-o-claro-ganador-do-debate-de-onte-mentres-que-pedro-sanchez-mostrou-a-sua-incomodidade-por-escoitar-que-en-cinco-anos-non-fixo-nada-por-resolver-os-problemas-da-xe\/","og_site_name":"PP de Galicia","article_publisher":"https:\/\/www.instagram.com\/ppdegalicia\/","article_published_time":"2023-07-11T08:35:48+00:00","og_image":[{"width":2560,"height":1895,"url":"https:\/\/ppdegalicia.com\/wp-content\/uploads\/2023\/07\/98f7016e30dc47dcd3155812e475d168-scaled.jpg","type":"image\/jpeg"}],"author":"ppdegaliciaredes","twitter_card":"summary_large_image","twitter_creator":"@ppdegalicia","twitter_site":"@ppdegalicia","twitter_misc":{"Escrito por":"ppdegaliciaredes","Tiempo de lectura":"4 minutos"},"schema":{"@context":"https:\/\/schema.org","@graph":[{"@type":"Article","@id":"https:\/\/ppdegalicia.com\/es\/paula-prado-considera-que-feijoo-foi-o-claro-ganador-do-debate-de-onte-mentres-que-pedro-sanchez-mostrou-a-sua-incomodidade-por-escoitar-que-en-cinco-anos-non-fixo-nada-por-resolver-os-problemas-da-xe\/#article","isPartOf":{"@id":"https:\/\/ppdegalicia.com\/es\/paula-prado-considera-que-feijoo-foi-o-claro-ganador-do-debate-de-onte-mentres-que-pedro-sanchez-mostrou-a-sua-incomodidade-por-escoitar-que-en-cinco-anos-non-fixo-nada-por-resolver-os-problemas-da-xe\/"},"author":{"name":"ppdegaliciaredes","@id":"https:\/\/ppdegalicia.com\/es\/#\/schema\/person\/5b822c6f59e872ebdd1142f307dbcb59"},"headline":"Paula Prado considera que Feij\u00f3o foi o \u201cclaro ga\u00f1ador\u201d do debate de onte, mentres que Pedro S\u00e1nchez \u201cmostrou a s\u00faa incomodidade por escoitar que en cinco anos non fixo nada por resolver os problemas da xente\u201d","datePublished":"2023-07-11T08:35:48+00:00","mainEntityOfPage":{"@id":"https:\/\/ppdegalicia.com\/es\/paula-prado-considera-que-feijoo-foi-o-claro-ganador-do-debate-de-onte-mentres-que-pedro-sanchez-mostrou-a-sua-incomodidade-por-escoitar-que-en-cinco-anos-non-fixo-nada-por-resolver-os-problemas-da-xe\/"},"wordCount":787,"commentCount":0,"publisher":{"@id":"https:\/\/ppdegalicia.com\/es\/#organization"},"image":{"@id":"https:\/\/ppdegalicia.com\/es\/paula-prado-considera-que-feijoo-foi-o-claro-ganador-do-debate-de-onte-mentres-que-pedro-sanchez-mostrou-a-sua-incomodidade-por-escoitar-que-en-cinco-anos-non-fixo-nada-por-resolver-os-problemas-da-xe\/#primaryimage"},"thumbnailUrl":"https:\/\/ppdegalicia.com\/wp-content\/uploads\/2023\/07\/98f7016e30dc47dcd3155812e475d168-scaled.jpg","articleSection":["PP de Galicia"],"inLanguage":"es","potentialAction":[{"@type":"CommentAction","name":"Comment","target":["https:\/\/ppdegalicia.com\/es\/paula-prado-considera-que-feijoo-foi-o-claro-ganador-do-debate-de-onte-mentres-que-pedro-sanchez-mostrou-a-sua-incomodidade-por-escoitar-que-en-cinco-anos-non-fixo-nada-por-resolver-os-problemas-da-xe\/#respond"]}]},{"@type":"WebPage","@id":"https:\/\/ppdegalicia.com\/es\/paula-prado-considera-que-feijoo-foi-o-claro-ganador-do-debate-de-onte-mentres-que-pedro-sanchez-mostrou-a-sua-incomodidade-por-escoitar-que-en-cinco-anos-non-fixo-nada-por-resolver-os-problemas-da-xe\/","url":"https:\/\/ppdegalicia.com\/es\/paula-prado-considera-que-feijoo-foi-o-claro-ganador-do-debate-de-onte-mentres-que-pedro-sanchez-mostrou-a-sua-incomodidade-por-escoitar-que-en-cinco-anos-non-fixo-nada-por-resolver-os-problemas-da-xe\/","name":"Paula Prado considera que Feij\u00f3o foi o \u201cclaro ga\u00f1ador\u201d do debate de onte, mentres que Pedro S\u00e1nchez \u201cmostrou a s\u00faa incomodidade por escoitar que en cinco anos non fixo nada por resolver os problemas da xente\u201d - PP de Galicia","isPartOf":{"@id":"https:\/\/ppdegalicia.com\/es\/#website"},"primaryImageOfPage":{"@id":"https:\/\/ppdegalicia.com\/es\/paula-prado-considera-que-feijoo-foi-o-claro-ganador-do-debate-de-onte-mentres-que-pedro-sanchez-mostrou-a-sua-incomodidade-por-escoitar-que-en-cinco-anos-non-fixo-nada-por-resolver-os-problemas-da-xe\/#primaryimage"},"image":{"@id":"https:\/\/ppdegalicia.com\/es\/paula-prado-considera-que-feijoo-foi-o-claro-ganador-do-debate-de-onte-mentres-que-pedro-sanchez-mostrou-a-sua-incomodidade-por-escoitar-que-en-cinco-anos-non-fixo-nada-por-resolver-os-problemas-da-xe\/#primaryimage"},"thumbnailUrl":"https:\/\/ppdegalicia.com\/wp-content\/uploads\/2023\/07\/98f7016e30dc47dcd3155812e475d168-scaled.jpg","datePublished":"2023-07-11T08:35:48+00:00","breadcrumb":{"@id":"https:\/\/ppdegalicia.com\/es\/paula-prado-considera-que-feijoo-foi-o-claro-ganador-do-debate-de-onte-mentres-que-pedro-sanchez-mostrou-a-sua-incomodidade-por-escoitar-que-en-cinco-anos-non-fixo-nada-por-resolver-os-problemas-da-xe\/#breadcrumb"},"inLanguage":"es","potentialAction":[{"@type":"ReadAction","target":["https:\/\/ppdegalicia.com\/es\/paula-prado-considera-que-feijoo-foi-o-claro-ganador-do-debate-de-onte-mentres-que-pedro-sanchez-mostrou-a-sua-incomodidade-por-escoitar-que-en-cinco-anos-non-fixo-nada-por-resolver-os-problemas-da-xe\/"]}]},{"@type":"ImageObject","inLanguage":"es","@id":"https:\/\/ppdegalicia.com\/es\/paula-prado-considera-que-feijoo-foi-o-claro-ganador-do-debate-de-onte-mentres-que-pedro-sanchez-mostrou-a-sua-incomodidade-por-escoitar-que-en-cinco-anos-non-fixo-nada-por-resolver-os-problemas-da-xe\/#primaryimage","url":"https:\/\/ppdegalicia.com\/wp-content\/uploads\/2023\/07\/98f7016e30dc47dcd3155812e475d168-scaled.jpg","contentUrl":"https:\/\/ppdegalicia.com\/wp-content\/uploads\/2023\/07\/98f7016e30dc47dcd3155812e475d168-scaled.jpg","width":2560,"height":1895},{"@type":"BreadcrumbList","@id":"https:\/\/ppdegalicia.com\/es\/paula-prado-considera-que-feijoo-foi-o-claro-ganador-do-debate-de-onte-mentres-que-pedro-sanchez-mostrou-a-sua-incomodidade-por-escoitar-que-en-cinco-anos-non-fixo-nada-por-resolver-os-problemas-da-xe\/#breadcrumb","itemListElement":[{"@type":"ListItem","position":1,"name":"Portada","item":"https:\/\/ppdegalicia.com\/es\/"},{"@type":"ListItem","position":2,"name":"Paula Prado considera que Feij\u00f3o foi o \u201cclaro ga\u00f1ador\u201d do debate de onte, mentres que Pedro S\u00e1nchez \u201cmostrou a s\u00faa incomodidade por escoitar que en cinco anos non fixo nada por resolver os problemas da xente\u201d"}]},{"@type":"WebSite","@id":"https:\/\/ppdegalicia.com\/es\/#website","url":"https:\/\/ppdegalicia.com\/es\/","name":"Partido Popular de Galicia","description":"Partido Popular de Galicia","publisher":{"@id":"https:\/\/ppdegalicia.com\/es\/#organization"},"alternateName":"PP de Galicia","potentialAction":[{"@type":"SearchAction","target":{"@type":"EntryPoint","urlTemplate":"https:\/\/ppdegalicia.com\/es\/?s={search_term_string}"},"query-input":{"@type":"PropertyValueSpecification","valueRequired":true,"valueName":"search_term_string"}}],"inLanguage":"es"},{"@type":"Organization","@id":"https:\/\/ppdegalicia.com\/es\/#organization","name":"Partido Popular de Galicia","alternateName":"PP de Galicia","url":"https:\/\/ppdegalicia.com\/es\/","logo":{"@type":"ImageObject","inLanguage":"es","@id":"https:\/\/ppdegalicia.com\/es\/#\/schema\/logo\/image\/","url":"https:\/\/ppdegalicia.com\/wp-content\/uploads\/2023\/04\/logoPP512.png","contentUrl":"https:\/\/ppdegalicia.com\/wp-content\/uploads\/2023\/04\/logoPP512.png","width":512,"height":512,"caption":"Partido Popular de Galicia"},"image":{"@id":"https:\/\/ppdegalicia.com\/es\/#\/schema\/logo\/image\/"},"sameAs":["https:\/\/www.instagram.com\/ppdegalicia\/","https:\/\/x.com\/ppdegalicia","https:\/\/www.tiktok.com\/@ppdegalicia","https:\/\/www.youtube.com\/user\/ppdegalicia"]},{"@type":"Person","@id":"https:\/\/ppdegalicia.com\/es\/#\/schema\/person\/5b822c6f59e872ebdd1142f307dbcb59","name":"ppdegaliciaredes","image":{"@type":"ImageObject","inLanguage":"es","@id":"https:\/\/secure.gravatar.com\/avatar\/3c9179cf0256d00c72a48d1f25783c58b6842cd56e85ef3a572881c8e28ccd59?s=96&d=mm&r=g","url":"https:\/\/secure.gravatar.com\/avatar\/3c9179cf0256d00c72a48d1f25783c58b6842cd56e85ef3a572881c8e28ccd59?s=96&d=mm&r=g","contentUrl":"https:\/\/secure.gravatar.com\/avatar\/3c9179cf0256d00c72a48d1f25783c58b6842cd56e85ef3a572881c8e28ccd59?s=96&d=mm&r=g","caption":"ppdegaliciaredes"},"url":"https:\/\/ppdegalicia.com\/es\/author\/ppdegaliciaredes\/"}]}},"_links":{"self":[{"href":"https:\/\/ppdegalicia.com\/es\/wp-json\/wp\/v2\/posts\/58275","targetHints":{"allow":["GET"]}}],"collection":[{"href":"https:\/\/ppdegalicia.com\/es\/wp-json\/wp\/v2\/posts"}],"about":[{"href":"https:\/\/ppdegalicia.com\/es\/wp-json\/wp\/v2\/types\/post"}],"author":[{"embeddable":true,"href":"https:\/\/ppdegalicia.com\/es\/wp-json\/wp\/v2\/users\/38"}],"replies":[{"embeddable":true,"href":"https:\/\/ppdegalicia.com\/es\/wp-json\/wp\/v2\/comments?post=58275"}],"version-history":[{"count":0,"href":"https:\/\/ppdegalicia.com\/es\/wp-json\/wp\/v2\/posts\/58275\/revisions"}],"wp:featuredmedia":[{"embeddable":true,"href":"https:\/\/ppdegalicia.com\/es\/wp-json\/wp\/v2\/media\/58274"}],"wp:attachment":[{"href":"https:\/\/ppdegalicia.com\/es\/wp-json\/wp\/v2\/media?parent=58275"}],"wp:term":[{"taxonomy":"category","embeddable":true,"href":"https:\/\/ppdegalicia.com\/es\/wp-json\/wp\/v2\/categories?post=58275"},{"taxonomy":"post_tag","embeddable":true,"href":"https:\/\/ppdegalicia.com\/es\/wp-json\/wp\/v2\/tags?post=58275"}],"curies":[{"name":"wp","href":"https:\/\/api.w.org\/{rel}","templated":true}]}}