{"id":58285,"date":"2023-07-19T07:50:15","date_gmt":"2023-07-19T05:50:15","guid":{"rendered":"https:\/\/ppdegalicia.com\/o-ppdeg-pide-o-voto-aos-galegos-que-apoiaron-ao-psoe-no-pasado-e-non-entenden-por-que-a-autovia-a-54-non-esta-rematada-e-por-que-cando-se-finalice-van-ter-que-pagar-por-viaxar-por-ela\/"},"modified":"2023-07-19T07:50:15","modified_gmt":"2023-07-19T05:50:15","slug":"o-ppdeg-pide-o-voto-aos-galegos-que-apoiaron-ao-psoe-no-pasado-e-non-entenden-por-que-a-autovia-a-54-non-esta-rematada-e-por-que-cando-se-finalice-van-ter-que-pagar-por-viaxar-por-ela","status":"publish","type":"post","link":"https:\/\/ppdegalicia.com\/es\/o-ppdeg-pide-o-voto-aos-galegos-que-apoiaron-ao-psoe-no-pasado-e-non-entenden-por-que-a-autovia-a-54-non-esta-rematada-e-por-que-cando-se-finalice-van-ter-que-pagar-por-viaxar-por-ela\/","title":{"rendered":"O PPdeG pide o voto aos galegos que apoiaron ao PSOE no pasado e  \u201cnon entenden por que a autov\u00eda A-54 non est\u00e1 rematada e por que cando se finalice van ter que pagar por viaxar por ela\u201d"},"content":{"rendered":"<p><img fetchpriority=\"high\" decoding=\"async\" class=\" size-full wp-image-58284\" src=\"https:\/\/ppdegalicia.com\/wp-content\/uploads\/2023\/07\/462c3600617c91bc3cb82c71ac2dbfd5-scaled.jpg\" alt=\"\" width=\"2560\" height=\"1707\" srcset=\"https:\/\/ppdegalicia.com\/wp-content\/uploads\/2023\/07\/462c3600617c91bc3cb82c71ac2dbfd5-scaled.jpg 2560w, https:\/\/ppdegalicia.com\/wp-content\/uploads\/2023\/07\/462c3600617c91bc3cb82c71ac2dbfd5-300x200.jpg 300w, https:\/\/ppdegalicia.com\/wp-content\/uploads\/2023\/07\/462c3600617c91bc3cb82c71ac2dbfd5-1024x683.jpg 1024w, https:\/\/ppdegalicia.com\/wp-content\/uploads\/2023\/07\/462c3600617c91bc3cb82c71ac2dbfd5-768x512.jpg 768w, https:\/\/ppdegalicia.com\/wp-content\/uploads\/2023\/07\/462c3600617c91bc3cb82c71ac2dbfd5-1536x1024.jpg 1536w, https:\/\/ppdegalicia.com\/wp-content\/uploads\/2023\/07\/462c3600617c91bc3cb82c71ac2dbfd5-2048x1365.jpg 2048w\" sizes=\"(max-width: 2560px) 100vw, 2560px\" \/><\/p>\n<p>A secretaria xeral do PPdeG apuntou que este 23 de xullo os galegos te\u00f1en a posibilidade de converter estes anos de \u201cdesconexi\u00f3n de Pedro S\u00e1nchez con Galicia\u201d na \u201cdesconexi\u00f3n de Pedro S\u00e1nchez coa Moncloa\u201d.<\/p>\n<p><!--more--><\/p>\n<p>Francisco Conde: \u201cXa non hai cabida para mais escusas para non rematar esta infraestrutura e poida ter, por fin, un impacto no territorio, no tecido industrial e na mobilidade dos lucenses\u201d<\/p>\n<p>Ethel V\u00e1zquez: \u201cEstamos en mans dun Goberno que cando rehabilita viadutos, colapsan; que dese\u00f1a trens que non caben polos t\u00faneles e que oculta informaci\u00f3n sobre o pago polo uso das autov\u00edas\u201d<\/p>\n<p>O n\u00famero 1 ao Congreso pola provincia denunciou que a paralizaci\u00f3n do proxecto da A-54 est\u00e1 tendo \u201cun enorme impacto negativo na mobilidade das familias e especialmente na competitividade do tecido produtivo e de todas esas empresas e aut\u00f3nomos que precisan esta autov\u00eda desde un punto de vista lox\u00edstico para mellorar o seu posicionamento\u201d<\/p>\n<p>\u201cXa non hai cabida para mais escusas para non rematar esta infraestrutura e poida ter, por fin, un impacto no territorio, no tecido industrial e na mobilidade dos lucenses\u201d, asegurou<\/p>\n<p>Francisco Conde engadiu que a decisi\u00f3n do Goberno de S\u00e1nchez de establecer peaxes nas autov\u00edas a partir de 2024 supor\u00e1 \u201cunha nova penalizaci\u00f3n para a competitividade e para o poder adquisitivo das familias\u201d, por iso pediu que se aclare \u201ccal \u00e9 realmente a motivaci\u00f3n desta decisi\u00f3n e cal vai ser o seu impacto\u201d<\/p>\n<p><strong>ETHEL V\u00c1ZQUEZ: \u201cO MALTRATO DO SANCHISMO \u00c1S INFRAESTRUTURAS DE LUGO ROZA O ASA\u00d1AMENTO\u201d<\/strong><\/p>\n<p>A responsable nacional de Infraestruturas do PP recordou que en marzo de 2018 \u2013durante o Goberno de Mariano Rajoy\u2013 comezaron as obras deste \u00faltimo treito da A-54 e que se acordou que estiveran rematadas para o Xacobeo de 2021, pero \u201centrou Pedro S\u00e1nchez na Moncloa e as infraestruturas galegas e especialmente as de Lugo entraron nun proceso de letargo\u201d<\/p>\n<p>\u201cA autov\u00eda A-54 \u00e9 unha infraestrutura viaria estrat\u00e9xica e fundamental para Galicia, pero \u00e9 todo o contrario para o Goberno de S\u00e1nchez\u201d, asegurou subli\u00f1ando que a obra poder\u00eda non estar rematada ata finais de 2024 ou principios de 2025<\/p>\n<p>Sobre o pago das autov\u00edas a partir do pr\u00f3ximo ano, Ethel V\u00e1zquez insistiu en que \u201c\u00e9 un compromiso que est\u00e1 en documentos oficiais do Goberno de Espa\u00f1a remitidos \u00e1 Uni\u00f3n Europea\u201d e que, polo tanto, cando a A-54 estea rematada, \u201cos usuarios ter\u00e1n que pagar por circular por ela como consecuencia desta herdanza de Pedro S\u00e1nchez\u201d<\/p>\n<p>\u201cEstamos en mans dun Goberno que cando rehabilita viadutos, colapsan; que dese\u00f1a trens que non caben polos t\u00faneles e que oculta informaci\u00f3n sobre o pago polo uso das autov\u00edas\u201d, resumiu<\/p>\n<p>De a\u00ed que expresase o seu desexo en clave electoral: \u201cAgardamos que a partir da pr\u00f3xima semana finalice este maltrato do sanchismo \u00e1s infraestruturas de Galicia que na provincia de Lugo xa case rozan o asa\u00f1amento\u201d<\/p>\n<p><strong>PAULA PRADO: \u201cHAI QUE DESCONECTAR A S\u00c1NCHEZ DA MONCLOA\u201d<\/p>\n<p><\/strong><\/p>\n<p>A secretaria xeral do PPdeG apuntou que este 23 de xullo os galegos te\u00f1en a posibilidade de converter estes anos de \u201cdesconexi\u00f3n de Pedro S\u00e1nchez con Galicia\u201d na \u201cdesconexi\u00f3n de Pedro S\u00e1nchez coa Moncloa\u201d<\/p>\n<p>\u201cHai que desconectar a S\u00e1nchez porque nestes anos non demos pasos adiante, como di o seu slogan, sen\u00f3n dar pasos atr\u00e1s e afastar aos galegos de poder ter unhas infraestruturas propias do s\u00e9culo XXI\u201d, afirmou po\u00f1endo como exemplo o atraso na chegada dos trens de Alta Velocidade ou o traspaso da AP-9<\/p>\n<p>Paula Prado pediu aos galegos que, \u201cvotaran o que votaran no pasado e a\u00ednda que o PP non sexa o seu partido, valoren que Alberto N\u00fa\u00f1ez Feij\u00f3o \u00e9 a \u00fanica alternativa de cambio en Espa\u00f1a e para Galicia\u201d<\/p>\n<p>E, neste sentido referiuse especificamente aos votantes do PSOE que \u201cnon entenden por que a autov\u00eda A-54 non est\u00e1 a\u00ednda rematada e por que a partir do 2024 van ter que pagar por viaxar polas autov\u00edas galegas\u201d<\/p>\n<p>Facendo un chamamento ao voto \u00fatil, a n\u00famero dous dos populares galegos subli\u00f1ou que o verdadeiro voto \u00fatil \u00e9 o que se traduce en obter representaci\u00f3n e non como ocorreu, por exemplo, na cidade de Lugo nas elecci\u00f3ns municipais<\/p>\n<p>\u201cEn Lugo houbo pouco m\u00e1is de 1.200 votos que se foron a outras formaci\u00f3ns de dereita, que non se traduciron en ning\u00fan concelleiro pero sen embargo impediron que gobernase o PP na cidade e na Deputaci\u00f3n. M\u00e1is ben o contrario: eses votos facilitaron un goberno do PSOE e o BNG en ambas administraci\u00f3ns\u201d, insistiu<\/p>\n","protected":false},"excerpt":{"rendered":"<p>A secretaria xeral do PPdeG apuntou que este 23 de xullo os galegos te\u00f1en a posibilidade de converter estes anos de \u201cdesconexi\u00f3n de Pedro S\u00e1nchez con Galicia\u201d na \u201cdesconexi\u00f3n de Pedro S\u00e1nchez coa Moncloa\u201d.<\/p>\n","protected":false},"author":38,"featured_media":58284,"comment_status":"open","ping_status":"open","sticky":false,"template":"","format":"standard","meta":{"_acf_changed":false,"footnotes":""},"categories":[1],"tags":[],"class_list":["post-58285","post","type-post","status-publish","format-standard","has-post-thumbnail","hentry","category-pp-de-galicia"],"acf":[],"yoast_head":"<!-- This site is optimized with the Yoast SEO plugin v27.3 - https:\/\/yoast.com\/product\/yoast-seo-wordpress\/ -->\n<title>O PPdeG pide o voto aos galegos que apoiaron ao PSOE no pasado e \u201cnon entenden por que a autov\u00eda A-54 non est\u00e1 rematada e por que cando se finalice van ter que pagar por viaxar por ela\u201d - PP de Galicia<\/title>\n<meta name=\"robots\" content=\"index, follow, max-snippet:-1, max-image-preview:large, max-video-preview:-1\" \/>\n<link rel=\"canonical\" href=\"https:\/\/ppdegalicia.com\/es\/o-ppdeg-pide-o-voto-aos-galegos-que-apoiaron-ao-psoe-no-pasado-e-non-entenden-por-que-a-autovia-a-54-non-esta-rematada-e-por-que-cando-se-finalice-van-ter-que-pagar-por-viaxar-por-ela\/\" \/>\n<meta property=\"og:locale\" content=\"es_ES\" \/>\n<meta property=\"og:type\" content=\"article\" \/>\n<meta property=\"og:title\" content=\"O PPdeG pide o voto aos galegos que apoiaron ao PSOE no pasado e \u201cnon entenden por que a autov\u00eda A-54 non est\u00e1 rematada e por que cando se finalice van ter que pagar por viaxar por ela\u201d - PP de Galicia\" \/>\n<meta property=\"og:description\" content=\"A secretaria xeral do PPdeG apuntou que este 23 de xullo os galegos te\u00f1en a posibilidade de converter estes anos de \u201cdesconexi\u00f3n de Pedro S\u00e1nchez con Galicia\u201d na \u201cdesconexi\u00f3n de Pedro S\u00e1nchez coa Moncloa\u201d.\" \/>\n<meta property=\"og:url\" content=\"https:\/\/ppdegalicia.com\/es\/o-ppdeg-pide-o-voto-aos-galegos-que-apoiaron-ao-psoe-no-pasado-e-non-entenden-por-que-a-autovia-a-54-non-esta-rematada-e-por-que-cando-se-finalice-van-ter-que-pagar-por-viaxar-por-ela\/\" \/>\n<meta property=\"og:site_name\" content=\"PP de Galicia\" \/>\n<meta property=\"article:publisher\" content=\"https:\/\/www.instagram.com\/ppdegalicia\/\" \/>\n<meta property=\"article:published_time\" content=\"2023-07-19T05:50:15+00:00\" \/>\n<meta property=\"og:image\" content=\"https:\/\/ppdegalicia.com\/wp-content\/uploads\/2023\/07\/462c3600617c91bc3cb82c71ac2dbfd5-scaled.jpg\" \/>\n\t<meta property=\"og:image:width\" content=\"2560\" \/>\n\t<meta property=\"og:image:height\" content=\"1707\" \/>\n\t<meta property=\"og:image:type\" content=\"image\/jpeg\" \/>\n<meta name=\"author\" content=\"ppdegaliciaredes\" \/>\n<meta name=\"twitter:card\" content=\"summary_large_image\" \/>\n<meta name=\"twitter:creator\" content=\"@ppdegalicia\" \/>\n<meta name=\"twitter:site\" content=\"@ppdegalicia\" \/>\n<meta name=\"twitter:label1\" content=\"Escrito por\" \/>\n\t<meta name=\"twitter:data1\" content=\"ppdegaliciaredes\" \/>\n\t<meta name=\"twitter:label2\" content=\"Tiempo de lectura\" \/>\n\t<meta name=\"twitter:data2\" content=\"4 minutos\" \/>\n<script type=\"application\/ld+json\" class=\"yoast-schema-graph\">{\"@context\":\"https:\\\/\\\/schema.org\",\"@graph\":[{\"@type\":\"Article\",\"@id\":\"https:\\\/\\\/ppdegalicia.com\\\/es\\\/o-ppdeg-pide-o-voto-aos-galegos-que-apoiaron-ao-psoe-no-pasado-e-non-entenden-por-que-a-autovia-a-54-non-esta-rematada-e-por-que-cando-se-finalice-van-ter-que-pagar-por-viaxar-por-ela\\\/#article\",\"isPartOf\":{\"@id\":\"https:\\\/\\\/ppdegalicia.com\\\/es\\\/o-ppdeg-pide-o-voto-aos-galegos-que-apoiaron-ao-psoe-no-pasado-e-non-entenden-por-que-a-autovia-a-54-non-esta-rematada-e-por-que-cando-se-finalice-van-ter-que-pagar-por-viaxar-por-ela\\\/\"},\"author\":{\"name\":\"ppdegaliciaredes\",\"@id\":\"https:\\\/\\\/ppdegalicia.com\\\/es\\\/#\\\/schema\\\/person\\\/5b822c6f59e872ebdd1142f307dbcb59\"},\"headline\":\"O PPdeG pide o voto aos galegos que apoiaron ao PSOE no pasado e \u201cnon entenden por que a autov\u00eda A-54 non est\u00e1 rematada e por que cando se finalice van ter que pagar por viaxar por ela\u201d\",\"datePublished\":\"2023-07-19T05:50:15+00:00\",\"mainEntityOfPage\":{\"@id\":\"https:\\\/\\\/ppdegalicia.com\\\/es\\\/o-ppdeg-pide-o-voto-aos-galegos-que-apoiaron-ao-psoe-no-pasado-e-non-entenden-por-que-a-autovia-a-54-non-esta-rematada-e-por-que-cando-se-finalice-van-ter-que-pagar-por-viaxar-por-ela\\\/\"},\"wordCount\":821,\"commentCount\":0,\"publisher\":{\"@id\":\"https:\\\/\\\/ppdegalicia.com\\\/es\\\/#organization\"},\"image\":{\"@id\":\"https:\\\/\\\/ppdegalicia.com\\\/es\\\/o-ppdeg-pide-o-voto-aos-galegos-que-apoiaron-ao-psoe-no-pasado-e-non-entenden-por-que-a-autovia-a-54-non-esta-rematada-e-por-que-cando-se-finalice-van-ter-que-pagar-por-viaxar-por-ela\\\/#primaryimage\"},\"thumbnailUrl\":\"https:\\\/\\\/ppdegalicia.com\\\/wp-content\\\/uploads\\\/2023\\\/07\\\/462c3600617c91bc3cb82c71ac2dbfd5-scaled.jpg\",\"articleSection\":[\"PP de Galicia\"],\"inLanguage\":\"es\",\"potentialAction\":[{\"@type\":\"CommentAction\",\"name\":\"Comment\",\"target\":[\"https:\\\/\\\/ppdegalicia.com\\\/es\\\/o-ppdeg-pide-o-voto-aos-galegos-que-apoiaron-ao-psoe-no-pasado-e-non-entenden-por-que-a-autovia-a-54-non-esta-rematada-e-por-que-cando-se-finalice-van-ter-que-pagar-por-viaxar-por-ela\\\/#respond\"]}]},{\"@type\":\"WebPage\",\"@id\":\"https:\\\/\\\/ppdegalicia.com\\\/es\\\/o-ppdeg-pide-o-voto-aos-galegos-que-apoiaron-ao-psoe-no-pasado-e-non-entenden-por-que-a-autovia-a-54-non-esta-rematada-e-por-que-cando-se-finalice-van-ter-que-pagar-por-viaxar-por-ela\\\/\",\"url\":\"https:\\\/\\\/ppdegalicia.com\\\/es\\\/o-ppdeg-pide-o-voto-aos-galegos-que-apoiaron-ao-psoe-no-pasado-e-non-entenden-por-que-a-autovia-a-54-non-esta-rematada-e-por-que-cando-se-finalice-van-ter-que-pagar-por-viaxar-por-ela\\\/\",\"name\":\"O PPdeG pide o voto aos galegos que apoiaron ao PSOE no pasado e \u201cnon entenden por que a autov\u00eda A-54 non est\u00e1 rematada e por que cando se finalice van ter que pagar por viaxar por ela\u201d - PP de Galicia\",\"isPartOf\":{\"@id\":\"https:\\\/\\\/ppdegalicia.com\\\/es\\\/#website\"},\"primaryImageOfPage\":{\"@id\":\"https:\\\/\\\/ppdegalicia.com\\\/es\\\/o-ppdeg-pide-o-voto-aos-galegos-que-apoiaron-ao-psoe-no-pasado-e-non-entenden-por-que-a-autovia-a-54-non-esta-rematada-e-por-que-cando-se-finalice-van-ter-que-pagar-por-viaxar-por-ela\\\/#primaryimage\"},\"image\":{\"@id\":\"https:\\\/\\\/ppdegalicia.com\\\/es\\\/o-ppdeg-pide-o-voto-aos-galegos-que-apoiaron-ao-psoe-no-pasado-e-non-entenden-por-que-a-autovia-a-54-non-esta-rematada-e-por-que-cando-se-finalice-van-ter-que-pagar-por-viaxar-por-ela\\\/#primaryimage\"},\"thumbnailUrl\":\"https:\\\/\\\/ppdegalicia.com\\\/wp-content\\\/uploads\\\/2023\\\/07\\\/462c3600617c91bc3cb82c71ac2dbfd5-scaled.jpg\",\"datePublished\":\"2023-07-19T05:50:15+00:00\",\"breadcrumb\":{\"@id\":\"https:\\\/\\\/ppdegalicia.com\\\/es\\\/o-ppdeg-pide-o-voto-aos-galegos-que-apoiaron-ao-psoe-no-pasado-e-non-entenden-por-que-a-autovia-a-54-non-esta-rematada-e-por-que-cando-se-finalice-van-ter-que-pagar-por-viaxar-por-ela\\\/#breadcrumb\"},\"inLanguage\":\"es\",\"potentialAction\":[{\"@type\":\"ReadAction\",\"target\":[\"https:\\\/\\\/ppdegalicia.com\\\/es\\\/o-ppdeg-pide-o-voto-aos-galegos-que-apoiaron-ao-psoe-no-pasado-e-non-entenden-por-que-a-autovia-a-54-non-esta-rematada-e-por-que-cando-se-finalice-van-ter-que-pagar-por-viaxar-por-ela\\\/\"]}]},{\"@type\":\"ImageObject\",\"inLanguage\":\"es\",\"@id\":\"https:\\\/\\\/ppdegalicia.com\\\/es\\\/o-ppdeg-pide-o-voto-aos-galegos-que-apoiaron-ao-psoe-no-pasado-e-non-entenden-por-que-a-autovia-a-54-non-esta-rematada-e-por-que-cando-se-finalice-van-ter-que-pagar-por-viaxar-por-ela\\\/#primaryimage\",\"url\":\"https:\\\/\\\/ppdegalicia.com\\\/wp-content\\\/uploads\\\/2023\\\/07\\\/462c3600617c91bc3cb82c71ac2dbfd5-scaled.jpg\",\"contentUrl\":\"https:\\\/\\\/ppdegalicia.com\\\/wp-content\\\/uploads\\\/2023\\\/07\\\/462c3600617c91bc3cb82c71ac2dbfd5-scaled.jpg\",\"width\":2560,\"height\":1707},{\"@type\":\"BreadcrumbList\",\"@id\":\"https:\\\/\\\/ppdegalicia.com\\\/es\\\/o-ppdeg-pide-o-voto-aos-galegos-que-apoiaron-ao-psoe-no-pasado-e-non-entenden-por-que-a-autovia-a-54-non-esta-rematada-e-por-que-cando-se-finalice-van-ter-que-pagar-por-viaxar-por-ela\\\/#breadcrumb\",\"itemListElement\":[{\"@type\":\"ListItem\",\"position\":1,\"name\":\"Portada\",\"item\":\"https:\\\/\\\/ppdegalicia.com\\\/es\\\/\"},{\"@type\":\"ListItem\",\"position\":2,\"name\":\"O PPdeG pide o voto aos galegos que apoiaron ao PSOE no pasado e \u201cnon entenden por que a autov\u00eda A-54 non est\u00e1 rematada e por que cando se finalice van ter que pagar por viaxar por ela\u201d\"}]},{\"@type\":\"WebSite\",\"@id\":\"https:\\\/\\\/ppdegalicia.com\\\/es\\\/#website\",\"url\":\"https:\\\/\\\/ppdegalicia.com\\\/es\\\/\",\"name\":\"Partido Popular de Galicia\",\"description\":\"Partido Popular de Galicia\",\"publisher\":{\"@id\":\"https:\\\/\\\/ppdegalicia.com\\\/es\\\/#organization\"},\"alternateName\":\"PP de Galicia\",\"potentialAction\":[{\"@type\":\"SearchAction\",\"target\":{\"@type\":\"EntryPoint\",\"urlTemplate\":\"https:\\\/\\\/ppdegalicia.com\\\/es\\\/?s={search_term_string}\"},\"query-input\":{\"@type\":\"PropertyValueSpecification\",\"valueRequired\":true,\"valueName\":\"search_term_string\"}}],\"inLanguage\":\"es\"},{\"@type\":\"Organization\",\"@id\":\"https:\\\/\\\/ppdegalicia.com\\\/es\\\/#organization\",\"name\":\"Partido Popular de Galicia\",\"alternateName\":\"PP de Galicia\",\"url\":\"https:\\\/\\\/ppdegalicia.com\\\/es\\\/\",\"logo\":{\"@type\":\"ImageObject\",\"inLanguage\":\"es\",\"@id\":\"https:\\\/\\\/ppdegalicia.com\\\/es\\\/#\\\/schema\\\/logo\\\/image\\\/\",\"url\":\"https:\\\/\\\/ppdegalicia.com\\\/wp-content\\\/uploads\\\/2023\\\/04\\\/logoPP512.png\",\"contentUrl\":\"https:\\\/\\\/ppdegalicia.com\\\/wp-content\\\/uploads\\\/2023\\\/04\\\/logoPP512.png\",\"width\":512,\"height\":512,\"caption\":\"Partido Popular de Galicia\"},\"image\":{\"@id\":\"https:\\\/\\\/ppdegalicia.com\\\/es\\\/#\\\/schema\\\/logo\\\/image\\\/\"},\"sameAs\":[\"https:\\\/\\\/www.instagram.com\\\/ppdegalicia\\\/\",\"https:\\\/\\\/x.com\\\/ppdegalicia\",\"https:\\\/\\\/www.tiktok.com\\\/@ppdegalicia\",\"https:\\\/\\\/www.youtube.com\\\/user\\\/ppdegalicia\"]},{\"@type\":\"Person\",\"@id\":\"https:\\\/\\\/ppdegalicia.com\\\/es\\\/#\\\/schema\\\/person\\\/5b822c6f59e872ebdd1142f307dbcb59\",\"name\":\"ppdegaliciaredes\",\"image\":{\"@type\":\"ImageObject\",\"inLanguage\":\"es\",\"@id\":\"https:\\\/\\\/secure.gravatar.com\\\/avatar\\\/3c9179cf0256d00c72a48d1f25783c58b6842cd56e85ef3a572881c8e28ccd59?s=96&d=mm&r=g\",\"url\":\"https:\\\/\\\/secure.gravatar.com\\\/avatar\\\/3c9179cf0256d00c72a48d1f25783c58b6842cd56e85ef3a572881c8e28ccd59?s=96&d=mm&r=g\",\"contentUrl\":\"https:\\\/\\\/secure.gravatar.com\\\/avatar\\\/3c9179cf0256d00c72a48d1f25783c58b6842cd56e85ef3a572881c8e28ccd59?s=96&d=mm&r=g\",\"caption\":\"ppdegaliciaredes\"},\"url\":\"https:\\\/\\\/ppdegalicia.com\\\/es\\\/author\\\/ppdegaliciaredes\\\/\"}]}<\/script>\n<!-- \/ Yoast SEO plugin. -->","yoast_head_json":{"title":"O PPdeG pide o voto aos galegos que apoiaron ao PSOE no pasado e \u201cnon entenden por que a autov\u00eda A-54 non est\u00e1 rematada e por que cando se finalice van ter que pagar por viaxar por ela\u201d - PP de Galicia","robots":{"index":"index","follow":"follow","max-snippet":"max-snippet:-1","max-image-preview":"max-image-preview:large","max-video-preview":"max-video-preview:-1"},"canonical":"https:\/\/ppdegalicia.com\/es\/o-ppdeg-pide-o-voto-aos-galegos-que-apoiaron-ao-psoe-no-pasado-e-non-entenden-por-que-a-autovia-a-54-non-esta-rematada-e-por-que-cando-se-finalice-van-ter-que-pagar-por-viaxar-por-ela\/","og_locale":"es_ES","og_type":"article","og_title":"O PPdeG pide o voto aos galegos que apoiaron ao PSOE no pasado e \u201cnon entenden por que a autov\u00eda A-54 non est\u00e1 rematada e por que cando se finalice van ter que pagar por viaxar por ela\u201d - PP de Galicia","og_description":"A secretaria xeral do PPdeG apuntou que este 23 de xullo os galegos te\u00f1en a posibilidade de converter estes anos de \u201cdesconexi\u00f3n de Pedro S\u00e1nchez con Galicia\u201d na \u201cdesconexi\u00f3n de Pedro S\u00e1nchez coa Moncloa\u201d.","og_url":"https:\/\/ppdegalicia.com\/es\/o-ppdeg-pide-o-voto-aos-galegos-que-apoiaron-ao-psoe-no-pasado-e-non-entenden-por-que-a-autovia-a-54-non-esta-rematada-e-por-que-cando-se-finalice-van-ter-que-pagar-por-viaxar-por-ela\/","og_site_name":"PP de Galicia","article_publisher":"https:\/\/www.instagram.com\/ppdegalicia\/","article_published_time":"2023-07-19T05:50:15+00:00","og_image":[{"width":2560,"height":1707,"url":"https:\/\/ppdegalicia.com\/wp-content\/uploads\/2023\/07\/462c3600617c91bc3cb82c71ac2dbfd5-scaled.jpg","type":"image\/jpeg"}],"author":"ppdegaliciaredes","twitter_card":"summary_large_image","twitter_creator":"@ppdegalicia","twitter_site":"@ppdegalicia","twitter_misc":{"Escrito por":"ppdegaliciaredes","Tiempo de lectura":"4 minutos"},"schema":{"@context":"https:\/\/schema.org","@graph":[{"@type":"Article","@id":"https:\/\/ppdegalicia.com\/es\/o-ppdeg-pide-o-voto-aos-galegos-que-apoiaron-ao-psoe-no-pasado-e-non-entenden-por-que-a-autovia-a-54-non-esta-rematada-e-por-que-cando-se-finalice-van-ter-que-pagar-por-viaxar-por-ela\/#article","isPartOf":{"@id":"https:\/\/ppdegalicia.com\/es\/o-ppdeg-pide-o-voto-aos-galegos-que-apoiaron-ao-psoe-no-pasado-e-non-entenden-por-que-a-autovia-a-54-non-esta-rematada-e-por-que-cando-se-finalice-van-ter-que-pagar-por-viaxar-por-ela\/"},"author":{"name":"ppdegaliciaredes","@id":"https:\/\/ppdegalicia.com\/es\/#\/schema\/person\/5b822c6f59e872ebdd1142f307dbcb59"},"headline":"O PPdeG pide o voto aos galegos que apoiaron ao PSOE no pasado e \u201cnon entenden por que a autov\u00eda A-54 non est\u00e1 rematada e por que cando se finalice van ter que pagar por viaxar por ela\u201d","datePublished":"2023-07-19T05:50:15+00:00","mainEntityOfPage":{"@id":"https:\/\/ppdegalicia.com\/es\/o-ppdeg-pide-o-voto-aos-galegos-que-apoiaron-ao-psoe-no-pasado-e-non-entenden-por-que-a-autovia-a-54-non-esta-rematada-e-por-que-cando-se-finalice-van-ter-que-pagar-por-viaxar-por-ela\/"},"wordCount":821,"commentCount":0,"publisher":{"@id":"https:\/\/ppdegalicia.com\/es\/#organization"},"image":{"@id":"https:\/\/ppdegalicia.com\/es\/o-ppdeg-pide-o-voto-aos-galegos-que-apoiaron-ao-psoe-no-pasado-e-non-entenden-por-que-a-autovia-a-54-non-esta-rematada-e-por-que-cando-se-finalice-van-ter-que-pagar-por-viaxar-por-ela\/#primaryimage"},"thumbnailUrl":"https:\/\/ppdegalicia.com\/wp-content\/uploads\/2023\/07\/462c3600617c91bc3cb82c71ac2dbfd5-scaled.jpg","articleSection":["PP de Galicia"],"inLanguage":"es","potentialAction":[{"@type":"CommentAction","name":"Comment","target":["https:\/\/ppdegalicia.com\/es\/o-ppdeg-pide-o-voto-aos-galegos-que-apoiaron-ao-psoe-no-pasado-e-non-entenden-por-que-a-autovia-a-54-non-esta-rematada-e-por-que-cando-se-finalice-van-ter-que-pagar-por-viaxar-por-ela\/#respond"]}]},{"@type":"WebPage","@id":"https:\/\/ppdegalicia.com\/es\/o-ppdeg-pide-o-voto-aos-galegos-que-apoiaron-ao-psoe-no-pasado-e-non-entenden-por-que-a-autovia-a-54-non-esta-rematada-e-por-que-cando-se-finalice-van-ter-que-pagar-por-viaxar-por-ela\/","url":"https:\/\/ppdegalicia.com\/es\/o-ppdeg-pide-o-voto-aos-galegos-que-apoiaron-ao-psoe-no-pasado-e-non-entenden-por-que-a-autovia-a-54-non-esta-rematada-e-por-que-cando-se-finalice-van-ter-que-pagar-por-viaxar-por-ela\/","name":"O PPdeG pide o voto aos galegos que apoiaron ao PSOE no pasado e \u201cnon entenden por que a autov\u00eda A-54 non est\u00e1 rematada e por que cando se finalice van ter que pagar por viaxar por ela\u201d - PP de Galicia","isPartOf":{"@id":"https:\/\/ppdegalicia.com\/es\/#website"},"primaryImageOfPage":{"@id":"https:\/\/ppdegalicia.com\/es\/o-ppdeg-pide-o-voto-aos-galegos-que-apoiaron-ao-psoe-no-pasado-e-non-entenden-por-que-a-autovia-a-54-non-esta-rematada-e-por-que-cando-se-finalice-van-ter-que-pagar-por-viaxar-por-ela\/#primaryimage"},"image":{"@id":"https:\/\/ppdegalicia.com\/es\/o-ppdeg-pide-o-voto-aos-galegos-que-apoiaron-ao-psoe-no-pasado-e-non-entenden-por-que-a-autovia-a-54-non-esta-rematada-e-por-que-cando-se-finalice-van-ter-que-pagar-por-viaxar-por-ela\/#primaryimage"},"thumbnailUrl":"https:\/\/ppdegalicia.com\/wp-content\/uploads\/2023\/07\/462c3600617c91bc3cb82c71ac2dbfd5-scaled.jpg","datePublished":"2023-07-19T05:50:15+00:00","breadcrumb":{"@id":"https:\/\/ppdegalicia.com\/es\/o-ppdeg-pide-o-voto-aos-galegos-que-apoiaron-ao-psoe-no-pasado-e-non-entenden-por-que-a-autovia-a-54-non-esta-rematada-e-por-que-cando-se-finalice-van-ter-que-pagar-por-viaxar-por-ela\/#breadcrumb"},"inLanguage":"es","potentialAction":[{"@type":"ReadAction","target":["https:\/\/ppdegalicia.com\/es\/o-ppdeg-pide-o-voto-aos-galegos-que-apoiaron-ao-psoe-no-pasado-e-non-entenden-por-que-a-autovia-a-54-non-esta-rematada-e-por-que-cando-se-finalice-van-ter-que-pagar-por-viaxar-por-ela\/"]}]},{"@type":"ImageObject","inLanguage":"es","@id":"https:\/\/ppdegalicia.com\/es\/o-ppdeg-pide-o-voto-aos-galegos-que-apoiaron-ao-psoe-no-pasado-e-non-entenden-por-que-a-autovia-a-54-non-esta-rematada-e-por-que-cando-se-finalice-van-ter-que-pagar-por-viaxar-por-ela\/#primaryimage","url":"https:\/\/ppdegalicia.com\/wp-content\/uploads\/2023\/07\/462c3600617c91bc3cb82c71ac2dbfd5-scaled.jpg","contentUrl":"https:\/\/ppdegalicia.com\/wp-content\/uploads\/2023\/07\/462c3600617c91bc3cb82c71ac2dbfd5-scaled.jpg","width":2560,"height":1707},{"@type":"BreadcrumbList","@id":"https:\/\/ppdegalicia.com\/es\/o-ppdeg-pide-o-voto-aos-galegos-que-apoiaron-ao-psoe-no-pasado-e-non-entenden-por-que-a-autovia-a-54-non-esta-rematada-e-por-que-cando-se-finalice-van-ter-que-pagar-por-viaxar-por-ela\/#breadcrumb","itemListElement":[{"@type":"ListItem","position":1,"name":"Portada","item":"https:\/\/ppdegalicia.com\/es\/"},{"@type":"ListItem","position":2,"name":"O PPdeG pide o voto aos galegos que apoiaron ao PSOE no pasado e \u201cnon entenden por que a autov\u00eda A-54 non est\u00e1 rematada e por que cando se finalice van ter que pagar por viaxar por ela\u201d"}]},{"@type":"WebSite","@id":"https:\/\/ppdegalicia.com\/es\/#website","url":"https:\/\/ppdegalicia.com\/es\/","name":"Partido Popular de Galicia","description":"Partido Popular de Galicia","publisher":{"@id":"https:\/\/ppdegalicia.com\/es\/#organization"},"alternateName":"PP de Galicia","potentialAction":[{"@type":"SearchAction","target":{"@type":"EntryPoint","urlTemplate":"https:\/\/ppdegalicia.com\/es\/?s={search_term_string}"},"query-input":{"@type":"PropertyValueSpecification","valueRequired":true,"valueName":"search_term_string"}}],"inLanguage":"es"},{"@type":"Organization","@id":"https:\/\/ppdegalicia.com\/es\/#organization","name":"Partido Popular de Galicia","alternateName":"PP de Galicia","url":"https:\/\/ppdegalicia.com\/es\/","logo":{"@type":"ImageObject","inLanguage":"es","@id":"https:\/\/ppdegalicia.com\/es\/#\/schema\/logo\/image\/","url":"https:\/\/ppdegalicia.com\/wp-content\/uploads\/2023\/04\/logoPP512.png","contentUrl":"https:\/\/ppdegalicia.com\/wp-content\/uploads\/2023\/04\/logoPP512.png","width":512,"height":512,"caption":"Partido Popular de Galicia"},"image":{"@id":"https:\/\/ppdegalicia.com\/es\/#\/schema\/logo\/image\/"},"sameAs":["https:\/\/www.instagram.com\/ppdegalicia\/","https:\/\/x.com\/ppdegalicia","https:\/\/www.tiktok.com\/@ppdegalicia","https:\/\/www.youtube.com\/user\/ppdegalicia"]},{"@type":"Person","@id":"https:\/\/ppdegalicia.com\/es\/#\/schema\/person\/5b822c6f59e872ebdd1142f307dbcb59","name":"ppdegaliciaredes","image":{"@type":"ImageObject","inLanguage":"es","@id":"https:\/\/secure.gravatar.com\/avatar\/3c9179cf0256d00c72a48d1f25783c58b6842cd56e85ef3a572881c8e28ccd59?s=96&d=mm&r=g","url":"https:\/\/secure.gravatar.com\/avatar\/3c9179cf0256d00c72a48d1f25783c58b6842cd56e85ef3a572881c8e28ccd59?s=96&d=mm&r=g","contentUrl":"https:\/\/secure.gravatar.com\/avatar\/3c9179cf0256d00c72a48d1f25783c58b6842cd56e85ef3a572881c8e28ccd59?s=96&d=mm&r=g","caption":"ppdegaliciaredes"},"url":"https:\/\/ppdegalicia.com\/es\/author\/ppdegaliciaredes\/"}]}},"_links":{"self":[{"href":"https:\/\/ppdegalicia.com\/es\/wp-json\/wp\/v2\/posts\/58285","targetHints":{"allow":["GET"]}}],"collection":[{"href":"https:\/\/ppdegalicia.com\/es\/wp-json\/wp\/v2\/posts"}],"about":[{"href":"https:\/\/ppdegalicia.com\/es\/wp-json\/wp\/v2\/types\/post"}],"author":[{"embeddable":true,"href":"https:\/\/ppdegalicia.com\/es\/wp-json\/wp\/v2\/users\/38"}],"replies":[{"embeddable":true,"href":"https:\/\/ppdegalicia.com\/es\/wp-json\/wp\/v2\/comments?post=58285"}],"version-history":[{"count":0,"href":"https:\/\/ppdegalicia.com\/es\/wp-json\/wp\/v2\/posts\/58285\/revisions"}],"wp:featuredmedia":[{"embeddable":true,"href":"https:\/\/ppdegalicia.com\/es\/wp-json\/wp\/v2\/media\/58284"}],"wp:attachment":[{"href":"https:\/\/ppdegalicia.com\/es\/wp-json\/wp\/v2\/media?parent=58285"}],"wp:term":[{"taxonomy":"category","embeddable":true,"href":"https:\/\/ppdegalicia.com\/es\/wp-json\/wp\/v2\/categories?post=58285"},{"taxonomy":"post_tag","embeddable":true,"href":"https:\/\/ppdegalicia.com\/es\/wp-json\/wp\/v2\/tags?post=58285"}],"curies":[{"name":"wp","href":"https:\/\/api.w.org\/{rel}","templated":true}]}}