{"id":58307,"date":"2023-09-05T15:23:22","date_gmt":"2023-09-05T13:23:22","guid":{"rendered":"https:\/\/ppdegalicia.com\/o-grupo-popular-leva-de-novo-ao-primeiro-pleno-deste-periodo-de-sesions-a-proposicion-de-lei-para-a-transferencia-da-ap-9-a-xunta-de-galicia\/"},"modified":"2023-09-05T15:23:22","modified_gmt":"2023-09-05T13:23:22","slug":"o-grupo-popular-leva-de-novo-ao-primeiro-pleno-deste-periodo-de-sesions-a-proposicion-de-lei-para-a-transferencia-da-ap-9-a-xunta-de-galicia","status":"publish","type":"post","link":"https:\/\/ppdegalicia.com\/es\/o-grupo-popular-leva-de-novo-ao-primeiro-pleno-deste-periodo-de-sesions-a-proposicion-de-lei-para-a-transferencia-da-ap-9-a-xunta-de-galicia\/","title":{"rendered":"O Grupo Popular leva de novo ao primeiro Pleno deste per\u00edodo de sesi\u00f3ns a proposici\u00f3n de lei para a transferencia da AP-9 \u00e1 Xunta de Galicia"},"content":{"rendered":"<p><img fetchpriority=\"high\" decoding=\"async\" class=\" size-full wp-image-58306\" src=\"https:\/\/ppdegalicia.com\/wp-content\/uploads\/2023\/09\/31d1b219eaf042c178f2a6f3247f6820-scaled.jpg\" alt=\"\" width=\"2560\" height=\"1707\" srcset=\"https:\/\/ppdegalicia.com\/wp-content\/uploads\/2023\/09\/31d1b219eaf042c178f2a6f3247f6820-scaled.jpg 2560w, https:\/\/ppdegalicia.com\/wp-content\/uploads\/2023\/09\/31d1b219eaf042c178f2a6f3247f6820-300x200.jpg 300w, https:\/\/ppdegalicia.com\/wp-content\/uploads\/2023\/09\/31d1b219eaf042c178f2a6f3247f6820-1024x683.jpg 1024w, https:\/\/ppdegalicia.com\/wp-content\/uploads\/2023\/09\/31d1b219eaf042c178f2a6f3247f6820-768x512.jpg 768w, https:\/\/ppdegalicia.com\/wp-content\/uploads\/2023\/09\/31d1b219eaf042c178f2a6f3247f6820-1536x1024.jpg 1536w, https:\/\/ppdegalicia.com\/wp-content\/uploads\/2023\/09\/31d1b219eaf042c178f2a6f3247f6820-2048x1366.jpg 2048w\" sizes=\"(max-width: 2560px) 100vw, 2560px\" \/><\/p>\n<p>O Grupo Popular incorporou \u00e1 orde do d\u00eda do primeiro Pleno deste novo per\u00edodo de sesi\u00f3ns, que se celebrar\u00e1 a vindeira semana, o debate da proposici\u00f3n de Lei, para a s\u00faa remisi\u00f3n ao Congreso, de transferencia da titularidade e competencias da AP-9 \u00e1 Xunta de Galicia, unha vez que a iniciativa que xa se estaba a tramitar na C\u00e1mara Baixa decaeu pola convocatoria das elecci\u00f3ns xerais. As\u00ed mesmo, o Grupo Popular demandar\u00e1 que o Parlamento galego exprese o seu firme compromiso na defensa da Constituci\u00f3n de 1978 e da independencia do Poder Xudicial, as\u00ed como que a Xunta potencie a investigaci\u00f3n no eido da medicina xen\u00f3mica.<\/p>\n<p><!--more--><\/p>\n<p>Ao remate da Xunta de Portavoces, o portavoz do Grupo Popular, Alberto Pazos, lembrou o compromiso de \u201ccentrarnos en atender os problemas reais dos galegos e continuar reivindicando as prioridades que Galicia precisa que sexan atendidas e que, en moitos casos, est\u00e1n a ser adiadas de maneira permanente polo Goberno de Pedro S\u00e1nchez\u201d. Deste xeito, informou que \u201ca primeira iniciativa que introducimos na orde do d\u00eda do Pleno \u00e9 a proposici\u00f3n de Lei org\u00e1nica para a transferencia da titularidade e a competencia da AP-9 \u00e1 Xunta, unha reivindicaci\u00f3n longamente explicitada polo conxunto da C\u00e1mara galega que decaeu pola convocatoria precipitada de elecci\u00f3ns que fixo Pedro S\u00e1nchez\u201d.<\/p>\n<p>\u201cUnha vez que est\u00e1n constitu\u00eddas as novas Cortes Xerais e cumprindo o compromiso de que iamos reivindicar estas cuesti\u00f3ns fose cal fose a cor do Goberno de Espa\u00f1a que finalmente se constit\u00faa, a nosa primeira reivindicaci\u00f3n \u00e9 a transferencia da AP-9 a Galicia, unha v\u00eda fundamental para a comunicaci\u00f3n do 60 por cento da poboaci\u00f3n galega que est\u00e1 sufrindo unha situaci\u00f3n clara de discriminaci\u00f3n, tanto na s\u00faa xesti\u00f3n, que entendemos debe ser de car\u00e1cter auton\u00f3mico, como no tratamento das s\u00faas peaxes\u201d, concretou.<\/p>\n<p>Alberto Pazos sinalou que \u201cagardamos contar co apoio dos grupos da oposici\u00f3n para esta reivindicaci\u00f3n para que deste xeito se volva producir esa reivindicaci\u00f3n un\u00e1nime por parte do Parlamento galego, que xa ti\u00f1a que terse producido hai tempo\u201d.<\/p>\n<p>A orde do d\u00eda da sesi\u00f3n plenaria incl\u00fae tam\u00e9n a comparecencia do conselleiro do Mar, a petici\u00f3n propia, para informar das previsi\u00f3ns e das li\u00f1as xerais de actuaci\u00f3n do seu departamento. \u201cUn sector que ultimamente non est\u00e1 a ser ben tratado polas autoridades europeas nin defendido polo Goberno de Espa\u00f1a, polo que a esperanza do sector do mar recae fundamentalmente na defensa dos seus intereses que faga a Conseller\u00eda do Mar\u201d, sinalou o portavoz popular.<\/p>\n<p>\u00a0<\/p>\n<p><strong>DEFENSA DA CONSTITUCI\u00d3N E IMPULSO MEDICINA XEN\u00d3MICA<\/strong><\/p>\n<p>Dentro do apartado de proposici\u00f3ns no de lei, o Grupo Popular demandar\u00e1 que o Parlamento galego exprese o firme compromiso na defensa da Constituci\u00f3n de 1978 e dos valores democr\u00e1ticos que se ven reflectidos no seu artigo primeiro; e na defensa da independencia do Poder Xudicial, que non pode ser usado como elemento de negociaci\u00f3n mediante cesi\u00f3ns esixidas por partidos independentistas para garantir a continuidade dun goberno.<\/p>\n<p>Pazos lamentou que nestes momentos \u201cestase a mercadear cos contidos da propia Constituci\u00f3n, formulando iniciativas sorprendentes que falan \u00e1s claras de transgredir os l\u00edmites constitucionais, como a posible celebraci\u00f3n de referendos en determinadas comunidades para tratar asuntos que competen ao conxunto dos espa\u00f1ois; ou se estea a falar de argallar unha posible amnist\u00eda que, evidentemente, despois do esperpento que vivimos cos indultos, parece que agora se quere repetir esta circunstancia de maneira m\u00e1is ampla e xeneralizada, deixando sen castigo non s\u00f3 un delito, sen\u00f3n que tam\u00e9n eliminando a propia comisi\u00f3n do delito\u201d.<\/p>\n<p>En segundo lugar, o Grupo Popular solicitar\u00e1 que a Xunta potencie a investigaci\u00f3n no eido da medicina xen\u00f3mica, co establecemento de acordos de investigaci\u00f3n con outras entidades que permitan xera un valor engadido en materia de detecci\u00f3n precoz aos traballos realizados pola Fundaci\u00f3n P\u00fablica Galega de Medicina Xen\u00f3mica.<\/p>\n<p>\u201cGalicia aspira a liderar a innovaci\u00f3n no eido da medicina en Espa\u00f1a\u201d, salientou Alberto Pazos, quen contrapuxo esta situaci\u00f3n \u201caos mantras reiterados que cuestionan a calidade da sanidade galega\u201d. Neste sentido, apuntou que \u201cGalicia leva moito tempo \u00e1 vangarda da prestaci\u00f3n sanitaria, sen negar os problemas que sufrimos relacionados coa falta de previsi\u00f3n do Goberno de Espa\u00f1a na dotaci\u00f3n de novas prazas de formaci\u00f3n para determinadas especialidades sanitarias\u201d.<\/p>\n<p>Polo que respecta \u00e1s preguntas ao Goberno galego, o Grupo Popular interesarase polas pol\u00edticas impulsadas en materia de prevenci\u00f3n e loita contra a violencia de x\u00e9nero nos \u00faltimos anos; sobre as v\u00edas articuladas pola Xunta para ampliar o parque de vivenda p\u00fablica e protexida en Galicia; e sobre a exclusi\u00f3n de Galicia, e do conxunto do itinerario noroeste do Corredor Atl\u00e1ntico, do \u00f3rgano xestor encargado de coordinar o transporte ferroviario europeo de mercador\u00edas.<\/p>\n","protected":false},"excerpt":{"rendered":"<p>O Grupo Popular incorporou \u00e1 orde do d\u00eda do primeiro Pleno deste novo per\u00edodo de sesi\u00f3ns, que se celebrar\u00e1 a vindeira semana, o debate da proposici\u00f3n de Lei, para a s\u00faa remisi\u00f3n ao Congreso, de transferencia da titularidade e competencias da AP-9 \u00e1 Xunta de Galicia, unha vez que a iniciativa que xa se estaba [&hellip;]<\/p>\n","protected":false},"author":38,"featured_media":58306,"comment_status":"open","ping_status":"open","sticky":false,"template":"","format":"standard","meta":{"_acf_changed":false,"footnotes":""},"categories":[1],"tags":[],"class_list":["post-58307","post","type-post","status-publish","format-standard","has-post-thumbnail","hentry","category-pp-de-galicia"],"acf":[],"yoast_head":"<!-- This site is optimized with the Yoast SEO plugin v27.3 - https:\/\/yoast.com\/product\/yoast-seo-wordpress\/ -->\n<title>O Grupo Popular leva de novo ao primeiro Pleno deste per\u00edodo de sesi\u00f3ns a proposici\u00f3n de lei para a transferencia da AP-9 \u00e1 Xunta de Galicia - PP de Galicia<\/title>\n<meta name=\"robots\" content=\"index, follow, max-snippet:-1, max-image-preview:large, max-video-preview:-1\" \/>\n<link rel=\"canonical\" href=\"https:\/\/ppdegalicia.com\/es\/o-grupo-popular-leva-de-novo-ao-primeiro-pleno-deste-periodo-de-sesions-a-proposicion-de-lei-para-a-transferencia-da-ap-9-a-xunta-de-galicia\/\" \/>\n<meta property=\"og:locale\" content=\"es_ES\" \/>\n<meta property=\"og:type\" content=\"article\" \/>\n<meta property=\"og:title\" content=\"O Grupo Popular leva de novo ao primeiro Pleno deste per\u00edodo de sesi\u00f3ns a proposici\u00f3n de lei para a transferencia da AP-9 \u00e1 Xunta de Galicia - PP de Galicia\" \/>\n<meta property=\"og:description\" content=\"O Grupo Popular incorporou \u00e1 orde do d\u00eda do primeiro Pleno deste novo per\u00edodo de sesi\u00f3ns, que se celebrar\u00e1 a vindeira semana, o debate da proposici\u00f3n de Lei, para a s\u00faa remisi\u00f3n ao Congreso, de transferencia da titularidade e competencias da AP-9 \u00e1 Xunta de Galicia, unha vez que a iniciativa que xa se estaba [&hellip;]\" \/>\n<meta property=\"og:url\" content=\"https:\/\/ppdegalicia.com\/es\/o-grupo-popular-leva-de-novo-ao-primeiro-pleno-deste-periodo-de-sesions-a-proposicion-de-lei-para-a-transferencia-da-ap-9-a-xunta-de-galicia\/\" \/>\n<meta property=\"og:site_name\" content=\"PP de Galicia\" \/>\n<meta property=\"article:publisher\" content=\"https:\/\/www.instagram.com\/ppdegalicia\/\" \/>\n<meta property=\"article:published_time\" content=\"2023-09-05T13:23:22+00:00\" \/>\n<meta property=\"og:image\" content=\"https:\/\/ppdegalicia.com\/wp-content\/uploads\/2023\/09\/31d1b219eaf042c178f2a6f3247f6820-scaled.jpg\" \/>\n\t<meta property=\"og:image:width\" content=\"2560\" \/>\n\t<meta property=\"og:image:height\" content=\"1707\" \/>\n\t<meta property=\"og:image:type\" content=\"image\/jpeg\" \/>\n<meta name=\"author\" content=\"ppdegaliciaredes\" \/>\n<meta name=\"twitter:card\" content=\"summary_large_image\" \/>\n<meta name=\"twitter:creator\" content=\"@ppdegalicia\" \/>\n<meta name=\"twitter:site\" content=\"@ppdegalicia\" \/>\n<meta name=\"twitter:label1\" content=\"Escrito por\" \/>\n\t<meta name=\"twitter:data1\" content=\"ppdegaliciaredes\" \/>\n\t<meta name=\"twitter:label2\" content=\"Tiempo de lectura\" \/>\n\t<meta name=\"twitter:data2\" content=\"4 minutos\" \/>\n<script type=\"application\/ld+json\" class=\"yoast-schema-graph\">{\"@context\":\"https:\\\/\\\/schema.org\",\"@graph\":[{\"@type\":\"Article\",\"@id\":\"https:\\\/\\\/ppdegalicia.com\\\/es\\\/o-grupo-popular-leva-de-novo-ao-primeiro-pleno-deste-periodo-de-sesions-a-proposicion-de-lei-para-a-transferencia-da-ap-9-a-xunta-de-galicia\\\/#article\",\"isPartOf\":{\"@id\":\"https:\\\/\\\/ppdegalicia.com\\\/es\\\/o-grupo-popular-leva-de-novo-ao-primeiro-pleno-deste-periodo-de-sesions-a-proposicion-de-lei-para-a-transferencia-da-ap-9-a-xunta-de-galicia\\\/\"},\"author\":{\"name\":\"ppdegaliciaredes\",\"@id\":\"https:\\\/\\\/ppdegalicia.com\\\/es\\\/#\\\/schema\\\/person\\\/5b822c6f59e872ebdd1142f307dbcb59\"},\"headline\":\"O Grupo Popular leva de novo ao primeiro Pleno deste per\u00edodo de sesi\u00f3ns a proposici\u00f3n de lei para a transferencia da AP-9 \u00e1 Xunta de Galicia\",\"datePublished\":\"2023-09-05T13:23:22+00:00\",\"mainEntityOfPage\":{\"@id\":\"https:\\\/\\\/ppdegalicia.com\\\/es\\\/o-grupo-popular-leva-de-novo-ao-primeiro-pleno-deste-periodo-de-sesions-a-proposicion-de-lei-para-a-transferencia-da-ap-9-a-xunta-de-galicia\\\/\"},\"wordCount\":871,\"commentCount\":0,\"publisher\":{\"@id\":\"https:\\\/\\\/ppdegalicia.com\\\/es\\\/#organization\"},\"image\":{\"@id\":\"https:\\\/\\\/ppdegalicia.com\\\/es\\\/o-grupo-popular-leva-de-novo-ao-primeiro-pleno-deste-periodo-de-sesions-a-proposicion-de-lei-para-a-transferencia-da-ap-9-a-xunta-de-galicia\\\/#primaryimage\"},\"thumbnailUrl\":\"https:\\\/\\\/ppdegalicia.com\\\/wp-content\\\/uploads\\\/2023\\\/09\\\/31d1b219eaf042c178f2a6f3247f6820-scaled.jpg\",\"articleSection\":[\"PP de Galicia\"],\"inLanguage\":\"es\",\"potentialAction\":[{\"@type\":\"CommentAction\",\"name\":\"Comment\",\"target\":[\"https:\\\/\\\/ppdegalicia.com\\\/es\\\/o-grupo-popular-leva-de-novo-ao-primeiro-pleno-deste-periodo-de-sesions-a-proposicion-de-lei-para-a-transferencia-da-ap-9-a-xunta-de-galicia\\\/#respond\"]}]},{\"@type\":\"WebPage\",\"@id\":\"https:\\\/\\\/ppdegalicia.com\\\/es\\\/o-grupo-popular-leva-de-novo-ao-primeiro-pleno-deste-periodo-de-sesions-a-proposicion-de-lei-para-a-transferencia-da-ap-9-a-xunta-de-galicia\\\/\",\"url\":\"https:\\\/\\\/ppdegalicia.com\\\/es\\\/o-grupo-popular-leva-de-novo-ao-primeiro-pleno-deste-periodo-de-sesions-a-proposicion-de-lei-para-a-transferencia-da-ap-9-a-xunta-de-galicia\\\/\",\"name\":\"O Grupo Popular leva de novo ao primeiro Pleno deste per\u00edodo de sesi\u00f3ns a proposici\u00f3n de lei para a transferencia da AP-9 \u00e1 Xunta de Galicia - PP de Galicia\",\"isPartOf\":{\"@id\":\"https:\\\/\\\/ppdegalicia.com\\\/es\\\/#website\"},\"primaryImageOfPage\":{\"@id\":\"https:\\\/\\\/ppdegalicia.com\\\/es\\\/o-grupo-popular-leva-de-novo-ao-primeiro-pleno-deste-periodo-de-sesions-a-proposicion-de-lei-para-a-transferencia-da-ap-9-a-xunta-de-galicia\\\/#primaryimage\"},\"image\":{\"@id\":\"https:\\\/\\\/ppdegalicia.com\\\/es\\\/o-grupo-popular-leva-de-novo-ao-primeiro-pleno-deste-periodo-de-sesions-a-proposicion-de-lei-para-a-transferencia-da-ap-9-a-xunta-de-galicia\\\/#primaryimage\"},\"thumbnailUrl\":\"https:\\\/\\\/ppdegalicia.com\\\/wp-content\\\/uploads\\\/2023\\\/09\\\/31d1b219eaf042c178f2a6f3247f6820-scaled.jpg\",\"datePublished\":\"2023-09-05T13:23:22+00:00\",\"breadcrumb\":{\"@id\":\"https:\\\/\\\/ppdegalicia.com\\\/es\\\/o-grupo-popular-leva-de-novo-ao-primeiro-pleno-deste-periodo-de-sesions-a-proposicion-de-lei-para-a-transferencia-da-ap-9-a-xunta-de-galicia\\\/#breadcrumb\"},\"inLanguage\":\"es\",\"potentialAction\":[{\"@type\":\"ReadAction\",\"target\":[\"https:\\\/\\\/ppdegalicia.com\\\/es\\\/o-grupo-popular-leva-de-novo-ao-primeiro-pleno-deste-periodo-de-sesions-a-proposicion-de-lei-para-a-transferencia-da-ap-9-a-xunta-de-galicia\\\/\"]}]},{\"@type\":\"ImageObject\",\"inLanguage\":\"es\",\"@id\":\"https:\\\/\\\/ppdegalicia.com\\\/es\\\/o-grupo-popular-leva-de-novo-ao-primeiro-pleno-deste-periodo-de-sesions-a-proposicion-de-lei-para-a-transferencia-da-ap-9-a-xunta-de-galicia\\\/#primaryimage\",\"url\":\"https:\\\/\\\/ppdegalicia.com\\\/wp-content\\\/uploads\\\/2023\\\/09\\\/31d1b219eaf042c178f2a6f3247f6820-scaled.jpg\",\"contentUrl\":\"https:\\\/\\\/ppdegalicia.com\\\/wp-content\\\/uploads\\\/2023\\\/09\\\/31d1b219eaf042c178f2a6f3247f6820-scaled.jpg\",\"width\":2560,\"height\":1707},{\"@type\":\"BreadcrumbList\",\"@id\":\"https:\\\/\\\/ppdegalicia.com\\\/es\\\/o-grupo-popular-leva-de-novo-ao-primeiro-pleno-deste-periodo-de-sesions-a-proposicion-de-lei-para-a-transferencia-da-ap-9-a-xunta-de-galicia\\\/#breadcrumb\",\"itemListElement\":[{\"@type\":\"ListItem\",\"position\":1,\"name\":\"Portada\",\"item\":\"https:\\\/\\\/ppdegalicia.com\\\/es\\\/\"},{\"@type\":\"ListItem\",\"position\":2,\"name\":\"O Grupo Popular leva de novo ao primeiro Pleno deste per\u00edodo de sesi\u00f3ns a proposici\u00f3n de lei para a transferencia da AP-9 \u00e1 Xunta de Galicia\"}]},{\"@type\":\"WebSite\",\"@id\":\"https:\\\/\\\/ppdegalicia.com\\\/es\\\/#website\",\"url\":\"https:\\\/\\\/ppdegalicia.com\\\/es\\\/\",\"name\":\"Partido Popular de Galicia\",\"description\":\"Partido Popular de Galicia\",\"publisher\":{\"@id\":\"https:\\\/\\\/ppdegalicia.com\\\/es\\\/#organization\"},\"alternateName\":\"PP de Galicia\",\"potentialAction\":[{\"@type\":\"SearchAction\",\"target\":{\"@type\":\"EntryPoint\",\"urlTemplate\":\"https:\\\/\\\/ppdegalicia.com\\\/es\\\/?s={search_term_string}\"},\"query-input\":{\"@type\":\"PropertyValueSpecification\",\"valueRequired\":true,\"valueName\":\"search_term_string\"}}],\"inLanguage\":\"es\"},{\"@type\":\"Organization\",\"@id\":\"https:\\\/\\\/ppdegalicia.com\\\/es\\\/#organization\",\"name\":\"Partido Popular de Galicia\",\"alternateName\":\"PP de Galicia\",\"url\":\"https:\\\/\\\/ppdegalicia.com\\\/es\\\/\",\"logo\":{\"@type\":\"ImageObject\",\"inLanguage\":\"es\",\"@id\":\"https:\\\/\\\/ppdegalicia.com\\\/es\\\/#\\\/schema\\\/logo\\\/image\\\/\",\"url\":\"https:\\\/\\\/ppdegalicia.com\\\/wp-content\\\/uploads\\\/2023\\\/04\\\/logoPP512.png\",\"contentUrl\":\"https:\\\/\\\/ppdegalicia.com\\\/wp-content\\\/uploads\\\/2023\\\/04\\\/logoPP512.png\",\"width\":512,\"height\":512,\"caption\":\"Partido Popular de Galicia\"},\"image\":{\"@id\":\"https:\\\/\\\/ppdegalicia.com\\\/es\\\/#\\\/schema\\\/logo\\\/image\\\/\"},\"sameAs\":[\"https:\\\/\\\/www.instagram.com\\\/ppdegalicia\\\/\",\"https:\\\/\\\/x.com\\\/ppdegalicia\",\"https:\\\/\\\/www.tiktok.com\\\/@ppdegalicia\",\"https:\\\/\\\/www.youtube.com\\\/user\\\/ppdegalicia\"]},{\"@type\":\"Person\",\"@id\":\"https:\\\/\\\/ppdegalicia.com\\\/es\\\/#\\\/schema\\\/person\\\/5b822c6f59e872ebdd1142f307dbcb59\",\"name\":\"ppdegaliciaredes\",\"image\":{\"@type\":\"ImageObject\",\"inLanguage\":\"es\",\"@id\":\"https:\\\/\\\/secure.gravatar.com\\\/avatar\\\/3c9179cf0256d00c72a48d1f25783c58b6842cd56e85ef3a572881c8e28ccd59?s=96&d=mm&r=g\",\"url\":\"https:\\\/\\\/secure.gravatar.com\\\/avatar\\\/3c9179cf0256d00c72a48d1f25783c58b6842cd56e85ef3a572881c8e28ccd59?s=96&d=mm&r=g\",\"contentUrl\":\"https:\\\/\\\/secure.gravatar.com\\\/avatar\\\/3c9179cf0256d00c72a48d1f25783c58b6842cd56e85ef3a572881c8e28ccd59?s=96&d=mm&r=g\",\"caption\":\"ppdegaliciaredes\"},\"url\":\"https:\\\/\\\/ppdegalicia.com\\\/es\\\/author\\\/ppdegaliciaredes\\\/\"}]}<\/script>\n<!-- \/ Yoast SEO plugin. -->","yoast_head_json":{"title":"O Grupo Popular leva de novo ao primeiro Pleno deste per\u00edodo de sesi\u00f3ns a proposici\u00f3n de lei para a transferencia da AP-9 \u00e1 Xunta de Galicia - PP de Galicia","robots":{"index":"index","follow":"follow","max-snippet":"max-snippet:-1","max-image-preview":"max-image-preview:large","max-video-preview":"max-video-preview:-1"},"canonical":"https:\/\/ppdegalicia.com\/es\/o-grupo-popular-leva-de-novo-ao-primeiro-pleno-deste-periodo-de-sesions-a-proposicion-de-lei-para-a-transferencia-da-ap-9-a-xunta-de-galicia\/","og_locale":"es_ES","og_type":"article","og_title":"O Grupo Popular leva de novo ao primeiro Pleno deste per\u00edodo de sesi\u00f3ns a proposici\u00f3n de lei para a transferencia da AP-9 \u00e1 Xunta de Galicia - PP de Galicia","og_description":"O Grupo Popular incorporou \u00e1 orde do d\u00eda do primeiro Pleno deste novo per\u00edodo de sesi\u00f3ns, que se celebrar\u00e1 a vindeira semana, o debate da proposici\u00f3n de Lei, para a s\u00faa remisi\u00f3n ao Congreso, de transferencia da titularidade e competencias da AP-9 \u00e1 Xunta de Galicia, unha vez que a iniciativa que xa se estaba [&hellip;]","og_url":"https:\/\/ppdegalicia.com\/es\/o-grupo-popular-leva-de-novo-ao-primeiro-pleno-deste-periodo-de-sesions-a-proposicion-de-lei-para-a-transferencia-da-ap-9-a-xunta-de-galicia\/","og_site_name":"PP de Galicia","article_publisher":"https:\/\/www.instagram.com\/ppdegalicia\/","article_published_time":"2023-09-05T13:23:22+00:00","og_image":[{"width":2560,"height":1707,"url":"https:\/\/ppdegalicia.com\/wp-content\/uploads\/2023\/09\/31d1b219eaf042c178f2a6f3247f6820-scaled.jpg","type":"image\/jpeg"}],"author":"ppdegaliciaredes","twitter_card":"summary_large_image","twitter_creator":"@ppdegalicia","twitter_site":"@ppdegalicia","twitter_misc":{"Escrito por":"ppdegaliciaredes","Tiempo de lectura":"4 minutos"},"schema":{"@context":"https:\/\/schema.org","@graph":[{"@type":"Article","@id":"https:\/\/ppdegalicia.com\/es\/o-grupo-popular-leva-de-novo-ao-primeiro-pleno-deste-periodo-de-sesions-a-proposicion-de-lei-para-a-transferencia-da-ap-9-a-xunta-de-galicia\/#article","isPartOf":{"@id":"https:\/\/ppdegalicia.com\/es\/o-grupo-popular-leva-de-novo-ao-primeiro-pleno-deste-periodo-de-sesions-a-proposicion-de-lei-para-a-transferencia-da-ap-9-a-xunta-de-galicia\/"},"author":{"name":"ppdegaliciaredes","@id":"https:\/\/ppdegalicia.com\/es\/#\/schema\/person\/5b822c6f59e872ebdd1142f307dbcb59"},"headline":"O Grupo Popular leva de novo ao primeiro Pleno deste per\u00edodo de sesi\u00f3ns a proposici\u00f3n de lei para a transferencia da AP-9 \u00e1 Xunta de Galicia","datePublished":"2023-09-05T13:23:22+00:00","mainEntityOfPage":{"@id":"https:\/\/ppdegalicia.com\/es\/o-grupo-popular-leva-de-novo-ao-primeiro-pleno-deste-periodo-de-sesions-a-proposicion-de-lei-para-a-transferencia-da-ap-9-a-xunta-de-galicia\/"},"wordCount":871,"commentCount":0,"publisher":{"@id":"https:\/\/ppdegalicia.com\/es\/#organization"},"image":{"@id":"https:\/\/ppdegalicia.com\/es\/o-grupo-popular-leva-de-novo-ao-primeiro-pleno-deste-periodo-de-sesions-a-proposicion-de-lei-para-a-transferencia-da-ap-9-a-xunta-de-galicia\/#primaryimage"},"thumbnailUrl":"https:\/\/ppdegalicia.com\/wp-content\/uploads\/2023\/09\/31d1b219eaf042c178f2a6f3247f6820-scaled.jpg","articleSection":["PP de Galicia"],"inLanguage":"es","potentialAction":[{"@type":"CommentAction","name":"Comment","target":["https:\/\/ppdegalicia.com\/es\/o-grupo-popular-leva-de-novo-ao-primeiro-pleno-deste-periodo-de-sesions-a-proposicion-de-lei-para-a-transferencia-da-ap-9-a-xunta-de-galicia\/#respond"]}]},{"@type":"WebPage","@id":"https:\/\/ppdegalicia.com\/es\/o-grupo-popular-leva-de-novo-ao-primeiro-pleno-deste-periodo-de-sesions-a-proposicion-de-lei-para-a-transferencia-da-ap-9-a-xunta-de-galicia\/","url":"https:\/\/ppdegalicia.com\/es\/o-grupo-popular-leva-de-novo-ao-primeiro-pleno-deste-periodo-de-sesions-a-proposicion-de-lei-para-a-transferencia-da-ap-9-a-xunta-de-galicia\/","name":"O Grupo Popular leva de novo ao primeiro Pleno deste per\u00edodo de sesi\u00f3ns a proposici\u00f3n de lei para a transferencia da AP-9 \u00e1 Xunta de Galicia - PP de Galicia","isPartOf":{"@id":"https:\/\/ppdegalicia.com\/es\/#website"},"primaryImageOfPage":{"@id":"https:\/\/ppdegalicia.com\/es\/o-grupo-popular-leva-de-novo-ao-primeiro-pleno-deste-periodo-de-sesions-a-proposicion-de-lei-para-a-transferencia-da-ap-9-a-xunta-de-galicia\/#primaryimage"},"image":{"@id":"https:\/\/ppdegalicia.com\/es\/o-grupo-popular-leva-de-novo-ao-primeiro-pleno-deste-periodo-de-sesions-a-proposicion-de-lei-para-a-transferencia-da-ap-9-a-xunta-de-galicia\/#primaryimage"},"thumbnailUrl":"https:\/\/ppdegalicia.com\/wp-content\/uploads\/2023\/09\/31d1b219eaf042c178f2a6f3247f6820-scaled.jpg","datePublished":"2023-09-05T13:23:22+00:00","breadcrumb":{"@id":"https:\/\/ppdegalicia.com\/es\/o-grupo-popular-leva-de-novo-ao-primeiro-pleno-deste-periodo-de-sesions-a-proposicion-de-lei-para-a-transferencia-da-ap-9-a-xunta-de-galicia\/#breadcrumb"},"inLanguage":"es","potentialAction":[{"@type":"ReadAction","target":["https:\/\/ppdegalicia.com\/es\/o-grupo-popular-leva-de-novo-ao-primeiro-pleno-deste-periodo-de-sesions-a-proposicion-de-lei-para-a-transferencia-da-ap-9-a-xunta-de-galicia\/"]}]},{"@type":"ImageObject","inLanguage":"es","@id":"https:\/\/ppdegalicia.com\/es\/o-grupo-popular-leva-de-novo-ao-primeiro-pleno-deste-periodo-de-sesions-a-proposicion-de-lei-para-a-transferencia-da-ap-9-a-xunta-de-galicia\/#primaryimage","url":"https:\/\/ppdegalicia.com\/wp-content\/uploads\/2023\/09\/31d1b219eaf042c178f2a6f3247f6820-scaled.jpg","contentUrl":"https:\/\/ppdegalicia.com\/wp-content\/uploads\/2023\/09\/31d1b219eaf042c178f2a6f3247f6820-scaled.jpg","width":2560,"height":1707},{"@type":"BreadcrumbList","@id":"https:\/\/ppdegalicia.com\/es\/o-grupo-popular-leva-de-novo-ao-primeiro-pleno-deste-periodo-de-sesions-a-proposicion-de-lei-para-a-transferencia-da-ap-9-a-xunta-de-galicia\/#breadcrumb","itemListElement":[{"@type":"ListItem","position":1,"name":"Portada","item":"https:\/\/ppdegalicia.com\/es\/"},{"@type":"ListItem","position":2,"name":"O Grupo Popular leva de novo ao primeiro Pleno deste per\u00edodo de sesi\u00f3ns a proposici\u00f3n de lei para a transferencia da AP-9 \u00e1 Xunta de Galicia"}]},{"@type":"WebSite","@id":"https:\/\/ppdegalicia.com\/es\/#website","url":"https:\/\/ppdegalicia.com\/es\/","name":"Partido Popular de Galicia","description":"Partido Popular de Galicia","publisher":{"@id":"https:\/\/ppdegalicia.com\/es\/#organization"},"alternateName":"PP de Galicia","potentialAction":[{"@type":"SearchAction","target":{"@type":"EntryPoint","urlTemplate":"https:\/\/ppdegalicia.com\/es\/?s={search_term_string}"},"query-input":{"@type":"PropertyValueSpecification","valueRequired":true,"valueName":"search_term_string"}}],"inLanguage":"es"},{"@type":"Organization","@id":"https:\/\/ppdegalicia.com\/es\/#organization","name":"Partido Popular de Galicia","alternateName":"PP de Galicia","url":"https:\/\/ppdegalicia.com\/es\/","logo":{"@type":"ImageObject","inLanguage":"es","@id":"https:\/\/ppdegalicia.com\/es\/#\/schema\/logo\/image\/","url":"https:\/\/ppdegalicia.com\/wp-content\/uploads\/2023\/04\/logoPP512.png","contentUrl":"https:\/\/ppdegalicia.com\/wp-content\/uploads\/2023\/04\/logoPP512.png","width":512,"height":512,"caption":"Partido Popular de Galicia"},"image":{"@id":"https:\/\/ppdegalicia.com\/es\/#\/schema\/logo\/image\/"},"sameAs":["https:\/\/www.instagram.com\/ppdegalicia\/","https:\/\/x.com\/ppdegalicia","https:\/\/www.tiktok.com\/@ppdegalicia","https:\/\/www.youtube.com\/user\/ppdegalicia"]},{"@type":"Person","@id":"https:\/\/ppdegalicia.com\/es\/#\/schema\/person\/5b822c6f59e872ebdd1142f307dbcb59","name":"ppdegaliciaredes","image":{"@type":"ImageObject","inLanguage":"es","@id":"https:\/\/secure.gravatar.com\/avatar\/3c9179cf0256d00c72a48d1f25783c58b6842cd56e85ef3a572881c8e28ccd59?s=96&d=mm&r=g","url":"https:\/\/secure.gravatar.com\/avatar\/3c9179cf0256d00c72a48d1f25783c58b6842cd56e85ef3a572881c8e28ccd59?s=96&d=mm&r=g","contentUrl":"https:\/\/secure.gravatar.com\/avatar\/3c9179cf0256d00c72a48d1f25783c58b6842cd56e85ef3a572881c8e28ccd59?s=96&d=mm&r=g","caption":"ppdegaliciaredes"},"url":"https:\/\/ppdegalicia.com\/es\/author\/ppdegaliciaredes\/"}]}},"_links":{"self":[{"href":"https:\/\/ppdegalicia.com\/es\/wp-json\/wp\/v2\/posts\/58307","targetHints":{"allow":["GET"]}}],"collection":[{"href":"https:\/\/ppdegalicia.com\/es\/wp-json\/wp\/v2\/posts"}],"about":[{"href":"https:\/\/ppdegalicia.com\/es\/wp-json\/wp\/v2\/types\/post"}],"author":[{"embeddable":true,"href":"https:\/\/ppdegalicia.com\/es\/wp-json\/wp\/v2\/users\/38"}],"replies":[{"embeddable":true,"href":"https:\/\/ppdegalicia.com\/es\/wp-json\/wp\/v2\/comments?post=58307"}],"version-history":[{"count":0,"href":"https:\/\/ppdegalicia.com\/es\/wp-json\/wp\/v2\/posts\/58307\/revisions"}],"wp:featuredmedia":[{"embeddable":true,"href":"https:\/\/ppdegalicia.com\/es\/wp-json\/wp\/v2\/media\/58306"}],"wp:attachment":[{"href":"https:\/\/ppdegalicia.com\/es\/wp-json\/wp\/v2\/media?parent=58307"}],"wp:term":[{"taxonomy":"category","embeddable":true,"href":"https:\/\/ppdegalicia.com\/es\/wp-json\/wp\/v2\/categories?post=58307"},{"taxonomy":"post_tag","embeddable":true,"href":"https:\/\/ppdegalicia.com\/es\/wp-json\/wp\/v2\/tags?post=58307"}],"curies":[{"name":"wp","href":"https:\/\/api.w.org\/{rel}","templated":true}]}}