{"id":58311,"date":"2023-09-06T16:37:33","date_gmt":"2023-09-06T14:37:33","guid":{"rendered":"https:\/\/ppdegalicia.com\/o-parlamento-insiste-na-demanda-ao-goberno-de-espana-para-que-transfira-fondos-a-galicia-que-garantan-a-viabilidade-dos-proxectos-tractores\/"},"modified":"2023-09-06T16:37:33","modified_gmt":"2023-09-06T14:37:33","slug":"o-parlamento-insiste-na-demanda-ao-goberno-de-espana-para-que-transfira-fondos-a-galicia-que-garantan-a-viabilidade-dos-proxectos-tractores","status":"publish","type":"post","link":"https:\/\/ppdegalicia.com\/es\/o-parlamento-insiste-na-demanda-ao-goberno-de-espana-para-que-transfira-fondos-a-galicia-que-garantan-a-viabilidade-dos-proxectos-tractores\/","title":{"rendered":"O Parlamento insiste na demanda ao Goberno de Espa\u00f1a para que transfira fondos a Galicia que garantan a viabilidade dos proxectos tractores"},"content":{"rendered":"<p><img fetchpriority=\"high\" decoding=\"async\" class=\" size-full wp-image-58310\" src=\"https:\/\/ppdegalicia.com\/wp-content\/uploads\/2023\/09\/a2215d3cce33b7319f0654892f274c53.jpg\" alt=\"\" width=\"2359\" height=\"1675\" srcset=\"https:\/\/ppdegalicia.com\/wp-content\/uploads\/2023\/09\/a2215d3cce33b7319f0654892f274c53.jpg 2359w, https:\/\/ppdegalicia.com\/wp-content\/uploads\/2023\/09\/a2215d3cce33b7319f0654892f274c53-300x213.jpg 300w, https:\/\/ppdegalicia.com\/wp-content\/uploads\/2023\/09\/a2215d3cce33b7319f0654892f274c53-1024x727.jpg 1024w, https:\/\/ppdegalicia.com\/wp-content\/uploads\/2023\/09\/a2215d3cce33b7319f0654892f274c53-768x545.jpg 768w, https:\/\/ppdegalicia.com\/wp-content\/uploads\/2023\/09\/a2215d3cce33b7319f0654892f274c53-1536x1091.jpg 1536w, https:\/\/ppdegalicia.com\/wp-content\/uploads\/2023\/09\/a2215d3cce33b7319f0654892f274c53-2048x1454.jpg 2048w\" sizes=\"(max-width: 2359px) 100vw, 2359px\" \/><\/p>\n<p>O Parlamento de Galicia aprobou hoxe a proposici\u00f3n non de lei do Grupo Popular, co voto en contra do PSdeG, a trav\u00e9s da que se demanda ao Goberno de Espa\u00f1a a transferir fondos europeos para a s\u00faa xesti\u00f3n directa co obxectivo de garantir a viabilidade dos principais proxectos tractores galegos, ao igual que ten feito con outras Comunidades Aut\u00f3nomas.<\/p>\n<p><!--more--><\/p>\n<p>En concreto, p\u00eddese que se garanta o m\u00e1ximo respecto \u00e1s competencias exclusivas de Galicia, nomeadamente as relativas ao fomento e \u00e1 planificaci\u00f3n da actividade econ\u00f3mica e da industria, tal como recolle o Estatuto de Autonom\u00eda para Galicia; a descentralizaci\u00f3n dos fondos e da s\u00faa xesti\u00f3n e execuci\u00f3n; garantir a adxudicaci\u00f3n dunha porcentaxe dos fondos superior ao que se v\u00e9n recibindo doutros programas europeos que reparte o Goberno central, en base \u00e1 situaci\u00f3n demogr\u00e1fica, medioambiental e industrial, entre outras; e buscar garant\u00edas para que os fondos p\u00fablicos para a reactivaci\u00f3n da econom\u00eda contrib\u00faan a manter o emprego existente nas empresas receptoras.<\/p>\n<p>A portavoz popular de Industria, Cristina Sanz, lembrou que \u201cdesde o principio demandamos un cambio de modelo na distribuci\u00f3n dos fondos europeos que permitise que estes recursos cheguen realmente \u00e1s empresas e que permitise desenvolver os proxectos tractores que Galicia ten preparados\u201d. \u201cUns proxectos que seguen agardando a resposta dun Goberno que est\u00e1 xestionando estes fondos dun xeito ineficaz e pouco transparente\u201d, dixo.<\/p>\n<p>Deste xeito, considerou \u201cimprescindible unha cogobernanza efectiva entre o Goberno central e as comunidades aut\u00f3nomas, co fin de asegurar que estes fondos europeos cheguen ao tecido produtivo mediante unha distribuci\u00f3n transparente e equitativa\u201d. \u201cO Goberno de Espa\u00f1a decidiu xestionar a totalidade dos fondos que recibe da Uni\u00f3n Europea para fortalecer a industria, principalmente a trav\u00e9s dos\u00a0 PERTE, sen procurar unha coordinaci\u00f3n estreita e efectiva coas administraci\u00f3ns auton\u00f3micas, nin no seu dese\u00f1o, nin tampouco na s\u00faa xesti\u00f3n\u201d, explicou a portavoz popular, quen lamentou que este procedemento \u201cest\u00e1 levando a que grandes proxectos te\u00f1an que presentarse a pequenas convocatorias que non responden \u00e1s necesidades de financiamento dos seus promotores\u201d.<\/p>\n<p>De acordo coas ultimas estimaci\u00f3ns, dos m\u00e1is de 42.000 mill\u00f3ns de euros anunciados para os PERTE, a d\u00eda de hoxe tan s\u00f3 se convocaron 14.918 mill\u00f3ns de euros, dos que o Goberno de Pedro S\u00e1nchez so foi capaz de resolver 9.440 mill\u00f3ns. \u201c\u00c9 dicir, de cada 100 euros dispo\u00f1ibles para apoiar os investimentos industriais en Espa\u00f1a, 78 euros a\u00ednda est\u00e1n no caix\u00f3n do goberno\u201d, apuntou.<\/p>\n<p>\u00a0<\/p>\n<p><strong>GALICIA FIXO OS DEBERES<\/strong><\/p>\n<p>Cristina Sanz salientou que \u201cGalicia fixo os deberes e ten artellado a maior carteira de proxectos que xamais se viu nesta terra, proxectos que desde o primeiro d\u00eda contan co apoio institucional da Xunta\u201d. As\u00ed, concretou que seis iniciativas empresariais xa contan coa declaraci\u00f3n de proxectos industriais estrat\u00e9xicos por parte do Goberno galego: a f\u00e1brica de fibras t\u00e9xtiles de <em>Altri<\/em>; a f\u00e1brica de pneum\u00e1ticos de <em>Sentury<\/em> en As Pontes; o proxecto <em>Triskelion<\/em>, promovido por <em>Forestal do Atl\u00e1ntico<\/em> en Mugardos; o proxecto <em>H2 Pole<\/em>, un centro de produci\u00f3n de hidr\u00f3xeno verde impulsado por <em>Reganosa<\/em> e <em>EDP Renovables<\/em> en As Pontes; a biof\u00e1brica de <em>Ence<\/em> en As Pontes; e a planta de hidr\u00f3xeno renovable <em>H2 Meirama<\/em> de Cerceda.<\/p>\n<p>\u201cFalamos de seis proxectos que suman un investimento total en Galicia de 1.852 mill\u00f3ns de euros\u201d, subli\u00f1ou.<\/p>\n<p>Ademais, a portavoz popular engadiu que \u201ca carteira de proxectos de Galicia vai m\u00e1is al\u00e1, porque tam\u00e9n incl\u00fae a futura f\u00e1brica de bater\u00edas de <em>Resonac<\/em> en A Coru\u00f1a; o proxecto de <em>Stellantis<\/em> en Vigo; o Polo Aeroespacial de Galicia en Lugo; a cidade das TIC en A Coru\u00f1a; a nova f\u00e1brica de <em>Estrella Galicia<\/em> en Arteixo; o campus tecnol\u00f3xico en Padr\u00f3n e Rois, e a planta de aluminio verde en Coir\u00f3s de <em>Cortizo<\/em>; a microacer\u00eda de <em>Celsa<\/em> en Laracha; ou a nova li\u00f1a de extrusi\u00f3n de precisi\u00f3n de <em>Exlabesa<\/em> en Padr\u00f3n.<\/p>\n","protected":false},"excerpt":{"rendered":"<p>O Parlamento de Galicia aprobou hoxe a proposici\u00f3n non de lei do Grupo Popular, co voto en contra do PSdeG, a trav\u00e9s da que se demanda ao Goberno de Espa\u00f1a a transferir fondos europeos para a s\u00faa xesti\u00f3n directa co obxectivo de garantir a viabilidade dos principais proxectos tractores galegos, ao igual que ten feito [&hellip;]<\/p>\n","protected":false},"author":38,"featured_media":58310,"comment_status":"open","ping_status":"open","sticky":false,"template":"","format":"standard","meta":{"_acf_changed":false,"footnotes":""},"categories":[1],"tags":[],"class_list":["post-58311","post","type-post","status-publish","format-standard","has-post-thumbnail","hentry","category-pp-de-galicia"],"acf":[],"yoast_head":"<!-- This site is optimized with the Yoast SEO plugin v27.3 - https:\/\/yoast.com\/product\/yoast-seo-wordpress\/ -->\n<title>O Parlamento insiste na demanda ao Goberno de Espa\u00f1a para que transfira fondos a Galicia que garantan a viabilidade dos proxectos tractores - PP de Galicia<\/title>\n<meta name=\"robots\" content=\"index, follow, max-snippet:-1, max-image-preview:large, max-video-preview:-1\" \/>\n<link rel=\"canonical\" href=\"https:\/\/ppdegalicia.com\/es\/o-parlamento-insiste-na-demanda-ao-goberno-de-espana-para-que-transfira-fondos-a-galicia-que-garantan-a-viabilidade-dos-proxectos-tractores\/\" \/>\n<meta property=\"og:locale\" content=\"es_ES\" \/>\n<meta property=\"og:type\" content=\"article\" \/>\n<meta property=\"og:title\" content=\"O Parlamento insiste na demanda ao Goberno de Espa\u00f1a para que transfira fondos a Galicia que garantan a viabilidade dos proxectos tractores - PP de Galicia\" \/>\n<meta property=\"og:description\" content=\"O Parlamento de Galicia aprobou hoxe a proposici\u00f3n non de lei do Grupo Popular, co voto en contra do PSdeG, a trav\u00e9s da que se demanda ao Goberno de Espa\u00f1a a transferir fondos europeos para a s\u00faa xesti\u00f3n directa co obxectivo de garantir a viabilidade dos principais proxectos tractores galegos, ao igual que ten feito [&hellip;]\" \/>\n<meta property=\"og:url\" content=\"https:\/\/ppdegalicia.com\/es\/o-parlamento-insiste-na-demanda-ao-goberno-de-espana-para-que-transfira-fondos-a-galicia-que-garantan-a-viabilidade-dos-proxectos-tractores\/\" \/>\n<meta property=\"og:site_name\" content=\"PP de Galicia\" \/>\n<meta property=\"article:publisher\" content=\"https:\/\/www.instagram.com\/ppdegalicia\/\" \/>\n<meta property=\"article:published_time\" content=\"2023-09-06T14:37:33+00:00\" \/>\n<meta property=\"og:image\" content=\"https:\/\/ppdegalicia.com\/wp-content\/uploads\/2023\/09\/a2215d3cce33b7319f0654892f274c53.jpg\" \/>\n\t<meta property=\"og:image:width\" content=\"2359\" \/>\n\t<meta property=\"og:image:height\" content=\"1675\" \/>\n\t<meta property=\"og:image:type\" content=\"image\/jpeg\" \/>\n<meta name=\"author\" content=\"ppdegaliciaredes\" \/>\n<meta name=\"twitter:card\" content=\"summary_large_image\" \/>\n<meta name=\"twitter:creator\" content=\"@ppdegalicia\" \/>\n<meta name=\"twitter:site\" content=\"@ppdegalicia\" \/>\n<meta name=\"twitter:label1\" content=\"Escrito por\" \/>\n\t<meta name=\"twitter:data1\" content=\"ppdegaliciaredes\" \/>\n\t<meta name=\"twitter:label2\" content=\"Tiempo de lectura\" \/>\n\t<meta name=\"twitter:data2\" content=\"3 minutos\" \/>\n<script type=\"application\/ld+json\" class=\"yoast-schema-graph\">{\"@context\":\"https:\\\/\\\/schema.org\",\"@graph\":[{\"@type\":\"Article\",\"@id\":\"https:\\\/\\\/ppdegalicia.com\\\/es\\\/o-parlamento-insiste-na-demanda-ao-goberno-de-espana-para-que-transfira-fondos-a-galicia-que-garantan-a-viabilidade-dos-proxectos-tractores\\\/#article\",\"isPartOf\":{\"@id\":\"https:\\\/\\\/ppdegalicia.com\\\/es\\\/o-parlamento-insiste-na-demanda-ao-goberno-de-espana-para-que-transfira-fondos-a-galicia-que-garantan-a-viabilidade-dos-proxectos-tractores\\\/\"},\"author\":{\"name\":\"ppdegaliciaredes\",\"@id\":\"https:\\\/\\\/ppdegalicia.com\\\/es\\\/#\\\/schema\\\/person\\\/5b822c6f59e872ebdd1142f307dbcb59\"},\"headline\":\"O Parlamento insiste na demanda ao Goberno de Espa\u00f1a para que transfira fondos a Galicia que garantan a viabilidade dos proxectos tractores\",\"datePublished\":\"2023-09-06T14:37:33+00:00\",\"mainEntityOfPage\":{\"@id\":\"https:\\\/\\\/ppdegalicia.com\\\/es\\\/o-parlamento-insiste-na-demanda-ao-goberno-de-espana-para-que-transfira-fondos-a-galicia-que-garantan-a-viabilidade-dos-proxectos-tractores\\\/\"},\"wordCount\":715,\"commentCount\":0,\"publisher\":{\"@id\":\"https:\\\/\\\/ppdegalicia.com\\\/es\\\/#organization\"},\"image\":{\"@id\":\"https:\\\/\\\/ppdegalicia.com\\\/es\\\/o-parlamento-insiste-na-demanda-ao-goberno-de-espana-para-que-transfira-fondos-a-galicia-que-garantan-a-viabilidade-dos-proxectos-tractores\\\/#primaryimage\"},\"thumbnailUrl\":\"https:\\\/\\\/ppdegalicia.com\\\/wp-content\\\/uploads\\\/2023\\\/09\\\/a2215d3cce33b7319f0654892f274c53.jpg\",\"articleSection\":[\"PP de Galicia\"],\"inLanguage\":\"es\",\"potentialAction\":[{\"@type\":\"CommentAction\",\"name\":\"Comment\",\"target\":[\"https:\\\/\\\/ppdegalicia.com\\\/es\\\/o-parlamento-insiste-na-demanda-ao-goberno-de-espana-para-que-transfira-fondos-a-galicia-que-garantan-a-viabilidade-dos-proxectos-tractores\\\/#respond\"]}]},{\"@type\":\"WebPage\",\"@id\":\"https:\\\/\\\/ppdegalicia.com\\\/es\\\/o-parlamento-insiste-na-demanda-ao-goberno-de-espana-para-que-transfira-fondos-a-galicia-que-garantan-a-viabilidade-dos-proxectos-tractores\\\/\",\"url\":\"https:\\\/\\\/ppdegalicia.com\\\/es\\\/o-parlamento-insiste-na-demanda-ao-goberno-de-espana-para-que-transfira-fondos-a-galicia-que-garantan-a-viabilidade-dos-proxectos-tractores\\\/\",\"name\":\"O Parlamento insiste na demanda ao Goberno de Espa\u00f1a para que transfira fondos a Galicia que garantan a viabilidade dos proxectos tractores - PP de Galicia\",\"isPartOf\":{\"@id\":\"https:\\\/\\\/ppdegalicia.com\\\/es\\\/#website\"},\"primaryImageOfPage\":{\"@id\":\"https:\\\/\\\/ppdegalicia.com\\\/es\\\/o-parlamento-insiste-na-demanda-ao-goberno-de-espana-para-que-transfira-fondos-a-galicia-que-garantan-a-viabilidade-dos-proxectos-tractores\\\/#primaryimage\"},\"image\":{\"@id\":\"https:\\\/\\\/ppdegalicia.com\\\/es\\\/o-parlamento-insiste-na-demanda-ao-goberno-de-espana-para-que-transfira-fondos-a-galicia-que-garantan-a-viabilidade-dos-proxectos-tractores\\\/#primaryimage\"},\"thumbnailUrl\":\"https:\\\/\\\/ppdegalicia.com\\\/wp-content\\\/uploads\\\/2023\\\/09\\\/a2215d3cce33b7319f0654892f274c53.jpg\",\"datePublished\":\"2023-09-06T14:37:33+00:00\",\"breadcrumb\":{\"@id\":\"https:\\\/\\\/ppdegalicia.com\\\/es\\\/o-parlamento-insiste-na-demanda-ao-goberno-de-espana-para-que-transfira-fondos-a-galicia-que-garantan-a-viabilidade-dos-proxectos-tractores\\\/#breadcrumb\"},\"inLanguage\":\"es\",\"potentialAction\":[{\"@type\":\"ReadAction\",\"target\":[\"https:\\\/\\\/ppdegalicia.com\\\/es\\\/o-parlamento-insiste-na-demanda-ao-goberno-de-espana-para-que-transfira-fondos-a-galicia-que-garantan-a-viabilidade-dos-proxectos-tractores\\\/\"]}]},{\"@type\":\"ImageObject\",\"inLanguage\":\"es\",\"@id\":\"https:\\\/\\\/ppdegalicia.com\\\/es\\\/o-parlamento-insiste-na-demanda-ao-goberno-de-espana-para-que-transfira-fondos-a-galicia-que-garantan-a-viabilidade-dos-proxectos-tractores\\\/#primaryimage\",\"url\":\"https:\\\/\\\/ppdegalicia.com\\\/wp-content\\\/uploads\\\/2023\\\/09\\\/a2215d3cce33b7319f0654892f274c53.jpg\",\"contentUrl\":\"https:\\\/\\\/ppdegalicia.com\\\/wp-content\\\/uploads\\\/2023\\\/09\\\/a2215d3cce33b7319f0654892f274c53.jpg\",\"width\":2359,\"height\":1675},{\"@type\":\"BreadcrumbList\",\"@id\":\"https:\\\/\\\/ppdegalicia.com\\\/es\\\/o-parlamento-insiste-na-demanda-ao-goberno-de-espana-para-que-transfira-fondos-a-galicia-que-garantan-a-viabilidade-dos-proxectos-tractores\\\/#breadcrumb\",\"itemListElement\":[{\"@type\":\"ListItem\",\"position\":1,\"name\":\"Portada\",\"item\":\"https:\\\/\\\/ppdegalicia.com\\\/es\\\/\"},{\"@type\":\"ListItem\",\"position\":2,\"name\":\"O Parlamento insiste na demanda ao Goberno de Espa\u00f1a para que transfira fondos a Galicia que garantan a viabilidade dos proxectos tractores\"}]},{\"@type\":\"WebSite\",\"@id\":\"https:\\\/\\\/ppdegalicia.com\\\/es\\\/#website\",\"url\":\"https:\\\/\\\/ppdegalicia.com\\\/es\\\/\",\"name\":\"Partido Popular de Galicia\",\"description\":\"Partido Popular de Galicia\",\"publisher\":{\"@id\":\"https:\\\/\\\/ppdegalicia.com\\\/es\\\/#organization\"},\"alternateName\":\"PP de Galicia\",\"potentialAction\":[{\"@type\":\"SearchAction\",\"target\":{\"@type\":\"EntryPoint\",\"urlTemplate\":\"https:\\\/\\\/ppdegalicia.com\\\/es\\\/?s={search_term_string}\"},\"query-input\":{\"@type\":\"PropertyValueSpecification\",\"valueRequired\":true,\"valueName\":\"search_term_string\"}}],\"inLanguage\":\"es\"},{\"@type\":\"Organization\",\"@id\":\"https:\\\/\\\/ppdegalicia.com\\\/es\\\/#organization\",\"name\":\"Partido Popular de Galicia\",\"alternateName\":\"PP de Galicia\",\"url\":\"https:\\\/\\\/ppdegalicia.com\\\/es\\\/\",\"logo\":{\"@type\":\"ImageObject\",\"inLanguage\":\"es\",\"@id\":\"https:\\\/\\\/ppdegalicia.com\\\/es\\\/#\\\/schema\\\/logo\\\/image\\\/\",\"url\":\"https:\\\/\\\/ppdegalicia.com\\\/wp-content\\\/uploads\\\/2023\\\/04\\\/logoPP512.png\",\"contentUrl\":\"https:\\\/\\\/ppdegalicia.com\\\/wp-content\\\/uploads\\\/2023\\\/04\\\/logoPP512.png\",\"width\":512,\"height\":512,\"caption\":\"Partido Popular de Galicia\"},\"image\":{\"@id\":\"https:\\\/\\\/ppdegalicia.com\\\/es\\\/#\\\/schema\\\/logo\\\/image\\\/\"},\"sameAs\":[\"https:\\\/\\\/www.instagram.com\\\/ppdegalicia\\\/\",\"https:\\\/\\\/x.com\\\/ppdegalicia\",\"https:\\\/\\\/www.tiktok.com\\\/@ppdegalicia\",\"https:\\\/\\\/www.youtube.com\\\/user\\\/ppdegalicia\"]},{\"@type\":\"Person\",\"@id\":\"https:\\\/\\\/ppdegalicia.com\\\/es\\\/#\\\/schema\\\/person\\\/5b822c6f59e872ebdd1142f307dbcb59\",\"name\":\"ppdegaliciaredes\",\"image\":{\"@type\":\"ImageObject\",\"inLanguage\":\"es\",\"@id\":\"https:\\\/\\\/secure.gravatar.com\\\/avatar\\\/3c9179cf0256d00c72a48d1f25783c58b6842cd56e85ef3a572881c8e28ccd59?s=96&d=mm&r=g\",\"url\":\"https:\\\/\\\/secure.gravatar.com\\\/avatar\\\/3c9179cf0256d00c72a48d1f25783c58b6842cd56e85ef3a572881c8e28ccd59?s=96&d=mm&r=g\",\"contentUrl\":\"https:\\\/\\\/secure.gravatar.com\\\/avatar\\\/3c9179cf0256d00c72a48d1f25783c58b6842cd56e85ef3a572881c8e28ccd59?s=96&d=mm&r=g\",\"caption\":\"ppdegaliciaredes\"},\"url\":\"https:\\\/\\\/ppdegalicia.com\\\/es\\\/author\\\/ppdegaliciaredes\\\/\"}]}<\/script>\n<!-- \/ Yoast SEO plugin. -->","yoast_head_json":{"title":"O Parlamento insiste na demanda ao Goberno de Espa\u00f1a para que transfira fondos a Galicia que garantan a viabilidade dos proxectos tractores - PP de Galicia","robots":{"index":"index","follow":"follow","max-snippet":"max-snippet:-1","max-image-preview":"max-image-preview:large","max-video-preview":"max-video-preview:-1"},"canonical":"https:\/\/ppdegalicia.com\/es\/o-parlamento-insiste-na-demanda-ao-goberno-de-espana-para-que-transfira-fondos-a-galicia-que-garantan-a-viabilidade-dos-proxectos-tractores\/","og_locale":"es_ES","og_type":"article","og_title":"O Parlamento insiste na demanda ao Goberno de Espa\u00f1a para que transfira fondos a Galicia que garantan a viabilidade dos proxectos tractores - PP de Galicia","og_description":"O Parlamento de Galicia aprobou hoxe a proposici\u00f3n non de lei do Grupo Popular, co voto en contra do PSdeG, a trav\u00e9s da que se demanda ao Goberno de Espa\u00f1a a transferir fondos europeos para a s\u00faa xesti\u00f3n directa co obxectivo de garantir a viabilidade dos principais proxectos tractores galegos, ao igual que ten feito [&hellip;]","og_url":"https:\/\/ppdegalicia.com\/es\/o-parlamento-insiste-na-demanda-ao-goberno-de-espana-para-que-transfira-fondos-a-galicia-que-garantan-a-viabilidade-dos-proxectos-tractores\/","og_site_name":"PP de Galicia","article_publisher":"https:\/\/www.instagram.com\/ppdegalicia\/","article_published_time":"2023-09-06T14:37:33+00:00","og_image":[{"width":2359,"height":1675,"url":"https:\/\/ppdegalicia.com\/wp-content\/uploads\/2023\/09\/a2215d3cce33b7319f0654892f274c53.jpg","type":"image\/jpeg"}],"author":"ppdegaliciaredes","twitter_card":"summary_large_image","twitter_creator":"@ppdegalicia","twitter_site":"@ppdegalicia","twitter_misc":{"Escrito por":"ppdegaliciaredes","Tiempo de lectura":"3 minutos"},"schema":{"@context":"https:\/\/schema.org","@graph":[{"@type":"Article","@id":"https:\/\/ppdegalicia.com\/es\/o-parlamento-insiste-na-demanda-ao-goberno-de-espana-para-que-transfira-fondos-a-galicia-que-garantan-a-viabilidade-dos-proxectos-tractores\/#article","isPartOf":{"@id":"https:\/\/ppdegalicia.com\/es\/o-parlamento-insiste-na-demanda-ao-goberno-de-espana-para-que-transfira-fondos-a-galicia-que-garantan-a-viabilidade-dos-proxectos-tractores\/"},"author":{"name":"ppdegaliciaredes","@id":"https:\/\/ppdegalicia.com\/es\/#\/schema\/person\/5b822c6f59e872ebdd1142f307dbcb59"},"headline":"O Parlamento insiste na demanda ao Goberno de Espa\u00f1a para que transfira fondos a Galicia que garantan a viabilidade dos proxectos tractores","datePublished":"2023-09-06T14:37:33+00:00","mainEntityOfPage":{"@id":"https:\/\/ppdegalicia.com\/es\/o-parlamento-insiste-na-demanda-ao-goberno-de-espana-para-que-transfira-fondos-a-galicia-que-garantan-a-viabilidade-dos-proxectos-tractores\/"},"wordCount":715,"commentCount":0,"publisher":{"@id":"https:\/\/ppdegalicia.com\/es\/#organization"},"image":{"@id":"https:\/\/ppdegalicia.com\/es\/o-parlamento-insiste-na-demanda-ao-goberno-de-espana-para-que-transfira-fondos-a-galicia-que-garantan-a-viabilidade-dos-proxectos-tractores\/#primaryimage"},"thumbnailUrl":"https:\/\/ppdegalicia.com\/wp-content\/uploads\/2023\/09\/a2215d3cce33b7319f0654892f274c53.jpg","articleSection":["PP de Galicia"],"inLanguage":"es","potentialAction":[{"@type":"CommentAction","name":"Comment","target":["https:\/\/ppdegalicia.com\/es\/o-parlamento-insiste-na-demanda-ao-goberno-de-espana-para-que-transfira-fondos-a-galicia-que-garantan-a-viabilidade-dos-proxectos-tractores\/#respond"]}]},{"@type":"WebPage","@id":"https:\/\/ppdegalicia.com\/es\/o-parlamento-insiste-na-demanda-ao-goberno-de-espana-para-que-transfira-fondos-a-galicia-que-garantan-a-viabilidade-dos-proxectos-tractores\/","url":"https:\/\/ppdegalicia.com\/es\/o-parlamento-insiste-na-demanda-ao-goberno-de-espana-para-que-transfira-fondos-a-galicia-que-garantan-a-viabilidade-dos-proxectos-tractores\/","name":"O Parlamento insiste na demanda ao Goberno de Espa\u00f1a para que transfira fondos a Galicia que garantan a viabilidade dos proxectos tractores - PP de Galicia","isPartOf":{"@id":"https:\/\/ppdegalicia.com\/es\/#website"},"primaryImageOfPage":{"@id":"https:\/\/ppdegalicia.com\/es\/o-parlamento-insiste-na-demanda-ao-goberno-de-espana-para-que-transfira-fondos-a-galicia-que-garantan-a-viabilidade-dos-proxectos-tractores\/#primaryimage"},"image":{"@id":"https:\/\/ppdegalicia.com\/es\/o-parlamento-insiste-na-demanda-ao-goberno-de-espana-para-que-transfira-fondos-a-galicia-que-garantan-a-viabilidade-dos-proxectos-tractores\/#primaryimage"},"thumbnailUrl":"https:\/\/ppdegalicia.com\/wp-content\/uploads\/2023\/09\/a2215d3cce33b7319f0654892f274c53.jpg","datePublished":"2023-09-06T14:37:33+00:00","breadcrumb":{"@id":"https:\/\/ppdegalicia.com\/es\/o-parlamento-insiste-na-demanda-ao-goberno-de-espana-para-que-transfira-fondos-a-galicia-que-garantan-a-viabilidade-dos-proxectos-tractores\/#breadcrumb"},"inLanguage":"es","potentialAction":[{"@type":"ReadAction","target":["https:\/\/ppdegalicia.com\/es\/o-parlamento-insiste-na-demanda-ao-goberno-de-espana-para-que-transfira-fondos-a-galicia-que-garantan-a-viabilidade-dos-proxectos-tractores\/"]}]},{"@type":"ImageObject","inLanguage":"es","@id":"https:\/\/ppdegalicia.com\/es\/o-parlamento-insiste-na-demanda-ao-goberno-de-espana-para-que-transfira-fondos-a-galicia-que-garantan-a-viabilidade-dos-proxectos-tractores\/#primaryimage","url":"https:\/\/ppdegalicia.com\/wp-content\/uploads\/2023\/09\/a2215d3cce33b7319f0654892f274c53.jpg","contentUrl":"https:\/\/ppdegalicia.com\/wp-content\/uploads\/2023\/09\/a2215d3cce33b7319f0654892f274c53.jpg","width":2359,"height":1675},{"@type":"BreadcrumbList","@id":"https:\/\/ppdegalicia.com\/es\/o-parlamento-insiste-na-demanda-ao-goberno-de-espana-para-que-transfira-fondos-a-galicia-que-garantan-a-viabilidade-dos-proxectos-tractores\/#breadcrumb","itemListElement":[{"@type":"ListItem","position":1,"name":"Portada","item":"https:\/\/ppdegalicia.com\/es\/"},{"@type":"ListItem","position":2,"name":"O Parlamento insiste na demanda ao Goberno de Espa\u00f1a para que transfira fondos a Galicia que garantan a viabilidade dos proxectos tractores"}]},{"@type":"WebSite","@id":"https:\/\/ppdegalicia.com\/es\/#website","url":"https:\/\/ppdegalicia.com\/es\/","name":"Partido Popular de Galicia","description":"Partido Popular de Galicia","publisher":{"@id":"https:\/\/ppdegalicia.com\/es\/#organization"},"alternateName":"PP de Galicia","potentialAction":[{"@type":"SearchAction","target":{"@type":"EntryPoint","urlTemplate":"https:\/\/ppdegalicia.com\/es\/?s={search_term_string}"},"query-input":{"@type":"PropertyValueSpecification","valueRequired":true,"valueName":"search_term_string"}}],"inLanguage":"es"},{"@type":"Organization","@id":"https:\/\/ppdegalicia.com\/es\/#organization","name":"Partido Popular de Galicia","alternateName":"PP de Galicia","url":"https:\/\/ppdegalicia.com\/es\/","logo":{"@type":"ImageObject","inLanguage":"es","@id":"https:\/\/ppdegalicia.com\/es\/#\/schema\/logo\/image\/","url":"https:\/\/ppdegalicia.com\/wp-content\/uploads\/2023\/04\/logoPP512.png","contentUrl":"https:\/\/ppdegalicia.com\/wp-content\/uploads\/2023\/04\/logoPP512.png","width":512,"height":512,"caption":"Partido Popular de Galicia"},"image":{"@id":"https:\/\/ppdegalicia.com\/es\/#\/schema\/logo\/image\/"},"sameAs":["https:\/\/www.instagram.com\/ppdegalicia\/","https:\/\/x.com\/ppdegalicia","https:\/\/www.tiktok.com\/@ppdegalicia","https:\/\/www.youtube.com\/user\/ppdegalicia"]},{"@type":"Person","@id":"https:\/\/ppdegalicia.com\/es\/#\/schema\/person\/5b822c6f59e872ebdd1142f307dbcb59","name":"ppdegaliciaredes","image":{"@type":"ImageObject","inLanguage":"es","@id":"https:\/\/secure.gravatar.com\/avatar\/3c9179cf0256d00c72a48d1f25783c58b6842cd56e85ef3a572881c8e28ccd59?s=96&d=mm&r=g","url":"https:\/\/secure.gravatar.com\/avatar\/3c9179cf0256d00c72a48d1f25783c58b6842cd56e85ef3a572881c8e28ccd59?s=96&d=mm&r=g","contentUrl":"https:\/\/secure.gravatar.com\/avatar\/3c9179cf0256d00c72a48d1f25783c58b6842cd56e85ef3a572881c8e28ccd59?s=96&d=mm&r=g","caption":"ppdegaliciaredes"},"url":"https:\/\/ppdegalicia.com\/es\/author\/ppdegaliciaredes\/"}]}},"_links":{"self":[{"href":"https:\/\/ppdegalicia.com\/es\/wp-json\/wp\/v2\/posts\/58311","targetHints":{"allow":["GET"]}}],"collection":[{"href":"https:\/\/ppdegalicia.com\/es\/wp-json\/wp\/v2\/posts"}],"about":[{"href":"https:\/\/ppdegalicia.com\/es\/wp-json\/wp\/v2\/types\/post"}],"author":[{"embeddable":true,"href":"https:\/\/ppdegalicia.com\/es\/wp-json\/wp\/v2\/users\/38"}],"replies":[{"embeddable":true,"href":"https:\/\/ppdegalicia.com\/es\/wp-json\/wp\/v2\/comments?post=58311"}],"version-history":[{"count":0,"href":"https:\/\/ppdegalicia.com\/es\/wp-json\/wp\/v2\/posts\/58311\/revisions"}],"wp:featuredmedia":[{"embeddable":true,"href":"https:\/\/ppdegalicia.com\/es\/wp-json\/wp\/v2\/media\/58310"}],"wp:attachment":[{"href":"https:\/\/ppdegalicia.com\/es\/wp-json\/wp\/v2\/media?parent=58311"}],"wp:term":[{"taxonomy":"category","embeddable":true,"href":"https:\/\/ppdegalicia.com\/es\/wp-json\/wp\/v2\/categories?post=58311"},{"taxonomy":"post_tag","embeddable":true,"href":"https:\/\/ppdegalicia.com\/es\/wp-json\/wp\/v2\/tags?post=58311"}],"curies":[{"name":"wp","href":"https:\/\/api.w.org\/{rel}","templated":true}]}}