{"id":58335,"date":"2023-09-17T12:36:39","date_gmt":"2023-09-17T10:36:39","guid":{"rendered":"https:\/\/ppdegalicia.com\/alfonso-rueda-galicia-quere-unha-espana-unida-solidaria-e-igual-na-que-ninguen-sexa-mais-a-costa-de-que-outros-sexamos-menos\/"},"modified":"2023-09-17T12:36:39","modified_gmt":"2023-09-17T10:36:39","slug":"alfonso-rueda-galicia-quere-unha-espana-unida-solidaria-e-igual-na-que-ninguen-sexa-mais-a-costa-de-que-outros-sexamos-menos","status":"publish","type":"post","link":"https:\/\/ppdegalicia.com\/es\/alfonso-rueda-galicia-quere-unha-espana-unida-solidaria-e-igual-na-que-ninguen-sexa-mais-a-costa-de-que-outros-sexamos-menos\/","title":{"rendered":"Alfonso Rueda: \u201cGalicia quere unha Espa\u00f1a unida, solidaria e igual na que ningu\u00e9n sexa m\u00e1is a costa de que outros sexamos menos\u201d"},"content":{"rendered":"<p><img fetchpriority=\"high\" decoding=\"async\" class=\" size-full wp-image-58334\" src=\"https:\/\/ppdegalicia.com\/wp-content\/uploads\/2023\/09\/9b886c5962816d3ff3c0882e604221c4-scaled.jpg\" alt=\"\" width=\"2560\" height=\"1707\" srcset=\"https:\/\/ppdegalicia.com\/wp-content\/uploads\/2023\/09\/9b886c5962816d3ff3c0882e604221c4-scaled.jpg 2560w, https:\/\/ppdegalicia.com\/wp-content\/uploads\/2023\/09\/9b886c5962816d3ff3c0882e604221c4-300x200.jpg 300w, https:\/\/ppdegalicia.com\/wp-content\/uploads\/2023\/09\/9b886c5962816d3ff3c0882e604221c4-1024x683.jpg 1024w, https:\/\/ppdegalicia.com\/wp-content\/uploads\/2023\/09\/9b886c5962816d3ff3c0882e604221c4-768x512.jpg 768w, https:\/\/ppdegalicia.com\/wp-content\/uploads\/2023\/09\/9b886c5962816d3ff3c0882e604221c4-1536x1024.jpg 1536w, https:\/\/ppdegalicia.com\/wp-content\/uploads\/2023\/09\/9b886c5962816d3ff3c0882e604221c4-2048x1366.jpg 2048w\" sizes=\"(max-width: 2560px) 100vw, 2560px\" \/><\/p>\n<p>O presidente do PPdeG, Alfonso Rueda, incidiu en que \u201cos galegos temos claro e non admitimos que o cami\u00f1o do crecemento nunca pasa por crecer a costa dos demais\u201d e remarcou que \u201cGalicia nunca vai permitir, nin tolerar, nin amparar que outros medren a s\u00faa costa\u201d.<\/p>\n<p><!--more--><\/p>\n<p>Nesta li\u00f1a preguntouse \u201cde onde van sa\u00edr os cartos para sufragar a investidura de S\u00e1nchez e para pagar as d\u00e9bedas de quen non soubo administrarse\u201d. E mostrouse categ\u00f3rico: \u201cNon imos tolerar en ning\u00fan caso nin baixo ning\u00fan concepto que nos quiten eses cartos a quen sempre fomos leais, rigorosos e cumpridores\u201d.<\/p>\n<p>Quixo po\u00f1er de manifesto as\u00ed \u201ca postura da inmensa maior\u00eda dos galegos, tanto dos que nos votan como dos que non: Galicia non vai permitir que os Orzamentos Xerais do Estado sexan uns orzamentos feitos para as necesidades de Pedro S\u00e1nchez e para que o PSOE poida conseguir a investidura\u201d.<\/p>\n<p>\u201cO 23 de xullo os galegos falaron alto e claro e votaron sentidi\u00f1o: Galicia quere unha Espa\u00f1a unida, solidaria e igual na que ningu\u00e9n sexa m\u00e1is a costa de que outros sexamos menos\u201d, insistiu.<\/p>\n<p>Amosou tam\u00e9n o seu orgullo de que un galego como Alberto N\u00fa\u00f1ez Feij\u00f3o, que \u201cten claro onde vai chegar porque ten claro de onde v\u00e9n\u201d, estea disposto a presidir o Goberno de Espa\u00f1a \u201ccon coherencia, principios e dignidade\u201d e non \u201ca calquera prezo e de calquera maneira\u201d. Neste sentido asegurou que o l\u00edder nacional do PP \u201cnon \u00e9 s\u00f3 o presidente que precisa o pa\u00eds, sen\u00f3n o presidente necesario e imprescindible para que a pol\u00edtica en Espa\u00f1a recupere a dignidade\u201d.<\/p>\n<p>Salientando as diferenzas entre Feij\u00f3o e Pedro S\u00e1nchez, o l\u00edder dos populares galegos contrapuxo a \u201cquen acata as imposici\u00f3ns dunha minor\u00eda fronte a quen quere escoitar a todos, quen quere gobernar a toda costa fronte a quen quere facelo preservando a dignidade, quen renuncia aos seus principios fronte a quen os defende e quen est\u00e1 disposto a rachar con todo fronte a quen ten claro que a igualdade de todos os espa\u00f1ois \u00e9 o que lle conv\u00e9n a Galicia e a toda Espa\u00f1a\u201d.<\/p>\n<p><strong><u>M\u00c1IS FALAR DE IGUALDADE, DE FUTURO E DO QUE QUERE A XENTE<\/u><\/strong><\/p>\n<p>\u201cQue non conten con n\u00f3s os que pensan que a pol\u00edtica consiste en po\u00f1er os intereses persoais por riba de calquera outra cousa, nin os que din <em>am\u00e9n<\/em> a todo o que ordene Madrid, nin os que crean que todos temos que ser nacionalistas e independentistas s\u00f3 porque eles o son\u201d, remarcou Alfonso Rueda para conclu\u00edr que poden contar co PP todos aqueles que \u201ccren que a pol\u00edtica \u00e9 dignidade e que desde Galicia se pode contribu\u00edr a dignificar a pol\u00edtica espa\u00f1ola\u201d.<\/p>\n<p>O presidente do PPdeG dixo \u201cbasta\u201d de \u201cprometer unha cousa e facer a contraria, de querer rachar cos dereitos e a igualdade de todos os espa\u00f1ois, de lavarlle a cara a partidos que non son de recibo como Bildu, de renderlle honores a un fugado da Xustiza e de negociar d\u00e1ndolle a uns a costa de quitarlle a outros\u201d.<\/p>\n<p>\u201cMenos amnist\u00edas, menos desigualdades, menos falar de <em>pinganillos<\/em> e m\u00e1is falar de igualdade e de futuro, que \u00e9 do que quere falar a xente e o que queremos en Galicia\u201d, remarcou Rueda ao tempo que reivindicaba \u201cunha Galicia cumpridora e responsable, de xente esforzada, aberta, tolerante e seria que ten o mesmo sentidi\u00f1o que representa o PPdeG\u201d.<\/p>\n<p>Alfonso Rueda amosou o seu compromiso a \u201cseguir reclamando o que aos galegos nos corresponde\u201d, recordando alg\u00fans dos moitos incumprimentos do Goberno de Pedro S\u00e1nchez con Galicia, como nos fondos europeos, no traspaso da AP-9, na formaci\u00f3n de m\u00e9dicos de Atenci\u00f3n Primaria, na chegada dos trens Avril de Alta Velocidade, no Corredor Atl\u00e1ntico e no resto de infraestruturas paralizadas.<\/p>\n<p>\u201cAdemais de reclamar estas cousas e de loitar para conseguilas, temos que esixir respecto. Non queremos m\u00e1is que os demais, pero tampouco queremos menos\u201d, conclu\u00edu a este respecto.<\/p>\n<p><strong><u>PODEMOS FACER UN PA\u00cdS MELLOR ENTRE TODOS<\/u><\/strong><\/p>\n<p>Refer\u00edndose \u00e1 oposici\u00f3n, o presidente do PPdeG botoulle en cara ao BNG que \u201cpretendera ter un trato decisivo co seu \u00fanico deputado e non conseguiu nada\u201d e recordou os resultados das elecci\u00f3ns xerais: \u201cO 23 de xullo, entre o independentismo impostado ou o sentidi\u00f1o, e entre o que tanto promet\u00edan e a coherencia, o resultado foi claro: 25 deputados do PPdeG e 1 do BNG\u201d.<\/p>\n<p>Ao PSdeG recordoulle tam\u00e9n que en Pedro S\u00e1nchez te\u00f1en un l\u00edder \u201cao que Galicia imp\u00f3rtalle tan pouco que nin lles deixa elixir a un candidato gobernar a Comunidade\u201d. E lamentou que hoxe, na s\u00faa visita a Oroso, o l\u00edder do PSOE \u201cnon vaia escoitar o que necesita Galicia porque nin os seus llo van dicir nin a el lle interesa escoitalo\u201d.<\/p>\n<p>\u201cCando toque decidir, non van ser alternativa nin os que non poden falar nin de si mesmos nin os do 25 a 1 que est\u00e1n sometidos a un dogmatismo absoluto\u201d, conclu\u00edu.<\/p>\n<p>Alfonso Rueda rematou a s\u00faa intervenci\u00f3n reivindicando Galicia como \u201cunha illa de estabilidade e prosperidade que se dedica a resolver os problemas que lle importan \u00e1 xente\u201d. Unha Galicia que \u201cavanza en paz, pensando que non ten que perder ningu\u00e9n para que outros ga\u00f1en e que podemos facer un pa\u00eds mellor entre todos\u201d.<\/p>\n<p>\u201cNing\u00fan voto nin ning\u00fan goberno valen o que vale a dignidade dun pol\u00edtico. O que vale \u00e9 recordar que quen ga\u00f1ou as elecci\u00f3ns merece gobernar para non po\u00f1er en xogo a igualdade, o benestar e o futuro de Galicia e para que se cumpra a lei desde a lealdade e desde o convencemento de que na solidariedade de todos est\u00e1 a nosa ganancia\u201d, finalizou.<\/p>\n","protected":false},"excerpt":{"rendered":"<p>O presidente do PPdeG, Alfonso Rueda, incidiu en que \u201cos galegos temos claro e non admitimos que o cami\u00f1o do crecemento nunca pasa por crecer a costa dos demais\u201d e remarcou que \u201cGalicia nunca vai permitir, nin tolerar, nin amparar que outros medren a s\u00faa costa\u201d.<\/p>\n","protected":false},"author":38,"featured_media":58334,"comment_status":"open","ping_status":"open","sticky":false,"template":"","format":"standard","meta":{"_acf_changed":false,"footnotes":""},"categories":[1],"tags":[],"class_list":["post-58335","post","type-post","status-publish","format-standard","has-post-thumbnail","hentry","category-pp-de-galicia"],"acf":[],"yoast_head":"<!-- This site is optimized with the Yoast SEO plugin v27.3 - https:\/\/yoast.com\/product\/yoast-seo-wordpress\/ -->\n<title>Alfonso Rueda: \u201cGalicia quere unha Espa\u00f1a unida, solidaria e igual na que ningu\u00e9n sexa m\u00e1is a costa de que outros sexamos menos\u201d - PP de Galicia<\/title>\n<meta name=\"robots\" content=\"index, follow, max-snippet:-1, max-image-preview:large, max-video-preview:-1\" \/>\n<link rel=\"canonical\" href=\"https:\/\/ppdegalicia.com\/es\/alfonso-rueda-galicia-quere-unha-espana-unida-solidaria-e-igual-na-que-ninguen-sexa-mais-a-costa-de-que-outros-sexamos-menos\/\" \/>\n<meta property=\"og:locale\" content=\"es_ES\" \/>\n<meta property=\"og:type\" content=\"article\" \/>\n<meta property=\"og:title\" content=\"Alfonso Rueda: \u201cGalicia quere unha Espa\u00f1a unida, solidaria e igual na que ningu\u00e9n sexa m\u00e1is a costa de que outros sexamos menos\u201d - PP de Galicia\" \/>\n<meta property=\"og:description\" content=\"O presidente do PPdeG, Alfonso Rueda, incidiu en que \u201cos galegos temos claro e non admitimos que o cami\u00f1o do crecemento nunca pasa por crecer a costa dos demais\u201d e remarcou que \u201cGalicia nunca vai permitir, nin tolerar, nin amparar que outros medren a s\u00faa costa\u201d.\" \/>\n<meta property=\"og:url\" content=\"https:\/\/ppdegalicia.com\/es\/alfonso-rueda-galicia-quere-unha-espana-unida-solidaria-e-igual-na-que-ninguen-sexa-mais-a-costa-de-que-outros-sexamos-menos\/\" \/>\n<meta property=\"og:site_name\" content=\"PP de Galicia\" \/>\n<meta property=\"article:publisher\" content=\"https:\/\/www.instagram.com\/ppdegalicia\/\" \/>\n<meta property=\"article:published_time\" content=\"2023-09-17T10:36:39+00:00\" \/>\n<meta property=\"og:image\" content=\"https:\/\/ppdegalicia.com\/wp-content\/uploads\/2023\/09\/9b886c5962816d3ff3c0882e604221c4-scaled.jpg\" \/>\n\t<meta property=\"og:image:width\" content=\"2560\" \/>\n\t<meta property=\"og:image:height\" content=\"1707\" \/>\n\t<meta property=\"og:image:type\" content=\"image\/jpeg\" \/>\n<meta name=\"author\" content=\"ppdegaliciaredes\" \/>\n<meta name=\"twitter:card\" content=\"summary_large_image\" \/>\n<meta name=\"twitter:creator\" content=\"@ppdegalicia\" \/>\n<meta name=\"twitter:site\" content=\"@ppdegalicia\" \/>\n<meta name=\"twitter:label1\" content=\"Escrito por\" \/>\n\t<meta name=\"twitter:data1\" content=\"ppdegaliciaredes\" \/>\n\t<meta name=\"twitter:label2\" content=\"Tiempo de lectura\" \/>\n\t<meta name=\"twitter:data2\" content=\"5 minutos\" \/>\n<script type=\"application\/ld+json\" class=\"yoast-schema-graph\">{\"@context\":\"https:\\\/\\\/schema.org\",\"@graph\":[{\"@type\":\"Article\",\"@id\":\"https:\\\/\\\/ppdegalicia.com\\\/es\\\/alfonso-rueda-galicia-quere-unha-espana-unida-solidaria-e-igual-na-que-ninguen-sexa-mais-a-costa-de-que-outros-sexamos-menos\\\/#article\",\"isPartOf\":{\"@id\":\"https:\\\/\\\/ppdegalicia.com\\\/es\\\/alfonso-rueda-galicia-quere-unha-espana-unida-solidaria-e-igual-na-que-ninguen-sexa-mais-a-costa-de-que-outros-sexamos-menos\\\/\"},\"author\":{\"name\":\"ppdegaliciaredes\",\"@id\":\"https:\\\/\\\/ppdegalicia.com\\\/es\\\/#\\\/schema\\\/person\\\/5b822c6f59e872ebdd1142f307dbcb59\"},\"headline\":\"Alfonso Rueda: \u201cGalicia quere unha Espa\u00f1a unida, solidaria e igual na que ningu\u00e9n sexa m\u00e1is a costa de que outros sexamos menos\u201d\",\"datePublished\":\"2023-09-17T10:36:39+00:00\",\"mainEntityOfPage\":{\"@id\":\"https:\\\/\\\/ppdegalicia.com\\\/es\\\/alfonso-rueda-galicia-quere-unha-espana-unida-solidaria-e-igual-na-que-ninguen-sexa-mais-a-costa-de-que-outros-sexamos-menos\\\/\"},\"wordCount\":1017,\"commentCount\":0,\"publisher\":{\"@id\":\"https:\\\/\\\/ppdegalicia.com\\\/es\\\/#organization\"},\"image\":{\"@id\":\"https:\\\/\\\/ppdegalicia.com\\\/es\\\/alfonso-rueda-galicia-quere-unha-espana-unida-solidaria-e-igual-na-que-ninguen-sexa-mais-a-costa-de-que-outros-sexamos-menos\\\/#primaryimage\"},\"thumbnailUrl\":\"https:\\\/\\\/ppdegalicia.com\\\/wp-content\\\/uploads\\\/2023\\\/09\\\/9b886c5962816d3ff3c0882e604221c4-scaled.jpg\",\"articleSection\":[\"PP de Galicia\"],\"inLanguage\":\"es\",\"potentialAction\":[{\"@type\":\"CommentAction\",\"name\":\"Comment\",\"target\":[\"https:\\\/\\\/ppdegalicia.com\\\/es\\\/alfonso-rueda-galicia-quere-unha-espana-unida-solidaria-e-igual-na-que-ninguen-sexa-mais-a-costa-de-que-outros-sexamos-menos\\\/#respond\"]}]},{\"@type\":\"WebPage\",\"@id\":\"https:\\\/\\\/ppdegalicia.com\\\/es\\\/alfonso-rueda-galicia-quere-unha-espana-unida-solidaria-e-igual-na-que-ninguen-sexa-mais-a-costa-de-que-outros-sexamos-menos\\\/\",\"url\":\"https:\\\/\\\/ppdegalicia.com\\\/es\\\/alfonso-rueda-galicia-quere-unha-espana-unida-solidaria-e-igual-na-que-ninguen-sexa-mais-a-costa-de-que-outros-sexamos-menos\\\/\",\"name\":\"Alfonso Rueda: \u201cGalicia quere unha Espa\u00f1a unida, solidaria e igual na que ningu\u00e9n sexa m\u00e1is a costa de que outros sexamos menos\u201d - PP de Galicia\",\"isPartOf\":{\"@id\":\"https:\\\/\\\/ppdegalicia.com\\\/es\\\/#website\"},\"primaryImageOfPage\":{\"@id\":\"https:\\\/\\\/ppdegalicia.com\\\/es\\\/alfonso-rueda-galicia-quere-unha-espana-unida-solidaria-e-igual-na-que-ninguen-sexa-mais-a-costa-de-que-outros-sexamos-menos\\\/#primaryimage\"},\"image\":{\"@id\":\"https:\\\/\\\/ppdegalicia.com\\\/es\\\/alfonso-rueda-galicia-quere-unha-espana-unida-solidaria-e-igual-na-que-ninguen-sexa-mais-a-costa-de-que-outros-sexamos-menos\\\/#primaryimage\"},\"thumbnailUrl\":\"https:\\\/\\\/ppdegalicia.com\\\/wp-content\\\/uploads\\\/2023\\\/09\\\/9b886c5962816d3ff3c0882e604221c4-scaled.jpg\",\"datePublished\":\"2023-09-17T10:36:39+00:00\",\"breadcrumb\":{\"@id\":\"https:\\\/\\\/ppdegalicia.com\\\/es\\\/alfonso-rueda-galicia-quere-unha-espana-unida-solidaria-e-igual-na-que-ninguen-sexa-mais-a-costa-de-que-outros-sexamos-menos\\\/#breadcrumb\"},\"inLanguage\":\"es\",\"potentialAction\":[{\"@type\":\"ReadAction\",\"target\":[\"https:\\\/\\\/ppdegalicia.com\\\/es\\\/alfonso-rueda-galicia-quere-unha-espana-unida-solidaria-e-igual-na-que-ninguen-sexa-mais-a-costa-de-que-outros-sexamos-menos\\\/\"]}]},{\"@type\":\"ImageObject\",\"inLanguage\":\"es\",\"@id\":\"https:\\\/\\\/ppdegalicia.com\\\/es\\\/alfonso-rueda-galicia-quere-unha-espana-unida-solidaria-e-igual-na-que-ninguen-sexa-mais-a-costa-de-que-outros-sexamos-menos\\\/#primaryimage\",\"url\":\"https:\\\/\\\/ppdegalicia.com\\\/wp-content\\\/uploads\\\/2023\\\/09\\\/9b886c5962816d3ff3c0882e604221c4-scaled.jpg\",\"contentUrl\":\"https:\\\/\\\/ppdegalicia.com\\\/wp-content\\\/uploads\\\/2023\\\/09\\\/9b886c5962816d3ff3c0882e604221c4-scaled.jpg\",\"width\":2560,\"height\":1707},{\"@type\":\"BreadcrumbList\",\"@id\":\"https:\\\/\\\/ppdegalicia.com\\\/es\\\/alfonso-rueda-galicia-quere-unha-espana-unida-solidaria-e-igual-na-que-ninguen-sexa-mais-a-costa-de-que-outros-sexamos-menos\\\/#breadcrumb\",\"itemListElement\":[{\"@type\":\"ListItem\",\"position\":1,\"name\":\"Portada\",\"item\":\"https:\\\/\\\/ppdegalicia.com\\\/es\\\/\"},{\"@type\":\"ListItem\",\"position\":2,\"name\":\"Alfonso Rueda: \u201cGalicia quere unha Espa\u00f1a unida, solidaria e igual na que ningu\u00e9n sexa m\u00e1is a costa de que outros sexamos menos\u201d\"}]},{\"@type\":\"WebSite\",\"@id\":\"https:\\\/\\\/ppdegalicia.com\\\/es\\\/#website\",\"url\":\"https:\\\/\\\/ppdegalicia.com\\\/es\\\/\",\"name\":\"Partido Popular de Galicia\",\"description\":\"Partido Popular de Galicia\",\"publisher\":{\"@id\":\"https:\\\/\\\/ppdegalicia.com\\\/es\\\/#organization\"},\"alternateName\":\"PP de Galicia\",\"potentialAction\":[{\"@type\":\"SearchAction\",\"target\":{\"@type\":\"EntryPoint\",\"urlTemplate\":\"https:\\\/\\\/ppdegalicia.com\\\/es\\\/?s={search_term_string}\"},\"query-input\":{\"@type\":\"PropertyValueSpecification\",\"valueRequired\":true,\"valueName\":\"search_term_string\"}}],\"inLanguage\":\"es\"},{\"@type\":\"Organization\",\"@id\":\"https:\\\/\\\/ppdegalicia.com\\\/es\\\/#organization\",\"name\":\"Partido Popular de Galicia\",\"alternateName\":\"PP de Galicia\",\"url\":\"https:\\\/\\\/ppdegalicia.com\\\/es\\\/\",\"logo\":{\"@type\":\"ImageObject\",\"inLanguage\":\"es\",\"@id\":\"https:\\\/\\\/ppdegalicia.com\\\/es\\\/#\\\/schema\\\/logo\\\/image\\\/\",\"url\":\"https:\\\/\\\/ppdegalicia.com\\\/wp-content\\\/uploads\\\/2023\\\/04\\\/logoPP512.png\",\"contentUrl\":\"https:\\\/\\\/ppdegalicia.com\\\/wp-content\\\/uploads\\\/2023\\\/04\\\/logoPP512.png\",\"width\":512,\"height\":512,\"caption\":\"Partido Popular de Galicia\"},\"image\":{\"@id\":\"https:\\\/\\\/ppdegalicia.com\\\/es\\\/#\\\/schema\\\/logo\\\/image\\\/\"},\"sameAs\":[\"https:\\\/\\\/www.instagram.com\\\/ppdegalicia\\\/\",\"https:\\\/\\\/x.com\\\/ppdegalicia\",\"https:\\\/\\\/www.tiktok.com\\\/@ppdegalicia\",\"https:\\\/\\\/www.youtube.com\\\/user\\\/ppdegalicia\"]},{\"@type\":\"Person\",\"@id\":\"https:\\\/\\\/ppdegalicia.com\\\/es\\\/#\\\/schema\\\/person\\\/5b822c6f59e872ebdd1142f307dbcb59\",\"name\":\"ppdegaliciaredes\",\"image\":{\"@type\":\"ImageObject\",\"inLanguage\":\"es\",\"@id\":\"https:\\\/\\\/secure.gravatar.com\\\/avatar\\\/3c9179cf0256d00c72a48d1f25783c58b6842cd56e85ef3a572881c8e28ccd59?s=96&d=mm&r=g\",\"url\":\"https:\\\/\\\/secure.gravatar.com\\\/avatar\\\/3c9179cf0256d00c72a48d1f25783c58b6842cd56e85ef3a572881c8e28ccd59?s=96&d=mm&r=g\",\"contentUrl\":\"https:\\\/\\\/secure.gravatar.com\\\/avatar\\\/3c9179cf0256d00c72a48d1f25783c58b6842cd56e85ef3a572881c8e28ccd59?s=96&d=mm&r=g\",\"caption\":\"ppdegaliciaredes\"},\"url\":\"https:\\\/\\\/ppdegalicia.com\\\/es\\\/author\\\/ppdegaliciaredes\\\/\"}]}<\/script>\n<!-- \/ Yoast SEO plugin. -->","yoast_head_json":{"title":"Alfonso Rueda: \u201cGalicia quere unha Espa\u00f1a unida, solidaria e igual na que ningu\u00e9n sexa m\u00e1is a costa de que outros sexamos menos\u201d - PP de Galicia","robots":{"index":"index","follow":"follow","max-snippet":"max-snippet:-1","max-image-preview":"max-image-preview:large","max-video-preview":"max-video-preview:-1"},"canonical":"https:\/\/ppdegalicia.com\/es\/alfonso-rueda-galicia-quere-unha-espana-unida-solidaria-e-igual-na-que-ninguen-sexa-mais-a-costa-de-que-outros-sexamos-menos\/","og_locale":"es_ES","og_type":"article","og_title":"Alfonso Rueda: \u201cGalicia quere unha Espa\u00f1a unida, solidaria e igual na que ningu\u00e9n sexa m\u00e1is a costa de que outros sexamos menos\u201d - PP de Galicia","og_description":"O presidente do PPdeG, Alfonso Rueda, incidiu en que \u201cos galegos temos claro e non admitimos que o cami\u00f1o do crecemento nunca pasa por crecer a costa dos demais\u201d e remarcou que \u201cGalicia nunca vai permitir, nin tolerar, nin amparar que outros medren a s\u00faa costa\u201d.","og_url":"https:\/\/ppdegalicia.com\/es\/alfonso-rueda-galicia-quere-unha-espana-unida-solidaria-e-igual-na-que-ninguen-sexa-mais-a-costa-de-que-outros-sexamos-menos\/","og_site_name":"PP de Galicia","article_publisher":"https:\/\/www.instagram.com\/ppdegalicia\/","article_published_time":"2023-09-17T10:36:39+00:00","og_image":[{"width":2560,"height":1707,"url":"https:\/\/ppdegalicia.com\/wp-content\/uploads\/2023\/09\/9b886c5962816d3ff3c0882e604221c4-scaled.jpg","type":"image\/jpeg"}],"author":"ppdegaliciaredes","twitter_card":"summary_large_image","twitter_creator":"@ppdegalicia","twitter_site":"@ppdegalicia","twitter_misc":{"Escrito por":"ppdegaliciaredes","Tiempo de lectura":"5 minutos"},"schema":{"@context":"https:\/\/schema.org","@graph":[{"@type":"Article","@id":"https:\/\/ppdegalicia.com\/es\/alfonso-rueda-galicia-quere-unha-espana-unida-solidaria-e-igual-na-que-ninguen-sexa-mais-a-costa-de-que-outros-sexamos-menos\/#article","isPartOf":{"@id":"https:\/\/ppdegalicia.com\/es\/alfonso-rueda-galicia-quere-unha-espana-unida-solidaria-e-igual-na-que-ninguen-sexa-mais-a-costa-de-que-outros-sexamos-menos\/"},"author":{"name":"ppdegaliciaredes","@id":"https:\/\/ppdegalicia.com\/es\/#\/schema\/person\/5b822c6f59e872ebdd1142f307dbcb59"},"headline":"Alfonso Rueda: \u201cGalicia quere unha Espa\u00f1a unida, solidaria e igual na que ningu\u00e9n sexa m\u00e1is a costa de que outros sexamos menos\u201d","datePublished":"2023-09-17T10:36:39+00:00","mainEntityOfPage":{"@id":"https:\/\/ppdegalicia.com\/es\/alfonso-rueda-galicia-quere-unha-espana-unida-solidaria-e-igual-na-que-ninguen-sexa-mais-a-costa-de-que-outros-sexamos-menos\/"},"wordCount":1017,"commentCount":0,"publisher":{"@id":"https:\/\/ppdegalicia.com\/es\/#organization"},"image":{"@id":"https:\/\/ppdegalicia.com\/es\/alfonso-rueda-galicia-quere-unha-espana-unida-solidaria-e-igual-na-que-ninguen-sexa-mais-a-costa-de-que-outros-sexamos-menos\/#primaryimage"},"thumbnailUrl":"https:\/\/ppdegalicia.com\/wp-content\/uploads\/2023\/09\/9b886c5962816d3ff3c0882e604221c4-scaled.jpg","articleSection":["PP de Galicia"],"inLanguage":"es","potentialAction":[{"@type":"CommentAction","name":"Comment","target":["https:\/\/ppdegalicia.com\/es\/alfonso-rueda-galicia-quere-unha-espana-unida-solidaria-e-igual-na-que-ninguen-sexa-mais-a-costa-de-que-outros-sexamos-menos\/#respond"]}]},{"@type":"WebPage","@id":"https:\/\/ppdegalicia.com\/es\/alfonso-rueda-galicia-quere-unha-espana-unida-solidaria-e-igual-na-que-ninguen-sexa-mais-a-costa-de-que-outros-sexamos-menos\/","url":"https:\/\/ppdegalicia.com\/es\/alfonso-rueda-galicia-quere-unha-espana-unida-solidaria-e-igual-na-que-ninguen-sexa-mais-a-costa-de-que-outros-sexamos-menos\/","name":"Alfonso Rueda: \u201cGalicia quere unha Espa\u00f1a unida, solidaria e igual na que ningu\u00e9n sexa m\u00e1is a costa de que outros sexamos menos\u201d - PP de Galicia","isPartOf":{"@id":"https:\/\/ppdegalicia.com\/es\/#website"},"primaryImageOfPage":{"@id":"https:\/\/ppdegalicia.com\/es\/alfonso-rueda-galicia-quere-unha-espana-unida-solidaria-e-igual-na-que-ninguen-sexa-mais-a-costa-de-que-outros-sexamos-menos\/#primaryimage"},"image":{"@id":"https:\/\/ppdegalicia.com\/es\/alfonso-rueda-galicia-quere-unha-espana-unida-solidaria-e-igual-na-que-ninguen-sexa-mais-a-costa-de-que-outros-sexamos-menos\/#primaryimage"},"thumbnailUrl":"https:\/\/ppdegalicia.com\/wp-content\/uploads\/2023\/09\/9b886c5962816d3ff3c0882e604221c4-scaled.jpg","datePublished":"2023-09-17T10:36:39+00:00","breadcrumb":{"@id":"https:\/\/ppdegalicia.com\/es\/alfonso-rueda-galicia-quere-unha-espana-unida-solidaria-e-igual-na-que-ninguen-sexa-mais-a-costa-de-que-outros-sexamos-menos\/#breadcrumb"},"inLanguage":"es","potentialAction":[{"@type":"ReadAction","target":["https:\/\/ppdegalicia.com\/es\/alfonso-rueda-galicia-quere-unha-espana-unida-solidaria-e-igual-na-que-ninguen-sexa-mais-a-costa-de-que-outros-sexamos-menos\/"]}]},{"@type":"ImageObject","inLanguage":"es","@id":"https:\/\/ppdegalicia.com\/es\/alfonso-rueda-galicia-quere-unha-espana-unida-solidaria-e-igual-na-que-ninguen-sexa-mais-a-costa-de-que-outros-sexamos-menos\/#primaryimage","url":"https:\/\/ppdegalicia.com\/wp-content\/uploads\/2023\/09\/9b886c5962816d3ff3c0882e604221c4-scaled.jpg","contentUrl":"https:\/\/ppdegalicia.com\/wp-content\/uploads\/2023\/09\/9b886c5962816d3ff3c0882e604221c4-scaled.jpg","width":2560,"height":1707},{"@type":"BreadcrumbList","@id":"https:\/\/ppdegalicia.com\/es\/alfonso-rueda-galicia-quere-unha-espana-unida-solidaria-e-igual-na-que-ninguen-sexa-mais-a-costa-de-que-outros-sexamos-menos\/#breadcrumb","itemListElement":[{"@type":"ListItem","position":1,"name":"Portada","item":"https:\/\/ppdegalicia.com\/es\/"},{"@type":"ListItem","position":2,"name":"Alfonso Rueda: \u201cGalicia quere unha Espa\u00f1a unida, solidaria e igual na que ningu\u00e9n sexa m\u00e1is a costa de que outros sexamos menos\u201d"}]},{"@type":"WebSite","@id":"https:\/\/ppdegalicia.com\/es\/#website","url":"https:\/\/ppdegalicia.com\/es\/","name":"Partido Popular de Galicia","description":"Partido Popular de Galicia","publisher":{"@id":"https:\/\/ppdegalicia.com\/es\/#organization"},"alternateName":"PP de Galicia","potentialAction":[{"@type":"SearchAction","target":{"@type":"EntryPoint","urlTemplate":"https:\/\/ppdegalicia.com\/es\/?s={search_term_string}"},"query-input":{"@type":"PropertyValueSpecification","valueRequired":true,"valueName":"search_term_string"}}],"inLanguage":"es"},{"@type":"Organization","@id":"https:\/\/ppdegalicia.com\/es\/#organization","name":"Partido Popular de Galicia","alternateName":"PP de Galicia","url":"https:\/\/ppdegalicia.com\/es\/","logo":{"@type":"ImageObject","inLanguage":"es","@id":"https:\/\/ppdegalicia.com\/es\/#\/schema\/logo\/image\/","url":"https:\/\/ppdegalicia.com\/wp-content\/uploads\/2023\/04\/logoPP512.png","contentUrl":"https:\/\/ppdegalicia.com\/wp-content\/uploads\/2023\/04\/logoPP512.png","width":512,"height":512,"caption":"Partido Popular de Galicia"},"image":{"@id":"https:\/\/ppdegalicia.com\/es\/#\/schema\/logo\/image\/"},"sameAs":["https:\/\/www.instagram.com\/ppdegalicia\/","https:\/\/x.com\/ppdegalicia","https:\/\/www.tiktok.com\/@ppdegalicia","https:\/\/www.youtube.com\/user\/ppdegalicia"]},{"@type":"Person","@id":"https:\/\/ppdegalicia.com\/es\/#\/schema\/person\/5b822c6f59e872ebdd1142f307dbcb59","name":"ppdegaliciaredes","image":{"@type":"ImageObject","inLanguage":"es","@id":"https:\/\/secure.gravatar.com\/avatar\/3c9179cf0256d00c72a48d1f25783c58b6842cd56e85ef3a572881c8e28ccd59?s=96&d=mm&r=g","url":"https:\/\/secure.gravatar.com\/avatar\/3c9179cf0256d00c72a48d1f25783c58b6842cd56e85ef3a572881c8e28ccd59?s=96&d=mm&r=g","contentUrl":"https:\/\/secure.gravatar.com\/avatar\/3c9179cf0256d00c72a48d1f25783c58b6842cd56e85ef3a572881c8e28ccd59?s=96&d=mm&r=g","caption":"ppdegaliciaredes"},"url":"https:\/\/ppdegalicia.com\/es\/author\/ppdegaliciaredes\/"}]}},"_links":{"self":[{"href":"https:\/\/ppdegalicia.com\/es\/wp-json\/wp\/v2\/posts\/58335","targetHints":{"allow":["GET"]}}],"collection":[{"href":"https:\/\/ppdegalicia.com\/es\/wp-json\/wp\/v2\/posts"}],"about":[{"href":"https:\/\/ppdegalicia.com\/es\/wp-json\/wp\/v2\/types\/post"}],"author":[{"embeddable":true,"href":"https:\/\/ppdegalicia.com\/es\/wp-json\/wp\/v2\/users\/38"}],"replies":[{"embeddable":true,"href":"https:\/\/ppdegalicia.com\/es\/wp-json\/wp\/v2\/comments?post=58335"}],"version-history":[{"count":0,"href":"https:\/\/ppdegalicia.com\/es\/wp-json\/wp\/v2\/posts\/58335\/revisions"}],"wp:featuredmedia":[{"embeddable":true,"href":"https:\/\/ppdegalicia.com\/es\/wp-json\/wp\/v2\/media\/58334"}],"wp:attachment":[{"href":"https:\/\/ppdegalicia.com\/es\/wp-json\/wp\/v2\/media?parent=58335"}],"wp:term":[{"taxonomy":"category","embeddable":true,"href":"https:\/\/ppdegalicia.com\/es\/wp-json\/wp\/v2\/categories?post=58335"},{"taxonomy":"post_tag","embeddable":true,"href":"https:\/\/ppdegalicia.com\/es\/wp-json\/wp\/v2\/tags?post=58335"}],"curies":[{"name":"wp","href":"https:\/\/api.w.org\/{rel}","templated":true}]}}