{"id":58343,"date":"2023-09-19T15:45:19","date_gmt":"2023-09-19T13:45:19","guid":{"rendered":"https:\/\/ppdegalicia.com\/o-grupo-popular-demandara-no-pleno-a-inclusion-do-itinerario-noroeste-do-corredor-atlantico-no-organo-xestor-da-rede-europea-de-mercadorias\/"},"modified":"2023-09-19T15:45:19","modified_gmt":"2023-09-19T13:45:19","slug":"o-grupo-popular-demandara-no-pleno-a-inclusion-do-itinerario-noroeste-do-corredor-atlantico-no-organo-xestor-da-rede-europea-de-mercadorias","status":"publish","type":"post","link":"https:\/\/ppdegalicia.com\/es\/o-grupo-popular-demandara-no-pleno-a-inclusion-do-itinerario-noroeste-do-corredor-atlantico-no-organo-xestor-da-rede-europea-de-mercadorias\/","title":{"rendered":"O Grupo Popular demandar\u00e1 no Pleno a inclusi\u00f3n do itinerario noroeste do Corredor Atl\u00e1ntico no \u00f3rgano xestor da rede europea de mercador\u00edas"},"content":{"rendered":"<p><img fetchpriority=\"high\" decoding=\"async\" class=\" size-full wp-image-58342\" src=\"https:\/\/ppdegalicia.com\/wp-content\/uploads\/2023\/09\/310867105bd77816115eb8beca878465.jpg\" alt=\"\" width=\"1900\" height=\"1267\" srcset=\"https:\/\/ppdegalicia.com\/wp-content\/uploads\/2023\/09\/310867105bd77816115eb8beca878465.jpg 1900w, https:\/\/ppdegalicia.com\/wp-content\/uploads\/2023\/09\/310867105bd77816115eb8beca878465-300x200.jpg 300w, https:\/\/ppdegalicia.com\/wp-content\/uploads\/2023\/09\/310867105bd77816115eb8beca878465-1024x683.jpg 1024w, https:\/\/ppdegalicia.com\/wp-content\/uploads\/2023\/09\/310867105bd77816115eb8beca878465-768x512.jpg 768w, https:\/\/ppdegalicia.com\/wp-content\/uploads\/2023\/09\/310867105bd77816115eb8beca878465-1536x1024.jpg 1536w\" sizes=\"(max-width: 1900px) 100vw, 1900px\" \/><\/p>\n<p>19 de setembro de 2023. O Grupo Popular demandar\u00e1 no Pleno do Parlamento galego da vindeira semana que o Goberno de Espa\u00f1a adopte as medidas oportunas ante as autoridades europeas para que o itinerario noroeste do Corredor Atl\u00e1ntico non sexa exclu\u00eddo do \u00f3rgano xestor da futura rede europea de mercador\u00edas. As\u00ed mesmo, insistir\u00e1 ao Goberno central para que aprobe, con car\u00e1cter inmediato, un marco de subministraci\u00f3n el\u00e9ctrica competitiva, estable e predicible para a gran industria consumidora de enerx\u00eda.<\/p>\n<p><!--more--><\/p>\n<p>Ao remate da Xunta de Portavoces, o portavoz popular, Alberto Pazos, informou que a sesi\u00f3n plenaria dar\u00e1 comezo co debate de toma en consideraci\u00f3n da proposici\u00f3n de lei, de iniciativa popular, para a restauraci\u00f3n do texto fidedigno do himno galego e a s\u00faa difusi\u00f3n. \u201cSempre agradecemos este tipo de iniciativas popular\u201d, salientou, para destacar a axilidade na tramitaci\u00f3n deste tipo de propostas no Parlamento galego \u201cgracias \u00e1 reforma da lei que impulsou o Grupo Popular, co voto en contra de toda a oposici\u00f3n\u201d.<\/p>\n<p>\u00a0<\/p>\n<p><strong>CORREDOR ATL\u00c1NTICO E SUBMINISTRO ENERX\u00c9TICO<\/strong><\/p>\n<p>\u00a0<\/p>\n<p>A continuaci\u00f3n, a orde do d\u00eda do Pleno incl\u00fae a comparecencia do conselleiro de Cultura, Educaci\u00f3n, Formaci\u00f3n Profesional e Universidades, a petici\u00f3n propia, para informar do inicio do curso 2023-24 no ensino non universitario de Galicia. Pazos explicou que esta comparecencia \u201cter\u00e1 lugar, como \u00e9 normal, unha vez est\u00e1 o novo curso escolar en funcionamento, e non como ped\u00edan os grupos da oposici\u00f3n hai d\u00faas semanas sen co\u00f1ecer como se produciu a incorporaci\u00f3n dos estudantes \u00e1s aulas\u201d.<\/p>\n<p>\u00a0<\/p>\n<p>Dentro do apartado de proposici\u00f3ns non de lei, o Grupo Popular pedir\u00e1 ao Goberno de Espa\u00f1a que adopte as medidas oportunas diante das autoridades europeas co obxecto de que o itinerario noroeste do Corredor Atl\u00e1ntico, no que figura expresamente Galicia, non sexa exclu\u00eddo do mapa dese\u00f1ado para a posta en marcha do \u00f3rgano xestor da futura rede ferroviaria europea de mercador\u00edas.<\/p>\n<p>\u00a0<\/p>\n<p>O portavoz popular lembrou que se trata \u201cdun tema sobre o que xa temos amosado a nosa preocupaci\u00f3n e pediu ao Goberno de Pedro S\u00e1nchez que \u201cacabe co ninguneo de Galicia\u201d. As\u00ed, demandoulle \u201ciniciativa para corrixir esa ausencia do itinerario noroeste do Corredor Atl\u00e1ntico\u201d e criticou que o comisionado estea a \u201cevitar calquera reuni\u00f3n co Goberno galego para abordar a situaci\u00f3n do Corredor Atl\u00e1ntico\u201d.<\/p>\n<p>\u00a0<\/p>\n<p>Unha segunda proposici\u00f3n non de lei do Grupo Popular ten como obxectivo incistir na necesidade de que o Goberno central aprobe, con car\u00e1cter inmediato, un marco de subministraci\u00f3n el\u00e9ctrica competitiva, estable e predicible para a gran industria consumidora de enerx\u00eda el\u00e9ctrica.<\/p>\n<p>\u00a0<\/p>\n<p><strong>PROMESAS SEN CUMPRIRSE<\/strong><\/p>\n<p>\u00a0<\/p>\n<p>\u201cXa pasou m\u00e1is dunha campa\u00f1a electoral desde que se prometera por parte do Goberno do Estado solucionar este problema\u201d de subministro de enerx\u00edas \u00e1s empresas electrointensivas, pero \u201cpasan os anos e esas promesas seguen sen cumprirse\u201d, manifestou Alberto Pazos, quen lembrou que \u201cGalicia precisa de ferramentas para que a s\u00faa industria traballe en igualdade de condici\u00f3ns que as s\u00faas competidoras europeas\u201d.<\/p>\n<p>\u00a0<\/p>\n<p>Por \u00faltimo, e dentro do apartado de preguntas ao Goberno galego, o Grupo Popular interesarase polas medidas adoptadas para controlar as poboaci\u00f3ns de xabaril en zonas urbanas e periurbanas; sobre a non rebaixa do IVE nos produtos do mar, que est\u00e1 a impactar negativamente no seu consumo; e sobre a informaci\u00f3n actualizada que existe respecto dos prazos para a entrada en funcionamento dos trens Avril. <\/p>\n","protected":false},"excerpt":{"rendered":"<p>19 de setembro de 2023. O Grupo Popular demandar\u00e1 no Pleno do Parlamento galego da vindeira semana que o Goberno de Espa\u00f1a adopte as medidas oportunas ante as autoridades europeas para que o itinerario noroeste do Corredor Atl\u00e1ntico non sexa exclu\u00eddo do \u00f3rgano xestor da futura rede europea de mercador\u00edas. As\u00ed mesmo, insistir\u00e1 ao Goberno [&hellip;]<\/p>\n","protected":false},"author":38,"featured_media":58342,"comment_status":"open","ping_status":"open","sticky":false,"template":"","format":"standard","meta":{"_acf_changed":false,"footnotes":""},"categories":[1],"tags":[],"class_list":["post-58343","post","type-post","status-publish","format-standard","has-post-thumbnail","hentry","category-pp-de-galicia"],"acf":[],"yoast_head":"<!-- This site is optimized with the Yoast SEO plugin v27.3 - https:\/\/yoast.com\/product\/yoast-seo-wordpress\/ -->\n<title>O Grupo Popular demandar\u00e1 no Pleno a inclusi\u00f3n do itinerario noroeste do Corredor Atl\u00e1ntico no \u00f3rgano xestor da rede europea de mercador\u00edas - PP de Galicia<\/title>\n<meta name=\"robots\" content=\"index, follow, max-snippet:-1, max-image-preview:large, max-video-preview:-1\" \/>\n<link rel=\"canonical\" href=\"https:\/\/ppdegalicia.com\/es\/o-grupo-popular-demandara-no-pleno-a-inclusion-do-itinerario-noroeste-do-corredor-atlantico-no-organo-xestor-da-rede-europea-de-mercadorias\/\" \/>\n<meta property=\"og:locale\" content=\"es_ES\" \/>\n<meta property=\"og:type\" content=\"article\" \/>\n<meta property=\"og:title\" content=\"O Grupo Popular demandar\u00e1 no Pleno a inclusi\u00f3n do itinerario noroeste do Corredor Atl\u00e1ntico no \u00f3rgano xestor da rede europea de mercador\u00edas - PP de Galicia\" \/>\n<meta property=\"og:description\" content=\"19 de setembro de 2023. O Grupo Popular demandar\u00e1 no Pleno do Parlamento galego da vindeira semana que o Goberno de Espa\u00f1a adopte as medidas oportunas ante as autoridades europeas para que o itinerario noroeste do Corredor Atl\u00e1ntico non sexa exclu\u00eddo do \u00f3rgano xestor da futura rede europea de mercador\u00edas. As\u00ed mesmo, insistir\u00e1 ao Goberno [&hellip;]\" \/>\n<meta property=\"og:url\" content=\"https:\/\/ppdegalicia.com\/es\/o-grupo-popular-demandara-no-pleno-a-inclusion-do-itinerario-noroeste-do-corredor-atlantico-no-organo-xestor-da-rede-europea-de-mercadorias\/\" \/>\n<meta property=\"og:site_name\" content=\"PP de Galicia\" \/>\n<meta property=\"article:publisher\" content=\"https:\/\/www.instagram.com\/ppdegalicia\/\" \/>\n<meta property=\"article:published_time\" content=\"2023-09-19T13:45:19+00:00\" \/>\n<meta property=\"og:image\" content=\"https:\/\/ppdegalicia.com\/wp-content\/uploads\/2023\/09\/310867105bd77816115eb8beca878465.jpg\" \/>\n\t<meta property=\"og:image:width\" content=\"1900\" \/>\n\t<meta property=\"og:image:height\" content=\"1267\" \/>\n\t<meta property=\"og:image:type\" content=\"image\/jpeg\" \/>\n<meta name=\"author\" content=\"ppdegaliciaredes\" \/>\n<meta name=\"twitter:card\" content=\"summary_large_image\" \/>\n<meta name=\"twitter:creator\" content=\"@ppdegalicia\" \/>\n<meta name=\"twitter:site\" content=\"@ppdegalicia\" \/>\n<meta name=\"twitter:label1\" content=\"Escrito por\" \/>\n\t<meta name=\"twitter:data1\" content=\"ppdegaliciaredes\" \/>\n\t<meta name=\"twitter:label2\" content=\"Tiempo de lectura\" \/>\n\t<meta name=\"twitter:data2\" content=\"3 minutos\" \/>\n<script type=\"application\/ld+json\" class=\"yoast-schema-graph\">{\"@context\":\"https:\\\/\\\/schema.org\",\"@graph\":[{\"@type\":\"Article\",\"@id\":\"https:\\\/\\\/ppdegalicia.com\\\/es\\\/o-grupo-popular-demandara-no-pleno-a-inclusion-do-itinerario-noroeste-do-corredor-atlantico-no-organo-xestor-da-rede-europea-de-mercadorias\\\/#article\",\"isPartOf\":{\"@id\":\"https:\\\/\\\/ppdegalicia.com\\\/es\\\/o-grupo-popular-demandara-no-pleno-a-inclusion-do-itinerario-noroeste-do-corredor-atlantico-no-organo-xestor-da-rede-europea-de-mercadorias\\\/\"},\"author\":{\"name\":\"ppdegaliciaredes\",\"@id\":\"https:\\\/\\\/ppdegalicia.com\\\/es\\\/#\\\/schema\\\/person\\\/5b822c6f59e872ebdd1142f307dbcb59\"},\"headline\":\"O Grupo Popular demandar\u00e1 no Pleno a inclusi\u00f3n do itinerario noroeste do Corredor Atl\u00e1ntico no \u00f3rgano xestor da rede europea de mercador\u00edas\",\"datePublished\":\"2023-09-19T13:45:19+00:00\",\"mainEntityOfPage\":{\"@id\":\"https:\\\/\\\/ppdegalicia.com\\\/es\\\/o-grupo-popular-demandara-no-pleno-a-inclusion-do-itinerario-noroeste-do-corredor-atlantico-no-organo-xestor-da-rede-europea-de-mercadorias\\\/\"},\"wordCount\":614,\"commentCount\":0,\"publisher\":{\"@id\":\"https:\\\/\\\/ppdegalicia.com\\\/es\\\/#organization\"},\"image\":{\"@id\":\"https:\\\/\\\/ppdegalicia.com\\\/es\\\/o-grupo-popular-demandara-no-pleno-a-inclusion-do-itinerario-noroeste-do-corredor-atlantico-no-organo-xestor-da-rede-europea-de-mercadorias\\\/#primaryimage\"},\"thumbnailUrl\":\"https:\\\/\\\/ppdegalicia.com\\\/wp-content\\\/uploads\\\/2023\\\/09\\\/310867105bd77816115eb8beca878465.jpg\",\"articleSection\":[\"PP de Galicia\"],\"inLanguage\":\"es\",\"potentialAction\":[{\"@type\":\"CommentAction\",\"name\":\"Comment\",\"target\":[\"https:\\\/\\\/ppdegalicia.com\\\/es\\\/o-grupo-popular-demandara-no-pleno-a-inclusion-do-itinerario-noroeste-do-corredor-atlantico-no-organo-xestor-da-rede-europea-de-mercadorias\\\/#respond\"]}]},{\"@type\":\"WebPage\",\"@id\":\"https:\\\/\\\/ppdegalicia.com\\\/es\\\/o-grupo-popular-demandara-no-pleno-a-inclusion-do-itinerario-noroeste-do-corredor-atlantico-no-organo-xestor-da-rede-europea-de-mercadorias\\\/\",\"url\":\"https:\\\/\\\/ppdegalicia.com\\\/es\\\/o-grupo-popular-demandara-no-pleno-a-inclusion-do-itinerario-noroeste-do-corredor-atlantico-no-organo-xestor-da-rede-europea-de-mercadorias\\\/\",\"name\":\"O Grupo Popular demandar\u00e1 no Pleno a inclusi\u00f3n do itinerario noroeste do Corredor Atl\u00e1ntico no \u00f3rgano xestor da rede europea de mercador\u00edas - PP de Galicia\",\"isPartOf\":{\"@id\":\"https:\\\/\\\/ppdegalicia.com\\\/es\\\/#website\"},\"primaryImageOfPage\":{\"@id\":\"https:\\\/\\\/ppdegalicia.com\\\/es\\\/o-grupo-popular-demandara-no-pleno-a-inclusion-do-itinerario-noroeste-do-corredor-atlantico-no-organo-xestor-da-rede-europea-de-mercadorias\\\/#primaryimage\"},\"image\":{\"@id\":\"https:\\\/\\\/ppdegalicia.com\\\/es\\\/o-grupo-popular-demandara-no-pleno-a-inclusion-do-itinerario-noroeste-do-corredor-atlantico-no-organo-xestor-da-rede-europea-de-mercadorias\\\/#primaryimage\"},\"thumbnailUrl\":\"https:\\\/\\\/ppdegalicia.com\\\/wp-content\\\/uploads\\\/2023\\\/09\\\/310867105bd77816115eb8beca878465.jpg\",\"datePublished\":\"2023-09-19T13:45:19+00:00\",\"breadcrumb\":{\"@id\":\"https:\\\/\\\/ppdegalicia.com\\\/es\\\/o-grupo-popular-demandara-no-pleno-a-inclusion-do-itinerario-noroeste-do-corredor-atlantico-no-organo-xestor-da-rede-europea-de-mercadorias\\\/#breadcrumb\"},\"inLanguage\":\"es\",\"potentialAction\":[{\"@type\":\"ReadAction\",\"target\":[\"https:\\\/\\\/ppdegalicia.com\\\/es\\\/o-grupo-popular-demandara-no-pleno-a-inclusion-do-itinerario-noroeste-do-corredor-atlantico-no-organo-xestor-da-rede-europea-de-mercadorias\\\/\"]}]},{\"@type\":\"ImageObject\",\"inLanguage\":\"es\",\"@id\":\"https:\\\/\\\/ppdegalicia.com\\\/es\\\/o-grupo-popular-demandara-no-pleno-a-inclusion-do-itinerario-noroeste-do-corredor-atlantico-no-organo-xestor-da-rede-europea-de-mercadorias\\\/#primaryimage\",\"url\":\"https:\\\/\\\/ppdegalicia.com\\\/wp-content\\\/uploads\\\/2023\\\/09\\\/310867105bd77816115eb8beca878465.jpg\",\"contentUrl\":\"https:\\\/\\\/ppdegalicia.com\\\/wp-content\\\/uploads\\\/2023\\\/09\\\/310867105bd77816115eb8beca878465.jpg\",\"width\":1900,\"height\":1267},{\"@type\":\"BreadcrumbList\",\"@id\":\"https:\\\/\\\/ppdegalicia.com\\\/es\\\/o-grupo-popular-demandara-no-pleno-a-inclusion-do-itinerario-noroeste-do-corredor-atlantico-no-organo-xestor-da-rede-europea-de-mercadorias\\\/#breadcrumb\",\"itemListElement\":[{\"@type\":\"ListItem\",\"position\":1,\"name\":\"Portada\",\"item\":\"https:\\\/\\\/ppdegalicia.com\\\/es\\\/\"},{\"@type\":\"ListItem\",\"position\":2,\"name\":\"O Grupo Popular demandar\u00e1 no Pleno a inclusi\u00f3n do itinerario noroeste do Corredor Atl\u00e1ntico no \u00f3rgano xestor da rede europea de mercador\u00edas\"}]},{\"@type\":\"WebSite\",\"@id\":\"https:\\\/\\\/ppdegalicia.com\\\/es\\\/#website\",\"url\":\"https:\\\/\\\/ppdegalicia.com\\\/es\\\/\",\"name\":\"Partido Popular de Galicia\",\"description\":\"Partido Popular de Galicia\",\"publisher\":{\"@id\":\"https:\\\/\\\/ppdegalicia.com\\\/es\\\/#organization\"},\"alternateName\":\"PP de Galicia\",\"potentialAction\":[{\"@type\":\"SearchAction\",\"target\":{\"@type\":\"EntryPoint\",\"urlTemplate\":\"https:\\\/\\\/ppdegalicia.com\\\/es\\\/?s={search_term_string}\"},\"query-input\":{\"@type\":\"PropertyValueSpecification\",\"valueRequired\":true,\"valueName\":\"search_term_string\"}}],\"inLanguage\":\"es\"},{\"@type\":\"Organization\",\"@id\":\"https:\\\/\\\/ppdegalicia.com\\\/es\\\/#organization\",\"name\":\"Partido Popular de Galicia\",\"alternateName\":\"PP de Galicia\",\"url\":\"https:\\\/\\\/ppdegalicia.com\\\/es\\\/\",\"logo\":{\"@type\":\"ImageObject\",\"inLanguage\":\"es\",\"@id\":\"https:\\\/\\\/ppdegalicia.com\\\/es\\\/#\\\/schema\\\/logo\\\/image\\\/\",\"url\":\"https:\\\/\\\/ppdegalicia.com\\\/wp-content\\\/uploads\\\/2023\\\/04\\\/logoPP512.png\",\"contentUrl\":\"https:\\\/\\\/ppdegalicia.com\\\/wp-content\\\/uploads\\\/2023\\\/04\\\/logoPP512.png\",\"width\":512,\"height\":512,\"caption\":\"Partido Popular de Galicia\"},\"image\":{\"@id\":\"https:\\\/\\\/ppdegalicia.com\\\/es\\\/#\\\/schema\\\/logo\\\/image\\\/\"},\"sameAs\":[\"https:\\\/\\\/www.instagram.com\\\/ppdegalicia\\\/\",\"https:\\\/\\\/x.com\\\/ppdegalicia\",\"https:\\\/\\\/www.tiktok.com\\\/@ppdegalicia\",\"https:\\\/\\\/www.youtube.com\\\/user\\\/ppdegalicia\"]},{\"@type\":\"Person\",\"@id\":\"https:\\\/\\\/ppdegalicia.com\\\/es\\\/#\\\/schema\\\/person\\\/5b822c6f59e872ebdd1142f307dbcb59\",\"name\":\"ppdegaliciaredes\",\"image\":{\"@type\":\"ImageObject\",\"inLanguage\":\"es\",\"@id\":\"https:\\\/\\\/secure.gravatar.com\\\/avatar\\\/3c9179cf0256d00c72a48d1f25783c58b6842cd56e85ef3a572881c8e28ccd59?s=96&d=mm&r=g\",\"url\":\"https:\\\/\\\/secure.gravatar.com\\\/avatar\\\/3c9179cf0256d00c72a48d1f25783c58b6842cd56e85ef3a572881c8e28ccd59?s=96&d=mm&r=g\",\"contentUrl\":\"https:\\\/\\\/secure.gravatar.com\\\/avatar\\\/3c9179cf0256d00c72a48d1f25783c58b6842cd56e85ef3a572881c8e28ccd59?s=96&d=mm&r=g\",\"caption\":\"ppdegaliciaredes\"},\"url\":\"https:\\\/\\\/ppdegalicia.com\\\/es\\\/author\\\/ppdegaliciaredes\\\/\"}]}<\/script>\n<!-- \/ Yoast SEO plugin. -->","yoast_head_json":{"title":"O Grupo Popular demandar\u00e1 no Pleno a inclusi\u00f3n do itinerario noroeste do Corredor Atl\u00e1ntico no \u00f3rgano xestor da rede europea de mercador\u00edas - PP de Galicia","robots":{"index":"index","follow":"follow","max-snippet":"max-snippet:-1","max-image-preview":"max-image-preview:large","max-video-preview":"max-video-preview:-1"},"canonical":"https:\/\/ppdegalicia.com\/es\/o-grupo-popular-demandara-no-pleno-a-inclusion-do-itinerario-noroeste-do-corredor-atlantico-no-organo-xestor-da-rede-europea-de-mercadorias\/","og_locale":"es_ES","og_type":"article","og_title":"O Grupo Popular demandar\u00e1 no Pleno a inclusi\u00f3n do itinerario noroeste do Corredor Atl\u00e1ntico no \u00f3rgano xestor da rede europea de mercador\u00edas - PP de Galicia","og_description":"19 de setembro de 2023. O Grupo Popular demandar\u00e1 no Pleno do Parlamento galego da vindeira semana que o Goberno de Espa\u00f1a adopte as medidas oportunas ante as autoridades europeas para que o itinerario noroeste do Corredor Atl\u00e1ntico non sexa exclu\u00eddo do \u00f3rgano xestor da futura rede europea de mercador\u00edas. As\u00ed mesmo, insistir\u00e1 ao Goberno [&hellip;]","og_url":"https:\/\/ppdegalicia.com\/es\/o-grupo-popular-demandara-no-pleno-a-inclusion-do-itinerario-noroeste-do-corredor-atlantico-no-organo-xestor-da-rede-europea-de-mercadorias\/","og_site_name":"PP de Galicia","article_publisher":"https:\/\/www.instagram.com\/ppdegalicia\/","article_published_time":"2023-09-19T13:45:19+00:00","og_image":[{"width":1900,"height":1267,"url":"https:\/\/ppdegalicia.com\/wp-content\/uploads\/2023\/09\/310867105bd77816115eb8beca878465.jpg","type":"image\/jpeg"}],"author":"ppdegaliciaredes","twitter_card":"summary_large_image","twitter_creator":"@ppdegalicia","twitter_site":"@ppdegalicia","twitter_misc":{"Escrito por":"ppdegaliciaredes","Tiempo de lectura":"3 minutos"},"schema":{"@context":"https:\/\/schema.org","@graph":[{"@type":"Article","@id":"https:\/\/ppdegalicia.com\/es\/o-grupo-popular-demandara-no-pleno-a-inclusion-do-itinerario-noroeste-do-corredor-atlantico-no-organo-xestor-da-rede-europea-de-mercadorias\/#article","isPartOf":{"@id":"https:\/\/ppdegalicia.com\/es\/o-grupo-popular-demandara-no-pleno-a-inclusion-do-itinerario-noroeste-do-corredor-atlantico-no-organo-xestor-da-rede-europea-de-mercadorias\/"},"author":{"name":"ppdegaliciaredes","@id":"https:\/\/ppdegalicia.com\/es\/#\/schema\/person\/5b822c6f59e872ebdd1142f307dbcb59"},"headline":"O Grupo Popular demandar\u00e1 no Pleno a inclusi\u00f3n do itinerario noroeste do Corredor Atl\u00e1ntico no \u00f3rgano xestor da rede europea de mercador\u00edas","datePublished":"2023-09-19T13:45:19+00:00","mainEntityOfPage":{"@id":"https:\/\/ppdegalicia.com\/es\/o-grupo-popular-demandara-no-pleno-a-inclusion-do-itinerario-noroeste-do-corredor-atlantico-no-organo-xestor-da-rede-europea-de-mercadorias\/"},"wordCount":614,"commentCount":0,"publisher":{"@id":"https:\/\/ppdegalicia.com\/es\/#organization"},"image":{"@id":"https:\/\/ppdegalicia.com\/es\/o-grupo-popular-demandara-no-pleno-a-inclusion-do-itinerario-noroeste-do-corredor-atlantico-no-organo-xestor-da-rede-europea-de-mercadorias\/#primaryimage"},"thumbnailUrl":"https:\/\/ppdegalicia.com\/wp-content\/uploads\/2023\/09\/310867105bd77816115eb8beca878465.jpg","articleSection":["PP de Galicia"],"inLanguage":"es","potentialAction":[{"@type":"CommentAction","name":"Comment","target":["https:\/\/ppdegalicia.com\/es\/o-grupo-popular-demandara-no-pleno-a-inclusion-do-itinerario-noroeste-do-corredor-atlantico-no-organo-xestor-da-rede-europea-de-mercadorias\/#respond"]}]},{"@type":"WebPage","@id":"https:\/\/ppdegalicia.com\/es\/o-grupo-popular-demandara-no-pleno-a-inclusion-do-itinerario-noroeste-do-corredor-atlantico-no-organo-xestor-da-rede-europea-de-mercadorias\/","url":"https:\/\/ppdegalicia.com\/es\/o-grupo-popular-demandara-no-pleno-a-inclusion-do-itinerario-noroeste-do-corredor-atlantico-no-organo-xestor-da-rede-europea-de-mercadorias\/","name":"O Grupo Popular demandar\u00e1 no Pleno a inclusi\u00f3n do itinerario noroeste do Corredor Atl\u00e1ntico no \u00f3rgano xestor da rede europea de mercador\u00edas - PP de Galicia","isPartOf":{"@id":"https:\/\/ppdegalicia.com\/es\/#website"},"primaryImageOfPage":{"@id":"https:\/\/ppdegalicia.com\/es\/o-grupo-popular-demandara-no-pleno-a-inclusion-do-itinerario-noroeste-do-corredor-atlantico-no-organo-xestor-da-rede-europea-de-mercadorias\/#primaryimage"},"image":{"@id":"https:\/\/ppdegalicia.com\/es\/o-grupo-popular-demandara-no-pleno-a-inclusion-do-itinerario-noroeste-do-corredor-atlantico-no-organo-xestor-da-rede-europea-de-mercadorias\/#primaryimage"},"thumbnailUrl":"https:\/\/ppdegalicia.com\/wp-content\/uploads\/2023\/09\/310867105bd77816115eb8beca878465.jpg","datePublished":"2023-09-19T13:45:19+00:00","breadcrumb":{"@id":"https:\/\/ppdegalicia.com\/es\/o-grupo-popular-demandara-no-pleno-a-inclusion-do-itinerario-noroeste-do-corredor-atlantico-no-organo-xestor-da-rede-europea-de-mercadorias\/#breadcrumb"},"inLanguage":"es","potentialAction":[{"@type":"ReadAction","target":["https:\/\/ppdegalicia.com\/es\/o-grupo-popular-demandara-no-pleno-a-inclusion-do-itinerario-noroeste-do-corredor-atlantico-no-organo-xestor-da-rede-europea-de-mercadorias\/"]}]},{"@type":"ImageObject","inLanguage":"es","@id":"https:\/\/ppdegalicia.com\/es\/o-grupo-popular-demandara-no-pleno-a-inclusion-do-itinerario-noroeste-do-corredor-atlantico-no-organo-xestor-da-rede-europea-de-mercadorias\/#primaryimage","url":"https:\/\/ppdegalicia.com\/wp-content\/uploads\/2023\/09\/310867105bd77816115eb8beca878465.jpg","contentUrl":"https:\/\/ppdegalicia.com\/wp-content\/uploads\/2023\/09\/310867105bd77816115eb8beca878465.jpg","width":1900,"height":1267},{"@type":"BreadcrumbList","@id":"https:\/\/ppdegalicia.com\/es\/o-grupo-popular-demandara-no-pleno-a-inclusion-do-itinerario-noroeste-do-corredor-atlantico-no-organo-xestor-da-rede-europea-de-mercadorias\/#breadcrumb","itemListElement":[{"@type":"ListItem","position":1,"name":"Portada","item":"https:\/\/ppdegalicia.com\/es\/"},{"@type":"ListItem","position":2,"name":"O Grupo Popular demandar\u00e1 no Pleno a inclusi\u00f3n do itinerario noroeste do Corredor Atl\u00e1ntico no \u00f3rgano xestor da rede europea de mercador\u00edas"}]},{"@type":"WebSite","@id":"https:\/\/ppdegalicia.com\/es\/#website","url":"https:\/\/ppdegalicia.com\/es\/","name":"Partido Popular de Galicia","description":"Partido Popular de Galicia","publisher":{"@id":"https:\/\/ppdegalicia.com\/es\/#organization"},"alternateName":"PP de Galicia","potentialAction":[{"@type":"SearchAction","target":{"@type":"EntryPoint","urlTemplate":"https:\/\/ppdegalicia.com\/es\/?s={search_term_string}"},"query-input":{"@type":"PropertyValueSpecification","valueRequired":true,"valueName":"search_term_string"}}],"inLanguage":"es"},{"@type":"Organization","@id":"https:\/\/ppdegalicia.com\/es\/#organization","name":"Partido Popular de Galicia","alternateName":"PP de Galicia","url":"https:\/\/ppdegalicia.com\/es\/","logo":{"@type":"ImageObject","inLanguage":"es","@id":"https:\/\/ppdegalicia.com\/es\/#\/schema\/logo\/image\/","url":"https:\/\/ppdegalicia.com\/wp-content\/uploads\/2023\/04\/logoPP512.png","contentUrl":"https:\/\/ppdegalicia.com\/wp-content\/uploads\/2023\/04\/logoPP512.png","width":512,"height":512,"caption":"Partido Popular de Galicia"},"image":{"@id":"https:\/\/ppdegalicia.com\/es\/#\/schema\/logo\/image\/"},"sameAs":["https:\/\/www.instagram.com\/ppdegalicia\/","https:\/\/x.com\/ppdegalicia","https:\/\/www.tiktok.com\/@ppdegalicia","https:\/\/www.youtube.com\/user\/ppdegalicia"]},{"@type":"Person","@id":"https:\/\/ppdegalicia.com\/es\/#\/schema\/person\/5b822c6f59e872ebdd1142f307dbcb59","name":"ppdegaliciaredes","image":{"@type":"ImageObject","inLanguage":"es","@id":"https:\/\/secure.gravatar.com\/avatar\/3c9179cf0256d00c72a48d1f25783c58b6842cd56e85ef3a572881c8e28ccd59?s=96&d=mm&r=g","url":"https:\/\/secure.gravatar.com\/avatar\/3c9179cf0256d00c72a48d1f25783c58b6842cd56e85ef3a572881c8e28ccd59?s=96&d=mm&r=g","contentUrl":"https:\/\/secure.gravatar.com\/avatar\/3c9179cf0256d00c72a48d1f25783c58b6842cd56e85ef3a572881c8e28ccd59?s=96&d=mm&r=g","caption":"ppdegaliciaredes"},"url":"https:\/\/ppdegalicia.com\/es\/author\/ppdegaliciaredes\/"}]}},"_links":{"self":[{"href":"https:\/\/ppdegalicia.com\/es\/wp-json\/wp\/v2\/posts\/58343","targetHints":{"allow":["GET"]}}],"collection":[{"href":"https:\/\/ppdegalicia.com\/es\/wp-json\/wp\/v2\/posts"}],"about":[{"href":"https:\/\/ppdegalicia.com\/es\/wp-json\/wp\/v2\/types\/post"}],"author":[{"embeddable":true,"href":"https:\/\/ppdegalicia.com\/es\/wp-json\/wp\/v2\/users\/38"}],"replies":[{"embeddable":true,"href":"https:\/\/ppdegalicia.com\/es\/wp-json\/wp\/v2\/comments?post=58343"}],"version-history":[{"count":0,"href":"https:\/\/ppdegalicia.com\/es\/wp-json\/wp\/v2\/posts\/58343\/revisions"}],"wp:featuredmedia":[{"embeddable":true,"href":"https:\/\/ppdegalicia.com\/es\/wp-json\/wp\/v2\/media\/58342"}],"wp:attachment":[{"href":"https:\/\/ppdegalicia.com\/es\/wp-json\/wp\/v2\/media?parent=58343"}],"wp:term":[{"taxonomy":"category","embeddable":true,"href":"https:\/\/ppdegalicia.com\/es\/wp-json\/wp\/v2\/categories?post=58343"},{"taxonomy":"post_tag","embeddable":true,"href":"https:\/\/ppdegalicia.com\/es\/wp-json\/wp\/v2\/tags?post=58343"}],"curies":[{"name":"wp","href":"https:\/\/api.w.org\/{rel}","templated":true}]}}