{"id":58345,"date":"2023-09-19T16:29:53","date_gmt":"2023-09-19T14:29:53","guid":{"rendered":"https:\/\/ppdegalicia.com\/o-parlamento-galego-solicita-continuar-impulsando-iniciativas-para-incentivar-o-consumo-de-produtos-do-mar\/"},"modified":"2023-09-19T16:29:53","modified_gmt":"2023-09-19T14:29:53","slug":"o-parlamento-galego-solicita-continuar-impulsando-iniciativas-para-incentivar-o-consumo-de-produtos-do-mar","status":"publish","type":"post","link":"https:\/\/ppdegalicia.com\/es\/o-parlamento-galego-solicita-continuar-impulsando-iniciativas-para-incentivar-o-consumo-de-produtos-do-mar\/","title":{"rendered":"O Parlamento galego solicita continuar impulsando iniciativas para incentivar o consumo de produtos do mar"},"content":{"rendered":"<p><img fetchpriority=\"high\" decoding=\"async\" class=\" size-full wp-image-58344\" src=\"https:\/\/ppdegalicia.com\/wp-content\/uploads\/2023\/09\/593de9d58a8224f751402aebf298c2b8.jpg\" alt=\"\" width=\"1900\" height=\"1267\" srcset=\"https:\/\/ppdegalicia.com\/wp-content\/uploads\/2023\/09\/593de9d58a8224f751402aebf298c2b8.jpg 1900w, https:\/\/ppdegalicia.com\/wp-content\/uploads\/2023\/09\/593de9d58a8224f751402aebf298c2b8-300x200.jpg 300w, https:\/\/ppdegalicia.com\/wp-content\/uploads\/2023\/09\/593de9d58a8224f751402aebf298c2b8-1024x683.jpg 1024w, https:\/\/ppdegalicia.com\/wp-content\/uploads\/2023\/09\/593de9d58a8224f751402aebf298c2b8-768x512.jpg 768w, https:\/\/ppdegalicia.com\/wp-content\/uploads\/2023\/09\/593de9d58a8224f751402aebf298c2b8-1536x1024.jpg 1536w\" sizes=\"(max-width: 1900px) 100vw, 1900px\" \/><\/p>\n<p>19 de setembro de 2023. O Parlamento de Galicia aprobou hoxe por unanimidade a proposici\u00f3n non de lei do Grupo Popular a trav\u00e9s da que insta \u00e1 Xunta a continuar impulsando iniciativas dirixidas a incentivar o consumo de produtos do mar, ben a trav\u00e9s de campa\u00f1as de promoci\u00f3n dirixidas a todos os segmentos da poboaci\u00f3n ou con axudas \u00e1 cadea mar-industria, nomeadamente un PERTE espec\u00edfico para facilitar a adaptaci\u00f3n dos produtos \u00e1s demandas da cidadan\u00eda e \u00e1s novas necesidades do mercado.<\/p>\n<p><!--more--><\/p>\n<p>Por \u00faltimo, tam\u00e9n se pide ao Goberno central que rectifique a s\u00faa posici\u00f3n actual e non excl\u00faa aos peixes, mariscos e conservas da rebaixa do peixe do IVE que se aplica a outros alimentos b\u00e1sicos.<\/p>\n<p>\u00a0<\/p>\n<p>A deputada popular Paula Mouzo lembrou que, segundo un informe elaborado por Kantar, o consumo de peixe caeu un 12 por cento no \u00faltimo ano: a metade deste descenso d\u00e9bese \u00e1 ca\u00edda nos volumes de compra, mentres que o outro 50 por cento corresp\u00f3ndese coa menor frecuencia de compra dos consumidores.<\/p>\n<p>\u00a0<\/p>\n<p><strong>ERRO LAMENTABLE DO GOBERNO CENTRAL<\/strong><\/p>\n<p>\u00a0<\/p>\n<p>\u201cNa an\u00e1lise das causas que poden estar detr\u00e1s deste descenso no consumo de produtos do mar, un factor determinante foi a inacci\u00f3n e a falta de apoios a este sector por parte do Goberno que preside Pedro S\u00e1nchez, porque fixo o\u00eddos xordos \u00e1s demandas que desde Galicia e desde o propio sector pesqueiro reclamaban que non se exclu\u00edse aos peixes, mariscos e conservas da rebaixa do IVE\u201d, sinalou.<\/p>\n<p>\u00a0<\/p>\n<p>Paula Mouzo considerou \u201clamentable\u201d que o Goberno de Espa\u00f1a \u201creincida nese erro e non se entende cando \u00e9 algo que apoian tanto a Comisi\u00f3n Europea como o Parlamento Europeo\u201d.<\/p>\n<p>\u00a0<\/p>\n<p>Ademais, criticou que o Goberno de Espa\u00f1a \u201cdeixou f\u00f3ra das axudas do PERTE agroalimentario \u00e1 cadea mar-industria, o que resulta certamente curioso cando a transformaci\u00f3n de produtos do mar \u00e9 expo\u00f1ente e tractor de aspectos que di defender este instrumento\u201d.<\/p>\n<p>\u00a0<\/p>\n<p>A deputada popular destacou que a Xunta \u201cleva moitos anos facendo os deberes no eido da promoci\u00f3n e do apoio \u00e1 cadea mar-industria\u201d, ao tempo que lamentou que \u201co Goberno de Pedro S\u00e1nchez non est\u00e1 a realizar coa intensidade necesaria campa\u00f1as de promoci\u00f3n do consumo de produtos do mar e de difusi\u00f3n dos seus beneficios para a sa\u00fade\u201d.<\/p>\n<p>\u00a0<\/p>\n<p><strong>ESTABILIDADE ADMINISTRATIVA<\/strong><\/p>\n<p>\u00a0<\/p>\n<p>\u201cA li\u00f1a de traballo a seguir debe ser a promoci\u00f3n polo Goberno galego con campa\u00f1as de promoci\u00f3n, institucionais e do sector, dirixidas a diferentes segmentos de poboaci\u00f3n, como Galicia sabe Amar ou Vai de Peixe, ou a celebraci\u00f3n de foros para dar a co\u00f1ecer os beneficios do consumo de peixe na sa\u00fade e para o conxunto da econom\u00eda\u201d, explicou Mouzo.<\/p>\n<p>\u00a0<\/p>\n<p>Para rematar, manifestou que \u201co sector pesqueiro galego require m\u00e1is estabilidade administrativa e unha posta en valor constante da s\u00faa condici\u00f3n de provedor de alimentos esenciais na dieta, ao tempo que de iniciativas dirixidas \u00e1 reactivaci\u00f3n do consumo impulsadas por todas as administraci\u00f3ns, que resulten beneficiosas para os consumidores como para as perspectivas de crecemento do sector\u201d. <\/p>\n","protected":false},"excerpt":{"rendered":"<p>19 de setembro de 2023. O Parlamento de Galicia aprobou hoxe por unanimidade a proposici\u00f3n non de lei do Grupo Popular a trav\u00e9s da que insta \u00e1 Xunta a continuar impulsando iniciativas dirixidas a incentivar o consumo de produtos do mar, ben a trav\u00e9s de campa\u00f1as de promoci\u00f3n dirixidas a todos os segmentos da poboaci\u00f3n [&hellip;]<\/p>\n","protected":false},"author":38,"featured_media":58344,"comment_status":"open","ping_status":"open","sticky":false,"template":"","format":"standard","meta":{"_acf_changed":false,"footnotes":""},"categories":[1],"tags":[],"class_list":["post-58345","post","type-post","status-publish","format-standard","has-post-thumbnail","hentry","category-pp-de-galicia"],"acf":[],"yoast_head":"<!-- This site is optimized with the Yoast SEO plugin v27.3 - https:\/\/yoast.com\/product\/yoast-seo-wordpress\/ -->\n<title>O Parlamento galego solicita continuar impulsando iniciativas para incentivar o consumo de produtos do mar - PP de Galicia<\/title>\n<meta name=\"robots\" content=\"index, follow, max-snippet:-1, max-image-preview:large, max-video-preview:-1\" \/>\n<link rel=\"canonical\" href=\"https:\/\/ppdegalicia.com\/es\/o-parlamento-galego-solicita-continuar-impulsando-iniciativas-para-incentivar-o-consumo-de-produtos-do-mar\/\" \/>\n<meta property=\"og:locale\" content=\"es_ES\" \/>\n<meta property=\"og:type\" content=\"article\" \/>\n<meta property=\"og:title\" content=\"O Parlamento galego solicita continuar impulsando iniciativas para incentivar o consumo de produtos do mar - PP de Galicia\" \/>\n<meta property=\"og:description\" content=\"19 de setembro de 2023. O Parlamento de Galicia aprobou hoxe por unanimidade a proposici\u00f3n non de lei do Grupo Popular a trav\u00e9s da que insta \u00e1 Xunta a continuar impulsando iniciativas dirixidas a incentivar o consumo de produtos do mar, ben a trav\u00e9s de campa\u00f1as de promoci\u00f3n dirixidas a todos os segmentos da poboaci\u00f3n [&hellip;]\" \/>\n<meta property=\"og:url\" content=\"https:\/\/ppdegalicia.com\/es\/o-parlamento-galego-solicita-continuar-impulsando-iniciativas-para-incentivar-o-consumo-de-produtos-do-mar\/\" \/>\n<meta property=\"og:site_name\" content=\"PP de Galicia\" \/>\n<meta property=\"article:publisher\" content=\"https:\/\/www.instagram.com\/ppdegalicia\/\" \/>\n<meta property=\"article:published_time\" content=\"2023-09-19T14:29:53+00:00\" \/>\n<meta property=\"og:image\" content=\"https:\/\/ppdegalicia.com\/wp-content\/uploads\/2023\/09\/593de9d58a8224f751402aebf298c2b8.jpg\" \/>\n\t<meta property=\"og:image:width\" content=\"1900\" \/>\n\t<meta property=\"og:image:height\" content=\"1267\" \/>\n\t<meta property=\"og:image:type\" content=\"image\/jpeg\" \/>\n<meta name=\"author\" content=\"ppdegaliciaredes\" \/>\n<meta name=\"twitter:card\" content=\"summary_large_image\" \/>\n<meta name=\"twitter:creator\" content=\"@ppdegalicia\" \/>\n<meta name=\"twitter:site\" content=\"@ppdegalicia\" \/>\n<meta name=\"twitter:label1\" content=\"Escrito por\" \/>\n\t<meta name=\"twitter:data1\" content=\"ppdegaliciaredes\" \/>\n\t<meta name=\"twitter:label2\" content=\"Tiempo de lectura\" \/>\n\t<meta name=\"twitter:data2\" content=\"3 minutos\" \/>\n<script type=\"application\/ld+json\" class=\"yoast-schema-graph\">{\"@context\":\"https:\\\/\\\/schema.org\",\"@graph\":[{\"@type\":\"Article\",\"@id\":\"https:\\\/\\\/ppdegalicia.com\\\/es\\\/o-parlamento-galego-solicita-continuar-impulsando-iniciativas-para-incentivar-o-consumo-de-produtos-do-mar\\\/#article\",\"isPartOf\":{\"@id\":\"https:\\\/\\\/ppdegalicia.com\\\/es\\\/o-parlamento-galego-solicita-continuar-impulsando-iniciativas-para-incentivar-o-consumo-de-produtos-do-mar\\\/\"},\"author\":{\"name\":\"ppdegaliciaredes\",\"@id\":\"https:\\\/\\\/ppdegalicia.com\\\/es\\\/#\\\/schema\\\/person\\\/5b822c6f59e872ebdd1142f307dbcb59\"},\"headline\":\"O Parlamento galego solicita continuar impulsando iniciativas para incentivar o consumo de produtos do mar\",\"datePublished\":\"2023-09-19T14:29:53+00:00\",\"mainEntityOfPage\":{\"@id\":\"https:\\\/\\\/ppdegalicia.com\\\/es\\\/o-parlamento-galego-solicita-continuar-impulsando-iniciativas-para-incentivar-o-consumo-de-produtos-do-mar\\\/\"},\"wordCount\":538,\"commentCount\":0,\"publisher\":{\"@id\":\"https:\\\/\\\/ppdegalicia.com\\\/es\\\/#organization\"},\"image\":{\"@id\":\"https:\\\/\\\/ppdegalicia.com\\\/es\\\/o-parlamento-galego-solicita-continuar-impulsando-iniciativas-para-incentivar-o-consumo-de-produtos-do-mar\\\/#primaryimage\"},\"thumbnailUrl\":\"https:\\\/\\\/ppdegalicia.com\\\/wp-content\\\/uploads\\\/2023\\\/09\\\/593de9d58a8224f751402aebf298c2b8.jpg\",\"articleSection\":[\"PP de Galicia\"],\"inLanguage\":\"es\",\"potentialAction\":[{\"@type\":\"CommentAction\",\"name\":\"Comment\",\"target\":[\"https:\\\/\\\/ppdegalicia.com\\\/es\\\/o-parlamento-galego-solicita-continuar-impulsando-iniciativas-para-incentivar-o-consumo-de-produtos-do-mar\\\/#respond\"]}]},{\"@type\":\"WebPage\",\"@id\":\"https:\\\/\\\/ppdegalicia.com\\\/es\\\/o-parlamento-galego-solicita-continuar-impulsando-iniciativas-para-incentivar-o-consumo-de-produtos-do-mar\\\/\",\"url\":\"https:\\\/\\\/ppdegalicia.com\\\/es\\\/o-parlamento-galego-solicita-continuar-impulsando-iniciativas-para-incentivar-o-consumo-de-produtos-do-mar\\\/\",\"name\":\"O Parlamento galego solicita continuar impulsando iniciativas para incentivar o consumo de produtos do mar - PP de Galicia\",\"isPartOf\":{\"@id\":\"https:\\\/\\\/ppdegalicia.com\\\/es\\\/#website\"},\"primaryImageOfPage\":{\"@id\":\"https:\\\/\\\/ppdegalicia.com\\\/es\\\/o-parlamento-galego-solicita-continuar-impulsando-iniciativas-para-incentivar-o-consumo-de-produtos-do-mar\\\/#primaryimage\"},\"image\":{\"@id\":\"https:\\\/\\\/ppdegalicia.com\\\/es\\\/o-parlamento-galego-solicita-continuar-impulsando-iniciativas-para-incentivar-o-consumo-de-produtos-do-mar\\\/#primaryimage\"},\"thumbnailUrl\":\"https:\\\/\\\/ppdegalicia.com\\\/wp-content\\\/uploads\\\/2023\\\/09\\\/593de9d58a8224f751402aebf298c2b8.jpg\",\"datePublished\":\"2023-09-19T14:29:53+00:00\",\"breadcrumb\":{\"@id\":\"https:\\\/\\\/ppdegalicia.com\\\/es\\\/o-parlamento-galego-solicita-continuar-impulsando-iniciativas-para-incentivar-o-consumo-de-produtos-do-mar\\\/#breadcrumb\"},\"inLanguage\":\"es\",\"potentialAction\":[{\"@type\":\"ReadAction\",\"target\":[\"https:\\\/\\\/ppdegalicia.com\\\/es\\\/o-parlamento-galego-solicita-continuar-impulsando-iniciativas-para-incentivar-o-consumo-de-produtos-do-mar\\\/\"]}]},{\"@type\":\"ImageObject\",\"inLanguage\":\"es\",\"@id\":\"https:\\\/\\\/ppdegalicia.com\\\/es\\\/o-parlamento-galego-solicita-continuar-impulsando-iniciativas-para-incentivar-o-consumo-de-produtos-do-mar\\\/#primaryimage\",\"url\":\"https:\\\/\\\/ppdegalicia.com\\\/wp-content\\\/uploads\\\/2023\\\/09\\\/593de9d58a8224f751402aebf298c2b8.jpg\",\"contentUrl\":\"https:\\\/\\\/ppdegalicia.com\\\/wp-content\\\/uploads\\\/2023\\\/09\\\/593de9d58a8224f751402aebf298c2b8.jpg\",\"width\":1900,\"height\":1267},{\"@type\":\"BreadcrumbList\",\"@id\":\"https:\\\/\\\/ppdegalicia.com\\\/es\\\/o-parlamento-galego-solicita-continuar-impulsando-iniciativas-para-incentivar-o-consumo-de-produtos-do-mar\\\/#breadcrumb\",\"itemListElement\":[{\"@type\":\"ListItem\",\"position\":1,\"name\":\"Portada\",\"item\":\"https:\\\/\\\/ppdegalicia.com\\\/es\\\/\"},{\"@type\":\"ListItem\",\"position\":2,\"name\":\"O Parlamento galego solicita continuar impulsando iniciativas para incentivar o consumo de produtos do mar\"}]},{\"@type\":\"WebSite\",\"@id\":\"https:\\\/\\\/ppdegalicia.com\\\/es\\\/#website\",\"url\":\"https:\\\/\\\/ppdegalicia.com\\\/es\\\/\",\"name\":\"Partido Popular de Galicia\",\"description\":\"Partido Popular de Galicia\",\"publisher\":{\"@id\":\"https:\\\/\\\/ppdegalicia.com\\\/es\\\/#organization\"},\"alternateName\":\"PP de Galicia\",\"potentialAction\":[{\"@type\":\"SearchAction\",\"target\":{\"@type\":\"EntryPoint\",\"urlTemplate\":\"https:\\\/\\\/ppdegalicia.com\\\/es\\\/?s={search_term_string}\"},\"query-input\":{\"@type\":\"PropertyValueSpecification\",\"valueRequired\":true,\"valueName\":\"search_term_string\"}}],\"inLanguage\":\"es\"},{\"@type\":\"Organization\",\"@id\":\"https:\\\/\\\/ppdegalicia.com\\\/es\\\/#organization\",\"name\":\"Partido Popular de Galicia\",\"alternateName\":\"PP de Galicia\",\"url\":\"https:\\\/\\\/ppdegalicia.com\\\/es\\\/\",\"logo\":{\"@type\":\"ImageObject\",\"inLanguage\":\"es\",\"@id\":\"https:\\\/\\\/ppdegalicia.com\\\/es\\\/#\\\/schema\\\/logo\\\/image\\\/\",\"url\":\"https:\\\/\\\/ppdegalicia.com\\\/wp-content\\\/uploads\\\/2023\\\/04\\\/logoPP512.png\",\"contentUrl\":\"https:\\\/\\\/ppdegalicia.com\\\/wp-content\\\/uploads\\\/2023\\\/04\\\/logoPP512.png\",\"width\":512,\"height\":512,\"caption\":\"Partido Popular de Galicia\"},\"image\":{\"@id\":\"https:\\\/\\\/ppdegalicia.com\\\/es\\\/#\\\/schema\\\/logo\\\/image\\\/\"},\"sameAs\":[\"https:\\\/\\\/www.instagram.com\\\/ppdegalicia\\\/\",\"https:\\\/\\\/x.com\\\/ppdegalicia\",\"https:\\\/\\\/www.tiktok.com\\\/@ppdegalicia\",\"https:\\\/\\\/www.youtube.com\\\/user\\\/ppdegalicia\"]},{\"@type\":\"Person\",\"@id\":\"https:\\\/\\\/ppdegalicia.com\\\/es\\\/#\\\/schema\\\/person\\\/5b822c6f59e872ebdd1142f307dbcb59\",\"name\":\"ppdegaliciaredes\",\"image\":{\"@type\":\"ImageObject\",\"inLanguage\":\"es\",\"@id\":\"https:\\\/\\\/secure.gravatar.com\\\/avatar\\\/3c9179cf0256d00c72a48d1f25783c58b6842cd56e85ef3a572881c8e28ccd59?s=96&d=mm&r=g\",\"url\":\"https:\\\/\\\/secure.gravatar.com\\\/avatar\\\/3c9179cf0256d00c72a48d1f25783c58b6842cd56e85ef3a572881c8e28ccd59?s=96&d=mm&r=g\",\"contentUrl\":\"https:\\\/\\\/secure.gravatar.com\\\/avatar\\\/3c9179cf0256d00c72a48d1f25783c58b6842cd56e85ef3a572881c8e28ccd59?s=96&d=mm&r=g\",\"caption\":\"ppdegaliciaredes\"},\"url\":\"https:\\\/\\\/ppdegalicia.com\\\/es\\\/author\\\/ppdegaliciaredes\\\/\"}]}<\/script>\n<!-- \/ Yoast SEO plugin. -->","yoast_head_json":{"title":"O Parlamento galego solicita continuar impulsando iniciativas para incentivar o consumo de produtos do mar - PP de Galicia","robots":{"index":"index","follow":"follow","max-snippet":"max-snippet:-1","max-image-preview":"max-image-preview:large","max-video-preview":"max-video-preview:-1"},"canonical":"https:\/\/ppdegalicia.com\/es\/o-parlamento-galego-solicita-continuar-impulsando-iniciativas-para-incentivar-o-consumo-de-produtos-do-mar\/","og_locale":"es_ES","og_type":"article","og_title":"O Parlamento galego solicita continuar impulsando iniciativas para incentivar o consumo de produtos do mar - PP de Galicia","og_description":"19 de setembro de 2023. O Parlamento de Galicia aprobou hoxe por unanimidade a proposici\u00f3n non de lei do Grupo Popular a trav\u00e9s da que insta \u00e1 Xunta a continuar impulsando iniciativas dirixidas a incentivar o consumo de produtos do mar, ben a trav\u00e9s de campa\u00f1as de promoci\u00f3n dirixidas a todos os segmentos da poboaci\u00f3n [&hellip;]","og_url":"https:\/\/ppdegalicia.com\/es\/o-parlamento-galego-solicita-continuar-impulsando-iniciativas-para-incentivar-o-consumo-de-produtos-do-mar\/","og_site_name":"PP de Galicia","article_publisher":"https:\/\/www.instagram.com\/ppdegalicia\/","article_published_time":"2023-09-19T14:29:53+00:00","og_image":[{"width":1900,"height":1267,"url":"https:\/\/ppdegalicia.com\/wp-content\/uploads\/2023\/09\/593de9d58a8224f751402aebf298c2b8.jpg","type":"image\/jpeg"}],"author":"ppdegaliciaredes","twitter_card":"summary_large_image","twitter_creator":"@ppdegalicia","twitter_site":"@ppdegalicia","twitter_misc":{"Escrito por":"ppdegaliciaredes","Tiempo de lectura":"3 minutos"},"schema":{"@context":"https:\/\/schema.org","@graph":[{"@type":"Article","@id":"https:\/\/ppdegalicia.com\/es\/o-parlamento-galego-solicita-continuar-impulsando-iniciativas-para-incentivar-o-consumo-de-produtos-do-mar\/#article","isPartOf":{"@id":"https:\/\/ppdegalicia.com\/es\/o-parlamento-galego-solicita-continuar-impulsando-iniciativas-para-incentivar-o-consumo-de-produtos-do-mar\/"},"author":{"name":"ppdegaliciaredes","@id":"https:\/\/ppdegalicia.com\/es\/#\/schema\/person\/5b822c6f59e872ebdd1142f307dbcb59"},"headline":"O Parlamento galego solicita continuar impulsando iniciativas para incentivar o consumo de produtos do mar","datePublished":"2023-09-19T14:29:53+00:00","mainEntityOfPage":{"@id":"https:\/\/ppdegalicia.com\/es\/o-parlamento-galego-solicita-continuar-impulsando-iniciativas-para-incentivar-o-consumo-de-produtos-do-mar\/"},"wordCount":538,"commentCount":0,"publisher":{"@id":"https:\/\/ppdegalicia.com\/es\/#organization"},"image":{"@id":"https:\/\/ppdegalicia.com\/es\/o-parlamento-galego-solicita-continuar-impulsando-iniciativas-para-incentivar-o-consumo-de-produtos-do-mar\/#primaryimage"},"thumbnailUrl":"https:\/\/ppdegalicia.com\/wp-content\/uploads\/2023\/09\/593de9d58a8224f751402aebf298c2b8.jpg","articleSection":["PP de Galicia"],"inLanguage":"es","potentialAction":[{"@type":"CommentAction","name":"Comment","target":["https:\/\/ppdegalicia.com\/es\/o-parlamento-galego-solicita-continuar-impulsando-iniciativas-para-incentivar-o-consumo-de-produtos-do-mar\/#respond"]}]},{"@type":"WebPage","@id":"https:\/\/ppdegalicia.com\/es\/o-parlamento-galego-solicita-continuar-impulsando-iniciativas-para-incentivar-o-consumo-de-produtos-do-mar\/","url":"https:\/\/ppdegalicia.com\/es\/o-parlamento-galego-solicita-continuar-impulsando-iniciativas-para-incentivar-o-consumo-de-produtos-do-mar\/","name":"O Parlamento galego solicita continuar impulsando iniciativas para incentivar o consumo de produtos do mar - PP de Galicia","isPartOf":{"@id":"https:\/\/ppdegalicia.com\/es\/#website"},"primaryImageOfPage":{"@id":"https:\/\/ppdegalicia.com\/es\/o-parlamento-galego-solicita-continuar-impulsando-iniciativas-para-incentivar-o-consumo-de-produtos-do-mar\/#primaryimage"},"image":{"@id":"https:\/\/ppdegalicia.com\/es\/o-parlamento-galego-solicita-continuar-impulsando-iniciativas-para-incentivar-o-consumo-de-produtos-do-mar\/#primaryimage"},"thumbnailUrl":"https:\/\/ppdegalicia.com\/wp-content\/uploads\/2023\/09\/593de9d58a8224f751402aebf298c2b8.jpg","datePublished":"2023-09-19T14:29:53+00:00","breadcrumb":{"@id":"https:\/\/ppdegalicia.com\/es\/o-parlamento-galego-solicita-continuar-impulsando-iniciativas-para-incentivar-o-consumo-de-produtos-do-mar\/#breadcrumb"},"inLanguage":"es","potentialAction":[{"@type":"ReadAction","target":["https:\/\/ppdegalicia.com\/es\/o-parlamento-galego-solicita-continuar-impulsando-iniciativas-para-incentivar-o-consumo-de-produtos-do-mar\/"]}]},{"@type":"ImageObject","inLanguage":"es","@id":"https:\/\/ppdegalicia.com\/es\/o-parlamento-galego-solicita-continuar-impulsando-iniciativas-para-incentivar-o-consumo-de-produtos-do-mar\/#primaryimage","url":"https:\/\/ppdegalicia.com\/wp-content\/uploads\/2023\/09\/593de9d58a8224f751402aebf298c2b8.jpg","contentUrl":"https:\/\/ppdegalicia.com\/wp-content\/uploads\/2023\/09\/593de9d58a8224f751402aebf298c2b8.jpg","width":1900,"height":1267},{"@type":"BreadcrumbList","@id":"https:\/\/ppdegalicia.com\/es\/o-parlamento-galego-solicita-continuar-impulsando-iniciativas-para-incentivar-o-consumo-de-produtos-do-mar\/#breadcrumb","itemListElement":[{"@type":"ListItem","position":1,"name":"Portada","item":"https:\/\/ppdegalicia.com\/es\/"},{"@type":"ListItem","position":2,"name":"O Parlamento galego solicita continuar impulsando iniciativas para incentivar o consumo de produtos do mar"}]},{"@type":"WebSite","@id":"https:\/\/ppdegalicia.com\/es\/#website","url":"https:\/\/ppdegalicia.com\/es\/","name":"Partido Popular de Galicia","description":"Partido Popular de Galicia","publisher":{"@id":"https:\/\/ppdegalicia.com\/es\/#organization"},"alternateName":"PP de Galicia","potentialAction":[{"@type":"SearchAction","target":{"@type":"EntryPoint","urlTemplate":"https:\/\/ppdegalicia.com\/es\/?s={search_term_string}"},"query-input":{"@type":"PropertyValueSpecification","valueRequired":true,"valueName":"search_term_string"}}],"inLanguage":"es"},{"@type":"Organization","@id":"https:\/\/ppdegalicia.com\/es\/#organization","name":"Partido Popular de Galicia","alternateName":"PP de Galicia","url":"https:\/\/ppdegalicia.com\/es\/","logo":{"@type":"ImageObject","inLanguage":"es","@id":"https:\/\/ppdegalicia.com\/es\/#\/schema\/logo\/image\/","url":"https:\/\/ppdegalicia.com\/wp-content\/uploads\/2023\/04\/logoPP512.png","contentUrl":"https:\/\/ppdegalicia.com\/wp-content\/uploads\/2023\/04\/logoPP512.png","width":512,"height":512,"caption":"Partido Popular de Galicia"},"image":{"@id":"https:\/\/ppdegalicia.com\/es\/#\/schema\/logo\/image\/"},"sameAs":["https:\/\/www.instagram.com\/ppdegalicia\/","https:\/\/x.com\/ppdegalicia","https:\/\/www.tiktok.com\/@ppdegalicia","https:\/\/www.youtube.com\/user\/ppdegalicia"]},{"@type":"Person","@id":"https:\/\/ppdegalicia.com\/es\/#\/schema\/person\/5b822c6f59e872ebdd1142f307dbcb59","name":"ppdegaliciaredes","image":{"@type":"ImageObject","inLanguage":"es","@id":"https:\/\/secure.gravatar.com\/avatar\/3c9179cf0256d00c72a48d1f25783c58b6842cd56e85ef3a572881c8e28ccd59?s=96&d=mm&r=g","url":"https:\/\/secure.gravatar.com\/avatar\/3c9179cf0256d00c72a48d1f25783c58b6842cd56e85ef3a572881c8e28ccd59?s=96&d=mm&r=g","contentUrl":"https:\/\/secure.gravatar.com\/avatar\/3c9179cf0256d00c72a48d1f25783c58b6842cd56e85ef3a572881c8e28ccd59?s=96&d=mm&r=g","caption":"ppdegaliciaredes"},"url":"https:\/\/ppdegalicia.com\/es\/author\/ppdegaliciaredes\/"}]}},"_links":{"self":[{"href":"https:\/\/ppdegalicia.com\/es\/wp-json\/wp\/v2\/posts\/58345","targetHints":{"allow":["GET"]}}],"collection":[{"href":"https:\/\/ppdegalicia.com\/es\/wp-json\/wp\/v2\/posts"}],"about":[{"href":"https:\/\/ppdegalicia.com\/es\/wp-json\/wp\/v2\/types\/post"}],"author":[{"embeddable":true,"href":"https:\/\/ppdegalicia.com\/es\/wp-json\/wp\/v2\/users\/38"}],"replies":[{"embeddable":true,"href":"https:\/\/ppdegalicia.com\/es\/wp-json\/wp\/v2\/comments?post=58345"}],"version-history":[{"count":0,"href":"https:\/\/ppdegalicia.com\/es\/wp-json\/wp\/v2\/posts\/58345\/revisions"}],"wp:featuredmedia":[{"embeddable":true,"href":"https:\/\/ppdegalicia.com\/es\/wp-json\/wp\/v2\/media\/58344"}],"wp:attachment":[{"href":"https:\/\/ppdegalicia.com\/es\/wp-json\/wp\/v2\/media?parent=58345"}],"wp:term":[{"taxonomy":"category","embeddable":true,"href":"https:\/\/ppdegalicia.com\/es\/wp-json\/wp\/v2\/categories?post=58345"},{"taxonomy":"post_tag","embeddable":true,"href":"https:\/\/ppdegalicia.com\/es\/wp-json\/wp\/v2\/tags?post=58345"}],"curies":[{"name":"wp","href":"https:\/\/api.w.org\/{rel}","templated":true}]}}