{"id":58359,"date":"2023-09-26T14:46:48","date_gmt":"2023-09-26T12:46:48","guid":{"rendered":"https:\/\/ppdegalicia.com\/o-grupo-popular-defende-o-traballo-dos-servizos-de-inspeccion-da-xunta-comprometidos-na-mellora-dos-centros-de-maiores-e-discapacidade\/"},"modified":"2023-09-26T14:46:48","modified_gmt":"2023-09-26T12:46:48","slug":"o-grupo-popular-defende-o-traballo-dos-servizos-de-inspeccion-da-xunta-comprometidos-na-mellora-dos-centros-de-maiores-e-discapacidade","status":"publish","type":"post","link":"https:\/\/ppdegalicia.com\/es\/o-grupo-popular-defende-o-traballo-dos-servizos-de-inspeccion-da-xunta-comprometidos-na-mellora-dos-centros-de-maiores-e-discapacidade\/","title":{"rendered":"O Grupo Popular defende o traballo dos servizos de inspecci\u00f3n da Xunta, comprometidos na mellora dos centros de maiores e discapacidade"},"content":{"rendered":"<p><img fetchpriority=\"high\" decoding=\"async\" class=\" size-full wp-image-58358\" src=\"https:\/\/ppdegalicia.com\/wp-content\/uploads\/2023\/09\/9392051d1c6437a4aa44d9c49269a7c6.jpg\" alt=\"\" width=\"1900\" height=\"1267\" srcset=\"https:\/\/ppdegalicia.com\/wp-content\/uploads\/2023\/09\/9392051d1c6437a4aa44d9c49269a7c6.jpg 1900w, https:\/\/ppdegalicia.com\/wp-content\/uploads\/2023\/09\/9392051d1c6437a4aa44d9c49269a7c6-300x200.jpg 300w, https:\/\/ppdegalicia.com\/wp-content\/uploads\/2023\/09\/9392051d1c6437a4aa44d9c49269a7c6-1024x683.jpg 1024w, https:\/\/ppdegalicia.com\/wp-content\/uploads\/2023\/09\/9392051d1c6437a4aa44d9c49269a7c6-768x512.jpg 768w, https:\/\/ppdegalicia.com\/wp-content\/uploads\/2023\/09\/9392051d1c6437a4aa44d9c49269a7c6-1536x1024.jpg 1536w\" sizes=\"(max-width: 1900px) 100vw, 1900px\" \/><\/p>\n<p>A viceportavoz do Grupo Popular, Raquel Arias, defendeu hoxe o traballo dos servizos de inspecci\u00f3n da Xunta, \u201ccomprometidos na mellora do funcionamento dos centros de maiores e discapacidade\u201d. \u201cUn equipo de inspectores que revisa e aval\u00eda a situaci\u00f3n dos centros, indica como mellorar e, cando \u00e9 necesario, imp\u00f3n sanci\u00f3ns\u201d, asegurou.<\/p>\n<p><!--more--><\/p>\n<p>En resposta \u00e1 moci\u00f3ns presentadas por BNG e PSdeG, Raquel Arias incidiu que \u201cas \u00fanicas persoas que te\u00f1en acceso ao listado de visitas aos centros son o persoal inspector, as xefas do servizo e as persoas responsables da Subdirecci\u00f3n de Inspecci\u00f3n, todos eles funcionarios que forman parte do equipo de inspecci\u00f3n\u201d. \u201cNon se da ning\u00fan tipo de aviso aos centros e, sempre que se notifica unha incidencia de gravidade nun centro, a Xunta act\u00faa con toda contundencia\u201d, apuntou.<\/p>\n<p>MELLORA NA POL\u00cdTICA SOCIAL<\/p>\n<p>Na s\u00faa intervenci\u00f3n, subli\u00f1ou que a Xunta duplicou o orzamento destinado a pol\u00edtica social desde o ano 2009 e se triplicaron as prazas de residencias sostidas con fondos p\u00fablicos, ao tempo que se incrementou un 14 por cento o persoal en residencias. \u201cA Xunta tam\u00e9n acadou o pasado mes de agosto un acordo coas organizaci\u00f3ns sindicais para mellorar as condici\u00f3ns laborais do persoal dos centros de xesti\u00f3n propia da Xunta\u201d, engadiu.<\/p>\n<p>Ademais, Raquel Arias lembrou que \u201cas galegas e os galegos prefiren, maioritariamente, facerse maiores nas s\u00faas casas, polo que Galicia \u00e9 l\u00edder nacional no Servizo de Axuda no Fogar, no que multiplicamos por m\u00e1is de sete o n\u00famero de beneficiarios respecto a 2009, ao tempo que se crearon m\u00e1is dun cento de casas do maior e se multiplicaron por seis o n\u00famero de prazas p\u00fablicas en centros de d\u00eda\u201d.<\/p>\n","protected":false},"excerpt":{"rendered":"<p>A viceportavoz do Grupo Popular, Raquel Arias, defendeu hoxe o traballo dos servizos de inspecci\u00f3n da Xunta, \u201ccomprometidos na mellora do funcionamento dos centros de maiores e discapacidade\u201d. \u201cUn equipo de inspectores que revisa e aval\u00eda a situaci\u00f3n dos centros, indica como mellorar e, cando \u00e9 necesario, imp\u00f3n sanci\u00f3ns\u201d, asegurou.<\/p>\n","protected":false},"author":38,"featured_media":58358,"comment_status":"open","ping_status":"open","sticky":false,"template":"","format":"standard","meta":{"_acf_changed":false,"footnotes":""},"categories":[1],"tags":[],"class_list":["post-58359","post","type-post","status-publish","format-standard","has-post-thumbnail","hentry","category-pp-de-galicia"],"acf":[],"yoast_head":"<!-- This site is optimized with the Yoast SEO plugin v27.3 - https:\/\/yoast.com\/product\/yoast-seo-wordpress\/ -->\n<title>O Grupo Popular defende o traballo dos servizos de inspecci\u00f3n da Xunta, comprometidos na mellora dos centros de maiores e discapacidade - PP de Galicia<\/title>\n<meta name=\"robots\" content=\"index, follow, max-snippet:-1, max-image-preview:large, max-video-preview:-1\" \/>\n<link rel=\"canonical\" href=\"https:\/\/ppdegalicia.com\/es\/o-grupo-popular-defende-o-traballo-dos-servizos-de-inspeccion-da-xunta-comprometidos-na-mellora-dos-centros-de-maiores-e-discapacidade\/\" \/>\n<meta property=\"og:locale\" content=\"es_ES\" \/>\n<meta property=\"og:type\" content=\"article\" \/>\n<meta property=\"og:title\" content=\"O Grupo Popular defende o traballo dos servizos de inspecci\u00f3n da Xunta, comprometidos na mellora dos centros de maiores e discapacidade - PP de Galicia\" \/>\n<meta property=\"og:description\" content=\"A viceportavoz do Grupo Popular, Raquel Arias, defendeu hoxe o traballo dos servizos de inspecci\u00f3n da Xunta, \u201ccomprometidos na mellora do funcionamento dos centros de maiores e discapacidade\u201d. \u201cUn equipo de inspectores que revisa e aval\u00eda a situaci\u00f3n dos centros, indica como mellorar e, cando \u00e9 necesario, imp\u00f3n sanci\u00f3ns\u201d, asegurou.\" \/>\n<meta property=\"og:url\" content=\"https:\/\/ppdegalicia.com\/es\/o-grupo-popular-defende-o-traballo-dos-servizos-de-inspeccion-da-xunta-comprometidos-na-mellora-dos-centros-de-maiores-e-discapacidade\/\" \/>\n<meta property=\"og:site_name\" content=\"PP de Galicia\" \/>\n<meta property=\"article:publisher\" content=\"https:\/\/www.instagram.com\/ppdegalicia\/\" \/>\n<meta property=\"article:published_time\" content=\"2023-09-26T12:46:48+00:00\" \/>\n<meta property=\"og:image\" content=\"https:\/\/ppdegalicia.com\/wp-content\/uploads\/2023\/09\/9392051d1c6437a4aa44d9c49269a7c6.jpg\" \/>\n\t<meta property=\"og:image:width\" content=\"1900\" \/>\n\t<meta property=\"og:image:height\" content=\"1267\" \/>\n\t<meta property=\"og:image:type\" content=\"image\/jpeg\" \/>\n<meta name=\"author\" content=\"ppdegaliciaredes\" \/>\n<meta name=\"twitter:card\" content=\"summary_large_image\" \/>\n<meta name=\"twitter:creator\" content=\"@ppdegalicia\" \/>\n<meta name=\"twitter:site\" content=\"@ppdegalicia\" \/>\n<meta name=\"twitter:label1\" content=\"Escrito por\" \/>\n\t<meta name=\"twitter:data1\" content=\"ppdegaliciaredes\" \/>\n\t<meta name=\"twitter:label2\" content=\"Tiempo de lectura\" \/>\n\t<meta name=\"twitter:data2\" content=\"1 minuto\" \/>\n<script type=\"application\/ld+json\" class=\"yoast-schema-graph\">{\"@context\":\"https:\\\/\\\/schema.org\",\"@graph\":[{\"@type\":\"Article\",\"@id\":\"https:\\\/\\\/ppdegalicia.com\\\/es\\\/o-grupo-popular-defende-o-traballo-dos-servizos-de-inspeccion-da-xunta-comprometidos-na-mellora-dos-centros-de-maiores-e-discapacidade\\\/#article\",\"isPartOf\":{\"@id\":\"https:\\\/\\\/ppdegalicia.com\\\/es\\\/o-grupo-popular-defende-o-traballo-dos-servizos-de-inspeccion-da-xunta-comprometidos-na-mellora-dos-centros-de-maiores-e-discapacidade\\\/\"},\"author\":{\"name\":\"ppdegaliciaredes\",\"@id\":\"https:\\\/\\\/ppdegalicia.com\\\/es\\\/#\\\/schema\\\/person\\\/5b822c6f59e872ebdd1142f307dbcb59\"},\"headline\":\"O Grupo Popular defende o traballo dos servizos de inspecci\u00f3n da Xunta, comprometidos na mellora dos centros de maiores e discapacidade\",\"datePublished\":\"2023-09-26T12:46:48+00:00\",\"mainEntityOfPage\":{\"@id\":\"https:\\\/\\\/ppdegalicia.com\\\/es\\\/o-grupo-popular-defende-o-traballo-dos-servizos-de-inspeccion-da-xunta-comprometidos-na-mellora-dos-centros-de-maiores-e-discapacidade\\\/\"},\"wordCount\":318,\"commentCount\":0,\"publisher\":{\"@id\":\"https:\\\/\\\/ppdegalicia.com\\\/es\\\/#organization\"},\"image\":{\"@id\":\"https:\\\/\\\/ppdegalicia.com\\\/es\\\/o-grupo-popular-defende-o-traballo-dos-servizos-de-inspeccion-da-xunta-comprometidos-na-mellora-dos-centros-de-maiores-e-discapacidade\\\/#primaryimage\"},\"thumbnailUrl\":\"https:\\\/\\\/ppdegalicia.com\\\/wp-content\\\/uploads\\\/2023\\\/09\\\/9392051d1c6437a4aa44d9c49269a7c6.jpg\",\"articleSection\":[\"PP de Galicia\"],\"inLanguage\":\"es\",\"potentialAction\":[{\"@type\":\"CommentAction\",\"name\":\"Comment\",\"target\":[\"https:\\\/\\\/ppdegalicia.com\\\/es\\\/o-grupo-popular-defende-o-traballo-dos-servizos-de-inspeccion-da-xunta-comprometidos-na-mellora-dos-centros-de-maiores-e-discapacidade\\\/#respond\"]}]},{\"@type\":\"WebPage\",\"@id\":\"https:\\\/\\\/ppdegalicia.com\\\/es\\\/o-grupo-popular-defende-o-traballo-dos-servizos-de-inspeccion-da-xunta-comprometidos-na-mellora-dos-centros-de-maiores-e-discapacidade\\\/\",\"url\":\"https:\\\/\\\/ppdegalicia.com\\\/es\\\/o-grupo-popular-defende-o-traballo-dos-servizos-de-inspeccion-da-xunta-comprometidos-na-mellora-dos-centros-de-maiores-e-discapacidade\\\/\",\"name\":\"O Grupo Popular defende o traballo dos servizos de inspecci\u00f3n da Xunta, comprometidos na mellora dos centros de maiores e discapacidade - PP de Galicia\",\"isPartOf\":{\"@id\":\"https:\\\/\\\/ppdegalicia.com\\\/es\\\/#website\"},\"primaryImageOfPage\":{\"@id\":\"https:\\\/\\\/ppdegalicia.com\\\/es\\\/o-grupo-popular-defende-o-traballo-dos-servizos-de-inspeccion-da-xunta-comprometidos-na-mellora-dos-centros-de-maiores-e-discapacidade\\\/#primaryimage\"},\"image\":{\"@id\":\"https:\\\/\\\/ppdegalicia.com\\\/es\\\/o-grupo-popular-defende-o-traballo-dos-servizos-de-inspeccion-da-xunta-comprometidos-na-mellora-dos-centros-de-maiores-e-discapacidade\\\/#primaryimage\"},\"thumbnailUrl\":\"https:\\\/\\\/ppdegalicia.com\\\/wp-content\\\/uploads\\\/2023\\\/09\\\/9392051d1c6437a4aa44d9c49269a7c6.jpg\",\"datePublished\":\"2023-09-26T12:46:48+00:00\",\"breadcrumb\":{\"@id\":\"https:\\\/\\\/ppdegalicia.com\\\/es\\\/o-grupo-popular-defende-o-traballo-dos-servizos-de-inspeccion-da-xunta-comprometidos-na-mellora-dos-centros-de-maiores-e-discapacidade\\\/#breadcrumb\"},\"inLanguage\":\"es\",\"potentialAction\":[{\"@type\":\"ReadAction\",\"target\":[\"https:\\\/\\\/ppdegalicia.com\\\/es\\\/o-grupo-popular-defende-o-traballo-dos-servizos-de-inspeccion-da-xunta-comprometidos-na-mellora-dos-centros-de-maiores-e-discapacidade\\\/\"]}]},{\"@type\":\"ImageObject\",\"inLanguage\":\"es\",\"@id\":\"https:\\\/\\\/ppdegalicia.com\\\/es\\\/o-grupo-popular-defende-o-traballo-dos-servizos-de-inspeccion-da-xunta-comprometidos-na-mellora-dos-centros-de-maiores-e-discapacidade\\\/#primaryimage\",\"url\":\"https:\\\/\\\/ppdegalicia.com\\\/wp-content\\\/uploads\\\/2023\\\/09\\\/9392051d1c6437a4aa44d9c49269a7c6.jpg\",\"contentUrl\":\"https:\\\/\\\/ppdegalicia.com\\\/wp-content\\\/uploads\\\/2023\\\/09\\\/9392051d1c6437a4aa44d9c49269a7c6.jpg\",\"width\":1900,\"height\":1267},{\"@type\":\"BreadcrumbList\",\"@id\":\"https:\\\/\\\/ppdegalicia.com\\\/es\\\/o-grupo-popular-defende-o-traballo-dos-servizos-de-inspeccion-da-xunta-comprometidos-na-mellora-dos-centros-de-maiores-e-discapacidade\\\/#breadcrumb\",\"itemListElement\":[{\"@type\":\"ListItem\",\"position\":1,\"name\":\"Portada\",\"item\":\"https:\\\/\\\/ppdegalicia.com\\\/es\\\/\"},{\"@type\":\"ListItem\",\"position\":2,\"name\":\"O Grupo Popular defende o traballo dos servizos de inspecci\u00f3n da Xunta, comprometidos na mellora dos centros de maiores e discapacidade\"}]},{\"@type\":\"WebSite\",\"@id\":\"https:\\\/\\\/ppdegalicia.com\\\/es\\\/#website\",\"url\":\"https:\\\/\\\/ppdegalicia.com\\\/es\\\/\",\"name\":\"Partido Popular de Galicia\",\"description\":\"Partido Popular de Galicia\",\"publisher\":{\"@id\":\"https:\\\/\\\/ppdegalicia.com\\\/es\\\/#organization\"},\"alternateName\":\"PP de Galicia\",\"potentialAction\":[{\"@type\":\"SearchAction\",\"target\":{\"@type\":\"EntryPoint\",\"urlTemplate\":\"https:\\\/\\\/ppdegalicia.com\\\/es\\\/?s={search_term_string}\"},\"query-input\":{\"@type\":\"PropertyValueSpecification\",\"valueRequired\":true,\"valueName\":\"search_term_string\"}}],\"inLanguage\":\"es\"},{\"@type\":\"Organization\",\"@id\":\"https:\\\/\\\/ppdegalicia.com\\\/es\\\/#organization\",\"name\":\"Partido Popular de Galicia\",\"alternateName\":\"PP de Galicia\",\"url\":\"https:\\\/\\\/ppdegalicia.com\\\/es\\\/\",\"logo\":{\"@type\":\"ImageObject\",\"inLanguage\":\"es\",\"@id\":\"https:\\\/\\\/ppdegalicia.com\\\/es\\\/#\\\/schema\\\/logo\\\/image\\\/\",\"url\":\"https:\\\/\\\/ppdegalicia.com\\\/wp-content\\\/uploads\\\/2023\\\/04\\\/logoPP512.png\",\"contentUrl\":\"https:\\\/\\\/ppdegalicia.com\\\/wp-content\\\/uploads\\\/2023\\\/04\\\/logoPP512.png\",\"width\":512,\"height\":512,\"caption\":\"Partido Popular de Galicia\"},\"image\":{\"@id\":\"https:\\\/\\\/ppdegalicia.com\\\/es\\\/#\\\/schema\\\/logo\\\/image\\\/\"},\"sameAs\":[\"https:\\\/\\\/www.instagram.com\\\/ppdegalicia\\\/\",\"https:\\\/\\\/x.com\\\/ppdegalicia\",\"https:\\\/\\\/www.tiktok.com\\\/@ppdegalicia\",\"https:\\\/\\\/www.youtube.com\\\/user\\\/ppdegalicia\"]},{\"@type\":\"Person\",\"@id\":\"https:\\\/\\\/ppdegalicia.com\\\/es\\\/#\\\/schema\\\/person\\\/5b822c6f59e872ebdd1142f307dbcb59\",\"name\":\"ppdegaliciaredes\",\"image\":{\"@type\":\"ImageObject\",\"inLanguage\":\"es\",\"@id\":\"https:\\\/\\\/secure.gravatar.com\\\/avatar\\\/3c9179cf0256d00c72a48d1f25783c58b6842cd56e85ef3a572881c8e28ccd59?s=96&d=mm&r=g\",\"url\":\"https:\\\/\\\/secure.gravatar.com\\\/avatar\\\/3c9179cf0256d00c72a48d1f25783c58b6842cd56e85ef3a572881c8e28ccd59?s=96&d=mm&r=g\",\"contentUrl\":\"https:\\\/\\\/secure.gravatar.com\\\/avatar\\\/3c9179cf0256d00c72a48d1f25783c58b6842cd56e85ef3a572881c8e28ccd59?s=96&d=mm&r=g\",\"caption\":\"ppdegaliciaredes\"},\"url\":\"https:\\\/\\\/ppdegalicia.com\\\/es\\\/author\\\/ppdegaliciaredes\\\/\"}]}<\/script>\n<!-- \/ Yoast SEO plugin. -->","yoast_head_json":{"title":"O Grupo Popular defende o traballo dos servizos de inspecci\u00f3n da Xunta, comprometidos na mellora dos centros de maiores e discapacidade - PP de Galicia","robots":{"index":"index","follow":"follow","max-snippet":"max-snippet:-1","max-image-preview":"max-image-preview:large","max-video-preview":"max-video-preview:-1"},"canonical":"https:\/\/ppdegalicia.com\/es\/o-grupo-popular-defende-o-traballo-dos-servizos-de-inspeccion-da-xunta-comprometidos-na-mellora-dos-centros-de-maiores-e-discapacidade\/","og_locale":"es_ES","og_type":"article","og_title":"O Grupo Popular defende o traballo dos servizos de inspecci\u00f3n da Xunta, comprometidos na mellora dos centros de maiores e discapacidade - PP de Galicia","og_description":"A viceportavoz do Grupo Popular, Raquel Arias, defendeu hoxe o traballo dos servizos de inspecci\u00f3n da Xunta, \u201ccomprometidos na mellora do funcionamento dos centros de maiores e discapacidade\u201d. \u201cUn equipo de inspectores que revisa e aval\u00eda a situaci\u00f3n dos centros, indica como mellorar e, cando \u00e9 necesario, imp\u00f3n sanci\u00f3ns\u201d, asegurou.","og_url":"https:\/\/ppdegalicia.com\/es\/o-grupo-popular-defende-o-traballo-dos-servizos-de-inspeccion-da-xunta-comprometidos-na-mellora-dos-centros-de-maiores-e-discapacidade\/","og_site_name":"PP de Galicia","article_publisher":"https:\/\/www.instagram.com\/ppdegalicia\/","article_published_time":"2023-09-26T12:46:48+00:00","og_image":[{"width":1900,"height":1267,"url":"https:\/\/ppdegalicia.com\/wp-content\/uploads\/2023\/09\/9392051d1c6437a4aa44d9c49269a7c6.jpg","type":"image\/jpeg"}],"author":"ppdegaliciaredes","twitter_card":"summary_large_image","twitter_creator":"@ppdegalicia","twitter_site":"@ppdegalicia","twitter_misc":{"Escrito por":"ppdegaliciaredes","Tiempo de lectura":"1 minuto"},"schema":{"@context":"https:\/\/schema.org","@graph":[{"@type":"Article","@id":"https:\/\/ppdegalicia.com\/es\/o-grupo-popular-defende-o-traballo-dos-servizos-de-inspeccion-da-xunta-comprometidos-na-mellora-dos-centros-de-maiores-e-discapacidade\/#article","isPartOf":{"@id":"https:\/\/ppdegalicia.com\/es\/o-grupo-popular-defende-o-traballo-dos-servizos-de-inspeccion-da-xunta-comprometidos-na-mellora-dos-centros-de-maiores-e-discapacidade\/"},"author":{"name":"ppdegaliciaredes","@id":"https:\/\/ppdegalicia.com\/es\/#\/schema\/person\/5b822c6f59e872ebdd1142f307dbcb59"},"headline":"O Grupo Popular defende o traballo dos servizos de inspecci\u00f3n da Xunta, comprometidos na mellora dos centros de maiores e discapacidade","datePublished":"2023-09-26T12:46:48+00:00","mainEntityOfPage":{"@id":"https:\/\/ppdegalicia.com\/es\/o-grupo-popular-defende-o-traballo-dos-servizos-de-inspeccion-da-xunta-comprometidos-na-mellora-dos-centros-de-maiores-e-discapacidade\/"},"wordCount":318,"commentCount":0,"publisher":{"@id":"https:\/\/ppdegalicia.com\/es\/#organization"},"image":{"@id":"https:\/\/ppdegalicia.com\/es\/o-grupo-popular-defende-o-traballo-dos-servizos-de-inspeccion-da-xunta-comprometidos-na-mellora-dos-centros-de-maiores-e-discapacidade\/#primaryimage"},"thumbnailUrl":"https:\/\/ppdegalicia.com\/wp-content\/uploads\/2023\/09\/9392051d1c6437a4aa44d9c49269a7c6.jpg","articleSection":["PP de Galicia"],"inLanguage":"es","potentialAction":[{"@type":"CommentAction","name":"Comment","target":["https:\/\/ppdegalicia.com\/es\/o-grupo-popular-defende-o-traballo-dos-servizos-de-inspeccion-da-xunta-comprometidos-na-mellora-dos-centros-de-maiores-e-discapacidade\/#respond"]}]},{"@type":"WebPage","@id":"https:\/\/ppdegalicia.com\/es\/o-grupo-popular-defende-o-traballo-dos-servizos-de-inspeccion-da-xunta-comprometidos-na-mellora-dos-centros-de-maiores-e-discapacidade\/","url":"https:\/\/ppdegalicia.com\/es\/o-grupo-popular-defende-o-traballo-dos-servizos-de-inspeccion-da-xunta-comprometidos-na-mellora-dos-centros-de-maiores-e-discapacidade\/","name":"O Grupo Popular defende o traballo dos servizos de inspecci\u00f3n da Xunta, comprometidos na mellora dos centros de maiores e discapacidade - PP de Galicia","isPartOf":{"@id":"https:\/\/ppdegalicia.com\/es\/#website"},"primaryImageOfPage":{"@id":"https:\/\/ppdegalicia.com\/es\/o-grupo-popular-defende-o-traballo-dos-servizos-de-inspeccion-da-xunta-comprometidos-na-mellora-dos-centros-de-maiores-e-discapacidade\/#primaryimage"},"image":{"@id":"https:\/\/ppdegalicia.com\/es\/o-grupo-popular-defende-o-traballo-dos-servizos-de-inspeccion-da-xunta-comprometidos-na-mellora-dos-centros-de-maiores-e-discapacidade\/#primaryimage"},"thumbnailUrl":"https:\/\/ppdegalicia.com\/wp-content\/uploads\/2023\/09\/9392051d1c6437a4aa44d9c49269a7c6.jpg","datePublished":"2023-09-26T12:46:48+00:00","breadcrumb":{"@id":"https:\/\/ppdegalicia.com\/es\/o-grupo-popular-defende-o-traballo-dos-servizos-de-inspeccion-da-xunta-comprometidos-na-mellora-dos-centros-de-maiores-e-discapacidade\/#breadcrumb"},"inLanguage":"es","potentialAction":[{"@type":"ReadAction","target":["https:\/\/ppdegalicia.com\/es\/o-grupo-popular-defende-o-traballo-dos-servizos-de-inspeccion-da-xunta-comprometidos-na-mellora-dos-centros-de-maiores-e-discapacidade\/"]}]},{"@type":"ImageObject","inLanguage":"es","@id":"https:\/\/ppdegalicia.com\/es\/o-grupo-popular-defende-o-traballo-dos-servizos-de-inspeccion-da-xunta-comprometidos-na-mellora-dos-centros-de-maiores-e-discapacidade\/#primaryimage","url":"https:\/\/ppdegalicia.com\/wp-content\/uploads\/2023\/09\/9392051d1c6437a4aa44d9c49269a7c6.jpg","contentUrl":"https:\/\/ppdegalicia.com\/wp-content\/uploads\/2023\/09\/9392051d1c6437a4aa44d9c49269a7c6.jpg","width":1900,"height":1267},{"@type":"BreadcrumbList","@id":"https:\/\/ppdegalicia.com\/es\/o-grupo-popular-defende-o-traballo-dos-servizos-de-inspeccion-da-xunta-comprometidos-na-mellora-dos-centros-de-maiores-e-discapacidade\/#breadcrumb","itemListElement":[{"@type":"ListItem","position":1,"name":"Portada","item":"https:\/\/ppdegalicia.com\/es\/"},{"@type":"ListItem","position":2,"name":"O Grupo Popular defende o traballo dos servizos de inspecci\u00f3n da Xunta, comprometidos na mellora dos centros de maiores e discapacidade"}]},{"@type":"WebSite","@id":"https:\/\/ppdegalicia.com\/es\/#website","url":"https:\/\/ppdegalicia.com\/es\/","name":"Partido Popular de Galicia","description":"Partido Popular de Galicia","publisher":{"@id":"https:\/\/ppdegalicia.com\/es\/#organization"},"alternateName":"PP de Galicia","potentialAction":[{"@type":"SearchAction","target":{"@type":"EntryPoint","urlTemplate":"https:\/\/ppdegalicia.com\/es\/?s={search_term_string}"},"query-input":{"@type":"PropertyValueSpecification","valueRequired":true,"valueName":"search_term_string"}}],"inLanguage":"es"},{"@type":"Organization","@id":"https:\/\/ppdegalicia.com\/es\/#organization","name":"Partido Popular de Galicia","alternateName":"PP de Galicia","url":"https:\/\/ppdegalicia.com\/es\/","logo":{"@type":"ImageObject","inLanguage":"es","@id":"https:\/\/ppdegalicia.com\/es\/#\/schema\/logo\/image\/","url":"https:\/\/ppdegalicia.com\/wp-content\/uploads\/2023\/04\/logoPP512.png","contentUrl":"https:\/\/ppdegalicia.com\/wp-content\/uploads\/2023\/04\/logoPP512.png","width":512,"height":512,"caption":"Partido Popular de Galicia"},"image":{"@id":"https:\/\/ppdegalicia.com\/es\/#\/schema\/logo\/image\/"},"sameAs":["https:\/\/www.instagram.com\/ppdegalicia\/","https:\/\/x.com\/ppdegalicia","https:\/\/www.tiktok.com\/@ppdegalicia","https:\/\/www.youtube.com\/user\/ppdegalicia"]},{"@type":"Person","@id":"https:\/\/ppdegalicia.com\/es\/#\/schema\/person\/5b822c6f59e872ebdd1142f307dbcb59","name":"ppdegaliciaredes","image":{"@type":"ImageObject","inLanguage":"es","@id":"https:\/\/secure.gravatar.com\/avatar\/3c9179cf0256d00c72a48d1f25783c58b6842cd56e85ef3a572881c8e28ccd59?s=96&d=mm&r=g","url":"https:\/\/secure.gravatar.com\/avatar\/3c9179cf0256d00c72a48d1f25783c58b6842cd56e85ef3a572881c8e28ccd59?s=96&d=mm&r=g","contentUrl":"https:\/\/secure.gravatar.com\/avatar\/3c9179cf0256d00c72a48d1f25783c58b6842cd56e85ef3a572881c8e28ccd59?s=96&d=mm&r=g","caption":"ppdegaliciaredes"},"url":"https:\/\/ppdegalicia.com\/es\/author\/ppdegaliciaredes\/"}]}},"_links":{"self":[{"href":"https:\/\/ppdegalicia.com\/es\/wp-json\/wp\/v2\/posts\/58359","targetHints":{"allow":["GET"]}}],"collection":[{"href":"https:\/\/ppdegalicia.com\/es\/wp-json\/wp\/v2\/posts"}],"about":[{"href":"https:\/\/ppdegalicia.com\/es\/wp-json\/wp\/v2\/types\/post"}],"author":[{"embeddable":true,"href":"https:\/\/ppdegalicia.com\/es\/wp-json\/wp\/v2\/users\/38"}],"replies":[{"embeddable":true,"href":"https:\/\/ppdegalicia.com\/es\/wp-json\/wp\/v2\/comments?post=58359"}],"version-history":[{"count":0,"href":"https:\/\/ppdegalicia.com\/es\/wp-json\/wp\/v2\/posts\/58359\/revisions"}],"wp:featuredmedia":[{"embeddable":true,"href":"https:\/\/ppdegalicia.com\/es\/wp-json\/wp\/v2\/media\/58358"}],"wp:attachment":[{"href":"https:\/\/ppdegalicia.com\/es\/wp-json\/wp\/v2\/media?parent=58359"}],"wp:term":[{"taxonomy":"category","embeddable":true,"href":"https:\/\/ppdegalicia.com\/es\/wp-json\/wp\/v2\/categories?post=58359"},{"taxonomy":"post_tag","embeddable":true,"href":"https:\/\/ppdegalicia.com\/es\/wp-json\/wp\/v2\/tags?post=58359"}],"curies":[{"name":"wp","href":"https:\/\/api.w.org\/{rel}","templated":true}]}}