{"id":58361,"date":"2023-09-26T15:31:36","date_gmt":"2023-09-26T13:31:36","guid":{"rendered":"https:\/\/ppdegalicia.com\/o-grupo-popular-defende-o-traballo-dos-servizos-de-inspeccion-da-xunta-comprometidos-na-mellora-dos-centros-de-maiores-e-discapacidade-2\/"},"modified":"2023-09-26T15:31:36","modified_gmt":"2023-09-26T13:31:36","slug":"o-grupo-popular-defende-o-traballo-dos-servizos-de-inspeccion-da-xunta-comprometidos-na-mellora-dos-centros-de-maiores-e-discapacidade-2","status":"publish","type":"post","link":"https:\/\/ppdegalicia.com\/es\/o-grupo-popular-defende-o-traballo-dos-servizos-de-inspeccion-da-xunta-comprometidos-na-mellora-dos-centros-de-maiores-e-discapacidade-2\/","title":{"rendered":"O Grupo Popular critica a \u201cmanipulaci\u00f3n e a mentira feita sigla\u201d de BNG e PSdeG cando falan de orzamentos en materia sanitaria"},"content":{"rendered":"<p><img fetchpriority=\"high\" decoding=\"async\" class=\" size-full wp-image-58360\" src=\"https:\/\/ppdegalicia.com\/wp-content\/uploads\/2023\/09\/b34df335407ce8f131920c1ba6021914.jpg\" alt=\"\" width=\"1900\" height=\"1267\" srcset=\"https:\/\/ppdegalicia.com\/wp-content\/uploads\/2023\/09\/b34df335407ce8f131920c1ba6021914.jpg 1900w, https:\/\/ppdegalicia.com\/wp-content\/uploads\/2023\/09\/b34df335407ce8f131920c1ba6021914-300x200.jpg 300w, https:\/\/ppdegalicia.com\/wp-content\/uploads\/2023\/09\/b34df335407ce8f131920c1ba6021914-1024x683.jpg 1024w, https:\/\/ppdegalicia.com\/wp-content\/uploads\/2023\/09\/b34df335407ce8f131920c1ba6021914-768x512.jpg 768w, https:\/\/ppdegalicia.com\/wp-content\/uploads\/2023\/09\/b34df335407ce8f131920c1ba6021914-1536x1024.jpg 1536w\" sizes=\"(max-width: 1900px) 100vw, 1900px\" \/><\/p>\n<p>O portavoz do Grupo Popular, Alberto Pazos, criticou hoxe no Parlamento de Galicia a \u201cmanipulaci\u00f3n e a mentira feita sigla\u201d de BNG e PSdeG cando falan de orzamentos en materia sanitaria. Neste sentido, cuestiounou \u201ccomo \u00e9 posible que acusen de recortar en persoal a quen dedica 134 mill\u00f3ns de euros m\u00e1is cada ano a contratar persoal? Ou como \u00e9 posible que acusen de conivencia coa industria farmac\u00e9utica a quen reduciu en 54 mill\u00f3ns de euros ao ano o gasto farmac\u00e9utico\u201d.<\/p>\n<p><!--more--><\/p>\n<p>\u00a0<\/p>\n<p>Alberto Pazos explicou que \u201ca planificaci\u00f3n sensata deste Goberno galego permite que hoxe invistamos m\u00e1is en persoal de atenci\u00f3n primaria, en mellores instalaci\u00f3ns, en recursos tecnol\u00f3xicos e moito menos en gasto farmac\u00e9utico, gracias \u00e1 promoci\u00f3n do uso de xen\u00e9ricos, boicoteada no seu momento polo PSdeG\u201d.<\/p>\n<p>\u00a0<\/p>\n<p><strong><u>31,4 POR CENTO DO ORZAMENTO PARA ATENCI\u00d3N PRIMARIA<\/u><\/strong><\/p>\n<p>\u00a0<\/p>\n<p>\u201cAc\u00fasannos de dedicar menos do 25 por cento do orzamento de sanidade \u00e1 atenci\u00f3n primaria, cando a realidade \u00e9 que estamos destinando o 31,4 por cento, inclu\u00edndo a farmacia, como fac\u00edan BNG e PSdeG cando gobernaban e como reco\u00f1ece a propia Organizaci\u00f3n Mundial de Sa\u00fade na declaraci\u00f3n <em>Alma-ATA<\/em>\u201d, sinalou o portavoz popular.<\/p>\n<p>\u00a0<\/p>\n<p>As\u00ed mesmo, apuntou que \u201csolicitan un informe sobre prazas, caracter\u00edsticas e coberturas, no mesmo momento en que se est\u00e1 a negociar a regulaci\u00f3n do cadro de persoal cos sindicatos\u201d. \u201cDesco\u00f1ezo se o BNG non se f\u00eda da CIG ou da s\u00faa capacidade negociadora, ou se simplemente pretenden presionar para impo\u00f1er as s\u00faas propostas sobre as doutros sindicatos\u201d, dixo.<\/p>\n<p>\u00a0<\/p>\n<p>Para rematar, e sobre \u201co seu mantra da privatizaci\u00f3n, os dous partidos que en catro anos aumentaron un 50 por cento o orzamento dedicado a concertos e asinaron un acordo para blindar <em>Povisa<\/em>, condicionando o dese\u00f1o dun hospital p\u00fablico, se atreven a dar lecci\u00f3ns sobre a defensa da sanidade p\u00fablica\u201d. As\u00ed, conclu\u00edu que \u201cnunca a sanidade privada recibiu m\u00e1is cartos que con vostedes, nunca os seguros privados estiveron m\u00e1is fortes e nunca <em>Povisa<\/em> tivo mellor trato que cando PSdeG e BNG gobernaron\u201d.<\/p>\n","protected":false},"excerpt":{"rendered":"<p>O portavoz do Grupo Popular, Alberto Pazos, criticou hoxe no Parlamento de Galicia a \u201cmanipulaci\u00f3n e a mentira feita sigla\u201d de BNG e PSdeG cando falan de orzamentos en materia sanitaria. Neste sentido, cuestiounou \u201ccomo \u00e9 posible que acusen de recortar en persoal a quen dedica 134 mill\u00f3ns de euros m\u00e1is cada ano a contratar [&hellip;]<\/p>\n","protected":false},"author":38,"featured_media":58360,"comment_status":"open","ping_status":"open","sticky":false,"template":"","format":"standard","meta":{"_acf_changed":false,"footnotes":""},"categories":[1],"tags":[],"class_list":["post-58361","post","type-post","status-publish","format-standard","has-post-thumbnail","hentry","category-pp-de-galicia"],"acf":[],"yoast_head":"<!-- This site is optimized with the Yoast SEO plugin v27.3 - https:\/\/yoast.com\/product\/yoast-seo-wordpress\/ -->\n<title>O Grupo Popular critica a \u201cmanipulaci\u00f3n e a mentira feita sigla\u201d de BNG e PSdeG cando falan de orzamentos en materia sanitaria - PP de Galicia<\/title>\n<meta name=\"robots\" content=\"index, follow, max-snippet:-1, max-image-preview:large, max-video-preview:-1\" \/>\n<link rel=\"canonical\" href=\"https:\/\/ppdegalicia.com\/es\/o-grupo-popular-defende-o-traballo-dos-servizos-de-inspeccion-da-xunta-comprometidos-na-mellora-dos-centros-de-maiores-e-discapacidade-2\/\" \/>\n<meta property=\"og:locale\" content=\"es_ES\" \/>\n<meta property=\"og:type\" content=\"article\" \/>\n<meta property=\"og:title\" content=\"O Grupo Popular critica a \u201cmanipulaci\u00f3n e a mentira feita sigla\u201d de BNG e PSdeG cando falan de orzamentos en materia sanitaria - PP de Galicia\" \/>\n<meta property=\"og:description\" content=\"O portavoz do Grupo Popular, Alberto Pazos, criticou hoxe no Parlamento de Galicia a \u201cmanipulaci\u00f3n e a mentira feita sigla\u201d de BNG e PSdeG cando falan de orzamentos en materia sanitaria. Neste sentido, cuestiounou \u201ccomo \u00e9 posible que acusen de recortar en persoal a quen dedica 134 mill\u00f3ns de euros m\u00e1is cada ano a contratar [&hellip;]\" \/>\n<meta property=\"og:url\" content=\"https:\/\/ppdegalicia.com\/es\/o-grupo-popular-defende-o-traballo-dos-servizos-de-inspeccion-da-xunta-comprometidos-na-mellora-dos-centros-de-maiores-e-discapacidade-2\/\" \/>\n<meta property=\"og:site_name\" content=\"PP de Galicia\" \/>\n<meta property=\"article:publisher\" content=\"https:\/\/www.instagram.com\/ppdegalicia\/\" \/>\n<meta property=\"article:published_time\" content=\"2023-09-26T13:31:36+00:00\" \/>\n<meta property=\"og:image\" content=\"https:\/\/ppdegalicia.com\/wp-content\/uploads\/2023\/09\/b34df335407ce8f131920c1ba6021914.jpg\" \/>\n\t<meta property=\"og:image:width\" content=\"1900\" \/>\n\t<meta property=\"og:image:height\" content=\"1267\" \/>\n\t<meta property=\"og:image:type\" content=\"image\/jpeg\" \/>\n<meta name=\"author\" content=\"ppdegaliciaredes\" \/>\n<meta name=\"twitter:card\" content=\"summary_large_image\" \/>\n<meta name=\"twitter:creator\" content=\"@ppdegalicia\" \/>\n<meta name=\"twitter:site\" content=\"@ppdegalicia\" \/>\n<meta name=\"twitter:label1\" content=\"Escrito por\" \/>\n\t<meta name=\"twitter:data1\" content=\"ppdegaliciaredes\" \/>\n\t<meta name=\"twitter:label2\" content=\"Tiempo de lectura\" \/>\n\t<meta name=\"twitter:data2\" content=\"2 minutos\" \/>\n<script type=\"application\/ld+json\" class=\"yoast-schema-graph\">{\"@context\":\"https:\\\/\\\/schema.org\",\"@graph\":[{\"@type\":\"Article\",\"@id\":\"https:\\\/\\\/ppdegalicia.com\\\/es\\\/o-grupo-popular-defende-o-traballo-dos-servizos-de-inspeccion-da-xunta-comprometidos-na-mellora-dos-centros-de-maiores-e-discapacidade-2\\\/#article\",\"isPartOf\":{\"@id\":\"https:\\\/\\\/ppdegalicia.com\\\/es\\\/o-grupo-popular-defende-o-traballo-dos-servizos-de-inspeccion-da-xunta-comprometidos-na-mellora-dos-centros-de-maiores-e-discapacidade-2\\\/\"},\"author\":{\"name\":\"ppdegaliciaredes\",\"@id\":\"https:\\\/\\\/ppdegalicia.com\\\/es\\\/#\\\/schema\\\/person\\\/5b822c6f59e872ebdd1142f307dbcb59\"},\"headline\":\"O Grupo Popular critica a \u201cmanipulaci\u00f3n e a mentira feita sigla\u201d de BNG e PSdeG cando falan de orzamentos en materia sanitaria\",\"datePublished\":\"2023-09-26T13:31:36+00:00\",\"mainEntityOfPage\":{\"@id\":\"https:\\\/\\\/ppdegalicia.com\\\/es\\\/o-grupo-popular-defende-o-traballo-dos-servizos-de-inspeccion-da-xunta-comprometidos-na-mellora-dos-centros-de-maiores-e-discapacidade-2\\\/\"},\"wordCount\":375,\"commentCount\":0,\"publisher\":{\"@id\":\"https:\\\/\\\/ppdegalicia.com\\\/es\\\/#organization\"},\"image\":{\"@id\":\"https:\\\/\\\/ppdegalicia.com\\\/es\\\/o-grupo-popular-defende-o-traballo-dos-servizos-de-inspeccion-da-xunta-comprometidos-na-mellora-dos-centros-de-maiores-e-discapacidade-2\\\/#primaryimage\"},\"thumbnailUrl\":\"https:\\\/\\\/ppdegalicia.com\\\/wp-content\\\/uploads\\\/2023\\\/09\\\/b34df335407ce8f131920c1ba6021914.jpg\",\"articleSection\":[\"PP de Galicia\"],\"inLanguage\":\"es\",\"potentialAction\":[{\"@type\":\"CommentAction\",\"name\":\"Comment\",\"target\":[\"https:\\\/\\\/ppdegalicia.com\\\/es\\\/o-grupo-popular-defende-o-traballo-dos-servizos-de-inspeccion-da-xunta-comprometidos-na-mellora-dos-centros-de-maiores-e-discapacidade-2\\\/#respond\"]}]},{\"@type\":\"WebPage\",\"@id\":\"https:\\\/\\\/ppdegalicia.com\\\/es\\\/o-grupo-popular-defende-o-traballo-dos-servizos-de-inspeccion-da-xunta-comprometidos-na-mellora-dos-centros-de-maiores-e-discapacidade-2\\\/\",\"url\":\"https:\\\/\\\/ppdegalicia.com\\\/es\\\/o-grupo-popular-defende-o-traballo-dos-servizos-de-inspeccion-da-xunta-comprometidos-na-mellora-dos-centros-de-maiores-e-discapacidade-2\\\/\",\"name\":\"O Grupo Popular critica a \u201cmanipulaci\u00f3n e a mentira feita sigla\u201d de BNG e PSdeG cando falan de orzamentos en materia sanitaria - PP de Galicia\",\"isPartOf\":{\"@id\":\"https:\\\/\\\/ppdegalicia.com\\\/es\\\/#website\"},\"primaryImageOfPage\":{\"@id\":\"https:\\\/\\\/ppdegalicia.com\\\/es\\\/o-grupo-popular-defende-o-traballo-dos-servizos-de-inspeccion-da-xunta-comprometidos-na-mellora-dos-centros-de-maiores-e-discapacidade-2\\\/#primaryimage\"},\"image\":{\"@id\":\"https:\\\/\\\/ppdegalicia.com\\\/es\\\/o-grupo-popular-defende-o-traballo-dos-servizos-de-inspeccion-da-xunta-comprometidos-na-mellora-dos-centros-de-maiores-e-discapacidade-2\\\/#primaryimage\"},\"thumbnailUrl\":\"https:\\\/\\\/ppdegalicia.com\\\/wp-content\\\/uploads\\\/2023\\\/09\\\/b34df335407ce8f131920c1ba6021914.jpg\",\"datePublished\":\"2023-09-26T13:31:36+00:00\",\"breadcrumb\":{\"@id\":\"https:\\\/\\\/ppdegalicia.com\\\/es\\\/o-grupo-popular-defende-o-traballo-dos-servizos-de-inspeccion-da-xunta-comprometidos-na-mellora-dos-centros-de-maiores-e-discapacidade-2\\\/#breadcrumb\"},\"inLanguage\":\"es\",\"potentialAction\":[{\"@type\":\"ReadAction\",\"target\":[\"https:\\\/\\\/ppdegalicia.com\\\/es\\\/o-grupo-popular-defende-o-traballo-dos-servizos-de-inspeccion-da-xunta-comprometidos-na-mellora-dos-centros-de-maiores-e-discapacidade-2\\\/\"]}]},{\"@type\":\"ImageObject\",\"inLanguage\":\"es\",\"@id\":\"https:\\\/\\\/ppdegalicia.com\\\/es\\\/o-grupo-popular-defende-o-traballo-dos-servizos-de-inspeccion-da-xunta-comprometidos-na-mellora-dos-centros-de-maiores-e-discapacidade-2\\\/#primaryimage\",\"url\":\"https:\\\/\\\/ppdegalicia.com\\\/wp-content\\\/uploads\\\/2023\\\/09\\\/b34df335407ce8f131920c1ba6021914.jpg\",\"contentUrl\":\"https:\\\/\\\/ppdegalicia.com\\\/wp-content\\\/uploads\\\/2023\\\/09\\\/b34df335407ce8f131920c1ba6021914.jpg\",\"width\":1900,\"height\":1267},{\"@type\":\"BreadcrumbList\",\"@id\":\"https:\\\/\\\/ppdegalicia.com\\\/es\\\/o-grupo-popular-defende-o-traballo-dos-servizos-de-inspeccion-da-xunta-comprometidos-na-mellora-dos-centros-de-maiores-e-discapacidade-2\\\/#breadcrumb\",\"itemListElement\":[{\"@type\":\"ListItem\",\"position\":1,\"name\":\"Portada\",\"item\":\"https:\\\/\\\/ppdegalicia.com\\\/es\\\/\"},{\"@type\":\"ListItem\",\"position\":2,\"name\":\"O Grupo Popular critica a \u201cmanipulaci\u00f3n e a mentira feita sigla\u201d de BNG e PSdeG cando falan de orzamentos en materia sanitaria\"}]},{\"@type\":\"WebSite\",\"@id\":\"https:\\\/\\\/ppdegalicia.com\\\/es\\\/#website\",\"url\":\"https:\\\/\\\/ppdegalicia.com\\\/es\\\/\",\"name\":\"Partido Popular de Galicia\",\"description\":\"Partido Popular de Galicia\",\"publisher\":{\"@id\":\"https:\\\/\\\/ppdegalicia.com\\\/es\\\/#organization\"},\"alternateName\":\"PP de Galicia\",\"potentialAction\":[{\"@type\":\"SearchAction\",\"target\":{\"@type\":\"EntryPoint\",\"urlTemplate\":\"https:\\\/\\\/ppdegalicia.com\\\/es\\\/?s={search_term_string}\"},\"query-input\":{\"@type\":\"PropertyValueSpecification\",\"valueRequired\":true,\"valueName\":\"search_term_string\"}}],\"inLanguage\":\"es\"},{\"@type\":\"Organization\",\"@id\":\"https:\\\/\\\/ppdegalicia.com\\\/es\\\/#organization\",\"name\":\"Partido Popular de Galicia\",\"alternateName\":\"PP de Galicia\",\"url\":\"https:\\\/\\\/ppdegalicia.com\\\/es\\\/\",\"logo\":{\"@type\":\"ImageObject\",\"inLanguage\":\"es\",\"@id\":\"https:\\\/\\\/ppdegalicia.com\\\/es\\\/#\\\/schema\\\/logo\\\/image\\\/\",\"url\":\"https:\\\/\\\/ppdegalicia.com\\\/wp-content\\\/uploads\\\/2023\\\/04\\\/logoPP512.png\",\"contentUrl\":\"https:\\\/\\\/ppdegalicia.com\\\/wp-content\\\/uploads\\\/2023\\\/04\\\/logoPP512.png\",\"width\":512,\"height\":512,\"caption\":\"Partido Popular de Galicia\"},\"image\":{\"@id\":\"https:\\\/\\\/ppdegalicia.com\\\/es\\\/#\\\/schema\\\/logo\\\/image\\\/\"},\"sameAs\":[\"https:\\\/\\\/www.instagram.com\\\/ppdegalicia\\\/\",\"https:\\\/\\\/x.com\\\/ppdegalicia\",\"https:\\\/\\\/www.tiktok.com\\\/@ppdegalicia\",\"https:\\\/\\\/www.youtube.com\\\/user\\\/ppdegalicia\"]},{\"@type\":\"Person\",\"@id\":\"https:\\\/\\\/ppdegalicia.com\\\/es\\\/#\\\/schema\\\/person\\\/5b822c6f59e872ebdd1142f307dbcb59\",\"name\":\"ppdegaliciaredes\",\"image\":{\"@type\":\"ImageObject\",\"inLanguage\":\"es\",\"@id\":\"https:\\\/\\\/secure.gravatar.com\\\/avatar\\\/3c9179cf0256d00c72a48d1f25783c58b6842cd56e85ef3a572881c8e28ccd59?s=96&d=mm&r=g\",\"url\":\"https:\\\/\\\/secure.gravatar.com\\\/avatar\\\/3c9179cf0256d00c72a48d1f25783c58b6842cd56e85ef3a572881c8e28ccd59?s=96&d=mm&r=g\",\"contentUrl\":\"https:\\\/\\\/secure.gravatar.com\\\/avatar\\\/3c9179cf0256d00c72a48d1f25783c58b6842cd56e85ef3a572881c8e28ccd59?s=96&d=mm&r=g\",\"caption\":\"ppdegaliciaredes\"},\"url\":\"https:\\\/\\\/ppdegalicia.com\\\/es\\\/author\\\/ppdegaliciaredes\\\/\"}]}<\/script>\n<!-- \/ Yoast SEO plugin. -->","yoast_head_json":{"title":"O Grupo Popular critica a \u201cmanipulaci\u00f3n e a mentira feita sigla\u201d de BNG e PSdeG cando falan de orzamentos en materia sanitaria - PP de Galicia","robots":{"index":"index","follow":"follow","max-snippet":"max-snippet:-1","max-image-preview":"max-image-preview:large","max-video-preview":"max-video-preview:-1"},"canonical":"https:\/\/ppdegalicia.com\/es\/o-grupo-popular-defende-o-traballo-dos-servizos-de-inspeccion-da-xunta-comprometidos-na-mellora-dos-centros-de-maiores-e-discapacidade-2\/","og_locale":"es_ES","og_type":"article","og_title":"O Grupo Popular critica a \u201cmanipulaci\u00f3n e a mentira feita sigla\u201d de BNG e PSdeG cando falan de orzamentos en materia sanitaria - PP de Galicia","og_description":"O portavoz do Grupo Popular, Alberto Pazos, criticou hoxe no Parlamento de Galicia a \u201cmanipulaci\u00f3n e a mentira feita sigla\u201d de BNG e PSdeG cando falan de orzamentos en materia sanitaria. Neste sentido, cuestiounou \u201ccomo \u00e9 posible que acusen de recortar en persoal a quen dedica 134 mill\u00f3ns de euros m\u00e1is cada ano a contratar [&hellip;]","og_url":"https:\/\/ppdegalicia.com\/es\/o-grupo-popular-defende-o-traballo-dos-servizos-de-inspeccion-da-xunta-comprometidos-na-mellora-dos-centros-de-maiores-e-discapacidade-2\/","og_site_name":"PP de Galicia","article_publisher":"https:\/\/www.instagram.com\/ppdegalicia\/","article_published_time":"2023-09-26T13:31:36+00:00","og_image":[{"width":1900,"height":1267,"url":"https:\/\/ppdegalicia.com\/wp-content\/uploads\/2023\/09\/b34df335407ce8f131920c1ba6021914.jpg","type":"image\/jpeg"}],"author":"ppdegaliciaredes","twitter_card":"summary_large_image","twitter_creator":"@ppdegalicia","twitter_site":"@ppdegalicia","twitter_misc":{"Escrito por":"ppdegaliciaredes","Tiempo de lectura":"2 minutos"},"schema":{"@context":"https:\/\/schema.org","@graph":[{"@type":"Article","@id":"https:\/\/ppdegalicia.com\/es\/o-grupo-popular-defende-o-traballo-dos-servizos-de-inspeccion-da-xunta-comprometidos-na-mellora-dos-centros-de-maiores-e-discapacidade-2\/#article","isPartOf":{"@id":"https:\/\/ppdegalicia.com\/es\/o-grupo-popular-defende-o-traballo-dos-servizos-de-inspeccion-da-xunta-comprometidos-na-mellora-dos-centros-de-maiores-e-discapacidade-2\/"},"author":{"name":"ppdegaliciaredes","@id":"https:\/\/ppdegalicia.com\/es\/#\/schema\/person\/5b822c6f59e872ebdd1142f307dbcb59"},"headline":"O Grupo Popular critica a \u201cmanipulaci\u00f3n e a mentira feita sigla\u201d de BNG e PSdeG cando falan de orzamentos en materia sanitaria","datePublished":"2023-09-26T13:31:36+00:00","mainEntityOfPage":{"@id":"https:\/\/ppdegalicia.com\/es\/o-grupo-popular-defende-o-traballo-dos-servizos-de-inspeccion-da-xunta-comprometidos-na-mellora-dos-centros-de-maiores-e-discapacidade-2\/"},"wordCount":375,"commentCount":0,"publisher":{"@id":"https:\/\/ppdegalicia.com\/es\/#organization"},"image":{"@id":"https:\/\/ppdegalicia.com\/es\/o-grupo-popular-defende-o-traballo-dos-servizos-de-inspeccion-da-xunta-comprometidos-na-mellora-dos-centros-de-maiores-e-discapacidade-2\/#primaryimage"},"thumbnailUrl":"https:\/\/ppdegalicia.com\/wp-content\/uploads\/2023\/09\/b34df335407ce8f131920c1ba6021914.jpg","articleSection":["PP de Galicia"],"inLanguage":"es","potentialAction":[{"@type":"CommentAction","name":"Comment","target":["https:\/\/ppdegalicia.com\/es\/o-grupo-popular-defende-o-traballo-dos-servizos-de-inspeccion-da-xunta-comprometidos-na-mellora-dos-centros-de-maiores-e-discapacidade-2\/#respond"]}]},{"@type":"WebPage","@id":"https:\/\/ppdegalicia.com\/es\/o-grupo-popular-defende-o-traballo-dos-servizos-de-inspeccion-da-xunta-comprometidos-na-mellora-dos-centros-de-maiores-e-discapacidade-2\/","url":"https:\/\/ppdegalicia.com\/es\/o-grupo-popular-defende-o-traballo-dos-servizos-de-inspeccion-da-xunta-comprometidos-na-mellora-dos-centros-de-maiores-e-discapacidade-2\/","name":"O Grupo Popular critica a \u201cmanipulaci\u00f3n e a mentira feita sigla\u201d de BNG e PSdeG cando falan de orzamentos en materia sanitaria - PP de Galicia","isPartOf":{"@id":"https:\/\/ppdegalicia.com\/es\/#website"},"primaryImageOfPage":{"@id":"https:\/\/ppdegalicia.com\/es\/o-grupo-popular-defende-o-traballo-dos-servizos-de-inspeccion-da-xunta-comprometidos-na-mellora-dos-centros-de-maiores-e-discapacidade-2\/#primaryimage"},"image":{"@id":"https:\/\/ppdegalicia.com\/es\/o-grupo-popular-defende-o-traballo-dos-servizos-de-inspeccion-da-xunta-comprometidos-na-mellora-dos-centros-de-maiores-e-discapacidade-2\/#primaryimage"},"thumbnailUrl":"https:\/\/ppdegalicia.com\/wp-content\/uploads\/2023\/09\/b34df335407ce8f131920c1ba6021914.jpg","datePublished":"2023-09-26T13:31:36+00:00","breadcrumb":{"@id":"https:\/\/ppdegalicia.com\/es\/o-grupo-popular-defende-o-traballo-dos-servizos-de-inspeccion-da-xunta-comprometidos-na-mellora-dos-centros-de-maiores-e-discapacidade-2\/#breadcrumb"},"inLanguage":"es","potentialAction":[{"@type":"ReadAction","target":["https:\/\/ppdegalicia.com\/es\/o-grupo-popular-defende-o-traballo-dos-servizos-de-inspeccion-da-xunta-comprometidos-na-mellora-dos-centros-de-maiores-e-discapacidade-2\/"]}]},{"@type":"ImageObject","inLanguage":"es","@id":"https:\/\/ppdegalicia.com\/es\/o-grupo-popular-defende-o-traballo-dos-servizos-de-inspeccion-da-xunta-comprometidos-na-mellora-dos-centros-de-maiores-e-discapacidade-2\/#primaryimage","url":"https:\/\/ppdegalicia.com\/wp-content\/uploads\/2023\/09\/b34df335407ce8f131920c1ba6021914.jpg","contentUrl":"https:\/\/ppdegalicia.com\/wp-content\/uploads\/2023\/09\/b34df335407ce8f131920c1ba6021914.jpg","width":1900,"height":1267},{"@type":"BreadcrumbList","@id":"https:\/\/ppdegalicia.com\/es\/o-grupo-popular-defende-o-traballo-dos-servizos-de-inspeccion-da-xunta-comprometidos-na-mellora-dos-centros-de-maiores-e-discapacidade-2\/#breadcrumb","itemListElement":[{"@type":"ListItem","position":1,"name":"Portada","item":"https:\/\/ppdegalicia.com\/es\/"},{"@type":"ListItem","position":2,"name":"O Grupo Popular critica a \u201cmanipulaci\u00f3n e a mentira feita sigla\u201d de BNG e PSdeG cando falan de orzamentos en materia sanitaria"}]},{"@type":"WebSite","@id":"https:\/\/ppdegalicia.com\/es\/#website","url":"https:\/\/ppdegalicia.com\/es\/","name":"Partido Popular de Galicia","description":"Partido Popular de Galicia","publisher":{"@id":"https:\/\/ppdegalicia.com\/es\/#organization"},"alternateName":"PP de Galicia","potentialAction":[{"@type":"SearchAction","target":{"@type":"EntryPoint","urlTemplate":"https:\/\/ppdegalicia.com\/es\/?s={search_term_string}"},"query-input":{"@type":"PropertyValueSpecification","valueRequired":true,"valueName":"search_term_string"}}],"inLanguage":"es"},{"@type":"Organization","@id":"https:\/\/ppdegalicia.com\/es\/#organization","name":"Partido Popular de Galicia","alternateName":"PP de Galicia","url":"https:\/\/ppdegalicia.com\/es\/","logo":{"@type":"ImageObject","inLanguage":"es","@id":"https:\/\/ppdegalicia.com\/es\/#\/schema\/logo\/image\/","url":"https:\/\/ppdegalicia.com\/wp-content\/uploads\/2023\/04\/logoPP512.png","contentUrl":"https:\/\/ppdegalicia.com\/wp-content\/uploads\/2023\/04\/logoPP512.png","width":512,"height":512,"caption":"Partido Popular de Galicia"},"image":{"@id":"https:\/\/ppdegalicia.com\/es\/#\/schema\/logo\/image\/"},"sameAs":["https:\/\/www.instagram.com\/ppdegalicia\/","https:\/\/x.com\/ppdegalicia","https:\/\/www.tiktok.com\/@ppdegalicia","https:\/\/www.youtube.com\/user\/ppdegalicia"]},{"@type":"Person","@id":"https:\/\/ppdegalicia.com\/es\/#\/schema\/person\/5b822c6f59e872ebdd1142f307dbcb59","name":"ppdegaliciaredes","image":{"@type":"ImageObject","inLanguage":"es","@id":"https:\/\/secure.gravatar.com\/avatar\/3c9179cf0256d00c72a48d1f25783c58b6842cd56e85ef3a572881c8e28ccd59?s=96&d=mm&r=g","url":"https:\/\/secure.gravatar.com\/avatar\/3c9179cf0256d00c72a48d1f25783c58b6842cd56e85ef3a572881c8e28ccd59?s=96&d=mm&r=g","contentUrl":"https:\/\/secure.gravatar.com\/avatar\/3c9179cf0256d00c72a48d1f25783c58b6842cd56e85ef3a572881c8e28ccd59?s=96&d=mm&r=g","caption":"ppdegaliciaredes"},"url":"https:\/\/ppdegalicia.com\/es\/author\/ppdegaliciaredes\/"}]}},"_links":{"self":[{"href":"https:\/\/ppdegalicia.com\/es\/wp-json\/wp\/v2\/posts\/58361","targetHints":{"allow":["GET"]}}],"collection":[{"href":"https:\/\/ppdegalicia.com\/es\/wp-json\/wp\/v2\/posts"}],"about":[{"href":"https:\/\/ppdegalicia.com\/es\/wp-json\/wp\/v2\/types\/post"}],"author":[{"embeddable":true,"href":"https:\/\/ppdegalicia.com\/es\/wp-json\/wp\/v2\/users\/38"}],"replies":[{"embeddable":true,"href":"https:\/\/ppdegalicia.com\/es\/wp-json\/wp\/v2\/comments?post=58361"}],"version-history":[{"count":0,"href":"https:\/\/ppdegalicia.com\/es\/wp-json\/wp\/v2\/posts\/58361\/revisions"}],"wp:featuredmedia":[{"embeddable":true,"href":"https:\/\/ppdegalicia.com\/es\/wp-json\/wp\/v2\/media\/58360"}],"wp:attachment":[{"href":"https:\/\/ppdegalicia.com\/es\/wp-json\/wp\/v2\/media?parent=58361"}],"wp:term":[{"taxonomy":"category","embeddable":true,"href":"https:\/\/ppdegalicia.com\/es\/wp-json\/wp\/v2\/categories?post=58361"},{"taxonomy":"post_tag","embeddable":true,"href":"https:\/\/ppdegalicia.com\/es\/wp-json\/wp\/v2\/tags?post=58361"}],"curies":[{"name":"wp","href":"https:\/\/api.w.org\/{rel}","templated":true}]}}