{"id":58363,"date":"2023-09-26T17:08:04","date_gmt":"2023-09-26T15:08:04","guid":{"rendered":"https:\/\/ppdegalicia.com\/o-grupo-popular-propon-a-bng-e-psdeg-a-creacion-dunha-comision-de-estudo-sobre-a-posible-modificacion-do-himno-de-galicia\/"},"modified":"2023-09-26T17:08:04","modified_gmt":"2023-09-26T15:08:04","slug":"o-grupo-popular-propon-a-bng-e-psdeg-a-creacion-dunha-comision-de-estudo-sobre-a-posible-modificacion-do-himno-de-galicia","status":"publish","type":"post","link":"https:\/\/ppdegalicia.com\/es\/o-grupo-popular-propon-a-bng-e-psdeg-a-creacion-dunha-comision-de-estudo-sobre-a-posible-modificacion-do-himno-de-galicia\/","title":{"rendered":"O Grupo Popular prop\u00f3n a BNG e PSdeG a creaci\u00f3n dunha Comisi\u00f3n de estudo sobre a posible modificaci\u00f3n do himno de Galicia"},"content":{"rendered":"<p><img fetchpriority=\"high\" decoding=\"async\" class=\" size-full wp-image-58362\" src=\"https:\/\/ppdegalicia.com\/wp-content\/uploads\/2023\/09\/345368fa31a6f385890f807df14a6a2c.jpg\" alt=\"\" width=\"1900\" height=\"1267\" srcset=\"https:\/\/ppdegalicia.com\/wp-content\/uploads\/2023\/09\/345368fa31a6f385890f807df14a6a2c.jpg 1900w, https:\/\/ppdegalicia.com\/wp-content\/uploads\/2023\/09\/345368fa31a6f385890f807df14a6a2c-300x200.jpg 300w, https:\/\/ppdegalicia.com\/wp-content\/uploads\/2023\/09\/345368fa31a6f385890f807df14a6a2c-1024x683.jpg 1024w, https:\/\/ppdegalicia.com\/wp-content\/uploads\/2023\/09\/345368fa31a6f385890f807df14a6a2c-768x512.jpg 768w, https:\/\/ppdegalicia.com\/wp-content\/uploads\/2023\/09\/345368fa31a6f385890f807df14a6a2c-1536x1024.jpg 1536w\" sizes=\"(max-width: 1900px) 100vw, 1900px\" \/><\/p>\n<p>O portavoz do Grupo Popular, Alberto Pazos, ofreceu hoxe a BNG e PSdeG a creaci\u00f3n no Parlamento de Galicia dunha Comisi\u00f3n non permanente especial de Estudo sobre a posible modificaci\u00f3n do himno de Galicia. \u201cA pesar de que polo n\u00famero de deputados poder\u00edamos constitu\u00edla n\u00f3s de xeito individualmente, consideramos que unha cuesti\u00f3n desta importancia para todos os galegos debe partir da unanimidade de todos os grupos que forman parte deste Parlamento\u201d, manifestou.<\/p>\n<p><!--more--><\/p>\n<p>No debate da iniciativa lexislativa popular sobre a restauraci\u00f3n do texto fidedigno do himno galego e a s\u00faa difusi\u00f3n, Alberto Pazos comezou a s\u00faa intervenci\u00f3n agradecendo \u201co traballo do profesor Ferreiro, pola s\u00faa contribuci\u00f3n rigorosa que nos achega un mellor co\u00f1ecemento da obra de Pondal; \u00e1 comisi\u00f3n promotora desta iniciativa lexislativa popular, por trasladar o debate desas aportaci\u00f3ns ao Parlamento galego; e aos 16.000 galegos e galegas que amosaron o seu interese pola nosa cultura e os nosos s\u00edmbolos asinando esta proposici\u00f3n de Lei\u201d.<\/p>\n<p>\u00a0<\/p>\n<p>Neste sentido, subli\u00f1ou que \u201ccada ILP debatida neste Parlamento nos reafirma na convicci\u00f3n de que desde o PPdeG acertamos cando decidimos modificar en solitario a Lei de iniciativa popular para facela m\u00e1is asequible a todos os cidad\u00e1ns do noso pa\u00eds\u201d.<\/p>\n<p>\u00a0<\/p>\n<p>O portavoz popular explicou que \u201co posicionamento deste grupo parlamentario coincide co sentir maioritario de instituci\u00f3ns como a Real Academia Galega ou o Consello da Cultura de Galicia, cando menos en tres cuesti\u00f3ns fundamentais: m\u00e1xima disposici\u00f3n para estudar calquera nova evidencia cient\u00edfica que aporte luz \u00e1 cuesti\u00f3n; necesidade dunha an\u00e1lise pausada e reflexiva; e existencia dun ampl\u00edsimo consenso social, como requisito necesario para introducir calquera cambio no que \u00e9 patrimonio de todos\u201d.<\/p>\n<p>\u00a0<\/p>\n<p>O MELLOR INSTRUMENTO<\/p>\n<p>\u00a0<\/p>\n<p>\u201cA estes requisitos, queremos explicitar un cuarto, que consideramos imprescindible: namentres o Grupo Popular ostente a maior\u00eda, non se producir\u00e1 ning\u00fan cambio nos s\u00edmbolos de Galicia sen que exista unanimidade parlamentaria\u201d, afirmou. Deste xeito, apuntou que \u201cnosa \u00e9 a responsabilidade de que os s\u00edmbolos que os galegos adoptamos de forma consensuada e pac\u00edfica non se convertan en causa ou escusa de enfrontamento\u201d. \u201cNon ser\u00edamos dignos de representar a este pobo se incorr\u00e9semos nun erro de tama\u00f1a magnitude\u201d, conclu\u00edu.<\/p>\n<p>\u00a0<\/p>\n<p>Alberto Pazos considerou \u201co mellor instrumento\u201d para a posible introduci\u00f3n de cambios no himno galego a creaci\u00f3n dunha Comisi\u00f3n de Estudo no Parlamento de Galicia, \u201cque permitir\u00e1 abordar esta cuesti\u00f3n sen sometemento aos estritos prazos de tramitaci\u00f3n dunha iniciativa lexislativa popular\u201d. \u201cQueremos que entendan esta decisi\u00f3n non como un punto final a esta iniciativa, sen\u00f3n como un primeiro paso para tramitala coas m\u00e1ximas garant\u00edas\u201d, dixo.<\/p>\n<p>\u00a0<\/p>\n<p>As\u00ed, avanzou que \u201cproporemos que a esta Comisi\u00f3n de Estudo se incorpore o expediente desta iniciativa lexislativa popular e solicitaremos a comparecencia, entre outros, do profesor Ferreiro, para que poda explicar a importancia dos seus achados\u201d.<\/p>\n","protected":false},"excerpt":{"rendered":"<p>O portavoz do Grupo Popular, Alberto Pazos, ofreceu hoxe a BNG e PSdeG a creaci\u00f3n no Parlamento de Galicia dunha Comisi\u00f3n non permanente especial de Estudo sobre a posible modificaci\u00f3n do himno de Galicia. \u201cA pesar de que polo n\u00famero de deputados poder\u00edamos constitu\u00edla n\u00f3s de xeito individualmente, consideramos que unha cuesti\u00f3n desta importancia para [&hellip;]<\/p>\n","protected":false},"author":38,"featured_media":58362,"comment_status":"open","ping_status":"open","sticky":false,"template":"","format":"standard","meta":{"_acf_changed":false,"footnotes":""},"categories":[1],"tags":[],"class_list":["post-58363","post","type-post","status-publish","format-standard","has-post-thumbnail","hentry","category-pp-de-galicia"],"acf":[],"yoast_head":"<!-- This site is optimized with the Yoast SEO plugin v27.3 - https:\/\/yoast.com\/product\/yoast-seo-wordpress\/ -->\n<title>O Grupo Popular prop\u00f3n a BNG e PSdeG a creaci\u00f3n dunha Comisi\u00f3n de estudo sobre a posible modificaci\u00f3n do himno de Galicia - PP de Galicia<\/title>\n<meta name=\"robots\" content=\"index, follow, max-snippet:-1, max-image-preview:large, max-video-preview:-1\" \/>\n<link rel=\"canonical\" href=\"https:\/\/ppdegalicia.com\/es\/o-grupo-popular-propon-a-bng-e-psdeg-a-creacion-dunha-comision-de-estudo-sobre-a-posible-modificacion-do-himno-de-galicia\/\" \/>\n<meta property=\"og:locale\" content=\"es_ES\" \/>\n<meta property=\"og:type\" content=\"article\" \/>\n<meta property=\"og:title\" content=\"O Grupo Popular prop\u00f3n a BNG e PSdeG a creaci\u00f3n dunha Comisi\u00f3n de estudo sobre a posible modificaci\u00f3n do himno de Galicia - PP de Galicia\" \/>\n<meta property=\"og:description\" content=\"O portavoz do Grupo Popular, Alberto Pazos, ofreceu hoxe a BNG e PSdeG a creaci\u00f3n no Parlamento de Galicia dunha Comisi\u00f3n non permanente especial de Estudo sobre a posible modificaci\u00f3n do himno de Galicia. \u201cA pesar de que polo n\u00famero de deputados poder\u00edamos constitu\u00edla n\u00f3s de xeito individualmente, consideramos que unha cuesti\u00f3n desta importancia para [&hellip;]\" \/>\n<meta property=\"og:url\" content=\"https:\/\/ppdegalicia.com\/es\/o-grupo-popular-propon-a-bng-e-psdeg-a-creacion-dunha-comision-de-estudo-sobre-a-posible-modificacion-do-himno-de-galicia\/\" \/>\n<meta property=\"og:site_name\" content=\"PP de Galicia\" \/>\n<meta property=\"article:publisher\" content=\"https:\/\/www.instagram.com\/ppdegalicia\/\" \/>\n<meta property=\"article:published_time\" content=\"2023-09-26T15:08:04+00:00\" \/>\n<meta property=\"og:image\" content=\"https:\/\/ppdegalicia.com\/wp-content\/uploads\/2023\/09\/345368fa31a6f385890f807df14a6a2c.jpg\" \/>\n\t<meta property=\"og:image:width\" content=\"1900\" \/>\n\t<meta property=\"og:image:height\" content=\"1267\" \/>\n\t<meta property=\"og:image:type\" content=\"image\/jpeg\" \/>\n<meta name=\"author\" content=\"ppdegaliciaredes\" \/>\n<meta name=\"twitter:card\" content=\"summary_large_image\" \/>\n<meta name=\"twitter:creator\" content=\"@ppdegalicia\" \/>\n<meta name=\"twitter:site\" content=\"@ppdegalicia\" \/>\n<meta name=\"twitter:label1\" content=\"Escrito por\" \/>\n\t<meta name=\"twitter:data1\" content=\"ppdegaliciaredes\" \/>\n\t<meta name=\"twitter:label2\" content=\"Tiempo de lectura\" \/>\n\t<meta name=\"twitter:data2\" content=\"2 minutos\" \/>\n<script type=\"application\/ld+json\" class=\"yoast-schema-graph\">{\"@context\":\"https:\\\/\\\/schema.org\",\"@graph\":[{\"@type\":\"Article\",\"@id\":\"https:\\\/\\\/ppdegalicia.com\\\/es\\\/o-grupo-popular-propon-a-bng-e-psdeg-a-creacion-dunha-comision-de-estudo-sobre-a-posible-modificacion-do-himno-de-galicia\\\/#article\",\"isPartOf\":{\"@id\":\"https:\\\/\\\/ppdegalicia.com\\\/es\\\/o-grupo-popular-propon-a-bng-e-psdeg-a-creacion-dunha-comision-de-estudo-sobre-a-posible-modificacion-do-himno-de-galicia\\\/\"},\"author\":{\"name\":\"ppdegaliciaredes\",\"@id\":\"https:\\\/\\\/ppdegalicia.com\\\/es\\\/#\\\/schema\\\/person\\\/5b822c6f59e872ebdd1142f307dbcb59\"},\"headline\":\"O Grupo Popular prop\u00f3n a BNG e PSdeG a creaci\u00f3n dunha Comisi\u00f3n de estudo sobre a posible modificaci\u00f3n do himno de Galicia\",\"datePublished\":\"2023-09-26T15:08:04+00:00\",\"mainEntityOfPage\":{\"@id\":\"https:\\\/\\\/ppdegalicia.com\\\/es\\\/o-grupo-popular-propon-a-bng-e-psdeg-a-creacion-dunha-comision-de-estudo-sobre-a-posible-modificacion-do-himno-de-galicia\\\/\"},\"wordCount\":523,\"commentCount\":0,\"publisher\":{\"@id\":\"https:\\\/\\\/ppdegalicia.com\\\/es\\\/#organization\"},\"image\":{\"@id\":\"https:\\\/\\\/ppdegalicia.com\\\/es\\\/o-grupo-popular-propon-a-bng-e-psdeg-a-creacion-dunha-comision-de-estudo-sobre-a-posible-modificacion-do-himno-de-galicia\\\/#primaryimage\"},\"thumbnailUrl\":\"https:\\\/\\\/ppdegalicia.com\\\/wp-content\\\/uploads\\\/2023\\\/09\\\/345368fa31a6f385890f807df14a6a2c.jpg\",\"articleSection\":[\"PP de Galicia\"],\"inLanguage\":\"es\",\"potentialAction\":[{\"@type\":\"CommentAction\",\"name\":\"Comment\",\"target\":[\"https:\\\/\\\/ppdegalicia.com\\\/es\\\/o-grupo-popular-propon-a-bng-e-psdeg-a-creacion-dunha-comision-de-estudo-sobre-a-posible-modificacion-do-himno-de-galicia\\\/#respond\"]}]},{\"@type\":\"WebPage\",\"@id\":\"https:\\\/\\\/ppdegalicia.com\\\/es\\\/o-grupo-popular-propon-a-bng-e-psdeg-a-creacion-dunha-comision-de-estudo-sobre-a-posible-modificacion-do-himno-de-galicia\\\/\",\"url\":\"https:\\\/\\\/ppdegalicia.com\\\/es\\\/o-grupo-popular-propon-a-bng-e-psdeg-a-creacion-dunha-comision-de-estudo-sobre-a-posible-modificacion-do-himno-de-galicia\\\/\",\"name\":\"O Grupo Popular prop\u00f3n a BNG e PSdeG a creaci\u00f3n dunha Comisi\u00f3n de estudo sobre a posible modificaci\u00f3n do himno de Galicia - PP de Galicia\",\"isPartOf\":{\"@id\":\"https:\\\/\\\/ppdegalicia.com\\\/es\\\/#website\"},\"primaryImageOfPage\":{\"@id\":\"https:\\\/\\\/ppdegalicia.com\\\/es\\\/o-grupo-popular-propon-a-bng-e-psdeg-a-creacion-dunha-comision-de-estudo-sobre-a-posible-modificacion-do-himno-de-galicia\\\/#primaryimage\"},\"image\":{\"@id\":\"https:\\\/\\\/ppdegalicia.com\\\/es\\\/o-grupo-popular-propon-a-bng-e-psdeg-a-creacion-dunha-comision-de-estudo-sobre-a-posible-modificacion-do-himno-de-galicia\\\/#primaryimage\"},\"thumbnailUrl\":\"https:\\\/\\\/ppdegalicia.com\\\/wp-content\\\/uploads\\\/2023\\\/09\\\/345368fa31a6f385890f807df14a6a2c.jpg\",\"datePublished\":\"2023-09-26T15:08:04+00:00\",\"breadcrumb\":{\"@id\":\"https:\\\/\\\/ppdegalicia.com\\\/es\\\/o-grupo-popular-propon-a-bng-e-psdeg-a-creacion-dunha-comision-de-estudo-sobre-a-posible-modificacion-do-himno-de-galicia\\\/#breadcrumb\"},\"inLanguage\":\"es\",\"potentialAction\":[{\"@type\":\"ReadAction\",\"target\":[\"https:\\\/\\\/ppdegalicia.com\\\/es\\\/o-grupo-popular-propon-a-bng-e-psdeg-a-creacion-dunha-comision-de-estudo-sobre-a-posible-modificacion-do-himno-de-galicia\\\/\"]}]},{\"@type\":\"ImageObject\",\"inLanguage\":\"es\",\"@id\":\"https:\\\/\\\/ppdegalicia.com\\\/es\\\/o-grupo-popular-propon-a-bng-e-psdeg-a-creacion-dunha-comision-de-estudo-sobre-a-posible-modificacion-do-himno-de-galicia\\\/#primaryimage\",\"url\":\"https:\\\/\\\/ppdegalicia.com\\\/wp-content\\\/uploads\\\/2023\\\/09\\\/345368fa31a6f385890f807df14a6a2c.jpg\",\"contentUrl\":\"https:\\\/\\\/ppdegalicia.com\\\/wp-content\\\/uploads\\\/2023\\\/09\\\/345368fa31a6f385890f807df14a6a2c.jpg\",\"width\":1900,\"height\":1267},{\"@type\":\"BreadcrumbList\",\"@id\":\"https:\\\/\\\/ppdegalicia.com\\\/es\\\/o-grupo-popular-propon-a-bng-e-psdeg-a-creacion-dunha-comision-de-estudo-sobre-a-posible-modificacion-do-himno-de-galicia\\\/#breadcrumb\",\"itemListElement\":[{\"@type\":\"ListItem\",\"position\":1,\"name\":\"Portada\",\"item\":\"https:\\\/\\\/ppdegalicia.com\\\/es\\\/\"},{\"@type\":\"ListItem\",\"position\":2,\"name\":\"O Grupo Popular prop\u00f3n a BNG e PSdeG a creaci\u00f3n dunha Comisi\u00f3n de estudo sobre a posible modificaci\u00f3n do himno de Galicia\"}]},{\"@type\":\"WebSite\",\"@id\":\"https:\\\/\\\/ppdegalicia.com\\\/es\\\/#website\",\"url\":\"https:\\\/\\\/ppdegalicia.com\\\/es\\\/\",\"name\":\"Partido Popular de Galicia\",\"description\":\"Partido Popular de Galicia\",\"publisher\":{\"@id\":\"https:\\\/\\\/ppdegalicia.com\\\/es\\\/#organization\"},\"alternateName\":\"PP de Galicia\",\"potentialAction\":[{\"@type\":\"SearchAction\",\"target\":{\"@type\":\"EntryPoint\",\"urlTemplate\":\"https:\\\/\\\/ppdegalicia.com\\\/es\\\/?s={search_term_string}\"},\"query-input\":{\"@type\":\"PropertyValueSpecification\",\"valueRequired\":true,\"valueName\":\"search_term_string\"}}],\"inLanguage\":\"es\"},{\"@type\":\"Organization\",\"@id\":\"https:\\\/\\\/ppdegalicia.com\\\/es\\\/#organization\",\"name\":\"Partido Popular de Galicia\",\"alternateName\":\"PP de Galicia\",\"url\":\"https:\\\/\\\/ppdegalicia.com\\\/es\\\/\",\"logo\":{\"@type\":\"ImageObject\",\"inLanguage\":\"es\",\"@id\":\"https:\\\/\\\/ppdegalicia.com\\\/es\\\/#\\\/schema\\\/logo\\\/image\\\/\",\"url\":\"https:\\\/\\\/ppdegalicia.com\\\/wp-content\\\/uploads\\\/2023\\\/04\\\/logoPP512.png\",\"contentUrl\":\"https:\\\/\\\/ppdegalicia.com\\\/wp-content\\\/uploads\\\/2023\\\/04\\\/logoPP512.png\",\"width\":512,\"height\":512,\"caption\":\"Partido Popular de Galicia\"},\"image\":{\"@id\":\"https:\\\/\\\/ppdegalicia.com\\\/es\\\/#\\\/schema\\\/logo\\\/image\\\/\"},\"sameAs\":[\"https:\\\/\\\/www.instagram.com\\\/ppdegalicia\\\/\",\"https:\\\/\\\/x.com\\\/ppdegalicia\",\"https:\\\/\\\/www.tiktok.com\\\/@ppdegalicia\",\"https:\\\/\\\/www.youtube.com\\\/user\\\/ppdegalicia\"]},{\"@type\":\"Person\",\"@id\":\"https:\\\/\\\/ppdegalicia.com\\\/es\\\/#\\\/schema\\\/person\\\/5b822c6f59e872ebdd1142f307dbcb59\",\"name\":\"ppdegaliciaredes\",\"image\":{\"@type\":\"ImageObject\",\"inLanguage\":\"es\",\"@id\":\"https:\\\/\\\/secure.gravatar.com\\\/avatar\\\/3c9179cf0256d00c72a48d1f25783c58b6842cd56e85ef3a572881c8e28ccd59?s=96&d=mm&r=g\",\"url\":\"https:\\\/\\\/secure.gravatar.com\\\/avatar\\\/3c9179cf0256d00c72a48d1f25783c58b6842cd56e85ef3a572881c8e28ccd59?s=96&d=mm&r=g\",\"contentUrl\":\"https:\\\/\\\/secure.gravatar.com\\\/avatar\\\/3c9179cf0256d00c72a48d1f25783c58b6842cd56e85ef3a572881c8e28ccd59?s=96&d=mm&r=g\",\"caption\":\"ppdegaliciaredes\"},\"url\":\"https:\\\/\\\/ppdegalicia.com\\\/es\\\/author\\\/ppdegaliciaredes\\\/\"}]}<\/script>\n<!-- \/ Yoast SEO plugin. -->","yoast_head_json":{"title":"O Grupo Popular prop\u00f3n a BNG e PSdeG a creaci\u00f3n dunha Comisi\u00f3n de estudo sobre a posible modificaci\u00f3n do himno de Galicia - PP de Galicia","robots":{"index":"index","follow":"follow","max-snippet":"max-snippet:-1","max-image-preview":"max-image-preview:large","max-video-preview":"max-video-preview:-1"},"canonical":"https:\/\/ppdegalicia.com\/es\/o-grupo-popular-propon-a-bng-e-psdeg-a-creacion-dunha-comision-de-estudo-sobre-a-posible-modificacion-do-himno-de-galicia\/","og_locale":"es_ES","og_type":"article","og_title":"O Grupo Popular prop\u00f3n a BNG e PSdeG a creaci\u00f3n dunha Comisi\u00f3n de estudo sobre a posible modificaci\u00f3n do himno de Galicia - PP de Galicia","og_description":"O portavoz do Grupo Popular, Alberto Pazos, ofreceu hoxe a BNG e PSdeG a creaci\u00f3n no Parlamento de Galicia dunha Comisi\u00f3n non permanente especial de Estudo sobre a posible modificaci\u00f3n do himno de Galicia. \u201cA pesar de que polo n\u00famero de deputados poder\u00edamos constitu\u00edla n\u00f3s de xeito individualmente, consideramos que unha cuesti\u00f3n desta importancia para [&hellip;]","og_url":"https:\/\/ppdegalicia.com\/es\/o-grupo-popular-propon-a-bng-e-psdeg-a-creacion-dunha-comision-de-estudo-sobre-a-posible-modificacion-do-himno-de-galicia\/","og_site_name":"PP de Galicia","article_publisher":"https:\/\/www.instagram.com\/ppdegalicia\/","article_published_time":"2023-09-26T15:08:04+00:00","og_image":[{"width":1900,"height":1267,"url":"https:\/\/ppdegalicia.com\/wp-content\/uploads\/2023\/09\/345368fa31a6f385890f807df14a6a2c.jpg","type":"image\/jpeg"}],"author":"ppdegaliciaredes","twitter_card":"summary_large_image","twitter_creator":"@ppdegalicia","twitter_site":"@ppdegalicia","twitter_misc":{"Escrito por":"ppdegaliciaredes","Tiempo de lectura":"2 minutos"},"schema":{"@context":"https:\/\/schema.org","@graph":[{"@type":"Article","@id":"https:\/\/ppdegalicia.com\/es\/o-grupo-popular-propon-a-bng-e-psdeg-a-creacion-dunha-comision-de-estudo-sobre-a-posible-modificacion-do-himno-de-galicia\/#article","isPartOf":{"@id":"https:\/\/ppdegalicia.com\/es\/o-grupo-popular-propon-a-bng-e-psdeg-a-creacion-dunha-comision-de-estudo-sobre-a-posible-modificacion-do-himno-de-galicia\/"},"author":{"name":"ppdegaliciaredes","@id":"https:\/\/ppdegalicia.com\/es\/#\/schema\/person\/5b822c6f59e872ebdd1142f307dbcb59"},"headline":"O Grupo Popular prop\u00f3n a BNG e PSdeG a creaci\u00f3n dunha Comisi\u00f3n de estudo sobre a posible modificaci\u00f3n do himno de Galicia","datePublished":"2023-09-26T15:08:04+00:00","mainEntityOfPage":{"@id":"https:\/\/ppdegalicia.com\/es\/o-grupo-popular-propon-a-bng-e-psdeg-a-creacion-dunha-comision-de-estudo-sobre-a-posible-modificacion-do-himno-de-galicia\/"},"wordCount":523,"commentCount":0,"publisher":{"@id":"https:\/\/ppdegalicia.com\/es\/#organization"},"image":{"@id":"https:\/\/ppdegalicia.com\/es\/o-grupo-popular-propon-a-bng-e-psdeg-a-creacion-dunha-comision-de-estudo-sobre-a-posible-modificacion-do-himno-de-galicia\/#primaryimage"},"thumbnailUrl":"https:\/\/ppdegalicia.com\/wp-content\/uploads\/2023\/09\/345368fa31a6f385890f807df14a6a2c.jpg","articleSection":["PP de Galicia"],"inLanguage":"es","potentialAction":[{"@type":"CommentAction","name":"Comment","target":["https:\/\/ppdegalicia.com\/es\/o-grupo-popular-propon-a-bng-e-psdeg-a-creacion-dunha-comision-de-estudo-sobre-a-posible-modificacion-do-himno-de-galicia\/#respond"]}]},{"@type":"WebPage","@id":"https:\/\/ppdegalicia.com\/es\/o-grupo-popular-propon-a-bng-e-psdeg-a-creacion-dunha-comision-de-estudo-sobre-a-posible-modificacion-do-himno-de-galicia\/","url":"https:\/\/ppdegalicia.com\/es\/o-grupo-popular-propon-a-bng-e-psdeg-a-creacion-dunha-comision-de-estudo-sobre-a-posible-modificacion-do-himno-de-galicia\/","name":"O Grupo Popular prop\u00f3n a BNG e PSdeG a creaci\u00f3n dunha Comisi\u00f3n de estudo sobre a posible modificaci\u00f3n do himno de Galicia - PP de Galicia","isPartOf":{"@id":"https:\/\/ppdegalicia.com\/es\/#website"},"primaryImageOfPage":{"@id":"https:\/\/ppdegalicia.com\/es\/o-grupo-popular-propon-a-bng-e-psdeg-a-creacion-dunha-comision-de-estudo-sobre-a-posible-modificacion-do-himno-de-galicia\/#primaryimage"},"image":{"@id":"https:\/\/ppdegalicia.com\/es\/o-grupo-popular-propon-a-bng-e-psdeg-a-creacion-dunha-comision-de-estudo-sobre-a-posible-modificacion-do-himno-de-galicia\/#primaryimage"},"thumbnailUrl":"https:\/\/ppdegalicia.com\/wp-content\/uploads\/2023\/09\/345368fa31a6f385890f807df14a6a2c.jpg","datePublished":"2023-09-26T15:08:04+00:00","breadcrumb":{"@id":"https:\/\/ppdegalicia.com\/es\/o-grupo-popular-propon-a-bng-e-psdeg-a-creacion-dunha-comision-de-estudo-sobre-a-posible-modificacion-do-himno-de-galicia\/#breadcrumb"},"inLanguage":"es","potentialAction":[{"@type":"ReadAction","target":["https:\/\/ppdegalicia.com\/es\/o-grupo-popular-propon-a-bng-e-psdeg-a-creacion-dunha-comision-de-estudo-sobre-a-posible-modificacion-do-himno-de-galicia\/"]}]},{"@type":"ImageObject","inLanguage":"es","@id":"https:\/\/ppdegalicia.com\/es\/o-grupo-popular-propon-a-bng-e-psdeg-a-creacion-dunha-comision-de-estudo-sobre-a-posible-modificacion-do-himno-de-galicia\/#primaryimage","url":"https:\/\/ppdegalicia.com\/wp-content\/uploads\/2023\/09\/345368fa31a6f385890f807df14a6a2c.jpg","contentUrl":"https:\/\/ppdegalicia.com\/wp-content\/uploads\/2023\/09\/345368fa31a6f385890f807df14a6a2c.jpg","width":1900,"height":1267},{"@type":"BreadcrumbList","@id":"https:\/\/ppdegalicia.com\/es\/o-grupo-popular-propon-a-bng-e-psdeg-a-creacion-dunha-comision-de-estudo-sobre-a-posible-modificacion-do-himno-de-galicia\/#breadcrumb","itemListElement":[{"@type":"ListItem","position":1,"name":"Portada","item":"https:\/\/ppdegalicia.com\/es\/"},{"@type":"ListItem","position":2,"name":"O Grupo Popular prop\u00f3n a BNG e PSdeG a creaci\u00f3n dunha Comisi\u00f3n de estudo sobre a posible modificaci\u00f3n do himno de Galicia"}]},{"@type":"WebSite","@id":"https:\/\/ppdegalicia.com\/es\/#website","url":"https:\/\/ppdegalicia.com\/es\/","name":"Partido Popular de Galicia","description":"Partido Popular de Galicia","publisher":{"@id":"https:\/\/ppdegalicia.com\/es\/#organization"},"alternateName":"PP de Galicia","potentialAction":[{"@type":"SearchAction","target":{"@type":"EntryPoint","urlTemplate":"https:\/\/ppdegalicia.com\/es\/?s={search_term_string}"},"query-input":{"@type":"PropertyValueSpecification","valueRequired":true,"valueName":"search_term_string"}}],"inLanguage":"es"},{"@type":"Organization","@id":"https:\/\/ppdegalicia.com\/es\/#organization","name":"Partido Popular de Galicia","alternateName":"PP de Galicia","url":"https:\/\/ppdegalicia.com\/es\/","logo":{"@type":"ImageObject","inLanguage":"es","@id":"https:\/\/ppdegalicia.com\/es\/#\/schema\/logo\/image\/","url":"https:\/\/ppdegalicia.com\/wp-content\/uploads\/2023\/04\/logoPP512.png","contentUrl":"https:\/\/ppdegalicia.com\/wp-content\/uploads\/2023\/04\/logoPP512.png","width":512,"height":512,"caption":"Partido Popular de Galicia"},"image":{"@id":"https:\/\/ppdegalicia.com\/es\/#\/schema\/logo\/image\/"},"sameAs":["https:\/\/www.instagram.com\/ppdegalicia\/","https:\/\/x.com\/ppdegalicia","https:\/\/www.tiktok.com\/@ppdegalicia","https:\/\/www.youtube.com\/user\/ppdegalicia"]},{"@type":"Person","@id":"https:\/\/ppdegalicia.com\/es\/#\/schema\/person\/5b822c6f59e872ebdd1142f307dbcb59","name":"ppdegaliciaredes","image":{"@type":"ImageObject","inLanguage":"es","@id":"https:\/\/secure.gravatar.com\/avatar\/3c9179cf0256d00c72a48d1f25783c58b6842cd56e85ef3a572881c8e28ccd59?s=96&d=mm&r=g","url":"https:\/\/secure.gravatar.com\/avatar\/3c9179cf0256d00c72a48d1f25783c58b6842cd56e85ef3a572881c8e28ccd59?s=96&d=mm&r=g","contentUrl":"https:\/\/secure.gravatar.com\/avatar\/3c9179cf0256d00c72a48d1f25783c58b6842cd56e85ef3a572881c8e28ccd59?s=96&d=mm&r=g","caption":"ppdegaliciaredes"},"url":"https:\/\/ppdegalicia.com\/es\/author\/ppdegaliciaredes\/"}]}},"_links":{"self":[{"href":"https:\/\/ppdegalicia.com\/es\/wp-json\/wp\/v2\/posts\/58363","targetHints":{"allow":["GET"]}}],"collection":[{"href":"https:\/\/ppdegalicia.com\/es\/wp-json\/wp\/v2\/posts"}],"about":[{"href":"https:\/\/ppdegalicia.com\/es\/wp-json\/wp\/v2\/types\/post"}],"author":[{"embeddable":true,"href":"https:\/\/ppdegalicia.com\/es\/wp-json\/wp\/v2\/users\/38"}],"replies":[{"embeddable":true,"href":"https:\/\/ppdegalicia.com\/es\/wp-json\/wp\/v2\/comments?post=58363"}],"version-history":[{"count":0,"href":"https:\/\/ppdegalicia.com\/es\/wp-json\/wp\/v2\/posts\/58363\/revisions"}],"wp:featuredmedia":[{"embeddable":true,"href":"https:\/\/ppdegalicia.com\/es\/wp-json\/wp\/v2\/media\/58362"}],"wp:attachment":[{"href":"https:\/\/ppdegalicia.com\/es\/wp-json\/wp\/v2\/media?parent=58363"}],"wp:term":[{"taxonomy":"category","embeddable":true,"href":"https:\/\/ppdegalicia.com\/es\/wp-json\/wp\/v2\/categories?post=58363"},{"taxonomy":"post_tag","embeddable":true,"href":"https:\/\/ppdegalicia.com\/es\/wp-json\/wp\/v2\/tags?post=58363"}],"curies":[{"name":"wp","href":"https:\/\/api.w.org\/{rel}","templated":true}]}}