{"id":58367,"date":"2023-09-26T19:20:34","date_gmt":"2023-09-26T17:20:34","guid":{"rendered":"https:\/\/ppdegalicia.com\/o-parlamento-reitera-a-solicitude-ao-goberno-de-espana-para-que-aprobe-un-marco-de-subministro-electrico-competitivo-estable-e-predicible\/"},"modified":"2023-09-26T19:20:34","modified_gmt":"2023-09-26T17:20:34","slug":"o-parlamento-reitera-a-solicitude-ao-goberno-de-espana-para-que-aprobe-un-marco-de-subministro-electrico-competitivo-estable-e-predicible","status":"publish","type":"post","link":"https:\/\/ppdegalicia.com\/es\/o-parlamento-reitera-a-solicitude-ao-goberno-de-espana-para-que-aprobe-un-marco-de-subministro-electrico-competitivo-estable-e-predicible\/","title":{"rendered":"O Parlamento reitera a solicitude ao Goberno de Espa\u00f1a para que aprobe un marco de subministro el\u00e9ctrico competitivo, estable e predicible"},"content":{"rendered":"<p><img fetchpriority=\"high\" decoding=\"async\" class=\" size-full wp-image-58366\" src=\"https:\/\/ppdegalicia.com\/wp-content\/uploads\/2023\/09\/96447ef25c0079238104d826d0625d46.jpg\" alt=\"\" width=\"1900\" height=\"1267\" srcset=\"https:\/\/ppdegalicia.com\/wp-content\/uploads\/2023\/09\/96447ef25c0079238104d826d0625d46.jpg 1900w, https:\/\/ppdegalicia.com\/wp-content\/uploads\/2023\/09\/96447ef25c0079238104d826d0625d46-300x200.jpg 300w, https:\/\/ppdegalicia.com\/wp-content\/uploads\/2023\/09\/96447ef25c0079238104d826d0625d46-1024x683.jpg 1024w, https:\/\/ppdegalicia.com\/wp-content\/uploads\/2023\/09\/96447ef25c0079238104d826d0625d46-768x512.jpg 768w, https:\/\/ppdegalicia.com\/wp-content\/uploads\/2023\/09\/96447ef25c0079238104d826d0625d46-1536x1024.jpg 1536w\" sizes=\"(max-width: 1900px) 100vw, 1900px\" \/><\/p>\n<p>O Parlamento de Galicia aprobou hoxe a proposici\u00f3n non de lei do Grupo Popular, co voto en contra do PSdeG, a trav\u00e9s da que se pide ao Goberno de Espa\u00f1a que aprobe, con car\u00e1cter inmediato, un marco de subministraci\u00f3n el\u00e9ctrica competitiva, estable e predicible para a gran industria consumidora de enerx\u00eda.<\/p>\n<p><!--more--><\/p>\n<p>\u201cDebemos tomar decisi\u00f3ns e pasar \u00e1 acci\u00f3n en defensa de milleiros de postos de traballo que perigan, porque existen ferramentas gubernamentais para garantir a viabilidade \u00e1 industria electrointensiva\u201d, manifestou o portavoz popular de Industria, Mois\u00e9s Rodr\u00edguez.<\/p>\n<p>\u00a0<\/p>\n<p>Na s\u00faa intervenci\u00f3n, Rodr\u00edguez lamentou que o Goberno de Pedro S\u00e1nchez \u201csegue coa incapacidade de adoptar un paquete de medidas que realmente permita \u00e1 industria espa\u00f1ola e galega contar cun prezo el\u00e9ctrico competitivo, e todo iso m\u00e1is de dous anos despois de que se aprobara o tan esperado e anunciado Real-Decreto 1106\/2020, polo que se regula o Estatuto dos consumidores electrointensivos\u201d.<\/p>\n<p>\u00a0<\/p>\n<p><strong>GOLPES \u00c1 INDUSTRIA GALEGA<\/strong><\/p>\n<p>\u00a0<\/p>\n<p>\u201cEste estatuto non foi m\u00e1is que outro golpe para a industria espa\u00f1ola e galega, aumentando o risco de deslocalizaci\u00f3n industrial e de destruci\u00f3n de emprego, principalmente daquelas cun gran consumo enerx\u00e9tico\u201d, apuntou.<\/p>\n<p>\u00a0<\/p>\n<p>Mois\u00e9s Rodr\u00edguez manifestou que \u201ccon esta iniciativa reiteramos o compromiso do PPdeG con Alcoa e con todas as empresas de Galicia que precisan enerx\u00eda intensiva para levar a cabo a s\u00faa produci\u00f3n, motores clave para a Comunidade galega ao manter tecido industrial, emprego estable e de calidade\u201d.<\/p>\n","protected":false},"excerpt":{"rendered":"<p>O Parlamento de Galicia aprobou hoxe a proposici\u00f3n non de lei do Grupo Popular, co voto en contra do PSdeG, a trav\u00e9s da que se pide ao Goberno de Espa\u00f1a que aprobe, con car\u00e1cter inmediato, un marco de subministraci\u00f3n el\u00e9ctrica competitiva, estable e predicible para a gran industria consumidora de enerx\u00eda.<\/p>\n","protected":false},"author":38,"featured_media":58366,"comment_status":"open","ping_status":"open","sticky":false,"template":"","format":"standard","meta":{"_acf_changed":false,"footnotes":""},"categories":[1],"tags":[],"class_list":["post-58367","post","type-post","status-publish","format-standard","has-post-thumbnail","hentry","category-pp-de-galicia"],"acf":[],"yoast_head":"<!-- This site is optimized with the Yoast SEO plugin v27.3 - https:\/\/yoast.com\/product\/yoast-seo-wordpress\/ -->\n<title>O Parlamento reitera a solicitude ao Goberno de Espa\u00f1a para que aprobe un marco de subministro el\u00e9ctrico competitivo, estable e predicible - PP de Galicia<\/title>\n<meta name=\"robots\" content=\"index, follow, max-snippet:-1, max-image-preview:large, max-video-preview:-1\" \/>\n<link rel=\"canonical\" href=\"https:\/\/ppdegalicia.com\/es\/o-parlamento-reitera-a-solicitude-ao-goberno-de-espana-para-que-aprobe-un-marco-de-subministro-electrico-competitivo-estable-e-predicible\/\" \/>\n<meta property=\"og:locale\" content=\"es_ES\" \/>\n<meta property=\"og:type\" content=\"article\" \/>\n<meta property=\"og:title\" content=\"O Parlamento reitera a solicitude ao Goberno de Espa\u00f1a para que aprobe un marco de subministro el\u00e9ctrico competitivo, estable e predicible - PP de Galicia\" \/>\n<meta property=\"og:description\" content=\"O Parlamento de Galicia aprobou hoxe a proposici\u00f3n non de lei do Grupo Popular, co voto en contra do PSdeG, a trav\u00e9s da que se pide ao Goberno de Espa\u00f1a que aprobe, con car\u00e1cter inmediato, un marco de subministraci\u00f3n el\u00e9ctrica competitiva, estable e predicible para a gran industria consumidora de enerx\u00eda.\" \/>\n<meta property=\"og:url\" content=\"https:\/\/ppdegalicia.com\/es\/o-parlamento-reitera-a-solicitude-ao-goberno-de-espana-para-que-aprobe-un-marco-de-subministro-electrico-competitivo-estable-e-predicible\/\" \/>\n<meta property=\"og:site_name\" content=\"PP de Galicia\" \/>\n<meta property=\"article:publisher\" content=\"https:\/\/www.instagram.com\/ppdegalicia\/\" \/>\n<meta property=\"article:published_time\" content=\"2023-09-26T17:20:34+00:00\" \/>\n<meta property=\"og:image\" content=\"https:\/\/ppdegalicia.com\/wp-content\/uploads\/2023\/09\/96447ef25c0079238104d826d0625d46-1024x683.jpg\" \/>\n\t<meta property=\"og:image:width\" content=\"1024\" \/>\n\t<meta property=\"og:image:height\" content=\"683\" \/>\n\t<meta property=\"og:image:type\" content=\"image\/jpeg\" \/>\n<meta name=\"author\" content=\"ppdegaliciaredes\" \/>\n<meta name=\"twitter:card\" content=\"summary_large_image\" \/>\n<meta name=\"twitter:creator\" content=\"@ppdegalicia\" \/>\n<meta name=\"twitter:site\" content=\"@ppdegalicia\" \/>\n<meta name=\"twitter:label1\" content=\"Escrito por\" \/>\n\t<meta name=\"twitter:data1\" content=\"ppdegaliciaredes\" \/>\n\t<meta name=\"twitter:label2\" content=\"Tiempo de lectura\" \/>\n\t<meta name=\"twitter:data2\" content=\"1 minuto\" \/>\n<script type=\"application\/ld+json\" class=\"yoast-schema-graph\">{\"@context\":\"https:\\\/\\\/schema.org\",\"@graph\":[{\"@type\":\"Article\",\"@id\":\"https:\\\/\\\/ppdegalicia.com\\\/es\\\/o-parlamento-reitera-a-solicitude-ao-goberno-de-espana-para-que-aprobe-un-marco-de-subministro-electrico-competitivo-estable-e-predicible\\\/#article\",\"isPartOf\":{\"@id\":\"https:\\\/\\\/ppdegalicia.com\\\/es\\\/o-parlamento-reitera-a-solicitude-ao-goberno-de-espana-para-que-aprobe-un-marco-de-subministro-electrico-competitivo-estable-e-predicible\\\/\"},\"author\":{\"name\":\"ppdegaliciaredes\",\"@id\":\"https:\\\/\\\/ppdegalicia.com\\\/es\\\/#\\\/schema\\\/person\\\/5b822c6f59e872ebdd1142f307dbcb59\"},\"headline\":\"O Parlamento reitera a solicitude ao Goberno de Espa\u00f1a para que aprobe un marco de subministro el\u00e9ctrico competitivo, estable e predicible\",\"datePublished\":\"2023-09-26T17:20:34+00:00\",\"mainEntityOfPage\":{\"@id\":\"https:\\\/\\\/ppdegalicia.com\\\/es\\\/o-parlamento-reitera-a-solicitude-ao-goberno-de-espana-para-que-aprobe-un-marco-de-subministro-electrico-competitivo-estable-e-predicible\\\/\"},\"wordCount\":277,\"commentCount\":0,\"publisher\":{\"@id\":\"https:\\\/\\\/ppdegalicia.com\\\/es\\\/#organization\"},\"image\":{\"@id\":\"https:\\\/\\\/ppdegalicia.com\\\/es\\\/o-parlamento-reitera-a-solicitude-ao-goberno-de-espana-para-que-aprobe-un-marco-de-subministro-electrico-competitivo-estable-e-predicible\\\/#primaryimage\"},\"thumbnailUrl\":\"https:\\\/\\\/ppdegalicia.com\\\/wp-content\\\/uploads\\\/2023\\\/09\\\/96447ef25c0079238104d826d0625d46.jpg\",\"articleSection\":[\"PP de Galicia\"],\"inLanguage\":\"es\",\"potentialAction\":[{\"@type\":\"CommentAction\",\"name\":\"Comment\",\"target\":[\"https:\\\/\\\/ppdegalicia.com\\\/es\\\/o-parlamento-reitera-a-solicitude-ao-goberno-de-espana-para-que-aprobe-un-marco-de-subministro-electrico-competitivo-estable-e-predicible\\\/#respond\"]}]},{\"@type\":\"WebPage\",\"@id\":\"https:\\\/\\\/ppdegalicia.com\\\/es\\\/o-parlamento-reitera-a-solicitude-ao-goberno-de-espana-para-que-aprobe-un-marco-de-subministro-electrico-competitivo-estable-e-predicible\\\/\",\"url\":\"https:\\\/\\\/ppdegalicia.com\\\/es\\\/o-parlamento-reitera-a-solicitude-ao-goberno-de-espana-para-que-aprobe-un-marco-de-subministro-electrico-competitivo-estable-e-predicible\\\/\",\"name\":\"O Parlamento reitera a solicitude ao Goberno de Espa\u00f1a para que aprobe un marco de subministro el\u00e9ctrico competitivo, estable e predicible - PP de Galicia\",\"isPartOf\":{\"@id\":\"https:\\\/\\\/ppdegalicia.com\\\/es\\\/#website\"},\"primaryImageOfPage\":{\"@id\":\"https:\\\/\\\/ppdegalicia.com\\\/es\\\/o-parlamento-reitera-a-solicitude-ao-goberno-de-espana-para-que-aprobe-un-marco-de-subministro-electrico-competitivo-estable-e-predicible\\\/#primaryimage\"},\"image\":{\"@id\":\"https:\\\/\\\/ppdegalicia.com\\\/es\\\/o-parlamento-reitera-a-solicitude-ao-goberno-de-espana-para-que-aprobe-un-marco-de-subministro-electrico-competitivo-estable-e-predicible\\\/#primaryimage\"},\"thumbnailUrl\":\"https:\\\/\\\/ppdegalicia.com\\\/wp-content\\\/uploads\\\/2023\\\/09\\\/96447ef25c0079238104d826d0625d46.jpg\",\"datePublished\":\"2023-09-26T17:20:34+00:00\",\"breadcrumb\":{\"@id\":\"https:\\\/\\\/ppdegalicia.com\\\/es\\\/o-parlamento-reitera-a-solicitude-ao-goberno-de-espana-para-que-aprobe-un-marco-de-subministro-electrico-competitivo-estable-e-predicible\\\/#breadcrumb\"},\"inLanguage\":\"es\",\"potentialAction\":[{\"@type\":\"ReadAction\",\"target\":[\"https:\\\/\\\/ppdegalicia.com\\\/es\\\/o-parlamento-reitera-a-solicitude-ao-goberno-de-espana-para-que-aprobe-un-marco-de-subministro-electrico-competitivo-estable-e-predicible\\\/\"]}]},{\"@type\":\"ImageObject\",\"inLanguage\":\"es\",\"@id\":\"https:\\\/\\\/ppdegalicia.com\\\/es\\\/o-parlamento-reitera-a-solicitude-ao-goberno-de-espana-para-que-aprobe-un-marco-de-subministro-electrico-competitivo-estable-e-predicible\\\/#primaryimage\",\"url\":\"https:\\\/\\\/ppdegalicia.com\\\/wp-content\\\/uploads\\\/2023\\\/09\\\/96447ef25c0079238104d826d0625d46.jpg\",\"contentUrl\":\"https:\\\/\\\/ppdegalicia.com\\\/wp-content\\\/uploads\\\/2023\\\/09\\\/96447ef25c0079238104d826d0625d46.jpg\",\"width\":1900,\"height\":1267},{\"@type\":\"BreadcrumbList\",\"@id\":\"https:\\\/\\\/ppdegalicia.com\\\/es\\\/o-parlamento-reitera-a-solicitude-ao-goberno-de-espana-para-que-aprobe-un-marco-de-subministro-electrico-competitivo-estable-e-predicible\\\/#breadcrumb\",\"itemListElement\":[{\"@type\":\"ListItem\",\"position\":1,\"name\":\"Portada\",\"item\":\"https:\\\/\\\/ppdegalicia.com\\\/es\\\/\"},{\"@type\":\"ListItem\",\"position\":2,\"name\":\"O Parlamento reitera a solicitude ao Goberno de Espa\u00f1a para que aprobe un marco de subministro el\u00e9ctrico competitivo, estable e predicible\"}]},{\"@type\":\"WebSite\",\"@id\":\"https:\\\/\\\/ppdegalicia.com\\\/es\\\/#website\",\"url\":\"https:\\\/\\\/ppdegalicia.com\\\/es\\\/\",\"name\":\"Partido Popular de Galicia\",\"description\":\"Partido Popular de Galicia\",\"publisher\":{\"@id\":\"https:\\\/\\\/ppdegalicia.com\\\/es\\\/#organization\"},\"alternateName\":\"PP de Galicia\",\"potentialAction\":[{\"@type\":\"SearchAction\",\"target\":{\"@type\":\"EntryPoint\",\"urlTemplate\":\"https:\\\/\\\/ppdegalicia.com\\\/es\\\/?s={search_term_string}\"},\"query-input\":{\"@type\":\"PropertyValueSpecification\",\"valueRequired\":true,\"valueName\":\"search_term_string\"}}],\"inLanguage\":\"es\"},{\"@type\":\"Organization\",\"@id\":\"https:\\\/\\\/ppdegalicia.com\\\/es\\\/#organization\",\"name\":\"Partido Popular de Galicia\",\"alternateName\":\"PP de Galicia\",\"url\":\"https:\\\/\\\/ppdegalicia.com\\\/es\\\/\",\"logo\":{\"@type\":\"ImageObject\",\"inLanguage\":\"es\",\"@id\":\"https:\\\/\\\/ppdegalicia.com\\\/es\\\/#\\\/schema\\\/logo\\\/image\\\/\",\"url\":\"https:\\\/\\\/ppdegalicia.com\\\/wp-content\\\/uploads\\\/2023\\\/04\\\/logoPP512.png\",\"contentUrl\":\"https:\\\/\\\/ppdegalicia.com\\\/wp-content\\\/uploads\\\/2023\\\/04\\\/logoPP512.png\",\"width\":512,\"height\":512,\"caption\":\"Partido Popular de Galicia\"},\"image\":{\"@id\":\"https:\\\/\\\/ppdegalicia.com\\\/es\\\/#\\\/schema\\\/logo\\\/image\\\/\"},\"sameAs\":[\"https:\\\/\\\/www.instagram.com\\\/ppdegalicia\\\/\",\"https:\\\/\\\/x.com\\\/ppdegalicia\",\"https:\\\/\\\/www.tiktok.com\\\/@ppdegalicia\",\"https:\\\/\\\/www.youtube.com\\\/user\\\/ppdegalicia\"]},{\"@type\":\"Person\",\"@id\":\"https:\\\/\\\/ppdegalicia.com\\\/es\\\/#\\\/schema\\\/person\\\/5b822c6f59e872ebdd1142f307dbcb59\",\"name\":\"ppdegaliciaredes\",\"image\":{\"@type\":\"ImageObject\",\"inLanguage\":\"es\",\"@id\":\"https:\\\/\\\/secure.gravatar.com\\\/avatar\\\/3c9179cf0256d00c72a48d1f25783c58b6842cd56e85ef3a572881c8e28ccd59?s=96&d=mm&r=g\",\"url\":\"https:\\\/\\\/secure.gravatar.com\\\/avatar\\\/3c9179cf0256d00c72a48d1f25783c58b6842cd56e85ef3a572881c8e28ccd59?s=96&d=mm&r=g\",\"contentUrl\":\"https:\\\/\\\/secure.gravatar.com\\\/avatar\\\/3c9179cf0256d00c72a48d1f25783c58b6842cd56e85ef3a572881c8e28ccd59?s=96&d=mm&r=g\",\"caption\":\"ppdegaliciaredes\"},\"url\":\"https:\\\/\\\/ppdegalicia.com\\\/es\\\/author\\\/ppdegaliciaredes\\\/\"}]}<\/script>\n<!-- \/ Yoast SEO plugin. -->","yoast_head_json":{"title":"O Parlamento reitera a solicitude ao Goberno de Espa\u00f1a para que aprobe un marco de subministro el\u00e9ctrico competitivo, estable e predicible - PP de Galicia","robots":{"index":"index","follow":"follow","max-snippet":"max-snippet:-1","max-image-preview":"max-image-preview:large","max-video-preview":"max-video-preview:-1"},"canonical":"https:\/\/ppdegalicia.com\/es\/o-parlamento-reitera-a-solicitude-ao-goberno-de-espana-para-que-aprobe-un-marco-de-subministro-electrico-competitivo-estable-e-predicible\/","og_locale":"es_ES","og_type":"article","og_title":"O Parlamento reitera a solicitude ao Goberno de Espa\u00f1a para que aprobe un marco de subministro el\u00e9ctrico competitivo, estable e predicible - PP de Galicia","og_description":"O Parlamento de Galicia aprobou hoxe a proposici\u00f3n non de lei do Grupo Popular, co voto en contra do PSdeG, a trav\u00e9s da que se pide ao Goberno de Espa\u00f1a que aprobe, con car\u00e1cter inmediato, un marco de subministraci\u00f3n el\u00e9ctrica competitiva, estable e predicible para a gran industria consumidora de enerx\u00eda.","og_url":"https:\/\/ppdegalicia.com\/es\/o-parlamento-reitera-a-solicitude-ao-goberno-de-espana-para-que-aprobe-un-marco-de-subministro-electrico-competitivo-estable-e-predicible\/","og_site_name":"PP de Galicia","article_publisher":"https:\/\/www.instagram.com\/ppdegalicia\/","article_published_time":"2023-09-26T17:20:34+00:00","og_image":[{"width":1024,"height":683,"url":"https:\/\/ppdegalicia.com\/wp-content\/uploads\/2023\/09\/96447ef25c0079238104d826d0625d46-1024x683.jpg","type":"image\/jpeg"}],"author":"ppdegaliciaredes","twitter_card":"summary_large_image","twitter_creator":"@ppdegalicia","twitter_site":"@ppdegalicia","twitter_misc":{"Escrito por":"ppdegaliciaredes","Tiempo de lectura":"1 minuto"},"schema":{"@context":"https:\/\/schema.org","@graph":[{"@type":"Article","@id":"https:\/\/ppdegalicia.com\/es\/o-parlamento-reitera-a-solicitude-ao-goberno-de-espana-para-que-aprobe-un-marco-de-subministro-electrico-competitivo-estable-e-predicible\/#article","isPartOf":{"@id":"https:\/\/ppdegalicia.com\/es\/o-parlamento-reitera-a-solicitude-ao-goberno-de-espana-para-que-aprobe-un-marco-de-subministro-electrico-competitivo-estable-e-predicible\/"},"author":{"name":"ppdegaliciaredes","@id":"https:\/\/ppdegalicia.com\/es\/#\/schema\/person\/5b822c6f59e872ebdd1142f307dbcb59"},"headline":"O Parlamento reitera a solicitude ao Goberno de Espa\u00f1a para que aprobe un marco de subministro el\u00e9ctrico competitivo, estable e predicible","datePublished":"2023-09-26T17:20:34+00:00","mainEntityOfPage":{"@id":"https:\/\/ppdegalicia.com\/es\/o-parlamento-reitera-a-solicitude-ao-goberno-de-espana-para-que-aprobe-un-marco-de-subministro-electrico-competitivo-estable-e-predicible\/"},"wordCount":277,"commentCount":0,"publisher":{"@id":"https:\/\/ppdegalicia.com\/es\/#organization"},"image":{"@id":"https:\/\/ppdegalicia.com\/es\/o-parlamento-reitera-a-solicitude-ao-goberno-de-espana-para-que-aprobe-un-marco-de-subministro-electrico-competitivo-estable-e-predicible\/#primaryimage"},"thumbnailUrl":"https:\/\/ppdegalicia.com\/wp-content\/uploads\/2023\/09\/96447ef25c0079238104d826d0625d46.jpg","articleSection":["PP de Galicia"],"inLanguage":"es","potentialAction":[{"@type":"CommentAction","name":"Comment","target":["https:\/\/ppdegalicia.com\/es\/o-parlamento-reitera-a-solicitude-ao-goberno-de-espana-para-que-aprobe-un-marco-de-subministro-electrico-competitivo-estable-e-predicible\/#respond"]}]},{"@type":"WebPage","@id":"https:\/\/ppdegalicia.com\/es\/o-parlamento-reitera-a-solicitude-ao-goberno-de-espana-para-que-aprobe-un-marco-de-subministro-electrico-competitivo-estable-e-predicible\/","url":"https:\/\/ppdegalicia.com\/es\/o-parlamento-reitera-a-solicitude-ao-goberno-de-espana-para-que-aprobe-un-marco-de-subministro-electrico-competitivo-estable-e-predicible\/","name":"O Parlamento reitera a solicitude ao Goberno de Espa\u00f1a para que aprobe un marco de subministro el\u00e9ctrico competitivo, estable e predicible - PP de Galicia","isPartOf":{"@id":"https:\/\/ppdegalicia.com\/es\/#website"},"primaryImageOfPage":{"@id":"https:\/\/ppdegalicia.com\/es\/o-parlamento-reitera-a-solicitude-ao-goberno-de-espana-para-que-aprobe-un-marco-de-subministro-electrico-competitivo-estable-e-predicible\/#primaryimage"},"image":{"@id":"https:\/\/ppdegalicia.com\/es\/o-parlamento-reitera-a-solicitude-ao-goberno-de-espana-para-que-aprobe-un-marco-de-subministro-electrico-competitivo-estable-e-predicible\/#primaryimage"},"thumbnailUrl":"https:\/\/ppdegalicia.com\/wp-content\/uploads\/2023\/09\/96447ef25c0079238104d826d0625d46.jpg","datePublished":"2023-09-26T17:20:34+00:00","breadcrumb":{"@id":"https:\/\/ppdegalicia.com\/es\/o-parlamento-reitera-a-solicitude-ao-goberno-de-espana-para-que-aprobe-un-marco-de-subministro-electrico-competitivo-estable-e-predicible\/#breadcrumb"},"inLanguage":"es","potentialAction":[{"@type":"ReadAction","target":["https:\/\/ppdegalicia.com\/es\/o-parlamento-reitera-a-solicitude-ao-goberno-de-espana-para-que-aprobe-un-marco-de-subministro-electrico-competitivo-estable-e-predicible\/"]}]},{"@type":"ImageObject","inLanguage":"es","@id":"https:\/\/ppdegalicia.com\/es\/o-parlamento-reitera-a-solicitude-ao-goberno-de-espana-para-que-aprobe-un-marco-de-subministro-electrico-competitivo-estable-e-predicible\/#primaryimage","url":"https:\/\/ppdegalicia.com\/wp-content\/uploads\/2023\/09\/96447ef25c0079238104d826d0625d46.jpg","contentUrl":"https:\/\/ppdegalicia.com\/wp-content\/uploads\/2023\/09\/96447ef25c0079238104d826d0625d46.jpg","width":1900,"height":1267},{"@type":"BreadcrumbList","@id":"https:\/\/ppdegalicia.com\/es\/o-parlamento-reitera-a-solicitude-ao-goberno-de-espana-para-que-aprobe-un-marco-de-subministro-electrico-competitivo-estable-e-predicible\/#breadcrumb","itemListElement":[{"@type":"ListItem","position":1,"name":"Portada","item":"https:\/\/ppdegalicia.com\/es\/"},{"@type":"ListItem","position":2,"name":"O Parlamento reitera a solicitude ao Goberno de Espa\u00f1a para que aprobe un marco de subministro el\u00e9ctrico competitivo, estable e predicible"}]},{"@type":"WebSite","@id":"https:\/\/ppdegalicia.com\/es\/#website","url":"https:\/\/ppdegalicia.com\/es\/","name":"Partido Popular de Galicia","description":"Partido Popular de Galicia","publisher":{"@id":"https:\/\/ppdegalicia.com\/es\/#organization"},"alternateName":"PP de Galicia","potentialAction":[{"@type":"SearchAction","target":{"@type":"EntryPoint","urlTemplate":"https:\/\/ppdegalicia.com\/es\/?s={search_term_string}"},"query-input":{"@type":"PropertyValueSpecification","valueRequired":true,"valueName":"search_term_string"}}],"inLanguage":"es"},{"@type":"Organization","@id":"https:\/\/ppdegalicia.com\/es\/#organization","name":"Partido Popular de Galicia","alternateName":"PP de Galicia","url":"https:\/\/ppdegalicia.com\/es\/","logo":{"@type":"ImageObject","inLanguage":"es","@id":"https:\/\/ppdegalicia.com\/es\/#\/schema\/logo\/image\/","url":"https:\/\/ppdegalicia.com\/wp-content\/uploads\/2023\/04\/logoPP512.png","contentUrl":"https:\/\/ppdegalicia.com\/wp-content\/uploads\/2023\/04\/logoPP512.png","width":512,"height":512,"caption":"Partido Popular de Galicia"},"image":{"@id":"https:\/\/ppdegalicia.com\/es\/#\/schema\/logo\/image\/"},"sameAs":["https:\/\/www.instagram.com\/ppdegalicia\/","https:\/\/x.com\/ppdegalicia","https:\/\/www.tiktok.com\/@ppdegalicia","https:\/\/www.youtube.com\/user\/ppdegalicia"]},{"@type":"Person","@id":"https:\/\/ppdegalicia.com\/es\/#\/schema\/person\/5b822c6f59e872ebdd1142f307dbcb59","name":"ppdegaliciaredes","image":{"@type":"ImageObject","inLanguage":"es","@id":"https:\/\/secure.gravatar.com\/avatar\/3c9179cf0256d00c72a48d1f25783c58b6842cd56e85ef3a572881c8e28ccd59?s=96&d=mm&r=g","url":"https:\/\/secure.gravatar.com\/avatar\/3c9179cf0256d00c72a48d1f25783c58b6842cd56e85ef3a572881c8e28ccd59?s=96&d=mm&r=g","contentUrl":"https:\/\/secure.gravatar.com\/avatar\/3c9179cf0256d00c72a48d1f25783c58b6842cd56e85ef3a572881c8e28ccd59?s=96&d=mm&r=g","caption":"ppdegaliciaredes"},"url":"https:\/\/ppdegalicia.com\/es\/author\/ppdegaliciaredes\/"}]}},"_links":{"self":[{"href":"https:\/\/ppdegalicia.com\/es\/wp-json\/wp\/v2\/posts\/58367","targetHints":{"allow":["GET"]}}],"collection":[{"href":"https:\/\/ppdegalicia.com\/es\/wp-json\/wp\/v2\/posts"}],"about":[{"href":"https:\/\/ppdegalicia.com\/es\/wp-json\/wp\/v2\/types\/post"}],"author":[{"embeddable":true,"href":"https:\/\/ppdegalicia.com\/es\/wp-json\/wp\/v2\/users\/38"}],"replies":[{"embeddable":true,"href":"https:\/\/ppdegalicia.com\/es\/wp-json\/wp\/v2\/comments?post=58367"}],"version-history":[{"count":0,"href":"https:\/\/ppdegalicia.com\/es\/wp-json\/wp\/v2\/posts\/58367\/revisions"}],"wp:featuredmedia":[{"embeddable":true,"href":"https:\/\/ppdegalicia.com\/es\/wp-json\/wp\/v2\/media\/58366"}],"wp:attachment":[{"href":"https:\/\/ppdegalicia.com\/es\/wp-json\/wp\/v2\/media?parent=58367"}],"wp:term":[{"taxonomy":"category","embeddable":true,"href":"https:\/\/ppdegalicia.com\/es\/wp-json\/wp\/v2\/categories?post=58367"},{"taxonomy":"post_tag","embeddable":true,"href":"https:\/\/ppdegalicia.com\/es\/wp-json\/wp\/v2\/tags?post=58367"}],"curies":[{"name":"wp","href":"https:\/\/api.w.org\/{rel}","templated":true}]}}