{"id":58369,"date":"2023-09-28T11:10:21","date_gmt":"2023-09-28T09:10:21","guid":{"rendered":"https:\/\/ppdegalicia.com\/os-deputados-do-ppdeg-levan-ao-congreso-as-deficiencias-e-atrasos-dos-servizos-ferroviarios-de-media-distancia-en-galicia-e-os-incumprimentos-coa-chegada-da-alta-velocidade-a-todas-as-cidades-galegas\/"},"modified":"2023-09-28T11:10:21","modified_gmt":"2023-09-28T09:10:21","slug":"os-deputados-do-ppdeg-levan-ao-congreso-as-deficiencias-e-atrasos-dos-servizos-ferroviarios-de-media-distancia-en-galicia-e-os-incumprimentos-coa-chegada-da-alta-velocidade-a-todas-as-cidades-galegas","status":"publish","type":"post","link":"https:\/\/ppdegalicia.com\/es\/os-deputados-do-ppdeg-levan-ao-congreso-as-deficiencias-e-atrasos-dos-servizos-ferroviarios-de-media-distancia-en-galicia-e-os-incumprimentos-coa-chegada-da-alta-velocidade-a-todas-as-cidades-galegas\/","title":{"rendered":"Os deputados do PPdeG levan ao Congreso as \u201cdeficiencias e atrasos\u201d dos servizos ferroviarios de media distancia en Galicia e os incumprimentos coa chegada da Alta Velocidade a todas as cidades galegas"},"content":{"rendered":"<p><img fetchpriority=\"high\" decoding=\"async\" class=\" size-full wp-image-58368\" src=\"https:\/\/ppdegalicia.com\/wp-content\/uploads\/2023\/09\/e20c927e4963fe7b9deb655043ca88a7.jpg\" alt=\"\" width=\"2048\" height=\"1365\" srcset=\"https:\/\/ppdegalicia.com\/wp-content\/uploads\/2023\/09\/e20c927e4963fe7b9deb655043ca88a7.jpg 2048w, https:\/\/ppdegalicia.com\/wp-content\/uploads\/2023\/09\/e20c927e4963fe7b9deb655043ca88a7-300x200.jpg 300w, https:\/\/ppdegalicia.com\/wp-content\/uploads\/2023\/09\/e20c927e4963fe7b9deb655043ca88a7-1024x683.jpg 1024w, https:\/\/ppdegalicia.com\/wp-content\/uploads\/2023\/09\/e20c927e4963fe7b9deb655043ca88a7-768x512.jpg 768w, https:\/\/ppdegalicia.com\/wp-content\/uploads\/2023\/09\/e20c927e4963fe7b9deb655043ca88a7-1536x1024.jpg 1536w\" sizes=\"(max-width: 2048px) 100vw, 2048px\" \/><\/p>\n<p>Os deputados do PPdeG no Congreso ve\u00f1en de presentar sendas preguntas na C\u00e1mara Baixa para que o Goberno central aclare cales son as medidas \u201curxentes e efectivas\u201d que ten previsto adoptar para solucionar as \u201crecorrentes deficiencias e atrasos\u201d na prestaci\u00f3n do servizo ferroviario de media distancia en Galicia e para que confirme se cumprir\u00e1 o prazo de entrega dos trens Avril en novembro de 2023 para as\u00ed garantir a chegada da Alta Velocidade \u00e1s cidades galegas.<\/p>\n<p><!--more--><\/p>\n<p>Lamentan os populares que coa volta ao curso persistan en Galicia os atrasos dos trens de media distancia que periodicamente denuncian os usuarios deste servizo tanto no Eixo Atl\u00e1ntico como tam\u00e9n no corredor Avant Ourense-Santiago-A Coru\u00f1a. Unhas deficiencias derivadas, entre outras raz\u00f3ns por \u201cfallos da infraestrutura, limitaci\u00f3ns temporais de velocidade, problemas de diferente \u00edndole nas estaci\u00f3ns ou fallos mec\u00e1nicos nos trens\u201d.<\/p>\n<p>\u201cIncidencias que non son puntuais nin espor\u00e1dicas convert\u00e9ronse en frecuentes e a\u00a0 veces ata poder\u00eda aventurarse que se trata de atrasos programados e as limitaci\u00f3ns de velocidade, permanentes\u201d, explican os deputados do PPdeG no texto da iniciativa coa que denuncian que \u201cos usuarios non te\u00f1en a obriga de aceptar estes atrasos\u201d e piden ao Ministerio de Transportes, a Renfe e a Adif medidas \u201curxentes e efectivas\u201d para reverter esta situaci\u00f3n.<\/p>\n<p><strong>\u201c<u>NON IMOS ADMITIR DO GOBERNO DE S\u00c1NCHEZ O EN\u00c9SIMO RETRASO NA CHEGADA DOS TRENS AVRIL<\/u>\u201d<\/strong><\/p>\n<p>A trav\u00e9s doutra iniciativa, os deputados do PPdeG no Congreso fanse eco tam\u00e9n do novo atraso na posta en servizo dos trens Avril de Alta Velocidade en Galicia \u201ccoa desculpa da demora na formaci\u00f3n dos maquinistas\u201d. Un novo incumprimento que se sumar\u00eda a toda a lista de datas \u201csistematicamente incumpridas\u201d ofrecidas polo Goberno de S\u00e1nchez sobre a entrega a Renfe destes trens.<\/p>\n<p>Recordan os parlamentarios populares que en xaneiro de 2022 preguntaron por escrito sobre a data prevista para que os trens Avril circularan pola l\u00ednea de Alta Velocidade Madrid-Galicia e que \u201co prazo de ver\u00e1n do 2022 ofrecido pola ministra Raquel S\u00e1nchez foi incumprido\u201d. Logo, dixeron que ser\u00eda no primeiro trimestre de 2023 e \u201csen pudor incumpriron\u201d.<\/p>\n<p>Insisten neste sentido en que a importancia da chegada destes trens \u00e9 \u201cimprescindible para incrementar o n\u00famero de prazas ofertadas e abaratar o prezo dos billetes ao poder transportar m\u00e1is usuarios con menor gastos\u201d. E, sobre todo, para \u201cfacer efectivos os beneficios da Alta Velocidade a Galicia no referente a mellorar os tempos de viaxe que polo momento s\u00f3 se cumpriron coa cidade de Ourense\u201d mentres o resto de cidades galegas \u201cseguen esperando\u201d.<\/p>\n<p>\u201cEstamos cansos e fartos de tanta espera e de tantos incumprimentos do Goberno socialista\u201d, concl\u00faen ao tempo que esixen \u201cque se cumpra a data ultimamente comprometida de novembro de 2023\u201d e \u201cinformaci\u00f3n certa sobre a chegada deste material rodante de ancho variable \u00e1s nosas v\u00edas e cal e o n\u00famero de trens e frecuencias contar\u00e1 Galicia para conectarse con Madrid\u201d.<\/p>\n<p>A maiores destas d\u00faas preguntas, os deputados do PPdeG tam\u00e9n rexistraron a solicitude de comparecencia no Congreso da ministra de Transportes e do presidente de Renfe para informar sobre estes temas.<\/p>\n","protected":false},"excerpt":{"rendered":"<p>Os deputados do PPdeG no Congreso ve\u00f1en de presentar sendas preguntas na C\u00e1mara Baixa para que o Goberno central aclare cales son as medidas \u201curxentes e efectivas\u201d que ten previsto adoptar para solucionar as \u201crecorrentes deficiencias e atrasos\u201d na prestaci\u00f3n do servizo ferroviario de media distancia en Galicia e para que confirme se cumprir\u00e1 o [&hellip;]<\/p>\n","protected":false},"author":38,"featured_media":58368,"comment_status":"open","ping_status":"open","sticky":false,"template":"","format":"standard","meta":{"_acf_changed":false,"footnotes":""},"categories":[1],"tags":[],"class_list":["post-58369","post","type-post","status-publish","format-standard","has-post-thumbnail","hentry","category-pp-de-galicia"],"acf":[],"yoast_head":"<!-- This site is optimized with the Yoast SEO plugin v27.3 - https:\/\/yoast.com\/product\/yoast-seo-wordpress\/ -->\n<title>Os deputados do PPdeG levan ao Congreso as \u201cdeficiencias e atrasos\u201d dos servizos ferroviarios de media distancia en Galicia e os incumprimentos coa chegada da Alta Velocidade a todas as cidades galegas - PP de Galicia<\/title>\n<meta name=\"robots\" content=\"index, follow, max-snippet:-1, max-image-preview:large, max-video-preview:-1\" \/>\n<link rel=\"canonical\" href=\"https:\/\/ppdegalicia.com\/es\/os-deputados-do-ppdeg-levan-ao-congreso-as-deficiencias-e-atrasos-dos-servizos-ferroviarios-de-media-distancia-en-galicia-e-os-incumprimentos-coa-chegada-da-alta-velocidade-a-todas-as-cidades-galegas\/\" \/>\n<meta property=\"og:locale\" content=\"es_ES\" \/>\n<meta property=\"og:type\" content=\"article\" \/>\n<meta property=\"og:title\" content=\"Os deputados do PPdeG levan ao Congreso as \u201cdeficiencias e atrasos\u201d dos servizos ferroviarios de media distancia en Galicia e os incumprimentos coa chegada da Alta Velocidade a todas as cidades galegas - PP de Galicia\" \/>\n<meta property=\"og:description\" content=\"Os deputados do PPdeG no Congreso ve\u00f1en de presentar sendas preguntas na C\u00e1mara Baixa para que o Goberno central aclare cales son as medidas \u201curxentes e efectivas\u201d que ten previsto adoptar para solucionar as \u201crecorrentes deficiencias e atrasos\u201d na prestaci\u00f3n do servizo ferroviario de media distancia en Galicia e para que confirme se cumprir\u00e1 o [&hellip;]\" \/>\n<meta property=\"og:url\" content=\"https:\/\/ppdegalicia.com\/es\/os-deputados-do-ppdeg-levan-ao-congreso-as-deficiencias-e-atrasos-dos-servizos-ferroviarios-de-media-distancia-en-galicia-e-os-incumprimentos-coa-chegada-da-alta-velocidade-a-todas-as-cidades-galegas\/\" \/>\n<meta property=\"og:site_name\" content=\"PP de Galicia\" \/>\n<meta property=\"article:publisher\" content=\"https:\/\/www.instagram.com\/ppdegalicia\/\" \/>\n<meta property=\"article:published_time\" content=\"2023-09-28T09:10:21+00:00\" \/>\n<meta property=\"og:image\" content=\"https:\/\/ppdegalicia.com\/wp-content\/uploads\/2023\/09\/e20c927e4963fe7b9deb655043ca88a7-1024x683.jpg\" \/>\n\t<meta property=\"og:image:width\" content=\"1024\" \/>\n\t<meta property=\"og:image:height\" content=\"683\" \/>\n\t<meta property=\"og:image:type\" content=\"image\/jpeg\" \/>\n<meta name=\"author\" content=\"ppdegaliciaredes\" \/>\n<meta name=\"twitter:card\" content=\"summary_large_image\" \/>\n<meta name=\"twitter:creator\" content=\"@ppdegalicia\" \/>\n<meta name=\"twitter:site\" content=\"@ppdegalicia\" \/>\n<meta name=\"twitter:label1\" content=\"Escrito por\" \/>\n\t<meta name=\"twitter:data1\" content=\"ppdegaliciaredes\" \/>\n\t<meta name=\"twitter:label2\" content=\"Tiempo de lectura\" \/>\n\t<meta name=\"twitter:data2\" content=\"3 minutos\" \/>\n<script type=\"application\/ld+json\" class=\"yoast-schema-graph\">{\"@context\":\"https:\\\/\\\/schema.org\",\"@graph\":[{\"@type\":\"Article\",\"@id\":\"https:\\\/\\\/ppdegalicia.com\\\/es\\\/os-deputados-do-ppdeg-levan-ao-congreso-as-deficiencias-e-atrasos-dos-servizos-ferroviarios-de-media-distancia-en-galicia-e-os-incumprimentos-coa-chegada-da-alta-velocidade-a-todas-as-cidades-galegas\\\/#article\",\"isPartOf\":{\"@id\":\"https:\\\/\\\/ppdegalicia.com\\\/es\\\/os-deputados-do-ppdeg-levan-ao-congreso-as-deficiencias-e-atrasos-dos-servizos-ferroviarios-de-media-distancia-en-galicia-e-os-incumprimentos-coa-chegada-da-alta-velocidade-a-todas-as-cidades-galegas\\\/\"},\"author\":{\"name\":\"ppdegaliciaredes\",\"@id\":\"https:\\\/\\\/ppdegalicia.com\\\/es\\\/#\\\/schema\\\/person\\\/5b822c6f59e872ebdd1142f307dbcb59\"},\"headline\":\"Os deputados do PPdeG levan ao Congreso as \u201cdeficiencias e atrasos\u201d dos servizos ferroviarios de media distancia en Galicia e os incumprimentos coa chegada da Alta Velocidade a todas as cidades galegas\",\"datePublished\":\"2023-09-28T09:10:21+00:00\",\"mainEntityOfPage\":{\"@id\":\"https:\\\/\\\/ppdegalicia.com\\\/es\\\/os-deputados-do-ppdeg-levan-ao-congreso-as-deficiencias-e-atrasos-dos-servizos-ferroviarios-de-media-distancia-en-galicia-e-os-incumprimentos-coa-chegada-da-alta-velocidade-a-todas-as-cidades-galegas\\\/\"},\"wordCount\":565,\"commentCount\":0,\"publisher\":{\"@id\":\"https:\\\/\\\/ppdegalicia.com\\\/es\\\/#organization\"},\"image\":{\"@id\":\"https:\\\/\\\/ppdegalicia.com\\\/es\\\/os-deputados-do-ppdeg-levan-ao-congreso-as-deficiencias-e-atrasos-dos-servizos-ferroviarios-de-media-distancia-en-galicia-e-os-incumprimentos-coa-chegada-da-alta-velocidade-a-todas-as-cidades-galegas\\\/#primaryimage\"},\"thumbnailUrl\":\"https:\\\/\\\/ppdegalicia.com\\\/wp-content\\\/uploads\\\/2023\\\/09\\\/e20c927e4963fe7b9deb655043ca88a7.jpg\",\"articleSection\":[\"PP de Galicia\"],\"inLanguage\":\"es\",\"potentialAction\":[{\"@type\":\"CommentAction\",\"name\":\"Comment\",\"target\":[\"https:\\\/\\\/ppdegalicia.com\\\/es\\\/os-deputados-do-ppdeg-levan-ao-congreso-as-deficiencias-e-atrasos-dos-servizos-ferroviarios-de-media-distancia-en-galicia-e-os-incumprimentos-coa-chegada-da-alta-velocidade-a-todas-as-cidades-galegas\\\/#respond\"]}]},{\"@type\":\"WebPage\",\"@id\":\"https:\\\/\\\/ppdegalicia.com\\\/es\\\/os-deputados-do-ppdeg-levan-ao-congreso-as-deficiencias-e-atrasos-dos-servizos-ferroviarios-de-media-distancia-en-galicia-e-os-incumprimentos-coa-chegada-da-alta-velocidade-a-todas-as-cidades-galegas\\\/\",\"url\":\"https:\\\/\\\/ppdegalicia.com\\\/es\\\/os-deputados-do-ppdeg-levan-ao-congreso-as-deficiencias-e-atrasos-dos-servizos-ferroviarios-de-media-distancia-en-galicia-e-os-incumprimentos-coa-chegada-da-alta-velocidade-a-todas-as-cidades-galegas\\\/\",\"name\":\"Os deputados do PPdeG levan ao Congreso as \u201cdeficiencias e atrasos\u201d dos servizos ferroviarios de media distancia en Galicia e os incumprimentos coa chegada da Alta Velocidade a todas as cidades galegas - PP de Galicia\",\"isPartOf\":{\"@id\":\"https:\\\/\\\/ppdegalicia.com\\\/es\\\/#website\"},\"primaryImageOfPage\":{\"@id\":\"https:\\\/\\\/ppdegalicia.com\\\/es\\\/os-deputados-do-ppdeg-levan-ao-congreso-as-deficiencias-e-atrasos-dos-servizos-ferroviarios-de-media-distancia-en-galicia-e-os-incumprimentos-coa-chegada-da-alta-velocidade-a-todas-as-cidades-galegas\\\/#primaryimage\"},\"image\":{\"@id\":\"https:\\\/\\\/ppdegalicia.com\\\/es\\\/os-deputados-do-ppdeg-levan-ao-congreso-as-deficiencias-e-atrasos-dos-servizos-ferroviarios-de-media-distancia-en-galicia-e-os-incumprimentos-coa-chegada-da-alta-velocidade-a-todas-as-cidades-galegas\\\/#primaryimage\"},\"thumbnailUrl\":\"https:\\\/\\\/ppdegalicia.com\\\/wp-content\\\/uploads\\\/2023\\\/09\\\/e20c927e4963fe7b9deb655043ca88a7.jpg\",\"datePublished\":\"2023-09-28T09:10:21+00:00\",\"breadcrumb\":{\"@id\":\"https:\\\/\\\/ppdegalicia.com\\\/es\\\/os-deputados-do-ppdeg-levan-ao-congreso-as-deficiencias-e-atrasos-dos-servizos-ferroviarios-de-media-distancia-en-galicia-e-os-incumprimentos-coa-chegada-da-alta-velocidade-a-todas-as-cidades-galegas\\\/#breadcrumb\"},\"inLanguage\":\"es\",\"potentialAction\":[{\"@type\":\"ReadAction\",\"target\":[\"https:\\\/\\\/ppdegalicia.com\\\/es\\\/os-deputados-do-ppdeg-levan-ao-congreso-as-deficiencias-e-atrasos-dos-servizos-ferroviarios-de-media-distancia-en-galicia-e-os-incumprimentos-coa-chegada-da-alta-velocidade-a-todas-as-cidades-galegas\\\/\"]}]},{\"@type\":\"ImageObject\",\"inLanguage\":\"es\",\"@id\":\"https:\\\/\\\/ppdegalicia.com\\\/es\\\/os-deputados-do-ppdeg-levan-ao-congreso-as-deficiencias-e-atrasos-dos-servizos-ferroviarios-de-media-distancia-en-galicia-e-os-incumprimentos-coa-chegada-da-alta-velocidade-a-todas-as-cidades-galegas\\\/#primaryimage\",\"url\":\"https:\\\/\\\/ppdegalicia.com\\\/wp-content\\\/uploads\\\/2023\\\/09\\\/e20c927e4963fe7b9deb655043ca88a7.jpg\",\"contentUrl\":\"https:\\\/\\\/ppdegalicia.com\\\/wp-content\\\/uploads\\\/2023\\\/09\\\/e20c927e4963fe7b9deb655043ca88a7.jpg\",\"width\":2048,\"height\":1365},{\"@type\":\"BreadcrumbList\",\"@id\":\"https:\\\/\\\/ppdegalicia.com\\\/es\\\/os-deputados-do-ppdeg-levan-ao-congreso-as-deficiencias-e-atrasos-dos-servizos-ferroviarios-de-media-distancia-en-galicia-e-os-incumprimentos-coa-chegada-da-alta-velocidade-a-todas-as-cidades-galegas\\\/#breadcrumb\",\"itemListElement\":[{\"@type\":\"ListItem\",\"position\":1,\"name\":\"Portada\",\"item\":\"https:\\\/\\\/ppdegalicia.com\\\/es\\\/\"},{\"@type\":\"ListItem\",\"position\":2,\"name\":\"Os deputados do PPdeG levan ao Congreso as \u201cdeficiencias e atrasos\u201d dos servizos ferroviarios de media distancia en Galicia e os incumprimentos coa chegada da Alta Velocidade a todas as cidades galegas\"}]},{\"@type\":\"WebSite\",\"@id\":\"https:\\\/\\\/ppdegalicia.com\\\/es\\\/#website\",\"url\":\"https:\\\/\\\/ppdegalicia.com\\\/es\\\/\",\"name\":\"Partido Popular de Galicia\",\"description\":\"Partido Popular de Galicia\",\"publisher\":{\"@id\":\"https:\\\/\\\/ppdegalicia.com\\\/es\\\/#organization\"},\"alternateName\":\"PP de Galicia\",\"potentialAction\":[{\"@type\":\"SearchAction\",\"target\":{\"@type\":\"EntryPoint\",\"urlTemplate\":\"https:\\\/\\\/ppdegalicia.com\\\/es\\\/?s={search_term_string}\"},\"query-input\":{\"@type\":\"PropertyValueSpecification\",\"valueRequired\":true,\"valueName\":\"search_term_string\"}}],\"inLanguage\":\"es\"},{\"@type\":\"Organization\",\"@id\":\"https:\\\/\\\/ppdegalicia.com\\\/es\\\/#organization\",\"name\":\"Partido Popular de Galicia\",\"alternateName\":\"PP de Galicia\",\"url\":\"https:\\\/\\\/ppdegalicia.com\\\/es\\\/\",\"logo\":{\"@type\":\"ImageObject\",\"inLanguage\":\"es\",\"@id\":\"https:\\\/\\\/ppdegalicia.com\\\/es\\\/#\\\/schema\\\/logo\\\/image\\\/\",\"url\":\"https:\\\/\\\/ppdegalicia.com\\\/wp-content\\\/uploads\\\/2023\\\/04\\\/logoPP512.png\",\"contentUrl\":\"https:\\\/\\\/ppdegalicia.com\\\/wp-content\\\/uploads\\\/2023\\\/04\\\/logoPP512.png\",\"width\":512,\"height\":512,\"caption\":\"Partido Popular de Galicia\"},\"image\":{\"@id\":\"https:\\\/\\\/ppdegalicia.com\\\/es\\\/#\\\/schema\\\/logo\\\/image\\\/\"},\"sameAs\":[\"https:\\\/\\\/www.instagram.com\\\/ppdegalicia\\\/\",\"https:\\\/\\\/x.com\\\/ppdegalicia\",\"https:\\\/\\\/www.tiktok.com\\\/@ppdegalicia\",\"https:\\\/\\\/www.youtube.com\\\/user\\\/ppdegalicia\"]},{\"@type\":\"Person\",\"@id\":\"https:\\\/\\\/ppdegalicia.com\\\/es\\\/#\\\/schema\\\/person\\\/5b822c6f59e872ebdd1142f307dbcb59\",\"name\":\"ppdegaliciaredes\",\"image\":{\"@type\":\"ImageObject\",\"inLanguage\":\"es\",\"@id\":\"https:\\\/\\\/secure.gravatar.com\\\/avatar\\\/3c9179cf0256d00c72a48d1f25783c58b6842cd56e85ef3a572881c8e28ccd59?s=96&d=mm&r=g\",\"url\":\"https:\\\/\\\/secure.gravatar.com\\\/avatar\\\/3c9179cf0256d00c72a48d1f25783c58b6842cd56e85ef3a572881c8e28ccd59?s=96&d=mm&r=g\",\"contentUrl\":\"https:\\\/\\\/secure.gravatar.com\\\/avatar\\\/3c9179cf0256d00c72a48d1f25783c58b6842cd56e85ef3a572881c8e28ccd59?s=96&d=mm&r=g\",\"caption\":\"ppdegaliciaredes\"},\"url\":\"https:\\\/\\\/ppdegalicia.com\\\/es\\\/author\\\/ppdegaliciaredes\\\/\"}]}<\/script>\n<!-- \/ Yoast SEO plugin. -->","yoast_head_json":{"title":"Os deputados do PPdeG levan ao Congreso as \u201cdeficiencias e atrasos\u201d dos servizos ferroviarios de media distancia en Galicia e os incumprimentos coa chegada da Alta Velocidade a todas as cidades galegas - PP de Galicia","robots":{"index":"index","follow":"follow","max-snippet":"max-snippet:-1","max-image-preview":"max-image-preview:large","max-video-preview":"max-video-preview:-1"},"canonical":"https:\/\/ppdegalicia.com\/es\/os-deputados-do-ppdeg-levan-ao-congreso-as-deficiencias-e-atrasos-dos-servizos-ferroviarios-de-media-distancia-en-galicia-e-os-incumprimentos-coa-chegada-da-alta-velocidade-a-todas-as-cidades-galegas\/","og_locale":"es_ES","og_type":"article","og_title":"Os deputados do PPdeG levan ao Congreso as \u201cdeficiencias e atrasos\u201d dos servizos ferroviarios de media distancia en Galicia e os incumprimentos coa chegada da Alta Velocidade a todas as cidades galegas - PP de Galicia","og_description":"Os deputados do PPdeG no Congreso ve\u00f1en de presentar sendas preguntas na C\u00e1mara Baixa para que o Goberno central aclare cales son as medidas \u201curxentes e efectivas\u201d que ten previsto adoptar para solucionar as \u201crecorrentes deficiencias e atrasos\u201d na prestaci\u00f3n do servizo ferroviario de media distancia en Galicia e para que confirme se cumprir\u00e1 o [&hellip;]","og_url":"https:\/\/ppdegalicia.com\/es\/os-deputados-do-ppdeg-levan-ao-congreso-as-deficiencias-e-atrasos-dos-servizos-ferroviarios-de-media-distancia-en-galicia-e-os-incumprimentos-coa-chegada-da-alta-velocidade-a-todas-as-cidades-galegas\/","og_site_name":"PP de Galicia","article_publisher":"https:\/\/www.instagram.com\/ppdegalicia\/","article_published_time":"2023-09-28T09:10:21+00:00","og_image":[{"width":1024,"height":683,"url":"https:\/\/ppdegalicia.com\/wp-content\/uploads\/2023\/09\/e20c927e4963fe7b9deb655043ca88a7-1024x683.jpg","type":"image\/jpeg"}],"author":"ppdegaliciaredes","twitter_card":"summary_large_image","twitter_creator":"@ppdegalicia","twitter_site":"@ppdegalicia","twitter_misc":{"Escrito por":"ppdegaliciaredes","Tiempo de lectura":"3 minutos"},"schema":{"@context":"https:\/\/schema.org","@graph":[{"@type":"Article","@id":"https:\/\/ppdegalicia.com\/es\/os-deputados-do-ppdeg-levan-ao-congreso-as-deficiencias-e-atrasos-dos-servizos-ferroviarios-de-media-distancia-en-galicia-e-os-incumprimentos-coa-chegada-da-alta-velocidade-a-todas-as-cidades-galegas\/#article","isPartOf":{"@id":"https:\/\/ppdegalicia.com\/es\/os-deputados-do-ppdeg-levan-ao-congreso-as-deficiencias-e-atrasos-dos-servizos-ferroviarios-de-media-distancia-en-galicia-e-os-incumprimentos-coa-chegada-da-alta-velocidade-a-todas-as-cidades-galegas\/"},"author":{"name":"ppdegaliciaredes","@id":"https:\/\/ppdegalicia.com\/es\/#\/schema\/person\/5b822c6f59e872ebdd1142f307dbcb59"},"headline":"Os deputados do PPdeG levan ao Congreso as \u201cdeficiencias e atrasos\u201d dos servizos ferroviarios de media distancia en Galicia e os incumprimentos coa chegada da Alta Velocidade a todas as cidades galegas","datePublished":"2023-09-28T09:10:21+00:00","mainEntityOfPage":{"@id":"https:\/\/ppdegalicia.com\/es\/os-deputados-do-ppdeg-levan-ao-congreso-as-deficiencias-e-atrasos-dos-servizos-ferroviarios-de-media-distancia-en-galicia-e-os-incumprimentos-coa-chegada-da-alta-velocidade-a-todas-as-cidades-galegas\/"},"wordCount":565,"commentCount":0,"publisher":{"@id":"https:\/\/ppdegalicia.com\/es\/#organization"},"image":{"@id":"https:\/\/ppdegalicia.com\/es\/os-deputados-do-ppdeg-levan-ao-congreso-as-deficiencias-e-atrasos-dos-servizos-ferroviarios-de-media-distancia-en-galicia-e-os-incumprimentos-coa-chegada-da-alta-velocidade-a-todas-as-cidades-galegas\/#primaryimage"},"thumbnailUrl":"https:\/\/ppdegalicia.com\/wp-content\/uploads\/2023\/09\/e20c927e4963fe7b9deb655043ca88a7.jpg","articleSection":["PP de Galicia"],"inLanguage":"es","potentialAction":[{"@type":"CommentAction","name":"Comment","target":["https:\/\/ppdegalicia.com\/es\/os-deputados-do-ppdeg-levan-ao-congreso-as-deficiencias-e-atrasos-dos-servizos-ferroviarios-de-media-distancia-en-galicia-e-os-incumprimentos-coa-chegada-da-alta-velocidade-a-todas-as-cidades-galegas\/#respond"]}]},{"@type":"WebPage","@id":"https:\/\/ppdegalicia.com\/es\/os-deputados-do-ppdeg-levan-ao-congreso-as-deficiencias-e-atrasos-dos-servizos-ferroviarios-de-media-distancia-en-galicia-e-os-incumprimentos-coa-chegada-da-alta-velocidade-a-todas-as-cidades-galegas\/","url":"https:\/\/ppdegalicia.com\/es\/os-deputados-do-ppdeg-levan-ao-congreso-as-deficiencias-e-atrasos-dos-servizos-ferroviarios-de-media-distancia-en-galicia-e-os-incumprimentos-coa-chegada-da-alta-velocidade-a-todas-as-cidades-galegas\/","name":"Os deputados do PPdeG levan ao Congreso as \u201cdeficiencias e atrasos\u201d dos servizos ferroviarios de media distancia en Galicia e os incumprimentos coa chegada da Alta Velocidade a todas as cidades galegas - PP de Galicia","isPartOf":{"@id":"https:\/\/ppdegalicia.com\/es\/#website"},"primaryImageOfPage":{"@id":"https:\/\/ppdegalicia.com\/es\/os-deputados-do-ppdeg-levan-ao-congreso-as-deficiencias-e-atrasos-dos-servizos-ferroviarios-de-media-distancia-en-galicia-e-os-incumprimentos-coa-chegada-da-alta-velocidade-a-todas-as-cidades-galegas\/#primaryimage"},"image":{"@id":"https:\/\/ppdegalicia.com\/es\/os-deputados-do-ppdeg-levan-ao-congreso-as-deficiencias-e-atrasos-dos-servizos-ferroviarios-de-media-distancia-en-galicia-e-os-incumprimentos-coa-chegada-da-alta-velocidade-a-todas-as-cidades-galegas\/#primaryimage"},"thumbnailUrl":"https:\/\/ppdegalicia.com\/wp-content\/uploads\/2023\/09\/e20c927e4963fe7b9deb655043ca88a7.jpg","datePublished":"2023-09-28T09:10:21+00:00","breadcrumb":{"@id":"https:\/\/ppdegalicia.com\/es\/os-deputados-do-ppdeg-levan-ao-congreso-as-deficiencias-e-atrasos-dos-servizos-ferroviarios-de-media-distancia-en-galicia-e-os-incumprimentos-coa-chegada-da-alta-velocidade-a-todas-as-cidades-galegas\/#breadcrumb"},"inLanguage":"es","potentialAction":[{"@type":"ReadAction","target":["https:\/\/ppdegalicia.com\/es\/os-deputados-do-ppdeg-levan-ao-congreso-as-deficiencias-e-atrasos-dos-servizos-ferroviarios-de-media-distancia-en-galicia-e-os-incumprimentos-coa-chegada-da-alta-velocidade-a-todas-as-cidades-galegas\/"]}]},{"@type":"ImageObject","inLanguage":"es","@id":"https:\/\/ppdegalicia.com\/es\/os-deputados-do-ppdeg-levan-ao-congreso-as-deficiencias-e-atrasos-dos-servizos-ferroviarios-de-media-distancia-en-galicia-e-os-incumprimentos-coa-chegada-da-alta-velocidade-a-todas-as-cidades-galegas\/#primaryimage","url":"https:\/\/ppdegalicia.com\/wp-content\/uploads\/2023\/09\/e20c927e4963fe7b9deb655043ca88a7.jpg","contentUrl":"https:\/\/ppdegalicia.com\/wp-content\/uploads\/2023\/09\/e20c927e4963fe7b9deb655043ca88a7.jpg","width":2048,"height":1365},{"@type":"BreadcrumbList","@id":"https:\/\/ppdegalicia.com\/es\/os-deputados-do-ppdeg-levan-ao-congreso-as-deficiencias-e-atrasos-dos-servizos-ferroviarios-de-media-distancia-en-galicia-e-os-incumprimentos-coa-chegada-da-alta-velocidade-a-todas-as-cidades-galegas\/#breadcrumb","itemListElement":[{"@type":"ListItem","position":1,"name":"Portada","item":"https:\/\/ppdegalicia.com\/es\/"},{"@type":"ListItem","position":2,"name":"Os deputados do PPdeG levan ao Congreso as \u201cdeficiencias e atrasos\u201d dos servizos ferroviarios de media distancia en Galicia e os incumprimentos coa chegada da Alta Velocidade a todas as cidades galegas"}]},{"@type":"WebSite","@id":"https:\/\/ppdegalicia.com\/es\/#website","url":"https:\/\/ppdegalicia.com\/es\/","name":"Partido Popular de Galicia","description":"Partido Popular de Galicia","publisher":{"@id":"https:\/\/ppdegalicia.com\/es\/#organization"},"alternateName":"PP de Galicia","potentialAction":[{"@type":"SearchAction","target":{"@type":"EntryPoint","urlTemplate":"https:\/\/ppdegalicia.com\/es\/?s={search_term_string}"},"query-input":{"@type":"PropertyValueSpecification","valueRequired":true,"valueName":"search_term_string"}}],"inLanguage":"es"},{"@type":"Organization","@id":"https:\/\/ppdegalicia.com\/es\/#organization","name":"Partido Popular de Galicia","alternateName":"PP de Galicia","url":"https:\/\/ppdegalicia.com\/es\/","logo":{"@type":"ImageObject","inLanguage":"es","@id":"https:\/\/ppdegalicia.com\/es\/#\/schema\/logo\/image\/","url":"https:\/\/ppdegalicia.com\/wp-content\/uploads\/2023\/04\/logoPP512.png","contentUrl":"https:\/\/ppdegalicia.com\/wp-content\/uploads\/2023\/04\/logoPP512.png","width":512,"height":512,"caption":"Partido Popular de Galicia"},"image":{"@id":"https:\/\/ppdegalicia.com\/es\/#\/schema\/logo\/image\/"},"sameAs":["https:\/\/www.instagram.com\/ppdegalicia\/","https:\/\/x.com\/ppdegalicia","https:\/\/www.tiktok.com\/@ppdegalicia","https:\/\/www.youtube.com\/user\/ppdegalicia"]},{"@type":"Person","@id":"https:\/\/ppdegalicia.com\/es\/#\/schema\/person\/5b822c6f59e872ebdd1142f307dbcb59","name":"ppdegaliciaredes","image":{"@type":"ImageObject","inLanguage":"es","@id":"https:\/\/secure.gravatar.com\/avatar\/3c9179cf0256d00c72a48d1f25783c58b6842cd56e85ef3a572881c8e28ccd59?s=96&d=mm&r=g","url":"https:\/\/secure.gravatar.com\/avatar\/3c9179cf0256d00c72a48d1f25783c58b6842cd56e85ef3a572881c8e28ccd59?s=96&d=mm&r=g","contentUrl":"https:\/\/secure.gravatar.com\/avatar\/3c9179cf0256d00c72a48d1f25783c58b6842cd56e85ef3a572881c8e28ccd59?s=96&d=mm&r=g","caption":"ppdegaliciaredes"},"url":"https:\/\/ppdegalicia.com\/es\/author\/ppdegaliciaredes\/"}]}},"_links":{"self":[{"href":"https:\/\/ppdegalicia.com\/es\/wp-json\/wp\/v2\/posts\/58369","targetHints":{"allow":["GET"]}}],"collection":[{"href":"https:\/\/ppdegalicia.com\/es\/wp-json\/wp\/v2\/posts"}],"about":[{"href":"https:\/\/ppdegalicia.com\/es\/wp-json\/wp\/v2\/types\/post"}],"author":[{"embeddable":true,"href":"https:\/\/ppdegalicia.com\/es\/wp-json\/wp\/v2\/users\/38"}],"replies":[{"embeddable":true,"href":"https:\/\/ppdegalicia.com\/es\/wp-json\/wp\/v2\/comments?post=58369"}],"version-history":[{"count":0,"href":"https:\/\/ppdegalicia.com\/es\/wp-json\/wp\/v2\/posts\/58369\/revisions"}],"wp:featuredmedia":[{"embeddable":true,"href":"https:\/\/ppdegalicia.com\/es\/wp-json\/wp\/v2\/media\/58368"}],"wp:attachment":[{"href":"https:\/\/ppdegalicia.com\/es\/wp-json\/wp\/v2\/media?parent=58369"}],"wp:term":[{"taxonomy":"category","embeddable":true,"href":"https:\/\/ppdegalicia.com\/es\/wp-json\/wp\/v2\/categories?post=58369"},{"taxonomy":"post_tag","embeddable":true,"href":"https:\/\/ppdegalicia.com\/es\/wp-json\/wp\/v2\/tags?post=58369"}],"curies":[{"name":"wp","href":"https:\/\/api.w.org\/{rel}","templated":true}]}}