{"id":58375,"date":"2023-09-29T12:38:52","date_gmt":"2023-09-29T10:38:52","guid":{"rendered":"https:\/\/ppdegalicia.com\/o-parlamento-de-galicia-pide-ao-goberno-de-espana-a-remision-a-xunta-da-documentacion-no-seu-poder-froito-das-desamortizacions-do-xix\/"},"modified":"2023-09-29T12:38:52","modified_gmt":"2023-09-29T10:38:52","slug":"o-parlamento-de-galicia-pide-ao-goberno-de-espana-a-remision-a-xunta-da-documentacion-no-seu-poder-froito-das-desamortizacions-do-xix","status":"publish","type":"post","link":"https:\/\/ppdegalicia.com\/es\/o-parlamento-de-galicia-pide-ao-goberno-de-espana-a-remision-a-xunta-da-documentacion-no-seu-poder-froito-das-desamortizacions-do-xix\/","title":{"rendered":"O Parlamento de Galicia pide ao Goberno de Espa\u00f1a a remisi\u00f3n \u00e1 Xunta da documentaci\u00f3n no seu poder froito das desamortizaci\u00f3ns do XIX"},"content":{"rendered":"<p><img fetchpriority=\"high\" decoding=\"async\" class=\" size-full wp-image-58374\" src=\"https:\/\/ppdegalicia.com\/wp-content\/uploads\/2023\/09\/8ddcc38f35b13ce1e8b1aa62a09c829b.jpg\" alt=\"\" width=\"1900\" height=\"1267\" srcset=\"https:\/\/ppdegalicia.com\/wp-content\/uploads\/2023\/09\/8ddcc38f35b13ce1e8b1aa62a09c829b.jpg 1900w, https:\/\/ppdegalicia.com\/wp-content\/uploads\/2023\/09\/8ddcc38f35b13ce1e8b1aa62a09c829b-300x200.jpg 300w, https:\/\/ppdegalicia.com\/wp-content\/uploads\/2023\/09\/8ddcc38f35b13ce1e8b1aa62a09c829b-1024x683.jpg 1024w, https:\/\/ppdegalicia.com\/wp-content\/uploads\/2023\/09\/8ddcc38f35b13ce1e8b1aa62a09c829b-768x512.jpg 768w, https:\/\/ppdegalicia.com\/wp-content\/uploads\/2023\/09\/8ddcc38f35b13ce1e8b1aa62a09c829b-1536x1024.jpg 1536w\" sizes=\"(max-width: 1900px) 100vw, 1900px\" \/><\/p>\n<p>O Parlamento de Galicia aprobou hoxe por unanimidade a proposici\u00f3n non de lei do Grupo Popular a trav\u00e9s da que se solicita ao Goberno de Espa\u00f1a a remisi\u00f3n \u00e1 Xunta, no prazo dun ano, das reproduci\u00f3ns de toda a documentaci\u00f3n eclesi\u00e1stica, p\u00eda e asistencial galega que obra no poder do Estado froito das desamortizaci\u00f3ns do s\u00e9culo XIX, co obxectivo de po\u00f1elas a disposici\u00f3n dos investigadores galegos nas instituci\u00f3ns correspondentes.<\/p>\n<p><!--more--><\/p>\n<p>O deputado popular Jos\u00e9 Lu\u00eds Ferro lembrou a existencia dun convenio asinado entre o Goberno de Espa\u00f1a e a Xunta para que os arquivos das instituci\u00f3ns eclesi\u00e1sticas, p\u00edas e asistencias galegas que pasaron a mans do Estado como consecuencia das excesivas medidas desamortizadoras do s\u00e9culo XIX sexan obxecto dunha reproduci\u00f3n para a s\u00faa incorporaci\u00f3n aos arquivos hist\u00f3ricos provinciais da s\u00faa correspondente demarcaci\u00f3n. \u201c\u00c9 imprescindible que as acci\u00f3ns previstas hai m\u00e1is de 15 anos concl\u00faan, favorecendo a chegada das reproduci\u00f3ns \u00e1 terra de produci\u00f3n dos documentos\u201d, sinalou.<\/p>\n<p>\u00a0<\/p>\n<p><strong>DOCUMENTACI\u00d3N RELEVANTE<\/strong><\/p>\n<p>\u00a0<\/p>\n<p>\u201cO feito de non as posu\u00edr ata o de agora supuxo un prexu\u00edzo para a investigaci\u00f3n galega e para os intereses galegos, posto que non existe un acceso en condici\u00f3ns \u00f3ptimas a boa parte destas fontes na actualidade, o que suscita unha petici\u00f3n por parte dos investigadores para que culmine o proceso\u201d, dixo.<\/p>\n<p>\u00a0<\/p>\n<p>Jos\u00e9 Lu\u00eds Ferro salientou a \u201crelevancia desta documentaci\u00f3n para o co\u00f1ecemento da lingua, da literatura, da historia e para o co\u00f1ecemento tam\u00e9n da econom\u00eda da \u00e9poca\u201d, polo que considerou \u201cdeterminante no contexto investigador actual co fin de acrecentar as fontes de estudo para o co\u00f1ecemento medieval que Galicia poida contar coas ditas reproduci\u00f3ns no menor tempo posible\u201d.<\/p>\n<p>\u00a0<\/p>\n<p>Deste xeito, solicitou \u201cun esforzo da Administraci\u00f3n do Estado, que ha de ser unha das principais interesadas en velar polo desenvolvemento da investigaci\u00f3n sobre o pasado de Galicia e en ampliar o co\u00f1ecemento\u201d.<\/p>\n","protected":false},"excerpt":{"rendered":"<p>O Parlamento de Galicia aprobou hoxe por unanimidade a proposici\u00f3n non de lei do Grupo Popular a trav\u00e9s da que se solicita ao Goberno de Espa\u00f1a a remisi\u00f3n \u00e1 Xunta, no prazo dun ano, das reproduci\u00f3ns de toda a documentaci\u00f3n eclesi\u00e1stica, p\u00eda e asistencial galega que obra no poder do Estado froito das desamortizaci\u00f3ns do [&hellip;]<\/p>\n","protected":false},"author":38,"featured_media":58374,"comment_status":"open","ping_status":"open","sticky":false,"template":"","format":"standard","meta":{"_acf_changed":false,"footnotes":""},"categories":[1],"tags":[],"class_list":["post-58375","post","type-post","status-publish","format-standard","has-post-thumbnail","hentry","category-pp-de-galicia"],"acf":[],"yoast_head":"<!-- This site is optimized with the Yoast SEO plugin v27.3 - https:\/\/yoast.com\/product\/yoast-seo-wordpress\/ -->\n<title>O Parlamento de Galicia pide ao Goberno de Espa\u00f1a a remisi\u00f3n \u00e1 Xunta da documentaci\u00f3n no seu poder froito das desamortizaci\u00f3ns do XIX - PP de Galicia<\/title>\n<meta name=\"robots\" content=\"index, follow, max-snippet:-1, max-image-preview:large, max-video-preview:-1\" \/>\n<link rel=\"canonical\" href=\"https:\/\/ppdegalicia.com\/es\/o-parlamento-de-galicia-pide-ao-goberno-de-espana-a-remision-a-xunta-da-documentacion-no-seu-poder-froito-das-desamortizacions-do-xix\/\" \/>\n<meta property=\"og:locale\" content=\"es_ES\" \/>\n<meta property=\"og:type\" content=\"article\" \/>\n<meta property=\"og:title\" content=\"O Parlamento de Galicia pide ao Goberno de Espa\u00f1a a remisi\u00f3n \u00e1 Xunta da documentaci\u00f3n no seu poder froito das desamortizaci\u00f3ns do XIX - PP de Galicia\" \/>\n<meta property=\"og:description\" content=\"O Parlamento de Galicia aprobou hoxe por unanimidade a proposici\u00f3n non de lei do Grupo Popular a trav\u00e9s da que se solicita ao Goberno de Espa\u00f1a a remisi\u00f3n \u00e1 Xunta, no prazo dun ano, das reproduci\u00f3ns de toda a documentaci\u00f3n eclesi\u00e1stica, p\u00eda e asistencial galega que obra no poder do Estado froito das desamortizaci\u00f3ns do [&hellip;]\" \/>\n<meta property=\"og:url\" content=\"https:\/\/ppdegalicia.com\/es\/o-parlamento-de-galicia-pide-ao-goberno-de-espana-a-remision-a-xunta-da-documentacion-no-seu-poder-froito-das-desamortizacions-do-xix\/\" \/>\n<meta property=\"og:site_name\" content=\"PP de Galicia\" \/>\n<meta property=\"article:publisher\" content=\"https:\/\/www.instagram.com\/ppdegalicia\/\" \/>\n<meta property=\"article:published_time\" content=\"2023-09-29T10:38:52+00:00\" \/>\n<meta property=\"og:image\" content=\"https:\/\/ppdegalicia.com\/wp-content\/uploads\/2023\/09\/8ddcc38f35b13ce1e8b1aa62a09c829b.jpg\" \/>\n\t<meta property=\"og:image:width\" content=\"1900\" \/>\n\t<meta property=\"og:image:height\" content=\"1267\" \/>\n\t<meta property=\"og:image:type\" content=\"image\/jpeg\" \/>\n<meta name=\"author\" content=\"ppdegaliciaredes\" \/>\n<meta name=\"twitter:card\" content=\"summary_large_image\" \/>\n<meta name=\"twitter:creator\" content=\"@ppdegalicia\" \/>\n<meta name=\"twitter:site\" content=\"@ppdegalicia\" \/>\n<meta name=\"twitter:label1\" content=\"Escrito por\" \/>\n\t<meta name=\"twitter:data1\" content=\"ppdegaliciaredes\" \/>\n\t<meta name=\"twitter:label2\" content=\"Tiempo de lectura\" \/>\n\t<meta name=\"twitter:data2\" content=\"2 minutos\" \/>\n<script type=\"application\/ld+json\" class=\"yoast-schema-graph\">{\"@context\":\"https:\\\/\\\/schema.org\",\"@graph\":[{\"@type\":\"Article\",\"@id\":\"https:\\\/\\\/ppdegalicia.com\\\/es\\\/o-parlamento-de-galicia-pide-ao-goberno-de-espana-a-remision-a-xunta-da-documentacion-no-seu-poder-froito-das-desamortizacions-do-xix\\\/#article\",\"isPartOf\":{\"@id\":\"https:\\\/\\\/ppdegalicia.com\\\/es\\\/o-parlamento-de-galicia-pide-ao-goberno-de-espana-a-remision-a-xunta-da-documentacion-no-seu-poder-froito-das-desamortizacions-do-xix\\\/\"},\"author\":{\"name\":\"ppdegaliciaredes\",\"@id\":\"https:\\\/\\\/ppdegalicia.com\\\/es\\\/#\\\/schema\\\/person\\\/5b822c6f59e872ebdd1142f307dbcb59\"},\"headline\":\"O Parlamento de Galicia pide ao Goberno de Espa\u00f1a a remisi\u00f3n \u00e1 Xunta da documentaci\u00f3n no seu poder froito das desamortizaci\u00f3ns do XIX\",\"datePublished\":\"2023-09-29T10:38:52+00:00\",\"mainEntityOfPage\":{\"@id\":\"https:\\\/\\\/ppdegalicia.com\\\/es\\\/o-parlamento-de-galicia-pide-ao-goberno-de-espana-a-remision-a-xunta-da-documentacion-no-seu-poder-froito-das-desamortizacions-do-xix\\\/\"},\"wordCount\":369,\"commentCount\":0,\"publisher\":{\"@id\":\"https:\\\/\\\/ppdegalicia.com\\\/es\\\/#organization\"},\"image\":{\"@id\":\"https:\\\/\\\/ppdegalicia.com\\\/es\\\/o-parlamento-de-galicia-pide-ao-goberno-de-espana-a-remision-a-xunta-da-documentacion-no-seu-poder-froito-das-desamortizacions-do-xix\\\/#primaryimage\"},\"thumbnailUrl\":\"https:\\\/\\\/ppdegalicia.com\\\/wp-content\\\/uploads\\\/2023\\\/09\\\/8ddcc38f35b13ce1e8b1aa62a09c829b.jpg\",\"articleSection\":[\"PP de Galicia\"],\"inLanguage\":\"es\",\"potentialAction\":[{\"@type\":\"CommentAction\",\"name\":\"Comment\",\"target\":[\"https:\\\/\\\/ppdegalicia.com\\\/es\\\/o-parlamento-de-galicia-pide-ao-goberno-de-espana-a-remision-a-xunta-da-documentacion-no-seu-poder-froito-das-desamortizacions-do-xix\\\/#respond\"]}]},{\"@type\":\"WebPage\",\"@id\":\"https:\\\/\\\/ppdegalicia.com\\\/es\\\/o-parlamento-de-galicia-pide-ao-goberno-de-espana-a-remision-a-xunta-da-documentacion-no-seu-poder-froito-das-desamortizacions-do-xix\\\/\",\"url\":\"https:\\\/\\\/ppdegalicia.com\\\/es\\\/o-parlamento-de-galicia-pide-ao-goberno-de-espana-a-remision-a-xunta-da-documentacion-no-seu-poder-froito-das-desamortizacions-do-xix\\\/\",\"name\":\"O Parlamento de Galicia pide ao Goberno de Espa\u00f1a a remisi\u00f3n \u00e1 Xunta da documentaci\u00f3n no seu poder froito das desamortizaci\u00f3ns do XIX - PP de Galicia\",\"isPartOf\":{\"@id\":\"https:\\\/\\\/ppdegalicia.com\\\/es\\\/#website\"},\"primaryImageOfPage\":{\"@id\":\"https:\\\/\\\/ppdegalicia.com\\\/es\\\/o-parlamento-de-galicia-pide-ao-goberno-de-espana-a-remision-a-xunta-da-documentacion-no-seu-poder-froito-das-desamortizacions-do-xix\\\/#primaryimage\"},\"image\":{\"@id\":\"https:\\\/\\\/ppdegalicia.com\\\/es\\\/o-parlamento-de-galicia-pide-ao-goberno-de-espana-a-remision-a-xunta-da-documentacion-no-seu-poder-froito-das-desamortizacions-do-xix\\\/#primaryimage\"},\"thumbnailUrl\":\"https:\\\/\\\/ppdegalicia.com\\\/wp-content\\\/uploads\\\/2023\\\/09\\\/8ddcc38f35b13ce1e8b1aa62a09c829b.jpg\",\"datePublished\":\"2023-09-29T10:38:52+00:00\",\"breadcrumb\":{\"@id\":\"https:\\\/\\\/ppdegalicia.com\\\/es\\\/o-parlamento-de-galicia-pide-ao-goberno-de-espana-a-remision-a-xunta-da-documentacion-no-seu-poder-froito-das-desamortizacions-do-xix\\\/#breadcrumb\"},\"inLanguage\":\"es\",\"potentialAction\":[{\"@type\":\"ReadAction\",\"target\":[\"https:\\\/\\\/ppdegalicia.com\\\/es\\\/o-parlamento-de-galicia-pide-ao-goberno-de-espana-a-remision-a-xunta-da-documentacion-no-seu-poder-froito-das-desamortizacions-do-xix\\\/\"]}]},{\"@type\":\"ImageObject\",\"inLanguage\":\"es\",\"@id\":\"https:\\\/\\\/ppdegalicia.com\\\/es\\\/o-parlamento-de-galicia-pide-ao-goberno-de-espana-a-remision-a-xunta-da-documentacion-no-seu-poder-froito-das-desamortizacions-do-xix\\\/#primaryimage\",\"url\":\"https:\\\/\\\/ppdegalicia.com\\\/wp-content\\\/uploads\\\/2023\\\/09\\\/8ddcc38f35b13ce1e8b1aa62a09c829b.jpg\",\"contentUrl\":\"https:\\\/\\\/ppdegalicia.com\\\/wp-content\\\/uploads\\\/2023\\\/09\\\/8ddcc38f35b13ce1e8b1aa62a09c829b.jpg\",\"width\":1900,\"height\":1267},{\"@type\":\"BreadcrumbList\",\"@id\":\"https:\\\/\\\/ppdegalicia.com\\\/es\\\/o-parlamento-de-galicia-pide-ao-goberno-de-espana-a-remision-a-xunta-da-documentacion-no-seu-poder-froito-das-desamortizacions-do-xix\\\/#breadcrumb\",\"itemListElement\":[{\"@type\":\"ListItem\",\"position\":1,\"name\":\"Portada\",\"item\":\"https:\\\/\\\/ppdegalicia.com\\\/es\\\/\"},{\"@type\":\"ListItem\",\"position\":2,\"name\":\"O Parlamento de Galicia pide ao Goberno de Espa\u00f1a a remisi\u00f3n \u00e1 Xunta da documentaci\u00f3n no seu poder froito das desamortizaci\u00f3ns do XIX\"}]},{\"@type\":\"WebSite\",\"@id\":\"https:\\\/\\\/ppdegalicia.com\\\/es\\\/#website\",\"url\":\"https:\\\/\\\/ppdegalicia.com\\\/es\\\/\",\"name\":\"Partido Popular de Galicia\",\"description\":\"Partido Popular de Galicia\",\"publisher\":{\"@id\":\"https:\\\/\\\/ppdegalicia.com\\\/es\\\/#organization\"},\"alternateName\":\"PP de Galicia\",\"potentialAction\":[{\"@type\":\"SearchAction\",\"target\":{\"@type\":\"EntryPoint\",\"urlTemplate\":\"https:\\\/\\\/ppdegalicia.com\\\/es\\\/?s={search_term_string}\"},\"query-input\":{\"@type\":\"PropertyValueSpecification\",\"valueRequired\":true,\"valueName\":\"search_term_string\"}}],\"inLanguage\":\"es\"},{\"@type\":\"Organization\",\"@id\":\"https:\\\/\\\/ppdegalicia.com\\\/es\\\/#organization\",\"name\":\"Partido Popular de Galicia\",\"alternateName\":\"PP de Galicia\",\"url\":\"https:\\\/\\\/ppdegalicia.com\\\/es\\\/\",\"logo\":{\"@type\":\"ImageObject\",\"inLanguage\":\"es\",\"@id\":\"https:\\\/\\\/ppdegalicia.com\\\/es\\\/#\\\/schema\\\/logo\\\/image\\\/\",\"url\":\"https:\\\/\\\/ppdegalicia.com\\\/wp-content\\\/uploads\\\/2023\\\/04\\\/logoPP512.png\",\"contentUrl\":\"https:\\\/\\\/ppdegalicia.com\\\/wp-content\\\/uploads\\\/2023\\\/04\\\/logoPP512.png\",\"width\":512,\"height\":512,\"caption\":\"Partido Popular de Galicia\"},\"image\":{\"@id\":\"https:\\\/\\\/ppdegalicia.com\\\/es\\\/#\\\/schema\\\/logo\\\/image\\\/\"},\"sameAs\":[\"https:\\\/\\\/www.instagram.com\\\/ppdegalicia\\\/\",\"https:\\\/\\\/x.com\\\/ppdegalicia\",\"https:\\\/\\\/www.tiktok.com\\\/@ppdegalicia\",\"https:\\\/\\\/www.youtube.com\\\/user\\\/ppdegalicia\"]},{\"@type\":\"Person\",\"@id\":\"https:\\\/\\\/ppdegalicia.com\\\/es\\\/#\\\/schema\\\/person\\\/5b822c6f59e872ebdd1142f307dbcb59\",\"name\":\"ppdegaliciaredes\",\"image\":{\"@type\":\"ImageObject\",\"inLanguage\":\"es\",\"@id\":\"https:\\\/\\\/secure.gravatar.com\\\/avatar\\\/3c9179cf0256d00c72a48d1f25783c58b6842cd56e85ef3a572881c8e28ccd59?s=96&d=mm&r=g\",\"url\":\"https:\\\/\\\/secure.gravatar.com\\\/avatar\\\/3c9179cf0256d00c72a48d1f25783c58b6842cd56e85ef3a572881c8e28ccd59?s=96&d=mm&r=g\",\"contentUrl\":\"https:\\\/\\\/secure.gravatar.com\\\/avatar\\\/3c9179cf0256d00c72a48d1f25783c58b6842cd56e85ef3a572881c8e28ccd59?s=96&d=mm&r=g\",\"caption\":\"ppdegaliciaredes\"},\"url\":\"https:\\\/\\\/ppdegalicia.com\\\/es\\\/author\\\/ppdegaliciaredes\\\/\"}]}<\/script>\n<!-- \/ Yoast SEO plugin. -->","yoast_head_json":{"title":"O Parlamento de Galicia pide ao Goberno de Espa\u00f1a a remisi\u00f3n \u00e1 Xunta da documentaci\u00f3n no seu poder froito das desamortizaci\u00f3ns do XIX - PP de Galicia","robots":{"index":"index","follow":"follow","max-snippet":"max-snippet:-1","max-image-preview":"max-image-preview:large","max-video-preview":"max-video-preview:-1"},"canonical":"https:\/\/ppdegalicia.com\/es\/o-parlamento-de-galicia-pide-ao-goberno-de-espana-a-remision-a-xunta-da-documentacion-no-seu-poder-froito-das-desamortizacions-do-xix\/","og_locale":"es_ES","og_type":"article","og_title":"O Parlamento de Galicia pide ao Goberno de Espa\u00f1a a remisi\u00f3n \u00e1 Xunta da documentaci\u00f3n no seu poder froito das desamortizaci\u00f3ns do XIX - PP de Galicia","og_description":"O Parlamento de Galicia aprobou hoxe por unanimidade a proposici\u00f3n non de lei do Grupo Popular a trav\u00e9s da que se solicita ao Goberno de Espa\u00f1a a remisi\u00f3n \u00e1 Xunta, no prazo dun ano, das reproduci\u00f3ns de toda a documentaci\u00f3n eclesi\u00e1stica, p\u00eda e asistencial galega que obra no poder do Estado froito das desamortizaci\u00f3ns do [&hellip;]","og_url":"https:\/\/ppdegalicia.com\/es\/o-parlamento-de-galicia-pide-ao-goberno-de-espana-a-remision-a-xunta-da-documentacion-no-seu-poder-froito-das-desamortizacions-do-xix\/","og_site_name":"PP de Galicia","article_publisher":"https:\/\/www.instagram.com\/ppdegalicia\/","article_published_time":"2023-09-29T10:38:52+00:00","og_image":[{"width":1900,"height":1267,"url":"https:\/\/ppdegalicia.com\/wp-content\/uploads\/2023\/09\/8ddcc38f35b13ce1e8b1aa62a09c829b.jpg","type":"image\/jpeg"}],"author":"ppdegaliciaredes","twitter_card":"summary_large_image","twitter_creator":"@ppdegalicia","twitter_site":"@ppdegalicia","twitter_misc":{"Escrito por":"ppdegaliciaredes","Tiempo de lectura":"2 minutos"},"schema":{"@context":"https:\/\/schema.org","@graph":[{"@type":"Article","@id":"https:\/\/ppdegalicia.com\/es\/o-parlamento-de-galicia-pide-ao-goberno-de-espana-a-remision-a-xunta-da-documentacion-no-seu-poder-froito-das-desamortizacions-do-xix\/#article","isPartOf":{"@id":"https:\/\/ppdegalicia.com\/es\/o-parlamento-de-galicia-pide-ao-goberno-de-espana-a-remision-a-xunta-da-documentacion-no-seu-poder-froito-das-desamortizacions-do-xix\/"},"author":{"name":"ppdegaliciaredes","@id":"https:\/\/ppdegalicia.com\/es\/#\/schema\/person\/5b822c6f59e872ebdd1142f307dbcb59"},"headline":"O Parlamento de Galicia pide ao Goberno de Espa\u00f1a a remisi\u00f3n \u00e1 Xunta da documentaci\u00f3n no seu poder froito das desamortizaci\u00f3ns do XIX","datePublished":"2023-09-29T10:38:52+00:00","mainEntityOfPage":{"@id":"https:\/\/ppdegalicia.com\/es\/o-parlamento-de-galicia-pide-ao-goberno-de-espana-a-remision-a-xunta-da-documentacion-no-seu-poder-froito-das-desamortizacions-do-xix\/"},"wordCount":369,"commentCount":0,"publisher":{"@id":"https:\/\/ppdegalicia.com\/es\/#organization"},"image":{"@id":"https:\/\/ppdegalicia.com\/es\/o-parlamento-de-galicia-pide-ao-goberno-de-espana-a-remision-a-xunta-da-documentacion-no-seu-poder-froito-das-desamortizacions-do-xix\/#primaryimage"},"thumbnailUrl":"https:\/\/ppdegalicia.com\/wp-content\/uploads\/2023\/09\/8ddcc38f35b13ce1e8b1aa62a09c829b.jpg","articleSection":["PP de Galicia"],"inLanguage":"es","potentialAction":[{"@type":"CommentAction","name":"Comment","target":["https:\/\/ppdegalicia.com\/es\/o-parlamento-de-galicia-pide-ao-goberno-de-espana-a-remision-a-xunta-da-documentacion-no-seu-poder-froito-das-desamortizacions-do-xix\/#respond"]}]},{"@type":"WebPage","@id":"https:\/\/ppdegalicia.com\/es\/o-parlamento-de-galicia-pide-ao-goberno-de-espana-a-remision-a-xunta-da-documentacion-no-seu-poder-froito-das-desamortizacions-do-xix\/","url":"https:\/\/ppdegalicia.com\/es\/o-parlamento-de-galicia-pide-ao-goberno-de-espana-a-remision-a-xunta-da-documentacion-no-seu-poder-froito-das-desamortizacions-do-xix\/","name":"O Parlamento de Galicia pide ao Goberno de Espa\u00f1a a remisi\u00f3n \u00e1 Xunta da documentaci\u00f3n no seu poder froito das desamortizaci\u00f3ns do XIX - PP de Galicia","isPartOf":{"@id":"https:\/\/ppdegalicia.com\/es\/#website"},"primaryImageOfPage":{"@id":"https:\/\/ppdegalicia.com\/es\/o-parlamento-de-galicia-pide-ao-goberno-de-espana-a-remision-a-xunta-da-documentacion-no-seu-poder-froito-das-desamortizacions-do-xix\/#primaryimage"},"image":{"@id":"https:\/\/ppdegalicia.com\/es\/o-parlamento-de-galicia-pide-ao-goberno-de-espana-a-remision-a-xunta-da-documentacion-no-seu-poder-froito-das-desamortizacions-do-xix\/#primaryimage"},"thumbnailUrl":"https:\/\/ppdegalicia.com\/wp-content\/uploads\/2023\/09\/8ddcc38f35b13ce1e8b1aa62a09c829b.jpg","datePublished":"2023-09-29T10:38:52+00:00","breadcrumb":{"@id":"https:\/\/ppdegalicia.com\/es\/o-parlamento-de-galicia-pide-ao-goberno-de-espana-a-remision-a-xunta-da-documentacion-no-seu-poder-froito-das-desamortizacions-do-xix\/#breadcrumb"},"inLanguage":"es","potentialAction":[{"@type":"ReadAction","target":["https:\/\/ppdegalicia.com\/es\/o-parlamento-de-galicia-pide-ao-goberno-de-espana-a-remision-a-xunta-da-documentacion-no-seu-poder-froito-das-desamortizacions-do-xix\/"]}]},{"@type":"ImageObject","inLanguage":"es","@id":"https:\/\/ppdegalicia.com\/es\/o-parlamento-de-galicia-pide-ao-goberno-de-espana-a-remision-a-xunta-da-documentacion-no-seu-poder-froito-das-desamortizacions-do-xix\/#primaryimage","url":"https:\/\/ppdegalicia.com\/wp-content\/uploads\/2023\/09\/8ddcc38f35b13ce1e8b1aa62a09c829b.jpg","contentUrl":"https:\/\/ppdegalicia.com\/wp-content\/uploads\/2023\/09\/8ddcc38f35b13ce1e8b1aa62a09c829b.jpg","width":1900,"height":1267},{"@type":"BreadcrumbList","@id":"https:\/\/ppdegalicia.com\/es\/o-parlamento-de-galicia-pide-ao-goberno-de-espana-a-remision-a-xunta-da-documentacion-no-seu-poder-froito-das-desamortizacions-do-xix\/#breadcrumb","itemListElement":[{"@type":"ListItem","position":1,"name":"Portada","item":"https:\/\/ppdegalicia.com\/es\/"},{"@type":"ListItem","position":2,"name":"O Parlamento de Galicia pide ao Goberno de Espa\u00f1a a remisi\u00f3n \u00e1 Xunta da documentaci\u00f3n no seu poder froito das desamortizaci\u00f3ns do XIX"}]},{"@type":"WebSite","@id":"https:\/\/ppdegalicia.com\/es\/#website","url":"https:\/\/ppdegalicia.com\/es\/","name":"Partido Popular de Galicia","description":"Partido Popular de Galicia","publisher":{"@id":"https:\/\/ppdegalicia.com\/es\/#organization"},"alternateName":"PP de Galicia","potentialAction":[{"@type":"SearchAction","target":{"@type":"EntryPoint","urlTemplate":"https:\/\/ppdegalicia.com\/es\/?s={search_term_string}"},"query-input":{"@type":"PropertyValueSpecification","valueRequired":true,"valueName":"search_term_string"}}],"inLanguage":"es"},{"@type":"Organization","@id":"https:\/\/ppdegalicia.com\/es\/#organization","name":"Partido Popular de Galicia","alternateName":"PP de Galicia","url":"https:\/\/ppdegalicia.com\/es\/","logo":{"@type":"ImageObject","inLanguage":"es","@id":"https:\/\/ppdegalicia.com\/es\/#\/schema\/logo\/image\/","url":"https:\/\/ppdegalicia.com\/wp-content\/uploads\/2023\/04\/logoPP512.png","contentUrl":"https:\/\/ppdegalicia.com\/wp-content\/uploads\/2023\/04\/logoPP512.png","width":512,"height":512,"caption":"Partido Popular de Galicia"},"image":{"@id":"https:\/\/ppdegalicia.com\/es\/#\/schema\/logo\/image\/"},"sameAs":["https:\/\/www.instagram.com\/ppdegalicia\/","https:\/\/x.com\/ppdegalicia","https:\/\/www.tiktok.com\/@ppdegalicia","https:\/\/www.youtube.com\/user\/ppdegalicia"]},{"@type":"Person","@id":"https:\/\/ppdegalicia.com\/es\/#\/schema\/person\/5b822c6f59e872ebdd1142f307dbcb59","name":"ppdegaliciaredes","image":{"@type":"ImageObject","inLanguage":"es","@id":"https:\/\/secure.gravatar.com\/avatar\/3c9179cf0256d00c72a48d1f25783c58b6842cd56e85ef3a572881c8e28ccd59?s=96&d=mm&r=g","url":"https:\/\/secure.gravatar.com\/avatar\/3c9179cf0256d00c72a48d1f25783c58b6842cd56e85ef3a572881c8e28ccd59?s=96&d=mm&r=g","contentUrl":"https:\/\/secure.gravatar.com\/avatar\/3c9179cf0256d00c72a48d1f25783c58b6842cd56e85ef3a572881c8e28ccd59?s=96&d=mm&r=g","caption":"ppdegaliciaredes"},"url":"https:\/\/ppdegalicia.com\/es\/author\/ppdegaliciaredes\/"}]}},"_links":{"self":[{"href":"https:\/\/ppdegalicia.com\/es\/wp-json\/wp\/v2\/posts\/58375","targetHints":{"allow":["GET"]}}],"collection":[{"href":"https:\/\/ppdegalicia.com\/es\/wp-json\/wp\/v2\/posts"}],"about":[{"href":"https:\/\/ppdegalicia.com\/es\/wp-json\/wp\/v2\/types\/post"}],"author":[{"embeddable":true,"href":"https:\/\/ppdegalicia.com\/es\/wp-json\/wp\/v2\/users\/38"}],"replies":[{"embeddable":true,"href":"https:\/\/ppdegalicia.com\/es\/wp-json\/wp\/v2\/comments?post=58375"}],"version-history":[{"count":0,"href":"https:\/\/ppdegalicia.com\/es\/wp-json\/wp\/v2\/posts\/58375\/revisions"}],"wp:featuredmedia":[{"embeddable":true,"href":"https:\/\/ppdegalicia.com\/es\/wp-json\/wp\/v2\/media\/58374"}],"wp:attachment":[{"href":"https:\/\/ppdegalicia.com\/es\/wp-json\/wp\/v2\/media?parent=58375"}],"wp:term":[{"taxonomy":"category","embeddable":true,"href":"https:\/\/ppdegalicia.com\/es\/wp-json\/wp\/v2\/categories?post=58375"},{"taxonomy":"post_tag","embeddable":true,"href":"https:\/\/ppdegalicia.com\/es\/wp-json\/wp\/v2\/tags?post=58375"}],"curies":[{"name":"wp","href":"https:\/\/api.w.org\/{rel}","templated":true}]}}