{"id":58405,"date":"2023-10-09T17:56:06","date_gmt":"2023-10-09T15:56:06","guid":{"rendered":"https:\/\/ppdegalicia.com\/alberto-pazos-afirma-que-galicia-afronta-o-futuro-con-prudencia-responsabilidade-confianza-e-optimismo\/"},"modified":"2023-10-09T17:56:06","modified_gmt":"2023-10-09T15:56:06","slug":"alberto-pazos-afirma-que-galicia-afronta-o-futuro-con-prudencia-responsabilidade-confianza-e-optimismo","status":"publish","type":"post","link":"https:\/\/ppdegalicia.com\/es\/alberto-pazos-afirma-que-galicia-afronta-o-futuro-con-prudencia-responsabilidade-confianza-e-optimismo\/","title":{"rendered":"Alberto Pazos afirma que Galicia \u201cafronta o futuro con prudencia, responsabilidade, confianza e optimismo\u201d"},"content":{"rendered":"<p><img fetchpriority=\"high\" decoding=\"async\" class=\" size-full wp-image-58404\" src=\"https:\/\/ppdegalicia.com\/wp-content\/uploads\/2023\/10\/188698d74f669da43f3b0cc597e80fc0.jpg\" alt=\"\" width=\"1600\" height=\"1066\" srcset=\"https:\/\/ppdegalicia.com\/wp-content\/uploads\/2023\/10\/188698d74f669da43f3b0cc597e80fc0.jpg 1600w, https:\/\/ppdegalicia.com\/wp-content\/uploads\/2023\/10\/188698d74f669da43f3b0cc597e80fc0-300x200.jpg 300w, https:\/\/ppdegalicia.com\/wp-content\/uploads\/2023\/10\/188698d74f669da43f3b0cc597e80fc0-1024x682.jpg 1024w, https:\/\/ppdegalicia.com\/wp-content\/uploads\/2023\/10\/188698d74f669da43f3b0cc597e80fc0-768x512.jpg 768w, https:\/\/ppdegalicia.com\/wp-content\/uploads\/2023\/10\/188698d74f669da43f3b0cc597e80fc0-1536x1023.jpg 1536w\" sizes=\"(max-width: 1600px) 100vw, 1600px\" \/><\/p>\n<p>O portavoz do Grupo Popular, Alberto Pazos, asegurou hoxe no Debate sobre o Estado da Autonom\u00eda (DEA) que \u201co pobo galego non se sinte representado na Galicia vencida, triste, pontoniana que BNG e PSdeG describen, porque existe outra Galicia moito m\u00e1is realista, que \u00e9 consciente dos seus problemas, das s\u00faas fortalezas e que, desde esa consciencia, afronta o futuro con prudencia, con responsabilidade pero tam\u00e9n con confianza e optimismo\u201d.<\/p>\n<p><!--more--><\/p>\n<p>Alberto Pazos salientou que a celebraci\u00f3n do DEA \u201crepresenta, en si mesmo, o principal feito diferencial da pol\u00edtica galega: a estabilidade institucional\u201d. \u201cFronte a un Goberno de Espa\u00f1a que leva cinco anos sen convocar o preceptivo debate anual sobre o Estado da Naci\u00f3n, Galicia afronta o seu debate de autonom\u00eda con total normalidade\u201d, sinalou.<\/p>\n<p>\u00a0<\/p>\n<p><strong>MIMBRES P\u00c9SIMES, CESTEIROS EXCELENTES<\/strong><\/p>\n<p>\u00a0<\/p>\n<p>Na s\u00faa intervenci\u00f3n, fixo un repaso da complexa situaci\u00f3n pol\u00edtica, social e financeira que o PPdeG herdou ao ganar as elecci\u00f3ns no ano 2009 para destacar que \u201cas mimbres era p\u00e9simas, pero os cesteiros demostraron ser excelentes\u201d. Neste sentido, lembrou que \u201cGalicia apostou hai xa 15 anos pola estabilidade institucional, polo crecemento sostible, pola mellora continuada dos servizos p\u00fablicos e, desde aquel 1 de marzo de 2009, emprendemos un proxecto colectivo baseado nas sinais de identidade do pobo galego, e que se resume nunha \u00fanica palabra sinxela, modesta e sensata: sentidi\u00f1o\u201d.<\/p>\n<p>O portavoz popular criticou que BNG e PSdeG insistan \u201cno retrato dunha Galicia escura, depresiva, case dickensiana na que nada funciona e na que se, por un casual, alg\u00fan servizo p\u00fablico escapa desa negra maldici\u00f3n, ser\u00eda exclusivamente polo m\u00e9rito dos heroicos traballadores que logran reverter a vontade dun goberno empe\u00f1ado en sumir ao seu pobo nas tebras\u201d. \u201cDesdebuxan tanto a realidade galega que o resultado \u00e9 unha caricatura burda e tosca na que o retratado non \u00e9 quen de reco\u00f1ecerse\u201d, sinalou.<\/p>\n<p>\u00a0<\/p>\n<p>Por\u00e9n, Pazos dixo que \u201cos galegos podemos sentirnos orgullosos de axudar a cada galego que chega ao mundo, facilitando \u00e1 s\u00faa familia unha tarxeta benvida; de que os nenos galegos son os mellor inmunizados do mundo; de rebaixar en 15 puntos o abandono escolar e acadar a menor taxa de fracaso escolar; de manter as taxas universitarias conxeladas nos \u00faltimos 13 anos; de revolucionar a formaci\u00f3n profesional; de que a nosa sanidade p\u00fablica cada d\u00eda \u00e9 mellor valorada polos galegos; de ofrecer m\u00e1is e mellores servizos para os maiores; de que a pesca te\u00f1a a maior facturaci\u00f3n en lonxa da historia; ou de que actualmente dediquemos un 1,5 por cento do orzamento a pol\u00edticas de igualdade\u201d.<\/p>\n<p>\u00a0<\/p>\n<p>\u201cSon os \u00e9xitos dun pa\u00eds, son de todos, e os galegos est\u00e1n orgullosos deses \u00e9xitos, porque os galegos son o vento que impulsa ese cambio\u201d, incidiu.<\/p>\n<p>\u00a0<\/p>\n<p><strong>SEN ALTERNATIVA<\/strong><\/p>\n<p>\u00a0<\/p>\n<p>Alberto Pazos explicou que \u201cestas magnitudes dan conta dos beneficios da estabilidade que aporta un Goberno centrado no realmente importante, fronte aos continuos problemas xerados por gobernos inestables, que dependen dos caprichos de socios que te\u00f1en intereses e prioridades diferentes aos da maior\u00eda dos cidad\u00e1ns\u201d.<\/p>\n<p>\u00a0<\/p>\n<p>As\u00ed, e refer\u00edndose \u00e1s esixencias dos independentistas catal\u00e1ns para apoiar que Pedro S\u00e1nchez contin\u00fae como Presidente do Goberno, alertou que \u201ca condonaci\u00f3n da d\u00e9beda catalana, como calquera reclamaci\u00f3n sobre supostas d\u00e9bedas hist\u00f3ricas, s\u00f3 se pode materializar a costa dos recursos que lle corresponden a outros territorios, entre eles Galicia\u201d. \u201cA triste realidade deste BNG e PSdeG \u00e9 que te\u00f1en amosado moito m\u00e1is compromiso coa independencia de Catalu\u00f1a que coa dependencia de Galicia\u201d, lamentou.<\/p>\n<p>\u00a0<\/p>\n<p>Por \u00faltimo, Alberto Pazos puxo de manifesto que \u201cen Galicia hoxe non existe alternativa, se por alternativa entendemos un proxecto serio, cun liderado claro e cun equipo que traballo unido\u201d. As\u00ed, indicou que \u201ca Galicia que esta ma\u00f1\u00e1 presentou o Presidente Rueda \u00e9 mellor que a que recibiu e esa \u00e9 a primeira obriga de calquera l\u00edder e a primeira aspiraci\u00f3n de calquera pobo\u201d. \u201cAlfonso Rueda debullou hoxe unha folla de ruta para seguir liderando este pa\u00eds durante moitos anos\u201d, subli\u00f1ou.<\/p>\n","protected":false},"excerpt":{"rendered":"<p>O portavoz do Grupo Popular, Alberto Pazos, asegurou hoxe no Debate sobre o Estado da Autonom\u00eda (DEA) que \u201co pobo galego non se sinte representado na Galicia vencida, triste, pontoniana que BNG e PSdeG describen, porque existe outra Galicia moito m\u00e1is realista, que \u00e9 consciente dos seus problemas, das s\u00faas fortalezas e que, desde esa [&hellip;]<\/p>\n","protected":false},"author":38,"featured_media":58404,"comment_status":"open","ping_status":"open","sticky":false,"template":"","format":"standard","meta":{"_acf_changed":false,"footnotes":""},"categories":[1],"tags":[],"class_list":["post-58405","post","type-post","status-publish","format-standard","has-post-thumbnail","hentry","category-pp-de-galicia"],"acf":[],"yoast_head":"<!-- This site is optimized with the Yoast SEO plugin v27.3 - https:\/\/yoast.com\/product\/yoast-seo-wordpress\/ -->\n<title>Alberto Pazos afirma que Galicia \u201cafronta o futuro con prudencia, responsabilidade, confianza e optimismo\u201d - PP de Galicia<\/title>\n<meta name=\"robots\" content=\"index, follow, max-snippet:-1, max-image-preview:large, max-video-preview:-1\" \/>\n<link rel=\"canonical\" href=\"https:\/\/ppdegalicia.com\/es\/alberto-pazos-afirma-que-galicia-afronta-o-futuro-con-prudencia-responsabilidade-confianza-e-optimismo\/\" \/>\n<meta property=\"og:locale\" content=\"es_ES\" \/>\n<meta property=\"og:type\" content=\"article\" \/>\n<meta property=\"og:title\" content=\"Alberto Pazos afirma que Galicia \u201cafronta o futuro con prudencia, responsabilidade, confianza e optimismo\u201d - PP de Galicia\" \/>\n<meta property=\"og:description\" content=\"O portavoz do Grupo Popular, Alberto Pazos, asegurou hoxe no Debate sobre o Estado da Autonom\u00eda (DEA) que \u201co pobo galego non se sinte representado na Galicia vencida, triste, pontoniana que BNG e PSdeG describen, porque existe outra Galicia moito m\u00e1is realista, que \u00e9 consciente dos seus problemas, das s\u00faas fortalezas e que, desde esa [&hellip;]\" \/>\n<meta property=\"og:url\" content=\"https:\/\/ppdegalicia.com\/es\/alberto-pazos-afirma-que-galicia-afronta-o-futuro-con-prudencia-responsabilidade-confianza-e-optimismo\/\" \/>\n<meta property=\"og:site_name\" content=\"PP de Galicia\" \/>\n<meta property=\"article:publisher\" content=\"https:\/\/www.instagram.com\/ppdegalicia\/\" \/>\n<meta property=\"article:published_time\" content=\"2023-10-09T15:56:06+00:00\" \/>\n<meta property=\"og:image\" content=\"https:\/\/ppdegalicia.com\/wp-content\/uploads\/2023\/10\/188698d74f669da43f3b0cc597e80fc0.jpg\" \/>\n\t<meta property=\"og:image:width\" content=\"1600\" \/>\n\t<meta property=\"og:image:height\" content=\"1066\" \/>\n\t<meta property=\"og:image:type\" content=\"image\/jpeg\" \/>\n<meta name=\"author\" content=\"ppdegaliciaredes\" \/>\n<meta name=\"twitter:card\" content=\"summary_large_image\" \/>\n<meta name=\"twitter:creator\" content=\"@ppdegalicia\" \/>\n<meta name=\"twitter:site\" content=\"@ppdegalicia\" \/>\n<meta name=\"twitter:label1\" content=\"Escrito por\" \/>\n\t<meta name=\"twitter:data1\" content=\"ppdegaliciaredes\" \/>\n\t<meta name=\"twitter:label2\" content=\"Tiempo de lectura\" \/>\n\t<meta name=\"twitter:data2\" content=\"3 minutos\" \/>\n<script type=\"application\/ld+json\" class=\"yoast-schema-graph\">{\"@context\":\"https:\\\/\\\/schema.org\",\"@graph\":[{\"@type\":\"Article\",\"@id\":\"https:\\\/\\\/ppdegalicia.com\\\/es\\\/alberto-pazos-afirma-que-galicia-afronta-o-futuro-con-prudencia-responsabilidade-confianza-e-optimismo\\\/#article\",\"isPartOf\":{\"@id\":\"https:\\\/\\\/ppdegalicia.com\\\/es\\\/alberto-pazos-afirma-que-galicia-afronta-o-futuro-con-prudencia-responsabilidade-confianza-e-optimismo\\\/\"},\"author\":{\"name\":\"ppdegaliciaredes\",\"@id\":\"https:\\\/\\\/ppdegalicia.com\\\/es\\\/#\\\/schema\\\/person\\\/5b822c6f59e872ebdd1142f307dbcb59\"},\"headline\":\"Alberto Pazos afirma que Galicia \u201cafronta o futuro con prudencia, responsabilidade, confianza e optimismo\u201d\",\"datePublished\":\"2023-10-09T15:56:06+00:00\",\"mainEntityOfPage\":{\"@id\":\"https:\\\/\\\/ppdegalicia.com\\\/es\\\/alberto-pazos-afirma-que-galicia-afronta-o-futuro-con-prudencia-responsabilidade-confianza-e-optimismo\\\/\"},\"wordCount\":696,\"commentCount\":0,\"publisher\":{\"@id\":\"https:\\\/\\\/ppdegalicia.com\\\/es\\\/#organization\"},\"image\":{\"@id\":\"https:\\\/\\\/ppdegalicia.com\\\/es\\\/alberto-pazos-afirma-que-galicia-afronta-o-futuro-con-prudencia-responsabilidade-confianza-e-optimismo\\\/#primaryimage\"},\"thumbnailUrl\":\"https:\\\/\\\/ppdegalicia.com\\\/wp-content\\\/uploads\\\/2023\\\/10\\\/188698d74f669da43f3b0cc597e80fc0.jpg\",\"articleSection\":[\"PP de Galicia\"],\"inLanguage\":\"es\",\"potentialAction\":[{\"@type\":\"CommentAction\",\"name\":\"Comment\",\"target\":[\"https:\\\/\\\/ppdegalicia.com\\\/es\\\/alberto-pazos-afirma-que-galicia-afronta-o-futuro-con-prudencia-responsabilidade-confianza-e-optimismo\\\/#respond\"]}]},{\"@type\":\"WebPage\",\"@id\":\"https:\\\/\\\/ppdegalicia.com\\\/es\\\/alberto-pazos-afirma-que-galicia-afronta-o-futuro-con-prudencia-responsabilidade-confianza-e-optimismo\\\/\",\"url\":\"https:\\\/\\\/ppdegalicia.com\\\/es\\\/alberto-pazos-afirma-que-galicia-afronta-o-futuro-con-prudencia-responsabilidade-confianza-e-optimismo\\\/\",\"name\":\"Alberto Pazos afirma que Galicia \u201cafronta o futuro con prudencia, responsabilidade, confianza e optimismo\u201d - PP de Galicia\",\"isPartOf\":{\"@id\":\"https:\\\/\\\/ppdegalicia.com\\\/es\\\/#website\"},\"primaryImageOfPage\":{\"@id\":\"https:\\\/\\\/ppdegalicia.com\\\/es\\\/alberto-pazos-afirma-que-galicia-afronta-o-futuro-con-prudencia-responsabilidade-confianza-e-optimismo\\\/#primaryimage\"},\"image\":{\"@id\":\"https:\\\/\\\/ppdegalicia.com\\\/es\\\/alberto-pazos-afirma-que-galicia-afronta-o-futuro-con-prudencia-responsabilidade-confianza-e-optimismo\\\/#primaryimage\"},\"thumbnailUrl\":\"https:\\\/\\\/ppdegalicia.com\\\/wp-content\\\/uploads\\\/2023\\\/10\\\/188698d74f669da43f3b0cc597e80fc0.jpg\",\"datePublished\":\"2023-10-09T15:56:06+00:00\",\"breadcrumb\":{\"@id\":\"https:\\\/\\\/ppdegalicia.com\\\/es\\\/alberto-pazos-afirma-que-galicia-afronta-o-futuro-con-prudencia-responsabilidade-confianza-e-optimismo\\\/#breadcrumb\"},\"inLanguage\":\"es\",\"potentialAction\":[{\"@type\":\"ReadAction\",\"target\":[\"https:\\\/\\\/ppdegalicia.com\\\/es\\\/alberto-pazos-afirma-que-galicia-afronta-o-futuro-con-prudencia-responsabilidade-confianza-e-optimismo\\\/\"]}]},{\"@type\":\"ImageObject\",\"inLanguage\":\"es\",\"@id\":\"https:\\\/\\\/ppdegalicia.com\\\/es\\\/alberto-pazos-afirma-que-galicia-afronta-o-futuro-con-prudencia-responsabilidade-confianza-e-optimismo\\\/#primaryimage\",\"url\":\"https:\\\/\\\/ppdegalicia.com\\\/wp-content\\\/uploads\\\/2023\\\/10\\\/188698d74f669da43f3b0cc597e80fc0.jpg\",\"contentUrl\":\"https:\\\/\\\/ppdegalicia.com\\\/wp-content\\\/uploads\\\/2023\\\/10\\\/188698d74f669da43f3b0cc597e80fc0.jpg\",\"width\":1600,\"height\":1066},{\"@type\":\"BreadcrumbList\",\"@id\":\"https:\\\/\\\/ppdegalicia.com\\\/es\\\/alberto-pazos-afirma-que-galicia-afronta-o-futuro-con-prudencia-responsabilidade-confianza-e-optimismo\\\/#breadcrumb\",\"itemListElement\":[{\"@type\":\"ListItem\",\"position\":1,\"name\":\"Portada\",\"item\":\"https:\\\/\\\/ppdegalicia.com\\\/es\\\/\"},{\"@type\":\"ListItem\",\"position\":2,\"name\":\"Alberto Pazos afirma que Galicia \u201cafronta o futuro con prudencia, responsabilidade, confianza e optimismo\u201d\"}]},{\"@type\":\"WebSite\",\"@id\":\"https:\\\/\\\/ppdegalicia.com\\\/es\\\/#website\",\"url\":\"https:\\\/\\\/ppdegalicia.com\\\/es\\\/\",\"name\":\"Partido Popular de Galicia\",\"description\":\"Partido Popular de Galicia\",\"publisher\":{\"@id\":\"https:\\\/\\\/ppdegalicia.com\\\/es\\\/#organization\"},\"alternateName\":\"PP de Galicia\",\"potentialAction\":[{\"@type\":\"SearchAction\",\"target\":{\"@type\":\"EntryPoint\",\"urlTemplate\":\"https:\\\/\\\/ppdegalicia.com\\\/es\\\/?s={search_term_string}\"},\"query-input\":{\"@type\":\"PropertyValueSpecification\",\"valueRequired\":true,\"valueName\":\"search_term_string\"}}],\"inLanguage\":\"es\"},{\"@type\":\"Organization\",\"@id\":\"https:\\\/\\\/ppdegalicia.com\\\/es\\\/#organization\",\"name\":\"Partido Popular de Galicia\",\"alternateName\":\"PP de Galicia\",\"url\":\"https:\\\/\\\/ppdegalicia.com\\\/es\\\/\",\"logo\":{\"@type\":\"ImageObject\",\"inLanguage\":\"es\",\"@id\":\"https:\\\/\\\/ppdegalicia.com\\\/es\\\/#\\\/schema\\\/logo\\\/image\\\/\",\"url\":\"https:\\\/\\\/ppdegalicia.com\\\/wp-content\\\/uploads\\\/2023\\\/04\\\/logoPP512.png\",\"contentUrl\":\"https:\\\/\\\/ppdegalicia.com\\\/wp-content\\\/uploads\\\/2023\\\/04\\\/logoPP512.png\",\"width\":512,\"height\":512,\"caption\":\"Partido Popular de Galicia\"},\"image\":{\"@id\":\"https:\\\/\\\/ppdegalicia.com\\\/es\\\/#\\\/schema\\\/logo\\\/image\\\/\"},\"sameAs\":[\"https:\\\/\\\/www.instagram.com\\\/ppdegalicia\\\/\",\"https:\\\/\\\/x.com\\\/ppdegalicia\",\"https:\\\/\\\/www.tiktok.com\\\/@ppdegalicia\",\"https:\\\/\\\/www.youtube.com\\\/user\\\/ppdegalicia\"]},{\"@type\":\"Person\",\"@id\":\"https:\\\/\\\/ppdegalicia.com\\\/es\\\/#\\\/schema\\\/person\\\/5b822c6f59e872ebdd1142f307dbcb59\",\"name\":\"ppdegaliciaredes\",\"image\":{\"@type\":\"ImageObject\",\"inLanguage\":\"es\",\"@id\":\"https:\\\/\\\/secure.gravatar.com\\\/avatar\\\/3c9179cf0256d00c72a48d1f25783c58b6842cd56e85ef3a572881c8e28ccd59?s=96&d=mm&r=g\",\"url\":\"https:\\\/\\\/secure.gravatar.com\\\/avatar\\\/3c9179cf0256d00c72a48d1f25783c58b6842cd56e85ef3a572881c8e28ccd59?s=96&d=mm&r=g\",\"contentUrl\":\"https:\\\/\\\/secure.gravatar.com\\\/avatar\\\/3c9179cf0256d00c72a48d1f25783c58b6842cd56e85ef3a572881c8e28ccd59?s=96&d=mm&r=g\",\"caption\":\"ppdegaliciaredes\"},\"url\":\"https:\\\/\\\/ppdegalicia.com\\\/es\\\/author\\\/ppdegaliciaredes\\\/\"}]}<\/script>\n<!-- \/ Yoast SEO plugin. -->","yoast_head_json":{"title":"Alberto Pazos afirma que Galicia \u201cafronta o futuro con prudencia, responsabilidade, confianza e optimismo\u201d - PP de Galicia","robots":{"index":"index","follow":"follow","max-snippet":"max-snippet:-1","max-image-preview":"max-image-preview:large","max-video-preview":"max-video-preview:-1"},"canonical":"https:\/\/ppdegalicia.com\/es\/alberto-pazos-afirma-que-galicia-afronta-o-futuro-con-prudencia-responsabilidade-confianza-e-optimismo\/","og_locale":"es_ES","og_type":"article","og_title":"Alberto Pazos afirma que Galicia \u201cafronta o futuro con prudencia, responsabilidade, confianza e optimismo\u201d - PP de Galicia","og_description":"O portavoz do Grupo Popular, Alberto Pazos, asegurou hoxe no Debate sobre o Estado da Autonom\u00eda (DEA) que \u201co pobo galego non se sinte representado na Galicia vencida, triste, pontoniana que BNG e PSdeG describen, porque existe outra Galicia moito m\u00e1is realista, que \u00e9 consciente dos seus problemas, das s\u00faas fortalezas e que, desde esa [&hellip;]","og_url":"https:\/\/ppdegalicia.com\/es\/alberto-pazos-afirma-que-galicia-afronta-o-futuro-con-prudencia-responsabilidade-confianza-e-optimismo\/","og_site_name":"PP de Galicia","article_publisher":"https:\/\/www.instagram.com\/ppdegalicia\/","article_published_time":"2023-10-09T15:56:06+00:00","og_image":[{"width":1600,"height":1066,"url":"https:\/\/ppdegalicia.com\/wp-content\/uploads\/2023\/10\/188698d74f669da43f3b0cc597e80fc0.jpg","type":"image\/jpeg"}],"author":"ppdegaliciaredes","twitter_card":"summary_large_image","twitter_creator":"@ppdegalicia","twitter_site":"@ppdegalicia","twitter_misc":{"Escrito por":"ppdegaliciaredes","Tiempo de lectura":"3 minutos"},"schema":{"@context":"https:\/\/schema.org","@graph":[{"@type":"Article","@id":"https:\/\/ppdegalicia.com\/es\/alberto-pazos-afirma-que-galicia-afronta-o-futuro-con-prudencia-responsabilidade-confianza-e-optimismo\/#article","isPartOf":{"@id":"https:\/\/ppdegalicia.com\/es\/alberto-pazos-afirma-que-galicia-afronta-o-futuro-con-prudencia-responsabilidade-confianza-e-optimismo\/"},"author":{"name":"ppdegaliciaredes","@id":"https:\/\/ppdegalicia.com\/es\/#\/schema\/person\/5b822c6f59e872ebdd1142f307dbcb59"},"headline":"Alberto Pazos afirma que Galicia \u201cafronta o futuro con prudencia, responsabilidade, confianza e optimismo\u201d","datePublished":"2023-10-09T15:56:06+00:00","mainEntityOfPage":{"@id":"https:\/\/ppdegalicia.com\/es\/alberto-pazos-afirma-que-galicia-afronta-o-futuro-con-prudencia-responsabilidade-confianza-e-optimismo\/"},"wordCount":696,"commentCount":0,"publisher":{"@id":"https:\/\/ppdegalicia.com\/es\/#organization"},"image":{"@id":"https:\/\/ppdegalicia.com\/es\/alberto-pazos-afirma-que-galicia-afronta-o-futuro-con-prudencia-responsabilidade-confianza-e-optimismo\/#primaryimage"},"thumbnailUrl":"https:\/\/ppdegalicia.com\/wp-content\/uploads\/2023\/10\/188698d74f669da43f3b0cc597e80fc0.jpg","articleSection":["PP de Galicia"],"inLanguage":"es","potentialAction":[{"@type":"CommentAction","name":"Comment","target":["https:\/\/ppdegalicia.com\/es\/alberto-pazos-afirma-que-galicia-afronta-o-futuro-con-prudencia-responsabilidade-confianza-e-optimismo\/#respond"]}]},{"@type":"WebPage","@id":"https:\/\/ppdegalicia.com\/es\/alberto-pazos-afirma-que-galicia-afronta-o-futuro-con-prudencia-responsabilidade-confianza-e-optimismo\/","url":"https:\/\/ppdegalicia.com\/es\/alberto-pazos-afirma-que-galicia-afronta-o-futuro-con-prudencia-responsabilidade-confianza-e-optimismo\/","name":"Alberto Pazos afirma que Galicia \u201cafronta o futuro con prudencia, responsabilidade, confianza e optimismo\u201d - PP de Galicia","isPartOf":{"@id":"https:\/\/ppdegalicia.com\/es\/#website"},"primaryImageOfPage":{"@id":"https:\/\/ppdegalicia.com\/es\/alberto-pazos-afirma-que-galicia-afronta-o-futuro-con-prudencia-responsabilidade-confianza-e-optimismo\/#primaryimage"},"image":{"@id":"https:\/\/ppdegalicia.com\/es\/alberto-pazos-afirma-que-galicia-afronta-o-futuro-con-prudencia-responsabilidade-confianza-e-optimismo\/#primaryimage"},"thumbnailUrl":"https:\/\/ppdegalicia.com\/wp-content\/uploads\/2023\/10\/188698d74f669da43f3b0cc597e80fc0.jpg","datePublished":"2023-10-09T15:56:06+00:00","breadcrumb":{"@id":"https:\/\/ppdegalicia.com\/es\/alberto-pazos-afirma-que-galicia-afronta-o-futuro-con-prudencia-responsabilidade-confianza-e-optimismo\/#breadcrumb"},"inLanguage":"es","potentialAction":[{"@type":"ReadAction","target":["https:\/\/ppdegalicia.com\/es\/alberto-pazos-afirma-que-galicia-afronta-o-futuro-con-prudencia-responsabilidade-confianza-e-optimismo\/"]}]},{"@type":"ImageObject","inLanguage":"es","@id":"https:\/\/ppdegalicia.com\/es\/alberto-pazos-afirma-que-galicia-afronta-o-futuro-con-prudencia-responsabilidade-confianza-e-optimismo\/#primaryimage","url":"https:\/\/ppdegalicia.com\/wp-content\/uploads\/2023\/10\/188698d74f669da43f3b0cc597e80fc0.jpg","contentUrl":"https:\/\/ppdegalicia.com\/wp-content\/uploads\/2023\/10\/188698d74f669da43f3b0cc597e80fc0.jpg","width":1600,"height":1066},{"@type":"BreadcrumbList","@id":"https:\/\/ppdegalicia.com\/es\/alberto-pazos-afirma-que-galicia-afronta-o-futuro-con-prudencia-responsabilidade-confianza-e-optimismo\/#breadcrumb","itemListElement":[{"@type":"ListItem","position":1,"name":"Portada","item":"https:\/\/ppdegalicia.com\/es\/"},{"@type":"ListItem","position":2,"name":"Alberto Pazos afirma que Galicia \u201cafronta o futuro con prudencia, responsabilidade, confianza e optimismo\u201d"}]},{"@type":"WebSite","@id":"https:\/\/ppdegalicia.com\/es\/#website","url":"https:\/\/ppdegalicia.com\/es\/","name":"Partido Popular de Galicia","description":"Partido Popular de Galicia","publisher":{"@id":"https:\/\/ppdegalicia.com\/es\/#organization"},"alternateName":"PP de Galicia","potentialAction":[{"@type":"SearchAction","target":{"@type":"EntryPoint","urlTemplate":"https:\/\/ppdegalicia.com\/es\/?s={search_term_string}"},"query-input":{"@type":"PropertyValueSpecification","valueRequired":true,"valueName":"search_term_string"}}],"inLanguage":"es"},{"@type":"Organization","@id":"https:\/\/ppdegalicia.com\/es\/#organization","name":"Partido Popular de Galicia","alternateName":"PP de Galicia","url":"https:\/\/ppdegalicia.com\/es\/","logo":{"@type":"ImageObject","inLanguage":"es","@id":"https:\/\/ppdegalicia.com\/es\/#\/schema\/logo\/image\/","url":"https:\/\/ppdegalicia.com\/wp-content\/uploads\/2023\/04\/logoPP512.png","contentUrl":"https:\/\/ppdegalicia.com\/wp-content\/uploads\/2023\/04\/logoPP512.png","width":512,"height":512,"caption":"Partido Popular de Galicia"},"image":{"@id":"https:\/\/ppdegalicia.com\/es\/#\/schema\/logo\/image\/"},"sameAs":["https:\/\/www.instagram.com\/ppdegalicia\/","https:\/\/x.com\/ppdegalicia","https:\/\/www.tiktok.com\/@ppdegalicia","https:\/\/www.youtube.com\/user\/ppdegalicia"]},{"@type":"Person","@id":"https:\/\/ppdegalicia.com\/es\/#\/schema\/person\/5b822c6f59e872ebdd1142f307dbcb59","name":"ppdegaliciaredes","image":{"@type":"ImageObject","inLanguage":"es","@id":"https:\/\/secure.gravatar.com\/avatar\/3c9179cf0256d00c72a48d1f25783c58b6842cd56e85ef3a572881c8e28ccd59?s=96&d=mm&r=g","url":"https:\/\/secure.gravatar.com\/avatar\/3c9179cf0256d00c72a48d1f25783c58b6842cd56e85ef3a572881c8e28ccd59?s=96&d=mm&r=g","contentUrl":"https:\/\/secure.gravatar.com\/avatar\/3c9179cf0256d00c72a48d1f25783c58b6842cd56e85ef3a572881c8e28ccd59?s=96&d=mm&r=g","caption":"ppdegaliciaredes"},"url":"https:\/\/ppdegalicia.com\/es\/author\/ppdegaliciaredes\/"}]}},"_links":{"self":[{"href":"https:\/\/ppdegalicia.com\/es\/wp-json\/wp\/v2\/posts\/58405","targetHints":{"allow":["GET"]}}],"collection":[{"href":"https:\/\/ppdegalicia.com\/es\/wp-json\/wp\/v2\/posts"}],"about":[{"href":"https:\/\/ppdegalicia.com\/es\/wp-json\/wp\/v2\/types\/post"}],"author":[{"embeddable":true,"href":"https:\/\/ppdegalicia.com\/es\/wp-json\/wp\/v2\/users\/38"}],"replies":[{"embeddable":true,"href":"https:\/\/ppdegalicia.com\/es\/wp-json\/wp\/v2\/comments?post=58405"}],"version-history":[{"count":0,"href":"https:\/\/ppdegalicia.com\/es\/wp-json\/wp\/v2\/posts\/58405\/revisions"}],"wp:featuredmedia":[{"embeddable":true,"href":"https:\/\/ppdegalicia.com\/es\/wp-json\/wp\/v2\/media\/58404"}],"wp:attachment":[{"href":"https:\/\/ppdegalicia.com\/es\/wp-json\/wp\/v2\/media?parent=58405"}],"wp:term":[{"taxonomy":"category","embeddable":true,"href":"https:\/\/ppdegalicia.com\/es\/wp-json\/wp\/v2\/categories?post=58405"},{"taxonomy":"post_tag","embeddable":true,"href":"https:\/\/ppdegalicia.com\/es\/wp-json\/wp\/v2\/tags?post=58405"}],"curies":[{"name":"wp","href":"https:\/\/api.w.org\/{rel}","templated":true}]}}