{"id":58407,"date":"2023-10-10T12:22:36","date_gmt":"2023-10-10T10:22:36","guid":{"rendered":"https:\/\/ppdegalicia.com\/o-grupo-popular-recolle-nas-suas-propostas-de-resolucion-ao-dea-as-medidas-anunciadas-por-rueda-a-mellora-das-politicas-sociais-e-a-defensa-do-autogoberno-de-galicia\/"},"modified":"2023-10-10T12:22:36","modified_gmt":"2023-10-10T10:22:36","slug":"o-grupo-popular-recolle-nas-suas-propostas-de-resolucion-ao-dea-as-medidas-anunciadas-por-rueda-a-mellora-das-politicas-sociais-e-a-defensa-do-autogoberno-de-galicia","status":"publish","type":"post","link":"https:\/\/ppdegalicia.com\/es\/o-grupo-popular-recolle-nas-suas-propostas-de-resolucion-ao-dea-as-medidas-anunciadas-por-rueda-a-mellora-das-politicas-sociais-e-a-defensa-do-autogoberno-de-galicia\/","title":{"rendered":"O Grupo Popular recolle nas s\u00faas propostas de resoluci\u00f3n ao DEA as medidas anunciadas por Rueda, a mellora das pol\u00edticas sociais e a defensa do autogoberno de Galicia"},"content":{"rendered":"<p><img fetchpriority=\"high\" decoding=\"async\" class=\" size-full wp-image-58406\" src=\"https:\/\/ppdegalicia.com\/wp-content\/uploads\/2023\/10\/bce7fcd6864d4d96bbd96ce8499e6524-scaled.jpg\" alt=\"\" width=\"2560\" height=\"1707\" srcset=\"https:\/\/ppdegalicia.com\/wp-content\/uploads\/2023\/10\/bce7fcd6864d4d96bbd96ce8499e6524-scaled.jpg 2560w, https:\/\/ppdegalicia.com\/wp-content\/uploads\/2023\/10\/bce7fcd6864d4d96bbd96ce8499e6524-300x200.jpg 300w, https:\/\/ppdegalicia.com\/wp-content\/uploads\/2023\/10\/bce7fcd6864d4d96bbd96ce8499e6524-1024x683.jpg 1024w, https:\/\/ppdegalicia.com\/wp-content\/uploads\/2023\/10\/bce7fcd6864d4d96bbd96ce8499e6524-768x512.jpg 768w, https:\/\/ppdegalicia.com\/wp-content\/uploads\/2023\/10\/bce7fcd6864d4d96bbd96ce8499e6524-1536x1024.jpg 1536w, https:\/\/ppdegalicia.com\/wp-content\/uploads\/2023\/10\/bce7fcd6864d4d96bbd96ce8499e6524-2048x1365.jpg 2048w\" sizes=\"(max-width: 2560px) 100vw, 2560px\" \/><\/p>\n<p>A viceportavoz do Grupo Popular, Paula Prado, afirmou hoxe que o Debate de pol\u00edtica xeral celebrado onte no Parlamento de Galicia \u201cdeixou claro que Galicia non para de avanzar en servizos sociais, en mellorar a educaci\u00f3n, en reforzar a sanidade e de ofrecer novas medidas para o benestar dos galegos\u201d.<\/p>\n<p><!--more--><\/p>\n<p>As\u00ed mesmo, presentou as 40 propostas de resoluci\u00f3n rexistradas polo Grupo Popular, que recollen as medidas anunciadas onte polo Presidente Rueda, inciden na mellora das pol\u00edticas sociais e insisten na defensa do autogoberno de Galicia, rexeitando rexeite calquera proxecto que trate de romper a convivencia dos espa\u00f1ois.<\/p>\n<p>\u00a0<\/p>\n<p><embed src=\"images\/GPP_PdR_DEA2023.pdf\" type=\"application\/pdf\" width=\"100%\" height=\"600px\"><\/embed><\/p>\n<p>\u00a0<\/p>\n<p>Paula Prado afirmou que \u201ca illa de estabilidade e normalidade que \u00e9 Galicia contrasta coa situaci\u00f3n de bloqueo que vive Espa\u00f1a; coa par\u00e1lise e retroceso que provoca o nacionalismo e o independentismo; e co socialismo so obsesionado en lograr os seus obxectivos partidistas\u201d.<\/p>\n<p>\u00a0<\/p>\n<p><strong>MEDIDAS ANUNCIADAS<\/strong><\/p>\n<p>\u00a0<\/p>\n<p>Centr\u00e1ndose nas propostas de resoluci\u00f3n presentadas polo Grupo Popular, a viceportavoz popular indicou que, en primeiro lugar, \u201crecollen as principais medidas anunciadas onte polo Presidente Rueda na s\u00faa intervenci\u00f3n: un novo paso na rebaixa de impostos que vimos aplicando en Galicia: neste caso, na transmisi\u00f3n de veh\u00edculos e no imposto de transmisi\u00f3ns patrimoniais; a constituci\u00f3n dunha sociedade p\u00fablico-privada que impulse e participe no desenvolvemento de proxectos de aproveitamento dos recursos naturais de Galicia, entre eles o acceso a enerx\u00eda a prezos competitivos; a adopci\u00f3n da medidas necesarias para que Galicia sexa un referente en canto \u00e1 atracci\u00f3n de empresas, mediante o acompa\u00f1amento \u00e1s persoas promotoras, a simplificaci\u00f3n e axilizaci\u00f3n das tramitaci\u00f3ns administrativas; a aprobaci\u00f3n da oferta p\u00fablica de emprego do ano 2023 no prazo dun mes, para continuar na senda da reduci\u00f3n da temporalidade; o impulso dun bono universal de coidados, cun importe de 5.000 euros, para os galegos con dependencia reco\u00f1ecida que est\u00e1n a ser atendidos no seu fogar; o complemento de 1.200 euros ao ano a todas as persoas con dependencia que te\u00f1en unha axuda para o pago dunha residencia da s\u00faa elecci\u00f3n; ou a creaci\u00f3n do carn\u00e9 +65, para ofrecer descontos e vantaxes \u00e1s persoas maiores de Galicia, do mesmo xeito que xa gozan neste momento os mozos co Carn\u00e9 Xove\u201d.<\/p>\n<p>\u00a0<\/p>\n<p>Paula Prado salientou que \u201cunha das cuesti\u00f3ns nas que po\u00f1emos un maior \u00e9nfase nas nosas propostas de resoluci\u00f3n \u00e9 o \u00e1mbito social\u201d. As\u00ed, no \u00e1mbito da sanidade ins\u00edstese na necesidade de que se garanta a ocupaci\u00f3n das prazas consideradas como de dif\u00edcil cobertura no Servizo Galego de Sa\u00fade ou na atenci\u00f3n aos problemas de sa\u00fade mental, coa redacci\u00f3n dun novo Plan 2025-2029; en materia de educaci\u00f3n, p\u00eddese ao Goberno de Espa\u00f1a que contrib\u00faa ao financiamento da gratuidade total da educaci\u00f3n infantil de 0 a 3 anos; ao tempo que se afonde na adaptaci\u00f3n da Formaci\u00f3n Profesional \u00e1s necesidades do mercado laboral; se avoga por unha cultura accesible e inclusiva, insistindo na necesidade de que o Goberno de Espa\u00f1a impulse un PERTE para o sector cultural; sen esquecerse da defensa da nosa lingua, o fomento dos h\u00e1bitos de vida saudables, coa creaci\u00f3n dun bono deporte; a integraci\u00f3n das familias retornadas; e o impulso do Cami\u00f1o de Santiago.<\/p>\n<p>\u00a0<\/p>\n<p><strong>APOIO A PREXUDICADAS POLA LEI DO SI \u00c9 SI<\/strong><\/p>\n<p>\u00a0<\/p>\n<p>\u201cNeste \u00e1mbito, quixera destacar as propostas que presentamos dirixidas \u00e1 igualdade e a loita contra a violencia de x\u00e9nero: en concreto, ademais de incidir no necesario impulso da igualdade no mundo laboral e na creaci\u00f3n de cinco novos xulgados exclusivos contra a violencia de x\u00e9nero, desde o Grupo Popular consideramos necesario que a Xunta preste servizos de apoio, acompa\u00f1amento e asesoramento \u00e1s mulleres menores que viron como os seus agresores se beneficiaban das excarceraci\u00f3ns e reduci\u00f3ns de penas en aplicaci\u00f3n da Lei do si \u00e9 si, de xeito que se eviten situaci\u00f3ns de desprotecci\u00f3n, revitimizaci\u00f3n e perda de confianza nas instituci\u00f3ns e a xustiza\u201d, subli\u00f1ou.<\/p>\n<p>\u00a0<\/p>\n<p>Dentro do apartado de infraestruturas, desde o Grupo Popular ins\u00edstese na necesidade de que o Goberno central fixe unha data concreta para a chegada dos trens Avril, ao tempo que se executan outras melloras para a chegada do AVE a toda a Comunidade galega e se mellora a rede interior; sen esquecerse das comunicaci\u00f3ns por estrada, onde se demanda a transferencia da AP-9; a construci\u00f3n das autov\u00edas pendentes e a reconstruci\u00f3n dos viadutos da A-6; ademais da conxelaci\u00f3n das tarifas nas autoestradas auton\u00f3micas e establecer o mesmo r\u00e9xime de bonificaci\u00f3ns na AP-53 que na AP-9.<\/p>\n<p>\u00a0<\/p>\n<p>O sector primario tam\u00e9n ten cabida nas propostas de resoluci\u00f3n do Grupo Popular, coa solicitude de axudas, por importe de 12 mill\u00f3ns de euros, para a produci\u00f3n de carne de calidade en extensivo; ou a rebaixa do IVE para os produtos de mar, a carne e as conservas.<\/p>\n<p>\u00a0<\/p>\n<p>Un \u00faltimo apartado das propostas de resoluci\u00f3n ten que ver coa defensa do autogoberno de Galicia, con demandas dirixidas ao Goberno central. \u201cPedimos a cogobernanza na xesti\u00f3n dos fondos europeos que se ten reservado a Administraci\u00f3n do Estado; o cofinanciamento da Lei de dependencia; o impulso de Galicia como nodo lox\u00edstico estrat\u00e9xico do sur de Europa; o respecto \u00e1s lex\u00edtimas competencias de Galicia na xesti\u00f3n do dominio p\u00fablico mar\u00edtimo-terrestre; a urxente convocatoria do Consello de Pol\u00edtica Fiscal e Financeira, onde se aborde a reforma do modelo de financiamento auton\u00f3mico; ou a convocatoria da Comisi\u00f3n Mixta de Transferencias para axilizar o traspaso de competencias prioritarias para Galicia, como a titularidade da AP-9 ou a xesti\u00f3n do ingreso m\u00ednimo vital\u201d, dixo Paula Prado.<\/p>\n<p>Para rematar, en referencia \u00e1 situaci\u00f3n pol\u00edtica que se est\u00e1 a vivir a nivel estatal e internacional, desde o Grupo Popular se solicita que o Parlamento galego rexeite calquera proxecto que trate de romper a convivencia dos espa\u00f1ois, e de destru\u00edr o valioso patrimonio que representa a condici\u00f3n de cidad\u00e1ns libres e iguais en dereitos e obrigas; e se condene o terrorismo e calquera discurso que xustifique, minimice ou non condene as s\u00faas graves consecuencias. \u201cO que estamos vendo en Israel estes d\u00edas non ten xustificaci\u00f3n algunha e ningu\u00e9n pode permanecer impasible ante tanta barbarie e dor\u201d, manifestou a viceportavoz popular.<\/p>\n","protected":false},"excerpt":{"rendered":"<p>A viceportavoz do Grupo Popular, Paula Prado, afirmou hoxe que o Debate de pol\u00edtica xeral celebrado onte no Parlamento de Galicia \u201cdeixou claro que Galicia non para de avanzar en servizos sociais, en mellorar a educaci\u00f3n, en reforzar a sanidade e de ofrecer novas medidas para o benestar dos galegos\u201d.<\/p>\n","protected":false},"author":38,"featured_media":58406,"comment_status":"open","ping_status":"open","sticky":false,"template":"","format":"standard","meta":{"_acf_changed":false,"footnotes":""},"categories":[1],"tags":[],"class_list":["post-58407","post","type-post","status-publish","format-standard","has-post-thumbnail","hentry","category-pp-de-galicia"],"acf":[],"yoast_head":"<!-- This site is optimized with the Yoast SEO plugin v27.3 - https:\/\/yoast.com\/product\/yoast-seo-wordpress\/ -->\n<title>O Grupo Popular recolle nas s\u00faas propostas de resoluci\u00f3n ao DEA as medidas anunciadas por Rueda, a mellora das pol\u00edticas sociais e a defensa do autogoberno de Galicia - PP de Galicia<\/title>\n<meta name=\"robots\" content=\"index, follow, max-snippet:-1, max-image-preview:large, max-video-preview:-1\" \/>\n<link rel=\"canonical\" href=\"https:\/\/ppdegalicia.com\/es\/o-grupo-popular-recolle-nas-suas-propostas-de-resolucion-ao-dea-as-medidas-anunciadas-por-rueda-a-mellora-das-politicas-sociais-e-a-defensa-do-autogoberno-de-galicia\/\" \/>\n<meta property=\"og:locale\" content=\"es_ES\" \/>\n<meta property=\"og:type\" content=\"article\" \/>\n<meta property=\"og:title\" content=\"O Grupo Popular recolle nas s\u00faas propostas de resoluci\u00f3n ao DEA as medidas anunciadas por Rueda, a mellora das pol\u00edticas sociais e a defensa do autogoberno de Galicia - PP de Galicia\" \/>\n<meta property=\"og:description\" content=\"A viceportavoz do Grupo Popular, Paula Prado, afirmou hoxe que o Debate de pol\u00edtica xeral celebrado onte no Parlamento de Galicia \u201cdeixou claro que Galicia non para de avanzar en servizos sociais, en mellorar a educaci\u00f3n, en reforzar a sanidade e de ofrecer novas medidas para o benestar dos galegos\u201d.\" \/>\n<meta property=\"og:url\" content=\"https:\/\/ppdegalicia.com\/es\/o-grupo-popular-recolle-nas-suas-propostas-de-resolucion-ao-dea-as-medidas-anunciadas-por-rueda-a-mellora-das-politicas-sociais-e-a-defensa-do-autogoberno-de-galicia\/\" \/>\n<meta property=\"og:site_name\" content=\"PP de Galicia\" \/>\n<meta property=\"article:publisher\" content=\"https:\/\/www.instagram.com\/ppdegalicia\/\" \/>\n<meta property=\"article:published_time\" content=\"2023-10-10T10:22:36+00:00\" \/>\n<meta property=\"og:image\" content=\"https:\/\/ppdegalicia.com\/wp-content\/uploads\/2023\/10\/bce7fcd6864d4d96bbd96ce8499e6524-scaled.jpg\" \/>\n\t<meta property=\"og:image:width\" content=\"2560\" \/>\n\t<meta property=\"og:image:height\" content=\"1707\" \/>\n\t<meta property=\"og:image:type\" content=\"image\/jpeg\" \/>\n<meta name=\"author\" content=\"ppdegaliciaredes\" \/>\n<meta name=\"twitter:card\" content=\"summary_large_image\" \/>\n<meta name=\"twitter:creator\" content=\"@ppdegalicia\" \/>\n<meta name=\"twitter:site\" content=\"@ppdegalicia\" \/>\n<meta name=\"twitter:label1\" content=\"Escrito por\" \/>\n\t<meta name=\"twitter:data1\" content=\"ppdegaliciaredes\" \/>\n\t<meta name=\"twitter:label2\" content=\"Tiempo de lectura\" \/>\n\t<meta name=\"twitter:data2\" content=\"5 minutos\" \/>\n<script type=\"application\/ld+json\" class=\"yoast-schema-graph\">{\"@context\":\"https:\\\/\\\/schema.org\",\"@graph\":[{\"@type\":\"Article\",\"@id\":\"https:\\\/\\\/ppdegalicia.com\\\/es\\\/o-grupo-popular-recolle-nas-suas-propostas-de-resolucion-ao-dea-as-medidas-anunciadas-por-rueda-a-mellora-das-politicas-sociais-e-a-defensa-do-autogoberno-de-galicia\\\/#article\",\"isPartOf\":{\"@id\":\"https:\\\/\\\/ppdegalicia.com\\\/es\\\/o-grupo-popular-recolle-nas-suas-propostas-de-resolucion-ao-dea-as-medidas-anunciadas-por-rueda-a-mellora-das-politicas-sociais-e-a-defensa-do-autogoberno-de-galicia\\\/\"},\"author\":{\"name\":\"ppdegaliciaredes\",\"@id\":\"https:\\\/\\\/ppdegalicia.com\\\/es\\\/#\\\/schema\\\/person\\\/5b822c6f59e872ebdd1142f307dbcb59\"},\"headline\":\"O Grupo Popular recolle nas s\u00faas propostas de resoluci\u00f3n ao DEA as medidas anunciadas por Rueda, a mellora das pol\u00edticas sociais e a defensa do autogoberno de Galicia\",\"datePublished\":\"2023-10-10T10:22:36+00:00\",\"mainEntityOfPage\":{\"@id\":\"https:\\\/\\\/ppdegalicia.com\\\/es\\\/o-grupo-popular-recolle-nas-suas-propostas-de-resolucion-ao-dea-as-medidas-anunciadas-por-rueda-a-mellora-das-politicas-sociais-e-a-defensa-do-autogoberno-de-galicia\\\/\"},\"wordCount\":1111,\"commentCount\":0,\"publisher\":{\"@id\":\"https:\\\/\\\/ppdegalicia.com\\\/es\\\/#organization\"},\"image\":{\"@id\":\"https:\\\/\\\/ppdegalicia.com\\\/es\\\/o-grupo-popular-recolle-nas-suas-propostas-de-resolucion-ao-dea-as-medidas-anunciadas-por-rueda-a-mellora-das-politicas-sociais-e-a-defensa-do-autogoberno-de-galicia\\\/#primaryimage\"},\"thumbnailUrl\":\"https:\\\/\\\/ppdegalicia.com\\\/wp-content\\\/uploads\\\/2023\\\/10\\\/bce7fcd6864d4d96bbd96ce8499e6524-scaled.jpg\",\"articleSection\":[\"PP de Galicia\"],\"inLanguage\":\"es\",\"potentialAction\":[{\"@type\":\"CommentAction\",\"name\":\"Comment\",\"target\":[\"https:\\\/\\\/ppdegalicia.com\\\/es\\\/o-grupo-popular-recolle-nas-suas-propostas-de-resolucion-ao-dea-as-medidas-anunciadas-por-rueda-a-mellora-das-politicas-sociais-e-a-defensa-do-autogoberno-de-galicia\\\/#respond\"]}]},{\"@type\":\"WebPage\",\"@id\":\"https:\\\/\\\/ppdegalicia.com\\\/es\\\/o-grupo-popular-recolle-nas-suas-propostas-de-resolucion-ao-dea-as-medidas-anunciadas-por-rueda-a-mellora-das-politicas-sociais-e-a-defensa-do-autogoberno-de-galicia\\\/\",\"url\":\"https:\\\/\\\/ppdegalicia.com\\\/es\\\/o-grupo-popular-recolle-nas-suas-propostas-de-resolucion-ao-dea-as-medidas-anunciadas-por-rueda-a-mellora-das-politicas-sociais-e-a-defensa-do-autogoberno-de-galicia\\\/\",\"name\":\"O Grupo Popular recolle nas s\u00faas propostas de resoluci\u00f3n ao DEA as medidas anunciadas por Rueda, a mellora das pol\u00edticas sociais e a defensa do autogoberno de Galicia - PP de Galicia\",\"isPartOf\":{\"@id\":\"https:\\\/\\\/ppdegalicia.com\\\/es\\\/#website\"},\"primaryImageOfPage\":{\"@id\":\"https:\\\/\\\/ppdegalicia.com\\\/es\\\/o-grupo-popular-recolle-nas-suas-propostas-de-resolucion-ao-dea-as-medidas-anunciadas-por-rueda-a-mellora-das-politicas-sociais-e-a-defensa-do-autogoberno-de-galicia\\\/#primaryimage\"},\"image\":{\"@id\":\"https:\\\/\\\/ppdegalicia.com\\\/es\\\/o-grupo-popular-recolle-nas-suas-propostas-de-resolucion-ao-dea-as-medidas-anunciadas-por-rueda-a-mellora-das-politicas-sociais-e-a-defensa-do-autogoberno-de-galicia\\\/#primaryimage\"},\"thumbnailUrl\":\"https:\\\/\\\/ppdegalicia.com\\\/wp-content\\\/uploads\\\/2023\\\/10\\\/bce7fcd6864d4d96bbd96ce8499e6524-scaled.jpg\",\"datePublished\":\"2023-10-10T10:22:36+00:00\",\"breadcrumb\":{\"@id\":\"https:\\\/\\\/ppdegalicia.com\\\/es\\\/o-grupo-popular-recolle-nas-suas-propostas-de-resolucion-ao-dea-as-medidas-anunciadas-por-rueda-a-mellora-das-politicas-sociais-e-a-defensa-do-autogoberno-de-galicia\\\/#breadcrumb\"},\"inLanguage\":\"es\",\"potentialAction\":[{\"@type\":\"ReadAction\",\"target\":[\"https:\\\/\\\/ppdegalicia.com\\\/es\\\/o-grupo-popular-recolle-nas-suas-propostas-de-resolucion-ao-dea-as-medidas-anunciadas-por-rueda-a-mellora-das-politicas-sociais-e-a-defensa-do-autogoberno-de-galicia\\\/\"]}]},{\"@type\":\"ImageObject\",\"inLanguage\":\"es\",\"@id\":\"https:\\\/\\\/ppdegalicia.com\\\/es\\\/o-grupo-popular-recolle-nas-suas-propostas-de-resolucion-ao-dea-as-medidas-anunciadas-por-rueda-a-mellora-das-politicas-sociais-e-a-defensa-do-autogoberno-de-galicia\\\/#primaryimage\",\"url\":\"https:\\\/\\\/ppdegalicia.com\\\/wp-content\\\/uploads\\\/2023\\\/10\\\/bce7fcd6864d4d96bbd96ce8499e6524-scaled.jpg\",\"contentUrl\":\"https:\\\/\\\/ppdegalicia.com\\\/wp-content\\\/uploads\\\/2023\\\/10\\\/bce7fcd6864d4d96bbd96ce8499e6524-scaled.jpg\",\"width\":2560,\"height\":1707},{\"@type\":\"BreadcrumbList\",\"@id\":\"https:\\\/\\\/ppdegalicia.com\\\/es\\\/o-grupo-popular-recolle-nas-suas-propostas-de-resolucion-ao-dea-as-medidas-anunciadas-por-rueda-a-mellora-das-politicas-sociais-e-a-defensa-do-autogoberno-de-galicia\\\/#breadcrumb\",\"itemListElement\":[{\"@type\":\"ListItem\",\"position\":1,\"name\":\"Portada\",\"item\":\"https:\\\/\\\/ppdegalicia.com\\\/es\\\/\"},{\"@type\":\"ListItem\",\"position\":2,\"name\":\"O Grupo Popular recolle nas s\u00faas propostas de resoluci\u00f3n ao DEA as medidas anunciadas por Rueda, a mellora das pol\u00edticas sociais e a defensa do autogoberno de Galicia\"}]},{\"@type\":\"WebSite\",\"@id\":\"https:\\\/\\\/ppdegalicia.com\\\/es\\\/#website\",\"url\":\"https:\\\/\\\/ppdegalicia.com\\\/es\\\/\",\"name\":\"Partido Popular de Galicia\",\"description\":\"Partido Popular de Galicia\",\"publisher\":{\"@id\":\"https:\\\/\\\/ppdegalicia.com\\\/es\\\/#organization\"},\"alternateName\":\"PP de Galicia\",\"potentialAction\":[{\"@type\":\"SearchAction\",\"target\":{\"@type\":\"EntryPoint\",\"urlTemplate\":\"https:\\\/\\\/ppdegalicia.com\\\/es\\\/?s={search_term_string}\"},\"query-input\":{\"@type\":\"PropertyValueSpecification\",\"valueRequired\":true,\"valueName\":\"search_term_string\"}}],\"inLanguage\":\"es\"},{\"@type\":\"Organization\",\"@id\":\"https:\\\/\\\/ppdegalicia.com\\\/es\\\/#organization\",\"name\":\"Partido Popular de Galicia\",\"alternateName\":\"PP de Galicia\",\"url\":\"https:\\\/\\\/ppdegalicia.com\\\/es\\\/\",\"logo\":{\"@type\":\"ImageObject\",\"inLanguage\":\"es\",\"@id\":\"https:\\\/\\\/ppdegalicia.com\\\/es\\\/#\\\/schema\\\/logo\\\/image\\\/\",\"url\":\"https:\\\/\\\/ppdegalicia.com\\\/wp-content\\\/uploads\\\/2023\\\/04\\\/logoPP512.png\",\"contentUrl\":\"https:\\\/\\\/ppdegalicia.com\\\/wp-content\\\/uploads\\\/2023\\\/04\\\/logoPP512.png\",\"width\":512,\"height\":512,\"caption\":\"Partido Popular de Galicia\"},\"image\":{\"@id\":\"https:\\\/\\\/ppdegalicia.com\\\/es\\\/#\\\/schema\\\/logo\\\/image\\\/\"},\"sameAs\":[\"https:\\\/\\\/www.instagram.com\\\/ppdegalicia\\\/\",\"https:\\\/\\\/x.com\\\/ppdegalicia\",\"https:\\\/\\\/www.tiktok.com\\\/@ppdegalicia\",\"https:\\\/\\\/www.youtube.com\\\/user\\\/ppdegalicia\"]},{\"@type\":\"Person\",\"@id\":\"https:\\\/\\\/ppdegalicia.com\\\/es\\\/#\\\/schema\\\/person\\\/5b822c6f59e872ebdd1142f307dbcb59\",\"name\":\"ppdegaliciaredes\",\"image\":{\"@type\":\"ImageObject\",\"inLanguage\":\"es\",\"@id\":\"https:\\\/\\\/secure.gravatar.com\\\/avatar\\\/3c9179cf0256d00c72a48d1f25783c58b6842cd56e85ef3a572881c8e28ccd59?s=96&d=mm&r=g\",\"url\":\"https:\\\/\\\/secure.gravatar.com\\\/avatar\\\/3c9179cf0256d00c72a48d1f25783c58b6842cd56e85ef3a572881c8e28ccd59?s=96&d=mm&r=g\",\"contentUrl\":\"https:\\\/\\\/secure.gravatar.com\\\/avatar\\\/3c9179cf0256d00c72a48d1f25783c58b6842cd56e85ef3a572881c8e28ccd59?s=96&d=mm&r=g\",\"caption\":\"ppdegaliciaredes\"},\"url\":\"https:\\\/\\\/ppdegalicia.com\\\/es\\\/author\\\/ppdegaliciaredes\\\/\"}]}<\/script>\n<!-- \/ Yoast SEO plugin. -->","yoast_head_json":{"title":"O Grupo Popular recolle nas s\u00faas propostas de resoluci\u00f3n ao DEA as medidas anunciadas por Rueda, a mellora das pol\u00edticas sociais e a defensa do autogoberno de Galicia - PP de Galicia","robots":{"index":"index","follow":"follow","max-snippet":"max-snippet:-1","max-image-preview":"max-image-preview:large","max-video-preview":"max-video-preview:-1"},"canonical":"https:\/\/ppdegalicia.com\/es\/o-grupo-popular-recolle-nas-suas-propostas-de-resolucion-ao-dea-as-medidas-anunciadas-por-rueda-a-mellora-das-politicas-sociais-e-a-defensa-do-autogoberno-de-galicia\/","og_locale":"es_ES","og_type":"article","og_title":"O Grupo Popular recolle nas s\u00faas propostas de resoluci\u00f3n ao DEA as medidas anunciadas por Rueda, a mellora das pol\u00edticas sociais e a defensa do autogoberno de Galicia - PP de Galicia","og_description":"A viceportavoz do Grupo Popular, Paula Prado, afirmou hoxe que o Debate de pol\u00edtica xeral celebrado onte no Parlamento de Galicia \u201cdeixou claro que Galicia non para de avanzar en servizos sociais, en mellorar a educaci\u00f3n, en reforzar a sanidade e de ofrecer novas medidas para o benestar dos galegos\u201d.","og_url":"https:\/\/ppdegalicia.com\/es\/o-grupo-popular-recolle-nas-suas-propostas-de-resolucion-ao-dea-as-medidas-anunciadas-por-rueda-a-mellora-das-politicas-sociais-e-a-defensa-do-autogoberno-de-galicia\/","og_site_name":"PP de Galicia","article_publisher":"https:\/\/www.instagram.com\/ppdegalicia\/","article_published_time":"2023-10-10T10:22:36+00:00","og_image":[{"width":2560,"height":1707,"url":"https:\/\/ppdegalicia.com\/wp-content\/uploads\/2023\/10\/bce7fcd6864d4d96bbd96ce8499e6524-scaled.jpg","type":"image\/jpeg"}],"author":"ppdegaliciaredes","twitter_card":"summary_large_image","twitter_creator":"@ppdegalicia","twitter_site":"@ppdegalicia","twitter_misc":{"Escrito por":"ppdegaliciaredes","Tiempo de lectura":"5 minutos"},"schema":{"@context":"https:\/\/schema.org","@graph":[{"@type":"Article","@id":"https:\/\/ppdegalicia.com\/es\/o-grupo-popular-recolle-nas-suas-propostas-de-resolucion-ao-dea-as-medidas-anunciadas-por-rueda-a-mellora-das-politicas-sociais-e-a-defensa-do-autogoberno-de-galicia\/#article","isPartOf":{"@id":"https:\/\/ppdegalicia.com\/es\/o-grupo-popular-recolle-nas-suas-propostas-de-resolucion-ao-dea-as-medidas-anunciadas-por-rueda-a-mellora-das-politicas-sociais-e-a-defensa-do-autogoberno-de-galicia\/"},"author":{"name":"ppdegaliciaredes","@id":"https:\/\/ppdegalicia.com\/es\/#\/schema\/person\/5b822c6f59e872ebdd1142f307dbcb59"},"headline":"O Grupo Popular recolle nas s\u00faas propostas de resoluci\u00f3n ao DEA as medidas anunciadas por Rueda, a mellora das pol\u00edticas sociais e a defensa do autogoberno de Galicia","datePublished":"2023-10-10T10:22:36+00:00","mainEntityOfPage":{"@id":"https:\/\/ppdegalicia.com\/es\/o-grupo-popular-recolle-nas-suas-propostas-de-resolucion-ao-dea-as-medidas-anunciadas-por-rueda-a-mellora-das-politicas-sociais-e-a-defensa-do-autogoberno-de-galicia\/"},"wordCount":1111,"commentCount":0,"publisher":{"@id":"https:\/\/ppdegalicia.com\/es\/#organization"},"image":{"@id":"https:\/\/ppdegalicia.com\/es\/o-grupo-popular-recolle-nas-suas-propostas-de-resolucion-ao-dea-as-medidas-anunciadas-por-rueda-a-mellora-das-politicas-sociais-e-a-defensa-do-autogoberno-de-galicia\/#primaryimage"},"thumbnailUrl":"https:\/\/ppdegalicia.com\/wp-content\/uploads\/2023\/10\/bce7fcd6864d4d96bbd96ce8499e6524-scaled.jpg","articleSection":["PP de Galicia"],"inLanguage":"es","potentialAction":[{"@type":"CommentAction","name":"Comment","target":["https:\/\/ppdegalicia.com\/es\/o-grupo-popular-recolle-nas-suas-propostas-de-resolucion-ao-dea-as-medidas-anunciadas-por-rueda-a-mellora-das-politicas-sociais-e-a-defensa-do-autogoberno-de-galicia\/#respond"]}]},{"@type":"WebPage","@id":"https:\/\/ppdegalicia.com\/es\/o-grupo-popular-recolle-nas-suas-propostas-de-resolucion-ao-dea-as-medidas-anunciadas-por-rueda-a-mellora-das-politicas-sociais-e-a-defensa-do-autogoberno-de-galicia\/","url":"https:\/\/ppdegalicia.com\/es\/o-grupo-popular-recolle-nas-suas-propostas-de-resolucion-ao-dea-as-medidas-anunciadas-por-rueda-a-mellora-das-politicas-sociais-e-a-defensa-do-autogoberno-de-galicia\/","name":"O Grupo Popular recolle nas s\u00faas propostas de resoluci\u00f3n ao DEA as medidas anunciadas por Rueda, a mellora das pol\u00edticas sociais e a defensa do autogoberno de Galicia - PP de Galicia","isPartOf":{"@id":"https:\/\/ppdegalicia.com\/es\/#website"},"primaryImageOfPage":{"@id":"https:\/\/ppdegalicia.com\/es\/o-grupo-popular-recolle-nas-suas-propostas-de-resolucion-ao-dea-as-medidas-anunciadas-por-rueda-a-mellora-das-politicas-sociais-e-a-defensa-do-autogoberno-de-galicia\/#primaryimage"},"image":{"@id":"https:\/\/ppdegalicia.com\/es\/o-grupo-popular-recolle-nas-suas-propostas-de-resolucion-ao-dea-as-medidas-anunciadas-por-rueda-a-mellora-das-politicas-sociais-e-a-defensa-do-autogoberno-de-galicia\/#primaryimage"},"thumbnailUrl":"https:\/\/ppdegalicia.com\/wp-content\/uploads\/2023\/10\/bce7fcd6864d4d96bbd96ce8499e6524-scaled.jpg","datePublished":"2023-10-10T10:22:36+00:00","breadcrumb":{"@id":"https:\/\/ppdegalicia.com\/es\/o-grupo-popular-recolle-nas-suas-propostas-de-resolucion-ao-dea-as-medidas-anunciadas-por-rueda-a-mellora-das-politicas-sociais-e-a-defensa-do-autogoberno-de-galicia\/#breadcrumb"},"inLanguage":"es","potentialAction":[{"@type":"ReadAction","target":["https:\/\/ppdegalicia.com\/es\/o-grupo-popular-recolle-nas-suas-propostas-de-resolucion-ao-dea-as-medidas-anunciadas-por-rueda-a-mellora-das-politicas-sociais-e-a-defensa-do-autogoberno-de-galicia\/"]}]},{"@type":"ImageObject","inLanguage":"es","@id":"https:\/\/ppdegalicia.com\/es\/o-grupo-popular-recolle-nas-suas-propostas-de-resolucion-ao-dea-as-medidas-anunciadas-por-rueda-a-mellora-das-politicas-sociais-e-a-defensa-do-autogoberno-de-galicia\/#primaryimage","url":"https:\/\/ppdegalicia.com\/wp-content\/uploads\/2023\/10\/bce7fcd6864d4d96bbd96ce8499e6524-scaled.jpg","contentUrl":"https:\/\/ppdegalicia.com\/wp-content\/uploads\/2023\/10\/bce7fcd6864d4d96bbd96ce8499e6524-scaled.jpg","width":2560,"height":1707},{"@type":"BreadcrumbList","@id":"https:\/\/ppdegalicia.com\/es\/o-grupo-popular-recolle-nas-suas-propostas-de-resolucion-ao-dea-as-medidas-anunciadas-por-rueda-a-mellora-das-politicas-sociais-e-a-defensa-do-autogoberno-de-galicia\/#breadcrumb","itemListElement":[{"@type":"ListItem","position":1,"name":"Portada","item":"https:\/\/ppdegalicia.com\/es\/"},{"@type":"ListItem","position":2,"name":"O Grupo Popular recolle nas s\u00faas propostas de resoluci\u00f3n ao DEA as medidas anunciadas por Rueda, a mellora das pol\u00edticas sociais e a defensa do autogoberno de Galicia"}]},{"@type":"WebSite","@id":"https:\/\/ppdegalicia.com\/es\/#website","url":"https:\/\/ppdegalicia.com\/es\/","name":"Partido Popular de Galicia","description":"Partido Popular de Galicia","publisher":{"@id":"https:\/\/ppdegalicia.com\/es\/#organization"},"alternateName":"PP de Galicia","potentialAction":[{"@type":"SearchAction","target":{"@type":"EntryPoint","urlTemplate":"https:\/\/ppdegalicia.com\/es\/?s={search_term_string}"},"query-input":{"@type":"PropertyValueSpecification","valueRequired":true,"valueName":"search_term_string"}}],"inLanguage":"es"},{"@type":"Organization","@id":"https:\/\/ppdegalicia.com\/es\/#organization","name":"Partido Popular de Galicia","alternateName":"PP de Galicia","url":"https:\/\/ppdegalicia.com\/es\/","logo":{"@type":"ImageObject","inLanguage":"es","@id":"https:\/\/ppdegalicia.com\/es\/#\/schema\/logo\/image\/","url":"https:\/\/ppdegalicia.com\/wp-content\/uploads\/2023\/04\/logoPP512.png","contentUrl":"https:\/\/ppdegalicia.com\/wp-content\/uploads\/2023\/04\/logoPP512.png","width":512,"height":512,"caption":"Partido Popular de Galicia"},"image":{"@id":"https:\/\/ppdegalicia.com\/es\/#\/schema\/logo\/image\/"},"sameAs":["https:\/\/www.instagram.com\/ppdegalicia\/","https:\/\/x.com\/ppdegalicia","https:\/\/www.tiktok.com\/@ppdegalicia","https:\/\/www.youtube.com\/user\/ppdegalicia"]},{"@type":"Person","@id":"https:\/\/ppdegalicia.com\/es\/#\/schema\/person\/5b822c6f59e872ebdd1142f307dbcb59","name":"ppdegaliciaredes","image":{"@type":"ImageObject","inLanguage":"es","@id":"https:\/\/secure.gravatar.com\/avatar\/3c9179cf0256d00c72a48d1f25783c58b6842cd56e85ef3a572881c8e28ccd59?s=96&d=mm&r=g","url":"https:\/\/secure.gravatar.com\/avatar\/3c9179cf0256d00c72a48d1f25783c58b6842cd56e85ef3a572881c8e28ccd59?s=96&d=mm&r=g","contentUrl":"https:\/\/secure.gravatar.com\/avatar\/3c9179cf0256d00c72a48d1f25783c58b6842cd56e85ef3a572881c8e28ccd59?s=96&d=mm&r=g","caption":"ppdegaliciaredes"},"url":"https:\/\/ppdegalicia.com\/es\/author\/ppdegaliciaredes\/"}]}},"_links":{"self":[{"href":"https:\/\/ppdegalicia.com\/es\/wp-json\/wp\/v2\/posts\/58407","targetHints":{"allow":["GET"]}}],"collection":[{"href":"https:\/\/ppdegalicia.com\/es\/wp-json\/wp\/v2\/posts"}],"about":[{"href":"https:\/\/ppdegalicia.com\/es\/wp-json\/wp\/v2\/types\/post"}],"author":[{"embeddable":true,"href":"https:\/\/ppdegalicia.com\/es\/wp-json\/wp\/v2\/users\/38"}],"replies":[{"embeddable":true,"href":"https:\/\/ppdegalicia.com\/es\/wp-json\/wp\/v2\/comments?post=58407"}],"version-history":[{"count":0,"href":"https:\/\/ppdegalicia.com\/es\/wp-json\/wp\/v2\/posts\/58407\/revisions"}],"wp:featuredmedia":[{"embeddable":true,"href":"https:\/\/ppdegalicia.com\/es\/wp-json\/wp\/v2\/media\/58406"}],"wp:attachment":[{"href":"https:\/\/ppdegalicia.com\/es\/wp-json\/wp\/v2\/media?parent=58407"}],"wp:term":[{"taxonomy":"category","embeddable":true,"href":"https:\/\/ppdegalicia.com\/es\/wp-json\/wp\/v2\/categories?post=58407"},{"taxonomy":"post_tag","embeddable":true,"href":"https:\/\/ppdegalicia.com\/es\/wp-json\/wp\/v2\/tags?post=58407"}],"curies":[{"name":"wp","href":"https:\/\/api.w.org\/{rel}","templated":true}]}}