{"id":58425,"date":"2023-10-21T12:58:47","date_gmt":"2023-10-21T10:58:47","guid":{"rendered":"https:\/\/ppdegalicia.com\/rueda-mostrase-en-cuntis-como-o-lider-dun-ppdeg-cos-pes-na-terra-que-ten-como-unicas-prioridades-as-dos-galegos-e-non-perde-o-tempo-en-liortas-internas\/"},"modified":"2023-10-21T12:58:47","modified_gmt":"2023-10-21T10:58:47","slug":"rueda-mostrase-en-cuntis-como-o-lider-dun-ppdeg-cos-pes-na-terra-que-ten-como-unicas-prioridades-as-dos-galegos-e-non-perde-o-tempo-en-liortas-internas","status":"publish","type":"post","link":"https:\/\/ppdegalicia.com\/es\/rueda-mostrase-en-cuntis-como-o-lider-dun-ppdeg-cos-pes-na-terra-que-ten-como-unicas-prioridades-as-dos-galegos-e-non-perde-o-tempo-en-liortas-internas\/","title":{"rendered":"Rueda m\u00f3strase en Cuntis como o l\u00edder dun PPdeG cos p\u00e9s na terra, que ten como \u00fanicas prioridades as dos galegos e non perde o tempo en liortas internas"},"content":{"rendered":"<p><img fetchpriority=\"high\" decoding=\"async\" class=\" size-full wp-image-58424\" src=\"https:\/\/ppdegalicia.com\/wp-content\/uploads\/2023\/10\/6331f8c01c5b08a4fa05fe27dd4a76d2-scaled.jpg\" alt=\"\" width=\"2560\" height=\"1707\" srcset=\"https:\/\/ppdegalicia.com\/wp-content\/uploads\/2023\/10\/6331f8c01c5b08a4fa05fe27dd4a76d2-scaled.jpg 2560w, https:\/\/ppdegalicia.com\/wp-content\/uploads\/2023\/10\/6331f8c01c5b08a4fa05fe27dd4a76d2-300x200.jpg 300w, https:\/\/ppdegalicia.com\/wp-content\/uploads\/2023\/10\/6331f8c01c5b08a4fa05fe27dd4a76d2-1024x683.jpg 1024w, https:\/\/ppdegalicia.com\/wp-content\/uploads\/2023\/10\/6331f8c01c5b08a4fa05fe27dd4a76d2-768x512.jpg 768w, https:\/\/ppdegalicia.com\/wp-content\/uploads\/2023\/10\/6331f8c01c5b08a4fa05fe27dd4a76d2-1536x1024.jpg 1536w, https:\/\/ppdegalicia.com\/wp-content\/uploads\/2023\/10\/6331f8c01c5b08a4fa05fe27dd4a76d2-2048x1365.jpg 2048w\" sizes=\"(max-width: 2560px) 100vw, 2560px\" \/><\/p>\n<p style=\"font-weight: 400;\">Logo de ter percorrido as catro provincias galegas, o autob\u00fas de \u2018Galicia non para!\u2019 volveu hoxe a Pontevedra para facer parada en Cuntis, onde Alfonso Rueda tomou nota das demandas que lle trasladaron os seus veci\u00f1os para facer que o concello avance ao ritmo que o fai Galicia, desde o \u2018sentidi\u00f1o\u2019 e a estabilidade.<\/p>\n<p><!--more--><\/p>\n<p style=\"font-weight: 400;\">Neste pequeno concello de menos de 5.000 habitantes da comarca de Caldas, o l\u00edder dos populares galegos comprobou de primeira man a importancia de facer pol\u00edticas pensadas para as persoas, vivan onde vivan, e que \u00e1 s\u00faa vez permitan o desenvolvemento econ\u00f3mico, industrial e tur\u00edstico do territorio, tal e como reflectiron os Orzamentos aprobados esta semana pola Xunta.<\/p>\n<p style=\"font-weight: 400;\">Algo que constatou ao ter a oportunidade de conversar e desfrutar desta primeira xornada da fin de semana xunto aos numerosos veci\u00f1os de Cuntis que se achegaron a \u201ctomarlle unha\u201d co presidente no autob\u00fas de \u2018Galicia non para!\u2019 aproveitando a tregua que a borrasca deixou este s\u00e1bado.<\/p>\n<p style=\"font-weight: 400;\">Rueda amosouse especialmente interesado polo gran potencial tur\u00edstico a\u00ednda por explotar deste municipio no eido termal e tam\u00e9n patrimonial, ao contar cun dos mellores s\u00edmbolo do pasado celta de Galicia no xacemento arqueol\u00f3xico de Castroland\u00edn.<\/p>\n<p style=\"font-weight: 400;\">Pola s\u00faa banda, entre os temas recorrentes desta ma\u00f1\u00e1 estivo a idea xeralizada de que Cuntis funcionar\u00eda mellor se estivera gobernado polo PP, como a Xunta e a maior\u00eda dos municipios da comarca. As\u00ed mesmo, os veci\u00f1os amosaron a s\u00faa preocupaci\u00f3n pola situaci\u00f3n do pol\u00edgono industrial, que non acaba de arrancar.<\/p>\n<p style=\"font-weight: 400;\">Unha das protagonistas da xornada foi a pequena Valentina, que deixou a vergo\u00f1a a un lado para regalarlle a Alfonso Rueda un debuxo que ela mesma fixo nun dos posavasos do autob\u00fas de \u2018Galicia non para!\u2019.<\/p>\n<p style=\"font-weight: 400;\">A imaxe do l\u00edder dos populares galegos hoxe sen d\u00fabida era o mellor reflexo de que o PPdeG \u00e9 un partido cos p\u00e9s na terra, centrado no avance de Galicia e que ten como \u00fanicas prioridades as dos galegos e as galegas. Un partido que non perde o tempo en liortas internas e que cada d\u00eda est\u00e1 m\u00e1is preparado para acadar a primeira maior\u00eda absoluta de Alfonso Rueda.<\/p>\n<p style=\"font-weight: 400;\"><strong><u>ALFONSO RUEDA SEGUE EN RUTA<\/u><\/strong><\/p>\n<p style=\"font-weight: 400;\">Tras os exitosos encontros que previamente mantivera coa veci\u00f1anza de Bandeira, Portomar\u00edn, Porto do Son e Bande, o presidente Rueda segue as\u00ed afondando nos problemas reais dos galegos, as s\u00faas impresi\u00f3ns, suxesti\u00f3ns e inquedanzas.<\/p>\n<p style=\"font-weight: 400;\">Algo para o que tam\u00e9n se puxo en marcha a p\u00e1xina web\u00a0<a href=\"https:\/\/rueda.gal\/\" data-saferedirecturl=\"https:\/\/www.google.com\/url?q=https:\/\/rueda.gal\/&amp;source=gmail&amp;ust=1698057335021000&amp;usg=AOvVaw0ja_gZGVVzVJMen7m2ykUf\">rueda.gal<\/a>; a trav\u00e9s da cal todo aquel que o desexe poder\u00e1 trasladarlle ao presidente Alfonso Rueda todo aquilo que lle preocupa, que vai ben e o que \u00e9 posible mellorar.<\/p>\n<p style=\"font-weight: 400;\">Deste xeito, aquelas persoas que non poidan achegarse de xeito presencial aos lugares onde estea instalado o autob\u00fas de \u2018Galicia non para!\u2019, poder\u00e1n facer chegar as s\u00faas suxesti\u00f3ns a trav\u00e9s da web (\u00e1 que se pode acceder tam\u00e9n a trav\u00e9s dun c\u00f3digo QR impreso nos posavasos que se reparten no autocar).<\/p>\n<p style=\"font-weight: 400;\">Ao longo dos vindeiros d\u00edas e semanas, o autocar continuar\u00e1 a s\u00faa viaxe por diversos concellos das catro provincias galegas.<\/p>\n","protected":false},"excerpt":{"rendered":"<p>Logo de ter percorrido as catro provincias galegas, o autob\u00fas de \u2018Galicia non para!\u2019 volveu hoxe a Pontevedra para facer parada en Cuntis, onde Alfonso Rueda tomou nota das demandas que lle trasladaron os seus veci\u00f1os para facer que o concello avance ao ritmo que o fai Galicia, desde o \u2018sentidi\u00f1o\u2019 e a estabilidade.<\/p>\n","protected":false},"author":38,"featured_media":58424,"comment_status":"open","ping_status":"open","sticky":false,"template":"","format":"standard","meta":{"_acf_changed":false,"footnotes":""},"categories":[1],"tags":[],"class_list":["post-58425","post","type-post","status-publish","format-standard","has-post-thumbnail","hentry","category-pp-de-galicia"],"acf":[],"yoast_head":"<!-- This site is optimized with the Yoast SEO plugin v27.3 - https:\/\/yoast.com\/product\/yoast-seo-wordpress\/ -->\n<title>Rueda m\u00f3strase en Cuntis como o l\u00edder dun PPdeG cos p\u00e9s na terra, que ten como \u00fanicas prioridades as dos galegos e non perde o tempo en liortas internas - PP de Galicia<\/title>\n<meta name=\"robots\" content=\"index, follow, max-snippet:-1, max-image-preview:large, max-video-preview:-1\" \/>\n<link rel=\"canonical\" href=\"https:\/\/ppdegalicia.com\/es\/rueda-mostrase-en-cuntis-como-o-lider-dun-ppdeg-cos-pes-na-terra-que-ten-como-unicas-prioridades-as-dos-galegos-e-non-perde-o-tempo-en-liortas-internas\/\" \/>\n<meta property=\"og:locale\" content=\"es_ES\" \/>\n<meta property=\"og:type\" content=\"article\" \/>\n<meta property=\"og:title\" content=\"Rueda m\u00f3strase en Cuntis como o l\u00edder dun PPdeG cos p\u00e9s na terra, que ten como \u00fanicas prioridades as dos galegos e non perde o tempo en liortas internas - PP de Galicia\" \/>\n<meta property=\"og:description\" content=\"Logo de ter percorrido as catro provincias galegas, o autob\u00fas de \u2018Galicia non para!\u2019 volveu hoxe a Pontevedra para facer parada en Cuntis, onde Alfonso Rueda tomou nota das demandas que lle trasladaron os seus veci\u00f1os para facer que o concello avance ao ritmo que o fai Galicia, desde o \u2018sentidi\u00f1o\u2019 e a estabilidade.\" \/>\n<meta property=\"og:url\" content=\"https:\/\/ppdegalicia.com\/es\/rueda-mostrase-en-cuntis-como-o-lider-dun-ppdeg-cos-pes-na-terra-que-ten-como-unicas-prioridades-as-dos-galegos-e-non-perde-o-tempo-en-liortas-internas\/\" \/>\n<meta property=\"og:site_name\" content=\"PP de Galicia\" \/>\n<meta property=\"article:publisher\" content=\"https:\/\/www.instagram.com\/ppdegalicia\/\" \/>\n<meta property=\"article:published_time\" content=\"2023-10-21T10:58:47+00:00\" \/>\n<meta property=\"og:image\" content=\"https:\/\/ppdegalicia.com\/wp-content\/uploads\/2023\/10\/6331f8c01c5b08a4fa05fe27dd4a76d2-scaled.jpg\" \/>\n\t<meta property=\"og:image:width\" content=\"2560\" \/>\n\t<meta property=\"og:image:height\" content=\"1707\" \/>\n\t<meta property=\"og:image:type\" content=\"image\/jpeg\" \/>\n<meta name=\"author\" content=\"ppdegaliciaredes\" \/>\n<meta name=\"twitter:card\" content=\"summary_large_image\" \/>\n<meta name=\"twitter:creator\" content=\"@ppdegalicia\" \/>\n<meta name=\"twitter:site\" content=\"@ppdegalicia\" \/>\n<meta name=\"twitter:label1\" content=\"Escrito por\" \/>\n\t<meta name=\"twitter:data1\" content=\"ppdegaliciaredes\" \/>\n\t<meta name=\"twitter:label2\" content=\"Tiempo de lectura\" \/>\n\t<meta name=\"twitter:data2\" content=\"3 minutos\" \/>\n<script type=\"application\/ld+json\" class=\"yoast-schema-graph\">{\"@context\":\"https:\\\/\\\/schema.org\",\"@graph\":[{\"@type\":\"Article\",\"@id\":\"https:\\\/\\\/ppdegalicia.com\\\/es\\\/rueda-mostrase-en-cuntis-como-o-lider-dun-ppdeg-cos-pes-na-terra-que-ten-como-unicas-prioridades-as-dos-galegos-e-non-perde-o-tempo-en-liortas-internas\\\/#article\",\"isPartOf\":{\"@id\":\"https:\\\/\\\/ppdegalicia.com\\\/es\\\/rueda-mostrase-en-cuntis-como-o-lider-dun-ppdeg-cos-pes-na-terra-que-ten-como-unicas-prioridades-as-dos-galegos-e-non-perde-o-tempo-en-liortas-internas\\\/\"},\"author\":{\"name\":\"ppdegaliciaredes\",\"@id\":\"https:\\\/\\\/ppdegalicia.com\\\/es\\\/#\\\/schema\\\/person\\\/5b822c6f59e872ebdd1142f307dbcb59\"},\"headline\":\"Rueda m\u00f3strase en Cuntis como o l\u00edder dun PPdeG cos p\u00e9s na terra, que ten como \u00fanicas prioridades as dos galegos e non perde o tempo en liortas internas\",\"datePublished\":\"2023-10-21T10:58:47+00:00\",\"mainEntityOfPage\":{\"@id\":\"https:\\\/\\\/ppdegalicia.com\\\/es\\\/rueda-mostrase-en-cuntis-como-o-lider-dun-ppdeg-cos-pes-na-terra-que-ten-como-unicas-prioridades-as-dos-galegos-e-non-perde-o-tempo-en-liortas-internas\\\/\"},\"wordCount\":580,\"commentCount\":0,\"publisher\":{\"@id\":\"https:\\\/\\\/ppdegalicia.com\\\/es\\\/#organization\"},\"image\":{\"@id\":\"https:\\\/\\\/ppdegalicia.com\\\/es\\\/rueda-mostrase-en-cuntis-como-o-lider-dun-ppdeg-cos-pes-na-terra-que-ten-como-unicas-prioridades-as-dos-galegos-e-non-perde-o-tempo-en-liortas-internas\\\/#primaryimage\"},\"thumbnailUrl\":\"https:\\\/\\\/ppdegalicia.com\\\/wp-content\\\/uploads\\\/2023\\\/10\\\/6331f8c01c5b08a4fa05fe27dd4a76d2-scaled.jpg\",\"articleSection\":[\"PP de Galicia\"],\"inLanguage\":\"es\",\"potentialAction\":[{\"@type\":\"CommentAction\",\"name\":\"Comment\",\"target\":[\"https:\\\/\\\/ppdegalicia.com\\\/es\\\/rueda-mostrase-en-cuntis-como-o-lider-dun-ppdeg-cos-pes-na-terra-que-ten-como-unicas-prioridades-as-dos-galegos-e-non-perde-o-tempo-en-liortas-internas\\\/#respond\"]}]},{\"@type\":\"WebPage\",\"@id\":\"https:\\\/\\\/ppdegalicia.com\\\/es\\\/rueda-mostrase-en-cuntis-como-o-lider-dun-ppdeg-cos-pes-na-terra-que-ten-como-unicas-prioridades-as-dos-galegos-e-non-perde-o-tempo-en-liortas-internas\\\/\",\"url\":\"https:\\\/\\\/ppdegalicia.com\\\/es\\\/rueda-mostrase-en-cuntis-como-o-lider-dun-ppdeg-cos-pes-na-terra-que-ten-como-unicas-prioridades-as-dos-galegos-e-non-perde-o-tempo-en-liortas-internas\\\/\",\"name\":\"Rueda m\u00f3strase en Cuntis como o l\u00edder dun PPdeG cos p\u00e9s na terra, que ten como \u00fanicas prioridades as dos galegos e non perde o tempo en liortas internas - PP de Galicia\",\"isPartOf\":{\"@id\":\"https:\\\/\\\/ppdegalicia.com\\\/es\\\/#website\"},\"primaryImageOfPage\":{\"@id\":\"https:\\\/\\\/ppdegalicia.com\\\/es\\\/rueda-mostrase-en-cuntis-como-o-lider-dun-ppdeg-cos-pes-na-terra-que-ten-como-unicas-prioridades-as-dos-galegos-e-non-perde-o-tempo-en-liortas-internas\\\/#primaryimage\"},\"image\":{\"@id\":\"https:\\\/\\\/ppdegalicia.com\\\/es\\\/rueda-mostrase-en-cuntis-como-o-lider-dun-ppdeg-cos-pes-na-terra-que-ten-como-unicas-prioridades-as-dos-galegos-e-non-perde-o-tempo-en-liortas-internas\\\/#primaryimage\"},\"thumbnailUrl\":\"https:\\\/\\\/ppdegalicia.com\\\/wp-content\\\/uploads\\\/2023\\\/10\\\/6331f8c01c5b08a4fa05fe27dd4a76d2-scaled.jpg\",\"datePublished\":\"2023-10-21T10:58:47+00:00\",\"breadcrumb\":{\"@id\":\"https:\\\/\\\/ppdegalicia.com\\\/es\\\/rueda-mostrase-en-cuntis-como-o-lider-dun-ppdeg-cos-pes-na-terra-que-ten-como-unicas-prioridades-as-dos-galegos-e-non-perde-o-tempo-en-liortas-internas\\\/#breadcrumb\"},\"inLanguage\":\"es\",\"potentialAction\":[{\"@type\":\"ReadAction\",\"target\":[\"https:\\\/\\\/ppdegalicia.com\\\/es\\\/rueda-mostrase-en-cuntis-como-o-lider-dun-ppdeg-cos-pes-na-terra-que-ten-como-unicas-prioridades-as-dos-galegos-e-non-perde-o-tempo-en-liortas-internas\\\/\"]}]},{\"@type\":\"ImageObject\",\"inLanguage\":\"es\",\"@id\":\"https:\\\/\\\/ppdegalicia.com\\\/es\\\/rueda-mostrase-en-cuntis-como-o-lider-dun-ppdeg-cos-pes-na-terra-que-ten-como-unicas-prioridades-as-dos-galegos-e-non-perde-o-tempo-en-liortas-internas\\\/#primaryimage\",\"url\":\"https:\\\/\\\/ppdegalicia.com\\\/wp-content\\\/uploads\\\/2023\\\/10\\\/6331f8c01c5b08a4fa05fe27dd4a76d2-scaled.jpg\",\"contentUrl\":\"https:\\\/\\\/ppdegalicia.com\\\/wp-content\\\/uploads\\\/2023\\\/10\\\/6331f8c01c5b08a4fa05fe27dd4a76d2-scaled.jpg\",\"width\":2560,\"height\":1707},{\"@type\":\"BreadcrumbList\",\"@id\":\"https:\\\/\\\/ppdegalicia.com\\\/es\\\/rueda-mostrase-en-cuntis-como-o-lider-dun-ppdeg-cos-pes-na-terra-que-ten-como-unicas-prioridades-as-dos-galegos-e-non-perde-o-tempo-en-liortas-internas\\\/#breadcrumb\",\"itemListElement\":[{\"@type\":\"ListItem\",\"position\":1,\"name\":\"Portada\",\"item\":\"https:\\\/\\\/ppdegalicia.com\\\/es\\\/\"},{\"@type\":\"ListItem\",\"position\":2,\"name\":\"Rueda m\u00f3strase en Cuntis como o l\u00edder dun PPdeG cos p\u00e9s na terra, que ten como \u00fanicas prioridades as dos galegos e non perde o tempo en liortas internas\"}]},{\"@type\":\"WebSite\",\"@id\":\"https:\\\/\\\/ppdegalicia.com\\\/es\\\/#website\",\"url\":\"https:\\\/\\\/ppdegalicia.com\\\/es\\\/\",\"name\":\"Partido Popular de Galicia\",\"description\":\"Partido Popular de Galicia\",\"publisher\":{\"@id\":\"https:\\\/\\\/ppdegalicia.com\\\/es\\\/#organization\"},\"alternateName\":\"PP de Galicia\",\"potentialAction\":[{\"@type\":\"SearchAction\",\"target\":{\"@type\":\"EntryPoint\",\"urlTemplate\":\"https:\\\/\\\/ppdegalicia.com\\\/es\\\/?s={search_term_string}\"},\"query-input\":{\"@type\":\"PropertyValueSpecification\",\"valueRequired\":true,\"valueName\":\"search_term_string\"}}],\"inLanguage\":\"es\"},{\"@type\":\"Organization\",\"@id\":\"https:\\\/\\\/ppdegalicia.com\\\/es\\\/#organization\",\"name\":\"Partido Popular de Galicia\",\"alternateName\":\"PP de Galicia\",\"url\":\"https:\\\/\\\/ppdegalicia.com\\\/es\\\/\",\"logo\":{\"@type\":\"ImageObject\",\"inLanguage\":\"es\",\"@id\":\"https:\\\/\\\/ppdegalicia.com\\\/es\\\/#\\\/schema\\\/logo\\\/image\\\/\",\"url\":\"https:\\\/\\\/ppdegalicia.com\\\/wp-content\\\/uploads\\\/2023\\\/04\\\/logoPP512.png\",\"contentUrl\":\"https:\\\/\\\/ppdegalicia.com\\\/wp-content\\\/uploads\\\/2023\\\/04\\\/logoPP512.png\",\"width\":512,\"height\":512,\"caption\":\"Partido Popular de Galicia\"},\"image\":{\"@id\":\"https:\\\/\\\/ppdegalicia.com\\\/es\\\/#\\\/schema\\\/logo\\\/image\\\/\"},\"sameAs\":[\"https:\\\/\\\/www.instagram.com\\\/ppdegalicia\\\/\",\"https:\\\/\\\/x.com\\\/ppdegalicia\",\"https:\\\/\\\/www.tiktok.com\\\/@ppdegalicia\",\"https:\\\/\\\/www.youtube.com\\\/user\\\/ppdegalicia\"]},{\"@type\":\"Person\",\"@id\":\"https:\\\/\\\/ppdegalicia.com\\\/es\\\/#\\\/schema\\\/person\\\/5b822c6f59e872ebdd1142f307dbcb59\",\"name\":\"ppdegaliciaredes\",\"image\":{\"@type\":\"ImageObject\",\"inLanguage\":\"es\",\"@id\":\"https:\\\/\\\/secure.gravatar.com\\\/avatar\\\/3c9179cf0256d00c72a48d1f25783c58b6842cd56e85ef3a572881c8e28ccd59?s=96&d=mm&r=g\",\"url\":\"https:\\\/\\\/secure.gravatar.com\\\/avatar\\\/3c9179cf0256d00c72a48d1f25783c58b6842cd56e85ef3a572881c8e28ccd59?s=96&d=mm&r=g\",\"contentUrl\":\"https:\\\/\\\/secure.gravatar.com\\\/avatar\\\/3c9179cf0256d00c72a48d1f25783c58b6842cd56e85ef3a572881c8e28ccd59?s=96&d=mm&r=g\",\"caption\":\"ppdegaliciaredes\"},\"url\":\"https:\\\/\\\/ppdegalicia.com\\\/es\\\/author\\\/ppdegaliciaredes\\\/\"}]}<\/script>\n<!-- \/ Yoast SEO plugin. -->","yoast_head_json":{"title":"Rueda m\u00f3strase en Cuntis como o l\u00edder dun PPdeG cos p\u00e9s na terra, que ten como \u00fanicas prioridades as dos galegos e non perde o tempo en liortas internas - PP de Galicia","robots":{"index":"index","follow":"follow","max-snippet":"max-snippet:-1","max-image-preview":"max-image-preview:large","max-video-preview":"max-video-preview:-1"},"canonical":"https:\/\/ppdegalicia.com\/es\/rueda-mostrase-en-cuntis-como-o-lider-dun-ppdeg-cos-pes-na-terra-que-ten-como-unicas-prioridades-as-dos-galegos-e-non-perde-o-tempo-en-liortas-internas\/","og_locale":"es_ES","og_type":"article","og_title":"Rueda m\u00f3strase en Cuntis como o l\u00edder dun PPdeG cos p\u00e9s na terra, que ten como \u00fanicas prioridades as dos galegos e non perde o tempo en liortas internas - PP de Galicia","og_description":"Logo de ter percorrido as catro provincias galegas, o autob\u00fas de \u2018Galicia non para!\u2019 volveu hoxe a Pontevedra para facer parada en Cuntis, onde Alfonso Rueda tomou nota das demandas que lle trasladaron os seus veci\u00f1os para facer que o concello avance ao ritmo que o fai Galicia, desde o \u2018sentidi\u00f1o\u2019 e a estabilidade.","og_url":"https:\/\/ppdegalicia.com\/es\/rueda-mostrase-en-cuntis-como-o-lider-dun-ppdeg-cos-pes-na-terra-que-ten-como-unicas-prioridades-as-dos-galegos-e-non-perde-o-tempo-en-liortas-internas\/","og_site_name":"PP de Galicia","article_publisher":"https:\/\/www.instagram.com\/ppdegalicia\/","article_published_time":"2023-10-21T10:58:47+00:00","og_image":[{"width":2560,"height":1707,"url":"https:\/\/ppdegalicia.com\/wp-content\/uploads\/2023\/10\/6331f8c01c5b08a4fa05fe27dd4a76d2-scaled.jpg","type":"image\/jpeg"}],"author":"ppdegaliciaredes","twitter_card":"summary_large_image","twitter_creator":"@ppdegalicia","twitter_site":"@ppdegalicia","twitter_misc":{"Escrito por":"ppdegaliciaredes","Tiempo de lectura":"3 minutos"},"schema":{"@context":"https:\/\/schema.org","@graph":[{"@type":"Article","@id":"https:\/\/ppdegalicia.com\/es\/rueda-mostrase-en-cuntis-como-o-lider-dun-ppdeg-cos-pes-na-terra-que-ten-como-unicas-prioridades-as-dos-galegos-e-non-perde-o-tempo-en-liortas-internas\/#article","isPartOf":{"@id":"https:\/\/ppdegalicia.com\/es\/rueda-mostrase-en-cuntis-como-o-lider-dun-ppdeg-cos-pes-na-terra-que-ten-como-unicas-prioridades-as-dos-galegos-e-non-perde-o-tempo-en-liortas-internas\/"},"author":{"name":"ppdegaliciaredes","@id":"https:\/\/ppdegalicia.com\/es\/#\/schema\/person\/5b822c6f59e872ebdd1142f307dbcb59"},"headline":"Rueda m\u00f3strase en Cuntis como o l\u00edder dun PPdeG cos p\u00e9s na terra, que ten como \u00fanicas prioridades as dos galegos e non perde o tempo en liortas internas","datePublished":"2023-10-21T10:58:47+00:00","mainEntityOfPage":{"@id":"https:\/\/ppdegalicia.com\/es\/rueda-mostrase-en-cuntis-como-o-lider-dun-ppdeg-cos-pes-na-terra-que-ten-como-unicas-prioridades-as-dos-galegos-e-non-perde-o-tempo-en-liortas-internas\/"},"wordCount":580,"commentCount":0,"publisher":{"@id":"https:\/\/ppdegalicia.com\/es\/#organization"},"image":{"@id":"https:\/\/ppdegalicia.com\/es\/rueda-mostrase-en-cuntis-como-o-lider-dun-ppdeg-cos-pes-na-terra-que-ten-como-unicas-prioridades-as-dos-galegos-e-non-perde-o-tempo-en-liortas-internas\/#primaryimage"},"thumbnailUrl":"https:\/\/ppdegalicia.com\/wp-content\/uploads\/2023\/10\/6331f8c01c5b08a4fa05fe27dd4a76d2-scaled.jpg","articleSection":["PP de Galicia"],"inLanguage":"es","potentialAction":[{"@type":"CommentAction","name":"Comment","target":["https:\/\/ppdegalicia.com\/es\/rueda-mostrase-en-cuntis-como-o-lider-dun-ppdeg-cos-pes-na-terra-que-ten-como-unicas-prioridades-as-dos-galegos-e-non-perde-o-tempo-en-liortas-internas\/#respond"]}]},{"@type":"WebPage","@id":"https:\/\/ppdegalicia.com\/es\/rueda-mostrase-en-cuntis-como-o-lider-dun-ppdeg-cos-pes-na-terra-que-ten-como-unicas-prioridades-as-dos-galegos-e-non-perde-o-tempo-en-liortas-internas\/","url":"https:\/\/ppdegalicia.com\/es\/rueda-mostrase-en-cuntis-como-o-lider-dun-ppdeg-cos-pes-na-terra-que-ten-como-unicas-prioridades-as-dos-galegos-e-non-perde-o-tempo-en-liortas-internas\/","name":"Rueda m\u00f3strase en Cuntis como o l\u00edder dun PPdeG cos p\u00e9s na terra, que ten como \u00fanicas prioridades as dos galegos e non perde o tempo en liortas internas - PP de Galicia","isPartOf":{"@id":"https:\/\/ppdegalicia.com\/es\/#website"},"primaryImageOfPage":{"@id":"https:\/\/ppdegalicia.com\/es\/rueda-mostrase-en-cuntis-como-o-lider-dun-ppdeg-cos-pes-na-terra-que-ten-como-unicas-prioridades-as-dos-galegos-e-non-perde-o-tempo-en-liortas-internas\/#primaryimage"},"image":{"@id":"https:\/\/ppdegalicia.com\/es\/rueda-mostrase-en-cuntis-como-o-lider-dun-ppdeg-cos-pes-na-terra-que-ten-como-unicas-prioridades-as-dos-galegos-e-non-perde-o-tempo-en-liortas-internas\/#primaryimage"},"thumbnailUrl":"https:\/\/ppdegalicia.com\/wp-content\/uploads\/2023\/10\/6331f8c01c5b08a4fa05fe27dd4a76d2-scaled.jpg","datePublished":"2023-10-21T10:58:47+00:00","breadcrumb":{"@id":"https:\/\/ppdegalicia.com\/es\/rueda-mostrase-en-cuntis-como-o-lider-dun-ppdeg-cos-pes-na-terra-que-ten-como-unicas-prioridades-as-dos-galegos-e-non-perde-o-tempo-en-liortas-internas\/#breadcrumb"},"inLanguage":"es","potentialAction":[{"@type":"ReadAction","target":["https:\/\/ppdegalicia.com\/es\/rueda-mostrase-en-cuntis-como-o-lider-dun-ppdeg-cos-pes-na-terra-que-ten-como-unicas-prioridades-as-dos-galegos-e-non-perde-o-tempo-en-liortas-internas\/"]}]},{"@type":"ImageObject","inLanguage":"es","@id":"https:\/\/ppdegalicia.com\/es\/rueda-mostrase-en-cuntis-como-o-lider-dun-ppdeg-cos-pes-na-terra-que-ten-como-unicas-prioridades-as-dos-galegos-e-non-perde-o-tempo-en-liortas-internas\/#primaryimage","url":"https:\/\/ppdegalicia.com\/wp-content\/uploads\/2023\/10\/6331f8c01c5b08a4fa05fe27dd4a76d2-scaled.jpg","contentUrl":"https:\/\/ppdegalicia.com\/wp-content\/uploads\/2023\/10\/6331f8c01c5b08a4fa05fe27dd4a76d2-scaled.jpg","width":2560,"height":1707},{"@type":"BreadcrumbList","@id":"https:\/\/ppdegalicia.com\/es\/rueda-mostrase-en-cuntis-como-o-lider-dun-ppdeg-cos-pes-na-terra-que-ten-como-unicas-prioridades-as-dos-galegos-e-non-perde-o-tempo-en-liortas-internas\/#breadcrumb","itemListElement":[{"@type":"ListItem","position":1,"name":"Portada","item":"https:\/\/ppdegalicia.com\/es\/"},{"@type":"ListItem","position":2,"name":"Rueda m\u00f3strase en Cuntis como o l\u00edder dun PPdeG cos p\u00e9s na terra, que ten como \u00fanicas prioridades as dos galegos e non perde o tempo en liortas internas"}]},{"@type":"WebSite","@id":"https:\/\/ppdegalicia.com\/es\/#website","url":"https:\/\/ppdegalicia.com\/es\/","name":"Partido Popular de Galicia","description":"Partido Popular de Galicia","publisher":{"@id":"https:\/\/ppdegalicia.com\/es\/#organization"},"alternateName":"PP de Galicia","potentialAction":[{"@type":"SearchAction","target":{"@type":"EntryPoint","urlTemplate":"https:\/\/ppdegalicia.com\/es\/?s={search_term_string}"},"query-input":{"@type":"PropertyValueSpecification","valueRequired":true,"valueName":"search_term_string"}}],"inLanguage":"es"},{"@type":"Organization","@id":"https:\/\/ppdegalicia.com\/es\/#organization","name":"Partido Popular de Galicia","alternateName":"PP de Galicia","url":"https:\/\/ppdegalicia.com\/es\/","logo":{"@type":"ImageObject","inLanguage":"es","@id":"https:\/\/ppdegalicia.com\/es\/#\/schema\/logo\/image\/","url":"https:\/\/ppdegalicia.com\/wp-content\/uploads\/2023\/04\/logoPP512.png","contentUrl":"https:\/\/ppdegalicia.com\/wp-content\/uploads\/2023\/04\/logoPP512.png","width":512,"height":512,"caption":"Partido Popular de Galicia"},"image":{"@id":"https:\/\/ppdegalicia.com\/es\/#\/schema\/logo\/image\/"},"sameAs":["https:\/\/www.instagram.com\/ppdegalicia\/","https:\/\/x.com\/ppdegalicia","https:\/\/www.tiktok.com\/@ppdegalicia","https:\/\/www.youtube.com\/user\/ppdegalicia"]},{"@type":"Person","@id":"https:\/\/ppdegalicia.com\/es\/#\/schema\/person\/5b822c6f59e872ebdd1142f307dbcb59","name":"ppdegaliciaredes","image":{"@type":"ImageObject","inLanguage":"es","@id":"https:\/\/secure.gravatar.com\/avatar\/3c9179cf0256d00c72a48d1f25783c58b6842cd56e85ef3a572881c8e28ccd59?s=96&d=mm&r=g","url":"https:\/\/secure.gravatar.com\/avatar\/3c9179cf0256d00c72a48d1f25783c58b6842cd56e85ef3a572881c8e28ccd59?s=96&d=mm&r=g","contentUrl":"https:\/\/secure.gravatar.com\/avatar\/3c9179cf0256d00c72a48d1f25783c58b6842cd56e85ef3a572881c8e28ccd59?s=96&d=mm&r=g","caption":"ppdegaliciaredes"},"url":"https:\/\/ppdegalicia.com\/es\/author\/ppdegaliciaredes\/"}]}},"_links":{"self":[{"href":"https:\/\/ppdegalicia.com\/es\/wp-json\/wp\/v2\/posts\/58425","targetHints":{"allow":["GET"]}}],"collection":[{"href":"https:\/\/ppdegalicia.com\/es\/wp-json\/wp\/v2\/posts"}],"about":[{"href":"https:\/\/ppdegalicia.com\/es\/wp-json\/wp\/v2\/types\/post"}],"author":[{"embeddable":true,"href":"https:\/\/ppdegalicia.com\/es\/wp-json\/wp\/v2\/users\/38"}],"replies":[{"embeddable":true,"href":"https:\/\/ppdegalicia.com\/es\/wp-json\/wp\/v2\/comments?post=58425"}],"version-history":[{"count":0,"href":"https:\/\/ppdegalicia.com\/es\/wp-json\/wp\/v2\/posts\/58425\/revisions"}],"wp:featuredmedia":[{"embeddable":true,"href":"https:\/\/ppdegalicia.com\/es\/wp-json\/wp\/v2\/media\/58424"}],"wp:attachment":[{"href":"https:\/\/ppdegalicia.com\/es\/wp-json\/wp\/v2\/media?parent=58425"}],"wp:term":[{"taxonomy":"category","embeddable":true,"href":"https:\/\/ppdegalicia.com\/es\/wp-json\/wp\/v2\/categories?post=58425"},{"taxonomy":"post_tag","embeddable":true,"href":"https:\/\/ppdegalicia.com\/es\/wp-json\/wp\/v2\/tags?post=58425"}],"curies":[{"name":"wp","href":"https:\/\/api.w.org\/{rel}","templated":true}]}}