{"id":58427,"date":"2023-10-24T10:41:42","date_gmt":"2023-10-24T08:41:42","guid":{"rendered":"https:\/\/ppdegalicia.com\/nicole-grueira-e-proclamada-candidata-unica-a-presidir-novas-xeracion-de-galicia-despois-de-cuadriplicar-o-numero-de-avais-necesarios\/"},"modified":"2023-10-24T10:41:42","modified_gmt":"2023-10-24T08:41:42","slug":"nicole-grueira-e-proclamada-candidata-unica-a-presidir-novas-xeracion-de-galicia-despois-de-cuadriplicar-o-numero-de-avais-necesarios","status":"publish","type":"post","link":"https:\/\/ppdegalicia.com\/es\/nicole-grueira-e-proclamada-candidata-unica-a-presidir-novas-xeracion-de-galicia-despois-de-cuadriplicar-o-numero-de-avais-necesarios\/","title":{"rendered":"Nicole Grueira \u00e9 proclamada candidata \u00fanica a presidir Novas Xeraci\u00f3n de Galicia despois de cuadriplicar o n\u00famero de avais necesarios"},"content":{"rendered":"<p><img fetchpriority=\"high\" decoding=\"async\" class=\" size-full wp-image-58426\" src=\"https:\/\/ppdegalicia.com\/wp-content\/uploads\/2023\/10\/d3974d6a4f0ebcd7bfb05bbbcf3f6797-scaled.jpg\" alt=\"\" width=\"2560\" height=\"1707\" srcset=\"https:\/\/ppdegalicia.com\/wp-content\/uploads\/2023\/10\/d3974d6a4f0ebcd7bfb05bbbcf3f6797-scaled.jpg 2560w, https:\/\/ppdegalicia.com\/wp-content\/uploads\/2023\/10\/d3974d6a4f0ebcd7bfb05bbbcf3f6797-300x200.jpg 300w, https:\/\/ppdegalicia.com\/wp-content\/uploads\/2023\/10\/d3974d6a4f0ebcd7bfb05bbbcf3f6797-1024x683.jpg 1024w, https:\/\/ppdegalicia.com\/wp-content\/uploads\/2023\/10\/d3974d6a4f0ebcd7bfb05bbbcf3f6797-768x512.jpg 768w, https:\/\/ppdegalicia.com\/wp-content\/uploads\/2023\/10\/d3974d6a4f0ebcd7bfb05bbbcf3f6797-1536x1024.jpg 1536w, https:\/\/ppdegalicia.com\/wp-content\/uploads\/2023\/10\/d3974d6a4f0ebcd7bfb05bbbcf3f6797-2048x1365.jpg 2048w\" sizes=\"(max-width: 2560px) 100vw, 2560px\" \/><\/p>\n<p>Nicole Grueira v\u00e9n de ser proclamada candidata \u00fanica a presidir Novas Xeraci\u00f3ns de Galicia despois de facer entrega onte de m\u00e1is de 350 avais, catro veces m\u00e1is que os 90 requiridos como m\u00ednimo, de membros da organizaci\u00f3n das catro provincias. \u00a0<\/p>\n<p><!--more--><\/p>\n<p>A candidata oficial \u00e1 presidencia da organizaci\u00f3n pol\u00edtico-xuvenil do PPdeG, nacida en Pol hai 22 anos, entregou onte estes avais ante a Comisi\u00f3n Organizadora do Congreso que se celebrar\u00e1 o pr\u00f3ximo 18 de novembro.<\/p>\n<p>Tal e como establece o Regulamento do XI Congreso de Novas Xeraci\u00f3ns de Galicia, unha vez formalizada a candidatura mediante a entrega de avais, a partir deste xoves 26 de outubro e ata o 2 de novembro ter\u00e1 lugar unha campa\u00f1a interna para a recollida de apoios e a presentaci\u00f3n do proxecto co que Grueira aspira a liderar a organizaci\u00f3n.<\/p>\n<p>\u201cPres\u00e9ntome con ganas, ilusi\u00f3n e responsabilidade para continuar o traballo exemplar realizado por Adri\u00e1n Pardo e o seu equipo ao longo destes anos cun obxectivo claro: continuar traballando pola mocidade galega, polos seus intereses e pola potenciaci\u00f3n do seu papel na sociedade\u201d, afirmou a candidata no momento de presentar a s\u00faa candidatura.<\/p>\n","protected":false},"excerpt":{"rendered":"<p>Nicole Grueira v\u00e9n de ser proclamada candidata \u00fanica a presidir Novas Xeraci\u00f3ns de Galicia despois de facer entrega onte de m\u00e1is de 350 avais, catro veces m\u00e1is que os 90 requiridos como m\u00ednimo, de membros da organizaci\u00f3n das catro provincias. \u00a0<\/p>\n","protected":false},"author":38,"featured_media":58426,"comment_status":"open","ping_status":"open","sticky":false,"template":"","format":"standard","meta":{"_acf_changed":false,"footnotes":""},"categories":[1],"tags":[],"class_list":["post-58427","post","type-post","status-publish","format-standard","has-post-thumbnail","hentry","category-pp-de-galicia"],"acf":[],"yoast_head":"<!-- This site is optimized with the Yoast SEO plugin v27.3 - https:\/\/yoast.com\/product\/yoast-seo-wordpress\/ -->\n<title>Nicole Grueira \u00e9 proclamada candidata \u00fanica a presidir Novas Xeraci\u00f3n de Galicia despois de cuadriplicar o n\u00famero de avais necesarios - PP de Galicia<\/title>\n<meta name=\"robots\" content=\"index, follow, max-snippet:-1, max-image-preview:large, max-video-preview:-1\" \/>\n<link rel=\"canonical\" href=\"https:\/\/ppdegalicia.com\/es\/nicole-grueira-e-proclamada-candidata-unica-a-presidir-novas-xeracion-de-galicia-despois-de-cuadriplicar-o-numero-de-avais-necesarios\/\" \/>\n<meta property=\"og:locale\" content=\"es_ES\" \/>\n<meta property=\"og:type\" content=\"article\" \/>\n<meta property=\"og:title\" content=\"Nicole Grueira \u00e9 proclamada candidata \u00fanica a presidir Novas Xeraci\u00f3n de Galicia despois de cuadriplicar o n\u00famero de avais necesarios - PP de Galicia\" \/>\n<meta property=\"og:description\" content=\"Nicole Grueira v\u00e9n de ser proclamada candidata \u00fanica a presidir Novas Xeraci\u00f3ns de Galicia despois de facer entrega onte de m\u00e1is de 350 avais, catro veces m\u00e1is que os 90 requiridos como m\u00ednimo, de membros da organizaci\u00f3n das catro provincias. \u00a0\" \/>\n<meta property=\"og:url\" content=\"https:\/\/ppdegalicia.com\/es\/nicole-grueira-e-proclamada-candidata-unica-a-presidir-novas-xeracion-de-galicia-despois-de-cuadriplicar-o-numero-de-avais-necesarios\/\" \/>\n<meta property=\"og:site_name\" content=\"PP de Galicia\" \/>\n<meta property=\"article:publisher\" content=\"https:\/\/www.instagram.com\/ppdegalicia\/\" \/>\n<meta property=\"article:published_time\" content=\"2023-10-24T08:41:42+00:00\" \/>\n<meta property=\"og:image\" content=\"https:\/\/ppdegalicia.com\/wp-content\/uploads\/2023\/10\/d3974d6a4f0ebcd7bfb05bbbcf3f6797-scaled.jpg\" \/>\n\t<meta property=\"og:image:width\" content=\"2560\" \/>\n\t<meta property=\"og:image:height\" content=\"1707\" \/>\n\t<meta property=\"og:image:type\" content=\"image\/jpeg\" \/>\n<meta name=\"author\" content=\"ppdegaliciaredes\" \/>\n<meta name=\"twitter:card\" content=\"summary_large_image\" \/>\n<meta name=\"twitter:creator\" content=\"@ppdegalicia\" \/>\n<meta name=\"twitter:site\" content=\"@ppdegalicia\" \/>\n<meta name=\"twitter:label1\" content=\"Escrito por\" \/>\n\t<meta name=\"twitter:data1\" content=\"ppdegaliciaredes\" \/>\n\t<meta name=\"twitter:label2\" content=\"Tiempo de lectura\" \/>\n\t<meta name=\"twitter:data2\" content=\"1 minuto\" \/>\n<script type=\"application\/ld+json\" class=\"yoast-schema-graph\">{\"@context\":\"https:\\\/\\\/schema.org\",\"@graph\":[{\"@type\":\"Article\",\"@id\":\"https:\\\/\\\/ppdegalicia.com\\\/es\\\/nicole-grueira-e-proclamada-candidata-unica-a-presidir-novas-xeracion-de-galicia-despois-de-cuadriplicar-o-numero-de-avais-necesarios\\\/#article\",\"isPartOf\":{\"@id\":\"https:\\\/\\\/ppdegalicia.com\\\/es\\\/nicole-grueira-e-proclamada-candidata-unica-a-presidir-novas-xeracion-de-galicia-despois-de-cuadriplicar-o-numero-de-avais-necesarios\\\/\"},\"author\":{\"name\":\"ppdegaliciaredes\",\"@id\":\"https:\\\/\\\/ppdegalicia.com\\\/es\\\/#\\\/schema\\\/person\\\/5b822c6f59e872ebdd1142f307dbcb59\"},\"headline\":\"Nicole Grueira \u00e9 proclamada candidata \u00fanica a presidir Novas Xeraci\u00f3n de Galicia despois de cuadriplicar o n\u00famero de avais necesarios\",\"datePublished\":\"2023-10-24T08:41:42+00:00\",\"mainEntityOfPage\":{\"@id\":\"https:\\\/\\\/ppdegalicia.com\\\/es\\\/nicole-grueira-e-proclamada-candidata-unica-a-presidir-novas-xeracion-de-galicia-despois-de-cuadriplicar-o-numero-de-avais-necesarios\\\/\"},\"wordCount\":219,\"commentCount\":0,\"publisher\":{\"@id\":\"https:\\\/\\\/ppdegalicia.com\\\/es\\\/#organization\"},\"image\":{\"@id\":\"https:\\\/\\\/ppdegalicia.com\\\/es\\\/nicole-grueira-e-proclamada-candidata-unica-a-presidir-novas-xeracion-de-galicia-despois-de-cuadriplicar-o-numero-de-avais-necesarios\\\/#primaryimage\"},\"thumbnailUrl\":\"https:\\\/\\\/ppdegalicia.com\\\/wp-content\\\/uploads\\\/2023\\\/10\\\/d3974d6a4f0ebcd7bfb05bbbcf3f6797-scaled.jpg\",\"articleSection\":[\"PP de Galicia\"],\"inLanguage\":\"es\",\"potentialAction\":[{\"@type\":\"CommentAction\",\"name\":\"Comment\",\"target\":[\"https:\\\/\\\/ppdegalicia.com\\\/es\\\/nicole-grueira-e-proclamada-candidata-unica-a-presidir-novas-xeracion-de-galicia-despois-de-cuadriplicar-o-numero-de-avais-necesarios\\\/#respond\"]}]},{\"@type\":\"WebPage\",\"@id\":\"https:\\\/\\\/ppdegalicia.com\\\/es\\\/nicole-grueira-e-proclamada-candidata-unica-a-presidir-novas-xeracion-de-galicia-despois-de-cuadriplicar-o-numero-de-avais-necesarios\\\/\",\"url\":\"https:\\\/\\\/ppdegalicia.com\\\/es\\\/nicole-grueira-e-proclamada-candidata-unica-a-presidir-novas-xeracion-de-galicia-despois-de-cuadriplicar-o-numero-de-avais-necesarios\\\/\",\"name\":\"Nicole Grueira \u00e9 proclamada candidata \u00fanica a presidir Novas Xeraci\u00f3n de Galicia despois de cuadriplicar o n\u00famero de avais necesarios - PP de Galicia\",\"isPartOf\":{\"@id\":\"https:\\\/\\\/ppdegalicia.com\\\/es\\\/#website\"},\"primaryImageOfPage\":{\"@id\":\"https:\\\/\\\/ppdegalicia.com\\\/es\\\/nicole-grueira-e-proclamada-candidata-unica-a-presidir-novas-xeracion-de-galicia-despois-de-cuadriplicar-o-numero-de-avais-necesarios\\\/#primaryimage\"},\"image\":{\"@id\":\"https:\\\/\\\/ppdegalicia.com\\\/es\\\/nicole-grueira-e-proclamada-candidata-unica-a-presidir-novas-xeracion-de-galicia-despois-de-cuadriplicar-o-numero-de-avais-necesarios\\\/#primaryimage\"},\"thumbnailUrl\":\"https:\\\/\\\/ppdegalicia.com\\\/wp-content\\\/uploads\\\/2023\\\/10\\\/d3974d6a4f0ebcd7bfb05bbbcf3f6797-scaled.jpg\",\"datePublished\":\"2023-10-24T08:41:42+00:00\",\"breadcrumb\":{\"@id\":\"https:\\\/\\\/ppdegalicia.com\\\/es\\\/nicole-grueira-e-proclamada-candidata-unica-a-presidir-novas-xeracion-de-galicia-despois-de-cuadriplicar-o-numero-de-avais-necesarios\\\/#breadcrumb\"},\"inLanguage\":\"es\",\"potentialAction\":[{\"@type\":\"ReadAction\",\"target\":[\"https:\\\/\\\/ppdegalicia.com\\\/es\\\/nicole-grueira-e-proclamada-candidata-unica-a-presidir-novas-xeracion-de-galicia-despois-de-cuadriplicar-o-numero-de-avais-necesarios\\\/\"]}]},{\"@type\":\"ImageObject\",\"inLanguage\":\"es\",\"@id\":\"https:\\\/\\\/ppdegalicia.com\\\/es\\\/nicole-grueira-e-proclamada-candidata-unica-a-presidir-novas-xeracion-de-galicia-despois-de-cuadriplicar-o-numero-de-avais-necesarios\\\/#primaryimage\",\"url\":\"https:\\\/\\\/ppdegalicia.com\\\/wp-content\\\/uploads\\\/2023\\\/10\\\/d3974d6a4f0ebcd7bfb05bbbcf3f6797-scaled.jpg\",\"contentUrl\":\"https:\\\/\\\/ppdegalicia.com\\\/wp-content\\\/uploads\\\/2023\\\/10\\\/d3974d6a4f0ebcd7bfb05bbbcf3f6797-scaled.jpg\",\"width\":2560,\"height\":1707},{\"@type\":\"BreadcrumbList\",\"@id\":\"https:\\\/\\\/ppdegalicia.com\\\/es\\\/nicole-grueira-e-proclamada-candidata-unica-a-presidir-novas-xeracion-de-galicia-despois-de-cuadriplicar-o-numero-de-avais-necesarios\\\/#breadcrumb\",\"itemListElement\":[{\"@type\":\"ListItem\",\"position\":1,\"name\":\"Portada\",\"item\":\"https:\\\/\\\/ppdegalicia.com\\\/es\\\/\"},{\"@type\":\"ListItem\",\"position\":2,\"name\":\"Nicole Grueira \u00e9 proclamada candidata \u00fanica a presidir Novas Xeraci\u00f3n de Galicia despois de cuadriplicar o n\u00famero de avais necesarios\"}]},{\"@type\":\"WebSite\",\"@id\":\"https:\\\/\\\/ppdegalicia.com\\\/es\\\/#website\",\"url\":\"https:\\\/\\\/ppdegalicia.com\\\/es\\\/\",\"name\":\"Partido Popular de Galicia\",\"description\":\"Partido Popular de Galicia\",\"publisher\":{\"@id\":\"https:\\\/\\\/ppdegalicia.com\\\/es\\\/#organization\"},\"alternateName\":\"PP de Galicia\",\"potentialAction\":[{\"@type\":\"SearchAction\",\"target\":{\"@type\":\"EntryPoint\",\"urlTemplate\":\"https:\\\/\\\/ppdegalicia.com\\\/es\\\/?s={search_term_string}\"},\"query-input\":{\"@type\":\"PropertyValueSpecification\",\"valueRequired\":true,\"valueName\":\"search_term_string\"}}],\"inLanguage\":\"es\"},{\"@type\":\"Organization\",\"@id\":\"https:\\\/\\\/ppdegalicia.com\\\/es\\\/#organization\",\"name\":\"Partido Popular de Galicia\",\"alternateName\":\"PP de Galicia\",\"url\":\"https:\\\/\\\/ppdegalicia.com\\\/es\\\/\",\"logo\":{\"@type\":\"ImageObject\",\"inLanguage\":\"es\",\"@id\":\"https:\\\/\\\/ppdegalicia.com\\\/es\\\/#\\\/schema\\\/logo\\\/image\\\/\",\"url\":\"https:\\\/\\\/ppdegalicia.com\\\/wp-content\\\/uploads\\\/2023\\\/04\\\/logoPP512.png\",\"contentUrl\":\"https:\\\/\\\/ppdegalicia.com\\\/wp-content\\\/uploads\\\/2023\\\/04\\\/logoPP512.png\",\"width\":512,\"height\":512,\"caption\":\"Partido Popular de Galicia\"},\"image\":{\"@id\":\"https:\\\/\\\/ppdegalicia.com\\\/es\\\/#\\\/schema\\\/logo\\\/image\\\/\"},\"sameAs\":[\"https:\\\/\\\/www.instagram.com\\\/ppdegalicia\\\/\",\"https:\\\/\\\/x.com\\\/ppdegalicia\",\"https:\\\/\\\/www.tiktok.com\\\/@ppdegalicia\",\"https:\\\/\\\/www.youtube.com\\\/user\\\/ppdegalicia\"]},{\"@type\":\"Person\",\"@id\":\"https:\\\/\\\/ppdegalicia.com\\\/es\\\/#\\\/schema\\\/person\\\/5b822c6f59e872ebdd1142f307dbcb59\",\"name\":\"ppdegaliciaredes\",\"image\":{\"@type\":\"ImageObject\",\"inLanguage\":\"es\",\"@id\":\"https:\\\/\\\/secure.gravatar.com\\\/avatar\\\/3c9179cf0256d00c72a48d1f25783c58b6842cd56e85ef3a572881c8e28ccd59?s=96&d=mm&r=g\",\"url\":\"https:\\\/\\\/secure.gravatar.com\\\/avatar\\\/3c9179cf0256d00c72a48d1f25783c58b6842cd56e85ef3a572881c8e28ccd59?s=96&d=mm&r=g\",\"contentUrl\":\"https:\\\/\\\/secure.gravatar.com\\\/avatar\\\/3c9179cf0256d00c72a48d1f25783c58b6842cd56e85ef3a572881c8e28ccd59?s=96&d=mm&r=g\",\"caption\":\"ppdegaliciaredes\"},\"url\":\"https:\\\/\\\/ppdegalicia.com\\\/es\\\/author\\\/ppdegaliciaredes\\\/\"}]}<\/script>\n<!-- \/ Yoast SEO plugin. -->","yoast_head_json":{"title":"Nicole Grueira \u00e9 proclamada candidata \u00fanica a presidir Novas Xeraci\u00f3n de Galicia despois de cuadriplicar o n\u00famero de avais necesarios - PP de Galicia","robots":{"index":"index","follow":"follow","max-snippet":"max-snippet:-1","max-image-preview":"max-image-preview:large","max-video-preview":"max-video-preview:-1"},"canonical":"https:\/\/ppdegalicia.com\/es\/nicole-grueira-e-proclamada-candidata-unica-a-presidir-novas-xeracion-de-galicia-despois-de-cuadriplicar-o-numero-de-avais-necesarios\/","og_locale":"es_ES","og_type":"article","og_title":"Nicole Grueira \u00e9 proclamada candidata \u00fanica a presidir Novas Xeraci\u00f3n de Galicia despois de cuadriplicar o n\u00famero de avais necesarios - PP de Galicia","og_description":"Nicole Grueira v\u00e9n de ser proclamada candidata \u00fanica a presidir Novas Xeraci\u00f3ns de Galicia despois de facer entrega onte de m\u00e1is de 350 avais, catro veces m\u00e1is que os 90 requiridos como m\u00ednimo, de membros da organizaci\u00f3n das catro provincias. \u00a0","og_url":"https:\/\/ppdegalicia.com\/es\/nicole-grueira-e-proclamada-candidata-unica-a-presidir-novas-xeracion-de-galicia-despois-de-cuadriplicar-o-numero-de-avais-necesarios\/","og_site_name":"PP de Galicia","article_publisher":"https:\/\/www.instagram.com\/ppdegalicia\/","article_published_time":"2023-10-24T08:41:42+00:00","og_image":[{"width":2560,"height":1707,"url":"https:\/\/ppdegalicia.com\/wp-content\/uploads\/2023\/10\/d3974d6a4f0ebcd7bfb05bbbcf3f6797-scaled.jpg","type":"image\/jpeg"}],"author":"ppdegaliciaredes","twitter_card":"summary_large_image","twitter_creator":"@ppdegalicia","twitter_site":"@ppdegalicia","twitter_misc":{"Escrito por":"ppdegaliciaredes","Tiempo de lectura":"1 minuto"},"schema":{"@context":"https:\/\/schema.org","@graph":[{"@type":"Article","@id":"https:\/\/ppdegalicia.com\/es\/nicole-grueira-e-proclamada-candidata-unica-a-presidir-novas-xeracion-de-galicia-despois-de-cuadriplicar-o-numero-de-avais-necesarios\/#article","isPartOf":{"@id":"https:\/\/ppdegalicia.com\/es\/nicole-grueira-e-proclamada-candidata-unica-a-presidir-novas-xeracion-de-galicia-despois-de-cuadriplicar-o-numero-de-avais-necesarios\/"},"author":{"name":"ppdegaliciaredes","@id":"https:\/\/ppdegalicia.com\/es\/#\/schema\/person\/5b822c6f59e872ebdd1142f307dbcb59"},"headline":"Nicole Grueira \u00e9 proclamada candidata \u00fanica a presidir Novas Xeraci\u00f3n de Galicia despois de cuadriplicar o n\u00famero de avais necesarios","datePublished":"2023-10-24T08:41:42+00:00","mainEntityOfPage":{"@id":"https:\/\/ppdegalicia.com\/es\/nicole-grueira-e-proclamada-candidata-unica-a-presidir-novas-xeracion-de-galicia-despois-de-cuadriplicar-o-numero-de-avais-necesarios\/"},"wordCount":219,"commentCount":0,"publisher":{"@id":"https:\/\/ppdegalicia.com\/es\/#organization"},"image":{"@id":"https:\/\/ppdegalicia.com\/es\/nicole-grueira-e-proclamada-candidata-unica-a-presidir-novas-xeracion-de-galicia-despois-de-cuadriplicar-o-numero-de-avais-necesarios\/#primaryimage"},"thumbnailUrl":"https:\/\/ppdegalicia.com\/wp-content\/uploads\/2023\/10\/d3974d6a4f0ebcd7bfb05bbbcf3f6797-scaled.jpg","articleSection":["PP de Galicia"],"inLanguage":"es","potentialAction":[{"@type":"CommentAction","name":"Comment","target":["https:\/\/ppdegalicia.com\/es\/nicole-grueira-e-proclamada-candidata-unica-a-presidir-novas-xeracion-de-galicia-despois-de-cuadriplicar-o-numero-de-avais-necesarios\/#respond"]}]},{"@type":"WebPage","@id":"https:\/\/ppdegalicia.com\/es\/nicole-grueira-e-proclamada-candidata-unica-a-presidir-novas-xeracion-de-galicia-despois-de-cuadriplicar-o-numero-de-avais-necesarios\/","url":"https:\/\/ppdegalicia.com\/es\/nicole-grueira-e-proclamada-candidata-unica-a-presidir-novas-xeracion-de-galicia-despois-de-cuadriplicar-o-numero-de-avais-necesarios\/","name":"Nicole Grueira \u00e9 proclamada candidata \u00fanica a presidir Novas Xeraci\u00f3n de Galicia despois de cuadriplicar o n\u00famero de avais necesarios - PP de Galicia","isPartOf":{"@id":"https:\/\/ppdegalicia.com\/es\/#website"},"primaryImageOfPage":{"@id":"https:\/\/ppdegalicia.com\/es\/nicole-grueira-e-proclamada-candidata-unica-a-presidir-novas-xeracion-de-galicia-despois-de-cuadriplicar-o-numero-de-avais-necesarios\/#primaryimage"},"image":{"@id":"https:\/\/ppdegalicia.com\/es\/nicole-grueira-e-proclamada-candidata-unica-a-presidir-novas-xeracion-de-galicia-despois-de-cuadriplicar-o-numero-de-avais-necesarios\/#primaryimage"},"thumbnailUrl":"https:\/\/ppdegalicia.com\/wp-content\/uploads\/2023\/10\/d3974d6a4f0ebcd7bfb05bbbcf3f6797-scaled.jpg","datePublished":"2023-10-24T08:41:42+00:00","breadcrumb":{"@id":"https:\/\/ppdegalicia.com\/es\/nicole-grueira-e-proclamada-candidata-unica-a-presidir-novas-xeracion-de-galicia-despois-de-cuadriplicar-o-numero-de-avais-necesarios\/#breadcrumb"},"inLanguage":"es","potentialAction":[{"@type":"ReadAction","target":["https:\/\/ppdegalicia.com\/es\/nicole-grueira-e-proclamada-candidata-unica-a-presidir-novas-xeracion-de-galicia-despois-de-cuadriplicar-o-numero-de-avais-necesarios\/"]}]},{"@type":"ImageObject","inLanguage":"es","@id":"https:\/\/ppdegalicia.com\/es\/nicole-grueira-e-proclamada-candidata-unica-a-presidir-novas-xeracion-de-galicia-despois-de-cuadriplicar-o-numero-de-avais-necesarios\/#primaryimage","url":"https:\/\/ppdegalicia.com\/wp-content\/uploads\/2023\/10\/d3974d6a4f0ebcd7bfb05bbbcf3f6797-scaled.jpg","contentUrl":"https:\/\/ppdegalicia.com\/wp-content\/uploads\/2023\/10\/d3974d6a4f0ebcd7bfb05bbbcf3f6797-scaled.jpg","width":2560,"height":1707},{"@type":"BreadcrumbList","@id":"https:\/\/ppdegalicia.com\/es\/nicole-grueira-e-proclamada-candidata-unica-a-presidir-novas-xeracion-de-galicia-despois-de-cuadriplicar-o-numero-de-avais-necesarios\/#breadcrumb","itemListElement":[{"@type":"ListItem","position":1,"name":"Portada","item":"https:\/\/ppdegalicia.com\/es\/"},{"@type":"ListItem","position":2,"name":"Nicole Grueira \u00e9 proclamada candidata \u00fanica a presidir Novas Xeraci\u00f3n de Galicia despois de cuadriplicar o n\u00famero de avais necesarios"}]},{"@type":"WebSite","@id":"https:\/\/ppdegalicia.com\/es\/#website","url":"https:\/\/ppdegalicia.com\/es\/","name":"Partido Popular de Galicia","description":"Partido Popular de Galicia","publisher":{"@id":"https:\/\/ppdegalicia.com\/es\/#organization"},"alternateName":"PP de Galicia","potentialAction":[{"@type":"SearchAction","target":{"@type":"EntryPoint","urlTemplate":"https:\/\/ppdegalicia.com\/es\/?s={search_term_string}"},"query-input":{"@type":"PropertyValueSpecification","valueRequired":true,"valueName":"search_term_string"}}],"inLanguage":"es"},{"@type":"Organization","@id":"https:\/\/ppdegalicia.com\/es\/#organization","name":"Partido Popular de Galicia","alternateName":"PP de Galicia","url":"https:\/\/ppdegalicia.com\/es\/","logo":{"@type":"ImageObject","inLanguage":"es","@id":"https:\/\/ppdegalicia.com\/es\/#\/schema\/logo\/image\/","url":"https:\/\/ppdegalicia.com\/wp-content\/uploads\/2023\/04\/logoPP512.png","contentUrl":"https:\/\/ppdegalicia.com\/wp-content\/uploads\/2023\/04\/logoPP512.png","width":512,"height":512,"caption":"Partido Popular de Galicia"},"image":{"@id":"https:\/\/ppdegalicia.com\/es\/#\/schema\/logo\/image\/"},"sameAs":["https:\/\/www.instagram.com\/ppdegalicia\/","https:\/\/x.com\/ppdegalicia","https:\/\/www.tiktok.com\/@ppdegalicia","https:\/\/www.youtube.com\/user\/ppdegalicia"]},{"@type":"Person","@id":"https:\/\/ppdegalicia.com\/es\/#\/schema\/person\/5b822c6f59e872ebdd1142f307dbcb59","name":"ppdegaliciaredes","image":{"@type":"ImageObject","inLanguage":"es","@id":"https:\/\/secure.gravatar.com\/avatar\/3c9179cf0256d00c72a48d1f25783c58b6842cd56e85ef3a572881c8e28ccd59?s=96&d=mm&r=g","url":"https:\/\/secure.gravatar.com\/avatar\/3c9179cf0256d00c72a48d1f25783c58b6842cd56e85ef3a572881c8e28ccd59?s=96&d=mm&r=g","contentUrl":"https:\/\/secure.gravatar.com\/avatar\/3c9179cf0256d00c72a48d1f25783c58b6842cd56e85ef3a572881c8e28ccd59?s=96&d=mm&r=g","caption":"ppdegaliciaredes"},"url":"https:\/\/ppdegalicia.com\/es\/author\/ppdegaliciaredes\/"}]}},"_links":{"self":[{"href":"https:\/\/ppdegalicia.com\/es\/wp-json\/wp\/v2\/posts\/58427","targetHints":{"allow":["GET"]}}],"collection":[{"href":"https:\/\/ppdegalicia.com\/es\/wp-json\/wp\/v2\/posts"}],"about":[{"href":"https:\/\/ppdegalicia.com\/es\/wp-json\/wp\/v2\/types\/post"}],"author":[{"embeddable":true,"href":"https:\/\/ppdegalicia.com\/es\/wp-json\/wp\/v2\/users\/38"}],"replies":[{"embeddable":true,"href":"https:\/\/ppdegalicia.com\/es\/wp-json\/wp\/v2\/comments?post=58427"}],"version-history":[{"count":0,"href":"https:\/\/ppdegalicia.com\/es\/wp-json\/wp\/v2\/posts\/58427\/revisions"}],"wp:featuredmedia":[{"embeddable":true,"href":"https:\/\/ppdegalicia.com\/es\/wp-json\/wp\/v2\/media\/58426"}],"wp:attachment":[{"href":"https:\/\/ppdegalicia.com\/es\/wp-json\/wp\/v2\/media?parent=58427"}],"wp:term":[{"taxonomy":"category","embeddable":true,"href":"https:\/\/ppdegalicia.com\/es\/wp-json\/wp\/v2\/categories?post=58427"},{"taxonomy":"post_tag","embeddable":true,"href":"https:\/\/ppdegalicia.com\/es\/wp-json\/wp\/v2\/tags?post=58427"}],"curies":[{"name":"wp","href":"https:\/\/api.w.org\/{rel}","templated":true}]}}