{"id":58497,"date":"2023-12-02T13:43:25","date_gmt":"2023-12-02T11:43:25","guid":{"rendered":"https:\/\/ppdegalicia.com\/nicole-grueira-traballaremos-para-mellorar-o-dia-a-dia-da-mocidade-galega-e-contribuiremos-a-construcion-do-mellor-futuro-posible\/"},"modified":"2023-12-02T13:43:25","modified_gmt":"2023-12-02T11:43:25","slug":"nicole-grueira-traballaremos-para-mellorar-o-dia-a-dia-da-mocidade-galega-e-contribuiremos-a-construcion-do-mellor-futuro-posible","status":"publish","type":"post","link":"https:\/\/ppdegalicia.com\/es\/nicole-grueira-traballaremos-para-mellorar-o-dia-a-dia-da-mocidade-galega-e-contribuiremos-a-construcion-do-mellor-futuro-posible\/","title":{"rendered":"Nicole Grueira: \u201cTraballaremos para mellorar o d\u00eda a d\u00eda da mocidade galega e contribuiremos \u00e1 construci\u00f3n do mellor futuro posible\u201d"},"content":{"rendered":"<p><img fetchpriority=\"high\" decoding=\"async\" class=\" size-full wp-image-58496\" src=\"https:\/\/ppdegalicia.com\/wp-content\/uploads\/2023\/12\/10d10cfd99d2eea7d4355c5a85ddadfa-scaled.jpg\" alt=\"\" width=\"2560\" height=\"1707\" srcset=\"https:\/\/ppdegalicia.com\/wp-content\/uploads\/2023\/12\/10d10cfd99d2eea7d4355c5a85ddadfa-scaled.jpg 2560w, https:\/\/ppdegalicia.com\/wp-content\/uploads\/2023\/12\/10d10cfd99d2eea7d4355c5a85ddadfa-300x200.jpg 300w, https:\/\/ppdegalicia.com\/wp-content\/uploads\/2023\/12\/10d10cfd99d2eea7d4355c5a85ddadfa-1024x683.jpg 1024w, https:\/\/ppdegalicia.com\/wp-content\/uploads\/2023\/12\/10d10cfd99d2eea7d4355c5a85ddadfa-768x512.jpg 768w, https:\/\/ppdegalicia.com\/wp-content\/uploads\/2023\/12\/10d10cfd99d2eea7d4355c5a85ddadfa-1536x1024.jpg 1536w, https:\/\/ppdegalicia.com\/wp-content\/uploads\/2023\/12\/10d10cfd99d2eea7d4355c5a85ddadfa-2048x1365.jpg 2048w\" sizes=\"(max-width: 2560px) 100vw, 2560px\" \/><\/p>\n<p style=\"font-weight: 400;\">A presidenta de Novas Xeraci\u00f3ns de Galicia, Nicole Grueira, reuniu hoxe por primeira vez ao novo Comit\u00e9 de Direcci\u00f3n da organizaci\u00f3n, ao que trasladou a importancia de \u201cser un equipo unido e forte\u201d ao tempo que os animaba a \u201ctraballar para mellorar o d\u00eda a d\u00eda da mocidade galega e contribu\u00edr \u00e1 construci\u00f3n do mellor futuro posible\u201d.<\/p>\n<p><!--more--><\/p>\n<p style=\"font-weight: 400;\">Grueira quixo explicar aos seus o proxecto \u201catractivo e aberto\u201d co que inicia esta nova etapa logo de recoller todas as demandas, necesidades e particularidades da xuventude galega. \u201cO noso proxecto \u00e9 o que mellor representa e o que m\u00e1is se asemella \u00e1 mocidade e por iso todos temos o noso lugar nel\u201d, afirmou.<\/p>\n<p style=\"font-weight: 400;\">Incidindo na importancia da escoita activa, da mobilizaci\u00f3n e do contacto a p\u00e9 de r\u00faa, a presidenta de NNXX pediulles pola s\u00faa parte \u201ccontinuar unindo forzas e traballar por Galicia ao car\u00f3n do presidente Alfonso Rueda\u201d. E neste sentido asegurou: \u201cEstamos a servir da mellor maneira a todas as mozas e mozos, traballando polos seus intereses. E estamos preparados para afrontar todos os retos que se presenten\u201d.<\/p>\n<p style=\"font-weight: 400;\"><strong><u>NOVO ORGANIGRAMA DE NOVAS XERACI\u00d3NS<\/u><\/strong><\/p>\n<p style=\"font-weight: 400;\">O Comit\u00e9 de Direcci\u00f3n de NNXX que se reuniu hoxe na sede auton\u00f3mica do PPdeG en Santiago de Compostela est\u00e1 formado por\u00a0<strong>Manuel Novoa<\/strong>\u00a0como secretario xeral e por\u00a0<strong>Paula Losada<\/strong>\u00a0e\u00a0<strong>Bea Quint\u00eda<\/strong>\u00a0como coordinadoras xerais. Ademais dos responsables das 10 vicesecretar\u00edas:\u00a0<strong>David Sand\u00e1<\/strong>\u00a0(Organizaci\u00f3n e Acci\u00f3n pol\u00edtica),\u00a0<strong>Elena Corral<\/strong>\u00a0(Comunicaci\u00f3n e Redes sociais),\u00a0<strong>Carlos San Claudio<\/strong>\u00a0(Organizaci\u00f3n territorial e institucional),\u00a0<strong>Ximena Louro<\/strong>\u00a0(Pol\u00edticas para a xuventude),\u00a0<strong>Manuel Ortigueira<\/strong>\u00a0(Formaci\u00f3n),\u00a0<strong>Andrea Iglesias<\/strong>\u00a0(Educaci\u00f3n e Cultura),\u00a0<strong>Borja Font\u00e1n<\/strong>\u00a0(Igualdade e LGTBI),\u00a0<strong>Adri\u00e1n Arias<\/strong>\u00a0(Medio Ambiente),\u00a0<strong>Nerea Porto<\/strong>\u00a0(Acci\u00f3n Social) e\u00a0<strong>Gonzalo Lebredo<\/strong>\u00a0(Medio Rural e Demograf\u00eda).<\/p>\n<p style=\"font-weight: 400;\">Posteriormente reuniuse o Comit\u00e9 Executivo, que nomeou aos vogais que integrar\u00e1n a Xunta Directiva de Novas Xeraci\u00f3ns de Galicia e que \u201cest\u00e1 formada por mozos e mozas de todas as partes de Galicia que ve\u00f1en con ilusi\u00f3n e con ganas de traballar pola xuventude galega\u201d.<\/p>\n","protected":false},"excerpt":{"rendered":"<p>A presidenta de Novas Xeraci\u00f3ns de Galicia, Nicole Grueira, reuniu hoxe por primeira vez ao novo Comit\u00e9 de Direcci\u00f3n da organizaci\u00f3n, ao que trasladou a importancia de \u201cser un equipo unido e forte\u201d ao tempo que os animaba a \u201ctraballar para mellorar o d\u00eda a d\u00eda da mocidade galega e contribu\u00edr \u00e1 construci\u00f3n do mellor [&hellip;]<\/p>\n","protected":false},"author":38,"featured_media":58496,"comment_status":"open","ping_status":"open","sticky":false,"template":"","format":"standard","meta":{"_acf_changed":false,"footnotes":""},"categories":[1],"tags":[],"class_list":["post-58497","post","type-post","status-publish","format-standard","has-post-thumbnail","hentry","category-pp-de-galicia"],"acf":[],"yoast_head":"<!-- This site is optimized with the Yoast SEO plugin v27.3 - https:\/\/yoast.com\/product\/yoast-seo-wordpress\/ -->\n<title>Nicole Grueira: \u201cTraballaremos para mellorar o d\u00eda a d\u00eda da mocidade galega e contribuiremos \u00e1 construci\u00f3n do mellor futuro posible\u201d - PP de Galicia<\/title>\n<meta name=\"robots\" content=\"index, follow, max-snippet:-1, max-image-preview:large, max-video-preview:-1\" \/>\n<link rel=\"canonical\" href=\"https:\/\/ppdegalicia.com\/es\/nicole-grueira-traballaremos-para-mellorar-o-dia-a-dia-da-mocidade-galega-e-contribuiremos-a-construcion-do-mellor-futuro-posible\/\" \/>\n<meta property=\"og:locale\" content=\"es_ES\" \/>\n<meta property=\"og:type\" content=\"article\" \/>\n<meta property=\"og:title\" content=\"Nicole Grueira: \u201cTraballaremos para mellorar o d\u00eda a d\u00eda da mocidade galega e contribuiremos \u00e1 construci\u00f3n do mellor futuro posible\u201d - PP de Galicia\" \/>\n<meta property=\"og:description\" content=\"A presidenta de Novas Xeraci\u00f3ns de Galicia, Nicole Grueira, reuniu hoxe por primeira vez ao novo Comit\u00e9 de Direcci\u00f3n da organizaci\u00f3n, ao que trasladou a importancia de \u201cser un equipo unido e forte\u201d ao tempo que os animaba a \u201ctraballar para mellorar o d\u00eda a d\u00eda da mocidade galega e contribu\u00edr \u00e1 construci\u00f3n do mellor [&hellip;]\" \/>\n<meta property=\"og:url\" content=\"https:\/\/ppdegalicia.com\/es\/nicole-grueira-traballaremos-para-mellorar-o-dia-a-dia-da-mocidade-galega-e-contribuiremos-a-construcion-do-mellor-futuro-posible\/\" \/>\n<meta property=\"og:site_name\" content=\"PP de Galicia\" \/>\n<meta property=\"article:publisher\" content=\"https:\/\/www.instagram.com\/ppdegalicia\/\" \/>\n<meta property=\"article:published_time\" content=\"2023-12-02T11:43:25+00:00\" \/>\n<meta property=\"og:image\" content=\"https:\/\/ppdegalicia.com\/wp-content\/uploads\/2023\/12\/10d10cfd99d2eea7d4355c5a85ddadfa-scaled.jpg\" \/>\n\t<meta property=\"og:image:width\" content=\"2560\" \/>\n\t<meta property=\"og:image:height\" content=\"1707\" \/>\n\t<meta property=\"og:image:type\" content=\"image\/jpeg\" \/>\n<meta name=\"author\" content=\"ppdegaliciaredes\" \/>\n<meta name=\"twitter:card\" content=\"summary_large_image\" \/>\n<meta name=\"twitter:creator\" content=\"@ppdegalicia\" \/>\n<meta name=\"twitter:site\" content=\"@ppdegalicia\" \/>\n<meta name=\"twitter:label1\" content=\"Escrito por\" \/>\n\t<meta name=\"twitter:data1\" content=\"ppdegaliciaredes\" \/>\n\t<meta name=\"twitter:label2\" content=\"Tiempo de lectura\" \/>\n\t<meta name=\"twitter:data2\" content=\"2 minutos\" \/>\n<script type=\"application\/ld+json\" class=\"yoast-schema-graph\">{\"@context\":\"https:\\\/\\\/schema.org\",\"@graph\":[{\"@type\":\"Article\",\"@id\":\"https:\\\/\\\/ppdegalicia.com\\\/es\\\/nicole-grueira-traballaremos-para-mellorar-o-dia-a-dia-da-mocidade-galega-e-contribuiremos-a-construcion-do-mellor-futuro-posible\\\/#article\",\"isPartOf\":{\"@id\":\"https:\\\/\\\/ppdegalicia.com\\\/es\\\/nicole-grueira-traballaremos-para-mellorar-o-dia-a-dia-da-mocidade-galega-e-contribuiremos-a-construcion-do-mellor-futuro-posible\\\/\"},\"author\":{\"name\":\"ppdegaliciaredes\",\"@id\":\"https:\\\/\\\/ppdegalicia.com\\\/es\\\/#\\\/schema\\\/person\\\/5b822c6f59e872ebdd1142f307dbcb59\"},\"headline\":\"Nicole Grueira: \u201cTraballaremos para mellorar o d\u00eda a d\u00eda da mocidade galega e contribuiremos \u00e1 construci\u00f3n do mellor futuro posible\u201d\",\"datePublished\":\"2023-12-02T11:43:25+00:00\",\"mainEntityOfPage\":{\"@id\":\"https:\\\/\\\/ppdegalicia.com\\\/es\\\/nicole-grueira-traballaremos-para-mellorar-o-dia-a-dia-da-mocidade-galega-e-contribuiremos-a-construcion-do-mellor-futuro-posible\\\/\"},\"wordCount\":375,\"commentCount\":0,\"publisher\":{\"@id\":\"https:\\\/\\\/ppdegalicia.com\\\/es\\\/#organization\"},\"image\":{\"@id\":\"https:\\\/\\\/ppdegalicia.com\\\/es\\\/nicole-grueira-traballaremos-para-mellorar-o-dia-a-dia-da-mocidade-galega-e-contribuiremos-a-construcion-do-mellor-futuro-posible\\\/#primaryimage\"},\"thumbnailUrl\":\"https:\\\/\\\/ppdegalicia.com\\\/wp-content\\\/uploads\\\/2023\\\/12\\\/10d10cfd99d2eea7d4355c5a85ddadfa-scaled.jpg\",\"articleSection\":[\"PP de Galicia\"],\"inLanguage\":\"es\",\"potentialAction\":[{\"@type\":\"CommentAction\",\"name\":\"Comment\",\"target\":[\"https:\\\/\\\/ppdegalicia.com\\\/es\\\/nicole-grueira-traballaremos-para-mellorar-o-dia-a-dia-da-mocidade-galega-e-contribuiremos-a-construcion-do-mellor-futuro-posible\\\/#respond\"]}]},{\"@type\":\"WebPage\",\"@id\":\"https:\\\/\\\/ppdegalicia.com\\\/es\\\/nicole-grueira-traballaremos-para-mellorar-o-dia-a-dia-da-mocidade-galega-e-contribuiremos-a-construcion-do-mellor-futuro-posible\\\/\",\"url\":\"https:\\\/\\\/ppdegalicia.com\\\/es\\\/nicole-grueira-traballaremos-para-mellorar-o-dia-a-dia-da-mocidade-galega-e-contribuiremos-a-construcion-do-mellor-futuro-posible\\\/\",\"name\":\"Nicole Grueira: \u201cTraballaremos para mellorar o d\u00eda a d\u00eda da mocidade galega e contribuiremos \u00e1 construci\u00f3n do mellor futuro posible\u201d - PP de Galicia\",\"isPartOf\":{\"@id\":\"https:\\\/\\\/ppdegalicia.com\\\/es\\\/#website\"},\"primaryImageOfPage\":{\"@id\":\"https:\\\/\\\/ppdegalicia.com\\\/es\\\/nicole-grueira-traballaremos-para-mellorar-o-dia-a-dia-da-mocidade-galega-e-contribuiremos-a-construcion-do-mellor-futuro-posible\\\/#primaryimage\"},\"image\":{\"@id\":\"https:\\\/\\\/ppdegalicia.com\\\/es\\\/nicole-grueira-traballaremos-para-mellorar-o-dia-a-dia-da-mocidade-galega-e-contribuiremos-a-construcion-do-mellor-futuro-posible\\\/#primaryimage\"},\"thumbnailUrl\":\"https:\\\/\\\/ppdegalicia.com\\\/wp-content\\\/uploads\\\/2023\\\/12\\\/10d10cfd99d2eea7d4355c5a85ddadfa-scaled.jpg\",\"datePublished\":\"2023-12-02T11:43:25+00:00\",\"breadcrumb\":{\"@id\":\"https:\\\/\\\/ppdegalicia.com\\\/es\\\/nicole-grueira-traballaremos-para-mellorar-o-dia-a-dia-da-mocidade-galega-e-contribuiremos-a-construcion-do-mellor-futuro-posible\\\/#breadcrumb\"},\"inLanguage\":\"es\",\"potentialAction\":[{\"@type\":\"ReadAction\",\"target\":[\"https:\\\/\\\/ppdegalicia.com\\\/es\\\/nicole-grueira-traballaremos-para-mellorar-o-dia-a-dia-da-mocidade-galega-e-contribuiremos-a-construcion-do-mellor-futuro-posible\\\/\"]}]},{\"@type\":\"ImageObject\",\"inLanguage\":\"es\",\"@id\":\"https:\\\/\\\/ppdegalicia.com\\\/es\\\/nicole-grueira-traballaremos-para-mellorar-o-dia-a-dia-da-mocidade-galega-e-contribuiremos-a-construcion-do-mellor-futuro-posible\\\/#primaryimage\",\"url\":\"https:\\\/\\\/ppdegalicia.com\\\/wp-content\\\/uploads\\\/2023\\\/12\\\/10d10cfd99d2eea7d4355c5a85ddadfa-scaled.jpg\",\"contentUrl\":\"https:\\\/\\\/ppdegalicia.com\\\/wp-content\\\/uploads\\\/2023\\\/12\\\/10d10cfd99d2eea7d4355c5a85ddadfa-scaled.jpg\",\"width\":2560,\"height\":1707},{\"@type\":\"BreadcrumbList\",\"@id\":\"https:\\\/\\\/ppdegalicia.com\\\/es\\\/nicole-grueira-traballaremos-para-mellorar-o-dia-a-dia-da-mocidade-galega-e-contribuiremos-a-construcion-do-mellor-futuro-posible\\\/#breadcrumb\",\"itemListElement\":[{\"@type\":\"ListItem\",\"position\":1,\"name\":\"Portada\",\"item\":\"https:\\\/\\\/ppdegalicia.com\\\/es\\\/\"},{\"@type\":\"ListItem\",\"position\":2,\"name\":\"Nicole Grueira: \u201cTraballaremos para mellorar o d\u00eda a d\u00eda da mocidade galega e contribuiremos \u00e1 construci\u00f3n do mellor futuro posible\u201d\"}]},{\"@type\":\"WebSite\",\"@id\":\"https:\\\/\\\/ppdegalicia.com\\\/es\\\/#website\",\"url\":\"https:\\\/\\\/ppdegalicia.com\\\/es\\\/\",\"name\":\"Partido Popular de Galicia\",\"description\":\"Partido Popular de Galicia\",\"publisher\":{\"@id\":\"https:\\\/\\\/ppdegalicia.com\\\/es\\\/#organization\"},\"alternateName\":\"PP de Galicia\",\"potentialAction\":[{\"@type\":\"SearchAction\",\"target\":{\"@type\":\"EntryPoint\",\"urlTemplate\":\"https:\\\/\\\/ppdegalicia.com\\\/es\\\/?s={search_term_string}\"},\"query-input\":{\"@type\":\"PropertyValueSpecification\",\"valueRequired\":true,\"valueName\":\"search_term_string\"}}],\"inLanguage\":\"es\"},{\"@type\":\"Organization\",\"@id\":\"https:\\\/\\\/ppdegalicia.com\\\/es\\\/#organization\",\"name\":\"Partido Popular de Galicia\",\"alternateName\":\"PP de Galicia\",\"url\":\"https:\\\/\\\/ppdegalicia.com\\\/es\\\/\",\"logo\":{\"@type\":\"ImageObject\",\"inLanguage\":\"es\",\"@id\":\"https:\\\/\\\/ppdegalicia.com\\\/es\\\/#\\\/schema\\\/logo\\\/image\\\/\",\"url\":\"https:\\\/\\\/ppdegalicia.com\\\/wp-content\\\/uploads\\\/2023\\\/04\\\/logoPP512.png\",\"contentUrl\":\"https:\\\/\\\/ppdegalicia.com\\\/wp-content\\\/uploads\\\/2023\\\/04\\\/logoPP512.png\",\"width\":512,\"height\":512,\"caption\":\"Partido Popular de Galicia\"},\"image\":{\"@id\":\"https:\\\/\\\/ppdegalicia.com\\\/es\\\/#\\\/schema\\\/logo\\\/image\\\/\"},\"sameAs\":[\"https:\\\/\\\/www.instagram.com\\\/ppdegalicia\\\/\",\"https:\\\/\\\/x.com\\\/ppdegalicia\",\"https:\\\/\\\/www.tiktok.com\\\/@ppdegalicia\",\"https:\\\/\\\/www.youtube.com\\\/user\\\/ppdegalicia\"]},{\"@type\":\"Person\",\"@id\":\"https:\\\/\\\/ppdegalicia.com\\\/es\\\/#\\\/schema\\\/person\\\/5b822c6f59e872ebdd1142f307dbcb59\",\"name\":\"ppdegaliciaredes\",\"image\":{\"@type\":\"ImageObject\",\"inLanguage\":\"es\",\"@id\":\"https:\\\/\\\/secure.gravatar.com\\\/avatar\\\/3c9179cf0256d00c72a48d1f25783c58b6842cd56e85ef3a572881c8e28ccd59?s=96&d=mm&r=g\",\"url\":\"https:\\\/\\\/secure.gravatar.com\\\/avatar\\\/3c9179cf0256d00c72a48d1f25783c58b6842cd56e85ef3a572881c8e28ccd59?s=96&d=mm&r=g\",\"contentUrl\":\"https:\\\/\\\/secure.gravatar.com\\\/avatar\\\/3c9179cf0256d00c72a48d1f25783c58b6842cd56e85ef3a572881c8e28ccd59?s=96&d=mm&r=g\",\"caption\":\"ppdegaliciaredes\"},\"url\":\"https:\\\/\\\/ppdegalicia.com\\\/es\\\/author\\\/ppdegaliciaredes\\\/\"}]}<\/script>\n<!-- \/ Yoast SEO plugin. -->","yoast_head_json":{"title":"Nicole Grueira: \u201cTraballaremos para mellorar o d\u00eda a d\u00eda da mocidade galega e contribuiremos \u00e1 construci\u00f3n do mellor futuro posible\u201d - PP de Galicia","robots":{"index":"index","follow":"follow","max-snippet":"max-snippet:-1","max-image-preview":"max-image-preview:large","max-video-preview":"max-video-preview:-1"},"canonical":"https:\/\/ppdegalicia.com\/es\/nicole-grueira-traballaremos-para-mellorar-o-dia-a-dia-da-mocidade-galega-e-contribuiremos-a-construcion-do-mellor-futuro-posible\/","og_locale":"es_ES","og_type":"article","og_title":"Nicole Grueira: \u201cTraballaremos para mellorar o d\u00eda a d\u00eda da mocidade galega e contribuiremos \u00e1 construci\u00f3n do mellor futuro posible\u201d - PP de Galicia","og_description":"A presidenta de Novas Xeraci\u00f3ns de Galicia, Nicole Grueira, reuniu hoxe por primeira vez ao novo Comit\u00e9 de Direcci\u00f3n da organizaci\u00f3n, ao que trasladou a importancia de \u201cser un equipo unido e forte\u201d ao tempo que os animaba a \u201ctraballar para mellorar o d\u00eda a d\u00eda da mocidade galega e contribu\u00edr \u00e1 construci\u00f3n do mellor [&hellip;]","og_url":"https:\/\/ppdegalicia.com\/es\/nicole-grueira-traballaremos-para-mellorar-o-dia-a-dia-da-mocidade-galega-e-contribuiremos-a-construcion-do-mellor-futuro-posible\/","og_site_name":"PP de Galicia","article_publisher":"https:\/\/www.instagram.com\/ppdegalicia\/","article_published_time":"2023-12-02T11:43:25+00:00","og_image":[{"width":2560,"height":1707,"url":"https:\/\/ppdegalicia.com\/wp-content\/uploads\/2023\/12\/10d10cfd99d2eea7d4355c5a85ddadfa-scaled.jpg","type":"image\/jpeg"}],"author":"ppdegaliciaredes","twitter_card":"summary_large_image","twitter_creator":"@ppdegalicia","twitter_site":"@ppdegalicia","twitter_misc":{"Escrito por":"ppdegaliciaredes","Tiempo de lectura":"2 minutos"},"schema":{"@context":"https:\/\/schema.org","@graph":[{"@type":"Article","@id":"https:\/\/ppdegalicia.com\/es\/nicole-grueira-traballaremos-para-mellorar-o-dia-a-dia-da-mocidade-galega-e-contribuiremos-a-construcion-do-mellor-futuro-posible\/#article","isPartOf":{"@id":"https:\/\/ppdegalicia.com\/es\/nicole-grueira-traballaremos-para-mellorar-o-dia-a-dia-da-mocidade-galega-e-contribuiremos-a-construcion-do-mellor-futuro-posible\/"},"author":{"name":"ppdegaliciaredes","@id":"https:\/\/ppdegalicia.com\/es\/#\/schema\/person\/5b822c6f59e872ebdd1142f307dbcb59"},"headline":"Nicole Grueira: \u201cTraballaremos para mellorar o d\u00eda a d\u00eda da mocidade galega e contribuiremos \u00e1 construci\u00f3n do mellor futuro posible\u201d","datePublished":"2023-12-02T11:43:25+00:00","mainEntityOfPage":{"@id":"https:\/\/ppdegalicia.com\/es\/nicole-grueira-traballaremos-para-mellorar-o-dia-a-dia-da-mocidade-galega-e-contribuiremos-a-construcion-do-mellor-futuro-posible\/"},"wordCount":375,"commentCount":0,"publisher":{"@id":"https:\/\/ppdegalicia.com\/es\/#organization"},"image":{"@id":"https:\/\/ppdegalicia.com\/es\/nicole-grueira-traballaremos-para-mellorar-o-dia-a-dia-da-mocidade-galega-e-contribuiremos-a-construcion-do-mellor-futuro-posible\/#primaryimage"},"thumbnailUrl":"https:\/\/ppdegalicia.com\/wp-content\/uploads\/2023\/12\/10d10cfd99d2eea7d4355c5a85ddadfa-scaled.jpg","articleSection":["PP de Galicia"],"inLanguage":"es","potentialAction":[{"@type":"CommentAction","name":"Comment","target":["https:\/\/ppdegalicia.com\/es\/nicole-grueira-traballaremos-para-mellorar-o-dia-a-dia-da-mocidade-galega-e-contribuiremos-a-construcion-do-mellor-futuro-posible\/#respond"]}]},{"@type":"WebPage","@id":"https:\/\/ppdegalicia.com\/es\/nicole-grueira-traballaremos-para-mellorar-o-dia-a-dia-da-mocidade-galega-e-contribuiremos-a-construcion-do-mellor-futuro-posible\/","url":"https:\/\/ppdegalicia.com\/es\/nicole-grueira-traballaremos-para-mellorar-o-dia-a-dia-da-mocidade-galega-e-contribuiremos-a-construcion-do-mellor-futuro-posible\/","name":"Nicole Grueira: \u201cTraballaremos para mellorar o d\u00eda a d\u00eda da mocidade galega e contribuiremos \u00e1 construci\u00f3n do mellor futuro posible\u201d - PP de Galicia","isPartOf":{"@id":"https:\/\/ppdegalicia.com\/es\/#website"},"primaryImageOfPage":{"@id":"https:\/\/ppdegalicia.com\/es\/nicole-grueira-traballaremos-para-mellorar-o-dia-a-dia-da-mocidade-galega-e-contribuiremos-a-construcion-do-mellor-futuro-posible\/#primaryimage"},"image":{"@id":"https:\/\/ppdegalicia.com\/es\/nicole-grueira-traballaremos-para-mellorar-o-dia-a-dia-da-mocidade-galega-e-contribuiremos-a-construcion-do-mellor-futuro-posible\/#primaryimage"},"thumbnailUrl":"https:\/\/ppdegalicia.com\/wp-content\/uploads\/2023\/12\/10d10cfd99d2eea7d4355c5a85ddadfa-scaled.jpg","datePublished":"2023-12-02T11:43:25+00:00","breadcrumb":{"@id":"https:\/\/ppdegalicia.com\/es\/nicole-grueira-traballaremos-para-mellorar-o-dia-a-dia-da-mocidade-galega-e-contribuiremos-a-construcion-do-mellor-futuro-posible\/#breadcrumb"},"inLanguage":"es","potentialAction":[{"@type":"ReadAction","target":["https:\/\/ppdegalicia.com\/es\/nicole-grueira-traballaremos-para-mellorar-o-dia-a-dia-da-mocidade-galega-e-contribuiremos-a-construcion-do-mellor-futuro-posible\/"]}]},{"@type":"ImageObject","inLanguage":"es","@id":"https:\/\/ppdegalicia.com\/es\/nicole-grueira-traballaremos-para-mellorar-o-dia-a-dia-da-mocidade-galega-e-contribuiremos-a-construcion-do-mellor-futuro-posible\/#primaryimage","url":"https:\/\/ppdegalicia.com\/wp-content\/uploads\/2023\/12\/10d10cfd99d2eea7d4355c5a85ddadfa-scaled.jpg","contentUrl":"https:\/\/ppdegalicia.com\/wp-content\/uploads\/2023\/12\/10d10cfd99d2eea7d4355c5a85ddadfa-scaled.jpg","width":2560,"height":1707},{"@type":"BreadcrumbList","@id":"https:\/\/ppdegalicia.com\/es\/nicole-grueira-traballaremos-para-mellorar-o-dia-a-dia-da-mocidade-galega-e-contribuiremos-a-construcion-do-mellor-futuro-posible\/#breadcrumb","itemListElement":[{"@type":"ListItem","position":1,"name":"Portada","item":"https:\/\/ppdegalicia.com\/es\/"},{"@type":"ListItem","position":2,"name":"Nicole Grueira: \u201cTraballaremos para mellorar o d\u00eda a d\u00eda da mocidade galega e contribuiremos \u00e1 construci\u00f3n do mellor futuro posible\u201d"}]},{"@type":"WebSite","@id":"https:\/\/ppdegalicia.com\/es\/#website","url":"https:\/\/ppdegalicia.com\/es\/","name":"Partido Popular de Galicia","description":"Partido Popular de Galicia","publisher":{"@id":"https:\/\/ppdegalicia.com\/es\/#organization"},"alternateName":"PP de Galicia","potentialAction":[{"@type":"SearchAction","target":{"@type":"EntryPoint","urlTemplate":"https:\/\/ppdegalicia.com\/es\/?s={search_term_string}"},"query-input":{"@type":"PropertyValueSpecification","valueRequired":true,"valueName":"search_term_string"}}],"inLanguage":"es"},{"@type":"Organization","@id":"https:\/\/ppdegalicia.com\/es\/#organization","name":"Partido Popular de Galicia","alternateName":"PP de Galicia","url":"https:\/\/ppdegalicia.com\/es\/","logo":{"@type":"ImageObject","inLanguage":"es","@id":"https:\/\/ppdegalicia.com\/es\/#\/schema\/logo\/image\/","url":"https:\/\/ppdegalicia.com\/wp-content\/uploads\/2023\/04\/logoPP512.png","contentUrl":"https:\/\/ppdegalicia.com\/wp-content\/uploads\/2023\/04\/logoPP512.png","width":512,"height":512,"caption":"Partido Popular de Galicia"},"image":{"@id":"https:\/\/ppdegalicia.com\/es\/#\/schema\/logo\/image\/"},"sameAs":["https:\/\/www.instagram.com\/ppdegalicia\/","https:\/\/x.com\/ppdegalicia","https:\/\/www.tiktok.com\/@ppdegalicia","https:\/\/www.youtube.com\/user\/ppdegalicia"]},{"@type":"Person","@id":"https:\/\/ppdegalicia.com\/es\/#\/schema\/person\/5b822c6f59e872ebdd1142f307dbcb59","name":"ppdegaliciaredes","image":{"@type":"ImageObject","inLanguage":"es","@id":"https:\/\/secure.gravatar.com\/avatar\/3c9179cf0256d00c72a48d1f25783c58b6842cd56e85ef3a572881c8e28ccd59?s=96&d=mm&r=g","url":"https:\/\/secure.gravatar.com\/avatar\/3c9179cf0256d00c72a48d1f25783c58b6842cd56e85ef3a572881c8e28ccd59?s=96&d=mm&r=g","contentUrl":"https:\/\/secure.gravatar.com\/avatar\/3c9179cf0256d00c72a48d1f25783c58b6842cd56e85ef3a572881c8e28ccd59?s=96&d=mm&r=g","caption":"ppdegaliciaredes"},"url":"https:\/\/ppdegalicia.com\/es\/author\/ppdegaliciaredes\/"}]}},"_links":{"self":[{"href":"https:\/\/ppdegalicia.com\/es\/wp-json\/wp\/v2\/posts\/58497","targetHints":{"allow":["GET"]}}],"collection":[{"href":"https:\/\/ppdegalicia.com\/es\/wp-json\/wp\/v2\/posts"}],"about":[{"href":"https:\/\/ppdegalicia.com\/es\/wp-json\/wp\/v2\/types\/post"}],"author":[{"embeddable":true,"href":"https:\/\/ppdegalicia.com\/es\/wp-json\/wp\/v2\/users\/38"}],"replies":[{"embeddable":true,"href":"https:\/\/ppdegalicia.com\/es\/wp-json\/wp\/v2\/comments?post=58497"}],"version-history":[{"count":0,"href":"https:\/\/ppdegalicia.com\/es\/wp-json\/wp\/v2\/posts\/58497\/revisions"}],"wp:featuredmedia":[{"embeddable":true,"href":"https:\/\/ppdegalicia.com\/es\/wp-json\/wp\/v2\/media\/58496"}],"wp:attachment":[{"href":"https:\/\/ppdegalicia.com\/es\/wp-json\/wp\/v2\/media?parent=58497"}],"wp:term":[{"taxonomy":"category","embeddable":true,"href":"https:\/\/ppdegalicia.com\/es\/wp-json\/wp\/v2\/categories?post=58497"},{"taxonomy":"post_tag","embeddable":true,"href":"https:\/\/ppdegalicia.com\/es\/wp-json\/wp\/v2\/tags?post=58497"}],"curies":[{"name":"wp","href":"https:\/\/api.w.org\/{rel}","templated":true}]}}