{"id":58507,"date":"2023-12-13T15:34:05","date_gmt":"2023-12-13T13:34:05","guid":{"rendered":"https:\/\/ppdegalicia.com\/alfonso-rueda-reivindica-en-santiago-un-ano-no-que-o-goberno-galego-fixo-mellorar-a-vida-dos-compostelans-e-de-todos-os-galegos-grazas-a-novidosas-medidas-sociais\/"},"modified":"2023-12-13T15:34:05","modified_gmt":"2023-12-13T13:34:05","slug":"alfonso-rueda-reivindica-en-santiago-un-ano-no-que-o-goberno-galego-fixo-mellorar-a-vida-dos-compostelans-e-de-todos-os-galegos-grazas-a-novidosas-medidas-sociais","status":"publish","type":"post","link":"https:\/\/ppdegalicia.com\/es\/alfonso-rueda-reivindica-en-santiago-un-ano-no-que-o-goberno-galego-fixo-mellorar-a-vida-dos-compostelans-e-de-todos-os-galegos-grazas-a-novidosas-medidas-sociais\/","title":{"rendered":"Alfonso Rueda reivindica en Santiago un ano no que o Goberno galego fixo mellorar a vida dos compostel\u00e1ns e de todos os galegos grazas a novidosas medidas sociais"},"content":{"rendered":"<p><img fetchpriority=\"high\" decoding=\"async\" class=\" size-full wp-image-58506\" src=\"https:\/\/ppdegalicia.com\/wp-content\/uploads\/2023\/12\/8a7b6794dd3ec38507be44d96e251a51-scaled.jpg\" alt=\"\" width=\"2560\" height=\"1800\" srcset=\"https:\/\/ppdegalicia.com\/wp-content\/uploads\/2023\/12\/8a7b6794dd3ec38507be44d96e251a51-scaled.jpg 2560w, https:\/\/ppdegalicia.com\/wp-content\/uploads\/2023\/12\/8a7b6794dd3ec38507be44d96e251a51-300x211.jpg 300w, https:\/\/ppdegalicia.com\/wp-content\/uploads\/2023\/12\/8a7b6794dd3ec38507be44d96e251a51-1024x720.jpg 1024w, https:\/\/ppdegalicia.com\/wp-content\/uploads\/2023\/12\/8a7b6794dd3ec38507be44d96e251a51-768x540.jpg 768w, https:\/\/ppdegalicia.com\/wp-content\/uploads\/2023\/12\/8a7b6794dd3ec38507be44d96e251a51-1536x1080.jpg 1536w, https:\/\/ppdegalicia.com\/wp-content\/uploads\/2023\/12\/8a7b6794dd3ec38507be44d96e251a51-2048x1440.jpg 2048w\" sizes=\"(max-width: 2560px) 100vw, 2560px\" \/><\/p>\n<p>O presidente do PPdeG, Alfonso Rueda, fixo hoxe balance dun ano 2023 que cualificou de positivo e que, asegurou, pecha coa satisfacci\u00f3n do traballo ben feito grazas \u00e1s novidosas medidas sociais promovidas pola Xunta e que se traduciron nunha mellora da vida dos compostel\u00e1ns e de todos os galegos.<\/p>\n<p><!--more--><\/p>\n<p>Neste sentido explicou que Galicia hoxe ten o calendario de vacinas m\u00e1is completo do mundo, as persoas que coidan dependentes na s\u00faa casa van recibir un apoio adicional e merecido de 5.000 euros anuais, as familias con nenos ter\u00e1n un bono de 120 euros para facer fronte aos gastos deportivos e os aut\u00f3nomos beneficiaranse en 2024 da \u201ccota cero\u201d. Do mesmo xeito que os galegos te\u00f1en tam\u00e9n m\u00e1is di\u00f1eiro nos seus petos grazas \u00e1s rebaixas de impostos e as familias aforr\u00e1ronse este ano 2.000 euros grazas \u00e1 gratuidade das escolas infant\u00eds.<\/p>\n<p>Medidas todas elas para as que, tal e como indicou Rueda, \u00e9 necesario contar cun Goberno que ofreza estabilidade e rigor e non un que se dedique a prometer unha cousa distinta a cada un dos partidos cos que ten que pactar.<\/p>\n<p>Puxo en valor neste sentido que Galicia \u00e9 unha illa de estabilidade e que os galegos saben valorar esa estabilidade, como as\u00ed se demostra de forma maioritaria en cada convocatoria electoral. \u201cOs galegos saben valorala, pero n\u00f3s tam\u00e9n temos que facela valer\u201d, engadiu.<\/p>\n<p>O l\u00edder dos populares galegos insistiu en que fronte \u00e1 amnist\u00eda, \u00e1 mutualizaci\u00f3n da d\u00e9beda dos incumpridores e o \u201cvale todo\u201d, o PP ser\u00e1 sempre un partido leal, cumpridor, con principios firmes e li\u00f1as vermellas que defender\u00e1 o rigor nas contas e na xesti\u00f3n.<\/p>\n<p>Por iso, acompa\u00f1ado pola secretaria xeral do PPdeG, Paula Prado, animou a todos os presentes a seguir defendendo con orgullo o que \u00e9 correcto, o que \u00e9 bo para Galicia e para os galegos, sen dar nada por feito.<\/p>\n<p><strong><u>BORJA VEREA: \u201cVOLVEMOS SER O PARTIDO GA\u00d1ADOR\u201d<\/u><\/strong><\/p>\n<p>Pola s\u00faa banda, Borja Verea quixo agradecer, ante os m\u00e1is de 500 asistentes ao acto, todo o traballo levado a cabo polos populares compostel\u00e1ns no \u00faltimo ano. Un esforzo que se viu recompensado cos bos resultados obtidos nas elecci\u00f3ns municipais: \u201cVolvemos ser o partido ga\u00f1ador despois de 12 anos co 40% dos votos, e co dobre de concelleiros que o BNG ou o PSOE\u201d.<\/p>\n<p>Para o l\u00edder popular \u00e9 fundamental esa forza, unha enerx\u00eda que \u201cnotamos d\u00eda a d\u00eda e que ademais vai crecendo, como se exemplifica neste pincho de Nadal, no que cada ano somos m\u00e1is\u201d.<\/p>\n<p>\u201cNon podemos esquecer que tanto aqu\u00ed en Santiago nas municipais, como en Espa\u00f1a nas elecci\u00f3ns xerais, xunt\u00e1ronse todos os perdedores para impedir un goberno do PP\u201d, sinalou o l\u00edder local advertindo que \u201cs\u00f3 nos vale a maior\u00eda absoluta porque eles non van ter escr\u00fapulos en pactar con que faga falta\u201d.<\/p>\n<p>Por iso, e desde a humildade e o compromiso, amosouse convencido de que o PP volver\u00e1 gobernar en Compostela \u201cpara levala ao s\u00e9culo XXI e deixar atr\u00e1s o pasado que representan o BNG e o PSOE\u201d. Pero antes marcouse como obxectivo traballar para que Alfonso Rueda acade a s\u00faa primeira maior\u00eda absoluta.<\/p>\n<p>E \u00e9 que, para Verea, \u201cnon s\u00f3 temos o mellor candidato, sen\u00f3n que tam\u00e9n temos o mellor presidente\u201d. As\u00ed, deixou claro que Santiago estar\u00e1 a\u00ed para contribu\u00edr a que Rueda siga sendo o presidente da Xunta.<\/p>\n<p>O l\u00edder local lembrou a relaci\u00f3n que o une ao actual presidente da Xunta desde hai case 20 anos e pediu aos asistentes: \u201cDeix\u00e1devos a pel e traballade como nunca para que Santiago sexa a punta de lanza desa gran vitoria que necesita Galicia, desa gran vitoria para o presidente Rueda\u201d.<\/p>\n","protected":false},"excerpt":{"rendered":"<p>O presidente do PPdeG, Alfonso Rueda, fixo hoxe balance dun ano 2023 que cualificou de positivo e que, asegurou, pecha coa satisfacci\u00f3n do traballo ben feito grazas \u00e1s novidosas medidas sociais promovidas pola Xunta e que se traduciron nunha mellora da vida dos compostel\u00e1ns e de todos os galegos.<\/p>\n","protected":false},"author":38,"featured_media":58506,"comment_status":"open","ping_status":"open","sticky":false,"template":"","format":"standard","meta":{"_acf_changed":false,"footnotes":""},"categories":[1],"tags":[],"class_list":["post-58507","post","type-post","status-publish","format-standard","has-post-thumbnail","hentry","category-pp-de-galicia"],"acf":[],"yoast_head":"<!-- This site is optimized with the Yoast SEO plugin v27.3 - https:\/\/yoast.com\/product\/yoast-seo-wordpress\/ -->\n<title>Alfonso Rueda reivindica en Santiago un ano no que o Goberno galego fixo mellorar a vida dos compostel\u00e1ns e de todos os galegos grazas a novidosas medidas sociais - PP de Galicia<\/title>\n<meta name=\"robots\" content=\"index, follow, max-snippet:-1, max-image-preview:large, max-video-preview:-1\" \/>\n<link rel=\"canonical\" href=\"https:\/\/ppdegalicia.com\/es\/alfonso-rueda-reivindica-en-santiago-un-ano-no-que-o-goberno-galego-fixo-mellorar-a-vida-dos-compostelans-e-de-todos-os-galegos-grazas-a-novidosas-medidas-sociais\/\" \/>\n<meta property=\"og:locale\" content=\"es_ES\" \/>\n<meta property=\"og:type\" content=\"article\" \/>\n<meta property=\"og:title\" content=\"Alfonso Rueda reivindica en Santiago un ano no que o Goberno galego fixo mellorar a vida dos compostel\u00e1ns e de todos os galegos grazas a novidosas medidas sociais - PP de Galicia\" \/>\n<meta property=\"og:description\" content=\"O presidente do PPdeG, Alfonso Rueda, fixo hoxe balance dun ano 2023 que cualificou de positivo e que, asegurou, pecha coa satisfacci\u00f3n do traballo ben feito grazas \u00e1s novidosas medidas sociais promovidas pola Xunta e que se traduciron nunha mellora da vida dos compostel\u00e1ns e de todos os galegos.\" \/>\n<meta property=\"og:url\" content=\"https:\/\/ppdegalicia.com\/es\/alfonso-rueda-reivindica-en-santiago-un-ano-no-que-o-goberno-galego-fixo-mellorar-a-vida-dos-compostelans-e-de-todos-os-galegos-grazas-a-novidosas-medidas-sociais\/\" \/>\n<meta property=\"og:site_name\" content=\"PP de Galicia\" \/>\n<meta property=\"article:publisher\" content=\"https:\/\/www.instagram.com\/ppdegalicia\/\" \/>\n<meta property=\"article:published_time\" content=\"2023-12-13T13:34:05+00:00\" \/>\n<meta property=\"og:image\" content=\"https:\/\/ppdegalicia.com\/wp-content\/uploads\/2023\/12\/8a7b6794dd3ec38507be44d96e251a51-scaled.jpg\" \/>\n\t<meta property=\"og:image:width\" content=\"2560\" \/>\n\t<meta property=\"og:image:height\" content=\"1800\" \/>\n\t<meta property=\"og:image:type\" content=\"image\/jpeg\" \/>\n<meta name=\"author\" content=\"ppdegaliciaredes\" \/>\n<meta name=\"twitter:card\" content=\"summary_large_image\" \/>\n<meta name=\"twitter:creator\" content=\"@ppdegalicia\" \/>\n<meta name=\"twitter:site\" content=\"@ppdegalicia\" \/>\n<meta name=\"twitter:label1\" content=\"Escrito por\" \/>\n\t<meta name=\"twitter:data1\" content=\"ppdegaliciaredes\" \/>\n\t<meta name=\"twitter:label2\" content=\"Tiempo de lectura\" \/>\n\t<meta name=\"twitter:data2\" content=\"3 minutos\" \/>\n<script type=\"application\/ld+json\" class=\"yoast-schema-graph\">{\"@context\":\"https:\\\/\\\/schema.org\",\"@graph\":[{\"@type\":\"Article\",\"@id\":\"https:\\\/\\\/ppdegalicia.com\\\/es\\\/alfonso-rueda-reivindica-en-santiago-un-ano-no-que-o-goberno-galego-fixo-mellorar-a-vida-dos-compostelans-e-de-todos-os-galegos-grazas-a-novidosas-medidas-sociais\\\/#article\",\"isPartOf\":{\"@id\":\"https:\\\/\\\/ppdegalicia.com\\\/es\\\/alfonso-rueda-reivindica-en-santiago-un-ano-no-que-o-goberno-galego-fixo-mellorar-a-vida-dos-compostelans-e-de-todos-os-galegos-grazas-a-novidosas-medidas-sociais\\\/\"},\"author\":{\"name\":\"ppdegaliciaredes\",\"@id\":\"https:\\\/\\\/ppdegalicia.com\\\/es\\\/#\\\/schema\\\/person\\\/5b822c6f59e872ebdd1142f307dbcb59\"},\"headline\":\"Alfonso Rueda reivindica en Santiago un ano no que o Goberno galego fixo mellorar a vida dos compostel\u00e1ns e de todos os galegos grazas a novidosas medidas sociais\",\"datePublished\":\"2023-12-13T13:34:05+00:00\",\"mainEntityOfPage\":{\"@id\":\"https:\\\/\\\/ppdegalicia.com\\\/es\\\/alfonso-rueda-reivindica-en-santiago-un-ano-no-que-o-goberno-galego-fixo-mellorar-a-vida-dos-compostelans-e-de-todos-os-galegos-grazas-a-novidosas-medidas-sociais\\\/\"},\"wordCount\":660,\"commentCount\":0,\"publisher\":{\"@id\":\"https:\\\/\\\/ppdegalicia.com\\\/es\\\/#organization\"},\"image\":{\"@id\":\"https:\\\/\\\/ppdegalicia.com\\\/es\\\/alfonso-rueda-reivindica-en-santiago-un-ano-no-que-o-goberno-galego-fixo-mellorar-a-vida-dos-compostelans-e-de-todos-os-galegos-grazas-a-novidosas-medidas-sociais\\\/#primaryimage\"},\"thumbnailUrl\":\"https:\\\/\\\/ppdegalicia.com\\\/wp-content\\\/uploads\\\/2023\\\/12\\\/8a7b6794dd3ec38507be44d96e251a51-scaled.jpg\",\"articleSection\":[\"PP de Galicia\"],\"inLanguage\":\"es\",\"potentialAction\":[{\"@type\":\"CommentAction\",\"name\":\"Comment\",\"target\":[\"https:\\\/\\\/ppdegalicia.com\\\/es\\\/alfonso-rueda-reivindica-en-santiago-un-ano-no-que-o-goberno-galego-fixo-mellorar-a-vida-dos-compostelans-e-de-todos-os-galegos-grazas-a-novidosas-medidas-sociais\\\/#respond\"]}]},{\"@type\":\"WebPage\",\"@id\":\"https:\\\/\\\/ppdegalicia.com\\\/es\\\/alfonso-rueda-reivindica-en-santiago-un-ano-no-que-o-goberno-galego-fixo-mellorar-a-vida-dos-compostelans-e-de-todos-os-galegos-grazas-a-novidosas-medidas-sociais\\\/\",\"url\":\"https:\\\/\\\/ppdegalicia.com\\\/es\\\/alfonso-rueda-reivindica-en-santiago-un-ano-no-que-o-goberno-galego-fixo-mellorar-a-vida-dos-compostelans-e-de-todos-os-galegos-grazas-a-novidosas-medidas-sociais\\\/\",\"name\":\"Alfonso Rueda reivindica en Santiago un ano no que o Goberno galego fixo mellorar a vida dos compostel\u00e1ns e de todos os galegos grazas a novidosas medidas sociais - PP de Galicia\",\"isPartOf\":{\"@id\":\"https:\\\/\\\/ppdegalicia.com\\\/es\\\/#website\"},\"primaryImageOfPage\":{\"@id\":\"https:\\\/\\\/ppdegalicia.com\\\/es\\\/alfonso-rueda-reivindica-en-santiago-un-ano-no-que-o-goberno-galego-fixo-mellorar-a-vida-dos-compostelans-e-de-todos-os-galegos-grazas-a-novidosas-medidas-sociais\\\/#primaryimage\"},\"image\":{\"@id\":\"https:\\\/\\\/ppdegalicia.com\\\/es\\\/alfonso-rueda-reivindica-en-santiago-un-ano-no-que-o-goberno-galego-fixo-mellorar-a-vida-dos-compostelans-e-de-todos-os-galegos-grazas-a-novidosas-medidas-sociais\\\/#primaryimage\"},\"thumbnailUrl\":\"https:\\\/\\\/ppdegalicia.com\\\/wp-content\\\/uploads\\\/2023\\\/12\\\/8a7b6794dd3ec38507be44d96e251a51-scaled.jpg\",\"datePublished\":\"2023-12-13T13:34:05+00:00\",\"breadcrumb\":{\"@id\":\"https:\\\/\\\/ppdegalicia.com\\\/es\\\/alfonso-rueda-reivindica-en-santiago-un-ano-no-que-o-goberno-galego-fixo-mellorar-a-vida-dos-compostelans-e-de-todos-os-galegos-grazas-a-novidosas-medidas-sociais\\\/#breadcrumb\"},\"inLanguage\":\"es\",\"potentialAction\":[{\"@type\":\"ReadAction\",\"target\":[\"https:\\\/\\\/ppdegalicia.com\\\/es\\\/alfonso-rueda-reivindica-en-santiago-un-ano-no-que-o-goberno-galego-fixo-mellorar-a-vida-dos-compostelans-e-de-todos-os-galegos-grazas-a-novidosas-medidas-sociais\\\/\"]}]},{\"@type\":\"ImageObject\",\"inLanguage\":\"es\",\"@id\":\"https:\\\/\\\/ppdegalicia.com\\\/es\\\/alfonso-rueda-reivindica-en-santiago-un-ano-no-que-o-goberno-galego-fixo-mellorar-a-vida-dos-compostelans-e-de-todos-os-galegos-grazas-a-novidosas-medidas-sociais\\\/#primaryimage\",\"url\":\"https:\\\/\\\/ppdegalicia.com\\\/wp-content\\\/uploads\\\/2023\\\/12\\\/8a7b6794dd3ec38507be44d96e251a51-scaled.jpg\",\"contentUrl\":\"https:\\\/\\\/ppdegalicia.com\\\/wp-content\\\/uploads\\\/2023\\\/12\\\/8a7b6794dd3ec38507be44d96e251a51-scaled.jpg\",\"width\":2560,\"height\":1800},{\"@type\":\"BreadcrumbList\",\"@id\":\"https:\\\/\\\/ppdegalicia.com\\\/es\\\/alfonso-rueda-reivindica-en-santiago-un-ano-no-que-o-goberno-galego-fixo-mellorar-a-vida-dos-compostelans-e-de-todos-os-galegos-grazas-a-novidosas-medidas-sociais\\\/#breadcrumb\",\"itemListElement\":[{\"@type\":\"ListItem\",\"position\":1,\"name\":\"Portada\",\"item\":\"https:\\\/\\\/ppdegalicia.com\\\/es\\\/\"},{\"@type\":\"ListItem\",\"position\":2,\"name\":\"Alfonso Rueda reivindica en Santiago un ano no que o Goberno galego fixo mellorar a vida dos compostel\u00e1ns e de todos os galegos grazas a novidosas medidas sociais\"}]},{\"@type\":\"WebSite\",\"@id\":\"https:\\\/\\\/ppdegalicia.com\\\/es\\\/#website\",\"url\":\"https:\\\/\\\/ppdegalicia.com\\\/es\\\/\",\"name\":\"Partido Popular de Galicia\",\"description\":\"Partido Popular de Galicia\",\"publisher\":{\"@id\":\"https:\\\/\\\/ppdegalicia.com\\\/es\\\/#organization\"},\"alternateName\":\"PP de Galicia\",\"potentialAction\":[{\"@type\":\"SearchAction\",\"target\":{\"@type\":\"EntryPoint\",\"urlTemplate\":\"https:\\\/\\\/ppdegalicia.com\\\/es\\\/?s={search_term_string}\"},\"query-input\":{\"@type\":\"PropertyValueSpecification\",\"valueRequired\":true,\"valueName\":\"search_term_string\"}}],\"inLanguage\":\"es\"},{\"@type\":\"Organization\",\"@id\":\"https:\\\/\\\/ppdegalicia.com\\\/es\\\/#organization\",\"name\":\"Partido Popular de Galicia\",\"alternateName\":\"PP de Galicia\",\"url\":\"https:\\\/\\\/ppdegalicia.com\\\/es\\\/\",\"logo\":{\"@type\":\"ImageObject\",\"inLanguage\":\"es\",\"@id\":\"https:\\\/\\\/ppdegalicia.com\\\/es\\\/#\\\/schema\\\/logo\\\/image\\\/\",\"url\":\"https:\\\/\\\/ppdegalicia.com\\\/wp-content\\\/uploads\\\/2023\\\/04\\\/logoPP512.png\",\"contentUrl\":\"https:\\\/\\\/ppdegalicia.com\\\/wp-content\\\/uploads\\\/2023\\\/04\\\/logoPP512.png\",\"width\":512,\"height\":512,\"caption\":\"Partido Popular de Galicia\"},\"image\":{\"@id\":\"https:\\\/\\\/ppdegalicia.com\\\/es\\\/#\\\/schema\\\/logo\\\/image\\\/\"},\"sameAs\":[\"https:\\\/\\\/www.instagram.com\\\/ppdegalicia\\\/\",\"https:\\\/\\\/x.com\\\/ppdegalicia\",\"https:\\\/\\\/www.tiktok.com\\\/@ppdegalicia\",\"https:\\\/\\\/www.youtube.com\\\/user\\\/ppdegalicia\"]},{\"@type\":\"Person\",\"@id\":\"https:\\\/\\\/ppdegalicia.com\\\/es\\\/#\\\/schema\\\/person\\\/5b822c6f59e872ebdd1142f307dbcb59\",\"name\":\"ppdegaliciaredes\",\"image\":{\"@type\":\"ImageObject\",\"inLanguage\":\"es\",\"@id\":\"https:\\\/\\\/secure.gravatar.com\\\/avatar\\\/3c9179cf0256d00c72a48d1f25783c58b6842cd56e85ef3a572881c8e28ccd59?s=96&d=mm&r=g\",\"url\":\"https:\\\/\\\/secure.gravatar.com\\\/avatar\\\/3c9179cf0256d00c72a48d1f25783c58b6842cd56e85ef3a572881c8e28ccd59?s=96&d=mm&r=g\",\"contentUrl\":\"https:\\\/\\\/secure.gravatar.com\\\/avatar\\\/3c9179cf0256d00c72a48d1f25783c58b6842cd56e85ef3a572881c8e28ccd59?s=96&d=mm&r=g\",\"caption\":\"ppdegaliciaredes\"},\"url\":\"https:\\\/\\\/ppdegalicia.com\\\/es\\\/author\\\/ppdegaliciaredes\\\/\"}]}<\/script>\n<!-- \/ Yoast SEO plugin. -->","yoast_head_json":{"title":"Alfonso Rueda reivindica en Santiago un ano no que o Goberno galego fixo mellorar a vida dos compostel\u00e1ns e de todos os galegos grazas a novidosas medidas sociais - PP de Galicia","robots":{"index":"index","follow":"follow","max-snippet":"max-snippet:-1","max-image-preview":"max-image-preview:large","max-video-preview":"max-video-preview:-1"},"canonical":"https:\/\/ppdegalicia.com\/es\/alfonso-rueda-reivindica-en-santiago-un-ano-no-que-o-goberno-galego-fixo-mellorar-a-vida-dos-compostelans-e-de-todos-os-galegos-grazas-a-novidosas-medidas-sociais\/","og_locale":"es_ES","og_type":"article","og_title":"Alfonso Rueda reivindica en Santiago un ano no que o Goberno galego fixo mellorar a vida dos compostel\u00e1ns e de todos os galegos grazas a novidosas medidas sociais - PP de Galicia","og_description":"O presidente do PPdeG, Alfonso Rueda, fixo hoxe balance dun ano 2023 que cualificou de positivo e que, asegurou, pecha coa satisfacci\u00f3n do traballo ben feito grazas \u00e1s novidosas medidas sociais promovidas pola Xunta e que se traduciron nunha mellora da vida dos compostel\u00e1ns e de todos os galegos.","og_url":"https:\/\/ppdegalicia.com\/es\/alfonso-rueda-reivindica-en-santiago-un-ano-no-que-o-goberno-galego-fixo-mellorar-a-vida-dos-compostelans-e-de-todos-os-galegos-grazas-a-novidosas-medidas-sociais\/","og_site_name":"PP de Galicia","article_publisher":"https:\/\/www.instagram.com\/ppdegalicia\/","article_published_time":"2023-12-13T13:34:05+00:00","og_image":[{"width":2560,"height":1800,"url":"https:\/\/ppdegalicia.com\/wp-content\/uploads\/2023\/12\/8a7b6794dd3ec38507be44d96e251a51-scaled.jpg","type":"image\/jpeg"}],"author":"ppdegaliciaredes","twitter_card":"summary_large_image","twitter_creator":"@ppdegalicia","twitter_site":"@ppdegalicia","twitter_misc":{"Escrito por":"ppdegaliciaredes","Tiempo de lectura":"3 minutos"},"schema":{"@context":"https:\/\/schema.org","@graph":[{"@type":"Article","@id":"https:\/\/ppdegalicia.com\/es\/alfonso-rueda-reivindica-en-santiago-un-ano-no-que-o-goberno-galego-fixo-mellorar-a-vida-dos-compostelans-e-de-todos-os-galegos-grazas-a-novidosas-medidas-sociais\/#article","isPartOf":{"@id":"https:\/\/ppdegalicia.com\/es\/alfonso-rueda-reivindica-en-santiago-un-ano-no-que-o-goberno-galego-fixo-mellorar-a-vida-dos-compostelans-e-de-todos-os-galegos-grazas-a-novidosas-medidas-sociais\/"},"author":{"name":"ppdegaliciaredes","@id":"https:\/\/ppdegalicia.com\/es\/#\/schema\/person\/5b822c6f59e872ebdd1142f307dbcb59"},"headline":"Alfonso Rueda reivindica en Santiago un ano no que o Goberno galego fixo mellorar a vida dos compostel\u00e1ns e de todos os galegos grazas a novidosas medidas sociais","datePublished":"2023-12-13T13:34:05+00:00","mainEntityOfPage":{"@id":"https:\/\/ppdegalicia.com\/es\/alfonso-rueda-reivindica-en-santiago-un-ano-no-que-o-goberno-galego-fixo-mellorar-a-vida-dos-compostelans-e-de-todos-os-galegos-grazas-a-novidosas-medidas-sociais\/"},"wordCount":660,"commentCount":0,"publisher":{"@id":"https:\/\/ppdegalicia.com\/es\/#organization"},"image":{"@id":"https:\/\/ppdegalicia.com\/es\/alfonso-rueda-reivindica-en-santiago-un-ano-no-que-o-goberno-galego-fixo-mellorar-a-vida-dos-compostelans-e-de-todos-os-galegos-grazas-a-novidosas-medidas-sociais\/#primaryimage"},"thumbnailUrl":"https:\/\/ppdegalicia.com\/wp-content\/uploads\/2023\/12\/8a7b6794dd3ec38507be44d96e251a51-scaled.jpg","articleSection":["PP de Galicia"],"inLanguage":"es","potentialAction":[{"@type":"CommentAction","name":"Comment","target":["https:\/\/ppdegalicia.com\/es\/alfonso-rueda-reivindica-en-santiago-un-ano-no-que-o-goberno-galego-fixo-mellorar-a-vida-dos-compostelans-e-de-todos-os-galegos-grazas-a-novidosas-medidas-sociais\/#respond"]}]},{"@type":"WebPage","@id":"https:\/\/ppdegalicia.com\/es\/alfonso-rueda-reivindica-en-santiago-un-ano-no-que-o-goberno-galego-fixo-mellorar-a-vida-dos-compostelans-e-de-todos-os-galegos-grazas-a-novidosas-medidas-sociais\/","url":"https:\/\/ppdegalicia.com\/es\/alfonso-rueda-reivindica-en-santiago-un-ano-no-que-o-goberno-galego-fixo-mellorar-a-vida-dos-compostelans-e-de-todos-os-galegos-grazas-a-novidosas-medidas-sociais\/","name":"Alfonso Rueda reivindica en Santiago un ano no que o Goberno galego fixo mellorar a vida dos compostel\u00e1ns e de todos os galegos grazas a novidosas medidas sociais - PP de Galicia","isPartOf":{"@id":"https:\/\/ppdegalicia.com\/es\/#website"},"primaryImageOfPage":{"@id":"https:\/\/ppdegalicia.com\/es\/alfonso-rueda-reivindica-en-santiago-un-ano-no-que-o-goberno-galego-fixo-mellorar-a-vida-dos-compostelans-e-de-todos-os-galegos-grazas-a-novidosas-medidas-sociais\/#primaryimage"},"image":{"@id":"https:\/\/ppdegalicia.com\/es\/alfonso-rueda-reivindica-en-santiago-un-ano-no-que-o-goberno-galego-fixo-mellorar-a-vida-dos-compostelans-e-de-todos-os-galegos-grazas-a-novidosas-medidas-sociais\/#primaryimage"},"thumbnailUrl":"https:\/\/ppdegalicia.com\/wp-content\/uploads\/2023\/12\/8a7b6794dd3ec38507be44d96e251a51-scaled.jpg","datePublished":"2023-12-13T13:34:05+00:00","breadcrumb":{"@id":"https:\/\/ppdegalicia.com\/es\/alfonso-rueda-reivindica-en-santiago-un-ano-no-que-o-goberno-galego-fixo-mellorar-a-vida-dos-compostelans-e-de-todos-os-galegos-grazas-a-novidosas-medidas-sociais\/#breadcrumb"},"inLanguage":"es","potentialAction":[{"@type":"ReadAction","target":["https:\/\/ppdegalicia.com\/es\/alfonso-rueda-reivindica-en-santiago-un-ano-no-que-o-goberno-galego-fixo-mellorar-a-vida-dos-compostelans-e-de-todos-os-galegos-grazas-a-novidosas-medidas-sociais\/"]}]},{"@type":"ImageObject","inLanguage":"es","@id":"https:\/\/ppdegalicia.com\/es\/alfonso-rueda-reivindica-en-santiago-un-ano-no-que-o-goberno-galego-fixo-mellorar-a-vida-dos-compostelans-e-de-todos-os-galegos-grazas-a-novidosas-medidas-sociais\/#primaryimage","url":"https:\/\/ppdegalicia.com\/wp-content\/uploads\/2023\/12\/8a7b6794dd3ec38507be44d96e251a51-scaled.jpg","contentUrl":"https:\/\/ppdegalicia.com\/wp-content\/uploads\/2023\/12\/8a7b6794dd3ec38507be44d96e251a51-scaled.jpg","width":2560,"height":1800},{"@type":"BreadcrumbList","@id":"https:\/\/ppdegalicia.com\/es\/alfonso-rueda-reivindica-en-santiago-un-ano-no-que-o-goberno-galego-fixo-mellorar-a-vida-dos-compostelans-e-de-todos-os-galegos-grazas-a-novidosas-medidas-sociais\/#breadcrumb","itemListElement":[{"@type":"ListItem","position":1,"name":"Portada","item":"https:\/\/ppdegalicia.com\/es\/"},{"@type":"ListItem","position":2,"name":"Alfonso Rueda reivindica en Santiago un ano no que o Goberno galego fixo mellorar a vida dos compostel\u00e1ns e de todos os galegos grazas a novidosas medidas sociais"}]},{"@type":"WebSite","@id":"https:\/\/ppdegalicia.com\/es\/#website","url":"https:\/\/ppdegalicia.com\/es\/","name":"Partido Popular de Galicia","description":"Partido Popular de Galicia","publisher":{"@id":"https:\/\/ppdegalicia.com\/es\/#organization"},"alternateName":"PP de Galicia","potentialAction":[{"@type":"SearchAction","target":{"@type":"EntryPoint","urlTemplate":"https:\/\/ppdegalicia.com\/es\/?s={search_term_string}"},"query-input":{"@type":"PropertyValueSpecification","valueRequired":true,"valueName":"search_term_string"}}],"inLanguage":"es"},{"@type":"Organization","@id":"https:\/\/ppdegalicia.com\/es\/#organization","name":"Partido Popular de Galicia","alternateName":"PP de Galicia","url":"https:\/\/ppdegalicia.com\/es\/","logo":{"@type":"ImageObject","inLanguage":"es","@id":"https:\/\/ppdegalicia.com\/es\/#\/schema\/logo\/image\/","url":"https:\/\/ppdegalicia.com\/wp-content\/uploads\/2023\/04\/logoPP512.png","contentUrl":"https:\/\/ppdegalicia.com\/wp-content\/uploads\/2023\/04\/logoPP512.png","width":512,"height":512,"caption":"Partido Popular de Galicia"},"image":{"@id":"https:\/\/ppdegalicia.com\/es\/#\/schema\/logo\/image\/"},"sameAs":["https:\/\/www.instagram.com\/ppdegalicia\/","https:\/\/x.com\/ppdegalicia","https:\/\/www.tiktok.com\/@ppdegalicia","https:\/\/www.youtube.com\/user\/ppdegalicia"]},{"@type":"Person","@id":"https:\/\/ppdegalicia.com\/es\/#\/schema\/person\/5b822c6f59e872ebdd1142f307dbcb59","name":"ppdegaliciaredes","image":{"@type":"ImageObject","inLanguage":"es","@id":"https:\/\/secure.gravatar.com\/avatar\/3c9179cf0256d00c72a48d1f25783c58b6842cd56e85ef3a572881c8e28ccd59?s=96&d=mm&r=g","url":"https:\/\/secure.gravatar.com\/avatar\/3c9179cf0256d00c72a48d1f25783c58b6842cd56e85ef3a572881c8e28ccd59?s=96&d=mm&r=g","contentUrl":"https:\/\/secure.gravatar.com\/avatar\/3c9179cf0256d00c72a48d1f25783c58b6842cd56e85ef3a572881c8e28ccd59?s=96&d=mm&r=g","caption":"ppdegaliciaredes"},"url":"https:\/\/ppdegalicia.com\/es\/author\/ppdegaliciaredes\/"}]}},"_links":{"self":[{"href":"https:\/\/ppdegalicia.com\/es\/wp-json\/wp\/v2\/posts\/58507","targetHints":{"allow":["GET"]}}],"collection":[{"href":"https:\/\/ppdegalicia.com\/es\/wp-json\/wp\/v2\/posts"}],"about":[{"href":"https:\/\/ppdegalicia.com\/es\/wp-json\/wp\/v2\/types\/post"}],"author":[{"embeddable":true,"href":"https:\/\/ppdegalicia.com\/es\/wp-json\/wp\/v2\/users\/38"}],"replies":[{"embeddable":true,"href":"https:\/\/ppdegalicia.com\/es\/wp-json\/wp\/v2\/comments?post=58507"}],"version-history":[{"count":0,"href":"https:\/\/ppdegalicia.com\/es\/wp-json\/wp\/v2\/posts\/58507\/revisions"}],"wp:featuredmedia":[{"embeddable":true,"href":"https:\/\/ppdegalicia.com\/es\/wp-json\/wp\/v2\/media\/58506"}],"wp:attachment":[{"href":"https:\/\/ppdegalicia.com\/es\/wp-json\/wp\/v2\/media?parent=58507"}],"wp:term":[{"taxonomy":"category","embeddable":true,"href":"https:\/\/ppdegalicia.com\/es\/wp-json\/wp\/v2\/categories?post=58507"},{"taxonomy":"post_tag","embeddable":true,"href":"https:\/\/ppdegalicia.com\/es\/wp-json\/wp\/v2\/tags?post=58507"}],"curies":[{"name":"wp","href":"https:\/\/api.w.org\/{rel}","templated":true}]}}