{"id":58527,"date":"2023-12-23T19:01:04","date_gmt":"2023-12-23T17:01:04","guid":{"rendered":"https:\/\/ppdegalicia.com\/alfonso-rueda-ponse-ao-volante-do-autobus-de-galicia-non-para-para-invitar-a-todos-os-galegos-e-galegas-a-subirse-a-un-proxecto-no-que-todos-tenen-cabida\/"},"modified":"2023-12-23T19:01:04","modified_gmt":"2023-12-23T17:01:04","slug":"alfonso-rueda-ponse-ao-volante-do-autobus-de-galicia-non-para-para-invitar-a-todos-os-galegos-e-galegas-a-subirse-a-un-proxecto-no-que-todos-tenen-cabida","status":"publish","type":"post","link":"https:\/\/ppdegalicia.com\/es\/alfonso-rueda-ponse-ao-volante-do-autobus-de-galicia-non-para-para-invitar-a-todos-os-galegos-e-galegas-a-subirse-a-un-proxecto-no-que-todos-tenen-cabida\/","title":{"rendered":"Alfonso Rueda ponse ao volante do autob\u00fas de \u2018Galicia non para!\u2019 para invitar a todos os galegos e galegas a subirse a un proxecto no que todos te\u00f1en cabida"},"content":{"rendered":"<p><img fetchpriority=\"high\" decoding=\"async\" class=\" size-full wp-image-58526\" src=\"https:\/\/ppdegalicia.com\/wp-content\/uploads\/2023\/12\/b2bdab0aff3f7bc057c6f6cbbf6ef4d5-scaled.jpg\" alt=\"\" width=\"2560\" height=\"1759\" srcset=\"https:\/\/ppdegalicia.com\/wp-content\/uploads\/2023\/12\/b2bdab0aff3f7bc057c6f6cbbf6ef4d5-scaled.jpg 2560w, https:\/\/ppdegalicia.com\/wp-content\/uploads\/2023\/12\/b2bdab0aff3f7bc057c6f6cbbf6ef4d5-300x206.jpg 300w, https:\/\/ppdegalicia.com\/wp-content\/uploads\/2023\/12\/b2bdab0aff3f7bc057c6f6cbbf6ef4d5-1024x704.jpg 1024w, https:\/\/ppdegalicia.com\/wp-content\/uploads\/2023\/12\/b2bdab0aff3f7bc057c6f6cbbf6ef4d5-768x528.jpg 768w, https:\/\/ppdegalicia.com\/wp-content\/uploads\/2023\/12\/b2bdab0aff3f7bc057c6f6cbbf6ef4d5-1536x1056.jpg 1536w, https:\/\/ppdegalicia.com\/wp-content\/uploads\/2023\/12\/b2bdab0aff3f7bc057c6f6cbbf6ef4d5-2048x1407.jpg 2048w\" sizes=\"(max-width: 2560px) 100vw, 2560px\" \/><\/p>\n<p>O PPdeG estrea hoxe o seu <a href=\"https:\/\/www.youtube.com\/watch?v=94QxBKJmmbY&amp;t=56s\">v\u00eddeo de Nada<\/a>l, no que o presidente Alfonso Rueda se pon ao volante do autob\u00fas de \u2018Galicia non para!\u2019 para recoller nel a todos os galegos e galegas e demostrar as\u00ed que no seu proxecto todos te\u00f1en cabida.<\/p>\n<p><!--more--><\/p>\n<p>Ao longo do v\u00eddeo, o l\u00edder dos populares galegos vai percorrendo toda Galicia \u2013desde as zonas do interior ata a costa\u2013 e durante o seu traxecto at\u00f3pase con toda clase de personaxes: maiores, mozos, cativada, un dos famosos \u2018Mozos de Arousa\u2019 do concurso televisivo \u2018Reacci\u00f3n en cadena\u2019, os membros de El Combo Dominicano e ata un curioso \u2018Puigdemont\u2019 que fai autostop no seu cami\u00f1o cara a Moncloa.<\/p>\n<p>Non pod\u00eda faltar tampouco un dos <em>cameos<\/em> que xa se converteu en tradici\u00f3n neste v\u00eddeo como \u00e9 o do presidente de honra do PPdeG, Mariano Rajoy, que volve atoparse co presidente Rueda mentres cami\u00f1a e o sa\u00fada cun \u201cGalicia Rueda!\u201d. Ademais, tam\u00e9n aparece o presidente nacional, Alberto N\u00fa\u00f1ez Feij\u00f3o, e faise referencia a unha das expresi\u00f3ns que marcaron o curso pol\u00edtico.<\/p>\n<p>Aparecen tam\u00e9n a secretaria xeral do PPdeG, Paula Prado, e os catro presidentes provinciais do partido: Diego Calvo (A Coru\u00f1a), Elena Candia (Lugo), Luis L\u00f3pez (Pontevedra) e Luis Menor (Ourense), que forma parte do elenco por primeira vez. Todos eles, xunto ao presidente Alfonso Rueda, aproveitan para desexar aos galegos unhas boas festas e un feliz 2024.<\/p>\n<p>O presidente do PPdeG am\u00f3sase m\u00e1is familiar ca nunca, compartindo escena coas s\u00faas d\u00faas fillas, \u00e1s que transmite o seus desexo para o Nadal: \u201cEste ano pido un autob\u00fas tan grande como Galicia, no que caibamos todos. Porque Galicia non para e neste Nadal tampouco\u201d.<\/p>\n<p>Os populares galegos aproveitan as\u00ed o \u00e9xito que colleitou ao longo dos \u00faltimos meses o autob\u00fas que puxeron en marcha co obxectivo de que o presidente Rueda puidese percorrer a comunidade e manter un contacto directo cos galegos e as galegas para afondar as\u00ed nas s\u00faas preocupaci\u00f3ns reais. Un obxectivo ao que se une tam\u00e9n a p\u00e1xina web <a href=\"https:\/\/rueda.gal\/\">rueda.gal<\/a>, a trav\u00e9s da cal os galegos e galegas que o desexen poden trasladarlle ao presidente todo aquelo que lles preocupa, o que vai ben e o que cren que pode mellorar.<\/p>\n<div class=\"k2_video\">https:\/\/www.youtube.com\/watch?v=94QxBKJmmbY&#038;t=56s<\/div>\n","protected":false},"excerpt":{"rendered":"<p>O PPdeG estrea hoxe o seu v\u00eddeo de Nadal, no que o presidente Alfonso Rueda se pon ao volante do autob\u00fas de \u2018Galicia non para!\u2019 para recoller nel a todos os galegos e galegas e demostrar as\u00ed que no seu proxecto todos te\u00f1en cabida.<\/p>\n","protected":false},"author":38,"featured_media":58526,"comment_status":"open","ping_status":"open","sticky":false,"template":"","format":"standard","meta":{"_acf_changed":false,"footnotes":""},"categories":[1],"tags":[],"class_list":["post-58527","post","type-post","status-publish","format-standard","has-post-thumbnail","hentry","category-pp-de-galicia"],"acf":[],"yoast_head":"<!-- This site is optimized with the Yoast SEO plugin v27.3 - https:\/\/yoast.com\/product\/yoast-seo-wordpress\/ -->\n<title>Alfonso Rueda ponse ao volante do autob\u00fas de \u2018Galicia non para!\u2019 para invitar a todos os galegos e galegas a subirse a un proxecto no que todos te\u00f1en cabida - PP de Galicia<\/title>\n<meta name=\"robots\" content=\"index, follow, max-snippet:-1, max-image-preview:large, max-video-preview:-1\" \/>\n<link rel=\"canonical\" href=\"https:\/\/ppdegalicia.com\/es\/alfonso-rueda-ponse-ao-volante-do-autobus-de-galicia-non-para-para-invitar-a-todos-os-galegos-e-galegas-a-subirse-a-un-proxecto-no-que-todos-tenen-cabida\/\" \/>\n<meta property=\"og:locale\" content=\"es_ES\" \/>\n<meta property=\"og:type\" content=\"article\" \/>\n<meta property=\"og:title\" content=\"Alfonso Rueda ponse ao volante do autob\u00fas de \u2018Galicia non para!\u2019 para invitar a todos os galegos e galegas a subirse a un proxecto no que todos te\u00f1en cabida - PP de Galicia\" \/>\n<meta property=\"og:description\" content=\"O PPdeG estrea hoxe o seu v\u00eddeo de Nadal, no que o presidente Alfonso Rueda se pon ao volante do autob\u00fas de \u2018Galicia non para!\u2019 para recoller nel a todos os galegos e galegas e demostrar as\u00ed que no seu proxecto todos te\u00f1en cabida.\" \/>\n<meta property=\"og:url\" content=\"https:\/\/ppdegalicia.com\/es\/alfonso-rueda-ponse-ao-volante-do-autobus-de-galicia-non-para-para-invitar-a-todos-os-galegos-e-galegas-a-subirse-a-un-proxecto-no-que-todos-tenen-cabida\/\" \/>\n<meta property=\"og:site_name\" content=\"PP de Galicia\" \/>\n<meta property=\"article:publisher\" content=\"https:\/\/www.instagram.com\/ppdegalicia\/\" \/>\n<meta property=\"article:published_time\" content=\"2023-12-23T17:01:04+00:00\" \/>\n<meta property=\"og:image\" content=\"https:\/\/ppdegalicia.com\/wp-content\/uploads\/2023\/12\/b2bdab0aff3f7bc057c6f6cbbf6ef4d5-scaled.jpg\" \/>\n\t<meta property=\"og:image:width\" content=\"2560\" \/>\n\t<meta property=\"og:image:height\" content=\"1759\" \/>\n\t<meta property=\"og:image:type\" content=\"image\/jpeg\" \/>\n<meta name=\"author\" content=\"ppdegaliciaredes\" \/>\n<meta name=\"twitter:card\" content=\"summary_large_image\" \/>\n<meta name=\"twitter:creator\" content=\"@ppdegalicia\" \/>\n<meta name=\"twitter:site\" content=\"@ppdegalicia\" \/>\n<meta name=\"twitter:label1\" content=\"Escrito por\" \/>\n\t<meta name=\"twitter:data1\" content=\"ppdegaliciaredes\" \/>\n\t<meta name=\"twitter:label2\" content=\"Tiempo de lectura\" \/>\n\t<meta name=\"twitter:data2\" content=\"2 minutos\" \/>\n<script type=\"application\/ld+json\" class=\"yoast-schema-graph\">{\"@context\":\"https:\\\/\\\/schema.org\",\"@graph\":[{\"@type\":\"Article\",\"@id\":\"https:\\\/\\\/ppdegalicia.com\\\/es\\\/alfonso-rueda-ponse-ao-volante-do-autobus-de-galicia-non-para-para-invitar-a-todos-os-galegos-e-galegas-a-subirse-a-un-proxecto-no-que-todos-tenen-cabida\\\/#article\",\"isPartOf\":{\"@id\":\"https:\\\/\\\/ppdegalicia.com\\\/es\\\/alfonso-rueda-ponse-ao-volante-do-autobus-de-galicia-non-para-para-invitar-a-todos-os-galegos-e-galegas-a-subirse-a-un-proxecto-no-que-todos-tenen-cabida\\\/\"},\"author\":{\"name\":\"ppdegaliciaredes\",\"@id\":\"https:\\\/\\\/ppdegalicia.com\\\/es\\\/#\\\/schema\\\/person\\\/5b822c6f59e872ebdd1142f307dbcb59\"},\"headline\":\"Alfonso Rueda ponse ao volante do autob\u00fas de \u2018Galicia non para!\u2019 para invitar a todos os galegos e galegas a subirse a un proxecto no que todos te\u00f1en cabida\",\"datePublished\":\"2023-12-23T17:01:04+00:00\",\"mainEntityOfPage\":{\"@id\":\"https:\\\/\\\/ppdegalicia.com\\\/es\\\/alfonso-rueda-ponse-ao-volante-do-autobus-de-galicia-non-para-para-invitar-a-todos-os-galegos-e-galegas-a-subirse-a-un-proxecto-no-que-todos-tenen-cabida\\\/\"},\"wordCount\":435,\"commentCount\":0,\"publisher\":{\"@id\":\"https:\\\/\\\/ppdegalicia.com\\\/es\\\/#organization\"},\"image\":{\"@id\":\"https:\\\/\\\/ppdegalicia.com\\\/es\\\/alfonso-rueda-ponse-ao-volante-do-autobus-de-galicia-non-para-para-invitar-a-todos-os-galegos-e-galegas-a-subirse-a-un-proxecto-no-que-todos-tenen-cabida\\\/#primaryimage\"},\"thumbnailUrl\":\"https:\\\/\\\/ppdegalicia.com\\\/wp-content\\\/uploads\\\/2023\\\/12\\\/b2bdab0aff3f7bc057c6f6cbbf6ef4d5-scaled.jpg\",\"articleSection\":[\"PP de Galicia\"],\"inLanguage\":\"es\",\"potentialAction\":[{\"@type\":\"CommentAction\",\"name\":\"Comment\",\"target\":[\"https:\\\/\\\/ppdegalicia.com\\\/es\\\/alfonso-rueda-ponse-ao-volante-do-autobus-de-galicia-non-para-para-invitar-a-todos-os-galegos-e-galegas-a-subirse-a-un-proxecto-no-que-todos-tenen-cabida\\\/#respond\"]}]},{\"@type\":\"WebPage\",\"@id\":\"https:\\\/\\\/ppdegalicia.com\\\/es\\\/alfonso-rueda-ponse-ao-volante-do-autobus-de-galicia-non-para-para-invitar-a-todos-os-galegos-e-galegas-a-subirse-a-un-proxecto-no-que-todos-tenen-cabida\\\/\",\"url\":\"https:\\\/\\\/ppdegalicia.com\\\/es\\\/alfonso-rueda-ponse-ao-volante-do-autobus-de-galicia-non-para-para-invitar-a-todos-os-galegos-e-galegas-a-subirse-a-un-proxecto-no-que-todos-tenen-cabida\\\/\",\"name\":\"Alfonso Rueda ponse ao volante do autob\u00fas de \u2018Galicia non para!\u2019 para invitar a todos os galegos e galegas a subirse a un proxecto no que todos te\u00f1en cabida - PP de Galicia\",\"isPartOf\":{\"@id\":\"https:\\\/\\\/ppdegalicia.com\\\/es\\\/#website\"},\"primaryImageOfPage\":{\"@id\":\"https:\\\/\\\/ppdegalicia.com\\\/es\\\/alfonso-rueda-ponse-ao-volante-do-autobus-de-galicia-non-para-para-invitar-a-todos-os-galegos-e-galegas-a-subirse-a-un-proxecto-no-que-todos-tenen-cabida\\\/#primaryimage\"},\"image\":{\"@id\":\"https:\\\/\\\/ppdegalicia.com\\\/es\\\/alfonso-rueda-ponse-ao-volante-do-autobus-de-galicia-non-para-para-invitar-a-todos-os-galegos-e-galegas-a-subirse-a-un-proxecto-no-que-todos-tenen-cabida\\\/#primaryimage\"},\"thumbnailUrl\":\"https:\\\/\\\/ppdegalicia.com\\\/wp-content\\\/uploads\\\/2023\\\/12\\\/b2bdab0aff3f7bc057c6f6cbbf6ef4d5-scaled.jpg\",\"datePublished\":\"2023-12-23T17:01:04+00:00\",\"breadcrumb\":{\"@id\":\"https:\\\/\\\/ppdegalicia.com\\\/es\\\/alfonso-rueda-ponse-ao-volante-do-autobus-de-galicia-non-para-para-invitar-a-todos-os-galegos-e-galegas-a-subirse-a-un-proxecto-no-que-todos-tenen-cabida\\\/#breadcrumb\"},\"inLanguage\":\"es\",\"potentialAction\":[{\"@type\":\"ReadAction\",\"target\":[\"https:\\\/\\\/ppdegalicia.com\\\/es\\\/alfonso-rueda-ponse-ao-volante-do-autobus-de-galicia-non-para-para-invitar-a-todos-os-galegos-e-galegas-a-subirse-a-un-proxecto-no-que-todos-tenen-cabida\\\/\"]}]},{\"@type\":\"ImageObject\",\"inLanguage\":\"es\",\"@id\":\"https:\\\/\\\/ppdegalicia.com\\\/es\\\/alfonso-rueda-ponse-ao-volante-do-autobus-de-galicia-non-para-para-invitar-a-todos-os-galegos-e-galegas-a-subirse-a-un-proxecto-no-que-todos-tenen-cabida\\\/#primaryimage\",\"url\":\"https:\\\/\\\/ppdegalicia.com\\\/wp-content\\\/uploads\\\/2023\\\/12\\\/b2bdab0aff3f7bc057c6f6cbbf6ef4d5-scaled.jpg\",\"contentUrl\":\"https:\\\/\\\/ppdegalicia.com\\\/wp-content\\\/uploads\\\/2023\\\/12\\\/b2bdab0aff3f7bc057c6f6cbbf6ef4d5-scaled.jpg\",\"width\":2560,\"height\":1759},{\"@type\":\"BreadcrumbList\",\"@id\":\"https:\\\/\\\/ppdegalicia.com\\\/es\\\/alfonso-rueda-ponse-ao-volante-do-autobus-de-galicia-non-para-para-invitar-a-todos-os-galegos-e-galegas-a-subirse-a-un-proxecto-no-que-todos-tenen-cabida\\\/#breadcrumb\",\"itemListElement\":[{\"@type\":\"ListItem\",\"position\":1,\"name\":\"Portada\",\"item\":\"https:\\\/\\\/ppdegalicia.com\\\/es\\\/\"},{\"@type\":\"ListItem\",\"position\":2,\"name\":\"Alfonso Rueda ponse ao volante do autob\u00fas de \u2018Galicia non para!\u2019 para invitar a todos os galegos e galegas a subirse a un proxecto no que todos te\u00f1en cabida\"}]},{\"@type\":\"WebSite\",\"@id\":\"https:\\\/\\\/ppdegalicia.com\\\/es\\\/#website\",\"url\":\"https:\\\/\\\/ppdegalicia.com\\\/es\\\/\",\"name\":\"Partido Popular de Galicia\",\"description\":\"Partido Popular de Galicia\",\"publisher\":{\"@id\":\"https:\\\/\\\/ppdegalicia.com\\\/es\\\/#organization\"},\"alternateName\":\"PP de Galicia\",\"potentialAction\":[{\"@type\":\"SearchAction\",\"target\":{\"@type\":\"EntryPoint\",\"urlTemplate\":\"https:\\\/\\\/ppdegalicia.com\\\/es\\\/?s={search_term_string}\"},\"query-input\":{\"@type\":\"PropertyValueSpecification\",\"valueRequired\":true,\"valueName\":\"search_term_string\"}}],\"inLanguage\":\"es\"},{\"@type\":\"Organization\",\"@id\":\"https:\\\/\\\/ppdegalicia.com\\\/es\\\/#organization\",\"name\":\"Partido Popular de Galicia\",\"alternateName\":\"PP de Galicia\",\"url\":\"https:\\\/\\\/ppdegalicia.com\\\/es\\\/\",\"logo\":{\"@type\":\"ImageObject\",\"inLanguage\":\"es\",\"@id\":\"https:\\\/\\\/ppdegalicia.com\\\/es\\\/#\\\/schema\\\/logo\\\/image\\\/\",\"url\":\"https:\\\/\\\/ppdegalicia.com\\\/wp-content\\\/uploads\\\/2023\\\/04\\\/logoPP512.png\",\"contentUrl\":\"https:\\\/\\\/ppdegalicia.com\\\/wp-content\\\/uploads\\\/2023\\\/04\\\/logoPP512.png\",\"width\":512,\"height\":512,\"caption\":\"Partido Popular de Galicia\"},\"image\":{\"@id\":\"https:\\\/\\\/ppdegalicia.com\\\/es\\\/#\\\/schema\\\/logo\\\/image\\\/\"},\"sameAs\":[\"https:\\\/\\\/www.instagram.com\\\/ppdegalicia\\\/\",\"https:\\\/\\\/x.com\\\/ppdegalicia\",\"https:\\\/\\\/www.tiktok.com\\\/@ppdegalicia\",\"https:\\\/\\\/www.youtube.com\\\/user\\\/ppdegalicia\"]},{\"@type\":\"Person\",\"@id\":\"https:\\\/\\\/ppdegalicia.com\\\/es\\\/#\\\/schema\\\/person\\\/5b822c6f59e872ebdd1142f307dbcb59\",\"name\":\"ppdegaliciaredes\",\"image\":{\"@type\":\"ImageObject\",\"inLanguage\":\"es\",\"@id\":\"https:\\\/\\\/secure.gravatar.com\\\/avatar\\\/3c9179cf0256d00c72a48d1f25783c58b6842cd56e85ef3a572881c8e28ccd59?s=96&d=mm&r=g\",\"url\":\"https:\\\/\\\/secure.gravatar.com\\\/avatar\\\/3c9179cf0256d00c72a48d1f25783c58b6842cd56e85ef3a572881c8e28ccd59?s=96&d=mm&r=g\",\"contentUrl\":\"https:\\\/\\\/secure.gravatar.com\\\/avatar\\\/3c9179cf0256d00c72a48d1f25783c58b6842cd56e85ef3a572881c8e28ccd59?s=96&d=mm&r=g\",\"caption\":\"ppdegaliciaredes\"},\"url\":\"https:\\\/\\\/ppdegalicia.com\\\/es\\\/author\\\/ppdegaliciaredes\\\/\"}]}<\/script>\n<!-- \/ Yoast SEO plugin. -->","yoast_head_json":{"title":"Alfonso Rueda ponse ao volante do autob\u00fas de \u2018Galicia non para!\u2019 para invitar a todos os galegos e galegas a subirse a un proxecto no que todos te\u00f1en cabida - PP de Galicia","robots":{"index":"index","follow":"follow","max-snippet":"max-snippet:-1","max-image-preview":"max-image-preview:large","max-video-preview":"max-video-preview:-1"},"canonical":"https:\/\/ppdegalicia.com\/es\/alfonso-rueda-ponse-ao-volante-do-autobus-de-galicia-non-para-para-invitar-a-todos-os-galegos-e-galegas-a-subirse-a-un-proxecto-no-que-todos-tenen-cabida\/","og_locale":"es_ES","og_type":"article","og_title":"Alfonso Rueda ponse ao volante do autob\u00fas de \u2018Galicia non para!\u2019 para invitar a todos os galegos e galegas a subirse a un proxecto no que todos te\u00f1en cabida - PP de Galicia","og_description":"O PPdeG estrea hoxe o seu v\u00eddeo de Nadal, no que o presidente Alfonso Rueda se pon ao volante do autob\u00fas de \u2018Galicia non para!\u2019 para recoller nel a todos os galegos e galegas e demostrar as\u00ed que no seu proxecto todos te\u00f1en cabida.","og_url":"https:\/\/ppdegalicia.com\/es\/alfonso-rueda-ponse-ao-volante-do-autobus-de-galicia-non-para-para-invitar-a-todos-os-galegos-e-galegas-a-subirse-a-un-proxecto-no-que-todos-tenen-cabida\/","og_site_name":"PP de Galicia","article_publisher":"https:\/\/www.instagram.com\/ppdegalicia\/","article_published_time":"2023-12-23T17:01:04+00:00","og_image":[{"width":2560,"height":1759,"url":"https:\/\/ppdegalicia.com\/wp-content\/uploads\/2023\/12\/b2bdab0aff3f7bc057c6f6cbbf6ef4d5-scaled.jpg","type":"image\/jpeg"}],"author":"ppdegaliciaredes","twitter_card":"summary_large_image","twitter_creator":"@ppdegalicia","twitter_site":"@ppdegalicia","twitter_misc":{"Escrito por":"ppdegaliciaredes","Tiempo de lectura":"2 minutos"},"schema":{"@context":"https:\/\/schema.org","@graph":[{"@type":"Article","@id":"https:\/\/ppdegalicia.com\/es\/alfonso-rueda-ponse-ao-volante-do-autobus-de-galicia-non-para-para-invitar-a-todos-os-galegos-e-galegas-a-subirse-a-un-proxecto-no-que-todos-tenen-cabida\/#article","isPartOf":{"@id":"https:\/\/ppdegalicia.com\/es\/alfonso-rueda-ponse-ao-volante-do-autobus-de-galicia-non-para-para-invitar-a-todos-os-galegos-e-galegas-a-subirse-a-un-proxecto-no-que-todos-tenen-cabida\/"},"author":{"name":"ppdegaliciaredes","@id":"https:\/\/ppdegalicia.com\/es\/#\/schema\/person\/5b822c6f59e872ebdd1142f307dbcb59"},"headline":"Alfonso Rueda ponse ao volante do autob\u00fas de \u2018Galicia non para!\u2019 para invitar a todos os galegos e galegas a subirse a un proxecto no que todos te\u00f1en cabida","datePublished":"2023-12-23T17:01:04+00:00","mainEntityOfPage":{"@id":"https:\/\/ppdegalicia.com\/es\/alfonso-rueda-ponse-ao-volante-do-autobus-de-galicia-non-para-para-invitar-a-todos-os-galegos-e-galegas-a-subirse-a-un-proxecto-no-que-todos-tenen-cabida\/"},"wordCount":435,"commentCount":0,"publisher":{"@id":"https:\/\/ppdegalicia.com\/es\/#organization"},"image":{"@id":"https:\/\/ppdegalicia.com\/es\/alfonso-rueda-ponse-ao-volante-do-autobus-de-galicia-non-para-para-invitar-a-todos-os-galegos-e-galegas-a-subirse-a-un-proxecto-no-que-todos-tenen-cabida\/#primaryimage"},"thumbnailUrl":"https:\/\/ppdegalicia.com\/wp-content\/uploads\/2023\/12\/b2bdab0aff3f7bc057c6f6cbbf6ef4d5-scaled.jpg","articleSection":["PP de Galicia"],"inLanguage":"es","potentialAction":[{"@type":"CommentAction","name":"Comment","target":["https:\/\/ppdegalicia.com\/es\/alfonso-rueda-ponse-ao-volante-do-autobus-de-galicia-non-para-para-invitar-a-todos-os-galegos-e-galegas-a-subirse-a-un-proxecto-no-que-todos-tenen-cabida\/#respond"]}]},{"@type":"WebPage","@id":"https:\/\/ppdegalicia.com\/es\/alfonso-rueda-ponse-ao-volante-do-autobus-de-galicia-non-para-para-invitar-a-todos-os-galegos-e-galegas-a-subirse-a-un-proxecto-no-que-todos-tenen-cabida\/","url":"https:\/\/ppdegalicia.com\/es\/alfonso-rueda-ponse-ao-volante-do-autobus-de-galicia-non-para-para-invitar-a-todos-os-galegos-e-galegas-a-subirse-a-un-proxecto-no-que-todos-tenen-cabida\/","name":"Alfonso Rueda ponse ao volante do autob\u00fas de \u2018Galicia non para!\u2019 para invitar a todos os galegos e galegas a subirse a un proxecto no que todos te\u00f1en cabida - PP de Galicia","isPartOf":{"@id":"https:\/\/ppdegalicia.com\/es\/#website"},"primaryImageOfPage":{"@id":"https:\/\/ppdegalicia.com\/es\/alfonso-rueda-ponse-ao-volante-do-autobus-de-galicia-non-para-para-invitar-a-todos-os-galegos-e-galegas-a-subirse-a-un-proxecto-no-que-todos-tenen-cabida\/#primaryimage"},"image":{"@id":"https:\/\/ppdegalicia.com\/es\/alfonso-rueda-ponse-ao-volante-do-autobus-de-galicia-non-para-para-invitar-a-todos-os-galegos-e-galegas-a-subirse-a-un-proxecto-no-que-todos-tenen-cabida\/#primaryimage"},"thumbnailUrl":"https:\/\/ppdegalicia.com\/wp-content\/uploads\/2023\/12\/b2bdab0aff3f7bc057c6f6cbbf6ef4d5-scaled.jpg","datePublished":"2023-12-23T17:01:04+00:00","breadcrumb":{"@id":"https:\/\/ppdegalicia.com\/es\/alfonso-rueda-ponse-ao-volante-do-autobus-de-galicia-non-para-para-invitar-a-todos-os-galegos-e-galegas-a-subirse-a-un-proxecto-no-que-todos-tenen-cabida\/#breadcrumb"},"inLanguage":"es","potentialAction":[{"@type":"ReadAction","target":["https:\/\/ppdegalicia.com\/es\/alfonso-rueda-ponse-ao-volante-do-autobus-de-galicia-non-para-para-invitar-a-todos-os-galegos-e-galegas-a-subirse-a-un-proxecto-no-que-todos-tenen-cabida\/"]}]},{"@type":"ImageObject","inLanguage":"es","@id":"https:\/\/ppdegalicia.com\/es\/alfonso-rueda-ponse-ao-volante-do-autobus-de-galicia-non-para-para-invitar-a-todos-os-galegos-e-galegas-a-subirse-a-un-proxecto-no-que-todos-tenen-cabida\/#primaryimage","url":"https:\/\/ppdegalicia.com\/wp-content\/uploads\/2023\/12\/b2bdab0aff3f7bc057c6f6cbbf6ef4d5-scaled.jpg","contentUrl":"https:\/\/ppdegalicia.com\/wp-content\/uploads\/2023\/12\/b2bdab0aff3f7bc057c6f6cbbf6ef4d5-scaled.jpg","width":2560,"height":1759},{"@type":"BreadcrumbList","@id":"https:\/\/ppdegalicia.com\/es\/alfonso-rueda-ponse-ao-volante-do-autobus-de-galicia-non-para-para-invitar-a-todos-os-galegos-e-galegas-a-subirse-a-un-proxecto-no-que-todos-tenen-cabida\/#breadcrumb","itemListElement":[{"@type":"ListItem","position":1,"name":"Portada","item":"https:\/\/ppdegalicia.com\/es\/"},{"@type":"ListItem","position":2,"name":"Alfonso Rueda ponse ao volante do autob\u00fas de \u2018Galicia non para!\u2019 para invitar a todos os galegos e galegas a subirse a un proxecto no que todos te\u00f1en cabida"}]},{"@type":"WebSite","@id":"https:\/\/ppdegalicia.com\/es\/#website","url":"https:\/\/ppdegalicia.com\/es\/","name":"Partido Popular de Galicia","description":"Partido Popular de Galicia","publisher":{"@id":"https:\/\/ppdegalicia.com\/es\/#organization"},"alternateName":"PP de Galicia","potentialAction":[{"@type":"SearchAction","target":{"@type":"EntryPoint","urlTemplate":"https:\/\/ppdegalicia.com\/es\/?s={search_term_string}"},"query-input":{"@type":"PropertyValueSpecification","valueRequired":true,"valueName":"search_term_string"}}],"inLanguage":"es"},{"@type":"Organization","@id":"https:\/\/ppdegalicia.com\/es\/#organization","name":"Partido Popular de Galicia","alternateName":"PP de Galicia","url":"https:\/\/ppdegalicia.com\/es\/","logo":{"@type":"ImageObject","inLanguage":"es","@id":"https:\/\/ppdegalicia.com\/es\/#\/schema\/logo\/image\/","url":"https:\/\/ppdegalicia.com\/wp-content\/uploads\/2023\/04\/logoPP512.png","contentUrl":"https:\/\/ppdegalicia.com\/wp-content\/uploads\/2023\/04\/logoPP512.png","width":512,"height":512,"caption":"Partido Popular de Galicia"},"image":{"@id":"https:\/\/ppdegalicia.com\/es\/#\/schema\/logo\/image\/"},"sameAs":["https:\/\/www.instagram.com\/ppdegalicia\/","https:\/\/x.com\/ppdegalicia","https:\/\/www.tiktok.com\/@ppdegalicia","https:\/\/www.youtube.com\/user\/ppdegalicia"]},{"@type":"Person","@id":"https:\/\/ppdegalicia.com\/es\/#\/schema\/person\/5b822c6f59e872ebdd1142f307dbcb59","name":"ppdegaliciaredes","image":{"@type":"ImageObject","inLanguage":"es","@id":"https:\/\/secure.gravatar.com\/avatar\/3c9179cf0256d00c72a48d1f25783c58b6842cd56e85ef3a572881c8e28ccd59?s=96&d=mm&r=g","url":"https:\/\/secure.gravatar.com\/avatar\/3c9179cf0256d00c72a48d1f25783c58b6842cd56e85ef3a572881c8e28ccd59?s=96&d=mm&r=g","contentUrl":"https:\/\/secure.gravatar.com\/avatar\/3c9179cf0256d00c72a48d1f25783c58b6842cd56e85ef3a572881c8e28ccd59?s=96&d=mm&r=g","caption":"ppdegaliciaredes"},"url":"https:\/\/ppdegalicia.com\/es\/author\/ppdegaliciaredes\/"}]}},"_links":{"self":[{"href":"https:\/\/ppdegalicia.com\/es\/wp-json\/wp\/v2\/posts\/58527","targetHints":{"allow":["GET"]}}],"collection":[{"href":"https:\/\/ppdegalicia.com\/es\/wp-json\/wp\/v2\/posts"}],"about":[{"href":"https:\/\/ppdegalicia.com\/es\/wp-json\/wp\/v2\/types\/post"}],"author":[{"embeddable":true,"href":"https:\/\/ppdegalicia.com\/es\/wp-json\/wp\/v2\/users\/38"}],"replies":[{"embeddable":true,"href":"https:\/\/ppdegalicia.com\/es\/wp-json\/wp\/v2\/comments?post=58527"}],"version-history":[{"count":0,"href":"https:\/\/ppdegalicia.com\/es\/wp-json\/wp\/v2\/posts\/58527\/revisions"}],"wp:featuredmedia":[{"embeddable":true,"href":"https:\/\/ppdegalicia.com\/es\/wp-json\/wp\/v2\/media\/58526"}],"wp:attachment":[{"href":"https:\/\/ppdegalicia.com\/es\/wp-json\/wp\/v2\/media?parent=58527"}],"wp:term":[{"taxonomy":"category","embeddable":true,"href":"https:\/\/ppdegalicia.com\/es\/wp-json\/wp\/v2\/categories?post=58527"},{"taxonomy":"post_tag","embeddable":true,"href":"https:\/\/ppdegalicia.com\/es\/wp-json\/wp\/v2\/tags?post=58527"}],"curies":[{"name":"wp","href":"https:\/\/api.w.org\/{rel}","templated":true}]}}