{"id":58533,"date":"2023-12-29T13:47:47","date_gmt":"2023-12-29T11:47:47","guid":{"rendered":"https:\/\/ppdegalicia.com\/o-programa-electoral-do-ppdeg-reflexara-o-estilo-rueda-e-sera-participativo-de-amplo-espectro-social-pegado-a-terra-e-a-xente-e-pensado-para-unha-galicia-que-non-para\/"},"modified":"2023-12-29T13:47:47","modified_gmt":"2023-12-29T11:47:47","slug":"o-programa-electoral-do-ppdeg-reflexara-o-estilo-rueda-e-sera-participativo-de-amplo-espectro-social-pegado-a-terra-e-a-xente-e-pensado-para-unha-galicia-que-non-para","status":"publish","type":"post","link":"https:\/\/ppdegalicia.com\/es\/o-programa-electoral-do-ppdeg-reflexara-o-estilo-rueda-e-sera-participativo-de-amplo-espectro-social-pegado-a-terra-e-a-xente-e-pensado-para-unha-galicia-que-non-para\/","title":{"rendered":"O programa electoral do PPdeG reflexar\u00e1 o \u201cestilo Rueda\u201d e ser\u00e1 \u201cparticipativo, de amplo espectro social, pegado \u00e1 terra e \u00e1 xente e pensado para unha Galicia que non para\u201d"},"content":{"rendered":"<p><img fetchpriority=\"high\" decoding=\"async\" class=\" size-full wp-image-58532\" src=\"https:\/\/ppdegalicia.com\/wp-content\/uploads\/2023\/12\/a0f6047a1de5f37764ac8e2f31a93650.jpg\" alt=\"\" width=\"2400\" height=\"1600\" srcset=\"https:\/\/ppdegalicia.com\/wp-content\/uploads\/2023\/12\/a0f6047a1de5f37764ac8e2f31a93650.jpg 2400w, https:\/\/ppdegalicia.com\/wp-content\/uploads\/2023\/12\/a0f6047a1de5f37764ac8e2f31a93650-300x200.jpg 300w, https:\/\/ppdegalicia.com\/wp-content\/uploads\/2023\/12\/a0f6047a1de5f37764ac8e2f31a93650-1024x683.jpg 1024w, https:\/\/ppdegalicia.com\/wp-content\/uploads\/2023\/12\/a0f6047a1de5f37764ac8e2f31a93650-768x512.jpg 768w, https:\/\/ppdegalicia.com\/wp-content\/uploads\/2023\/12\/a0f6047a1de5f37764ac8e2f31a93650-1536x1024.jpg 1536w, https:\/\/ppdegalicia.com\/wp-content\/uploads\/2023\/12\/a0f6047a1de5f37764ac8e2f31a93650-2048x1365.jpg 2048w\" sizes=\"(max-width: 2400px) 100vw, 2400px\" \/><\/p>\n<p style=\"font-weight: 400;\">O PPdeG anunciou hoxe que o programa electoral co que concorrer\u00e1 \u00e1s elecci\u00f3ns do 18 de febreiro reflexar\u00e1 \u201cestilo Rueda\u201d na medida en que ser\u00e1 \u201cparticipativo, de amplo espectro social, pegado \u00e1 terra e \u00e1 xente, impregnado da nosa forma de ser e pensado para unha Galicia que non para\u201d.<\/p>\n<p><!--more--><\/p>\n<p style=\"font-weight: 400;\">As\u00ed o definiu hoxe a secretaria xeral dos populares galegos e tam\u00e9n coordinadora da campa\u00f1a, Paula Prado, que reco\u00f1eceu a \u201cespecial motivaci\u00f3n\u201d que sup\u00f3n elaborar o primeiro programa electoral de Alfonso Rueda e a \u201cilusi\u00f3n\u201d que xera a oportunidade de \u201cpo\u00f1er sobre o papel as medidas e os proxectos que a sociedade galega demanda e facer dese documento a proposta dunha Galicia a\u00ednda mellor\u201d.<\/p>\n<p style=\"font-weight: 400;\">\u201cO noso programa falar\u00e1 de pol\u00edticas sociais, de educaci\u00f3n, de sanidade, de igualdade, de industria, de xuventude, de vivenda, do noso mar e do noso agro e un longo etc\u00e9tera. Pero, sobre todo, falar\u00e1 de estabilidade. E tratar\u00e1 de buscar unha soluci\u00f3n a cada cuesti\u00f3n que nos propo\u00f1an os galegos e as galegas\u201d, explicou.<\/p>\n<p style=\"font-weight: 400;\">Neste sentido recordou que o PPdeG conta con m\u00e1is dunha vintena de comisi\u00f3ns sectoriais que funcionan como \u201claboratorio de ideas\u201d e que est\u00e1n achegando as s\u00faas propostas. Ademais de contar tam\u00e9n cun proxecto pol\u00edtico \u201cbaseado na experiencia de goberno de Galicia ao longo de 15 anos e pensado desde a responsabilidade, a unidade e o sentido de pa\u00eds\u201d.<\/p>\n<p style=\"font-weight: 400;\">\u201cFronte a un multipartito que cada vez que fai un anuncio se converte en mentira e se queremos que en Galicia siga imperando o sentidi\u00f1o e siga sendo unha illa de estabilidade, a \u00fanica alternativa \u00e9 apostar por Alfonso Rueda\u201d, conclu\u00edu.<\/p>\n<p style=\"font-weight: 400;\"><strong><u>VALENT\u00cdN GARC\u00cdA: \u201cQUEREMOS QUE SEXA O PROGRAMA DE TODOS E TODAS E O QUE M\u00c1IS SE PAREZA A GALICIA\u201d<\/u><\/strong><\/p>\n<p style=\"font-weight: 400;\">Xunto a Paula Prado estaban o coordinador do programa electoral, Valent\u00edn Garc\u00eda, e unha das compo\u00f1entes do equipo redactor, Carmen Pomar. Representantes ambos dun amplo equipo \u201cen permanente contacto coa sociedade\u201d e que aspira a contar cun \u201camplo espectro de colaboraci\u00f3ns e achegas por parte de todos os sectores da sociedade galega\u201d.<\/p>\n<p style=\"font-weight: 400;\">De feito, o coordinador do programa quixo facer un chamamento a todos os galegos e galegas a participar nel e facer aportaci\u00f3ns e trasladar as s\u00faas inquedanzas a trav\u00e9s da p\u00e1xina web\u00a0<a href=\"https:\/\/rueda.gal\/\" data-saferedirecturl=\"https:\/\/www.google.com\/url?q=https:\/\/rueda.gal\/&amp;source=gmail&amp;ust=1703943830784000&amp;usg=AOvVaw2Po_5NRKrxoSIBTYMGjTR0\">rueda.gal<\/a>. Porque s\u00f3 as\u00ed, explicou, se pode facer \u201cun programa pensado por e para Galicia e que permita protexer a estabilidade que permitiu o progreso da nosa Comunidade ao longo destes anos\u201d.<\/p>\n<p style=\"font-weight: 400;\">\u201cTodos e todas somos importantes para o PPdeG e este programa pretende ser un documento aberto, colaborativo, din\u00e1mico, efectivo e vivo. Queremos que sexa o programa de todos e de todas: o programa que m\u00e1is se parece a Galicia\u201d, indicou Valent\u00edn Garc\u00eda ao respecto.<\/p>\n","protected":false},"excerpt":{"rendered":"<p>O PPdeG anunciou hoxe que o programa electoral co que concorrer\u00e1 \u00e1s elecci\u00f3ns do 18 de febreiro reflexar\u00e1 \u201cestilo Rueda\u201d na medida en que ser\u00e1 \u201cparticipativo, de amplo espectro social, pegado \u00e1 terra e \u00e1 xente, impregnado da nosa forma de ser e pensado para unha Galicia que non para\u201d.<\/p>\n","protected":false},"author":38,"featured_media":58532,"comment_status":"open","ping_status":"open","sticky":false,"template":"","format":"standard","meta":{"_acf_changed":false,"footnotes":""},"categories":[1],"tags":[],"class_list":["post-58533","post","type-post","status-publish","format-standard","has-post-thumbnail","hentry","category-pp-de-galicia"],"acf":[],"yoast_head":"<!-- This site is optimized with the Yoast SEO plugin v27.3 - https:\/\/yoast.com\/product\/yoast-seo-wordpress\/ -->\n<title>O programa electoral do PPdeG reflexar\u00e1 o \u201cestilo Rueda\u201d e ser\u00e1 \u201cparticipativo, de amplo espectro social, pegado \u00e1 terra e \u00e1 xente e pensado para unha Galicia que non para\u201d - PP de Galicia<\/title>\n<meta name=\"robots\" content=\"index, follow, max-snippet:-1, max-image-preview:large, max-video-preview:-1\" \/>\n<link rel=\"canonical\" href=\"https:\/\/ppdegalicia.com\/es\/o-programa-electoral-do-ppdeg-reflexara-o-estilo-rueda-e-sera-participativo-de-amplo-espectro-social-pegado-a-terra-e-a-xente-e-pensado-para-unha-galicia-que-non-para\/\" \/>\n<meta property=\"og:locale\" content=\"es_ES\" \/>\n<meta property=\"og:type\" content=\"article\" \/>\n<meta property=\"og:title\" content=\"O programa electoral do PPdeG reflexar\u00e1 o \u201cestilo Rueda\u201d e ser\u00e1 \u201cparticipativo, de amplo espectro social, pegado \u00e1 terra e \u00e1 xente e pensado para unha Galicia que non para\u201d - PP de Galicia\" \/>\n<meta property=\"og:description\" content=\"O PPdeG anunciou hoxe que o programa electoral co que concorrer\u00e1 \u00e1s elecci\u00f3ns do 18 de febreiro reflexar\u00e1 \u201cestilo Rueda\u201d na medida en que ser\u00e1 \u201cparticipativo, de amplo espectro social, pegado \u00e1 terra e \u00e1 xente, impregnado da nosa forma de ser e pensado para unha Galicia que non para\u201d.\" \/>\n<meta property=\"og:url\" content=\"https:\/\/ppdegalicia.com\/es\/o-programa-electoral-do-ppdeg-reflexara-o-estilo-rueda-e-sera-participativo-de-amplo-espectro-social-pegado-a-terra-e-a-xente-e-pensado-para-unha-galicia-que-non-para\/\" \/>\n<meta property=\"og:site_name\" content=\"PP de Galicia\" \/>\n<meta property=\"article:publisher\" content=\"https:\/\/www.instagram.com\/ppdegalicia\/\" \/>\n<meta property=\"article:published_time\" content=\"2023-12-29T11:47:47+00:00\" \/>\n<meta property=\"og:image\" content=\"https:\/\/ppdegalicia.com\/wp-content\/uploads\/2023\/12\/a0f6047a1de5f37764ac8e2f31a93650.jpg\" \/>\n\t<meta property=\"og:image:width\" content=\"2400\" \/>\n\t<meta property=\"og:image:height\" content=\"1600\" \/>\n\t<meta property=\"og:image:type\" content=\"image\/jpeg\" \/>\n<meta name=\"author\" content=\"ppdegaliciaredes\" \/>\n<meta name=\"twitter:card\" content=\"summary_large_image\" \/>\n<meta name=\"twitter:creator\" content=\"@ppdegalicia\" \/>\n<meta name=\"twitter:site\" content=\"@ppdegalicia\" \/>\n<meta name=\"twitter:label1\" content=\"Escrito por\" \/>\n\t<meta name=\"twitter:data1\" content=\"ppdegaliciaredes\" \/>\n\t<meta name=\"twitter:label2\" content=\"Tiempo de lectura\" \/>\n\t<meta name=\"twitter:data2\" content=\"2 minutos\" \/>\n<script type=\"application\/ld+json\" class=\"yoast-schema-graph\">{\"@context\":\"https:\\\/\\\/schema.org\",\"@graph\":[{\"@type\":\"Article\",\"@id\":\"https:\\\/\\\/ppdegalicia.com\\\/es\\\/o-programa-electoral-do-ppdeg-reflexara-o-estilo-rueda-e-sera-participativo-de-amplo-espectro-social-pegado-a-terra-e-a-xente-e-pensado-para-unha-galicia-que-non-para\\\/#article\",\"isPartOf\":{\"@id\":\"https:\\\/\\\/ppdegalicia.com\\\/es\\\/o-programa-electoral-do-ppdeg-reflexara-o-estilo-rueda-e-sera-participativo-de-amplo-espectro-social-pegado-a-terra-e-a-xente-e-pensado-para-unha-galicia-que-non-para\\\/\"},\"author\":{\"name\":\"ppdegaliciaredes\",\"@id\":\"https:\\\/\\\/ppdegalicia.com\\\/es\\\/#\\\/schema\\\/person\\\/5b822c6f59e872ebdd1142f307dbcb59\"},\"headline\":\"O programa electoral do PPdeG reflexar\u00e1 o \u201cestilo Rueda\u201d e ser\u00e1 \u201cparticipativo, de amplo espectro social, pegado \u00e1 terra e \u00e1 xente e pensado para unha Galicia que non para\u201d\",\"datePublished\":\"2023-12-29T11:47:47+00:00\",\"mainEntityOfPage\":{\"@id\":\"https:\\\/\\\/ppdegalicia.com\\\/es\\\/o-programa-electoral-do-ppdeg-reflexara-o-estilo-rueda-e-sera-participativo-de-amplo-espectro-social-pegado-a-terra-e-a-xente-e-pensado-para-unha-galicia-que-non-para\\\/\"},\"wordCount\":509,\"commentCount\":0,\"publisher\":{\"@id\":\"https:\\\/\\\/ppdegalicia.com\\\/es\\\/#organization\"},\"image\":{\"@id\":\"https:\\\/\\\/ppdegalicia.com\\\/es\\\/o-programa-electoral-do-ppdeg-reflexara-o-estilo-rueda-e-sera-participativo-de-amplo-espectro-social-pegado-a-terra-e-a-xente-e-pensado-para-unha-galicia-que-non-para\\\/#primaryimage\"},\"thumbnailUrl\":\"https:\\\/\\\/ppdegalicia.com\\\/wp-content\\\/uploads\\\/2023\\\/12\\\/a0f6047a1de5f37764ac8e2f31a93650.jpg\",\"articleSection\":[\"PP de Galicia\"],\"inLanguage\":\"es\",\"potentialAction\":[{\"@type\":\"CommentAction\",\"name\":\"Comment\",\"target\":[\"https:\\\/\\\/ppdegalicia.com\\\/es\\\/o-programa-electoral-do-ppdeg-reflexara-o-estilo-rueda-e-sera-participativo-de-amplo-espectro-social-pegado-a-terra-e-a-xente-e-pensado-para-unha-galicia-que-non-para\\\/#respond\"]}]},{\"@type\":\"WebPage\",\"@id\":\"https:\\\/\\\/ppdegalicia.com\\\/es\\\/o-programa-electoral-do-ppdeg-reflexara-o-estilo-rueda-e-sera-participativo-de-amplo-espectro-social-pegado-a-terra-e-a-xente-e-pensado-para-unha-galicia-que-non-para\\\/\",\"url\":\"https:\\\/\\\/ppdegalicia.com\\\/es\\\/o-programa-electoral-do-ppdeg-reflexara-o-estilo-rueda-e-sera-participativo-de-amplo-espectro-social-pegado-a-terra-e-a-xente-e-pensado-para-unha-galicia-que-non-para\\\/\",\"name\":\"O programa electoral do PPdeG reflexar\u00e1 o \u201cestilo Rueda\u201d e ser\u00e1 \u201cparticipativo, de amplo espectro social, pegado \u00e1 terra e \u00e1 xente e pensado para unha Galicia que non para\u201d - PP de Galicia\",\"isPartOf\":{\"@id\":\"https:\\\/\\\/ppdegalicia.com\\\/es\\\/#website\"},\"primaryImageOfPage\":{\"@id\":\"https:\\\/\\\/ppdegalicia.com\\\/es\\\/o-programa-electoral-do-ppdeg-reflexara-o-estilo-rueda-e-sera-participativo-de-amplo-espectro-social-pegado-a-terra-e-a-xente-e-pensado-para-unha-galicia-que-non-para\\\/#primaryimage\"},\"image\":{\"@id\":\"https:\\\/\\\/ppdegalicia.com\\\/es\\\/o-programa-electoral-do-ppdeg-reflexara-o-estilo-rueda-e-sera-participativo-de-amplo-espectro-social-pegado-a-terra-e-a-xente-e-pensado-para-unha-galicia-que-non-para\\\/#primaryimage\"},\"thumbnailUrl\":\"https:\\\/\\\/ppdegalicia.com\\\/wp-content\\\/uploads\\\/2023\\\/12\\\/a0f6047a1de5f37764ac8e2f31a93650.jpg\",\"datePublished\":\"2023-12-29T11:47:47+00:00\",\"breadcrumb\":{\"@id\":\"https:\\\/\\\/ppdegalicia.com\\\/es\\\/o-programa-electoral-do-ppdeg-reflexara-o-estilo-rueda-e-sera-participativo-de-amplo-espectro-social-pegado-a-terra-e-a-xente-e-pensado-para-unha-galicia-que-non-para\\\/#breadcrumb\"},\"inLanguage\":\"es\",\"potentialAction\":[{\"@type\":\"ReadAction\",\"target\":[\"https:\\\/\\\/ppdegalicia.com\\\/es\\\/o-programa-electoral-do-ppdeg-reflexara-o-estilo-rueda-e-sera-participativo-de-amplo-espectro-social-pegado-a-terra-e-a-xente-e-pensado-para-unha-galicia-que-non-para\\\/\"]}]},{\"@type\":\"ImageObject\",\"inLanguage\":\"es\",\"@id\":\"https:\\\/\\\/ppdegalicia.com\\\/es\\\/o-programa-electoral-do-ppdeg-reflexara-o-estilo-rueda-e-sera-participativo-de-amplo-espectro-social-pegado-a-terra-e-a-xente-e-pensado-para-unha-galicia-que-non-para\\\/#primaryimage\",\"url\":\"https:\\\/\\\/ppdegalicia.com\\\/wp-content\\\/uploads\\\/2023\\\/12\\\/a0f6047a1de5f37764ac8e2f31a93650.jpg\",\"contentUrl\":\"https:\\\/\\\/ppdegalicia.com\\\/wp-content\\\/uploads\\\/2023\\\/12\\\/a0f6047a1de5f37764ac8e2f31a93650.jpg\",\"width\":2400,\"height\":1600},{\"@type\":\"BreadcrumbList\",\"@id\":\"https:\\\/\\\/ppdegalicia.com\\\/es\\\/o-programa-electoral-do-ppdeg-reflexara-o-estilo-rueda-e-sera-participativo-de-amplo-espectro-social-pegado-a-terra-e-a-xente-e-pensado-para-unha-galicia-que-non-para\\\/#breadcrumb\",\"itemListElement\":[{\"@type\":\"ListItem\",\"position\":1,\"name\":\"Portada\",\"item\":\"https:\\\/\\\/ppdegalicia.com\\\/es\\\/\"},{\"@type\":\"ListItem\",\"position\":2,\"name\":\"O programa electoral do PPdeG reflexar\u00e1 o \u201cestilo Rueda\u201d e ser\u00e1 \u201cparticipativo, de amplo espectro social, pegado \u00e1 terra e \u00e1 xente e pensado para unha Galicia que non para\u201d\"}]},{\"@type\":\"WebSite\",\"@id\":\"https:\\\/\\\/ppdegalicia.com\\\/es\\\/#website\",\"url\":\"https:\\\/\\\/ppdegalicia.com\\\/es\\\/\",\"name\":\"Partido Popular de Galicia\",\"description\":\"Partido Popular de Galicia\",\"publisher\":{\"@id\":\"https:\\\/\\\/ppdegalicia.com\\\/es\\\/#organization\"},\"alternateName\":\"PP de Galicia\",\"potentialAction\":[{\"@type\":\"SearchAction\",\"target\":{\"@type\":\"EntryPoint\",\"urlTemplate\":\"https:\\\/\\\/ppdegalicia.com\\\/es\\\/?s={search_term_string}\"},\"query-input\":{\"@type\":\"PropertyValueSpecification\",\"valueRequired\":true,\"valueName\":\"search_term_string\"}}],\"inLanguage\":\"es\"},{\"@type\":\"Organization\",\"@id\":\"https:\\\/\\\/ppdegalicia.com\\\/es\\\/#organization\",\"name\":\"Partido Popular de Galicia\",\"alternateName\":\"PP de Galicia\",\"url\":\"https:\\\/\\\/ppdegalicia.com\\\/es\\\/\",\"logo\":{\"@type\":\"ImageObject\",\"inLanguage\":\"es\",\"@id\":\"https:\\\/\\\/ppdegalicia.com\\\/es\\\/#\\\/schema\\\/logo\\\/image\\\/\",\"url\":\"https:\\\/\\\/ppdegalicia.com\\\/wp-content\\\/uploads\\\/2023\\\/04\\\/logoPP512.png\",\"contentUrl\":\"https:\\\/\\\/ppdegalicia.com\\\/wp-content\\\/uploads\\\/2023\\\/04\\\/logoPP512.png\",\"width\":512,\"height\":512,\"caption\":\"Partido Popular de Galicia\"},\"image\":{\"@id\":\"https:\\\/\\\/ppdegalicia.com\\\/es\\\/#\\\/schema\\\/logo\\\/image\\\/\"},\"sameAs\":[\"https:\\\/\\\/www.instagram.com\\\/ppdegalicia\\\/\",\"https:\\\/\\\/x.com\\\/ppdegalicia\",\"https:\\\/\\\/www.tiktok.com\\\/@ppdegalicia\",\"https:\\\/\\\/www.youtube.com\\\/user\\\/ppdegalicia\"]},{\"@type\":\"Person\",\"@id\":\"https:\\\/\\\/ppdegalicia.com\\\/es\\\/#\\\/schema\\\/person\\\/5b822c6f59e872ebdd1142f307dbcb59\",\"name\":\"ppdegaliciaredes\",\"image\":{\"@type\":\"ImageObject\",\"inLanguage\":\"es\",\"@id\":\"https:\\\/\\\/secure.gravatar.com\\\/avatar\\\/3c9179cf0256d00c72a48d1f25783c58b6842cd56e85ef3a572881c8e28ccd59?s=96&d=mm&r=g\",\"url\":\"https:\\\/\\\/secure.gravatar.com\\\/avatar\\\/3c9179cf0256d00c72a48d1f25783c58b6842cd56e85ef3a572881c8e28ccd59?s=96&d=mm&r=g\",\"contentUrl\":\"https:\\\/\\\/secure.gravatar.com\\\/avatar\\\/3c9179cf0256d00c72a48d1f25783c58b6842cd56e85ef3a572881c8e28ccd59?s=96&d=mm&r=g\",\"caption\":\"ppdegaliciaredes\"},\"url\":\"https:\\\/\\\/ppdegalicia.com\\\/es\\\/author\\\/ppdegaliciaredes\\\/\"}]}<\/script>\n<!-- \/ Yoast SEO plugin. -->","yoast_head_json":{"title":"O programa electoral do PPdeG reflexar\u00e1 o \u201cestilo Rueda\u201d e ser\u00e1 \u201cparticipativo, de amplo espectro social, pegado \u00e1 terra e \u00e1 xente e pensado para unha Galicia que non para\u201d - PP de Galicia","robots":{"index":"index","follow":"follow","max-snippet":"max-snippet:-1","max-image-preview":"max-image-preview:large","max-video-preview":"max-video-preview:-1"},"canonical":"https:\/\/ppdegalicia.com\/es\/o-programa-electoral-do-ppdeg-reflexara-o-estilo-rueda-e-sera-participativo-de-amplo-espectro-social-pegado-a-terra-e-a-xente-e-pensado-para-unha-galicia-que-non-para\/","og_locale":"es_ES","og_type":"article","og_title":"O programa electoral do PPdeG reflexar\u00e1 o \u201cestilo Rueda\u201d e ser\u00e1 \u201cparticipativo, de amplo espectro social, pegado \u00e1 terra e \u00e1 xente e pensado para unha Galicia que non para\u201d - PP de Galicia","og_description":"O PPdeG anunciou hoxe que o programa electoral co que concorrer\u00e1 \u00e1s elecci\u00f3ns do 18 de febreiro reflexar\u00e1 \u201cestilo Rueda\u201d na medida en que ser\u00e1 \u201cparticipativo, de amplo espectro social, pegado \u00e1 terra e \u00e1 xente, impregnado da nosa forma de ser e pensado para unha Galicia que non para\u201d.","og_url":"https:\/\/ppdegalicia.com\/es\/o-programa-electoral-do-ppdeg-reflexara-o-estilo-rueda-e-sera-participativo-de-amplo-espectro-social-pegado-a-terra-e-a-xente-e-pensado-para-unha-galicia-que-non-para\/","og_site_name":"PP de Galicia","article_publisher":"https:\/\/www.instagram.com\/ppdegalicia\/","article_published_time":"2023-12-29T11:47:47+00:00","og_image":[{"width":2400,"height":1600,"url":"https:\/\/ppdegalicia.com\/wp-content\/uploads\/2023\/12\/a0f6047a1de5f37764ac8e2f31a93650.jpg","type":"image\/jpeg"}],"author":"ppdegaliciaredes","twitter_card":"summary_large_image","twitter_creator":"@ppdegalicia","twitter_site":"@ppdegalicia","twitter_misc":{"Escrito por":"ppdegaliciaredes","Tiempo de lectura":"2 minutos"},"schema":{"@context":"https:\/\/schema.org","@graph":[{"@type":"Article","@id":"https:\/\/ppdegalicia.com\/es\/o-programa-electoral-do-ppdeg-reflexara-o-estilo-rueda-e-sera-participativo-de-amplo-espectro-social-pegado-a-terra-e-a-xente-e-pensado-para-unha-galicia-que-non-para\/#article","isPartOf":{"@id":"https:\/\/ppdegalicia.com\/es\/o-programa-electoral-do-ppdeg-reflexara-o-estilo-rueda-e-sera-participativo-de-amplo-espectro-social-pegado-a-terra-e-a-xente-e-pensado-para-unha-galicia-que-non-para\/"},"author":{"name":"ppdegaliciaredes","@id":"https:\/\/ppdegalicia.com\/es\/#\/schema\/person\/5b822c6f59e872ebdd1142f307dbcb59"},"headline":"O programa electoral do PPdeG reflexar\u00e1 o \u201cestilo Rueda\u201d e ser\u00e1 \u201cparticipativo, de amplo espectro social, pegado \u00e1 terra e \u00e1 xente e pensado para unha Galicia que non para\u201d","datePublished":"2023-12-29T11:47:47+00:00","mainEntityOfPage":{"@id":"https:\/\/ppdegalicia.com\/es\/o-programa-electoral-do-ppdeg-reflexara-o-estilo-rueda-e-sera-participativo-de-amplo-espectro-social-pegado-a-terra-e-a-xente-e-pensado-para-unha-galicia-que-non-para\/"},"wordCount":509,"commentCount":0,"publisher":{"@id":"https:\/\/ppdegalicia.com\/es\/#organization"},"image":{"@id":"https:\/\/ppdegalicia.com\/es\/o-programa-electoral-do-ppdeg-reflexara-o-estilo-rueda-e-sera-participativo-de-amplo-espectro-social-pegado-a-terra-e-a-xente-e-pensado-para-unha-galicia-que-non-para\/#primaryimage"},"thumbnailUrl":"https:\/\/ppdegalicia.com\/wp-content\/uploads\/2023\/12\/a0f6047a1de5f37764ac8e2f31a93650.jpg","articleSection":["PP de Galicia"],"inLanguage":"es","potentialAction":[{"@type":"CommentAction","name":"Comment","target":["https:\/\/ppdegalicia.com\/es\/o-programa-electoral-do-ppdeg-reflexara-o-estilo-rueda-e-sera-participativo-de-amplo-espectro-social-pegado-a-terra-e-a-xente-e-pensado-para-unha-galicia-que-non-para\/#respond"]}]},{"@type":"WebPage","@id":"https:\/\/ppdegalicia.com\/es\/o-programa-electoral-do-ppdeg-reflexara-o-estilo-rueda-e-sera-participativo-de-amplo-espectro-social-pegado-a-terra-e-a-xente-e-pensado-para-unha-galicia-que-non-para\/","url":"https:\/\/ppdegalicia.com\/es\/o-programa-electoral-do-ppdeg-reflexara-o-estilo-rueda-e-sera-participativo-de-amplo-espectro-social-pegado-a-terra-e-a-xente-e-pensado-para-unha-galicia-que-non-para\/","name":"O programa electoral do PPdeG reflexar\u00e1 o \u201cestilo Rueda\u201d e ser\u00e1 \u201cparticipativo, de amplo espectro social, pegado \u00e1 terra e \u00e1 xente e pensado para unha Galicia que non para\u201d - PP de Galicia","isPartOf":{"@id":"https:\/\/ppdegalicia.com\/es\/#website"},"primaryImageOfPage":{"@id":"https:\/\/ppdegalicia.com\/es\/o-programa-electoral-do-ppdeg-reflexara-o-estilo-rueda-e-sera-participativo-de-amplo-espectro-social-pegado-a-terra-e-a-xente-e-pensado-para-unha-galicia-que-non-para\/#primaryimage"},"image":{"@id":"https:\/\/ppdegalicia.com\/es\/o-programa-electoral-do-ppdeg-reflexara-o-estilo-rueda-e-sera-participativo-de-amplo-espectro-social-pegado-a-terra-e-a-xente-e-pensado-para-unha-galicia-que-non-para\/#primaryimage"},"thumbnailUrl":"https:\/\/ppdegalicia.com\/wp-content\/uploads\/2023\/12\/a0f6047a1de5f37764ac8e2f31a93650.jpg","datePublished":"2023-12-29T11:47:47+00:00","breadcrumb":{"@id":"https:\/\/ppdegalicia.com\/es\/o-programa-electoral-do-ppdeg-reflexara-o-estilo-rueda-e-sera-participativo-de-amplo-espectro-social-pegado-a-terra-e-a-xente-e-pensado-para-unha-galicia-que-non-para\/#breadcrumb"},"inLanguage":"es","potentialAction":[{"@type":"ReadAction","target":["https:\/\/ppdegalicia.com\/es\/o-programa-electoral-do-ppdeg-reflexara-o-estilo-rueda-e-sera-participativo-de-amplo-espectro-social-pegado-a-terra-e-a-xente-e-pensado-para-unha-galicia-que-non-para\/"]}]},{"@type":"ImageObject","inLanguage":"es","@id":"https:\/\/ppdegalicia.com\/es\/o-programa-electoral-do-ppdeg-reflexara-o-estilo-rueda-e-sera-participativo-de-amplo-espectro-social-pegado-a-terra-e-a-xente-e-pensado-para-unha-galicia-que-non-para\/#primaryimage","url":"https:\/\/ppdegalicia.com\/wp-content\/uploads\/2023\/12\/a0f6047a1de5f37764ac8e2f31a93650.jpg","contentUrl":"https:\/\/ppdegalicia.com\/wp-content\/uploads\/2023\/12\/a0f6047a1de5f37764ac8e2f31a93650.jpg","width":2400,"height":1600},{"@type":"BreadcrumbList","@id":"https:\/\/ppdegalicia.com\/es\/o-programa-electoral-do-ppdeg-reflexara-o-estilo-rueda-e-sera-participativo-de-amplo-espectro-social-pegado-a-terra-e-a-xente-e-pensado-para-unha-galicia-que-non-para\/#breadcrumb","itemListElement":[{"@type":"ListItem","position":1,"name":"Portada","item":"https:\/\/ppdegalicia.com\/es\/"},{"@type":"ListItem","position":2,"name":"O programa electoral do PPdeG reflexar\u00e1 o \u201cestilo Rueda\u201d e ser\u00e1 \u201cparticipativo, de amplo espectro social, pegado \u00e1 terra e \u00e1 xente e pensado para unha Galicia que non para\u201d"}]},{"@type":"WebSite","@id":"https:\/\/ppdegalicia.com\/es\/#website","url":"https:\/\/ppdegalicia.com\/es\/","name":"Partido Popular de Galicia","description":"Partido Popular de Galicia","publisher":{"@id":"https:\/\/ppdegalicia.com\/es\/#organization"},"alternateName":"PP de Galicia","potentialAction":[{"@type":"SearchAction","target":{"@type":"EntryPoint","urlTemplate":"https:\/\/ppdegalicia.com\/es\/?s={search_term_string}"},"query-input":{"@type":"PropertyValueSpecification","valueRequired":true,"valueName":"search_term_string"}}],"inLanguage":"es"},{"@type":"Organization","@id":"https:\/\/ppdegalicia.com\/es\/#organization","name":"Partido Popular de Galicia","alternateName":"PP de Galicia","url":"https:\/\/ppdegalicia.com\/es\/","logo":{"@type":"ImageObject","inLanguage":"es","@id":"https:\/\/ppdegalicia.com\/es\/#\/schema\/logo\/image\/","url":"https:\/\/ppdegalicia.com\/wp-content\/uploads\/2023\/04\/logoPP512.png","contentUrl":"https:\/\/ppdegalicia.com\/wp-content\/uploads\/2023\/04\/logoPP512.png","width":512,"height":512,"caption":"Partido Popular de Galicia"},"image":{"@id":"https:\/\/ppdegalicia.com\/es\/#\/schema\/logo\/image\/"},"sameAs":["https:\/\/www.instagram.com\/ppdegalicia\/","https:\/\/x.com\/ppdegalicia","https:\/\/www.tiktok.com\/@ppdegalicia","https:\/\/www.youtube.com\/user\/ppdegalicia"]},{"@type":"Person","@id":"https:\/\/ppdegalicia.com\/es\/#\/schema\/person\/5b822c6f59e872ebdd1142f307dbcb59","name":"ppdegaliciaredes","image":{"@type":"ImageObject","inLanguage":"es","@id":"https:\/\/secure.gravatar.com\/avatar\/3c9179cf0256d00c72a48d1f25783c58b6842cd56e85ef3a572881c8e28ccd59?s=96&d=mm&r=g","url":"https:\/\/secure.gravatar.com\/avatar\/3c9179cf0256d00c72a48d1f25783c58b6842cd56e85ef3a572881c8e28ccd59?s=96&d=mm&r=g","contentUrl":"https:\/\/secure.gravatar.com\/avatar\/3c9179cf0256d00c72a48d1f25783c58b6842cd56e85ef3a572881c8e28ccd59?s=96&d=mm&r=g","caption":"ppdegaliciaredes"},"url":"https:\/\/ppdegalicia.com\/es\/author\/ppdegaliciaredes\/"}]}},"_links":{"self":[{"href":"https:\/\/ppdegalicia.com\/es\/wp-json\/wp\/v2\/posts\/58533","targetHints":{"allow":["GET"]}}],"collection":[{"href":"https:\/\/ppdegalicia.com\/es\/wp-json\/wp\/v2\/posts"}],"about":[{"href":"https:\/\/ppdegalicia.com\/es\/wp-json\/wp\/v2\/types\/post"}],"author":[{"embeddable":true,"href":"https:\/\/ppdegalicia.com\/es\/wp-json\/wp\/v2\/users\/38"}],"replies":[{"embeddable":true,"href":"https:\/\/ppdegalicia.com\/es\/wp-json\/wp\/v2\/comments?post=58533"}],"version-history":[{"count":0,"href":"https:\/\/ppdegalicia.com\/es\/wp-json\/wp\/v2\/posts\/58533\/revisions"}],"wp:featuredmedia":[{"embeddable":true,"href":"https:\/\/ppdegalicia.com\/es\/wp-json\/wp\/v2\/media\/58532"}],"wp:attachment":[{"href":"https:\/\/ppdegalicia.com\/es\/wp-json\/wp\/v2\/media?parent=58533"}],"wp:term":[{"taxonomy":"category","embeddable":true,"href":"https:\/\/ppdegalicia.com\/es\/wp-json\/wp\/v2\/categories?post=58533"},{"taxonomy":"post_tag","embeddable":true,"href":"https:\/\/ppdegalicia.com\/es\/wp-json\/wp\/v2\/tags?post=58533"}],"curies":[{"name":"wp","href":"https:\/\/api.w.org\/{rel}","templated":true}]}}