{"id":61959,"date":"2024-02-10T13:46:32","date_gmt":"2024-02-10T11:46:32","guid":{"rendered":"https:\/\/ppdegalicia.com\/?p=61959"},"modified":"2024-02-11T00:48:35","modified_gmt":"2024-02-10T22:48:35","slug":"alfonso-rueda-anuncia-a-posta-en-marcha-dun-plan-para-detectar-e-previr-o-abandono-escolar-potenciando-a-fp-basica","status":"publish","type":"post","link":"https:\/\/ppdegalicia.com\/es\/alfonso-rueda-anuncia-a-posta-en-marcha-dun-plan-para-detectar-e-previr-o-abandono-escolar-potenciando-a-fp-basica\/","title":{"rendered":"Alfonso Rueda anuncia a posta en marcha dun plan para detectar e previr o abandono escolar potenciando a FP b\u00e1sica"},"content":{"rendered":"<p><strong>Hoxe, nun acto co sector educativo na Cidade da Cultura ao que asistiron 1.500 persoas e no que tam\u00e9n participou o candidato pola provincia de Pontevedra Rom\u00e1n Rodr\u00edguez<\/strong><\/p>\n<h3><strong>Alfonso Rueda anuncia a posta en marcha dun plan para detectar e previr o abandono escolar potenciando a FP b\u00e1sica<\/strong><\/h3>\n<ul>\n<li>Ofrecerase informaci\u00f3n e orientaci\u00f3n ao alumnado e levaranse a cabo actuaci\u00f3ns espec\u00edficas encami\u00f1adas a reorientar aos rapaces en risco de abandono ou que xa deixaron de formarse, a desempregados e a mozos sen titulaci\u00f3n acad\u00e9mica<\/li>\n<li>\u201cO ensino de calidade \u00e9 aquel que non cree en ning\u00fan tipo de imposici\u00f3n ideol\u00f3xica, ling\u00fc\u00edstica ou partidista, sen\u00f3n que ofrece unha visi\u00f3n ampla para que a xente decida en liberdade\u201d, sost\u00e9n o presidente do PPdeG<\/li>\n<\/ul>\n<p><strong><u>10 de febreiro de 2024<\/u><\/strong>. O presidente e candidato do PPdeG, Alfonso Rueda, anunciou hoxe a posta en marcha do Plan FPGal360 co obxectivo de detectar e previr o abandono escolar antes de que se produza e derivar a ese alumnado a ciclos de Formaci\u00f3n Profesional B\u00e1sica.<\/p>\n<p>Un obxectivo que se enmarca na procura de acadar o \u201cabandono cero\u201d e que o 100% dos rapaces sigan form\u00e1ndose e prepar\u00e1ndose, polo menos, ata cumprir a maior\u00eda de idade. Por iso, a aposta do l\u00edder dos populares galegos \u00e9 potenciar os ciclos formativos para que ning\u00fan mozo quede sen ter unha titulaci\u00f3n e poida as\u00ed mellorar a s\u00faa inserci\u00f3n laboral.<\/p>\n<p><img fetchpriority=\"high\" decoding=\"async\" class=\"alignnone wp-image-61960 size-full\" src=\"https:\/\/ppdegalicia.com\/wp-content\/uploads\/2024\/02\/20240210_ARuedaActoEducacion03-Grande.jpeg\" alt=\"\" width=\"1280\" height=\"890\" srcset=\"https:\/\/ppdegalicia.com\/wp-content\/uploads\/2024\/02\/20240210_ARuedaActoEducacion03-Grande.jpeg 1280w, https:\/\/ppdegalicia.com\/wp-content\/uploads\/2024\/02\/20240210_ARuedaActoEducacion03-Grande-300x209.jpeg 300w, https:\/\/ppdegalicia.com\/wp-content\/uploads\/2024\/02\/20240210_ARuedaActoEducacion03-Grande-1024x712.jpeg 1024w, https:\/\/ppdegalicia.com\/wp-content\/uploads\/2024\/02\/20240210_ARuedaActoEducacion03-Grande-768x534.jpeg 768w\" sizes=\"(max-width: 1280px) 100vw, 1280px\" \/><\/p>\n<p>A trav\u00e9s deste novo plan ofrecerase informaci\u00f3n e orientaci\u00f3n sobre a FP B\u00e1sica ao alumnado desde idades temper\u00e1ns e levaranse a cabo actuaci\u00f3ns espec\u00edficas tanto para animar ao rapaces en risco de abandono ou que xa deixaron os estudos a seguir form\u00e1ndose, como para dar a co\u00f1ecer a desempregados ou mozos sen titulaci\u00f3n acad\u00e9mica as oportunidades laborais que ofrecen estes ciclos formativos.<\/p>\n<p>Na s\u00faa intervenci\u00f3n, Alfonso Rueda asegurou que \u201cpara que Galicia funcione, a educaci\u00f3n ten que funcionar\u201d. Algo para o que \u00e9 fundamental \u201ccontar cun profesorado e unha comunidade educativa con vocaci\u00f3n e dedicaci\u00f3n\u201d e, sobre todo, a procura constante da calidade, a excelencia e a accesibilidade no sistema educativo.<\/p>\n<p>E precisamente nesa li\u00f1a incidiu na capacidade de \u201cvertebraci\u00f3n do territorio\u201d que tam\u00e9n ten a educaci\u00f3n, apostando por \u201cconstru\u00edr un sistema educativo presente en todas partes, que vaia onde est\u00e1n os alumnos e non ao rev\u00e9s e que lles posibilite o m\u00e1ximo posible o acceso aos centros educativos\u201d.<\/p>\n<p>Unha accesibilidade que tam\u00e9n ten que ser econ\u00f3mica e de a\u00ed o esforzo econ\u00f3mico que se fai desde o Goberno galego por financiar a gratuidade da educaci\u00f3n infantil de 0 a 3 anos e a manter conxeladas as taxas universitarias. D\u00faas medidas \u00e1s que Alfonso Rueda prop\u00f3n ademais engadir a gratuidade das primeiras matr\u00edculas en todos os graos universitarios e en todos os cursos.<\/p>\n<p>En clave m\u00e1is pol\u00edtica, o presidente e candidato do PPdeG remarcou especialmente que \u201ca docencia ten que baseares en ensinar e formar, non en adoutrinar\u201d porque, do contrario, xerar\u00edase rexeitamento e desapego:\u00a0 \u201cUnha cousa \u00e9 educar en valores e outra educar en ideolox\u00eda\u201d.<\/p>\n<p>\u201cO ensino de calidade \u00e9 aquel que non cree en ning\u00fan tipo de imposici\u00f3n ideol\u00f3xica, ling\u00fc\u00edstica ou partidista, sen\u00f3n que ofrece unha visi\u00f3n ampla para que a xente decida en liberdade\u201d, conclu\u00edu a este respecto.<\/p>\n","protected":false},"excerpt":{"rendered":"<p>Hoxe, nun acto co sector educativo na Cidade da Cultura ao que asistiron 1.500 persoas e no que tam\u00e9n participou o candidato pola provincia de Pontevedra Rom\u00e1n Rodr\u00edguez Alfonso Rueda anuncia a posta en marcha dun plan para detectar e previr o abandono escolar potenciando a FP b\u00e1sica Ofrecerase informaci\u00f3n e orientaci\u00f3n ao alumnado e [&hellip;]<\/p>\n","protected":false},"author":1,"featured_media":61962,"comment_status":"open","ping_status":"open","sticky":false,"template":"","format":"standard","meta":{"_acf_changed":false,"footnotes":""},"categories":[1],"tags":[2424,2400,2423,2401,2417,2403,2399],"class_list":["post-61959","post","type-post","status-publish","format-standard","has-post-thumbnail","hentry","category-pp-de-galicia","tag-a-galicia-que-funciona","tag-alfonso-rueda","tag-cidade-da-cultura","tag-galicia","tag-mitin","tag-partido-popular-de-galicia","tag-ppdeg"],"acf":[],"yoast_head":"<!-- This site is optimized with the Yoast SEO plugin v27.3 - https:\/\/yoast.com\/product\/yoast-seo-wordpress\/ -->\n<title>Alfonso Rueda anuncia a posta en marcha dun plan para detectar e previr o abandono escolar potenciando a FP b\u00e1sica - PP de Galicia<\/title>\n<meta name=\"robots\" content=\"index, follow, max-snippet:-1, max-image-preview:large, max-video-preview:-1\" \/>\n<link rel=\"canonical\" href=\"https:\/\/ppdegalicia.com\/es\/alfonso-rueda-anuncia-a-posta-en-marcha-dun-plan-para-detectar-e-previr-o-abandono-escolar-potenciando-a-fp-basica\/\" \/>\n<meta property=\"og:locale\" content=\"es_ES\" \/>\n<meta property=\"og:type\" content=\"article\" \/>\n<meta property=\"og:title\" content=\"Alfonso Rueda anuncia a posta en marcha dun plan para detectar e previr o abandono escolar potenciando a FP b\u00e1sica - PP de Galicia\" \/>\n<meta property=\"og:description\" content=\"Hoxe, nun acto co sector educativo na Cidade da Cultura ao que asistiron 1.500 persoas e no que tam\u00e9n participou o candidato pola provincia de Pontevedra Rom\u00e1n Rodr\u00edguez Alfonso Rueda anuncia a posta en marcha dun plan para detectar e previr o abandono escolar potenciando a FP b\u00e1sica Ofrecerase informaci\u00f3n e orientaci\u00f3n ao alumnado e [&hellip;]\" \/>\n<meta property=\"og:url\" content=\"https:\/\/ppdegalicia.com\/es\/alfonso-rueda-anuncia-a-posta-en-marcha-dun-plan-para-detectar-e-previr-o-abandono-escolar-potenciando-a-fp-basica\/\" \/>\n<meta property=\"og:site_name\" content=\"PP de Galicia\" \/>\n<meta property=\"article:publisher\" content=\"https:\/\/www.instagram.com\/ppdegalicia\/\" \/>\n<meta property=\"article:published_time\" content=\"2024-02-10T11:46:32+00:00\" \/>\n<meta property=\"article:modified_time\" content=\"2024-02-10T22:48:35+00:00\" \/>\n<meta property=\"og:image\" content=\"https:\/\/ppdegalicia.com\/wp-content\/uploads\/2024\/02\/20240210_ARuedaActoEducacion02-Grande.jpeg\" \/>\n\t<meta property=\"og:image:width\" content=\"1280\" \/>\n\t<meta property=\"og:image:height\" content=\"853\" \/>\n\t<meta property=\"og:image:type\" content=\"image\/jpeg\" \/>\n<meta name=\"author\" content=\"ameneiros\" \/>\n<meta name=\"twitter:card\" content=\"summary_large_image\" \/>\n<meta name=\"twitter:creator\" content=\"@ppdegalicia\" \/>\n<meta name=\"twitter:site\" content=\"@ppdegalicia\" \/>\n<meta name=\"twitter:label1\" content=\"Escrito por\" \/>\n\t<meta name=\"twitter:data1\" content=\"ameneiros\" \/>\n\t<meta name=\"twitter:label2\" content=\"Tiempo de lectura\" \/>\n\t<meta name=\"twitter:data2\" content=\"3 minutos\" \/>\n<script type=\"application\/ld+json\" class=\"yoast-schema-graph\">{\"@context\":\"https:\\\/\\\/schema.org\",\"@graph\":[{\"@type\":\"Article\",\"@id\":\"https:\\\/\\\/ppdegalicia.com\\\/es\\\/alfonso-rueda-anuncia-a-posta-en-marcha-dun-plan-para-detectar-e-previr-o-abandono-escolar-potenciando-a-fp-basica\\\/#article\",\"isPartOf\":{\"@id\":\"https:\\\/\\\/ppdegalicia.com\\\/es\\\/alfonso-rueda-anuncia-a-posta-en-marcha-dun-plan-para-detectar-e-previr-o-abandono-escolar-potenciando-a-fp-basica\\\/\"},\"author\":{\"name\":\"ameneiros\",\"@id\":\"https:\\\/\\\/ppdegalicia.com\\\/es\\\/#\\\/schema\\\/person\\\/3f481a8341e73cf305ea60bee4f0175c\"},\"headline\":\"Alfonso Rueda anuncia a posta en marcha dun plan para detectar e previr o abandono escolar potenciando a FP b\u00e1sica\",\"datePublished\":\"2024-02-10T11:46:32+00:00\",\"dateModified\":\"2024-02-10T22:48:35+00:00\",\"mainEntityOfPage\":{\"@id\":\"https:\\\/\\\/ppdegalicia.com\\\/es\\\/alfonso-rueda-anuncia-a-posta-en-marcha-dun-plan-para-detectar-e-previr-o-abandono-escolar-potenciando-a-fp-basica\\\/\"},\"wordCount\":608,\"commentCount\":0,\"publisher\":{\"@id\":\"https:\\\/\\\/ppdegalicia.com\\\/es\\\/#organization\"},\"image\":{\"@id\":\"https:\\\/\\\/ppdegalicia.com\\\/es\\\/alfonso-rueda-anuncia-a-posta-en-marcha-dun-plan-para-detectar-e-previr-o-abandono-escolar-potenciando-a-fp-basica\\\/#primaryimage\"},\"thumbnailUrl\":\"https:\\\/\\\/ppdegalicia.com\\\/wp-content\\\/uploads\\\/2024\\\/02\\\/20240210_ARuedaActoEducacion02-Grande.jpeg\",\"keywords\":[\"A galicia que funciona\",\"Alfonso Rueda\",\"Cidade da Cultura\",\"Galicia\",\"mitin\",\"Partido Popular de Galicia\",\"PPdeG\"],\"articleSection\":[\"PP de Galicia\"],\"inLanguage\":\"es\",\"potentialAction\":[{\"@type\":\"CommentAction\",\"name\":\"Comment\",\"target\":[\"https:\\\/\\\/ppdegalicia.com\\\/es\\\/alfonso-rueda-anuncia-a-posta-en-marcha-dun-plan-para-detectar-e-previr-o-abandono-escolar-potenciando-a-fp-basica\\\/#respond\"]}]},{\"@type\":\"WebPage\",\"@id\":\"https:\\\/\\\/ppdegalicia.com\\\/es\\\/alfonso-rueda-anuncia-a-posta-en-marcha-dun-plan-para-detectar-e-previr-o-abandono-escolar-potenciando-a-fp-basica\\\/\",\"url\":\"https:\\\/\\\/ppdegalicia.com\\\/es\\\/alfonso-rueda-anuncia-a-posta-en-marcha-dun-plan-para-detectar-e-previr-o-abandono-escolar-potenciando-a-fp-basica\\\/\",\"name\":\"Alfonso Rueda anuncia a posta en marcha dun plan para detectar e previr o abandono escolar potenciando a FP b\u00e1sica - PP de Galicia\",\"isPartOf\":{\"@id\":\"https:\\\/\\\/ppdegalicia.com\\\/es\\\/#website\"},\"primaryImageOfPage\":{\"@id\":\"https:\\\/\\\/ppdegalicia.com\\\/es\\\/alfonso-rueda-anuncia-a-posta-en-marcha-dun-plan-para-detectar-e-previr-o-abandono-escolar-potenciando-a-fp-basica\\\/#primaryimage\"},\"image\":{\"@id\":\"https:\\\/\\\/ppdegalicia.com\\\/es\\\/alfonso-rueda-anuncia-a-posta-en-marcha-dun-plan-para-detectar-e-previr-o-abandono-escolar-potenciando-a-fp-basica\\\/#primaryimage\"},\"thumbnailUrl\":\"https:\\\/\\\/ppdegalicia.com\\\/wp-content\\\/uploads\\\/2024\\\/02\\\/20240210_ARuedaActoEducacion02-Grande.jpeg\",\"datePublished\":\"2024-02-10T11:46:32+00:00\",\"dateModified\":\"2024-02-10T22:48:35+00:00\",\"breadcrumb\":{\"@id\":\"https:\\\/\\\/ppdegalicia.com\\\/es\\\/alfonso-rueda-anuncia-a-posta-en-marcha-dun-plan-para-detectar-e-previr-o-abandono-escolar-potenciando-a-fp-basica\\\/#breadcrumb\"},\"inLanguage\":\"es\",\"potentialAction\":[{\"@type\":\"ReadAction\",\"target\":[\"https:\\\/\\\/ppdegalicia.com\\\/es\\\/alfonso-rueda-anuncia-a-posta-en-marcha-dun-plan-para-detectar-e-previr-o-abandono-escolar-potenciando-a-fp-basica\\\/\"]}]},{\"@type\":\"ImageObject\",\"inLanguage\":\"es\",\"@id\":\"https:\\\/\\\/ppdegalicia.com\\\/es\\\/alfonso-rueda-anuncia-a-posta-en-marcha-dun-plan-para-detectar-e-previr-o-abandono-escolar-potenciando-a-fp-basica\\\/#primaryimage\",\"url\":\"https:\\\/\\\/ppdegalicia.com\\\/wp-content\\\/uploads\\\/2024\\\/02\\\/20240210_ARuedaActoEducacion02-Grande.jpeg\",\"contentUrl\":\"https:\\\/\\\/ppdegalicia.com\\\/wp-content\\\/uploads\\\/2024\\\/02\\\/20240210_ARuedaActoEducacion02-Grande.jpeg\",\"width\":1280,\"height\":853},{\"@type\":\"BreadcrumbList\",\"@id\":\"https:\\\/\\\/ppdegalicia.com\\\/es\\\/alfonso-rueda-anuncia-a-posta-en-marcha-dun-plan-para-detectar-e-previr-o-abandono-escolar-potenciando-a-fp-basica\\\/#breadcrumb\",\"itemListElement\":[{\"@type\":\"ListItem\",\"position\":1,\"name\":\"Portada\",\"item\":\"https:\\\/\\\/ppdegalicia.com\\\/es\\\/\"},{\"@type\":\"ListItem\",\"position\":2,\"name\":\"Alfonso Rueda anuncia a posta en marcha dun plan para detectar e previr o abandono escolar potenciando a FP b\u00e1sica\"}]},{\"@type\":\"WebSite\",\"@id\":\"https:\\\/\\\/ppdegalicia.com\\\/es\\\/#website\",\"url\":\"https:\\\/\\\/ppdegalicia.com\\\/es\\\/\",\"name\":\"Partido Popular de Galicia\",\"description\":\"Partido Popular de Galicia\",\"publisher\":{\"@id\":\"https:\\\/\\\/ppdegalicia.com\\\/es\\\/#organization\"},\"alternateName\":\"PP de Galicia\",\"potentialAction\":[{\"@type\":\"SearchAction\",\"target\":{\"@type\":\"EntryPoint\",\"urlTemplate\":\"https:\\\/\\\/ppdegalicia.com\\\/es\\\/?s={search_term_string}\"},\"query-input\":{\"@type\":\"PropertyValueSpecification\",\"valueRequired\":true,\"valueName\":\"search_term_string\"}}],\"inLanguage\":\"es\"},{\"@type\":\"Organization\",\"@id\":\"https:\\\/\\\/ppdegalicia.com\\\/es\\\/#organization\",\"name\":\"Partido Popular de Galicia\",\"alternateName\":\"PP de Galicia\",\"url\":\"https:\\\/\\\/ppdegalicia.com\\\/es\\\/\",\"logo\":{\"@type\":\"ImageObject\",\"inLanguage\":\"es\",\"@id\":\"https:\\\/\\\/ppdegalicia.com\\\/es\\\/#\\\/schema\\\/logo\\\/image\\\/\",\"url\":\"https:\\\/\\\/ppdegalicia.com\\\/wp-content\\\/uploads\\\/2023\\\/04\\\/logoPP512.png\",\"contentUrl\":\"https:\\\/\\\/ppdegalicia.com\\\/wp-content\\\/uploads\\\/2023\\\/04\\\/logoPP512.png\",\"width\":512,\"height\":512,\"caption\":\"Partido Popular de Galicia\"},\"image\":{\"@id\":\"https:\\\/\\\/ppdegalicia.com\\\/es\\\/#\\\/schema\\\/logo\\\/image\\\/\"},\"sameAs\":[\"https:\\\/\\\/www.instagram.com\\\/ppdegalicia\\\/\",\"https:\\\/\\\/x.com\\\/ppdegalicia\",\"https:\\\/\\\/www.tiktok.com\\\/@ppdegalicia\",\"https:\\\/\\\/www.youtube.com\\\/user\\\/ppdegalicia\"]},{\"@type\":\"Person\",\"@id\":\"https:\\\/\\\/ppdegalicia.com\\\/es\\\/#\\\/schema\\\/person\\\/3f481a8341e73cf305ea60bee4f0175c\",\"name\":\"ameneiros\",\"image\":{\"@type\":\"ImageObject\",\"inLanguage\":\"es\",\"@id\":\"https:\\\/\\\/secure.gravatar.com\\\/avatar\\\/a674336f544aa8343184e0d8ab3c713c47f8a69d9a89696ff29a298007066f32?s=96&d=mm&r=g\",\"url\":\"https:\\\/\\\/secure.gravatar.com\\\/avatar\\\/a674336f544aa8343184e0d8ab3c713c47f8a69d9a89696ff29a298007066f32?s=96&d=mm&r=g\",\"contentUrl\":\"https:\\\/\\\/secure.gravatar.com\\\/avatar\\\/a674336f544aa8343184e0d8ab3c713c47f8a69d9a89696ff29a298007066f32?s=96&d=mm&r=g\",\"caption\":\"ameneiros\"},\"url\":\"https:\\\/\\\/ppdegalicia.com\\\/es\\\/author\\\/ameneiros\\\/\"}]}<\/script>\n<!-- \/ Yoast SEO plugin. -->","yoast_head_json":{"title":"Alfonso Rueda anuncia a posta en marcha dun plan para detectar e previr o abandono escolar potenciando a FP b\u00e1sica - PP de Galicia","robots":{"index":"index","follow":"follow","max-snippet":"max-snippet:-1","max-image-preview":"max-image-preview:large","max-video-preview":"max-video-preview:-1"},"canonical":"https:\/\/ppdegalicia.com\/es\/alfonso-rueda-anuncia-a-posta-en-marcha-dun-plan-para-detectar-e-previr-o-abandono-escolar-potenciando-a-fp-basica\/","og_locale":"es_ES","og_type":"article","og_title":"Alfonso Rueda anuncia a posta en marcha dun plan para detectar e previr o abandono escolar potenciando a FP b\u00e1sica - PP de Galicia","og_description":"Hoxe, nun acto co sector educativo na Cidade da Cultura ao que asistiron 1.500 persoas e no que tam\u00e9n participou o candidato pola provincia de Pontevedra Rom\u00e1n Rodr\u00edguez Alfonso Rueda anuncia a posta en marcha dun plan para detectar e previr o abandono escolar potenciando a FP b\u00e1sica Ofrecerase informaci\u00f3n e orientaci\u00f3n ao alumnado e [&hellip;]","og_url":"https:\/\/ppdegalicia.com\/es\/alfonso-rueda-anuncia-a-posta-en-marcha-dun-plan-para-detectar-e-previr-o-abandono-escolar-potenciando-a-fp-basica\/","og_site_name":"PP de Galicia","article_publisher":"https:\/\/www.instagram.com\/ppdegalicia\/","article_published_time":"2024-02-10T11:46:32+00:00","article_modified_time":"2024-02-10T22:48:35+00:00","og_image":[{"width":1280,"height":853,"url":"https:\/\/ppdegalicia.com\/wp-content\/uploads\/2024\/02\/20240210_ARuedaActoEducacion02-Grande.jpeg","type":"image\/jpeg"}],"author":"ameneiros","twitter_card":"summary_large_image","twitter_creator":"@ppdegalicia","twitter_site":"@ppdegalicia","twitter_misc":{"Escrito por":"ameneiros","Tiempo de lectura":"3 minutos"},"schema":{"@context":"https:\/\/schema.org","@graph":[{"@type":"Article","@id":"https:\/\/ppdegalicia.com\/es\/alfonso-rueda-anuncia-a-posta-en-marcha-dun-plan-para-detectar-e-previr-o-abandono-escolar-potenciando-a-fp-basica\/#article","isPartOf":{"@id":"https:\/\/ppdegalicia.com\/es\/alfonso-rueda-anuncia-a-posta-en-marcha-dun-plan-para-detectar-e-previr-o-abandono-escolar-potenciando-a-fp-basica\/"},"author":{"name":"ameneiros","@id":"https:\/\/ppdegalicia.com\/es\/#\/schema\/person\/3f481a8341e73cf305ea60bee4f0175c"},"headline":"Alfonso Rueda anuncia a posta en marcha dun plan para detectar e previr o abandono escolar potenciando a FP b\u00e1sica","datePublished":"2024-02-10T11:46:32+00:00","dateModified":"2024-02-10T22:48:35+00:00","mainEntityOfPage":{"@id":"https:\/\/ppdegalicia.com\/es\/alfonso-rueda-anuncia-a-posta-en-marcha-dun-plan-para-detectar-e-previr-o-abandono-escolar-potenciando-a-fp-basica\/"},"wordCount":608,"commentCount":0,"publisher":{"@id":"https:\/\/ppdegalicia.com\/es\/#organization"},"image":{"@id":"https:\/\/ppdegalicia.com\/es\/alfonso-rueda-anuncia-a-posta-en-marcha-dun-plan-para-detectar-e-previr-o-abandono-escolar-potenciando-a-fp-basica\/#primaryimage"},"thumbnailUrl":"https:\/\/ppdegalicia.com\/wp-content\/uploads\/2024\/02\/20240210_ARuedaActoEducacion02-Grande.jpeg","keywords":["A galicia que funciona","Alfonso Rueda","Cidade da Cultura","Galicia","mitin","Partido Popular de Galicia","PPdeG"],"articleSection":["PP de Galicia"],"inLanguage":"es","potentialAction":[{"@type":"CommentAction","name":"Comment","target":["https:\/\/ppdegalicia.com\/es\/alfonso-rueda-anuncia-a-posta-en-marcha-dun-plan-para-detectar-e-previr-o-abandono-escolar-potenciando-a-fp-basica\/#respond"]}]},{"@type":"WebPage","@id":"https:\/\/ppdegalicia.com\/es\/alfonso-rueda-anuncia-a-posta-en-marcha-dun-plan-para-detectar-e-previr-o-abandono-escolar-potenciando-a-fp-basica\/","url":"https:\/\/ppdegalicia.com\/es\/alfonso-rueda-anuncia-a-posta-en-marcha-dun-plan-para-detectar-e-previr-o-abandono-escolar-potenciando-a-fp-basica\/","name":"Alfonso Rueda anuncia a posta en marcha dun plan para detectar e previr o abandono escolar potenciando a FP b\u00e1sica - PP de Galicia","isPartOf":{"@id":"https:\/\/ppdegalicia.com\/es\/#website"},"primaryImageOfPage":{"@id":"https:\/\/ppdegalicia.com\/es\/alfonso-rueda-anuncia-a-posta-en-marcha-dun-plan-para-detectar-e-previr-o-abandono-escolar-potenciando-a-fp-basica\/#primaryimage"},"image":{"@id":"https:\/\/ppdegalicia.com\/es\/alfonso-rueda-anuncia-a-posta-en-marcha-dun-plan-para-detectar-e-previr-o-abandono-escolar-potenciando-a-fp-basica\/#primaryimage"},"thumbnailUrl":"https:\/\/ppdegalicia.com\/wp-content\/uploads\/2024\/02\/20240210_ARuedaActoEducacion02-Grande.jpeg","datePublished":"2024-02-10T11:46:32+00:00","dateModified":"2024-02-10T22:48:35+00:00","breadcrumb":{"@id":"https:\/\/ppdegalicia.com\/es\/alfonso-rueda-anuncia-a-posta-en-marcha-dun-plan-para-detectar-e-previr-o-abandono-escolar-potenciando-a-fp-basica\/#breadcrumb"},"inLanguage":"es","potentialAction":[{"@type":"ReadAction","target":["https:\/\/ppdegalicia.com\/es\/alfonso-rueda-anuncia-a-posta-en-marcha-dun-plan-para-detectar-e-previr-o-abandono-escolar-potenciando-a-fp-basica\/"]}]},{"@type":"ImageObject","inLanguage":"es","@id":"https:\/\/ppdegalicia.com\/es\/alfonso-rueda-anuncia-a-posta-en-marcha-dun-plan-para-detectar-e-previr-o-abandono-escolar-potenciando-a-fp-basica\/#primaryimage","url":"https:\/\/ppdegalicia.com\/wp-content\/uploads\/2024\/02\/20240210_ARuedaActoEducacion02-Grande.jpeg","contentUrl":"https:\/\/ppdegalicia.com\/wp-content\/uploads\/2024\/02\/20240210_ARuedaActoEducacion02-Grande.jpeg","width":1280,"height":853},{"@type":"BreadcrumbList","@id":"https:\/\/ppdegalicia.com\/es\/alfonso-rueda-anuncia-a-posta-en-marcha-dun-plan-para-detectar-e-previr-o-abandono-escolar-potenciando-a-fp-basica\/#breadcrumb","itemListElement":[{"@type":"ListItem","position":1,"name":"Portada","item":"https:\/\/ppdegalicia.com\/es\/"},{"@type":"ListItem","position":2,"name":"Alfonso Rueda anuncia a posta en marcha dun plan para detectar e previr o abandono escolar potenciando a FP b\u00e1sica"}]},{"@type":"WebSite","@id":"https:\/\/ppdegalicia.com\/es\/#website","url":"https:\/\/ppdegalicia.com\/es\/","name":"Partido Popular de Galicia","description":"Partido Popular de Galicia","publisher":{"@id":"https:\/\/ppdegalicia.com\/es\/#organization"},"alternateName":"PP de Galicia","potentialAction":[{"@type":"SearchAction","target":{"@type":"EntryPoint","urlTemplate":"https:\/\/ppdegalicia.com\/es\/?s={search_term_string}"},"query-input":{"@type":"PropertyValueSpecification","valueRequired":true,"valueName":"search_term_string"}}],"inLanguage":"es"},{"@type":"Organization","@id":"https:\/\/ppdegalicia.com\/es\/#organization","name":"Partido Popular de Galicia","alternateName":"PP de Galicia","url":"https:\/\/ppdegalicia.com\/es\/","logo":{"@type":"ImageObject","inLanguage":"es","@id":"https:\/\/ppdegalicia.com\/es\/#\/schema\/logo\/image\/","url":"https:\/\/ppdegalicia.com\/wp-content\/uploads\/2023\/04\/logoPP512.png","contentUrl":"https:\/\/ppdegalicia.com\/wp-content\/uploads\/2023\/04\/logoPP512.png","width":512,"height":512,"caption":"Partido Popular de Galicia"},"image":{"@id":"https:\/\/ppdegalicia.com\/es\/#\/schema\/logo\/image\/"},"sameAs":["https:\/\/www.instagram.com\/ppdegalicia\/","https:\/\/x.com\/ppdegalicia","https:\/\/www.tiktok.com\/@ppdegalicia","https:\/\/www.youtube.com\/user\/ppdegalicia"]},{"@type":"Person","@id":"https:\/\/ppdegalicia.com\/es\/#\/schema\/person\/3f481a8341e73cf305ea60bee4f0175c","name":"ameneiros","image":{"@type":"ImageObject","inLanguage":"es","@id":"https:\/\/secure.gravatar.com\/avatar\/a674336f544aa8343184e0d8ab3c713c47f8a69d9a89696ff29a298007066f32?s=96&d=mm&r=g","url":"https:\/\/secure.gravatar.com\/avatar\/a674336f544aa8343184e0d8ab3c713c47f8a69d9a89696ff29a298007066f32?s=96&d=mm&r=g","contentUrl":"https:\/\/secure.gravatar.com\/avatar\/a674336f544aa8343184e0d8ab3c713c47f8a69d9a89696ff29a298007066f32?s=96&d=mm&r=g","caption":"ameneiros"},"url":"https:\/\/ppdegalicia.com\/es\/author\/ameneiros\/"}]}},"_links":{"self":[{"href":"https:\/\/ppdegalicia.com\/es\/wp-json\/wp\/v2\/posts\/61959","targetHints":{"allow":["GET"]}}],"collection":[{"href":"https:\/\/ppdegalicia.com\/es\/wp-json\/wp\/v2\/posts"}],"about":[{"href":"https:\/\/ppdegalicia.com\/es\/wp-json\/wp\/v2\/types\/post"}],"author":[{"embeddable":true,"href":"https:\/\/ppdegalicia.com\/es\/wp-json\/wp\/v2\/users\/1"}],"replies":[{"embeddable":true,"href":"https:\/\/ppdegalicia.com\/es\/wp-json\/wp\/v2\/comments?post=61959"}],"version-history":[{"count":1,"href":"https:\/\/ppdegalicia.com\/es\/wp-json\/wp\/v2\/posts\/61959\/revisions"}],"predecessor-version":[{"id":61966,"href":"https:\/\/ppdegalicia.com\/es\/wp-json\/wp\/v2\/posts\/61959\/revisions\/61966"}],"wp:featuredmedia":[{"embeddable":true,"href":"https:\/\/ppdegalicia.com\/es\/wp-json\/wp\/v2\/media\/61962"}],"wp:attachment":[{"href":"https:\/\/ppdegalicia.com\/es\/wp-json\/wp\/v2\/media?parent=61959"}],"wp:term":[{"taxonomy":"category","embeddable":true,"href":"https:\/\/ppdegalicia.com\/es\/wp-json\/wp\/v2\/categories?post=61959"},{"taxonomy":"post_tag","embeddable":true,"href":"https:\/\/ppdegalicia.com\/es\/wp-json\/wp\/v2\/tags?post=61959"}],"curies":[{"name":"wp","href":"https:\/\/api.w.org\/{rel}","templated":true}]}}