{"id":61974,"date":"2024-02-11T00:56:46","date_gmt":"2024-02-10T22:56:46","guid":{"rendered":"https:\/\/ppdegalicia.com\/?p=61974"},"modified":"2024-02-11T00:56:46","modified_gmt":"2024-02-10T22:56:46","slug":"alfonso-rueda-pide-o-voto-para-a-galicia-que-se-supera-a-si-mesma-e-non-queda-atascada-en-barullos-multipartitos-e-separatistas","status":"publish","type":"post","link":"https:\/\/ppdegalicia.com\/es\/alfonso-rueda-pide-o-voto-para-a-galicia-que-se-supera-a-si-mesma-e-non-queda-atascada-en-barullos-multipartitos-e-separatistas\/","title":{"rendered":"Alfonso Rueda pide o voto para a Galicia que se supera a si mesma e non queda atascada en barullos multipartitos e separatistas"},"content":{"rendered":"<p><strong>Hoxe, nunha cea-mitin en Sanxenxo na que tam\u00e9n participaron o presidente do PP de Andaluc\u00eda, Juanma Moreno, a candidata pola provincia de Pontevedra Mar\u00eda Deza e o alcalde Telmo Mart\u00edn<\/strong><\/p>\n<h3><strong>Alfonso Rueda pide o voto para a Galicia que se supera a si mesma e non queda atascada en barullos multipartitos e separatistas<\/strong><\/h3>\n<ul>\n<li>Recorda que somos a Comunidade que m\u00e1is apoia \u00e1s familias, que a educaci\u00f3n p\u00fablica galega est\u00e1 nos mellores niveis de Espa\u00f1a e que os galegos contan con prestaci\u00f3ns \u00fanicas como o calendario vacinal infantil<\/li>\n<\/ul>\n<p><strong><u>10 de febreiro de 2024<\/u><\/strong>. O presidente e candidato do PPdeG, Alfonso Rueda, pediu hoxe o voto para a Galicia que funciona, que se supera a si mesma e non queda atascada en barullos multipartitos e separatistas, ofrecendo a cambio o seu compromiso coa confianza maioritaria que agarda acadar dos galegos e galegas o pr\u00f3ximo 18 de febreiro.<\/p>\n<p>Nunha cea-mitin organizada en Sanxenxo na que estivo acompa\u00f1ado polo presidente do PP de Andaluc\u00eda, Juanma Moreno, a candidata pola provincia de Pontevedra Mar\u00eda Deza e o alcalde Telmo Mart\u00edn; o l\u00edder dos populares galegos insistiu en que o pr\u00f3ximo 18 de febreiro s\u00f3 hai d\u00faas opci\u00f3ns: ou os que van \u00e1 contra de todo ou os que fan propostas de futuro desde o inconformismo e tendo a Galicia como raz\u00f3n de ser.<\/p>\n<p>Reivindicou que, fronte \u00e1s visi\u00f3ns sectarias dos partidos da imposici\u00f3n, os galegos s\u00e9ntense tan orgullosamente galegos como espa\u00f1ois. E por iso avoga por unha Galicia na que as identidades non sexan un problema e ning\u00fan te\u00f1a o dereito a dicir quen \u00e9 m\u00e1is ou quen \u00e9 menos galego.<\/p>\n<p>Tam\u00e9n fixo balance do moito que avanzamos nestes anos, incidindo especialmente en que Galicia \u00e9 a Comunidade que m\u00e1is apoia \u00e1s familias, que a educaci\u00f3n p\u00fablica galega est\u00e1 nos mellores niveis de Espa\u00f1a e que, no eido sanitario, os galegos contan con prestaci\u00f3ns \u00fanicas como o calendario vacinal infantil.<\/p>\n<p><img fetchpriority=\"high\" decoding=\"async\" class=\"alignnone wp-image-61977 size-full\" src=\"https:\/\/ppdegalicia.com\/wp-content\/uploads\/2024\/02\/20240210_ARueda_Sanxenxo1-Grande.jpeg\" alt=\"\" width=\"1280\" height=\"853\" srcset=\"https:\/\/ppdegalicia.com\/wp-content\/uploads\/2024\/02\/20240210_ARueda_Sanxenxo1-Grande.jpeg 1280w, https:\/\/ppdegalicia.com\/wp-content\/uploads\/2024\/02\/20240210_ARueda_Sanxenxo1-Grande-300x200.jpeg 300w, https:\/\/ppdegalicia.com\/wp-content\/uploads\/2024\/02\/20240210_ARueda_Sanxenxo1-Grande-1024x682.jpeg 1024w, https:\/\/ppdegalicia.com\/wp-content\/uploads\/2024\/02\/20240210_ARueda_Sanxenxo1-Grande-768x512.jpeg 768w\" sizes=\"(max-width: 1280px) 100vw, 1280px\" \/><\/p>\n","protected":false},"excerpt":{"rendered":"<p>Hoxe, nunha cea-mitin en Sanxenxo na que tam\u00e9n participaron o presidente do PP de Andaluc\u00eda, Juanma Moreno, a candidata pola provincia de Pontevedra Mar\u00eda Deza e o alcalde Telmo Mart\u00edn Alfonso Rueda pide o voto para a Galicia que se supera a si mesma e non queda atascada en barullos multipartitos e separatistas Recorda que [&hellip;]<\/p>\n","protected":false},"author":1,"featured_media":61975,"comment_status":"open","ping_status":"open","sticky":false,"template":"","format":"standard","meta":{"_acf_changed":false,"footnotes":""},"categories":[1],"tags":[2424,2400,2401,2425,2403,2399,2427,2426],"class_list":["post-61974","post","type-post","status-publish","format-standard","has-post-thumbnail","hentry","category-pp-de-galicia","tag-a-galicia-que-funciona","tag-alfonso-rueda","tag-galicia","tag-maria-deza","tag-partido-popular-de-galicia","tag-ppdeg","tag-sanxenxo","tag-telmo-martin"],"acf":[],"yoast_head":"<!-- This site is optimized with the Yoast SEO plugin v27.3 - https:\/\/yoast.com\/product\/yoast-seo-wordpress\/ -->\n<title>Alfonso Rueda pide o voto para a Galicia que se supera a si mesma e non queda atascada en barullos multipartitos e separatistas - PP de Galicia<\/title>\n<meta name=\"robots\" content=\"index, follow, max-snippet:-1, max-image-preview:large, max-video-preview:-1\" \/>\n<link rel=\"canonical\" href=\"https:\/\/ppdegalicia.com\/es\/alfonso-rueda-pide-o-voto-para-a-galicia-que-se-supera-a-si-mesma-e-non-queda-atascada-en-barullos-multipartitos-e-separatistas\/\" \/>\n<meta property=\"og:locale\" content=\"es_ES\" \/>\n<meta property=\"og:type\" content=\"article\" \/>\n<meta property=\"og:title\" content=\"Alfonso Rueda pide o voto para a Galicia que se supera a si mesma e non queda atascada en barullos multipartitos e separatistas - PP de Galicia\" \/>\n<meta property=\"og:description\" content=\"Hoxe, nunha cea-mitin en Sanxenxo na que tam\u00e9n participaron o presidente do PP de Andaluc\u00eda, Juanma Moreno, a candidata pola provincia de Pontevedra Mar\u00eda Deza e o alcalde Telmo Mart\u00edn Alfonso Rueda pide o voto para a Galicia que se supera a si mesma e non queda atascada en barullos multipartitos e separatistas Recorda que [&hellip;]\" \/>\n<meta property=\"og:url\" content=\"https:\/\/ppdegalicia.com\/es\/alfonso-rueda-pide-o-voto-para-a-galicia-que-se-supera-a-si-mesma-e-non-queda-atascada-en-barullos-multipartitos-e-separatistas\/\" \/>\n<meta property=\"og:site_name\" content=\"PP de Galicia\" \/>\n<meta property=\"article:publisher\" content=\"https:\/\/www.instagram.com\/ppdegalicia\/\" \/>\n<meta property=\"article:published_time\" content=\"2024-02-10T22:56:46+00:00\" \/>\n<meta property=\"og:image\" content=\"https:\/\/ppdegalicia.com\/wp-content\/uploads\/2024\/02\/20240210_ARueda_Sanxenxo2-Grande.jpeg\" \/>\n\t<meta property=\"og:image:width\" content=\"1280\" \/>\n\t<meta property=\"og:image:height\" content=\"853\" \/>\n\t<meta property=\"og:image:type\" content=\"image\/jpeg\" \/>\n<meta name=\"author\" content=\"ameneiros\" \/>\n<meta name=\"twitter:card\" content=\"summary_large_image\" \/>\n<meta name=\"twitter:creator\" content=\"@ppdegalicia\" \/>\n<meta name=\"twitter:site\" content=\"@ppdegalicia\" \/>\n<meta name=\"twitter:label1\" content=\"Escrito por\" \/>\n\t<meta name=\"twitter:data1\" content=\"ameneiros\" \/>\n\t<meta name=\"twitter:label2\" content=\"Tiempo de lectura\" \/>\n\t<meta name=\"twitter:data2\" content=\"2 minutos\" \/>\n<script type=\"application\/ld+json\" class=\"yoast-schema-graph\">{\"@context\":\"https:\\\/\\\/schema.org\",\"@graph\":[{\"@type\":\"Article\",\"@id\":\"https:\\\/\\\/ppdegalicia.com\\\/es\\\/alfonso-rueda-pide-o-voto-para-a-galicia-que-se-supera-a-si-mesma-e-non-queda-atascada-en-barullos-multipartitos-e-separatistas\\\/#article\",\"isPartOf\":{\"@id\":\"https:\\\/\\\/ppdegalicia.com\\\/es\\\/alfonso-rueda-pide-o-voto-para-a-galicia-que-se-supera-a-si-mesma-e-non-queda-atascada-en-barullos-multipartitos-e-separatistas\\\/\"},\"author\":{\"name\":\"ameneiros\",\"@id\":\"https:\\\/\\\/ppdegalicia.com\\\/es\\\/#\\\/schema\\\/person\\\/3f481a8341e73cf305ea60bee4f0175c\"},\"headline\":\"Alfonso Rueda pide o voto para a Galicia que se supera a si mesma e non queda atascada en barullos multipartitos e separatistas\",\"datePublished\":\"2024-02-10T22:56:46+00:00\",\"mainEntityOfPage\":{\"@id\":\"https:\\\/\\\/ppdegalicia.com\\\/es\\\/alfonso-rueda-pide-o-voto-para-a-galicia-que-se-supera-a-si-mesma-e-non-queda-atascada-en-barullos-multipartitos-e-separatistas\\\/\"},\"wordCount\":362,\"commentCount\":0,\"publisher\":{\"@id\":\"https:\\\/\\\/ppdegalicia.com\\\/es\\\/#organization\"},\"image\":{\"@id\":\"https:\\\/\\\/ppdegalicia.com\\\/es\\\/alfonso-rueda-pide-o-voto-para-a-galicia-que-se-supera-a-si-mesma-e-non-queda-atascada-en-barullos-multipartitos-e-separatistas\\\/#primaryimage\"},\"thumbnailUrl\":\"https:\\\/\\\/ppdegalicia.com\\\/wp-content\\\/uploads\\\/2024\\\/02\\\/20240210_ARueda_Sanxenxo2-Grande.jpeg\",\"keywords\":[\"A galicia que funciona\",\"Alfonso Rueda\",\"Galicia\",\"Mar\u00eda Deza\",\"Partido Popular de Galicia\",\"PPdeG\",\"Sanxenxo\",\"Telmo Mart\u00edn\"],\"articleSection\":[\"PP de Galicia\"],\"inLanguage\":\"es\",\"potentialAction\":[{\"@type\":\"CommentAction\",\"name\":\"Comment\",\"target\":[\"https:\\\/\\\/ppdegalicia.com\\\/es\\\/alfonso-rueda-pide-o-voto-para-a-galicia-que-se-supera-a-si-mesma-e-non-queda-atascada-en-barullos-multipartitos-e-separatistas\\\/#respond\"]}]},{\"@type\":\"WebPage\",\"@id\":\"https:\\\/\\\/ppdegalicia.com\\\/es\\\/alfonso-rueda-pide-o-voto-para-a-galicia-que-se-supera-a-si-mesma-e-non-queda-atascada-en-barullos-multipartitos-e-separatistas\\\/\",\"url\":\"https:\\\/\\\/ppdegalicia.com\\\/es\\\/alfonso-rueda-pide-o-voto-para-a-galicia-que-se-supera-a-si-mesma-e-non-queda-atascada-en-barullos-multipartitos-e-separatistas\\\/\",\"name\":\"Alfonso Rueda pide o voto para a Galicia que se supera a si mesma e non queda atascada en barullos multipartitos e separatistas - PP de Galicia\",\"isPartOf\":{\"@id\":\"https:\\\/\\\/ppdegalicia.com\\\/es\\\/#website\"},\"primaryImageOfPage\":{\"@id\":\"https:\\\/\\\/ppdegalicia.com\\\/es\\\/alfonso-rueda-pide-o-voto-para-a-galicia-que-se-supera-a-si-mesma-e-non-queda-atascada-en-barullos-multipartitos-e-separatistas\\\/#primaryimage\"},\"image\":{\"@id\":\"https:\\\/\\\/ppdegalicia.com\\\/es\\\/alfonso-rueda-pide-o-voto-para-a-galicia-que-se-supera-a-si-mesma-e-non-queda-atascada-en-barullos-multipartitos-e-separatistas\\\/#primaryimage\"},\"thumbnailUrl\":\"https:\\\/\\\/ppdegalicia.com\\\/wp-content\\\/uploads\\\/2024\\\/02\\\/20240210_ARueda_Sanxenxo2-Grande.jpeg\",\"datePublished\":\"2024-02-10T22:56:46+00:00\",\"breadcrumb\":{\"@id\":\"https:\\\/\\\/ppdegalicia.com\\\/es\\\/alfonso-rueda-pide-o-voto-para-a-galicia-que-se-supera-a-si-mesma-e-non-queda-atascada-en-barullos-multipartitos-e-separatistas\\\/#breadcrumb\"},\"inLanguage\":\"es\",\"potentialAction\":[{\"@type\":\"ReadAction\",\"target\":[\"https:\\\/\\\/ppdegalicia.com\\\/es\\\/alfonso-rueda-pide-o-voto-para-a-galicia-que-se-supera-a-si-mesma-e-non-queda-atascada-en-barullos-multipartitos-e-separatistas\\\/\"]}]},{\"@type\":\"ImageObject\",\"inLanguage\":\"es\",\"@id\":\"https:\\\/\\\/ppdegalicia.com\\\/es\\\/alfonso-rueda-pide-o-voto-para-a-galicia-que-se-supera-a-si-mesma-e-non-queda-atascada-en-barullos-multipartitos-e-separatistas\\\/#primaryimage\",\"url\":\"https:\\\/\\\/ppdegalicia.com\\\/wp-content\\\/uploads\\\/2024\\\/02\\\/20240210_ARueda_Sanxenxo2-Grande.jpeg\",\"contentUrl\":\"https:\\\/\\\/ppdegalicia.com\\\/wp-content\\\/uploads\\\/2024\\\/02\\\/20240210_ARueda_Sanxenxo2-Grande.jpeg\",\"width\":1280,\"height\":853},{\"@type\":\"BreadcrumbList\",\"@id\":\"https:\\\/\\\/ppdegalicia.com\\\/es\\\/alfonso-rueda-pide-o-voto-para-a-galicia-que-se-supera-a-si-mesma-e-non-queda-atascada-en-barullos-multipartitos-e-separatistas\\\/#breadcrumb\",\"itemListElement\":[{\"@type\":\"ListItem\",\"position\":1,\"name\":\"Portada\",\"item\":\"https:\\\/\\\/ppdegalicia.com\\\/es\\\/\"},{\"@type\":\"ListItem\",\"position\":2,\"name\":\"Alfonso Rueda pide o voto para a Galicia que se supera a si mesma e non queda atascada en barullos multipartitos e separatistas\"}]},{\"@type\":\"WebSite\",\"@id\":\"https:\\\/\\\/ppdegalicia.com\\\/es\\\/#website\",\"url\":\"https:\\\/\\\/ppdegalicia.com\\\/es\\\/\",\"name\":\"Partido Popular de Galicia\",\"description\":\"Partido Popular de Galicia\",\"publisher\":{\"@id\":\"https:\\\/\\\/ppdegalicia.com\\\/es\\\/#organization\"},\"alternateName\":\"PP de Galicia\",\"potentialAction\":[{\"@type\":\"SearchAction\",\"target\":{\"@type\":\"EntryPoint\",\"urlTemplate\":\"https:\\\/\\\/ppdegalicia.com\\\/es\\\/?s={search_term_string}\"},\"query-input\":{\"@type\":\"PropertyValueSpecification\",\"valueRequired\":true,\"valueName\":\"search_term_string\"}}],\"inLanguage\":\"es\"},{\"@type\":\"Organization\",\"@id\":\"https:\\\/\\\/ppdegalicia.com\\\/es\\\/#organization\",\"name\":\"Partido Popular de Galicia\",\"alternateName\":\"PP de Galicia\",\"url\":\"https:\\\/\\\/ppdegalicia.com\\\/es\\\/\",\"logo\":{\"@type\":\"ImageObject\",\"inLanguage\":\"es\",\"@id\":\"https:\\\/\\\/ppdegalicia.com\\\/es\\\/#\\\/schema\\\/logo\\\/image\\\/\",\"url\":\"https:\\\/\\\/ppdegalicia.com\\\/wp-content\\\/uploads\\\/2023\\\/04\\\/logoPP512.png\",\"contentUrl\":\"https:\\\/\\\/ppdegalicia.com\\\/wp-content\\\/uploads\\\/2023\\\/04\\\/logoPP512.png\",\"width\":512,\"height\":512,\"caption\":\"Partido Popular de Galicia\"},\"image\":{\"@id\":\"https:\\\/\\\/ppdegalicia.com\\\/es\\\/#\\\/schema\\\/logo\\\/image\\\/\"},\"sameAs\":[\"https:\\\/\\\/www.instagram.com\\\/ppdegalicia\\\/\",\"https:\\\/\\\/x.com\\\/ppdegalicia\",\"https:\\\/\\\/www.tiktok.com\\\/@ppdegalicia\",\"https:\\\/\\\/www.youtube.com\\\/user\\\/ppdegalicia\"]},{\"@type\":\"Person\",\"@id\":\"https:\\\/\\\/ppdegalicia.com\\\/es\\\/#\\\/schema\\\/person\\\/3f481a8341e73cf305ea60bee4f0175c\",\"name\":\"ameneiros\",\"image\":{\"@type\":\"ImageObject\",\"inLanguage\":\"es\",\"@id\":\"https:\\\/\\\/secure.gravatar.com\\\/avatar\\\/a674336f544aa8343184e0d8ab3c713c47f8a69d9a89696ff29a298007066f32?s=96&d=mm&r=g\",\"url\":\"https:\\\/\\\/secure.gravatar.com\\\/avatar\\\/a674336f544aa8343184e0d8ab3c713c47f8a69d9a89696ff29a298007066f32?s=96&d=mm&r=g\",\"contentUrl\":\"https:\\\/\\\/secure.gravatar.com\\\/avatar\\\/a674336f544aa8343184e0d8ab3c713c47f8a69d9a89696ff29a298007066f32?s=96&d=mm&r=g\",\"caption\":\"ameneiros\"},\"url\":\"https:\\\/\\\/ppdegalicia.com\\\/es\\\/author\\\/ameneiros\\\/\"}]}<\/script>\n<!-- \/ Yoast SEO plugin. -->","yoast_head_json":{"title":"Alfonso Rueda pide o voto para a Galicia que se supera a si mesma e non queda atascada en barullos multipartitos e separatistas - PP de Galicia","robots":{"index":"index","follow":"follow","max-snippet":"max-snippet:-1","max-image-preview":"max-image-preview:large","max-video-preview":"max-video-preview:-1"},"canonical":"https:\/\/ppdegalicia.com\/es\/alfonso-rueda-pide-o-voto-para-a-galicia-que-se-supera-a-si-mesma-e-non-queda-atascada-en-barullos-multipartitos-e-separatistas\/","og_locale":"es_ES","og_type":"article","og_title":"Alfonso Rueda pide o voto para a Galicia que se supera a si mesma e non queda atascada en barullos multipartitos e separatistas - PP de Galicia","og_description":"Hoxe, nunha cea-mitin en Sanxenxo na que tam\u00e9n participaron o presidente do PP de Andaluc\u00eda, Juanma Moreno, a candidata pola provincia de Pontevedra Mar\u00eda Deza e o alcalde Telmo Mart\u00edn Alfonso Rueda pide o voto para a Galicia que se supera a si mesma e non queda atascada en barullos multipartitos e separatistas Recorda que [&hellip;]","og_url":"https:\/\/ppdegalicia.com\/es\/alfonso-rueda-pide-o-voto-para-a-galicia-que-se-supera-a-si-mesma-e-non-queda-atascada-en-barullos-multipartitos-e-separatistas\/","og_site_name":"PP de Galicia","article_publisher":"https:\/\/www.instagram.com\/ppdegalicia\/","article_published_time":"2024-02-10T22:56:46+00:00","og_image":[{"width":1280,"height":853,"url":"https:\/\/ppdegalicia.com\/wp-content\/uploads\/2024\/02\/20240210_ARueda_Sanxenxo2-Grande.jpeg","type":"image\/jpeg"}],"author":"ameneiros","twitter_card":"summary_large_image","twitter_creator":"@ppdegalicia","twitter_site":"@ppdegalicia","twitter_misc":{"Escrito por":"ameneiros","Tiempo de lectura":"2 minutos"},"schema":{"@context":"https:\/\/schema.org","@graph":[{"@type":"Article","@id":"https:\/\/ppdegalicia.com\/es\/alfonso-rueda-pide-o-voto-para-a-galicia-que-se-supera-a-si-mesma-e-non-queda-atascada-en-barullos-multipartitos-e-separatistas\/#article","isPartOf":{"@id":"https:\/\/ppdegalicia.com\/es\/alfonso-rueda-pide-o-voto-para-a-galicia-que-se-supera-a-si-mesma-e-non-queda-atascada-en-barullos-multipartitos-e-separatistas\/"},"author":{"name":"ameneiros","@id":"https:\/\/ppdegalicia.com\/es\/#\/schema\/person\/3f481a8341e73cf305ea60bee4f0175c"},"headline":"Alfonso Rueda pide o voto para a Galicia que se supera a si mesma e non queda atascada en barullos multipartitos e separatistas","datePublished":"2024-02-10T22:56:46+00:00","mainEntityOfPage":{"@id":"https:\/\/ppdegalicia.com\/es\/alfonso-rueda-pide-o-voto-para-a-galicia-que-se-supera-a-si-mesma-e-non-queda-atascada-en-barullos-multipartitos-e-separatistas\/"},"wordCount":362,"commentCount":0,"publisher":{"@id":"https:\/\/ppdegalicia.com\/es\/#organization"},"image":{"@id":"https:\/\/ppdegalicia.com\/es\/alfonso-rueda-pide-o-voto-para-a-galicia-que-se-supera-a-si-mesma-e-non-queda-atascada-en-barullos-multipartitos-e-separatistas\/#primaryimage"},"thumbnailUrl":"https:\/\/ppdegalicia.com\/wp-content\/uploads\/2024\/02\/20240210_ARueda_Sanxenxo2-Grande.jpeg","keywords":["A galicia que funciona","Alfonso Rueda","Galicia","Mar\u00eda Deza","Partido Popular de Galicia","PPdeG","Sanxenxo","Telmo Mart\u00edn"],"articleSection":["PP de Galicia"],"inLanguage":"es","potentialAction":[{"@type":"CommentAction","name":"Comment","target":["https:\/\/ppdegalicia.com\/es\/alfonso-rueda-pide-o-voto-para-a-galicia-que-se-supera-a-si-mesma-e-non-queda-atascada-en-barullos-multipartitos-e-separatistas\/#respond"]}]},{"@type":"WebPage","@id":"https:\/\/ppdegalicia.com\/es\/alfonso-rueda-pide-o-voto-para-a-galicia-que-se-supera-a-si-mesma-e-non-queda-atascada-en-barullos-multipartitos-e-separatistas\/","url":"https:\/\/ppdegalicia.com\/es\/alfonso-rueda-pide-o-voto-para-a-galicia-que-se-supera-a-si-mesma-e-non-queda-atascada-en-barullos-multipartitos-e-separatistas\/","name":"Alfonso Rueda pide o voto para a Galicia que se supera a si mesma e non queda atascada en barullos multipartitos e separatistas - PP de Galicia","isPartOf":{"@id":"https:\/\/ppdegalicia.com\/es\/#website"},"primaryImageOfPage":{"@id":"https:\/\/ppdegalicia.com\/es\/alfonso-rueda-pide-o-voto-para-a-galicia-que-se-supera-a-si-mesma-e-non-queda-atascada-en-barullos-multipartitos-e-separatistas\/#primaryimage"},"image":{"@id":"https:\/\/ppdegalicia.com\/es\/alfonso-rueda-pide-o-voto-para-a-galicia-que-se-supera-a-si-mesma-e-non-queda-atascada-en-barullos-multipartitos-e-separatistas\/#primaryimage"},"thumbnailUrl":"https:\/\/ppdegalicia.com\/wp-content\/uploads\/2024\/02\/20240210_ARueda_Sanxenxo2-Grande.jpeg","datePublished":"2024-02-10T22:56:46+00:00","breadcrumb":{"@id":"https:\/\/ppdegalicia.com\/es\/alfonso-rueda-pide-o-voto-para-a-galicia-que-se-supera-a-si-mesma-e-non-queda-atascada-en-barullos-multipartitos-e-separatistas\/#breadcrumb"},"inLanguage":"es","potentialAction":[{"@type":"ReadAction","target":["https:\/\/ppdegalicia.com\/es\/alfonso-rueda-pide-o-voto-para-a-galicia-que-se-supera-a-si-mesma-e-non-queda-atascada-en-barullos-multipartitos-e-separatistas\/"]}]},{"@type":"ImageObject","inLanguage":"es","@id":"https:\/\/ppdegalicia.com\/es\/alfonso-rueda-pide-o-voto-para-a-galicia-que-se-supera-a-si-mesma-e-non-queda-atascada-en-barullos-multipartitos-e-separatistas\/#primaryimage","url":"https:\/\/ppdegalicia.com\/wp-content\/uploads\/2024\/02\/20240210_ARueda_Sanxenxo2-Grande.jpeg","contentUrl":"https:\/\/ppdegalicia.com\/wp-content\/uploads\/2024\/02\/20240210_ARueda_Sanxenxo2-Grande.jpeg","width":1280,"height":853},{"@type":"BreadcrumbList","@id":"https:\/\/ppdegalicia.com\/es\/alfonso-rueda-pide-o-voto-para-a-galicia-que-se-supera-a-si-mesma-e-non-queda-atascada-en-barullos-multipartitos-e-separatistas\/#breadcrumb","itemListElement":[{"@type":"ListItem","position":1,"name":"Portada","item":"https:\/\/ppdegalicia.com\/es\/"},{"@type":"ListItem","position":2,"name":"Alfonso Rueda pide o voto para a Galicia que se supera a si mesma e non queda atascada en barullos multipartitos e separatistas"}]},{"@type":"WebSite","@id":"https:\/\/ppdegalicia.com\/es\/#website","url":"https:\/\/ppdegalicia.com\/es\/","name":"Partido Popular de Galicia","description":"Partido Popular de Galicia","publisher":{"@id":"https:\/\/ppdegalicia.com\/es\/#organization"},"alternateName":"PP de Galicia","potentialAction":[{"@type":"SearchAction","target":{"@type":"EntryPoint","urlTemplate":"https:\/\/ppdegalicia.com\/es\/?s={search_term_string}"},"query-input":{"@type":"PropertyValueSpecification","valueRequired":true,"valueName":"search_term_string"}}],"inLanguage":"es"},{"@type":"Organization","@id":"https:\/\/ppdegalicia.com\/es\/#organization","name":"Partido Popular de Galicia","alternateName":"PP de Galicia","url":"https:\/\/ppdegalicia.com\/es\/","logo":{"@type":"ImageObject","inLanguage":"es","@id":"https:\/\/ppdegalicia.com\/es\/#\/schema\/logo\/image\/","url":"https:\/\/ppdegalicia.com\/wp-content\/uploads\/2023\/04\/logoPP512.png","contentUrl":"https:\/\/ppdegalicia.com\/wp-content\/uploads\/2023\/04\/logoPP512.png","width":512,"height":512,"caption":"Partido Popular de Galicia"},"image":{"@id":"https:\/\/ppdegalicia.com\/es\/#\/schema\/logo\/image\/"},"sameAs":["https:\/\/www.instagram.com\/ppdegalicia\/","https:\/\/x.com\/ppdegalicia","https:\/\/www.tiktok.com\/@ppdegalicia","https:\/\/www.youtube.com\/user\/ppdegalicia"]},{"@type":"Person","@id":"https:\/\/ppdegalicia.com\/es\/#\/schema\/person\/3f481a8341e73cf305ea60bee4f0175c","name":"ameneiros","image":{"@type":"ImageObject","inLanguage":"es","@id":"https:\/\/secure.gravatar.com\/avatar\/a674336f544aa8343184e0d8ab3c713c47f8a69d9a89696ff29a298007066f32?s=96&d=mm&r=g","url":"https:\/\/secure.gravatar.com\/avatar\/a674336f544aa8343184e0d8ab3c713c47f8a69d9a89696ff29a298007066f32?s=96&d=mm&r=g","contentUrl":"https:\/\/secure.gravatar.com\/avatar\/a674336f544aa8343184e0d8ab3c713c47f8a69d9a89696ff29a298007066f32?s=96&d=mm&r=g","caption":"ameneiros"},"url":"https:\/\/ppdegalicia.com\/es\/author\/ameneiros\/"}]}},"_links":{"self":[{"href":"https:\/\/ppdegalicia.com\/es\/wp-json\/wp\/v2\/posts\/61974","targetHints":{"allow":["GET"]}}],"collection":[{"href":"https:\/\/ppdegalicia.com\/es\/wp-json\/wp\/v2\/posts"}],"about":[{"href":"https:\/\/ppdegalicia.com\/es\/wp-json\/wp\/v2\/types\/post"}],"author":[{"embeddable":true,"href":"https:\/\/ppdegalicia.com\/es\/wp-json\/wp\/v2\/users\/1"}],"replies":[{"embeddable":true,"href":"https:\/\/ppdegalicia.com\/es\/wp-json\/wp\/v2\/comments?post=61974"}],"version-history":[{"count":1,"href":"https:\/\/ppdegalicia.com\/es\/wp-json\/wp\/v2\/posts\/61974\/revisions"}],"predecessor-version":[{"id":61979,"href":"https:\/\/ppdegalicia.com\/es\/wp-json\/wp\/v2\/posts\/61974\/revisions\/61979"}],"wp:featuredmedia":[{"embeddable":true,"href":"https:\/\/ppdegalicia.com\/es\/wp-json\/wp\/v2\/media\/61975"}],"wp:attachment":[{"href":"https:\/\/ppdegalicia.com\/es\/wp-json\/wp\/v2\/media?parent=61974"}],"wp:term":[{"taxonomy":"category","embeddable":true,"href":"https:\/\/ppdegalicia.com\/es\/wp-json\/wp\/v2\/categories?post=61974"},{"taxonomy":"post_tag","embeddable":true,"href":"https:\/\/ppdegalicia.com\/es\/wp-json\/wp\/v2\/tags?post=61974"}],"curies":[{"name":"wp","href":"https:\/\/api.w.org\/{rel}","templated":true}]}}