{"id":62039,"date":"2024-02-11T18:38:31","date_gmt":"2024-02-11T16:38:31","guid":{"rendered":"https:\/\/ppdegalicia.com\/?p=62039"},"modified":"2024-02-11T19:42:09","modified_gmt":"2024-02-11T17:42:09","slug":"alfonso-rueda-reivindica-no-porrino-a-galicia-que-funciona-desde-as-vilas-e-aposta-pola-competitividade-da-sua-mocidade","status":"publish","type":"post","link":"https:\/\/ppdegalicia.com\/es\/alfonso-rueda-reivindica-no-porrino-a-galicia-que-funciona-desde-as-vilas-e-aposta-pola-competitividade-da-sua-mocidade\/","title":{"rendered":"Alfonso Rueda reivindica no Porri\u00f1o a Galicia que funciona desde as vilas e aposta pola competitividade da s\u00faa mocidade"},"content":{"rendered":"<p>O presidente e candidato do PPdeG, Alfonso Rueda, participou hoxe nunha comida-mitin no Porri\u00f1o na que animou aos 600 asistentes a ir votar o pr\u00f3ximo 18 de febreiro para que Galicia non pare e siga funcionando os pr\u00f3ximos catro anos.<\/p>\n<p>Acompa\u00f1ado polo presidente provincial do PP de Pontevedra, Luis L\u00f3pez, a n\u00famero 2 da candidatura pola provincia, Patricia Garc\u00eda, e o alcalde Alejandro Lorenzo; o l\u00edder dos populares galego reivindicou a Galicia que funciona coa verdade por diante e orgullo do que \u00e9 fronte o modelo de divisi\u00f3n identitaria que promove o multipartito da esquerda.<\/p>\n<p>Quere que Galicia siga super\u00e1ndose a si mesma tomando como punto de partida os grandes avances vividos ao longo destes anos. Neste sentido, reivindicou o moito que avanzou a educaci\u00f3n p\u00fablica e a s\u00faa proposta dunha educaci\u00f3n a prezo cero desde a garder\u00eda ata acadar unha profesi\u00f3n na FP ou na Universidade. Para as\u00ed garantir ao m\u00e1ximo a competitividade da mocidade galega.<\/p>\n<p>Un avance que se deu tam\u00e9n na sanidade p\u00fablica, do que puxo como exemplo a reforma que se est\u00e1 levando a cabo do centro de sa\u00fade do Porri\u00f1o para ampliar as s\u00faas instalaci\u00f3ns e \u00e1 que o Goberno galego dedicou un investimento de m\u00e1is de catro mill\u00f3ns de euros.<\/p>\n<p>Por todo isto, trasladou o seu desexo de repetir o 18 de febreiro un \u00e9xito como a de Alejandro Lorenzo nas pasadas elecci\u00f3ns municipais, nas que reuniu o 65% dos votos e demostrouse que os veci\u00f1os do Porri\u00f1o co\u00f1ecen ben \u2013e por iso apoian\u2013 o modo de facer pol\u00edtica do Partido Popular.<\/p>\n<div id='gallery-1' class='gallery galleryid-62039 gallery-columns-3 gallery-size-medium'><figure class='gallery-item'>\n\t\t\t<div class='gallery-icon landscape'>\n\t\t\t\t<a href='https:\/\/ppdegalicia.com\/wp-content\/uploads\/2024\/02\/20240211_ARuedaEnPorrino_3-Grande.jpeg'><img fetchpriority=\"high\" decoding=\"async\" width=\"300\" height=\"200\" src=\"https:\/\/ppdegalicia.com\/wp-content\/uploads\/2024\/02\/20240211_ARuedaEnPorrino_3-Grande-300x200.jpeg\" class=\"attachment-medium size-medium\" alt=\"\" srcset=\"https:\/\/ppdegalicia.com\/wp-content\/uploads\/2024\/02\/20240211_ARuedaEnPorrino_3-Grande-300x200.jpeg 300w, https:\/\/ppdegalicia.com\/wp-content\/uploads\/2024\/02\/20240211_ARuedaEnPorrino_3-Grande-1024x682.jpeg 1024w, https:\/\/ppdegalicia.com\/wp-content\/uploads\/2024\/02\/20240211_ARuedaEnPorrino_3-Grande-768x512.jpeg 768w, https:\/\/ppdegalicia.com\/wp-content\/uploads\/2024\/02\/20240211_ARuedaEnPorrino_3-Grande.jpeg 1280w\" sizes=\"(max-width: 300px) 100vw, 300px\" \/><\/a>\n\t\t\t<\/div><\/figure><figure class='gallery-item'>\n\t\t\t<div class='gallery-icon landscape'>\n\t\t\t\t<a href='https:\/\/ppdegalicia.com\/wp-content\/uploads\/2024\/02\/20240211_ARuedaEnPorrino_2-Grande.jpeg'><img decoding=\"async\" width=\"300\" height=\"219\" src=\"https:\/\/ppdegalicia.com\/wp-content\/uploads\/2024\/02\/20240211_ARuedaEnPorrino_2-Grande-300x219.jpeg\" class=\"attachment-medium size-medium\" alt=\"\" srcset=\"https:\/\/ppdegalicia.com\/wp-content\/uploads\/2024\/02\/20240211_ARuedaEnPorrino_2-Grande-300x219.jpeg 300w, https:\/\/ppdegalicia.com\/wp-content\/uploads\/2024\/02\/20240211_ARuedaEnPorrino_2-Grande-1024x749.jpeg 1024w, https:\/\/ppdegalicia.com\/wp-content\/uploads\/2024\/02\/20240211_ARuedaEnPorrino_2-Grande-768x562.jpeg 768w, https:\/\/ppdegalicia.com\/wp-content\/uploads\/2024\/02\/20240211_ARuedaEnPorrino_2-Grande.jpeg 1280w\" sizes=\"(max-width: 300px) 100vw, 300px\" \/><\/a>\n\t\t\t<\/div><\/figure><figure class='gallery-item'>\n\t\t\t<div class='gallery-icon landscape'>\n\t\t\t\t<a href='https:\/\/ppdegalicia.com\/wp-content\/uploads\/2024\/02\/20240211_ARuedaEnPorrino_1-Grande.jpeg'><img decoding=\"async\" width=\"300\" height=\"200\" src=\"https:\/\/ppdegalicia.com\/wp-content\/uploads\/2024\/02\/20240211_ARuedaEnPorrino_1-Grande-300x200.jpeg\" class=\"attachment-medium size-medium\" alt=\"\" srcset=\"https:\/\/ppdegalicia.com\/wp-content\/uploads\/2024\/02\/20240211_ARuedaEnPorrino_1-Grande-300x200.jpeg 300w, https:\/\/ppdegalicia.com\/wp-content\/uploads\/2024\/02\/20240211_ARuedaEnPorrino_1-Grande-1024x682.jpeg 1024w, https:\/\/ppdegalicia.com\/wp-content\/uploads\/2024\/02\/20240211_ARuedaEnPorrino_1-Grande-768x512.jpeg 768w, https:\/\/ppdegalicia.com\/wp-content\/uploads\/2024\/02\/20240211_ARuedaEnPorrino_1-Grande.jpeg 1280w\" sizes=\"(max-width: 300px) 100vw, 300px\" \/><\/a>\n\t\t\t<\/div><\/figure>\n\t\t<\/div>\n\n","protected":false},"excerpt":{"rendered":"<p>O presidente e candidato do PPdeG, Alfonso Rueda, participou hoxe nunha comida-mitin no Porri\u00f1o na que animou aos 600 asistentes a ir votar o pr\u00f3ximo 18 de febreiro para que Galicia non pare e siga funcionando os pr\u00f3ximos catro anos. Acompa\u00f1ado polo presidente provincial do PP de Pontevedra, Luis L\u00f3pez, a n\u00famero 2 da candidatura [&hellip;]<\/p>\n","protected":false},"author":1,"featured_media":62042,"comment_status":"open","ping_status":"open","sticky":false,"template":"","format":"standard","meta":{"_acf_changed":false,"footnotes":""},"categories":[1],"tags":[2433,2424,2400,2437,2399],"class_list":["post-62039","post","type-post","status-publish","format-standard","has-post-thumbnail","hentry","category-pp-de-galicia","tag-18-f","tag-a-galicia-que-funciona","tag-alfonso-rueda","tag-porrino","tag-ppdeg"],"acf":[],"yoast_head":"<!-- This site is optimized with the Yoast SEO plugin v27.3 - https:\/\/yoast.com\/product\/yoast-seo-wordpress\/ -->\n<title>Alfonso Rueda reivindica no Porri\u00f1o a Galicia que funciona desde as vilas e aposta pola competitividade da s\u00faa mocidade - PP de Galicia<\/title>\n<meta name=\"robots\" content=\"index, follow, max-snippet:-1, max-image-preview:large, max-video-preview:-1\" \/>\n<link rel=\"canonical\" href=\"https:\/\/ppdegalicia.com\/es\/alfonso-rueda-reivindica-no-porrino-a-galicia-que-funciona-desde-as-vilas-e-aposta-pola-competitividade-da-sua-mocidade\/\" \/>\n<meta property=\"og:locale\" content=\"es_ES\" \/>\n<meta property=\"og:type\" content=\"article\" \/>\n<meta property=\"og:title\" content=\"Alfonso Rueda reivindica no Porri\u00f1o a Galicia que funciona desde as vilas e aposta pola competitividade da s\u00faa mocidade - PP de Galicia\" \/>\n<meta property=\"og:description\" content=\"O presidente e candidato do PPdeG, Alfonso Rueda, participou hoxe nunha comida-mitin no Porri\u00f1o na que animou aos 600 asistentes a ir votar o pr\u00f3ximo 18 de febreiro para que Galicia non pare e siga funcionando os pr\u00f3ximos catro anos. Acompa\u00f1ado polo presidente provincial do PP de Pontevedra, Luis L\u00f3pez, a n\u00famero 2 da candidatura [&hellip;]\" \/>\n<meta property=\"og:url\" content=\"https:\/\/ppdegalicia.com\/es\/alfonso-rueda-reivindica-no-porrino-a-galicia-que-funciona-desde-as-vilas-e-aposta-pola-competitividade-da-sua-mocidade\/\" \/>\n<meta property=\"og:site_name\" content=\"PP de Galicia\" \/>\n<meta property=\"article:publisher\" content=\"https:\/\/www.instagram.com\/ppdegalicia\/\" \/>\n<meta property=\"article:published_time\" content=\"2024-02-11T16:38:31+00:00\" \/>\n<meta property=\"article:modified_time\" content=\"2024-02-11T17:42:09+00:00\" \/>\n<meta property=\"og:image\" content=\"https:\/\/ppdegalicia.com\/wp-content\/uploads\/2024\/02\/20240211_ARuedaEnPorrino_1-Grande.jpeg\" \/>\n\t<meta property=\"og:image:width\" content=\"1280\" \/>\n\t<meta property=\"og:image:height\" content=\"853\" \/>\n\t<meta property=\"og:image:type\" content=\"image\/jpeg\" \/>\n<meta name=\"author\" content=\"ameneiros\" \/>\n<meta name=\"twitter:card\" content=\"summary_large_image\" \/>\n<meta name=\"twitter:creator\" content=\"@ppdegalicia\" \/>\n<meta name=\"twitter:site\" content=\"@ppdegalicia\" \/>\n<meta name=\"twitter:label1\" content=\"Escrito por\" \/>\n\t<meta name=\"twitter:data1\" content=\"ameneiros\" \/>\n\t<meta name=\"twitter:label2\" content=\"Tiempo de lectura\" \/>\n\t<meta name=\"twitter:data2\" content=\"1 minuto\" \/>\n<script type=\"application\/ld+json\" class=\"yoast-schema-graph\">{\"@context\":\"https:\\\/\\\/schema.org\",\"@graph\":[{\"@type\":\"Article\",\"@id\":\"https:\\\/\\\/ppdegalicia.com\\\/es\\\/alfonso-rueda-reivindica-no-porrino-a-galicia-que-funciona-desde-as-vilas-e-aposta-pola-competitividade-da-sua-mocidade\\\/#article\",\"isPartOf\":{\"@id\":\"https:\\\/\\\/ppdegalicia.com\\\/es\\\/alfonso-rueda-reivindica-no-porrino-a-galicia-que-funciona-desde-as-vilas-e-aposta-pola-competitividade-da-sua-mocidade\\\/\"},\"author\":{\"name\":\"ameneiros\",\"@id\":\"https:\\\/\\\/ppdegalicia.com\\\/es\\\/#\\\/schema\\\/person\\\/3f481a8341e73cf305ea60bee4f0175c\"},\"headline\":\"Alfonso Rueda reivindica no Porri\u00f1o a Galicia que funciona desde as vilas e aposta pola competitividade da s\u00faa mocidade\",\"datePublished\":\"2024-02-11T16:38:31+00:00\",\"dateModified\":\"2024-02-11T17:42:09+00:00\",\"mainEntityOfPage\":{\"@id\":\"https:\\\/\\\/ppdegalicia.com\\\/es\\\/alfonso-rueda-reivindica-no-porrino-a-galicia-que-funciona-desde-as-vilas-e-aposta-pola-competitividade-da-sua-mocidade\\\/\"},\"wordCount\":308,\"commentCount\":0,\"publisher\":{\"@id\":\"https:\\\/\\\/ppdegalicia.com\\\/es\\\/#organization\"},\"image\":{\"@id\":\"https:\\\/\\\/ppdegalicia.com\\\/es\\\/alfonso-rueda-reivindica-no-porrino-a-galicia-que-funciona-desde-as-vilas-e-aposta-pola-competitividade-da-sua-mocidade\\\/#primaryimage\"},\"thumbnailUrl\":\"https:\\\/\\\/ppdegalicia.com\\\/wp-content\\\/uploads\\\/2024\\\/02\\\/20240211_ARuedaEnPorrino_1-Grande.jpeg\",\"keywords\":[\"18-F\",\"A galicia que funciona\",\"Alfonso Rueda\",\"Porri\u00f1o\",\"PPdeG\"],\"articleSection\":[\"PP de Galicia\"],\"inLanguage\":\"es\",\"potentialAction\":[{\"@type\":\"CommentAction\",\"name\":\"Comment\",\"target\":[\"https:\\\/\\\/ppdegalicia.com\\\/es\\\/alfonso-rueda-reivindica-no-porrino-a-galicia-que-funciona-desde-as-vilas-e-aposta-pola-competitividade-da-sua-mocidade\\\/#respond\"]}]},{\"@type\":\"WebPage\",\"@id\":\"https:\\\/\\\/ppdegalicia.com\\\/es\\\/alfonso-rueda-reivindica-no-porrino-a-galicia-que-funciona-desde-as-vilas-e-aposta-pola-competitividade-da-sua-mocidade\\\/\",\"url\":\"https:\\\/\\\/ppdegalicia.com\\\/es\\\/alfonso-rueda-reivindica-no-porrino-a-galicia-que-funciona-desde-as-vilas-e-aposta-pola-competitividade-da-sua-mocidade\\\/\",\"name\":\"Alfonso Rueda reivindica no Porri\u00f1o a Galicia que funciona desde as vilas e aposta pola competitividade da s\u00faa mocidade - PP de Galicia\",\"isPartOf\":{\"@id\":\"https:\\\/\\\/ppdegalicia.com\\\/es\\\/#website\"},\"primaryImageOfPage\":{\"@id\":\"https:\\\/\\\/ppdegalicia.com\\\/es\\\/alfonso-rueda-reivindica-no-porrino-a-galicia-que-funciona-desde-as-vilas-e-aposta-pola-competitividade-da-sua-mocidade\\\/#primaryimage\"},\"image\":{\"@id\":\"https:\\\/\\\/ppdegalicia.com\\\/es\\\/alfonso-rueda-reivindica-no-porrino-a-galicia-que-funciona-desde-as-vilas-e-aposta-pola-competitividade-da-sua-mocidade\\\/#primaryimage\"},\"thumbnailUrl\":\"https:\\\/\\\/ppdegalicia.com\\\/wp-content\\\/uploads\\\/2024\\\/02\\\/20240211_ARuedaEnPorrino_1-Grande.jpeg\",\"datePublished\":\"2024-02-11T16:38:31+00:00\",\"dateModified\":\"2024-02-11T17:42:09+00:00\",\"breadcrumb\":{\"@id\":\"https:\\\/\\\/ppdegalicia.com\\\/es\\\/alfonso-rueda-reivindica-no-porrino-a-galicia-que-funciona-desde-as-vilas-e-aposta-pola-competitividade-da-sua-mocidade\\\/#breadcrumb\"},\"inLanguage\":\"es\",\"potentialAction\":[{\"@type\":\"ReadAction\",\"target\":[\"https:\\\/\\\/ppdegalicia.com\\\/es\\\/alfonso-rueda-reivindica-no-porrino-a-galicia-que-funciona-desde-as-vilas-e-aposta-pola-competitividade-da-sua-mocidade\\\/\"]}]},{\"@type\":\"ImageObject\",\"inLanguage\":\"es\",\"@id\":\"https:\\\/\\\/ppdegalicia.com\\\/es\\\/alfonso-rueda-reivindica-no-porrino-a-galicia-que-funciona-desde-as-vilas-e-aposta-pola-competitividade-da-sua-mocidade\\\/#primaryimage\",\"url\":\"https:\\\/\\\/ppdegalicia.com\\\/wp-content\\\/uploads\\\/2024\\\/02\\\/20240211_ARuedaEnPorrino_1-Grande.jpeg\",\"contentUrl\":\"https:\\\/\\\/ppdegalicia.com\\\/wp-content\\\/uploads\\\/2024\\\/02\\\/20240211_ARuedaEnPorrino_1-Grande.jpeg\",\"width\":1280,\"height\":853},{\"@type\":\"BreadcrumbList\",\"@id\":\"https:\\\/\\\/ppdegalicia.com\\\/es\\\/alfonso-rueda-reivindica-no-porrino-a-galicia-que-funciona-desde-as-vilas-e-aposta-pola-competitividade-da-sua-mocidade\\\/#breadcrumb\",\"itemListElement\":[{\"@type\":\"ListItem\",\"position\":1,\"name\":\"Portada\",\"item\":\"https:\\\/\\\/ppdegalicia.com\\\/es\\\/\"},{\"@type\":\"ListItem\",\"position\":2,\"name\":\"Alfonso Rueda reivindica no Porri\u00f1o a Galicia que funciona desde as vilas e aposta pola competitividade da s\u00faa mocidade\"}]},{\"@type\":\"WebSite\",\"@id\":\"https:\\\/\\\/ppdegalicia.com\\\/es\\\/#website\",\"url\":\"https:\\\/\\\/ppdegalicia.com\\\/es\\\/\",\"name\":\"Partido Popular de Galicia\",\"description\":\"Partido Popular de Galicia\",\"publisher\":{\"@id\":\"https:\\\/\\\/ppdegalicia.com\\\/es\\\/#organization\"},\"alternateName\":\"PP de Galicia\",\"potentialAction\":[{\"@type\":\"SearchAction\",\"target\":{\"@type\":\"EntryPoint\",\"urlTemplate\":\"https:\\\/\\\/ppdegalicia.com\\\/es\\\/?s={search_term_string}\"},\"query-input\":{\"@type\":\"PropertyValueSpecification\",\"valueRequired\":true,\"valueName\":\"search_term_string\"}}],\"inLanguage\":\"es\"},{\"@type\":\"Organization\",\"@id\":\"https:\\\/\\\/ppdegalicia.com\\\/es\\\/#organization\",\"name\":\"Partido Popular de Galicia\",\"alternateName\":\"PP de Galicia\",\"url\":\"https:\\\/\\\/ppdegalicia.com\\\/es\\\/\",\"logo\":{\"@type\":\"ImageObject\",\"inLanguage\":\"es\",\"@id\":\"https:\\\/\\\/ppdegalicia.com\\\/es\\\/#\\\/schema\\\/logo\\\/image\\\/\",\"url\":\"https:\\\/\\\/ppdegalicia.com\\\/wp-content\\\/uploads\\\/2023\\\/04\\\/logoPP512.png\",\"contentUrl\":\"https:\\\/\\\/ppdegalicia.com\\\/wp-content\\\/uploads\\\/2023\\\/04\\\/logoPP512.png\",\"width\":512,\"height\":512,\"caption\":\"Partido Popular de Galicia\"},\"image\":{\"@id\":\"https:\\\/\\\/ppdegalicia.com\\\/es\\\/#\\\/schema\\\/logo\\\/image\\\/\"},\"sameAs\":[\"https:\\\/\\\/www.instagram.com\\\/ppdegalicia\\\/\",\"https:\\\/\\\/x.com\\\/ppdegalicia\",\"https:\\\/\\\/www.tiktok.com\\\/@ppdegalicia\",\"https:\\\/\\\/www.youtube.com\\\/user\\\/ppdegalicia\"]},{\"@type\":\"Person\",\"@id\":\"https:\\\/\\\/ppdegalicia.com\\\/es\\\/#\\\/schema\\\/person\\\/3f481a8341e73cf305ea60bee4f0175c\",\"name\":\"ameneiros\",\"image\":{\"@type\":\"ImageObject\",\"inLanguage\":\"es\",\"@id\":\"https:\\\/\\\/secure.gravatar.com\\\/avatar\\\/a674336f544aa8343184e0d8ab3c713c47f8a69d9a89696ff29a298007066f32?s=96&d=mm&r=g\",\"url\":\"https:\\\/\\\/secure.gravatar.com\\\/avatar\\\/a674336f544aa8343184e0d8ab3c713c47f8a69d9a89696ff29a298007066f32?s=96&d=mm&r=g\",\"contentUrl\":\"https:\\\/\\\/secure.gravatar.com\\\/avatar\\\/a674336f544aa8343184e0d8ab3c713c47f8a69d9a89696ff29a298007066f32?s=96&d=mm&r=g\",\"caption\":\"ameneiros\"},\"url\":\"https:\\\/\\\/ppdegalicia.com\\\/es\\\/author\\\/ameneiros\\\/\"}]}<\/script>\n<!-- \/ Yoast SEO plugin. -->","yoast_head_json":{"title":"Alfonso Rueda reivindica no Porri\u00f1o a Galicia que funciona desde as vilas e aposta pola competitividade da s\u00faa mocidade - PP de Galicia","robots":{"index":"index","follow":"follow","max-snippet":"max-snippet:-1","max-image-preview":"max-image-preview:large","max-video-preview":"max-video-preview:-1"},"canonical":"https:\/\/ppdegalicia.com\/es\/alfonso-rueda-reivindica-no-porrino-a-galicia-que-funciona-desde-as-vilas-e-aposta-pola-competitividade-da-sua-mocidade\/","og_locale":"es_ES","og_type":"article","og_title":"Alfonso Rueda reivindica no Porri\u00f1o a Galicia que funciona desde as vilas e aposta pola competitividade da s\u00faa mocidade - PP de Galicia","og_description":"O presidente e candidato do PPdeG, Alfonso Rueda, participou hoxe nunha comida-mitin no Porri\u00f1o na que animou aos 600 asistentes a ir votar o pr\u00f3ximo 18 de febreiro para que Galicia non pare e siga funcionando os pr\u00f3ximos catro anos. Acompa\u00f1ado polo presidente provincial do PP de Pontevedra, Luis L\u00f3pez, a n\u00famero 2 da candidatura [&hellip;]","og_url":"https:\/\/ppdegalicia.com\/es\/alfonso-rueda-reivindica-no-porrino-a-galicia-que-funciona-desde-as-vilas-e-aposta-pola-competitividade-da-sua-mocidade\/","og_site_name":"PP de Galicia","article_publisher":"https:\/\/www.instagram.com\/ppdegalicia\/","article_published_time":"2024-02-11T16:38:31+00:00","article_modified_time":"2024-02-11T17:42:09+00:00","og_image":[{"width":1280,"height":853,"url":"https:\/\/ppdegalicia.com\/wp-content\/uploads\/2024\/02\/20240211_ARuedaEnPorrino_1-Grande.jpeg","type":"image\/jpeg"}],"author":"ameneiros","twitter_card":"summary_large_image","twitter_creator":"@ppdegalicia","twitter_site":"@ppdegalicia","twitter_misc":{"Escrito por":"ameneiros","Tiempo de lectura":"1 minuto"},"schema":{"@context":"https:\/\/schema.org","@graph":[{"@type":"Article","@id":"https:\/\/ppdegalicia.com\/es\/alfonso-rueda-reivindica-no-porrino-a-galicia-que-funciona-desde-as-vilas-e-aposta-pola-competitividade-da-sua-mocidade\/#article","isPartOf":{"@id":"https:\/\/ppdegalicia.com\/es\/alfonso-rueda-reivindica-no-porrino-a-galicia-que-funciona-desde-as-vilas-e-aposta-pola-competitividade-da-sua-mocidade\/"},"author":{"name":"ameneiros","@id":"https:\/\/ppdegalicia.com\/es\/#\/schema\/person\/3f481a8341e73cf305ea60bee4f0175c"},"headline":"Alfonso Rueda reivindica no Porri\u00f1o a Galicia que funciona desde as vilas e aposta pola competitividade da s\u00faa mocidade","datePublished":"2024-02-11T16:38:31+00:00","dateModified":"2024-02-11T17:42:09+00:00","mainEntityOfPage":{"@id":"https:\/\/ppdegalicia.com\/es\/alfonso-rueda-reivindica-no-porrino-a-galicia-que-funciona-desde-as-vilas-e-aposta-pola-competitividade-da-sua-mocidade\/"},"wordCount":308,"commentCount":0,"publisher":{"@id":"https:\/\/ppdegalicia.com\/es\/#organization"},"image":{"@id":"https:\/\/ppdegalicia.com\/es\/alfonso-rueda-reivindica-no-porrino-a-galicia-que-funciona-desde-as-vilas-e-aposta-pola-competitividade-da-sua-mocidade\/#primaryimage"},"thumbnailUrl":"https:\/\/ppdegalicia.com\/wp-content\/uploads\/2024\/02\/20240211_ARuedaEnPorrino_1-Grande.jpeg","keywords":["18-F","A galicia que funciona","Alfonso Rueda","Porri\u00f1o","PPdeG"],"articleSection":["PP de Galicia"],"inLanguage":"es","potentialAction":[{"@type":"CommentAction","name":"Comment","target":["https:\/\/ppdegalicia.com\/es\/alfonso-rueda-reivindica-no-porrino-a-galicia-que-funciona-desde-as-vilas-e-aposta-pola-competitividade-da-sua-mocidade\/#respond"]}]},{"@type":"WebPage","@id":"https:\/\/ppdegalicia.com\/es\/alfonso-rueda-reivindica-no-porrino-a-galicia-que-funciona-desde-as-vilas-e-aposta-pola-competitividade-da-sua-mocidade\/","url":"https:\/\/ppdegalicia.com\/es\/alfonso-rueda-reivindica-no-porrino-a-galicia-que-funciona-desde-as-vilas-e-aposta-pola-competitividade-da-sua-mocidade\/","name":"Alfonso Rueda reivindica no Porri\u00f1o a Galicia que funciona desde as vilas e aposta pola competitividade da s\u00faa mocidade - PP de Galicia","isPartOf":{"@id":"https:\/\/ppdegalicia.com\/es\/#website"},"primaryImageOfPage":{"@id":"https:\/\/ppdegalicia.com\/es\/alfonso-rueda-reivindica-no-porrino-a-galicia-que-funciona-desde-as-vilas-e-aposta-pola-competitividade-da-sua-mocidade\/#primaryimage"},"image":{"@id":"https:\/\/ppdegalicia.com\/es\/alfonso-rueda-reivindica-no-porrino-a-galicia-que-funciona-desde-as-vilas-e-aposta-pola-competitividade-da-sua-mocidade\/#primaryimage"},"thumbnailUrl":"https:\/\/ppdegalicia.com\/wp-content\/uploads\/2024\/02\/20240211_ARuedaEnPorrino_1-Grande.jpeg","datePublished":"2024-02-11T16:38:31+00:00","dateModified":"2024-02-11T17:42:09+00:00","breadcrumb":{"@id":"https:\/\/ppdegalicia.com\/es\/alfonso-rueda-reivindica-no-porrino-a-galicia-que-funciona-desde-as-vilas-e-aposta-pola-competitividade-da-sua-mocidade\/#breadcrumb"},"inLanguage":"es","potentialAction":[{"@type":"ReadAction","target":["https:\/\/ppdegalicia.com\/es\/alfonso-rueda-reivindica-no-porrino-a-galicia-que-funciona-desde-as-vilas-e-aposta-pola-competitividade-da-sua-mocidade\/"]}]},{"@type":"ImageObject","inLanguage":"es","@id":"https:\/\/ppdegalicia.com\/es\/alfonso-rueda-reivindica-no-porrino-a-galicia-que-funciona-desde-as-vilas-e-aposta-pola-competitividade-da-sua-mocidade\/#primaryimage","url":"https:\/\/ppdegalicia.com\/wp-content\/uploads\/2024\/02\/20240211_ARuedaEnPorrino_1-Grande.jpeg","contentUrl":"https:\/\/ppdegalicia.com\/wp-content\/uploads\/2024\/02\/20240211_ARuedaEnPorrino_1-Grande.jpeg","width":1280,"height":853},{"@type":"BreadcrumbList","@id":"https:\/\/ppdegalicia.com\/es\/alfonso-rueda-reivindica-no-porrino-a-galicia-que-funciona-desde-as-vilas-e-aposta-pola-competitividade-da-sua-mocidade\/#breadcrumb","itemListElement":[{"@type":"ListItem","position":1,"name":"Portada","item":"https:\/\/ppdegalicia.com\/es\/"},{"@type":"ListItem","position":2,"name":"Alfonso Rueda reivindica no Porri\u00f1o a Galicia que funciona desde as vilas e aposta pola competitividade da s\u00faa mocidade"}]},{"@type":"WebSite","@id":"https:\/\/ppdegalicia.com\/es\/#website","url":"https:\/\/ppdegalicia.com\/es\/","name":"Partido Popular de Galicia","description":"Partido Popular de Galicia","publisher":{"@id":"https:\/\/ppdegalicia.com\/es\/#organization"},"alternateName":"PP de Galicia","potentialAction":[{"@type":"SearchAction","target":{"@type":"EntryPoint","urlTemplate":"https:\/\/ppdegalicia.com\/es\/?s={search_term_string}"},"query-input":{"@type":"PropertyValueSpecification","valueRequired":true,"valueName":"search_term_string"}}],"inLanguage":"es"},{"@type":"Organization","@id":"https:\/\/ppdegalicia.com\/es\/#organization","name":"Partido Popular de Galicia","alternateName":"PP de Galicia","url":"https:\/\/ppdegalicia.com\/es\/","logo":{"@type":"ImageObject","inLanguage":"es","@id":"https:\/\/ppdegalicia.com\/es\/#\/schema\/logo\/image\/","url":"https:\/\/ppdegalicia.com\/wp-content\/uploads\/2023\/04\/logoPP512.png","contentUrl":"https:\/\/ppdegalicia.com\/wp-content\/uploads\/2023\/04\/logoPP512.png","width":512,"height":512,"caption":"Partido Popular de Galicia"},"image":{"@id":"https:\/\/ppdegalicia.com\/es\/#\/schema\/logo\/image\/"},"sameAs":["https:\/\/www.instagram.com\/ppdegalicia\/","https:\/\/x.com\/ppdegalicia","https:\/\/www.tiktok.com\/@ppdegalicia","https:\/\/www.youtube.com\/user\/ppdegalicia"]},{"@type":"Person","@id":"https:\/\/ppdegalicia.com\/es\/#\/schema\/person\/3f481a8341e73cf305ea60bee4f0175c","name":"ameneiros","image":{"@type":"ImageObject","inLanguage":"es","@id":"https:\/\/secure.gravatar.com\/avatar\/a674336f544aa8343184e0d8ab3c713c47f8a69d9a89696ff29a298007066f32?s=96&d=mm&r=g","url":"https:\/\/secure.gravatar.com\/avatar\/a674336f544aa8343184e0d8ab3c713c47f8a69d9a89696ff29a298007066f32?s=96&d=mm&r=g","contentUrl":"https:\/\/secure.gravatar.com\/avatar\/a674336f544aa8343184e0d8ab3c713c47f8a69d9a89696ff29a298007066f32?s=96&d=mm&r=g","caption":"ameneiros"},"url":"https:\/\/ppdegalicia.com\/es\/author\/ameneiros\/"}]}},"_links":{"self":[{"href":"https:\/\/ppdegalicia.com\/es\/wp-json\/wp\/v2\/posts\/62039","targetHints":{"allow":["GET"]}}],"collection":[{"href":"https:\/\/ppdegalicia.com\/es\/wp-json\/wp\/v2\/posts"}],"about":[{"href":"https:\/\/ppdegalicia.com\/es\/wp-json\/wp\/v2\/types\/post"}],"author":[{"embeddable":true,"href":"https:\/\/ppdegalicia.com\/es\/wp-json\/wp\/v2\/users\/1"}],"replies":[{"embeddable":true,"href":"https:\/\/ppdegalicia.com\/es\/wp-json\/wp\/v2\/comments?post=62039"}],"version-history":[{"count":1,"href":"https:\/\/ppdegalicia.com\/es\/wp-json\/wp\/v2\/posts\/62039\/revisions"}],"predecessor-version":[{"id":62046,"href":"https:\/\/ppdegalicia.com\/es\/wp-json\/wp\/v2\/posts\/62039\/revisions\/62046"}],"wp:featuredmedia":[{"embeddable":true,"href":"https:\/\/ppdegalicia.com\/es\/wp-json\/wp\/v2\/media\/62042"}],"wp:attachment":[{"href":"https:\/\/ppdegalicia.com\/es\/wp-json\/wp\/v2\/media?parent=62039"}],"wp:term":[{"taxonomy":"category","embeddable":true,"href":"https:\/\/ppdegalicia.com\/es\/wp-json\/wp\/v2\/categories?post=62039"},{"taxonomy":"post_tag","embeddable":true,"href":"https:\/\/ppdegalicia.com\/es\/wp-json\/wp\/v2\/tags?post=62039"}],"curies":[{"name":"wp","href":"https:\/\/api.w.org\/{rel}","templated":true}]}}