{"id":62055,"date":"2024-02-11T21:08:08","date_gmt":"2024-02-11T19:08:08","guid":{"rendered":"https:\/\/ppdegalicia.com\/?p=62055"},"modified":"2024-02-12T00:11:00","modified_gmt":"2024-02-11T22:11:00","slug":"rueda-eu-quero-mais-e-mellor-galicia-non-que-nos-convirtamos-nunha-sucursal-mais-das-franquicias-independentistas-que-apoia-o-psoe","status":"publish","type":"post","link":"https:\/\/ppdegalicia.com\/es\/rueda-eu-quero-mais-e-mellor-galicia-non-que-nos-convirtamos-nunha-sucursal-mais-das-franquicias-independentistas-que-apoia-o-psoe\/","title":{"rendered":"Rueda: \u201cEu quero m\u00e1is e mellor Galicia, non que nos convirtamos nunha sucursal m\u00e1is das franquicias independentistas que apoia o PSOE\u201d"},"content":{"rendered":"<p><strong>Hoxe, nun mitin en Vilagarc\u00eda de Arousa ao que asistiron 400 persoas e no que tam\u00e9n interviron o presidente provincial do PP de Pontevedra, Luis L\u00f3pez, o candidato pola provincia de Pontevedra, Ra\u00fal Santamar\u00eda, e a portavoz do PP local, Ana Granja<\/strong><\/p>\n<h3><strong>Rueda: \u201cEu quero m\u00e1is e mellor Galicia, non que nos convirtamos nunha sucursal m\u00e1is das franquicias independentistas que apoia o PSOE\u201d<\/strong><\/h3>\n<ul>\n<li>\u201cChova ou non, faga fr\u00edo ou calor, pase o que pase, o pr\u00f3ximo domingo tedes que ir a votar\u201d, arengou ao tempo que subli\u00f1aba que o pr\u00f3ximo 18 de febreiro \u201c\u00e9 a verdadeira enquisa\u201d<\/li>\n<li>Ante o remate do prazo para exercer o voto CERA o pr\u00f3ximo xoves 15, tivo unhas palabras para os galegos do exterior: \u201cNon sodes mercanc\u00eda electoral da que falar mal durante catro anos e \u00e1 que pretender convencer en 15 d\u00edas como fai a esquerda. Sodes galegos que tiveron que emigrar co posto e que, co voso esforzo, constru\u00edchedes a Galicia de hoxe\u201d<\/li>\n<\/ul>\n<p>O presidente e candidato do PPdeG, Alfonso Rueda, asegurou hoxe que \u201cas mellores p\u00e1xinas da historia de Galicia est\u00e1n a\u00ednda por escribir\u201d e por iso mostrou o seu desexo de escribilas man a man cos galegos e galegas \u201ccomo continuaci\u00f3n de todo o pasado e do moito que queda por escribir\u201d.<\/p>\n<p>Facendo un chamamento ao voto, reco\u00f1eceu ser consciente de que pedir unha maior\u00eda \u00e9 \u201cpedir moito\u201d porque \u201csup\u00f3n pedirlle \u00e1 xente a s\u00faa confianza para seguir xestionando os seus recursos e tam\u00e9n pedirlle a s\u00faa axuda para parar o retroceso que quere promover a esquerda\u201d. Pero remarcou que est\u00e1 disposto a asumir ese compromiso e a cambio ofrece \u201cunha xesti\u00f3n desde a experiencia e o inconformismo\u201d e \u201cas ganas de aproveitar o aprendido para seguir mellorando\u201d.<\/p>\n<p>\u201cChova ou non, faga fr\u00edo ou calor, pase o que pase, o pr\u00f3ximo domingo tedes que ir a votar\u201d, arengou aos 400 asistentes ao mitin celebrado esta tarde en Vilagarc\u00eda de Arousa subli\u00f1ando que o pr\u00f3ximo 18 de febreiro \u201c\u00e9 a verdadeira enquisa\u201d.<\/p>\n<p>Recordou ademais que onte abriu o prazo para exercer o voto CERA \u2013que estar\u00e1 aberto ata o pr\u00f3ximo xoves 15\u2013 e quixo ter unhas palabras para os galegos do exterior: \u201cNon sodes mercanc\u00eda electoral da que falar mal durante catro anos e \u00e1 que pretender convencer en 15 d\u00edas como fai a esquerda. Sodes galegos que tiveron que emigrar co posto e que, co voso esforzo, constru\u00edstes a Galicia de hoxe\u201d.<\/p>\n<p>\u201cPres\u00e9ntome para facerlle a vida un pouco m\u00e1is f\u00e1cil aos galegos e para que poidan atopar nos seus gobernantes a algu\u00e9n que ofreza soluci\u00f3ns aos seus problemas\u201d, engadiu incidindo na importancia de contar cun Goberno \u201csereno \u00e1 hora de tomar decisi\u00f3ns, sensato nas s\u00faas actuaci\u00f3ns e eficaz na s\u00faa xesti\u00f3n\u201d.<\/p>\n<p><strong><u>\u201cSE PRETENDEN ARROLLARNOS, EU S\u00c1IOLLES AO CHOQUE\u201d<\/u><\/strong><\/p>\n<p>Alfonso Rueda preguntouse \u201cpor que en Galicia non se poden seguir facendo as cousas ben\u201d, ao contrario do que pretende ese multipartito da esquerda que \u201caspira a traer aqu\u00ed os seus l\u00edos\u201d. E dirix\u00edndose directamente a eles afirmou: \u201cSe eles pretenden arrollarnos, eu s\u00e1iolles ao choque\u201d.<\/p>\n<p>Explicou que fronte \u00e1 Galicia que avanza, a alternativa que ofrecen os outros \u201c\u00e9 o mesmo que xa ti\u00f1amos superado hai 20 anos pero branqueado e escondido detr\u00e1s dunha falsa sonrisa\u201d. Pero, engadiu, a\u00ed est\u00e1 o seu programa para recordar a realidade: \u201cA nosa primeira medida \u00e9 de axuda \u00e1s familias. A s\u00faa, a independencia\u201d.<\/p>\n<p>\u201cEu non quero que Galicia sexa unha sucursal m\u00e1is das franquicias independentistas que apoia o PSOE. O que eu quero \u00e9 m\u00e1is e mellor Galicia, que nos superemos a n\u00f3s mesmos e que sigamos mellorando con sentidi\u00f1o e normalidade\u201d, conclu\u00edu.<\/p>\n<div id='gallery-1' class='gallery galleryid-62055 gallery-columns-4 gallery-size-medium'><figure class='gallery-item'>\n\t\t\t<div class='gallery-icon landscape'>\n\t\t\t\t<a href='https:\/\/ppdegalicia.com\/wp-content\/uploads\/2024\/02\/20240211_ARuedaEnVilagarcia01-Grande.jpeg'><img fetchpriority=\"high\" decoding=\"async\" width=\"300\" height=\"208\" src=\"https:\/\/ppdegalicia.com\/wp-content\/uploads\/2024\/02\/20240211_ARuedaEnVilagarcia01-Grande-300x208.jpeg\" class=\"attachment-medium size-medium\" alt=\"\" srcset=\"https:\/\/ppdegalicia.com\/wp-content\/uploads\/2024\/02\/20240211_ARuedaEnVilagarcia01-Grande-300x208.jpeg 300w, https:\/\/ppdegalicia.com\/wp-content\/uploads\/2024\/02\/20240211_ARuedaEnVilagarcia01-Grande-1024x709.jpeg 1024w, https:\/\/ppdegalicia.com\/wp-content\/uploads\/2024\/02\/20240211_ARuedaEnVilagarcia01-Grande-768x532.jpeg 768w, https:\/\/ppdegalicia.com\/wp-content\/uploads\/2024\/02\/20240211_ARuedaEnVilagarcia01-Grande.jpeg 1280w\" sizes=\"(max-width: 300px) 100vw, 300px\" \/><\/a>\n\t\t\t<\/div><\/figure><figure class='gallery-item'>\n\t\t\t<div class='gallery-icon portrait'>\n\t\t\t\t<a href='https:\/\/ppdegalicia.com\/wp-content\/uploads\/2024\/02\/20240211_ARuedaEnVilagarcia03-Grande.jpeg'><img decoding=\"async\" width=\"227\" height=\"300\" src=\"https:\/\/ppdegalicia.com\/wp-content\/uploads\/2024\/02\/20240211_ARuedaEnVilagarcia03-Grande-227x300.jpeg\" class=\"attachment-medium size-medium\" alt=\"\" srcset=\"https:\/\/ppdegalicia.com\/wp-content\/uploads\/2024\/02\/20240211_ARuedaEnVilagarcia03-Grande-227x300.jpeg 227w, https:\/\/ppdegalicia.com\/wp-content\/uploads\/2024\/02\/20240211_ARuedaEnVilagarcia03-Grande-773x1024.jpeg 773w, https:\/\/ppdegalicia.com\/wp-content\/uploads\/2024\/02\/20240211_ARuedaEnVilagarcia03-Grande-768x1017.jpeg 768w, https:\/\/ppdegalicia.com\/wp-content\/uploads\/2024\/02\/20240211_ARuedaEnVilagarcia03-Grande.jpeg 935w\" sizes=\"(max-width: 227px) 100vw, 227px\" \/><\/a>\n\t\t\t<\/div><\/figure><figure class='gallery-item'>\n\t\t\t<div class='gallery-icon landscape'>\n\t\t\t\t<a href='https:\/\/ppdegalicia.com\/wp-content\/uploads\/2024\/02\/20240211_ARuedaEnVilagarcia02-Grande.jpeg'><img decoding=\"async\" width=\"300\" height=\"200\" src=\"https:\/\/ppdegalicia.com\/wp-content\/uploads\/2024\/02\/20240211_ARuedaEnVilagarcia02-Grande-300x200.jpeg\" class=\"attachment-medium size-medium\" alt=\"\" srcset=\"https:\/\/ppdegalicia.com\/wp-content\/uploads\/2024\/02\/20240211_ARuedaEnVilagarcia02-Grande-300x200.jpeg 300w, https:\/\/ppdegalicia.com\/wp-content\/uploads\/2024\/02\/20240211_ARuedaEnVilagarcia02-Grande-1024x682.jpeg 1024w, https:\/\/ppdegalicia.com\/wp-content\/uploads\/2024\/02\/20240211_ARuedaEnVilagarcia02-Grande-768x512.jpeg 768w, https:\/\/ppdegalicia.com\/wp-content\/uploads\/2024\/02\/20240211_ARuedaEnVilagarcia02-Grande.jpeg 1280w\" sizes=\"(max-width: 300px) 100vw, 300px\" \/><\/a>\n\t\t\t<\/div><\/figure><figure class='gallery-item'>\n\t\t\t<div class='gallery-icon landscape'>\n\t\t\t\t<a href='https:\/\/ppdegalicia.com\/wp-content\/uploads\/2024\/02\/20240211_ARuedaEnVilagarcia04-Grande.jpeg'><img loading=\"lazy\" decoding=\"async\" width=\"300\" height=\"200\" src=\"https:\/\/ppdegalicia.com\/wp-content\/uploads\/2024\/02\/20240211_ARuedaEnVilagarcia04-Grande-300x200.jpeg\" class=\"attachment-medium size-medium\" alt=\"\" srcset=\"https:\/\/ppdegalicia.com\/wp-content\/uploads\/2024\/02\/20240211_ARuedaEnVilagarcia04-Grande-300x200.jpeg 300w, https:\/\/ppdegalicia.com\/wp-content\/uploads\/2024\/02\/20240211_ARuedaEnVilagarcia04-Grande-1024x682.jpeg 1024w, https:\/\/ppdegalicia.com\/wp-content\/uploads\/2024\/02\/20240211_ARuedaEnVilagarcia04-Grande-768x512.jpeg 768w, https:\/\/ppdegalicia.com\/wp-content\/uploads\/2024\/02\/20240211_ARuedaEnVilagarcia04-Grande.jpeg 1280w\" sizes=\"(max-width: 300px) 100vw, 300px\" \/><\/a>\n\t\t\t<\/div><\/figure>\n\t\t<\/div>\n\n","protected":false},"excerpt":{"rendered":"<p>Hoxe, nun mitin en Vilagarc\u00eda de Arousa ao que asistiron 400 persoas e no que tam\u00e9n interviron o presidente provincial do PP de Pontevedra, Luis L\u00f3pez, o candidato pola provincia de Pontevedra, Ra\u00fal Santamar\u00eda, e a portavoz do PP local, Ana Granja Rueda: \u201cEu quero m\u00e1is e mellor Galicia, non que nos convirtamos nunha sucursal [&hellip;]<\/p>\n","protected":false},"author":1,"featured_media":62060,"comment_status":"open","ping_status":"open","sticky":false,"template":"","format":"standard","meta":{"_acf_changed":false,"footnotes":""},"categories":[1],"tags":[2433,2424,2400,2401,2403,2399,2440],"class_list":["post-62055","post","type-post","status-publish","format-standard","has-post-thumbnail","hentry","category-pp-de-galicia","tag-18-f","tag-a-galicia-que-funciona","tag-alfonso-rueda","tag-galicia","tag-partido-popular-de-galicia","tag-ppdeg","tag-vilagarcia"],"acf":[],"yoast_head":"<!-- This site is optimized with the Yoast SEO plugin v27.3 - https:\/\/yoast.com\/product\/yoast-seo-wordpress\/ -->\n<title>Rueda: \u201cEu quero m\u00e1is e mellor Galicia, non que nos convirtamos nunha sucursal m\u00e1is das franquicias independentistas que apoia o PSOE\u201d - PP de Galicia<\/title>\n<meta name=\"robots\" content=\"index, follow, max-snippet:-1, max-image-preview:large, max-video-preview:-1\" \/>\n<link rel=\"canonical\" href=\"https:\/\/ppdegalicia.com\/es\/rueda-eu-quero-mais-e-mellor-galicia-non-que-nos-convirtamos-nunha-sucursal-mais-das-franquicias-independentistas-que-apoia-o-psoe\/\" \/>\n<meta property=\"og:locale\" content=\"es_ES\" \/>\n<meta property=\"og:type\" content=\"article\" \/>\n<meta property=\"og:title\" content=\"Rueda: \u201cEu quero m\u00e1is e mellor Galicia, non que nos convirtamos nunha sucursal m\u00e1is das franquicias independentistas que apoia o PSOE\u201d - PP de Galicia\" \/>\n<meta property=\"og:description\" content=\"Hoxe, nun mitin en Vilagarc\u00eda de Arousa ao que asistiron 400 persoas e no que tam\u00e9n interviron o presidente provincial do PP de Pontevedra, Luis L\u00f3pez, o candidato pola provincia de Pontevedra, Ra\u00fal Santamar\u00eda, e a portavoz do PP local, Ana Granja Rueda: \u201cEu quero m\u00e1is e mellor Galicia, non que nos convirtamos nunha sucursal [&hellip;]\" \/>\n<meta property=\"og:url\" content=\"https:\/\/ppdegalicia.com\/es\/rueda-eu-quero-mais-e-mellor-galicia-non-que-nos-convirtamos-nunha-sucursal-mais-das-franquicias-independentistas-que-apoia-o-psoe\/\" \/>\n<meta property=\"og:site_name\" content=\"PP de Galicia\" \/>\n<meta property=\"article:publisher\" content=\"https:\/\/www.instagram.com\/ppdegalicia\/\" \/>\n<meta property=\"article:published_time\" content=\"2024-02-11T19:08:08+00:00\" \/>\n<meta property=\"article:modified_time\" content=\"2024-02-11T22:11:00+00:00\" \/>\n<meta property=\"og:image\" content=\"https:\/\/ppdegalicia.com\/wp-content\/uploads\/2024\/02\/20240211_ARuedaEnVilagarcia02-Grande.jpeg\" \/>\n\t<meta property=\"og:image:width\" content=\"1280\" \/>\n\t<meta property=\"og:image:height\" content=\"853\" \/>\n\t<meta property=\"og:image:type\" content=\"image\/jpeg\" \/>\n<meta name=\"author\" content=\"ameneiros\" \/>\n<meta name=\"twitter:card\" content=\"summary_large_image\" \/>\n<meta name=\"twitter:creator\" content=\"@ppdegalicia\" \/>\n<meta name=\"twitter:site\" content=\"@ppdegalicia\" \/>\n<meta name=\"twitter:label1\" content=\"Escrito por\" \/>\n\t<meta name=\"twitter:data1\" content=\"ameneiros\" \/>\n\t<meta name=\"twitter:label2\" content=\"Tiempo de lectura\" \/>\n\t<meta name=\"twitter:data2\" content=\"3 minutos\" \/>\n<script type=\"application\/ld+json\" class=\"yoast-schema-graph\">{\"@context\":\"https:\\\/\\\/schema.org\",\"@graph\":[{\"@type\":\"Article\",\"@id\":\"https:\\\/\\\/ppdegalicia.com\\\/es\\\/rueda-eu-quero-mais-e-mellor-galicia-non-que-nos-convirtamos-nunha-sucursal-mais-das-franquicias-independentistas-que-apoia-o-psoe\\\/#article\",\"isPartOf\":{\"@id\":\"https:\\\/\\\/ppdegalicia.com\\\/es\\\/rueda-eu-quero-mais-e-mellor-galicia-non-que-nos-convirtamos-nunha-sucursal-mais-das-franquicias-independentistas-que-apoia-o-psoe\\\/\"},\"author\":{\"name\":\"ameneiros\",\"@id\":\"https:\\\/\\\/ppdegalicia.com\\\/es\\\/#\\\/schema\\\/person\\\/3f481a8341e73cf305ea60bee4f0175c\"},\"headline\":\"Rueda: \u201cEu quero m\u00e1is e mellor Galicia, non que nos convirtamos nunha sucursal m\u00e1is das franquicias independentistas que apoia o PSOE\u201d\",\"datePublished\":\"2024-02-11T19:08:08+00:00\",\"dateModified\":\"2024-02-11T22:11:00+00:00\",\"mainEntityOfPage\":{\"@id\":\"https:\\\/\\\/ppdegalicia.com\\\/es\\\/rueda-eu-quero-mais-e-mellor-galicia-non-que-nos-convirtamos-nunha-sucursal-mais-das-franquicias-independentistas-que-apoia-o-psoe\\\/\"},\"wordCount\":666,\"commentCount\":0,\"publisher\":{\"@id\":\"https:\\\/\\\/ppdegalicia.com\\\/es\\\/#organization\"},\"image\":{\"@id\":\"https:\\\/\\\/ppdegalicia.com\\\/es\\\/rueda-eu-quero-mais-e-mellor-galicia-non-que-nos-convirtamos-nunha-sucursal-mais-das-franquicias-independentistas-que-apoia-o-psoe\\\/#primaryimage\"},\"thumbnailUrl\":\"https:\\\/\\\/ppdegalicia.com\\\/wp-content\\\/uploads\\\/2024\\\/02\\\/20240211_ARuedaEnVilagarcia02-Grande.jpeg\",\"keywords\":[\"18-F\",\"A galicia que funciona\",\"Alfonso Rueda\",\"Galicia\",\"Partido Popular de Galicia\",\"PPdeG\",\"Vilagarcia\"],\"articleSection\":[\"PP de Galicia\"],\"inLanguage\":\"es\",\"potentialAction\":[{\"@type\":\"CommentAction\",\"name\":\"Comment\",\"target\":[\"https:\\\/\\\/ppdegalicia.com\\\/es\\\/rueda-eu-quero-mais-e-mellor-galicia-non-que-nos-convirtamos-nunha-sucursal-mais-das-franquicias-independentistas-que-apoia-o-psoe\\\/#respond\"]}]},{\"@type\":\"WebPage\",\"@id\":\"https:\\\/\\\/ppdegalicia.com\\\/es\\\/rueda-eu-quero-mais-e-mellor-galicia-non-que-nos-convirtamos-nunha-sucursal-mais-das-franquicias-independentistas-que-apoia-o-psoe\\\/\",\"url\":\"https:\\\/\\\/ppdegalicia.com\\\/es\\\/rueda-eu-quero-mais-e-mellor-galicia-non-que-nos-convirtamos-nunha-sucursal-mais-das-franquicias-independentistas-que-apoia-o-psoe\\\/\",\"name\":\"Rueda: \u201cEu quero m\u00e1is e mellor Galicia, non que nos convirtamos nunha sucursal m\u00e1is das franquicias independentistas que apoia o PSOE\u201d - PP de Galicia\",\"isPartOf\":{\"@id\":\"https:\\\/\\\/ppdegalicia.com\\\/es\\\/#website\"},\"primaryImageOfPage\":{\"@id\":\"https:\\\/\\\/ppdegalicia.com\\\/es\\\/rueda-eu-quero-mais-e-mellor-galicia-non-que-nos-convirtamos-nunha-sucursal-mais-das-franquicias-independentistas-que-apoia-o-psoe\\\/#primaryimage\"},\"image\":{\"@id\":\"https:\\\/\\\/ppdegalicia.com\\\/es\\\/rueda-eu-quero-mais-e-mellor-galicia-non-que-nos-convirtamos-nunha-sucursal-mais-das-franquicias-independentistas-que-apoia-o-psoe\\\/#primaryimage\"},\"thumbnailUrl\":\"https:\\\/\\\/ppdegalicia.com\\\/wp-content\\\/uploads\\\/2024\\\/02\\\/20240211_ARuedaEnVilagarcia02-Grande.jpeg\",\"datePublished\":\"2024-02-11T19:08:08+00:00\",\"dateModified\":\"2024-02-11T22:11:00+00:00\",\"breadcrumb\":{\"@id\":\"https:\\\/\\\/ppdegalicia.com\\\/es\\\/rueda-eu-quero-mais-e-mellor-galicia-non-que-nos-convirtamos-nunha-sucursal-mais-das-franquicias-independentistas-que-apoia-o-psoe\\\/#breadcrumb\"},\"inLanguage\":\"es\",\"potentialAction\":[{\"@type\":\"ReadAction\",\"target\":[\"https:\\\/\\\/ppdegalicia.com\\\/es\\\/rueda-eu-quero-mais-e-mellor-galicia-non-que-nos-convirtamos-nunha-sucursal-mais-das-franquicias-independentistas-que-apoia-o-psoe\\\/\"]}]},{\"@type\":\"ImageObject\",\"inLanguage\":\"es\",\"@id\":\"https:\\\/\\\/ppdegalicia.com\\\/es\\\/rueda-eu-quero-mais-e-mellor-galicia-non-que-nos-convirtamos-nunha-sucursal-mais-das-franquicias-independentistas-que-apoia-o-psoe\\\/#primaryimage\",\"url\":\"https:\\\/\\\/ppdegalicia.com\\\/wp-content\\\/uploads\\\/2024\\\/02\\\/20240211_ARuedaEnVilagarcia02-Grande.jpeg\",\"contentUrl\":\"https:\\\/\\\/ppdegalicia.com\\\/wp-content\\\/uploads\\\/2024\\\/02\\\/20240211_ARuedaEnVilagarcia02-Grande.jpeg\",\"width\":1280,\"height\":853},{\"@type\":\"BreadcrumbList\",\"@id\":\"https:\\\/\\\/ppdegalicia.com\\\/es\\\/rueda-eu-quero-mais-e-mellor-galicia-non-que-nos-convirtamos-nunha-sucursal-mais-das-franquicias-independentistas-que-apoia-o-psoe\\\/#breadcrumb\",\"itemListElement\":[{\"@type\":\"ListItem\",\"position\":1,\"name\":\"Portada\",\"item\":\"https:\\\/\\\/ppdegalicia.com\\\/es\\\/\"},{\"@type\":\"ListItem\",\"position\":2,\"name\":\"Rueda: \u201cEu quero m\u00e1is e mellor Galicia, non que nos convirtamos nunha sucursal m\u00e1is das franquicias independentistas que apoia o PSOE\u201d\"}]},{\"@type\":\"WebSite\",\"@id\":\"https:\\\/\\\/ppdegalicia.com\\\/es\\\/#website\",\"url\":\"https:\\\/\\\/ppdegalicia.com\\\/es\\\/\",\"name\":\"Partido Popular de Galicia\",\"description\":\"Partido Popular de Galicia\",\"publisher\":{\"@id\":\"https:\\\/\\\/ppdegalicia.com\\\/es\\\/#organization\"},\"alternateName\":\"PP de Galicia\",\"potentialAction\":[{\"@type\":\"SearchAction\",\"target\":{\"@type\":\"EntryPoint\",\"urlTemplate\":\"https:\\\/\\\/ppdegalicia.com\\\/es\\\/?s={search_term_string}\"},\"query-input\":{\"@type\":\"PropertyValueSpecification\",\"valueRequired\":true,\"valueName\":\"search_term_string\"}}],\"inLanguage\":\"es\"},{\"@type\":\"Organization\",\"@id\":\"https:\\\/\\\/ppdegalicia.com\\\/es\\\/#organization\",\"name\":\"Partido Popular de Galicia\",\"alternateName\":\"PP de Galicia\",\"url\":\"https:\\\/\\\/ppdegalicia.com\\\/es\\\/\",\"logo\":{\"@type\":\"ImageObject\",\"inLanguage\":\"es\",\"@id\":\"https:\\\/\\\/ppdegalicia.com\\\/es\\\/#\\\/schema\\\/logo\\\/image\\\/\",\"url\":\"https:\\\/\\\/ppdegalicia.com\\\/wp-content\\\/uploads\\\/2023\\\/04\\\/logoPP512.png\",\"contentUrl\":\"https:\\\/\\\/ppdegalicia.com\\\/wp-content\\\/uploads\\\/2023\\\/04\\\/logoPP512.png\",\"width\":512,\"height\":512,\"caption\":\"Partido Popular de Galicia\"},\"image\":{\"@id\":\"https:\\\/\\\/ppdegalicia.com\\\/es\\\/#\\\/schema\\\/logo\\\/image\\\/\"},\"sameAs\":[\"https:\\\/\\\/www.instagram.com\\\/ppdegalicia\\\/\",\"https:\\\/\\\/x.com\\\/ppdegalicia\",\"https:\\\/\\\/www.tiktok.com\\\/@ppdegalicia\",\"https:\\\/\\\/www.youtube.com\\\/user\\\/ppdegalicia\"]},{\"@type\":\"Person\",\"@id\":\"https:\\\/\\\/ppdegalicia.com\\\/es\\\/#\\\/schema\\\/person\\\/3f481a8341e73cf305ea60bee4f0175c\",\"name\":\"ameneiros\",\"image\":{\"@type\":\"ImageObject\",\"inLanguage\":\"es\",\"@id\":\"https:\\\/\\\/secure.gravatar.com\\\/avatar\\\/a674336f544aa8343184e0d8ab3c713c47f8a69d9a89696ff29a298007066f32?s=96&d=mm&r=g\",\"url\":\"https:\\\/\\\/secure.gravatar.com\\\/avatar\\\/a674336f544aa8343184e0d8ab3c713c47f8a69d9a89696ff29a298007066f32?s=96&d=mm&r=g\",\"contentUrl\":\"https:\\\/\\\/secure.gravatar.com\\\/avatar\\\/a674336f544aa8343184e0d8ab3c713c47f8a69d9a89696ff29a298007066f32?s=96&d=mm&r=g\",\"caption\":\"ameneiros\"},\"url\":\"https:\\\/\\\/ppdegalicia.com\\\/es\\\/author\\\/ameneiros\\\/\"}]}<\/script>\n<!-- \/ Yoast SEO plugin. -->","yoast_head_json":{"title":"Rueda: \u201cEu quero m\u00e1is e mellor Galicia, non que nos convirtamos nunha sucursal m\u00e1is das franquicias independentistas que apoia o PSOE\u201d - PP de Galicia","robots":{"index":"index","follow":"follow","max-snippet":"max-snippet:-1","max-image-preview":"max-image-preview:large","max-video-preview":"max-video-preview:-1"},"canonical":"https:\/\/ppdegalicia.com\/es\/rueda-eu-quero-mais-e-mellor-galicia-non-que-nos-convirtamos-nunha-sucursal-mais-das-franquicias-independentistas-que-apoia-o-psoe\/","og_locale":"es_ES","og_type":"article","og_title":"Rueda: \u201cEu quero m\u00e1is e mellor Galicia, non que nos convirtamos nunha sucursal m\u00e1is das franquicias independentistas que apoia o PSOE\u201d - PP de Galicia","og_description":"Hoxe, nun mitin en Vilagarc\u00eda de Arousa ao que asistiron 400 persoas e no que tam\u00e9n interviron o presidente provincial do PP de Pontevedra, Luis L\u00f3pez, o candidato pola provincia de Pontevedra, Ra\u00fal Santamar\u00eda, e a portavoz do PP local, Ana Granja Rueda: \u201cEu quero m\u00e1is e mellor Galicia, non que nos convirtamos nunha sucursal [&hellip;]","og_url":"https:\/\/ppdegalicia.com\/es\/rueda-eu-quero-mais-e-mellor-galicia-non-que-nos-convirtamos-nunha-sucursal-mais-das-franquicias-independentistas-que-apoia-o-psoe\/","og_site_name":"PP de Galicia","article_publisher":"https:\/\/www.instagram.com\/ppdegalicia\/","article_published_time":"2024-02-11T19:08:08+00:00","article_modified_time":"2024-02-11T22:11:00+00:00","og_image":[{"width":1280,"height":853,"url":"https:\/\/ppdegalicia.com\/wp-content\/uploads\/2024\/02\/20240211_ARuedaEnVilagarcia02-Grande.jpeg","type":"image\/jpeg"}],"author":"ameneiros","twitter_card":"summary_large_image","twitter_creator":"@ppdegalicia","twitter_site":"@ppdegalicia","twitter_misc":{"Escrito por":"ameneiros","Tiempo de lectura":"3 minutos"},"schema":{"@context":"https:\/\/schema.org","@graph":[{"@type":"Article","@id":"https:\/\/ppdegalicia.com\/es\/rueda-eu-quero-mais-e-mellor-galicia-non-que-nos-convirtamos-nunha-sucursal-mais-das-franquicias-independentistas-que-apoia-o-psoe\/#article","isPartOf":{"@id":"https:\/\/ppdegalicia.com\/es\/rueda-eu-quero-mais-e-mellor-galicia-non-que-nos-convirtamos-nunha-sucursal-mais-das-franquicias-independentistas-que-apoia-o-psoe\/"},"author":{"name":"ameneiros","@id":"https:\/\/ppdegalicia.com\/es\/#\/schema\/person\/3f481a8341e73cf305ea60bee4f0175c"},"headline":"Rueda: \u201cEu quero m\u00e1is e mellor Galicia, non que nos convirtamos nunha sucursal m\u00e1is das franquicias independentistas que apoia o PSOE\u201d","datePublished":"2024-02-11T19:08:08+00:00","dateModified":"2024-02-11T22:11:00+00:00","mainEntityOfPage":{"@id":"https:\/\/ppdegalicia.com\/es\/rueda-eu-quero-mais-e-mellor-galicia-non-que-nos-convirtamos-nunha-sucursal-mais-das-franquicias-independentistas-que-apoia-o-psoe\/"},"wordCount":666,"commentCount":0,"publisher":{"@id":"https:\/\/ppdegalicia.com\/es\/#organization"},"image":{"@id":"https:\/\/ppdegalicia.com\/es\/rueda-eu-quero-mais-e-mellor-galicia-non-que-nos-convirtamos-nunha-sucursal-mais-das-franquicias-independentistas-que-apoia-o-psoe\/#primaryimage"},"thumbnailUrl":"https:\/\/ppdegalicia.com\/wp-content\/uploads\/2024\/02\/20240211_ARuedaEnVilagarcia02-Grande.jpeg","keywords":["18-F","A galicia que funciona","Alfonso Rueda","Galicia","Partido Popular de Galicia","PPdeG","Vilagarcia"],"articleSection":["PP de Galicia"],"inLanguage":"es","potentialAction":[{"@type":"CommentAction","name":"Comment","target":["https:\/\/ppdegalicia.com\/es\/rueda-eu-quero-mais-e-mellor-galicia-non-que-nos-convirtamos-nunha-sucursal-mais-das-franquicias-independentistas-que-apoia-o-psoe\/#respond"]}]},{"@type":"WebPage","@id":"https:\/\/ppdegalicia.com\/es\/rueda-eu-quero-mais-e-mellor-galicia-non-que-nos-convirtamos-nunha-sucursal-mais-das-franquicias-independentistas-que-apoia-o-psoe\/","url":"https:\/\/ppdegalicia.com\/es\/rueda-eu-quero-mais-e-mellor-galicia-non-que-nos-convirtamos-nunha-sucursal-mais-das-franquicias-independentistas-que-apoia-o-psoe\/","name":"Rueda: \u201cEu quero m\u00e1is e mellor Galicia, non que nos convirtamos nunha sucursal m\u00e1is das franquicias independentistas que apoia o PSOE\u201d - PP de Galicia","isPartOf":{"@id":"https:\/\/ppdegalicia.com\/es\/#website"},"primaryImageOfPage":{"@id":"https:\/\/ppdegalicia.com\/es\/rueda-eu-quero-mais-e-mellor-galicia-non-que-nos-convirtamos-nunha-sucursal-mais-das-franquicias-independentistas-que-apoia-o-psoe\/#primaryimage"},"image":{"@id":"https:\/\/ppdegalicia.com\/es\/rueda-eu-quero-mais-e-mellor-galicia-non-que-nos-convirtamos-nunha-sucursal-mais-das-franquicias-independentistas-que-apoia-o-psoe\/#primaryimage"},"thumbnailUrl":"https:\/\/ppdegalicia.com\/wp-content\/uploads\/2024\/02\/20240211_ARuedaEnVilagarcia02-Grande.jpeg","datePublished":"2024-02-11T19:08:08+00:00","dateModified":"2024-02-11T22:11:00+00:00","breadcrumb":{"@id":"https:\/\/ppdegalicia.com\/es\/rueda-eu-quero-mais-e-mellor-galicia-non-que-nos-convirtamos-nunha-sucursal-mais-das-franquicias-independentistas-que-apoia-o-psoe\/#breadcrumb"},"inLanguage":"es","potentialAction":[{"@type":"ReadAction","target":["https:\/\/ppdegalicia.com\/es\/rueda-eu-quero-mais-e-mellor-galicia-non-que-nos-convirtamos-nunha-sucursal-mais-das-franquicias-independentistas-que-apoia-o-psoe\/"]}]},{"@type":"ImageObject","inLanguage":"es","@id":"https:\/\/ppdegalicia.com\/es\/rueda-eu-quero-mais-e-mellor-galicia-non-que-nos-convirtamos-nunha-sucursal-mais-das-franquicias-independentistas-que-apoia-o-psoe\/#primaryimage","url":"https:\/\/ppdegalicia.com\/wp-content\/uploads\/2024\/02\/20240211_ARuedaEnVilagarcia02-Grande.jpeg","contentUrl":"https:\/\/ppdegalicia.com\/wp-content\/uploads\/2024\/02\/20240211_ARuedaEnVilagarcia02-Grande.jpeg","width":1280,"height":853},{"@type":"BreadcrumbList","@id":"https:\/\/ppdegalicia.com\/es\/rueda-eu-quero-mais-e-mellor-galicia-non-que-nos-convirtamos-nunha-sucursal-mais-das-franquicias-independentistas-que-apoia-o-psoe\/#breadcrumb","itemListElement":[{"@type":"ListItem","position":1,"name":"Portada","item":"https:\/\/ppdegalicia.com\/es\/"},{"@type":"ListItem","position":2,"name":"Rueda: \u201cEu quero m\u00e1is e mellor Galicia, non que nos convirtamos nunha sucursal m\u00e1is das franquicias independentistas que apoia o PSOE\u201d"}]},{"@type":"WebSite","@id":"https:\/\/ppdegalicia.com\/es\/#website","url":"https:\/\/ppdegalicia.com\/es\/","name":"Partido Popular de Galicia","description":"Partido Popular de Galicia","publisher":{"@id":"https:\/\/ppdegalicia.com\/es\/#organization"},"alternateName":"PP de Galicia","potentialAction":[{"@type":"SearchAction","target":{"@type":"EntryPoint","urlTemplate":"https:\/\/ppdegalicia.com\/es\/?s={search_term_string}"},"query-input":{"@type":"PropertyValueSpecification","valueRequired":true,"valueName":"search_term_string"}}],"inLanguage":"es"},{"@type":"Organization","@id":"https:\/\/ppdegalicia.com\/es\/#organization","name":"Partido Popular de Galicia","alternateName":"PP de Galicia","url":"https:\/\/ppdegalicia.com\/es\/","logo":{"@type":"ImageObject","inLanguage":"es","@id":"https:\/\/ppdegalicia.com\/es\/#\/schema\/logo\/image\/","url":"https:\/\/ppdegalicia.com\/wp-content\/uploads\/2023\/04\/logoPP512.png","contentUrl":"https:\/\/ppdegalicia.com\/wp-content\/uploads\/2023\/04\/logoPP512.png","width":512,"height":512,"caption":"Partido Popular de Galicia"},"image":{"@id":"https:\/\/ppdegalicia.com\/es\/#\/schema\/logo\/image\/"},"sameAs":["https:\/\/www.instagram.com\/ppdegalicia\/","https:\/\/x.com\/ppdegalicia","https:\/\/www.tiktok.com\/@ppdegalicia","https:\/\/www.youtube.com\/user\/ppdegalicia"]},{"@type":"Person","@id":"https:\/\/ppdegalicia.com\/es\/#\/schema\/person\/3f481a8341e73cf305ea60bee4f0175c","name":"ameneiros","image":{"@type":"ImageObject","inLanguage":"es","@id":"https:\/\/secure.gravatar.com\/avatar\/a674336f544aa8343184e0d8ab3c713c47f8a69d9a89696ff29a298007066f32?s=96&d=mm&r=g","url":"https:\/\/secure.gravatar.com\/avatar\/a674336f544aa8343184e0d8ab3c713c47f8a69d9a89696ff29a298007066f32?s=96&d=mm&r=g","contentUrl":"https:\/\/secure.gravatar.com\/avatar\/a674336f544aa8343184e0d8ab3c713c47f8a69d9a89696ff29a298007066f32?s=96&d=mm&r=g","caption":"ameneiros"},"url":"https:\/\/ppdegalicia.com\/es\/author\/ameneiros\/"}]}},"_links":{"self":[{"href":"https:\/\/ppdegalicia.com\/es\/wp-json\/wp\/v2\/posts\/62055","targetHints":{"allow":["GET"]}}],"collection":[{"href":"https:\/\/ppdegalicia.com\/es\/wp-json\/wp\/v2\/posts"}],"about":[{"href":"https:\/\/ppdegalicia.com\/es\/wp-json\/wp\/v2\/types\/post"}],"author":[{"embeddable":true,"href":"https:\/\/ppdegalicia.com\/es\/wp-json\/wp\/v2\/users\/1"}],"replies":[{"embeddable":true,"href":"https:\/\/ppdegalicia.com\/es\/wp-json\/wp\/v2\/comments?post=62055"}],"version-history":[{"count":1,"href":"https:\/\/ppdegalicia.com\/es\/wp-json\/wp\/v2\/posts\/62055\/revisions"}],"predecessor-version":[{"id":62064,"href":"https:\/\/ppdegalicia.com\/es\/wp-json\/wp\/v2\/posts\/62055\/revisions\/62064"}],"wp:featuredmedia":[{"embeddable":true,"href":"https:\/\/ppdegalicia.com\/es\/wp-json\/wp\/v2\/media\/62060"}],"wp:attachment":[{"href":"https:\/\/ppdegalicia.com\/es\/wp-json\/wp\/v2\/media?parent=62055"}],"wp:term":[{"taxonomy":"category","embeddable":true,"href":"https:\/\/ppdegalicia.com\/es\/wp-json\/wp\/v2\/categories?post=62055"},{"taxonomy":"post_tag","embeddable":true,"href":"https:\/\/ppdegalicia.com\/es\/wp-json\/wp\/v2\/tags?post=62055"}],"curies":[{"name":"wp","href":"https:\/\/api.w.org\/{rel}","templated":true}]}}