{"id":62091,"date":"2024-02-12T13:00:59","date_gmt":"2024-02-12T11:00:59","guid":{"rendered":"https:\/\/ppdegalicia.com\/el-pp-de-galicia-suspende-la-campana-para-sumarse-al-minuto-de-silencio-por-los-dos-guardias-civiles\/"},"modified":"2024-02-12T13:00:59","modified_gmt":"2024-02-12T11:00:59","slug":"el-pp-de-galicia-suspende-la-campana-para-sumarse-al-minuto-de-silencio-por-los-dos-guardias-civiles","status":"publish","type":"post","link":"https:\/\/ppdegalicia.com\/es\/el-pp-de-galicia-suspende-la-campana-para-sumarse-al-minuto-de-silencio-por-los-dos-guardias-civiles\/","title":{"rendered":"El PP de Galicia suspende la campa\u00f1a para sumarse al minuto de silencio por los dos guardias civiles"},"content":{"rendered":"<p><b>El Partido Popular de Galicia suspendi\u00f3 la campa\u00f1a a las 12 del mediod\u00eda de hoy para sumarse, desde la sed auton\u00f3mica y las sedes provincias y locales, al minuto de silencio por la cruel muerte en acto de servicio de dos guardias civiles el pasado 9 de febrero en Barbate.<br \/>\n<\/b><\/p>\n<p>El presidente y candidato del PPdeG, Alfonso Rueda, encabez\u00f3 el minuto de silencio en Pontevedra y la secretaria general del partido, Paula Prado, lo hizo en la sed del PPdeG en Santiago de Compostela.<\/p>\n<p>Con este acto, el PPdeG quiso mostrar su apoyo y solidaridad con las familias de los guardias civiles fallecidos y reconocer, al mismo tiempo, la gran labor realizada por los miembros de los Cuerpos y Fuerzas de Seguridad del Estado.<\/p>\n<h4><strong>El PPdeG, con la  Guardia Civil.<\/strong><\/h4>\n<p><a href=\"https:\/\/ppdegalicia.com\/wp-content\/uploads\/2024\/02\/20240212-Minuto-de-silencio-en-Pontevedra-1-Grande.jpeg\"><img fetchpriority=\"high\" decoding=\"async\" class=\"alignnone wp-image-62067 size-full\" src=\"https:\/\/ppdegalicia.com\/wp-content\/uploads\/2024\/02\/20240212-Minuto-de-silencio-en-Pontevedra-1-Grande.jpeg\" alt=\"\" width=\"1280\" height=\"857\" srcset=\"https:\/\/ppdegalicia.com\/wp-content\/uploads\/2024\/02\/20240212-Minuto-de-silencio-en-Pontevedra-1-Grande.jpeg 1280w, https:\/\/ppdegalicia.com\/wp-content\/uploads\/2024\/02\/20240212-Minuto-de-silencio-en-Pontevedra-1-Grande-300x201.jpeg 300w, https:\/\/ppdegalicia.com\/wp-content\/uploads\/2024\/02\/20240212-Minuto-de-silencio-en-Pontevedra-1-Grande-1024x686.jpeg 1024w, https:\/\/ppdegalicia.com\/wp-content\/uploads\/2024\/02\/20240212-Minuto-de-silencio-en-Pontevedra-1-Grande-768x514.jpeg 768w\" sizes=\"(max-width: 1280px) 100vw, 1280px\" \/><\/a><\/p>\n","protected":false},"excerpt":{"rendered":"<p>El Partido Popular de Galicia suspendi\u00f3 la campa\u00f1a a las 12 del mediod\u00eda de hoy para sumarse, desde la sed auton\u00f3mica y las sedes provincias y locales, al minuto de silencio por la cruel muerte en acto de servicio de dos guardias civiles el pasado 9 de febrero en Barbate. El presidente y candidato del [&hellip;]<\/p>\n","protected":false},"author":1,"featured_media":62070,"comment_status":"open","ping_status":"open","sticky":false,"template":"","format":"standard","meta":{"_acf_changed":false,"footnotes":""},"categories":[2398],"tags":[2460,2458,2459,2422,2452],"class_list":["post-62091","post","type-post","status-publish","format-standard","has-post-thumbnail","hentry","category-pp-de-galicia-es","tag-con-la-guardia-civil","tag-guardia-civil","tag-guardias-civiles","tag-ppdeg-es","tag-ppdeg-es-2"],"acf":[],"yoast_head":"<!-- This site is optimized with the Yoast SEO plugin v27.3 - https:\/\/yoast.com\/product\/yoast-seo-wordpress\/ -->\n<title>El PP de Galicia suspende la campa\u00f1a para sumarse al minuto de silencio por los dos guardias civiles - PP de Galicia<\/title>\n<meta name=\"robots\" content=\"index, follow, max-snippet:-1, max-image-preview:large, max-video-preview:-1\" \/>\n<link rel=\"canonical\" href=\"https:\/\/ppdegalicia.com\/es\/el-pp-de-galicia-suspende-la-campana-para-sumarse-al-minuto-de-silencio-por-los-dos-guardias-civiles\/\" \/>\n<meta property=\"og:locale\" content=\"es_ES\" \/>\n<meta property=\"og:type\" content=\"article\" \/>\n<meta property=\"og:title\" content=\"El PP de Galicia suspende la campa\u00f1a para sumarse al minuto de silencio por los dos guardias civiles - PP de Galicia\" \/>\n<meta property=\"og:description\" content=\"El Partido Popular de Galicia suspendi\u00f3 la campa\u00f1a a las 12 del mediod\u00eda de hoy para sumarse, desde la sed auton\u00f3mica y las sedes provincias y locales, al minuto de silencio por la cruel muerte en acto de servicio de dos guardias civiles el pasado 9 de febrero en Barbate. El presidente y candidato del [&hellip;]\" \/>\n<meta property=\"og:url\" content=\"https:\/\/ppdegalicia.com\/es\/el-pp-de-galicia-suspende-la-campana-para-sumarse-al-minuto-de-silencio-por-los-dos-guardias-civiles\/\" \/>\n<meta property=\"og:site_name\" content=\"PP de Galicia\" \/>\n<meta property=\"article:publisher\" content=\"https:\/\/www.instagram.com\/ppdegalicia\/\" \/>\n<meta property=\"article:published_time\" content=\"2024-02-12T11:00:59+00:00\" \/>\n<meta property=\"og:image\" content=\"https:\/\/ppdegalicia.com\/wp-content\/uploads\/2024\/02\/20240212-Minuto-de-silencio-en-Pontevedra-2-Grande.jpeg\" \/>\n\t<meta property=\"og:image:width\" content=\"1280\" \/>\n\t<meta property=\"og:image:height\" content=\"857\" \/>\n\t<meta property=\"og:image:type\" content=\"image\/jpeg\" \/>\n<meta name=\"author\" content=\"ameneiros\" \/>\n<meta name=\"twitter:card\" content=\"summary_large_image\" \/>\n<meta name=\"twitter:creator\" content=\"@ppdegalicia\" \/>\n<meta name=\"twitter:site\" content=\"@ppdegalicia\" \/>\n<meta name=\"twitter:label1\" content=\"Escrito por\" \/>\n\t<meta name=\"twitter:data1\" content=\"ameneiros\" \/>\n\t<meta name=\"twitter:label2\" content=\"Tiempo de lectura\" \/>\n\t<meta name=\"twitter:data2\" content=\"1 minuto\" \/>\n<script type=\"application\/ld+json\" class=\"yoast-schema-graph\">{\"@context\":\"https:\\\/\\\/schema.org\",\"@graph\":[{\"@type\":\"Article\",\"@id\":\"https:\\\/\\\/ppdegalicia.com\\\/es\\\/el-pp-de-galicia-suspende-la-campana-para-sumarse-al-minuto-de-silencio-por-los-dos-guardias-civiles\\\/#article\",\"isPartOf\":{\"@id\":\"https:\\\/\\\/ppdegalicia.com\\\/es\\\/el-pp-de-galicia-suspende-la-campana-para-sumarse-al-minuto-de-silencio-por-los-dos-guardias-civiles\\\/\"},\"author\":{\"name\":\"ameneiros\",\"@id\":\"https:\\\/\\\/ppdegalicia.com\\\/es\\\/#\\\/schema\\\/person\\\/3f481a8341e73cf305ea60bee4f0175c\"},\"headline\":\"El PP de Galicia suspende la campa\u00f1a para sumarse al minuto de silencio por los dos guardias civiles\",\"datePublished\":\"2024-02-12T11:00:59+00:00\",\"mainEntityOfPage\":{\"@id\":\"https:\\\/\\\/ppdegalicia.com\\\/es\\\/el-pp-de-galicia-suspende-la-campana-para-sumarse-al-minuto-de-silencio-por-los-dos-guardias-civiles\\\/\"},\"wordCount\":150,\"commentCount\":0,\"publisher\":{\"@id\":\"https:\\\/\\\/ppdegalicia.com\\\/es\\\/#organization\"},\"image\":{\"@id\":\"https:\\\/\\\/ppdegalicia.com\\\/es\\\/el-pp-de-galicia-suspende-la-campana-para-sumarse-al-minuto-de-silencio-por-los-dos-guardias-civiles\\\/#primaryimage\"},\"thumbnailUrl\":\"https:\\\/\\\/ppdegalicia.com\\\/wp-content\\\/uploads\\\/2024\\\/02\\\/20240212-Minuto-de-silencio-en-Pontevedra-2-Grande.jpeg\",\"keywords\":[\"con la Guardia Civil\",\"Guardia Civil\",\"Guardias Civiles\",\"PPdeG\",\"PPdeG\"],\"articleSection\":[\"PP de Galicia\"],\"inLanguage\":\"es\",\"potentialAction\":[{\"@type\":\"CommentAction\",\"name\":\"Comment\",\"target\":[\"https:\\\/\\\/ppdegalicia.com\\\/es\\\/el-pp-de-galicia-suspende-la-campana-para-sumarse-al-minuto-de-silencio-por-los-dos-guardias-civiles\\\/#respond\"]}]},{\"@type\":\"WebPage\",\"@id\":\"https:\\\/\\\/ppdegalicia.com\\\/es\\\/el-pp-de-galicia-suspende-la-campana-para-sumarse-al-minuto-de-silencio-por-los-dos-guardias-civiles\\\/\",\"url\":\"https:\\\/\\\/ppdegalicia.com\\\/es\\\/el-pp-de-galicia-suspende-la-campana-para-sumarse-al-minuto-de-silencio-por-los-dos-guardias-civiles\\\/\",\"name\":\"El PP de Galicia suspende la campa\u00f1a para sumarse al minuto de silencio por los dos guardias civiles - PP de Galicia\",\"isPartOf\":{\"@id\":\"https:\\\/\\\/ppdegalicia.com\\\/es\\\/#website\"},\"primaryImageOfPage\":{\"@id\":\"https:\\\/\\\/ppdegalicia.com\\\/es\\\/el-pp-de-galicia-suspende-la-campana-para-sumarse-al-minuto-de-silencio-por-los-dos-guardias-civiles\\\/#primaryimage\"},\"image\":{\"@id\":\"https:\\\/\\\/ppdegalicia.com\\\/es\\\/el-pp-de-galicia-suspende-la-campana-para-sumarse-al-minuto-de-silencio-por-los-dos-guardias-civiles\\\/#primaryimage\"},\"thumbnailUrl\":\"https:\\\/\\\/ppdegalicia.com\\\/wp-content\\\/uploads\\\/2024\\\/02\\\/20240212-Minuto-de-silencio-en-Pontevedra-2-Grande.jpeg\",\"datePublished\":\"2024-02-12T11:00:59+00:00\",\"breadcrumb\":{\"@id\":\"https:\\\/\\\/ppdegalicia.com\\\/es\\\/el-pp-de-galicia-suspende-la-campana-para-sumarse-al-minuto-de-silencio-por-los-dos-guardias-civiles\\\/#breadcrumb\"},\"inLanguage\":\"es\",\"potentialAction\":[{\"@type\":\"ReadAction\",\"target\":[\"https:\\\/\\\/ppdegalicia.com\\\/es\\\/el-pp-de-galicia-suspende-la-campana-para-sumarse-al-minuto-de-silencio-por-los-dos-guardias-civiles\\\/\"]}]},{\"@type\":\"ImageObject\",\"inLanguage\":\"es\",\"@id\":\"https:\\\/\\\/ppdegalicia.com\\\/es\\\/el-pp-de-galicia-suspende-la-campana-para-sumarse-al-minuto-de-silencio-por-los-dos-guardias-civiles\\\/#primaryimage\",\"url\":\"https:\\\/\\\/ppdegalicia.com\\\/wp-content\\\/uploads\\\/2024\\\/02\\\/20240212-Minuto-de-silencio-en-Pontevedra-2-Grande.jpeg\",\"contentUrl\":\"https:\\\/\\\/ppdegalicia.com\\\/wp-content\\\/uploads\\\/2024\\\/02\\\/20240212-Minuto-de-silencio-en-Pontevedra-2-Grande.jpeg\",\"width\":1280,\"height\":857},{\"@type\":\"BreadcrumbList\",\"@id\":\"https:\\\/\\\/ppdegalicia.com\\\/es\\\/el-pp-de-galicia-suspende-la-campana-para-sumarse-al-minuto-de-silencio-por-los-dos-guardias-civiles\\\/#breadcrumb\",\"itemListElement\":[{\"@type\":\"ListItem\",\"position\":1,\"name\":\"Portada\",\"item\":\"https:\\\/\\\/ppdegalicia.com\\\/es\\\/\"},{\"@type\":\"ListItem\",\"position\":2,\"name\":\"El PP de Galicia suspende la campa\u00f1a para sumarse al minuto de silencio por los dos guardias civiles\"}]},{\"@type\":\"WebSite\",\"@id\":\"https:\\\/\\\/ppdegalicia.com\\\/es\\\/#website\",\"url\":\"https:\\\/\\\/ppdegalicia.com\\\/es\\\/\",\"name\":\"Partido Popular de Galicia\",\"description\":\"Partido Popular de Galicia\",\"publisher\":{\"@id\":\"https:\\\/\\\/ppdegalicia.com\\\/es\\\/#organization\"},\"alternateName\":\"PP de Galicia\",\"potentialAction\":[{\"@type\":\"SearchAction\",\"target\":{\"@type\":\"EntryPoint\",\"urlTemplate\":\"https:\\\/\\\/ppdegalicia.com\\\/es\\\/?s={search_term_string}\"},\"query-input\":{\"@type\":\"PropertyValueSpecification\",\"valueRequired\":true,\"valueName\":\"search_term_string\"}}],\"inLanguage\":\"es\"},{\"@type\":\"Organization\",\"@id\":\"https:\\\/\\\/ppdegalicia.com\\\/es\\\/#organization\",\"name\":\"Partido Popular de Galicia\",\"alternateName\":\"PP de Galicia\",\"url\":\"https:\\\/\\\/ppdegalicia.com\\\/es\\\/\",\"logo\":{\"@type\":\"ImageObject\",\"inLanguage\":\"es\",\"@id\":\"https:\\\/\\\/ppdegalicia.com\\\/es\\\/#\\\/schema\\\/logo\\\/image\\\/\",\"url\":\"https:\\\/\\\/ppdegalicia.com\\\/wp-content\\\/uploads\\\/2023\\\/04\\\/logoPP512.png\",\"contentUrl\":\"https:\\\/\\\/ppdegalicia.com\\\/wp-content\\\/uploads\\\/2023\\\/04\\\/logoPP512.png\",\"width\":512,\"height\":512,\"caption\":\"Partido Popular de Galicia\"},\"image\":{\"@id\":\"https:\\\/\\\/ppdegalicia.com\\\/es\\\/#\\\/schema\\\/logo\\\/image\\\/\"},\"sameAs\":[\"https:\\\/\\\/www.instagram.com\\\/ppdegalicia\\\/\",\"https:\\\/\\\/x.com\\\/ppdegalicia\",\"https:\\\/\\\/www.tiktok.com\\\/@ppdegalicia\",\"https:\\\/\\\/www.youtube.com\\\/user\\\/ppdegalicia\"]},{\"@type\":\"Person\",\"@id\":\"https:\\\/\\\/ppdegalicia.com\\\/es\\\/#\\\/schema\\\/person\\\/3f481a8341e73cf305ea60bee4f0175c\",\"name\":\"ameneiros\",\"image\":{\"@type\":\"ImageObject\",\"inLanguage\":\"es\",\"@id\":\"https:\\\/\\\/secure.gravatar.com\\\/avatar\\\/a674336f544aa8343184e0d8ab3c713c47f8a69d9a89696ff29a298007066f32?s=96&d=mm&r=g\",\"url\":\"https:\\\/\\\/secure.gravatar.com\\\/avatar\\\/a674336f544aa8343184e0d8ab3c713c47f8a69d9a89696ff29a298007066f32?s=96&d=mm&r=g\",\"contentUrl\":\"https:\\\/\\\/secure.gravatar.com\\\/avatar\\\/a674336f544aa8343184e0d8ab3c713c47f8a69d9a89696ff29a298007066f32?s=96&d=mm&r=g\",\"caption\":\"ameneiros\"},\"url\":\"https:\\\/\\\/ppdegalicia.com\\\/es\\\/author\\\/ameneiros\\\/\"}]}<\/script>\n<!-- \/ Yoast SEO plugin. -->","yoast_head_json":{"title":"El PP de Galicia suspende la campa\u00f1a para sumarse al minuto de silencio por los dos guardias civiles - PP de Galicia","robots":{"index":"index","follow":"follow","max-snippet":"max-snippet:-1","max-image-preview":"max-image-preview:large","max-video-preview":"max-video-preview:-1"},"canonical":"https:\/\/ppdegalicia.com\/es\/el-pp-de-galicia-suspende-la-campana-para-sumarse-al-minuto-de-silencio-por-los-dos-guardias-civiles\/","og_locale":"es_ES","og_type":"article","og_title":"El PP de Galicia suspende la campa\u00f1a para sumarse al minuto de silencio por los dos guardias civiles - PP de Galicia","og_description":"El Partido Popular de Galicia suspendi\u00f3 la campa\u00f1a a las 12 del mediod\u00eda de hoy para sumarse, desde la sed auton\u00f3mica y las sedes provincias y locales, al minuto de silencio por la cruel muerte en acto de servicio de dos guardias civiles el pasado 9 de febrero en Barbate. El presidente y candidato del [&hellip;]","og_url":"https:\/\/ppdegalicia.com\/es\/el-pp-de-galicia-suspende-la-campana-para-sumarse-al-minuto-de-silencio-por-los-dos-guardias-civiles\/","og_site_name":"PP de Galicia","article_publisher":"https:\/\/www.instagram.com\/ppdegalicia\/","article_published_time":"2024-02-12T11:00:59+00:00","og_image":[{"width":1280,"height":857,"url":"https:\/\/ppdegalicia.com\/wp-content\/uploads\/2024\/02\/20240212-Minuto-de-silencio-en-Pontevedra-2-Grande.jpeg","type":"image\/jpeg"}],"author":"ameneiros","twitter_card":"summary_large_image","twitter_creator":"@ppdegalicia","twitter_site":"@ppdegalicia","twitter_misc":{"Escrito por":"ameneiros","Tiempo de lectura":"1 minuto"},"schema":{"@context":"https:\/\/schema.org","@graph":[{"@type":"Article","@id":"https:\/\/ppdegalicia.com\/es\/el-pp-de-galicia-suspende-la-campana-para-sumarse-al-minuto-de-silencio-por-los-dos-guardias-civiles\/#article","isPartOf":{"@id":"https:\/\/ppdegalicia.com\/es\/el-pp-de-galicia-suspende-la-campana-para-sumarse-al-minuto-de-silencio-por-los-dos-guardias-civiles\/"},"author":{"name":"ameneiros","@id":"https:\/\/ppdegalicia.com\/es\/#\/schema\/person\/3f481a8341e73cf305ea60bee4f0175c"},"headline":"El PP de Galicia suspende la campa\u00f1a para sumarse al minuto de silencio por los dos guardias civiles","datePublished":"2024-02-12T11:00:59+00:00","mainEntityOfPage":{"@id":"https:\/\/ppdegalicia.com\/es\/el-pp-de-galicia-suspende-la-campana-para-sumarse-al-minuto-de-silencio-por-los-dos-guardias-civiles\/"},"wordCount":150,"commentCount":0,"publisher":{"@id":"https:\/\/ppdegalicia.com\/es\/#organization"},"image":{"@id":"https:\/\/ppdegalicia.com\/es\/el-pp-de-galicia-suspende-la-campana-para-sumarse-al-minuto-de-silencio-por-los-dos-guardias-civiles\/#primaryimage"},"thumbnailUrl":"https:\/\/ppdegalicia.com\/wp-content\/uploads\/2024\/02\/20240212-Minuto-de-silencio-en-Pontevedra-2-Grande.jpeg","keywords":["con la Guardia Civil","Guardia Civil","Guardias Civiles","PPdeG","PPdeG"],"articleSection":["PP de Galicia"],"inLanguage":"es","potentialAction":[{"@type":"CommentAction","name":"Comment","target":["https:\/\/ppdegalicia.com\/es\/el-pp-de-galicia-suspende-la-campana-para-sumarse-al-minuto-de-silencio-por-los-dos-guardias-civiles\/#respond"]}]},{"@type":"WebPage","@id":"https:\/\/ppdegalicia.com\/es\/el-pp-de-galicia-suspende-la-campana-para-sumarse-al-minuto-de-silencio-por-los-dos-guardias-civiles\/","url":"https:\/\/ppdegalicia.com\/es\/el-pp-de-galicia-suspende-la-campana-para-sumarse-al-minuto-de-silencio-por-los-dos-guardias-civiles\/","name":"El PP de Galicia suspende la campa\u00f1a para sumarse al minuto de silencio por los dos guardias civiles - PP de Galicia","isPartOf":{"@id":"https:\/\/ppdegalicia.com\/es\/#website"},"primaryImageOfPage":{"@id":"https:\/\/ppdegalicia.com\/es\/el-pp-de-galicia-suspende-la-campana-para-sumarse-al-minuto-de-silencio-por-los-dos-guardias-civiles\/#primaryimage"},"image":{"@id":"https:\/\/ppdegalicia.com\/es\/el-pp-de-galicia-suspende-la-campana-para-sumarse-al-minuto-de-silencio-por-los-dos-guardias-civiles\/#primaryimage"},"thumbnailUrl":"https:\/\/ppdegalicia.com\/wp-content\/uploads\/2024\/02\/20240212-Minuto-de-silencio-en-Pontevedra-2-Grande.jpeg","datePublished":"2024-02-12T11:00:59+00:00","breadcrumb":{"@id":"https:\/\/ppdegalicia.com\/es\/el-pp-de-galicia-suspende-la-campana-para-sumarse-al-minuto-de-silencio-por-los-dos-guardias-civiles\/#breadcrumb"},"inLanguage":"es","potentialAction":[{"@type":"ReadAction","target":["https:\/\/ppdegalicia.com\/es\/el-pp-de-galicia-suspende-la-campana-para-sumarse-al-minuto-de-silencio-por-los-dos-guardias-civiles\/"]}]},{"@type":"ImageObject","inLanguage":"es","@id":"https:\/\/ppdegalicia.com\/es\/el-pp-de-galicia-suspende-la-campana-para-sumarse-al-minuto-de-silencio-por-los-dos-guardias-civiles\/#primaryimage","url":"https:\/\/ppdegalicia.com\/wp-content\/uploads\/2024\/02\/20240212-Minuto-de-silencio-en-Pontevedra-2-Grande.jpeg","contentUrl":"https:\/\/ppdegalicia.com\/wp-content\/uploads\/2024\/02\/20240212-Minuto-de-silencio-en-Pontevedra-2-Grande.jpeg","width":1280,"height":857},{"@type":"BreadcrumbList","@id":"https:\/\/ppdegalicia.com\/es\/el-pp-de-galicia-suspende-la-campana-para-sumarse-al-minuto-de-silencio-por-los-dos-guardias-civiles\/#breadcrumb","itemListElement":[{"@type":"ListItem","position":1,"name":"Portada","item":"https:\/\/ppdegalicia.com\/es\/"},{"@type":"ListItem","position":2,"name":"El PP de Galicia suspende la campa\u00f1a para sumarse al minuto de silencio por los dos guardias civiles"}]},{"@type":"WebSite","@id":"https:\/\/ppdegalicia.com\/es\/#website","url":"https:\/\/ppdegalicia.com\/es\/","name":"Partido Popular de Galicia","description":"Partido Popular de Galicia","publisher":{"@id":"https:\/\/ppdegalicia.com\/es\/#organization"},"alternateName":"PP de Galicia","potentialAction":[{"@type":"SearchAction","target":{"@type":"EntryPoint","urlTemplate":"https:\/\/ppdegalicia.com\/es\/?s={search_term_string}"},"query-input":{"@type":"PropertyValueSpecification","valueRequired":true,"valueName":"search_term_string"}}],"inLanguage":"es"},{"@type":"Organization","@id":"https:\/\/ppdegalicia.com\/es\/#organization","name":"Partido Popular de Galicia","alternateName":"PP de Galicia","url":"https:\/\/ppdegalicia.com\/es\/","logo":{"@type":"ImageObject","inLanguage":"es","@id":"https:\/\/ppdegalicia.com\/es\/#\/schema\/logo\/image\/","url":"https:\/\/ppdegalicia.com\/wp-content\/uploads\/2023\/04\/logoPP512.png","contentUrl":"https:\/\/ppdegalicia.com\/wp-content\/uploads\/2023\/04\/logoPP512.png","width":512,"height":512,"caption":"Partido Popular de Galicia"},"image":{"@id":"https:\/\/ppdegalicia.com\/es\/#\/schema\/logo\/image\/"},"sameAs":["https:\/\/www.instagram.com\/ppdegalicia\/","https:\/\/x.com\/ppdegalicia","https:\/\/www.tiktok.com\/@ppdegalicia","https:\/\/www.youtube.com\/user\/ppdegalicia"]},{"@type":"Person","@id":"https:\/\/ppdegalicia.com\/es\/#\/schema\/person\/3f481a8341e73cf305ea60bee4f0175c","name":"ameneiros","image":{"@type":"ImageObject","inLanguage":"es","@id":"https:\/\/secure.gravatar.com\/avatar\/a674336f544aa8343184e0d8ab3c713c47f8a69d9a89696ff29a298007066f32?s=96&d=mm&r=g","url":"https:\/\/secure.gravatar.com\/avatar\/a674336f544aa8343184e0d8ab3c713c47f8a69d9a89696ff29a298007066f32?s=96&d=mm&r=g","contentUrl":"https:\/\/secure.gravatar.com\/avatar\/a674336f544aa8343184e0d8ab3c713c47f8a69d9a89696ff29a298007066f32?s=96&d=mm&r=g","caption":"ameneiros"},"url":"https:\/\/ppdegalicia.com\/es\/author\/ameneiros\/"}]}},"_links":{"self":[{"href":"https:\/\/ppdegalicia.com\/es\/wp-json\/wp\/v2\/posts\/62091","targetHints":{"allow":["GET"]}}],"collection":[{"href":"https:\/\/ppdegalicia.com\/es\/wp-json\/wp\/v2\/posts"}],"about":[{"href":"https:\/\/ppdegalicia.com\/es\/wp-json\/wp\/v2\/types\/post"}],"author":[{"embeddable":true,"href":"https:\/\/ppdegalicia.com\/es\/wp-json\/wp\/v2\/users\/1"}],"replies":[{"embeddable":true,"href":"https:\/\/ppdegalicia.com\/es\/wp-json\/wp\/v2\/comments?post=62091"}],"version-history":[{"count":0,"href":"https:\/\/ppdegalicia.com\/es\/wp-json\/wp\/v2\/posts\/62091\/revisions"}],"wp:featuredmedia":[{"embeddable":true,"href":"https:\/\/ppdegalicia.com\/es\/wp-json\/wp\/v2\/media\/62070"}],"wp:attachment":[{"href":"https:\/\/ppdegalicia.com\/es\/wp-json\/wp\/v2\/media?parent=62091"}],"wp:term":[{"taxonomy":"category","embeddable":true,"href":"https:\/\/ppdegalicia.com\/es\/wp-json\/wp\/v2\/categories?post=62091"},{"taxonomy":"post_tag","embeddable":true,"href":"https:\/\/ppdegalicia.com\/es\/wp-json\/wp\/v2\/tags?post=62091"}],"curies":[{"name":"wp","href":"https:\/\/api.w.org\/{rel}","templated":true}]}}