{"id":62156,"date":"2024-02-13T19:25:54","date_gmt":"2024-02-13T17:25:54","guid":{"rendered":"https:\/\/ppdegalicia.com\/alfonso-rueda-se-compromete-a-unificar-todas-las-convocatorias-de-ayudas-a-autonomos-en-un-unico-procedimiento-de-solicitud\/"},"modified":"2024-02-13T19:25:54","modified_gmt":"2024-02-13T17:25:54","slug":"alfonso-rueda-se-compromete-a-unificar-todas-las-convocatorias-de-ayudas-a-autonomos-en-un-unico-procedimiento-de-solicitud","status":"publish","type":"post","link":"https:\/\/ppdegalicia.com\/es\/alfonso-rueda-se-compromete-a-unificar-todas-las-convocatorias-de-ayudas-a-autonomos-en-un-unico-procedimiento-de-solicitud\/","title":{"rendered":"Alfonso Rueda se compromete a unificar todas las convocatorias de ayudas a aut\u00f3nomos en un \u00fanico procedimiento de solicitud"},"content":{"rendered":"<p><strong>Hoy, en una visita a la Panader\u00eda Fachal de Boqueix\u00f3n acompa\u00f1ado por la cabeza de lista por la provincia de Ourense, Elena Rivo, el presidente de la Comisi\u00f3n de Empleo del PPdeG, Pablo Fern\u00e1ndez y el alcalde Ovidio Rodeiro<\/strong><\/p>\n<ul>\n<li>\u201cEl objetivo es que quien tenga derecho la esas ayudas se encuentren con uno \u00fanico formulario y no tengan que perder el tiempo que necesitan para gestionar sus negocios, ni dedicar recursos adicionales a hacer un tr\u00e1mite burocr\u00e1tico que es posible simplificar\u201d, explica<\/li>\n<li>El presidente tiene claro que \u201cse queremos una Galicia que funcione, tenemos que hacer que la vida de los que generan riqueza y empleo sea un poco m\u00e1s f\u00e1cil no solo ayud\u00e1ndoles, sino tambi\u00e9n siendo eficaces en la tramitaci\u00f3n y concesi\u00f3n de las ayudas\u201d<\/li>\n<\/ul>\n<p>El presidente y candidato del PPdeG, Alfonso Rueda, se comprometi\u00f3 hoy a simplificar y unificar todas las convocatorias de ayudas a aut\u00f3nomos que se promuevan desde el Gobierno gallego en un \u00fanico procedimiento de solicitud y as\u00ed facilitar tanto su tramitaci\u00f3n como su obtenci\u00f3n.<\/p>\n<p>\u201cEl objetivo es que quien tenga derecho a esas ayudas se encuentren con uno \u00fanico formulario y no tengan que perder el tiempo que necesitan para gestionar sus negocios, ni dedicar recursos adicionales a hacer un tr\u00e1mite burocr\u00e1tico que es posible simplificar\u201d, explic\u00f3 el l\u00edder de los populares gallegos poniendo en valor que el Gobierno gallego dedica un promedio de 50 millones de euros al a\u00f1o a ayudar a los aut\u00f3nomos a trav\u00e9s de diversas convocatorias que \u201ces necesario y posible simplificar\u201d.<\/p>\n<p>Una ayuda que, subray\u00f3, fue muy importante en \u201cmomentos de dificultad econ\u00f3mica\u201d como aconteci\u00f3 en la pandemia de la Covid o m\u00e1s recientemente con la subida de costes energ\u00e9ticos y productivos derivada de la guerra de Ucrania. Y en este sentido destac\u00f3 que \u201cen el momentos en los que los aut\u00f3nomos necesitaron m\u00e1s ayuda, encontraron en el Gobierno gallego una Administraci\u00f3n que fue r\u00e1pida en la entrega de ese dinero que en muchos casos fueron fundamentales para que tuvieran futuro\u201d.<\/p>\n<p>En declaraciones a los medios despu\u00e9s de realizar una visita al taller de la Panader\u00eda Fachal (Boqueix\u00f3n), donde adem\u00e1s tuvo la oportunidad de ser part\u00edcipe del proceso de elaboraci\u00f3n artesanal del pan, Rueda reivindic\u00f3 el trabajo que d\u00eda a d\u00eda hacen los aut\u00f3nomos gallegos y el papel fundamental que desempe\u00f1an dentro del tejido productivo y econ\u00f3mico de Galicia gracias a su iniciativa, a su capacidad para hacer frente a las dificultades y su funci\u00f3n como generadores de empleo y riqueza.<\/p>\n<p>\u201cPara ser aut\u00f3nomo hay que ser muy valiente, tener mucha ilusi\u00f3n y mucho compromiso. Por lo que, dada la dificultad que es sacar adelante un negocio d\u00eda a d\u00eda, el m\u00ednimo que pueden esperar de las Administraciones es que les ofrezcamos certezas, estabilidad y ayuda cuando sea necesario\u201d, asegur\u00f3.<\/p>\n<p>De hecho, Rueda tiene claro que \u201csi queremos una Galicia que funcione, tenemos que hacer que la vida de los que generan riqueza y empleo sea un poco m\u00e1s f\u00e1cil no solo ayud\u00e1ndoles, sino tambi\u00e9n siendo eficaces en la tramitaci\u00f3n y concesi\u00f3n de las ayudas\u201d.<\/p>\n<p><a href=\"https:\/\/ppdegalicia.com\/wp-content\/uploads\/2024\/02\/20240213_ARueedaAutonomos2-Grande.jpeg\"><img fetchpriority=\"high\" decoding=\"async\" class=\"aligncenter size-full wp-image-62153\" src=\"https:\/\/ppdegalicia.com\/wp-content\/uploads\/2024\/02\/20240213_ARueedaAutonomos2-Grande.jpeg\" alt=\"\" width=\"1280\" height=\"868\" srcset=\"https:\/\/ppdegalicia.com\/wp-content\/uploads\/2024\/02\/20240213_ARueedaAutonomos2-Grande.jpeg 1280w, https:\/\/ppdegalicia.com\/wp-content\/uploads\/2024\/02\/20240213_ARueedaAutonomos2-Grande-300x203.jpeg 300w, https:\/\/ppdegalicia.com\/wp-content\/uploads\/2024\/02\/20240213_ARueedaAutonomos2-Grande-1024x694.jpeg 1024w, https:\/\/ppdegalicia.com\/wp-content\/uploads\/2024\/02\/20240213_ARueedaAutonomos2-Grande-768x521.jpeg 768w\" sizes=\"(max-width: 1280px) 100vw, 1280px\" \/><\/a><\/p>\n","protected":false},"excerpt":{"rendered":"<p>Hoy, en una visita a la Panader\u00eda Fachal de Boqueix\u00f3n acompa\u00f1ado por la cabeza de lista por la provincia de Ourense, Elena Rivo, el presidente de la Comisi\u00f3n de Empleo del PPdeG, Pablo Fern\u00e1ndez y el alcalde Ovidio Rodeiro \u201cEl objetivo es que quien tenga derecho la esas ayudas se encuentren con uno \u00fanico formulario [&hellip;]<\/p>\n","protected":false},"author":1,"featured_media":62152,"comment_status":"open","ping_status":"open","sticky":false,"template":"","format":"standard","meta":{"_acf_changed":false,"footnotes":""},"categories":[2398],"tags":[2466,2410,2499,2450,2465,2498,2497,2404,2422,2452,2496],"class_list":["post-62156","post","type-post","status-publish","format-standard","has-post-thumbnail","hentry","category-pp-de-galicia-es","tag-18-f-es","tag-alfonso-rueda-es","tag-boqueixon-es","tag-galicia-es","tag-la-galicia-que-funciona","tag-panaderia-fachal","tag-panaderia-fachal-de-boqueixon","tag-partido-popular-de-galicia-es","tag-ppdeg-es","tag-ppdeg-es-2","tag-ppdegalicia-es"],"acf":[],"yoast_head":"<!-- This site is optimized with the Yoast SEO plugin v27.3 - https:\/\/yoast.com\/product\/yoast-seo-wordpress\/ -->\n<title>Alfonso Rueda se compromete a unificar todas las convocatorias de ayudas a aut\u00f3nomos en un \u00fanico procedimiento de solicitud - PP de Galicia<\/title>\n<meta name=\"robots\" content=\"index, follow, max-snippet:-1, max-image-preview:large, max-video-preview:-1\" \/>\n<link rel=\"canonical\" href=\"https:\/\/ppdegalicia.com\/es\/alfonso-rueda-se-compromete-a-unificar-todas-las-convocatorias-de-ayudas-a-autonomos-en-un-unico-procedimiento-de-solicitud\/\" \/>\n<meta property=\"og:locale\" content=\"es_ES\" \/>\n<meta property=\"og:type\" content=\"article\" \/>\n<meta property=\"og:title\" content=\"Alfonso Rueda se compromete a unificar todas las convocatorias de ayudas a aut\u00f3nomos en un \u00fanico procedimiento de solicitud - PP de Galicia\" \/>\n<meta property=\"og:description\" content=\"Hoy, en una visita a la Panader\u00eda Fachal de Boqueix\u00f3n acompa\u00f1ado por la cabeza de lista por la provincia de Ourense, Elena Rivo, el presidente de la Comisi\u00f3n de Empleo del PPdeG, Pablo Fern\u00e1ndez y el alcalde Ovidio Rodeiro \u201cEl objetivo es que quien tenga derecho la esas ayudas se encuentren con uno \u00fanico formulario [&hellip;]\" \/>\n<meta property=\"og:url\" content=\"https:\/\/ppdegalicia.com\/es\/alfonso-rueda-se-compromete-a-unificar-todas-las-convocatorias-de-ayudas-a-autonomos-en-un-unico-procedimiento-de-solicitud\/\" \/>\n<meta property=\"og:site_name\" content=\"PP de Galicia\" \/>\n<meta property=\"article:publisher\" content=\"https:\/\/www.instagram.com\/ppdegalicia\/\" \/>\n<meta property=\"article:published_time\" content=\"2024-02-13T17:25:54+00:00\" \/>\n<meta property=\"og:image\" content=\"https:\/\/ppdegalicia.com\/wp-content\/uploads\/2024\/02\/20240213_ARueedaAutonomos01-Grande.jpeg\" \/>\n\t<meta property=\"og:image:width\" content=\"1280\" \/>\n\t<meta property=\"og:image:height\" content=\"853\" \/>\n\t<meta property=\"og:image:type\" content=\"image\/jpeg\" \/>\n<meta name=\"author\" content=\"ameneiros\" \/>\n<meta name=\"twitter:card\" content=\"summary_large_image\" \/>\n<meta name=\"twitter:creator\" content=\"@ppdegalicia\" \/>\n<meta name=\"twitter:site\" content=\"@ppdegalicia\" \/>\n<meta name=\"twitter:label1\" content=\"Escrito por\" \/>\n\t<meta name=\"twitter:data1\" content=\"ameneiros\" \/>\n\t<meta name=\"twitter:label2\" content=\"Tiempo de lectura\" \/>\n\t<meta name=\"twitter:data2\" content=\"3 minutos\" \/>\n<script type=\"application\/ld+json\" class=\"yoast-schema-graph\">{\"@context\":\"https:\\\/\\\/schema.org\",\"@graph\":[{\"@type\":\"Article\",\"@id\":\"https:\\\/\\\/ppdegalicia.com\\\/es\\\/alfonso-rueda-se-compromete-a-unificar-todas-las-convocatorias-de-ayudas-a-autonomos-en-un-unico-procedimiento-de-solicitud\\\/#article\",\"isPartOf\":{\"@id\":\"https:\\\/\\\/ppdegalicia.com\\\/es\\\/alfonso-rueda-se-compromete-a-unificar-todas-las-convocatorias-de-ayudas-a-autonomos-en-un-unico-procedimiento-de-solicitud\\\/\"},\"author\":{\"name\":\"ameneiros\",\"@id\":\"https:\\\/\\\/ppdegalicia.com\\\/es\\\/#\\\/schema\\\/person\\\/3f481a8341e73cf305ea60bee4f0175c\"},\"headline\":\"Alfonso Rueda se compromete a unificar todas las convocatorias de ayudas a aut\u00f3nomos en un \u00fanico procedimiento de solicitud\",\"datePublished\":\"2024-02-13T17:25:54+00:00\",\"mainEntityOfPage\":{\"@id\":\"https:\\\/\\\/ppdegalicia.com\\\/es\\\/alfonso-rueda-se-compromete-a-unificar-todas-las-convocatorias-de-ayudas-a-autonomos-en-un-unico-procedimiento-de-solicitud\\\/\"},\"wordCount\":577,\"commentCount\":0,\"publisher\":{\"@id\":\"https:\\\/\\\/ppdegalicia.com\\\/es\\\/#organization\"},\"image\":{\"@id\":\"https:\\\/\\\/ppdegalicia.com\\\/es\\\/alfonso-rueda-se-compromete-a-unificar-todas-las-convocatorias-de-ayudas-a-autonomos-en-un-unico-procedimiento-de-solicitud\\\/#primaryimage\"},\"thumbnailUrl\":\"https:\\\/\\\/ppdegalicia.com\\\/wp-content\\\/uploads\\\/2024\\\/02\\\/20240213_ARueedaAutonomos01-Grande.jpeg\",\"keywords\":[\"18-F\",\"Alfonso Rueda\",\"Boqueix\u00f3n\",\"Galicia\",\"La galicia que funciona\",\"Panader\u00eda Fachal\",\"Panader\u00eda Fachal de Boqueix\u00f3n\",\"Partido Popular de Galicia\",\"PPdeG\",\"PPdeG\",\"ppdegalicia\"],\"articleSection\":[\"PP de Galicia\"],\"inLanguage\":\"es\",\"potentialAction\":[{\"@type\":\"CommentAction\",\"name\":\"Comment\",\"target\":[\"https:\\\/\\\/ppdegalicia.com\\\/es\\\/alfonso-rueda-se-compromete-a-unificar-todas-las-convocatorias-de-ayudas-a-autonomos-en-un-unico-procedimiento-de-solicitud\\\/#respond\"]}]},{\"@type\":\"WebPage\",\"@id\":\"https:\\\/\\\/ppdegalicia.com\\\/es\\\/alfonso-rueda-se-compromete-a-unificar-todas-las-convocatorias-de-ayudas-a-autonomos-en-un-unico-procedimiento-de-solicitud\\\/\",\"url\":\"https:\\\/\\\/ppdegalicia.com\\\/es\\\/alfonso-rueda-se-compromete-a-unificar-todas-las-convocatorias-de-ayudas-a-autonomos-en-un-unico-procedimiento-de-solicitud\\\/\",\"name\":\"Alfonso Rueda se compromete a unificar todas las convocatorias de ayudas a aut\u00f3nomos en un \u00fanico procedimiento de solicitud - PP de Galicia\",\"isPartOf\":{\"@id\":\"https:\\\/\\\/ppdegalicia.com\\\/es\\\/#website\"},\"primaryImageOfPage\":{\"@id\":\"https:\\\/\\\/ppdegalicia.com\\\/es\\\/alfonso-rueda-se-compromete-a-unificar-todas-las-convocatorias-de-ayudas-a-autonomos-en-un-unico-procedimiento-de-solicitud\\\/#primaryimage\"},\"image\":{\"@id\":\"https:\\\/\\\/ppdegalicia.com\\\/es\\\/alfonso-rueda-se-compromete-a-unificar-todas-las-convocatorias-de-ayudas-a-autonomos-en-un-unico-procedimiento-de-solicitud\\\/#primaryimage\"},\"thumbnailUrl\":\"https:\\\/\\\/ppdegalicia.com\\\/wp-content\\\/uploads\\\/2024\\\/02\\\/20240213_ARueedaAutonomos01-Grande.jpeg\",\"datePublished\":\"2024-02-13T17:25:54+00:00\",\"breadcrumb\":{\"@id\":\"https:\\\/\\\/ppdegalicia.com\\\/es\\\/alfonso-rueda-se-compromete-a-unificar-todas-las-convocatorias-de-ayudas-a-autonomos-en-un-unico-procedimiento-de-solicitud\\\/#breadcrumb\"},\"inLanguage\":\"es\",\"potentialAction\":[{\"@type\":\"ReadAction\",\"target\":[\"https:\\\/\\\/ppdegalicia.com\\\/es\\\/alfonso-rueda-se-compromete-a-unificar-todas-las-convocatorias-de-ayudas-a-autonomos-en-un-unico-procedimiento-de-solicitud\\\/\"]}]},{\"@type\":\"ImageObject\",\"inLanguage\":\"es\",\"@id\":\"https:\\\/\\\/ppdegalicia.com\\\/es\\\/alfonso-rueda-se-compromete-a-unificar-todas-las-convocatorias-de-ayudas-a-autonomos-en-un-unico-procedimiento-de-solicitud\\\/#primaryimage\",\"url\":\"https:\\\/\\\/ppdegalicia.com\\\/wp-content\\\/uploads\\\/2024\\\/02\\\/20240213_ARueedaAutonomos01-Grande.jpeg\",\"contentUrl\":\"https:\\\/\\\/ppdegalicia.com\\\/wp-content\\\/uploads\\\/2024\\\/02\\\/20240213_ARueedaAutonomos01-Grande.jpeg\",\"width\":1280,\"height\":853},{\"@type\":\"BreadcrumbList\",\"@id\":\"https:\\\/\\\/ppdegalicia.com\\\/es\\\/alfonso-rueda-se-compromete-a-unificar-todas-las-convocatorias-de-ayudas-a-autonomos-en-un-unico-procedimiento-de-solicitud\\\/#breadcrumb\",\"itemListElement\":[{\"@type\":\"ListItem\",\"position\":1,\"name\":\"Portada\",\"item\":\"https:\\\/\\\/ppdegalicia.com\\\/es\\\/\"},{\"@type\":\"ListItem\",\"position\":2,\"name\":\"Alfonso Rueda se compromete a unificar todas las convocatorias de ayudas a aut\u00f3nomos en un \u00fanico procedimiento de solicitud\"}]},{\"@type\":\"WebSite\",\"@id\":\"https:\\\/\\\/ppdegalicia.com\\\/es\\\/#website\",\"url\":\"https:\\\/\\\/ppdegalicia.com\\\/es\\\/\",\"name\":\"Partido Popular de Galicia\",\"description\":\"Partido Popular de Galicia\",\"publisher\":{\"@id\":\"https:\\\/\\\/ppdegalicia.com\\\/es\\\/#organization\"},\"alternateName\":\"PP de Galicia\",\"potentialAction\":[{\"@type\":\"SearchAction\",\"target\":{\"@type\":\"EntryPoint\",\"urlTemplate\":\"https:\\\/\\\/ppdegalicia.com\\\/es\\\/?s={search_term_string}\"},\"query-input\":{\"@type\":\"PropertyValueSpecification\",\"valueRequired\":true,\"valueName\":\"search_term_string\"}}],\"inLanguage\":\"es\"},{\"@type\":\"Organization\",\"@id\":\"https:\\\/\\\/ppdegalicia.com\\\/es\\\/#organization\",\"name\":\"Partido Popular de Galicia\",\"alternateName\":\"PP de Galicia\",\"url\":\"https:\\\/\\\/ppdegalicia.com\\\/es\\\/\",\"logo\":{\"@type\":\"ImageObject\",\"inLanguage\":\"es\",\"@id\":\"https:\\\/\\\/ppdegalicia.com\\\/es\\\/#\\\/schema\\\/logo\\\/image\\\/\",\"url\":\"https:\\\/\\\/ppdegalicia.com\\\/wp-content\\\/uploads\\\/2023\\\/04\\\/logoPP512.png\",\"contentUrl\":\"https:\\\/\\\/ppdegalicia.com\\\/wp-content\\\/uploads\\\/2023\\\/04\\\/logoPP512.png\",\"width\":512,\"height\":512,\"caption\":\"Partido Popular de Galicia\"},\"image\":{\"@id\":\"https:\\\/\\\/ppdegalicia.com\\\/es\\\/#\\\/schema\\\/logo\\\/image\\\/\"},\"sameAs\":[\"https:\\\/\\\/www.instagram.com\\\/ppdegalicia\\\/\",\"https:\\\/\\\/x.com\\\/ppdegalicia\",\"https:\\\/\\\/www.tiktok.com\\\/@ppdegalicia\",\"https:\\\/\\\/www.youtube.com\\\/user\\\/ppdegalicia\"]},{\"@type\":\"Person\",\"@id\":\"https:\\\/\\\/ppdegalicia.com\\\/es\\\/#\\\/schema\\\/person\\\/3f481a8341e73cf305ea60bee4f0175c\",\"name\":\"ameneiros\",\"image\":{\"@type\":\"ImageObject\",\"inLanguage\":\"es\",\"@id\":\"https:\\\/\\\/secure.gravatar.com\\\/avatar\\\/a674336f544aa8343184e0d8ab3c713c47f8a69d9a89696ff29a298007066f32?s=96&d=mm&r=g\",\"url\":\"https:\\\/\\\/secure.gravatar.com\\\/avatar\\\/a674336f544aa8343184e0d8ab3c713c47f8a69d9a89696ff29a298007066f32?s=96&d=mm&r=g\",\"contentUrl\":\"https:\\\/\\\/secure.gravatar.com\\\/avatar\\\/a674336f544aa8343184e0d8ab3c713c47f8a69d9a89696ff29a298007066f32?s=96&d=mm&r=g\",\"caption\":\"ameneiros\"},\"url\":\"https:\\\/\\\/ppdegalicia.com\\\/es\\\/author\\\/ameneiros\\\/\"}]}<\/script>\n<!-- \/ Yoast SEO plugin. -->","yoast_head_json":{"title":"Alfonso Rueda se compromete a unificar todas las convocatorias de ayudas a aut\u00f3nomos en un \u00fanico procedimiento de solicitud - PP de Galicia","robots":{"index":"index","follow":"follow","max-snippet":"max-snippet:-1","max-image-preview":"max-image-preview:large","max-video-preview":"max-video-preview:-1"},"canonical":"https:\/\/ppdegalicia.com\/es\/alfonso-rueda-se-compromete-a-unificar-todas-las-convocatorias-de-ayudas-a-autonomos-en-un-unico-procedimiento-de-solicitud\/","og_locale":"es_ES","og_type":"article","og_title":"Alfonso Rueda se compromete a unificar todas las convocatorias de ayudas a aut\u00f3nomos en un \u00fanico procedimiento de solicitud - PP de Galicia","og_description":"Hoy, en una visita a la Panader\u00eda Fachal de Boqueix\u00f3n acompa\u00f1ado por la cabeza de lista por la provincia de Ourense, Elena Rivo, el presidente de la Comisi\u00f3n de Empleo del PPdeG, Pablo Fern\u00e1ndez y el alcalde Ovidio Rodeiro \u201cEl objetivo es que quien tenga derecho la esas ayudas se encuentren con uno \u00fanico formulario [&hellip;]","og_url":"https:\/\/ppdegalicia.com\/es\/alfonso-rueda-se-compromete-a-unificar-todas-las-convocatorias-de-ayudas-a-autonomos-en-un-unico-procedimiento-de-solicitud\/","og_site_name":"PP de Galicia","article_publisher":"https:\/\/www.instagram.com\/ppdegalicia\/","article_published_time":"2024-02-13T17:25:54+00:00","og_image":[{"width":1280,"height":853,"url":"https:\/\/ppdegalicia.com\/wp-content\/uploads\/2024\/02\/20240213_ARueedaAutonomos01-Grande.jpeg","type":"image\/jpeg"}],"author":"ameneiros","twitter_card":"summary_large_image","twitter_creator":"@ppdegalicia","twitter_site":"@ppdegalicia","twitter_misc":{"Escrito por":"ameneiros","Tiempo de lectura":"3 minutos"},"schema":{"@context":"https:\/\/schema.org","@graph":[{"@type":"Article","@id":"https:\/\/ppdegalicia.com\/es\/alfonso-rueda-se-compromete-a-unificar-todas-las-convocatorias-de-ayudas-a-autonomos-en-un-unico-procedimiento-de-solicitud\/#article","isPartOf":{"@id":"https:\/\/ppdegalicia.com\/es\/alfonso-rueda-se-compromete-a-unificar-todas-las-convocatorias-de-ayudas-a-autonomos-en-un-unico-procedimiento-de-solicitud\/"},"author":{"name":"ameneiros","@id":"https:\/\/ppdegalicia.com\/es\/#\/schema\/person\/3f481a8341e73cf305ea60bee4f0175c"},"headline":"Alfonso Rueda se compromete a unificar todas las convocatorias de ayudas a aut\u00f3nomos en un \u00fanico procedimiento de solicitud","datePublished":"2024-02-13T17:25:54+00:00","mainEntityOfPage":{"@id":"https:\/\/ppdegalicia.com\/es\/alfonso-rueda-se-compromete-a-unificar-todas-las-convocatorias-de-ayudas-a-autonomos-en-un-unico-procedimiento-de-solicitud\/"},"wordCount":577,"commentCount":0,"publisher":{"@id":"https:\/\/ppdegalicia.com\/es\/#organization"},"image":{"@id":"https:\/\/ppdegalicia.com\/es\/alfonso-rueda-se-compromete-a-unificar-todas-las-convocatorias-de-ayudas-a-autonomos-en-un-unico-procedimiento-de-solicitud\/#primaryimage"},"thumbnailUrl":"https:\/\/ppdegalicia.com\/wp-content\/uploads\/2024\/02\/20240213_ARueedaAutonomos01-Grande.jpeg","keywords":["18-F","Alfonso Rueda","Boqueix\u00f3n","Galicia","La galicia que funciona","Panader\u00eda Fachal","Panader\u00eda Fachal de Boqueix\u00f3n","Partido Popular de Galicia","PPdeG","PPdeG","ppdegalicia"],"articleSection":["PP de Galicia"],"inLanguage":"es","potentialAction":[{"@type":"CommentAction","name":"Comment","target":["https:\/\/ppdegalicia.com\/es\/alfonso-rueda-se-compromete-a-unificar-todas-las-convocatorias-de-ayudas-a-autonomos-en-un-unico-procedimiento-de-solicitud\/#respond"]}]},{"@type":"WebPage","@id":"https:\/\/ppdegalicia.com\/es\/alfonso-rueda-se-compromete-a-unificar-todas-las-convocatorias-de-ayudas-a-autonomos-en-un-unico-procedimiento-de-solicitud\/","url":"https:\/\/ppdegalicia.com\/es\/alfonso-rueda-se-compromete-a-unificar-todas-las-convocatorias-de-ayudas-a-autonomos-en-un-unico-procedimiento-de-solicitud\/","name":"Alfonso Rueda se compromete a unificar todas las convocatorias de ayudas a aut\u00f3nomos en un \u00fanico procedimiento de solicitud - PP de Galicia","isPartOf":{"@id":"https:\/\/ppdegalicia.com\/es\/#website"},"primaryImageOfPage":{"@id":"https:\/\/ppdegalicia.com\/es\/alfonso-rueda-se-compromete-a-unificar-todas-las-convocatorias-de-ayudas-a-autonomos-en-un-unico-procedimiento-de-solicitud\/#primaryimage"},"image":{"@id":"https:\/\/ppdegalicia.com\/es\/alfonso-rueda-se-compromete-a-unificar-todas-las-convocatorias-de-ayudas-a-autonomos-en-un-unico-procedimiento-de-solicitud\/#primaryimage"},"thumbnailUrl":"https:\/\/ppdegalicia.com\/wp-content\/uploads\/2024\/02\/20240213_ARueedaAutonomos01-Grande.jpeg","datePublished":"2024-02-13T17:25:54+00:00","breadcrumb":{"@id":"https:\/\/ppdegalicia.com\/es\/alfonso-rueda-se-compromete-a-unificar-todas-las-convocatorias-de-ayudas-a-autonomos-en-un-unico-procedimiento-de-solicitud\/#breadcrumb"},"inLanguage":"es","potentialAction":[{"@type":"ReadAction","target":["https:\/\/ppdegalicia.com\/es\/alfonso-rueda-se-compromete-a-unificar-todas-las-convocatorias-de-ayudas-a-autonomos-en-un-unico-procedimiento-de-solicitud\/"]}]},{"@type":"ImageObject","inLanguage":"es","@id":"https:\/\/ppdegalicia.com\/es\/alfonso-rueda-se-compromete-a-unificar-todas-las-convocatorias-de-ayudas-a-autonomos-en-un-unico-procedimiento-de-solicitud\/#primaryimage","url":"https:\/\/ppdegalicia.com\/wp-content\/uploads\/2024\/02\/20240213_ARueedaAutonomos01-Grande.jpeg","contentUrl":"https:\/\/ppdegalicia.com\/wp-content\/uploads\/2024\/02\/20240213_ARueedaAutonomos01-Grande.jpeg","width":1280,"height":853},{"@type":"BreadcrumbList","@id":"https:\/\/ppdegalicia.com\/es\/alfonso-rueda-se-compromete-a-unificar-todas-las-convocatorias-de-ayudas-a-autonomos-en-un-unico-procedimiento-de-solicitud\/#breadcrumb","itemListElement":[{"@type":"ListItem","position":1,"name":"Portada","item":"https:\/\/ppdegalicia.com\/es\/"},{"@type":"ListItem","position":2,"name":"Alfonso Rueda se compromete a unificar todas las convocatorias de ayudas a aut\u00f3nomos en un \u00fanico procedimiento de solicitud"}]},{"@type":"WebSite","@id":"https:\/\/ppdegalicia.com\/es\/#website","url":"https:\/\/ppdegalicia.com\/es\/","name":"Partido Popular de Galicia","description":"Partido Popular de Galicia","publisher":{"@id":"https:\/\/ppdegalicia.com\/es\/#organization"},"alternateName":"PP de Galicia","potentialAction":[{"@type":"SearchAction","target":{"@type":"EntryPoint","urlTemplate":"https:\/\/ppdegalicia.com\/es\/?s={search_term_string}"},"query-input":{"@type":"PropertyValueSpecification","valueRequired":true,"valueName":"search_term_string"}}],"inLanguage":"es"},{"@type":"Organization","@id":"https:\/\/ppdegalicia.com\/es\/#organization","name":"Partido Popular de Galicia","alternateName":"PP de Galicia","url":"https:\/\/ppdegalicia.com\/es\/","logo":{"@type":"ImageObject","inLanguage":"es","@id":"https:\/\/ppdegalicia.com\/es\/#\/schema\/logo\/image\/","url":"https:\/\/ppdegalicia.com\/wp-content\/uploads\/2023\/04\/logoPP512.png","contentUrl":"https:\/\/ppdegalicia.com\/wp-content\/uploads\/2023\/04\/logoPP512.png","width":512,"height":512,"caption":"Partido Popular de Galicia"},"image":{"@id":"https:\/\/ppdegalicia.com\/es\/#\/schema\/logo\/image\/"},"sameAs":["https:\/\/www.instagram.com\/ppdegalicia\/","https:\/\/x.com\/ppdegalicia","https:\/\/www.tiktok.com\/@ppdegalicia","https:\/\/www.youtube.com\/user\/ppdegalicia"]},{"@type":"Person","@id":"https:\/\/ppdegalicia.com\/es\/#\/schema\/person\/3f481a8341e73cf305ea60bee4f0175c","name":"ameneiros","image":{"@type":"ImageObject","inLanguage":"es","@id":"https:\/\/secure.gravatar.com\/avatar\/a674336f544aa8343184e0d8ab3c713c47f8a69d9a89696ff29a298007066f32?s=96&d=mm&r=g","url":"https:\/\/secure.gravatar.com\/avatar\/a674336f544aa8343184e0d8ab3c713c47f8a69d9a89696ff29a298007066f32?s=96&d=mm&r=g","contentUrl":"https:\/\/secure.gravatar.com\/avatar\/a674336f544aa8343184e0d8ab3c713c47f8a69d9a89696ff29a298007066f32?s=96&d=mm&r=g","caption":"ameneiros"},"url":"https:\/\/ppdegalicia.com\/es\/author\/ameneiros\/"}]}},"_links":{"self":[{"href":"https:\/\/ppdegalicia.com\/es\/wp-json\/wp\/v2\/posts\/62156","targetHints":{"allow":["GET"]}}],"collection":[{"href":"https:\/\/ppdegalicia.com\/es\/wp-json\/wp\/v2\/posts"}],"about":[{"href":"https:\/\/ppdegalicia.com\/es\/wp-json\/wp\/v2\/types\/post"}],"author":[{"embeddable":true,"href":"https:\/\/ppdegalicia.com\/es\/wp-json\/wp\/v2\/users\/1"}],"replies":[{"embeddable":true,"href":"https:\/\/ppdegalicia.com\/es\/wp-json\/wp\/v2\/comments?post=62156"}],"version-history":[{"count":0,"href":"https:\/\/ppdegalicia.com\/es\/wp-json\/wp\/v2\/posts\/62156\/revisions"}],"wp:featuredmedia":[{"embeddable":true,"href":"https:\/\/ppdegalicia.com\/es\/wp-json\/wp\/v2\/media\/62152"}],"wp:attachment":[{"href":"https:\/\/ppdegalicia.com\/es\/wp-json\/wp\/v2\/media?parent=62156"}],"wp:term":[{"taxonomy":"category","embeddable":true,"href":"https:\/\/ppdegalicia.com\/es\/wp-json\/wp\/v2\/categories?post=62156"},{"taxonomy":"post_tag","embeddable":true,"href":"https:\/\/ppdegalicia.com\/es\/wp-json\/wp\/v2\/tags?post=62156"}],"curies":[{"name":"wp","href":"https:\/\/api.w.org\/{rel}","templated":true}]}}