{"id":62198,"date":"2024-02-14T23:22:46","date_gmt":"2024-02-14T22:22:46","guid":{"rendered":"https:\/\/ppdegalicia.com\/alfonso-rueda-si-los-gallegos-me-dan-cinco-minutos-en-el-colegio-electoral-yo-les-dare-cuatro-anos-de-trabajo-con-convencimiento-y-eficacia\/"},"modified":"2024-02-14T23:22:46","modified_gmt":"2024-02-14T22:22:46","slug":"alfonso-rueda-si-los-gallegos-me-dan-cinco-minutos-en-el-colegio-electoral-yo-les-dare-cuatro-anos-de-trabajo-con-convencimiento-y-eficacia","status":"publish","type":"post","link":"https:\/\/ppdegalicia.com\/es\/alfonso-rueda-si-los-gallegos-me-dan-cinco-minutos-en-el-colegio-electoral-yo-les-dare-cuatro-anos-de-trabajo-con-convencimiento-y-eficacia\/","title":{"rendered":"Alfonso Rueda: \u201cSi los gallegos me dan cinco minutos en el colegio electoral, yo les dar\u00e9 cuatro a\u00f1os de trabajo con convencimiento y eficacia\u201d"},"content":{"rendered":"<p><strong>Hoy, en un mitin en el Multiusos del Sar en Santiago a lo que asistieron 1.500 personas y en el que tambi\u00e9n participaron los cabezas de lista del PPdeG en las cuatro provincias gallegas<\/strong><\/p>\n<ul>\n<li>\u201cEl domingo va a haber 11 papeletas diferentes, pero la decisi\u00f3n se reduce la dos: la nuestra o las otras 10\u201d, remarca pidiendo a los gallegos que opten por la papeleta de la Galicia unida, centrada y fiable que representa el PPdeG<\/li>\n<li>\u201cQuiero una Galicia que siga teniendo claro lo que tiene que hacer y progrese sin excusas, sin demoras y desde lo primero momento\u201d, subraya<\/li>\n<\/ul>\n<p><a href=\"https:\/\/ppdegalicia.com\/wp-content\/uploads\/2024\/02\/20240214_ARuedaEnSantiago-4-Grande.jpeg\"><img fetchpriority=\"high\" decoding=\"async\" class=\"aligncenter size-full wp-image-62193\" src=\"https:\/\/ppdegalicia.com\/wp-content\/uploads\/2024\/02\/20240214_ARuedaEnSantiago-4-Grande.jpeg\" alt=\"\" width=\"1280\" height=\"616\" srcset=\"https:\/\/ppdegalicia.com\/wp-content\/uploads\/2024\/02\/20240214_ARuedaEnSantiago-4-Grande.jpeg 1280w, https:\/\/ppdegalicia.com\/wp-content\/uploads\/2024\/02\/20240214_ARuedaEnSantiago-4-Grande-300x144.jpeg 300w, https:\/\/ppdegalicia.com\/wp-content\/uploads\/2024\/02\/20240214_ARuedaEnSantiago-4-Grande-1024x493.jpeg 1024w, https:\/\/ppdegalicia.com\/wp-content\/uploads\/2024\/02\/20240214_ARuedaEnSantiago-4-Grande-768x370.jpeg 768w\" sizes=\"(max-width: 1280px) 100vw, 1280px\" \/><\/a><\/p>\n<p>El presidente y candidato del PPdeG, Alfonso Rueda, asegur\u00f3 hoy que se los gallegos le dedican cinco minutos el pr\u00f3ximo domingo yendo al colegio electoral, \u00e9l les dar\u00e1 a cambio cuatro a\u00f1os de trabajo con convencimiento, con eficacia y con una \u00fanica motivaci\u00f3n: servir a Galicia.<\/p>\n<p>Ante una audiencia de 1.500 personas, el l\u00edder de los populares gallegos agradeci\u00f3 a los suyos el trabajo realizado en estos d\u00edas en una campa\u00f1a de una gran movilizaci\u00f3n que ahora, explic\u00f3, hay que trasladar a las urnas para alcanzar una victoria \u201chist\u00f3rica\u201d para \u201cdarle certezas a Galicia y no fallar a todo un pa\u00eds que nos est\u00e1 observando\u201d.<\/p>\n<p>\u201cPeleemos hasta el \u00faltimo minuto con ganas y ambici\u00f3n por mejorar a Galicia que queremos, con confianza pero sin confiarse. El importante es que el 18 de febrero nadie se quede en casa y que ning\u00fan voto se quede sin esca\u00f1o\u201d, afirm\u00f3.<\/p>\n<p>Apel\u00f3 as\u00ed a la confianza de \u201ctodos los gallegos que quieran un gobierno unido y no una Junta dividida por el separatismo\u201d y sin importar lo que se hab\u00eda votado antes porque \u201cestas elecciones son diferentes y decisivas\u201d en la medida en que \u201clo que est\u00e1 en juego es lo que tenemos en com\u00fan y el futuro que tenemos por delante\u201d.<\/p>\n<p>Se dirigi\u00f3 directamente a los votantes socialistas \u201cque no quieren el separatismo que el PSOE est\u00e1 dispuesto a traer a Galicia\u201d y a todos aquellos que en anteriores elecciones hab\u00edan optado por otra opci\u00f3n pol\u00edtica, incidiendo en que \u201clos votos que no sean para el PPdeG acabar\u00e1n en coaliciones donde el nacionalismo ser\u00e1 quien mande\u201d.<\/p>\n<p>Por esto pidi\u00f3 \u201cun \u00faltimo esfuerzo para parar la soberbia, la imposici\u00f3n y el separatismo\u201d y que trabajen \u201ca favor y nunca en contra de nadie\u201d para explicar a los gallegos lo que realmente est\u00e1 en juego el pr\u00f3ximo domingo.<br \/>\n\u201cEl domingo va a haber 11 papeletas diferentes, pero la decisi\u00f3n se reduce la dos: la nuestra o las otras 10. Si no es la del PPdeG, son todas las dem\u00e1s\u201d, remarc\u00f3 pidiendo a los gallegos que opten por la papeleta de la Galicia unida, centrada y fiable. La \u00fanica papeleta que posibilitar\u00e1, tal y como a\u00f1adi\u00f3, que \u201cavancemos juntos en el camino que nos queda por hacer\u201d.<\/p>\n<h4>COMPROMISOS PARA LOS PRIMEROS 100 D\u00cdAS DE GOBIERNO<\/h4>\n<p>Rueda explic\u00f3 acto seguido que avanzar significa \u201cavanzar en educaci\u00f3n, en conciliaci\u00f3n, en defender a las familias, en apoyar a las mujeres, en ayudar a los mayores, en bajar impuestos\u201d. Apost\u00f3 as\u00ed por una Galicia segura, tranquila y estable en la que se promocione el deporte entre j\u00f3venes y mayores, en la que la sanidad p\u00fablica siga mejorando y en la que se respete el enorme patrimonio natural que tenemos.<\/p>\n<p><a href=\"https:\/\/ppdegalicia.com\/wp-content\/uploads\/2024\/02\/20240214_ARuedaEnSantiago-2-Grande.jpeg\"><img decoding=\"async\" class=\"aligncenter size-full wp-image-62191\" src=\"https:\/\/ppdegalicia.com\/wp-content\/uploads\/2024\/02\/20240214_ARuedaEnSantiago-2-Grande.jpeg\" alt=\"\" width=\"1280\" height=\"881\" srcset=\"https:\/\/ppdegalicia.com\/wp-content\/uploads\/2024\/02\/20240214_ARuedaEnSantiago-2-Grande.jpeg 1280w, https:\/\/ppdegalicia.com\/wp-content\/uploads\/2024\/02\/20240214_ARuedaEnSantiago-2-Grande-300x206.jpeg 300w, https:\/\/ppdegalicia.com\/wp-content\/uploads\/2024\/02\/20240214_ARuedaEnSantiago-2-Grande-1024x705.jpeg 1024w, https:\/\/ppdegalicia.com\/wp-content\/uploads\/2024\/02\/20240214_ARuedaEnSantiago-2-Grande-768x529.jpeg 768w\" sizes=\"(max-width: 1280px) 100vw, 1280px\" \/><\/a><\/p>\n<p>\u201cQuiero una Galicia que siga teniendo claro lo que tiene que hacer sin que nadie nos diga que tenemos que cambiar, que progrese sin excusas, sin demoras y desde lo primero momento\u201d, propuso comprometi\u00e9ndose a trabajar desde lo primero d\u00eda y sin perder ni un minuto. En este sentido afirm\u00f3: \u201cYo no preciso adaptaci\u00f3n, ni per\u00edodo de gracia, ni pedirle perd\u00f3n o permiso a otros. Solo necesito la confianza de los 38 diputados que representar\u00e1n a la mayor\u00eda de los gallegos\u201d.<\/p>\n<p>El presidente y candidato del PPdeG puso a disposici\u00f3n de todos su plan para que \u201cGalicia funcione desde lo primero d\u00eda\u201d y relat\u00f3 algunas de las medidas que pondr\u00e1 en marcha nos sus primeros 100 d\u00edas de gobierno: la implantaci\u00f3n de la matr\u00edcula universitaria gratuita, la rebaja del impuesto de sucesiones a los herederos colaterales, un programa para fomentar la primera experiencia de j\u00f3venes y chicos en la empresa, el coste cero del suelo empresarial en los pol\u00edgonos auton\u00f3micos, el inicio de las autov\u00edas Tui-A Guarda y Nadela-Sarria, la realizaci\u00f3n de cribajes de c\u00e1ncer de pulm\u00f3n y de pr\u00f3stata, la licitaci\u00f3n de 400 viviendas p\u00fablicas y la cobertura de los gastos de adopci\u00f3n de animales.<\/p>\n<p>\u201cQueremos marcar la diferencia entre tener el apoyo para empezar a trabajar desde lo primero d\u00eda y el barullo que promueve el multipartito\u201d, concluy\u00f3 Rueda apelando a la confianza de los gallegos para lograr que Galicia no pare y se supere a s\u00ed misma.<\/p>\n<p><a href=\"https:\/\/ppdegalicia.com\/wp-content\/uploads\/2024\/02\/20240214_ARuedaEnSantiago-1-Grande.jpeg\"><img decoding=\"async\" class=\"aligncenter size-full wp-image-62195\" src=\"https:\/\/ppdegalicia.com\/wp-content\/uploads\/2024\/02\/20240214_ARuedaEnSantiago-1-Grande.jpeg\" alt=\"\" width=\"1280\" height=\"776\" srcset=\"https:\/\/ppdegalicia.com\/wp-content\/uploads\/2024\/02\/20240214_ARuedaEnSantiago-1-Grande.jpeg 1280w, https:\/\/ppdegalicia.com\/wp-content\/uploads\/2024\/02\/20240214_ARuedaEnSantiago-1-Grande-300x182.jpeg 300w, https:\/\/ppdegalicia.com\/wp-content\/uploads\/2024\/02\/20240214_ARuedaEnSantiago-1-Grande-1024x621.jpeg 1024w, https:\/\/ppdegalicia.com\/wp-content\/uploads\/2024\/02\/20240214_ARuedaEnSantiago-1-Grande-768x466.jpeg 768w\" sizes=\"(max-width: 1280px) 100vw, 1280px\" \/><\/a><\/p>\n","protected":false},"excerpt":{"rendered":"<p>Hoy, en un mitin en el Multiusos del Sar en Santiago a lo que asistieron 1.500 personas y en el que tambi\u00e9n participaron los cabezas de lista del PPdeG en las cuatro provincias gallegas \u201cEl domingo va a haber 11 papeletas diferentes, pero la decisi\u00f3n se reduce la dos: la nuestra o las otras 10\u201d, [&hellip;]<\/p>\n","protected":false},"author":1,"featured_media":62190,"comment_status":"open","ping_status":"open","sticky":false,"template":"","format":"standard","meta":{"_acf_changed":false,"footnotes":""},"categories":[2398],"tags":[2466,2520,2410,2450,2465,2420,2521,2404,2422,2452,2522,2490],"class_list":["post-62198","post","type-post","status-publish","format-standard","has-post-thumbnail","hentry","category-pp-de-galicia-es","tag-18-f-es","tag-a-galicia-que-namora-es","tag-alfonso-rueda-es","tag-galicia-es","tag-la-galicia-que-funciona","tag-mitin-es","tag-multiusos-do-sar-es","tag-partido-popular-de-galicia-es","tag-ppdeg-es","tag-ppdeg-es-2","tag-santiago-es","tag-sociedad-compostelana"],"acf":[],"yoast_head":"<!-- This site is optimized with the Yoast SEO plugin v27.3 - https:\/\/yoast.com\/product\/yoast-seo-wordpress\/ -->\n<title>Alfonso Rueda: \u201cSi los gallegos me dan cinco minutos en el colegio electoral, yo les dar\u00e9 cuatro a\u00f1os de trabajo con convencimiento y eficacia\u201d - PP de Galicia<\/title>\n<meta name=\"robots\" content=\"index, follow, max-snippet:-1, max-image-preview:large, max-video-preview:-1\" \/>\n<link rel=\"canonical\" href=\"https:\/\/ppdegalicia.com\/es\/alfonso-rueda-si-los-gallegos-me-dan-cinco-minutos-en-el-colegio-electoral-yo-les-dare-cuatro-anos-de-trabajo-con-convencimiento-y-eficacia\/\" \/>\n<meta property=\"og:locale\" content=\"es_ES\" \/>\n<meta property=\"og:type\" content=\"article\" \/>\n<meta property=\"og:title\" content=\"Alfonso Rueda: \u201cSi los gallegos me dan cinco minutos en el colegio electoral, yo les dar\u00e9 cuatro a\u00f1os de trabajo con convencimiento y eficacia\u201d - PP de Galicia\" \/>\n<meta property=\"og:description\" content=\"Hoy, en un mitin en el Multiusos del Sar en Santiago a lo que asistieron 1.500 personas y en el que tambi\u00e9n participaron los cabezas de lista del PPdeG en las cuatro provincias gallegas \u201cEl domingo va a haber 11 papeletas diferentes, pero la decisi\u00f3n se reduce la dos: la nuestra o las otras 10\u201d, [&hellip;]\" \/>\n<meta property=\"og:url\" content=\"https:\/\/ppdegalicia.com\/es\/alfonso-rueda-si-los-gallegos-me-dan-cinco-minutos-en-el-colegio-electoral-yo-les-dare-cuatro-anos-de-trabajo-con-convencimiento-y-eficacia\/\" \/>\n<meta property=\"og:site_name\" content=\"PP de Galicia\" \/>\n<meta property=\"article:publisher\" content=\"https:\/\/www.instagram.com\/ppdegalicia\/\" \/>\n<meta property=\"article:published_time\" content=\"2024-02-14T22:22:46+00:00\" \/>\n<meta property=\"og:image\" content=\"https:\/\/ppdegalicia.com\/wp-content\/uploads\/2024\/02\/20240214_ARuedaEnSantiago-3-Grande.jpeg\" \/>\n\t<meta property=\"og:image:width\" content=\"1280\" \/>\n\t<meta property=\"og:image:height\" content=\"853\" \/>\n\t<meta property=\"og:image:type\" content=\"image\/jpeg\" \/>\n<meta name=\"author\" content=\"ameneiros\" \/>\n<meta name=\"twitter:card\" content=\"summary_large_image\" \/>\n<meta name=\"twitter:creator\" content=\"@ppdegalicia\" \/>\n<meta name=\"twitter:site\" content=\"@ppdegalicia\" \/>\n<meta name=\"twitter:label1\" content=\"Escrito por\" \/>\n\t<meta name=\"twitter:data1\" content=\"ameneiros\" \/>\n\t<meta name=\"twitter:label2\" content=\"Tiempo de lectura\" \/>\n\t<meta name=\"twitter:data2\" content=\"4 minutos\" \/>\n<script type=\"application\/ld+json\" class=\"yoast-schema-graph\">{\"@context\":\"https:\\\/\\\/schema.org\",\"@graph\":[{\"@type\":\"Article\",\"@id\":\"https:\\\/\\\/ppdegalicia.com\\\/es\\\/alfonso-rueda-si-los-gallegos-me-dan-cinco-minutos-en-el-colegio-electoral-yo-les-dare-cuatro-anos-de-trabajo-con-convencimiento-y-eficacia\\\/#article\",\"isPartOf\":{\"@id\":\"https:\\\/\\\/ppdegalicia.com\\\/es\\\/alfonso-rueda-si-los-gallegos-me-dan-cinco-minutos-en-el-colegio-electoral-yo-les-dare-cuatro-anos-de-trabajo-con-convencimiento-y-eficacia\\\/\"},\"author\":{\"name\":\"ameneiros\",\"@id\":\"https:\\\/\\\/ppdegalicia.com\\\/es\\\/#\\\/schema\\\/person\\\/3f481a8341e73cf305ea60bee4f0175c\"},\"headline\":\"Alfonso Rueda: \u201cSi los gallegos me dan cinco minutos en el colegio electoral, yo les dar\u00e9 cuatro a\u00f1os de trabajo con convencimiento y eficacia\u201d\",\"datePublished\":\"2024-02-14T22:22:46+00:00\",\"mainEntityOfPage\":{\"@id\":\"https:\\\/\\\/ppdegalicia.com\\\/es\\\/alfonso-rueda-si-los-gallegos-me-dan-cinco-minutos-en-el-colegio-electoral-yo-les-dare-cuatro-anos-de-trabajo-con-convencimiento-y-eficacia\\\/\"},\"wordCount\":857,\"commentCount\":0,\"publisher\":{\"@id\":\"https:\\\/\\\/ppdegalicia.com\\\/es\\\/#organization\"},\"image\":{\"@id\":\"https:\\\/\\\/ppdegalicia.com\\\/es\\\/alfonso-rueda-si-los-gallegos-me-dan-cinco-minutos-en-el-colegio-electoral-yo-les-dare-cuatro-anos-de-trabajo-con-convencimiento-y-eficacia\\\/#primaryimage\"},\"thumbnailUrl\":\"https:\\\/\\\/ppdegalicia.com\\\/wp-content\\\/uploads\\\/2024\\\/02\\\/20240214_ARuedaEnSantiago-3-Grande.jpeg\",\"keywords\":[\"18-F\",\"A Galicia que namora\",\"Alfonso Rueda\",\"Galicia\",\"La galicia que funciona\",\"mitin\",\"Multiusos do Sar\",\"Partido Popular de Galicia\",\"PPdeG\",\"PPdeG\",\"Santiago\",\"sociedad compostelana\"],\"articleSection\":[\"PP de Galicia\"],\"inLanguage\":\"es\",\"potentialAction\":[{\"@type\":\"CommentAction\",\"name\":\"Comment\",\"target\":[\"https:\\\/\\\/ppdegalicia.com\\\/es\\\/alfonso-rueda-si-los-gallegos-me-dan-cinco-minutos-en-el-colegio-electoral-yo-les-dare-cuatro-anos-de-trabajo-con-convencimiento-y-eficacia\\\/#respond\"]}]},{\"@type\":\"WebPage\",\"@id\":\"https:\\\/\\\/ppdegalicia.com\\\/es\\\/alfonso-rueda-si-los-gallegos-me-dan-cinco-minutos-en-el-colegio-electoral-yo-les-dare-cuatro-anos-de-trabajo-con-convencimiento-y-eficacia\\\/\",\"url\":\"https:\\\/\\\/ppdegalicia.com\\\/es\\\/alfonso-rueda-si-los-gallegos-me-dan-cinco-minutos-en-el-colegio-electoral-yo-les-dare-cuatro-anos-de-trabajo-con-convencimiento-y-eficacia\\\/\",\"name\":\"Alfonso Rueda: \u201cSi los gallegos me dan cinco minutos en el colegio electoral, yo les dar\u00e9 cuatro a\u00f1os de trabajo con convencimiento y eficacia\u201d - PP de Galicia\",\"isPartOf\":{\"@id\":\"https:\\\/\\\/ppdegalicia.com\\\/es\\\/#website\"},\"primaryImageOfPage\":{\"@id\":\"https:\\\/\\\/ppdegalicia.com\\\/es\\\/alfonso-rueda-si-los-gallegos-me-dan-cinco-minutos-en-el-colegio-electoral-yo-les-dare-cuatro-anos-de-trabajo-con-convencimiento-y-eficacia\\\/#primaryimage\"},\"image\":{\"@id\":\"https:\\\/\\\/ppdegalicia.com\\\/es\\\/alfonso-rueda-si-los-gallegos-me-dan-cinco-minutos-en-el-colegio-electoral-yo-les-dare-cuatro-anos-de-trabajo-con-convencimiento-y-eficacia\\\/#primaryimage\"},\"thumbnailUrl\":\"https:\\\/\\\/ppdegalicia.com\\\/wp-content\\\/uploads\\\/2024\\\/02\\\/20240214_ARuedaEnSantiago-3-Grande.jpeg\",\"datePublished\":\"2024-02-14T22:22:46+00:00\",\"breadcrumb\":{\"@id\":\"https:\\\/\\\/ppdegalicia.com\\\/es\\\/alfonso-rueda-si-los-gallegos-me-dan-cinco-minutos-en-el-colegio-electoral-yo-les-dare-cuatro-anos-de-trabajo-con-convencimiento-y-eficacia\\\/#breadcrumb\"},\"inLanguage\":\"es\",\"potentialAction\":[{\"@type\":\"ReadAction\",\"target\":[\"https:\\\/\\\/ppdegalicia.com\\\/es\\\/alfonso-rueda-si-los-gallegos-me-dan-cinco-minutos-en-el-colegio-electoral-yo-les-dare-cuatro-anos-de-trabajo-con-convencimiento-y-eficacia\\\/\"]}]},{\"@type\":\"ImageObject\",\"inLanguage\":\"es\",\"@id\":\"https:\\\/\\\/ppdegalicia.com\\\/es\\\/alfonso-rueda-si-los-gallegos-me-dan-cinco-minutos-en-el-colegio-electoral-yo-les-dare-cuatro-anos-de-trabajo-con-convencimiento-y-eficacia\\\/#primaryimage\",\"url\":\"https:\\\/\\\/ppdegalicia.com\\\/wp-content\\\/uploads\\\/2024\\\/02\\\/20240214_ARuedaEnSantiago-3-Grande.jpeg\",\"contentUrl\":\"https:\\\/\\\/ppdegalicia.com\\\/wp-content\\\/uploads\\\/2024\\\/02\\\/20240214_ARuedaEnSantiago-3-Grande.jpeg\",\"width\":1280,\"height\":853},{\"@type\":\"BreadcrumbList\",\"@id\":\"https:\\\/\\\/ppdegalicia.com\\\/es\\\/alfonso-rueda-si-los-gallegos-me-dan-cinco-minutos-en-el-colegio-electoral-yo-les-dare-cuatro-anos-de-trabajo-con-convencimiento-y-eficacia\\\/#breadcrumb\",\"itemListElement\":[{\"@type\":\"ListItem\",\"position\":1,\"name\":\"Portada\",\"item\":\"https:\\\/\\\/ppdegalicia.com\\\/es\\\/\"},{\"@type\":\"ListItem\",\"position\":2,\"name\":\"Alfonso Rueda: \u201cSi los gallegos me dan cinco minutos en el colegio electoral, yo les dar\u00e9 cuatro a\u00f1os de trabajo con convencimiento y eficacia\u201d\"}]},{\"@type\":\"WebSite\",\"@id\":\"https:\\\/\\\/ppdegalicia.com\\\/es\\\/#website\",\"url\":\"https:\\\/\\\/ppdegalicia.com\\\/es\\\/\",\"name\":\"Partido Popular de Galicia\",\"description\":\"Partido Popular de Galicia\",\"publisher\":{\"@id\":\"https:\\\/\\\/ppdegalicia.com\\\/es\\\/#organization\"},\"alternateName\":\"PP de Galicia\",\"potentialAction\":[{\"@type\":\"SearchAction\",\"target\":{\"@type\":\"EntryPoint\",\"urlTemplate\":\"https:\\\/\\\/ppdegalicia.com\\\/es\\\/?s={search_term_string}\"},\"query-input\":{\"@type\":\"PropertyValueSpecification\",\"valueRequired\":true,\"valueName\":\"search_term_string\"}}],\"inLanguage\":\"es\"},{\"@type\":\"Organization\",\"@id\":\"https:\\\/\\\/ppdegalicia.com\\\/es\\\/#organization\",\"name\":\"Partido Popular de Galicia\",\"alternateName\":\"PP de Galicia\",\"url\":\"https:\\\/\\\/ppdegalicia.com\\\/es\\\/\",\"logo\":{\"@type\":\"ImageObject\",\"inLanguage\":\"es\",\"@id\":\"https:\\\/\\\/ppdegalicia.com\\\/es\\\/#\\\/schema\\\/logo\\\/image\\\/\",\"url\":\"https:\\\/\\\/ppdegalicia.com\\\/wp-content\\\/uploads\\\/2023\\\/04\\\/logoPP512.png\",\"contentUrl\":\"https:\\\/\\\/ppdegalicia.com\\\/wp-content\\\/uploads\\\/2023\\\/04\\\/logoPP512.png\",\"width\":512,\"height\":512,\"caption\":\"Partido Popular de Galicia\"},\"image\":{\"@id\":\"https:\\\/\\\/ppdegalicia.com\\\/es\\\/#\\\/schema\\\/logo\\\/image\\\/\"},\"sameAs\":[\"https:\\\/\\\/www.instagram.com\\\/ppdegalicia\\\/\",\"https:\\\/\\\/x.com\\\/ppdegalicia\",\"https:\\\/\\\/www.tiktok.com\\\/@ppdegalicia\",\"https:\\\/\\\/www.youtube.com\\\/user\\\/ppdegalicia\"]},{\"@type\":\"Person\",\"@id\":\"https:\\\/\\\/ppdegalicia.com\\\/es\\\/#\\\/schema\\\/person\\\/3f481a8341e73cf305ea60bee4f0175c\",\"name\":\"ameneiros\",\"image\":{\"@type\":\"ImageObject\",\"inLanguage\":\"es\",\"@id\":\"https:\\\/\\\/secure.gravatar.com\\\/avatar\\\/a674336f544aa8343184e0d8ab3c713c47f8a69d9a89696ff29a298007066f32?s=96&d=mm&r=g\",\"url\":\"https:\\\/\\\/secure.gravatar.com\\\/avatar\\\/a674336f544aa8343184e0d8ab3c713c47f8a69d9a89696ff29a298007066f32?s=96&d=mm&r=g\",\"contentUrl\":\"https:\\\/\\\/secure.gravatar.com\\\/avatar\\\/a674336f544aa8343184e0d8ab3c713c47f8a69d9a89696ff29a298007066f32?s=96&d=mm&r=g\",\"caption\":\"ameneiros\"},\"url\":\"https:\\\/\\\/ppdegalicia.com\\\/es\\\/author\\\/ameneiros\\\/\"}]}<\/script>\n<!-- \/ Yoast SEO plugin. -->","yoast_head_json":{"title":"Alfonso Rueda: \u201cSi los gallegos me dan cinco minutos en el colegio electoral, yo les dar\u00e9 cuatro a\u00f1os de trabajo con convencimiento y eficacia\u201d - PP de Galicia","robots":{"index":"index","follow":"follow","max-snippet":"max-snippet:-1","max-image-preview":"max-image-preview:large","max-video-preview":"max-video-preview:-1"},"canonical":"https:\/\/ppdegalicia.com\/es\/alfonso-rueda-si-los-gallegos-me-dan-cinco-minutos-en-el-colegio-electoral-yo-les-dare-cuatro-anos-de-trabajo-con-convencimiento-y-eficacia\/","og_locale":"es_ES","og_type":"article","og_title":"Alfonso Rueda: \u201cSi los gallegos me dan cinco minutos en el colegio electoral, yo les dar\u00e9 cuatro a\u00f1os de trabajo con convencimiento y eficacia\u201d - PP de Galicia","og_description":"Hoy, en un mitin en el Multiusos del Sar en Santiago a lo que asistieron 1.500 personas y en el que tambi\u00e9n participaron los cabezas de lista del PPdeG en las cuatro provincias gallegas \u201cEl domingo va a haber 11 papeletas diferentes, pero la decisi\u00f3n se reduce la dos: la nuestra o las otras 10\u201d, [&hellip;]","og_url":"https:\/\/ppdegalicia.com\/es\/alfonso-rueda-si-los-gallegos-me-dan-cinco-minutos-en-el-colegio-electoral-yo-les-dare-cuatro-anos-de-trabajo-con-convencimiento-y-eficacia\/","og_site_name":"PP de Galicia","article_publisher":"https:\/\/www.instagram.com\/ppdegalicia\/","article_published_time":"2024-02-14T22:22:46+00:00","og_image":[{"width":1280,"height":853,"url":"https:\/\/ppdegalicia.com\/wp-content\/uploads\/2024\/02\/20240214_ARuedaEnSantiago-3-Grande.jpeg","type":"image\/jpeg"}],"author":"ameneiros","twitter_card":"summary_large_image","twitter_creator":"@ppdegalicia","twitter_site":"@ppdegalicia","twitter_misc":{"Escrito por":"ameneiros","Tiempo de lectura":"4 minutos"},"schema":{"@context":"https:\/\/schema.org","@graph":[{"@type":"Article","@id":"https:\/\/ppdegalicia.com\/es\/alfonso-rueda-si-los-gallegos-me-dan-cinco-minutos-en-el-colegio-electoral-yo-les-dare-cuatro-anos-de-trabajo-con-convencimiento-y-eficacia\/#article","isPartOf":{"@id":"https:\/\/ppdegalicia.com\/es\/alfonso-rueda-si-los-gallegos-me-dan-cinco-minutos-en-el-colegio-electoral-yo-les-dare-cuatro-anos-de-trabajo-con-convencimiento-y-eficacia\/"},"author":{"name":"ameneiros","@id":"https:\/\/ppdegalicia.com\/es\/#\/schema\/person\/3f481a8341e73cf305ea60bee4f0175c"},"headline":"Alfonso Rueda: \u201cSi los gallegos me dan cinco minutos en el colegio electoral, yo les dar\u00e9 cuatro a\u00f1os de trabajo con convencimiento y eficacia\u201d","datePublished":"2024-02-14T22:22:46+00:00","mainEntityOfPage":{"@id":"https:\/\/ppdegalicia.com\/es\/alfonso-rueda-si-los-gallegos-me-dan-cinco-minutos-en-el-colegio-electoral-yo-les-dare-cuatro-anos-de-trabajo-con-convencimiento-y-eficacia\/"},"wordCount":857,"commentCount":0,"publisher":{"@id":"https:\/\/ppdegalicia.com\/es\/#organization"},"image":{"@id":"https:\/\/ppdegalicia.com\/es\/alfonso-rueda-si-los-gallegos-me-dan-cinco-minutos-en-el-colegio-electoral-yo-les-dare-cuatro-anos-de-trabajo-con-convencimiento-y-eficacia\/#primaryimage"},"thumbnailUrl":"https:\/\/ppdegalicia.com\/wp-content\/uploads\/2024\/02\/20240214_ARuedaEnSantiago-3-Grande.jpeg","keywords":["18-F","A Galicia que namora","Alfonso Rueda","Galicia","La galicia que funciona","mitin","Multiusos do Sar","Partido Popular de Galicia","PPdeG","PPdeG","Santiago","sociedad compostelana"],"articleSection":["PP de Galicia"],"inLanguage":"es","potentialAction":[{"@type":"CommentAction","name":"Comment","target":["https:\/\/ppdegalicia.com\/es\/alfonso-rueda-si-los-gallegos-me-dan-cinco-minutos-en-el-colegio-electoral-yo-les-dare-cuatro-anos-de-trabajo-con-convencimiento-y-eficacia\/#respond"]}]},{"@type":"WebPage","@id":"https:\/\/ppdegalicia.com\/es\/alfonso-rueda-si-los-gallegos-me-dan-cinco-minutos-en-el-colegio-electoral-yo-les-dare-cuatro-anos-de-trabajo-con-convencimiento-y-eficacia\/","url":"https:\/\/ppdegalicia.com\/es\/alfonso-rueda-si-los-gallegos-me-dan-cinco-minutos-en-el-colegio-electoral-yo-les-dare-cuatro-anos-de-trabajo-con-convencimiento-y-eficacia\/","name":"Alfonso Rueda: \u201cSi los gallegos me dan cinco minutos en el colegio electoral, yo les dar\u00e9 cuatro a\u00f1os de trabajo con convencimiento y eficacia\u201d - PP de Galicia","isPartOf":{"@id":"https:\/\/ppdegalicia.com\/es\/#website"},"primaryImageOfPage":{"@id":"https:\/\/ppdegalicia.com\/es\/alfonso-rueda-si-los-gallegos-me-dan-cinco-minutos-en-el-colegio-electoral-yo-les-dare-cuatro-anos-de-trabajo-con-convencimiento-y-eficacia\/#primaryimage"},"image":{"@id":"https:\/\/ppdegalicia.com\/es\/alfonso-rueda-si-los-gallegos-me-dan-cinco-minutos-en-el-colegio-electoral-yo-les-dare-cuatro-anos-de-trabajo-con-convencimiento-y-eficacia\/#primaryimage"},"thumbnailUrl":"https:\/\/ppdegalicia.com\/wp-content\/uploads\/2024\/02\/20240214_ARuedaEnSantiago-3-Grande.jpeg","datePublished":"2024-02-14T22:22:46+00:00","breadcrumb":{"@id":"https:\/\/ppdegalicia.com\/es\/alfonso-rueda-si-los-gallegos-me-dan-cinco-minutos-en-el-colegio-electoral-yo-les-dare-cuatro-anos-de-trabajo-con-convencimiento-y-eficacia\/#breadcrumb"},"inLanguage":"es","potentialAction":[{"@type":"ReadAction","target":["https:\/\/ppdegalicia.com\/es\/alfonso-rueda-si-los-gallegos-me-dan-cinco-minutos-en-el-colegio-electoral-yo-les-dare-cuatro-anos-de-trabajo-con-convencimiento-y-eficacia\/"]}]},{"@type":"ImageObject","inLanguage":"es","@id":"https:\/\/ppdegalicia.com\/es\/alfonso-rueda-si-los-gallegos-me-dan-cinco-minutos-en-el-colegio-electoral-yo-les-dare-cuatro-anos-de-trabajo-con-convencimiento-y-eficacia\/#primaryimage","url":"https:\/\/ppdegalicia.com\/wp-content\/uploads\/2024\/02\/20240214_ARuedaEnSantiago-3-Grande.jpeg","contentUrl":"https:\/\/ppdegalicia.com\/wp-content\/uploads\/2024\/02\/20240214_ARuedaEnSantiago-3-Grande.jpeg","width":1280,"height":853},{"@type":"BreadcrumbList","@id":"https:\/\/ppdegalicia.com\/es\/alfonso-rueda-si-los-gallegos-me-dan-cinco-minutos-en-el-colegio-electoral-yo-les-dare-cuatro-anos-de-trabajo-con-convencimiento-y-eficacia\/#breadcrumb","itemListElement":[{"@type":"ListItem","position":1,"name":"Portada","item":"https:\/\/ppdegalicia.com\/es\/"},{"@type":"ListItem","position":2,"name":"Alfonso Rueda: \u201cSi los gallegos me dan cinco minutos en el colegio electoral, yo les dar\u00e9 cuatro a\u00f1os de trabajo con convencimiento y eficacia\u201d"}]},{"@type":"WebSite","@id":"https:\/\/ppdegalicia.com\/es\/#website","url":"https:\/\/ppdegalicia.com\/es\/","name":"Partido Popular de Galicia","description":"Partido Popular de Galicia","publisher":{"@id":"https:\/\/ppdegalicia.com\/es\/#organization"},"alternateName":"PP de Galicia","potentialAction":[{"@type":"SearchAction","target":{"@type":"EntryPoint","urlTemplate":"https:\/\/ppdegalicia.com\/es\/?s={search_term_string}"},"query-input":{"@type":"PropertyValueSpecification","valueRequired":true,"valueName":"search_term_string"}}],"inLanguage":"es"},{"@type":"Organization","@id":"https:\/\/ppdegalicia.com\/es\/#organization","name":"Partido Popular de Galicia","alternateName":"PP de Galicia","url":"https:\/\/ppdegalicia.com\/es\/","logo":{"@type":"ImageObject","inLanguage":"es","@id":"https:\/\/ppdegalicia.com\/es\/#\/schema\/logo\/image\/","url":"https:\/\/ppdegalicia.com\/wp-content\/uploads\/2023\/04\/logoPP512.png","contentUrl":"https:\/\/ppdegalicia.com\/wp-content\/uploads\/2023\/04\/logoPP512.png","width":512,"height":512,"caption":"Partido Popular de Galicia"},"image":{"@id":"https:\/\/ppdegalicia.com\/es\/#\/schema\/logo\/image\/"},"sameAs":["https:\/\/www.instagram.com\/ppdegalicia\/","https:\/\/x.com\/ppdegalicia","https:\/\/www.tiktok.com\/@ppdegalicia","https:\/\/www.youtube.com\/user\/ppdegalicia"]},{"@type":"Person","@id":"https:\/\/ppdegalicia.com\/es\/#\/schema\/person\/3f481a8341e73cf305ea60bee4f0175c","name":"ameneiros","image":{"@type":"ImageObject","inLanguage":"es","@id":"https:\/\/secure.gravatar.com\/avatar\/a674336f544aa8343184e0d8ab3c713c47f8a69d9a89696ff29a298007066f32?s=96&d=mm&r=g","url":"https:\/\/secure.gravatar.com\/avatar\/a674336f544aa8343184e0d8ab3c713c47f8a69d9a89696ff29a298007066f32?s=96&d=mm&r=g","contentUrl":"https:\/\/secure.gravatar.com\/avatar\/a674336f544aa8343184e0d8ab3c713c47f8a69d9a89696ff29a298007066f32?s=96&d=mm&r=g","caption":"ameneiros"},"url":"https:\/\/ppdegalicia.com\/es\/author\/ameneiros\/"}]}},"_links":{"self":[{"href":"https:\/\/ppdegalicia.com\/es\/wp-json\/wp\/v2\/posts\/62198","targetHints":{"allow":["GET"]}}],"collection":[{"href":"https:\/\/ppdegalicia.com\/es\/wp-json\/wp\/v2\/posts"}],"about":[{"href":"https:\/\/ppdegalicia.com\/es\/wp-json\/wp\/v2\/types\/post"}],"author":[{"embeddable":true,"href":"https:\/\/ppdegalicia.com\/es\/wp-json\/wp\/v2\/users\/1"}],"replies":[{"embeddable":true,"href":"https:\/\/ppdegalicia.com\/es\/wp-json\/wp\/v2\/comments?post=62198"}],"version-history":[{"count":0,"href":"https:\/\/ppdegalicia.com\/es\/wp-json\/wp\/v2\/posts\/62198\/revisions"}],"wp:featuredmedia":[{"embeddable":true,"href":"https:\/\/ppdegalicia.com\/es\/wp-json\/wp\/v2\/media\/62190"}],"wp:attachment":[{"href":"https:\/\/ppdegalicia.com\/es\/wp-json\/wp\/v2\/media?parent=62198"}],"wp:term":[{"taxonomy":"category","embeddable":true,"href":"https:\/\/ppdegalicia.com\/es\/wp-json\/wp\/v2\/categories?post=62198"},{"taxonomy":"post_tag","embeddable":true,"href":"https:\/\/ppdegalicia.com\/es\/wp-json\/wp\/v2\/tags?post=62198"}],"curies":[{"name":"wp","href":"https:\/\/api.w.org\/{rel}","templated":true}]}}