{"id":62247,"date":"2024-02-16T16:46:38","date_gmt":"2024-02-16T15:46:38","guid":{"rendered":"https:\/\/ppdegalicia.com\/cuatro-reconocidos-artistas-gallegos-muestran-su-apoyo-a-alfonso-rueda-una-rueda-que-nos-hace-rodar-a-todos-nosotros\/"},"modified":"2024-02-16T16:46:38","modified_gmt":"2024-02-16T15:46:38","slug":"cuatro-reconocidos-artistas-gallegos-muestran-su-apoyo-a-alfonso-rueda-una-rueda-que-nos-hace-rodar-a-todos-nosotros","status":"publish","type":"post","link":"https:\/\/ppdegalicia.com\/es\/cuatro-reconocidos-artistas-gallegos-muestran-su-apoyo-a-alfonso-rueda-una-rueda-que-nos-hace-rodar-a-todos-nosotros\/","title":{"rendered":"Cuatro reconocidos artistas gallegos muestran su apoyo a Alfonso Rueda: \u201cUna rueda que nos hace rodar a todos nosotros\u201d"},"content":{"rendered":"<p><strong>Cuatro reconocidos artistas gallegos muestran su apoyo a Alfonso Rueda A trav\u00e9s de un v\u00eddeo publicado por el PPdeG en sus redes sociales<\/strong><\/p>\n<ul>\n<li>Agradecen el apoyo recibido y su impulso a la creaci\u00f3n y difusi\u00f3n del arte gallego reivindicando el buen momento que vive el tejido cultural en nuestra Comunidad<\/li>\n<li>Acislo Manzano, Ant\u00f3n Lamazares, C\u00e9sar Taboada y Manolo Paz intervienen en el v\u00eddeo para defender que apostar por la cultura es apostar tambi\u00e9n por Galicia y que as\u00ed se ha demostrado con hechos desde lo Gobierno auton\u00f3mico<\/li>\n<\/ul>\n<p>Los artistas gallegos muestran su apoyo al presidente y candidato del PPdeG, Alfonso Rueda, en un v\u00eddeo en el que agradecen el apoyo recibido por el Gobierno gallego en estos a\u00f1os en el impulso de la creaci\u00f3n y difusi\u00f3n del arte gallega y reivindican el buen momento que vive el tejido cultural de Galicia.<\/p>\n<figure id=\"attachment_62244\" aria-describedby=\"caption-attachment-62244\" style=\"width: 1280px\" class=\"wp-caption aligncenter\"><a href=\"https:\/\/ppdegalicia.com\/wp-content\/uploads\/2024\/02\/20240216_Artistas_PPdeG-Grande.jpeg\"><img fetchpriority=\"high\" decoding=\"async\" class=\"size-full wp-image-62244\" src=\"https:\/\/ppdegalicia.com\/wp-content\/uploads\/2024\/02\/20240216_Artistas_PPdeG-Grande.jpeg\" alt=\"Catro reco\u00f1ecidos artistas galegos mostran o seu apoio a Alfonso Rueda: \u201cUnha rueda que nos fai rodar a todos n\u00f3s\u201d\" width=\"1280\" height=\"720\" srcset=\"https:\/\/ppdegalicia.com\/wp-content\/uploads\/2024\/02\/20240216_Artistas_PPdeG-Grande.jpeg 1280w, https:\/\/ppdegalicia.com\/wp-content\/uploads\/2024\/02\/20240216_Artistas_PPdeG-Grande-300x169.jpeg 300w, https:\/\/ppdegalicia.com\/wp-content\/uploads\/2024\/02\/20240216_Artistas_PPdeG-Grande-1024x576.jpeg 1024w, https:\/\/ppdegalicia.com\/wp-content\/uploads\/2024\/02\/20240216_Artistas_PPdeG-Grande-768x432.jpeg 768w\" sizes=\"(max-width: 1280px) 100vw, 1280px\" \/><\/a><figcaption id=\"caption-attachment-62244\" class=\"wp-caption-text\">Cuatro reconocidos artistas gallegos muestran su apoyo a Alfonso Rueda: \u201cUna rueda que nos hace rodar a todos nosotros\u201d<\/figcaption><\/figure>\n<p>El escultor ourensano Acislo Manzano reivindica que \u201clos artistas son valiosos para el Gobierno\u201d y que este a su vez tambi\u00e9n lo es para ellos en la medida en que \u201cofrece libertad y apoyo\u201d. Lo cual constituye para \u00e9l \u201cla esencia gallega\u201d y un elemento fundamental para que los artistas puedan trabajar por y desde Galicia: \u201cNo hay que ir a Nueva York, ni a Par\u00eds, ni a Roma porque en Galicia tenemos lo que esa gente no tiene\u201d. Y en el que se refiere al presidente no duda en afirmar: \u201cEs una gran rueda que nos hace rodar a todos nosotros\u201d.<\/p>\n<p>En esta misma l\u00ednea, el pintor lalinense Ant\u00f3n Lamazares considera que el programa de Alfonso Rueda va en la l\u00ednea de \u201cmultiplicar la cultura\u201d y que eso supone tambi\u00e9n \u201cdefender la casa grande que es Galicia\u201d al igual que hab\u00eda hecho en su d\u00eda el presidente Manuel Fraga.<\/p>\n<p>\u201cEl Gobierno gallego apost\u00f3 claramente por las diferentes sensibilidades art\u00edsticas que hay en Galicia y asign\u00f3, por primera vez en mucho tiempo, un papel fundamental a las ense\u00f1anzas de Arte\u201d, sostiene por su parte el tambi\u00e9n pintor C\u00e9sar Taboada recordando la creaci\u00f3n de nuevas escuelas y centros art\u00edsticos \u201ccon todos los elementos de la contemporaneidad\u201d. El artista ourensano a\u00f1ade en este sentido: \u201cTenemos todo en Galicia, sin tener que salir de aqu\u00ed\u201d.<\/p>\n<p>Por \u00faltimo, el escultor cambad\u00e9s Manolo Paz reconoce abiertamente que todo lo que puede decir de la gesti\u00f3n cultural del Gobierno gallego es positivo, en la medida en que en su caso personal cont\u00f3 con el apoyo que precisaba para poder llevar a cabo un proyecto \u201cmuy ambicioso\u201d de exponer su obra en tres lugares catalogados como Patrimonio de la Humanidad. \u201cSomos gallegos y debemos demostrarlo con nuestra cultura\u201d, concluye.<\/p>\n<p><strong>ENLACE DEL V\u00cdDEO EN REDES SOCIALES<\/strong><\/p>\n<ul>\n<li>Twitter: <a href=\"https:\/\/twitter.com\/ppdegalicia\/status\/1758177438696185888\/video\/1\">https:\/\/twitter.com\/ppdegalicia\/status\/1758177438696185888\/video\/1<\/a><\/li>\n<li>Facebook: <a href=\"https:\/\/www.facebook.com\/ppdegalicia\/videos\/7194646400592971\">https:\/\/www.facebook.com\/ppdegalicia\/videos\/7194646400592971<\/a><\/li>\n<li>Instagram: <a href=\"https:\/\/www.instagram.com\/p\/C3X8yNhN9q2\/?hl=es\">https:\/\/www.instagram.com\/p\/C3X8yNhN9q2\/?hl=es<\/a><\/li>\n<\/ul>\n","protected":false},"excerpt":{"rendered":"<p>Cuatro reconocidos artistas gallegos muestran su apoyo a Alfonso Rueda A trav\u00e9s de un v\u00eddeo publicado por el PPdeG en sus redes sociales Agradecen el apoyo recibido y su impulso a la creaci\u00f3n y difusi\u00f3n del arte gallego reivindicando el buen momento que vive el tejido cultural en nuestra Comunidad Acislo Manzano, Ant\u00f3n Lamazares, C\u00e9sar [&hellip;]<\/p>\n","protected":false},"author":1,"featured_media":62245,"comment_status":"open","ping_status":"open","sticky":false,"template":"","format":"standard","meta":{"_acf_changed":false,"footnotes":""},"categories":[2398],"tags":[2466,2520,2557,2410,2558,2561,2559,2450,2465,2560,2404,2451,2422,2452],"class_list":["post-62247","post","type-post","status-publish","format-standard","has-post-thumbnail","hentry","category-pp-de-galicia-es","tag-18-f-es","tag-a-galicia-que-namora-es","tag-acislo-manzano-es","tag-alfonso-rueda-es","tag-anton-lamazares-es","tag-artistas-gallegos","tag-cesar-taboada-es","tag-galicia-es","tag-la-galicia-que-funciona","tag-manolo-paz-es","tag-partido-popular-de-galicia-es","tag-pp-es","tag-ppdeg-es","tag-ppdeg-es-2"],"acf":[],"yoast_head":"<!-- This site is optimized with the Yoast SEO plugin v27.3 - https:\/\/yoast.com\/product\/yoast-seo-wordpress\/ -->\n<title>Cuatro reconocidos artistas gallegos muestran su apoyo a Alfonso Rueda: \u201cUna rueda que nos hace rodar a todos nosotros\u201d - PP de Galicia<\/title>\n<meta name=\"robots\" content=\"index, follow, max-snippet:-1, max-image-preview:large, max-video-preview:-1\" \/>\n<link rel=\"canonical\" href=\"https:\/\/ppdegalicia.com\/es\/cuatro-reconocidos-artistas-gallegos-muestran-su-apoyo-a-alfonso-rueda-una-rueda-que-nos-hace-rodar-a-todos-nosotros\/\" \/>\n<meta property=\"og:locale\" content=\"es_ES\" \/>\n<meta property=\"og:type\" content=\"article\" \/>\n<meta property=\"og:title\" content=\"Cuatro reconocidos artistas gallegos muestran su apoyo a Alfonso Rueda: \u201cUna rueda que nos hace rodar a todos nosotros\u201d - PP de Galicia\" \/>\n<meta property=\"og:description\" content=\"Cuatro reconocidos artistas gallegos muestran su apoyo a Alfonso Rueda A trav\u00e9s de un v\u00eddeo publicado por el PPdeG en sus redes sociales Agradecen el apoyo recibido y su impulso a la creaci\u00f3n y difusi\u00f3n del arte gallego reivindicando el buen momento que vive el tejido cultural en nuestra Comunidad Acislo Manzano, Ant\u00f3n Lamazares, C\u00e9sar [&hellip;]\" \/>\n<meta property=\"og:url\" content=\"https:\/\/ppdegalicia.com\/es\/cuatro-reconocidos-artistas-gallegos-muestran-su-apoyo-a-alfonso-rueda-una-rueda-que-nos-hace-rodar-a-todos-nosotros\/\" \/>\n<meta property=\"og:site_name\" content=\"PP de Galicia\" \/>\n<meta property=\"article:publisher\" content=\"https:\/\/www.instagram.com\/ppdegalicia\/\" \/>\n<meta property=\"article:published_time\" content=\"2024-02-16T15:46:38+00:00\" \/>\n<meta property=\"og:image\" content=\"https:\/\/ppdegalicia.com\/wp-content\/uploads\/2024\/02\/20240216_Artistas_PPdeG-Grande.jpeg\" \/>\n\t<meta property=\"og:image:width\" content=\"1280\" \/>\n\t<meta property=\"og:image:height\" content=\"720\" \/>\n\t<meta property=\"og:image:type\" content=\"image\/jpeg\" \/>\n<meta name=\"author\" content=\"ameneiros\" \/>\n<meta name=\"twitter:card\" content=\"summary_large_image\" \/>\n<meta name=\"twitter:creator\" content=\"@ppdegalicia\" \/>\n<meta name=\"twitter:site\" content=\"@ppdegalicia\" \/>\n<meta name=\"twitter:label1\" content=\"Escrito por\" \/>\n\t<meta name=\"twitter:data1\" content=\"ameneiros\" \/>\n\t<meta name=\"twitter:label2\" content=\"Tiempo de lectura\" \/>\n\t<meta name=\"twitter:data2\" content=\"3 minutos\" \/>\n<script type=\"application\/ld+json\" class=\"yoast-schema-graph\">{\"@context\":\"https:\\\/\\\/schema.org\",\"@graph\":[{\"@type\":\"Article\",\"@id\":\"https:\\\/\\\/ppdegalicia.com\\\/es\\\/cuatro-reconocidos-artistas-gallegos-muestran-su-apoyo-a-alfonso-rueda-una-rueda-que-nos-hace-rodar-a-todos-nosotros\\\/#article\",\"isPartOf\":{\"@id\":\"https:\\\/\\\/ppdegalicia.com\\\/es\\\/cuatro-reconocidos-artistas-gallegos-muestran-su-apoyo-a-alfonso-rueda-una-rueda-que-nos-hace-rodar-a-todos-nosotros\\\/\"},\"author\":{\"name\":\"ameneiros\",\"@id\":\"https:\\\/\\\/ppdegalicia.com\\\/es\\\/#\\\/schema\\\/person\\\/3f481a8341e73cf305ea60bee4f0175c\"},\"headline\":\"Cuatro reconocidos artistas gallegos muestran su apoyo a Alfonso Rueda: \u201cUna rueda que nos hace rodar a todos nosotros\u201d\",\"datePublished\":\"2024-02-16T15:46:38+00:00\",\"mainEntityOfPage\":{\"@id\":\"https:\\\/\\\/ppdegalicia.com\\\/es\\\/cuatro-reconocidos-artistas-gallegos-muestran-su-apoyo-a-alfonso-rueda-una-rueda-que-nos-hace-rodar-a-todos-nosotros\\\/\"},\"wordCount\":541,\"commentCount\":0,\"publisher\":{\"@id\":\"https:\\\/\\\/ppdegalicia.com\\\/es\\\/#organization\"},\"image\":{\"@id\":\"https:\\\/\\\/ppdegalicia.com\\\/es\\\/cuatro-reconocidos-artistas-gallegos-muestran-su-apoyo-a-alfonso-rueda-una-rueda-que-nos-hace-rodar-a-todos-nosotros\\\/#primaryimage\"},\"thumbnailUrl\":\"https:\\\/\\\/ppdegalicia.com\\\/wp-content\\\/uploads\\\/2024\\\/02\\\/20240216_Artistas_PPdeG-Grande.jpeg\",\"keywords\":[\"18-F\",\"A Galicia que namora\",\"Acislo Manzano\",\"Alfonso Rueda\",\"Ant\u00f3n Lamazares\",\"artistas gallegos\",\"C\u00e9sar Taboada\",\"Galicia\",\"La galicia que funciona\",\"Manolo Paz\",\"Partido Popular de Galicia\",\"pp\",\"PPdeG\",\"PPdeG\"],\"articleSection\":[\"PP de Galicia\"],\"inLanguage\":\"es\",\"potentialAction\":[{\"@type\":\"CommentAction\",\"name\":\"Comment\",\"target\":[\"https:\\\/\\\/ppdegalicia.com\\\/es\\\/cuatro-reconocidos-artistas-gallegos-muestran-su-apoyo-a-alfonso-rueda-una-rueda-que-nos-hace-rodar-a-todos-nosotros\\\/#respond\"]}]},{\"@type\":\"WebPage\",\"@id\":\"https:\\\/\\\/ppdegalicia.com\\\/es\\\/cuatro-reconocidos-artistas-gallegos-muestran-su-apoyo-a-alfonso-rueda-una-rueda-que-nos-hace-rodar-a-todos-nosotros\\\/\",\"url\":\"https:\\\/\\\/ppdegalicia.com\\\/es\\\/cuatro-reconocidos-artistas-gallegos-muestran-su-apoyo-a-alfonso-rueda-una-rueda-que-nos-hace-rodar-a-todos-nosotros\\\/\",\"name\":\"Cuatro reconocidos artistas gallegos muestran su apoyo a Alfonso Rueda: \u201cUna rueda que nos hace rodar a todos nosotros\u201d - PP de Galicia\",\"isPartOf\":{\"@id\":\"https:\\\/\\\/ppdegalicia.com\\\/es\\\/#website\"},\"primaryImageOfPage\":{\"@id\":\"https:\\\/\\\/ppdegalicia.com\\\/es\\\/cuatro-reconocidos-artistas-gallegos-muestran-su-apoyo-a-alfonso-rueda-una-rueda-que-nos-hace-rodar-a-todos-nosotros\\\/#primaryimage\"},\"image\":{\"@id\":\"https:\\\/\\\/ppdegalicia.com\\\/es\\\/cuatro-reconocidos-artistas-gallegos-muestran-su-apoyo-a-alfonso-rueda-una-rueda-que-nos-hace-rodar-a-todos-nosotros\\\/#primaryimage\"},\"thumbnailUrl\":\"https:\\\/\\\/ppdegalicia.com\\\/wp-content\\\/uploads\\\/2024\\\/02\\\/20240216_Artistas_PPdeG-Grande.jpeg\",\"datePublished\":\"2024-02-16T15:46:38+00:00\",\"breadcrumb\":{\"@id\":\"https:\\\/\\\/ppdegalicia.com\\\/es\\\/cuatro-reconocidos-artistas-gallegos-muestran-su-apoyo-a-alfonso-rueda-una-rueda-que-nos-hace-rodar-a-todos-nosotros\\\/#breadcrumb\"},\"inLanguage\":\"es\",\"potentialAction\":[{\"@type\":\"ReadAction\",\"target\":[\"https:\\\/\\\/ppdegalicia.com\\\/es\\\/cuatro-reconocidos-artistas-gallegos-muestran-su-apoyo-a-alfonso-rueda-una-rueda-que-nos-hace-rodar-a-todos-nosotros\\\/\"]}]},{\"@type\":\"ImageObject\",\"inLanguage\":\"es\",\"@id\":\"https:\\\/\\\/ppdegalicia.com\\\/es\\\/cuatro-reconocidos-artistas-gallegos-muestran-su-apoyo-a-alfonso-rueda-una-rueda-que-nos-hace-rodar-a-todos-nosotros\\\/#primaryimage\",\"url\":\"https:\\\/\\\/ppdegalicia.com\\\/wp-content\\\/uploads\\\/2024\\\/02\\\/20240216_Artistas_PPdeG-Grande.jpeg\",\"contentUrl\":\"https:\\\/\\\/ppdegalicia.com\\\/wp-content\\\/uploads\\\/2024\\\/02\\\/20240216_Artistas_PPdeG-Grande.jpeg\",\"width\":1280,\"height\":720,\"caption\":\"Catro reco\u00f1ecidos artistas galegos mostran o seu apoio a Alfonso Rueda: \u201cUnha rueda que nos fai rodar a todos n\u00f3s\u201d\"},{\"@type\":\"BreadcrumbList\",\"@id\":\"https:\\\/\\\/ppdegalicia.com\\\/es\\\/cuatro-reconocidos-artistas-gallegos-muestran-su-apoyo-a-alfonso-rueda-una-rueda-que-nos-hace-rodar-a-todos-nosotros\\\/#breadcrumb\",\"itemListElement\":[{\"@type\":\"ListItem\",\"position\":1,\"name\":\"Portada\",\"item\":\"https:\\\/\\\/ppdegalicia.com\\\/es\\\/\"},{\"@type\":\"ListItem\",\"position\":2,\"name\":\"Cuatro reconocidos artistas gallegos muestran su apoyo a Alfonso Rueda: \u201cUna rueda que nos hace rodar a todos nosotros\u201d\"}]},{\"@type\":\"WebSite\",\"@id\":\"https:\\\/\\\/ppdegalicia.com\\\/es\\\/#website\",\"url\":\"https:\\\/\\\/ppdegalicia.com\\\/es\\\/\",\"name\":\"Partido Popular de Galicia\",\"description\":\"Partido Popular de Galicia\",\"publisher\":{\"@id\":\"https:\\\/\\\/ppdegalicia.com\\\/es\\\/#organization\"},\"alternateName\":\"PP de Galicia\",\"potentialAction\":[{\"@type\":\"SearchAction\",\"target\":{\"@type\":\"EntryPoint\",\"urlTemplate\":\"https:\\\/\\\/ppdegalicia.com\\\/es\\\/?s={search_term_string}\"},\"query-input\":{\"@type\":\"PropertyValueSpecification\",\"valueRequired\":true,\"valueName\":\"search_term_string\"}}],\"inLanguage\":\"es\"},{\"@type\":\"Organization\",\"@id\":\"https:\\\/\\\/ppdegalicia.com\\\/es\\\/#organization\",\"name\":\"Partido Popular de Galicia\",\"alternateName\":\"PP de Galicia\",\"url\":\"https:\\\/\\\/ppdegalicia.com\\\/es\\\/\",\"logo\":{\"@type\":\"ImageObject\",\"inLanguage\":\"es\",\"@id\":\"https:\\\/\\\/ppdegalicia.com\\\/es\\\/#\\\/schema\\\/logo\\\/image\\\/\",\"url\":\"https:\\\/\\\/ppdegalicia.com\\\/wp-content\\\/uploads\\\/2023\\\/04\\\/logoPP512.png\",\"contentUrl\":\"https:\\\/\\\/ppdegalicia.com\\\/wp-content\\\/uploads\\\/2023\\\/04\\\/logoPP512.png\",\"width\":512,\"height\":512,\"caption\":\"Partido Popular de Galicia\"},\"image\":{\"@id\":\"https:\\\/\\\/ppdegalicia.com\\\/es\\\/#\\\/schema\\\/logo\\\/image\\\/\"},\"sameAs\":[\"https:\\\/\\\/www.instagram.com\\\/ppdegalicia\\\/\",\"https:\\\/\\\/x.com\\\/ppdegalicia\",\"https:\\\/\\\/www.tiktok.com\\\/@ppdegalicia\",\"https:\\\/\\\/www.youtube.com\\\/user\\\/ppdegalicia\"]},{\"@type\":\"Person\",\"@id\":\"https:\\\/\\\/ppdegalicia.com\\\/es\\\/#\\\/schema\\\/person\\\/3f481a8341e73cf305ea60bee4f0175c\",\"name\":\"ameneiros\",\"image\":{\"@type\":\"ImageObject\",\"inLanguage\":\"es\",\"@id\":\"https:\\\/\\\/secure.gravatar.com\\\/avatar\\\/a674336f544aa8343184e0d8ab3c713c47f8a69d9a89696ff29a298007066f32?s=96&d=mm&r=g\",\"url\":\"https:\\\/\\\/secure.gravatar.com\\\/avatar\\\/a674336f544aa8343184e0d8ab3c713c47f8a69d9a89696ff29a298007066f32?s=96&d=mm&r=g\",\"contentUrl\":\"https:\\\/\\\/secure.gravatar.com\\\/avatar\\\/a674336f544aa8343184e0d8ab3c713c47f8a69d9a89696ff29a298007066f32?s=96&d=mm&r=g\",\"caption\":\"ameneiros\"},\"url\":\"https:\\\/\\\/ppdegalicia.com\\\/es\\\/author\\\/ameneiros\\\/\"}]}<\/script>\n<!-- \/ Yoast SEO plugin. -->","yoast_head_json":{"title":"Cuatro reconocidos artistas gallegos muestran su apoyo a Alfonso Rueda: \u201cUna rueda que nos hace rodar a todos nosotros\u201d - PP de Galicia","robots":{"index":"index","follow":"follow","max-snippet":"max-snippet:-1","max-image-preview":"max-image-preview:large","max-video-preview":"max-video-preview:-1"},"canonical":"https:\/\/ppdegalicia.com\/es\/cuatro-reconocidos-artistas-gallegos-muestran-su-apoyo-a-alfonso-rueda-una-rueda-que-nos-hace-rodar-a-todos-nosotros\/","og_locale":"es_ES","og_type":"article","og_title":"Cuatro reconocidos artistas gallegos muestran su apoyo a Alfonso Rueda: \u201cUna rueda que nos hace rodar a todos nosotros\u201d - PP de Galicia","og_description":"Cuatro reconocidos artistas gallegos muestran su apoyo a Alfonso Rueda A trav\u00e9s de un v\u00eddeo publicado por el PPdeG en sus redes sociales Agradecen el apoyo recibido y su impulso a la creaci\u00f3n y difusi\u00f3n del arte gallego reivindicando el buen momento que vive el tejido cultural en nuestra Comunidad Acislo Manzano, Ant\u00f3n Lamazares, C\u00e9sar [&hellip;]","og_url":"https:\/\/ppdegalicia.com\/es\/cuatro-reconocidos-artistas-gallegos-muestran-su-apoyo-a-alfonso-rueda-una-rueda-que-nos-hace-rodar-a-todos-nosotros\/","og_site_name":"PP de Galicia","article_publisher":"https:\/\/www.instagram.com\/ppdegalicia\/","article_published_time":"2024-02-16T15:46:38+00:00","og_image":[{"width":1280,"height":720,"url":"https:\/\/ppdegalicia.com\/wp-content\/uploads\/2024\/02\/20240216_Artistas_PPdeG-Grande.jpeg","type":"image\/jpeg"}],"author":"ameneiros","twitter_card":"summary_large_image","twitter_creator":"@ppdegalicia","twitter_site":"@ppdegalicia","twitter_misc":{"Escrito por":"ameneiros","Tiempo de lectura":"3 minutos"},"schema":{"@context":"https:\/\/schema.org","@graph":[{"@type":"Article","@id":"https:\/\/ppdegalicia.com\/es\/cuatro-reconocidos-artistas-gallegos-muestran-su-apoyo-a-alfonso-rueda-una-rueda-que-nos-hace-rodar-a-todos-nosotros\/#article","isPartOf":{"@id":"https:\/\/ppdegalicia.com\/es\/cuatro-reconocidos-artistas-gallegos-muestran-su-apoyo-a-alfonso-rueda-una-rueda-que-nos-hace-rodar-a-todos-nosotros\/"},"author":{"name":"ameneiros","@id":"https:\/\/ppdegalicia.com\/es\/#\/schema\/person\/3f481a8341e73cf305ea60bee4f0175c"},"headline":"Cuatro reconocidos artistas gallegos muestran su apoyo a Alfonso Rueda: \u201cUna rueda que nos hace rodar a todos nosotros\u201d","datePublished":"2024-02-16T15:46:38+00:00","mainEntityOfPage":{"@id":"https:\/\/ppdegalicia.com\/es\/cuatro-reconocidos-artistas-gallegos-muestran-su-apoyo-a-alfonso-rueda-una-rueda-que-nos-hace-rodar-a-todos-nosotros\/"},"wordCount":541,"commentCount":0,"publisher":{"@id":"https:\/\/ppdegalicia.com\/es\/#organization"},"image":{"@id":"https:\/\/ppdegalicia.com\/es\/cuatro-reconocidos-artistas-gallegos-muestran-su-apoyo-a-alfonso-rueda-una-rueda-que-nos-hace-rodar-a-todos-nosotros\/#primaryimage"},"thumbnailUrl":"https:\/\/ppdegalicia.com\/wp-content\/uploads\/2024\/02\/20240216_Artistas_PPdeG-Grande.jpeg","keywords":["18-F","A Galicia que namora","Acislo Manzano","Alfonso Rueda","Ant\u00f3n Lamazares","artistas gallegos","C\u00e9sar Taboada","Galicia","La galicia que funciona","Manolo Paz","Partido Popular de Galicia","pp","PPdeG","PPdeG"],"articleSection":["PP de Galicia"],"inLanguage":"es","potentialAction":[{"@type":"CommentAction","name":"Comment","target":["https:\/\/ppdegalicia.com\/es\/cuatro-reconocidos-artistas-gallegos-muestran-su-apoyo-a-alfonso-rueda-una-rueda-que-nos-hace-rodar-a-todos-nosotros\/#respond"]}]},{"@type":"WebPage","@id":"https:\/\/ppdegalicia.com\/es\/cuatro-reconocidos-artistas-gallegos-muestran-su-apoyo-a-alfonso-rueda-una-rueda-que-nos-hace-rodar-a-todos-nosotros\/","url":"https:\/\/ppdegalicia.com\/es\/cuatro-reconocidos-artistas-gallegos-muestran-su-apoyo-a-alfonso-rueda-una-rueda-que-nos-hace-rodar-a-todos-nosotros\/","name":"Cuatro reconocidos artistas gallegos muestran su apoyo a Alfonso Rueda: \u201cUna rueda que nos hace rodar a todos nosotros\u201d - PP de Galicia","isPartOf":{"@id":"https:\/\/ppdegalicia.com\/es\/#website"},"primaryImageOfPage":{"@id":"https:\/\/ppdegalicia.com\/es\/cuatro-reconocidos-artistas-gallegos-muestran-su-apoyo-a-alfonso-rueda-una-rueda-que-nos-hace-rodar-a-todos-nosotros\/#primaryimage"},"image":{"@id":"https:\/\/ppdegalicia.com\/es\/cuatro-reconocidos-artistas-gallegos-muestran-su-apoyo-a-alfonso-rueda-una-rueda-que-nos-hace-rodar-a-todos-nosotros\/#primaryimage"},"thumbnailUrl":"https:\/\/ppdegalicia.com\/wp-content\/uploads\/2024\/02\/20240216_Artistas_PPdeG-Grande.jpeg","datePublished":"2024-02-16T15:46:38+00:00","breadcrumb":{"@id":"https:\/\/ppdegalicia.com\/es\/cuatro-reconocidos-artistas-gallegos-muestran-su-apoyo-a-alfonso-rueda-una-rueda-que-nos-hace-rodar-a-todos-nosotros\/#breadcrumb"},"inLanguage":"es","potentialAction":[{"@type":"ReadAction","target":["https:\/\/ppdegalicia.com\/es\/cuatro-reconocidos-artistas-gallegos-muestran-su-apoyo-a-alfonso-rueda-una-rueda-que-nos-hace-rodar-a-todos-nosotros\/"]}]},{"@type":"ImageObject","inLanguage":"es","@id":"https:\/\/ppdegalicia.com\/es\/cuatro-reconocidos-artistas-gallegos-muestran-su-apoyo-a-alfonso-rueda-una-rueda-que-nos-hace-rodar-a-todos-nosotros\/#primaryimage","url":"https:\/\/ppdegalicia.com\/wp-content\/uploads\/2024\/02\/20240216_Artistas_PPdeG-Grande.jpeg","contentUrl":"https:\/\/ppdegalicia.com\/wp-content\/uploads\/2024\/02\/20240216_Artistas_PPdeG-Grande.jpeg","width":1280,"height":720,"caption":"Catro reco\u00f1ecidos artistas galegos mostran o seu apoio a Alfonso Rueda: \u201cUnha rueda que nos fai rodar a todos n\u00f3s\u201d"},{"@type":"BreadcrumbList","@id":"https:\/\/ppdegalicia.com\/es\/cuatro-reconocidos-artistas-gallegos-muestran-su-apoyo-a-alfonso-rueda-una-rueda-que-nos-hace-rodar-a-todos-nosotros\/#breadcrumb","itemListElement":[{"@type":"ListItem","position":1,"name":"Portada","item":"https:\/\/ppdegalicia.com\/es\/"},{"@type":"ListItem","position":2,"name":"Cuatro reconocidos artistas gallegos muestran su apoyo a Alfonso Rueda: \u201cUna rueda que nos hace rodar a todos nosotros\u201d"}]},{"@type":"WebSite","@id":"https:\/\/ppdegalicia.com\/es\/#website","url":"https:\/\/ppdegalicia.com\/es\/","name":"Partido Popular de Galicia","description":"Partido Popular de Galicia","publisher":{"@id":"https:\/\/ppdegalicia.com\/es\/#organization"},"alternateName":"PP de Galicia","potentialAction":[{"@type":"SearchAction","target":{"@type":"EntryPoint","urlTemplate":"https:\/\/ppdegalicia.com\/es\/?s={search_term_string}"},"query-input":{"@type":"PropertyValueSpecification","valueRequired":true,"valueName":"search_term_string"}}],"inLanguage":"es"},{"@type":"Organization","@id":"https:\/\/ppdegalicia.com\/es\/#organization","name":"Partido Popular de Galicia","alternateName":"PP de Galicia","url":"https:\/\/ppdegalicia.com\/es\/","logo":{"@type":"ImageObject","inLanguage":"es","@id":"https:\/\/ppdegalicia.com\/es\/#\/schema\/logo\/image\/","url":"https:\/\/ppdegalicia.com\/wp-content\/uploads\/2023\/04\/logoPP512.png","contentUrl":"https:\/\/ppdegalicia.com\/wp-content\/uploads\/2023\/04\/logoPP512.png","width":512,"height":512,"caption":"Partido Popular de Galicia"},"image":{"@id":"https:\/\/ppdegalicia.com\/es\/#\/schema\/logo\/image\/"},"sameAs":["https:\/\/www.instagram.com\/ppdegalicia\/","https:\/\/x.com\/ppdegalicia","https:\/\/www.tiktok.com\/@ppdegalicia","https:\/\/www.youtube.com\/user\/ppdegalicia"]},{"@type":"Person","@id":"https:\/\/ppdegalicia.com\/es\/#\/schema\/person\/3f481a8341e73cf305ea60bee4f0175c","name":"ameneiros","image":{"@type":"ImageObject","inLanguage":"es","@id":"https:\/\/secure.gravatar.com\/avatar\/a674336f544aa8343184e0d8ab3c713c47f8a69d9a89696ff29a298007066f32?s=96&d=mm&r=g","url":"https:\/\/secure.gravatar.com\/avatar\/a674336f544aa8343184e0d8ab3c713c47f8a69d9a89696ff29a298007066f32?s=96&d=mm&r=g","contentUrl":"https:\/\/secure.gravatar.com\/avatar\/a674336f544aa8343184e0d8ab3c713c47f8a69d9a89696ff29a298007066f32?s=96&d=mm&r=g","caption":"ameneiros"},"url":"https:\/\/ppdegalicia.com\/es\/author\/ameneiros\/"}]}},"_links":{"self":[{"href":"https:\/\/ppdegalicia.com\/es\/wp-json\/wp\/v2\/posts\/62247","targetHints":{"allow":["GET"]}}],"collection":[{"href":"https:\/\/ppdegalicia.com\/es\/wp-json\/wp\/v2\/posts"}],"about":[{"href":"https:\/\/ppdegalicia.com\/es\/wp-json\/wp\/v2\/types\/post"}],"author":[{"embeddable":true,"href":"https:\/\/ppdegalicia.com\/es\/wp-json\/wp\/v2\/users\/1"}],"replies":[{"embeddable":true,"href":"https:\/\/ppdegalicia.com\/es\/wp-json\/wp\/v2\/comments?post=62247"}],"version-history":[{"count":0,"href":"https:\/\/ppdegalicia.com\/es\/wp-json\/wp\/v2\/posts\/62247\/revisions"}],"wp:featuredmedia":[{"embeddable":true,"href":"https:\/\/ppdegalicia.com\/es\/wp-json\/wp\/v2\/media\/62245"}],"wp:attachment":[{"href":"https:\/\/ppdegalicia.com\/es\/wp-json\/wp\/v2\/media?parent=62247"}],"wp:term":[{"taxonomy":"category","embeddable":true,"href":"https:\/\/ppdegalicia.com\/es\/wp-json\/wp\/v2\/categories?post=62247"},{"taxonomy":"post_tag","embeddable":true,"href":"https:\/\/ppdegalicia.com\/es\/wp-json\/wp\/v2\/tags?post=62247"}],"curies":[{"name":"wp","href":"https:\/\/api.w.org\/{rel}","templated":true}]}}