{"id":62273,"date":"2024-02-16T23:40:27","date_gmt":"2024-02-16T22:40:27","guid":{"rendered":"https:\/\/ppdegalicia.com\/alfonso-rueda-cada-gallego-viva-donde-viva-y-vote-lo-que-vote-tiene-en-mi-alguien-en-quien-confiar\/"},"modified":"2024-02-16T23:40:27","modified_gmt":"2024-02-16T22:40:27","slug":"alfonso-rueda-cada-gallego-viva-donde-viva-y-vote-lo-que-vote-tiene-en-mi-alguien-en-quien-confiar","status":"publish","type":"post","link":"https:\/\/ppdegalicia.com\/es\/alfonso-rueda-cada-gallego-viva-donde-viva-y-vote-lo-que-vote-tiene-en-mi-alguien-en-quien-confiar\/","title":{"rendered":"Alfonso Rueda: \u201cCada gallego, viva donde viva y vote lo que vote, tiene en m\u00ed alguien en quien confiar\u201d"},"content":{"rendered":"<p><strong>Hoy, en el mitin de cierre de campa\u00f1a en A Coru\u00f1a a lo que asistieron 3.500 personas y en el que tambi\u00e9n participaron el presidente nacional del PP, Alberto N\u00fa\u00f1ez Feij\u00f3o, el cabeza de lista por la provincia, Diego Calvo, y el presidente local del partido, Miguel Lorenzo<\/strong><\/p>\n<ul>\n<li>Si obtiene la confianza de los gallegos para seguir dirigiendo el destino de Galicia, se compromete a \u201cgobernar para todos sin sectarismos, sin adoctrinamientos, sin fronteras y sin divisiones entre buenos y malos\u201d<\/li>\n<li>\u201cVotemos por lo que somos, por lo que es Galicia: una tierra abierta y que quiere un futuro compartido. No es el momento de separarse. Es el momento de superarse y hacerlo juntos y convencidos\u201d, a\u00f1ade<\/li>\n<li>\u201cEste domingo hay que atender a la familia, a los amigos, hacer deporte, descansar, pero sobre todo votar. No hay excusa de ning\u00fan tipo\u201d, afirma<\/li>\n<\/ul>\n<p>El presidente y candidato del PPdeG, Alfonso Rueda, hizo hoy un llamamiento a \u201cseguir construyendo a Galicia que so\u00f1aron nuestros padres y abuelos para poder legarle el mejor a nuestros hijos\u201d, donde a nadie se le pregunte de donde viene o lo que piensa y que solo mire cara el futuro: \u201cCada gallego, viva donde viva y vote lo que vote, tiene en m\u00ed alguien en quien confiar\u201d<\/p>\n<div id='gallery-1' class='gallery galleryid-62273 gallery-columns-3 gallery-size-medium'><figure class='gallery-item'>\n\t\t\t<div class='gallery-icon landscape'>\n\t\t\t\t<a href='https:\/\/ppdegalicia.com\/wp-content\/uploads\/2024\/02\/20240216_ARuedaEnCoruna-3-Grande.jpeg'><img fetchpriority=\"high\" decoding=\"async\" width=\"300\" height=\"200\" src=\"https:\/\/ppdegalicia.com\/wp-content\/uploads\/2024\/02\/20240216_ARuedaEnCoruna-3-Grande-300x200.jpeg\" class=\"attachment-medium size-medium\" alt=\"\" srcset=\"https:\/\/ppdegalicia.com\/wp-content\/uploads\/2024\/02\/20240216_ARuedaEnCoruna-3-Grande-300x200.jpeg 300w, https:\/\/ppdegalicia.com\/wp-content\/uploads\/2024\/02\/20240216_ARuedaEnCoruna-3-Grande-1024x682.jpeg 1024w, https:\/\/ppdegalicia.com\/wp-content\/uploads\/2024\/02\/20240216_ARuedaEnCoruna-3-Grande-768x512.jpeg 768w, https:\/\/ppdegalicia.com\/wp-content\/uploads\/2024\/02\/20240216_ARuedaEnCoruna-3-Grande.jpeg 1280w\" sizes=\"(max-width: 300px) 100vw, 300px\" \/><\/a>\n\t\t\t<\/div><\/figure><figure class='gallery-item'>\n\t\t\t<div class='gallery-icon landscape'>\n\t\t\t\t<a href='https:\/\/ppdegalicia.com\/wp-content\/uploads\/2024\/02\/20240216_ARuedaEnCoruna-2-Grande.jpeg'><img decoding=\"async\" width=\"300\" height=\"200\" src=\"https:\/\/ppdegalicia.com\/wp-content\/uploads\/2024\/02\/20240216_ARuedaEnCoruna-2-Grande-300x200.jpeg\" class=\"attachment-medium size-medium\" alt=\"\" srcset=\"https:\/\/ppdegalicia.com\/wp-content\/uploads\/2024\/02\/20240216_ARuedaEnCoruna-2-Grande-300x200.jpeg 300w, https:\/\/ppdegalicia.com\/wp-content\/uploads\/2024\/02\/20240216_ARuedaEnCoruna-2-Grande-1024x682.jpeg 1024w, https:\/\/ppdegalicia.com\/wp-content\/uploads\/2024\/02\/20240216_ARuedaEnCoruna-2-Grande-768x512.jpeg 768w, https:\/\/ppdegalicia.com\/wp-content\/uploads\/2024\/02\/20240216_ARuedaEnCoruna-2-Grande.jpeg 1280w\" sizes=\"(max-width: 300px) 100vw, 300px\" \/><\/a>\n\t\t\t<\/div><\/figure><figure class='gallery-item'>\n\t\t\t<div class='gallery-icon landscape'>\n\t\t\t\t<a href='https:\/\/ppdegalicia.com\/wp-content\/uploads\/2024\/02\/20240216_ARuedaEnCoruna-1-Grande.jpeg'><img decoding=\"async\" width=\"300\" height=\"178\" src=\"https:\/\/ppdegalicia.com\/wp-content\/uploads\/2024\/02\/20240216_ARuedaEnCoruna-1-Grande-300x178.jpeg\" class=\"attachment-medium size-medium\" alt=\"\" srcset=\"https:\/\/ppdegalicia.com\/wp-content\/uploads\/2024\/02\/20240216_ARuedaEnCoruna-1-Grande-300x178.jpeg 300w, https:\/\/ppdegalicia.com\/wp-content\/uploads\/2024\/02\/20240216_ARuedaEnCoruna-1-Grande-1024x608.jpeg 1024w, https:\/\/ppdegalicia.com\/wp-content\/uploads\/2024\/02\/20240216_ARuedaEnCoruna-1-Grande-768x456.jpeg 768w, https:\/\/ppdegalicia.com\/wp-content\/uploads\/2024\/02\/20240216_ARuedaEnCoruna-1-Grande.jpeg 1280w\" sizes=\"(max-width: 300px) 100vw, 300px\" \/><\/a>\n\t\t\t<\/div><\/figure>\n\t\t<\/div>\n\n<p>El l\u00edder de los populares gallegos inici\u00f3 su intervenci\u00f3n agradeciendo a todos los que hicieron posible una campa\u00f1a electoral \u201cinolvidable\u201d llenando masivamente todos los lugares donde se celebraron m\u00edtines a lo largo de estos 15 d\u00edas, incluidos los gallegos que desde lo exterior \u201cviven Galicia en primera persona, con preocupaci\u00f3n, con actitud constructiva y con sentimiento\u201d.<\/p>\n<p>\u201cEsta gran movilizaci\u00f3n era necesaria y demuestra a los que pensaban que esto no pod\u00eda ser c\u00f3mo siempre que no solo fue como siempre, sino que fue la mejor campa\u00f1a del Partido Popular de Galicia\u201d, afirm\u00f3 antes de pedir a los suyos un \u00faltimo empuj\u00f3n para seguir trabajando \u201ccon convicci\u00f3n y disposici\u00f3n a hablar con quien quiera escuchar\u201d hasta el 18 de febrero.<\/p>\n<p>Subray\u00f3 acto seguido que no importa el tiempo que haga el domingo, ya que lo que realmente importa es votar y llenar las urnas: \u201cEste domingo hay que atender a la familia, a los amigos, hacer deporte, descansar, pero sobre todo votar. No hay excusa de ning\u00fan tipo. Y, si votamos, el domingo por la noche celebraremos y el lunes nos pondremos a trabajar\u201d.<\/p>\n<p>Alfonso Rueda aprovech\u00f3 este \u00faltimo d\u00eda de campa\u00f1a para volver a pedir el voto \u201cpara la Galicia que funciona\u201d dirigi\u00e9ndose tanto a todos aquellos que sabe con seguridad que lo van a votar c\u00f3mo a aquellos que, m\u00e1s que nunca, \u201cest\u00e1n esperando que alguien les pida su confianza con argumentos y convicci\u00f3n\u201d.<\/p>\n<p>A todos ellos les da su palabra de que no va a renunciar la nada de lo que prometi\u00f3 en campa\u00f1a, ni har\u00e1 cosas que dijo que no har\u00eda. Remarcando que todo aquel que vota al PPdeG tiene que tener claro que vota a un partido que \u201ccumple sus compromisos porque cree en el valor de la palabra dada\u201d.<\/p>\n<p>Pidi\u00f3 as\u00ed la confianza de todos esos votantes del PSOE que ya no reconocen ni entienden a un partido \u201crendido a las \u00f3rdenes de los de arriba y totalmente entregado al independentismo\u201d. A todos esos \u201cverdaderos socialistas\u201d les asegur\u00f3 que pueden confiar en \u00e9l al igual que aquellos que en otras ocasiones votaron la otras formaciones: \u201cEsta vez os necesitamos m\u00e1s que nunca\u201d.<\/p>\n<p>\u201cDespu\u00e9s de que todos hagamos una reflexi\u00f3n y de que cada uno vote el que estime conveniente, yo me comprometo la que, se obtengo la confianza de los gallegos para seguir dirigiendo el destino de Galicia, a gobernar para todos sin sectarismos, sin adoctrinamientos, sin fronteras y sin divisiones entre buenos y malos\u201d, afirm\u00f3.<\/p>\n<h4>\u201cEN GALICIA CABEMOS TODOS\u201d<\/p>\n<h4>\nAlfonso Rueda reivindic\u00f3 \u201clibertad para sentir, vivir y hablar en una Galicia en la que cabemos todos\u201d frente aquellos que piensan que \u201csolo sirve su manera de pensar, que solo hay una manera de sentir y de ver la vida\u201d y \u201cno entienden el orgullo y el reconocimiento que supone tener dos lenguas en las que poder hablar\u201d.<\/p>\n<p>\u201cEste domingo votemos por lo que somos, por lo que es Galicia: una tierra abierta y que quiere un futuro compartido. No es el momento de separarse. Es el momento de superarse y hacerlo juntos y convencidos\u201d, a\u00f1adi\u00f3 convencido de que \u201cen una Galicia que se supere hay muchas m\u00e1s ventajas que en una Galicia que se separe\u201d.<\/p>\n<p>Defendi\u00f3 as\u00ed a Galicia del \u00absentidi\u00f1o\u00bb, que convive tranquila y sin crisparse, que es l\u00edder en formaci\u00f3n de la gente nueva, en innovaci\u00f3n, en apoyo a las familias, en servicios p\u00fablicos y en la que cada joven ha garantizado un futuro a trav\u00e9s de la ense\u00f1anza en todas las etapas educativas.<\/p>\n<p>Y, del mismo modo, abog\u00f3 por una Galicia que siga ofreciendo alternativas al abandono escolar, en la que se paguen cada vez menos impuestos, que est\u00e9 mejor comunicada, que respete a los mayores, que respete su patrimonio natural y cultural y que aproveche las oportunidades de crear empleo y riqueza.<\/p>\n<p>\u201cQuiero una Galicia en la que cada gallego pueda elegir como vivir y como quiere que sea su propia historia. Una Galicia sin imposiciones, que viva en libertad, en plenitud y sin complejos. Una Galicia orgullosa de s\u00ed misma y que no tenga necesidad de mirar #cara otros lados ni de importar modelos fracasados\u201d, concluy\u00f3 Rueda pidiendo a todos los gallegos que \u201cvoten con orgullo del que somos\u201d.<\/p>\n","protected":false},"excerpt":{"rendered":"<p>Hoy, en el mitin de cierre de campa\u00f1a en A Coru\u00f1a a lo que asistieron 3.500 personas y en el que tambi\u00e9n participaron el presidente nacional del PP, Alberto N\u00fa\u00f1ez Feij\u00f3o, el cabeza de lista por la provincia, Diego Calvo, y el presidente local del partido, Miguel Lorenzo Si obtiene la confianza de los gallegos [&hellip;]<\/p>\n","protected":false},"author":1,"featured_media":62269,"comment_status":"open","ping_status":"open","sticky":false,"template":"","format":"standard","meta":{"_acf_changed":false,"footnotes":""},"categories":[2398],"tags":[2466,2531,2520,2571,2410,2505,2465,2570,2420,2404,2451,2452,2422],"class_list":["post-62273","post","type-post","status-publish","format-standard","has-post-thumbnail","hentry","category-pp-de-galicia-es","tag-18-f-es","tag-a-coruna-es","tag-a-galicia-que-namora-es","tag-alberto-nunez-feijoo-es","tag-alfonso-rueda-es","tag-diego-calvo-es","tag-la-galicia-que-funciona","tag-miguel-lorenzo-es","tag-mitin-es","tag-partido-popular-de-galicia-es","tag-pp-es","tag-ppdeg-es-2","tag-ppdeg-es"],"acf":[],"yoast_head":"<!-- This site is optimized with the Yoast SEO plugin v27.3 - https:\/\/yoast.com\/product\/yoast-seo-wordpress\/ -->\n<title>Alfonso Rueda: \u201cCada gallego, viva donde viva y vote lo que vote, tiene en m\u00ed alguien en quien confiar\u201d - PP de Galicia<\/title>\n<meta name=\"robots\" content=\"index, follow, max-snippet:-1, max-image-preview:large, max-video-preview:-1\" \/>\n<link rel=\"canonical\" href=\"https:\/\/ppdegalicia.com\/es\/alfonso-rueda-cada-gallego-viva-donde-viva-y-vote-lo-que-vote-tiene-en-mi-alguien-en-quien-confiar\/\" \/>\n<meta property=\"og:locale\" content=\"es_ES\" \/>\n<meta property=\"og:type\" content=\"article\" \/>\n<meta property=\"og:title\" content=\"Alfonso Rueda: \u201cCada gallego, viva donde viva y vote lo que vote, tiene en m\u00ed alguien en quien confiar\u201d - PP de Galicia\" \/>\n<meta property=\"og:description\" content=\"Hoy, en el mitin de cierre de campa\u00f1a en A Coru\u00f1a a lo que asistieron 3.500 personas y en el que tambi\u00e9n participaron el presidente nacional del PP, Alberto N\u00fa\u00f1ez Feij\u00f3o, el cabeza de lista por la provincia, Diego Calvo, y el presidente local del partido, Miguel Lorenzo Si obtiene la confianza de los gallegos [&hellip;]\" \/>\n<meta property=\"og:url\" content=\"https:\/\/ppdegalicia.com\/es\/alfonso-rueda-cada-gallego-viva-donde-viva-y-vote-lo-que-vote-tiene-en-mi-alguien-en-quien-confiar\/\" \/>\n<meta property=\"og:site_name\" content=\"PP de Galicia\" \/>\n<meta property=\"article:publisher\" content=\"https:\/\/www.instagram.com\/ppdegalicia\/\" \/>\n<meta property=\"article:published_time\" content=\"2024-02-16T22:40:27+00:00\" \/>\n<meta property=\"og:image\" content=\"https:\/\/ppdegalicia.com\/wp-content\/uploads\/2024\/02\/20240216_ARuedaEnCoruna-2-Grande.jpeg\" \/>\n\t<meta property=\"og:image:width\" content=\"1280\" \/>\n\t<meta property=\"og:image:height\" content=\"853\" \/>\n\t<meta property=\"og:image:type\" content=\"image\/jpeg\" \/>\n<meta name=\"author\" content=\"ameneiros\" \/>\n<meta name=\"twitter:card\" content=\"summary_large_image\" \/>\n<meta name=\"twitter:creator\" content=\"@ppdegalicia\" \/>\n<meta name=\"twitter:site\" content=\"@ppdegalicia\" \/>\n<meta name=\"twitter:label1\" content=\"Escrito por\" \/>\n\t<meta name=\"twitter:data1\" content=\"ameneiros\" \/>\n\t<meta name=\"twitter:label2\" content=\"Tiempo de lectura\" \/>\n\t<meta name=\"twitter:data2\" content=\"5 minutos\" \/>\n<script type=\"application\/ld+json\" class=\"yoast-schema-graph\">{\"@context\":\"https:\\\/\\\/schema.org\",\"@graph\":[{\"@type\":\"Article\",\"@id\":\"https:\\\/\\\/ppdegalicia.com\\\/es\\\/alfonso-rueda-cada-gallego-viva-donde-viva-y-vote-lo-que-vote-tiene-en-mi-alguien-en-quien-confiar\\\/#article\",\"isPartOf\":{\"@id\":\"https:\\\/\\\/ppdegalicia.com\\\/es\\\/alfonso-rueda-cada-gallego-viva-donde-viva-y-vote-lo-que-vote-tiene-en-mi-alguien-en-quien-confiar\\\/\"},\"author\":{\"name\":\"ameneiros\",\"@id\":\"https:\\\/\\\/ppdegalicia.com\\\/es\\\/#\\\/schema\\\/person\\\/3f481a8341e73cf305ea60bee4f0175c\"},\"headline\":\"Alfonso Rueda: \u201cCada gallego, viva donde viva y vote lo que vote, tiene en m\u00ed alguien en quien confiar\u201d\",\"datePublished\":\"2024-02-16T22:40:27+00:00\",\"mainEntityOfPage\":{\"@id\":\"https:\\\/\\\/ppdegalicia.com\\\/es\\\/alfonso-rueda-cada-gallego-viva-donde-viva-y-vote-lo-que-vote-tiene-en-mi-alguien-en-quien-confiar\\\/\"},\"wordCount\":975,\"commentCount\":0,\"publisher\":{\"@id\":\"https:\\\/\\\/ppdegalicia.com\\\/es\\\/#organization\"},\"image\":{\"@id\":\"https:\\\/\\\/ppdegalicia.com\\\/es\\\/alfonso-rueda-cada-gallego-viva-donde-viva-y-vote-lo-que-vote-tiene-en-mi-alguien-en-quien-confiar\\\/#primaryimage\"},\"thumbnailUrl\":\"https:\\\/\\\/ppdegalicia.com\\\/wp-content\\\/uploads\\\/2024\\\/02\\\/20240216_ARuedaEnCoruna-2-Grande.jpeg\",\"keywords\":[\"18-F\",\"A Coru\u00f1a\",\"A Galicia que namora\",\"Alberto N\u00fa\u00f1ez Feij\u00f3o\",\"Alfonso Rueda\",\"Diego Calvo\",\"La galicia que funciona\",\"Miguel Lorenzo\",\"mitin\",\"Partido Popular de Galicia\",\"pp\",\"PPdeG\",\"PPdeG\"],\"articleSection\":[\"PP de Galicia\"],\"inLanguage\":\"es\",\"potentialAction\":[{\"@type\":\"CommentAction\",\"name\":\"Comment\",\"target\":[\"https:\\\/\\\/ppdegalicia.com\\\/es\\\/alfonso-rueda-cada-gallego-viva-donde-viva-y-vote-lo-que-vote-tiene-en-mi-alguien-en-quien-confiar\\\/#respond\"]}]},{\"@type\":\"WebPage\",\"@id\":\"https:\\\/\\\/ppdegalicia.com\\\/es\\\/alfonso-rueda-cada-gallego-viva-donde-viva-y-vote-lo-que-vote-tiene-en-mi-alguien-en-quien-confiar\\\/\",\"url\":\"https:\\\/\\\/ppdegalicia.com\\\/es\\\/alfonso-rueda-cada-gallego-viva-donde-viva-y-vote-lo-que-vote-tiene-en-mi-alguien-en-quien-confiar\\\/\",\"name\":\"Alfonso Rueda: \u201cCada gallego, viva donde viva y vote lo que vote, tiene en m\u00ed alguien en quien confiar\u201d - PP de Galicia\",\"isPartOf\":{\"@id\":\"https:\\\/\\\/ppdegalicia.com\\\/es\\\/#website\"},\"primaryImageOfPage\":{\"@id\":\"https:\\\/\\\/ppdegalicia.com\\\/es\\\/alfonso-rueda-cada-gallego-viva-donde-viva-y-vote-lo-que-vote-tiene-en-mi-alguien-en-quien-confiar\\\/#primaryimage\"},\"image\":{\"@id\":\"https:\\\/\\\/ppdegalicia.com\\\/es\\\/alfonso-rueda-cada-gallego-viva-donde-viva-y-vote-lo-que-vote-tiene-en-mi-alguien-en-quien-confiar\\\/#primaryimage\"},\"thumbnailUrl\":\"https:\\\/\\\/ppdegalicia.com\\\/wp-content\\\/uploads\\\/2024\\\/02\\\/20240216_ARuedaEnCoruna-2-Grande.jpeg\",\"datePublished\":\"2024-02-16T22:40:27+00:00\",\"breadcrumb\":{\"@id\":\"https:\\\/\\\/ppdegalicia.com\\\/es\\\/alfonso-rueda-cada-gallego-viva-donde-viva-y-vote-lo-que-vote-tiene-en-mi-alguien-en-quien-confiar\\\/#breadcrumb\"},\"inLanguage\":\"es\",\"potentialAction\":[{\"@type\":\"ReadAction\",\"target\":[\"https:\\\/\\\/ppdegalicia.com\\\/es\\\/alfonso-rueda-cada-gallego-viva-donde-viva-y-vote-lo-que-vote-tiene-en-mi-alguien-en-quien-confiar\\\/\"]}]},{\"@type\":\"ImageObject\",\"inLanguage\":\"es\",\"@id\":\"https:\\\/\\\/ppdegalicia.com\\\/es\\\/alfonso-rueda-cada-gallego-viva-donde-viva-y-vote-lo-que-vote-tiene-en-mi-alguien-en-quien-confiar\\\/#primaryimage\",\"url\":\"https:\\\/\\\/ppdegalicia.com\\\/wp-content\\\/uploads\\\/2024\\\/02\\\/20240216_ARuedaEnCoruna-2-Grande.jpeg\",\"contentUrl\":\"https:\\\/\\\/ppdegalicia.com\\\/wp-content\\\/uploads\\\/2024\\\/02\\\/20240216_ARuedaEnCoruna-2-Grande.jpeg\",\"width\":1280,\"height\":853},{\"@type\":\"BreadcrumbList\",\"@id\":\"https:\\\/\\\/ppdegalicia.com\\\/es\\\/alfonso-rueda-cada-gallego-viva-donde-viva-y-vote-lo-que-vote-tiene-en-mi-alguien-en-quien-confiar\\\/#breadcrumb\",\"itemListElement\":[{\"@type\":\"ListItem\",\"position\":1,\"name\":\"Portada\",\"item\":\"https:\\\/\\\/ppdegalicia.com\\\/es\\\/\"},{\"@type\":\"ListItem\",\"position\":2,\"name\":\"Alfonso Rueda: \u201cCada gallego, viva donde viva y vote lo que vote, tiene en m\u00ed alguien en quien confiar\u201d\"}]},{\"@type\":\"WebSite\",\"@id\":\"https:\\\/\\\/ppdegalicia.com\\\/es\\\/#website\",\"url\":\"https:\\\/\\\/ppdegalicia.com\\\/es\\\/\",\"name\":\"Partido Popular de Galicia\",\"description\":\"Partido Popular de Galicia\",\"publisher\":{\"@id\":\"https:\\\/\\\/ppdegalicia.com\\\/es\\\/#organization\"},\"alternateName\":\"PP de Galicia\",\"potentialAction\":[{\"@type\":\"SearchAction\",\"target\":{\"@type\":\"EntryPoint\",\"urlTemplate\":\"https:\\\/\\\/ppdegalicia.com\\\/es\\\/?s={search_term_string}\"},\"query-input\":{\"@type\":\"PropertyValueSpecification\",\"valueRequired\":true,\"valueName\":\"search_term_string\"}}],\"inLanguage\":\"es\"},{\"@type\":\"Organization\",\"@id\":\"https:\\\/\\\/ppdegalicia.com\\\/es\\\/#organization\",\"name\":\"Partido Popular de Galicia\",\"alternateName\":\"PP de Galicia\",\"url\":\"https:\\\/\\\/ppdegalicia.com\\\/es\\\/\",\"logo\":{\"@type\":\"ImageObject\",\"inLanguage\":\"es\",\"@id\":\"https:\\\/\\\/ppdegalicia.com\\\/es\\\/#\\\/schema\\\/logo\\\/image\\\/\",\"url\":\"https:\\\/\\\/ppdegalicia.com\\\/wp-content\\\/uploads\\\/2023\\\/04\\\/logoPP512.png\",\"contentUrl\":\"https:\\\/\\\/ppdegalicia.com\\\/wp-content\\\/uploads\\\/2023\\\/04\\\/logoPP512.png\",\"width\":512,\"height\":512,\"caption\":\"Partido Popular de Galicia\"},\"image\":{\"@id\":\"https:\\\/\\\/ppdegalicia.com\\\/es\\\/#\\\/schema\\\/logo\\\/image\\\/\"},\"sameAs\":[\"https:\\\/\\\/www.instagram.com\\\/ppdegalicia\\\/\",\"https:\\\/\\\/x.com\\\/ppdegalicia\",\"https:\\\/\\\/www.tiktok.com\\\/@ppdegalicia\",\"https:\\\/\\\/www.youtube.com\\\/user\\\/ppdegalicia\"]},{\"@type\":\"Person\",\"@id\":\"https:\\\/\\\/ppdegalicia.com\\\/es\\\/#\\\/schema\\\/person\\\/3f481a8341e73cf305ea60bee4f0175c\",\"name\":\"ameneiros\",\"image\":{\"@type\":\"ImageObject\",\"inLanguage\":\"es\",\"@id\":\"https:\\\/\\\/secure.gravatar.com\\\/avatar\\\/a674336f544aa8343184e0d8ab3c713c47f8a69d9a89696ff29a298007066f32?s=96&d=mm&r=g\",\"url\":\"https:\\\/\\\/secure.gravatar.com\\\/avatar\\\/a674336f544aa8343184e0d8ab3c713c47f8a69d9a89696ff29a298007066f32?s=96&d=mm&r=g\",\"contentUrl\":\"https:\\\/\\\/secure.gravatar.com\\\/avatar\\\/a674336f544aa8343184e0d8ab3c713c47f8a69d9a89696ff29a298007066f32?s=96&d=mm&r=g\",\"caption\":\"ameneiros\"},\"url\":\"https:\\\/\\\/ppdegalicia.com\\\/es\\\/author\\\/ameneiros\\\/\"}]}<\/script>\n<!-- \/ Yoast SEO plugin. -->","yoast_head_json":{"title":"Alfonso Rueda: \u201cCada gallego, viva donde viva y vote lo que vote, tiene en m\u00ed alguien en quien confiar\u201d - PP de Galicia","robots":{"index":"index","follow":"follow","max-snippet":"max-snippet:-1","max-image-preview":"max-image-preview:large","max-video-preview":"max-video-preview:-1"},"canonical":"https:\/\/ppdegalicia.com\/es\/alfonso-rueda-cada-gallego-viva-donde-viva-y-vote-lo-que-vote-tiene-en-mi-alguien-en-quien-confiar\/","og_locale":"es_ES","og_type":"article","og_title":"Alfonso Rueda: \u201cCada gallego, viva donde viva y vote lo que vote, tiene en m\u00ed alguien en quien confiar\u201d - PP de Galicia","og_description":"Hoy, en el mitin de cierre de campa\u00f1a en A Coru\u00f1a a lo que asistieron 3.500 personas y en el que tambi\u00e9n participaron el presidente nacional del PP, Alberto N\u00fa\u00f1ez Feij\u00f3o, el cabeza de lista por la provincia, Diego Calvo, y el presidente local del partido, Miguel Lorenzo Si obtiene la confianza de los gallegos [&hellip;]","og_url":"https:\/\/ppdegalicia.com\/es\/alfonso-rueda-cada-gallego-viva-donde-viva-y-vote-lo-que-vote-tiene-en-mi-alguien-en-quien-confiar\/","og_site_name":"PP de Galicia","article_publisher":"https:\/\/www.instagram.com\/ppdegalicia\/","article_published_time":"2024-02-16T22:40:27+00:00","og_image":[{"width":1280,"height":853,"url":"https:\/\/ppdegalicia.com\/wp-content\/uploads\/2024\/02\/20240216_ARuedaEnCoruna-2-Grande.jpeg","type":"image\/jpeg"}],"author":"ameneiros","twitter_card":"summary_large_image","twitter_creator":"@ppdegalicia","twitter_site":"@ppdegalicia","twitter_misc":{"Escrito por":"ameneiros","Tiempo de lectura":"5 minutos"},"schema":{"@context":"https:\/\/schema.org","@graph":[{"@type":"Article","@id":"https:\/\/ppdegalicia.com\/es\/alfonso-rueda-cada-gallego-viva-donde-viva-y-vote-lo-que-vote-tiene-en-mi-alguien-en-quien-confiar\/#article","isPartOf":{"@id":"https:\/\/ppdegalicia.com\/es\/alfonso-rueda-cada-gallego-viva-donde-viva-y-vote-lo-que-vote-tiene-en-mi-alguien-en-quien-confiar\/"},"author":{"name":"ameneiros","@id":"https:\/\/ppdegalicia.com\/es\/#\/schema\/person\/3f481a8341e73cf305ea60bee4f0175c"},"headline":"Alfonso Rueda: \u201cCada gallego, viva donde viva y vote lo que vote, tiene en m\u00ed alguien en quien confiar\u201d","datePublished":"2024-02-16T22:40:27+00:00","mainEntityOfPage":{"@id":"https:\/\/ppdegalicia.com\/es\/alfonso-rueda-cada-gallego-viva-donde-viva-y-vote-lo-que-vote-tiene-en-mi-alguien-en-quien-confiar\/"},"wordCount":975,"commentCount":0,"publisher":{"@id":"https:\/\/ppdegalicia.com\/es\/#organization"},"image":{"@id":"https:\/\/ppdegalicia.com\/es\/alfonso-rueda-cada-gallego-viva-donde-viva-y-vote-lo-que-vote-tiene-en-mi-alguien-en-quien-confiar\/#primaryimage"},"thumbnailUrl":"https:\/\/ppdegalicia.com\/wp-content\/uploads\/2024\/02\/20240216_ARuedaEnCoruna-2-Grande.jpeg","keywords":["18-F","A Coru\u00f1a","A Galicia que namora","Alberto N\u00fa\u00f1ez Feij\u00f3o","Alfonso Rueda","Diego Calvo","La galicia que funciona","Miguel Lorenzo","mitin","Partido Popular de Galicia","pp","PPdeG","PPdeG"],"articleSection":["PP de Galicia"],"inLanguage":"es","potentialAction":[{"@type":"CommentAction","name":"Comment","target":["https:\/\/ppdegalicia.com\/es\/alfonso-rueda-cada-gallego-viva-donde-viva-y-vote-lo-que-vote-tiene-en-mi-alguien-en-quien-confiar\/#respond"]}]},{"@type":"WebPage","@id":"https:\/\/ppdegalicia.com\/es\/alfonso-rueda-cada-gallego-viva-donde-viva-y-vote-lo-que-vote-tiene-en-mi-alguien-en-quien-confiar\/","url":"https:\/\/ppdegalicia.com\/es\/alfonso-rueda-cada-gallego-viva-donde-viva-y-vote-lo-que-vote-tiene-en-mi-alguien-en-quien-confiar\/","name":"Alfonso Rueda: \u201cCada gallego, viva donde viva y vote lo que vote, tiene en m\u00ed alguien en quien confiar\u201d - PP de Galicia","isPartOf":{"@id":"https:\/\/ppdegalicia.com\/es\/#website"},"primaryImageOfPage":{"@id":"https:\/\/ppdegalicia.com\/es\/alfonso-rueda-cada-gallego-viva-donde-viva-y-vote-lo-que-vote-tiene-en-mi-alguien-en-quien-confiar\/#primaryimage"},"image":{"@id":"https:\/\/ppdegalicia.com\/es\/alfonso-rueda-cada-gallego-viva-donde-viva-y-vote-lo-que-vote-tiene-en-mi-alguien-en-quien-confiar\/#primaryimage"},"thumbnailUrl":"https:\/\/ppdegalicia.com\/wp-content\/uploads\/2024\/02\/20240216_ARuedaEnCoruna-2-Grande.jpeg","datePublished":"2024-02-16T22:40:27+00:00","breadcrumb":{"@id":"https:\/\/ppdegalicia.com\/es\/alfonso-rueda-cada-gallego-viva-donde-viva-y-vote-lo-que-vote-tiene-en-mi-alguien-en-quien-confiar\/#breadcrumb"},"inLanguage":"es","potentialAction":[{"@type":"ReadAction","target":["https:\/\/ppdegalicia.com\/es\/alfonso-rueda-cada-gallego-viva-donde-viva-y-vote-lo-que-vote-tiene-en-mi-alguien-en-quien-confiar\/"]}]},{"@type":"ImageObject","inLanguage":"es","@id":"https:\/\/ppdegalicia.com\/es\/alfonso-rueda-cada-gallego-viva-donde-viva-y-vote-lo-que-vote-tiene-en-mi-alguien-en-quien-confiar\/#primaryimage","url":"https:\/\/ppdegalicia.com\/wp-content\/uploads\/2024\/02\/20240216_ARuedaEnCoruna-2-Grande.jpeg","contentUrl":"https:\/\/ppdegalicia.com\/wp-content\/uploads\/2024\/02\/20240216_ARuedaEnCoruna-2-Grande.jpeg","width":1280,"height":853},{"@type":"BreadcrumbList","@id":"https:\/\/ppdegalicia.com\/es\/alfonso-rueda-cada-gallego-viva-donde-viva-y-vote-lo-que-vote-tiene-en-mi-alguien-en-quien-confiar\/#breadcrumb","itemListElement":[{"@type":"ListItem","position":1,"name":"Portada","item":"https:\/\/ppdegalicia.com\/es\/"},{"@type":"ListItem","position":2,"name":"Alfonso Rueda: \u201cCada gallego, viva donde viva y vote lo que vote, tiene en m\u00ed alguien en quien confiar\u201d"}]},{"@type":"WebSite","@id":"https:\/\/ppdegalicia.com\/es\/#website","url":"https:\/\/ppdegalicia.com\/es\/","name":"Partido Popular de Galicia","description":"Partido Popular de Galicia","publisher":{"@id":"https:\/\/ppdegalicia.com\/es\/#organization"},"alternateName":"PP de Galicia","potentialAction":[{"@type":"SearchAction","target":{"@type":"EntryPoint","urlTemplate":"https:\/\/ppdegalicia.com\/es\/?s={search_term_string}"},"query-input":{"@type":"PropertyValueSpecification","valueRequired":true,"valueName":"search_term_string"}}],"inLanguage":"es"},{"@type":"Organization","@id":"https:\/\/ppdegalicia.com\/es\/#organization","name":"Partido Popular de Galicia","alternateName":"PP de Galicia","url":"https:\/\/ppdegalicia.com\/es\/","logo":{"@type":"ImageObject","inLanguage":"es","@id":"https:\/\/ppdegalicia.com\/es\/#\/schema\/logo\/image\/","url":"https:\/\/ppdegalicia.com\/wp-content\/uploads\/2023\/04\/logoPP512.png","contentUrl":"https:\/\/ppdegalicia.com\/wp-content\/uploads\/2023\/04\/logoPP512.png","width":512,"height":512,"caption":"Partido Popular de Galicia"},"image":{"@id":"https:\/\/ppdegalicia.com\/es\/#\/schema\/logo\/image\/"},"sameAs":["https:\/\/www.instagram.com\/ppdegalicia\/","https:\/\/x.com\/ppdegalicia","https:\/\/www.tiktok.com\/@ppdegalicia","https:\/\/www.youtube.com\/user\/ppdegalicia"]},{"@type":"Person","@id":"https:\/\/ppdegalicia.com\/es\/#\/schema\/person\/3f481a8341e73cf305ea60bee4f0175c","name":"ameneiros","image":{"@type":"ImageObject","inLanguage":"es","@id":"https:\/\/secure.gravatar.com\/avatar\/a674336f544aa8343184e0d8ab3c713c47f8a69d9a89696ff29a298007066f32?s=96&d=mm&r=g","url":"https:\/\/secure.gravatar.com\/avatar\/a674336f544aa8343184e0d8ab3c713c47f8a69d9a89696ff29a298007066f32?s=96&d=mm&r=g","contentUrl":"https:\/\/secure.gravatar.com\/avatar\/a674336f544aa8343184e0d8ab3c713c47f8a69d9a89696ff29a298007066f32?s=96&d=mm&r=g","caption":"ameneiros"},"url":"https:\/\/ppdegalicia.com\/es\/author\/ameneiros\/"}]}},"_links":{"self":[{"href":"https:\/\/ppdegalicia.com\/es\/wp-json\/wp\/v2\/posts\/62273","targetHints":{"allow":["GET"]}}],"collection":[{"href":"https:\/\/ppdegalicia.com\/es\/wp-json\/wp\/v2\/posts"}],"about":[{"href":"https:\/\/ppdegalicia.com\/es\/wp-json\/wp\/v2\/types\/post"}],"author":[{"embeddable":true,"href":"https:\/\/ppdegalicia.com\/es\/wp-json\/wp\/v2\/users\/1"}],"replies":[{"embeddable":true,"href":"https:\/\/ppdegalicia.com\/es\/wp-json\/wp\/v2\/comments?post=62273"}],"version-history":[{"count":0,"href":"https:\/\/ppdegalicia.com\/es\/wp-json\/wp\/v2\/posts\/62273\/revisions"}],"wp:featuredmedia":[{"embeddable":true,"href":"https:\/\/ppdegalicia.com\/es\/wp-json\/wp\/v2\/media\/62269"}],"wp:attachment":[{"href":"https:\/\/ppdegalicia.com\/es\/wp-json\/wp\/v2\/media?parent=62273"}],"wp:term":[{"taxonomy":"category","embeddable":true,"href":"https:\/\/ppdegalicia.com\/es\/wp-json\/wp\/v2\/categories?post=62273"},{"taxonomy":"post_tag","embeddable":true,"href":"https:\/\/ppdegalicia.com\/es\/wp-json\/wp\/v2\/tags?post=62273"}],"curies":[{"name":"wp","href":"https:\/\/api.w.org\/{rel}","templated":true}]}}