{"id":62283,"date":"2024-02-17T18:12:13","date_gmt":"2024-02-17T17:12:13","guid":{"rendered":"https:\/\/ppdegalicia.com\/la-jornada-de-reflexion-de-alfonso-rueda\/"},"modified":"2024-02-17T18:12:13","modified_gmt":"2024-02-17T17:12:13","slug":"la-jornada-de-reflexion-de-alfonso-rueda","status":"publish","type":"post","link":"https:\/\/ppdegalicia.com\/es\/la-jornada-de-reflexion-de-alfonso-rueda\/","title":{"rendered":"La jornada de reflexi\u00f3n de Alfonso Rueda"},"content":{"rendered":"<p>Durante la jornada de reflexi\u00f3n de este s\u00e1bado, 17 de febrero, el presidente y candidato del Partido Popular de Galicia, <strong>Alfonso Rueda,<strong> sali\u00f3 caminar la primera hora de esta ma\u00f1ana con su mujer Marta y sus hijas, Bea y Marta, por el Monte Pedroso de <strong>Santiago de Compostela,<strong> donde tambi\u00e9n aprovecharon para sentarse a charlar al aire libre.<\/p>\n<p>En este d\u00eda tambi\u00e9n acudi\u00f3 a <strong>Mar\u00edn,<strong> como presidente de la Xunta, al homenaje a las v\u00edctimas del Villa de Pitanxo.<\/p>\n<p>El resto del d\u00eda lo pasar\u00e1 con la familia y asistir\u00e1, como hace habitualmente, a ver el partido del RC Celta de Vigo al <strong>estadio de Balaidos,<strong> frente al FC Barcelona.<\/p>\n<p>La pasada noche, despu\u00e9s del multitudinario mitin de Ourense, grab\u00f3 el \u00faltimo videoblog diario Galicia Rueda acompa\u00f1ado de su madre, Lola de Valenzuela, que le dese\u00f3 \u00abmucha suerte\u00bb.<\/p>\n<blockquote class=\"instagram-media\" style=\"background: #FFF; border: 0; border-radius: 3px; box-shadow: 0 0 1px 0 rgba(0,0,0,0.5),0 1px 10px 0 rgba(0,0,0,0.15); margin: 1px; max-width: 540px; min-width: 326px; padding: 0; width: calc(100% - 2px);\" data-instgrm-captioned=\"\" data-instgrm-permalink=\"https:\/\/www.instagram.com\/reel\/C3bWT1otd-l\/?utm_source=ig_embed&#038;utm_campaign=loading\" data-instgrm-version=\"14\">\n<div style=\"padding: 16px;\">\n<p>\u00a0<\/p>\n<div style=\"display: flex; flex-direction: row; align-items: center;\">\n<div style=\"background-color: #f4f4f4; border-radius: 50%; flex-grow: 0; height: 40px; margin-right: 14px; width: 40px;\"><\/div>\n<div style=\"display: flex; flex-direction: column; flex-grow: 1; justify-content: center;\">\n<div style=\"background-color: #f4f4f4; border-radius: 4px; flex-grow: 0; height: 14px; margin-bottom: 6px; width: 100px;\"><\/div>\n<div style=\"background-color: #f4f4f4; border-radius: 4px; flex-grow: 0; height: 14px; width: 60px;\"><\/div>\n<\/div>\n<\/div>\n<div style=\"padding: 19% 0;\"><\/div>\n<div style=\"display: block; height: 50px; margin: 0 auto 12px; width: 50px;\"><\/div>\n<div style=\"padding-top: 8px;\">\n<div style=\"color: #3897f0; font-family: Arial,sans-serif; font-size: 14px; font-style: normal; font-weight: 550; line-height: 18px;\">Ver esta publicaci\u00f3n en Instagram<\/div>\n<\/div>\n<div style=\"padding: 12.5% 0;\"><\/div>\n<div style=\"display: flex; flex-direction: row; margin-bottom: 14px; align-items: center;\">\n<div>\n<div style=\"background-color: #f4f4f4; border-radius: 50%; height: 12.5px; width: 12.5px; transform: translateX(0px) translateY(7px);\"><\/div>\n<div style=\"background-color: #f4f4f4; height: 12.5px; transform: rotate(-45deg) translateX(3px) translateY(1px); width: 12.5px; flex-grow: 0; margin-right: 14px; margin-left: 2px;\"><\/div>\n<div style=\"background-color: #f4f4f4; border-radius: 50%; height: 12.5px; width: 12.5px; transform: translateX(9px) translateY(-18px);\"><\/div>\n<\/div>\n<div style=\"margin-left: 8px;\">\n<div style=\"background-color: #f4f4f4; border-radius: 50%; flex-grow: 0; height: 20px; width: 20px;\"><\/div>\n<div style=\"width: 0; height: 0; border-top: 2px solid transparent; border-left: 6px solid #f4f4f4; border-bottom: 2px solid transparent; transform: translateX(16px) translateY(-4px) rotate(30deg);\"><\/div>\n<\/div>\n<div style=\"margin-left: auto;\">\n<div style=\"width: 0px; border-top: 8px solid #F4F4F4; border-right: 8px solid transparent; transform: translateY(16px);\"><\/div>\n<div style=\"background-color: #f4f4f4; flex-grow: 0; height: 12px; width: 16px; transform: translateY(-4px);\"><\/div>\n<div style=\"width: 0; height: 0; border-top: 8px solid #F4F4F4; border-left: 8px solid transparent; transform: translateY(-4px) translateX(8px);\"><\/div>\n<\/div>\n<\/div>\n<div style=\"display: flex; flex-direction: column; flex-grow: 1; justify-content: center; margin-bottom: 24px;\">\n<div style=\"background-color: #f4f4f4; border-radius: 4px; flex-grow: 0; height: 14px; margin-bottom: 6px; width: 224px;\"><\/div>\n<div style=\"background-color: #f4f4f4; border-radius: 4px; flex-grow: 0; height: 14px; width: 144px;\"><\/div>\n<\/div>\n<p>\u00a0<\/p>\n<p style=\"color: #c9c8cd; font-family: Arial,sans-serif; font-size: 14px; line-height: 17px; margin-bottom: 0; margin-top: 8px; overflow: hidden; padding: 8px 0 7px; text-align: center; text-overflow: ellipsis; white-space: nowrap;\"><a style=\"color: #c9c8cd; font-family: Arial,sans-serif; font-size: 14px; font-style: normal; font-weight: normal; line-height: 17px; text-decoration: none;\" href=\"https:\/\/www.instagram.com\/reel\/C3bWT1otd-l\/?utm_source=ig_embed&#038;utm_campaign=loading\" target=\"_blank\" rel=\"noopener\">Unha publicaci\u00f3n compartida de Alfonso Rueda (@alfonsoruedagal)<\/a><\/p>\n<\/div>\n<\/blockquote>\n<p><script async src=\"\/\/www.instagram.com\/embed.js\"><\/script><\/p>\n","protected":false},"excerpt":{"rendered":"<p>Durante la jornada de reflexi\u00f3n de este s\u00e1bado, 17 de febrero, el presidente y candidato del Partido Popular de Galicia, Alfonso Rueda, sali\u00f3 caminar la primera hora de esta ma\u00f1ana con su mujer Marta y sus hijas, Bea y Marta, por el Monte Pedroso de Santiago de Compostela, donde tambi\u00e9n aprovecharon para sentarse a charlar [&hellip;]<\/p>\n","protected":false},"author":1,"featured_media":62279,"comment_status":"open","ping_status":"open","sticky":false,"template":"","format":"standard","meta":{"_acf_changed":false,"footnotes":""},"categories":[2398],"tags":[2466,2520,2571,2410,2576,2450,2465,2579,2577,2496,2578],"class_list":["post-62283","post","type-post","status-publish","format-standard","has-post-thumbnail","hentry","category-pp-de-galicia-es","tag-18-f-es","tag-a-galicia-que-namora-es","tag-alberto-nunez-feijoo-es","tag-alfonso-rueda-es","tag-celta-de-vigo-es","tag-galicia-es","tag-la-galicia-que-funciona","tag-lola-de-valenzuela-es","tag-marin-es","tag-ppdegalicia-es","tag-vila-de-pitanxo-es"],"acf":[],"yoast_head":"<!-- This site is optimized with the Yoast SEO plugin v27.3 - https:\/\/yoast.com\/product\/yoast-seo-wordpress\/ -->\n<title>La jornada de reflexi\u00f3n de Alfonso Rueda - PP de Galicia<\/title>\n<meta name=\"robots\" content=\"index, follow, max-snippet:-1, max-image-preview:large, max-video-preview:-1\" \/>\n<link rel=\"canonical\" href=\"https:\/\/ppdegalicia.com\/es\/la-jornada-de-reflexion-de-alfonso-rueda\/\" \/>\n<meta property=\"og:locale\" content=\"es_ES\" \/>\n<meta property=\"og:type\" content=\"article\" \/>\n<meta property=\"og:title\" content=\"La jornada de reflexi\u00f3n de Alfonso Rueda - PP de Galicia\" \/>\n<meta property=\"og:description\" content=\"Durante la jornada de reflexi\u00f3n de este s\u00e1bado, 17 de febrero, el presidente y candidato del Partido Popular de Galicia, Alfonso Rueda, sali\u00f3 caminar la primera hora de esta ma\u00f1ana con su mujer Marta y sus hijas, Bea y Marta, por el Monte Pedroso de Santiago de Compostela, donde tambi\u00e9n aprovecharon para sentarse a charlar [&hellip;]\" \/>\n<meta property=\"og:url\" content=\"https:\/\/ppdegalicia.com\/es\/la-jornada-de-reflexion-de-alfonso-rueda\/\" \/>\n<meta property=\"og:site_name\" content=\"PP de Galicia\" \/>\n<meta property=\"article:publisher\" content=\"https:\/\/www.instagram.com\/ppdegalicia\/\" \/>\n<meta property=\"article:published_time\" content=\"2024-02-17T17:12:13+00:00\" \/>\n<meta property=\"og:image\" content=\"https:\/\/ppdegalicia.com\/wp-content\/uploads\/2024\/02\/20240217_ARuedaXornadaReflexion_2-Grande.jpeg\" \/>\n\t<meta property=\"og:image:width\" content=\"1280\" \/>\n\t<meta property=\"og:image:height\" content=\"923\" \/>\n\t<meta property=\"og:image:type\" content=\"image\/jpeg\" \/>\n<meta name=\"author\" content=\"ameneiros\" \/>\n<meta name=\"twitter:card\" content=\"summary_large_image\" \/>\n<meta name=\"twitter:creator\" content=\"@ppdegalicia\" \/>\n<meta name=\"twitter:site\" content=\"@ppdegalicia\" \/>\n<meta name=\"twitter:label1\" content=\"Escrito por\" \/>\n\t<meta name=\"twitter:data1\" content=\"ameneiros\" \/>\n\t<meta name=\"twitter:label2\" content=\"Tiempo de lectura\" \/>\n\t<meta name=\"twitter:data2\" content=\"1 minuto\" \/>\n<script type=\"application\/ld+json\" class=\"yoast-schema-graph\">{\"@context\":\"https:\\\/\\\/schema.org\",\"@graph\":[{\"@type\":\"Article\",\"@id\":\"https:\\\/\\\/ppdegalicia.com\\\/es\\\/la-jornada-de-reflexion-de-alfonso-rueda\\\/#article\",\"isPartOf\":{\"@id\":\"https:\\\/\\\/ppdegalicia.com\\\/es\\\/la-jornada-de-reflexion-de-alfonso-rueda\\\/\"},\"author\":{\"name\":\"ameneiros\",\"@id\":\"https:\\\/\\\/ppdegalicia.com\\\/es\\\/#\\\/schema\\\/person\\\/3f481a8341e73cf305ea60bee4f0175c\"},\"headline\":\"La jornada de reflexi\u00f3n de Alfonso Rueda\",\"datePublished\":\"2024-02-17T17:12:13+00:00\",\"mainEntityOfPage\":{\"@id\":\"https:\\\/\\\/ppdegalicia.com\\\/es\\\/la-jornada-de-reflexion-de-alfonso-rueda\\\/\"},\"wordCount\":170,\"commentCount\":0,\"publisher\":{\"@id\":\"https:\\\/\\\/ppdegalicia.com\\\/es\\\/#organization\"},\"image\":{\"@id\":\"https:\\\/\\\/ppdegalicia.com\\\/es\\\/la-jornada-de-reflexion-de-alfonso-rueda\\\/#primaryimage\"},\"thumbnailUrl\":\"https:\\\/\\\/ppdegalicia.com\\\/wp-content\\\/uploads\\\/2024\\\/02\\\/20240217_ARuedaXornadaReflexion_2-Grande.jpeg\",\"keywords\":[\"18-F\",\"A Galicia que namora\",\"Alberto N\u00fa\u00f1ez Feij\u00f3o\",\"Alfonso Rueda\",\"Celta de vigo\",\"Galicia\",\"La galicia que funciona\",\"Lola de Valenzuela\",\"Mar\u00edn\",\"ppdegalicia\",\"Vila de Pitanxo\"],\"articleSection\":[\"PP de Galicia\"],\"inLanguage\":\"es\",\"potentialAction\":[{\"@type\":\"CommentAction\",\"name\":\"Comment\",\"target\":[\"https:\\\/\\\/ppdegalicia.com\\\/es\\\/la-jornada-de-reflexion-de-alfonso-rueda\\\/#respond\"]}]},{\"@type\":\"WebPage\",\"@id\":\"https:\\\/\\\/ppdegalicia.com\\\/es\\\/la-jornada-de-reflexion-de-alfonso-rueda\\\/\",\"url\":\"https:\\\/\\\/ppdegalicia.com\\\/es\\\/la-jornada-de-reflexion-de-alfonso-rueda\\\/\",\"name\":\"La jornada de reflexi\u00f3n de Alfonso Rueda - PP de Galicia\",\"isPartOf\":{\"@id\":\"https:\\\/\\\/ppdegalicia.com\\\/es\\\/#website\"},\"primaryImageOfPage\":{\"@id\":\"https:\\\/\\\/ppdegalicia.com\\\/es\\\/la-jornada-de-reflexion-de-alfonso-rueda\\\/#primaryimage\"},\"image\":{\"@id\":\"https:\\\/\\\/ppdegalicia.com\\\/es\\\/la-jornada-de-reflexion-de-alfonso-rueda\\\/#primaryimage\"},\"thumbnailUrl\":\"https:\\\/\\\/ppdegalicia.com\\\/wp-content\\\/uploads\\\/2024\\\/02\\\/20240217_ARuedaXornadaReflexion_2-Grande.jpeg\",\"datePublished\":\"2024-02-17T17:12:13+00:00\",\"breadcrumb\":{\"@id\":\"https:\\\/\\\/ppdegalicia.com\\\/es\\\/la-jornada-de-reflexion-de-alfonso-rueda\\\/#breadcrumb\"},\"inLanguage\":\"es\",\"potentialAction\":[{\"@type\":\"ReadAction\",\"target\":[\"https:\\\/\\\/ppdegalicia.com\\\/es\\\/la-jornada-de-reflexion-de-alfonso-rueda\\\/\"]}]},{\"@type\":\"ImageObject\",\"inLanguage\":\"es\",\"@id\":\"https:\\\/\\\/ppdegalicia.com\\\/es\\\/la-jornada-de-reflexion-de-alfonso-rueda\\\/#primaryimage\",\"url\":\"https:\\\/\\\/ppdegalicia.com\\\/wp-content\\\/uploads\\\/2024\\\/02\\\/20240217_ARuedaXornadaReflexion_2-Grande.jpeg\",\"contentUrl\":\"https:\\\/\\\/ppdegalicia.com\\\/wp-content\\\/uploads\\\/2024\\\/02\\\/20240217_ARuedaXornadaReflexion_2-Grande.jpeg\",\"width\":1280,\"height\":923},{\"@type\":\"BreadcrumbList\",\"@id\":\"https:\\\/\\\/ppdegalicia.com\\\/es\\\/la-jornada-de-reflexion-de-alfonso-rueda\\\/#breadcrumb\",\"itemListElement\":[{\"@type\":\"ListItem\",\"position\":1,\"name\":\"Portada\",\"item\":\"https:\\\/\\\/ppdegalicia.com\\\/es\\\/\"},{\"@type\":\"ListItem\",\"position\":2,\"name\":\"La jornada de reflexi\u00f3n de Alfonso Rueda\"}]},{\"@type\":\"WebSite\",\"@id\":\"https:\\\/\\\/ppdegalicia.com\\\/es\\\/#website\",\"url\":\"https:\\\/\\\/ppdegalicia.com\\\/es\\\/\",\"name\":\"Partido Popular de Galicia\",\"description\":\"Partido Popular de Galicia\",\"publisher\":{\"@id\":\"https:\\\/\\\/ppdegalicia.com\\\/es\\\/#organization\"},\"alternateName\":\"PP de Galicia\",\"potentialAction\":[{\"@type\":\"SearchAction\",\"target\":{\"@type\":\"EntryPoint\",\"urlTemplate\":\"https:\\\/\\\/ppdegalicia.com\\\/es\\\/?s={search_term_string}\"},\"query-input\":{\"@type\":\"PropertyValueSpecification\",\"valueRequired\":true,\"valueName\":\"search_term_string\"}}],\"inLanguage\":\"es\"},{\"@type\":\"Organization\",\"@id\":\"https:\\\/\\\/ppdegalicia.com\\\/es\\\/#organization\",\"name\":\"Partido Popular de Galicia\",\"alternateName\":\"PP de Galicia\",\"url\":\"https:\\\/\\\/ppdegalicia.com\\\/es\\\/\",\"logo\":{\"@type\":\"ImageObject\",\"inLanguage\":\"es\",\"@id\":\"https:\\\/\\\/ppdegalicia.com\\\/es\\\/#\\\/schema\\\/logo\\\/image\\\/\",\"url\":\"https:\\\/\\\/ppdegalicia.com\\\/wp-content\\\/uploads\\\/2023\\\/04\\\/logoPP512.png\",\"contentUrl\":\"https:\\\/\\\/ppdegalicia.com\\\/wp-content\\\/uploads\\\/2023\\\/04\\\/logoPP512.png\",\"width\":512,\"height\":512,\"caption\":\"Partido Popular de Galicia\"},\"image\":{\"@id\":\"https:\\\/\\\/ppdegalicia.com\\\/es\\\/#\\\/schema\\\/logo\\\/image\\\/\"},\"sameAs\":[\"https:\\\/\\\/www.instagram.com\\\/ppdegalicia\\\/\",\"https:\\\/\\\/x.com\\\/ppdegalicia\",\"https:\\\/\\\/www.tiktok.com\\\/@ppdegalicia\",\"https:\\\/\\\/www.youtube.com\\\/user\\\/ppdegalicia\"]},{\"@type\":\"Person\",\"@id\":\"https:\\\/\\\/ppdegalicia.com\\\/es\\\/#\\\/schema\\\/person\\\/3f481a8341e73cf305ea60bee4f0175c\",\"name\":\"ameneiros\",\"image\":{\"@type\":\"ImageObject\",\"inLanguage\":\"es\",\"@id\":\"https:\\\/\\\/secure.gravatar.com\\\/avatar\\\/a674336f544aa8343184e0d8ab3c713c47f8a69d9a89696ff29a298007066f32?s=96&d=mm&r=g\",\"url\":\"https:\\\/\\\/secure.gravatar.com\\\/avatar\\\/a674336f544aa8343184e0d8ab3c713c47f8a69d9a89696ff29a298007066f32?s=96&d=mm&r=g\",\"contentUrl\":\"https:\\\/\\\/secure.gravatar.com\\\/avatar\\\/a674336f544aa8343184e0d8ab3c713c47f8a69d9a89696ff29a298007066f32?s=96&d=mm&r=g\",\"caption\":\"ameneiros\"},\"url\":\"https:\\\/\\\/ppdegalicia.com\\\/es\\\/author\\\/ameneiros\\\/\"}]}<\/script>\n<!-- \/ Yoast SEO plugin. -->","yoast_head_json":{"title":"La jornada de reflexi\u00f3n de Alfonso Rueda - PP de Galicia","robots":{"index":"index","follow":"follow","max-snippet":"max-snippet:-1","max-image-preview":"max-image-preview:large","max-video-preview":"max-video-preview:-1"},"canonical":"https:\/\/ppdegalicia.com\/es\/la-jornada-de-reflexion-de-alfonso-rueda\/","og_locale":"es_ES","og_type":"article","og_title":"La jornada de reflexi\u00f3n de Alfonso Rueda - PP de Galicia","og_description":"Durante la jornada de reflexi\u00f3n de este s\u00e1bado, 17 de febrero, el presidente y candidato del Partido Popular de Galicia, Alfonso Rueda, sali\u00f3 caminar la primera hora de esta ma\u00f1ana con su mujer Marta y sus hijas, Bea y Marta, por el Monte Pedroso de Santiago de Compostela, donde tambi\u00e9n aprovecharon para sentarse a charlar [&hellip;]","og_url":"https:\/\/ppdegalicia.com\/es\/la-jornada-de-reflexion-de-alfonso-rueda\/","og_site_name":"PP de Galicia","article_publisher":"https:\/\/www.instagram.com\/ppdegalicia\/","article_published_time":"2024-02-17T17:12:13+00:00","og_image":[{"width":1280,"height":923,"url":"https:\/\/ppdegalicia.com\/wp-content\/uploads\/2024\/02\/20240217_ARuedaXornadaReflexion_2-Grande.jpeg","type":"image\/jpeg"}],"author":"ameneiros","twitter_card":"summary_large_image","twitter_creator":"@ppdegalicia","twitter_site":"@ppdegalicia","twitter_misc":{"Escrito por":"ameneiros","Tiempo de lectura":"1 minuto"},"schema":{"@context":"https:\/\/schema.org","@graph":[{"@type":"Article","@id":"https:\/\/ppdegalicia.com\/es\/la-jornada-de-reflexion-de-alfonso-rueda\/#article","isPartOf":{"@id":"https:\/\/ppdegalicia.com\/es\/la-jornada-de-reflexion-de-alfonso-rueda\/"},"author":{"name":"ameneiros","@id":"https:\/\/ppdegalicia.com\/es\/#\/schema\/person\/3f481a8341e73cf305ea60bee4f0175c"},"headline":"La jornada de reflexi\u00f3n de Alfonso Rueda","datePublished":"2024-02-17T17:12:13+00:00","mainEntityOfPage":{"@id":"https:\/\/ppdegalicia.com\/es\/la-jornada-de-reflexion-de-alfonso-rueda\/"},"wordCount":170,"commentCount":0,"publisher":{"@id":"https:\/\/ppdegalicia.com\/es\/#organization"},"image":{"@id":"https:\/\/ppdegalicia.com\/es\/la-jornada-de-reflexion-de-alfonso-rueda\/#primaryimage"},"thumbnailUrl":"https:\/\/ppdegalicia.com\/wp-content\/uploads\/2024\/02\/20240217_ARuedaXornadaReflexion_2-Grande.jpeg","keywords":["18-F","A Galicia que namora","Alberto N\u00fa\u00f1ez Feij\u00f3o","Alfonso Rueda","Celta de vigo","Galicia","La galicia que funciona","Lola de Valenzuela","Mar\u00edn","ppdegalicia","Vila de Pitanxo"],"articleSection":["PP de Galicia"],"inLanguage":"es","potentialAction":[{"@type":"CommentAction","name":"Comment","target":["https:\/\/ppdegalicia.com\/es\/la-jornada-de-reflexion-de-alfonso-rueda\/#respond"]}]},{"@type":"WebPage","@id":"https:\/\/ppdegalicia.com\/es\/la-jornada-de-reflexion-de-alfonso-rueda\/","url":"https:\/\/ppdegalicia.com\/es\/la-jornada-de-reflexion-de-alfonso-rueda\/","name":"La jornada de reflexi\u00f3n de Alfonso Rueda - PP de Galicia","isPartOf":{"@id":"https:\/\/ppdegalicia.com\/es\/#website"},"primaryImageOfPage":{"@id":"https:\/\/ppdegalicia.com\/es\/la-jornada-de-reflexion-de-alfonso-rueda\/#primaryimage"},"image":{"@id":"https:\/\/ppdegalicia.com\/es\/la-jornada-de-reflexion-de-alfonso-rueda\/#primaryimage"},"thumbnailUrl":"https:\/\/ppdegalicia.com\/wp-content\/uploads\/2024\/02\/20240217_ARuedaXornadaReflexion_2-Grande.jpeg","datePublished":"2024-02-17T17:12:13+00:00","breadcrumb":{"@id":"https:\/\/ppdegalicia.com\/es\/la-jornada-de-reflexion-de-alfonso-rueda\/#breadcrumb"},"inLanguage":"es","potentialAction":[{"@type":"ReadAction","target":["https:\/\/ppdegalicia.com\/es\/la-jornada-de-reflexion-de-alfonso-rueda\/"]}]},{"@type":"ImageObject","inLanguage":"es","@id":"https:\/\/ppdegalicia.com\/es\/la-jornada-de-reflexion-de-alfonso-rueda\/#primaryimage","url":"https:\/\/ppdegalicia.com\/wp-content\/uploads\/2024\/02\/20240217_ARuedaXornadaReflexion_2-Grande.jpeg","contentUrl":"https:\/\/ppdegalicia.com\/wp-content\/uploads\/2024\/02\/20240217_ARuedaXornadaReflexion_2-Grande.jpeg","width":1280,"height":923},{"@type":"BreadcrumbList","@id":"https:\/\/ppdegalicia.com\/es\/la-jornada-de-reflexion-de-alfonso-rueda\/#breadcrumb","itemListElement":[{"@type":"ListItem","position":1,"name":"Portada","item":"https:\/\/ppdegalicia.com\/es\/"},{"@type":"ListItem","position":2,"name":"La jornada de reflexi\u00f3n de Alfonso Rueda"}]},{"@type":"WebSite","@id":"https:\/\/ppdegalicia.com\/es\/#website","url":"https:\/\/ppdegalicia.com\/es\/","name":"Partido Popular de Galicia","description":"Partido Popular de Galicia","publisher":{"@id":"https:\/\/ppdegalicia.com\/es\/#organization"},"alternateName":"PP de Galicia","potentialAction":[{"@type":"SearchAction","target":{"@type":"EntryPoint","urlTemplate":"https:\/\/ppdegalicia.com\/es\/?s={search_term_string}"},"query-input":{"@type":"PropertyValueSpecification","valueRequired":true,"valueName":"search_term_string"}}],"inLanguage":"es"},{"@type":"Organization","@id":"https:\/\/ppdegalicia.com\/es\/#organization","name":"Partido Popular de Galicia","alternateName":"PP de Galicia","url":"https:\/\/ppdegalicia.com\/es\/","logo":{"@type":"ImageObject","inLanguage":"es","@id":"https:\/\/ppdegalicia.com\/es\/#\/schema\/logo\/image\/","url":"https:\/\/ppdegalicia.com\/wp-content\/uploads\/2023\/04\/logoPP512.png","contentUrl":"https:\/\/ppdegalicia.com\/wp-content\/uploads\/2023\/04\/logoPP512.png","width":512,"height":512,"caption":"Partido Popular de Galicia"},"image":{"@id":"https:\/\/ppdegalicia.com\/es\/#\/schema\/logo\/image\/"},"sameAs":["https:\/\/www.instagram.com\/ppdegalicia\/","https:\/\/x.com\/ppdegalicia","https:\/\/www.tiktok.com\/@ppdegalicia","https:\/\/www.youtube.com\/user\/ppdegalicia"]},{"@type":"Person","@id":"https:\/\/ppdegalicia.com\/es\/#\/schema\/person\/3f481a8341e73cf305ea60bee4f0175c","name":"ameneiros","image":{"@type":"ImageObject","inLanguage":"es","@id":"https:\/\/secure.gravatar.com\/avatar\/a674336f544aa8343184e0d8ab3c713c47f8a69d9a89696ff29a298007066f32?s=96&d=mm&r=g","url":"https:\/\/secure.gravatar.com\/avatar\/a674336f544aa8343184e0d8ab3c713c47f8a69d9a89696ff29a298007066f32?s=96&d=mm&r=g","contentUrl":"https:\/\/secure.gravatar.com\/avatar\/a674336f544aa8343184e0d8ab3c713c47f8a69d9a89696ff29a298007066f32?s=96&d=mm&r=g","caption":"ameneiros"},"url":"https:\/\/ppdegalicia.com\/es\/author\/ameneiros\/"}]}},"_links":{"self":[{"href":"https:\/\/ppdegalicia.com\/es\/wp-json\/wp\/v2\/posts\/62283","targetHints":{"allow":["GET"]}}],"collection":[{"href":"https:\/\/ppdegalicia.com\/es\/wp-json\/wp\/v2\/posts"}],"about":[{"href":"https:\/\/ppdegalicia.com\/es\/wp-json\/wp\/v2\/types\/post"}],"author":[{"embeddable":true,"href":"https:\/\/ppdegalicia.com\/es\/wp-json\/wp\/v2\/users\/1"}],"replies":[{"embeddable":true,"href":"https:\/\/ppdegalicia.com\/es\/wp-json\/wp\/v2\/comments?post=62283"}],"version-history":[{"count":0,"href":"https:\/\/ppdegalicia.com\/es\/wp-json\/wp\/v2\/posts\/62283\/revisions"}],"wp:featuredmedia":[{"embeddable":true,"href":"https:\/\/ppdegalicia.com\/es\/wp-json\/wp\/v2\/media\/62279"}],"wp:attachment":[{"href":"https:\/\/ppdegalicia.com\/es\/wp-json\/wp\/v2\/media?parent=62283"}],"wp:term":[{"taxonomy":"category","embeddable":true,"href":"https:\/\/ppdegalicia.com\/es\/wp-json\/wp\/v2\/categories?post=62283"},{"taxonomy":"post_tag","embeddable":true,"href":"https:\/\/ppdegalicia.com\/es\/wp-json\/wp\/v2\/tags?post=62283"}],"curies":[{"name":"wp","href":"https:\/\/api.w.org\/{rel}","templated":true}]}}