{"id":62547,"date":"2024-03-04T11:59:00","date_gmt":"2024-03-04T10:59:00","guid":{"rendered":"https:\/\/ppdegalicia.com\/?p=62547"},"modified":"2024-03-04T11:59:00","modified_gmt":"2024-03-04T10:59:00","slug":"os-deputados-do-ppdeg-esixen-a-comparecencia-do-ministro-oscar-puente-no-congreso-ante-os-escandalosos-atrasos-e-incumprimentos-na-chegada-dos-trens-avril-a-galicia","status":"publish","type":"post","link":"https:\/\/ppdegalicia.com\/es\/os-deputados-do-ppdeg-esixen-a-comparecencia-do-ministro-oscar-puente-no-congreso-ante-os-escandalosos-atrasos-e-incumprimentos-na-chegada-dos-trens-avril-a-galicia\/","title":{"rendered":"Os deputados do PPdeG esixen a comparecencia do ministro \u00d3scar Puente no Congreso ante os \u201cescandalosos\u201d atrasos e incumprimentos na chegada dos trens Avril a Galicia"},"content":{"rendered":"<p>Os deputados do PPdeG rexistraron hoxe no Congreso a solicitude de comparecencia do ministro de Transportes e Mobilidade Sostible, \u00d3scar Puente, e do presidente de Renfe para informar sobre os \u201cescandalosos anuncios incumpridos\u201d relativos \u00e1 chegada dos trens Avril de Alta Velocidade a Galicia e o \u201cnotorio incumprimento contractual\u201d por parte de Talgo nesta cuesti\u00f3n.<\/p>\n<p>Denuncian os populares que o atraso na entrada en operaci\u00f3n comercial destes trens est\u00e1 causando un grave prexu\u00edzo aos usuarios dos servizos ferroviarios de Alta Velocidade no que a tempos de viaxes e prazas ofertadas se refire. De a\u00ed a s\u00faa esixencia de \u201cresponsabilidades e explicaci\u00f3ns\u201d por parte do Goberno central ante esta \u201caldraxe\u201d \u00e1 nosa Comunidade por parte de Pedro S\u00e1nchez.<\/p>\n<p>\u201cOs trens Avril foron adxudicados por Renfe a Talgo en 2017 coa previsi\u00f3n de que as primeiras unidades ser\u00edan entregadas no ano 2020\u201d, recorda o vicepresidente da Comisi\u00f3n de Transportes do Congreso e deputado por Ourense, Celso Delgado, ao tempo que subli\u00f1a os posteriores adiamentos desta data ata 2021, 2022, 2023 e, finalmente, o primeiro trimestre de 2024.<\/p>\n<p>O parlamentario ourens\u00e1n acusa ao ministro \u00d3scar Puente de mentir cando o 5 de xaneiro, nun \u201cbochornoso\u201d acto electoral en Vigo, chegando a estaci\u00f3n cos Reis Magos, \u00a0asegurou que \u201csen d\u00fabida algunha os usuarios xa poder\u00edan comprar os billetes para viaxar nos trens Avril a partir do 1 de marzo e que ser\u00eda nese mes cando comezaran os servicios comerciais\u201d.<\/p>\n<p>E lamenta que agora o Goberno de Pedro S\u00e1nchez non s\u00f3 incumpre novamente o prazo previsto, sen\u00f3n que \u201ca\u00ednda non sabemos nin cando entrar\u00e1n en servizo estes trens nin cantas unidades chegar\u00e1n a Galicia\u201d.<\/p>\n<p>Lembra as\u00ed mesmo que en decembro de 2021 chegou a Alta Velocidade a Ourense pero, a\u00ednda a d\u00eda de hoxe, outras cidades galegas como Santiago de Compostela, A Coru\u00f1a, Vigo e Pontevedra seguen esperando o cumprimento dos tempos de viaxe con Madrid que foron comprometidos polo Goberno<\/p>\n<p>Uns tempos que s\u00f3 poder\u00e1n alcanzarse coa posta en servizo dos novos trens Avril\u00a0 de rodadura desprazable que permitir\u00e1n circular por toda a rede ferroviaria galega, integrada tanto por v\u00edas de Alta Velocidade de ancho est\u00e1ndar europeo como polas convencionais de ancho ib\u00e9rico.<\/p>\n","protected":false},"excerpt":{"rendered":"<p>Os deputados do PPdeG rexistraron hoxe no Congreso a solicitude de comparecencia do ministro de Transportes e Mobilidade Sostible, \u00d3scar Puente, e do presidente de Renfe para informar sobre os \u201cescandalosos anuncios incumpridos\u201d relativos \u00e1 chegada dos trens Avril de Alta Velocidade a Galicia e o \u201cnotorio incumprimento contractual\u201d por parte de Talgo nesta cuesti\u00f3n. [&hellip;]<\/p>\n","protected":false},"author":40,"featured_media":62548,"comment_status":"open","ping_status":"open","sticky":false,"template":"","format":"standard","meta":{"_acf_changed":false,"footnotes":""},"categories":[2387],"tags":[],"class_list":["post-62547","post","type-post","status-publish","format-standard","has-post-thumbnail","hentry","category-actualidad-cortes-generales"],"acf":[],"yoast_head":"<!-- This site is optimized with the Yoast SEO plugin v27.3 - https:\/\/yoast.com\/product\/yoast-seo-wordpress\/ -->\n<title>Os deputados do PPdeG esixen a comparecencia do ministro \u00d3scar Puente no Congreso ante os \u201cescandalosos\u201d atrasos e incumprimentos na chegada dos trens Avril a Galicia - PP de Galicia<\/title>\n<meta name=\"description\" content=\"Os deputados do PPdeG rexistraron hoxe no Congreso a solicitude de comparecencia do ministro de Transportes e Mobilidade Sostible, \u00d3scar Puente, e do presidente de Renfe para informar sobre os \u201cescandalosos anuncios incumpridos\u201d relativos \u00e1 chegada dos trens Avril de Alta Velocidade a Galicia e o \u201cnotorio incumprimento contractual\u201d por parte de Talgo nesta cuesti\u00f3n.\" \/>\n<meta name=\"robots\" content=\"index, follow, max-snippet:-1, max-image-preview:large, max-video-preview:-1\" \/>\n<link rel=\"canonical\" href=\"https:\/\/ppdegalicia.com\/es\/os-deputados-do-ppdeg-esixen-a-comparecencia-do-ministro-oscar-puente-no-congreso-ante-os-escandalosos-atrasos-e-incumprimentos-na-chegada-dos-trens-avril-a-galicia\/\" \/>\n<meta property=\"og:locale\" content=\"es_ES\" \/>\n<meta property=\"og:type\" content=\"article\" \/>\n<meta property=\"og:title\" content=\"Os deputados do PPdeG esixen a comparecencia do ministro \u00d3scar Puente no Congreso ante os \u201cescandalosos\u201d atrasos e incumprimentos na chegada dos trens Avril a Galicia - PP de Galicia\" \/>\n<meta property=\"og:description\" content=\"Os deputados do PPdeG rexistraron hoxe no Congreso a solicitude de comparecencia do ministro de Transportes e Mobilidade Sostible, \u00d3scar Puente, e do presidente de Renfe para informar sobre os \u201cescandalosos anuncios incumpridos\u201d relativos \u00e1 chegada dos trens Avril de Alta Velocidade a Galicia e o \u201cnotorio incumprimento contractual\u201d por parte de Talgo nesta cuesti\u00f3n.\" \/>\n<meta property=\"og:url\" content=\"https:\/\/ppdegalicia.com\/es\/os-deputados-do-ppdeg-esixen-a-comparecencia-do-ministro-oscar-puente-no-congreso-ante-os-escandalosos-atrasos-e-incumprimentos-na-chegada-dos-trens-avril-a-galicia\/\" \/>\n<meta property=\"og:site_name\" content=\"PP de Galicia\" \/>\n<meta property=\"article:publisher\" content=\"https:\/\/www.instagram.com\/ppdegalicia\/\" \/>\n<meta property=\"article:published_time\" content=\"2024-03-04T10:59:00+00:00\" \/>\n<meta property=\"og:image\" content=\"https:\/\/ppdegalicia.com\/wp-content\/uploads\/2024\/03\/20240304-Celso-Delgado.jpg\" \/>\n\t<meta property=\"og:image:width\" content=\"2047\" \/>\n\t<meta property=\"og:image:height\" content=\"1365\" \/>\n\t<meta property=\"og:image:type\" content=\"image\/jpeg\" \/>\n<meta name=\"author\" content=\"ppdegaliciaedtis\" \/>\n<meta name=\"twitter:card\" content=\"summary_large_image\" \/>\n<meta name=\"twitter:creator\" content=\"@ppdegalicia\" \/>\n<meta name=\"twitter:site\" content=\"@ppdegalicia\" \/>\n<meta name=\"twitter:label1\" content=\"Escrito por\" \/>\n\t<meta name=\"twitter:data1\" content=\"ppdegaliciaedtis\" \/>\n\t<meta name=\"twitter:label2\" content=\"Tiempo de lectura\" \/>\n\t<meta name=\"twitter:data2\" content=\"3 minutos\" \/>\n<script type=\"application\/ld+json\" class=\"yoast-schema-graph\">{\"@context\":\"https:\\\/\\\/schema.org\",\"@graph\":[{\"@type\":\"Article\",\"@id\":\"https:\\\/\\\/ppdegalicia.com\\\/es\\\/os-deputados-do-ppdeg-esixen-a-comparecencia-do-ministro-oscar-puente-no-congreso-ante-os-escandalosos-atrasos-e-incumprimentos-na-chegada-dos-trens-avril-a-galicia\\\/#article\",\"isPartOf\":{\"@id\":\"https:\\\/\\\/ppdegalicia.com\\\/es\\\/os-deputados-do-ppdeg-esixen-a-comparecencia-do-ministro-oscar-puente-no-congreso-ante-os-escandalosos-atrasos-e-incumprimentos-na-chegada-dos-trens-avril-a-galicia\\\/\"},\"author\":{\"name\":\"ppdegaliciaedtis\",\"@id\":\"https:\\\/\\\/ppdegalicia.com\\\/es\\\/#\\\/schema\\\/person\\\/bc9b46e59ebd34bf28611158c3867388\"},\"headline\":\"Os deputados do PPdeG esixen a comparecencia do ministro \u00d3scar Puente no Congreso ante os \u201cescandalosos\u201d atrasos e incumprimentos na chegada dos trens Avril a Galicia\",\"datePublished\":\"2024-03-04T10:59:00+00:00\",\"mainEntityOfPage\":{\"@id\":\"https:\\\/\\\/ppdegalicia.com\\\/es\\\/os-deputados-do-ppdeg-esixen-a-comparecencia-do-ministro-oscar-puente-no-congreso-ante-os-escandalosos-atrasos-e-incumprimentos-na-chegada-dos-trens-avril-a-galicia\\\/\"},\"wordCount\":402,\"commentCount\":0,\"publisher\":{\"@id\":\"https:\\\/\\\/ppdegalicia.com\\\/es\\\/#organization\"},\"image\":{\"@id\":\"https:\\\/\\\/ppdegalicia.com\\\/es\\\/os-deputados-do-ppdeg-esixen-a-comparecencia-do-ministro-oscar-puente-no-congreso-ante-os-escandalosos-atrasos-e-incumprimentos-na-chegada-dos-trens-avril-a-galicia\\\/#primaryimage\"},\"thumbnailUrl\":\"https:\\\/\\\/ppdegalicia.com\\\/wp-content\\\/uploads\\\/2024\\\/03\\\/20240304-Celso-Delgado.jpg\",\"articleSection\":[\"Cortes Generales\"],\"inLanguage\":\"es\",\"potentialAction\":[{\"@type\":\"CommentAction\",\"name\":\"Comment\",\"target\":[\"https:\\\/\\\/ppdegalicia.com\\\/es\\\/os-deputados-do-ppdeg-esixen-a-comparecencia-do-ministro-oscar-puente-no-congreso-ante-os-escandalosos-atrasos-e-incumprimentos-na-chegada-dos-trens-avril-a-galicia\\\/#respond\"]}]},{\"@type\":\"WebPage\",\"@id\":\"https:\\\/\\\/ppdegalicia.com\\\/es\\\/os-deputados-do-ppdeg-esixen-a-comparecencia-do-ministro-oscar-puente-no-congreso-ante-os-escandalosos-atrasos-e-incumprimentos-na-chegada-dos-trens-avril-a-galicia\\\/\",\"url\":\"https:\\\/\\\/ppdegalicia.com\\\/es\\\/os-deputados-do-ppdeg-esixen-a-comparecencia-do-ministro-oscar-puente-no-congreso-ante-os-escandalosos-atrasos-e-incumprimentos-na-chegada-dos-trens-avril-a-galicia\\\/\",\"name\":\"Os deputados do PPdeG esixen a comparecencia do ministro \u00d3scar Puente no Congreso ante os \u201cescandalosos\u201d atrasos e incumprimentos na chegada dos trens Avril a Galicia - PP de Galicia\",\"isPartOf\":{\"@id\":\"https:\\\/\\\/ppdegalicia.com\\\/es\\\/#website\"},\"primaryImageOfPage\":{\"@id\":\"https:\\\/\\\/ppdegalicia.com\\\/es\\\/os-deputados-do-ppdeg-esixen-a-comparecencia-do-ministro-oscar-puente-no-congreso-ante-os-escandalosos-atrasos-e-incumprimentos-na-chegada-dos-trens-avril-a-galicia\\\/#primaryimage\"},\"image\":{\"@id\":\"https:\\\/\\\/ppdegalicia.com\\\/es\\\/os-deputados-do-ppdeg-esixen-a-comparecencia-do-ministro-oscar-puente-no-congreso-ante-os-escandalosos-atrasos-e-incumprimentos-na-chegada-dos-trens-avril-a-galicia\\\/#primaryimage\"},\"thumbnailUrl\":\"https:\\\/\\\/ppdegalicia.com\\\/wp-content\\\/uploads\\\/2024\\\/03\\\/20240304-Celso-Delgado.jpg\",\"datePublished\":\"2024-03-04T10:59:00+00:00\",\"description\":\"Os deputados do PPdeG rexistraron hoxe no Congreso a solicitude de comparecencia do ministro de Transportes e Mobilidade Sostible, \u00d3scar Puente, e do presidente de Renfe para informar sobre os \u201cescandalosos anuncios incumpridos\u201d relativos \u00e1 chegada dos trens Avril de Alta Velocidade a Galicia e o \u201cnotorio incumprimento contractual\u201d por parte de Talgo nesta cuesti\u00f3n.\",\"breadcrumb\":{\"@id\":\"https:\\\/\\\/ppdegalicia.com\\\/es\\\/os-deputados-do-ppdeg-esixen-a-comparecencia-do-ministro-oscar-puente-no-congreso-ante-os-escandalosos-atrasos-e-incumprimentos-na-chegada-dos-trens-avril-a-galicia\\\/#breadcrumb\"},\"inLanguage\":\"es\",\"potentialAction\":[{\"@type\":\"ReadAction\",\"target\":[\"https:\\\/\\\/ppdegalicia.com\\\/es\\\/os-deputados-do-ppdeg-esixen-a-comparecencia-do-ministro-oscar-puente-no-congreso-ante-os-escandalosos-atrasos-e-incumprimentos-na-chegada-dos-trens-avril-a-galicia\\\/\"]}]},{\"@type\":\"ImageObject\",\"inLanguage\":\"es\",\"@id\":\"https:\\\/\\\/ppdegalicia.com\\\/es\\\/os-deputados-do-ppdeg-esixen-a-comparecencia-do-ministro-oscar-puente-no-congreso-ante-os-escandalosos-atrasos-e-incumprimentos-na-chegada-dos-trens-avril-a-galicia\\\/#primaryimage\",\"url\":\"https:\\\/\\\/ppdegalicia.com\\\/wp-content\\\/uploads\\\/2024\\\/03\\\/20240304-Celso-Delgado.jpg\",\"contentUrl\":\"https:\\\/\\\/ppdegalicia.com\\\/wp-content\\\/uploads\\\/2024\\\/03\\\/20240304-Celso-Delgado.jpg\",\"width\":2047,\"height\":1365},{\"@type\":\"BreadcrumbList\",\"@id\":\"https:\\\/\\\/ppdegalicia.com\\\/es\\\/os-deputados-do-ppdeg-esixen-a-comparecencia-do-ministro-oscar-puente-no-congreso-ante-os-escandalosos-atrasos-e-incumprimentos-na-chegada-dos-trens-avril-a-galicia\\\/#breadcrumb\",\"itemListElement\":[{\"@type\":\"ListItem\",\"position\":1,\"name\":\"Portada\",\"item\":\"https:\\\/\\\/ppdegalicia.com\\\/es\\\/\"},{\"@type\":\"ListItem\",\"position\":2,\"name\":\"Os deputados do PPdeG esixen a comparecencia do ministro \u00d3scar Puente no Congreso ante os \u201cescandalosos\u201d atrasos e incumprimentos na chegada dos trens Avril a Galicia\"}]},{\"@type\":\"WebSite\",\"@id\":\"https:\\\/\\\/ppdegalicia.com\\\/es\\\/#website\",\"url\":\"https:\\\/\\\/ppdegalicia.com\\\/es\\\/\",\"name\":\"Partido Popular de Galicia\",\"description\":\"Partido Popular de Galicia\",\"publisher\":{\"@id\":\"https:\\\/\\\/ppdegalicia.com\\\/es\\\/#organization\"},\"alternateName\":\"PP de Galicia\",\"potentialAction\":[{\"@type\":\"SearchAction\",\"target\":{\"@type\":\"EntryPoint\",\"urlTemplate\":\"https:\\\/\\\/ppdegalicia.com\\\/es\\\/?s={search_term_string}\"},\"query-input\":{\"@type\":\"PropertyValueSpecification\",\"valueRequired\":true,\"valueName\":\"search_term_string\"}}],\"inLanguage\":\"es\"},{\"@type\":\"Organization\",\"@id\":\"https:\\\/\\\/ppdegalicia.com\\\/es\\\/#organization\",\"name\":\"Partido Popular de Galicia\",\"alternateName\":\"PP de Galicia\",\"url\":\"https:\\\/\\\/ppdegalicia.com\\\/es\\\/\",\"logo\":{\"@type\":\"ImageObject\",\"inLanguage\":\"es\",\"@id\":\"https:\\\/\\\/ppdegalicia.com\\\/es\\\/#\\\/schema\\\/logo\\\/image\\\/\",\"url\":\"https:\\\/\\\/ppdegalicia.com\\\/wp-content\\\/uploads\\\/2023\\\/04\\\/logoPP512.png\",\"contentUrl\":\"https:\\\/\\\/ppdegalicia.com\\\/wp-content\\\/uploads\\\/2023\\\/04\\\/logoPP512.png\",\"width\":512,\"height\":512,\"caption\":\"Partido Popular de Galicia\"},\"image\":{\"@id\":\"https:\\\/\\\/ppdegalicia.com\\\/es\\\/#\\\/schema\\\/logo\\\/image\\\/\"},\"sameAs\":[\"https:\\\/\\\/www.instagram.com\\\/ppdegalicia\\\/\",\"https:\\\/\\\/x.com\\\/ppdegalicia\",\"https:\\\/\\\/www.tiktok.com\\\/@ppdegalicia\",\"https:\\\/\\\/www.youtube.com\\\/user\\\/ppdegalicia\"]},{\"@type\":\"Person\",\"@id\":\"https:\\\/\\\/ppdegalicia.com\\\/es\\\/#\\\/schema\\\/person\\\/bc9b46e59ebd34bf28611158c3867388\",\"name\":\"ppdegaliciaedtis\",\"image\":{\"@type\":\"ImageObject\",\"inLanguage\":\"es\",\"@id\":\"https:\\\/\\\/secure.gravatar.com\\\/avatar\\\/f9f8cf6e03df54a1b0d04a6b4b8e8c6bd63c10a439752e84d87a5385aefe2ced?s=96&d=mm&r=g\",\"url\":\"https:\\\/\\\/secure.gravatar.com\\\/avatar\\\/f9f8cf6e03df54a1b0d04a6b4b8e8c6bd63c10a439752e84d87a5385aefe2ced?s=96&d=mm&r=g\",\"contentUrl\":\"https:\\\/\\\/secure.gravatar.com\\\/avatar\\\/f9f8cf6e03df54a1b0d04a6b4b8e8c6bd63c10a439752e84d87a5385aefe2ced?s=96&d=mm&r=g\",\"caption\":\"ppdegaliciaedtis\"},\"url\":\"https:\\\/\\\/ppdegalicia.com\\\/es\\\/author\\\/ppdegaliciaedits\\\/\"}]}<\/script>\n<!-- \/ Yoast SEO plugin. -->","yoast_head_json":{"title":"Os deputados do PPdeG esixen a comparecencia do ministro \u00d3scar Puente no Congreso ante os \u201cescandalosos\u201d atrasos e incumprimentos na chegada dos trens Avril a Galicia - PP de Galicia","description":"Os deputados do PPdeG rexistraron hoxe no Congreso a solicitude de comparecencia do ministro de Transportes e Mobilidade Sostible, \u00d3scar Puente, e do presidente de Renfe para informar sobre os \u201cescandalosos anuncios incumpridos\u201d relativos \u00e1 chegada dos trens Avril de Alta Velocidade a Galicia e o \u201cnotorio incumprimento contractual\u201d por parte de Talgo nesta cuesti\u00f3n.","robots":{"index":"index","follow":"follow","max-snippet":"max-snippet:-1","max-image-preview":"max-image-preview:large","max-video-preview":"max-video-preview:-1"},"canonical":"https:\/\/ppdegalicia.com\/es\/os-deputados-do-ppdeg-esixen-a-comparecencia-do-ministro-oscar-puente-no-congreso-ante-os-escandalosos-atrasos-e-incumprimentos-na-chegada-dos-trens-avril-a-galicia\/","og_locale":"es_ES","og_type":"article","og_title":"Os deputados do PPdeG esixen a comparecencia do ministro \u00d3scar Puente no Congreso ante os \u201cescandalosos\u201d atrasos e incumprimentos na chegada dos trens Avril a Galicia - PP de Galicia","og_description":"Os deputados do PPdeG rexistraron hoxe no Congreso a solicitude de comparecencia do ministro de Transportes e Mobilidade Sostible, \u00d3scar Puente, e do presidente de Renfe para informar sobre os \u201cescandalosos anuncios incumpridos\u201d relativos \u00e1 chegada dos trens Avril de Alta Velocidade a Galicia e o \u201cnotorio incumprimento contractual\u201d por parte de Talgo nesta cuesti\u00f3n.","og_url":"https:\/\/ppdegalicia.com\/es\/os-deputados-do-ppdeg-esixen-a-comparecencia-do-ministro-oscar-puente-no-congreso-ante-os-escandalosos-atrasos-e-incumprimentos-na-chegada-dos-trens-avril-a-galicia\/","og_site_name":"PP de Galicia","article_publisher":"https:\/\/www.instagram.com\/ppdegalicia\/","article_published_time":"2024-03-04T10:59:00+00:00","og_image":[{"width":2047,"height":1365,"url":"https:\/\/ppdegalicia.com\/wp-content\/uploads\/2024\/03\/20240304-Celso-Delgado.jpg","type":"image\/jpeg"}],"author":"ppdegaliciaedtis","twitter_card":"summary_large_image","twitter_creator":"@ppdegalicia","twitter_site":"@ppdegalicia","twitter_misc":{"Escrito por":"ppdegaliciaedtis","Tiempo de lectura":"3 minutos"},"schema":{"@context":"https:\/\/schema.org","@graph":[{"@type":"Article","@id":"https:\/\/ppdegalicia.com\/es\/os-deputados-do-ppdeg-esixen-a-comparecencia-do-ministro-oscar-puente-no-congreso-ante-os-escandalosos-atrasos-e-incumprimentos-na-chegada-dos-trens-avril-a-galicia\/#article","isPartOf":{"@id":"https:\/\/ppdegalicia.com\/es\/os-deputados-do-ppdeg-esixen-a-comparecencia-do-ministro-oscar-puente-no-congreso-ante-os-escandalosos-atrasos-e-incumprimentos-na-chegada-dos-trens-avril-a-galicia\/"},"author":{"name":"ppdegaliciaedtis","@id":"https:\/\/ppdegalicia.com\/es\/#\/schema\/person\/bc9b46e59ebd34bf28611158c3867388"},"headline":"Os deputados do PPdeG esixen a comparecencia do ministro \u00d3scar Puente no Congreso ante os \u201cescandalosos\u201d atrasos e incumprimentos na chegada dos trens Avril a Galicia","datePublished":"2024-03-04T10:59:00+00:00","mainEntityOfPage":{"@id":"https:\/\/ppdegalicia.com\/es\/os-deputados-do-ppdeg-esixen-a-comparecencia-do-ministro-oscar-puente-no-congreso-ante-os-escandalosos-atrasos-e-incumprimentos-na-chegada-dos-trens-avril-a-galicia\/"},"wordCount":402,"commentCount":0,"publisher":{"@id":"https:\/\/ppdegalicia.com\/es\/#organization"},"image":{"@id":"https:\/\/ppdegalicia.com\/es\/os-deputados-do-ppdeg-esixen-a-comparecencia-do-ministro-oscar-puente-no-congreso-ante-os-escandalosos-atrasos-e-incumprimentos-na-chegada-dos-trens-avril-a-galicia\/#primaryimage"},"thumbnailUrl":"https:\/\/ppdegalicia.com\/wp-content\/uploads\/2024\/03\/20240304-Celso-Delgado.jpg","articleSection":["Cortes Generales"],"inLanguage":"es","potentialAction":[{"@type":"CommentAction","name":"Comment","target":["https:\/\/ppdegalicia.com\/es\/os-deputados-do-ppdeg-esixen-a-comparecencia-do-ministro-oscar-puente-no-congreso-ante-os-escandalosos-atrasos-e-incumprimentos-na-chegada-dos-trens-avril-a-galicia\/#respond"]}]},{"@type":"WebPage","@id":"https:\/\/ppdegalicia.com\/es\/os-deputados-do-ppdeg-esixen-a-comparecencia-do-ministro-oscar-puente-no-congreso-ante-os-escandalosos-atrasos-e-incumprimentos-na-chegada-dos-trens-avril-a-galicia\/","url":"https:\/\/ppdegalicia.com\/es\/os-deputados-do-ppdeg-esixen-a-comparecencia-do-ministro-oscar-puente-no-congreso-ante-os-escandalosos-atrasos-e-incumprimentos-na-chegada-dos-trens-avril-a-galicia\/","name":"Os deputados do PPdeG esixen a comparecencia do ministro \u00d3scar Puente no Congreso ante os \u201cescandalosos\u201d atrasos e incumprimentos na chegada dos trens Avril a Galicia - PP de Galicia","isPartOf":{"@id":"https:\/\/ppdegalicia.com\/es\/#website"},"primaryImageOfPage":{"@id":"https:\/\/ppdegalicia.com\/es\/os-deputados-do-ppdeg-esixen-a-comparecencia-do-ministro-oscar-puente-no-congreso-ante-os-escandalosos-atrasos-e-incumprimentos-na-chegada-dos-trens-avril-a-galicia\/#primaryimage"},"image":{"@id":"https:\/\/ppdegalicia.com\/es\/os-deputados-do-ppdeg-esixen-a-comparecencia-do-ministro-oscar-puente-no-congreso-ante-os-escandalosos-atrasos-e-incumprimentos-na-chegada-dos-trens-avril-a-galicia\/#primaryimage"},"thumbnailUrl":"https:\/\/ppdegalicia.com\/wp-content\/uploads\/2024\/03\/20240304-Celso-Delgado.jpg","datePublished":"2024-03-04T10:59:00+00:00","description":"Os deputados do PPdeG rexistraron hoxe no Congreso a solicitude de comparecencia do ministro de Transportes e Mobilidade Sostible, \u00d3scar Puente, e do presidente de Renfe para informar sobre os \u201cescandalosos anuncios incumpridos\u201d relativos \u00e1 chegada dos trens Avril de Alta Velocidade a Galicia e o \u201cnotorio incumprimento contractual\u201d por parte de Talgo nesta cuesti\u00f3n.","breadcrumb":{"@id":"https:\/\/ppdegalicia.com\/es\/os-deputados-do-ppdeg-esixen-a-comparecencia-do-ministro-oscar-puente-no-congreso-ante-os-escandalosos-atrasos-e-incumprimentos-na-chegada-dos-trens-avril-a-galicia\/#breadcrumb"},"inLanguage":"es","potentialAction":[{"@type":"ReadAction","target":["https:\/\/ppdegalicia.com\/es\/os-deputados-do-ppdeg-esixen-a-comparecencia-do-ministro-oscar-puente-no-congreso-ante-os-escandalosos-atrasos-e-incumprimentos-na-chegada-dos-trens-avril-a-galicia\/"]}]},{"@type":"ImageObject","inLanguage":"es","@id":"https:\/\/ppdegalicia.com\/es\/os-deputados-do-ppdeg-esixen-a-comparecencia-do-ministro-oscar-puente-no-congreso-ante-os-escandalosos-atrasos-e-incumprimentos-na-chegada-dos-trens-avril-a-galicia\/#primaryimage","url":"https:\/\/ppdegalicia.com\/wp-content\/uploads\/2024\/03\/20240304-Celso-Delgado.jpg","contentUrl":"https:\/\/ppdegalicia.com\/wp-content\/uploads\/2024\/03\/20240304-Celso-Delgado.jpg","width":2047,"height":1365},{"@type":"BreadcrumbList","@id":"https:\/\/ppdegalicia.com\/es\/os-deputados-do-ppdeg-esixen-a-comparecencia-do-ministro-oscar-puente-no-congreso-ante-os-escandalosos-atrasos-e-incumprimentos-na-chegada-dos-trens-avril-a-galicia\/#breadcrumb","itemListElement":[{"@type":"ListItem","position":1,"name":"Portada","item":"https:\/\/ppdegalicia.com\/es\/"},{"@type":"ListItem","position":2,"name":"Os deputados do PPdeG esixen a comparecencia do ministro \u00d3scar Puente no Congreso ante os \u201cescandalosos\u201d atrasos e incumprimentos na chegada dos trens Avril a Galicia"}]},{"@type":"WebSite","@id":"https:\/\/ppdegalicia.com\/es\/#website","url":"https:\/\/ppdegalicia.com\/es\/","name":"Partido Popular de Galicia","description":"Partido Popular de Galicia","publisher":{"@id":"https:\/\/ppdegalicia.com\/es\/#organization"},"alternateName":"PP de Galicia","potentialAction":[{"@type":"SearchAction","target":{"@type":"EntryPoint","urlTemplate":"https:\/\/ppdegalicia.com\/es\/?s={search_term_string}"},"query-input":{"@type":"PropertyValueSpecification","valueRequired":true,"valueName":"search_term_string"}}],"inLanguage":"es"},{"@type":"Organization","@id":"https:\/\/ppdegalicia.com\/es\/#organization","name":"Partido Popular de Galicia","alternateName":"PP de Galicia","url":"https:\/\/ppdegalicia.com\/es\/","logo":{"@type":"ImageObject","inLanguage":"es","@id":"https:\/\/ppdegalicia.com\/es\/#\/schema\/logo\/image\/","url":"https:\/\/ppdegalicia.com\/wp-content\/uploads\/2023\/04\/logoPP512.png","contentUrl":"https:\/\/ppdegalicia.com\/wp-content\/uploads\/2023\/04\/logoPP512.png","width":512,"height":512,"caption":"Partido Popular de Galicia"},"image":{"@id":"https:\/\/ppdegalicia.com\/es\/#\/schema\/logo\/image\/"},"sameAs":["https:\/\/www.instagram.com\/ppdegalicia\/","https:\/\/x.com\/ppdegalicia","https:\/\/www.tiktok.com\/@ppdegalicia","https:\/\/www.youtube.com\/user\/ppdegalicia"]},{"@type":"Person","@id":"https:\/\/ppdegalicia.com\/es\/#\/schema\/person\/bc9b46e59ebd34bf28611158c3867388","name":"ppdegaliciaedtis","image":{"@type":"ImageObject","inLanguage":"es","@id":"https:\/\/secure.gravatar.com\/avatar\/f9f8cf6e03df54a1b0d04a6b4b8e8c6bd63c10a439752e84d87a5385aefe2ced?s=96&d=mm&r=g","url":"https:\/\/secure.gravatar.com\/avatar\/f9f8cf6e03df54a1b0d04a6b4b8e8c6bd63c10a439752e84d87a5385aefe2ced?s=96&d=mm&r=g","contentUrl":"https:\/\/secure.gravatar.com\/avatar\/f9f8cf6e03df54a1b0d04a6b4b8e8c6bd63c10a439752e84d87a5385aefe2ced?s=96&d=mm&r=g","caption":"ppdegaliciaedtis"},"url":"https:\/\/ppdegalicia.com\/es\/author\/ppdegaliciaedits\/"}]}},"_links":{"self":[{"href":"https:\/\/ppdegalicia.com\/es\/wp-json\/wp\/v2\/posts\/62547","targetHints":{"allow":["GET"]}}],"collection":[{"href":"https:\/\/ppdegalicia.com\/es\/wp-json\/wp\/v2\/posts"}],"about":[{"href":"https:\/\/ppdegalicia.com\/es\/wp-json\/wp\/v2\/types\/post"}],"author":[{"embeddable":true,"href":"https:\/\/ppdegalicia.com\/es\/wp-json\/wp\/v2\/users\/40"}],"replies":[{"embeddable":true,"href":"https:\/\/ppdegalicia.com\/es\/wp-json\/wp\/v2\/comments?post=62547"}],"version-history":[{"count":1,"href":"https:\/\/ppdegalicia.com\/es\/wp-json\/wp\/v2\/posts\/62547\/revisions"}],"predecessor-version":[{"id":62550,"href":"https:\/\/ppdegalicia.com\/es\/wp-json\/wp\/v2\/posts\/62547\/revisions\/62550"}],"wp:featuredmedia":[{"embeddable":true,"href":"https:\/\/ppdegalicia.com\/es\/wp-json\/wp\/v2\/media\/62548"}],"wp:attachment":[{"href":"https:\/\/ppdegalicia.com\/es\/wp-json\/wp\/v2\/media?parent=62547"}],"wp:term":[{"taxonomy":"category","embeddable":true,"href":"https:\/\/ppdegalicia.com\/es\/wp-json\/wp\/v2\/categories?post=62547"},{"taxonomy":"post_tag","embeddable":true,"href":"https:\/\/ppdegalicia.com\/es\/wp-json\/wp\/v2\/tags?post=62547"}],"curies":[{"name":"wp","href":"https:\/\/api.w.org\/{rel}","templated":true}]}}