{"id":62564,"date":"2024-03-10T11:10:47","date_gmt":"2024-03-10T10:10:47","guid":{"rendered":"https:\/\/ppdegalicia.com\/?p=62564"},"modified":"2024-03-11T11:12:47","modified_gmt":"2024-03-11T10:12:47","slug":"el-pp-reclama-en-el-senado-la-exclusion-del-lobo-de-la-lista-de-especies-protegidas-y-la-elaboracion-de-un-plan-que-haga-compatible-su-conservacion-con-la-defensa-de-los-intereses-de-los-ganaderos","status":"publish","type":"post","link":"https:\/\/ppdegalicia.com\/es\/el-pp-reclama-en-el-senado-la-exclusion-del-lobo-de-la-lista-de-especies-protegidas-y-la-elaboracion-de-un-plan-que-haga-compatible-su-conservacion-con-la-defensa-de-los-intereses-de-los-ganaderos\/","title":{"rendered":"El PP reclama en el Senado la exclusi\u00f3n del lobo de la lista de especies protegidas y la elaboraci\u00f3n de un plan que haga compatible su conservaci\u00f3n con la defensa de los intereses de los ganaderos"},"content":{"rendered":"<p style=\"font-weight: 400;\">El Partido Popular lleva al Senado una moci\u00f3n en la que solicita al Gobierno de Espa\u00f1a la exclusi\u00f3n del lobo del Listado de Especies Silvestres en R\u00e9gimen de Protecci\u00f3n Especial (LESPRE) y que, en colaboraci\u00f3n con las comunidades aut\u00f3nomas que m\u00e1s padecen este problema y a los sectores implicados, elabore un Plan de Gesti\u00f3n que haga compatible su conservaci\u00f3n con la defensa de los intereses de los ganaderos.<\/p>\n<p style=\"font-weight: 400;\">Recuerdan los populares que hasta el a\u00f1o 2021 se permit\u00eda a las Comunidades Aut\u00f3nomas adoptar medidas de control de poblaciones de lobos con el fin de garantizar su coexistencia con la actividad ganadera, pero que esto cambi\u00f3 cuando ese mismo a\u00f1o el Gobierno \u2013con el voto en contra de las Comunidades afectadas\u2013 decidi\u00f3 inclu\u00edr a toda la poblaci\u00f3n del lobo espa\u00f1ol en el listado de especies estrictamente protegidas.<\/p>\n<p style=\"font-weight: 400;\">\u201cLa consecuencia de la inclusi\u00f3n del lobo en el LESPRE es el malestar de la poblaci\u00f3n rural y m\u00e1s en concreto de los ganaderos, que ven cada d\u00eda mermar sus reba\u00f1os a consecuencia de los ataques del lobo\u201d, recoge el texto de la moci\u00f3n\u00a0en el que se incide adem\u00e1s en que las compensaciones econ\u00f3micas no son suficientes porque \u201cel ganadero no quiere dinero, quiere a sus animales\u201d.<\/p>\n<p style=\"font-weight: 400;\">De ah\u00ed que\u00a0insten al Gobierno a que el lobo pase de ser especie \u201cestrictamente protegida\u201d a especie \u201cprotegida\u201d, en consonancia con el \u00faltimo informe de la Uni\u00f3n Europea en el que se recomienda reconsiderar la posici\u00f3n en cuanto a la protecci\u00f3n total de la especie.<\/p>\n<p style=\"font-weight: 400;\"><strong><u>ES NECESARIO MANTENER EL EQUILIBRIO EN EL MEDIO RURAL<\/u><\/strong><\/p>\n<p style=\"font-weight: 400;\">Sobre esta cuesti\u00f3n, la senadora por la provincia de Lugo y alcaldesa de Gunt\u00edn, Mar\u00eda Jos\u00e9 G\u00f3mez explica que \u201cdesde unos a\u00f1os hemos pasado de ver ocasionalmente a un lobo acercarse a un reba\u00f1o a verlos en manada\u201d y no s\u00f3lo para atacar a los animales que est\u00e1n en extensivo, sino tambi\u00e9n a los perros que protegen estas explotaciones e incluso las casas particulares.<\/p>\n<p style=\"font-weight: 400;\">\u201cHay que poner medidas de control porque el lobo no tiene depredadores naturales\u201d, asegura insistiendo en la necesidad de \u201cmantener el equilibrio en el medio rural\u201d para que sea compatible el trabajo de los ganaderos con la protecci\u00f3n del lobo\u201d.<\/p>\n<p style=\"font-weight: 400;\">Adem\u00e1s de la suya, la moci\u00f3n registrada por el Partido Popular tambi\u00e9n cuenta con la firma del senador y alcalde de Lal\u00edn, Jos\u00e9 Crespo, en representaci\u00f3n de la provincia de Pontevedra, y la senadora Carmen Leyte por parte de la provincia de Ourense.<\/p>\n","protected":false},"excerpt":{"rendered":"<p>El Partido Popular lleva al Senado una moci\u00f3n en la que solicita al Gobierno de Espa\u00f1a la exclusi\u00f3n del lobo del Listado de Especies Silvestres en R\u00e9gimen de Protecci\u00f3n Especial (LESPRE) y que, en colaboraci\u00f3n con las comunidades aut\u00f3nomas que m\u00e1s padecen este problema y a los sectores implicados, elabore un Plan de Gesti\u00f3n que [&hellip;]<\/p>\n","protected":false},"author":40,"featured_media":62565,"comment_status":"open","ping_status":"open","sticky":false,"template":"","format":"standard","meta":{"_acf_changed":false,"footnotes":""},"categories":[2387],"tags":[],"class_list":["post-62564","post","type-post","status-publish","format-standard","has-post-thumbnail","hentry","category-actualidad-cortes-generales"],"acf":[],"yoast_head":"<!-- This site is optimized with the Yoast SEO plugin v27.3 - https:\/\/yoast.com\/product\/yoast-seo-wordpress\/ -->\n<title>El PP reclama en el Senado la exclusi\u00f3n del lobo de la lista de especies protegidas y la elaboraci\u00f3n de un plan que haga compatible su conservaci\u00f3n con la defensa de los intereses de los ganaderos - PP de Galicia<\/title>\n<meta name=\"description\" content=\"El Partido Popular lleva al Senado una moci\u00f3n en la que solicita al Gobierno de Espa\u00f1a la exclusi\u00f3n del lobo del Listado de Especies Silvestres en R\u00e9gimen de Protecci\u00f3n Especial (LESPRE) y que, en colaboraci\u00f3n con las comunidades aut\u00f3nomas que m\u00e1s padecen este problema y a los sectores implicados, elabore un Plan de Gesti\u00f3n que haga compatible su conservaci\u00f3n con la defensa de los intereses de los ganaderos.\" \/>\n<meta name=\"robots\" content=\"index, follow, max-snippet:-1, max-image-preview:large, max-video-preview:-1\" \/>\n<link rel=\"canonical\" href=\"https:\/\/ppdegalicia.com\/es\/el-pp-reclama-en-el-senado-la-exclusion-del-lobo-de-la-lista-de-especies-protegidas-y-la-elaboracion-de-un-plan-que-haga-compatible-su-conservacion-con-la-defensa-de-los-intereses-de-los-ganaderos\/\" \/>\n<meta property=\"og:locale\" content=\"es_ES\" \/>\n<meta property=\"og:type\" content=\"article\" \/>\n<meta property=\"og:title\" content=\"El PP reclama en el Senado la exclusi\u00f3n del lobo de la lista de especies protegidas y la elaboraci\u00f3n de un plan que haga compatible su conservaci\u00f3n con la defensa de los intereses de los ganaderos - PP de Galicia\" \/>\n<meta property=\"og:description\" content=\"El Partido Popular lleva al Senado una moci\u00f3n en la que solicita al Gobierno de Espa\u00f1a la exclusi\u00f3n del lobo del Listado de Especies Silvestres en R\u00e9gimen de Protecci\u00f3n Especial (LESPRE) y que, en colaboraci\u00f3n con las comunidades aut\u00f3nomas que m\u00e1s padecen este problema y a los sectores implicados, elabore un Plan de Gesti\u00f3n que haga compatible su conservaci\u00f3n con la defensa de los intereses de los ganaderos.\" \/>\n<meta property=\"og:url\" content=\"https:\/\/ppdegalicia.com\/es\/el-pp-reclama-en-el-senado-la-exclusion-del-lobo-de-la-lista-de-especies-protegidas-y-la-elaboracion-de-un-plan-que-haga-compatible-su-conservacion-con-la-defensa-de-los-intereses-de-los-ganaderos\/\" \/>\n<meta property=\"og:site_name\" content=\"PP de Galicia\" \/>\n<meta property=\"article:publisher\" content=\"https:\/\/www.instagram.com\/ppdegalicia\/\" \/>\n<meta property=\"article:published_time\" content=\"2024-03-10T10:10:47+00:00\" \/>\n<meta property=\"article:modified_time\" content=\"2024-03-11T10:12:47+00:00\" \/>\n<meta property=\"og:image\" content=\"https:\/\/ppdegalicia.com\/wp-content\/uploads\/2024\/03\/Pedro-Rollan-y-miembros-del-PPdeG-en-una-visita-a-una-explotacion-ganadera-en-Muras-1.jpg\" \/>\n\t<meta property=\"og:image:width\" content=\"2048\" \/>\n\t<meta property=\"og:image:height\" content=\"1365\" \/>\n\t<meta property=\"og:image:type\" content=\"image\/jpeg\" \/>\n<meta name=\"author\" content=\"ppdegaliciaedtis\" \/>\n<meta name=\"twitter:card\" content=\"summary_large_image\" \/>\n<meta name=\"twitter:creator\" content=\"@ppdegalicia\" \/>\n<meta name=\"twitter:site\" content=\"@ppdegalicia\" \/>\n<meta name=\"twitter:label1\" content=\"Escrito por\" \/>\n\t<meta name=\"twitter:data1\" content=\"ppdegaliciaedtis\" \/>\n\t<meta name=\"twitter:label2\" content=\"Tiempo de lectura\" \/>\n\t<meta name=\"twitter:data2\" content=\"3 minutos\" \/>\n<script type=\"application\/ld+json\" class=\"yoast-schema-graph\">{\"@context\":\"https:\\\/\\\/schema.org\",\"@graph\":[{\"@type\":\"Article\",\"@id\":\"https:\\\/\\\/ppdegalicia.com\\\/es\\\/el-pp-reclama-en-el-senado-la-exclusion-del-lobo-de-la-lista-de-especies-protegidas-y-la-elaboracion-de-un-plan-que-haga-compatible-su-conservacion-con-la-defensa-de-los-intereses-de-los-ganaderos\\\/#article\",\"isPartOf\":{\"@id\":\"https:\\\/\\\/ppdegalicia.com\\\/es\\\/el-pp-reclama-en-el-senado-la-exclusion-del-lobo-de-la-lista-de-especies-protegidas-y-la-elaboracion-de-un-plan-que-haga-compatible-su-conservacion-con-la-defensa-de-los-intereses-de-los-ganaderos\\\/\"},\"author\":{\"name\":\"ppdegaliciaedtis\",\"@id\":\"https:\\\/\\\/ppdegalicia.com\\\/es\\\/#\\\/schema\\\/person\\\/bc9b46e59ebd34bf28611158c3867388\"},\"headline\":\"El PP reclama en el Senado la exclusi\u00f3n del lobo de la lista de especies protegidas y la elaboraci\u00f3n de un plan que haga compatible su conservaci\u00f3n con la defensa de los intereses de los ganaderos\",\"datePublished\":\"2024-03-10T10:10:47+00:00\",\"dateModified\":\"2024-03-11T10:12:47+00:00\",\"mainEntityOfPage\":{\"@id\":\"https:\\\/\\\/ppdegalicia.com\\\/es\\\/el-pp-reclama-en-el-senado-la-exclusion-del-lobo-de-la-lista-de-especies-protegidas-y-la-elaboracion-de-un-plan-que-haga-compatible-su-conservacion-con-la-defensa-de-los-intereses-de-los-ganaderos\\\/\"},\"wordCount\":487,\"commentCount\":0,\"publisher\":{\"@id\":\"https:\\\/\\\/ppdegalicia.com\\\/es\\\/#organization\"},\"image\":{\"@id\":\"https:\\\/\\\/ppdegalicia.com\\\/es\\\/el-pp-reclama-en-el-senado-la-exclusion-del-lobo-de-la-lista-de-especies-protegidas-y-la-elaboracion-de-un-plan-que-haga-compatible-su-conservacion-con-la-defensa-de-los-intereses-de-los-ganaderos\\\/#primaryimage\"},\"thumbnailUrl\":\"https:\\\/\\\/ppdegalicia.com\\\/wp-content\\\/uploads\\\/2024\\\/03\\\/Pedro-Rollan-y-miembros-del-PPdeG-en-una-visita-a-una-explotacion-ganadera-en-Muras-1.jpg\",\"articleSection\":[\"Cortes Generales\"],\"inLanguage\":\"es\",\"potentialAction\":[{\"@type\":\"CommentAction\",\"name\":\"Comment\",\"target\":[\"https:\\\/\\\/ppdegalicia.com\\\/es\\\/el-pp-reclama-en-el-senado-la-exclusion-del-lobo-de-la-lista-de-especies-protegidas-y-la-elaboracion-de-un-plan-que-haga-compatible-su-conservacion-con-la-defensa-de-los-intereses-de-los-ganaderos\\\/#respond\"]}]},{\"@type\":\"WebPage\",\"@id\":\"https:\\\/\\\/ppdegalicia.com\\\/es\\\/el-pp-reclama-en-el-senado-la-exclusion-del-lobo-de-la-lista-de-especies-protegidas-y-la-elaboracion-de-un-plan-que-haga-compatible-su-conservacion-con-la-defensa-de-los-intereses-de-los-ganaderos\\\/\",\"url\":\"https:\\\/\\\/ppdegalicia.com\\\/es\\\/el-pp-reclama-en-el-senado-la-exclusion-del-lobo-de-la-lista-de-especies-protegidas-y-la-elaboracion-de-un-plan-que-haga-compatible-su-conservacion-con-la-defensa-de-los-intereses-de-los-ganaderos\\\/\",\"name\":\"El PP reclama en el Senado la exclusi\u00f3n del lobo de la lista de especies protegidas y la elaboraci\u00f3n de un plan que haga compatible su conservaci\u00f3n con la defensa de los intereses de los ganaderos - PP de Galicia\",\"isPartOf\":{\"@id\":\"https:\\\/\\\/ppdegalicia.com\\\/es\\\/#website\"},\"primaryImageOfPage\":{\"@id\":\"https:\\\/\\\/ppdegalicia.com\\\/es\\\/el-pp-reclama-en-el-senado-la-exclusion-del-lobo-de-la-lista-de-especies-protegidas-y-la-elaboracion-de-un-plan-que-haga-compatible-su-conservacion-con-la-defensa-de-los-intereses-de-los-ganaderos\\\/#primaryimage\"},\"image\":{\"@id\":\"https:\\\/\\\/ppdegalicia.com\\\/es\\\/el-pp-reclama-en-el-senado-la-exclusion-del-lobo-de-la-lista-de-especies-protegidas-y-la-elaboracion-de-un-plan-que-haga-compatible-su-conservacion-con-la-defensa-de-los-intereses-de-los-ganaderos\\\/#primaryimage\"},\"thumbnailUrl\":\"https:\\\/\\\/ppdegalicia.com\\\/wp-content\\\/uploads\\\/2024\\\/03\\\/Pedro-Rollan-y-miembros-del-PPdeG-en-una-visita-a-una-explotacion-ganadera-en-Muras-1.jpg\",\"datePublished\":\"2024-03-10T10:10:47+00:00\",\"dateModified\":\"2024-03-11T10:12:47+00:00\",\"description\":\"El Partido Popular lleva al Senado una moci\u00f3n en la que solicita al Gobierno de Espa\u00f1a la exclusi\u00f3n del lobo del Listado de Especies Silvestres en R\u00e9gimen de Protecci\u00f3n Especial (LESPRE) y que, en colaboraci\u00f3n con las comunidades aut\u00f3nomas que m\u00e1s padecen este problema y a los sectores implicados, elabore un Plan de Gesti\u00f3n que haga compatible su conservaci\u00f3n con la defensa de los intereses de los ganaderos.\",\"breadcrumb\":{\"@id\":\"https:\\\/\\\/ppdegalicia.com\\\/es\\\/el-pp-reclama-en-el-senado-la-exclusion-del-lobo-de-la-lista-de-especies-protegidas-y-la-elaboracion-de-un-plan-que-haga-compatible-su-conservacion-con-la-defensa-de-los-intereses-de-los-ganaderos\\\/#breadcrumb\"},\"inLanguage\":\"es\",\"potentialAction\":[{\"@type\":\"ReadAction\",\"target\":[\"https:\\\/\\\/ppdegalicia.com\\\/es\\\/el-pp-reclama-en-el-senado-la-exclusion-del-lobo-de-la-lista-de-especies-protegidas-y-la-elaboracion-de-un-plan-que-haga-compatible-su-conservacion-con-la-defensa-de-los-intereses-de-los-ganaderos\\\/\"]}]},{\"@type\":\"ImageObject\",\"inLanguage\":\"es\",\"@id\":\"https:\\\/\\\/ppdegalicia.com\\\/es\\\/el-pp-reclama-en-el-senado-la-exclusion-del-lobo-de-la-lista-de-especies-protegidas-y-la-elaboracion-de-un-plan-que-haga-compatible-su-conservacion-con-la-defensa-de-los-intereses-de-los-ganaderos\\\/#primaryimage\",\"url\":\"https:\\\/\\\/ppdegalicia.com\\\/wp-content\\\/uploads\\\/2024\\\/03\\\/Pedro-Rollan-y-miembros-del-PPdeG-en-una-visita-a-una-explotacion-ganadera-en-Muras-1.jpg\",\"contentUrl\":\"https:\\\/\\\/ppdegalicia.com\\\/wp-content\\\/uploads\\\/2024\\\/03\\\/Pedro-Rollan-y-miembros-del-PPdeG-en-una-visita-a-una-explotacion-ganadera-en-Muras-1.jpg\",\"width\":2048,\"height\":1365},{\"@type\":\"BreadcrumbList\",\"@id\":\"https:\\\/\\\/ppdegalicia.com\\\/es\\\/el-pp-reclama-en-el-senado-la-exclusion-del-lobo-de-la-lista-de-especies-protegidas-y-la-elaboracion-de-un-plan-que-haga-compatible-su-conservacion-con-la-defensa-de-los-intereses-de-los-ganaderos\\\/#breadcrumb\",\"itemListElement\":[{\"@type\":\"ListItem\",\"position\":1,\"name\":\"Portada\",\"item\":\"https:\\\/\\\/ppdegalicia.com\\\/es\\\/\"},{\"@type\":\"ListItem\",\"position\":2,\"name\":\"El PP reclama en el Senado la exclusi\u00f3n del lobo de la lista de especies protegidas y la elaboraci\u00f3n de un plan que haga compatible su conservaci\u00f3n con la defensa de los intereses de los ganaderos\"}]},{\"@type\":\"WebSite\",\"@id\":\"https:\\\/\\\/ppdegalicia.com\\\/es\\\/#website\",\"url\":\"https:\\\/\\\/ppdegalicia.com\\\/es\\\/\",\"name\":\"Partido Popular de Galicia\",\"description\":\"Partido Popular de Galicia\",\"publisher\":{\"@id\":\"https:\\\/\\\/ppdegalicia.com\\\/es\\\/#organization\"},\"alternateName\":\"PP de Galicia\",\"potentialAction\":[{\"@type\":\"SearchAction\",\"target\":{\"@type\":\"EntryPoint\",\"urlTemplate\":\"https:\\\/\\\/ppdegalicia.com\\\/es\\\/?s={search_term_string}\"},\"query-input\":{\"@type\":\"PropertyValueSpecification\",\"valueRequired\":true,\"valueName\":\"search_term_string\"}}],\"inLanguage\":\"es\"},{\"@type\":\"Organization\",\"@id\":\"https:\\\/\\\/ppdegalicia.com\\\/es\\\/#organization\",\"name\":\"Partido Popular de Galicia\",\"alternateName\":\"PP de Galicia\",\"url\":\"https:\\\/\\\/ppdegalicia.com\\\/es\\\/\",\"logo\":{\"@type\":\"ImageObject\",\"inLanguage\":\"es\",\"@id\":\"https:\\\/\\\/ppdegalicia.com\\\/es\\\/#\\\/schema\\\/logo\\\/image\\\/\",\"url\":\"https:\\\/\\\/ppdegalicia.com\\\/wp-content\\\/uploads\\\/2023\\\/04\\\/logoPP512.png\",\"contentUrl\":\"https:\\\/\\\/ppdegalicia.com\\\/wp-content\\\/uploads\\\/2023\\\/04\\\/logoPP512.png\",\"width\":512,\"height\":512,\"caption\":\"Partido Popular de Galicia\"},\"image\":{\"@id\":\"https:\\\/\\\/ppdegalicia.com\\\/es\\\/#\\\/schema\\\/logo\\\/image\\\/\"},\"sameAs\":[\"https:\\\/\\\/www.instagram.com\\\/ppdegalicia\\\/\",\"https:\\\/\\\/x.com\\\/ppdegalicia\",\"https:\\\/\\\/www.tiktok.com\\\/@ppdegalicia\",\"https:\\\/\\\/www.youtube.com\\\/user\\\/ppdegalicia\"]},{\"@type\":\"Person\",\"@id\":\"https:\\\/\\\/ppdegalicia.com\\\/es\\\/#\\\/schema\\\/person\\\/bc9b46e59ebd34bf28611158c3867388\",\"name\":\"ppdegaliciaedtis\",\"image\":{\"@type\":\"ImageObject\",\"inLanguage\":\"es\",\"@id\":\"https:\\\/\\\/secure.gravatar.com\\\/avatar\\\/f9f8cf6e03df54a1b0d04a6b4b8e8c6bd63c10a439752e84d87a5385aefe2ced?s=96&d=mm&r=g\",\"url\":\"https:\\\/\\\/secure.gravatar.com\\\/avatar\\\/f9f8cf6e03df54a1b0d04a6b4b8e8c6bd63c10a439752e84d87a5385aefe2ced?s=96&d=mm&r=g\",\"contentUrl\":\"https:\\\/\\\/secure.gravatar.com\\\/avatar\\\/f9f8cf6e03df54a1b0d04a6b4b8e8c6bd63c10a439752e84d87a5385aefe2ced?s=96&d=mm&r=g\",\"caption\":\"ppdegaliciaedtis\"},\"url\":\"https:\\\/\\\/ppdegalicia.com\\\/es\\\/author\\\/ppdegaliciaedits\\\/\"}]}<\/script>\n<!-- \/ Yoast SEO plugin. -->","yoast_head_json":{"title":"El PP reclama en el Senado la exclusi\u00f3n del lobo de la lista de especies protegidas y la elaboraci\u00f3n de un plan que haga compatible su conservaci\u00f3n con la defensa de los intereses de los ganaderos - PP de Galicia","description":"El Partido Popular lleva al Senado una moci\u00f3n en la que solicita al Gobierno de Espa\u00f1a la exclusi\u00f3n del lobo del Listado de Especies Silvestres en R\u00e9gimen de Protecci\u00f3n Especial (LESPRE) y que, en colaboraci\u00f3n con las comunidades aut\u00f3nomas que m\u00e1s padecen este problema y a los sectores implicados, elabore un Plan de Gesti\u00f3n que haga compatible su conservaci\u00f3n con la defensa de los intereses de los ganaderos.","robots":{"index":"index","follow":"follow","max-snippet":"max-snippet:-1","max-image-preview":"max-image-preview:large","max-video-preview":"max-video-preview:-1"},"canonical":"https:\/\/ppdegalicia.com\/es\/el-pp-reclama-en-el-senado-la-exclusion-del-lobo-de-la-lista-de-especies-protegidas-y-la-elaboracion-de-un-plan-que-haga-compatible-su-conservacion-con-la-defensa-de-los-intereses-de-los-ganaderos\/","og_locale":"es_ES","og_type":"article","og_title":"El PP reclama en el Senado la exclusi\u00f3n del lobo de la lista de especies protegidas y la elaboraci\u00f3n de un plan que haga compatible su conservaci\u00f3n con la defensa de los intereses de los ganaderos - PP de Galicia","og_description":"El Partido Popular lleva al Senado una moci\u00f3n en la que solicita al Gobierno de Espa\u00f1a la exclusi\u00f3n del lobo del Listado de Especies Silvestres en R\u00e9gimen de Protecci\u00f3n Especial (LESPRE) y que, en colaboraci\u00f3n con las comunidades aut\u00f3nomas que m\u00e1s padecen este problema y a los sectores implicados, elabore un Plan de Gesti\u00f3n que haga compatible su conservaci\u00f3n con la defensa de los intereses de los ganaderos.","og_url":"https:\/\/ppdegalicia.com\/es\/el-pp-reclama-en-el-senado-la-exclusion-del-lobo-de-la-lista-de-especies-protegidas-y-la-elaboracion-de-un-plan-que-haga-compatible-su-conservacion-con-la-defensa-de-los-intereses-de-los-ganaderos\/","og_site_name":"PP de Galicia","article_publisher":"https:\/\/www.instagram.com\/ppdegalicia\/","article_published_time":"2024-03-10T10:10:47+00:00","article_modified_time":"2024-03-11T10:12:47+00:00","og_image":[{"width":2048,"height":1365,"url":"https:\/\/ppdegalicia.com\/wp-content\/uploads\/2024\/03\/Pedro-Rollan-y-miembros-del-PPdeG-en-una-visita-a-una-explotacion-ganadera-en-Muras-1.jpg","type":"image\/jpeg"}],"author":"ppdegaliciaedtis","twitter_card":"summary_large_image","twitter_creator":"@ppdegalicia","twitter_site":"@ppdegalicia","twitter_misc":{"Escrito por":"ppdegaliciaedtis","Tiempo de lectura":"3 minutos"},"schema":{"@context":"https:\/\/schema.org","@graph":[{"@type":"Article","@id":"https:\/\/ppdegalicia.com\/es\/el-pp-reclama-en-el-senado-la-exclusion-del-lobo-de-la-lista-de-especies-protegidas-y-la-elaboracion-de-un-plan-que-haga-compatible-su-conservacion-con-la-defensa-de-los-intereses-de-los-ganaderos\/#article","isPartOf":{"@id":"https:\/\/ppdegalicia.com\/es\/el-pp-reclama-en-el-senado-la-exclusion-del-lobo-de-la-lista-de-especies-protegidas-y-la-elaboracion-de-un-plan-que-haga-compatible-su-conservacion-con-la-defensa-de-los-intereses-de-los-ganaderos\/"},"author":{"name":"ppdegaliciaedtis","@id":"https:\/\/ppdegalicia.com\/es\/#\/schema\/person\/bc9b46e59ebd34bf28611158c3867388"},"headline":"El PP reclama en el Senado la exclusi\u00f3n del lobo de la lista de especies protegidas y la elaboraci\u00f3n de un plan que haga compatible su conservaci\u00f3n con la defensa de los intereses de los ganaderos","datePublished":"2024-03-10T10:10:47+00:00","dateModified":"2024-03-11T10:12:47+00:00","mainEntityOfPage":{"@id":"https:\/\/ppdegalicia.com\/es\/el-pp-reclama-en-el-senado-la-exclusion-del-lobo-de-la-lista-de-especies-protegidas-y-la-elaboracion-de-un-plan-que-haga-compatible-su-conservacion-con-la-defensa-de-los-intereses-de-los-ganaderos\/"},"wordCount":487,"commentCount":0,"publisher":{"@id":"https:\/\/ppdegalicia.com\/es\/#organization"},"image":{"@id":"https:\/\/ppdegalicia.com\/es\/el-pp-reclama-en-el-senado-la-exclusion-del-lobo-de-la-lista-de-especies-protegidas-y-la-elaboracion-de-un-plan-que-haga-compatible-su-conservacion-con-la-defensa-de-los-intereses-de-los-ganaderos\/#primaryimage"},"thumbnailUrl":"https:\/\/ppdegalicia.com\/wp-content\/uploads\/2024\/03\/Pedro-Rollan-y-miembros-del-PPdeG-en-una-visita-a-una-explotacion-ganadera-en-Muras-1.jpg","articleSection":["Cortes Generales"],"inLanguage":"es","potentialAction":[{"@type":"CommentAction","name":"Comment","target":["https:\/\/ppdegalicia.com\/es\/el-pp-reclama-en-el-senado-la-exclusion-del-lobo-de-la-lista-de-especies-protegidas-y-la-elaboracion-de-un-plan-que-haga-compatible-su-conservacion-con-la-defensa-de-los-intereses-de-los-ganaderos\/#respond"]}]},{"@type":"WebPage","@id":"https:\/\/ppdegalicia.com\/es\/el-pp-reclama-en-el-senado-la-exclusion-del-lobo-de-la-lista-de-especies-protegidas-y-la-elaboracion-de-un-plan-que-haga-compatible-su-conservacion-con-la-defensa-de-los-intereses-de-los-ganaderos\/","url":"https:\/\/ppdegalicia.com\/es\/el-pp-reclama-en-el-senado-la-exclusion-del-lobo-de-la-lista-de-especies-protegidas-y-la-elaboracion-de-un-plan-que-haga-compatible-su-conservacion-con-la-defensa-de-los-intereses-de-los-ganaderos\/","name":"El PP reclama en el Senado la exclusi\u00f3n del lobo de la lista de especies protegidas y la elaboraci\u00f3n de un plan que haga compatible su conservaci\u00f3n con la defensa de los intereses de los ganaderos - PP de Galicia","isPartOf":{"@id":"https:\/\/ppdegalicia.com\/es\/#website"},"primaryImageOfPage":{"@id":"https:\/\/ppdegalicia.com\/es\/el-pp-reclama-en-el-senado-la-exclusion-del-lobo-de-la-lista-de-especies-protegidas-y-la-elaboracion-de-un-plan-que-haga-compatible-su-conservacion-con-la-defensa-de-los-intereses-de-los-ganaderos\/#primaryimage"},"image":{"@id":"https:\/\/ppdegalicia.com\/es\/el-pp-reclama-en-el-senado-la-exclusion-del-lobo-de-la-lista-de-especies-protegidas-y-la-elaboracion-de-un-plan-que-haga-compatible-su-conservacion-con-la-defensa-de-los-intereses-de-los-ganaderos\/#primaryimage"},"thumbnailUrl":"https:\/\/ppdegalicia.com\/wp-content\/uploads\/2024\/03\/Pedro-Rollan-y-miembros-del-PPdeG-en-una-visita-a-una-explotacion-ganadera-en-Muras-1.jpg","datePublished":"2024-03-10T10:10:47+00:00","dateModified":"2024-03-11T10:12:47+00:00","description":"El Partido Popular lleva al Senado una moci\u00f3n en la que solicita al Gobierno de Espa\u00f1a la exclusi\u00f3n del lobo del Listado de Especies Silvestres en R\u00e9gimen de Protecci\u00f3n Especial (LESPRE) y que, en colaboraci\u00f3n con las comunidades aut\u00f3nomas que m\u00e1s padecen este problema y a los sectores implicados, elabore un Plan de Gesti\u00f3n que haga compatible su conservaci\u00f3n con la defensa de los intereses de los ganaderos.","breadcrumb":{"@id":"https:\/\/ppdegalicia.com\/es\/el-pp-reclama-en-el-senado-la-exclusion-del-lobo-de-la-lista-de-especies-protegidas-y-la-elaboracion-de-un-plan-que-haga-compatible-su-conservacion-con-la-defensa-de-los-intereses-de-los-ganaderos\/#breadcrumb"},"inLanguage":"es","potentialAction":[{"@type":"ReadAction","target":["https:\/\/ppdegalicia.com\/es\/el-pp-reclama-en-el-senado-la-exclusion-del-lobo-de-la-lista-de-especies-protegidas-y-la-elaboracion-de-un-plan-que-haga-compatible-su-conservacion-con-la-defensa-de-los-intereses-de-los-ganaderos\/"]}]},{"@type":"ImageObject","inLanguage":"es","@id":"https:\/\/ppdegalicia.com\/es\/el-pp-reclama-en-el-senado-la-exclusion-del-lobo-de-la-lista-de-especies-protegidas-y-la-elaboracion-de-un-plan-que-haga-compatible-su-conservacion-con-la-defensa-de-los-intereses-de-los-ganaderos\/#primaryimage","url":"https:\/\/ppdegalicia.com\/wp-content\/uploads\/2024\/03\/Pedro-Rollan-y-miembros-del-PPdeG-en-una-visita-a-una-explotacion-ganadera-en-Muras-1.jpg","contentUrl":"https:\/\/ppdegalicia.com\/wp-content\/uploads\/2024\/03\/Pedro-Rollan-y-miembros-del-PPdeG-en-una-visita-a-una-explotacion-ganadera-en-Muras-1.jpg","width":2048,"height":1365},{"@type":"BreadcrumbList","@id":"https:\/\/ppdegalicia.com\/es\/el-pp-reclama-en-el-senado-la-exclusion-del-lobo-de-la-lista-de-especies-protegidas-y-la-elaboracion-de-un-plan-que-haga-compatible-su-conservacion-con-la-defensa-de-los-intereses-de-los-ganaderos\/#breadcrumb","itemListElement":[{"@type":"ListItem","position":1,"name":"Portada","item":"https:\/\/ppdegalicia.com\/es\/"},{"@type":"ListItem","position":2,"name":"El PP reclama en el Senado la exclusi\u00f3n del lobo de la lista de especies protegidas y la elaboraci\u00f3n de un plan que haga compatible su conservaci\u00f3n con la defensa de los intereses de los ganaderos"}]},{"@type":"WebSite","@id":"https:\/\/ppdegalicia.com\/es\/#website","url":"https:\/\/ppdegalicia.com\/es\/","name":"Partido Popular de Galicia","description":"Partido Popular de Galicia","publisher":{"@id":"https:\/\/ppdegalicia.com\/es\/#organization"},"alternateName":"PP de Galicia","potentialAction":[{"@type":"SearchAction","target":{"@type":"EntryPoint","urlTemplate":"https:\/\/ppdegalicia.com\/es\/?s={search_term_string}"},"query-input":{"@type":"PropertyValueSpecification","valueRequired":true,"valueName":"search_term_string"}}],"inLanguage":"es"},{"@type":"Organization","@id":"https:\/\/ppdegalicia.com\/es\/#organization","name":"Partido Popular de Galicia","alternateName":"PP de Galicia","url":"https:\/\/ppdegalicia.com\/es\/","logo":{"@type":"ImageObject","inLanguage":"es","@id":"https:\/\/ppdegalicia.com\/es\/#\/schema\/logo\/image\/","url":"https:\/\/ppdegalicia.com\/wp-content\/uploads\/2023\/04\/logoPP512.png","contentUrl":"https:\/\/ppdegalicia.com\/wp-content\/uploads\/2023\/04\/logoPP512.png","width":512,"height":512,"caption":"Partido Popular de Galicia"},"image":{"@id":"https:\/\/ppdegalicia.com\/es\/#\/schema\/logo\/image\/"},"sameAs":["https:\/\/www.instagram.com\/ppdegalicia\/","https:\/\/x.com\/ppdegalicia","https:\/\/www.tiktok.com\/@ppdegalicia","https:\/\/www.youtube.com\/user\/ppdegalicia"]},{"@type":"Person","@id":"https:\/\/ppdegalicia.com\/es\/#\/schema\/person\/bc9b46e59ebd34bf28611158c3867388","name":"ppdegaliciaedtis","image":{"@type":"ImageObject","inLanguage":"es","@id":"https:\/\/secure.gravatar.com\/avatar\/f9f8cf6e03df54a1b0d04a6b4b8e8c6bd63c10a439752e84d87a5385aefe2ced?s=96&d=mm&r=g","url":"https:\/\/secure.gravatar.com\/avatar\/f9f8cf6e03df54a1b0d04a6b4b8e8c6bd63c10a439752e84d87a5385aefe2ced?s=96&d=mm&r=g","contentUrl":"https:\/\/secure.gravatar.com\/avatar\/f9f8cf6e03df54a1b0d04a6b4b8e8c6bd63c10a439752e84d87a5385aefe2ced?s=96&d=mm&r=g","caption":"ppdegaliciaedtis"},"url":"https:\/\/ppdegalicia.com\/es\/author\/ppdegaliciaedits\/"}]}},"_links":{"self":[{"href":"https:\/\/ppdegalicia.com\/es\/wp-json\/wp\/v2\/posts\/62564","targetHints":{"allow":["GET"]}}],"collection":[{"href":"https:\/\/ppdegalicia.com\/es\/wp-json\/wp\/v2\/posts"}],"about":[{"href":"https:\/\/ppdegalicia.com\/es\/wp-json\/wp\/v2\/types\/post"}],"author":[{"embeddable":true,"href":"https:\/\/ppdegalicia.com\/es\/wp-json\/wp\/v2\/users\/40"}],"replies":[{"embeddable":true,"href":"https:\/\/ppdegalicia.com\/es\/wp-json\/wp\/v2\/comments?post=62564"}],"version-history":[{"count":1,"href":"https:\/\/ppdegalicia.com\/es\/wp-json\/wp\/v2\/posts\/62564\/revisions"}],"predecessor-version":[{"id":62567,"href":"https:\/\/ppdegalicia.com\/es\/wp-json\/wp\/v2\/posts\/62564\/revisions\/62567"}],"wp:featuredmedia":[{"embeddable":true,"href":"https:\/\/ppdegalicia.com\/es\/wp-json\/wp\/v2\/media\/62565"}],"wp:attachment":[{"href":"https:\/\/ppdegalicia.com\/es\/wp-json\/wp\/v2\/media?parent=62564"}],"wp:term":[{"taxonomy":"category","embeddable":true,"href":"https:\/\/ppdegalicia.com\/es\/wp-json\/wp\/v2\/categories?post=62564"},{"taxonomy":"post_tag","embeddable":true,"href":"https:\/\/ppdegalicia.com\/es\/wp-json\/wp\/v2\/tags?post=62564"}],"curies":[{"name":"wp","href":"https:\/\/api.w.org\/{rel}","templated":true}]}}