{"id":62583,"date":"2024-03-19T13:36:34","date_gmt":"2024-03-19T12:36:34","guid":{"rendered":"https:\/\/ppdegalicia.com\/?p=62583"},"modified":"2024-03-19T13:36:34","modified_gmt":"2024-03-19T12:36:34","slug":"novas-xeracions-de-galicia-aproba-a-designacion-da-nova-xestora-provincial-da-organizacion-na-coruna-e-reivindica-o-papel-da-xuventude-na-vitoria-de-alfonso-rueda","status":"publish","type":"post","link":"https:\/\/ppdegalicia.com\/es\/novas-xeracions-de-galicia-aproba-a-designacion-da-nova-xestora-provincial-da-organizacion-na-coruna-e-reivindica-o-papel-da-xuventude-na-vitoria-de-alfonso-rueda\/","title":{"rendered":"Novas Xeraci\u00f3ns de Galicia aproba a designaci\u00f3n da nova xestora provincial da organizaci\u00f3n na Coru\u00f1a e reivindica o papel da xuventude na vitoria de Alfonso Rueda"},"content":{"rendered":"<p style=\"font-weight: 400;\">Os \u00f3rganos directivos de Novas Xeraci\u00f3ns de Galicia ve\u00f1en de aprobar a designaci\u00f3n dunha nova xestora da organizaci\u00f3n na provincia da Coru\u00f1a que contar\u00e1 coa sonense Ximena Louro como presidenta e o cercedense Yannick Juncal como secretario xeral.<\/p>\n<p style=\"font-weight: 400;\">Nunha reuni\u00f3n conxunta do Comit\u00e9 de Direcci\u00f3n, o Comit\u00e9 Executivo e a Xunta Directiva de Novas Xeraci\u00f3ns celebrada na sede auton\u00f3mica do PPdeG e presidida por Nicole Grueira, aprobouse a composici\u00f3n desta xestora que contar\u00e1 como vogais con Carlos Moledo, Andrea Iglesias, Araceli L\u00f3pez, Manuel Ortigueira, Alba Miramontes, Nerea Mosquera, Brais Alonso, Jose Zar, Rafael Penide, Alberto Castellanos e Bea Quint\u00eda.<\/p>\n<p style=\"font-weight: 400;\">\u201cUn equipo aberto e con moitas ga\u00f1as de traballar para que as Novas Xeraci\u00f3ns da Coru\u00f1a sigan funcionando\u201d, tal e como o define Nicole Grueira, quen ademais aproveitou a reuni\u00f3n para agradecer o traballo ao longo destes oito anos ao equipo encabezado por Jos\u00e9 Miguel Mah\u00eda.<\/p>\n<p style=\"font-weight: 400;\">O presidente sa\u00ednte asegurou que \u201cpecha unha etapa pol\u00edtica e persoal brutal deixando unha provincia unida, forte e con relevo, cumprindo co compromiso adquirido no seu d\u00eda\u201d e desexou toda a s\u00faa sorte ao novo equipo nesta \u201caventura incre\u00edble\u201d.<\/p>\n<p style=\"font-weight: 400;\"><strong><u>A MOCIDADE QUE FUNCIONA<\/u><\/strong><\/p>\n<p style=\"font-weight: 400;\">Na xuntanza tam\u00e9n se fixo unha an\u00e1lise dos resultados acadados nas elecci\u00f3ns auton\u00f3micas do 18 de febreiro e especialmente do papel que xogou a mocidade galega na consecuenci\u00f3n da primeira maior\u00eda absoluta de Alfonso Rueda.<\/p>\n<p style=\"font-weight: 400;\">De feito, desde Novas Xeraci\u00f3ns de Galicia destacan que o PPdeG foi a primeira opci\u00f3n e o partido m\u00e1is votado entre o electorado menor de 30 anos e con iso, aseguran, demostrouse que \u201cGalicia e a s\u00faa mocidade funcionan\u201d.<\/p>\n","protected":false},"excerpt":{"rendered":"<p>Os \u00f3rganos directivos de Novas Xeraci\u00f3ns de Galicia ve\u00f1en de aprobar a designaci\u00f3n dunha nova xestora da organizaci\u00f3n na provincia da Coru\u00f1a que contar\u00e1 coa sonense Ximena Louro como presidenta e o cercedense Yannick Juncal como secretario xeral. Nunha reuni\u00f3n conxunta do Comit\u00e9 de Direcci\u00f3n, o Comit\u00e9 Executivo e a Xunta Directiva de Novas Xeraci\u00f3ns [&hellip;]<\/p>\n","protected":false},"author":40,"featured_media":62584,"comment_status":"open","ping_status":"open","sticky":false,"template":"","format":"standard","meta":{"_acf_changed":false,"footnotes":""},"categories":[1],"tags":[],"class_list":["post-62583","post","type-post","status-publish","format-standard","has-post-thumbnail","hentry","category-pp-de-galicia"],"acf":[],"yoast_head":"<!-- This site is optimized with the Yoast SEO plugin v27.3 - https:\/\/yoast.com\/product\/yoast-seo-wordpress\/ -->\n<title>Novas Xeraci\u00f3ns de Galicia aproba a designaci\u00f3n da nova xestora provincial da organizaci\u00f3n na Coru\u00f1a e reivindica o papel da xuventude na vitoria de Alfonso Rueda - PP de Galicia<\/title>\n<meta name=\"description\" content=\"Os \u00f3rganos directivos de Novas Xeraci\u00f3ns de Galicia ve\u00f1en de aprobar a designaci\u00f3n dunha nova xestora da organizaci\u00f3n na provincia da Coru\u00f1a que contar\u00e1 coa sonense Ximena Louro como presidenta e o cercedense Yannick Juncal como secretario xeral.\" \/>\n<meta name=\"robots\" content=\"index, follow, max-snippet:-1, max-image-preview:large, max-video-preview:-1\" \/>\n<link rel=\"canonical\" href=\"https:\/\/ppdegalicia.com\/es\/novas-xeracions-de-galicia-aproba-a-designacion-da-nova-xestora-provincial-da-organizacion-na-coruna-e-reivindica-o-papel-da-xuventude-na-vitoria-de-alfonso-rueda\/\" \/>\n<meta property=\"og:locale\" content=\"es_ES\" \/>\n<meta property=\"og:type\" content=\"article\" \/>\n<meta property=\"og:title\" content=\"Novas Xeraci\u00f3ns de Galicia aproba a designaci\u00f3n da nova xestora provincial da organizaci\u00f3n na Coru\u00f1a e reivindica o papel da xuventude na vitoria de Alfonso Rueda - PP de Galicia\" \/>\n<meta property=\"og:description\" content=\"Os \u00f3rganos directivos de Novas Xeraci\u00f3ns de Galicia ve\u00f1en de aprobar a designaci\u00f3n dunha nova xestora da organizaci\u00f3n na provincia da Coru\u00f1a que contar\u00e1 coa sonense Ximena Louro como presidenta e o cercedense Yannick Juncal como secretario xeral.\" \/>\n<meta property=\"og:url\" content=\"https:\/\/ppdegalicia.com\/es\/novas-xeracions-de-galicia-aproba-a-designacion-da-nova-xestora-provincial-da-organizacion-na-coruna-e-reivindica-o-papel-da-xuventude-na-vitoria-de-alfonso-rueda\/\" \/>\n<meta property=\"og:site_name\" content=\"PP de Galicia\" \/>\n<meta property=\"article:publisher\" content=\"https:\/\/www.instagram.com\/ppdegalicia\/\" \/>\n<meta property=\"article:published_time\" content=\"2024-03-19T12:36:34+00:00\" \/>\n<meta property=\"og:image\" content=\"https:\/\/ppdegalicia.com\/wp-content\/uploads\/2024\/03\/20240319-Mahia-Nicole-Grueira-e-Max-Novoa-coa-presidenta-e-secretario-da-nova-xestora.jpg\" \/>\n\t<meta property=\"og:image:width\" content=\"2048\" \/>\n\t<meta property=\"og:image:height\" content=\"1532\" \/>\n\t<meta property=\"og:image:type\" content=\"image\/jpeg\" \/>\n<meta name=\"author\" content=\"ppdegaliciaedtis\" \/>\n<meta name=\"twitter:card\" content=\"summary_large_image\" \/>\n<meta name=\"twitter:creator\" content=\"@ppdegalicia\" \/>\n<meta name=\"twitter:site\" content=\"@ppdegalicia\" \/>\n<meta name=\"twitter:label1\" content=\"Escrito por\" \/>\n\t<meta name=\"twitter:data1\" content=\"ppdegaliciaedtis\" \/>\n\t<meta name=\"twitter:label2\" content=\"Tiempo de lectura\" \/>\n\t<meta name=\"twitter:data2\" content=\"2 minutos\" \/>\n<script type=\"application\/ld+json\" class=\"yoast-schema-graph\">{\"@context\":\"https:\\\/\\\/schema.org\",\"@graph\":[{\"@type\":\"Article\",\"@id\":\"https:\\\/\\\/ppdegalicia.com\\\/es\\\/novas-xeracions-de-galicia-aproba-a-designacion-da-nova-xestora-provincial-da-organizacion-na-coruna-e-reivindica-o-papel-da-xuventude-na-vitoria-de-alfonso-rueda\\\/#article\",\"isPartOf\":{\"@id\":\"https:\\\/\\\/ppdegalicia.com\\\/es\\\/novas-xeracions-de-galicia-aproba-a-designacion-da-nova-xestora-provincial-da-organizacion-na-coruna-e-reivindica-o-papel-da-xuventude-na-vitoria-de-alfonso-rueda\\\/\"},\"author\":{\"name\":\"ppdegaliciaedtis\",\"@id\":\"https:\\\/\\\/ppdegalicia.com\\\/es\\\/#\\\/schema\\\/person\\\/bc9b46e59ebd34bf28611158c3867388\"},\"headline\":\"Novas Xeraci\u00f3ns de Galicia aproba a designaci\u00f3n da nova xestora provincial da organizaci\u00f3n na Coru\u00f1a e reivindica o papel da xuventude na vitoria de Alfonso Rueda\",\"datePublished\":\"2024-03-19T12:36:34+00:00\",\"mainEntityOfPage\":{\"@id\":\"https:\\\/\\\/ppdegalicia.com\\\/es\\\/novas-xeracions-de-galicia-aproba-a-designacion-da-nova-xestora-provincial-da-organizacion-na-coruna-e-reivindica-o-papel-da-xuventude-na-vitoria-de-alfonso-rueda\\\/\"},\"wordCount\":322,\"commentCount\":0,\"publisher\":{\"@id\":\"https:\\\/\\\/ppdegalicia.com\\\/es\\\/#organization\"},\"image\":{\"@id\":\"https:\\\/\\\/ppdegalicia.com\\\/es\\\/novas-xeracions-de-galicia-aproba-a-designacion-da-nova-xestora-provincial-da-organizacion-na-coruna-e-reivindica-o-papel-da-xuventude-na-vitoria-de-alfonso-rueda\\\/#primaryimage\"},\"thumbnailUrl\":\"https:\\\/\\\/ppdegalicia.com\\\/wp-content\\\/uploads\\\/2024\\\/03\\\/20240319-Mahia-Nicole-Grueira-e-Max-Novoa-coa-presidenta-e-secretario-da-nova-xestora.jpg\",\"articleSection\":[\"PP de Galicia\"],\"inLanguage\":\"es\",\"potentialAction\":[{\"@type\":\"CommentAction\",\"name\":\"Comment\",\"target\":[\"https:\\\/\\\/ppdegalicia.com\\\/es\\\/novas-xeracions-de-galicia-aproba-a-designacion-da-nova-xestora-provincial-da-organizacion-na-coruna-e-reivindica-o-papel-da-xuventude-na-vitoria-de-alfonso-rueda\\\/#respond\"]}]},{\"@type\":\"WebPage\",\"@id\":\"https:\\\/\\\/ppdegalicia.com\\\/es\\\/novas-xeracions-de-galicia-aproba-a-designacion-da-nova-xestora-provincial-da-organizacion-na-coruna-e-reivindica-o-papel-da-xuventude-na-vitoria-de-alfonso-rueda\\\/\",\"url\":\"https:\\\/\\\/ppdegalicia.com\\\/es\\\/novas-xeracions-de-galicia-aproba-a-designacion-da-nova-xestora-provincial-da-organizacion-na-coruna-e-reivindica-o-papel-da-xuventude-na-vitoria-de-alfonso-rueda\\\/\",\"name\":\"Novas Xeraci\u00f3ns de Galicia aproba a designaci\u00f3n da nova xestora provincial da organizaci\u00f3n na Coru\u00f1a e reivindica o papel da xuventude na vitoria de Alfonso Rueda - PP de Galicia\",\"isPartOf\":{\"@id\":\"https:\\\/\\\/ppdegalicia.com\\\/es\\\/#website\"},\"primaryImageOfPage\":{\"@id\":\"https:\\\/\\\/ppdegalicia.com\\\/es\\\/novas-xeracions-de-galicia-aproba-a-designacion-da-nova-xestora-provincial-da-organizacion-na-coruna-e-reivindica-o-papel-da-xuventude-na-vitoria-de-alfonso-rueda\\\/#primaryimage\"},\"image\":{\"@id\":\"https:\\\/\\\/ppdegalicia.com\\\/es\\\/novas-xeracions-de-galicia-aproba-a-designacion-da-nova-xestora-provincial-da-organizacion-na-coruna-e-reivindica-o-papel-da-xuventude-na-vitoria-de-alfonso-rueda\\\/#primaryimage\"},\"thumbnailUrl\":\"https:\\\/\\\/ppdegalicia.com\\\/wp-content\\\/uploads\\\/2024\\\/03\\\/20240319-Mahia-Nicole-Grueira-e-Max-Novoa-coa-presidenta-e-secretario-da-nova-xestora.jpg\",\"datePublished\":\"2024-03-19T12:36:34+00:00\",\"description\":\"Os \u00f3rganos directivos de Novas Xeraci\u00f3ns de Galicia ve\u00f1en de aprobar a designaci\u00f3n dunha nova xestora da organizaci\u00f3n na provincia da Coru\u00f1a que contar\u00e1 coa sonense Ximena Louro como presidenta e o cercedense Yannick Juncal como secretario xeral.\",\"breadcrumb\":{\"@id\":\"https:\\\/\\\/ppdegalicia.com\\\/es\\\/novas-xeracions-de-galicia-aproba-a-designacion-da-nova-xestora-provincial-da-organizacion-na-coruna-e-reivindica-o-papel-da-xuventude-na-vitoria-de-alfonso-rueda\\\/#breadcrumb\"},\"inLanguage\":\"es\",\"potentialAction\":[{\"@type\":\"ReadAction\",\"target\":[\"https:\\\/\\\/ppdegalicia.com\\\/es\\\/novas-xeracions-de-galicia-aproba-a-designacion-da-nova-xestora-provincial-da-organizacion-na-coruna-e-reivindica-o-papel-da-xuventude-na-vitoria-de-alfonso-rueda\\\/\"]}]},{\"@type\":\"ImageObject\",\"inLanguage\":\"es\",\"@id\":\"https:\\\/\\\/ppdegalicia.com\\\/es\\\/novas-xeracions-de-galicia-aproba-a-designacion-da-nova-xestora-provincial-da-organizacion-na-coruna-e-reivindica-o-papel-da-xuventude-na-vitoria-de-alfonso-rueda\\\/#primaryimage\",\"url\":\"https:\\\/\\\/ppdegalicia.com\\\/wp-content\\\/uploads\\\/2024\\\/03\\\/20240319-Mahia-Nicole-Grueira-e-Max-Novoa-coa-presidenta-e-secretario-da-nova-xestora.jpg\",\"contentUrl\":\"https:\\\/\\\/ppdegalicia.com\\\/wp-content\\\/uploads\\\/2024\\\/03\\\/20240319-Mahia-Nicole-Grueira-e-Max-Novoa-coa-presidenta-e-secretario-da-nova-xestora.jpg\",\"width\":2048,\"height\":1532},{\"@type\":\"BreadcrumbList\",\"@id\":\"https:\\\/\\\/ppdegalicia.com\\\/es\\\/novas-xeracions-de-galicia-aproba-a-designacion-da-nova-xestora-provincial-da-organizacion-na-coruna-e-reivindica-o-papel-da-xuventude-na-vitoria-de-alfonso-rueda\\\/#breadcrumb\",\"itemListElement\":[{\"@type\":\"ListItem\",\"position\":1,\"name\":\"Portada\",\"item\":\"https:\\\/\\\/ppdegalicia.com\\\/es\\\/\"},{\"@type\":\"ListItem\",\"position\":2,\"name\":\"Novas Xeraci\u00f3ns de Galicia aproba a designaci\u00f3n da nova xestora provincial da organizaci\u00f3n na Coru\u00f1a e reivindica o papel da xuventude na vitoria de Alfonso Rueda\"}]},{\"@type\":\"WebSite\",\"@id\":\"https:\\\/\\\/ppdegalicia.com\\\/es\\\/#website\",\"url\":\"https:\\\/\\\/ppdegalicia.com\\\/es\\\/\",\"name\":\"Partido Popular de Galicia\",\"description\":\"Partido Popular de Galicia\",\"publisher\":{\"@id\":\"https:\\\/\\\/ppdegalicia.com\\\/es\\\/#organization\"},\"alternateName\":\"PP de Galicia\",\"potentialAction\":[{\"@type\":\"SearchAction\",\"target\":{\"@type\":\"EntryPoint\",\"urlTemplate\":\"https:\\\/\\\/ppdegalicia.com\\\/es\\\/?s={search_term_string}\"},\"query-input\":{\"@type\":\"PropertyValueSpecification\",\"valueRequired\":true,\"valueName\":\"search_term_string\"}}],\"inLanguage\":\"es\"},{\"@type\":\"Organization\",\"@id\":\"https:\\\/\\\/ppdegalicia.com\\\/es\\\/#organization\",\"name\":\"Partido Popular de Galicia\",\"alternateName\":\"PP de Galicia\",\"url\":\"https:\\\/\\\/ppdegalicia.com\\\/es\\\/\",\"logo\":{\"@type\":\"ImageObject\",\"inLanguage\":\"es\",\"@id\":\"https:\\\/\\\/ppdegalicia.com\\\/es\\\/#\\\/schema\\\/logo\\\/image\\\/\",\"url\":\"https:\\\/\\\/ppdegalicia.com\\\/wp-content\\\/uploads\\\/2023\\\/04\\\/logoPP512.png\",\"contentUrl\":\"https:\\\/\\\/ppdegalicia.com\\\/wp-content\\\/uploads\\\/2023\\\/04\\\/logoPP512.png\",\"width\":512,\"height\":512,\"caption\":\"Partido Popular de Galicia\"},\"image\":{\"@id\":\"https:\\\/\\\/ppdegalicia.com\\\/es\\\/#\\\/schema\\\/logo\\\/image\\\/\"},\"sameAs\":[\"https:\\\/\\\/www.instagram.com\\\/ppdegalicia\\\/\",\"https:\\\/\\\/x.com\\\/ppdegalicia\",\"https:\\\/\\\/www.tiktok.com\\\/@ppdegalicia\",\"https:\\\/\\\/www.youtube.com\\\/user\\\/ppdegalicia\"]},{\"@type\":\"Person\",\"@id\":\"https:\\\/\\\/ppdegalicia.com\\\/es\\\/#\\\/schema\\\/person\\\/bc9b46e59ebd34bf28611158c3867388\",\"name\":\"ppdegaliciaedtis\",\"image\":{\"@type\":\"ImageObject\",\"inLanguage\":\"es\",\"@id\":\"https:\\\/\\\/secure.gravatar.com\\\/avatar\\\/f9f8cf6e03df54a1b0d04a6b4b8e8c6bd63c10a439752e84d87a5385aefe2ced?s=96&d=mm&r=g\",\"url\":\"https:\\\/\\\/secure.gravatar.com\\\/avatar\\\/f9f8cf6e03df54a1b0d04a6b4b8e8c6bd63c10a439752e84d87a5385aefe2ced?s=96&d=mm&r=g\",\"contentUrl\":\"https:\\\/\\\/secure.gravatar.com\\\/avatar\\\/f9f8cf6e03df54a1b0d04a6b4b8e8c6bd63c10a439752e84d87a5385aefe2ced?s=96&d=mm&r=g\",\"caption\":\"ppdegaliciaedtis\"},\"url\":\"https:\\\/\\\/ppdegalicia.com\\\/es\\\/author\\\/ppdegaliciaedits\\\/\"}]}<\/script>\n<!-- \/ Yoast SEO plugin. -->","yoast_head_json":{"title":"Novas Xeraci\u00f3ns de Galicia aproba a designaci\u00f3n da nova xestora provincial da organizaci\u00f3n na Coru\u00f1a e reivindica o papel da xuventude na vitoria de Alfonso Rueda - PP de Galicia","description":"Os \u00f3rganos directivos de Novas Xeraci\u00f3ns de Galicia ve\u00f1en de aprobar a designaci\u00f3n dunha nova xestora da organizaci\u00f3n na provincia da Coru\u00f1a que contar\u00e1 coa sonense Ximena Louro como presidenta e o cercedense Yannick Juncal como secretario xeral.","robots":{"index":"index","follow":"follow","max-snippet":"max-snippet:-1","max-image-preview":"max-image-preview:large","max-video-preview":"max-video-preview:-1"},"canonical":"https:\/\/ppdegalicia.com\/es\/novas-xeracions-de-galicia-aproba-a-designacion-da-nova-xestora-provincial-da-organizacion-na-coruna-e-reivindica-o-papel-da-xuventude-na-vitoria-de-alfonso-rueda\/","og_locale":"es_ES","og_type":"article","og_title":"Novas Xeraci\u00f3ns de Galicia aproba a designaci\u00f3n da nova xestora provincial da organizaci\u00f3n na Coru\u00f1a e reivindica o papel da xuventude na vitoria de Alfonso Rueda - PP de Galicia","og_description":"Os \u00f3rganos directivos de Novas Xeraci\u00f3ns de Galicia ve\u00f1en de aprobar a designaci\u00f3n dunha nova xestora da organizaci\u00f3n na provincia da Coru\u00f1a que contar\u00e1 coa sonense Ximena Louro como presidenta e o cercedense Yannick Juncal como secretario xeral.","og_url":"https:\/\/ppdegalicia.com\/es\/novas-xeracions-de-galicia-aproba-a-designacion-da-nova-xestora-provincial-da-organizacion-na-coruna-e-reivindica-o-papel-da-xuventude-na-vitoria-de-alfonso-rueda\/","og_site_name":"PP de Galicia","article_publisher":"https:\/\/www.instagram.com\/ppdegalicia\/","article_published_time":"2024-03-19T12:36:34+00:00","og_image":[{"width":2048,"height":1532,"url":"https:\/\/ppdegalicia.com\/wp-content\/uploads\/2024\/03\/20240319-Mahia-Nicole-Grueira-e-Max-Novoa-coa-presidenta-e-secretario-da-nova-xestora.jpg","type":"image\/jpeg"}],"author":"ppdegaliciaedtis","twitter_card":"summary_large_image","twitter_creator":"@ppdegalicia","twitter_site":"@ppdegalicia","twitter_misc":{"Escrito por":"ppdegaliciaedtis","Tiempo de lectura":"2 minutos"},"schema":{"@context":"https:\/\/schema.org","@graph":[{"@type":"Article","@id":"https:\/\/ppdegalicia.com\/es\/novas-xeracions-de-galicia-aproba-a-designacion-da-nova-xestora-provincial-da-organizacion-na-coruna-e-reivindica-o-papel-da-xuventude-na-vitoria-de-alfonso-rueda\/#article","isPartOf":{"@id":"https:\/\/ppdegalicia.com\/es\/novas-xeracions-de-galicia-aproba-a-designacion-da-nova-xestora-provincial-da-organizacion-na-coruna-e-reivindica-o-papel-da-xuventude-na-vitoria-de-alfonso-rueda\/"},"author":{"name":"ppdegaliciaedtis","@id":"https:\/\/ppdegalicia.com\/es\/#\/schema\/person\/bc9b46e59ebd34bf28611158c3867388"},"headline":"Novas Xeraci\u00f3ns de Galicia aproba a designaci\u00f3n da nova xestora provincial da organizaci\u00f3n na Coru\u00f1a e reivindica o papel da xuventude na vitoria de Alfonso Rueda","datePublished":"2024-03-19T12:36:34+00:00","mainEntityOfPage":{"@id":"https:\/\/ppdegalicia.com\/es\/novas-xeracions-de-galicia-aproba-a-designacion-da-nova-xestora-provincial-da-organizacion-na-coruna-e-reivindica-o-papel-da-xuventude-na-vitoria-de-alfonso-rueda\/"},"wordCount":322,"commentCount":0,"publisher":{"@id":"https:\/\/ppdegalicia.com\/es\/#organization"},"image":{"@id":"https:\/\/ppdegalicia.com\/es\/novas-xeracions-de-galicia-aproba-a-designacion-da-nova-xestora-provincial-da-organizacion-na-coruna-e-reivindica-o-papel-da-xuventude-na-vitoria-de-alfonso-rueda\/#primaryimage"},"thumbnailUrl":"https:\/\/ppdegalicia.com\/wp-content\/uploads\/2024\/03\/20240319-Mahia-Nicole-Grueira-e-Max-Novoa-coa-presidenta-e-secretario-da-nova-xestora.jpg","articleSection":["PP de Galicia"],"inLanguage":"es","potentialAction":[{"@type":"CommentAction","name":"Comment","target":["https:\/\/ppdegalicia.com\/es\/novas-xeracions-de-galicia-aproba-a-designacion-da-nova-xestora-provincial-da-organizacion-na-coruna-e-reivindica-o-papel-da-xuventude-na-vitoria-de-alfonso-rueda\/#respond"]}]},{"@type":"WebPage","@id":"https:\/\/ppdegalicia.com\/es\/novas-xeracions-de-galicia-aproba-a-designacion-da-nova-xestora-provincial-da-organizacion-na-coruna-e-reivindica-o-papel-da-xuventude-na-vitoria-de-alfonso-rueda\/","url":"https:\/\/ppdegalicia.com\/es\/novas-xeracions-de-galicia-aproba-a-designacion-da-nova-xestora-provincial-da-organizacion-na-coruna-e-reivindica-o-papel-da-xuventude-na-vitoria-de-alfonso-rueda\/","name":"Novas Xeraci\u00f3ns de Galicia aproba a designaci\u00f3n da nova xestora provincial da organizaci\u00f3n na Coru\u00f1a e reivindica o papel da xuventude na vitoria de Alfonso Rueda - PP de Galicia","isPartOf":{"@id":"https:\/\/ppdegalicia.com\/es\/#website"},"primaryImageOfPage":{"@id":"https:\/\/ppdegalicia.com\/es\/novas-xeracions-de-galicia-aproba-a-designacion-da-nova-xestora-provincial-da-organizacion-na-coruna-e-reivindica-o-papel-da-xuventude-na-vitoria-de-alfonso-rueda\/#primaryimage"},"image":{"@id":"https:\/\/ppdegalicia.com\/es\/novas-xeracions-de-galicia-aproba-a-designacion-da-nova-xestora-provincial-da-organizacion-na-coruna-e-reivindica-o-papel-da-xuventude-na-vitoria-de-alfonso-rueda\/#primaryimage"},"thumbnailUrl":"https:\/\/ppdegalicia.com\/wp-content\/uploads\/2024\/03\/20240319-Mahia-Nicole-Grueira-e-Max-Novoa-coa-presidenta-e-secretario-da-nova-xestora.jpg","datePublished":"2024-03-19T12:36:34+00:00","description":"Os \u00f3rganos directivos de Novas Xeraci\u00f3ns de Galicia ve\u00f1en de aprobar a designaci\u00f3n dunha nova xestora da organizaci\u00f3n na provincia da Coru\u00f1a que contar\u00e1 coa sonense Ximena Louro como presidenta e o cercedense Yannick Juncal como secretario xeral.","breadcrumb":{"@id":"https:\/\/ppdegalicia.com\/es\/novas-xeracions-de-galicia-aproba-a-designacion-da-nova-xestora-provincial-da-organizacion-na-coruna-e-reivindica-o-papel-da-xuventude-na-vitoria-de-alfonso-rueda\/#breadcrumb"},"inLanguage":"es","potentialAction":[{"@type":"ReadAction","target":["https:\/\/ppdegalicia.com\/es\/novas-xeracions-de-galicia-aproba-a-designacion-da-nova-xestora-provincial-da-organizacion-na-coruna-e-reivindica-o-papel-da-xuventude-na-vitoria-de-alfonso-rueda\/"]}]},{"@type":"ImageObject","inLanguage":"es","@id":"https:\/\/ppdegalicia.com\/es\/novas-xeracions-de-galicia-aproba-a-designacion-da-nova-xestora-provincial-da-organizacion-na-coruna-e-reivindica-o-papel-da-xuventude-na-vitoria-de-alfonso-rueda\/#primaryimage","url":"https:\/\/ppdegalicia.com\/wp-content\/uploads\/2024\/03\/20240319-Mahia-Nicole-Grueira-e-Max-Novoa-coa-presidenta-e-secretario-da-nova-xestora.jpg","contentUrl":"https:\/\/ppdegalicia.com\/wp-content\/uploads\/2024\/03\/20240319-Mahia-Nicole-Grueira-e-Max-Novoa-coa-presidenta-e-secretario-da-nova-xestora.jpg","width":2048,"height":1532},{"@type":"BreadcrumbList","@id":"https:\/\/ppdegalicia.com\/es\/novas-xeracions-de-galicia-aproba-a-designacion-da-nova-xestora-provincial-da-organizacion-na-coruna-e-reivindica-o-papel-da-xuventude-na-vitoria-de-alfonso-rueda\/#breadcrumb","itemListElement":[{"@type":"ListItem","position":1,"name":"Portada","item":"https:\/\/ppdegalicia.com\/es\/"},{"@type":"ListItem","position":2,"name":"Novas Xeraci\u00f3ns de Galicia aproba a designaci\u00f3n da nova xestora provincial da organizaci\u00f3n na Coru\u00f1a e reivindica o papel da xuventude na vitoria de Alfonso Rueda"}]},{"@type":"WebSite","@id":"https:\/\/ppdegalicia.com\/es\/#website","url":"https:\/\/ppdegalicia.com\/es\/","name":"Partido Popular de Galicia","description":"Partido Popular de Galicia","publisher":{"@id":"https:\/\/ppdegalicia.com\/es\/#organization"},"alternateName":"PP de Galicia","potentialAction":[{"@type":"SearchAction","target":{"@type":"EntryPoint","urlTemplate":"https:\/\/ppdegalicia.com\/es\/?s={search_term_string}"},"query-input":{"@type":"PropertyValueSpecification","valueRequired":true,"valueName":"search_term_string"}}],"inLanguage":"es"},{"@type":"Organization","@id":"https:\/\/ppdegalicia.com\/es\/#organization","name":"Partido Popular de Galicia","alternateName":"PP de Galicia","url":"https:\/\/ppdegalicia.com\/es\/","logo":{"@type":"ImageObject","inLanguage":"es","@id":"https:\/\/ppdegalicia.com\/es\/#\/schema\/logo\/image\/","url":"https:\/\/ppdegalicia.com\/wp-content\/uploads\/2023\/04\/logoPP512.png","contentUrl":"https:\/\/ppdegalicia.com\/wp-content\/uploads\/2023\/04\/logoPP512.png","width":512,"height":512,"caption":"Partido Popular de Galicia"},"image":{"@id":"https:\/\/ppdegalicia.com\/es\/#\/schema\/logo\/image\/"},"sameAs":["https:\/\/www.instagram.com\/ppdegalicia\/","https:\/\/x.com\/ppdegalicia","https:\/\/www.tiktok.com\/@ppdegalicia","https:\/\/www.youtube.com\/user\/ppdegalicia"]},{"@type":"Person","@id":"https:\/\/ppdegalicia.com\/es\/#\/schema\/person\/bc9b46e59ebd34bf28611158c3867388","name":"ppdegaliciaedtis","image":{"@type":"ImageObject","inLanguage":"es","@id":"https:\/\/secure.gravatar.com\/avatar\/f9f8cf6e03df54a1b0d04a6b4b8e8c6bd63c10a439752e84d87a5385aefe2ced?s=96&d=mm&r=g","url":"https:\/\/secure.gravatar.com\/avatar\/f9f8cf6e03df54a1b0d04a6b4b8e8c6bd63c10a439752e84d87a5385aefe2ced?s=96&d=mm&r=g","contentUrl":"https:\/\/secure.gravatar.com\/avatar\/f9f8cf6e03df54a1b0d04a6b4b8e8c6bd63c10a439752e84d87a5385aefe2ced?s=96&d=mm&r=g","caption":"ppdegaliciaedtis"},"url":"https:\/\/ppdegalicia.com\/es\/author\/ppdegaliciaedits\/"}]}},"_links":{"self":[{"href":"https:\/\/ppdegalicia.com\/es\/wp-json\/wp\/v2\/posts\/62583","targetHints":{"allow":["GET"]}}],"collection":[{"href":"https:\/\/ppdegalicia.com\/es\/wp-json\/wp\/v2\/posts"}],"about":[{"href":"https:\/\/ppdegalicia.com\/es\/wp-json\/wp\/v2\/types\/post"}],"author":[{"embeddable":true,"href":"https:\/\/ppdegalicia.com\/es\/wp-json\/wp\/v2\/users\/40"}],"replies":[{"embeddable":true,"href":"https:\/\/ppdegalicia.com\/es\/wp-json\/wp\/v2\/comments?post=62583"}],"version-history":[{"count":1,"href":"https:\/\/ppdegalicia.com\/es\/wp-json\/wp\/v2\/posts\/62583\/revisions"}],"predecessor-version":[{"id":62586,"href":"https:\/\/ppdegalicia.com\/es\/wp-json\/wp\/v2\/posts\/62583\/revisions\/62586"}],"wp:featuredmedia":[{"embeddable":true,"href":"https:\/\/ppdegalicia.com\/es\/wp-json\/wp\/v2\/media\/62584"}],"wp:attachment":[{"href":"https:\/\/ppdegalicia.com\/es\/wp-json\/wp\/v2\/media?parent=62583"}],"wp:term":[{"taxonomy":"category","embeddable":true,"href":"https:\/\/ppdegalicia.com\/es\/wp-json\/wp\/v2\/categories?post=62583"},{"taxonomy":"post_tag","embeddable":true,"href":"https:\/\/ppdegalicia.com\/es\/wp-json\/wp\/v2\/tags?post=62583"}],"curies":[{"name":"wp","href":"https:\/\/api.w.org\/{rel}","templated":true}]}}