{"id":62726,"date":"2024-04-17T16:15:13","date_gmt":"2024-04-17T15:15:13","guid":{"rendered":"https:\/\/ppdegalicia.com\/?p=62726"},"modified":"2024-04-17T16:15:13","modified_gmt":"2024-04-17T15:15:13","slug":"millan-mon-recibe-en-bruselas-a-miembros-de-cooperativas-lacteas-unidas-clun","status":"publish","type":"post","link":"https:\/\/ppdegalicia.com\/es\/millan-mon-recibe-en-bruselas-a-miembros-de-cooperativas-lacteas-unidas-clun\/","title":{"rendered":"Mill\u00e1n Mon recibe en Bruselas a miembros de Cooperativas L\u00e1cteas Unidas (CLUN)"},"content":{"rendered":"<p style=\"font-weight: 400;\">El eurodiputado del Partido Popular\u00a0Francisco Mill\u00e1n Mon\u00a0se reuni\u00f3 hoy en el Parlamento Europeo con representantes de la cooperativa CLUN (Cooperativas L\u00e1cteas Unidas), una referencia en el sector agroganadero gallego. El encuentro cont\u00f3 con la presencia del Director General de la empresa, as\u00ed como de 13 ganaderas en activo, que efectuaban una visita al Parlamento.<\/p>\n<p style=\"font-weight: 400;\">Francisco\u00a0Mill\u00e1n Mon\u00a0celebr\u00f3 el inter\u00e9s que mostraron los representantes de la cooperativa l\u00e1ctea en conocer de primera mano la labor del Parlamento Europeo, as\u00ed como el funcionamiento de las dem\u00e1s instituciones de la Uni\u00f3n Europea.\u00a0Mill\u00e1n Mon\u00a0tuvo la oportunidad de explicar las actividades que desarrolla un eurodiputado gallego en la c\u00e1mara y ante el resto de las instituciones europeas.<\/p>\n<p style=\"font-weight: 400;\">En el encuentro con el grupo de ganaderas gallegas, el eurodiputado popular abord\u00f3 algunas de las prioridades de Galicia en el \u00e1mbito de la Uni\u00f3n Europea, tales como la agricultura, la pesca, los fondos europeos, el transporte y las infraestructuras, el comercio internacional y la industria.<\/p>\n<p style=\"font-weight: 400;\">Por otra parte, el eurodiputado gallego subray\u00f3 que Europa tiene que prestar m\u00e1s atenci\u00f3n a su sector primario -agricultores y pescadores- y hacer frente al cambio clim\u00e1tico, pero con sentido com\u00fan y sin que prevalezca una visi\u00f3n medioambientalista que ignore las dimensiones econ\u00f3mica y social del sector.<\/p>\n<p style=\"font-weight: 400;\">Por \u00faltimo,\u00a0Mill\u00e1n Mon\u00a0aprovech\u00f3 para recordar que Europa estuvo a la altura de muchos de los retos que surgieron durante estos \u00faltimos a\u00f1os e hizo hincapi\u00e9 en la importancia de que los ciudadanos europeos participen en la cita electoral del pr\u00f3ximo 9 de junio.<\/p>\n","protected":false},"excerpt":{"rendered":"<p>El eurodiputado del Partido Popular\u00a0Francisco Mill\u00e1n Mon\u00a0se reuni\u00f3 hoy en el Parlamento Europeo con representantes de la cooperativa CLUN (Cooperativas L\u00e1cteas Unidas), una referencia en el sector agroganadero gallego. El encuentro cont\u00f3 con la presencia del Director General de la empresa, as\u00ed como de 13 ganaderas en activo, que efectuaban una visita al Parlamento. Francisco\u00a0Mill\u00e1n [&hellip;]<\/p>\n","protected":false},"author":40,"featured_media":62727,"comment_status":"open","ping_status":"open","sticky":false,"template":"","format":"standard","meta":{"_acf_changed":false,"footnotes":""},"categories":[1127],"tags":[],"class_list":["post-62726","post","type-post","status-publish","format-standard","has-post-thumbnail","hentry","category-actualidad-parlamento-europeo"],"acf":[],"yoast_head":"<!-- This site is optimized with the Yoast SEO plugin v27.3 - https:\/\/yoast.com\/product\/yoast-seo-wordpress\/ -->\n<title>Mill\u00e1n Mon recibe en Bruselas a miembros de Cooperativas L\u00e1cteas Unidas (CLUN) - PP de Galicia<\/title>\n<meta name=\"description\" content=\"El eurodiputado del Partido Popular\u00a0Francisco Mill\u00e1n Mon\u00a0se reuni\u00f3 hoy en el Parlamento Europeo con representantes de la cooperativa CLUN (Cooperativas L\u00e1cteas Unidas), una referencia en el sector agroganadero gallego. El encuentro cont\u00f3 con la presencia del Director General de la empresa, as\u00ed como de 13 ganaderas en activo, que efectuaban una visita al Parlamento.\" \/>\n<meta name=\"robots\" content=\"index, follow, max-snippet:-1, max-image-preview:large, max-video-preview:-1\" \/>\n<link rel=\"canonical\" href=\"https:\/\/ppdegalicia.com\/es\/millan-mon-recibe-en-bruselas-a-miembros-de-cooperativas-lacteas-unidas-clun\/\" \/>\n<meta property=\"og:locale\" content=\"es_ES\" \/>\n<meta property=\"og:type\" content=\"article\" \/>\n<meta property=\"og:title\" content=\"Mill\u00e1n Mon recibe en Bruselas a miembros de Cooperativas L\u00e1cteas Unidas (CLUN) - PP de Galicia\" \/>\n<meta property=\"og:description\" content=\"El eurodiputado del Partido Popular\u00a0Francisco Mill\u00e1n Mon\u00a0se reuni\u00f3 hoy en el Parlamento Europeo con representantes de la cooperativa CLUN (Cooperativas L\u00e1cteas Unidas), una referencia en el sector agroganadero gallego. El encuentro cont\u00f3 con la presencia del Director General de la empresa, as\u00ed como de 13 ganaderas en activo, que efectuaban una visita al Parlamento.\" \/>\n<meta property=\"og:url\" content=\"https:\/\/ppdegalicia.com\/es\/millan-mon-recibe-en-bruselas-a-miembros-de-cooperativas-lacteas-unidas-clun\/\" \/>\n<meta property=\"og:site_name\" content=\"PP de Galicia\" \/>\n<meta property=\"article:publisher\" content=\"https:\/\/www.instagram.com\/ppdegalicia\/\" \/>\n<meta property=\"article:published_time\" content=\"2024-04-17T15:15:13+00:00\" \/>\n<meta property=\"og:image\" content=\"https:\/\/ppdegalicia.com\/wp-content\/uploads\/2024\/04\/Millan-Mon-recibe-en-Bruselas-a-miembros-de-CLUN-scaled.jpg\" \/>\n\t<meta property=\"og:image:width\" content=\"2560\" \/>\n\t<meta property=\"og:image:height\" content=\"1596\" \/>\n\t<meta property=\"og:image:type\" content=\"image\/jpeg\" \/>\n<meta name=\"author\" content=\"ppdegaliciaedtis\" \/>\n<meta name=\"twitter:card\" content=\"summary_large_image\" \/>\n<meta name=\"twitter:creator\" content=\"@ppdegalicia\" \/>\n<meta name=\"twitter:site\" content=\"@ppdegalicia\" \/>\n<meta name=\"twitter:label1\" content=\"Escrito por\" \/>\n\t<meta name=\"twitter:data1\" content=\"ppdegaliciaedtis\" \/>\n\t<meta name=\"twitter:label2\" content=\"Tiempo de lectura\" \/>\n\t<meta name=\"twitter:data2\" content=\"2 minutos\" \/>\n<script type=\"application\/ld+json\" class=\"yoast-schema-graph\">{\"@context\":\"https:\\\/\\\/schema.org\",\"@graph\":[{\"@type\":\"Article\",\"@id\":\"https:\\\/\\\/ppdegalicia.com\\\/es\\\/millan-mon-recibe-en-bruselas-a-miembros-de-cooperativas-lacteas-unidas-clun\\\/#article\",\"isPartOf\":{\"@id\":\"https:\\\/\\\/ppdegalicia.com\\\/es\\\/millan-mon-recibe-en-bruselas-a-miembros-de-cooperativas-lacteas-unidas-clun\\\/\"},\"author\":{\"name\":\"ppdegaliciaedtis\",\"@id\":\"https:\\\/\\\/ppdegalicia.com\\\/es\\\/#\\\/schema\\\/person\\\/bc9b46e59ebd34bf28611158c3867388\"},\"headline\":\"Mill\u00e1n Mon recibe en Bruselas a miembros de Cooperativas L\u00e1cteas Unidas (CLUN)\",\"datePublished\":\"2024-04-17T15:15:13+00:00\",\"mainEntityOfPage\":{\"@id\":\"https:\\\/\\\/ppdegalicia.com\\\/es\\\/millan-mon-recibe-en-bruselas-a-miembros-de-cooperativas-lacteas-unidas-clun\\\/\"},\"wordCount\":286,\"commentCount\":0,\"publisher\":{\"@id\":\"https:\\\/\\\/ppdegalicia.com\\\/es\\\/#organization\"},\"image\":{\"@id\":\"https:\\\/\\\/ppdegalicia.com\\\/es\\\/millan-mon-recibe-en-bruselas-a-miembros-de-cooperativas-lacteas-unidas-clun\\\/#primaryimage\"},\"thumbnailUrl\":\"https:\\\/\\\/ppdegalicia.com\\\/wp-content\\\/uploads\\\/2024\\\/04\\\/Millan-Mon-recibe-en-Bruselas-a-miembros-de-CLUN-scaled.jpg\",\"articleSection\":[\"Parlamento Europeo\"],\"inLanguage\":\"es\",\"potentialAction\":[{\"@type\":\"CommentAction\",\"name\":\"Comment\",\"target\":[\"https:\\\/\\\/ppdegalicia.com\\\/es\\\/millan-mon-recibe-en-bruselas-a-miembros-de-cooperativas-lacteas-unidas-clun\\\/#respond\"]}]},{\"@type\":\"WebPage\",\"@id\":\"https:\\\/\\\/ppdegalicia.com\\\/es\\\/millan-mon-recibe-en-bruselas-a-miembros-de-cooperativas-lacteas-unidas-clun\\\/\",\"url\":\"https:\\\/\\\/ppdegalicia.com\\\/es\\\/millan-mon-recibe-en-bruselas-a-miembros-de-cooperativas-lacteas-unidas-clun\\\/\",\"name\":\"Mill\u00e1n Mon recibe en Bruselas a miembros de Cooperativas L\u00e1cteas Unidas (CLUN) - PP de Galicia\",\"isPartOf\":{\"@id\":\"https:\\\/\\\/ppdegalicia.com\\\/es\\\/#website\"},\"primaryImageOfPage\":{\"@id\":\"https:\\\/\\\/ppdegalicia.com\\\/es\\\/millan-mon-recibe-en-bruselas-a-miembros-de-cooperativas-lacteas-unidas-clun\\\/#primaryimage\"},\"image\":{\"@id\":\"https:\\\/\\\/ppdegalicia.com\\\/es\\\/millan-mon-recibe-en-bruselas-a-miembros-de-cooperativas-lacteas-unidas-clun\\\/#primaryimage\"},\"thumbnailUrl\":\"https:\\\/\\\/ppdegalicia.com\\\/wp-content\\\/uploads\\\/2024\\\/04\\\/Millan-Mon-recibe-en-Bruselas-a-miembros-de-CLUN-scaled.jpg\",\"datePublished\":\"2024-04-17T15:15:13+00:00\",\"description\":\"El eurodiputado del Partido Popular\u00a0Francisco Mill\u00e1n Mon\u00a0se reuni\u00f3 hoy en el Parlamento Europeo con representantes de la cooperativa CLUN (Cooperativas L\u00e1cteas Unidas), una referencia en el sector agroganadero gallego. El encuentro cont\u00f3 con la presencia del Director General de la empresa, as\u00ed como de 13 ganaderas en activo, que efectuaban una visita al Parlamento.\",\"breadcrumb\":{\"@id\":\"https:\\\/\\\/ppdegalicia.com\\\/es\\\/millan-mon-recibe-en-bruselas-a-miembros-de-cooperativas-lacteas-unidas-clun\\\/#breadcrumb\"},\"inLanguage\":\"es\",\"potentialAction\":[{\"@type\":\"ReadAction\",\"target\":[\"https:\\\/\\\/ppdegalicia.com\\\/es\\\/millan-mon-recibe-en-bruselas-a-miembros-de-cooperativas-lacteas-unidas-clun\\\/\"]}]},{\"@type\":\"ImageObject\",\"inLanguage\":\"es\",\"@id\":\"https:\\\/\\\/ppdegalicia.com\\\/es\\\/millan-mon-recibe-en-bruselas-a-miembros-de-cooperativas-lacteas-unidas-clun\\\/#primaryimage\",\"url\":\"https:\\\/\\\/ppdegalicia.com\\\/wp-content\\\/uploads\\\/2024\\\/04\\\/Millan-Mon-recibe-en-Bruselas-a-miembros-de-CLUN-scaled.jpg\",\"contentUrl\":\"https:\\\/\\\/ppdegalicia.com\\\/wp-content\\\/uploads\\\/2024\\\/04\\\/Millan-Mon-recibe-en-Bruselas-a-miembros-de-CLUN-scaled.jpg\",\"width\":2560,\"height\":1596},{\"@type\":\"BreadcrumbList\",\"@id\":\"https:\\\/\\\/ppdegalicia.com\\\/es\\\/millan-mon-recibe-en-bruselas-a-miembros-de-cooperativas-lacteas-unidas-clun\\\/#breadcrumb\",\"itemListElement\":[{\"@type\":\"ListItem\",\"position\":1,\"name\":\"Portada\",\"item\":\"https:\\\/\\\/ppdegalicia.com\\\/es\\\/\"},{\"@type\":\"ListItem\",\"position\":2,\"name\":\"Mill\u00e1n Mon recibe en Bruselas a miembros de Cooperativas L\u00e1cteas Unidas (CLUN)\"}]},{\"@type\":\"WebSite\",\"@id\":\"https:\\\/\\\/ppdegalicia.com\\\/es\\\/#website\",\"url\":\"https:\\\/\\\/ppdegalicia.com\\\/es\\\/\",\"name\":\"Partido Popular de Galicia\",\"description\":\"Partido Popular de Galicia\",\"publisher\":{\"@id\":\"https:\\\/\\\/ppdegalicia.com\\\/es\\\/#organization\"},\"alternateName\":\"PP de Galicia\",\"potentialAction\":[{\"@type\":\"SearchAction\",\"target\":{\"@type\":\"EntryPoint\",\"urlTemplate\":\"https:\\\/\\\/ppdegalicia.com\\\/es\\\/?s={search_term_string}\"},\"query-input\":{\"@type\":\"PropertyValueSpecification\",\"valueRequired\":true,\"valueName\":\"search_term_string\"}}],\"inLanguage\":\"es\"},{\"@type\":\"Organization\",\"@id\":\"https:\\\/\\\/ppdegalicia.com\\\/es\\\/#organization\",\"name\":\"Partido Popular de Galicia\",\"alternateName\":\"PP de Galicia\",\"url\":\"https:\\\/\\\/ppdegalicia.com\\\/es\\\/\",\"logo\":{\"@type\":\"ImageObject\",\"inLanguage\":\"es\",\"@id\":\"https:\\\/\\\/ppdegalicia.com\\\/es\\\/#\\\/schema\\\/logo\\\/image\\\/\",\"url\":\"https:\\\/\\\/ppdegalicia.com\\\/wp-content\\\/uploads\\\/2023\\\/04\\\/logoPP512.png\",\"contentUrl\":\"https:\\\/\\\/ppdegalicia.com\\\/wp-content\\\/uploads\\\/2023\\\/04\\\/logoPP512.png\",\"width\":512,\"height\":512,\"caption\":\"Partido Popular de Galicia\"},\"image\":{\"@id\":\"https:\\\/\\\/ppdegalicia.com\\\/es\\\/#\\\/schema\\\/logo\\\/image\\\/\"},\"sameAs\":[\"https:\\\/\\\/www.instagram.com\\\/ppdegalicia\\\/\",\"https:\\\/\\\/x.com\\\/ppdegalicia\",\"https:\\\/\\\/www.tiktok.com\\\/@ppdegalicia\",\"https:\\\/\\\/www.youtube.com\\\/user\\\/ppdegalicia\"]},{\"@type\":\"Person\",\"@id\":\"https:\\\/\\\/ppdegalicia.com\\\/es\\\/#\\\/schema\\\/person\\\/bc9b46e59ebd34bf28611158c3867388\",\"name\":\"ppdegaliciaedtis\",\"image\":{\"@type\":\"ImageObject\",\"inLanguage\":\"es\",\"@id\":\"https:\\\/\\\/secure.gravatar.com\\\/avatar\\\/f9f8cf6e03df54a1b0d04a6b4b8e8c6bd63c10a439752e84d87a5385aefe2ced?s=96&d=mm&r=g\",\"url\":\"https:\\\/\\\/secure.gravatar.com\\\/avatar\\\/f9f8cf6e03df54a1b0d04a6b4b8e8c6bd63c10a439752e84d87a5385aefe2ced?s=96&d=mm&r=g\",\"contentUrl\":\"https:\\\/\\\/secure.gravatar.com\\\/avatar\\\/f9f8cf6e03df54a1b0d04a6b4b8e8c6bd63c10a439752e84d87a5385aefe2ced?s=96&d=mm&r=g\",\"caption\":\"ppdegaliciaedtis\"},\"url\":\"https:\\\/\\\/ppdegalicia.com\\\/es\\\/author\\\/ppdegaliciaedits\\\/\"}]}<\/script>\n<!-- \/ Yoast SEO plugin. -->","yoast_head_json":{"title":"Mill\u00e1n Mon recibe en Bruselas a miembros de Cooperativas L\u00e1cteas Unidas (CLUN) - PP de Galicia","description":"El eurodiputado del Partido Popular\u00a0Francisco Mill\u00e1n Mon\u00a0se reuni\u00f3 hoy en el Parlamento Europeo con representantes de la cooperativa CLUN (Cooperativas L\u00e1cteas Unidas), una referencia en el sector agroganadero gallego. El encuentro cont\u00f3 con la presencia del Director General de la empresa, as\u00ed como de 13 ganaderas en activo, que efectuaban una visita al Parlamento.","robots":{"index":"index","follow":"follow","max-snippet":"max-snippet:-1","max-image-preview":"max-image-preview:large","max-video-preview":"max-video-preview:-1"},"canonical":"https:\/\/ppdegalicia.com\/es\/millan-mon-recibe-en-bruselas-a-miembros-de-cooperativas-lacteas-unidas-clun\/","og_locale":"es_ES","og_type":"article","og_title":"Mill\u00e1n Mon recibe en Bruselas a miembros de Cooperativas L\u00e1cteas Unidas (CLUN) - PP de Galicia","og_description":"El eurodiputado del Partido Popular\u00a0Francisco Mill\u00e1n Mon\u00a0se reuni\u00f3 hoy en el Parlamento Europeo con representantes de la cooperativa CLUN (Cooperativas L\u00e1cteas Unidas), una referencia en el sector agroganadero gallego. El encuentro cont\u00f3 con la presencia del Director General de la empresa, as\u00ed como de 13 ganaderas en activo, que efectuaban una visita al Parlamento.","og_url":"https:\/\/ppdegalicia.com\/es\/millan-mon-recibe-en-bruselas-a-miembros-de-cooperativas-lacteas-unidas-clun\/","og_site_name":"PP de Galicia","article_publisher":"https:\/\/www.instagram.com\/ppdegalicia\/","article_published_time":"2024-04-17T15:15:13+00:00","og_image":[{"width":2560,"height":1596,"url":"https:\/\/ppdegalicia.com\/wp-content\/uploads\/2024\/04\/Millan-Mon-recibe-en-Bruselas-a-miembros-de-CLUN-scaled.jpg","type":"image\/jpeg"}],"author":"ppdegaliciaedtis","twitter_card":"summary_large_image","twitter_creator":"@ppdegalicia","twitter_site":"@ppdegalicia","twitter_misc":{"Escrito por":"ppdegaliciaedtis","Tiempo de lectura":"2 minutos"},"schema":{"@context":"https:\/\/schema.org","@graph":[{"@type":"Article","@id":"https:\/\/ppdegalicia.com\/es\/millan-mon-recibe-en-bruselas-a-miembros-de-cooperativas-lacteas-unidas-clun\/#article","isPartOf":{"@id":"https:\/\/ppdegalicia.com\/es\/millan-mon-recibe-en-bruselas-a-miembros-de-cooperativas-lacteas-unidas-clun\/"},"author":{"name":"ppdegaliciaedtis","@id":"https:\/\/ppdegalicia.com\/es\/#\/schema\/person\/bc9b46e59ebd34bf28611158c3867388"},"headline":"Mill\u00e1n Mon recibe en Bruselas a miembros de Cooperativas L\u00e1cteas Unidas (CLUN)","datePublished":"2024-04-17T15:15:13+00:00","mainEntityOfPage":{"@id":"https:\/\/ppdegalicia.com\/es\/millan-mon-recibe-en-bruselas-a-miembros-de-cooperativas-lacteas-unidas-clun\/"},"wordCount":286,"commentCount":0,"publisher":{"@id":"https:\/\/ppdegalicia.com\/es\/#organization"},"image":{"@id":"https:\/\/ppdegalicia.com\/es\/millan-mon-recibe-en-bruselas-a-miembros-de-cooperativas-lacteas-unidas-clun\/#primaryimage"},"thumbnailUrl":"https:\/\/ppdegalicia.com\/wp-content\/uploads\/2024\/04\/Millan-Mon-recibe-en-Bruselas-a-miembros-de-CLUN-scaled.jpg","articleSection":["Parlamento Europeo"],"inLanguage":"es","potentialAction":[{"@type":"CommentAction","name":"Comment","target":["https:\/\/ppdegalicia.com\/es\/millan-mon-recibe-en-bruselas-a-miembros-de-cooperativas-lacteas-unidas-clun\/#respond"]}]},{"@type":"WebPage","@id":"https:\/\/ppdegalicia.com\/es\/millan-mon-recibe-en-bruselas-a-miembros-de-cooperativas-lacteas-unidas-clun\/","url":"https:\/\/ppdegalicia.com\/es\/millan-mon-recibe-en-bruselas-a-miembros-de-cooperativas-lacteas-unidas-clun\/","name":"Mill\u00e1n Mon recibe en Bruselas a miembros de Cooperativas L\u00e1cteas Unidas (CLUN) - PP de Galicia","isPartOf":{"@id":"https:\/\/ppdegalicia.com\/es\/#website"},"primaryImageOfPage":{"@id":"https:\/\/ppdegalicia.com\/es\/millan-mon-recibe-en-bruselas-a-miembros-de-cooperativas-lacteas-unidas-clun\/#primaryimage"},"image":{"@id":"https:\/\/ppdegalicia.com\/es\/millan-mon-recibe-en-bruselas-a-miembros-de-cooperativas-lacteas-unidas-clun\/#primaryimage"},"thumbnailUrl":"https:\/\/ppdegalicia.com\/wp-content\/uploads\/2024\/04\/Millan-Mon-recibe-en-Bruselas-a-miembros-de-CLUN-scaled.jpg","datePublished":"2024-04-17T15:15:13+00:00","description":"El eurodiputado del Partido Popular\u00a0Francisco Mill\u00e1n Mon\u00a0se reuni\u00f3 hoy en el Parlamento Europeo con representantes de la cooperativa CLUN (Cooperativas L\u00e1cteas Unidas), una referencia en el sector agroganadero gallego. El encuentro cont\u00f3 con la presencia del Director General de la empresa, as\u00ed como de 13 ganaderas en activo, que efectuaban una visita al Parlamento.","breadcrumb":{"@id":"https:\/\/ppdegalicia.com\/es\/millan-mon-recibe-en-bruselas-a-miembros-de-cooperativas-lacteas-unidas-clun\/#breadcrumb"},"inLanguage":"es","potentialAction":[{"@type":"ReadAction","target":["https:\/\/ppdegalicia.com\/es\/millan-mon-recibe-en-bruselas-a-miembros-de-cooperativas-lacteas-unidas-clun\/"]}]},{"@type":"ImageObject","inLanguage":"es","@id":"https:\/\/ppdegalicia.com\/es\/millan-mon-recibe-en-bruselas-a-miembros-de-cooperativas-lacteas-unidas-clun\/#primaryimage","url":"https:\/\/ppdegalicia.com\/wp-content\/uploads\/2024\/04\/Millan-Mon-recibe-en-Bruselas-a-miembros-de-CLUN-scaled.jpg","contentUrl":"https:\/\/ppdegalicia.com\/wp-content\/uploads\/2024\/04\/Millan-Mon-recibe-en-Bruselas-a-miembros-de-CLUN-scaled.jpg","width":2560,"height":1596},{"@type":"BreadcrumbList","@id":"https:\/\/ppdegalicia.com\/es\/millan-mon-recibe-en-bruselas-a-miembros-de-cooperativas-lacteas-unidas-clun\/#breadcrumb","itemListElement":[{"@type":"ListItem","position":1,"name":"Portada","item":"https:\/\/ppdegalicia.com\/es\/"},{"@type":"ListItem","position":2,"name":"Mill\u00e1n Mon recibe en Bruselas a miembros de Cooperativas L\u00e1cteas Unidas (CLUN)"}]},{"@type":"WebSite","@id":"https:\/\/ppdegalicia.com\/es\/#website","url":"https:\/\/ppdegalicia.com\/es\/","name":"Partido Popular de Galicia","description":"Partido Popular de Galicia","publisher":{"@id":"https:\/\/ppdegalicia.com\/es\/#organization"},"alternateName":"PP de Galicia","potentialAction":[{"@type":"SearchAction","target":{"@type":"EntryPoint","urlTemplate":"https:\/\/ppdegalicia.com\/es\/?s={search_term_string}"},"query-input":{"@type":"PropertyValueSpecification","valueRequired":true,"valueName":"search_term_string"}}],"inLanguage":"es"},{"@type":"Organization","@id":"https:\/\/ppdegalicia.com\/es\/#organization","name":"Partido Popular de Galicia","alternateName":"PP de Galicia","url":"https:\/\/ppdegalicia.com\/es\/","logo":{"@type":"ImageObject","inLanguage":"es","@id":"https:\/\/ppdegalicia.com\/es\/#\/schema\/logo\/image\/","url":"https:\/\/ppdegalicia.com\/wp-content\/uploads\/2023\/04\/logoPP512.png","contentUrl":"https:\/\/ppdegalicia.com\/wp-content\/uploads\/2023\/04\/logoPP512.png","width":512,"height":512,"caption":"Partido Popular de Galicia"},"image":{"@id":"https:\/\/ppdegalicia.com\/es\/#\/schema\/logo\/image\/"},"sameAs":["https:\/\/www.instagram.com\/ppdegalicia\/","https:\/\/x.com\/ppdegalicia","https:\/\/www.tiktok.com\/@ppdegalicia","https:\/\/www.youtube.com\/user\/ppdegalicia"]},{"@type":"Person","@id":"https:\/\/ppdegalicia.com\/es\/#\/schema\/person\/bc9b46e59ebd34bf28611158c3867388","name":"ppdegaliciaedtis","image":{"@type":"ImageObject","inLanguage":"es","@id":"https:\/\/secure.gravatar.com\/avatar\/f9f8cf6e03df54a1b0d04a6b4b8e8c6bd63c10a439752e84d87a5385aefe2ced?s=96&d=mm&r=g","url":"https:\/\/secure.gravatar.com\/avatar\/f9f8cf6e03df54a1b0d04a6b4b8e8c6bd63c10a439752e84d87a5385aefe2ced?s=96&d=mm&r=g","contentUrl":"https:\/\/secure.gravatar.com\/avatar\/f9f8cf6e03df54a1b0d04a6b4b8e8c6bd63c10a439752e84d87a5385aefe2ced?s=96&d=mm&r=g","caption":"ppdegaliciaedtis"},"url":"https:\/\/ppdegalicia.com\/es\/author\/ppdegaliciaedits\/"}]}},"_links":{"self":[{"href":"https:\/\/ppdegalicia.com\/es\/wp-json\/wp\/v2\/posts\/62726","targetHints":{"allow":["GET"]}}],"collection":[{"href":"https:\/\/ppdegalicia.com\/es\/wp-json\/wp\/v2\/posts"}],"about":[{"href":"https:\/\/ppdegalicia.com\/es\/wp-json\/wp\/v2\/types\/post"}],"author":[{"embeddable":true,"href":"https:\/\/ppdegalicia.com\/es\/wp-json\/wp\/v2\/users\/40"}],"replies":[{"embeddable":true,"href":"https:\/\/ppdegalicia.com\/es\/wp-json\/wp\/v2\/comments?post=62726"}],"version-history":[{"count":1,"href":"https:\/\/ppdegalicia.com\/es\/wp-json\/wp\/v2\/posts\/62726\/revisions"}],"predecessor-version":[{"id":62729,"href":"https:\/\/ppdegalicia.com\/es\/wp-json\/wp\/v2\/posts\/62726\/revisions\/62729"}],"wp:featuredmedia":[{"embeddable":true,"href":"https:\/\/ppdegalicia.com\/es\/wp-json\/wp\/v2\/media\/62727"}],"wp:attachment":[{"href":"https:\/\/ppdegalicia.com\/es\/wp-json\/wp\/v2\/media?parent=62726"}],"wp:term":[{"taxonomy":"category","embeddable":true,"href":"https:\/\/ppdegalicia.com\/es\/wp-json\/wp\/v2\/categories?post=62726"},{"taxonomy":"post_tag","embeddable":true,"href":"https:\/\/ppdegalicia.com\/es\/wp-json\/wp\/v2\/tags?post=62726"}],"curies":[{"name":"wp","href":"https:\/\/api.w.org\/{rel}","templated":true}]}}