{"id":62739,"date":"2024-04-20T12:20:46","date_gmt":"2024-04-20T11:20:46","guid":{"rendered":"https:\/\/ppdegalicia.com\/?p=62739"},"modified":"2024-04-20T12:20:46","modified_gmt":"2024-04-20T11:20:46","slug":"o-grupo-popular-pedira-o-apoio-do-parlamento-galego-a-implantacion-do-proxecto-empresarial-de-altri-en-palas-de-rei","status":"publish","type":"post","link":"https:\/\/ppdegalicia.com\/es\/o-grupo-popular-pedira-o-apoio-do-parlamento-galego-a-implantacion-do-proxecto-empresarial-de-altri-en-palas-de-rei\/","title":{"rendered":"O Grupo Popular pedir\u00e1 o apoio do Parlamento galego \u00e1 implantaci\u00f3n do proxecto empresarial de Altri en Palas de Rei"},"content":{"rendered":"<p>O Grupo Popular solicitar\u00e1, a trav\u00e9s dunha proposici\u00f3n non de lei, o apoio do Parlamento galego \u00e1 implantaci\u00f3n da iniciativa empresarial de Altri en Palas de Rei, instando \u00e1 Xunta a dar prioridade a este proxecto de interese estrat\u00e9xico, sempre garantindo o cumprimento da m\u00e1is estrita normativa medioambiental, t\u00e9cnica e sectorial a nivel galego, estatal e europeo. As\u00ed mesmo, pide ao Goberno de Espa\u00f1a que concrete as li\u00f1as de apoio econ\u00f3mico a esta iniciativa industrial no marco dos fondos europeos Next Generation e que incl\u00faa na planificaci\u00f3n da rede de transporte de enerx\u00eda el\u00e9ctrica 2021-2026 a construci\u00f3n dunha subestaci\u00f3n el\u00e9ctrica para o subministro desta planta.<\/p>\n<p>O portavoz popular, Alberto Pazos, lembra que o proxecto de Altri en Palas de Rei \u201c\u00e9 unha iniciativa tractora, innovadora e ambiciosa, baseada na transformaci\u00f3n da madeira para producir lyocell, un tecido de alta calidade, 100 por cento biodegradable, m\u00e1is ecol\u00f3xico que as fibras artificiais e cada vez m\u00e1is demandado pola industria t\u00e9xtil de todo o mundo\u201d.<\/p>\n<p><strong>NOVOS INVESTIMENTOS E POSTOS DE TRABALLO<\/strong><\/p>\n<p>Deste xeito, incidiu que \u201cavogamos por favorecer a implantaci\u00f3n en Galicia de todas aquelas iniciativas empresariais que supo\u00f1an novos investimentos na nosa comunidade aut\u00f3noma e a creaci\u00f3n de postos de traballo, pero sempre, insisto, que cumpran estritamente con toda a normativa galega, estatal e europea para a conservaci\u00f3n do noso patrimonio natural e cultural\u201d.<\/p>\n<p>Pazos indicou que esta biof\u00e1brica \u201crepresenta unha oportunidade para o desenvolvemento industrial de Galicia\u201d, xa que se prev\u00e9 un investimento pr\u00f3ximo aos 1.000 mill\u00f3ns de euros e a creaci\u00f3n de ata 4.000 empregos durante a s\u00faa construci\u00f3n e ata 2.500 postos de traballo no seu funcionamento; ao tempo que favorece o aproveitamento sustentable do monte, nun territorio no que contamos con m\u00e1is de 80.000 propietarios forestais\u201d.<\/p>\n<p>\u201cO obxectivo non \u00e9 outro que intentar favorecer todas as iniciativas que permitan captar novos investimentos industriais en Galicia, crear novos postos de traballo cualificados e de calidade, e acompa\u00f1ar proxectos industriais que sexan perfectamente compatibles coa conservaci\u00f3n do patrimonio natural e cultural galego e cumpran escrupulosamente coa lexislaci\u00f3n vixente\u201d, manifestou.<\/p>\n<p><strong>MENSAXE DE TRANQUILIDADE<\/strong><\/p>\n<p>Alberto Pazos trasladou \u201cunha mensaxe de tranquilidade a todos os galegos e galegas fronte ao alarmismo inxustificado que se quere trasladar desde o BNG e as s\u00faas organizaci\u00f3ns sat\u00e9lites que, desde unha an\u00e1lise parcial e terxiversada da realidade, se opo\u00f1en agora a este proxecto de Altri, logo de que antes das elecci\u00f3ns auton\u00f3micas o apoiaban en iniciativas debatidas tanto neste parlamento como en distintos concellos galegos\u201d.<\/p>\n<p>Neste sentido, demandou \u201cconfiar no traballo de todos os expertos e t\u00e9cnicos especializados que van avaliar esta iniciativa empresarial en todos os seus \u00e1mbitos, porque ser\u00e1n eles os que decidan finalmente se cumpre ou non o recollido na normativa vixente para que finalmente poida ser unha realidade este proxecto industrial de Altri en Palas de Rei\u201d.<\/p>\n","protected":false},"excerpt":{"rendered":"<p>O Grupo Popular solicitar\u00e1, a trav\u00e9s dunha proposici\u00f3n non de lei, o apoio do Parlamento galego \u00e1 implantaci\u00f3n da iniciativa empresarial de Altri en Palas de Rei, instando \u00e1 Xunta a dar prioridade a este proxecto de interese estrat\u00e9xico, sempre garantindo o cumprimento da m\u00e1is estrita normativa medioambiental, t\u00e9cnica e sectorial a nivel galego, estatal [&hellip;]<\/p>\n","protected":false},"author":40,"featured_media":62740,"comment_status":"open","ping_status":"open","sticky":false,"template":"","format":"standard","meta":{"_acf_changed":false,"footnotes":""},"categories":[1128],"tags":[],"class_list":["post-62739","post","type-post","status-publish","format-standard","has-post-thumbnail","hentry","category-actualidad-parlamento-de-galicia"],"acf":[],"yoast_head":"<!-- This site is optimized with the Yoast SEO plugin v27.3 - https:\/\/yoast.com\/product\/yoast-seo-wordpress\/ -->\n<title>O Grupo Popular pedir\u00e1 o apoio do Parlamento galego \u00e1 implantaci\u00f3n do proxecto empresarial de Altri en Palas de Rei - PP de Galicia<\/title>\n<meta name=\"description\" content=\"O Grupo Popular solicitar\u00e1, a trav\u00e9s dunha proposici\u00f3n non de lei, o apoio do Parlamento galego \u00e1 implantaci\u00f3n da iniciativa empresarial de Altri en Palas de Rei, instando \u00e1 Xunta a dar prioridade a este proxecto de interese estrat\u00e9xico, sempre garantindo o cumprimento da m\u00e1is estrita normativa medioambiental, t\u00e9cnica e sectorial a nivel galego, estatal e europeo. As\u00ed mesmo, pide ao Goberno de Espa\u00f1a que concrete as li\u00f1as de apoio econ\u00f3mico a esta iniciativa industrial no marco dos fondos europeos Next Generation e que incl\u00faa na planificaci\u00f3n da rede de transporte de enerx\u00eda el\u00e9ctrica 2021-2026 a construci\u00f3n dunha subestaci\u00f3n el\u00e9ctrica para o subministro desta planta.\" \/>\n<meta name=\"robots\" content=\"index, follow, max-snippet:-1, max-image-preview:large, max-video-preview:-1\" \/>\n<link rel=\"canonical\" href=\"https:\/\/ppdegalicia.com\/es\/o-grupo-popular-pedira-o-apoio-do-parlamento-galego-a-implantacion-do-proxecto-empresarial-de-altri-en-palas-de-rei\/\" \/>\n<meta property=\"og:locale\" content=\"es_ES\" \/>\n<meta property=\"og:type\" content=\"article\" \/>\n<meta property=\"og:title\" content=\"O Grupo Popular pedir\u00e1 o apoio do Parlamento galego \u00e1 implantaci\u00f3n do proxecto empresarial de Altri en Palas de Rei - PP de Galicia\" \/>\n<meta property=\"og:description\" content=\"O Grupo Popular solicitar\u00e1, a trav\u00e9s dunha proposici\u00f3n non de lei, o apoio do Parlamento galego \u00e1 implantaci\u00f3n da iniciativa empresarial de Altri en Palas de Rei, instando \u00e1 Xunta a dar prioridade a este proxecto de interese estrat\u00e9xico, sempre garantindo o cumprimento da m\u00e1is estrita normativa medioambiental, t\u00e9cnica e sectorial a nivel galego, estatal e europeo. As\u00ed mesmo, pide ao Goberno de Espa\u00f1a que concrete as li\u00f1as de apoio econ\u00f3mico a esta iniciativa industrial no marco dos fondos europeos Next Generation e que incl\u00faa na planificaci\u00f3n da rede de transporte de enerx\u00eda el\u00e9ctrica 2021-2026 a construci\u00f3n dunha subestaci\u00f3n el\u00e9ctrica para o subministro desta planta.\" \/>\n<meta property=\"og:url\" content=\"https:\/\/ppdegalicia.com\/es\/o-grupo-popular-pedira-o-apoio-do-parlamento-galego-a-implantacion-do-proxecto-empresarial-de-altri-en-palas-de-rei\/\" \/>\n<meta property=\"og:site_name\" content=\"PP de Galicia\" \/>\n<meta property=\"article:publisher\" content=\"https:\/\/www.instagram.com\/ppdegalicia\/\" \/>\n<meta property=\"article:published_time\" content=\"2024-04-20T11:20:46+00:00\" \/>\n<meta property=\"og:image\" content=\"https:\/\/ppdegalicia.com\/wp-content\/uploads\/2024\/04\/Pleno3-scaled.jpeg\" \/>\n\t<meta property=\"og:image:width\" content=\"2560\" \/>\n\t<meta property=\"og:image:height\" content=\"1694\" \/>\n\t<meta property=\"og:image:type\" content=\"image\/jpeg\" \/>\n<meta name=\"author\" content=\"ppdegaliciaedtis\" \/>\n<meta name=\"twitter:card\" content=\"summary_large_image\" \/>\n<meta name=\"twitter:creator\" content=\"@ppdegalicia\" \/>\n<meta name=\"twitter:site\" content=\"@ppdegalicia\" \/>\n<meta name=\"twitter:label1\" content=\"Escrito por\" \/>\n\t<meta name=\"twitter:data1\" content=\"ppdegaliciaedtis\" \/>\n\t<meta name=\"twitter:label2\" content=\"Tiempo de lectura\" \/>\n\t<meta name=\"twitter:data2\" content=\"3 minutos\" \/>\n<script type=\"application\/ld+json\" class=\"yoast-schema-graph\">{\"@context\":\"https:\\\/\\\/schema.org\",\"@graph\":[{\"@type\":\"Article\",\"@id\":\"https:\\\/\\\/ppdegalicia.com\\\/es\\\/o-grupo-popular-pedira-o-apoio-do-parlamento-galego-a-implantacion-do-proxecto-empresarial-de-altri-en-palas-de-rei\\\/#article\",\"isPartOf\":{\"@id\":\"https:\\\/\\\/ppdegalicia.com\\\/es\\\/o-grupo-popular-pedira-o-apoio-do-parlamento-galego-a-implantacion-do-proxecto-empresarial-de-altri-en-palas-de-rei\\\/\"},\"author\":{\"name\":\"ppdegaliciaedtis\",\"@id\":\"https:\\\/\\\/ppdegalicia.com\\\/es\\\/#\\\/schema\\\/person\\\/bc9b46e59ebd34bf28611158c3867388\"},\"headline\":\"O Grupo Popular pedir\u00e1 o apoio do Parlamento galego \u00e1 implantaci\u00f3n do proxecto empresarial de Altri en Palas de Rei\",\"datePublished\":\"2024-04-20T11:20:46+00:00\",\"mainEntityOfPage\":{\"@id\":\"https:\\\/\\\/ppdegalicia.com\\\/es\\\/o-grupo-popular-pedira-o-apoio-do-parlamento-galego-a-implantacion-do-proxecto-empresarial-de-altri-en-palas-de-rei\\\/\"},\"wordCount\":520,\"commentCount\":0,\"publisher\":{\"@id\":\"https:\\\/\\\/ppdegalicia.com\\\/es\\\/#organization\"},\"image\":{\"@id\":\"https:\\\/\\\/ppdegalicia.com\\\/es\\\/o-grupo-popular-pedira-o-apoio-do-parlamento-galego-a-implantacion-do-proxecto-empresarial-de-altri-en-palas-de-rei\\\/#primaryimage\"},\"thumbnailUrl\":\"https:\\\/\\\/ppdegalicia.com\\\/wp-content\\\/uploads\\\/2024\\\/04\\\/Pleno3-scaled.jpeg\",\"articleSection\":[\"Parlamento de Galicia\"],\"inLanguage\":\"es\",\"potentialAction\":[{\"@type\":\"CommentAction\",\"name\":\"Comment\",\"target\":[\"https:\\\/\\\/ppdegalicia.com\\\/es\\\/o-grupo-popular-pedira-o-apoio-do-parlamento-galego-a-implantacion-do-proxecto-empresarial-de-altri-en-palas-de-rei\\\/#respond\"]}]},{\"@type\":\"WebPage\",\"@id\":\"https:\\\/\\\/ppdegalicia.com\\\/es\\\/o-grupo-popular-pedira-o-apoio-do-parlamento-galego-a-implantacion-do-proxecto-empresarial-de-altri-en-palas-de-rei\\\/\",\"url\":\"https:\\\/\\\/ppdegalicia.com\\\/es\\\/o-grupo-popular-pedira-o-apoio-do-parlamento-galego-a-implantacion-do-proxecto-empresarial-de-altri-en-palas-de-rei\\\/\",\"name\":\"O Grupo Popular pedir\u00e1 o apoio do Parlamento galego \u00e1 implantaci\u00f3n do proxecto empresarial de Altri en Palas de Rei - PP de Galicia\",\"isPartOf\":{\"@id\":\"https:\\\/\\\/ppdegalicia.com\\\/es\\\/#website\"},\"primaryImageOfPage\":{\"@id\":\"https:\\\/\\\/ppdegalicia.com\\\/es\\\/o-grupo-popular-pedira-o-apoio-do-parlamento-galego-a-implantacion-do-proxecto-empresarial-de-altri-en-palas-de-rei\\\/#primaryimage\"},\"image\":{\"@id\":\"https:\\\/\\\/ppdegalicia.com\\\/es\\\/o-grupo-popular-pedira-o-apoio-do-parlamento-galego-a-implantacion-do-proxecto-empresarial-de-altri-en-palas-de-rei\\\/#primaryimage\"},\"thumbnailUrl\":\"https:\\\/\\\/ppdegalicia.com\\\/wp-content\\\/uploads\\\/2024\\\/04\\\/Pleno3-scaled.jpeg\",\"datePublished\":\"2024-04-20T11:20:46+00:00\",\"description\":\"O Grupo Popular solicitar\u00e1, a trav\u00e9s dunha proposici\u00f3n non de lei, o apoio do Parlamento galego \u00e1 implantaci\u00f3n da iniciativa empresarial de Altri en Palas de Rei, instando \u00e1 Xunta a dar prioridade a este proxecto de interese estrat\u00e9xico, sempre garantindo o cumprimento da m\u00e1is estrita normativa medioambiental, t\u00e9cnica e sectorial a nivel galego, estatal e europeo. As\u00ed mesmo, pide ao Goberno de Espa\u00f1a que concrete as li\u00f1as de apoio econ\u00f3mico a esta iniciativa industrial no marco dos fondos europeos Next Generation e que incl\u00faa na planificaci\u00f3n da rede de transporte de enerx\u00eda el\u00e9ctrica 2021-2026 a construci\u00f3n dunha subestaci\u00f3n el\u00e9ctrica para o subministro desta planta.\",\"breadcrumb\":{\"@id\":\"https:\\\/\\\/ppdegalicia.com\\\/es\\\/o-grupo-popular-pedira-o-apoio-do-parlamento-galego-a-implantacion-do-proxecto-empresarial-de-altri-en-palas-de-rei\\\/#breadcrumb\"},\"inLanguage\":\"es\",\"potentialAction\":[{\"@type\":\"ReadAction\",\"target\":[\"https:\\\/\\\/ppdegalicia.com\\\/es\\\/o-grupo-popular-pedira-o-apoio-do-parlamento-galego-a-implantacion-do-proxecto-empresarial-de-altri-en-palas-de-rei\\\/\"]}]},{\"@type\":\"ImageObject\",\"inLanguage\":\"es\",\"@id\":\"https:\\\/\\\/ppdegalicia.com\\\/es\\\/o-grupo-popular-pedira-o-apoio-do-parlamento-galego-a-implantacion-do-proxecto-empresarial-de-altri-en-palas-de-rei\\\/#primaryimage\",\"url\":\"https:\\\/\\\/ppdegalicia.com\\\/wp-content\\\/uploads\\\/2024\\\/04\\\/Pleno3-scaled.jpeg\",\"contentUrl\":\"https:\\\/\\\/ppdegalicia.com\\\/wp-content\\\/uploads\\\/2024\\\/04\\\/Pleno3-scaled.jpeg\",\"width\":2560,\"height\":1694},{\"@type\":\"BreadcrumbList\",\"@id\":\"https:\\\/\\\/ppdegalicia.com\\\/es\\\/o-grupo-popular-pedira-o-apoio-do-parlamento-galego-a-implantacion-do-proxecto-empresarial-de-altri-en-palas-de-rei\\\/#breadcrumb\",\"itemListElement\":[{\"@type\":\"ListItem\",\"position\":1,\"name\":\"Portada\",\"item\":\"https:\\\/\\\/ppdegalicia.com\\\/es\\\/\"},{\"@type\":\"ListItem\",\"position\":2,\"name\":\"O Grupo Popular pedir\u00e1 o apoio do Parlamento galego \u00e1 implantaci\u00f3n do proxecto empresarial de Altri en Palas de Rei\"}]},{\"@type\":\"WebSite\",\"@id\":\"https:\\\/\\\/ppdegalicia.com\\\/es\\\/#website\",\"url\":\"https:\\\/\\\/ppdegalicia.com\\\/es\\\/\",\"name\":\"Partido Popular de Galicia\",\"description\":\"Partido Popular de Galicia\",\"publisher\":{\"@id\":\"https:\\\/\\\/ppdegalicia.com\\\/es\\\/#organization\"},\"alternateName\":\"PP de Galicia\",\"potentialAction\":[{\"@type\":\"SearchAction\",\"target\":{\"@type\":\"EntryPoint\",\"urlTemplate\":\"https:\\\/\\\/ppdegalicia.com\\\/es\\\/?s={search_term_string}\"},\"query-input\":{\"@type\":\"PropertyValueSpecification\",\"valueRequired\":true,\"valueName\":\"search_term_string\"}}],\"inLanguage\":\"es\"},{\"@type\":\"Organization\",\"@id\":\"https:\\\/\\\/ppdegalicia.com\\\/es\\\/#organization\",\"name\":\"Partido Popular de Galicia\",\"alternateName\":\"PP de Galicia\",\"url\":\"https:\\\/\\\/ppdegalicia.com\\\/es\\\/\",\"logo\":{\"@type\":\"ImageObject\",\"inLanguage\":\"es\",\"@id\":\"https:\\\/\\\/ppdegalicia.com\\\/es\\\/#\\\/schema\\\/logo\\\/image\\\/\",\"url\":\"https:\\\/\\\/ppdegalicia.com\\\/wp-content\\\/uploads\\\/2023\\\/04\\\/logoPP512.png\",\"contentUrl\":\"https:\\\/\\\/ppdegalicia.com\\\/wp-content\\\/uploads\\\/2023\\\/04\\\/logoPP512.png\",\"width\":512,\"height\":512,\"caption\":\"Partido Popular de Galicia\"},\"image\":{\"@id\":\"https:\\\/\\\/ppdegalicia.com\\\/es\\\/#\\\/schema\\\/logo\\\/image\\\/\"},\"sameAs\":[\"https:\\\/\\\/www.instagram.com\\\/ppdegalicia\\\/\",\"https:\\\/\\\/x.com\\\/ppdegalicia\",\"https:\\\/\\\/www.tiktok.com\\\/@ppdegalicia\",\"https:\\\/\\\/www.youtube.com\\\/user\\\/ppdegalicia\"]},{\"@type\":\"Person\",\"@id\":\"https:\\\/\\\/ppdegalicia.com\\\/es\\\/#\\\/schema\\\/person\\\/bc9b46e59ebd34bf28611158c3867388\",\"name\":\"ppdegaliciaedtis\",\"image\":{\"@type\":\"ImageObject\",\"inLanguage\":\"es\",\"@id\":\"https:\\\/\\\/secure.gravatar.com\\\/avatar\\\/f9f8cf6e03df54a1b0d04a6b4b8e8c6bd63c10a439752e84d87a5385aefe2ced?s=96&d=mm&r=g\",\"url\":\"https:\\\/\\\/secure.gravatar.com\\\/avatar\\\/f9f8cf6e03df54a1b0d04a6b4b8e8c6bd63c10a439752e84d87a5385aefe2ced?s=96&d=mm&r=g\",\"contentUrl\":\"https:\\\/\\\/secure.gravatar.com\\\/avatar\\\/f9f8cf6e03df54a1b0d04a6b4b8e8c6bd63c10a439752e84d87a5385aefe2ced?s=96&d=mm&r=g\",\"caption\":\"ppdegaliciaedtis\"},\"url\":\"https:\\\/\\\/ppdegalicia.com\\\/es\\\/author\\\/ppdegaliciaedits\\\/\"}]}<\/script>\n<!-- \/ Yoast SEO plugin. -->","yoast_head_json":{"title":"O Grupo Popular pedir\u00e1 o apoio do Parlamento galego \u00e1 implantaci\u00f3n do proxecto empresarial de Altri en Palas de Rei - PP de Galicia","description":"O Grupo Popular solicitar\u00e1, a trav\u00e9s dunha proposici\u00f3n non de lei, o apoio do Parlamento galego \u00e1 implantaci\u00f3n da iniciativa empresarial de Altri en Palas de Rei, instando \u00e1 Xunta a dar prioridade a este proxecto de interese estrat\u00e9xico, sempre garantindo o cumprimento da m\u00e1is estrita normativa medioambiental, t\u00e9cnica e sectorial a nivel galego, estatal e europeo. As\u00ed mesmo, pide ao Goberno de Espa\u00f1a que concrete as li\u00f1as de apoio econ\u00f3mico a esta iniciativa industrial no marco dos fondos europeos Next Generation e que incl\u00faa na planificaci\u00f3n da rede de transporte de enerx\u00eda el\u00e9ctrica 2021-2026 a construci\u00f3n dunha subestaci\u00f3n el\u00e9ctrica para o subministro desta planta.","robots":{"index":"index","follow":"follow","max-snippet":"max-snippet:-1","max-image-preview":"max-image-preview:large","max-video-preview":"max-video-preview:-1"},"canonical":"https:\/\/ppdegalicia.com\/es\/o-grupo-popular-pedira-o-apoio-do-parlamento-galego-a-implantacion-do-proxecto-empresarial-de-altri-en-palas-de-rei\/","og_locale":"es_ES","og_type":"article","og_title":"O Grupo Popular pedir\u00e1 o apoio do Parlamento galego \u00e1 implantaci\u00f3n do proxecto empresarial de Altri en Palas de Rei - PP de Galicia","og_description":"O Grupo Popular solicitar\u00e1, a trav\u00e9s dunha proposici\u00f3n non de lei, o apoio do Parlamento galego \u00e1 implantaci\u00f3n da iniciativa empresarial de Altri en Palas de Rei, instando \u00e1 Xunta a dar prioridade a este proxecto de interese estrat\u00e9xico, sempre garantindo o cumprimento da m\u00e1is estrita normativa medioambiental, t\u00e9cnica e sectorial a nivel galego, estatal e europeo. As\u00ed mesmo, pide ao Goberno de Espa\u00f1a que concrete as li\u00f1as de apoio econ\u00f3mico a esta iniciativa industrial no marco dos fondos europeos Next Generation e que incl\u00faa na planificaci\u00f3n da rede de transporte de enerx\u00eda el\u00e9ctrica 2021-2026 a construci\u00f3n dunha subestaci\u00f3n el\u00e9ctrica para o subministro desta planta.","og_url":"https:\/\/ppdegalicia.com\/es\/o-grupo-popular-pedira-o-apoio-do-parlamento-galego-a-implantacion-do-proxecto-empresarial-de-altri-en-palas-de-rei\/","og_site_name":"PP de Galicia","article_publisher":"https:\/\/www.instagram.com\/ppdegalicia\/","article_published_time":"2024-04-20T11:20:46+00:00","og_image":[{"width":2560,"height":1694,"url":"https:\/\/ppdegalicia.com\/wp-content\/uploads\/2024\/04\/Pleno3-scaled.jpeg","type":"image\/jpeg"}],"author":"ppdegaliciaedtis","twitter_card":"summary_large_image","twitter_creator":"@ppdegalicia","twitter_site":"@ppdegalicia","twitter_misc":{"Escrito por":"ppdegaliciaedtis","Tiempo de lectura":"3 minutos"},"schema":{"@context":"https:\/\/schema.org","@graph":[{"@type":"Article","@id":"https:\/\/ppdegalicia.com\/es\/o-grupo-popular-pedira-o-apoio-do-parlamento-galego-a-implantacion-do-proxecto-empresarial-de-altri-en-palas-de-rei\/#article","isPartOf":{"@id":"https:\/\/ppdegalicia.com\/es\/o-grupo-popular-pedira-o-apoio-do-parlamento-galego-a-implantacion-do-proxecto-empresarial-de-altri-en-palas-de-rei\/"},"author":{"name":"ppdegaliciaedtis","@id":"https:\/\/ppdegalicia.com\/es\/#\/schema\/person\/bc9b46e59ebd34bf28611158c3867388"},"headline":"O Grupo Popular pedir\u00e1 o apoio do Parlamento galego \u00e1 implantaci\u00f3n do proxecto empresarial de Altri en Palas de Rei","datePublished":"2024-04-20T11:20:46+00:00","mainEntityOfPage":{"@id":"https:\/\/ppdegalicia.com\/es\/o-grupo-popular-pedira-o-apoio-do-parlamento-galego-a-implantacion-do-proxecto-empresarial-de-altri-en-palas-de-rei\/"},"wordCount":520,"commentCount":0,"publisher":{"@id":"https:\/\/ppdegalicia.com\/es\/#organization"},"image":{"@id":"https:\/\/ppdegalicia.com\/es\/o-grupo-popular-pedira-o-apoio-do-parlamento-galego-a-implantacion-do-proxecto-empresarial-de-altri-en-palas-de-rei\/#primaryimage"},"thumbnailUrl":"https:\/\/ppdegalicia.com\/wp-content\/uploads\/2024\/04\/Pleno3-scaled.jpeg","articleSection":["Parlamento de Galicia"],"inLanguage":"es","potentialAction":[{"@type":"CommentAction","name":"Comment","target":["https:\/\/ppdegalicia.com\/es\/o-grupo-popular-pedira-o-apoio-do-parlamento-galego-a-implantacion-do-proxecto-empresarial-de-altri-en-palas-de-rei\/#respond"]}]},{"@type":"WebPage","@id":"https:\/\/ppdegalicia.com\/es\/o-grupo-popular-pedira-o-apoio-do-parlamento-galego-a-implantacion-do-proxecto-empresarial-de-altri-en-palas-de-rei\/","url":"https:\/\/ppdegalicia.com\/es\/o-grupo-popular-pedira-o-apoio-do-parlamento-galego-a-implantacion-do-proxecto-empresarial-de-altri-en-palas-de-rei\/","name":"O Grupo Popular pedir\u00e1 o apoio do Parlamento galego \u00e1 implantaci\u00f3n do proxecto empresarial de Altri en Palas de Rei - PP de Galicia","isPartOf":{"@id":"https:\/\/ppdegalicia.com\/es\/#website"},"primaryImageOfPage":{"@id":"https:\/\/ppdegalicia.com\/es\/o-grupo-popular-pedira-o-apoio-do-parlamento-galego-a-implantacion-do-proxecto-empresarial-de-altri-en-palas-de-rei\/#primaryimage"},"image":{"@id":"https:\/\/ppdegalicia.com\/es\/o-grupo-popular-pedira-o-apoio-do-parlamento-galego-a-implantacion-do-proxecto-empresarial-de-altri-en-palas-de-rei\/#primaryimage"},"thumbnailUrl":"https:\/\/ppdegalicia.com\/wp-content\/uploads\/2024\/04\/Pleno3-scaled.jpeg","datePublished":"2024-04-20T11:20:46+00:00","description":"O Grupo Popular solicitar\u00e1, a trav\u00e9s dunha proposici\u00f3n non de lei, o apoio do Parlamento galego \u00e1 implantaci\u00f3n da iniciativa empresarial de Altri en Palas de Rei, instando \u00e1 Xunta a dar prioridade a este proxecto de interese estrat\u00e9xico, sempre garantindo o cumprimento da m\u00e1is estrita normativa medioambiental, t\u00e9cnica e sectorial a nivel galego, estatal e europeo. As\u00ed mesmo, pide ao Goberno de Espa\u00f1a que concrete as li\u00f1as de apoio econ\u00f3mico a esta iniciativa industrial no marco dos fondos europeos Next Generation e que incl\u00faa na planificaci\u00f3n da rede de transporte de enerx\u00eda el\u00e9ctrica 2021-2026 a construci\u00f3n dunha subestaci\u00f3n el\u00e9ctrica para o subministro desta planta.","breadcrumb":{"@id":"https:\/\/ppdegalicia.com\/es\/o-grupo-popular-pedira-o-apoio-do-parlamento-galego-a-implantacion-do-proxecto-empresarial-de-altri-en-palas-de-rei\/#breadcrumb"},"inLanguage":"es","potentialAction":[{"@type":"ReadAction","target":["https:\/\/ppdegalicia.com\/es\/o-grupo-popular-pedira-o-apoio-do-parlamento-galego-a-implantacion-do-proxecto-empresarial-de-altri-en-palas-de-rei\/"]}]},{"@type":"ImageObject","inLanguage":"es","@id":"https:\/\/ppdegalicia.com\/es\/o-grupo-popular-pedira-o-apoio-do-parlamento-galego-a-implantacion-do-proxecto-empresarial-de-altri-en-palas-de-rei\/#primaryimage","url":"https:\/\/ppdegalicia.com\/wp-content\/uploads\/2024\/04\/Pleno3-scaled.jpeg","contentUrl":"https:\/\/ppdegalicia.com\/wp-content\/uploads\/2024\/04\/Pleno3-scaled.jpeg","width":2560,"height":1694},{"@type":"BreadcrumbList","@id":"https:\/\/ppdegalicia.com\/es\/o-grupo-popular-pedira-o-apoio-do-parlamento-galego-a-implantacion-do-proxecto-empresarial-de-altri-en-palas-de-rei\/#breadcrumb","itemListElement":[{"@type":"ListItem","position":1,"name":"Portada","item":"https:\/\/ppdegalicia.com\/es\/"},{"@type":"ListItem","position":2,"name":"O Grupo Popular pedir\u00e1 o apoio do Parlamento galego \u00e1 implantaci\u00f3n do proxecto empresarial de Altri en Palas de Rei"}]},{"@type":"WebSite","@id":"https:\/\/ppdegalicia.com\/es\/#website","url":"https:\/\/ppdegalicia.com\/es\/","name":"Partido Popular de Galicia","description":"Partido Popular de Galicia","publisher":{"@id":"https:\/\/ppdegalicia.com\/es\/#organization"},"alternateName":"PP de Galicia","potentialAction":[{"@type":"SearchAction","target":{"@type":"EntryPoint","urlTemplate":"https:\/\/ppdegalicia.com\/es\/?s={search_term_string}"},"query-input":{"@type":"PropertyValueSpecification","valueRequired":true,"valueName":"search_term_string"}}],"inLanguage":"es"},{"@type":"Organization","@id":"https:\/\/ppdegalicia.com\/es\/#organization","name":"Partido Popular de Galicia","alternateName":"PP de Galicia","url":"https:\/\/ppdegalicia.com\/es\/","logo":{"@type":"ImageObject","inLanguage":"es","@id":"https:\/\/ppdegalicia.com\/es\/#\/schema\/logo\/image\/","url":"https:\/\/ppdegalicia.com\/wp-content\/uploads\/2023\/04\/logoPP512.png","contentUrl":"https:\/\/ppdegalicia.com\/wp-content\/uploads\/2023\/04\/logoPP512.png","width":512,"height":512,"caption":"Partido Popular de Galicia"},"image":{"@id":"https:\/\/ppdegalicia.com\/es\/#\/schema\/logo\/image\/"},"sameAs":["https:\/\/www.instagram.com\/ppdegalicia\/","https:\/\/x.com\/ppdegalicia","https:\/\/www.tiktok.com\/@ppdegalicia","https:\/\/www.youtube.com\/user\/ppdegalicia"]},{"@type":"Person","@id":"https:\/\/ppdegalicia.com\/es\/#\/schema\/person\/bc9b46e59ebd34bf28611158c3867388","name":"ppdegaliciaedtis","image":{"@type":"ImageObject","inLanguage":"es","@id":"https:\/\/secure.gravatar.com\/avatar\/f9f8cf6e03df54a1b0d04a6b4b8e8c6bd63c10a439752e84d87a5385aefe2ced?s=96&d=mm&r=g","url":"https:\/\/secure.gravatar.com\/avatar\/f9f8cf6e03df54a1b0d04a6b4b8e8c6bd63c10a439752e84d87a5385aefe2ced?s=96&d=mm&r=g","contentUrl":"https:\/\/secure.gravatar.com\/avatar\/f9f8cf6e03df54a1b0d04a6b4b8e8c6bd63c10a439752e84d87a5385aefe2ced?s=96&d=mm&r=g","caption":"ppdegaliciaedtis"},"url":"https:\/\/ppdegalicia.com\/es\/author\/ppdegaliciaedits\/"}]}},"_links":{"self":[{"href":"https:\/\/ppdegalicia.com\/es\/wp-json\/wp\/v2\/posts\/62739","targetHints":{"allow":["GET"]}}],"collection":[{"href":"https:\/\/ppdegalicia.com\/es\/wp-json\/wp\/v2\/posts"}],"about":[{"href":"https:\/\/ppdegalicia.com\/es\/wp-json\/wp\/v2\/types\/post"}],"author":[{"embeddable":true,"href":"https:\/\/ppdegalicia.com\/es\/wp-json\/wp\/v2\/users\/40"}],"replies":[{"embeddable":true,"href":"https:\/\/ppdegalicia.com\/es\/wp-json\/wp\/v2\/comments?post=62739"}],"version-history":[{"count":1,"href":"https:\/\/ppdegalicia.com\/es\/wp-json\/wp\/v2\/posts\/62739\/revisions"}],"predecessor-version":[{"id":62742,"href":"https:\/\/ppdegalicia.com\/es\/wp-json\/wp\/v2\/posts\/62739\/revisions\/62742"}],"wp:featuredmedia":[{"embeddable":true,"href":"https:\/\/ppdegalicia.com\/es\/wp-json\/wp\/v2\/media\/62740"}],"wp:attachment":[{"href":"https:\/\/ppdegalicia.com\/es\/wp-json\/wp\/v2\/media?parent=62739"}],"wp:term":[{"taxonomy":"category","embeddable":true,"href":"https:\/\/ppdegalicia.com\/es\/wp-json\/wp\/v2\/categories?post=62739"},{"taxonomy":"post_tag","embeddable":true,"href":"https:\/\/ppdegalicia.com\/es\/wp-json\/wp\/v2\/tags?post=62739"}],"curies":[{"name":"wp","href":"https:\/\/api.w.org\/{rel}","templated":true}]}}