{"id":62790,"date":"2024-04-26T11:15:40","date_gmt":"2024-04-26T10:15:40","guid":{"rendered":"https:\/\/ppdegalicia.com\/?p=62790"},"modified":"2024-04-28T11:20:25","modified_gmt":"2024-04-28T10:20:25","slug":"o-grupo-popular-solicitara-no-parlamento-galego-que-o-goberno-central-ceda-os-medios-materiais-e-persoais-para-xestionar-o-litoral","status":"publish","type":"post","link":"https:\/\/ppdegalicia.com\/es\/o-grupo-popular-solicitara-no-parlamento-galego-que-o-goberno-central-ceda-os-medios-materiais-e-persoais-para-xestionar-o-litoral\/","title":{"rendered":"O Grupo Popular solicitar\u00e1 no Parlamento galego que o Goberno central ceda os medios materiais e persoais para xestionar o litoral"},"content":{"rendered":"<p>O Grupo Popular pedir\u00e1 no Parlamento de Galicia que o Goberno de Espa\u00f1a, unha vez que o Tribunal Constitucional reco\u00f1eceu que a Comunidade galega ten as competencias en materia de litoral, traspase os medios materiais e persoais necesarios para xestionar a s\u00faa costa. Neste sentido, o portavoz popular, Alberto Pazos, criticou que o BNG volvera presentar onte, por terceira vez, unha proposici\u00f3n de lei pedindo ao Goberno de Espa\u00f1a esta transferencia sobre o litoral, levando \u00e1 pr\u00e1ctica o que esconderon durante a campa\u00f1a electoral: que o Tribunal Constitucional deixe de exercer funci\u00f3ns en Galicia e, para iso, non atopan mellor reacci\u00f3n que facer o\u00eddos xordos \u00e1 sentenza que esta instituci\u00f3n xudicial acaba de ditar favorecendo os intereses de Galicia\u201d.<\/p>\n<p>Alberto Pazos comezou a s\u00faa comparecencia ante os medios felicitando, no nome de todo o Grupo Popular, \u201caos deputados que esta semana nos deixaron para asumir responsabilidades no Goberno galego ou como novo senador: Martina Aneiros, Delegada da Xunta en Ferrol; Javier Arias Fouz, delegado da Xunta en Lugo; Jos\u00e9 Manuel Balseiro, novo senador; Victoria N\u00fa\u00f1ez, directora da Axencia de Protecci\u00f3n da Legalidade Urban\u00edstica; Gabriel Al\u00e9n, director xeral de Comercio e Consumo; Antonio Rodr\u00edguez Miranda, secretario xeral da Emigraci\u00f3n; Marisol D\u00edaz Mouteira, directora xeral de Patrimonio Natural; e Silvestre Jos\u00e9 Balseiros, director xeral de Gandar\u00eda, Agricultura e Industrias Agroalimentarias\u201d. Ao mesmo tempo, deu a benvida aos novos deputados que, ao longo destes d\u00edas, cumprimentar\u00e1n a documentaci\u00f3n correspondente para tomar posesi\u00f3n no vindeiro Pleno.<\/p>\n<p>O portavoz popular amosou a s\u00faa satisfacci\u00f3n pola sentenza do Tribunal Constitucional que, por unanimidade, aval\u00eda a Lei de ordenaci\u00f3n e xesti\u00f3n integrada do litoral de Galicia, \u201cdesestimando 70 das 72 impugnaci\u00f3ns realizadas polo Goberno de Pedro S\u00e1nchez; referendando o traballo levado a cabo por parte do Goberno galego de cara a dar seguridade xur\u00eddica \u00e1s actividades estrat\u00e9xicas no dominio p\u00fablico mar\u00edtimo-terrestre, e ratificando que Galicia ten plenas competencias para xestionar o seu litoral, sen necesidade de solicitar ao Goberno do Estado a s\u00faa transferencia, como pretend\u00edan tanto desde as filas do BNG como do PSdeG, a pesar do informe elaborado polo Consello Consultivo de Galicia que avaliaba a postura do Goberno galego\u201d.<\/p>\n<p>Deste xeito, felicitou \u201cao Goberno de Alfonso Rueda e aos t\u00e9cnicos e especialistas que elaboraron a Lei galega do litoral e defenderon a Galicia ante o ataque que perpetrou o Goberno central contra o noso autogoberno, porque a s\u00faa eficacia e bo traballo tivo como recompensa o reco\u00f1ecemento do m\u00e1ximo tribunal de xustiza espa\u00f1ol\u201d. \u201cConseguiron sacar adiante unha norma sobre a que o Goberno de Pedro S\u00e1nchez negouse a dialogar e negociar, ao tempo que reco\u00f1ec\u00eda a outras comunidades estas mesmas competencias, a pesar de que os seus Estatutos de Autonom\u00eda te\u00f1an exactamente a mesma redacci\u00f3n nesta materia que o galego\u201d, dixo.<\/p>\n<p><strong>\u00c1 ESPERA DAS DESCULPAS DE BNG E PSdeG<\/strong><\/p>\n<p>Pazos lamentou que \u201cseguimos \u00e1 espera de que tanto o BNG como o PSdeG presenten as s\u00faas desculpas, tanto \u00e1 Xunta como a todos os galegos, por desprezar o noso Estatuto de Autonom\u00eda e pretender demorar a aplicaci\u00f3n da nosa Lei do Litoral insistindo na necesidade dun engorroso proceso de transferencia para que Galicia tivera as competencias sobre o seu litoral\u201d.<\/p>\n<p>En concreto, sobre o BNG lembrou que a s\u00faa defensa do autogoberno de Galicia traduciuse, de xeito sorprendente, no rexistro e debate no Parlamento galego de d\u00faas proposici\u00f3ns de lei a trav\u00e9s das que ped\u00edan a tramitaci\u00f3n no Congreso da solicitude ao Goberno do Estado da transferencia das competencias sobre o litoral\u201d. Ambas iniciativas foron rexeitadas porque \u201catrasar\u00edan sine die a cesi\u00f3n das competencias sobre o litoral a Galicia, cando, como lles repetimos incansablemente, estas competencias xa est\u00e1n recollidas no noso Estatuto de Autonom\u00eda\u201d.<\/p>\n<p>\u201cPero \u00e9 que onte mesmo, para seguir incidindo no rid\u00edculo, volveron presentar por terceira vez a mesma proposici\u00f3n de lei\u201d, sinalou o portavoz popular, quen explicou que deste xeito os nacionalistas galegos \u201clevan \u00e1 pr\u00e1ctica o que esconderon durante a pasada campa\u00f1a electoral: a s\u00faa intenci\u00f3n de que o Tribunal Constitucional deixe de exercer funci\u00f3ns en Galicia, e para iso, non atopan mellor reacci\u00f3n que facer o\u00eddos xordos \u00e1 sentenza que acaba de ditar o m\u00e1ximo \u00f3rgano constitucional favorecendo os intereses de Galicia\u201d.<\/p>\n<p>Respecto dos socialistas galegos, Alberto Pazos lembrou que \u201cpasaron nun primeiro momento de dividirse sobre a necesidade ou non de reformar o Estatuto de Autonom\u00eda para que Galicia tivera as competencias sobre o seu litoral, a posicionarse, coa chegada de Besteiro \u00e1 Delegaci\u00f3n do Goberno, totalmente a favor de reformar o Estatuto para asumir estas competencias\u201d. \u201cFelizmente, a sentencia do Tribunal Constitucional botou abaixo as pretensi\u00f3ns tanto de nacionalistas como de socialistas e reco\u00f1eceu que o Estatuto de Autonom\u00eda xa recolle as competencias de Galicia sobre o seu litoral\u201d, incidiu.<\/p>\n<p>\u201cAgora queda pendente que o Goberno de Pedro S\u00e1nchez dea o trato que se merece a Galicia e traspase os medios materiais e persoais necesarios para xestionar a s\u00faa costa, nas mesmas condici\u00f3ns e coa mesma tramitaci\u00f3n que as comunidades que recibiron antes estes servizos a trav\u00e9s dun Real Decreto\u201d, sinalou Pazos. Con este obxectivo, o Grupo Popular xa rexistrou unha proposici\u00f3n non de lei no Parlamento galego, \u201conde se poder\u00e1 volver a comprobar de que lado est\u00e1n o BNG e o PSdeG: se seguen coa s\u00faa negativa a reco\u00f1ecer as lex\u00edtimas competencias que ten Galicia no seu Estatuto ou se suman ao PPdeG pedindo ao Goberno central a transferencia dos medios necesarios para exercer as s\u00faas competencias, po\u00f1\u00e9ndose do lado dos galegos e defendendo os seus intereses\u201d.<\/p>\n","protected":false},"excerpt":{"rendered":"<p>O Grupo Popular pedir\u00e1 no Parlamento de Galicia que o Goberno de Espa\u00f1a, unha vez que o Tribunal Constitucional reco\u00f1eceu que a Comunidade galega ten as competencias en materia de litoral, traspase os medios materiais e persoais necesarios para xestionar a s\u00faa costa. Neste sentido, o portavoz popular, Alberto Pazos, criticou que o BNG volvera [&hellip;]<\/p>\n","protected":false},"author":40,"featured_media":62795,"comment_status":"open","ping_status":"open","sticky":false,"template":"","format":"standard","meta":{"_acf_changed":false,"footnotes":""},"categories":[1128],"tags":[],"class_list":["post-62790","post","type-post","status-publish","format-standard","has-post-thumbnail","hentry","category-actualidad-parlamento-de-galicia"],"acf":[],"yoast_head":"<!-- This site is optimized with the Yoast SEO plugin v27.3 - https:\/\/yoast.com\/product\/yoast-seo-wordpress\/ -->\n<title>O Grupo Popular solicitar\u00e1 no Parlamento galego que o Goberno central ceda os medios materiais e persoais para xestionar o litoral - PP de Galicia<\/title>\n<meta name=\"description\" content=\"O Grupo Popular pedir\u00e1 no Parlamento de Galicia que o Goberno de Espa\u00f1a, unha vez que o Tribunal Constitucional reco\u00f1eceu que a Comunidade galega ten as competencias en materia de litoral, traspase os medios materiais e persoais necesarios para xestionar a s\u00faa costa. Neste sentido, o portavoz popular, Alberto Pazos, criticou que o BNG volvera presentar onte, por terceira vez, unha proposici\u00f3n de lei pedindo ao Goberno de Espa\u00f1a esta transferencia sobre o litoral, levando \u00e1 pr\u00e1ctica o que esconderon durante a campa\u00f1a electoral: que o Tribunal Constitucional deixe de exercer funci\u00f3ns en Galicia e, para iso, non atopan mellor reacci\u00f3n que facer o\u00eddos xordos \u00e1 sentenza que esta instituci\u00f3n xudicial acaba de ditar favorecendo os intereses de Galicia\u201d.\" \/>\n<meta name=\"robots\" content=\"index, follow, max-snippet:-1, max-image-preview:large, max-video-preview:-1\" \/>\n<link rel=\"canonical\" href=\"https:\/\/ppdegalicia.com\/es\/o-grupo-popular-solicitara-no-parlamento-galego-que-o-goberno-central-ceda-os-medios-materiais-e-persoais-para-xestionar-o-litoral\/\" \/>\n<meta property=\"og:locale\" content=\"es_ES\" \/>\n<meta property=\"og:type\" content=\"article\" \/>\n<meta property=\"og:title\" content=\"O Grupo Popular solicitar\u00e1 no Parlamento galego que o Goberno central ceda os medios materiais e persoais para xestionar o litoral - PP de Galicia\" \/>\n<meta property=\"og:description\" content=\"O Grupo Popular pedir\u00e1 no Parlamento de Galicia que o Goberno de Espa\u00f1a, unha vez que o Tribunal Constitucional reco\u00f1eceu que a Comunidade galega ten as competencias en materia de litoral, traspase os medios materiais e persoais necesarios para xestionar a s\u00faa costa. Neste sentido, o portavoz popular, Alberto Pazos, criticou que o BNG volvera presentar onte, por terceira vez, unha proposici\u00f3n de lei pedindo ao Goberno de Espa\u00f1a esta transferencia sobre o litoral, levando \u00e1 pr\u00e1ctica o que esconderon durante a campa\u00f1a electoral: que o Tribunal Constitucional deixe de exercer funci\u00f3ns en Galicia e, para iso, non atopan mellor reacci\u00f3n que facer o\u00eddos xordos \u00e1 sentenza que esta instituci\u00f3n xudicial acaba de ditar favorecendo os intereses de Galicia\u201d.\" \/>\n<meta property=\"og:url\" content=\"https:\/\/ppdegalicia.com\/es\/o-grupo-popular-solicitara-no-parlamento-galego-que-o-goberno-central-ceda-os-medios-materiais-e-persoais-para-xestionar-o-litoral\/\" \/>\n<meta property=\"og:site_name\" content=\"PP de Galicia\" \/>\n<meta property=\"article:publisher\" content=\"https:\/\/www.instagram.com\/ppdegalicia\/\" \/>\n<meta property=\"article:published_time\" content=\"2024-04-26T10:15:40+00:00\" \/>\n<meta property=\"article:modified_time\" content=\"2024-04-28T10:20:25+00:00\" \/>\n<meta property=\"og:image\" content=\"https:\/\/ppdegalicia.com\/wp-content\/uploads\/2024\/04\/20240423_GPP_Pleno_-scaled.jpeg\" \/>\n\t<meta property=\"og:image:width\" content=\"2560\" \/>\n\t<meta property=\"og:image:height\" content=\"1802\" \/>\n\t<meta property=\"og:image:type\" content=\"image\/jpeg\" \/>\n<meta name=\"author\" content=\"ppdegaliciaedtis\" \/>\n<meta name=\"twitter:card\" content=\"summary_large_image\" \/>\n<meta name=\"twitter:creator\" content=\"@ppdegalicia\" \/>\n<meta name=\"twitter:site\" content=\"@ppdegalicia\" \/>\n<meta name=\"twitter:label1\" content=\"Escrito por\" \/>\n\t<meta name=\"twitter:data1\" content=\"ppdegaliciaedtis\" \/>\n\t<meta name=\"twitter:label2\" content=\"Tiempo de lectura\" \/>\n\t<meta name=\"twitter:data2\" content=\"6 minutos\" \/>\n<script type=\"application\/ld+json\" class=\"yoast-schema-graph\">{\"@context\":\"https:\\\/\\\/schema.org\",\"@graph\":[{\"@type\":\"Article\",\"@id\":\"https:\\\/\\\/ppdegalicia.com\\\/es\\\/o-grupo-popular-solicitara-no-parlamento-galego-que-o-goberno-central-ceda-os-medios-materiais-e-persoais-para-xestionar-o-litoral\\\/#article\",\"isPartOf\":{\"@id\":\"https:\\\/\\\/ppdegalicia.com\\\/es\\\/o-grupo-popular-solicitara-no-parlamento-galego-que-o-goberno-central-ceda-os-medios-materiais-e-persoais-para-xestionar-o-litoral\\\/\"},\"author\":{\"name\":\"ppdegaliciaedtis\",\"@id\":\"https:\\\/\\\/ppdegalicia.com\\\/es\\\/#\\\/schema\\\/person\\\/bc9b46e59ebd34bf28611158c3867388\"},\"headline\":\"O Grupo Popular solicitar\u00e1 no Parlamento galego que o Goberno central ceda os medios materiais e persoais para xestionar o litoral\",\"datePublished\":\"2024-04-26T10:15:40+00:00\",\"dateModified\":\"2024-04-28T10:20:25+00:00\",\"mainEntityOfPage\":{\"@id\":\"https:\\\/\\\/ppdegalicia.com\\\/es\\\/o-grupo-popular-solicitara-no-parlamento-galego-que-o-goberno-central-ceda-os-medios-materiais-e-persoais-para-xestionar-o-litoral\\\/\"},\"wordCount\":1009,\"commentCount\":0,\"publisher\":{\"@id\":\"https:\\\/\\\/ppdegalicia.com\\\/es\\\/#organization\"},\"image\":{\"@id\":\"https:\\\/\\\/ppdegalicia.com\\\/es\\\/o-grupo-popular-solicitara-no-parlamento-galego-que-o-goberno-central-ceda-os-medios-materiais-e-persoais-para-xestionar-o-litoral\\\/#primaryimage\"},\"thumbnailUrl\":\"https:\\\/\\\/ppdegalicia.com\\\/wp-content\\\/uploads\\\/2024\\\/04\\\/20240423_GPP_Pleno_-scaled.jpeg\",\"articleSection\":[\"Parlamento de Galicia\"],\"inLanguage\":\"es\",\"potentialAction\":[{\"@type\":\"CommentAction\",\"name\":\"Comment\",\"target\":[\"https:\\\/\\\/ppdegalicia.com\\\/es\\\/o-grupo-popular-solicitara-no-parlamento-galego-que-o-goberno-central-ceda-os-medios-materiais-e-persoais-para-xestionar-o-litoral\\\/#respond\"]}]},{\"@type\":\"WebPage\",\"@id\":\"https:\\\/\\\/ppdegalicia.com\\\/es\\\/o-grupo-popular-solicitara-no-parlamento-galego-que-o-goberno-central-ceda-os-medios-materiais-e-persoais-para-xestionar-o-litoral\\\/\",\"url\":\"https:\\\/\\\/ppdegalicia.com\\\/es\\\/o-grupo-popular-solicitara-no-parlamento-galego-que-o-goberno-central-ceda-os-medios-materiais-e-persoais-para-xestionar-o-litoral\\\/\",\"name\":\"O Grupo Popular solicitar\u00e1 no Parlamento galego que o Goberno central ceda os medios materiais e persoais para xestionar o litoral - PP de Galicia\",\"isPartOf\":{\"@id\":\"https:\\\/\\\/ppdegalicia.com\\\/es\\\/#website\"},\"primaryImageOfPage\":{\"@id\":\"https:\\\/\\\/ppdegalicia.com\\\/es\\\/o-grupo-popular-solicitara-no-parlamento-galego-que-o-goberno-central-ceda-os-medios-materiais-e-persoais-para-xestionar-o-litoral\\\/#primaryimage\"},\"image\":{\"@id\":\"https:\\\/\\\/ppdegalicia.com\\\/es\\\/o-grupo-popular-solicitara-no-parlamento-galego-que-o-goberno-central-ceda-os-medios-materiais-e-persoais-para-xestionar-o-litoral\\\/#primaryimage\"},\"thumbnailUrl\":\"https:\\\/\\\/ppdegalicia.com\\\/wp-content\\\/uploads\\\/2024\\\/04\\\/20240423_GPP_Pleno_-scaled.jpeg\",\"datePublished\":\"2024-04-26T10:15:40+00:00\",\"dateModified\":\"2024-04-28T10:20:25+00:00\",\"description\":\"O Grupo Popular pedir\u00e1 no Parlamento de Galicia que o Goberno de Espa\u00f1a, unha vez que o Tribunal Constitucional reco\u00f1eceu que a Comunidade galega ten as competencias en materia de litoral, traspase os medios materiais e persoais necesarios para xestionar a s\u00faa costa. Neste sentido, o portavoz popular, Alberto Pazos, criticou que o BNG volvera presentar onte, por terceira vez, unha proposici\u00f3n de lei pedindo ao Goberno de Espa\u00f1a esta transferencia sobre o litoral, levando \u00e1 pr\u00e1ctica o que esconderon durante a campa\u00f1a electoral: que o Tribunal Constitucional deixe de exercer funci\u00f3ns en Galicia e, para iso, non atopan mellor reacci\u00f3n que facer o\u00eddos xordos \u00e1 sentenza que esta instituci\u00f3n xudicial acaba de ditar favorecendo os intereses de Galicia\u201d.\",\"breadcrumb\":{\"@id\":\"https:\\\/\\\/ppdegalicia.com\\\/es\\\/o-grupo-popular-solicitara-no-parlamento-galego-que-o-goberno-central-ceda-os-medios-materiais-e-persoais-para-xestionar-o-litoral\\\/#breadcrumb\"},\"inLanguage\":\"es\",\"potentialAction\":[{\"@type\":\"ReadAction\",\"target\":[\"https:\\\/\\\/ppdegalicia.com\\\/es\\\/o-grupo-popular-solicitara-no-parlamento-galego-que-o-goberno-central-ceda-os-medios-materiais-e-persoais-para-xestionar-o-litoral\\\/\"]}]},{\"@type\":\"ImageObject\",\"inLanguage\":\"es\",\"@id\":\"https:\\\/\\\/ppdegalicia.com\\\/es\\\/o-grupo-popular-solicitara-no-parlamento-galego-que-o-goberno-central-ceda-os-medios-materiais-e-persoais-para-xestionar-o-litoral\\\/#primaryimage\",\"url\":\"https:\\\/\\\/ppdegalicia.com\\\/wp-content\\\/uploads\\\/2024\\\/04\\\/20240423_GPP_Pleno_-scaled.jpeg\",\"contentUrl\":\"https:\\\/\\\/ppdegalicia.com\\\/wp-content\\\/uploads\\\/2024\\\/04\\\/20240423_GPP_Pleno_-scaled.jpeg\",\"width\":2560,\"height\":1802},{\"@type\":\"BreadcrumbList\",\"@id\":\"https:\\\/\\\/ppdegalicia.com\\\/es\\\/o-grupo-popular-solicitara-no-parlamento-galego-que-o-goberno-central-ceda-os-medios-materiais-e-persoais-para-xestionar-o-litoral\\\/#breadcrumb\",\"itemListElement\":[{\"@type\":\"ListItem\",\"position\":1,\"name\":\"Portada\",\"item\":\"https:\\\/\\\/ppdegalicia.com\\\/es\\\/\"},{\"@type\":\"ListItem\",\"position\":2,\"name\":\"O Grupo Popular solicitar\u00e1 no Parlamento galego que o Goberno central ceda os medios materiais e persoais para xestionar o litoral\"}]},{\"@type\":\"WebSite\",\"@id\":\"https:\\\/\\\/ppdegalicia.com\\\/es\\\/#website\",\"url\":\"https:\\\/\\\/ppdegalicia.com\\\/es\\\/\",\"name\":\"Partido Popular de Galicia\",\"description\":\"Partido Popular de Galicia\",\"publisher\":{\"@id\":\"https:\\\/\\\/ppdegalicia.com\\\/es\\\/#organization\"},\"alternateName\":\"PP de Galicia\",\"potentialAction\":[{\"@type\":\"SearchAction\",\"target\":{\"@type\":\"EntryPoint\",\"urlTemplate\":\"https:\\\/\\\/ppdegalicia.com\\\/es\\\/?s={search_term_string}\"},\"query-input\":{\"@type\":\"PropertyValueSpecification\",\"valueRequired\":true,\"valueName\":\"search_term_string\"}}],\"inLanguage\":\"es\"},{\"@type\":\"Organization\",\"@id\":\"https:\\\/\\\/ppdegalicia.com\\\/es\\\/#organization\",\"name\":\"Partido Popular de Galicia\",\"alternateName\":\"PP de Galicia\",\"url\":\"https:\\\/\\\/ppdegalicia.com\\\/es\\\/\",\"logo\":{\"@type\":\"ImageObject\",\"inLanguage\":\"es\",\"@id\":\"https:\\\/\\\/ppdegalicia.com\\\/es\\\/#\\\/schema\\\/logo\\\/image\\\/\",\"url\":\"https:\\\/\\\/ppdegalicia.com\\\/wp-content\\\/uploads\\\/2023\\\/04\\\/logoPP512.png\",\"contentUrl\":\"https:\\\/\\\/ppdegalicia.com\\\/wp-content\\\/uploads\\\/2023\\\/04\\\/logoPP512.png\",\"width\":512,\"height\":512,\"caption\":\"Partido Popular de Galicia\"},\"image\":{\"@id\":\"https:\\\/\\\/ppdegalicia.com\\\/es\\\/#\\\/schema\\\/logo\\\/image\\\/\"},\"sameAs\":[\"https:\\\/\\\/www.instagram.com\\\/ppdegalicia\\\/\",\"https:\\\/\\\/x.com\\\/ppdegalicia\",\"https:\\\/\\\/www.tiktok.com\\\/@ppdegalicia\",\"https:\\\/\\\/www.youtube.com\\\/user\\\/ppdegalicia\"]},{\"@type\":\"Person\",\"@id\":\"https:\\\/\\\/ppdegalicia.com\\\/es\\\/#\\\/schema\\\/person\\\/bc9b46e59ebd34bf28611158c3867388\",\"name\":\"ppdegaliciaedtis\",\"image\":{\"@type\":\"ImageObject\",\"inLanguage\":\"es\",\"@id\":\"https:\\\/\\\/secure.gravatar.com\\\/avatar\\\/f9f8cf6e03df54a1b0d04a6b4b8e8c6bd63c10a439752e84d87a5385aefe2ced?s=96&d=mm&r=g\",\"url\":\"https:\\\/\\\/secure.gravatar.com\\\/avatar\\\/f9f8cf6e03df54a1b0d04a6b4b8e8c6bd63c10a439752e84d87a5385aefe2ced?s=96&d=mm&r=g\",\"contentUrl\":\"https:\\\/\\\/secure.gravatar.com\\\/avatar\\\/f9f8cf6e03df54a1b0d04a6b4b8e8c6bd63c10a439752e84d87a5385aefe2ced?s=96&d=mm&r=g\",\"caption\":\"ppdegaliciaedtis\"},\"url\":\"https:\\\/\\\/ppdegalicia.com\\\/es\\\/author\\\/ppdegaliciaedits\\\/\"}]}<\/script>\n<!-- \/ Yoast SEO plugin. -->","yoast_head_json":{"title":"O Grupo Popular solicitar\u00e1 no Parlamento galego que o Goberno central ceda os medios materiais e persoais para xestionar o litoral - PP de Galicia","description":"O Grupo Popular pedir\u00e1 no Parlamento de Galicia que o Goberno de Espa\u00f1a, unha vez que o Tribunal Constitucional reco\u00f1eceu que a Comunidade galega ten as competencias en materia de litoral, traspase os medios materiais e persoais necesarios para xestionar a s\u00faa costa. Neste sentido, o portavoz popular, Alberto Pazos, criticou que o BNG volvera presentar onte, por terceira vez, unha proposici\u00f3n de lei pedindo ao Goberno de Espa\u00f1a esta transferencia sobre o litoral, levando \u00e1 pr\u00e1ctica o que esconderon durante a campa\u00f1a electoral: que o Tribunal Constitucional deixe de exercer funci\u00f3ns en Galicia e, para iso, non atopan mellor reacci\u00f3n que facer o\u00eddos xordos \u00e1 sentenza que esta instituci\u00f3n xudicial acaba de ditar favorecendo os intereses de Galicia\u201d.","robots":{"index":"index","follow":"follow","max-snippet":"max-snippet:-1","max-image-preview":"max-image-preview:large","max-video-preview":"max-video-preview:-1"},"canonical":"https:\/\/ppdegalicia.com\/es\/o-grupo-popular-solicitara-no-parlamento-galego-que-o-goberno-central-ceda-os-medios-materiais-e-persoais-para-xestionar-o-litoral\/","og_locale":"es_ES","og_type":"article","og_title":"O Grupo Popular solicitar\u00e1 no Parlamento galego que o Goberno central ceda os medios materiais e persoais para xestionar o litoral - PP de Galicia","og_description":"O Grupo Popular pedir\u00e1 no Parlamento de Galicia que o Goberno de Espa\u00f1a, unha vez que o Tribunal Constitucional reco\u00f1eceu que a Comunidade galega ten as competencias en materia de litoral, traspase os medios materiais e persoais necesarios para xestionar a s\u00faa costa. Neste sentido, o portavoz popular, Alberto Pazos, criticou que o BNG volvera presentar onte, por terceira vez, unha proposici\u00f3n de lei pedindo ao Goberno de Espa\u00f1a esta transferencia sobre o litoral, levando \u00e1 pr\u00e1ctica o que esconderon durante a campa\u00f1a electoral: que o Tribunal Constitucional deixe de exercer funci\u00f3ns en Galicia e, para iso, non atopan mellor reacci\u00f3n que facer o\u00eddos xordos \u00e1 sentenza que esta instituci\u00f3n xudicial acaba de ditar favorecendo os intereses de Galicia\u201d.","og_url":"https:\/\/ppdegalicia.com\/es\/o-grupo-popular-solicitara-no-parlamento-galego-que-o-goberno-central-ceda-os-medios-materiais-e-persoais-para-xestionar-o-litoral\/","og_site_name":"PP de Galicia","article_publisher":"https:\/\/www.instagram.com\/ppdegalicia\/","article_published_time":"2024-04-26T10:15:40+00:00","article_modified_time":"2024-04-28T10:20:25+00:00","og_image":[{"width":2560,"height":1802,"url":"https:\/\/ppdegalicia.com\/wp-content\/uploads\/2024\/04\/20240423_GPP_Pleno_-scaled.jpeg","type":"image\/jpeg"}],"author":"ppdegaliciaedtis","twitter_card":"summary_large_image","twitter_creator":"@ppdegalicia","twitter_site":"@ppdegalicia","twitter_misc":{"Escrito por":"ppdegaliciaedtis","Tiempo de lectura":"6 minutos"},"schema":{"@context":"https:\/\/schema.org","@graph":[{"@type":"Article","@id":"https:\/\/ppdegalicia.com\/es\/o-grupo-popular-solicitara-no-parlamento-galego-que-o-goberno-central-ceda-os-medios-materiais-e-persoais-para-xestionar-o-litoral\/#article","isPartOf":{"@id":"https:\/\/ppdegalicia.com\/es\/o-grupo-popular-solicitara-no-parlamento-galego-que-o-goberno-central-ceda-os-medios-materiais-e-persoais-para-xestionar-o-litoral\/"},"author":{"name":"ppdegaliciaedtis","@id":"https:\/\/ppdegalicia.com\/es\/#\/schema\/person\/bc9b46e59ebd34bf28611158c3867388"},"headline":"O Grupo Popular solicitar\u00e1 no Parlamento galego que o Goberno central ceda os medios materiais e persoais para xestionar o litoral","datePublished":"2024-04-26T10:15:40+00:00","dateModified":"2024-04-28T10:20:25+00:00","mainEntityOfPage":{"@id":"https:\/\/ppdegalicia.com\/es\/o-grupo-popular-solicitara-no-parlamento-galego-que-o-goberno-central-ceda-os-medios-materiais-e-persoais-para-xestionar-o-litoral\/"},"wordCount":1009,"commentCount":0,"publisher":{"@id":"https:\/\/ppdegalicia.com\/es\/#organization"},"image":{"@id":"https:\/\/ppdegalicia.com\/es\/o-grupo-popular-solicitara-no-parlamento-galego-que-o-goberno-central-ceda-os-medios-materiais-e-persoais-para-xestionar-o-litoral\/#primaryimage"},"thumbnailUrl":"https:\/\/ppdegalicia.com\/wp-content\/uploads\/2024\/04\/20240423_GPP_Pleno_-scaled.jpeg","articleSection":["Parlamento de Galicia"],"inLanguage":"es","potentialAction":[{"@type":"CommentAction","name":"Comment","target":["https:\/\/ppdegalicia.com\/es\/o-grupo-popular-solicitara-no-parlamento-galego-que-o-goberno-central-ceda-os-medios-materiais-e-persoais-para-xestionar-o-litoral\/#respond"]}]},{"@type":"WebPage","@id":"https:\/\/ppdegalicia.com\/es\/o-grupo-popular-solicitara-no-parlamento-galego-que-o-goberno-central-ceda-os-medios-materiais-e-persoais-para-xestionar-o-litoral\/","url":"https:\/\/ppdegalicia.com\/es\/o-grupo-popular-solicitara-no-parlamento-galego-que-o-goberno-central-ceda-os-medios-materiais-e-persoais-para-xestionar-o-litoral\/","name":"O Grupo Popular solicitar\u00e1 no Parlamento galego que o Goberno central ceda os medios materiais e persoais para xestionar o litoral - PP de Galicia","isPartOf":{"@id":"https:\/\/ppdegalicia.com\/es\/#website"},"primaryImageOfPage":{"@id":"https:\/\/ppdegalicia.com\/es\/o-grupo-popular-solicitara-no-parlamento-galego-que-o-goberno-central-ceda-os-medios-materiais-e-persoais-para-xestionar-o-litoral\/#primaryimage"},"image":{"@id":"https:\/\/ppdegalicia.com\/es\/o-grupo-popular-solicitara-no-parlamento-galego-que-o-goberno-central-ceda-os-medios-materiais-e-persoais-para-xestionar-o-litoral\/#primaryimage"},"thumbnailUrl":"https:\/\/ppdegalicia.com\/wp-content\/uploads\/2024\/04\/20240423_GPP_Pleno_-scaled.jpeg","datePublished":"2024-04-26T10:15:40+00:00","dateModified":"2024-04-28T10:20:25+00:00","description":"O Grupo Popular pedir\u00e1 no Parlamento de Galicia que o Goberno de Espa\u00f1a, unha vez que o Tribunal Constitucional reco\u00f1eceu que a Comunidade galega ten as competencias en materia de litoral, traspase os medios materiais e persoais necesarios para xestionar a s\u00faa costa. Neste sentido, o portavoz popular, Alberto Pazos, criticou que o BNG volvera presentar onte, por terceira vez, unha proposici\u00f3n de lei pedindo ao Goberno de Espa\u00f1a esta transferencia sobre o litoral, levando \u00e1 pr\u00e1ctica o que esconderon durante a campa\u00f1a electoral: que o Tribunal Constitucional deixe de exercer funci\u00f3ns en Galicia e, para iso, non atopan mellor reacci\u00f3n que facer o\u00eddos xordos \u00e1 sentenza que esta instituci\u00f3n xudicial acaba de ditar favorecendo os intereses de Galicia\u201d.","breadcrumb":{"@id":"https:\/\/ppdegalicia.com\/es\/o-grupo-popular-solicitara-no-parlamento-galego-que-o-goberno-central-ceda-os-medios-materiais-e-persoais-para-xestionar-o-litoral\/#breadcrumb"},"inLanguage":"es","potentialAction":[{"@type":"ReadAction","target":["https:\/\/ppdegalicia.com\/es\/o-grupo-popular-solicitara-no-parlamento-galego-que-o-goberno-central-ceda-os-medios-materiais-e-persoais-para-xestionar-o-litoral\/"]}]},{"@type":"ImageObject","inLanguage":"es","@id":"https:\/\/ppdegalicia.com\/es\/o-grupo-popular-solicitara-no-parlamento-galego-que-o-goberno-central-ceda-os-medios-materiais-e-persoais-para-xestionar-o-litoral\/#primaryimage","url":"https:\/\/ppdegalicia.com\/wp-content\/uploads\/2024\/04\/20240423_GPP_Pleno_-scaled.jpeg","contentUrl":"https:\/\/ppdegalicia.com\/wp-content\/uploads\/2024\/04\/20240423_GPP_Pleno_-scaled.jpeg","width":2560,"height":1802},{"@type":"BreadcrumbList","@id":"https:\/\/ppdegalicia.com\/es\/o-grupo-popular-solicitara-no-parlamento-galego-que-o-goberno-central-ceda-os-medios-materiais-e-persoais-para-xestionar-o-litoral\/#breadcrumb","itemListElement":[{"@type":"ListItem","position":1,"name":"Portada","item":"https:\/\/ppdegalicia.com\/es\/"},{"@type":"ListItem","position":2,"name":"O Grupo Popular solicitar\u00e1 no Parlamento galego que o Goberno central ceda os medios materiais e persoais para xestionar o litoral"}]},{"@type":"WebSite","@id":"https:\/\/ppdegalicia.com\/es\/#website","url":"https:\/\/ppdegalicia.com\/es\/","name":"Partido Popular de Galicia","description":"Partido Popular de Galicia","publisher":{"@id":"https:\/\/ppdegalicia.com\/es\/#organization"},"alternateName":"PP de Galicia","potentialAction":[{"@type":"SearchAction","target":{"@type":"EntryPoint","urlTemplate":"https:\/\/ppdegalicia.com\/es\/?s={search_term_string}"},"query-input":{"@type":"PropertyValueSpecification","valueRequired":true,"valueName":"search_term_string"}}],"inLanguage":"es"},{"@type":"Organization","@id":"https:\/\/ppdegalicia.com\/es\/#organization","name":"Partido Popular de Galicia","alternateName":"PP de Galicia","url":"https:\/\/ppdegalicia.com\/es\/","logo":{"@type":"ImageObject","inLanguage":"es","@id":"https:\/\/ppdegalicia.com\/es\/#\/schema\/logo\/image\/","url":"https:\/\/ppdegalicia.com\/wp-content\/uploads\/2023\/04\/logoPP512.png","contentUrl":"https:\/\/ppdegalicia.com\/wp-content\/uploads\/2023\/04\/logoPP512.png","width":512,"height":512,"caption":"Partido Popular de Galicia"},"image":{"@id":"https:\/\/ppdegalicia.com\/es\/#\/schema\/logo\/image\/"},"sameAs":["https:\/\/www.instagram.com\/ppdegalicia\/","https:\/\/x.com\/ppdegalicia","https:\/\/www.tiktok.com\/@ppdegalicia","https:\/\/www.youtube.com\/user\/ppdegalicia"]},{"@type":"Person","@id":"https:\/\/ppdegalicia.com\/es\/#\/schema\/person\/bc9b46e59ebd34bf28611158c3867388","name":"ppdegaliciaedtis","image":{"@type":"ImageObject","inLanguage":"es","@id":"https:\/\/secure.gravatar.com\/avatar\/f9f8cf6e03df54a1b0d04a6b4b8e8c6bd63c10a439752e84d87a5385aefe2ced?s=96&d=mm&r=g","url":"https:\/\/secure.gravatar.com\/avatar\/f9f8cf6e03df54a1b0d04a6b4b8e8c6bd63c10a439752e84d87a5385aefe2ced?s=96&d=mm&r=g","contentUrl":"https:\/\/secure.gravatar.com\/avatar\/f9f8cf6e03df54a1b0d04a6b4b8e8c6bd63c10a439752e84d87a5385aefe2ced?s=96&d=mm&r=g","caption":"ppdegaliciaedtis"},"url":"https:\/\/ppdegalicia.com\/es\/author\/ppdegaliciaedits\/"}]}},"_links":{"self":[{"href":"https:\/\/ppdegalicia.com\/es\/wp-json\/wp\/v2\/posts\/62790","targetHints":{"allow":["GET"]}}],"collection":[{"href":"https:\/\/ppdegalicia.com\/es\/wp-json\/wp\/v2\/posts"}],"about":[{"href":"https:\/\/ppdegalicia.com\/es\/wp-json\/wp\/v2\/types\/post"}],"author":[{"embeddable":true,"href":"https:\/\/ppdegalicia.com\/es\/wp-json\/wp\/v2\/users\/40"}],"replies":[{"embeddable":true,"href":"https:\/\/ppdegalicia.com\/es\/wp-json\/wp\/v2\/comments?post=62790"}],"version-history":[{"count":1,"href":"https:\/\/ppdegalicia.com\/es\/wp-json\/wp\/v2\/posts\/62790\/revisions"}],"predecessor-version":[{"id":62797,"href":"https:\/\/ppdegalicia.com\/es\/wp-json\/wp\/v2\/posts\/62790\/revisions\/62797"}],"wp:featuredmedia":[{"embeddable":true,"href":"https:\/\/ppdegalicia.com\/es\/wp-json\/wp\/v2\/media\/62795"}],"wp:attachment":[{"href":"https:\/\/ppdegalicia.com\/es\/wp-json\/wp\/v2\/media?parent=62790"}],"wp:term":[{"taxonomy":"category","embeddable":true,"href":"https:\/\/ppdegalicia.com\/es\/wp-json\/wp\/v2\/categories?post=62790"},{"taxonomy":"post_tag","embeddable":true,"href":"https:\/\/ppdegalicia.com\/es\/wp-json\/wp\/v2\/tags?post=62790"}],"curies":[{"name":"wp","href":"https:\/\/api.w.org\/{rel}","templated":true}]}}