{"id":62798,"date":"2024-04-26T10:00:57","date_gmt":"2024-04-26T09:00:57","guid":{"rendered":"https:\/\/ppdegalicia.com\/?p=62798"},"modified":"2024-04-28T11:31:24","modified_gmt":"2024-04-28T10:31:24","slug":"alberto-pazos-critica-a-mandibula-de-cristal-dos-socialistas-para-lanzar-bulos-sobre-politicos-que-non-sexan-da-sua-cor-pero-non-aceptan-critica-ou-denuncia-sobre-as-suas-actuacions-sospeito","status":"publish","type":"post","link":"https:\/\/ppdegalicia.com\/es\/alberto-pazos-critica-a-mandibula-de-cristal-dos-socialistas-para-lanzar-bulos-sobre-politicos-que-non-sexan-da-sua-cor-pero-non-aceptan-critica-ou-denuncia-sobre-as-suas-actuacions-sospeito\/","title":{"rendered":"Alberto Pazos critica a \u201cmand\u00edbula de cristal dos socialistas para lanzar bulos sobre pol\u00edticos que non sexan da s\u00faa cor, pero non aceptan cr\u00edtica ou denuncia sobre as s\u00faas actuaci\u00f3ns sospeitosas\u201d"},"content":{"rendered":"<p>O portavoz do Grupo Popular, Alberto Pazos, criticou hoxe a \u201cmand\u00edbula de cristal que te\u00f1en os socialistas, e particularmente Pedro S\u00e1nchez, aos que lles gusta parecer v\u00edtimas para, deste xeito, intentar conseguir alg\u00fan beneficio pol\u00edtico e a condescendencia dos cidad\u00e1ns ante as s\u00faas presuntas fechor\u00edas\u201d. Neste sentido, manifestou que \u201cos galegos debemos amosar o noso orgullo e satisfacci\u00f3n pola estabilidade pol\u00edtica da que gozamos en Galicia, cun goberno que traballa e que s\u00f3 busca o benestar de todos os galegos\u201d.<\/p>\n<p>Alberto Pazos afirmou, ante o \u201cretiro de meditaci\u00f3n\u201d que decidiu facer o Presidente S\u00e1nchez, que \u201cestamos diante dunha decisi\u00f3n sen precedentes na pol\u00edtica espa\u00f1ola, asumindo unha deixaci\u00f3n de funci\u00f3ns e irresponsabilidade total por parte de quen preside o Goberno de Espa\u00f1a\u201d. Neste sentido, explicou que \u201cPedro S\u00e1nchez ten un problema xudicial ao atoparse a s\u00faa muller nun proceso xudicial por presunto tr\u00e1fico de influencias e corrupci\u00f3n de negocios, e coa s\u00faa decisi\u00f3n converte a todos os espa\u00f1ois en telespectadores do seu melodrama, degradando a\u00ednda m\u00e1is a nosa democracia e as nosas instituci\u00f3ns\u201d.<\/p>\n<p><strong>EXEMPLOS QUE AFECTAN AO PP<\/strong><\/p>\n<p>Os socialistas \u201cson libres de lanzar bulos e sospeitas sobre calquera pol\u00edtico ou os seus familiares que non sexan da s\u00faa cor, pero son incapaces de aceptar unha soa cr\u00edtica ou denuncia sobre as s\u00faas actuaci\u00f3ns sospeitosas\u201d, manifestou o portavoz popular, quen indicou que \u201ctodo o que supo\u00f1a un cuestionamento legal ou \u00e9tico das s\u00faas actividades \u00e9 xogo sucio, pero en cambio para eles todo vale con tal de atacar a imaxe e a credibilidade do Partido Popular e dos seus representantes\u201d.<\/p>\n<p>Neste sentido, lembrou que \u201ctemos moitos exemplos que nos afectan directamente ao PP de Galicia\u201d e citou o caso das denuncias realizadas sobre as supostas contrataci\u00f3ns da Xunta coa empresa na que traballaba a muller do ex presidente Feij\u00f3o, que resultaron totalmente faltas e o medio que publicou a informaci\u00f3n tivo que rectificar posteriormente; as constantes alusi\u00f3ns aos contratos asinados pola Xunta coa empresa na que traballa a irm\u00e1 tam\u00e9n do ex presidente da Xunta; os supostos beneficios dos contratos asinados pola empresa do marido da nosa secretaria xeral coa Xunta de Galicia; ou o cuestionamento das actividades dunha empresa porque nela traballa un cu\u00f1ado do ex presidente da Xunta.<\/p>\n<p>\u201cNon fai falta ir moito atr\u00e1s para comprobar como desde o BNG e o PSdeG se utilizan estas artima\u00f1as, que tanto lles doen cando van na s\u00faa contra\u201d, sinalou Alberto Pazos, quen recordou que \u201cno \u00faltimo Pleno deste Parlamento, celebrado esta mesma semana, os grupos da oposici\u00f3n incorporaron nas s\u00faas intervenci\u00f3ns continuas referencias \u00e1 parentes e familiares do ex Presidente da Xunta\u201d.<\/p>\n<p>As\u00ed, demandou que, \u201cdo mesmo xeito que BNG e PSdeG sa\u00edron onte en defensa de Pedro S\u00e1nchez, fagan o mesmo cos representantes do PPdeG e pidan as correspondentes desculpas\u201d.<\/p>\n<p>Ademais, e relacionado coa decisi\u00f3n de Pedro S\u00e1nchez sobre as competencias de Galicia sobre o litoral, \u201conde se demostrou que para os socialistas existen comunidades de primeira, \u00e1s que se lles reco\u00f1ecen as s\u00faas competencias de xeito directo, e de segunda, \u00e1s que se lles presenta un recurso ante o Tribunal Constitucional; tam\u00e9n est\u00e1 demostrado que hai espa\u00f1ois de primeira, aos que se lles aproba unha Lei de amnist\u00eda a medida, e de segunda, os que estamos sometidos \u00e1 lei; e tam\u00e9n existen familias de primeira, as s\u00faas propias, e de segunda, as dos representantes do PPdeG\u201d.<\/p>\n","protected":false},"excerpt":{"rendered":"<p>O portavoz do Grupo Popular, Alberto Pazos, criticou hoxe a \u201cmand\u00edbula de cristal que te\u00f1en os socialistas, e particularmente Pedro S\u00e1nchez, aos que lles gusta parecer v\u00edtimas para, deste xeito, intentar conseguir alg\u00fan beneficio pol\u00edtico e a condescendencia dos cidad\u00e1ns ante as s\u00faas presuntas fechor\u00edas\u201d. Neste sentido, manifestou que \u201cos galegos debemos amosar o noso [&hellip;]<\/p>\n","protected":false},"author":40,"featured_media":62791,"comment_status":"open","ping_status":"open","sticky":false,"template":"","format":"standard","meta":{"_acf_changed":false,"footnotes":""},"categories":[1128],"tags":[],"class_list":["post-62798","post","type-post","status-publish","format-standard","has-post-thumbnail","hentry","category-actualidad-parlamento-de-galicia"],"acf":[],"yoast_head":"<!-- This site is optimized with the Yoast SEO plugin v27.3 - https:\/\/yoast.com\/product\/yoast-seo-wordpress\/ -->\n<title>Alberto Pazos critica a \u201cmand\u00edbula de cristal dos socialistas para lanzar bulos sobre pol\u00edticos que non sexan da s\u00faa cor, pero non aceptan cr\u00edtica ou denuncia sobre as s\u00faas actuaci\u00f3ns sospeitosas\u201d - PP de Galicia<\/title>\n<meta name=\"description\" content=\"O portavoz do Grupo Popular, Alberto Pazos, criticou hoxe a \u201cmand\u00edbula de cristal que te\u00f1en os socialistas, e particularmente Pedro S\u00e1nchez, aos que lles gusta parecer v\u00edtimas para, deste xeito, intentar conseguir alg\u00fan beneficio pol\u00edtico e a condescendencia dos cidad\u00e1ns ante as s\u00faas presuntas fechor\u00edas\u201d. Neste sentido, manifestou que \u201cos galegos debemos amosar o noso orgullo e satisfacci\u00f3n pola estabilidade pol\u00edtica da que gozamos en Galicia, cun goberno que traballa e que s\u00f3 busca o benestar de todos os galegos\u201d.\" \/>\n<meta name=\"robots\" content=\"index, follow, max-snippet:-1, max-image-preview:large, max-video-preview:-1\" \/>\n<link rel=\"canonical\" href=\"https:\/\/ppdegalicia.com\/es\/alberto-pazos-critica-a-mandibula-de-cristal-dos-socialistas-para-lanzar-bulos-sobre-politicos-que-non-sexan-da-sua-cor-pero-non-aceptan-critica-ou-denuncia-sobre-as-suas-actuacions-sospeito\/\" \/>\n<meta property=\"og:locale\" content=\"es_ES\" \/>\n<meta property=\"og:type\" content=\"article\" \/>\n<meta property=\"og:title\" content=\"Alberto Pazos critica a \u201cmand\u00edbula de cristal dos socialistas para lanzar bulos sobre pol\u00edticos que non sexan da s\u00faa cor, pero non aceptan cr\u00edtica ou denuncia sobre as s\u00faas actuaci\u00f3ns sospeitosas\u201d - PP de Galicia\" \/>\n<meta property=\"og:description\" content=\"O portavoz do Grupo Popular, Alberto Pazos, criticou hoxe a \u201cmand\u00edbula de cristal que te\u00f1en os socialistas, e particularmente Pedro S\u00e1nchez, aos que lles gusta parecer v\u00edtimas para, deste xeito, intentar conseguir alg\u00fan beneficio pol\u00edtico e a condescendencia dos cidad\u00e1ns ante as s\u00faas presuntas fechor\u00edas\u201d. Neste sentido, manifestou que \u201cos galegos debemos amosar o noso orgullo e satisfacci\u00f3n pola estabilidade pol\u00edtica da que gozamos en Galicia, cun goberno que traballa e que s\u00f3 busca o benestar de todos os galegos\u201d.\" \/>\n<meta property=\"og:url\" content=\"https:\/\/ppdegalicia.com\/es\/alberto-pazos-critica-a-mandibula-de-cristal-dos-socialistas-para-lanzar-bulos-sobre-politicos-que-non-sexan-da-sua-cor-pero-non-aceptan-critica-ou-denuncia-sobre-as-suas-actuacions-sospeito\/\" \/>\n<meta property=\"og:site_name\" content=\"PP de Galicia\" \/>\n<meta property=\"article:publisher\" content=\"https:\/\/www.instagram.com\/ppdegalicia\/\" \/>\n<meta property=\"article:published_time\" content=\"2024-04-26T09:00:57+00:00\" \/>\n<meta property=\"article:modified_time\" content=\"2024-04-28T10:31:24+00:00\" \/>\n<meta property=\"og:image\" content=\"https:\/\/ppdegalicia.com\/wp-content\/uploads\/2024\/04\/20240426_APazos_RP-2.jpeg\" \/>\n\t<meta property=\"og:image:width\" content=\"1600\" \/>\n\t<meta property=\"og:image:height\" content=\"1066\" \/>\n\t<meta property=\"og:image:type\" content=\"image\/jpeg\" \/>\n<meta name=\"author\" content=\"ppdegaliciaedtis\" \/>\n<meta name=\"twitter:card\" content=\"summary_large_image\" \/>\n<meta name=\"twitter:creator\" content=\"@ppdegalicia\" \/>\n<meta name=\"twitter:site\" content=\"@ppdegalicia\" \/>\n<meta name=\"twitter:label1\" content=\"Escrito por\" \/>\n\t<meta name=\"twitter:data1\" content=\"ppdegaliciaedtis\" \/>\n\t<meta name=\"twitter:label2\" content=\"Tiempo de lectura\" \/>\n\t<meta name=\"twitter:data2\" content=\"4 minutos\" \/>\n<script type=\"application\/ld+json\" class=\"yoast-schema-graph\">{\"@context\":\"https:\\\/\\\/schema.org\",\"@graph\":[{\"@type\":\"Article\",\"@id\":\"https:\\\/\\\/ppdegalicia.com\\\/es\\\/alberto-pazos-critica-a-mandibula-de-cristal-dos-socialistas-para-lanzar-bulos-sobre-politicos-que-non-sexan-da-sua-cor-pero-non-aceptan-critica-ou-denuncia-sobre-as-suas-actuacions-sospeito\\\/#article\",\"isPartOf\":{\"@id\":\"https:\\\/\\\/ppdegalicia.com\\\/es\\\/alberto-pazos-critica-a-mandibula-de-cristal-dos-socialistas-para-lanzar-bulos-sobre-politicos-que-non-sexan-da-sua-cor-pero-non-aceptan-critica-ou-denuncia-sobre-as-suas-actuacions-sospeito\\\/\"},\"author\":{\"name\":\"ppdegaliciaedtis\",\"@id\":\"https:\\\/\\\/ppdegalicia.com\\\/es\\\/#\\\/schema\\\/person\\\/bc9b46e59ebd34bf28611158c3867388\"},\"headline\":\"Alberto Pazos critica a \u201cmand\u00edbula de cristal dos socialistas para lanzar bulos sobre pol\u00edticos que non sexan da s\u00faa cor, pero non aceptan cr\u00edtica ou denuncia sobre as s\u00faas actuaci\u00f3ns sospeitosas\u201d\",\"datePublished\":\"2024-04-26T09:00:57+00:00\",\"dateModified\":\"2024-04-28T10:31:24+00:00\",\"mainEntityOfPage\":{\"@id\":\"https:\\\/\\\/ppdegalicia.com\\\/es\\\/alberto-pazos-critica-a-mandibula-de-cristal-dos-socialistas-para-lanzar-bulos-sobre-politicos-que-non-sexan-da-sua-cor-pero-non-aceptan-critica-ou-denuncia-sobre-as-suas-actuacions-sospeito\\\/\"},\"wordCount\":650,\"commentCount\":0,\"publisher\":{\"@id\":\"https:\\\/\\\/ppdegalicia.com\\\/es\\\/#organization\"},\"image\":{\"@id\":\"https:\\\/\\\/ppdegalicia.com\\\/es\\\/alberto-pazos-critica-a-mandibula-de-cristal-dos-socialistas-para-lanzar-bulos-sobre-politicos-que-non-sexan-da-sua-cor-pero-non-aceptan-critica-ou-denuncia-sobre-as-suas-actuacions-sospeito\\\/#primaryimage\"},\"thumbnailUrl\":\"https:\\\/\\\/ppdegalicia.com\\\/wp-content\\\/uploads\\\/2024\\\/04\\\/20240426_APazos_RP-2.jpeg\",\"articleSection\":[\"Parlamento de Galicia\"],\"inLanguage\":\"es\",\"potentialAction\":[{\"@type\":\"CommentAction\",\"name\":\"Comment\",\"target\":[\"https:\\\/\\\/ppdegalicia.com\\\/es\\\/alberto-pazos-critica-a-mandibula-de-cristal-dos-socialistas-para-lanzar-bulos-sobre-politicos-que-non-sexan-da-sua-cor-pero-non-aceptan-critica-ou-denuncia-sobre-as-suas-actuacions-sospeito\\\/#respond\"]}]},{\"@type\":\"WebPage\",\"@id\":\"https:\\\/\\\/ppdegalicia.com\\\/es\\\/alberto-pazos-critica-a-mandibula-de-cristal-dos-socialistas-para-lanzar-bulos-sobre-politicos-que-non-sexan-da-sua-cor-pero-non-aceptan-critica-ou-denuncia-sobre-as-suas-actuacions-sospeito\\\/\",\"url\":\"https:\\\/\\\/ppdegalicia.com\\\/es\\\/alberto-pazos-critica-a-mandibula-de-cristal-dos-socialistas-para-lanzar-bulos-sobre-politicos-que-non-sexan-da-sua-cor-pero-non-aceptan-critica-ou-denuncia-sobre-as-suas-actuacions-sospeito\\\/\",\"name\":\"Alberto Pazos critica a \u201cmand\u00edbula de cristal dos socialistas para lanzar bulos sobre pol\u00edticos que non sexan da s\u00faa cor, pero non aceptan cr\u00edtica ou denuncia sobre as s\u00faas actuaci\u00f3ns sospeitosas\u201d - PP de Galicia\",\"isPartOf\":{\"@id\":\"https:\\\/\\\/ppdegalicia.com\\\/es\\\/#website\"},\"primaryImageOfPage\":{\"@id\":\"https:\\\/\\\/ppdegalicia.com\\\/es\\\/alberto-pazos-critica-a-mandibula-de-cristal-dos-socialistas-para-lanzar-bulos-sobre-politicos-que-non-sexan-da-sua-cor-pero-non-aceptan-critica-ou-denuncia-sobre-as-suas-actuacions-sospeito\\\/#primaryimage\"},\"image\":{\"@id\":\"https:\\\/\\\/ppdegalicia.com\\\/es\\\/alberto-pazos-critica-a-mandibula-de-cristal-dos-socialistas-para-lanzar-bulos-sobre-politicos-que-non-sexan-da-sua-cor-pero-non-aceptan-critica-ou-denuncia-sobre-as-suas-actuacions-sospeito\\\/#primaryimage\"},\"thumbnailUrl\":\"https:\\\/\\\/ppdegalicia.com\\\/wp-content\\\/uploads\\\/2024\\\/04\\\/20240426_APazos_RP-2.jpeg\",\"datePublished\":\"2024-04-26T09:00:57+00:00\",\"dateModified\":\"2024-04-28T10:31:24+00:00\",\"description\":\"O portavoz do Grupo Popular, Alberto Pazos, criticou hoxe a \u201cmand\u00edbula de cristal que te\u00f1en os socialistas, e particularmente Pedro S\u00e1nchez, aos que lles gusta parecer v\u00edtimas para, deste xeito, intentar conseguir alg\u00fan beneficio pol\u00edtico e a condescendencia dos cidad\u00e1ns ante as s\u00faas presuntas fechor\u00edas\u201d. Neste sentido, manifestou que \u201cos galegos debemos amosar o noso orgullo e satisfacci\u00f3n pola estabilidade pol\u00edtica da que gozamos en Galicia, cun goberno que traballa e que s\u00f3 busca o benestar de todos os galegos\u201d.\",\"breadcrumb\":{\"@id\":\"https:\\\/\\\/ppdegalicia.com\\\/es\\\/alberto-pazos-critica-a-mandibula-de-cristal-dos-socialistas-para-lanzar-bulos-sobre-politicos-que-non-sexan-da-sua-cor-pero-non-aceptan-critica-ou-denuncia-sobre-as-suas-actuacions-sospeito\\\/#breadcrumb\"},\"inLanguage\":\"es\",\"potentialAction\":[{\"@type\":\"ReadAction\",\"target\":[\"https:\\\/\\\/ppdegalicia.com\\\/es\\\/alberto-pazos-critica-a-mandibula-de-cristal-dos-socialistas-para-lanzar-bulos-sobre-politicos-que-non-sexan-da-sua-cor-pero-non-aceptan-critica-ou-denuncia-sobre-as-suas-actuacions-sospeito\\\/\"]}]},{\"@type\":\"ImageObject\",\"inLanguage\":\"es\",\"@id\":\"https:\\\/\\\/ppdegalicia.com\\\/es\\\/alberto-pazos-critica-a-mandibula-de-cristal-dos-socialistas-para-lanzar-bulos-sobre-politicos-que-non-sexan-da-sua-cor-pero-non-aceptan-critica-ou-denuncia-sobre-as-suas-actuacions-sospeito\\\/#primaryimage\",\"url\":\"https:\\\/\\\/ppdegalicia.com\\\/wp-content\\\/uploads\\\/2024\\\/04\\\/20240426_APazos_RP-2.jpeg\",\"contentUrl\":\"https:\\\/\\\/ppdegalicia.com\\\/wp-content\\\/uploads\\\/2024\\\/04\\\/20240426_APazos_RP-2.jpeg\",\"width\":1600,\"height\":1066},{\"@type\":\"BreadcrumbList\",\"@id\":\"https:\\\/\\\/ppdegalicia.com\\\/es\\\/alberto-pazos-critica-a-mandibula-de-cristal-dos-socialistas-para-lanzar-bulos-sobre-politicos-que-non-sexan-da-sua-cor-pero-non-aceptan-critica-ou-denuncia-sobre-as-suas-actuacions-sospeito\\\/#breadcrumb\",\"itemListElement\":[{\"@type\":\"ListItem\",\"position\":1,\"name\":\"Portada\",\"item\":\"https:\\\/\\\/ppdegalicia.com\\\/es\\\/\"},{\"@type\":\"ListItem\",\"position\":2,\"name\":\"Alberto Pazos critica a \u201cmand\u00edbula de cristal dos socialistas para lanzar bulos sobre pol\u00edticos que non sexan da s\u00faa cor, pero non aceptan cr\u00edtica ou denuncia sobre as s\u00faas actuaci\u00f3ns sospeitosas\u201d\"}]},{\"@type\":\"WebSite\",\"@id\":\"https:\\\/\\\/ppdegalicia.com\\\/es\\\/#website\",\"url\":\"https:\\\/\\\/ppdegalicia.com\\\/es\\\/\",\"name\":\"Partido Popular de Galicia\",\"description\":\"Partido Popular de Galicia\",\"publisher\":{\"@id\":\"https:\\\/\\\/ppdegalicia.com\\\/es\\\/#organization\"},\"alternateName\":\"PP de Galicia\",\"potentialAction\":[{\"@type\":\"SearchAction\",\"target\":{\"@type\":\"EntryPoint\",\"urlTemplate\":\"https:\\\/\\\/ppdegalicia.com\\\/es\\\/?s={search_term_string}\"},\"query-input\":{\"@type\":\"PropertyValueSpecification\",\"valueRequired\":true,\"valueName\":\"search_term_string\"}}],\"inLanguage\":\"es\"},{\"@type\":\"Organization\",\"@id\":\"https:\\\/\\\/ppdegalicia.com\\\/es\\\/#organization\",\"name\":\"Partido Popular de Galicia\",\"alternateName\":\"PP de Galicia\",\"url\":\"https:\\\/\\\/ppdegalicia.com\\\/es\\\/\",\"logo\":{\"@type\":\"ImageObject\",\"inLanguage\":\"es\",\"@id\":\"https:\\\/\\\/ppdegalicia.com\\\/es\\\/#\\\/schema\\\/logo\\\/image\\\/\",\"url\":\"https:\\\/\\\/ppdegalicia.com\\\/wp-content\\\/uploads\\\/2023\\\/04\\\/logoPP512.png\",\"contentUrl\":\"https:\\\/\\\/ppdegalicia.com\\\/wp-content\\\/uploads\\\/2023\\\/04\\\/logoPP512.png\",\"width\":512,\"height\":512,\"caption\":\"Partido Popular de Galicia\"},\"image\":{\"@id\":\"https:\\\/\\\/ppdegalicia.com\\\/es\\\/#\\\/schema\\\/logo\\\/image\\\/\"},\"sameAs\":[\"https:\\\/\\\/www.instagram.com\\\/ppdegalicia\\\/\",\"https:\\\/\\\/x.com\\\/ppdegalicia\",\"https:\\\/\\\/www.tiktok.com\\\/@ppdegalicia\",\"https:\\\/\\\/www.youtube.com\\\/user\\\/ppdegalicia\"]},{\"@type\":\"Person\",\"@id\":\"https:\\\/\\\/ppdegalicia.com\\\/es\\\/#\\\/schema\\\/person\\\/bc9b46e59ebd34bf28611158c3867388\",\"name\":\"ppdegaliciaedtis\",\"image\":{\"@type\":\"ImageObject\",\"inLanguage\":\"es\",\"@id\":\"https:\\\/\\\/secure.gravatar.com\\\/avatar\\\/f9f8cf6e03df54a1b0d04a6b4b8e8c6bd63c10a439752e84d87a5385aefe2ced?s=96&d=mm&r=g\",\"url\":\"https:\\\/\\\/secure.gravatar.com\\\/avatar\\\/f9f8cf6e03df54a1b0d04a6b4b8e8c6bd63c10a439752e84d87a5385aefe2ced?s=96&d=mm&r=g\",\"contentUrl\":\"https:\\\/\\\/secure.gravatar.com\\\/avatar\\\/f9f8cf6e03df54a1b0d04a6b4b8e8c6bd63c10a439752e84d87a5385aefe2ced?s=96&d=mm&r=g\",\"caption\":\"ppdegaliciaedtis\"},\"url\":\"https:\\\/\\\/ppdegalicia.com\\\/es\\\/author\\\/ppdegaliciaedits\\\/\"}]}<\/script>\n<!-- \/ Yoast SEO plugin. -->","yoast_head_json":{"title":"Alberto Pazos critica a \u201cmand\u00edbula de cristal dos socialistas para lanzar bulos sobre pol\u00edticos que non sexan da s\u00faa cor, pero non aceptan cr\u00edtica ou denuncia sobre as s\u00faas actuaci\u00f3ns sospeitosas\u201d - PP de Galicia","description":"O portavoz do Grupo Popular, Alberto Pazos, criticou hoxe a \u201cmand\u00edbula de cristal que te\u00f1en os socialistas, e particularmente Pedro S\u00e1nchez, aos que lles gusta parecer v\u00edtimas para, deste xeito, intentar conseguir alg\u00fan beneficio pol\u00edtico e a condescendencia dos cidad\u00e1ns ante as s\u00faas presuntas fechor\u00edas\u201d. Neste sentido, manifestou que \u201cos galegos debemos amosar o noso orgullo e satisfacci\u00f3n pola estabilidade pol\u00edtica da que gozamos en Galicia, cun goberno que traballa e que s\u00f3 busca o benestar de todos os galegos\u201d.","robots":{"index":"index","follow":"follow","max-snippet":"max-snippet:-1","max-image-preview":"max-image-preview:large","max-video-preview":"max-video-preview:-1"},"canonical":"https:\/\/ppdegalicia.com\/es\/alberto-pazos-critica-a-mandibula-de-cristal-dos-socialistas-para-lanzar-bulos-sobre-politicos-que-non-sexan-da-sua-cor-pero-non-aceptan-critica-ou-denuncia-sobre-as-suas-actuacions-sospeito\/","og_locale":"es_ES","og_type":"article","og_title":"Alberto Pazos critica a \u201cmand\u00edbula de cristal dos socialistas para lanzar bulos sobre pol\u00edticos que non sexan da s\u00faa cor, pero non aceptan cr\u00edtica ou denuncia sobre as s\u00faas actuaci\u00f3ns sospeitosas\u201d - PP de Galicia","og_description":"O portavoz do Grupo Popular, Alberto Pazos, criticou hoxe a \u201cmand\u00edbula de cristal que te\u00f1en os socialistas, e particularmente Pedro S\u00e1nchez, aos que lles gusta parecer v\u00edtimas para, deste xeito, intentar conseguir alg\u00fan beneficio pol\u00edtico e a condescendencia dos cidad\u00e1ns ante as s\u00faas presuntas fechor\u00edas\u201d. Neste sentido, manifestou que \u201cos galegos debemos amosar o noso orgullo e satisfacci\u00f3n pola estabilidade pol\u00edtica da que gozamos en Galicia, cun goberno que traballa e que s\u00f3 busca o benestar de todos os galegos\u201d.","og_url":"https:\/\/ppdegalicia.com\/es\/alberto-pazos-critica-a-mandibula-de-cristal-dos-socialistas-para-lanzar-bulos-sobre-politicos-que-non-sexan-da-sua-cor-pero-non-aceptan-critica-ou-denuncia-sobre-as-suas-actuacions-sospeito\/","og_site_name":"PP de Galicia","article_publisher":"https:\/\/www.instagram.com\/ppdegalicia\/","article_published_time":"2024-04-26T09:00:57+00:00","article_modified_time":"2024-04-28T10:31:24+00:00","og_image":[{"width":1600,"height":1066,"url":"https:\/\/ppdegalicia.com\/wp-content\/uploads\/2024\/04\/20240426_APazos_RP-2.jpeg","type":"image\/jpeg"}],"author":"ppdegaliciaedtis","twitter_card":"summary_large_image","twitter_creator":"@ppdegalicia","twitter_site":"@ppdegalicia","twitter_misc":{"Escrito por":"ppdegaliciaedtis","Tiempo de lectura":"4 minutos"},"schema":{"@context":"https:\/\/schema.org","@graph":[{"@type":"Article","@id":"https:\/\/ppdegalicia.com\/es\/alberto-pazos-critica-a-mandibula-de-cristal-dos-socialistas-para-lanzar-bulos-sobre-politicos-que-non-sexan-da-sua-cor-pero-non-aceptan-critica-ou-denuncia-sobre-as-suas-actuacions-sospeito\/#article","isPartOf":{"@id":"https:\/\/ppdegalicia.com\/es\/alberto-pazos-critica-a-mandibula-de-cristal-dos-socialistas-para-lanzar-bulos-sobre-politicos-que-non-sexan-da-sua-cor-pero-non-aceptan-critica-ou-denuncia-sobre-as-suas-actuacions-sospeito\/"},"author":{"name":"ppdegaliciaedtis","@id":"https:\/\/ppdegalicia.com\/es\/#\/schema\/person\/bc9b46e59ebd34bf28611158c3867388"},"headline":"Alberto Pazos critica a \u201cmand\u00edbula de cristal dos socialistas para lanzar bulos sobre pol\u00edticos que non sexan da s\u00faa cor, pero non aceptan cr\u00edtica ou denuncia sobre as s\u00faas actuaci\u00f3ns sospeitosas\u201d","datePublished":"2024-04-26T09:00:57+00:00","dateModified":"2024-04-28T10:31:24+00:00","mainEntityOfPage":{"@id":"https:\/\/ppdegalicia.com\/es\/alberto-pazos-critica-a-mandibula-de-cristal-dos-socialistas-para-lanzar-bulos-sobre-politicos-que-non-sexan-da-sua-cor-pero-non-aceptan-critica-ou-denuncia-sobre-as-suas-actuacions-sospeito\/"},"wordCount":650,"commentCount":0,"publisher":{"@id":"https:\/\/ppdegalicia.com\/es\/#organization"},"image":{"@id":"https:\/\/ppdegalicia.com\/es\/alberto-pazos-critica-a-mandibula-de-cristal-dos-socialistas-para-lanzar-bulos-sobre-politicos-que-non-sexan-da-sua-cor-pero-non-aceptan-critica-ou-denuncia-sobre-as-suas-actuacions-sospeito\/#primaryimage"},"thumbnailUrl":"https:\/\/ppdegalicia.com\/wp-content\/uploads\/2024\/04\/20240426_APazos_RP-2.jpeg","articleSection":["Parlamento de Galicia"],"inLanguage":"es","potentialAction":[{"@type":"CommentAction","name":"Comment","target":["https:\/\/ppdegalicia.com\/es\/alberto-pazos-critica-a-mandibula-de-cristal-dos-socialistas-para-lanzar-bulos-sobre-politicos-que-non-sexan-da-sua-cor-pero-non-aceptan-critica-ou-denuncia-sobre-as-suas-actuacions-sospeito\/#respond"]}]},{"@type":"WebPage","@id":"https:\/\/ppdegalicia.com\/es\/alberto-pazos-critica-a-mandibula-de-cristal-dos-socialistas-para-lanzar-bulos-sobre-politicos-que-non-sexan-da-sua-cor-pero-non-aceptan-critica-ou-denuncia-sobre-as-suas-actuacions-sospeito\/","url":"https:\/\/ppdegalicia.com\/es\/alberto-pazos-critica-a-mandibula-de-cristal-dos-socialistas-para-lanzar-bulos-sobre-politicos-que-non-sexan-da-sua-cor-pero-non-aceptan-critica-ou-denuncia-sobre-as-suas-actuacions-sospeito\/","name":"Alberto Pazos critica a \u201cmand\u00edbula de cristal dos socialistas para lanzar bulos sobre pol\u00edticos que non sexan da s\u00faa cor, pero non aceptan cr\u00edtica ou denuncia sobre as s\u00faas actuaci\u00f3ns sospeitosas\u201d - PP de Galicia","isPartOf":{"@id":"https:\/\/ppdegalicia.com\/es\/#website"},"primaryImageOfPage":{"@id":"https:\/\/ppdegalicia.com\/es\/alberto-pazos-critica-a-mandibula-de-cristal-dos-socialistas-para-lanzar-bulos-sobre-politicos-que-non-sexan-da-sua-cor-pero-non-aceptan-critica-ou-denuncia-sobre-as-suas-actuacions-sospeito\/#primaryimage"},"image":{"@id":"https:\/\/ppdegalicia.com\/es\/alberto-pazos-critica-a-mandibula-de-cristal-dos-socialistas-para-lanzar-bulos-sobre-politicos-que-non-sexan-da-sua-cor-pero-non-aceptan-critica-ou-denuncia-sobre-as-suas-actuacions-sospeito\/#primaryimage"},"thumbnailUrl":"https:\/\/ppdegalicia.com\/wp-content\/uploads\/2024\/04\/20240426_APazos_RP-2.jpeg","datePublished":"2024-04-26T09:00:57+00:00","dateModified":"2024-04-28T10:31:24+00:00","description":"O portavoz do Grupo Popular, Alberto Pazos, criticou hoxe a \u201cmand\u00edbula de cristal que te\u00f1en os socialistas, e particularmente Pedro S\u00e1nchez, aos que lles gusta parecer v\u00edtimas para, deste xeito, intentar conseguir alg\u00fan beneficio pol\u00edtico e a condescendencia dos cidad\u00e1ns ante as s\u00faas presuntas fechor\u00edas\u201d. Neste sentido, manifestou que \u201cos galegos debemos amosar o noso orgullo e satisfacci\u00f3n pola estabilidade pol\u00edtica da que gozamos en Galicia, cun goberno que traballa e que s\u00f3 busca o benestar de todos os galegos\u201d.","breadcrumb":{"@id":"https:\/\/ppdegalicia.com\/es\/alberto-pazos-critica-a-mandibula-de-cristal-dos-socialistas-para-lanzar-bulos-sobre-politicos-que-non-sexan-da-sua-cor-pero-non-aceptan-critica-ou-denuncia-sobre-as-suas-actuacions-sospeito\/#breadcrumb"},"inLanguage":"es","potentialAction":[{"@type":"ReadAction","target":["https:\/\/ppdegalicia.com\/es\/alberto-pazos-critica-a-mandibula-de-cristal-dos-socialistas-para-lanzar-bulos-sobre-politicos-que-non-sexan-da-sua-cor-pero-non-aceptan-critica-ou-denuncia-sobre-as-suas-actuacions-sospeito\/"]}]},{"@type":"ImageObject","inLanguage":"es","@id":"https:\/\/ppdegalicia.com\/es\/alberto-pazos-critica-a-mandibula-de-cristal-dos-socialistas-para-lanzar-bulos-sobre-politicos-que-non-sexan-da-sua-cor-pero-non-aceptan-critica-ou-denuncia-sobre-as-suas-actuacions-sospeito\/#primaryimage","url":"https:\/\/ppdegalicia.com\/wp-content\/uploads\/2024\/04\/20240426_APazos_RP-2.jpeg","contentUrl":"https:\/\/ppdegalicia.com\/wp-content\/uploads\/2024\/04\/20240426_APazos_RP-2.jpeg","width":1600,"height":1066},{"@type":"BreadcrumbList","@id":"https:\/\/ppdegalicia.com\/es\/alberto-pazos-critica-a-mandibula-de-cristal-dos-socialistas-para-lanzar-bulos-sobre-politicos-que-non-sexan-da-sua-cor-pero-non-aceptan-critica-ou-denuncia-sobre-as-suas-actuacions-sospeito\/#breadcrumb","itemListElement":[{"@type":"ListItem","position":1,"name":"Portada","item":"https:\/\/ppdegalicia.com\/es\/"},{"@type":"ListItem","position":2,"name":"Alberto Pazos critica a \u201cmand\u00edbula de cristal dos socialistas para lanzar bulos sobre pol\u00edticos que non sexan da s\u00faa cor, pero non aceptan cr\u00edtica ou denuncia sobre as s\u00faas actuaci\u00f3ns sospeitosas\u201d"}]},{"@type":"WebSite","@id":"https:\/\/ppdegalicia.com\/es\/#website","url":"https:\/\/ppdegalicia.com\/es\/","name":"Partido Popular de Galicia","description":"Partido Popular de Galicia","publisher":{"@id":"https:\/\/ppdegalicia.com\/es\/#organization"},"alternateName":"PP de Galicia","potentialAction":[{"@type":"SearchAction","target":{"@type":"EntryPoint","urlTemplate":"https:\/\/ppdegalicia.com\/es\/?s={search_term_string}"},"query-input":{"@type":"PropertyValueSpecification","valueRequired":true,"valueName":"search_term_string"}}],"inLanguage":"es"},{"@type":"Organization","@id":"https:\/\/ppdegalicia.com\/es\/#organization","name":"Partido Popular de Galicia","alternateName":"PP de Galicia","url":"https:\/\/ppdegalicia.com\/es\/","logo":{"@type":"ImageObject","inLanguage":"es","@id":"https:\/\/ppdegalicia.com\/es\/#\/schema\/logo\/image\/","url":"https:\/\/ppdegalicia.com\/wp-content\/uploads\/2023\/04\/logoPP512.png","contentUrl":"https:\/\/ppdegalicia.com\/wp-content\/uploads\/2023\/04\/logoPP512.png","width":512,"height":512,"caption":"Partido Popular de Galicia"},"image":{"@id":"https:\/\/ppdegalicia.com\/es\/#\/schema\/logo\/image\/"},"sameAs":["https:\/\/www.instagram.com\/ppdegalicia\/","https:\/\/x.com\/ppdegalicia","https:\/\/www.tiktok.com\/@ppdegalicia","https:\/\/www.youtube.com\/user\/ppdegalicia"]},{"@type":"Person","@id":"https:\/\/ppdegalicia.com\/es\/#\/schema\/person\/bc9b46e59ebd34bf28611158c3867388","name":"ppdegaliciaedtis","image":{"@type":"ImageObject","inLanguage":"es","@id":"https:\/\/secure.gravatar.com\/avatar\/f9f8cf6e03df54a1b0d04a6b4b8e8c6bd63c10a439752e84d87a5385aefe2ced?s=96&d=mm&r=g","url":"https:\/\/secure.gravatar.com\/avatar\/f9f8cf6e03df54a1b0d04a6b4b8e8c6bd63c10a439752e84d87a5385aefe2ced?s=96&d=mm&r=g","contentUrl":"https:\/\/secure.gravatar.com\/avatar\/f9f8cf6e03df54a1b0d04a6b4b8e8c6bd63c10a439752e84d87a5385aefe2ced?s=96&d=mm&r=g","caption":"ppdegaliciaedtis"},"url":"https:\/\/ppdegalicia.com\/es\/author\/ppdegaliciaedits\/"}]}},"_links":{"self":[{"href":"https:\/\/ppdegalicia.com\/es\/wp-json\/wp\/v2\/posts\/62798","targetHints":{"allow":["GET"]}}],"collection":[{"href":"https:\/\/ppdegalicia.com\/es\/wp-json\/wp\/v2\/posts"}],"about":[{"href":"https:\/\/ppdegalicia.com\/es\/wp-json\/wp\/v2\/types\/post"}],"author":[{"embeddable":true,"href":"https:\/\/ppdegalicia.com\/es\/wp-json\/wp\/v2\/users\/40"}],"replies":[{"embeddable":true,"href":"https:\/\/ppdegalicia.com\/es\/wp-json\/wp\/v2\/comments?post=62798"}],"version-history":[{"count":1,"href":"https:\/\/ppdegalicia.com\/es\/wp-json\/wp\/v2\/posts\/62798\/revisions"}],"predecessor-version":[{"id":62799,"href":"https:\/\/ppdegalicia.com\/es\/wp-json\/wp\/v2\/posts\/62798\/revisions\/62799"}],"wp:featuredmedia":[{"embeddable":true,"href":"https:\/\/ppdegalicia.com\/es\/wp-json\/wp\/v2\/media\/62791"}],"wp:attachment":[{"href":"https:\/\/ppdegalicia.com\/es\/wp-json\/wp\/v2\/media?parent=62798"}],"wp:term":[{"taxonomy":"category","embeddable":true,"href":"https:\/\/ppdegalicia.com\/es\/wp-json\/wp\/v2\/categories?post=62798"},{"taxonomy":"post_tag","embeddable":true,"href":"https:\/\/ppdegalicia.com\/es\/wp-json\/wp\/v2\/tags?post=62798"}],"curies":[{"name":"wp","href":"https:\/\/api.w.org\/{rel}","templated":true}]}}