{"id":62800,"date":"2024-04-27T10:56:38","date_gmt":"2024-04-27T09:56:38","guid":{"rendered":"https:\/\/ppdegalicia.com\/?p=62800"},"modified":"2024-04-29T10:59:40","modified_gmt":"2024-04-29T09:59:40","slug":"manifesto-do-ppdeg-en-defensa-da-lei-de-ordenacion-e-xestion-integrada-do-litoral-de-galicia","status":"publish","type":"post","link":"https:\/\/ppdegalicia.com\/es\/manifesto-do-ppdeg-en-defensa-da-lei-de-ordenacion-e-xestion-integrada-do-litoral-de-galicia\/","title":{"rendered":"Manifesto do PPdeG en defensa da Lei de ordenaci\u00f3n e xesti\u00f3n integrada do litoral de Galicia"},"content":{"rendered":"<p>Galicia non se entende sen a s\u00faa costa. Non en van, somos a comunidade aut\u00f3noma mar\u00edtima por excelencia, co litoral m\u00e1is longo de toda Espa\u00f1a, e dispo\u00f1emos dun dos ecosistemas mari\u00f1o-costeiros m\u00e1is variados e ricos do mundo. A esta riqueza ambiental s\u00famase unha beleza paisax\u00edstica excepcional.<\/p>\n<p>Uns extraordinarios valores ambientais do litoral que deben ser obxecto de especial protecci\u00f3n. Estamos a falar de 2.500 quil\u00f3metros de costa, 40.000 postos de traballo e 9.000 mill\u00f3ns de euros de actividade econ\u00f3mica, o que sup\u00f3n case un 5% do PIB da Comunidade.<\/p>\n<p>Unha costa \u00fanica no mundo e que Galicia quere e pode xestionar, xa que conta desde hai anos coas competencias de ordenaci\u00f3n. As\u00ed o reco\u00f1ece o noso Estatuto de Autonom\u00eda, e as\u00ed o ratificaron o Consello Consultivo e o Tribunal Constitucional.<\/p>\n<p>O Tribunal Constitucional v\u00e9n de avalar por unanimidade a Lei de ordenaci\u00f3n do litoral, unha norma feita por e para Galicia, que aposta por unha xesti\u00f3n integrada desde unha tripla perspectiva: ambiental, social e econ\u00f3mica, seguindo o cami\u00f1o que marca Europa. E que ademais persegue a xesti\u00f3n sostible da nosa costa tanto no ambiental como no socioecon\u00f3mico, promulgada desde onde mellor se co\u00f1ece.<\/p>\n<p>Tras este respaldo xudicial, agora \u00e9 o momento de recuperar os meses perdidos debido ao recurso do Goberno central. Un recurso m\u00e1is pol\u00edtico que xur\u00eddico, e que \u00e9 un claro exemplo da diferenza de trato a Galicia con respecto a outras comunidades, coas que si dialogou e chegou a acordo, como Catalu\u00f1a, Illas Baleares e o Pa\u00eds Vasco.<\/p>\n<p>A sentenza do Alto Tribunal avala que a norma galega \u00e9 plenamente constitucional, fronte a todos os que a definiron como unha aut\u00e9ntica <em>declaraci\u00f3n de independencia<\/em>. Deixa claro que non \u00e9 necesario reformar o noso Estatuto e pon de manifesto a pouca altura de miras da oposici\u00f3n galega, BNG e PSOE, que deixaron pasar a oportunidade de apoiar unha norma vital para Galicia e para o seu desenvolvemento, s\u00f3 por buscar r\u00e9dito pol\u00edtico.<\/p>\n<p>\u00c1brese, neste momento, un tempo novo para Galicia. O tempo de xestionar o noso litoral con todas as garant\u00edas e con toda a seguridade. \u00c9 o momento de aportar seguridade xur\u00eddica \u00e1s empresas e \u00e1 cidadan\u00eda, e de po\u00f1er fin a situaci\u00f3ns incomprensibles que tratan de borrar toda presencia humana no litoral.<\/p>\n<p>\u00c9 a hora de recuperar o tempo perdido e de comezar a aplicar o antes posible a lei, sempre en beneficio de Galicia e do seu futuro. E tam\u00e9n de esixir ao Goberno central o inmediato traspaso de medios materiais e persoais para que a Xunta poida outorgar as concesi\u00f3ns no dominio p\u00fablico mar\u00edtimo-terrestre.<\/p>\n<p>Galicia merece poder empezar a xestionar a s\u00faa costa sen atrancos. Favorecendo o mantemento das vilas litorais que viven do mar, garantindo o desenvolvemento das s\u00faas actividades por medio da explotaci\u00f3n sostible, equilibrada e responsable dos recursos. Todo isto tendo como base un asesoramento cient\u00edfico s\u00f3lido e tendo en conta os aspectos ambientais, econ\u00f3micos e sociais.<\/p>\n<p>Galicia xa o sab\u00eda, pero agora xa o sabe todo o mundo: cumprindo cos preceptos establecidos pola Uni\u00f3n Europea, a Lei de ordenaci\u00f3n e xesti\u00f3n integrada do litoral \u00e9 o mellor para a nosa Comunidade e para o noso futuro.<\/p>\n<p>Como defendemos sempre desde o Partido Popular: Galicia sae ga\u00f1ando. \u00c9 o momento de xestionar o noso litoral.<\/p>\n","protected":false},"excerpt":{"rendered":"<p>Galicia non se entende sen a s\u00faa costa. Non en van, somos a comunidade aut\u00f3noma mar\u00edtima por excelencia, co litoral m\u00e1is longo de toda Espa\u00f1a, e dispo\u00f1emos dun dos ecosistemas mari\u00f1o-costeiros m\u00e1is variados e ricos do mundo. A esta riqueza ambiental s\u00famase unha beleza paisax\u00edstica excepcional. Uns extraordinarios valores ambientais do litoral que deben ser [&hellip;]<\/p>\n","protected":false},"author":40,"featured_media":62801,"comment_status":"open","ping_status":"open","sticky":false,"template":"","format":"standard","meta":{"_acf_changed":false,"footnotes":""},"categories":[1],"tags":[],"class_list":["post-62800","post","type-post","status-publish","format-standard","has-post-thumbnail","hentry","category-pp-de-galicia"],"acf":[],"yoast_head":"<!-- This site is optimized with the Yoast SEO plugin v27.3 - https:\/\/yoast.com\/product\/yoast-seo-wordpress\/ -->\n<title>Manifesto do PPdeG en defensa da Lei de ordenaci\u00f3n e xesti\u00f3n integrada do litoral de Galicia - PP de Galicia<\/title>\n<meta name=\"description\" content=\"Galicia non se entende sen a s\u00faa costa. Non en van, somos a comunidade aut\u00f3noma mar\u00edtima por excelencia, co litoral m\u00e1is longo de toda Espa\u00f1a, e dispo\u00f1emos dun dos ecosistemas mari\u00f1o-costeiros m\u00e1is variados e ricos do mundo. A esta riqueza ambiental s\u00famase unha beleza paisax\u00edstica excepcional.\" \/>\n<meta name=\"robots\" content=\"index, follow, max-snippet:-1, max-image-preview:large, max-video-preview:-1\" \/>\n<link rel=\"canonical\" href=\"https:\/\/ppdegalicia.com\/es\/manifesto-do-ppdeg-en-defensa-da-lei-de-ordenacion-e-xestion-integrada-do-litoral-de-galicia\/\" \/>\n<meta property=\"og:locale\" content=\"es_ES\" \/>\n<meta property=\"og:type\" content=\"article\" \/>\n<meta property=\"og:title\" content=\"Manifesto do PPdeG en defensa da Lei de ordenaci\u00f3n e xesti\u00f3n integrada do litoral de Galicia - PP de Galicia\" \/>\n<meta property=\"og:description\" content=\"Galicia non se entende sen a s\u00faa costa. Non en van, somos a comunidade aut\u00f3noma mar\u00edtima por excelencia, co litoral m\u00e1is longo de toda Espa\u00f1a, e dispo\u00f1emos dun dos ecosistemas mari\u00f1o-costeiros m\u00e1is variados e ricos do mundo. A esta riqueza ambiental s\u00famase unha beleza paisax\u00edstica excepcional.\" \/>\n<meta property=\"og:url\" content=\"https:\/\/ppdegalicia.com\/es\/manifesto-do-ppdeg-en-defensa-da-lei-de-ordenacion-e-xestion-integrada-do-litoral-de-galicia\/\" \/>\n<meta property=\"og:site_name\" content=\"PP de Galicia\" \/>\n<meta property=\"article:publisher\" content=\"https:\/\/www.instagram.com\/ppdegalicia\/\" \/>\n<meta property=\"article:published_time\" content=\"2024-04-27T09:56:38+00:00\" \/>\n<meta property=\"article:modified_time\" content=\"2024-04-29T09:59:40+00:00\" \/>\n<meta property=\"og:image\" content=\"https:\/\/ppdegalicia.com\/wp-content\/uploads\/2024\/04\/20240427_Manifesto_LeiDoLitoral_Cambados-scaled.jpg\" \/>\n\t<meta property=\"og:image:width\" content=\"2560\" \/>\n\t<meta property=\"og:image:height\" content=\"1707\" \/>\n\t<meta property=\"og:image:type\" content=\"image\/jpeg\" \/>\n<meta name=\"author\" content=\"ppdegaliciaedtis\" \/>\n<meta name=\"twitter:card\" content=\"summary_large_image\" \/>\n<meta name=\"twitter:creator\" content=\"@ppdegalicia\" \/>\n<meta name=\"twitter:site\" content=\"@ppdegalicia\" \/>\n<meta name=\"twitter:label1\" content=\"Escrito por\" \/>\n\t<meta name=\"twitter:data1\" content=\"ppdegaliciaedtis\" \/>\n\t<meta name=\"twitter:label2\" content=\"Tiempo de lectura\" \/>\n\t<meta name=\"twitter:data2\" content=\"4 minutos\" \/>\n<script type=\"application\/ld+json\" class=\"yoast-schema-graph\">{\"@context\":\"https:\\\/\\\/schema.org\",\"@graph\":[{\"@type\":\"Article\",\"@id\":\"https:\\\/\\\/ppdegalicia.com\\\/es\\\/manifesto-do-ppdeg-en-defensa-da-lei-de-ordenacion-e-xestion-integrada-do-litoral-de-galicia\\\/#article\",\"isPartOf\":{\"@id\":\"https:\\\/\\\/ppdegalicia.com\\\/es\\\/manifesto-do-ppdeg-en-defensa-da-lei-de-ordenacion-e-xestion-integrada-do-litoral-de-galicia\\\/\"},\"author\":{\"name\":\"ppdegaliciaedtis\",\"@id\":\"https:\\\/\\\/ppdegalicia.com\\\/es\\\/#\\\/schema\\\/person\\\/bc9b46e59ebd34bf28611158c3867388\"},\"headline\":\"Manifesto do PPdeG en defensa da Lei de ordenaci\u00f3n e xesti\u00f3n integrada do litoral de Galicia\",\"datePublished\":\"2024-04-27T09:56:38+00:00\",\"dateModified\":\"2024-04-29T09:59:40+00:00\",\"mainEntityOfPage\":{\"@id\":\"https:\\\/\\\/ppdegalicia.com\\\/es\\\/manifesto-do-ppdeg-en-defensa-da-lei-de-ordenacion-e-xestion-integrada-do-litoral-de-galicia\\\/\"},\"wordCount\":605,\"commentCount\":0,\"publisher\":{\"@id\":\"https:\\\/\\\/ppdegalicia.com\\\/es\\\/#organization\"},\"image\":{\"@id\":\"https:\\\/\\\/ppdegalicia.com\\\/es\\\/manifesto-do-ppdeg-en-defensa-da-lei-de-ordenacion-e-xestion-integrada-do-litoral-de-galicia\\\/#primaryimage\"},\"thumbnailUrl\":\"https:\\\/\\\/ppdegalicia.com\\\/wp-content\\\/uploads\\\/2024\\\/04\\\/20240427_Manifesto_LeiDoLitoral_Cambados-scaled.jpg\",\"articleSection\":[\"PP de Galicia\"],\"inLanguage\":\"es\",\"potentialAction\":[{\"@type\":\"CommentAction\",\"name\":\"Comment\",\"target\":[\"https:\\\/\\\/ppdegalicia.com\\\/es\\\/manifesto-do-ppdeg-en-defensa-da-lei-de-ordenacion-e-xestion-integrada-do-litoral-de-galicia\\\/#respond\"]}]},{\"@type\":\"WebPage\",\"@id\":\"https:\\\/\\\/ppdegalicia.com\\\/es\\\/manifesto-do-ppdeg-en-defensa-da-lei-de-ordenacion-e-xestion-integrada-do-litoral-de-galicia\\\/\",\"url\":\"https:\\\/\\\/ppdegalicia.com\\\/es\\\/manifesto-do-ppdeg-en-defensa-da-lei-de-ordenacion-e-xestion-integrada-do-litoral-de-galicia\\\/\",\"name\":\"Manifesto do PPdeG en defensa da Lei de ordenaci\u00f3n e xesti\u00f3n integrada do litoral de Galicia - PP de Galicia\",\"isPartOf\":{\"@id\":\"https:\\\/\\\/ppdegalicia.com\\\/es\\\/#website\"},\"primaryImageOfPage\":{\"@id\":\"https:\\\/\\\/ppdegalicia.com\\\/es\\\/manifesto-do-ppdeg-en-defensa-da-lei-de-ordenacion-e-xestion-integrada-do-litoral-de-galicia\\\/#primaryimage\"},\"image\":{\"@id\":\"https:\\\/\\\/ppdegalicia.com\\\/es\\\/manifesto-do-ppdeg-en-defensa-da-lei-de-ordenacion-e-xestion-integrada-do-litoral-de-galicia\\\/#primaryimage\"},\"thumbnailUrl\":\"https:\\\/\\\/ppdegalicia.com\\\/wp-content\\\/uploads\\\/2024\\\/04\\\/20240427_Manifesto_LeiDoLitoral_Cambados-scaled.jpg\",\"datePublished\":\"2024-04-27T09:56:38+00:00\",\"dateModified\":\"2024-04-29T09:59:40+00:00\",\"description\":\"Galicia non se entende sen a s\u00faa costa. Non en van, somos a comunidade aut\u00f3noma mar\u00edtima por excelencia, co litoral m\u00e1is longo de toda Espa\u00f1a, e dispo\u00f1emos dun dos ecosistemas mari\u00f1o-costeiros m\u00e1is variados e ricos do mundo. A esta riqueza ambiental s\u00famase unha beleza paisax\u00edstica excepcional.\",\"breadcrumb\":{\"@id\":\"https:\\\/\\\/ppdegalicia.com\\\/es\\\/manifesto-do-ppdeg-en-defensa-da-lei-de-ordenacion-e-xestion-integrada-do-litoral-de-galicia\\\/#breadcrumb\"},\"inLanguage\":\"es\",\"potentialAction\":[{\"@type\":\"ReadAction\",\"target\":[\"https:\\\/\\\/ppdegalicia.com\\\/es\\\/manifesto-do-ppdeg-en-defensa-da-lei-de-ordenacion-e-xestion-integrada-do-litoral-de-galicia\\\/\"]}]},{\"@type\":\"ImageObject\",\"inLanguage\":\"es\",\"@id\":\"https:\\\/\\\/ppdegalicia.com\\\/es\\\/manifesto-do-ppdeg-en-defensa-da-lei-de-ordenacion-e-xestion-integrada-do-litoral-de-galicia\\\/#primaryimage\",\"url\":\"https:\\\/\\\/ppdegalicia.com\\\/wp-content\\\/uploads\\\/2024\\\/04\\\/20240427_Manifesto_LeiDoLitoral_Cambados-scaled.jpg\",\"contentUrl\":\"https:\\\/\\\/ppdegalicia.com\\\/wp-content\\\/uploads\\\/2024\\\/04\\\/20240427_Manifesto_LeiDoLitoral_Cambados-scaled.jpg\",\"width\":2560,\"height\":1707},{\"@type\":\"BreadcrumbList\",\"@id\":\"https:\\\/\\\/ppdegalicia.com\\\/es\\\/manifesto-do-ppdeg-en-defensa-da-lei-de-ordenacion-e-xestion-integrada-do-litoral-de-galicia\\\/#breadcrumb\",\"itemListElement\":[{\"@type\":\"ListItem\",\"position\":1,\"name\":\"Portada\",\"item\":\"https:\\\/\\\/ppdegalicia.com\\\/es\\\/\"},{\"@type\":\"ListItem\",\"position\":2,\"name\":\"Manifesto do PPdeG en defensa da Lei de ordenaci\u00f3n e xesti\u00f3n integrada do litoral de Galicia\"}]},{\"@type\":\"WebSite\",\"@id\":\"https:\\\/\\\/ppdegalicia.com\\\/es\\\/#website\",\"url\":\"https:\\\/\\\/ppdegalicia.com\\\/es\\\/\",\"name\":\"Partido Popular de Galicia\",\"description\":\"Partido Popular de Galicia\",\"publisher\":{\"@id\":\"https:\\\/\\\/ppdegalicia.com\\\/es\\\/#organization\"},\"alternateName\":\"PP de Galicia\",\"potentialAction\":[{\"@type\":\"SearchAction\",\"target\":{\"@type\":\"EntryPoint\",\"urlTemplate\":\"https:\\\/\\\/ppdegalicia.com\\\/es\\\/?s={search_term_string}\"},\"query-input\":{\"@type\":\"PropertyValueSpecification\",\"valueRequired\":true,\"valueName\":\"search_term_string\"}}],\"inLanguage\":\"es\"},{\"@type\":\"Organization\",\"@id\":\"https:\\\/\\\/ppdegalicia.com\\\/es\\\/#organization\",\"name\":\"Partido Popular de Galicia\",\"alternateName\":\"PP de Galicia\",\"url\":\"https:\\\/\\\/ppdegalicia.com\\\/es\\\/\",\"logo\":{\"@type\":\"ImageObject\",\"inLanguage\":\"es\",\"@id\":\"https:\\\/\\\/ppdegalicia.com\\\/es\\\/#\\\/schema\\\/logo\\\/image\\\/\",\"url\":\"https:\\\/\\\/ppdegalicia.com\\\/wp-content\\\/uploads\\\/2023\\\/04\\\/logoPP512.png\",\"contentUrl\":\"https:\\\/\\\/ppdegalicia.com\\\/wp-content\\\/uploads\\\/2023\\\/04\\\/logoPP512.png\",\"width\":512,\"height\":512,\"caption\":\"Partido Popular de Galicia\"},\"image\":{\"@id\":\"https:\\\/\\\/ppdegalicia.com\\\/es\\\/#\\\/schema\\\/logo\\\/image\\\/\"},\"sameAs\":[\"https:\\\/\\\/www.instagram.com\\\/ppdegalicia\\\/\",\"https:\\\/\\\/x.com\\\/ppdegalicia\",\"https:\\\/\\\/www.tiktok.com\\\/@ppdegalicia\",\"https:\\\/\\\/www.youtube.com\\\/user\\\/ppdegalicia\"]},{\"@type\":\"Person\",\"@id\":\"https:\\\/\\\/ppdegalicia.com\\\/es\\\/#\\\/schema\\\/person\\\/bc9b46e59ebd34bf28611158c3867388\",\"name\":\"ppdegaliciaedtis\",\"image\":{\"@type\":\"ImageObject\",\"inLanguage\":\"es\",\"@id\":\"https:\\\/\\\/secure.gravatar.com\\\/avatar\\\/f9f8cf6e03df54a1b0d04a6b4b8e8c6bd63c10a439752e84d87a5385aefe2ced?s=96&d=mm&r=g\",\"url\":\"https:\\\/\\\/secure.gravatar.com\\\/avatar\\\/f9f8cf6e03df54a1b0d04a6b4b8e8c6bd63c10a439752e84d87a5385aefe2ced?s=96&d=mm&r=g\",\"contentUrl\":\"https:\\\/\\\/secure.gravatar.com\\\/avatar\\\/f9f8cf6e03df54a1b0d04a6b4b8e8c6bd63c10a439752e84d87a5385aefe2ced?s=96&d=mm&r=g\",\"caption\":\"ppdegaliciaedtis\"},\"url\":\"https:\\\/\\\/ppdegalicia.com\\\/es\\\/author\\\/ppdegaliciaedits\\\/\"}]}<\/script>\n<!-- \/ Yoast SEO plugin. -->","yoast_head_json":{"title":"Manifesto do PPdeG en defensa da Lei de ordenaci\u00f3n e xesti\u00f3n integrada do litoral de Galicia - PP de Galicia","description":"Galicia non se entende sen a s\u00faa costa. Non en van, somos a comunidade aut\u00f3noma mar\u00edtima por excelencia, co litoral m\u00e1is longo de toda Espa\u00f1a, e dispo\u00f1emos dun dos ecosistemas mari\u00f1o-costeiros m\u00e1is variados e ricos do mundo. A esta riqueza ambiental s\u00famase unha beleza paisax\u00edstica excepcional.","robots":{"index":"index","follow":"follow","max-snippet":"max-snippet:-1","max-image-preview":"max-image-preview:large","max-video-preview":"max-video-preview:-1"},"canonical":"https:\/\/ppdegalicia.com\/es\/manifesto-do-ppdeg-en-defensa-da-lei-de-ordenacion-e-xestion-integrada-do-litoral-de-galicia\/","og_locale":"es_ES","og_type":"article","og_title":"Manifesto do PPdeG en defensa da Lei de ordenaci\u00f3n e xesti\u00f3n integrada do litoral de Galicia - PP de Galicia","og_description":"Galicia non se entende sen a s\u00faa costa. Non en van, somos a comunidade aut\u00f3noma mar\u00edtima por excelencia, co litoral m\u00e1is longo de toda Espa\u00f1a, e dispo\u00f1emos dun dos ecosistemas mari\u00f1o-costeiros m\u00e1is variados e ricos do mundo. A esta riqueza ambiental s\u00famase unha beleza paisax\u00edstica excepcional.","og_url":"https:\/\/ppdegalicia.com\/es\/manifesto-do-ppdeg-en-defensa-da-lei-de-ordenacion-e-xestion-integrada-do-litoral-de-galicia\/","og_site_name":"PP de Galicia","article_publisher":"https:\/\/www.instagram.com\/ppdegalicia\/","article_published_time":"2024-04-27T09:56:38+00:00","article_modified_time":"2024-04-29T09:59:40+00:00","og_image":[{"width":2560,"height":1707,"url":"https:\/\/ppdegalicia.com\/wp-content\/uploads\/2024\/04\/20240427_Manifesto_LeiDoLitoral_Cambados-scaled.jpg","type":"image\/jpeg"}],"author":"ppdegaliciaedtis","twitter_card":"summary_large_image","twitter_creator":"@ppdegalicia","twitter_site":"@ppdegalicia","twitter_misc":{"Escrito por":"ppdegaliciaedtis","Tiempo de lectura":"4 minutos"},"schema":{"@context":"https:\/\/schema.org","@graph":[{"@type":"Article","@id":"https:\/\/ppdegalicia.com\/es\/manifesto-do-ppdeg-en-defensa-da-lei-de-ordenacion-e-xestion-integrada-do-litoral-de-galicia\/#article","isPartOf":{"@id":"https:\/\/ppdegalicia.com\/es\/manifesto-do-ppdeg-en-defensa-da-lei-de-ordenacion-e-xestion-integrada-do-litoral-de-galicia\/"},"author":{"name":"ppdegaliciaedtis","@id":"https:\/\/ppdegalicia.com\/es\/#\/schema\/person\/bc9b46e59ebd34bf28611158c3867388"},"headline":"Manifesto do PPdeG en defensa da Lei de ordenaci\u00f3n e xesti\u00f3n integrada do litoral de Galicia","datePublished":"2024-04-27T09:56:38+00:00","dateModified":"2024-04-29T09:59:40+00:00","mainEntityOfPage":{"@id":"https:\/\/ppdegalicia.com\/es\/manifesto-do-ppdeg-en-defensa-da-lei-de-ordenacion-e-xestion-integrada-do-litoral-de-galicia\/"},"wordCount":605,"commentCount":0,"publisher":{"@id":"https:\/\/ppdegalicia.com\/es\/#organization"},"image":{"@id":"https:\/\/ppdegalicia.com\/es\/manifesto-do-ppdeg-en-defensa-da-lei-de-ordenacion-e-xestion-integrada-do-litoral-de-galicia\/#primaryimage"},"thumbnailUrl":"https:\/\/ppdegalicia.com\/wp-content\/uploads\/2024\/04\/20240427_Manifesto_LeiDoLitoral_Cambados-scaled.jpg","articleSection":["PP de Galicia"],"inLanguage":"es","potentialAction":[{"@type":"CommentAction","name":"Comment","target":["https:\/\/ppdegalicia.com\/es\/manifesto-do-ppdeg-en-defensa-da-lei-de-ordenacion-e-xestion-integrada-do-litoral-de-galicia\/#respond"]}]},{"@type":"WebPage","@id":"https:\/\/ppdegalicia.com\/es\/manifesto-do-ppdeg-en-defensa-da-lei-de-ordenacion-e-xestion-integrada-do-litoral-de-galicia\/","url":"https:\/\/ppdegalicia.com\/es\/manifesto-do-ppdeg-en-defensa-da-lei-de-ordenacion-e-xestion-integrada-do-litoral-de-galicia\/","name":"Manifesto do PPdeG en defensa da Lei de ordenaci\u00f3n e xesti\u00f3n integrada do litoral de Galicia - PP de Galicia","isPartOf":{"@id":"https:\/\/ppdegalicia.com\/es\/#website"},"primaryImageOfPage":{"@id":"https:\/\/ppdegalicia.com\/es\/manifesto-do-ppdeg-en-defensa-da-lei-de-ordenacion-e-xestion-integrada-do-litoral-de-galicia\/#primaryimage"},"image":{"@id":"https:\/\/ppdegalicia.com\/es\/manifesto-do-ppdeg-en-defensa-da-lei-de-ordenacion-e-xestion-integrada-do-litoral-de-galicia\/#primaryimage"},"thumbnailUrl":"https:\/\/ppdegalicia.com\/wp-content\/uploads\/2024\/04\/20240427_Manifesto_LeiDoLitoral_Cambados-scaled.jpg","datePublished":"2024-04-27T09:56:38+00:00","dateModified":"2024-04-29T09:59:40+00:00","description":"Galicia non se entende sen a s\u00faa costa. Non en van, somos a comunidade aut\u00f3noma mar\u00edtima por excelencia, co litoral m\u00e1is longo de toda Espa\u00f1a, e dispo\u00f1emos dun dos ecosistemas mari\u00f1o-costeiros m\u00e1is variados e ricos do mundo. A esta riqueza ambiental s\u00famase unha beleza paisax\u00edstica excepcional.","breadcrumb":{"@id":"https:\/\/ppdegalicia.com\/es\/manifesto-do-ppdeg-en-defensa-da-lei-de-ordenacion-e-xestion-integrada-do-litoral-de-galicia\/#breadcrumb"},"inLanguage":"es","potentialAction":[{"@type":"ReadAction","target":["https:\/\/ppdegalicia.com\/es\/manifesto-do-ppdeg-en-defensa-da-lei-de-ordenacion-e-xestion-integrada-do-litoral-de-galicia\/"]}]},{"@type":"ImageObject","inLanguage":"es","@id":"https:\/\/ppdegalicia.com\/es\/manifesto-do-ppdeg-en-defensa-da-lei-de-ordenacion-e-xestion-integrada-do-litoral-de-galicia\/#primaryimage","url":"https:\/\/ppdegalicia.com\/wp-content\/uploads\/2024\/04\/20240427_Manifesto_LeiDoLitoral_Cambados-scaled.jpg","contentUrl":"https:\/\/ppdegalicia.com\/wp-content\/uploads\/2024\/04\/20240427_Manifesto_LeiDoLitoral_Cambados-scaled.jpg","width":2560,"height":1707},{"@type":"BreadcrumbList","@id":"https:\/\/ppdegalicia.com\/es\/manifesto-do-ppdeg-en-defensa-da-lei-de-ordenacion-e-xestion-integrada-do-litoral-de-galicia\/#breadcrumb","itemListElement":[{"@type":"ListItem","position":1,"name":"Portada","item":"https:\/\/ppdegalicia.com\/es\/"},{"@type":"ListItem","position":2,"name":"Manifesto do PPdeG en defensa da Lei de ordenaci\u00f3n e xesti\u00f3n integrada do litoral de Galicia"}]},{"@type":"WebSite","@id":"https:\/\/ppdegalicia.com\/es\/#website","url":"https:\/\/ppdegalicia.com\/es\/","name":"Partido Popular de Galicia","description":"Partido Popular de Galicia","publisher":{"@id":"https:\/\/ppdegalicia.com\/es\/#organization"},"alternateName":"PP de Galicia","potentialAction":[{"@type":"SearchAction","target":{"@type":"EntryPoint","urlTemplate":"https:\/\/ppdegalicia.com\/es\/?s={search_term_string}"},"query-input":{"@type":"PropertyValueSpecification","valueRequired":true,"valueName":"search_term_string"}}],"inLanguage":"es"},{"@type":"Organization","@id":"https:\/\/ppdegalicia.com\/es\/#organization","name":"Partido Popular de Galicia","alternateName":"PP de Galicia","url":"https:\/\/ppdegalicia.com\/es\/","logo":{"@type":"ImageObject","inLanguage":"es","@id":"https:\/\/ppdegalicia.com\/es\/#\/schema\/logo\/image\/","url":"https:\/\/ppdegalicia.com\/wp-content\/uploads\/2023\/04\/logoPP512.png","contentUrl":"https:\/\/ppdegalicia.com\/wp-content\/uploads\/2023\/04\/logoPP512.png","width":512,"height":512,"caption":"Partido Popular de Galicia"},"image":{"@id":"https:\/\/ppdegalicia.com\/es\/#\/schema\/logo\/image\/"},"sameAs":["https:\/\/www.instagram.com\/ppdegalicia\/","https:\/\/x.com\/ppdegalicia","https:\/\/www.tiktok.com\/@ppdegalicia","https:\/\/www.youtube.com\/user\/ppdegalicia"]},{"@type":"Person","@id":"https:\/\/ppdegalicia.com\/es\/#\/schema\/person\/bc9b46e59ebd34bf28611158c3867388","name":"ppdegaliciaedtis","image":{"@type":"ImageObject","inLanguage":"es","@id":"https:\/\/secure.gravatar.com\/avatar\/f9f8cf6e03df54a1b0d04a6b4b8e8c6bd63c10a439752e84d87a5385aefe2ced?s=96&d=mm&r=g","url":"https:\/\/secure.gravatar.com\/avatar\/f9f8cf6e03df54a1b0d04a6b4b8e8c6bd63c10a439752e84d87a5385aefe2ced?s=96&d=mm&r=g","contentUrl":"https:\/\/secure.gravatar.com\/avatar\/f9f8cf6e03df54a1b0d04a6b4b8e8c6bd63c10a439752e84d87a5385aefe2ced?s=96&d=mm&r=g","caption":"ppdegaliciaedtis"},"url":"https:\/\/ppdegalicia.com\/es\/author\/ppdegaliciaedits\/"}]}},"_links":{"self":[{"href":"https:\/\/ppdegalicia.com\/es\/wp-json\/wp\/v2\/posts\/62800","targetHints":{"allow":["GET"]}}],"collection":[{"href":"https:\/\/ppdegalicia.com\/es\/wp-json\/wp\/v2\/posts"}],"about":[{"href":"https:\/\/ppdegalicia.com\/es\/wp-json\/wp\/v2\/types\/post"}],"author":[{"embeddable":true,"href":"https:\/\/ppdegalicia.com\/es\/wp-json\/wp\/v2\/users\/40"}],"replies":[{"embeddable":true,"href":"https:\/\/ppdegalicia.com\/es\/wp-json\/wp\/v2\/comments?post=62800"}],"version-history":[{"count":1,"href":"https:\/\/ppdegalicia.com\/es\/wp-json\/wp\/v2\/posts\/62800\/revisions"}],"predecessor-version":[{"id":62803,"href":"https:\/\/ppdegalicia.com\/es\/wp-json\/wp\/v2\/posts\/62800\/revisions\/62803"}],"wp:featuredmedia":[{"embeddable":true,"href":"https:\/\/ppdegalicia.com\/es\/wp-json\/wp\/v2\/media\/62801"}],"wp:attachment":[{"href":"https:\/\/ppdegalicia.com\/es\/wp-json\/wp\/v2\/media?parent=62800"}],"wp:term":[{"taxonomy":"category","embeddable":true,"href":"https:\/\/ppdegalicia.com\/es\/wp-json\/wp\/v2\/categories?post=62800"},{"taxonomy":"post_tag","embeddable":true,"href":"https:\/\/ppdegalicia.com\/es\/wp-json\/wp\/v2\/tags?post=62800"}],"curies":[{"name":"wp","href":"https:\/\/api.w.org\/{rel}","templated":true}]}}