{"id":62812,"date":"2024-05-03T13:46:54","date_gmt":"2024-05-03T12:46:54","guid":{"rendered":"https:\/\/ppdegalicia.com\/?p=62812"},"modified":"2024-05-03T13:46:54","modified_gmt":"2024-05-03T12:46:54","slug":"portugal_eliminacionpeaxes","status":"publish","type":"post","link":"https:\/\/ppdegalicia.com\/es\/portugal_eliminacionpeaxes\/","title":{"rendered":"O Grupo Popular pide ao PSOE que siga o exemplo dos seus compa\u00f1eiros en Portugal e elimine as peaxes da AP-9 e AP-53, e abandone definitivamente a idea de cobrar polo uso das autov\u00edas"},"content":{"rendered":"<p>O Grupo Popular demandar\u00e1 ao Goberno central que tome exemplo do aprobado onte no Parlamento de Portugal, a proposta dos deputados socialistas, respecto da gratuidade das autov\u00edas no pa\u00eds veci\u00f1o e leve adiante, no prazo m\u00e1is breve posible, o compromiso anunciado durante a pasada campa\u00f1a electoral \u00e1s elecci\u00f3ns galegas de eliminar as peaxes nas autoestradas AP-9 e AP-53, as\u00ed como que abandone definitivamente a s\u00faa idea de implantar peaxes nas autov\u00edas.<\/p>\n<p>O portavoz popular, Alberto Pazos, comezou a s\u00faa comparecencia ante os medios felicitando \u00e1 ex deputada e nova directora xeral de Traballo Aut\u00f3nomo e Econom\u00eda Social, Marta Mari\u00f1o, e dando a benvida aos novos deputados que xa cumprimentaron todos os tr\u00e1mites e est\u00e1n en disposici\u00f3n de tomar posesi\u00f3n do escano no vindeiro Pleno: Paula Mouzo, de Camari\u00f1as; Encarna Amigo, de Cervantes; Nicole Grueira, de Pol; Jos\u00e9 Lu\u00eds Ferro, de Celanova; V\u00edctor Baladr\u00f3n, de Ver\u00edn; Cristina Campero, de Xinzo de Limia; e Miguel Fidalgo, de Vigo.<\/p>\n<p><strong>COMUNICACI\u00d3N MELLOR E M\u00c1IS ECON\u00d3MICA CON PORTUGAL<\/strong><\/p>\n<p>De seguido, Alberto Pazos saudou a aprobaci\u00f3n no d\u00eda de onte no Parlamento portugu\u00e9s do proxecto de Lei para liberar das peaxes distintas autov\u00edas do pa\u00eds veci\u00f1o, entre as que figuran as que conectan Galicia co norte de Portugal, e que van permitir unha mellor e m\u00e1is econ\u00f3mica comunicaci\u00f3n con esta zona. \u201cEsta decisi\u00f3n, adoptada a iniciativa dos socialistas portugueses, deber\u00eda servir de exemplo para os socialistas espa\u00f1ois, de xeito que se tomaran en serio tanto a gratuidade das peaxes nas autoestradas AP-9 e AP-53, como tam\u00e9n para que abandonaran calquera intenci\u00f3n de implantar peaxes polo uso das autov\u00edas\u201d, manifestou.<\/p>\n<p>Con este obxectivo, o Grupo Popular rexistrou d\u00faas proposici\u00f3ns non de lei no Parlamento galego. A primeira delas, solicita ao Goberno de Pedro S\u00e1nchez a gratuidade das peaxes nas autoestradas AP-9 e AP-53, as m\u00e1is caras de Espa\u00f1a. \u201cEste era un dos compromisos asumidos polos socialistas durante a pasada campa\u00f1a electoral en Galicia, polo que entendemos que o resultado final non deber\u00eda afectar a este anuncio electoral e po\u00f1erse en marcha no menor prazo de tempo posible\u201d, demandou Alberto Pazos.<\/p>\n<p>As\u00ed mesmo, o portavoz popular asegurou que \u201cseguiremos insistindo tam\u00e9n na demanda ao Goberno de Pedro S\u00e1nchez para que culmine o proceso de transferencia da titularidade e competencias sobre a AP-9, dando cumprimento aos numerosos acordos un\u00e1nimes adoptados neste Parlamento e de conformidade coa proposici\u00f3n de lei que se est\u00e1 a tramitar no Congreso\u201d.<\/p>\n<p>Pazos lembrou que \u201cnos \u00faltimos d\u00edas volveu saltar \u00e1 actualidade a posibilidade de que o Goberno de Pedro S\u00e1nchez, coa escusa de paliar os custos que sup\u00f3n o seu mantemento, implante peaxes nas autov\u00edas espa\u00f1olas\u201d. \u201cDeste xeito, e visto o aprobado onte no Parlamento de Portugal, a proposta dos socialistas portugueses, vemos como os socialistas espa\u00f1oles van unha vez m\u00e1is contra corrente\u201d, apuntou.<\/p>\n<p><strong>NOVO AGRAVIO CONTRA GALICIA<\/strong><\/p>\n<p>\u201cDesde o Grupo Popular, estamos totalmente en contra desta idea que baralla o Goberno de Pedro S\u00e1nchez, que prexudicar\u00eda especialmente a Galicia pola s\u00faa situaci\u00f3n perif\u00e9rica e lastrada, ademais, por d\u00faas autopistas coa peaxe m\u00e1is cara de Espa\u00f1a\u201d, manifestou Alberto Pazos, que engadiu que \u201cunha decisi\u00f3n destas caracter\u00edsticas supor\u00eda un novo agravio contra Galicia e contra os milleiros de condutores que a diario utilizan estas autov\u00edas para circular cara Galicia ou cara outros puntos da xeograf\u00eda espa\u00f1ola\u201d.<\/p>\n<p>Por este motivo, o Grupo Popular tam\u00e9n rexistrou unha proposici\u00f3n non de lei na que se solicita ao Goberno espa\u00f1ol que abandone calquera pretensi\u00f3n de implantar sistemas de cobro polo uso das autov\u00edas, que supor\u00eda un novo agravio para a nosa Comunidade e un grave prexu\u00edzo econ\u00f3mico para condutores e transportistas.<\/p>\n<p>\u201cEstamos a falar de d\u00faas iniciativas que pensamos poden contar co m\u00e1ximo consenso neste Parlamento galego, trasladando ao Goberno central unha mensaxe \u00fanica na defensa dos intereses de Galicia e do benestar de todos os galegos\u201d, indicou.<\/p>\n<p>Alberto Pazos tam\u00e9n se referiu \u00e1 situaci\u00f3n pol\u00edtica e social estatal \u201cque derivou do teatral retiro de meditaci\u00f3n que Pedro S\u00e1nchez realizou a finais da pasada semana e que rematou o pasado luns co esperado anuncio de que segu\u00eda sendo o Presidente do Goberno\u201d.<\/p>\n<p><strong>ESPA\u00d1A NON SE MERECE A PEDRO S\u00c1NCHEZ<\/strong><\/p>\n<p>Neste sentido, apuntou que \u201cPedro S\u00e1nchez volveu onte \u00e1 actividade pol\u00edtica real na campa\u00f1a electoral para as elecci\u00f3ns catal\u00e1ns e volveu demostrar a s\u00faa deriva populista, confirmando que \u00e9 o maior especialista en chapotear na lameira\u201d. \u201c\u00c9 preocupante a deriva que est\u00e1 a tomar Pedro S\u00e1nchez, ocupando todo o espazo \u00e1 esquerda populista que deixou o case desaparecido Podemos e cunha Iolanda D\u00edaz cada vez en horas m\u00e1is baixas\u201d, engadiu.<\/p>\n<p>\u201cO que debe ter moi claro o se\u00f1or Pedro S\u00e1nchez \u00e9 que desde o Partido Popular non estamos dispostos a consentir que se nos ataque permanentemente con bulos e medias verdades, do mesmo xeito que se est\u00e1 a facer con xornalistas ou os xu\u00edces, po\u00f1endo en d\u00fabida a s\u00faa imparcialidade e deteriorando gravemente a nosa democracia e a convivencia entre os espa\u00f1ois\u201d, afirmou.<\/p>\n<p>Para rematar, indicou que \u201cEspa\u00f1a non se merece ter na s\u00faa Presidencia unha persoa con esta arrogancia e falta de respecto ao adversario pol\u00edtico, e precisa m\u00e1is tranquilidade e m\u00e1is estabilidade, como a que afortunadamente vivimos en galegos na nosa terra, baixo un Goberno presidido por Alfonso Rueda\u201d.<\/p>\n","protected":false},"excerpt":{"rendered":"<p>O Grupo Popular demandar\u00e1 ao Goberno central que tome exemplo do aprobado onte no Parlamento de Portugal, a proposta dos deputados socialistas, respecto da gratuidade das autov\u00edas no pa\u00eds veci\u00f1o e leve adiante, no prazo m\u00e1is breve posible, o compromiso anunciado durante a pasada campa\u00f1a electoral \u00e1s elecci\u00f3ns galegas de eliminar as peaxes nas autoestradas [&hellip;]<\/p>\n","protected":false},"author":40,"featured_media":62813,"comment_status":"open","ping_status":"open","sticky":false,"template":"","format":"standard","meta":{"_acf_changed":false,"footnotes":""},"categories":[1128],"tags":[],"class_list":["post-62812","post","type-post","status-publish","format-standard","has-post-thumbnail","hentry","category-actualidad-parlamento-de-galicia"],"acf":[],"yoast_head":"<!-- This site is optimized with the Yoast SEO plugin v27.3 - https:\/\/yoast.com\/product\/yoast-seo-wordpress\/ -->\n<title>O Grupo Popular pide ao PSOE que siga o exemplo dos seus compa\u00f1eiros en Portugal e elimine as peaxes da AP-9 e AP-53, e abandone definitivamente a idea de cobrar polo uso das autov\u00edas - PP de Galicia<\/title>\n<meta name=\"description\" content=\"O Grupo Popular demandar\u00e1 ao Goberno central que tome exemplo do aprobado onte no Parlamento de Portugal, a proposta dos deputados socialistas, respecto da gratuidade das autov\u00edas no pa\u00eds veci\u00f1o e leve adiante, no prazo m\u00e1is breve posible, o compromiso anunciado durante a pasada campa\u00f1a electoral \u00e1s elecci\u00f3ns galegas de eliminar as peaxes nas autoestradas AP-9 e AP-53, as\u00ed como que abandone definitivamente a s\u00faa idea de implantar peaxes nas autov\u00edas.\" \/>\n<meta name=\"robots\" content=\"index, follow, max-snippet:-1, max-image-preview:large, max-video-preview:-1\" \/>\n<link rel=\"canonical\" href=\"https:\/\/ppdegalicia.com\/es\/portugal_eliminacionpeaxes\/\" \/>\n<meta property=\"og:locale\" content=\"es_ES\" \/>\n<meta property=\"og:type\" content=\"article\" \/>\n<meta property=\"og:title\" content=\"O Grupo Popular pide ao PSOE que siga o exemplo dos seus compa\u00f1eiros en Portugal e elimine as peaxes da AP-9 e AP-53, e abandone definitivamente a idea de cobrar polo uso das autov\u00edas - PP de Galicia\" \/>\n<meta property=\"og:description\" content=\"O Grupo Popular demandar\u00e1 ao Goberno central que tome exemplo do aprobado onte no Parlamento de Portugal, a proposta dos deputados socialistas, respecto da gratuidade das autov\u00edas no pa\u00eds veci\u00f1o e leve adiante, no prazo m\u00e1is breve posible, o compromiso anunciado durante a pasada campa\u00f1a electoral \u00e1s elecci\u00f3ns galegas de eliminar as peaxes nas autoestradas AP-9 e AP-53, as\u00ed como que abandone definitivamente a s\u00faa idea de implantar peaxes nas autov\u00edas.\" \/>\n<meta property=\"og:url\" content=\"https:\/\/ppdegalicia.com\/es\/portugal_eliminacionpeaxes\/\" \/>\n<meta property=\"og:site_name\" content=\"PP de Galicia\" \/>\n<meta property=\"article:publisher\" content=\"https:\/\/www.instagram.com\/ppdegalicia\/\" \/>\n<meta property=\"article:published_time\" content=\"2024-05-03T12:46:54+00:00\" \/>\n<meta property=\"og:image\" content=\"https:\/\/ppdegalicia.com\/wp-content\/uploads\/2024\/05\/20240503_APazos_rdp3-scaled.jpg\" \/>\n\t<meta property=\"og:image:width\" content=\"2560\" \/>\n\t<meta property=\"og:image:height\" content=\"1707\" \/>\n\t<meta property=\"og:image:type\" content=\"image\/jpeg\" \/>\n<meta name=\"author\" content=\"ppdegaliciaedtis\" \/>\n<meta name=\"twitter:card\" content=\"summary_large_image\" \/>\n<meta name=\"twitter:creator\" content=\"@ppdegalicia\" \/>\n<meta name=\"twitter:site\" content=\"@ppdegalicia\" \/>\n<meta name=\"twitter:label1\" content=\"Escrito por\" \/>\n\t<meta name=\"twitter:data1\" content=\"ppdegaliciaedtis\" \/>\n\t<meta name=\"twitter:label2\" content=\"Tiempo de lectura\" \/>\n\t<meta name=\"twitter:data2\" content=\"5 minutos\" \/>\n<script type=\"application\/ld+json\" class=\"yoast-schema-graph\">{\"@context\":\"https:\\\/\\\/schema.org\",\"@graph\":[{\"@type\":\"Article\",\"@id\":\"https:\\\/\\\/ppdegalicia.com\\\/es\\\/portugal_eliminacionpeaxes\\\/#article\",\"isPartOf\":{\"@id\":\"https:\\\/\\\/ppdegalicia.com\\\/es\\\/portugal_eliminacionpeaxes\\\/\"},\"author\":{\"name\":\"ppdegaliciaedtis\",\"@id\":\"https:\\\/\\\/ppdegalicia.com\\\/es\\\/#\\\/schema\\\/person\\\/bc9b46e59ebd34bf28611158c3867388\"},\"headline\":\"O Grupo Popular pide ao PSOE que siga o exemplo dos seus compa\u00f1eiros en Portugal e elimine as peaxes da AP-9 e AP-53, e abandone definitivamente a idea de cobrar polo uso das autov\u00edas\",\"datePublished\":\"2024-05-03T12:46:54+00:00\",\"mainEntityOfPage\":{\"@id\":\"https:\\\/\\\/ppdegalicia.com\\\/es\\\/portugal_eliminacionpeaxes\\\/\"},\"wordCount\":1000,\"commentCount\":0,\"publisher\":{\"@id\":\"https:\\\/\\\/ppdegalicia.com\\\/es\\\/#organization\"},\"image\":{\"@id\":\"https:\\\/\\\/ppdegalicia.com\\\/es\\\/portugal_eliminacionpeaxes\\\/#primaryimage\"},\"thumbnailUrl\":\"https:\\\/\\\/ppdegalicia.com\\\/wp-content\\\/uploads\\\/2024\\\/05\\\/20240503_APazos_rdp3-scaled.jpg\",\"articleSection\":[\"Parlamento de Galicia\"],\"inLanguage\":\"es\",\"potentialAction\":[{\"@type\":\"CommentAction\",\"name\":\"Comment\",\"target\":[\"https:\\\/\\\/ppdegalicia.com\\\/es\\\/portugal_eliminacionpeaxes\\\/#respond\"]}]},{\"@type\":\"WebPage\",\"@id\":\"https:\\\/\\\/ppdegalicia.com\\\/es\\\/portugal_eliminacionpeaxes\\\/\",\"url\":\"https:\\\/\\\/ppdegalicia.com\\\/es\\\/portugal_eliminacionpeaxes\\\/\",\"name\":\"O Grupo Popular pide ao PSOE que siga o exemplo dos seus compa\u00f1eiros en Portugal e elimine as peaxes da AP-9 e AP-53, e abandone definitivamente a idea de cobrar polo uso das autov\u00edas - PP de Galicia\",\"isPartOf\":{\"@id\":\"https:\\\/\\\/ppdegalicia.com\\\/es\\\/#website\"},\"primaryImageOfPage\":{\"@id\":\"https:\\\/\\\/ppdegalicia.com\\\/es\\\/portugal_eliminacionpeaxes\\\/#primaryimage\"},\"image\":{\"@id\":\"https:\\\/\\\/ppdegalicia.com\\\/es\\\/portugal_eliminacionpeaxes\\\/#primaryimage\"},\"thumbnailUrl\":\"https:\\\/\\\/ppdegalicia.com\\\/wp-content\\\/uploads\\\/2024\\\/05\\\/20240503_APazos_rdp3-scaled.jpg\",\"datePublished\":\"2024-05-03T12:46:54+00:00\",\"description\":\"O Grupo Popular demandar\u00e1 ao Goberno central que tome exemplo do aprobado onte no Parlamento de Portugal, a proposta dos deputados socialistas, respecto da gratuidade das autov\u00edas no pa\u00eds veci\u00f1o e leve adiante, no prazo m\u00e1is breve posible, o compromiso anunciado durante a pasada campa\u00f1a electoral \u00e1s elecci\u00f3ns galegas de eliminar as peaxes nas autoestradas AP-9 e AP-53, as\u00ed como que abandone definitivamente a s\u00faa idea de implantar peaxes nas autov\u00edas.\",\"breadcrumb\":{\"@id\":\"https:\\\/\\\/ppdegalicia.com\\\/es\\\/portugal_eliminacionpeaxes\\\/#breadcrumb\"},\"inLanguage\":\"es\",\"potentialAction\":[{\"@type\":\"ReadAction\",\"target\":[\"https:\\\/\\\/ppdegalicia.com\\\/es\\\/portugal_eliminacionpeaxes\\\/\"]}]},{\"@type\":\"ImageObject\",\"inLanguage\":\"es\",\"@id\":\"https:\\\/\\\/ppdegalicia.com\\\/es\\\/portugal_eliminacionpeaxes\\\/#primaryimage\",\"url\":\"https:\\\/\\\/ppdegalicia.com\\\/wp-content\\\/uploads\\\/2024\\\/05\\\/20240503_APazos_rdp3-scaled.jpg\",\"contentUrl\":\"https:\\\/\\\/ppdegalicia.com\\\/wp-content\\\/uploads\\\/2024\\\/05\\\/20240503_APazos_rdp3-scaled.jpg\",\"width\":2560,\"height\":1707},{\"@type\":\"BreadcrumbList\",\"@id\":\"https:\\\/\\\/ppdegalicia.com\\\/es\\\/portugal_eliminacionpeaxes\\\/#breadcrumb\",\"itemListElement\":[{\"@type\":\"ListItem\",\"position\":1,\"name\":\"Portada\",\"item\":\"https:\\\/\\\/ppdegalicia.com\\\/es\\\/\"},{\"@type\":\"ListItem\",\"position\":2,\"name\":\"O Grupo Popular pide ao PSOE que siga o exemplo dos seus compa\u00f1eiros en Portugal e elimine as peaxes da AP-9 e AP-53, e abandone definitivamente a idea de cobrar polo uso das autov\u00edas\"}]},{\"@type\":\"WebSite\",\"@id\":\"https:\\\/\\\/ppdegalicia.com\\\/es\\\/#website\",\"url\":\"https:\\\/\\\/ppdegalicia.com\\\/es\\\/\",\"name\":\"Partido Popular de Galicia\",\"description\":\"Partido Popular de Galicia\",\"publisher\":{\"@id\":\"https:\\\/\\\/ppdegalicia.com\\\/es\\\/#organization\"},\"alternateName\":\"PP de Galicia\",\"potentialAction\":[{\"@type\":\"SearchAction\",\"target\":{\"@type\":\"EntryPoint\",\"urlTemplate\":\"https:\\\/\\\/ppdegalicia.com\\\/es\\\/?s={search_term_string}\"},\"query-input\":{\"@type\":\"PropertyValueSpecification\",\"valueRequired\":true,\"valueName\":\"search_term_string\"}}],\"inLanguage\":\"es\"},{\"@type\":\"Organization\",\"@id\":\"https:\\\/\\\/ppdegalicia.com\\\/es\\\/#organization\",\"name\":\"Partido Popular de Galicia\",\"alternateName\":\"PP de Galicia\",\"url\":\"https:\\\/\\\/ppdegalicia.com\\\/es\\\/\",\"logo\":{\"@type\":\"ImageObject\",\"inLanguage\":\"es\",\"@id\":\"https:\\\/\\\/ppdegalicia.com\\\/es\\\/#\\\/schema\\\/logo\\\/image\\\/\",\"url\":\"https:\\\/\\\/ppdegalicia.com\\\/wp-content\\\/uploads\\\/2023\\\/04\\\/logoPP512.png\",\"contentUrl\":\"https:\\\/\\\/ppdegalicia.com\\\/wp-content\\\/uploads\\\/2023\\\/04\\\/logoPP512.png\",\"width\":512,\"height\":512,\"caption\":\"Partido Popular de Galicia\"},\"image\":{\"@id\":\"https:\\\/\\\/ppdegalicia.com\\\/es\\\/#\\\/schema\\\/logo\\\/image\\\/\"},\"sameAs\":[\"https:\\\/\\\/www.instagram.com\\\/ppdegalicia\\\/\",\"https:\\\/\\\/x.com\\\/ppdegalicia\",\"https:\\\/\\\/www.tiktok.com\\\/@ppdegalicia\",\"https:\\\/\\\/www.youtube.com\\\/user\\\/ppdegalicia\"]},{\"@type\":\"Person\",\"@id\":\"https:\\\/\\\/ppdegalicia.com\\\/es\\\/#\\\/schema\\\/person\\\/bc9b46e59ebd34bf28611158c3867388\",\"name\":\"ppdegaliciaedtis\",\"image\":{\"@type\":\"ImageObject\",\"inLanguage\":\"es\",\"@id\":\"https:\\\/\\\/secure.gravatar.com\\\/avatar\\\/f9f8cf6e03df54a1b0d04a6b4b8e8c6bd63c10a439752e84d87a5385aefe2ced?s=96&d=mm&r=g\",\"url\":\"https:\\\/\\\/secure.gravatar.com\\\/avatar\\\/f9f8cf6e03df54a1b0d04a6b4b8e8c6bd63c10a439752e84d87a5385aefe2ced?s=96&d=mm&r=g\",\"contentUrl\":\"https:\\\/\\\/secure.gravatar.com\\\/avatar\\\/f9f8cf6e03df54a1b0d04a6b4b8e8c6bd63c10a439752e84d87a5385aefe2ced?s=96&d=mm&r=g\",\"caption\":\"ppdegaliciaedtis\"},\"url\":\"https:\\\/\\\/ppdegalicia.com\\\/es\\\/author\\\/ppdegaliciaedits\\\/\"}]}<\/script>\n<!-- \/ Yoast SEO plugin. -->","yoast_head_json":{"title":"O Grupo Popular pide ao PSOE que siga o exemplo dos seus compa\u00f1eiros en Portugal e elimine as peaxes da AP-9 e AP-53, e abandone definitivamente a idea de cobrar polo uso das autov\u00edas - PP de Galicia","description":"O Grupo Popular demandar\u00e1 ao Goberno central que tome exemplo do aprobado onte no Parlamento de Portugal, a proposta dos deputados socialistas, respecto da gratuidade das autov\u00edas no pa\u00eds veci\u00f1o e leve adiante, no prazo m\u00e1is breve posible, o compromiso anunciado durante a pasada campa\u00f1a electoral \u00e1s elecci\u00f3ns galegas de eliminar as peaxes nas autoestradas AP-9 e AP-53, as\u00ed como que abandone definitivamente a s\u00faa idea de implantar peaxes nas autov\u00edas.","robots":{"index":"index","follow":"follow","max-snippet":"max-snippet:-1","max-image-preview":"max-image-preview:large","max-video-preview":"max-video-preview:-1"},"canonical":"https:\/\/ppdegalicia.com\/es\/portugal_eliminacionpeaxes\/","og_locale":"es_ES","og_type":"article","og_title":"O Grupo Popular pide ao PSOE que siga o exemplo dos seus compa\u00f1eiros en Portugal e elimine as peaxes da AP-9 e AP-53, e abandone definitivamente a idea de cobrar polo uso das autov\u00edas - PP de Galicia","og_description":"O Grupo Popular demandar\u00e1 ao Goberno central que tome exemplo do aprobado onte no Parlamento de Portugal, a proposta dos deputados socialistas, respecto da gratuidade das autov\u00edas no pa\u00eds veci\u00f1o e leve adiante, no prazo m\u00e1is breve posible, o compromiso anunciado durante a pasada campa\u00f1a electoral \u00e1s elecci\u00f3ns galegas de eliminar as peaxes nas autoestradas AP-9 e AP-53, as\u00ed como que abandone definitivamente a s\u00faa idea de implantar peaxes nas autov\u00edas.","og_url":"https:\/\/ppdegalicia.com\/es\/portugal_eliminacionpeaxes\/","og_site_name":"PP de Galicia","article_publisher":"https:\/\/www.instagram.com\/ppdegalicia\/","article_published_time":"2024-05-03T12:46:54+00:00","og_image":[{"width":2560,"height":1707,"url":"https:\/\/ppdegalicia.com\/wp-content\/uploads\/2024\/05\/20240503_APazos_rdp3-scaled.jpg","type":"image\/jpeg"}],"author":"ppdegaliciaedtis","twitter_card":"summary_large_image","twitter_creator":"@ppdegalicia","twitter_site":"@ppdegalicia","twitter_misc":{"Escrito por":"ppdegaliciaedtis","Tiempo de lectura":"5 minutos"},"schema":{"@context":"https:\/\/schema.org","@graph":[{"@type":"Article","@id":"https:\/\/ppdegalicia.com\/es\/portugal_eliminacionpeaxes\/#article","isPartOf":{"@id":"https:\/\/ppdegalicia.com\/es\/portugal_eliminacionpeaxes\/"},"author":{"name":"ppdegaliciaedtis","@id":"https:\/\/ppdegalicia.com\/es\/#\/schema\/person\/bc9b46e59ebd34bf28611158c3867388"},"headline":"O Grupo Popular pide ao PSOE que siga o exemplo dos seus compa\u00f1eiros en Portugal e elimine as peaxes da AP-9 e AP-53, e abandone definitivamente a idea de cobrar polo uso das autov\u00edas","datePublished":"2024-05-03T12:46:54+00:00","mainEntityOfPage":{"@id":"https:\/\/ppdegalicia.com\/es\/portugal_eliminacionpeaxes\/"},"wordCount":1000,"commentCount":0,"publisher":{"@id":"https:\/\/ppdegalicia.com\/es\/#organization"},"image":{"@id":"https:\/\/ppdegalicia.com\/es\/portugal_eliminacionpeaxes\/#primaryimage"},"thumbnailUrl":"https:\/\/ppdegalicia.com\/wp-content\/uploads\/2024\/05\/20240503_APazos_rdp3-scaled.jpg","articleSection":["Parlamento de Galicia"],"inLanguage":"es","potentialAction":[{"@type":"CommentAction","name":"Comment","target":["https:\/\/ppdegalicia.com\/es\/portugal_eliminacionpeaxes\/#respond"]}]},{"@type":"WebPage","@id":"https:\/\/ppdegalicia.com\/es\/portugal_eliminacionpeaxes\/","url":"https:\/\/ppdegalicia.com\/es\/portugal_eliminacionpeaxes\/","name":"O Grupo Popular pide ao PSOE que siga o exemplo dos seus compa\u00f1eiros en Portugal e elimine as peaxes da AP-9 e AP-53, e abandone definitivamente a idea de cobrar polo uso das autov\u00edas - PP de Galicia","isPartOf":{"@id":"https:\/\/ppdegalicia.com\/es\/#website"},"primaryImageOfPage":{"@id":"https:\/\/ppdegalicia.com\/es\/portugal_eliminacionpeaxes\/#primaryimage"},"image":{"@id":"https:\/\/ppdegalicia.com\/es\/portugal_eliminacionpeaxes\/#primaryimage"},"thumbnailUrl":"https:\/\/ppdegalicia.com\/wp-content\/uploads\/2024\/05\/20240503_APazos_rdp3-scaled.jpg","datePublished":"2024-05-03T12:46:54+00:00","description":"O Grupo Popular demandar\u00e1 ao Goberno central que tome exemplo do aprobado onte no Parlamento de Portugal, a proposta dos deputados socialistas, respecto da gratuidade das autov\u00edas no pa\u00eds veci\u00f1o e leve adiante, no prazo m\u00e1is breve posible, o compromiso anunciado durante a pasada campa\u00f1a electoral \u00e1s elecci\u00f3ns galegas de eliminar as peaxes nas autoestradas AP-9 e AP-53, as\u00ed como que abandone definitivamente a s\u00faa idea de implantar peaxes nas autov\u00edas.","breadcrumb":{"@id":"https:\/\/ppdegalicia.com\/es\/portugal_eliminacionpeaxes\/#breadcrumb"},"inLanguage":"es","potentialAction":[{"@type":"ReadAction","target":["https:\/\/ppdegalicia.com\/es\/portugal_eliminacionpeaxes\/"]}]},{"@type":"ImageObject","inLanguage":"es","@id":"https:\/\/ppdegalicia.com\/es\/portugal_eliminacionpeaxes\/#primaryimage","url":"https:\/\/ppdegalicia.com\/wp-content\/uploads\/2024\/05\/20240503_APazos_rdp3-scaled.jpg","contentUrl":"https:\/\/ppdegalicia.com\/wp-content\/uploads\/2024\/05\/20240503_APazos_rdp3-scaled.jpg","width":2560,"height":1707},{"@type":"BreadcrumbList","@id":"https:\/\/ppdegalicia.com\/es\/portugal_eliminacionpeaxes\/#breadcrumb","itemListElement":[{"@type":"ListItem","position":1,"name":"Portada","item":"https:\/\/ppdegalicia.com\/es\/"},{"@type":"ListItem","position":2,"name":"O Grupo Popular pide ao PSOE que siga o exemplo dos seus compa\u00f1eiros en Portugal e elimine as peaxes da AP-9 e AP-53, e abandone definitivamente a idea de cobrar polo uso das autov\u00edas"}]},{"@type":"WebSite","@id":"https:\/\/ppdegalicia.com\/es\/#website","url":"https:\/\/ppdegalicia.com\/es\/","name":"Partido Popular de Galicia","description":"Partido Popular de Galicia","publisher":{"@id":"https:\/\/ppdegalicia.com\/es\/#organization"},"alternateName":"PP de Galicia","potentialAction":[{"@type":"SearchAction","target":{"@type":"EntryPoint","urlTemplate":"https:\/\/ppdegalicia.com\/es\/?s={search_term_string}"},"query-input":{"@type":"PropertyValueSpecification","valueRequired":true,"valueName":"search_term_string"}}],"inLanguage":"es"},{"@type":"Organization","@id":"https:\/\/ppdegalicia.com\/es\/#organization","name":"Partido Popular de Galicia","alternateName":"PP de Galicia","url":"https:\/\/ppdegalicia.com\/es\/","logo":{"@type":"ImageObject","inLanguage":"es","@id":"https:\/\/ppdegalicia.com\/es\/#\/schema\/logo\/image\/","url":"https:\/\/ppdegalicia.com\/wp-content\/uploads\/2023\/04\/logoPP512.png","contentUrl":"https:\/\/ppdegalicia.com\/wp-content\/uploads\/2023\/04\/logoPP512.png","width":512,"height":512,"caption":"Partido Popular de Galicia"},"image":{"@id":"https:\/\/ppdegalicia.com\/es\/#\/schema\/logo\/image\/"},"sameAs":["https:\/\/www.instagram.com\/ppdegalicia\/","https:\/\/x.com\/ppdegalicia","https:\/\/www.tiktok.com\/@ppdegalicia","https:\/\/www.youtube.com\/user\/ppdegalicia"]},{"@type":"Person","@id":"https:\/\/ppdegalicia.com\/es\/#\/schema\/person\/bc9b46e59ebd34bf28611158c3867388","name":"ppdegaliciaedtis","image":{"@type":"ImageObject","inLanguage":"es","@id":"https:\/\/secure.gravatar.com\/avatar\/f9f8cf6e03df54a1b0d04a6b4b8e8c6bd63c10a439752e84d87a5385aefe2ced?s=96&d=mm&r=g","url":"https:\/\/secure.gravatar.com\/avatar\/f9f8cf6e03df54a1b0d04a6b4b8e8c6bd63c10a439752e84d87a5385aefe2ced?s=96&d=mm&r=g","contentUrl":"https:\/\/secure.gravatar.com\/avatar\/f9f8cf6e03df54a1b0d04a6b4b8e8c6bd63c10a439752e84d87a5385aefe2ced?s=96&d=mm&r=g","caption":"ppdegaliciaedtis"},"url":"https:\/\/ppdegalicia.com\/es\/author\/ppdegaliciaedits\/"}]}},"_links":{"self":[{"href":"https:\/\/ppdegalicia.com\/es\/wp-json\/wp\/v2\/posts\/62812","targetHints":{"allow":["GET"]}}],"collection":[{"href":"https:\/\/ppdegalicia.com\/es\/wp-json\/wp\/v2\/posts"}],"about":[{"href":"https:\/\/ppdegalicia.com\/es\/wp-json\/wp\/v2\/types\/post"}],"author":[{"embeddable":true,"href":"https:\/\/ppdegalicia.com\/es\/wp-json\/wp\/v2\/users\/40"}],"replies":[{"embeddable":true,"href":"https:\/\/ppdegalicia.com\/es\/wp-json\/wp\/v2\/comments?post=62812"}],"version-history":[{"count":1,"href":"https:\/\/ppdegalicia.com\/es\/wp-json\/wp\/v2\/posts\/62812\/revisions"}],"predecessor-version":[{"id":62815,"href":"https:\/\/ppdegalicia.com\/es\/wp-json\/wp\/v2\/posts\/62812\/revisions\/62815"}],"wp:featuredmedia":[{"embeddable":true,"href":"https:\/\/ppdegalicia.com\/es\/wp-json\/wp\/v2\/media\/62813"}],"wp:attachment":[{"href":"https:\/\/ppdegalicia.com\/es\/wp-json\/wp\/v2\/media?parent=62812"}],"wp:term":[{"taxonomy":"category","embeddable":true,"href":"https:\/\/ppdegalicia.com\/es\/wp-json\/wp\/v2\/categories?post=62812"},{"taxonomy":"post_tag","embeddable":true,"href":"https:\/\/ppdegalicia.com\/es\/wp-json\/wp\/v2\/tags?post=62812"}],"curies":[{"name":"wp","href":"https:\/\/api.w.org\/{rel}","templated":true}]}}