{"id":62835,"date":"2024-05-10T13:48:13","date_gmt":"2024-05-10T12:48:13","guid":{"rendered":"https:\/\/ppdegalicia.com\/?p=62835"},"modified":"2024-05-10T13:48:13","modified_gmt":"2024-05-10T12:48:13","slug":"alberto-pazos-a-falta-de-xestion-dos-fondos-europeos-do-goberno-de-pedro-sanchez-dos-que-adxudicou-so-o-30-contrasta-co-90-adxudicado-polo-goberno-de-alfonso-rueda","status":"publish","type":"post","link":"https:\/\/ppdegalicia.com\/es\/alberto-pazos-a-falta-de-xestion-dos-fondos-europeos-do-goberno-de-pedro-sanchez-dos-que-adxudicou-so-o-30-contrasta-co-90-adxudicado-polo-goberno-de-alfonso-rueda\/","title":{"rendered":"Alberto Pazos: \u201cA falta de xesti\u00f3n dos fondos europeos do Goberno de Pedro S\u00e1nchez, dos que adxudicou s\u00f3 o 30%, contrasta co 90% adxudicado polo Goberno de Alfonso Rueda\u201d"},"content":{"rendered":"<p>Alberto Pazos denunciou hoxe no Parlamento a falta de xesti\u00f3n dos fondos europeos por parte do Goberno de Pedro S\u00e1nchez, \u201cdos que ten adxudicados s\u00f3 o 30% e a metade deles est\u00e1n sen convocar\u201d en claro contraste coa eficacia e xesti\u00f3n eficiente do Goberno de Alfonso Rueda \u201cque xa adxudicou o 90% das axudas asignadas a Galicia\u201d.<\/p>\n<p>O portavoz parlamentario recalcou o \u201chabitual desprezo co que o Goberno central trata a Galicia e aos galegos, no que se incl\u00fae a distribuci\u00f3n dos fondos europeos\u201d sinalando como exemplo dos \u00faltimos d\u00edas a segunda convocatoria do Perte VEC no que o Ministerio de Industria e Turismo adxudicou tan s\u00f3 a metade do que ti\u00f1a solicitado a planta de Stellantis en Vigo, s\u00f3 20 dos 40M\u20ac que pedira para o seu proxecto de veh\u00edculo el\u00e9ctrico e conectado.<\/p>\n<p>Nese sentido, Pazos sinalou que dos 33.000M\u20ac de PERTES industriais que est\u00e1 a xestionar directamente o Goberno central, soamente ten adxudicados o 30% e, o que \u00e9 m\u00e1is grave, a metade destes fondos europeos est\u00e1n a\u00ednda sen convocar.<\/p>\n<p>\u201cEn contraste, a Xunta xa adxudicou o 90% dos 1.097M\u20ac de fondos do mecanismo de recuperaci\u00f3n, que xa beneficiaron a 48.000 persoas e case 5.000 entidades e sociedades de \u00e1mbitos dispares, o que ven a asegurar que Galicia cumpre coa s\u00faa obriga de tramitar de forma \u00e1xil as axudas para que cheguen canto antes aos galegos\u201d.<br \/>\nNese sentido, o portavoz popular anunciou que o Grupo Popular solicitar\u00e1, a trav\u00e9s dunha iniciativa parlamentaria, a transferencia directa dos fondos europeos de Recuperaci\u00f3n, en particular os do \u00e1mbito industrial, en cumprimento dos reiterados acordos adoptados no Parlamento galego.<\/p>\n<p>As\u00ed mesmo, a iniciativa solicitar\u00e1 que Galicia poida xestionar, a trav\u00e9s dun sistema de cooperaci\u00f3n e cogobernanza, os fondos dispo\u00f1ibles dos PERTEs, de xeito que se poida apoiar con maior axilidade e eficacia \u00e1s empresas galegas nos procesos de recuperaci\u00f3n e transformaci\u00f3n econ\u00f3mica.<\/p>\n<p>Para Alberto Pazos os fondos europeos representan unha excelente oportunidade para transformar o sistema produtivo de Galicia \u201ce mostra disto foi o interese e empe\u00f1o, desde o primeiro momento, do Goberno galego por xestionar con axilidade, algo que incluso foi reco\u00f1ecido polo Goberno central, a trav\u00e9s do propio Ministerio de Econom\u00eda, ao situarnos como a comunidade aut\u00f3noma de Espa\u00f1a con maior porcentaxe de execuci\u00f3n dos fondos europeos de Recuperaci\u00f3n\u201d.<\/p>\n<p>\u201cEste feito demostra que Galicia est\u00e1 na mellor posici\u00f3n para reiterar a s\u00faa demanda de que sexan as comunidades aut\u00f3nomas as encargadas de xestionar directamente os fondos que a\u00ednda est\u00e1n pendentes de transferir ou sen asignar\u201d indicou o portavoz parlamentario.<\/p>\n<p><strong>HABITUAL DESPREZO DO GOBERNO CENTRAL A GALICIA<\/strong><\/p>\n<p>Alberto Pazos lamentou na rolda de prensa o \u201chabitual desprezo co que o Goberno de Pedro S\u00e1nchez trata a Galicia e aos galegos, polo simple feito de que non conf\u00edan no PSOE e confirman, elecci\u00f3n tras elecci\u00f3n, o apoio ao PP como a opci\u00f3n que prefiren que contin\u00fae ao fronte da Xunta de Galicia\u201d.<\/p>\n<p>Nese sentido, sinalou que o Grupo Popular defender\u00e1 no Pleno da pr\u00f3xima semana cuesti\u00f3ns de m\u00e1xima prioridade e urxentes para Galicia como a mellora das conexi\u00f3ns ferroviarias ou o traspaso de medios materiais e persoais necesarios para xestionar a nosa costa.<\/p>\n","protected":false},"excerpt":{"rendered":"<p>Alberto Pazos denunciou hoxe no Parlamento a falta de xesti\u00f3n dos fondos europeos por parte do Goberno de Pedro S\u00e1nchez, \u201cdos que ten adxudicados s\u00f3 o 30% e a metade deles est\u00e1n sen convocar\u201d en claro contraste coa eficacia e xesti\u00f3n eficiente do Goberno de Alfonso Rueda \u201cque xa adxudicou o 90% das axudas asignadas [&hellip;]<\/p>\n","protected":false},"author":40,"featured_media":62836,"comment_status":"open","ping_status":"open","sticky":false,"template":"","format":"standard","meta":{"_acf_changed":false,"footnotes":""},"categories":[1],"tags":[],"class_list":["post-62835","post","type-post","status-publish","format-standard","has-post-thumbnail","hentry","category-pp-de-galicia"],"acf":[],"yoast_head":"<!-- This site is optimized with the Yoast SEO plugin v27.3 - https:\/\/yoast.com\/product\/yoast-seo-wordpress\/ -->\n<title>Alberto Pazos: \u201cA falta de xesti\u00f3n dos fondos europeos do Goberno de Pedro S\u00e1nchez, dos que adxudicou s\u00f3 o 30%, contrasta co 90% adxudicado polo Goberno de Alfonso Rueda\u201d - PP de Galicia<\/title>\n<meta name=\"description\" content=\"Alberto Pazos denunciou hoxe no Parlamento a falta de xesti\u00f3n dos fondos europeos por parte do Goberno de Pedro S\u00e1nchez, \u201cdos que ten adxudicados s\u00f3 o 30% e a metade deles est\u00e1n sen convocar\u201d en claro contraste coa eficacia e xesti\u00f3n eficiente do Goberno de Alfonso Rueda \u201cque xa adxudicou o 90% das axudas asignadas a Galicia\u201d.\" \/>\n<meta name=\"robots\" content=\"index, follow, max-snippet:-1, max-image-preview:large, max-video-preview:-1\" \/>\n<link rel=\"canonical\" href=\"https:\/\/ppdegalicia.com\/es\/alberto-pazos-a-falta-de-xestion-dos-fondos-europeos-do-goberno-de-pedro-sanchez-dos-que-adxudicou-so-o-30-contrasta-co-90-adxudicado-polo-goberno-de-alfonso-rueda\/\" \/>\n<meta property=\"og:locale\" content=\"es_ES\" \/>\n<meta property=\"og:type\" content=\"article\" \/>\n<meta property=\"og:title\" content=\"Alberto Pazos: \u201cA falta de xesti\u00f3n dos fondos europeos do Goberno de Pedro S\u00e1nchez, dos que adxudicou s\u00f3 o 30%, contrasta co 90% adxudicado polo Goberno de Alfonso Rueda\u201d - PP de Galicia\" \/>\n<meta property=\"og:description\" content=\"Alberto Pazos denunciou hoxe no Parlamento a falta de xesti\u00f3n dos fondos europeos por parte do Goberno de Pedro S\u00e1nchez, \u201cdos que ten adxudicados s\u00f3 o 30% e a metade deles est\u00e1n sen convocar\u201d en claro contraste coa eficacia e xesti\u00f3n eficiente do Goberno de Alfonso Rueda \u201cque xa adxudicou o 90% das axudas asignadas a Galicia\u201d.\" \/>\n<meta property=\"og:url\" content=\"https:\/\/ppdegalicia.com\/es\/alberto-pazos-a-falta-de-xestion-dos-fondos-europeos-do-goberno-de-pedro-sanchez-dos-que-adxudicou-so-o-30-contrasta-co-90-adxudicado-polo-goberno-de-alfonso-rueda\/\" \/>\n<meta property=\"og:site_name\" content=\"PP de Galicia\" \/>\n<meta property=\"article:publisher\" content=\"https:\/\/www.instagram.com\/ppdegalicia\/\" \/>\n<meta property=\"article:published_time\" content=\"2024-05-10T12:48:13+00:00\" \/>\n<meta property=\"og:image\" content=\"https:\/\/ppdegalicia.com\/wp-content\/uploads\/2024\/05\/20240510_APazos_rdp2-scaled.jpg\" \/>\n\t<meta property=\"og:image:width\" content=\"2560\" \/>\n\t<meta property=\"og:image:height\" content=\"1707\" \/>\n\t<meta property=\"og:image:type\" content=\"image\/jpeg\" \/>\n<meta name=\"author\" content=\"ppdegaliciaedtis\" \/>\n<meta name=\"twitter:card\" content=\"summary_large_image\" \/>\n<meta name=\"twitter:creator\" content=\"@ppdegalicia\" \/>\n<meta name=\"twitter:site\" content=\"@ppdegalicia\" \/>\n<meta name=\"twitter:label1\" content=\"Escrito por\" \/>\n\t<meta name=\"twitter:data1\" content=\"ppdegaliciaedtis\" \/>\n\t<meta name=\"twitter:label2\" content=\"Tiempo de lectura\" \/>\n\t<meta name=\"twitter:data2\" content=\"4 minutos\" \/>\n<script type=\"application\/ld+json\" class=\"yoast-schema-graph\">{\"@context\":\"https:\\\/\\\/schema.org\",\"@graph\":[{\"@type\":\"Article\",\"@id\":\"https:\\\/\\\/ppdegalicia.com\\\/es\\\/alberto-pazos-a-falta-de-xestion-dos-fondos-europeos-do-goberno-de-pedro-sanchez-dos-que-adxudicou-so-o-30-contrasta-co-90-adxudicado-polo-goberno-de-alfonso-rueda\\\/#article\",\"isPartOf\":{\"@id\":\"https:\\\/\\\/ppdegalicia.com\\\/es\\\/alberto-pazos-a-falta-de-xestion-dos-fondos-europeos-do-goberno-de-pedro-sanchez-dos-que-adxudicou-so-o-30-contrasta-co-90-adxudicado-polo-goberno-de-alfonso-rueda\\\/\"},\"author\":{\"name\":\"ppdegaliciaedtis\",\"@id\":\"https:\\\/\\\/ppdegalicia.com\\\/es\\\/#\\\/schema\\\/person\\\/bc9b46e59ebd34bf28611158c3867388\"},\"headline\":\"Alberto Pazos: \u201cA falta de xesti\u00f3n dos fondos europeos do Goberno de Pedro S\u00e1nchez, dos que adxudicou s\u00f3 o 30%, contrasta co 90% adxudicado polo Goberno de Alfonso Rueda\u201d\",\"datePublished\":\"2024-05-10T12:48:13+00:00\",\"mainEntityOfPage\":{\"@id\":\"https:\\\/\\\/ppdegalicia.com\\\/es\\\/alberto-pazos-a-falta-de-xestion-dos-fondos-europeos-do-goberno-de-pedro-sanchez-dos-que-adxudicou-so-o-30-contrasta-co-90-adxudicado-polo-goberno-de-alfonso-rueda\\\/\"},\"wordCount\":588,\"commentCount\":0,\"publisher\":{\"@id\":\"https:\\\/\\\/ppdegalicia.com\\\/es\\\/#organization\"},\"image\":{\"@id\":\"https:\\\/\\\/ppdegalicia.com\\\/es\\\/alberto-pazos-a-falta-de-xestion-dos-fondos-europeos-do-goberno-de-pedro-sanchez-dos-que-adxudicou-so-o-30-contrasta-co-90-adxudicado-polo-goberno-de-alfonso-rueda\\\/#primaryimage\"},\"thumbnailUrl\":\"https:\\\/\\\/ppdegalicia.com\\\/wp-content\\\/uploads\\\/2024\\\/05\\\/20240510_APazos_rdp2-scaled.jpg\",\"articleSection\":[\"PP de Galicia\"],\"inLanguage\":\"es\",\"potentialAction\":[{\"@type\":\"CommentAction\",\"name\":\"Comment\",\"target\":[\"https:\\\/\\\/ppdegalicia.com\\\/es\\\/alberto-pazos-a-falta-de-xestion-dos-fondos-europeos-do-goberno-de-pedro-sanchez-dos-que-adxudicou-so-o-30-contrasta-co-90-adxudicado-polo-goberno-de-alfonso-rueda\\\/#respond\"]}]},{\"@type\":\"WebPage\",\"@id\":\"https:\\\/\\\/ppdegalicia.com\\\/es\\\/alberto-pazos-a-falta-de-xestion-dos-fondos-europeos-do-goberno-de-pedro-sanchez-dos-que-adxudicou-so-o-30-contrasta-co-90-adxudicado-polo-goberno-de-alfonso-rueda\\\/\",\"url\":\"https:\\\/\\\/ppdegalicia.com\\\/es\\\/alberto-pazos-a-falta-de-xestion-dos-fondos-europeos-do-goberno-de-pedro-sanchez-dos-que-adxudicou-so-o-30-contrasta-co-90-adxudicado-polo-goberno-de-alfonso-rueda\\\/\",\"name\":\"Alberto Pazos: \u201cA falta de xesti\u00f3n dos fondos europeos do Goberno de Pedro S\u00e1nchez, dos que adxudicou s\u00f3 o 30%, contrasta co 90% adxudicado polo Goberno de Alfonso Rueda\u201d - PP de Galicia\",\"isPartOf\":{\"@id\":\"https:\\\/\\\/ppdegalicia.com\\\/es\\\/#website\"},\"primaryImageOfPage\":{\"@id\":\"https:\\\/\\\/ppdegalicia.com\\\/es\\\/alberto-pazos-a-falta-de-xestion-dos-fondos-europeos-do-goberno-de-pedro-sanchez-dos-que-adxudicou-so-o-30-contrasta-co-90-adxudicado-polo-goberno-de-alfonso-rueda\\\/#primaryimage\"},\"image\":{\"@id\":\"https:\\\/\\\/ppdegalicia.com\\\/es\\\/alberto-pazos-a-falta-de-xestion-dos-fondos-europeos-do-goberno-de-pedro-sanchez-dos-que-adxudicou-so-o-30-contrasta-co-90-adxudicado-polo-goberno-de-alfonso-rueda\\\/#primaryimage\"},\"thumbnailUrl\":\"https:\\\/\\\/ppdegalicia.com\\\/wp-content\\\/uploads\\\/2024\\\/05\\\/20240510_APazos_rdp2-scaled.jpg\",\"datePublished\":\"2024-05-10T12:48:13+00:00\",\"description\":\"Alberto Pazos denunciou hoxe no Parlamento a falta de xesti\u00f3n dos fondos europeos por parte do Goberno de Pedro S\u00e1nchez, \u201cdos que ten adxudicados s\u00f3 o 30% e a metade deles est\u00e1n sen convocar\u201d en claro contraste coa eficacia e xesti\u00f3n eficiente do Goberno de Alfonso Rueda \u201cque xa adxudicou o 90% das axudas asignadas a Galicia\u201d.\",\"breadcrumb\":{\"@id\":\"https:\\\/\\\/ppdegalicia.com\\\/es\\\/alberto-pazos-a-falta-de-xestion-dos-fondos-europeos-do-goberno-de-pedro-sanchez-dos-que-adxudicou-so-o-30-contrasta-co-90-adxudicado-polo-goberno-de-alfonso-rueda\\\/#breadcrumb\"},\"inLanguage\":\"es\",\"potentialAction\":[{\"@type\":\"ReadAction\",\"target\":[\"https:\\\/\\\/ppdegalicia.com\\\/es\\\/alberto-pazos-a-falta-de-xestion-dos-fondos-europeos-do-goberno-de-pedro-sanchez-dos-que-adxudicou-so-o-30-contrasta-co-90-adxudicado-polo-goberno-de-alfonso-rueda\\\/\"]}]},{\"@type\":\"ImageObject\",\"inLanguage\":\"es\",\"@id\":\"https:\\\/\\\/ppdegalicia.com\\\/es\\\/alberto-pazos-a-falta-de-xestion-dos-fondos-europeos-do-goberno-de-pedro-sanchez-dos-que-adxudicou-so-o-30-contrasta-co-90-adxudicado-polo-goberno-de-alfonso-rueda\\\/#primaryimage\",\"url\":\"https:\\\/\\\/ppdegalicia.com\\\/wp-content\\\/uploads\\\/2024\\\/05\\\/20240510_APazos_rdp2-scaled.jpg\",\"contentUrl\":\"https:\\\/\\\/ppdegalicia.com\\\/wp-content\\\/uploads\\\/2024\\\/05\\\/20240510_APazos_rdp2-scaled.jpg\",\"width\":2560,\"height\":1707},{\"@type\":\"BreadcrumbList\",\"@id\":\"https:\\\/\\\/ppdegalicia.com\\\/es\\\/alberto-pazos-a-falta-de-xestion-dos-fondos-europeos-do-goberno-de-pedro-sanchez-dos-que-adxudicou-so-o-30-contrasta-co-90-adxudicado-polo-goberno-de-alfonso-rueda\\\/#breadcrumb\",\"itemListElement\":[{\"@type\":\"ListItem\",\"position\":1,\"name\":\"Portada\",\"item\":\"https:\\\/\\\/ppdegalicia.com\\\/es\\\/\"},{\"@type\":\"ListItem\",\"position\":2,\"name\":\"Alberto Pazos: \u201cA falta de xesti\u00f3n dos fondos europeos do Goberno de Pedro S\u00e1nchez, dos que adxudicou s\u00f3 o 30%, contrasta co 90% adxudicado polo Goberno de Alfonso Rueda\u201d\"}]},{\"@type\":\"WebSite\",\"@id\":\"https:\\\/\\\/ppdegalicia.com\\\/es\\\/#website\",\"url\":\"https:\\\/\\\/ppdegalicia.com\\\/es\\\/\",\"name\":\"Partido Popular de Galicia\",\"description\":\"Partido Popular de Galicia\",\"publisher\":{\"@id\":\"https:\\\/\\\/ppdegalicia.com\\\/es\\\/#organization\"},\"alternateName\":\"PP de Galicia\",\"potentialAction\":[{\"@type\":\"SearchAction\",\"target\":{\"@type\":\"EntryPoint\",\"urlTemplate\":\"https:\\\/\\\/ppdegalicia.com\\\/es\\\/?s={search_term_string}\"},\"query-input\":{\"@type\":\"PropertyValueSpecification\",\"valueRequired\":true,\"valueName\":\"search_term_string\"}}],\"inLanguage\":\"es\"},{\"@type\":\"Organization\",\"@id\":\"https:\\\/\\\/ppdegalicia.com\\\/es\\\/#organization\",\"name\":\"Partido Popular de Galicia\",\"alternateName\":\"PP de Galicia\",\"url\":\"https:\\\/\\\/ppdegalicia.com\\\/es\\\/\",\"logo\":{\"@type\":\"ImageObject\",\"inLanguage\":\"es\",\"@id\":\"https:\\\/\\\/ppdegalicia.com\\\/es\\\/#\\\/schema\\\/logo\\\/image\\\/\",\"url\":\"https:\\\/\\\/ppdegalicia.com\\\/wp-content\\\/uploads\\\/2023\\\/04\\\/logoPP512.png\",\"contentUrl\":\"https:\\\/\\\/ppdegalicia.com\\\/wp-content\\\/uploads\\\/2023\\\/04\\\/logoPP512.png\",\"width\":512,\"height\":512,\"caption\":\"Partido Popular de Galicia\"},\"image\":{\"@id\":\"https:\\\/\\\/ppdegalicia.com\\\/es\\\/#\\\/schema\\\/logo\\\/image\\\/\"},\"sameAs\":[\"https:\\\/\\\/www.instagram.com\\\/ppdegalicia\\\/\",\"https:\\\/\\\/x.com\\\/ppdegalicia\",\"https:\\\/\\\/www.tiktok.com\\\/@ppdegalicia\",\"https:\\\/\\\/www.youtube.com\\\/user\\\/ppdegalicia\"]},{\"@type\":\"Person\",\"@id\":\"https:\\\/\\\/ppdegalicia.com\\\/es\\\/#\\\/schema\\\/person\\\/bc9b46e59ebd34bf28611158c3867388\",\"name\":\"ppdegaliciaedtis\",\"image\":{\"@type\":\"ImageObject\",\"inLanguage\":\"es\",\"@id\":\"https:\\\/\\\/secure.gravatar.com\\\/avatar\\\/f9f8cf6e03df54a1b0d04a6b4b8e8c6bd63c10a439752e84d87a5385aefe2ced?s=96&d=mm&r=g\",\"url\":\"https:\\\/\\\/secure.gravatar.com\\\/avatar\\\/f9f8cf6e03df54a1b0d04a6b4b8e8c6bd63c10a439752e84d87a5385aefe2ced?s=96&d=mm&r=g\",\"contentUrl\":\"https:\\\/\\\/secure.gravatar.com\\\/avatar\\\/f9f8cf6e03df54a1b0d04a6b4b8e8c6bd63c10a439752e84d87a5385aefe2ced?s=96&d=mm&r=g\",\"caption\":\"ppdegaliciaedtis\"},\"url\":\"https:\\\/\\\/ppdegalicia.com\\\/es\\\/author\\\/ppdegaliciaedits\\\/\"}]}<\/script>\n<!-- \/ Yoast SEO plugin. -->","yoast_head_json":{"title":"Alberto Pazos: \u201cA falta de xesti\u00f3n dos fondos europeos do Goberno de Pedro S\u00e1nchez, dos que adxudicou s\u00f3 o 30%, contrasta co 90% adxudicado polo Goberno de Alfonso Rueda\u201d - PP de Galicia","description":"Alberto Pazos denunciou hoxe no Parlamento a falta de xesti\u00f3n dos fondos europeos por parte do Goberno de Pedro S\u00e1nchez, \u201cdos que ten adxudicados s\u00f3 o 30% e a metade deles est\u00e1n sen convocar\u201d en claro contraste coa eficacia e xesti\u00f3n eficiente do Goberno de Alfonso Rueda \u201cque xa adxudicou o 90% das axudas asignadas a Galicia\u201d.","robots":{"index":"index","follow":"follow","max-snippet":"max-snippet:-1","max-image-preview":"max-image-preview:large","max-video-preview":"max-video-preview:-1"},"canonical":"https:\/\/ppdegalicia.com\/es\/alberto-pazos-a-falta-de-xestion-dos-fondos-europeos-do-goberno-de-pedro-sanchez-dos-que-adxudicou-so-o-30-contrasta-co-90-adxudicado-polo-goberno-de-alfonso-rueda\/","og_locale":"es_ES","og_type":"article","og_title":"Alberto Pazos: \u201cA falta de xesti\u00f3n dos fondos europeos do Goberno de Pedro S\u00e1nchez, dos que adxudicou s\u00f3 o 30%, contrasta co 90% adxudicado polo Goberno de Alfonso Rueda\u201d - PP de Galicia","og_description":"Alberto Pazos denunciou hoxe no Parlamento a falta de xesti\u00f3n dos fondos europeos por parte do Goberno de Pedro S\u00e1nchez, \u201cdos que ten adxudicados s\u00f3 o 30% e a metade deles est\u00e1n sen convocar\u201d en claro contraste coa eficacia e xesti\u00f3n eficiente do Goberno de Alfonso Rueda \u201cque xa adxudicou o 90% das axudas asignadas a Galicia\u201d.","og_url":"https:\/\/ppdegalicia.com\/es\/alberto-pazos-a-falta-de-xestion-dos-fondos-europeos-do-goberno-de-pedro-sanchez-dos-que-adxudicou-so-o-30-contrasta-co-90-adxudicado-polo-goberno-de-alfonso-rueda\/","og_site_name":"PP de Galicia","article_publisher":"https:\/\/www.instagram.com\/ppdegalicia\/","article_published_time":"2024-05-10T12:48:13+00:00","og_image":[{"width":2560,"height":1707,"url":"https:\/\/ppdegalicia.com\/wp-content\/uploads\/2024\/05\/20240510_APazos_rdp2-scaled.jpg","type":"image\/jpeg"}],"author":"ppdegaliciaedtis","twitter_card":"summary_large_image","twitter_creator":"@ppdegalicia","twitter_site":"@ppdegalicia","twitter_misc":{"Escrito por":"ppdegaliciaedtis","Tiempo de lectura":"4 minutos"},"schema":{"@context":"https:\/\/schema.org","@graph":[{"@type":"Article","@id":"https:\/\/ppdegalicia.com\/es\/alberto-pazos-a-falta-de-xestion-dos-fondos-europeos-do-goberno-de-pedro-sanchez-dos-que-adxudicou-so-o-30-contrasta-co-90-adxudicado-polo-goberno-de-alfonso-rueda\/#article","isPartOf":{"@id":"https:\/\/ppdegalicia.com\/es\/alberto-pazos-a-falta-de-xestion-dos-fondos-europeos-do-goberno-de-pedro-sanchez-dos-que-adxudicou-so-o-30-contrasta-co-90-adxudicado-polo-goberno-de-alfonso-rueda\/"},"author":{"name":"ppdegaliciaedtis","@id":"https:\/\/ppdegalicia.com\/es\/#\/schema\/person\/bc9b46e59ebd34bf28611158c3867388"},"headline":"Alberto Pazos: \u201cA falta de xesti\u00f3n dos fondos europeos do Goberno de Pedro S\u00e1nchez, dos que adxudicou s\u00f3 o 30%, contrasta co 90% adxudicado polo Goberno de Alfonso Rueda\u201d","datePublished":"2024-05-10T12:48:13+00:00","mainEntityOfPage":{"@id":"https:\/\/ppdegalicia.com\/es\/alberto-pazos-a-falta-de-xestion-dos-fondos-europeos-do-goberno-de-pedro-sanchez-dos-que-adxudicou-so-o-30-contrasta-co-90-adxudicado-polo-goberno-de-alfonso-rueda\/"},"wordCount":588,"commentCount":0,"publisher":{"@id":"https:\/\/ppdegalicia.com\/es\/#organization"},"image":{"@id":"https:\/\/ppdegalicia.com\/es\/alberto-pazos-a-falta-de-xestion-dos-fondos-europeos-do-goberno-de-pedro-sanchez-dos-que-adxudicou-so-o-30-contrasta-co-90-adxudicado-polo-goberno-de-alfonso-rueda\/#primaryimage"},"thumbnailUrl":"https:\/\/ppdegalicia.com\/wp-content\/uploads\/2024\/05\/20240510_APazos_rdp2-scaled.jpg","articleSection":["PP de Galicia"],"inLanguage":"es","potentialAction":[{"@type":"CommentAction","name":"Comment","target":["https:\/\/ppdegalicia.com\/es\/alberto-pazos-a-falta-de-xestion-dos-fondos-europeos-do-goberno-de-pedro-sanchez-dos-que-adxudicou-so-o-30-contrasta-co-90-adxudicado-polo-goberno-de-alfonso-rueda\/#respond"]}]},{"@type":"WebPage","@id":"https:\/\/ppdegalicia.com\/es\/alberto-pazos-a-falta-de-xestion-dos-fondos-europeos-do-goberno-de-pedro-sanchez-dos-que-adxudicou-so-o-30-contrasta-co-90-adxudicado-polo-goberno-de-alfonso-rueda\/","url":"https:\/\/ppdegalicia.com\/es\/alberto-pazos-a-falta-de-xestion-dos-fondos-europeos-do-goberno-de-pedro-sanchez-dos-que-adxudicou-so-o-30-contrasta-co-90-adxudicado-polo-goberno-de-alfonso-rueda\/","name":"Alberto Pazos: \u201cA falta de xesti\u00f3n dos fondos europeos do Goberno de Pedro S\u00e1nchez, dos que adxudicou s\u00f3 o 30%, contrasta co 90% adxudicado polo Goberno de Alfonso Rueda\u201d - PP de Galicia","isPartOf":{"@id":"https:\/\/ppdegalicia.com\/es\/#website"},"primaryImageOfPage":{"@id":"https:\/\/ppdegalicia.com\/es\/alberto-pazos-a-falta-de-xestion-dos-fondos-europeos-do-goberno-de-pedro-sanchez-dos-que-adxudicou-so-o-30-contrasta-co-90-adxudicado-polo-goberno-de-alfonso-rueda\/#primaryimage"},"image":{"@id":"https:\/\/ppdegalicia.com\/es\/alberto-pazos-a-falta-de-xestion-dos-fondos-europeos-do-goberno-de-pedro-sanchez-dos-que-adxudicou-so-o-30-contrasta-co-90-adxudicado-polo-goberno-de-alfonso-rueda\/#primaryimage"},"thumbnailUrl":"https:\/\/ppdegalicia.com\/wp-content\/uploads\/2024\/05\/20240510_APazos_rdp2-scaled.jpg","datePublished":"2024-05-10T12:48:13+00:00","description":"Alberto Pazos denunciou hoxe no Parlamento a falta de xesti\u00f3n dos fondos europeos por parte do Goberno de Pedro S\u00e1nchez, \u201cdos que ten adxudicados s\u00f3 o 30% e a metade deles est\u00e1n sen convocar\u201d en claro contraste coa eficacia e xesti\u00f3n eficiente do Goberno de Alfonso Rueda \u201cque xa adxudicou o 90% das axudas asignadas a Galicia\u201d.","breadcrumb":{"@id":"https:\/\/ppdegalicia.com\/es\/alberto-pazos-a-falta-de-xestion-dos-fondos-europeos-do-goberno-de-pedro-sanchez-dos-que-adxudicou-so-o-30-contrasta-co-90-adxudicado-polo-goberno-de-alfonso-rueda\/#breadcrumb"},"inLanguage":"es","potentialAction":[{"@type":"ReadAction","target":["https:\/\/ppdegalicia.com\/es\/alberto-pazos-a-falta-de-xestion-dos-fondos-europeos-do-goberno-de-pedro-sanchez-dos-que-adxudicou-so-o-30-contrasta-co-90-adxudicado-polo-goberno-de-alfonso-rueda\/"]}]},{"@type":"ImageObject","inLanguage":"es","@id":"https:\/\/ppdegalicia.com\/es\/alberto-pazos-a-falta-de-xestion-dos-fondos-europeos-do-goberno-de-pedro-sanchez-dos-que-adxudicou-so-o-30-contrasta-co-90-adxudicado-polo-goberno-de-alfonso-rueda\/#primaryimage","url":"https:\/\/ppdegalicia.com\/wp-content\/uploads\/2024\/05\/20240510_APazos_rdp2-scaled.jpg","contentUrl":"https:\/\/ppdegalicia.com\/wp-content\/uploads\/2024\/05\/20240510_APazos_rdp2-scaled.jpg","width":2560,"height":1707},{"@type":"BreadcrumbList","@id":"https:\/\/ppdegalicia.com\/es\/alberto-pazos-a-falta-de-xestion-dos-fondos-europeos-do-goberno-de-pedro-sanchez-dos-que-adxudicou-so-o-30-contrasta-co-90-adxudicado-polo-goberno-de-alfonso-rueda\/#breadcrumb","itemListElement":[{"@type":"ListItem","position":1,"name":"Portada","item":"https:\/\/ppdegalicia.com\/es\/"},{"@type":"ListItem","position":2,"name":"Alberto Pazos: \u201cA falta de xesti\u00f3n dos fondos europeos do Goberno de Pedro S\u00e1nchez, dos que adxudicou s\u00f3 o 30%, contrasta co 90% adxudicado polo Goberno de Alfonso Rueda\u201d"}]},{"@type":"WebSite","@id":"https:\/\/ppdegalicia.com\/es\/#website","url":"https:\/\/ppdegalicia.com\/es\/","name":"Partido Popular de Galicia","description":"Partido Popular de Galicia","publisher":{"@id":"https:\/\/ppdegalicia.com\/es\/#organization"},"alternateName":"PP de Galicia","potentialAction":[{"@type":"SearchAction","target":{"@type":"EntryPoint","urlTemplate":"https:\/\/ppdegalicia.com\/es\/?s={search_term_string}"},"query-input":{"@type":"PropertyValueSpecification","valueRequired":true,"valueName":"search_term_string"}}],"inLanguage":"es"},{"@type":"Organization","@id":"https:\/\/ppdegalicia.com\/es\/#organization","name":"Partido Popular de Galicia","alternateName":"PP de Galicia","url":"https:\/\/ppdegalicia.com\/es\/","logo":{"@type":"ImageObject","inLanguage":"es","@id":"https:\/\/ppdegalicia.com\/es\/#\/schema\/logo\/image\/","url":"https:\/\/ppdegalicia.com\/wp-content\/uploads\/2023\/04\/logoPP512.png","contentUrl":"https:\/\/ppdegalicia.com\/wp-content\/uploads\/2023\/04\/logoPP512.png","width":512,"height":512,"caption":"Partido Popular de Galicia"},"image":{"@id":"https:\/\/ppdegalicia.com\/es\/#\/schema\/logo\/image\/"},"sameAs":["https:\/\/www.instagram.com\/ppdegalicia\/","https:\/\/x.com\/ppdegalicia","https:\/\/www.tiktok.com\/@ppdegalicia","https:\/\/www.youtube.com\/user\/ppdegalicia"]},{"@type":"Person","@id":"https:\/\/ppdegalicia.com\/es\/#\/schema\/person\/bc9b46e59ebd34bf28611158c3867388","name":"ppdegaliciaedtis","image":{"@type":"ImageObject","inLanguage":"es","@id":"https:\/\/secure.gravatar.com\/avatar\/f9f8cf6e03df54a1b0d04a6b4b8e8c6bd63c10a439752e84d87a5385aefe2ced?s=96&d=mm&r=g","url":"https:\/\/secure.gravatar.com\/avatar\/f9f8cf6e03df54a1b0d04a6b4b8e8c6bd63c10a439752e84d87a5385aefe2ced?s=96&d=mm&r=g","contentUrl":"https:\/\/secure.gravatar.com\/avatar\/f9f8cf6e03df54a1b0d04a6b4b8e8c6bd63c10a439752e84d87a5385aefe2ced?s=96&d=mm&r=g","caption":"ppdegaliciaedtis"},"url":"https:\/\/ppdegalicia.com\/es\/author\/ppdegaliciaedits\/"}]}},"_links":{"self":[{"href":"https:\/\/ppdegalicia.com\/es\/wp-json\/wp\/v2\/posts\/62835","targetHints":{"allow":["GET"]}}],"collection":[{"href":"https:\/\/ppdegalicia.com\/es\/wp-json\/wp\/v2\/posts"}],"about":[{"href":"https:\/\/ppdegalicia.com\/es\/wp-json\/wp\/v2\/types\/post"}],"author":[{"embeddable":true,"href":"https:\/\/ppdegalicia.com\/es\/wp-json\/wp\/v2\/users\/40"}],"replies":[{"embeddable":true,"href":"https:\/\/ppdegalicia.com\/es\/wp-json\/wp\/v2\/comments?post=62835"}],"version-history":[{"count":1,"href":"https:\/\/ppdegalicia.com\/es\/wp-json\/wp\/v2\/posts\/62835\/revisions"}],"predecessor-version":[{"id":62838,"href":"https:\/\/ppdegalicia.com\/es\/wp-json\/wp\/v2\/posts\/62835\/revisions\/62838"}],"wp:featuredmedia":[{"embeddable":true,"href":"https:\/\/ppdegalicia.com\/es\/wp-json\/wp\/v2\/media\/62836"}],"wp:attachment":[{"href":"https:\/\/ppdegalicia.com\/es\/wp-json\/wp\/v2\/media?parent=62835"}],"wp:term":[{"taxonomy":"category","embeddable":true,"href":"https:\/\/ppdegalicia.com\/es\/wp-json\/wp\/v2\/categories?post=62835"},{"taxonomy":"post_tag","embeddable":true,"href":"https:\/\/ppdegalicia.com\/es\/wp-json\/wp\/v2\/tags?post=62835"}],"curies":[{"name":"wp","href":"https:\/\/api.w.org\/{rel}","templated":true}]}}