{"id":62865,"date":"2024-05-10T18:16:01","date_gmt":"2024-05-10T17:16:01","guid":{"rendered":"https:\/\/ppdegalicia.com\/?p=62865"},"modified":"2024-05-13T18:17:33","modified_gmt":"2024-05-13T17:17:33","slug":"o-ppdeg-reivindicase-ante-as-eleccions-europeas-como-o-partido-das-familias-galicia-e-o-mellor-lugar-para-nacer-crecer-e-formar-unha-familia","status":"publish","type":"post","link":"https:\/\/ppdegalicia.com\/es\/o-ppdeg-reivindicase-ante-as-eleccions-europeas-como-o-partido-das-familias-galicia-e-o-mellor-lugar-para-nacer-crecer-e-formar-unha-familia\/","title":{"rendered":"O PPdeG reivind\u00edcase ante as elecci\u00f3ns europeas como o partido das familias: \u201cGalicia \u00e9 o mellor lugar para nacer, crecer e formar unha familia\u201d"},"content":{"rendered":"<p style=\"font-weight: 400;\">O PPdeG reivindicouse hoxe como o partido das familias galegas po\u00f1endo en valor as medidas pioneiras que est\u00e1 impulsando o Goberno de Alfonso Rueda e que fan de Galicia non s\u00f3 \u201co mellor lugar para nacer, crecer e formar unha familia\u00bb, sen\u00f3n tam\u00e9n \u201ca Comunidade que m\u00e1is apoio ofrece \u00e1s familias\u201d.<\/p>\n<p style=\"font-weight: 400;\">Nunha intervenci\u00f3n durante o acto celebrado en San Cibrao das Vi\u00f1as para conmemorar o D\u00eda das Familias, a secretaria xeral do partido, Paula Prado, apostou por \u201cseguir investindo no futuro da nosa mocidade e das nosas familias\u201d tomando como punto de partida medidas xa implantadas en Galicia como a gratuidade educativa desde os 0 anos ata a universidade, a ampliaci\u00f3n do acceso \u00e1 fecundaci\u00f3n in vitro ata os 45 anos e a posibilidade de conxelar \u00f3vulos na sanidade p\u00fablica.<\/p>\n<p style=\"font-weight: 400;\">Un compromiso coas familias por parte de Alfonso Rueda que a n\u00famero dous dos populares galegos contrapuxo ao un Pedro S\u00e1nchez que \u201cnon se acorda de Galicia\u201d e a un BNG \u201caliado do radicalismo de Bildu e ERC\u201d. Por iso apelou a que os galegos \u201cnon se deixen enganar\u201d nas pr\u00f3ximas elecci\u00f3ns europeas e opten polo sentidi\u00f1o que garante o PPdeG: \u201cO \u00fanico partido comprometido coa defensa dos intereses de Galicia, tam\u00e9n en Europa\u201d.<\/p>\n<p style=\"font-weight: 400;\">Unha idea que complementou explicando que Galicia \u00e9 as\u00ed mesmo \u201co lugar perfecto para nacer e medrar en igualdade, para recibir unha educaci\u00f3n de calidade gratu\u00edta, para gozar dunha excelente sanidade p\u00fablica e contar cun calendario de vacinaci\u00f3n referente en Europa\u201d.<\/p>\n<p style=\"font-weight: 400;\"><strong><u>FABIOLA GARC\u00cdA: \u201cAS FAMILIAS SON AS PROTAGONISTAS DE GALICIA\u201d<\/u><\/strong><\/p>\n<p style=\"font-weight: 400;\">A responsable de Pol\u00edtica Social e Igualdade do Goberno galego, Fabiola Garc\u00eda, reivindicou \u00e1s familias galegas como as verdadeiras protagonistas do seu d\u00eda a d\u00eda, da tarefa que desenvolve a s\u00faa Conseller\u00eda e, especialmente, \u00abas protagonistas da Galicia na que cre e impulsa o PPdeG e constr\u00fae o presidente Alfonso Rueda\u00bb.<\/p>\n<p style=\"font-weight: 400;\">Por iso conclu\u00edu que o Partido Popular \u00e9 o partido que m\u00e1is se parece \u00e1s familias galegas porque \u00abimpulsa medidas pioneiras e valentes para todas elas, sexan do tipo que sexan\u00bb.<\/p>\n<p style=\"font-weight: 400;\"><strong><u>LUIS MENOR AVOGA POR POL\u00cdTICAS QUE FAVOREZAN \u00c1S FAMILIAS<\/u><\/strong><\/p>\n<p style=\"font-weight: 400;\">O l\u00edder provincial do partido, Luis Menor, situou \u00e1s familias como centro prioritario das pol\u00edticas populares: \u201cNo Partido Popular sabemos que as familias son o eixo fundamental da nosa sociedade, polo que son obxecto primordial das pol\u00edticas que desenvolvemos desde todos os \u00e1mbitos da xesti\u00f3n p\u00fablica\u201d.<\/p>\n<p style=\"font-weight: 400;\">\u201cAs administraci\u00f3ns p\u00fablicas temos que traballar d\u00eda a d\u00eda para adaptarnos \u00e1s necesidades das nosas familias\u201d, lembrou Menor, refer\u00edndose \u00e1s pol\u00edticas que a Deputaci\u00f3n de Ourense ten en marcha para axudar \u00e1 natalidade, servizos de axuda no fogar ou programas sociais espec\u00edficos de atenci\u00f3n a mulleres vulnerables e os que dan cobertura a persoas con enfermidades cr\u00f3nicas.<\/p>\n<p style=\"font-weight: 400;\">Menor proclamou que \u201cas pol\u00edticas do Partido Popular fac\u00e9molas po\u00f1endo en marcha servizos, axudas e infraestruturas que contrib\u00faen a axudar \u00e1s familias no seu d\u00eda a d\u00eda e \u00a0fac\u00e9molo as\u00ed porque estamos ao car\u00f3n da xente, escoitamos \u00e1s persoas e sabemos buscar as mellores respostas \u00e1s s\u00faas demandas, devolv\u00e9ndolles os seus votos coas mellores pol\u00edticas que favorezan a todas as familias\u201d.<\/p>\n<p style=\"font-weight: 400;\"><strong><u>MARTA NOVOA PON EN VALOR A CONTRIBUCI\u00d3N DO CONCELLO<\/u><\/strong><\/p>\n<p style=\"font-weight: 400;\">A alcaldesa de San Cibrao das Vi\u00f1as, Marta Novoa, quixo po\u00f1er en valor a contribuci\u00f3n deste Concello \u00e1 hora de mellorar os servizos dos que desfrutan as familias desde o punto de vista da conciliaci\u00f3n e o apoio \u00e1s familias m\u00e1is novas con nenos en etapas escolares.<\/p>\n<p style=\"font-weight: 400;\">Destacou neste sentido a colaboraci\u00f3n institucional entre a Xunta, a Deputaci\u00f3n provincial e o Concello \u00a0\u00e1 hora de ofertar actividades extraescolares, campamentos e, desde o ano pasado, o servizo de conciliaci\u00f3n para as familias traballadoras.<\/p>\n<p style=\"font-weight: 400;\">\u201cSe somos un concello que ten cada vez m\u00e1is xente nova e a nosa poboaci\u00f3n medrou un 40% nos \u00faltimos 20 anos, \u00e9 grazas ao incremento dos servizos municipais que axudan ao d\u00eda a d\u00eda das nosas familias\u201d, subli\u00f1ou.<\/p>\n","protected":false},"excerpt":{"rendered":"<p>O PPdeG reivindicouse hoxe como o partido das familias galegas po\u00f1endo en valor as medidas pioneiras que est\u00e1 impulsando o Goberno de Alfonso Rueda e que fan de Galicia non s\u00f3 \u201co mellor lugar para nacer, crecer e formar unha familia\u00bb, sen\u00f3n tam\u00e9n \u201ca Comunidade que m\u00e1is apoio ofrece \u00e1s familias\u201d. Nunha intervenci\u00f3n durante o [&hellip;]<\/p>\n","protected":false},"author":40,"featured_media":62866,"comment_status":"open","ping_status":"open","sticky":false,"template":"","format":"standard","meta":{"_acf_changed":false,"footnotes":""},"categories":[1],"tags":[],"class_list":["post-62865","post","type-post","status-publish","format-standard","has-post-thumbnail","hentry","category-pp-de-galicia"],"acf":[],"yoast_head":"<!-- This site is optimized with the Yoast SEO plugin v27.3 - https:\/\/yoast.com\/product\/yoast-seo-wordpress\/ -->\n<title>O PPdeG reivind\u00edcase ante as elecci\u00f3ns europeas como o partido das familias: \u201cGalicia \u00e9 o mellor lugar para nacer, crecer e formar unha familia\u201d - PP de Galicia<\/title>\n<meta name=\"description\" content=\"O PPdeG reivindicouse hoxe como o partido das familias galegas po\u00f1endo en valor as medidas pioneiras que est\u00e1 impulsando o Goberno de Alfonso Rueda e que fan de Galicia non s\u00f3 \u201co mellor lugar para nacer, crecer e formar unha familia&quot;, sen\u00f3n tam\u00e9n \u201ca Comunidade que m\u00e1is apoio ofrece \u00e1s familias\u201d.\" \/>\n<meta name=\"robots\" content=\"index, follow, max-snippet:-1, max-image-preview:large, max-video-preview:-1\" \/>\n<link rel=\"canonical\" href=\"https:\/\/ppdegalicia.com\/es\/o-ppdeg-reivindicase-ante-as-eleccions-europeas-como-o-partido-das-familias-galicia-e-o-mellor-lugar-para-nacer-crecer-e-formar-unha-familia\/\" \/>\n<meta property=\"og:locale\" content=\"es_ES\" \/>\n<meta property=\"og:type\" content=\"article\" \/>\n<meta property=\"og:title\" content=\"O PPdeG reivind\u00edcase ante as elecci\u00f3ns europeas como o partido das familias: \u201cGalicia \u00e9 o mellor lugar para nacer, crecer e formar unha familia\u201d - PP de Galicia\" \/>\n<meta property=\"og:description\" content=\"O PPdeG reivindicouse hoxe como o partido das familias galegas po\u00f1endo en valor as medidas pioneiras que est\u00e1 impulsando o Goberno de Alfonso Rueda e que fan de Galicia non s\u00f3 \u201co mellor lugar para nacer, crecer e formar unha familia&quot;, sen\u00f3n tam\u00e9n \u201ca Comunidade que m\u00e1is apoio ofrece \u00e1s familias\u201d.\" \/>\n<meta property=\"og:url\" content=\"https:\/\/ppdegalicia.com\/es\/o-ppdeg-reivindicase-ante-as-eleccions-europeas-como-o-partido-das-familias-galicia-e-o-mellor-lugar-para-nacer-crecer-e-formar-unha-familia\/\" \/>\n<meta property=\"og:site_name\" content=\"PP de Galicia\" \/>\n<meta property=\"article:publisher\" content=\"https:\/\/www.instagram.com\/ppdegalicia\/\" \/>\n<meta property=\"article:published_time\" content=\"2024-05-10T17:16:01+00:00\" \/>\n<meta property=\"article:modified_time\" content=\"2024-05-13T17:17:33+00:00\" \/>\n<meta property=\"og:image\" content=\"https:\/\/ppdegalicia.com\/wp-content\/uploads\/2024\/05\/20240510_Acto_familias_SanCibrao1-1-scaled.jpg\" \/>\n\t<meta property=\"og:image:width\" content=\"2560\" \/>\n\t<meta property=\"og:image:height\" content=\"1707\" \/>\n\t<meta property=\"og:image:type\" content=\"image\/jpeg\" \/>\n<meta name=\"author\" content=\"ppdegaliciaedtis\" \/>\n<meta name=\"twitter:card\" content=\"summary_large_image\" \/>\n<meta name=\"twitter:creator\" content=\"@ppdegalicia\" \/>\n<meta name=\"twitter:site\" content=\"@ppdegalicia\" \/>\n<meta name=\"twitter:label1\" content=\"Escrito por\" \/>\n\t<meta name=\"twitter:data1\" content=\"ppdegaliciaedtis\" \/>\n\t<meta name=\"twitter:label2\" content=\"Tiempo de lectura\" \/>\n\t<meta name=\"twitter:data2\" content=\"4 minutos\" \/>\n<script type=\"application\/ld+json\" class=\"yoast-schema-graph\">{\"@context\":\"https:\\\/\\\/schema.org\",\"@graph\":[{\"@type\":\"Article\",\"@id\":\"https:\\\/\\\/ppdegalicia.com\\\/es\\\/o-ppdeg-reivindicase-ante-as-eleccions-europeas-como-o-partido-das-familias-galicia-e-o-mellor-lugar-para-nacer-crecer-e-formar-unha-familia\\\/#article\",\"isPartOf\":{\"@id\":\"https:\\\/\\\/ppdegalicia.com\\\/es\\\/o-ppdeg-reivindicase-ante-as-eleccions-europeas-como-o-partido-das-familias-galicia-e-o-mellor-lugar-para-nacer-crecer-e-formar-unha-familia\\\/\"},\"author\":{\"name\":\"ppdegaliciaedtis\",\"@id\":\"https:\\\/\\\/ppdegalicia.com\\\/es\\\/#\\\/schema\\\/person\\\/bc9b46e59ebd34bf28611158c3867388\"},\"headline\":\"O PPdeG reivind\u00edcase ante as elecci\u00f3ns europeas como o partido das familias: \u201cGalicia \u00e9 o mellor lugar para nacer, crecer e formar unha familia\u201d\",\"datePublished\":\"2024-05-10T17:16:01+00:00\",\"dateModified\":\"2024-05-13T17:17:33+00:00\",\"mainEntityOfPage\":{\"@id\":\"https:\\\/\\\/ppdegalicia.com\\\/es\\\/o-ppdeg-reivindicase-ante-as-eleccions-europeas-como-o-partido-das-familias-galicia-e-o-mellor-lugar-para-nacer-crecer-e-formar-unha-familia\\\/\"},\"wordCount\":724,\"commentCount\":0,\"publisher\":{\"@id\":\"https:\\\/\\\/ppdegalicia.com\\\/es\\\/#organization\"},\"image\":{\"@id\":\"https:\\\/\\\/ppdegalicia.com\\\/es\\\/o-ppdeg-reivindicase-ante-as-eleccions-europeas-como-o-partido-das-familias-galicia-e-o-mellor-lugar-para-nacer-crecer-e-formar-unha-familia\\\/#primaryimage\"},\"thumbnailUrl\":\"https:\\\/\\\/ppdegalicia.com\\\/wp-content\\\/uploads\\\/2024\\\/05\\\/20240510_Acto_familias_SanCibrao1-1-scaled.jpg\",\"articleSection\":[\"PP de Galicia\"],\"inLanguage\":\"es\",\"potentialAction\":[{\"@type\":\"CommentAction\",\"name\":\"Comment\",\"target\":[\"https:\\\/\\\/ppdegalicia.com\\\/es\\\/o-ppdeg-reivindicase-ante-as-eleccions-europeas-como-o-partido-das-familias-galicia-e-o-mellor-lugar-para-nacer-crecer-e-formar-unha-familia\\\/#respond\"]}]},{\"@type\":\"WebPage\",\"@id\":\"https:\\\/\\\/ppdegalicia.com\\\/es\\\/o-ppdeg-reivindicase-ante-as-eleccions-europeas-como-o-partido-das-familias-galicia-e-o-mellor-lugar-para-nacer-crecer-e-formar-unha-familia\\\/\",\"url\":\"https:\\\/\\\/ppdegalicia.com\\\/es\\\/o-ppdeg-reivindicase-ante-as-eleccions-europeas-como-o-partido-das-familias-galicia-e-o-mellor-lugar-para-nacer-crecer-e-formar-unha-familia\\\/\",\"name\":\"O PPdeG reivind\u00edcase ante as elecci\u00f3ns europeas como o partido das familias: \u201cGalicia \u00e9 o mellor lugar para nacer, crecer e formar unha familia\u201d - PP de Galicia\",\"isPartOf\":{\"@id\":\"https:\\\/\\\/ppdegalicia.com\\\/es\\\/#website\"},\"primaryImageOfPage\":{\"@id\":\"https:\\\/\\\/ppdegalicia.com\\\/es\\\/o-ppdeg-reivindicase-ante-as-eleccions-europeas-como-o-partido-das-familias-galicia-e-o-mellor-lugar-para-nacer-crecer-e-formar-unha-familia\\\/#primaryimage\"},\"image\":{\"@id\":\"https:\\\/\\\/ppdegalicia.com\\\/es\\\/o-ppdeg-reivindicase-ante-as-eleccions-europeas-como-o-partido-das-familias-galicia-e-o-mellor-lugar-para-nacer-crecer-e-formar-unha-familia\\\/#primaryimage\"},\"thumbnailUrl\":\"https:\\\/\\\/ppdegalicia.com\\\/wp-content\\\/uploads\\\/2024\\\/05\\\/20240510_Acto_familias_SanCibrao1-1-scaled.jpg\",\"datePublished\":\"2024-05-10T17:16:01+00:00\",\"dateModified\":\"2024-05-13T17:17:33+00:00\",\"description\":\"O PPdeG reivindicouse hoxe como o partido das familias galegas po\u00f1endo en valor as medidas pioneiras que est\u00e1 impulsando o Goberno de Alfonso Rueda e que fan de Galicia non s\u00f3 \u201co mellor lugar para nacer, crecer e formar unha familia\\\", sen\u00f3n tam\u00e9n \u201ca Comunidade que m\u00e1is apoio ofrece \u00e1s familias\u201d.\",\"breadcrumb\":{\"@id\":\"https:\\\/\\\/ppdegalicia.com\\\/es\\\/o-ppdeg-reivindicase-ante-as-eleccions-europeas-como-o-partido-das-familias-galicia-e-o-mellor-lugar-para-nacer-crecer-e-formar-unha-familia\\\/#breadcrumb\"},\"inLanguage\":\"es\",\"potentialAction\":[{\"@type\":\"ReadAction\",\"target\":[\"https:\\\/\\\/ppdegalicia.com\\\/es\\\/o-ppdeg-reivindicase-ante-as-eleccions-europeas-como-o-partido-das-familias-galicia-e-o-mellor-lugar-para-nacer-crecer-e-formar-unha-familia\\\/\"]}]},{\"@type\":\"ImageObject\",\"inLanguage\":\"es\",\"@id\":\"https:\\\/\\\/ppdegalicia.com\\\/es\\\/o-ppdeg-reivindicase-ante-as-eleccions-europeas-como-o-partido-das-familias-galicia-e-o-mellor-lugar-para-nacer-crecer-e-formar-unha-familia\\\/#primaryimage\",\"url\":\"https:\\\/\\\/ppdegalicia.com\\\/wp-content\\\/uploads\\\/2024\\\/05\\\/20240510_Acto_familias_SanCibrao1-1-scaled.jpg\",\"contentUrl\":\"https:\\\/\\\/ppdegalicia.com\\\/wp-content\\\/uploads\\\/2024\\\/05\\\/20240510_Acto_familias_SanCibrao1-1-scaled.jpg\",\"width\":2560,\"height\":1707},{\"@type\":\"BreadcrumbList\",\"@id\":\"https:\\\/\\\/ppdegalicia.com\\\/es\\\/o-ppdeg-reivindicase-ante-as-eleccions-europeas-como-o-partido-das-familias-galicia-e-o-mellor-lugar-para-nacer-crecer-e-formar-unha-familia\\\/#breadcrumb\",\"itemListElement\":[{\"@type\":\"ListItem\",\"position\":1,\"name\":\"Portada\",\"item\":\"https:\\\/\\\/ppdegalicia.com\\\/es\\\/\"},{\"@type\":\"ListItem\",\"position\":2,\"name\":\"O PPdeG reivind\u00edcase ante as elecci\u00f3ns europeas como o partido das familias: \u201cGalicia \u00e9 o mellor lugar para nacer, crecer e formar unha familia\u201d\"}]},{\"@type\":\"WebSite\",\"@id\":\"https:\\\/\\\/ppdegalicia.com\\\/es\\\/#website\",\"url\":\"https:\\\/\\\/ppdegalicia.com\\\/es\\\/\",\"name\":\"Partido Popular de Galicia\",\"description\":\"Partido Popular de Galicia\",\"publisher\":{\"@id\":\"https:\\\/\\\/ppdegalicia.com\\\/es\\\/#organization\"},\"alternateName\":\"PP de Galicia\",\"potentialAction\":[{\"@type\":\"SearchAction\",\"target\":{\"@type\":\"EntryPoint\",\"urlTemplate\":\"https:\\\/\\\/ppdegalicia.com\\\/es\\\/?s={search_term_string}\"},\"query-input\":{\"@type\":\"PropertyValueSpecification\",\"valueRequired\":true,\"valueName\":\"search_term_string\"}}],\"inLanguage\":\"es\"},{\"@type\":\"Organization\",\"@id\":\"https:\\\/\\\/ppdegalicia.com\\\/es\\\/#organization\",\"name\":\"Partido Popular de Galicia\",\"alternateName\":\"PP de Galicia\",\"url\":\"https:\\\/\\\/ppdegalicia.com\\\/es\\\/\",\"logo\":{\"@type\":\"ImageObject\",\"inLanguage\":\"es\",\"@id\":\"https:\\\/\\\/ppdegalicia.com\\\/es\\\/#\\\/schema\\\/logo\\\/image\\\/\",\"url\":\"https:\\\/\\\/ppdegalicia.com\\\/wp-content\\\/uploads\\\/2023\\\/04\\\/logoPP512.png\",\"contentUrl\":\"https:\\\/\\\/ppdegalicia.com\\\/wp-content\\\/uploads\\\/2023\\\/04\\\/logoPP512.png\",\"width\":512,\"height\":512,\"caption\":\"Partido Popular de Galicia\"},\"image\":{\"@id\":\"https:\\\/\\\/ppdegalicia.com\\\/es\\\/#\\\/schema\\\/logo\\\/image\\\/\"},\"sameAs\":[\"https:\\\/\\\/www.instagram.com\\\/ppdegalicia\\\/\",\"https:\\\/\\\/x.com\\\/ppdegalicia\",\"https:\\\/\\\/www.tiktok.com\\\/@ppdegalicia\",\"https:\\\/\\\/www.youtube.com\\\/user\\\/ppdegalicia\"]},{\"@type\":\"Person\",\"@id\":\"https:\\\/\\\/ppdegalicia.com\\\/es\\\/#\\\/schema\\\/person\\\/bc9b46e59ebd34bf28611158c3867388\",\"name\":\"ppdegaliciaedtis\",\"image\":{\"@type\":\"ImageObject\",\"inLanguage\":\"es\",\"@id\":\"https:\\\/\\\/secure.gravatar.com\\\/avatar\\\/f9f8cf6e03df54a1b0d04a6b4b8e8c6bd63c10a439752e84d87a5385aefe2ced?s=96&d=mm&r=g\",\"url\":\"https:\\\/\\\/secure.gravatar.com\\\/avatar\\\/f9f8cf6e03df54a1b0d04a6b4b8e8c6bd63c10a439752e84d87a5385aefe2ced?s=96&d=mm&r=g\",\"contentUrl\":\"https:\\\/\\\/secure.gravatar.com\\\/avatar\\\/f9f8cf6e03df54a1b0d04a6b4b8e8c6bd63c10a439752e84d87a5385aefe2ced?s=96&d=mm&r=g\",\"caption\":\"ppdegaliciaedtis\"},\"url\":\"https:\\\/\\\/ppdegalicia.com\\\/es\\\/author\\\/ppdegaliciaedits\\\/\"}]}<\/script>\n<!-- \/ Yoast SEO plugin. -->","yoast_head_json":{"title":"O PPdeG reivind\u00edcase ante as elecci\u00f3ns europeas como o partido das familias: \u201cGalicia \u00e9 o mellor lugar para nacer, crecer e formar unha familia\u201d - PP de Galicia","description":"O PPdeG reivindicouse hoxe como o partido das familias galegas po\u00f1endo en valor as medidas pioneiras que est\u00e1 impulsando o Goberno de Alfonso Rueda e que fan de Galicia non s\u00f3 \u201co mellor lugar para nacer, crecer e formar unha familia\", sen\u00f3n tam\u00e9n \u201ca Comunidade que m\u00e1is apoio ofrece \u00e1s familias\u201d.","robots":{"index":"index","follow":"follow","max-snippet":"max-snippet:-1","max-image-preview":"max-image-preview:large","max-video-preview":"max-video-preview:-1"},"canonical":"https:\/\/ppdegalicia.com\/es\/o-ppdeg-reivindicase-ante-as-eleccions-europeas-como-o-partido-das-familias-galicia-e-o-mellor-lugar-para-nacer-crecer-e-formar-unha-familia\/","og_locale":"es_ES","og_type":"article","og_title":"O PPdeG reivind\u00edcase ante as elecci\u00f3ns europeas como o partido das familias: \u201cGalicia \u00e9 o mellor lugar para nacer, crecer e formar unha familia\u201d - PP de Galicia","og_description":"O PPdeG reivindicouse hoxe como o partido das familias galegas po\u00f1endo en valor as medidas pioneiras que est\u00e1 impulsando o Goberno de Alfonso Rueda e que fan de Galicia non s\u00f3 \u201co mellor lugar para nacer, crecer e formar unha familia\", sen\u00f3n tam\u00e9n \u201ca Comunidade que m\u00e1is apoio ofrece \u00e1s familias\u201d.","og_url":"https:\/\/ppdegalicia.com\/es\/o-ppdeg-reivindicase-ante-as-eleccions-europeas-como-o-partido-das-familias-galicia-e-o-mellor-lugar-para-nacer-crecer-e-formar-unha-familia\/","og_site_name":"PP de Galicia","article_publisher":"https:\/\/www.instagram.com\/ppdegalicia\/","article_published_time":"2024-05-10T17:16:01+00:00","article_modified_time":"2024-05-13T17:17:33+00:00","og_image":[{"width":2560,"height":1707,"url":"https:\/\/ppdegalicia.com\/wp-content\/uploads\/2024\/05\/20240510_Acto_familias_SanCibrao1-1-scaled.jpg","type":"image\/jpeg"}],"author":"ppdegaliciaedtis","twitter_card":"summary_large_image","twitter_creator":"@ppdegalicia","twitter_site":"@ppdegalicia","twitter_misc":{"Escrito por":"ppdegaliciaedtis","Tiempo de lectura":"4 minutos"},"schema":{"@context":"https:\/\/schema.org","@graph":[{"@type":"Article","@id":"https:\/\/ppdegalicia.com\/es\/o-ppdeg-reivindicase-ante-as-eleccions-europeas-como-o-partido-das-familias-galicia-e-o-mellor-lugar-para-nacer-crecer-e-formar-unha-familia\/#article","isPartOf":{"@id":"https:\/\/ppdegalicia.com\/es\/o-ppdeg-reivindicase-ante-as-eleccions-europeas-como-o-partido-das-familias-galicia-e-o-mellor-lugar-para-nacer-crecer-e-formar-unha-familia\/"},"author":{"name":"ppdegaliciaedtis","@id":"https:\/\/ppdegalicia.com\/es\/#\/schema\/person\/bc9b46e59ebd34bf28611158c3867388"},"headline":"O PPdeG reivind\u00edcase ante as elecci\u00f3ns europeas como o partido das familias: \u201cGalicia \u00e9 o mellor lugar para nacer, crecer e formar unha familia\u201d","datePublished":"2024-05-10T17:16:01+00:00","dateModified":"2024-05-13T17:17:33+00:00","mainEntityOfPage":{"@id":"https:\/\/ppdegalicia.com\/es\/o-ppdeg-reivindicase-ante-as-eleccions-europeas-como-o-partido-das-familias-galicia-e-o-mellor-lugar-para-nacer-crecer-e-formar-unha-familia\/"},"wordCount":724,"commentCount":0,"publisher":{"@id":"https:\/\/ppdegalicia.com\/es\/#organization"},"image":{"@id":"https:\/\/ppdegalicia.com\/es\/o-ppdeg-reivindicase-ante-as-eleccions-europeas-como-o-partido-das-familias-galicia-e-o-mellor-lugar-para-nacer-crecer-e-formar-unha-familia\/#primaryimage"},"thumbnailUrl":"https:\/\/ppdegalicia.com\/wp-content\/uploads\/2024\/05\/20240510_Acto_familias_SanCibrao1-1-scaled.jpg","articleSection":["PP de Galicia"],"inLanguage":"es","potentialAction":[{"@type":"CommentAction","name":"Comment","target":["https:\/\/ppdegalicia.com\/es\/o-ppdeg-reivindicase-ante-as-eleccions-europeas-como-o-partido-das-familias-galicia-e-o-mellor-lugar-para-nacer-crecer-e-formar-unha-familia\/#respond"]}]},{"@type":"WebPage","@id":"https:\/\/ppdegalicia.com\/es\/o-ppdeg-reivindicase-ante-as-eleccions-europeas-como-o-partido-das-familias-galicia-e-o-mellor-lugar-para-nacer-crecer-e-formar-unha-familia\/","url":"https:\/\/ppdegalicia.com\/es\/o-ppdeg-reivindicase-ante-as-eleccions-europeas-como-o-partido-das-familias-galicia-e-o-mellor-lugar-para-nacer-crecer-e-formar-unha-familia\/","name":"O PPdeG reivind\u00edcase ante as elecci\u00f3ns europeas como o partido das familias: \u201cGalicia \u00e9 o mellor lugar para nacer, crecer e formar unha familia\u201d - PP de Galicia","isPartOf":{"@id":"https:\/\/ppdegalicia.com\/es\/#website"},"primaryImageOfPage":{"@id":"https:\/\/ppdegalicia.com\/es\/o-ppdeg-reivindicase-ante-as-eleccions-europeas-como-o-partido-das-familias-galicia-e-o-mellor-lugar-para-nacer-crecer-e-formar-unha-familia\/#primaryimage"},"image":{"@id":"https:\/\/ppdegalicia.com\/es\/o-ppdeg-reivindicase-ante-as-eleccions-europeas-como-o-partido-das-familias-galicia-e-o-mellor-lugar-para-nacer-crecer-e-formar-unha-familia\/#primaryimage"},"thumbnailUrl":"https:\/\/ppdegalicia.com\/wp-content\/uploads\/2024\/05\/20240510_Acto_familias_SanCibrao1-1-scaled.jpg","datePublished":"2024-05-10T17:16:01+00:00","dateModified":"2024-05-13T17:17:33+00:00","description":"O PPdeG reivindicouse hoxe como o partido das familias galegas po\u00f1endo en valor as medidas pioneiras que est\u00e1 impulsando o Goberno de Alfonso Rueda e que fan de Galicia non s\u00f3 \u201co mellor lugar para nacer, crecer e formar unha familia\", sen\u00f3n tam\u00e9n \u201ca Comunidade que m\u00e1is apoio ofrece \u00e1s familias\u201d.","breadcrumb":{"@id":"https:\/\/ppdegalicia.com\/es\/o-ppdeg-reivindicase-ante-as-eleccions-europeas-como-o-partido-das-familias-galicia-e-o-mellor-lugar-para-nacer-crecer-e-formar-unha-familia\/#breadcrumb"},"inLanguage":"es","potentialAction":[{"@type":"ReadAction","target":["https:\/\/ppdegalicia.com\/es\/o-ppdeg-reivindicase-ante-as-eleccions-europeas-como-o-partido-das-familias-galicia-e-o-mellor-lugar-para-nacer-crecer-e-formar-unha-familia\/"]}]},{"@type":"ImageObject","inLanguage":"es","@id":"https:\/\/ppdegalicia.com\/es\/o-ppdeg-reivindicase-ante-as-eleccions-europeas-como-o-partido-das-familias-galicia-e-o-mellor-lugar-para-nacer-crecer-e-formar-unha-familia\/#primaryimage","url":"https:\/\/ppdegalicia.com\/wp-content\/uploads\/2024\/05\/20240510_Acto_familias_SanCibrao1-1-scaled.jpg","contentUrl":"https:\/\/ppdegalicia.com\/wp-content\/uploads\/2024\/05\/20240510_Acto_familias_SanCibrao1-1-scaled.jpg","width":2560,"height":1707},{"@type":"BreadcrumbList","@id":"https:\/\/ppdegalicia.com\/es\/o-ppdeg-reivindicase-ante-as-eleccions-europeas-como-o-partido-das-familias-galicia-e-o-mellor-lugar-para-nacer-crecer-e-formar-unha-familia\/#breadcrumb","itemListElement":[{"@type":"ListItem","position":1,"name":"Portada","item":"https:\/\/ppdegalicia.com\/es\/"},{"@type":"ListItem","position":2,"name":"O PPdeG reivind\u00edcase ante as elecci\u00f3ns europeas como o partido das familias: \u201cGalicia \u00e9 o mellor lugar para nacer, crecer e formar unha familia\u201d"}]},{"@type":"WebSite","@id":"https:\/\/ppdegalicia.com\/es\/#website","url":"https:\/\/ppdegalicia.com\/es\/","name":"Partido Popular de Galicia","description":"Partido Popular de Galicia","publisher":{"@id":"https:\/\/ppdegalicia.com\/es\/#organization"},"alternateName":"PP de Galicia","potentialAction":[{"@type":"SearchAction","target":{"@type":"EntryPoint","urlTemplate":"https:\/\/ppdegalicia.com\/es\/?s={search_term_string}"},"query-input":{"@type":"PropertyValueSpecification","valueRequired":true,"valueName":"search_term_string"}}],"inLanguage":"es"},{"@type":"Organization","@id":"https:\/\/ppdegalicia.com\/es\/#organization","name":"Partido Popular de Galicia","alternateName":"PP de Galicia","url":"https:\/\/ppdegalicia.com\/es\/","logo":{"@type":"ImageObject","inLanguage":"es","@id":"https:\/\/ppdegalicia.com\/es\/#\/schema\/logo\/image\/","url":"https:\/\/ppdegalicia.com\/wp-content\/uploads\/2023\/04\/logoPP512.png","contentUrl":"https:\/\/ppdegalicia.com\/wp-content\/uploads\/2023\/04\/logoPP512.png","width":512,"height":512,"caption":"Partido Popular de Galicia"},"image":{"@id":"https:\/\/ppdegalicia.com\/es\/#\/schema\/logo\/image\/"},"sameAs":["https:\/\/www.instagram.com\/ppdegalicia\/","https:\/\/x.com\/ppdegalicia","https:\/\/www.tiktok.com\/@ppdegalicia","https:\/\/www.youtube.com\/user\/ppdegalicia"]},{"@type":"Person","@id":"https:\/\/ppdegalicia.com\/es\/#\/schema\/person\/bc9b46e59ebd34bf28611158c3867388","name":"ppdegaliciaedtis","image":{"@type":"ImageObject","inLanguage":"es","@id":"https:\/\/secure.gravatar.com\/avatar\/f9f8cf6e03df54a1b0d04a6b4b8e8c6bd63c10a439752e84d87a5385aefe2ced?s=96&d=mm&r=g","url":"https:\/\/secure.gravatar.com\/avatar\/f9f8cf6e03df54a1b0d04a6b4b8e8c6bd63c10a439752e84d87a5385aefe2ced?s=96&d=mm&r=g","contentUrl":"https:\/\/secure.gravatar.com\/avatar\/f9f8cf6e03df54a1b0d04a6b4b8e8c6bd63c10a439752e84d87a5385aefe2ced?s=96&d=mm&r=g","caption":"ppdegaliciaedtis"},"url":"https:\/\/ppdegalicia.com\/es\/author\/ppdegaliciaedits\/"}]}},"_links":{"self":[{"href":"https:\/\/ppdegalicia.com\/es\/wp-json\/wp\/v2\/posts\/62865","targetHints":{"allow":["GET"]}}],"collection":[{"href":"https:\/\/ppdegalicia.com\/es\/wp-json\/wp\/v2\/posts"}],"about":[{"href":"https:\/\/ppdegalicia.com\/es\/wp-json\/wp\/v2\/types\/post"}],"author":[{"embeddable":true,"href":"https:\/\/ppdegalicia.com\/es\/wp-json\/wp\/v2\/users\/40"}],"replies":[{"embeddable":true,"href":"https:\/\/ppdegalicia.com\/es\/wp-json\/wp\/v2\/comments?post=62865"}],"version-history":[{"count":1,"href":"https:\/\/ppdegalicia.com\/es\/wp-json\/wp\/v2\/posts\/62865\/revisions"}],"predecessor-version":[{"id":62868,"href":"https:\/\/ppdegalicia.com\/es\/wp-json\/wp\/v2\/posts\/62865\/revisions\/62868"}],"wp:featuredmedia":[{"embeddable":true,"href":"https:\/\/ppdegalicia.com\/es\/wp-json\/wp\/v2\/media\/62866"}],"wp:attachment":[{"href":"https:\/\/ppdegalicia.com\/es\/wp-json\/wp\/v2\/media?parent=62865"}],"wp:term":[{"taxonomy":"category","embeddable":true,"href":"https:\/\/ppdegalicia.com\/es\/wp-json\/wp\/v2\/categories?post=62865"},{"taxonomy":"post_tag","embeddable":true,"href":"https:\/\/ppdegalicia.com\/es\/wp-json\/wp\/v2\/tags?post=62865"}],"curies":[{"name":"wp","href":"https:\/\/api.w.org\/{rel}","templated":true}]}}