{"id":62873,"date":"2024-05-14T11:42:32","date_gmt":"2024-05-14T10:42:32","guid":{"rendered":"https:\/\/ppdegalicia.com\/?p=62873"},"modified":"2024-05-14T11:42:32","modified_gmt":"2024-05-14T10:42:32","slug":"o-ppdeg-asegura-que-a-xestion-da-pandemia-da-xunta-foi-exemplar-e-non-existe-un-so-motivo-para-cuestionar-as-contratacions-de-emerxencia","status":"publish","type":"post","link":"https:\/\/ppdegalicia.com\/es\/o-ppdeg-asegura-que-a-xestion-da-pandemia-da-xunta-foi-exemplar-e-non-existe-un-so-motivo-para-cuestionar-as-contratacions-de-emerxencia\/","title":{"rendered":"O PPdeG asegura que a xesti\u00f3n da pandemia da Xunta foi exemplar e non existe un so motivo para cuestionar as contrataci\u00f3ns de emerxencia"},"content":{"rendered":"<p>O portavoz do Grupo Popular, Alberto Pazos, subli\u00f1ou hoxe no Pleno do Parlamento galego que \u201ca xesti\u00f3n da pandemia da Xunta foi exemplar\u201d, polo que \u201cnon existe nin un so motivo para cuestionar as contrataci\u00f3ns de emerxencia realizadas durante a pandemia\u201d. Neste sentido, criticou que o BNG \u201cse dedique a espallar infundios en lugar de activar o mecanismo regulamentario do que disp\u00f3n o seu grupo parlamentario para crear automaticamente unha comisi\u00f3n de investigaci\u00f3n\u201d. \u201cHai 9 anos que dispo\u00f1en desta posibilidade e a\u00ednda non o utilizaron unha soa vez, porque prefiren amagar e insultar\u201d, indicou.<\/p>\n<p>Alberto Pazos explicou que o informe do Consello de Contas sobre as contrataci\u00f3ns de emerxencia realizadas pola Xunta durante a pandemia \u201cnon recolle graves irregularidades, como afirman desde o BNG de forma torticeira, sen\u00f3n unha serie de recomendaci\u00f3ns a considerar no caso de que se repetise unha situaci\u00f3n de emerxencia semellante no futuro\u201d.<\/p>\n<p><strong>MENTIRAS, MANIPULACI\u00d3NS E DELIRIOS<\/strong><\/p>\n<p>\u201cMenten cando afirman que non se facilitaron expedientes das catro \u00e1reas sanitarias, manipulan vertendo sospeitas sobre o destino de 159 mill\u00f3ns de euros do fondo Covid-19 e deliran cando verten sospeitas porque alg\u00fans contratos demoraron a entrega m\u00e1is dun mes\u201d, dixo o portavoz popular, quen criticou que a proposta dos nacionalistas sexa \u201cdevolver este material sanitario en plena pandemia por un retraso nuns d\u00edas de entrega\u201d.<\/p>\n<p>Pazos apuntou que foi o Consello de Contas quen decidiu fiscalizar a fondo as \u00e1reas sanitarias de A Coru\u00f1a, Vigo e Santiago como mostra representativa, pero indicou que \u201cno anexo 5 do informe figura a relaci\u00f3n completa da contrataci\u00f3n realizada\u201d. Deste xeito, cualificou de \u201cdeplorable\u201d que a letrada do Consello de Contas e agora deputada socialista \u201cmanipule de forma tan groseira o informe do \u00f3rgano no que exerceu as s\u00faas funci\u00f3ns\u201d.<\/p>\n<p>O portavoz popular incidiu que \u201cnon existe nin un so motivo para cuestionar a contrataci\u00f3n de emerxencia realizada pola Xunta durante a pandemia\u201d e afirmou que \u201csi existisen sospeitas dalg\u00fan il\u00edcito ter\u00edase activado o protocolo de colaboraci\u00f3n entre o Consello de contas e a Fiscal\u00eda, cousa que non aconteceu\u201d.<\/p>\n<p><strong>EFICACIA DA XUNTA<\/strong><\/p>\n<p>As\u00ed mesmo, Alberto Pazos lembrou alg\u00fans dos fitos da eficacia que acadou Galicia durante a xesti\u00f3n da pandemia: a primeira comunidade aut\u00f3noma en completar a desescalada e acadar a nova normalidade; a primeira autonom\u00eda en alcanzar o 95 por cento de vacinaci\u00f3n en maiores de 12 anos; a \u00fanica comunidade en superar o 70 por cento de vacinaci\u00f3n pedi\u00e1trica; coa taxa m\u00e1is baixa de mortalidade xeral da pen\u00ednsula e a taxa de mortalidade en maiores de 60 anos m\u00e1is baixa de Espa\u00f1a\u201d.<\/p>\n<p>Para rematar, Pazos criticou que, \u201ca mesma ma\u00f1\u00e1 que o BNG aplaud\u00eda a decisi\u00f3n de Pedro S\u00e1nchez de continuar \u00e1 fronte do Goberno de Espa\u00f1a despois de cinco d\u00edas de profunda reflexi\u00f3n logo de que un xulgado de Madrid admitira a tr\u00e1mite unha denuncia contra a s\u00faa esposa por presunto tr\u00e1fico de influencias, rexistraba a iniciativa solicitando a creaci\u00f3n dunha comisi\u00f3n de investigaci\u00f3n sobre as contrataci\u00f3ns realizadas pola Xunta durante a pandemia, o que acredita o seu cinismo pol\u00edtico e que ten por \u00fanico obxecto o ataque persoal e continuar enlamando a pol\u00edtica galega\u201d.<\/p>\n<p>\u201cMentres esquerda galega levan meses espallando bulos e utilizando as instituci\u00f3ns para atacar a familiares de l\u00edderes do PP, escandal\u00edzanse cando son as s\u00faas familias as salpicadas por actuaci\u00f3ns inadmisibles en calquera democracia consolidade\u201d, indicou.<\/p>\n","protected":false},"excerpt":{"rendered":"<p>O portavoz do Grupo Popular, Alberto Pazos, subli\u00f1ou hoxe no Pleno do Parlamento galego que \u201ca xesti\u00f3n da pandemia da Xunta foi exemplar\u201d, polo que \u201cnon existe nin un so motivo para cuestionar as contrataci\u00f3ns de emerxencia realizadas durante a pandemia\u201d. Neste sentido, criticou que o BNG \u201cse dedique a espallar infundios en lugar de [&hellip;]<\/p>\n","protected":false},"author":40,"featured_media":62874,"comment_status":"open","ping_status":"open","sticky":false,"template":"","format":"standard","meta":{"_acf_changed":false,"footnotes":""},"categories":[1128],"tags":[],"class_list":["post-62873","post","type-post","status-publish","format-standard","has-post-thumbnail","hentry","category-actualidad-parlamento-de-galicia"],"acf":[],"yoast_head":"<!-- This site is optimized with the Yoast SEO plugin v27.3 - https:\/\/yoast.com\/product\/yoast-seo-wordpress\/ -->\n<title>O PPdeG asegura que a xesti\u00f3n da pandemia da Xunta foi exemplar e non existe un so motivo para cuestionar as contrataci\u00f3ns de emerxencia - PP de Galicia<\/title>\n<meta name=\"description\" content=\"O portavoz do Grupo Popular, Alberto Pazos, subli\u00f1ou hoxe no Pleno do Parlamento galego que \u201ca xesti\u00f3n da pandemia da Xunta foi exemplar\u201d, polo que \u201cnon existe nin un so motivo para cuestionar as contrataci\u00f3ns de emerxencia realizadas durante a pandemia\u201d. Neste sentido, criticou que o BNG \u201cse dedique a espallar infundios en lugar de activar o mecanismo regulamentario do que disp\u00f3n o seu grupo parlamentario para crear automaticamente unha comisi\u00f3n de investigaci\u00f3n\u201d. \u201cHai 9 anos que dispo\u00f1en desta posibilidade e a\u00ednda non o utilizaron unha soa vez, porque prefiren amagar e insultar\u201d, indicou.\" \/>\n<meta name=\"robots\" content=\"index, follow, max-snippet:-1, max-image-preview:large, max-video-preview:-1\" \/>\n<link rel=\"canonical\" href=\"https:\/\/ppdegalicia.com\/es\/o-ppdeg-asegura-que-a-xestion-da-pandemia-da-xunta-foi-exemplar-e-non-existe-un-so-motivo-para-cuestionar-as-contratacions-de-emerxencia\/\" \/>\n<meta property=\"og:locale\" content=\"es_ES\" \/>\n<meta property=\"og:type\" content=\"article\" \/>\n<meta property=\"og:title\" content=\"O PPdeG asegura que a xesti\u00f3n da pandemia da Xunta foi exemplar e non existe un so motivo para cuestionar as contrataci\u00f3ns de emerxencia - PP de Galicia\" \/>\n<meta property=\"og:description\" content=\"O portavoz do Grupo Popular, Alberto Pazos, subli\u00f1ou hoxe no Pleno do Parlamento galego que \u201ca xesti\u00f3n da pandemia da Xunta foi exemplar\u201d, polo que \u201cnon existe nin un so motivo para cuestionar as contrataci\u00f3ns de emerxencia realizadas durante a pandemia\u201d. Neste sentido, criticou que o BNG \u201cse dedique a espallar infundios en lugar de activar o mecanismo regulamentario do que disp\u00f3n o seu grupo parlamentario para crear automaticamente unha comisi\u00f3n de investigaci\u00f3n\u201d. \u201cHai 9 anos que dispo\u00f1en desta posibilidade e a\u00ednda non o utilizaron unha soa vez, porque prefiren amagar e insultar\u201d, indicou.\" \/>\n<meta property=\"og:url\" content=\"https:\/\/ppdegalicia.com\/es\/o-ppdeg-asegura-que-a-xestion-da-pandemia-da-xunta-foi-exemplar-e-non-existe-un-so-motivo-para-cuestionar-as-contratacions-de-emerxencia\/\" \/>\n<meta property=\"og:site_name\" content=\"PP de Galicia\" \/>\n<meta property=\"article:publisher\" content=\"https:\/\/www.instagram.com\/ppdegalicia\/\" \/>\n<meta property=\"article:published_time\" content=\"2024-05-14T10:42:32+00:00\" \/>\n<meta property=\"og:image\" content=\"https:\/\/ppdegalicia.com\/wp-content\/uploads\/2024\/05\/WhatsApp-Image-2024-05-14-at-11.41.05-scaled.jpeg\" \/>\n\t<meta property=\"og:image:width\" content=\"2560\" \/>\n\t<meta property=\"og:image:height\" content=\"1707\" \/>\n\t<meta property=\"og:image:type\" content=\"image\/jpeg\" \/>\n<meta name=\"author\" content=\"ppdegaliciaedtis\" \/>\n<meta name=\"twitter:card\" content=\"summary_large_image\" \/>\n<meta name=\"twitter:creator\" content=\"@ppdegalicia\" \/>\n<meta name=\"twitter:site\" content=\"@ppdegalicia\" \/>\n<meta name=\"twitter:label1\" content=\"Escrito por\" \/>\n\t<meta name=\"twitter:data1\" content=\"ppdegaliciaedtis\" \/>\n\t<meta name=\"twitter:label2\" content=\"Tiempo de lectura\" \/>\n\t<meta name=\"twitter:data2\" content=\"4 minutos\" \/>\n<script type=\"application\/ld+json\" class=\"yoast-schema-graph\">{\"@context\":\"https:\\\/\\\/schema.org\",\"@graph\":[{\"@type\":\"Article\",\"@id\":\"https:\\\/\\\/ppdegalicia.com\\\/es\\\/o-ppdeg-asegura-que-a-xestion-da-pandemia-da-xunta-foi-exemplar-e-non-existe-un-so-motivo-para-cuestionar-as-contratacions-de-emerxencia\\\/#article\",\"isPartOf\":{\"@id\":\"https:\\\/\\\/ppdegalicia.com\\\/es\\\/o-ppdeg-asegura-que-a-xestion-da-pandemia-da-xunta-foi-exemplar-e-non-existe-un-so-motivo-para-cuestionar-as-contratacions-de-emerxencia\\\/\"},\"author\":{\"name\":\"ppdegaliciaedtis\",\"@id\":\"https:\\\/\\\/ppdegalicia.com\\\/es\\\/#\\\/schema\\\/person\\\/bc9b46e59ebd34bf28611158c3867388\"},\"headline\":\"O PPdeG asegura que a xesti\u00f3n da pandemia da Xunta foi exemplar e non existe un so motivo para cuestionar as contrataci\u00f3ns de emerxencia\",\"datePublished\":\"2024-05-14T10:42:32+00:00\",\"mainEntityOfPage\":{\"@id\":\"https:\\\/\\\/ppdegalicia.com\\\/es\\\/o-ppdeg-asegura-que-a-xestion-da-pandemia-da-xunta-foi-exemplar-e-non-existe-un-so-motivo-para-cuestionar-as-contratacions-de-emerxencia\\\/\"},\"wordCount\":628,\"commentCount\":0,\"publisher\":{\"@id\":\"https:\\\/\\\/ppdegalicia.com\\\/es\\\/#organization\"},\"image\":{\"@id\":\"https:\\\/\\\/ppdegalicia.com\\\/es\\\/o-ppdeg-asegura-que-a-xestion-da-pandemia-da-xunta-foi-exemplar-e-non-existe-un-so-motivo-para-cuestionar-as-contratacions-de-emerxencia\\\/#primaryimage\"},\"thumbnailUrl\":\"https:\\\/\\\/ppdegalicia.com\\\/wp-content\\\/uploads\\\/2024\\\/05\\\/WhatsApp-Image-2024-05-14-at-11.41.05-scaled.jpeg\",\"articleSection\":[\"Parlamento de Galicia\"],\"inLanguage\":\"es\",\"potentialAction\":[{\"@type\":\"CommentAction\",\"name\":\"Comment\",\"target\":[\"https:\\\/\\\/ppdegalicia.com\\\/es\\\/o-ppdeg-asegura-que-a-xestion-da-pandemia-da-xunta-foi-exemplar-e-non-existe-un-so-motivo-para-cuestionar-as-contratacions-de-emerxencia\\\/#respond\"]}]},{\"@type\":\"WebPage\",\"@id\":\"https:\\\/\\\/ppdegalicia.com\\\/es\\\/o-ppdeg-asegura-que-a-xestion-da-pandemia-da-xunta-foi-exemplar-e-non-existe-un-so-motivo-para-cuestionar-as-contratacions-de-emerxencia\\\/\",\"url\":\"https:\\\/\\\/ppdegalicia.com\\\/es\\\/o-ppdeg-asegura-que-a-xestion-da-pandemia-da-xunta-foi-exemplar-e-non-existe-un-so-motivo-para-cuestionar-as-contratacions-de-emerxencia\\\/\",\"name\":\"O PPdeG asegura que a xesti\u00f3n da pandemia da Xunta foi exemplar e non existe un so motivo para cuestionar as contrataci\u00f3ns de emerxencia - PP de Galicia\",\"isPartOf\":{\"@id\":\"https:\\\/\\\/ppdegalicia.com\\\/es\\\/#website\"},\"primaryImageOfPage\":{\"@id\":\"https:\\\/\\\/ppdegalicia.com\\\/es\\\/o-ppdeg-asegura-que-a-xestion-da-pandemia-da-xunta-foi-exemplar-e-non-existe-un-so-motivo-para-cuestionar-as-contratacions-de-emerxencia\\\/#primaryimage\"},\"image\":{\"@id\":\"https:\\\/\\\/ppdegalicia.com\\\/es\\\/o-ppdeg-asegura-que-a-xestion-da-pandemia-da-xunta-foi-exemplar-e-non-existe-un-so-motivo-para-cuestionar-as-contratacions-de-emerxencia\\\/#primaryimage\"},\"thumbnailUrl\":\"https:\\\/\\\/ppdegalicia.com\\\/wp-content\\\/uploads\\\/2024\\\/05\\\/WhatsApp-Image-2024-05-14-at-11.41.05-scaled.jpeg\",\"datePublished\":\"2024-05-14T10:42:32+00:00\",\"description\":\"O portavoz do Grupo Popular, Alberto Pazos, subli\u00f1ou hoxe no Pleno do Parlamento galego que \u201ca xesti\u00f3n da pandemia da Xunta foi exemplar\u201d, polo que \u201cnon existe nin un so motivo para cuestionar as contrataci\u00f3ns de emerxencia realizadas durante a pandemia\u201d. Neste sentido, criticou que o BNG \u201cse dedique a espallar infundios en lugar de activar o mecanismo regulamentario do que disp\u00f3n o seu grupo parlamentario para crear automaticamente unha comisi\u00f3n de investigaci\u00f3n\u201d. \u201cHai 9 anos que dispo\u00f1en desta posibilidade e a\u00ednda non o utilizaron unha soa vez, porque prefiren amagar e insultar\u201d, indicou.\",\"breadcrumb\":{\"@id\":\"https:\\\/\\\/ppdegalicia.com\\\/es\\\/o-ppdeg-asegura-que-a-xestion-da-pandemia-da-xunta-foi-exemplar-e-non-existe-un-so-motivo-para-cuestionar-as-contratacions-de-emerxencia\\\/#breadcrumb\"},\"inLanguage\":\"es\",\"potentialAction\":[{\"@type\":\"ReadAction\",\"target\":[\"https:\\\/\\\/ppdegalicia.com\\\/es\\\/o-ppdeg-asegura-que-a-xestion-da-pandemia-da-xunta-foi-exemplar-e-non-existe-un-so-motivo-para-cuestionar-as-contratacions-de-emerxencia\\\/\"]}]},{\"@type\":\"ImageObject\",\"inLanguage\":\"es\",\"@id\":\"https:\\\/\\\/ppdegalicia.com\\\/es\\\/o-ppdeg-asegura-que-a-xestion-da-pandemia-da-xunta-foi-exemplar-e-non-existe-un-so-motivo-para-cuestionar-as-contratacions-de-emerxencia\\\/#primaryimage\",\"url\":\"https:\\\/\\\/ppdegalicia.com\\\/wp-content\\\/uploads\\\/2024\\\/05\\\/WhatsApp-Image-2024-05-14-at-11.41.05-scaled.jpeg\",\"contentUrl\":\"https:\\\/\\\/ppdegalicia.com\\\/wp-content\\\/uploads\\\/2024\\\/05\\\/WhatsApp-Image-2024-05-14-at-11.41.05-scaled.jpeg\",\"width\":2560,\"height\":1707},{\"@type\":\"BreadcrumbList\",\"@id\":\"https:\\\/\\\/ppdegalicia.com\\\/es\\\/o-ppdeg-asegura-que-a-xestion-da-pandemia-da-xunta-foi-exemplar-e-non-existe-un-so-motivo-para-cuestionar-as-contratacions-de-emerxencia\\\/#breadcrumb\",\"itemListElement\":[{\"@type\":\"ListItem\",\"position\":1,\"name\":\"Portada\",\"item\":\"https:\\\/\\\/ppdegalicia.com\\\/es\\\/\"},{\"@type\":\"ListItem\",\"position\":2,\"name\":\"O PPdeG asegura que a xesti\u00f3n da pandemia da Xunta foi exemplar e non existe un so motivo para cuestionar as contrataci\u00f3ns de emerxencia\"}]},{\"@type\":\"WebSite\",\"@id\":\"https:\\\/\\\/ppdegalicia.com\\\/es\\\/#website\",\"url\":\"https:\\\/\\\/ppdegalicia.com\\\/es\\\/\",\"name\":\"Partido Popular de Galicia\",\"description\":\"Partido Popular de Galicia\",\"publisher\":{\"@id\":\"https:\\\/\\\/ppdegalicia.com\\\/es\\\/#organization\"},\"alternateName\":\"PP de Galicia\",\"potentialAction\":[{\"@type\":\"SearchAction\",\"target\":{\"@type\":\"EntryPoint\",\"urlTemplate\":\"https:\\\/\\\/ppdegalicia.com\\\/es\\\/?s={search_term_string}\"},\"query-input\":{\"@type\":\"PropertyValueSpecification\",\"valueRequired\":true,\"valueName\":\"search_term_string\"}}],\"inLanguage\":\"es\"},{\"@type\":\"Organization\",\"@id\":\"https:\\\/\\\/ppdegalicia.com\\\/es\\\/#organization\",\"name\":\"Partido Popular de Galicia\",\"alternateName\":\"PP de Galicia\",\"url\":\"https:\\\/\\\/ppdegalicia.com\\\/es\\\/\",\"logo\":{\"@type\":\"ImageObject\",\"inLanguage\":\"es\",\"@id\":\"https:\\\/\\\/ppdegalicia.com\\\/es\\\/#\\\/schema\\\/logo\\\/image\\\/\",\"url\":\"https:\\\/\\\/ppdegalicia.com\\\/wp-content\\\/uploads\\\/2023\\\/04\\\/logoPP512.png\",\"contentUrl\":\"https:\\\/\\\/ppdegalicia.com\\\/wp-content\\\/uploads\\\/2023\\\/04\\\/logoPP512.png\",\"width\":512,\"height\":512,\"caption\":\"Partido Popular de Galicia\"},\"image\":{\"@id\":\"https:\\\/\\\/ppdegalicia.com\\\/es\\\/#\\\/schema\\\/logo\\\/image\\\/\"},\"sameAs\":[\"https:\\\/\\\/www.instagram.com\\\/ppdegalicia\\\/\",\"https:\\\/\\\/x.com\\\/ppdegalicia\",\"https:\\\/\\\/www.tiktok.com\\\/@ppdegalicia\",\"https:\\\/\\\/www.youtube.com\\\/user\\\/ppdegalicia\"]},{\"@type\":\"Person\",\"@id\":\"https:\\\/\\\/ppdegalicia.com\\\/es\\\/#\\\/schema\\\/person\\\/bc9b46e59ebd34bf28611158c3867388\",\"name\":\"ppdegaliciaedtis\",\"image\":{\"@type\":\"ImageObject\",\"inLanguage\":\"es\",\"@id\":\"https:\\\/\\\/secure.gravatar.com\\\/avatar\\\/f9f8cf6e03df54a1b0d04a6b4b8e8c6bd63c10a439752e84d87a5385aefe2ced?s=96&d=mm&r=g\",\"url\":\"https:\\\/\\\/secure.gravatar.com\\\/avatar\\\/f9f8cf6e03df54a1b0d04a6b4b8e8c6bd63c10a439752e84d87a5385aefe2ced?s=96&d=mm&r=g\",\"contentUrl\":\"https:\\\/\\\/secure.gravatar.com\\\/avatar\\\/f9f8cf6e03df54a1b0d04a6b4b8e8c6bd63c10a439752e84d87a5385aefe2ced?s=96&d=mm&r=g\",\"caption\":\"ppdegaliciaedtis\"},\"url\":\"https:\\\/\\\/ppdegalicia.com\\\/es\\\/author\\\/ppdegaliciaedits\\\/\"}]}<\/script>\n<!-- \/ Yoast SEO plugin. -->","yoast_head_json":{"title":"O PPdeG asegura que a xesti\u00f3n da pandemia da Xunta foi exemplar e non existe un so motivo para cuestionar as contrataci\u00f3ns de emerxencia - PP de Galicia","description":"O portavoz do Grupo Popular, Alberto Pazos, subli\u00f1ou hoxe no Pleno do Parlamento galego que \u201ca xesti\u00f3n da pandemia da Xunta foi exemplar\u201d, polo que \u201cnon existe nin un so motivo para cuestionar as contrataci\u00f3ns de emerxencia realizadas durante a pandemia\u201d. Neste sentido, criticou que o BNG \u201cse dedique a espallar infundios en lugar de activar o mecanismo regulamentario do que disp\u00f3n o seu grupo parlamentario para crear automaticamente unha comisi\u00f3n de investigaci\u00f3n\u201d. \u201cHai 9 anos que dispo\u00f1en desta posibilidade e a\u00ednda non o utilizaron unha soa vez, porque prefiren amagar e insultar\u201d, indicou.","robots":{"index":"index","follow":"follow","max-snippet":"max-snippet:-1","max-image-preview":"max-image-preview:large","max-video-preview":"max-video-preview:-1"},"canonical":"https:\/\/ppdegalicia.com\/es\/o-ppdeg-asegura-que-a-xestion-da-pandemia-da-xunta-foi-exemplar-e-non-existe-un-so-motivo-para-cuestionar-as-contratacions-de-emerxencia\/","og_locale":"es_ES","og_type":"article","og_title":"O PPdeG asegura que a xesti\u00f3n da pandemia da Xunta foi exemplar e non existe un so motivo para cuestionar as contrataci\u00f3ns de emerxencia - PP de Galicia","og_description":"O portavoz do Grupo Popular, Alberto Pazos, subli\u00f1ou hoxe no Pleno do Parlamento galego que \u201ca xesti\u00f3n da pandemia da Xunta foi exemplar\u201d, polo que \u201cnon existe nin un so motivo para cuestionar as contrataci\u00f3ns de emerxencia realizadas durante a pandemia\u201d. Neste sentido, criticou que o BNG \u201cse dedique a espallar infundios en lugar de activar o mecanismo regulamentario do que disp\u00f3n o seu grupo parlamentario para crear automaticamente unha comisi\u00f3n de investigaci\u00f3n\u201d. \u201cHai 9 anos que dispo\u00f1en desta posibilidade e a\u00ednda non o utilizaron unha soa vez, porque prefiren amagar e insultar\u201d, indicou.","og_url":"https:\/\/ppdegalicia.com\/es\/o-ppdeg-asegura-que-a-xestion-da-pandemia-da-xunta-foi-exemplar-e-non-existe-un-so-motivo-para-cuestionar-as-contratacions-de-emerxencia\/","og_site_name":"PP de Galicia","article_publisher":"https:\/\/www.instagram.com\/ppdegalicia\/","article_published_time":"2024-05-14T10:42:32+00:00","og_image":[{"width":2560,"height":1707,"url":"https:\/\/ppdegalicia.com\/wp-content\/uploads\/2024\/05\/WhatsApp-Image-2024-05-14-at-11.41.05-scaled.jpeg","type":"image\/jpeg"}],"author":"ppdegaliciaedtis","twitter_card":"summary_large_image","twitter_creator":"@ppdegalicia","twitter_site":"@ppdegalicia","twitter_misc":{"Escrito por":"ppdegaliciaedtis","Tiempo de lectura":"4 minutos"},"schema":{"@context":"https:\/\/schema.org","@graph":[{"@type":"Article","@id":"https:\/\/ppdegalicia.com\/es\/o-ppdeg-asegura-que-a-xestion-da-pandemia-da-xunta-foi-exemplar-e-non-existe-un-so-motivo-para-cuestionar-as-contratacions-de-emerxencia\/#article","isPartOf":{"@id":"https:\/\/ppdegalicia.com\/es\/o-ppdeg-asegura-que-a-xestion-da-pandemia-da-xunta-foi-exemplar-e-non-existe-un-so-motivo-para-cuestionar-as-contratacions-de-emerxencia\/"},"author":{"name":"ppdegaliciaedtis","@id":"https:\/\/ppdegalicia.com\/es\/#\/schema\/person\/bc9b46e59ebd34bf28611158c3867388"},"headline":"O PPdeG asegura que a xesti\u00f3n da pandemia da Xunta foi exemplar e non existe un so motivo para cuestionar as contrataci\u00f3ns de emerxencia","datePublished":"2024-05-14T10:42:32+00:00","mainEntityOfPage":{"@id":"https:\/\/ppdegalicia.com\/es\/o-ppdeg-asegura-que-a-xestion-da-pandemia-da-xunta-foi-exemplar-e-non-existe-un-so-motivo-para-cuestionar-as-contratacions-de-emerxencia\/"},"wordCount":628,"commentCount":0,"publisher":{"@id":"https:\/\/ppdegalicia.com\/es\/#organization"},"image":{"@id":"https:\/\/ppdegalicia.com\/es\/o-ppdeg-asegura-que-a-xestion-da-pandemia-da-xunta-foi-exemplar-e-non-existe-un-so-motivo-para-cuestionar-as-contratacions-de-emerxencia\/#primaryimage"},"thumbnailUrl":"https:\/\/ppdegalicia.com\/wp-content\/uploads\/2024\/05\/WhatsApp-Image-2024-05-14-at-11.41.05-scaled.jpeg","articleSection":["Parlamento de Galicia"],"inLanguage":"es","potentialAction":[{"@type":"CommentAction","name":"Comment","target":["https:\/\/ppdegalicia.com\/es\/o-ppdeg-asegura-que-a-xestion-da-pandemia-da-xunta-foi-exemplar-e-non-existe-un-so-motivo-para-cuestionar-as-contratacions-de-emerxencia\/#respond"]}]},{"@type":"WebPage","@id":"https:\/\/ppdegalicia.com\/es\/o-ppdeg-asegura-que-a-xestion-da-pandemia-da-xunta-foi-exemplar-e-non-existe-un-so-motivo-para-cuestionar-as-contratacions-de-emerxencia\/","url":"https:\/\/ppdegalicia.com\/es\/o-ppdeg-asegura-que-a-xestion-da-pandemia-da-xunta-foi-exemplar-e-non-existe-un-so-motivo-para-cuestionar-as-contratacions-de-emerxencia\/","name":"O PPdeG asegura que a xesti\u00f3n da pandemia da Xunta foi exemplar e non existe un so motivo para cuestionar as contrataci\u00f3ns de emerxencia - PP de Galicia","isPartOf":{"@id":"https:\/\/ppdegalicia.com\/es\/#website"},"primaryImageOfPage":{"@id":"https:\/\/ppdegalicia.com\/es\/o-ppdeg-asegura-que-a-xestion-da-pandemia-da-xunta-foi-exemplar-e-non-existe-un-so-motivo-para-cuestionar-as-contratacions-de-emerxencia\/#primaryimage"},"image":{"@id":"https:\/\/ppdegalicia.com\/es\/o-ppdeg-asegura-que-a-xestion-da-pandemia-da-xunta-foi-exemplar-e-non-existe-un-so-motivo-para-cuestionar-as-contratacions-de-emerxencia\/#primaryimage"},"thumbnailUrl":"https:\/\/ppdegalicia.com\/wp-content\/uploads\/2024\/05\/WhatsApp-Image-2024-05-14-at-11.41.05-scaled.jpeg","datePublished":"2024-05-14T10:42:32+00:00","description":"O portavoz do Grupo Popular, Alberto Pazos, subli\u00f1ou hoxe no Pleno do Parlamento galego que \u201ca xesti\u00f3n da pandemia da Xunta foi exemplar\u201d, polo que \u201cnon existe nin un so motivo para cuestionar as contrataci\u00f3ns de emerxencia realizadas durante a pandemia\u201d. Neste sentido, criticou que o BNG \u201cse dedique a espallar infundios en lugar de activar o mecanismo regulamentario do que disp\u00f3n o seu grupo parlamentario para crear automaticamente unha comisi\u00f3n de investigaci\u00f3n\u201d. \u201cHai 9 anos que dispo\u00f1en desta posibilidade e a\u00ednda non o utilizaron unha soa vez, porque prefiren amagar e insultar\u201d, indicou.","breadcrumb":{"@id":"https:\/\/ppdegalicia.com\/es\/o-ppdeg-asegura-que-a-xestion-da-pandemia-da-xunta-foi-exemplar-e-non-existe-un-so-motivo-para-cuestionar-as-contratacions-de-emerxencia\/#breadcrumb"},"inLanguage":"es","potentialAction":[{"@type":"ReadAction","target":["https:\/\/ppdegalicia.com\/es\/o-ppdeg-asegura-que-a-xestion-da-pandemia-da-xunta-foi-exemplar-e-non-existe-un-so-motivo-para-cuestionar-as-contratacions-de-emerxencia\/"]}]},{"@type":"ImageObject","inLanguage":"es","@id":"https:\/\/ppdegalicia.com\/es\/o-ppdeg-asegura-que-a-xestion-da-pandemia-da-xunta-foi-exemplar-e-non-existe-un-so-motivo-para-cuestionar-as-contratacions-de-emerxencia\/#primaryimage","url":"https:\/\/ppdegalicia.com\/wp-content\/uploads\/2024\/05\/WhatsApp-Image-2024-05-14-at-11.41.05-scaled.jpeg","contentUrl":"https:\/\/ppdegalicia.com\/wp-content\/uploads\/2024\/05\/WhatsApp-Image-2024-05-14-at-11.41.05-scaled.jpeg","width":2560,"height":1707},{"@type":"BreadcrumbList","@id":"https:\/\/ppdegalicia.com\/es\/o-ppdeg-asegura-que-a-xestion-da-pandemia-da-xunta-foi-exemplar-e-non-existe-un-so-motivo-para-cuestionar-as-contratacions-de-emerxencia\/#breadcrumb","itemListElement":[{"@type":"ListItem","position":1,"name":"Portada","item":"https:\/\/ppdegalicia.com\/es\/"},{"@type":"ListItem","position":2,"name":"O PPdeG asegura que a xesti\u00f3n da pandemia da Xunta foi exemplar e non existe un so motivo para cuestionar as contrataci\u00f3ns de emerxencia"}]},{"@type":"WebSite","@id":"https:\/\/ppdegalicia.com\/es\/#website","url":"https:\/\/ppdegalicia.com\/es\/","name":"Partido Popular de Galicia","description":"Partido Popular de Galicia","publisher":{"@id":"https:\/\/ppdegalicia.com\/es\/#organization"},"alternateName":"PP de Galicia","potentialAction":[{"@type":"SearchAction","target":{"@type":"EntryPoint","urlTemplate":"https:\/\/ppdegalicia.com\/es\/?s={search_term_string}"},"query-input":{"@type":"PropertyValueSpecification","valueRequired":true,"valueName":"search_term_string"}}],"inLanguage":"es"},{"@type":"Organization","@id":"https:\/\/ppdegalicia.com\/es\/#organization","name":"Partido Popular de Galicia","alternateName":"PP de Galicia","url":"https:\/\/ppdegalicia.com\/es\/","logo":{"@type":"ImageObject","inLanguage":"es","@id":"https:\/\/ppdegalicia.com\/es\/#\/schema\/logo\/image\/","url":"https:\/\/ppdegalicia.com\/wp-content\/uploads\/2023\/04\/logoPP512.png","contentUrl":"https:\/\/ppdegalicia.com\/wp-content\/uploads\/2023\/04\/logoPP512.png","width":512,"height":512,"caption":"Partido Popular de Galicia"},"image":{"@id":"https:\/\/ppdegalicia.com\/es\/#\/schema\/logo\/image\/"},"sameAs":["https:\/\/www.instagram.com\/ppdegalicia\/","https:\/\/x.com\/ppdegalicia","https:\/\/www.tiktok.com\/@ppdegalicia","https:\/\/www.youtube.com\/user\/ppdegalicia"]},{"@type":"Person","@id":"https:\/\/ppdegalicia.com\/es\/#\/schema\/person\/bc9b46e59ebd34bf28611158c3867388","name":"ppdegaliciaedtis","image":{"@type":"ImageObject","inLanguage":"es","@id":"https:\/\/secure.gravatar.com\/avatar\/f9f8cf6e03df54a1b0d04a6b4b8e8c6bd63c10a439752e84d87a5385aefe2ced?s=96&d=mm&r=g","url":"https:\/\/secure.gravatar.com\/avatar\/f9f8cf6e03df54a1b0d04a6b4b8e8c6bd63c10a439752e84d87a5385aefe2ced?s=96&d=mm&r=g","contentUrl":"https:\/\/secure.gravatar.com\/avatar\/f9f8cf6e03df54a1b0d04a6b4b8e8c6bd63c10a439752e84d87a5385aefe2ced?s=96&d=mm&r=g","caption":"ppdegaliciaedtis"},"url":"https:\/\/ppdegalicia.com\/es\/author\/ppdegaliciaedits\/"}]}},"_links":{"self":[{"href":"https:\/\/ppdegalicia.com\/es\/wp-json\/wp\/v2\/posts\/62873","targetHints":{"allow":["GET"]}}],"collection":[{"href":"https:\/\/ppdegalicia.com\/es\/wp-json\/wp\/v2\/posts"}],"about":[{"href":"https:\/\/ppdegalicia.com\/es\/wp-json\/wp\/v2\/types\/post"}],"author":[{"embeddable":true,"href":"https:\/\/ppdegalicia.com\/es\/wp-json\/wp\/v2\/users\/40"}],"replies":[{"embeddable":true,"href":"https:\/\/ppdegalicia.com\/es\/wp-json\/wp\/v2\/comments?post=62873"}],"version-history":[{"count":2,"href":"https:\/\/ppdegalicia.com\/es\/wp-json\/wp\/v2\/posts\/62873\/revisions"}],"predecessor-version":[{"id":62877,"href":"https:\/\/ppdegalicia.com\/es\/wp-json\/wp\/v2\/posts\/62873\/revisions\/62877"}],"wp:featuredmedia":[{"embeddable":true,"href":"https:\/\/ppdegalicia.com\/es\/wp-json\/wp\/v2\/media\/62874"}],"wp:attachment":[{"href":"https:\/\/ppdegalicia.com\/es\/wp-json\/wp\/v2\/media?parent=62873"}],"wp:term":[{"taxonomy":"category","embeddable":true,"href":"https:\/\/ppdegalicia.com\/es\/wp-json\/wp\/v2\/categories?post=62873"},{"taxonomy":"post_tag","embeddable":true,"href":"https:\/\/ppdegalicia.com\/es\/wp-json\/wp\/v2\/tags?post=62873"}],"curies":[{"name":"wp","href":"https:\/\/api.w.org\/{rel}","templated":true}]}}