{"id":62890,"date":"2024-05-14T19:29:56","date_gmt":"2024-05-14T18:29:56","guid":{"rendered":"https:\/\/ppdegalicia.com\/?p=62890"},"modified":"2024-05-14T19:29:56","modified_gmt":"2024-05-14T18:29:56","slug":"o-grupo-popular-apoia-no-parlamento-galego-rexeitar-a-situacion-de-bloqueo-que-esta-a-sufrir-o-consello-xeral-do-poder-xudicial","status":"publish","type":"post","link":"https:\/\/ppdegalicia.com\/es\/o-grupo-popular-apoia-no-parlamento-galego-rexeitar-a-situacion-de-bloqueo-que-esta-a-sufrir-o-consello-xeral-do-poder-xudicial\/","title":{"rendered":"O Grupo Popular apoia no Parlamento galego rexeitar a situaci\u00f3n de bloqueo que est\u00e1 a sufrir o Consello Xeral do Poder Xudicial"},"content":{"rendered":"<p>O Grupo Popular apoiou hoxe no Pleno do Parlamento galego a aprobaci\u00f3n dunha proposici\u00f3n non de lei a trav\u00e9s da que se rexeita a situaci\u00f3n de bloqueo que est\u00e1 a sufrir o Consello Xeral do Poder Xudicial e se manifesta aos grupos pol\u00edticos con representaci\u00f3n nas Cortes a obriga de cumprimento inmediato da Carta Magna.<\/p>\n<p>\u201cPoder\u00e1n contar co Partido Popular cando se trate de favorecer a independencia do Poder Xudicial, a despolitizaci\u00f3n no proceso de elecci\u00f3n dos vogais do Consello Xeral do Poder Xudicial e o respecto aos xu\u00edces e maxistrados\u201d, asegurou a viceportavoz popular, Paula Prado, quen apuntou que \u201cnunca contar\u00e1n con n\u00f3s cando se trate de ameazar e insultar a quen administra a Xustiza, nin para debilitar o Estado de Dereito nin para romper co marco de convivencia constitucional e co principio de igualdade dos espa\u00f1ois\u201d.<\/p>\n<p><strong>ASALTAR A XUSTIZA<\/strong><\/p>\n<p>Paula Prado explicou que os 8 xu\u00edces e maxistrados que integran o Consello Xeral do Poder Xudicial, a proposta do Congreso e do Senado, son elixidos por unha maior\u00eda de tres quintos, \u00e9 dicir, neces\u00edtase o voto favorable de 210 deputados. Por este motivo, cuestionou aos socialistas \u201ccomo pode ser que o PP, con 89 ou 137 deputados nas \u00faltimas lexislaturas, poida exercer un bloqueo deste \u00f3rgano para o que son necesarios 141 votos en contra?\u201d.<\/p>\n<p>Ademais, Prado sinalou que \u201cdificilmente se pode chegar a un acordo cun socialismo que se ten podemizado ata o extremo de que fai s\u00faas as consignas de Pablo Iglesias\u201d. As\u00ed, acusou a Pedro S\u00e1nchez de intentar asaltar a Xustiza de Espa\u00f1a, \u201ccolocando como maxistrados do Tribunal Constitucional a quen fora ministro de Xustiza e a dous asesores do seu Goberno; nomeando a Dolores Delgado, logo de ser ministra de Xustiza, como fiscal xeral do Estado; a mesma Dolores Delgado \u00e1 que por d\u00faas veces o Tribunal Supremo anulou o seu nomeamento polo fiscal xeral do Estado, primeiro como fiscal de Sala do Militar e, m\u00e1is recentemente, como fiscal de Memoria Democr\u00e1tica; lexislando \u00e1 carta dos seus socios, derrogando o delito de sedici\u00f3n, rebaixando as penas por malversaci\u00f3n e aprobando unha amnist\u00eda que cuestiona as sentenzas que no seu d\u00eda adoptaron os xu\u00edces do proc\u00e9s; ou asinando un acordo de investidura no que se fala abertamente de lawfare e que implicar\u00eda o sometemento da Xustiza ao poder pol\u00edtico\u201d.<\/p>\n","protected":false},"excerpt":{"rendered":"<p>O Grupo Popular apoiou hoxe no Pleno do Parlamento galego a aprobaci\u00f3n dunha proposici\u00f3n non de lei a trav\u00e9s da que se rexeita a situaci\u00f3n de bloqueo que est\u00e1 a sufrir o Consello Xeral do Poder Xudicial e se manifesta aos grupos pol\u00edticos con representaci\u00f3n nas Cortes a obriga de cumprimento inmediato da Carta Magna. [&hellip;]<\/p>\n","protected":false},"author":40,"featured_media":62891,"comment_status":"open","ping_status":"open","sticky":false,"template":"","format":"standard","meta":{"_acf_changed":false,"footnotes":""},"categories":[1128],"tags":[],"class_list":["post-62890","post","type-post","status-publish","format-standard","has-post-thumbnail","hentry","category-actualidad-parlamento-de-galicia"],"acf":[],"yoast_head":"<!-- This site is optimized with the Yoast SEO plugin v27.3 - https:\/\/yoast.com\/product\/yoast-seo-wordpress\/ -->\n<title>O Grupo Popular apoia no Parlamento galego rexeitar a situaci\u00f3n de bloqueo que est\u00e1 a sufrir o Consello Xeral do Poder Xudicial - PP de Galicia<\/title>\n<meta name=\"description\" content=\"O Grupo Popular apoiou hoxe no Pleno do Parlamento galego a aprobaci\u00f3n dunha proposici\u00f3n non de lei a trav\u00e9s da que se rexeita a situaci\u00f3n de bloqueo que est\u00e1 a sufrir o Consello Xeral do Poder Xudicial e se manifesta aos grupos pol\u00edticos con representaci\u00f3n nas Cortes a obriga de cumprimento inmediato da Carta Magna.\" \/>\n<meta name=\"robots\" content=\"index, follow, max-snippet:-1, max-image-preview:large, max-video-preview:-1\" \/>\n<link rel=\"canonical\" href=\"https:\/\/ppdegalicia.com\/es\/o-grupo-popular-apoia-no-parlamento-galego-rexeitar-a-situacion-de-bloqueo-que-esta-a-sufrir-o-consello-xeral-do-poder-xudicial\/\" \/>\n<meta property=\"og:locale\" content=\"es_ES\" \/>\n<meta property=\"og:type\" content=\"article\" \/>\n<meta property=\"og:title\" content=\"O Grupo Popular apoia no Parlamento galego rexeitar a situaci\u00f3n de bloqueo que est\u00e1 a sufrir o Consello Xeral do Poder Xudicial - PP de Galicia\" \/>\n<meta property=\"og:description\" content=\"O Grupo Popular apoiou hoxe no Pleno do Parlamento galego a aprobaci\u00f3n dunha proposici\u00f3n non de lei a trav\u00e9s da que se rexeita a situaci\u00f3n de bloqueo que est\u00e1 a sufrir o Consello Xeral do Poder Xudicial e se manifesta aos grupos pol\u00edticos con representaci\u00f3n nas Cortes a obriga de cumprimento inmediato da Carta Magna.\" \/>\n<meta property=\"og:url\" content=\"https:\/\/ppdegalicia.com\/es\/o-grupo-popular-apoia-no-parlamento-galego-rexeitar-a-situacion-de-bloqueo-que-esta-a-sufrir-o-consello-xeral-do-poder-xudicial\/\" \/>\n<meta property=\"og:site_name\" content=\"PP de Galicia\" \/>\n<meta property=\"article:publisher\" content=\"https:\/\/www.instagram.com\/ppdegalicia\/\" \/>\n<meta property=\"article:published_time\" content=\"2024-05-14T18:29:56+00:00\" \/>\n<meta property=\"og:image\" content=\"https:\/\/ppdegalicia.com\/wp-content\/uploads\/2024\/05\/Paula-Prado-no-Pleno-02-scaled.jpeg\" \/>\n\t<meta property=\"og:image:width\" content=\"2560\" \/>\n\t<meta property=\"og:image:height\" content=\"1706\" \/>\n\t<meta property=\"og:image:type\" content=\"image\/jpeg\" \/>\n<meta name=\"author\" content=\"ppdegaliciaedtis\" \/>\n<meta name=\"twitter:card\" content=\"summary_large_image\" \/>\n<meta name=\"twitter:creator\" content=\"@ppdegalicia\" \/>\n<meta name=\"twitter:site\" content=\"@ppdegalicia\" \/>\n<meta name=\"twitter:label1\" content=\"Escrito por\" \/>\n\t<meta name=\"twitter:data1\" content=\"ppdegaliciaedtis\" \/>\n\t<meta name=\"twitter:label2\" content=\"Tiempo de lectura\" \/>\n\t<meta name=\"twitter:data2\" content=\"3 minutos\" \/>\n<script type=\"application\/ld+json\" class=\"yoast-schema-graph\">{\"@context\":\"https:\\\/\\\/schema.org\",\"@graph\":[{\"@type\":\"Article\",\"@id\":\"https:\\\/\\\/ppdegalicia.com\\\/es\\\/o-grupo-popular-apoia-no-parlamento-galego-rexeitar-a-situacion-de-bloqueo-que-esta-a-sufrir-o-consello-xeral-do-poder-xudicial\\\/#article\",\"isPartOf\":{\"@id\":\"https:\\\/\\\/ppdegalicia.com\\\/es\\\/o-grupo-popular-apoia-no-parlamento-galego-rexeitar-a-situacion-de-bloqueo-que-esta-a-sufrir-o-consello-xeral-do-poder-xudicial\\\/\"},\"author\":{\"name\":\"ppdegaliciaedtis\",\"@id\":\"https:\\\/\\\/ppdegalicia.com\\\/es\\\/#\\\/schema\\\/person\\\/bc9b46e59ebd34bf28611158c3867388\"},\"headline\":\"O Grupo Popular apoia no Parlamento galego rexeitar a situaci\u00f3n de bloqueo que est\u00e1 a sufrir o Consello Xeral do Poder Xudicial\",\"datePublished\":\"2024-05-14T18:29:56+00:00\",\"mainEntityOfPage\":{\"@id\":\"https:\\\/\\\/ppdegalicia.com\\\/es\\\/o-grupo-popular-apoia-no-parlamento-galego-rexeitar-a-situacion-de-bloqueo-que-esta-a-sufrir-o-consello-xeral-do-poder-xudicial\\\/\"},\"wordCount\":429,\"commentCount\":0,\"publisher\":{\"@id\":\"https:\\\/\\\/ppdegalicia.com\\\/es\\\/#organization\"},\"image\":{\"@id\":\"https:\\\/\\\/ppdegalicia.com\\\/es\\\/o-grupo-popular-apoia-no-parlamento-galego-rexeitar-a-situacion-de-bloqueo-que-esta-a-sufrir-o-consello-xeral-do-poder-xudicial\\\/#primaryimage\"},\"thumbnailUrl\":\"https:\\\/\\\/ppdegalicia.com\\\/wp-content\\\/uploads\\\/2024\\\/05\\\/Paula-Prado-no-Pleno-02-scaled.jpeg\",\"articleSection\":[\"Parlamento de Galicia\"],\"inLanguage\":\"es\",\"potentialAction\":[{\"@type\":\"CommentAction\",\"name\":\"Comment\",\"target\":[\"https:\\\/\\\/ppdegalicia.com\\\/es\\\/o-grupo-popular-apoia-no-parlamento-galego-rexeitar-a-situacion-de-bloqueo-que-esta-a-sufrir-o-consello-xeral-do-poder-xudicial\\\/#respond\"]}]},{\"@type\":\"WebPage\",\"@id\":\"https:\\\/\\\/ppdegalicia.com\\\/es\\\/o-grupo-popular-apoia-no-parlamento-galego-rexeitar-a-situacion-de-bloqueo-que-esta-a-sufrir-o-consello-xeral-do-poder-xudicial\\\/\",\"url\":\"https:\\\/\\\/ppdegalicia.com\\\/es\\\/o-grupo-popular-apoia-no-parlamento-galego-rexeitar-a-situacion-de-bloqueo-que-esta-a-sufrir-o-consello-xeral-do-poder-xudicial\\\/\",\"name\":\"O Grupo Popular apoia no Parlamento galego rexeitar a situaci\u00f3n de bloqueo que est\u00e1 a sufrir o Consello Xeral do Poder Xudicial - PP de Galicia\",\"isPartOf\":{\"@id\":\"https:\\\/\\\/ppdegalicia.com\\\/es\\\/#website\"},\"primaryImageOfPage\":{\"@id\":\"https:\\\/\\\/ppdegalicia.com\\\/es\\\/o-grupo-popular-apoia-no-parlamento-galego-rexeitar-a-situacion-de-bloqueo-que-esta-a-sufrir-o-consello-xeral-do-poder-xudicial\\\/#primaryimage\"},\"image\":{\"@id\":\"https:\\\/\\\/ppdegalicia.com\\\/es\\\/o-grupo-popular-apoia-no-parlamento-galego-rexeitar-a-situacion-de-bloqueo-que-esta-a-sufrir-o-consello-xeral-do-poder-xudicial\\\/#primaryimage\"},\"thumbnailUrl\":\"https:\\\/\\\/ppdegalicia.com\\\/wp-content\\\/uploads\\\/2024\\\/05\\\/Paula-Prado-no-Pleno-02-scaled.jpeg\",\"datePublished\":\"2024-05-14T18:29:56+00:00\",\"description\":\"O Grupo Popular apoiou hoxe no Pleno do Parlamento galego a aprobaci\u00f3n dunha proposici\u00f3n non de lei a trav\u00e9s da que se rexeita a situaci\u00f3n de bloqueo que est\u00e1 a sufrir o Consello Xeral do Poder Xudicial e se manifesta aos grupos pol\u00edticos con representaci\u00f3n nas Cortes a obriga de cumprimento inmediato da Carta Magna.\",\"breadcrumb\":{\"@id\":\"https:\\\/\\\/ppdegalicia.com\\\/es\\\/o-grupo-popular-apoia-no-parlamento-galego-rexeitar-a-situacion-de-bloqueo-que-esta-a-sufrir-o-consello-xeral-do-poder-xudicial\\\/#breadcrumb\"},\"inLanguage\":\"es\",\"potentialAction\":[{\"@type\":\"ReadAction\",\"target\":[\"https:\\\/\\\/ppdegalicia.com\\\/es\\\/o-grupo-popular-apoia-no-parlamento-galego-rexeitar-a-situacion-de-bloqueo-que-esta-a-sufrir-o-consello-xeral-do-poder-xudicial\\\/\"]}]},{\"@type\":\"ImageObject\",\"inLanguage\":\"es\",\"@id\":\"https:\\\/\\\/ppdegalicia.com\\\/es\\\/o-grupo-popular-apoia-no-parlamento-galego-rexeitar-a-situacion-de-bloqueo-que-esta-a-sufrir-o-consello-xeral-do-poder-xudicial\\\/#primaryimage\",\"url\":\"https:\\\/\\\/ppdegalicia.com\\\/wp-content\\\/uploads\\\/2024\\\/05\\\/Paula-Prado-no-Pleno-02-scaled.jpeg\",\"contentUrl\":\"https:\\\/\\\/ppdegalicia.com\\\/wp-content\\\/uploads\\\/2024\\\/05\\\/Paula-Prado-no-Pleno-02-scaled.jpeg\",\"width\":2560,\"height\":1706},{\"@type\":\"BreadcrumbList\",\"@id\":\"https:\\\/\\\/ppdegalicia.com\\\/es\\\/o-grupo-popular-apoia-no-parlamento-galego-rexeitar-a-situacion-de-bloqueo-que-esta-a-sufrir-o-consello-xeral-do-poder-xudicial\\\/#breadcrumb\",\"itemListElement\":[{\"@type\":\"ListItem\",\"position\":1,\"name\":\"Portada\",\"item\":\"https:\\\/\\\/ppdegalicia.com\\\/es\\\/\"},{\"@type\":\"ListItem\",\"position\":2,\"name\":\"O Grupo Popular apoia no Parlamento galego rexeitar a situaci\u00f3n de bloqueo que est\u00e1 a sufrir o Consello Xeral do Poder Xudicial\"}]},{\"@type\":\"WebSite\",\"@id\":\"https:\\\/\\\/ppdegalicia.com\\\/es\\\/#website\",\"url\":\"https:\\\/\\\/ppdegalicia.com\\\/es\\\/\",\"name\":\"Partido Popular de Galicia\",\"description\":\"Partido Popular de Galicia\",\"publisher\":{\"@id\":\"https:\\\/\\\/ppdegalicia.com\\\/es\\\/#organization\"},\"alternateName\":\"PP de Galicia\",\"potentialAction\":[{\"@type\":\"SearchAction\",\"target\":{\"@type\":\"EntryPoint\",\"urlTemplate\":\"https:\\\/\\\/ppdegalicia.com\\\/es\\\/?s={search_term_string}\"},\"query-input\":{\"@type\":\"PropertyValueSpecification\",\"valueRequired\":true,\"valueName\":\"search_term_string\"}}],\"inLanguage\":\"es\"},{\"@type\":\"Organization\",\"@id\":\"https:\\\/\\\/ppdegalicia.com\\\/es\\\/#organization\",\"name\":\"Partido Popular de Galicia\",\"alternateName\":\"PP de Galicia\",\"url\":\"https:\\\/\\\/ppdegalicia.com\\\/es\\\/\",\"logo\":{\"@type\":\"ImageObject\",\"inLanguage\":\"es\",\"@id\":\"https:\\\/\\\/ppdegalicia.com\\\/es\\\/#\\\/schema\\\/logo\\\/image\\\/\",\"url\":\"https:\\\/\\\/ppdegalicia.com\\\/wp-content\\\/uploads\\\/2023\\\/04\\\/logoPP512.png\",\"contentUrl\":\"https:\\\/\\\/ppdegalicia.com\\\/wp-content\\\/uploads\\\/2023\\\/04\\\/logoPP512.png\",\"width\":512,\"height\":512,\"caption\":\"Partido Popular de Galicia\"},\"image\":{\"@id\":\"https:\\\/\\\/ppdegalicia.com\\\/es\\\/#\\\/schema\\\/logo\\\/image\\\/\"},\"sameAs\":[\"https:\\\/\\\/www.instagram.com\\\/ppdegalicia\\\/\",\"https:\\\/\\\/x.com\\\/ppdegalicia\",\"https:\\\/\\\/www.tiktok.com\\\/@ppdegalicia\",\"https:\\\/\\\/www.youtube.com\\\/user\\\/ppdegalicia\"]},{\"@type\":\"Person\",\"@id\":\"https:\\\/\\\/ppdegalicia.com\\\/es\\\/#\\\/schema\\\/person\\\/bc9b46e59ebd34bf28611158c3867388\",\"name\":\"ppdegaliciaedtis\",\"image\":{\"@type\":\"ImageObject\",\"inLanguage\":\"es\",\"@id\":\"https:\\\/\\\/secure.gravatar.com\\\/avatar\\\/f9f8cf6e03df54a1b0d04a6b4b8e8c6bd63c10a439752e84d87a5385aefe2ced?s=96&d=mm&r=g\",\"url\":\"https:\\\/\\\/secure.gravatar.com\\\/avatar\\\/f9f8cf6e03df54a1b0d04a6b4b8e8c6bd63c10a439752e84d87a5385aefe2ced?s=96&d=mm&r=g\",\"contentUrl\":\"https:\\\/\\\/secure.gravatar.com\\\/avatar\\\/f9f8cf6e03df54a1b0d04a6b4b8e8c6bd63c10a439752e84d87a5385aefe2ced?s=96&d=mm&r=g\",\"caption\":\"ppdegaliciaedtis\"},\"url\":\"https:\\\/\\\/ppdegalicia.com\\\/es\\\/author\\\/ppdegaliciaedits\\\/\"}]}<\/script>\n<!-- \/ Yoast SEO plugin. -->","yoast_head_json":{"title":"O Grupo Popular apoia no Parlamento galego rexeitar a situaci\u00f3n de bloqueo que est\u00e1 a sufrir o Consello Xeral do Poder Xudicial - PP de Galicia","description":"O Grupo Popular apoiou hoxe no Pleno do Parlamento galego a aprobaci\u00f3n dunha proposici\u00f3n non de lei a trav\u00e9s da que se rexeita a situaci\u00f3n de bloqueo que est\u00e1 a sufrir o Consello Xeral do Poder Xudicial e se manifesta aos grupos pol\u00edticos con representaci\u00f3n nas Cortes a obriga de cumprimento inmediato da Carta Magna.","robots":{"index":"index","follow":"follow","max-snippet":"max-snippet:-1","max-image-preview":"max-image-preview:large","max-video-preview":"max-video-preview:-1"},"canonical":"https:\/\/ppdegalicia.com\/es\/o-grupo-popular-apoia-no-parlamento-galego-rexeitar-a-situacion-de-bloqueo-que-esta-a-sufrir-o-consello-xeral-do-poder-xudicial\/","og_locale":"es_ES","og_type":"article","og_title":"O Grupo Popular apoia no Parlamento galego rexeitar a situaci\u00f3n de bloqueo que est\u00e1 a sufrir o Consello Xeral do Poder Xudicial - PP de Galicia","og_description":"O Grupo Popular apoiou hoxe no Pleno do Parlamento galego a aprobaci\u00f3n dunha proposici\u00f3n non de lei a trav\u00e9s da que se rexeita a situaci\u00f3n de bloqueo que est\u00e1 a sufrir o Consello Xeral do Poder Xudicial e se manifesta aos grupos pol\u00edticos con representaci\u00f3n nas Cortes a obriga de cumprimento inmediato da Carta Magna.","og_url":"https:\/\/ppdegalicia.com\/es\/o-grupo-popular-apoia-no-parlamento-galego-rexeitar-a-situacion-de-bloqueo-que-esta-a-sufrir-o-consello-xeral-do-poder-xudicial\/","og_site_name":"PP de Galicia","article_publisher":"https:\/\/www.instagram.com\/ppdegalicia\/","article_published_time":"2024-05-14T18:29:56+00:00","og_image":[{"width":2560,"height":1706,"url":"https:\/\/ppdegalicia.com\/wp-content\/uploads\/2024\/05\/Paula-Prado-no-Pleno-02-scaled.jpeg","type":"image\/jpeg"}],"author":"ppdegaliciaedtis","twitter_card":"summary_large_image","twitter_creator":"@ppdegalicia","twitter_site":"@ppdegalicia","twitter_misc":{"Escrito por":"ppdegaliciaedtis","Tiempo de lectura":"3 minutos"},"schema":{"@context":"https:\/\/schema.org","@graph":[{"@type":"Article","@id":"https:\/\/ppdegalicia.com\/es\/o-grupo-popular-apoia-no-parlamento-galego-rexeitar-a-situacion-de-bloqueo-que-esta-a-sufrir-o-consello-xeral-do-poder-xudicial\/#article","isPartOf":{"@id":"https:\/\/ppdegalicia.com\/es\/o-grupo-popular-apoia-no-parlamento-galego-rexeitar-a-situacion-de-bloqueo-que-esta-a-sufrir-o-consello-xeral-do-poder-xudicial\/"},"author":{"name":"ppdegaliciaedtis","@id":"https:\/\/ppdegalicia.com\/es\/#\/schema\/person\/bc9b46e59ebd34bf28611158c3867388"},"headline":"O Grupo Popular apoia no Parlamento galego rexeitar a situaci\u00f3n de bloqueo que est\u00e1 a sufrir o Consello Xeral do Poder Xudicial","datePublished":"2024-05-14T18:29:56+00:00","mainEntityOfPage":{"@id":"https:\/\/ppdegalicia.com\/es\/o-grupo-popular-apoia-no-parlamento-galego-rexeitar-a-situacion-de-bloqueo-que-esta-a-sufrir-o-consello-xeral-do-poder-xudicial\/"},"wordCount":429,"commentCount":0,"publisher":{"@id":"https:\/\/ppdegalicia.com\/es\/#organization"},"image":{"@id":"https:\/\/ppdegalicia.com\/es\/o-grupo-popular-apoia-no-parlamento-galego-rexeitar-a-situacion-de-bloqueo-que-esta-a-sufrir-o-consello-xeral-do-poder-xudicial\/#primaryimage"},"thumbnailUrl":"https:\/\/ppdegalicia.com\/wp-content\/uploads\/2024\/05\/Paula-Prado-no-Pleno-02-scaled.jpeg","articleSection":["Parlamento de Galicia"],"inLanguage":"es","potentialAction":[{"@type":"CommentAction","name":"Comment","target":["https:\/\/ppdegalicia.com\/es\/o-grupo-popular-apoia-no-parlamento-galego-rexeitar-a-situacion-de-bloqueo-que-esta-a-sufrir-o-consello-xeral-do-poder-xudicial\/#respond"]}]},{"@type":"WebPage","@id":"https:\/\/ppdegalicia.com\/es\/o-grupo-popular-apoia-no-parlamento-galego-rexeitar-a-situacion-de-bloqueo-que-esta-a-sufrir-o-consello-xeral-do-poder-xudicial\/","url":"https:\/\/ppdegalicia.com\/es\/o-grupo-popular-apoia-no-parlamento-galego-rexeitar-a-situacion-de-bloqueo-que-esta-a-sufrir-o-consello-xeral-do-poder-xudicial\/","name":"O Grupo Popular apoia no Parlamento galego rexeitar a situaci\u00f3n de bloqueo que est\u00e1 a sufrir o Consello Xeral do Poder Xudicial - PP de Galicia","isPartOf":{"@id":"https:\/\/ppdegalicia.com\/es\/#website"},"primaryImageOfPage":{"@id":"https:\/\/ppdegalicia.com\/es\/o-grupo-popular-apoia-no-parlamento-galego-rexeitar-a-situacion-de-bloqueo-que-esta-a-sufrir-o-consello-xeral-do-poder-xudicial\/#primaryimage"},"image":{"@id":"https:\/\/ppdegalicia.com\/es\/o-grupo-popular-apoia-no-parlamento-galego-rexeitar-a-situacion-de-bloqueo-que-esta-a-sufrir-o-consello-xeral-do-poder-xudicial\/#primaryimage"},"thumbnailUrl":"https:\/\/ppdegalicia.com\/wp-content\/uploads\/2024\/05\/Paula-Prado-no-Pleno-02-scaled.jpeg","datePublished":"2024-05-14T18:29:56+00:00","description":"O Grupo Popular apoiou hoxe no Pleno do Parlamento galego a aprobaci\u00f3n dunha proposici\u00f3n non de lei a trav\u00e9s da que se rexeita a situaci\u00f3n de bloqueo que est\u00e1 a sufrir o Consello Xeral do Poder Xudicial e se manifesta aos grupos pol\u00edticos con representaci\u00f3n nas Cortes a obriga de cumprimento inmediato da Carta Magna.","breadcrumb":{"@id":"https:\/\/ppdegalicia.com\/es\/o-grupo-popular-apoia-no-parlamento-galego-rexeitar-a-situacion-de-bloqueo-que-esta-a-sufrir-o-consello-xeral-do-poder-xudicial\/#breadcrumb"},"inLanguage":"es","potentialAction":[{"@type":"ReadAction","target":["https:\/\/ppdegalicia.com\/es\/o-grupo-popular-apoia-no-parlamento-galego-rexeitar-a-situacion-de-bloqueo-que-esta-a-sufrir-o-consello-xeral-do-poder-xudicial\/"]}]},{"@type":"ImageObject","inLanguage":"es","@id":"https:\/\/ppdegalicia.com\/es\/o-grupo-popular-apoia-no-parlamento-galego-rexeitar-a-situacion-de-bloqueo-que-esta-a-sufrir-o-consello-xeral-do-poder-xudicial\/#primaryimage","url":"https:\/\/ppdegalicia.com\/wp-content\/uploads\/2024\/05\/Paula-Prado-no-Pleno-02-scaled.jpeg","contentUrl":"https:\/\/ppdegalicia.com\/wp-content\/uploads\/2024\/05\/Paula-Prado-no-Pleno-02-scaled.jpeg","width":2560,"height":1706},{"@type":"BreadcrumbList","@id":"https:\/\/ppdegalicia.com\/es\/o-grupo-popular-apoia-no-parlamento-galego-rexeitar-a-situacion-de-bloqueo-que-esta-a-sufrir-o-consello-xeral-do-poder-xudicial\/#breadcrumb","itemListElement":[{"@type":"ListItem","position":1,"name":"Portada","item":"https:\/\/ppdegalicia.com\/es\/"},{"@type":"ListItem","position":2,"name":"O Grupo Popular apoia no Parlamento galego rexeitar a situaci\u00f3n de bloqueo que est\u00e1 a sufrir o Consello Xeral do Poder Xudicial"}]},{"@type":"WebSite","@id":"https:\/\/ppdegalicia.com\/es\/#website","url":"https:\/\/ppdegalicia.com\/es\/","name":"Partido Popular de Galicia","description":"Partido Popular de Galicia","publisher":{"@id":"https:\/\/ppdegalicia.com\/es\/#organization"},"alternateName":"PP de Galicia","potentialAction":[{"@type":"SearchAction","target":{"@type":"EntryPoint","urlTemplate":"https:\/\/ppdegalicia.com\/es\/?s={search_term_string}"},"query-input":{"@type":"PropertyValueSpecification","valueRequired":true,"valueName":"search_term_string"}}],"inLanguage":"es"},{"@type":"Organization","@id":"https:\/\/ppdegalicia.com\/es\/#organization","name":"Partido Popular de Galicia","alternateName":"PP de Galicia","url":"https:\/\/ppdegalicia.com\/es\/","logo":{"@type":"ImageObject","inLanguage":"es","@id":"https:\/\/ppdegalicia.com\/es\/#\/schema\/logo\/image\/","url":"https:\/\/ppdegalicia.com\/wp-content\/uploads\/2023\/04\/logoPP512.png","contentUrl":"https:\/\/ppdegalicia.com\/wp-content\/uploads\/2023\/04\/logoPP512.png","width":512,"height":512,"caption":"Partido Popular de Galicia"},"image":{"@id":"https:\/\/ppdegalicia.com\/es\/#\/schema\/logo\/image\/"},"sameAs":["https:\/\/www.instagram.com\/ppdegalicia\/","https:\/\/x.com\/ppdegalicia","https:\/\/www.tiktok.com\/@ppdegalicia","https:\/\/www.youtube.com\/user\/ppdegalicia"]},{"@type":"Person","@id":"https:\/\/ppdegalicia.com\/es\/#\/schema\/person\/bc9b46e59ebd34bf28611158c3867388","name":"ppdegaliciaedtis","image":{"@type":"ImageObject","inLanguage":"es","@id":"https:\/\/secure.gravatar.com\/avatar\/f9f8cf6e03df54a1b0d04a6b4b8e8c6bd63c10a439752e84d87a5385aefe2ced?s=96&d=mm&r=g","url":"https:\/\/secure.gravatar.com\/avatar\/f9f8cf6e03df54a1b0d04a6b4b8e8c6bd63c10a439752e84d87a5385aefe2ced?s=96&d=mm&r=g","contentUrl":"https:\/\/secure.gravatar.com\/avatar\/f9f8cf6e03df54a1b0d04a6b4b8e8c6bd63c10a439752e84d87a5385aefe2ced?s=96&d=mm&r=g","caption":"ppdegaliciaedtis"},"url":"https:\/\/ppdegalicia.com\/es\/author\/ppdegaliciaedits\/"}]}},"_links":{"self":[{"href":"https:\/\/ppdegalicia.com\/es\/wp-json\/wp\/v2\/posts\/62890","targetHints":{"allow":["GET"]}}],"collection":[{"href":"https:\/\/ppdegalicia.com\/es\/wp-json\/wp\/v2\/posts"}],"about":[{"href":"https:\/\/ppdegalicia.com\/es\/wp-json\/wp\/v2\/types\/post"}],"author":[{"embeddable":true,"href":"https:\/\/ppdegalicia.com\/es\/wp-json\/wp\/v2\/users\/40"}],"replies":[{"embeddable":true,"href":"https:\/\/ppdegalicia.com\/es\/wp-json\/wp\/v2\/comments?post=62890"}],"version-history":[{"count":1,"href":"https:\/\/ppdegalicia.com\/es\/wp-json\/wp\/v2\/posts\/62890\/revisions"}],"predecessor-version":[{"id":62893,"href":"https:\/\/ppdegalicia.com\/es\/wp-json\/wp\/v2\/posts\/62890\/revisions\/62893"}],"wp:featuredmedia":[{"embeddable":true,"href":"https:\/\/ppdegalicia.com\/es\/wp-json\/wp\/v2\/media\/62891"}],"wp:attachment":[{"href":"https:\/\/ppdegalicia.com\/es\/wp-json\/wp\/v2\/media?parent=62890"}],"wp:term":[{"taxonomy":"category","embeddable":true,"href":"https:\/\/ppdegalicia.com\/es\/wp-json\/wp\/v2\/categories?post=62890"},{"taxonomy":"post_tag","embeddable":true,"href":"https:\/\/ppdegalicia.com\/es\/wp-json\/wp\/v2\/tags?post=62890"}],"curies":[{"name":"wp","href":"https:\/\/api.w.org\/{rel}","templated":true}]}}