{"id":62894,"date":"2024-05-14T19:33:54","date_gmt":"2024-05-14T18:33:54","guid":{"rendered":"https:\/\/ppdegalicia.com\/?p=62894"},"modified":"2024-05-14T19:34:51","modified_gmt":"2024-05-14T18:34:51","slug":"62894","status":"publish","type":"post","link":"https:\/\/ppdegalicia.com\/es\/62894\/","title":{"rendered":"O Parlamento pide ao Goberno de Espa\u00f1a a dotaci\u00f3n dos trens Avril suficientes para garantir que o AVE chegue a todas as cidades galegas"},"content":{"rendered":"<p>O Parlamento de Galicia aprobou hoxe por unanimidade a proposici\u00f3n non de lei do Grupo Popular a trav\u00e9s da que se demanda ao Goberno de Espa\u00f1a a dotaci\u00f3n, canto antes, dos trens Avril na Comunidade galega, en n\u00famero suficiente para garantir que o AVE chegue ao resto das cidades galegas e que ve\u00f1an acompa\u00f1ados dunha mellor oferta de frecuencias que garantan uns servizos de calidade e competitivos.<\/p>\n<p>O deputado popular Gonzalo Trenor lembrou que a \u00faltima data anunciada polo Goberno de Pedro S\u00e1nchez para a chegada dos tren Avril a Galicia \u00e9 o vindeiro 21 de maio, \u201cunha entrada en funcionamento vital porque estas unidades de trens de ancho desprazable son a \u00fanica opci\u00f3n para que a alta velocidade, ademais de \u00e1 cidade de Ourense, preste servizos nas cidades de A Coru\u00f1a, Santiago, Vigo e Pontevedra\u201d. Ademais, concretou que, \u201cavalados pola an\u00e1lise feita, Galicia precisa de 7 unidades para acadar unha conexi\u00f3n competitiva con Madrid\u201d.<\/p>\n<p><strong>SITUACI\u00d3N DEFICIENTE DOS SERVIZOS FERROVIARIOS<\/strong><\/p>\n<p>\u201cHai que apostar pola alta velocidade, pero sen desatender os servizos ferroviarios convencionais, que te\u00f1en unha importancia capital para garantir a mobilidade dos cidad\u00e1ns e para revitalizar e vertebrar o interior de Galicia\u201d, sinalou Trenor, para o que considerou \u201cpreciso mellorar as infraestruturas ferroviarias, modernizando as instalaci\u00f3ns e os trens, ampliar a oferta de prazas, contar co persoal cualificado necesario, as\u00ed como impulsar a intermodalidade para ofrecer un mellor servizo aos cidad\u00e1ns, adaptado \u00e1s s\u00faas necesidades\u201d.<\/p>\n<p>Gonzalo Trenor lamentou que, \u201cen xeral, os servizos ferroviarios en Galicia est\u00e1n nunha situaci\u00f3n cando menos deficiente, do que \u00e9 un exemplo significativo de precariedade a li\u00f1a Ferrol-Ribadeo-Xix\u00f3n e a Li\u00f1a Vigo-Ourense, ademais dos continuos problemas que se est\u00e1n a dar na li\u00f1a A Coru\u00f1a-Vigo\u201d.<\/p>\n<p>As\u00ed mesmo, o deputado popular denunciou a falta de investimento por parte do Goberno central na mellora da rede ferroviaria en Galicia e citou, a modo de exemplo, a modernizaci\u00f3n do tren Ferrol-A Coru\u00f1a, a execuci\u00f3n da variante por Cerdedo ou a sa\u00edda sur, que \u00e9 imprescindible para o AVE Vigo-Porto que tanto tempo levamos reclamando\u201d.<\/p>\n<p>Para rematar, Trenor amosou a \u201cnecesidade de que a oferta dos servizos ferroviarios en Galicia responda \u00e1 demanda dos galegos, e que esa oferta de servizos de tren garanta o seu dereito \u00e1 mobilidade\u201d, para o que insistiu no \u201crestablecemento de todos os servizos que o Goberno central suprimiu ampar\u00e1ndose na pandemia provocada pola Covid-19, tanto o que atinxe \u00e1s conexi\u00f3ns interiores como \u00e1s conexi\u00f3ns de Galicia con outras comunidades aut\u00f3nomas\u201d.<\/p>\n","protected":false},"excerpt":{"rendered":"<p>O Parlamento de Galicia aprobou hoxe por unanimidade a proposici\u00f3n non de lei do Grupo Popular a trav\u00e9s da que se demanda ao Goberno de Espa\u00f1a a dotaci\u00f3n, canto antes, dos trens Avril na Comunidade galega, en n\u00famero suficiente para garantir que o AVE chegue ao resto das cidades galegas e que ve\u00f1an acompa\u00f1ados dunha [&hellip;]<\/p>\n","protected":false},"author":40,"featured_media":62895,"comment_status":"open","ping_status":"open","sticky":false,"template":"","format":"standard","meta":{"_acf_changed":false,"footnotes":""},"categories":[1128],"tags":[],"class_list":["post-62894","post","type-post","status-publish","format-standard","has-post-thumbnail","hentry","category-actualidad-parlamento-de-galicia"],"acf":[],"yoast_head":"<!-- This site is optimized with the Yoast SEO plugin v27.3 - https:\/\/yoast.com\/product\/yoast-seo-wordpress\/ -->\n<title>O Parlamento pide ao Goberno de Espa\u00f1a a dotaci\u00f3n dos trens Avril suficientes para garantir que o AVE chegue a todas as cidades galegas - PP de Galicia<\/title>\n<meta name=\"description\" content=\"O Parlamento de Galicia aprobou hoxe por unanimidade a proposici\u00f3n non de lei do Grupo Popular a trav\u00e9s da que se demanda ao Goberno de Espa\u00f1a a dotaci\u00f3n, canto antes, dos trens Avril na Comunidade galega, en n\u00famero suficiente para garantir que o AVE chegue ao resto das cidades galegas e que ve\u00f1an acompa\u00f1ados dunha mellor oferta de frecuencias que garantan uns servizos de calidade e competitivos.\" \/>\n<meta name=\"robots\" content=\"index, follow, max-snippet:-1, max-image-preview:large, max-video-preview:-1\" \/>\n<link rel=\"canonical\" href=\"https:\/\/ppdegalicia.com\/es\/62894\/\" \/>\n<meta property=\"og:locale\" content=\"es_ES\" \/>\n<meta property=\"og:type\" content=\"article\" \/>\n<meta property=\"og:title\" content=\"O Parlamento pide ao Goberno de Espa\u00f1a a dotaci\u00f3n dos trens Avril suficientes para garantir que o AVE chegue a todas as cidades galegas - PP de Galicia\" \/>\n<meta property=\"og:description\" content=\"O Parlamento de Galicia aprobou hoxe por unanimidade a proposici\u00f3n non de lei do Grupo Popular a trav\u00e9s da que se demanda ao Goberno de Espa\u00f1a a dotaci\u00f3n, canto antes, dos trens Avril na Comunidade galega, en n\u00famero suficiente para garantir que o AVE chegue ao resto das cidades galegas e que ve\u00f1an acompa\u00f1ados dunha mellor oferta de frecuencias que garantan uns servizos de calidade e competitivos.\" \/>\n<meta property=\"og:url\" content=\"https:\/\/ppdegalicia.com\/es\/62894\/\" \/>\n<meta property=\"og:site_name\" content=\"PP de Galicia\" \/>\n<meta property=\"article:publisher\" content=\"https:\/\/www.instagram.com\/ppdegalicia\/\" \/>\n<meta property=\"article:published_time\" content=\"2024-05-14T18:33:54+00:00\" \/>\n<meta property=\"article:modified_time\" content=\"2024-05-14T18:34:51+00:00\" \/>\n<meta property=\"og:image\" content=\"https:\/\/ppdegalicia.com\/wp-content\/uploads\/2024\/05\/WhatsApp-Image-2024-05-14-at-11.40.54-scaled.jpeg\" \/>\n\t<meta property=\"og:image:width\" content=\"2560\" \/>\n\t<meta property=\"og:image:height\" content=\"1707\" \/>\n\t<meta property=\"og:image:type\" content=\"image\/jpeg\" \/>\n<meta name=\"author\" content=\"ppdegaliciaedtis\" \/>\n<meta name=\"twitter:card\" content=\"summary_large_image\" \/>\n<meta name=\"twitter:creator\" content=\"@ppdegalicia\" \/>\n<meta name=\"twitter:site\" content=\"@ppdegalicia\" \/>\n<meta name=\"twitter:label1\" content=\"Escrito por\" \/>\n\t<meta name=\"twitter:data1\" content=\"ppdegaliciaedtis\" \/>\n\t<meta name=\"twitter:label2\" content=\"Tiempo de lectura\" \/>\n\t<meta name=\"twitter:data2\" content=\"3 minutos\" \/>\n<script type=\"application\/ld+json\" class=\"yoast-schema-graph\">{\"@context\":\"https:\\\/\\\/schema.org\",\"@graph\":[{\"@type\":\"Article\",\"@id\":\"https:\\\/\\\/ppdegalicia.com\\\/es\\\/62894\\\/#article\",\"isPartOf\":{\"@id\":\"https:\\\/\\\/ppdegalicia.com\\\/es\\\/62894\\\/\"},\"author\":{\"name\":\"ppdegaliciaedtis\",\"@id\":\"https:\\\/\\\/ppdegalicia.com\\\/es\\\/#\\\/schema\\\/person\\\/bc9b46e59ebd34bf28611158c3867388\"},\"headline\":\"O Parlamento pide ao Goberno de Espa\u00f1a a dotaci\u00f3n dos trens Avril suficientes para garantir que o AVE chegue a todas as cidades galegas\",\"datePublished\":\"2024-05-14T18:33:54+00:00\",\"dateModified\":\"2024-05-14T18:34:51+00:00\",\"mainEntityOfPage\":{\"@id\":\"https:\\\/\\\/ppdegalicia.com\\\/es\\\/62894\\\/\"},\"wordCount\":460,\"commentCount\":0,\"publisher\":{\"@id\":\"https:\\\/\\\/ppdegalicia.com\\\/es\\\/#organization\"},\"image\":{\"@id\":\"https:\\\/\\\/ppdegalicia.com\\\/es\\\/62894\\\/#primaryimage\"},\"thumbnailUrl\":\"https:\\\/\\\/ppdegalicia.com\\\/wp-content\\\/uploads\\\/2024\\\/05\\\/WhatsApp-Image-2024-05-14-at-11.40.54-scaled.jpeg\",\"articleSection\":[\"Parlamento de Galicia\"],\"inLanguage\":\"es\",\"potentialAction\":[{\"@type\":\"CommentAction\",\"name\":\"Comment\",\"target\":[\"https:\\\/\\\/ppdegalicia.com\\\/es\\\/62894\\\/#respond\"]}]},{\"@type\":\"WebPage\",\"@id\":\"https:\\\/\\\/ppdegalicia.com\\\/es\\\/62894\\\/\",\"url\":\"https:\\\/\\\/ppdegalicia.com\\\/es\\\/62894\\\/\",\"name\":\"O Parlamento pide ao Goberno de Espa\u00f1a a dotaci\u00f3n dos trens Avril suficientes para garantir que o AVE chegue a todas as cidades galegas - PP de Galicia\",\"isPartOf\":{\"@id\":\"https:\\\/\\\/ppdegalicia.com\\\/es\\\/#website\"},\"primaryImageOfPage\":{\"@id\":\"https:\\\/\\\/ppdegalicia.com\\\/es\\\/62894\\\/#primaryimage\"},\"image\":{\"@id\":\"https:\\\/\\\/ppdegalicia.com\\\/es\\\/62894\\\/#primaryimage\"},\"thumbnailUrl\":\"https:\\\/\\\/ppdegalicia.com\\\/wp-content\\\/uploads\\\/2024\\\/05\\\/WhatsApp-Image-2024-05-14-at-11.40.54-scaled.jpeg\",\"datePublished\":\"2024-05-14T18:33:54+00:00\",\"dateModified\":\"2024-05-14T18:34:51+00:00\",\"description\":\"O Parlamento de Galicia aprobou hoxe por unanimidade a proposici\u00f3n non de lei do Grupo Popular a trav\u00e9s da que se demanda ao Goberno de Espa\u00f1a a dotaci\u00f3n, canto antes, dos trens Avril na Comunidade galega, en n\u00famero suficiente para garantir que o AVE chegue ao resto das cidades galegas e que ve\u00f1an acompa\u00f1ados dunha mellor oferta de frecuencias que garantan uns servizos de calidade e competitivos.\",\"breadcrumb\":{\"@id\":\"https:\\\/\\\/ppdegalicia.com\\\/es\\\/62894\\\/#breadcrumb\"},\"inLanguage\":\"es\",\"potentialAction\":[{\"@type\":\"ReadAction\",\"target\":[\"https:\\\/\\\/ppdegalicia.com\\\/es\\\/62894\\\/\"]}]},{\"@type\":\"ImageObject\",\"inLanguage\":\"es\",\"@id\":\"https:\\\/\\\/ppdegalicia.com\\\/es\\\/62894\\\/#primaryimage\",\"url\":\"https:\\\/\\\/ppdegalicia.com\\\/wp-content\\\/uploads\\\/2024\\\/05\\\/WhatsApp-Image-2024-05-14-at-11.40.54-scaled.jpeg\",\"contentUrl\":\"https:\\\/\\\/ppdegalicia.com\\\/wp-content\\\/uploads\\\/2024\\\/05\\\/WhatsApp-Image-2024-05-14-at-11.40.54-scaled.jpeg\",\"width\":2560,\"height\":1707},{\"@type\":\"BreadcrumbList\",\"@id\":\"https:\\\/\\\/ppdegalicia.com\\\/es\\\/62894\\\/#breadcrumb\",\"itemListElement\":[{\"@type\":\"ListItem\",\"position\":1,\"name\":\"Portada\",\"item\":\"https:\\\/\\\/ppdegalicia.com\\\/es\\\/\"},{\"@type\":\"ListItem\",\"position\":2,\"name\":\"O Parlamento pide ao Goberno de Espa\u00f1a a dotaci\u00f3n dos trens Avril suficientes para garantir que o AVE chegue a todas as cidades galegas\"}]},{\"@type\":\"WebSite\",\"@id\":\"https:\\\/\\\/ppdegalicia.com\\\/es\\\/#website\",\"url\":\"https:\\\/\\\/ppdegalicia.com\\\/es\\\/\",\"name\":\"Partido Popular de Galicia\",\"description\":\"Partido Popular de Galicia\",\"publisher\":{\"@id\":\"https:\\\/\\\/ppdegalicia.com\\\/es\\\/#organization\"},\"alternateName\":\"PP de Galicia\",\"potentialAction\":[{\"@type\":\"SearchAction\",\"target\":{\"@type\":\"EntryPoint\",\"urlTemplate\":\"https:\\\/\\\/ppdegalicia.com\\\/es\\\/?s={search_term_string}\"},\"query-input\":{\"@type\":\"PropertyValueSpecification\",\"valueRequired\":true,\"valueName\":\"search_term_string\"}}],\"inLanguage\":\"es\"},{\"@type\":\"Organization\",\"@id\":\"https:\\\/\\\/ppdegalicia.com\\\/es\\\/#organization\",\"name\":\"Partido Popular de Galicia\",\"alternateName\":\"PP de Galicia\",\"url\":\"https:\\\/\\\/ppdegalicia.com\\\/es\\\/\",\"logo\":{\"@type\":\"ImageObject\",\"inLanguage\":\"es\",\"@id\":\"https:\\\/\\\/ppdegalicia.com\\\/es\\\/#\\\/schema\\\/logo\\\/image\\\/\",\"url\":\"https:\\\/\\\/ppdegalicia.com\\\/wp-content\\\/uploads\\\/2023\\\/04\\\/logoPP512.png\",\"contentUrl\":\"https:\\\/\\\/ppdegalicia.com\\\/wp-content\\\/uploads\\\/2023\\\/04\\\/logoPP512.png\",\"width\":512,\"height\":512,\"caption\":\"Partido Popular de Galicia\"},\"image\":{\"@id\":\"https:\\\/\\\/ppdegalicia.com\\\/es\\\/#\\\/schema\\\/logo\\\/image\\\/\"},\"sameAs\":[\"https:\\\/\\\/www.instagram.com\\\/ppdegalicia\\\/\",\"https:\\\/\\\/x.com\\\/ppdegalicia\",\"https:\\\/\\\/www.tiktok.com\\\/@ppdegalicia\",\"https:\\\/\\\/www.youtube.com\\\/user\\\/ppdegalicia\"]},{\"@type\":\"Person\",\"@id\":\"https:\\\/\\\/ppdegalicia.com\\\/es\\\/#\\\/schema\\\/person\\\/bc9b46e59ebd34bf28611158c3867388\",\"name\":\"ppdegaliciaedtis\",\"image\":{\"@type\":\"ImageObject\",\"inLanguage\":\"es\",\"@id\":\"https:\\\/\\\/secure.gravatar.com\\\/avatar\\\/f9f8cf6e03df54a1b0d04a6b4b8e8c6bd63c10a439752e84d87a5385aefe2ced?s=96&d=mm&r=g\",\"url\":\"https:\\\/\\\/secure.gravatar.com\\\/avatar\\\/f9f8cf6e03df54a1b0d04a6b4b8e8c6bd63c10a439752e84d87a5385aefe2ced?s=96&d=mm&r=g\",\"contentUrl\":\"https:\\\/\\\/secure.gravatar.com\\\/avatar\\\/f9f8cf6e03df54a1b0d04a6b4b8e8c6bd63c10a439752e84d87a5385aefe2ced?s=96&d=mm&r=g\",\"caption\":\"ppdegaliciaedtis\"},\"url\":\"https:\\\/\\\/ppdegalicia.com\\\/es\\\/author\\\/ppdegaliciaedits\\\/\"}]}<\/script>\n<!-- \/ Yoast SEO plugin. -->","yoast_head_json":{"title":"O Parlamento pide ao Goberno de Espa\u00f1a a dotaci\u00f3n dos trens Avril suficientes para garantir que o AVE chegue a todas as cidades galegas - PP de Galicia","description":"O Parlamento de Galicia aprobou hoxe por unanimidade a proposici\u00f3n non de lei do Grupo Popular a trav\u00e9s da que se demanda ao Goberno de Espa\u00f1a a dotaci\u00f3n, canto antes, dos trens Avril na Comunidade galega, en n\u00famero suficiente para garantir que o AVE chegue ao resto das cidades galegas e que ve\u00f1an acompa\u00f1ados dunha mellor oferta de frecuencias que garantan uns servizos de calidade e competitivos.","robots":{"index":"index","follow":"follow","max-snippet":"max-snippet:-1","max-image-preview":"max-image-preview:large","max-video-preview":"max-video-preview:-1"},"canonical":"https:\/\/ppdegalicia.com\/es\/62894\/","og_locale":"es_ES","og_type":"article","og_title":"O Parlamento pide ao Goberno de Espa\u00f1a a dotaci\u00f3n dos trens Avril suficientes para garantir que o AVE chegue a todas as cidades galegas - PP de Galicia","og_description":"O Parlamento de Galicia aprobou hoxe por unanimidade a proposici\u00f3n non de lei do Grupo Popular a trav\u00e9s da que se demanda ao Goberno de Espa\u00f1a a dotaci\u00f3n, canto antes, dos trens Avril na Comunidade galega, en n\u00famero suficiente para garantir que o AVE chegue ao resto das cidades galegas e que ve\u00f1an acompa\u00f1ados dunha mellor oferta de frecuencias que garantan uns servizos de calidade e competitivos.","og_url":"https:\/\/ppdegalicia.com\/es\/62894\/","og_site_name":"PP de Galicia","article_publisher":"https:\/\/www.instagram.com\/ppdegalicia\/","article_published_time":"2024-05-14T18:33:54+00:00","article_modified_time":"2024-05-14T18:34:51+00:00","og_image":[{"width":2560,"height":1707,"url":"https:\/\/ppdegalicia.com\/wp-content\/uploads\/2024\/05\/WhatsApp-Image-2024-05-14-at-11.40.54-scaled.jpeg","type":"image\/jpeg"}],"author":"ppdegaliciaedtis","twitter_card":"summary_large_image","twitter_creator":"@ppdegalicia","twitter_site":"@ppdegalicia","twitter_misc":{"Escrito por":"ppdegaliciaedtis","Tiempo de lectura":"3 minutos"},"schema":{"@context":"https:\/\/schema.org","@graph":[{"@type":"Article","@id":"https:\/\/ppdegalicia.com\/es\/62894\/#article","isPartOf":{"@id":"https:\/\/ppdegalicia.com\/es\/62894\/"},"author":{"name":"ppdegaliciaedtis","@id":"https:\/\/ppdegalicia.com\/es\/#\/schema\/person\/bc9b46e59ebd34bf28611158c3867388"},"headline":"O Parlamento pide ao Goberno de Espa\u00f1a a dotaci\u00f3n dos trens Avril suficientes para garantir que o AVE chegue a todas as cidades galegas","datePublished":"2024-05-14T18:33:54+00:00","dateModified":"2024-05-14T18:34:51+00:00","mainEntityOfPage":{"@id":"https:\/\/ppdegalicia.com\/es\/62894\/"},"wordCount":460,"commentCount":0,"publisher":{"@id":"https:\/\/ppdegalicia.com\/es\/#organization"},"image":{"@id":"https:\/\/ppdegalicia.com\/es\/62894\/#primaryimage"},"thumbnailUrl":"https:\/\/ppdegalicia.com\/wp-content\/uploads\/2024\/05\/WhatsApp-Image-2024-05-14-at-11.40.54-scaled.jpeg","articleSection":["Parlamento de Galicia"],"inLanguage":"es","potentialAction":[{"@type":"CommentAction","name":"Comment","target":["https:\/\/ppdegalicia.com\/es\/62894\/#respond"]}]},{"@type":"WebPage","@id":"https:\/\/ppdegalicia.com\/es\/62894\/","url":"https:\/\/ppdegalicia.com\/es\/62894\/","name":"O Parlamento pide ao Goberno de Espa\u00f1a a dotaci\u00f3n dos trens Avril suficientes para garantir que o AVE chegue a todas as cidades galegas - PP de Galicia","isPartOf":{"@id":"https:\/\/ppdegalicia.com\/es\/#website"},"primaryImageOfPage":{"@id":"https:\/\/ppdegalicia.com\/es\/62894\/#primaryimage"},"image":{"@id":"https:\/\/ppdegalicia.com\/es\/62894\/#primaryimage"},"thumbnailUrl":"https:\/\/ppdegalicia.com\/wp-content\/uploads\/2024\/05\/WhatsApp-Image-2024-05-14-at-11.40.54-scaled.jpeg","datePublished":"2024-05-14T18:33:54+00:00","dateModified":"2024-05-14T18:34:51+00:00","description":"O Parlamento de Galicia aprobou hoxe por unanimidade a proposici\u00f3n non de lei do Grupo Popular a trav\u00e9s da que se demanda ao Goberno de Espa\u00f1a a dotaci\u00f3n, canto antes, dos trens Avril na Comunidade galega, en n\u00famero suficiente para garantir que o AVE chegue ao resto das cidades galegas e que ve\u00f1an acompa\u00f1ados dunha mellor oferta de frecuencias que garantan uns servizos de calidade e competitivos.","breadcrumb":{"@id":"https:\/\/ppdegalicia.com\/es\/62894\/#breadcrumb"},"inLanguage":"es","potentialAction":[{"@type":"ReadAction","target":["https:\/\/ppdegalicia.com\/es\/62894\/"]}]},{"@type":"ImageObject","inLanguage":"es","@id":"https:\/\/ppdegalicia.com\/es\/62894\/#primaryimage","url":"https:\/\/ppdegalicia.com\/wp-content\/uploads\/2024\/05\/WhatsApp-Image-2024-05-14-at-11.40.54-scaled.jpeg","contentUrl":"https:\/\/ppdegalicia.com\/wp-content\/uploads\/2024\/05\/WhatsApp-Image-2024-05-14-at-11.40.54-scaled.jpeg","width":2560,"height":1707},{"@type":"BreadcrumbList","@id":"https:\/\/ppdegalicia.com\/es\/62894\/#breadcrumb","itemListElement":[{"@type":"ListItem","position":1,"name":"Portada","item":"https:\/\/ppdegalicia.com\/es\/"},{"@type":"ListItem","position":2,"name":"O Parlamento pide ao Goberno de Espa\u00f1a a dotaci\u00f3n dos trens Avril suficientes para garantir que o AVE chegue a todas as cidades galegas"}]},{"@type":"WebSite","@id":"https:\/\/ppdegalicia.com\/es\/#website","url":"https:\/\/ppdegalicia.com\/es\/","name":"Partido Popular de Galicia","description":"Partido Popular de Galicia","publisher":{"@id":"https:\/\/ppdegalicia.com\/es\/#organization"},"alternateName":"PP de Galicia","potentialAction":[{"@type":"SearchAction","target":{"@type":"EntryPoint","urlTemplate":"https:\/\/ppdegalicia.com\/es\/?s={search_term_string}"},"query-input":{"@type":"PropertyValueSpecification","valueRequired":true,"valueName":"search_term_string"}}],"inLanguage":"es"},{"@type":"Organization","@id":"https:\/\/ppdegalicia.com\/es\/#organization","name":"Partido Popular de Galicia","alternateName":"PP de Galicia","url":"https:\/\/ppdegalicia.com\/es\/","logo":{"@type":"ImageObject","inLanguage":"es","@id":"https:\/\/ppdegalicia.com\/es\/#\/schema\/logo\/image\/","url":"https:\/\/ppdegalicia.com\/wp-content\/uploads\/2023\/04\/logoPP512.png","contentUrl":"https:\/\/ppdegalicia.com\/wp-content\/uploads\/2023\/04\/logoPP512.png","width":512,"height":512,"caption":"Partido Popular de Galicia"},"image":{"@id":"https:\/\/ppdegalicia.com\/es\/#\/schema\/logo\/image\/"},"sameAs":["https:\/\/www.instagram.com\/ppdegalicia\/","https:\/\/x.com\/ppdegalicia","https:\/\/www.tiktok.com\/@ppdegalicia","https:\/\/www.youtube.com\/user\/ppdegalicia"]},{"@type":"Person","@id":"https:\/\/ppdegalicia.com\/es\/#\/schema\/person\/bc9b46e59ebd34bf28611158c3867388","name":"ppdegaliciaedtis","image":{"@type":"ImageObject","inLanguage":"es","@id":"https:\/\/secure.gravatar.com\/avatar\/f9f8cf6e03df54a1b0d04a6b4b8e8c6bd63c10a439752e84d87a5385aefe2ced?s=96&d=mm&r=g","url":"https:\/\/secure.gravatar.com\/avatar\/f9f8cf6e03df54a1b0d04a6b4b8e8c6bd63c10a439752e84d87a5385aefe2ced?s=96&d=mm&r=g","contentUrl":"https:\/\/secure.gravatar.com\/avatar\/f9f8cf6e03df54a1b0d04a6b4b8e8c6bd63c10a439752e84d87a5385aefe2ced?s=96&d=mm&r=g","caption":"ppdegaliciaedtis"},"url":"https:\/\/ppdegalicia.com\/es\/author\/ppdegaliciaedits\/"}]}},"_links":{"self":[{"href":"https:\/\/ppdegalicia.com\/es\/wp-json\/wp\/v2\/posts\/62894","targetHints":{"allow":["GET"]}}],"collection":[{"href":"https:\/\/ppdegalicia.com\/es\/wp-json\/wp\/v2\/posts"}],"about":[{"href":"https:\/\/ppdegalicia.com\/es\/wp-json\/wp\/v2\/types\/post"}],"author":[{"embeddable":true,"href":"https:\/\/ppdegalicia.com\/es\/wp-json\/wp\/v2\/users\/40"}],"replies":[{"embeddable":true,"href":"https:\/\/ppdegalicia.com\/es\/wp-json\/wp\/v2\/comments?post=62894"}],"version-history":[{"count":3,"href":"https:\/\/ppdegalicia.com\/es\/wp-json\/wp\/v2\/posts\/62894\/revisions"}],"predecessor-version":[{"id":62899,"href":"https:\/\/ppdegalicia.com\/es\/wp-json\/wp\/v2\/posts\/62894\/revisions\/62899"}],"wp:featuredmedia":[{"embeddable":true,"href":"https:\/\/ppdegalicia.com\/es\/wp-json\/wp\/v2\/media\/62895"}],"wp:attachment":[{"href":"https:\/\/ppdegalicia.com\/es\/wp-json\/wp\/v2\/media?parent=62894"}],"wp:term":[{"taxonomy":"category","embeddable":true,"href":"https:\/\/ppdegalicia.com\/es\/wp-json\/wp\/v2\/categories?post=62894"},{"taxonomy":"post_tag","embeddable":true,"href":"https:\/\/ppdegalicia.com\/es\/wp-json\/wp\/v2\/tags?post=62894"}],"curies":[{"name":"wp","href":"https:\/\/api.w.org\/{rel}","templated":true}]}}