{"id":62913,"date":"2024-05-18T10:21:06","date_gmt":"2024-05-18T09:21:06","guid":{"rendered":"https:\/\/ppdegalicia.com\/?p=62913"},"modified":"2024-05-19T10:23:51","modified_gmt":"2024-05-19T09:23:51","slug":"o-ppdeg-reivindica-o-modelo-de-convivencia-linguistica-con-sentidino-harmonia-e-liberdade-de-galicia-fronte-ao-sectarismo-e-a-polarizacion","status":"publish","type":"post","link":"https:\/\/ppdegalicia.com\/es\/o-ppdeg-reivindica-o-modelo-de-convivencia-linguistica-con-sentidino-harmonia-e-liberdade-de-galicia-fronte-ao-sectarismo-e-a-polarizacion\/","title":{"rendered":"O PPdeG reivindica o modelo de convivencia ling\u00fc\u00edstica \u201ccon sentidi\u00f1o, harmon\u00eda e liberdade\u201d de Galicia fronte ao \u201csectarismo e a polarizaci\u00f3n\u201d"},"content":{"rendered":"<p style=\"font-weight: 400;\">O Partido Popular de Galicia reivindicou hoxe nun acto con motivo da conmemoraci\u00f3n do D\u00eda das Letras Galegas o modelo de \u201cnormalidade e convivencia ling\u00fc\u00edstica\u201d da nosa Comunidade, defendendo o \u201csentidi\u00f1o, a harmon\u00eda e a liberdade\u201d fronte a aqueles que queren \u201cimpo\u00f1er o sectarismo e a imposici\u00f3n\u201d.<\/p>\n<p style=\"font-weight: 400;\">A secretaria xeral do PPdeG, Paula Prado, amosou durante a s\u00faa intervenci\u00f3n o orgullo de que o galego siga a ser a lingua m\u00e1is falada en Galicia e subli\u00f1ou que se trata dunha lingua que forma parte do ADN do seu partido: \u201cO PPdeG constru\u00eduse en galego e, tam\u00e9n en galego, seguir\u00e1 medrando\u201d.<\/p>\n<p style=\"font-weight: 400;\">De feito, asegurou que a pol\u00edtica ling\u00fc\u00edstica promovida desde o Goberno galego ao longo destes anos contribu\u00edu a que \u201cse lograse incrementar o n\u00famero de falantes da nosa lingua e, ao mesmo tempo, converter a nosa terra nun exemplo de convivencia ling\u00fc\u00edstica\u201d.<\/p>\n<p style=\"font-weight: 400;\">\u201cEn Galicia non hai imposici\u00f3ns e por iso defendemos o galego con sentidi\u00f1o e afastados do sectarismo: co sentidi\u00f1o que achega o noso modelo de biling\u00fcismo cordial que queren a maior\u00eda dos galegos e afastados do sectarismo e a polarizaci\u00f3n daqueles que queren converter a nosa lingua nunha arma pol\u00edtica\u201d, afirmou.<\/p>\n<p style=\"font-weight: 400;\">A n\u00famero dous dos populares galegos subli\u00f1ou que os datos avalan que \u201csomos unha Comunidade Aut\u00f3noma con d\u00faas linguas que os cidad\u00e1ns co\u00f1ecen e escollen falar con harmon\u00eda e liberdade\u201d e por iso, engadiu, o PPdeG ser\u00e1 sempre o \u00fanico partido que garanta a defenda este \u201cmodelo de \u00e9xito que forma parte do noso patrimonio cultural e que queremos que siga vixente\u201d.<\/p>\n<p style=\"font-weight: 400;\">\u201cA nosa normalidade e convivencia ling\u00fc\u00edstica son tam\u00e9n un exemplo ante Europa, e estamos seguros de que os galegos o valorar\u00e1n nas elecci\u00f3ns do 9 de xu\u00f1o\u201d,\u00a0apuntou en clave europea.<\/p>\n<p style=\"font-weight: 400;\"><strong><u>L\u00d3PEZ CAMPOS: \u201cCONSTRUAMOS UNHA GALICIA ONDE CAIBAMOS TODOS\u201d<\/u><\/strong><\/p>\n<p style=\"font-weight: 400;\">Pola s\u00faa banda, o responsable de Cultura, Lingua e Mocidade do Goberno galego, Jos\u00e9 L\u00f3pez Campos, quixo destacar na s\u00faa intervenci\u00f3n que\u00a0\u201cse o PPdeG \u00e9 o partido que m\u00e1is se parece a Galicia \u00e9 porque falamos o mesmo idioma que os galegos\u201d.<\/p>\n<p style=\"font-weight: 400;\">Neste sentido explicou que a clave do \u00e9xito desta simbiose radica na \u201ctransversalidade\u201d dunha lingua que permite que todas as persoas, con independencia do seu x\u00e9nero, idade ou procedencia poida entenderse. E este, engadiu, \u00e9 o cami\u00f1o que se debe seguir.<\/p>\n<p style=\"font-weight: 400;\">\u201cDebemos seguir constru\u00edndo unha Galicia onde caibamos todos, sen exclusi\u00f3ns, e facelo desde a moderaci\u00f3n e o respecto\u201d, subli\u00f1ou facendo un chamamento a seguir o exemplo de vitalidade e compromiso coa lingua que nos deixou Lu\u00edsa Villalta.<\/p>\n<p style=\"font-weight: 400;\"><strong><u>M\u00daSICA DE VIOL\u00cdN E POEMAS PARA HOMENAXEAR A LU\u00cdSA VILLALTA<\/u><\/strong><\/p>\n<p style=\"font-weight: 400;\">O acto estivo conducido polo coordinador de Cultura do PPdeG,\u00a0<strong>Daniel Chapela<\/strong>, e contou coa participaci\u00f3n dunha parella de violinistas encargados de interpretar en directo d\u00faas das pezas favoritas da homenaxeada este ano no D\u00eda das Letras Galegas.<\/p>\n<p style=\"font-weight: 400;\">Logo da intervenci\u00f3n do presidente local do PP da Coru\u00f1a,\u00a0<strong>Miguel Lorenzo<\/strong>, deuse lectura a catro poemas de Lu\u00edsa Villalta por parte dos candidatos do PP \u00e1s elecci\u00f3ns europeas\u00a0<strong>Francisco Mill\u00e1n Mon<\/strong>\u00a0e\u00a0<strong>Pablo G\u00f3mez Cedr\u00f3n<\/strong>, e os deputados auton\u00f3micos do PPdeG\u00a0<strong>Carmen Pomar<\/strong>\u00a0e\u00a0<strong>Jos\u00e9 Luis Ferro<\/strong>.<\/p>\n<p style=\"font-weight: 400;\">A xornada conclu\u00edu coa entrega dun ramo de flores por parte de Paula Prado e Jos\u00e9 L\u00f3pez Campos \u00e1 nai, a irm\u00e1 e o sobri\u00f1o da homenaxeada, que serviu para po\u00f1er o broche ao acto e trasladar o orgullo e o agradecemento do PPdeG pola contribuci\u00f3n de Lu\u00edsa Villalta ao engrandecemento da lingua galega.<\/p>\n","protected":false},"excerpt":{"rendered":"<p>O Partido Popular de Galicia reivindicou hoxe nun acto con motivo da conmemoraci\u00f3n do D\u00eda das Letras Galegas o modelo de \u201cnormalidade e convivencia ling\u00fc\u00edstica\u201d da nosa Comunidade, defendendo o \u201csentidi\u00f1o, a harmon\u00eda e a liberdade\u201d fronte a aqueles que queren \u201cimpo\u00f1er o sectarismo e a imposici\u00f3n\u201d. A secretaria xeral do PPdeG, Paula Prado, amosou [&hellip;]<\/p>\n","protected":false},"author":40,"featured_media":62914,"comment_status":"open","ping_status":"open","sticky":false,"template":"","format":"standard","meta":{"_acf_changed":false,"footnotes":""},"categories":[1],"tags":[],"class_list":["post-62913","post","type-post","status-publish","format-standard","has-post-thumbnail","hentry","category-pp-de-galicia"],"acf":[],"yoast_head":"<!-- This site is optimized with the Yoast SEO plugin v27.3 - https:\/\/yoast.com\/product\/yoast-seo-wordpress\/ -->\n<title>O PPdeG reivindica o modelo de convivencia ling\u00fc\u00edstica \u201ccon sentidi\u00f1o, harmon\u00eda e liberdade\u201d de Galicia fronte ao \u201csectarismo e a polarizaci\u00f3n\u201d - PP de Galicia<\/title>\n<meta name=\"description\" content=\"O Partido Popular de Galicia reivindicou hoxe nun acto con motivo da conmemoraci\u00f3n do D\u00eda das Letras Galegas o modelo de \u201cnormalidade e convivencia ling\u00fc\u00edstica\u201d da nosa Comunidade, defendendo o \u201csentidi\u00f1o, a harmon\u00eda e a liberdade\u201d fronte a aqueles que queren \u201cimpo\u00f1er o sectarismo e a imposici\u00f3n\u201d.\" \/>\n<meta name=\"robots\" content=\"index, follow, max-snippet:-1, max-image-preview:large, max-video-preview:-1\" \/>\n<link rel=\"canonical\" href=\"https:\/\/ppdegalicia.com\/es\/o-ppdeg-reivindica-o-modelo-de-convivencia-linguistica-con-sentidino-harmonia-e-liberdade-de-galicia-fronte-ao-sectarismo-e-a-polarizacion\/\" \/>\n<meta property=\"og:locale\" content=\"es_ES\" \/>\n<meta property=\"og:type\" content=\"article\" \/>\n<meta property=\"og:title\" content=\"O PPdeG reivindica o modelo de convivencia ling\u00fc\u00edstica \u201ccon sentidi\u00f1o, harmon\u00eda e liberdade\u201d de Galicia fronte ao \u201csectarismo e a polarizaci\u00f3n\u201d - PP de Galicia\" \/>\n<meta property=\"og:description\" content=\"O Partido Popular de Galicia reivindicou hoxe nun acto con motivo da conmemoraci\u00f3n do D\u00eda das Letras Galegas o modelo de \u201cnormalidade e convivencia ling\u00fc\u00edstica\u201d da nosa Comunidade, defendendo o \u201csentidi\u00f1o, a harmon\u00eda e a liberdade\u201d fronte a aqueles que queren \u201cimpo\u00f1er o sectarismo e a imposici\u00f3n\u201d.\" \/>\n<meta property=\"og:url\" content=\"https:\/\/ppdegalicia.com\/es\/o-ppdeg-reivindica-o-modelo-de-convivencia-linguistica-con-sentidino-harmonia-e-liberdade-de-galicia-fronte-ao-sectarismo-e-a-polarizacion\/\" \/>\n<meta property=\"og:site_name\" content=\"PP de Galicia\" \/>\n<meta property=\"article:publisher\" content=\"https:\/\/www.instagram.com\/ppdegalicia\/\" \/>\n<meta property=\"article:published_time\" content=\"2024-05-18T09:21:06+00:00\" \/>\n<meta property=\"article:modified_time\" content=\"2024-05-19T09:23:51+00:00\" \/>\n<meta property=\"og:image\" content=\"https:\/\/ppdegalicia.com\/wp-content\/uploads\/2024\/05\/20240518_PPdeG_DiaLetrasGalegas_3-scaled.jpg\" \/>\n\t<meta property=\"og:image:width\" content=\"2560\" \/>\n\t<meta property=\"og:image:height\" content=\"1707\" \/>\n\t<meta property=\"og:image:type\" content=\"image\/jpeg\" \/>\n<meta name=\"author\" content=\"ppdegaliciaedtis\" \/>\n<meta name=\"twitter:card\" content=\"summary_large_image\" \/>\n<meta name=\"twitter:creator\" content=\"@ppdegalicia\" \/>\n<meta name=\"twitter:site\" content=\"@ppdegalicia\" \/>\n<meta name=\"twitter:label1\" content=\"Escrito por\" \/>\n\t<meta name=\"twitter:data1\" content=\"ppdegaliciaedtis\" \/>\n\t<meta name=\"twitter:label2\" content=\"Tiempo de lectura\" \/>\n\t<meta name=\"twitter:data2\" content=\"4 minutos\" \/>\n<script type=\"application\/ld+json\" class=\"yoast-schema-graph\">{\"@context\":\"https:\\\/\\\/schema.org\",\"@graph\":[{\"@type\":\"Article\",\"@id\":\"https:\\\/\\\/ppdegalicia.com\\\/es\\\/o-ppdeg-reivindica-o-modelo-de-convivencia-linguistica-con-sentidino-harmonia-e-liberdade-de-galicia-fronte-ao-sectarismo-e-a-polarizacion\\\/#article\",\"isPartOf\":{\"@id\":\"https:\\\/\\\/ppdegalicia.com\\\/es\\\/o-ppdeg-reivindica-o-modelo-de-convivencia-linguistica-con-sentidino-harmonia-e-liberdade-de-galicia-fronte-ao-sectarismo-e-a-polarizacion\\\/\"},\"author\":{\"name\":\"ppdegaliciaedtis\",\"@id\":\"https:\\\/\\\/ppdegalicia.com\\\/es\\\/#\\\/schema\\\/person\\\/bc9b46e59ebd34bf28611158c3867388\"},\"headline\":\"O PPdeG reivindica o modelo de convivencia ling\u00fc\u00edstica \u201ccon sentidi\u00f1o, harmon\u00eda e liberdade\u201d de Galicia fronte ao \u201csectarismo e a polarizaci\u00f3n\u201d\",\"datePublished\":\"2024-05-18T09:21:06+00:00\",\"dateModified\":\"2024-05-19T09:23:51+00:00\",\"mainEntityOfPage\":{\"@id\":\"https:\\\/\\\/ppdegalicia.com\\\/es\\\/o-ppdeg-reivindica-o-modelo-de-convivencia-linguistica-con-sentidino-harmonia-e-liberdade-de-galicia-fronte-ao-sectarismo-e-a-polarizacion\\\/\"},\"wordCount\":655,\"commentCount\":0,\"publisher\":{\"@id\":\"https:\\\/\\\/ppdegalicia.com\\\/es\\\/#organization\"},\"image\":{\"@id\":\"https:\\\/\\\/ppdegalicia.com\\\/es\\\/o-ppdeg-reivindica-o-modelo-de-convivencia-linguistica-con-sentidino-harmonia-e-liberdade-de-galicia-fronte-ao-sectarismo-e-a-polarizacion\\\/#primaryimage\"},\"thumbnailUrl\":\"https:\\\/\\\/ppdegalicia.com\\\/wp-content\\\/uploads\\\/2024\\\/05\\\/20240518_PPdeG_DiaLetrasGalegas_3-scaled.jpg\",\"articleSection\":[\"PP de Galicia\"],\"inLanguage\":\"es\",\"potentialAction\":[{\"@type\":\"CommentAction\",\"name\":\"Comment\",\"target\":[\"https:\\\/\\\/ppdegalicia.com\\\/es\\\/o-ppdeg-reivindica-o-modelo-de-convivencia-linguistica-con-sentidino-harmonia-e-liberdade-de-galicia-fronte-ao-sectarismo-e-a-polarizacion\\\/#respond\"]}]},{\"@type\":\"WebPage\",\"@id\":\"https:\\\/\\\/ppdegalicia.com\\\/es\\\/o-ppdeg-reivindica-o-modelo-de-convivencia-linguistica-con-sentidino-harmonia-e-liberdade-de-galicia-fronte-ao-sectarismo-e-a-polarizacion\\\/\",\"url\":\"https:\\\/\\\/ppdegalicia.com\\\/es\\\/o-ppdeg-reivindica-o-modelo-de-convivencia-linguistica-con-sentidino-harmonia-e-liberdade-de-galicia-fronte-ao-sectarismo-e-a-polarizacion\\\/\",\"name\":\"O PPdeG reivindica o modelo de convivencia ling\u00fc\u00edstica \u201ccon sentidi\u00f1o, harmon\u00eda e liberdade\u201d de Galicia fronte ao \u201csectarismo e a polarizaci\u00f3n\u201d - PP de Galicia\",\"isPartOf\":{\"@id\":\"https:\\\/\\\/ppdegalicia.com\\\/es\\\/#website\"},\"primaryImageOfPage\":{\"@id\":\"https:\\\/\\\/ppdegalicia.com\\\/es\\\/o-ppdeg-reivindica-o-modelo-de-convivencia-linguistica-con-sentidino-harmonia-e-liberdade-de-galicia-fronte-ao-sectarismo-e-a-polarizacion\\\/#primaryimage\"},\"image\":{\"@id\":\"https:\\\/\\\/ppdegalicia.com\\\/es\\\/o-ppdeg-reivindica-o-modelo-de-convivencia-linguistica-con-sentidino-harmonia-e-liberdade-de-galicia-fronte-ao-sectarismo-e-a-polarizacion\\\/#primaryimage\"},\"thumbnailUrl\":\"https:\\\/\\\/ppdegalicia.com\\\/wp-content\\\/uploads\\\/2024\\\/05\\\/20240518_PPdeG_DiaLetrasGalegas_3-scaled.jpg\",\"datePublished\":\"2024-05-18T09:21:06+00:00\",\"dateModified\":\"2024-05-19T09:23:51+00:00\",\"description\":\"O Partido Popular de Galicia reivindicou hoxe nun acto con motivo da conmemoraci\u00f3n do D\u00eda das Letras Galegas o modelo de \u201cnormalidade e convivencia ling\u00fc\u00edstica\u201d da nosa Comunidade, defendendo o \u201csentidi\u00f1o, a harmon\u00eda e a liberdade\u201d fronte a aqueles que queren \u201cimpo\u00f1er o sectarismo e a imposici\u00f3n\u201d.\",\"breadcrumb\":{\"@id\":\"https:\\\/\\\/ppdegalicia.com\\\/es\\\/o-ppdeg-reivindica-o-modelo-de-convivencia-linguistica-con-sentidino-harmonia-e-liberdade-de-galicia-fronte-ao-sectarismo-e-a-polarizacion\\\/#breadcrumb\"},\"inLanguage\":\"es\",\"potentialAction\":[{\"@type\":\"ReadAction\",\"target\":[\"https:\\\/\\\/ppdegalicia.com\\\/es\\\/o-ppdeg-reivindica-o-modelo-de-convivencia-linguistica-con-sentidino-harmonia-e-liberdade-de-galicia-fronte-ao-sectarismo-e-a-polarizacion\\\/\"]}]},{\"@type\":\"ImageObject\",\"inLanguage\":\"es\",\"@id\":\"https:\\\/\\\/ppdegalicia.com\\\/es\\\/o-ppdeg-reivindica-o-modelo-de-convivencia-linguistica-con-sentidino-harmonia-e-liberdade-de-galicia-fronte-ao-sectarismo-e-a-polarizacion\\\/#primaryimage\",\"url\":\"https:\\\/\\\/ppdegalicia.com\\\/wp-content\\\/uploads\\\/2024\\\/05\\\/20240518_PPdeG_DiaLetrasGalegas_3-scaled.jpg\",\"contentUrl\":\"https:\\\/\\\/ppdegalicia.com\\\/wp-content\\\/uploads\\\/2024\\\/05\\\/20240518_PPdeG_DiaLetrasGalegas_3-scaled.jpg\",\"width\":2560,\"height\":1707},{\"@type\":\"BreadcrumbList\",\"@id\":\"https:\\\/\\\/ppdegalicia.com\\\/es\\\/o-ppdeg-reivindica-o-modelo-de-convivencia-linguistica-con-sentidino-harmonia-e-liberdade-de-galicia-fronte-ao-sectarismo-e-a-polarizacion\\\/#breadcrumb\",\"itemListElement\":[{\"@type\":\"ListItem\",\"position\":1,\"name\":\"Portada\",\"item\":\"https:\\\/\\\/ppdegalicia.com\\\/es\\\/\"},{\"@type\":\"ListItem\",\"position\":2,\"name\":\"O PPdeG reivindica o modelo de convivencia ling\u00fc\u00edstica \u201ccon sentidi\u00f1o, harmon\u00eda e liberdade\u201d de Galicia fronte ao \u201csectarismo e a polarizaci\u00f3n\u201d\"}]},{\"@type\":\"WebSite\",\"@id\":\"https:\\\/\\\/ppdegalicia.com\\\/es\\\/#website\",\"url\":\"https:\\\/\\\/ppdegalicia.com\\\/es\\\/\",\"name\":\"Partido Popular de Galicia\",\"description\":\"Partido Popular de Galicia\",\"publisher\":{\"@id\":\"https:\\\/\\\/ppdegalicia.com\\\/es\\\/#organization\"},\"alternateName\":\"PP de Galicia\",\"potentialAction\":[{\"@type\":\"SearchAction\",\"target\":{\"@type\":\"EntryPoint\",\"urlTemplate\":\"https:\\\/\\\/ppdegalicia.com\\\/es\\\/?s={search_term_string}\"},\"query-input\":{\"@type\":\"PropertyValueSpecification\",\"valueRequired\":true,\"valueName\":\"search_term_string\"}}],\"inLanguage\":\"es\"},{\"@type\":\"Organization\",\"@id\":\"https:\\\/\\\/ppdegalicia.com\\\/es\\\/#organization\",\"name\":\"Partido Popular de Galicia\",\"alternateName\":\"PP de Galicia\",\"url\":\"https:\\\/\\\/ppdegalicia.com\\\/es\\\/\",\"logo\":{\"@type\":\"ImageObject\",\"inLanguage\":\"es\",\"@id\":\"https:\\\/\\\/ppdegalicia.com\\\/es\\\/#\\\/schema\\\/logo\\\/image\\\/\",\"url\":\"https:\\\/\\\/ppdegalicia.com\\\/wp-content\\\/uploads\\\/2023\\\/04\\\/logoPP512.png\",\"contentUrl\":\"https:\\\/\\\/ppdegalicia.com\\\/wp-content\\\/uploads\\\/2023\\\/04\\\/logoPP512.png\",\"width\":512,\"height\":512,\"caption\":\"Partido Popular de Galicia\"},\"image\":{\"@id\":\"https:\\\/\\\/ppdegalicia.com\\\/es\\\/#\\\/schema\\\/logo\\\/image\\\/\"},\"sameAs\":[\"https:\\\/\\\/www.instagram.com\\\/ppdegalicia\\\/\",\"https:\\\/\\\/x.com\\\/ppdegalicia\",\"https:\\\/\\\/www.tiktok.com\\\/@ppdegalicia\",\"https:\\\/\\\/www.youtube.com\\\/user\\\/ppdegalicia\"]},{\"@type\":\"Person\",\"@id\":\"https:\\\/\\\/ppdegalicia.com\\\/es\\\/#\\\/schema\\\/person\\\/bc9b46e59ebd34bf28611158c3867388\",\"name\":\"ppdegaliciaedtis\",\"image\":{\"@type\":\"ImageObject\",\"inLanguage\":\"es\",\"@id\":\"https:\\\/\\\/secure.gravatar.com\\\/avatar\\\/f9f8cf6e03df54a1b0d04a6b4b8e8c6bd63c10a439752e84d87a5385aefe2ced?s=96&d=mm&r=g\",\"url\":\"https:\\\/\\\/secure.gravatar.com\\\/avatar\\\/f9f8cf6e03df54a1b0d04a6b4b8e8c6bd63c10a439752e84d87a5385aefe2ced?s=96&d=mm&r=g\",\"contentUrl\":\"https:\\\/\\\/secure.gravatar.com\\\/avatar\\\/f9f8cf6e03df54a1b0d04a6b4b8e8c6bd63c10a439752e84d87a5385aefe2ced?s=96&d=mm&r=g\",\"caption\":\"ppdegaliciaedtis\"},\"url\":\"https:\\\/\\\/ppdegalicia.com\\\/es\\\/author\\\/ppdegaliciaedits\\\/\"}]}<\/script>\n<!-- \/ Yoast SEO plugin. -->","yoast_head_json":{"title":"O PPdeG reivindica o modelo de convivencia ling\u00fc\u00edstica \u201ccon sentidi\u00f1o, harmon\u00eda e liberdade\u201d de Galicia fronte ao \u201csectarismo e a polarizaci\u00f3n\u201d - PP de Galicia","description":"O Partido Popular de Galicia reivindicou hoxe nun acto con motivo da conmemoraci\u00f3n do D\u00eda das Letras Galegas o modelo de \u201cnormalidade e convivencia ling\u00fc\u00edstica\u201d da nosa Comunidade, defendendo o \u201csentidi\u00f1o, a harmon\u00eda e a liberdade\u201d fronte a aqueles que queren \u201cimpo\u00f1er o sectarismo e a imposici\u00f3n\u201d.","robots":{"index":"index","follow":"follow","max-snippet":"max-snippet:-1","max-image-preview":"max-image-preview:large","max-video-preview":"max-video-preview:-1"},"canonical":"https:\/\/ppdegalicia.com\/es\/o-ppdeg-reivindica-o-modelo-de-convivencia-linguistica-con-sentidino-harmonia-e-liberdade-de-galicia-fronte-ao-sectarismo-e-a-polarizacion\/","og_locale":"es_ES","og_type":"article","og_title":"O PPdeG reivindica o modelo de convivencia ling\u00fc\u00edstica \u201ccon sentidi\u00f1o, harmon\u00eda e liberdade\u201d de Galicia fronte ao \u201csectarismo e a polarizaci\u00f3n\u201d - PP de Galicia","og_description":"O Partido Popular de Galicia reivindicou hoxe nun acto con motivo da conmemoraci\u00f3n do D\u00eda das Letras Galegas o modelo de \u201cnormalidade e convivencia ling\u00fc\u00edstica\u201d da nosa Comunidade, defendendo o \u201csentidi\u00f1o, a harmon\u00eda e a liberdade\u201d fronte a aqueles que queren \u201cimpo\u00f1er o sectarismo e a imposici\u00f3n\u201d.","og_url":"https:\/\/ppdegalicia.com\/es\/o-ppdeg-reivindica-o-modelo-de-convivencia-linguistica-con-sentidino-harmonia-e-liberdade-de-galicia-fronte-ao-sectarismo-e-a-polarizacion\/","og_site_name":"PP de Galicia","article_publisher":"https:\/\/www.instagram.com\/ppdegalicia\/","article_published_time":"2024-05-18T09:21:06+00:00","article_modified_time":"2024-05-19T09:23:51+00:00","og_image":[{"width":2560,"height":1707,"url":"https:\/\/ppdegalicia.com\/wp-content\/uploads\/2024\/05\/20240518_PPdeG_DiaLetrasGalegas_3-scaled.jpg","type":"image\/jpeg"}],"author":"ppdegaliciaedtis","twitter_card":"summary_large_image","twitter_creator":"@ppdegalicia","twitter_site":"@ppdegalicia","twitter_misc":{"Escrito por":"ppdegaliciaedtis","Tiempo de lectura":"4 minutos"},"schema":{"@context":"https:\/\/schema.org","@graph":[{"@type":"Article","@id":"https:\/\/ppdegalicia.com\/es\/o-ppdeg-reivindica-o-modelo-de-convivencia-linguistica-con-sentidino-harmonia-e-liberdade-de-galicia-fronte-ao-sectarismo-e-a-polarizacion\/#article","isPartOf":{"@id":"https:\/\/ppdegalicia.com\/es\/o-ppdeg-reivindica-o-modelo-de-convivencia-linguistica-con-sentidino-harmonia-e-liberdade-de-galicia-fronte-ao-sectarismo-e-a-polarizacion\/"},"author":{"name":"ppdegaliciaedtis","@id":"https:\/\/ppdegalicia.com\/es\/#\/schema\/person\/bc9b46e59ebd34bf28611158c3867388"},"headline":"O PPdeG reivindica o modelo de convivencia ling\u00fc\u00edstica \u201ccon sentidi\u00f1o, harmon\u00eda e liberdade\u201d de Galicia fronte ao \u201csectarismo e a polarizaci\u00f3n\u201d","datePublished":"2024-05-18T09:21:06+00:00","dateModified":"2024-05-19T09:23:51+00:00","mainEntityOfPage":{"@id":"https:\/\/ppdegalicia.com\/es\/o-ppdeg-reivindica-o-modelo-de-convivencia-linguistica-con-sentidino-harmonia-e-liberdade-de-galicia-fronte-ao-sectarismo-e-a-polarizacion\/"},"wordCount":655,"commentCount":0,"publisher":{"@id":"https:\/\/ppdegalicia.com\/es\/#organization"},"image":{"@id":"https:\/\/ppdegalicia.com\/es\/o-ppdeg-reivindica-o-modelo-de-convivencia-linguistica-con-sentidino-harmonia-e-liberdade-de-galicia-fronte-ao-sectarismo-e-a-polarizacion\/#primaryimage"},"thumbnailUrl":"https:\/\/ppdegalicia.com\/wp-content\/uploads\/2024\/05\/20240518_PPdeG_DiaLetrasGalegas_3-scaled.jpg","articleSection":["PP de Galicia"],"inLanguage":"es","potentialAction":[{"@type":"CommentAction","name":"Comment","target":["https:\/\/ppdegalicia.com\/es\/o-ppdeg-reivindica-o-modelo-de-convivencia-linguistica-con-sentidino-harmonia-e-liberdade-de-galicia-fronte-ao-sectarismo-e-a-polarizacion\/#respond"]}]},{"@type":"WebPage","@id":"https:\/\/ppdegalicia.com\/es\/o-ppdeg-reivindica-o-modelo-de-convivencia-linguistica-con-sentidino-harmonia-e-liberdade-de-galicia-fronte-ao-sectarismo-e-a-polarizacion\/","url":"https:\/\/ppdegalicia.com\/es\/o-ppdeg-reivindica-o-modelo-de-convivencia-linguistica-con-sentidino-harmonia-e-liberdade-de-galicia-fronte-ao-sectarismo-e-a-polarizacion\/","name":"O PPdeG reivindica o modelo de convivencia ling\u00fc\u00edstica \u201ccon sentidi\u00f1o, harmon\u00eda e liberdade\u201d de Galicia fronte ao \u201csectarismo e a polarizaci\u00f3n\u201d - PP de Galicia","isPartOf":{"@id":"https:\/\/ppdegalicia.com\/es\/#website"},"primaryImageOfPage":{"@id":"https:\/\/ppdegalicia.com\/es\/o-ppdeg-reivindica-o-modelo-de-convivencia-linguistica-con-sentidino-harmonia-e-liberdade-de-galicia-fronte-ao-sectarismo-e-a-polarizacion\/#primaryimage"},"image":{"@id":"https:\/\/ppdegalicia.com\/es\/o-ppdeg-reivindica-o-modelo-de-convivencia-linguistica-con-sentidino-harmonia-e-liberdade-de-galicia-fronte-ao-sectarismo-e-a-polarizacion\/#primaryimage"},"thumbnailUrl":"https:\/\/ppdegalicia.com\/wp-content\/uploads\/2024\/05\/20240518_PPdeG_DiaLetrasGalegas_3-scaled.jpg","datePublished":"2024-05-18T09:21:06+00:00","dateModified":"2024-05-19T09:23:51+00:00","description":"O Partido Popular de Galicia reivindicou hoxe nun acto con motivo da conmemoraci\u00f3n do D\u00eda das Letras Galegas o modelo de \u201cnormalidade e convivencia ling\u00fc\u00edstica\u201d da nosa Comunidade, defendendo o \u201csentidi\u00f1o, a harmon\u00eda e a liberdade\u201d fronte a aqueles que queren \u201cimpo\u00f1er o sectarismo e a imposici\u00f3n\u201d.","breadcrumb":{"@id":"https:\/\/ppdegalicia.com\/es\/o-ppdeg-reivindica-o-modelo-de-convivencia-linguistica-con-sentidino-harmonia-e-liberdade-de-galicia-fronte-ao-sectarismo-e-a-polarizacion\/#breadcrumb"},"inLanguage":"es","potentialAction":[{"@type":"ReadAction","target":["https:\/\/ppdegalicia.com\/es\/o-ppdeg-reivindica-o-modelo-de-convivencia-linguistica-con-sentidino-harmonia-e-liberdade-de-galicia-fronte-ao-sectarismo-e-a-polarizacion\/"]}]},{"@type":"ImageObject","inLanguage":"es","@id":"https:\/\/ppdegalicia.com\/es\/o-ppdeg-reivindica-o-modelo-de-convivencia-linguistica-con-sentidino-harmonia-e-liberdade-de-galicia-fronte-ao-sectarismo-e-a-polarizacion\/#primaryimage","url":"https:\/\/ppdegalicia.com\/wp-content\/uploads\/2024\/05\/20240518_PPdeG_DiaLetrasGalegas_3-scaled.jpg","contentUrl":"https:\/\/ppdegalicia.com\/wp-content\/uploads\/2024\/05\/20240518_PPdeG_DiaLetrasGalegas_3-scaled.jpg","width":2560,"height":1707},{"@type":"BreadcrumbList","@id":"https:\/\/ppdegalicia.com\/es\/o-ppdeg-reivindica-o-modelo-de-convivencia-linguistica-con-sentidino-harmonia-e-liberdade-de-galicia-fronte-ao-sectarismo-e-a-polarizacion\/#breadcrumb","itemListElement":[{"@type":"ListItem","position":1,"name":"Portada","item":"https:\/\/ppdegalicia.com\/es\/"},{"@type":"ListItem","position":2,"name":"O PPdeG reivindica o modelo de convivencia ling\u00fc\u00edstica \u201ccon sentidi\u00f1o, harmon\u00eda e liberdade\u201d de Galicia fronte ao \u201csectarismo e a polarizaci\u00f3n\u201d"}]},{"@type":"WebSite","@id":"https:\/\/ppdegalicia.com\/es\/#website","url":"https:\/\/ppdegalicia.com\/es\/","name":"Partido Popular de Galicia","description":"Partido Popular de Galicia","publisher":{"@id":"https:\/\/ppdegalicia.com\/es\/#organization"},"alternateName":"PP de Galicia","potentialAction":[{"@type":"SearchAction","target":{"@type":"EntryPoint","urlTemplate":"https:\/\/ppdegalicia.com\/es\/?s={search_term_string}"},"query-input":{"@type":"PropertyValueSpecification","valueRequired":true,"valueName":"search_term_string"}}],"inLanguage":"es"},{"@type":"Organization","@id":"https:\/\/ppdegalicia.com\/es\/#organization","name":"Partido Popular de Galicia","alternateName":"PP de Galicia","url":"https:\/\/ppdegalicia.com\/es\/","logo":{"@type":"ImageObject","inLanguage":"es","@id":"https:\/\/ppdegalicia.com\/es\/#\/schema\/logo\/image\/","url":"https:\/\/ppdegalicia.com\/wp-content\/uploads\/2023\/04\/logoPP512.png","contentUrl":"https:\/\/ppdegalicia.com\/wp-content\/uploads\/2023\/04\/logoPP512.png","width":512,"height":512,"caption":"Partido Popular de Galicia"},"image":{"@id":"https:\/\/ppdegalicia.com\/es\/#\/schema\/logo\/image\/"},"sameAs":["https:\/\/www.instagram.com\/ppdegalicia\/","https:\/\/x.com\/ppdegalicia","https:\/\/www.tiktok.com\/@ppdegalicia","https:\/\/www.youtube.com\/user\/ppdegalicia"]},{"@type":"Person","@id":"https:\/\/ppdegalicia.com\/es\/#\/schema\/person\/bc9b46e59ebd34bf28611158c3867388","name":"ppdegaliciaedtis","image":{"@type":"ImageObject","inLanguage":"es","@id":"https:\/\/secure.gravatar.com\/avatar\/f9f8cf6e03df54a1b0d04a6b4b8e8c6bd63c10a439752e84d87a5385aefe2ced?s=96&d=mm&r=g","url":"https:\/\/secure.gravatar.com\/avatar\/f9f8cf6e03df54a1b0d04a6b4b8e8c6bd63c10a439752e84d87a5385aefe2ced?s=96&d=mm&r=g","contentUrl":"https:\/\/secure.gravatar.com\/avatar\/f9f8cf6e03df54a1b0d04a6b4b8e8c6bd63c10a439752e84d87a5385aefe2ced?s=96&d=mm&r=g","caption":"ppdegaliciaedtis"},"url":"https:\/\/ppdegalicia.com\/es\/author\/ppdegaliciaedits\/"}]}},"_links":{"self":[{"href":"https:\/\/ppdegalicia.com\/es\/wp-json\/wp\/v2\/posts\/62913","targetHints":{"allow":["GET"]}}],"collection":[{"href":"https:\/\/ppdegalicia.com\/es\/wp-json\/wp\/v2\/posts"}],"about":[{"href":"https:\/\/ppdegalicia.com\/es\/wp-json\/wp\/v2\/types\/post"}],"author":[{"embeddable":true,"href":"https:\/\/ppdegalicia.com\/es\/wp-json\/wp\/v2\/users\/40"}],"replies":[{"embeddable":true,"href":"https:\/\/ppdegalicia.com\/es\/wp-json\/wp\/v2\/comments?post=62913"}],"version-history":[{"count":1,"href":"https:\/\/ppdegalicia.com\/es\/wp-json\/wp\/v2\/posts\/62913\/revisions"}],"predecessor-version":[{"id":62916,"href":"https:\/\/ppdegalicia.com\/es\/wp-json\/wp\/v2\/posts\/62913\/revisions\/62916"}],"wp:featuredmedia":[{"embeddable":true,"href":"https:\/\/ppdegalicia.com\/es\/wp-json\/wp\/v2\/media\/62914"}],"wp:attachment":[{"href":"https:\/\/ppdegalicia.com\/es\/wp-json\/wp\/v2\/media?parent=62913"}],"wp:term":[{"taxonomy":"category","embeddable":true,"href":"https:\/\/ppdegalicia.com\/es\/wp-json\/wp\/v2\/categories?post=62913"},{"taxonomy":"post_tag","embeddable":true,"href":"https:\/\/ppdegalicia.com\/es\/wp-json\/wp\/v2\/tags?post=62913"}],"curies":[{"name":"wp","href":"https:\/\/api.w.org\/{rel}","templated":true}]}}